{"id":41830,"date":"2011-06-08T04:00:59","date_gmt":"2011-06-08T02:00:59","guid":{"rendered":"http:\/\/somos.vicencianos.org\/blog\/2011\/06\/video-sobre-margarita-rutan\/"},"modified":"2011-06-08T04:00:59","modified_gmt":"2011-06-08T02:00:59","slug":"video-sobre-margarita-rutan","status":"publish","type":"post","link":"http:\/\/vincentians.com\/es\/video-sobre-margarita-rutan\/","title":{"rendered":"Video sobre Margarita Rutan"},"content":{"rendered":"<p>Margarita Rutan naci\u00f3 en Metz, Francia. Durante los 37 a\u00f1os de su vida  de Hija de la Caridad, Margarita puso su gran personalidad,  especializaci\u00f3n profesional y creatividad al servicio de los pobres y  enfermos. Durante los 15 a\u00f1os de servicio a los pacientes en el hospital  de Dax dio a todos un alegre testimonio de verdadera comunidad.<\/p>\n<p>Durante  los dif\u00edciles tiempos de la Revoluci\u00f3n francesa, Margarita vivi\u00f3 m\u00e1s  intensamente su don a Dios y a los dem\u00e1s, especialmente durante el  tiempo de su arresto y condena a muerte. Sor Margarita permaneci\u00f3 fiel a  sus convicciones religiosas como una roca en medio de la tormenta. Su  muerte es una brillante manifestaci\u00f3n de su deseo de seguir a Cristo  hasta el fin. Hoy el testimonio de su vida es como un faro que ilumina  nuestro camino y nuestra inquebrantable lealtad a Cristo.<\/p>\n<p>La  Iglesia, al reconocer su martirio, ha se\u00f1alado como fecha para la  Beatificaci\u00f3n de Sor Margarita RUTAN el 19 de junio de 2011 en Dax, en  la regi\u00f3n de Las Landas, Francia.<\/p>\n<div class=\"x-resp-embed x-is-video x-is-youtube\"><iframe loading=\"lazy\" title=\"Sr Marguerite Rutan_es\" width=\"846\" height=\"635\" src=\"https:\/\/www.youtube.com\/embed\/c1M6bUnPl8A?feature=oembed\" frameborder=\"0\" allow=\"accelerometer; autoplay; clipboard-write; encrypted-media; gyroscope; picture-in-picture; web-share\" referrerpolicy=\"strict-origin-when-cross-origin\" allowfullscreen><\/iframe><\/div>\n","protected":false},"excerpt":{"rendered":"<p>Margarita Rutan naci\u00f3 en Metz, Francia. Durante los 37 a\u00f1os de su vida de Hija de la Caridad, Margarita puso su gran personalidad, especializaci\u00f3n profesional y creatividad al servicio de los pobres y enfermos. Durante &#8230; <a href=\"http:\/\/vincentians.com\/es\/video-sobre-margarita-rutan\/\" class=\"more-link\">Read More<\/a><\/p>\n","protected":false},"author":4,"featured_media":41778,"comment_status":"open","ping_status":"open","sticky":false,"template":"","format":"standard","meta":{"jetpack_post_was_ever_published":false,"_jetpack_newsletter_access":"","_jetpack_dont_email_post_to_subs":false,"_jetpack_newsletter_tier_id":0,"_jetpack_memberships_contains_paywalled_content":false,"_jetpack_memberships_contains_paid_content":false,"footnotes":"","jetpack_publicize_message":"","jetpack_publicize_feature_enabled":true,"jetpack_social_post_already_shared":true,"jetpack_social_options":{"image_generator_settings":{"template":"highway","default_image_id":0,"font":"","enabled":false},"version":2}},"categories":[251],"tags":[],"class_list":["post-41830","post","type-post","status-publish","format-standard","has-post-thumbnail","hentry","category-margarita-rutan"],"yoast_head":"<!-- This site is optimized with the Yoast SEO plugin v26.3 - https:\/\/yoast.com\/wordpress\/plugins\/seo\/ -->\n<title>Video sobre Margarita Rutan - Somos Vicencianos<\/title>\n<meta name=\"robots\" content=\"index, follow, max-snippet:-1, max-image-preview:large, max-video-preview:-1\" \/>\n<link rel=\"canonical\" href=\"http:\/\/vincentians.com\/es\/video-sobre-margarita-rutan\/\" \/>\n<meta property=\"og:locale\" content=\"es_ES\" \/>\n<meta property=\"og:type\" content=\"article\" \/>\n<meta property=\"og:title\" content=\"Video sobre Margarita Rutan - Somos Vicencianos\" \/>\n<meta property=\"og:description\" content=\"Margarita Rutan naci\u00f3 en Metz, Francia. Durante los 37 a\u00f1os de su vida de Hija de la Caridad, Margarita puso su gran personalidad, especializaci\u00f3n profesional y creatividad al servicio de los pobres y enfermos. Durante ... Read More\" \/>\n<meta property=\"og:url\" content=\"http:\/\/vincentians.com\/es\/video-sobre-margarita-rutan\/\" \/>\n<meta property=\"og:site_name\" content=\"Somos Vicencianos\" \/>\n<meta property=\"article:publisher\" content=\"https:\/\/www.facebook.com\/WeAreVincentians\/\" \/>\n<meta property=\"article:author\" content=\"https:\/\/www.facebook.com\/JavierChento\" \/>\n<meta property=\"article:published_time\" content=\"2011-06-08T02:00:59+00:00\" \/>\n<meta name=\"author\" content=\"Francisco Javier Fern\u00e1ndez Chento\" \/>\n<meta name=\"twitter:card\" content=\"summary_large_image\" \/>\n<meta name=\"twitter:creator\" content=\"@https:\/\/twitter.com\/javierchento\" \/>\n<meta name=\"twitter:site\" content=\"@WeVincentians\" \/>\n<meta name=\"twitter:label1\" content=\"Escrito por\" \/>\n\t<meta name=\"twitter:data1\" content=\"Francisco Javier Fern\u00e1ndez Chento\" \/>\n\t<meta name=\"twitter:label2\" content=\"Tiempo de lectura\" \/>\n\t<meta name=\"twitter:data2\" content=\"1 minuto\" \/>\n<script type=\"application\/ld+json\" class=\"yoast-schema-graph\">{\"@context\":\"https:\/\/schema.org\",\"@graph\":[{\"@type\":\"Article\",\"@id\":\"http:\/\/vincentians.com\/es\/video-sobre-margarita-rutan\/#article\",\"isPartOf\":{\"@id\":\"http:\/\/vincentians.com\/es\/video-sobre-margarita-rutan\/\"},\"author\":{\"name\":\"Francisco Javier Fern\u00e1ndez Chento\",\"@id\":\"http:\/\/vincentians.com\/es\/#\/schema\/person\/9623ef4d9aa3b2dfb8c061f1499288f2\"},\"headline\":\"Video sobre Margarita Rutan\",\"datePublished\":\"2011-06-08T02:00:59+00:00\",\"mainEntityOfPage\":{\"@id\":\"http:\/\/vincentians.com\/es\/video-sobre-margarita-rutan\/\"},\"wordCount\":193,\"commentCount\":0,\"publisher\":{\"@id\":\"http:\/\/vincentians.com\/es\/#organization\"},\"image\":{\"@id\":\"http:\/\/vincentians.com\/es\/video-sobre-margarita-rutan\/#primaryimage\"},\"thumbnailUrl\":\"\",\"articleSection\":[\"Margarita Rutan\"],\"inLanguage\":\"es\",\"potentialAction\":[{\"@type\":\"CommentAction\",\"name\":\"Comment\",\"target\":[\"http:\/\/vincentians.com\/es\/video-sobre-margarita-rutan\/#respond\"]}]},{\"@type\":\"WebPage\",\"@id\":\"http:\/\/vincentians.com\/es\/video-sobre-margarita-rutan\/\",\"url\":\"http:\/\/vincentians.com\/es\/video-sobre-margarita-rutan\/\",\"name\":\"Video sobre Margarita Rutan - Somos Vicencianos\",\"isPartOf\":{\"@id\":\"http:\/\/vincentians.com\/es\/#website\"},\"primaryImageOfPage\":{\"@id\":\"http:\/\/vincentians.com\/es\/video-sobre-margarita-rutan\/#primaryimage\"},\"image\":{\"@id\":\"http:\/\/vincentians.com\/es\/video-sobre-margarita-rutan\/#primaryimage\"},\"thumbnailUrl\":\"\",\"datePublished\":\"2011-06-08T02:00:59+00:00\",\"breadcrumb\":{\"@id\":\"http:\/\/vincentians.com\/es\/video-sobre-margarita-rutan\/#breadcrumb\"},\"inLanguage\":\"es\",\"potentialAction\":[{\"@type\":\"ReadAction\",\"target\":[\"http:\/\/vincentians.com\/es\/video-sobre-margarita-rutan\/\"]}]},{\"@type\":\"ImageObject\",\"inLanguage\":\"es\",\"@id\":\"http:\/\/vincentians.com\/es\/video-sobre-margarita-rutan\/#primaryimage\",\"url\":\"\",\"contentUrl\":\"\"},{\"@type\":\"BreadcrumbList\",\"@id\":\"http:\/\/vincentians.com\/es\/video-sobre-margarita-rutan\/#breadcrumb\",\"itemListElement\":[{\"@type\":\"ListItem\",\"position\":1,\"name\":\"Portada\",\"item\":\"http:\/\/vincentians.com\/es\/\"},{\"@type\":\"ListItem\",\"position\":2,\"name\":\"Video sobre Margarita Rutan\"}]},{\"@type\":\"WebSite\",\"@id\":\"http:\/\/vincentians.com\/es\/#website\",\"url\":\"http:\/\/vincentians.com\/es\/\",\"name\":\"Somos Vicencianos\",\"description\":\"Know more to serve more\",\"publisher\":{\"@id\":\"http:\/\/vincentians.com\/es\/#organization\"},\"potentialAction\":[{\"@type\":\"SearchAction\",\"target\":{\"@type\":\"EntryPoint\",\"urlTemplate\":\"http:\/\/vincentians.com\/es\/?s={search_term_string}\"},\"query-input\":{\"@type\":\"PropertyValueSpecification\",\"valueRequired\":true,\"valueName\":\"search_term_string\"}}],\"inLanguage\":\"es\"},{\"@type\":\"Organization\",\"@id\":\"http:\/\/vincentians.com\/es\/#organization\",\"name\":\"The Vincentian Network\",\"url\":\"http:\/\/vincentians.com\/es\/\",\"logo\":{\"@type\":\"ImageObject\",\"inLanguage\":\"es\",\"@id\":\"http:\/\/vincentians.com\/es\/#\/schema\/logo\/image\/\",\"url\":\"https:\/\/i1.wp.com\/vincentians.com\/es\/wp-content\/uploads\/sites\/11\/2016\/06\/Vincentian-Network-logo-big.png?fit=778%2C778\",\"contentUrl\":\"https:\/\/i1.wp.com\/vincentians.com\/es\/wp-content\/uploads\/sites\/11\/2016\/06\/Vincentian-Network-logo-big.png?fit=778%2C778\",\"width\":778,\"height\":778,\"caption\":\"The Vincentian Network\"},\"image\":{\"@id\":\"http:\/\/vincentians.com\/es\/#\/schema\/logo\/image\/\"},\"sameAs\":[\"https:\/\/www.facebook.com\/WeAreVincentians\/\",\"https:\/\/x.com\/WeVincentians\"]},{\"@type\":\"Person\",\"@id\":\"http:\/\/vincentians.com\/es\/#\/schema\/person\/9623ef4d9aa3b2dfb8c061f1499288f2\",\"name\":\"Francisco Javier Fern\u00e1ndez Chento\",\"image\":{\"@type\":\"ImageObject\",\"inLanguage\":\"es\",\"@id\":\"http:\/\/vincentians.com\/es\/#\/schema\/person\/image\/\",\"url\":\"https:\/\/secure.gravatar.com\/avatar\/497d5cde87b4c3d097d0315953521681ba2cd523ee66e5077c3711f7021e65de?s=96&d=mm&r=g\",\"contentUrl\":\"https:\/\/secure.gravatar.com\/avatar\/497d5cde87b4c3d097d0315953521681ba2cd523ee66e5077c3711f7021e65de?s=96&d=mm&r=g\",\"caption\":\"Francisco Javier Fern\u00e1ndez Chento\"},\"description\":\"Director General y cofundador de La Red de Formaci\u00f3n Vicenciana. Javier es laico vicenciano, afiliado a la Congregaci\u00f3n de la Misi\u00f3n y miembro del Equipo de Misiones Populares de la provincia can\u00f3nica de Zaragoza (Espa\u00f1a) de la Congregaci\u00f3n de la Misi\u00f3n. Graduado en la Universidad Oberta de Catalunya con cuatro grados (Asistente de direcci\u00f3n, Gesti\u00f3n Administrativa, Recursos Humanos y Contabilidad Avanzada). Bil\u00edng\u00fce Espa\u00f1ol\/Ingl\u00e9s. gestiona y mantiene varias p\u00e1ginas web cristianas y vicencianas, incluida including La Red de Formaci\u00f3n Vicenciana, de la que es cofundador. Actualmente es responsable del \u00e1rea de Espa\u00f1ol de .famvin, la Red de Noticias de la Familia Vicenciana. Tambi\u00e9n es m\u00fasico cat\u00f3lico y ha editado varios discos. Es Director General y cofundador de Trovador, una reconocida compa\u00f1\u00eda discogr\u00e1fica critiana de Espa\u00f1a. Trabaja en las Tecnolog\u00edas de la Informaci\u00f3n, ofreciendo servicios de alojamiento, dise\u00f1o y mantenimiento Web, as\u00ed como asesoramiento, formaci\u00f3n y soluciones inform\u00e1ticas, gesti\u00f3n documental y digitalizaci\u00f3n de textos, edici\u00f3n y maquetaci\u00f3n de libros, revistas, flyers, etc.\",\"sameAs\":[\"http:\/\/chento.org\",\"https:\/\/www.facebook.com\/JavierChento\",\"https:\/\/x.com\/https:\/\/twitter.com\/javierchento\"],\"url\":\"http:\/\/vincentians.com\/es\/author\/chento\/\"}]}<\/script>\n<!-- \/ Yoast SEO plugin. -->","yoast_head_json":{"title":"Video sobre Margarita Rutan - Somos Vicencianos","robots":{"index":"index","follow":"follow","max-snippet":"max-snippet:-1","max-image-preview":"max-image-preview:large","max-video-preview":"max-video-preview:-1"},"canonical":"http:\/\/vincentians.com\/es\/video-sobre-margarita-rutan\/","og_locale":"es_ES","og_type":"article","og_title":"Video sobre Margarita Rutan - Somos Vicencianos","og_description":"Margarita Rutan naci\u00f3 en Metz, Francia. Durante los 37 a\u00f1os de su vida de Hija de la Caridad, Margarita puso su gran personalidad, especializaci\u00f3n profesional y creatividad al servicio de los pobres y enfermos. Durante ... Read More","og_url":"http:\/\/vincentians.com\/es\/video-sobre-margarita-rutan\/","og_site_name":"Somos Vicencianos","article_publisher":"https:\/\/www.facebook.com\/WeAreVincentians\/","article_author":"https:\/\/www.facebook.com\/JavierChento","article_published_time":"2011-06-08T02:00:59+00:00","author":"Francisco Javier Fern\u00e1ndez Chento","twitter_card":"summary_large_image","twitter_creator":"@https:\/\/twitter.com\/javierchento","twitter_site":"@WeVincentians","twitter_misc":{"Escrito por":"Francisco Javier Fern\u00e1ndez Chento","Tiempo de lectura":"1 minuto"},"schema":{"@context":"https:\/\/schema.org","@graph":[{"@type":"Article","@id":"http:\/\/vincentians.com\/es\/video-sobre-margarita-rutan\/#article","isPartOf":{"@id":"http:\/\/vincentians.com\/es\/video-sobre-margarita-rutan\/"},"author":{"name":"Francisco Javier Fern\u00e1ndez Chento","@id":"http:\/\/vincentians.com\/es\/#\/schema\/person\/9623ef4d9aa3b2dfb8c061f1499288f2"},"headline":"Video sobre Margarita Rutan","datePublished":"2011-06-08T02:00:59+00:00","mainEntityOfPage":{"@id":"http:\/\/vincentians.com\/es\/video-sobre-margarita-rutan\/"},"wordCount":193,"commentCount":0,"publisher":{"@id":"http:\/\/vincentians.com\/es\/#organization"},"image":{"@id":"http:\/\/vincentians.com\/es\/video-sobre-margarita-rutan\/#primaryimage"},"thumbnailUrl":"","articleSection":["Margarita Rutan"],"inLanguage":"es","potentialAction":[{"@type":"CommentAction","name":"Comment","target":["http:\/\/vincentians.com\/es\/video-sobre-margarita-rutan\/#respond"]}]},{"@type":"WebPage","@id":"http:\/\/vincentians.com\/es\/video-sobre-margarita-rutan\/","url":"http:\/\/vincentians.com\/es\/video-sobre-margarita-rutan\/","name":"Video sobre Margarita Rutan - Somos Vicencianos","isPartOf":{"@id":"http:\/\/vincentians.com\/es\/#website"},"primaryImageOfPage":{"@id":"http:\/\/vincentians.com\/es\/video-sobre-margarita-rutan\/#primaryimage"},"image":{"@id":"http:\/\/vincentians.com\/es\/video-sobre-margarita-rutan\/#primaryimage"},"thumbnailUrl":"","datePublished":"2011-06-08T02:00:59+00:00","breadcrumb":{"@id":"http:\/\/vincentians.com\/es\/video-sobre-margarita-rutan\/#breadcrumb"},"inLanguage":"es","potentialAction":[{"@type":"ReadAction","target":["http:\/\/vincentians.com\/es\/video-sobre-margarita-rutan\/"]}]},{"@type":"ImageObject","inLanguage":"es","@id":"http:\/\/vincentians.com\/es\/video-sobre-margarita-rutan\/#primaryimage","url":"","contentUrl":""},{"@type":"BreadcrumbList","@id":"http:\/\/vincentians.com\/es\/video-sobre-margarita-rutan\/#breadcrumb","itemListElement":[{"@type":"ListItem","position":1,"name":"Portada","item":"http:\/\/vincentians.com\/es\/"},{"@type":"ListItem","position":2,"name":"Video sobre Margarita Rutan"}]},{"@type":"WebSite","@id":"http:\/\/vincentians.com\/es\/#website","url":"http:\/\/vincentians.com\/es\/","name":"Somos Vicencianos","description":"Know more to serve more","publisher":{"@id":"http:\/\/vincentians.com\/es\/#organization"},"potentialAction":[{"@type":"SearchAction","target":{"@type":"EntryPoint","urlTemplate":"http:\/\/vincentians.com\/es\/?s={search_term_string}"},"query-input":{"@type":"PropertyValueSpecification","valueRequired":true,"valueName":"search_term_string"}}],"inLanguage":"es"},{"@type":"Organization","@id":"http:\/\/vincentians.com\/es\/#organization","name":"The Vincentian Network","url":"http:\/\/vincentians.com\/es\/","logo":{"@type":"ImageObject","inLanguage":"es","@id":"http:\/\/vincentians.com\/es\/#\/schema\/logo\/image\/","url":"https:\/\/i1.wp.com\/vincentians.com\/es\/wp-content\/uploads\/sites\/11\/2016\/06\/Vincentian-Network-logo-big.png?fit=778%2C778","contentUrl":"https:\/\/i1.wp.com\/vincentians.com\/es\/wp-content\/uploads\/sites\/11\/2016\/06\/Vincentian-Network-logo-big.png?fit=778%2C778","width":778,"height":778,"caption":"The Vincentian Network"},"image":{"@id":"http:\/\/vincentians.com\/es\/#\/schema\/logo\/image\/"},"sameAs":["https:\/\/www.facebook.com\/WeAreVincentians\/","https:\/\/x.com\/WeVincentians"]},{"@type":"Person","@id":"http:\/\/vincentians.com\/es\/#\/schema\/person\/9623ef4d9aa3b2dfb8c061f1499288f2","name":"Francisco Javier Fern\u00e1ndez Chento","image":{"@type":"ImageObject","inLanguage":"es","@id":"http:\/\/vincentians.com\/es\/#\/schema\/person\/image\/","url":"https:\/\/secure.gravatar.com\/avatar\/497d5cde87b4c3d097d0315953521681ba2cd523ee66e5077c3711f7021e65de?s=96&d=mm&r=g","contentUrl":"https:\/\/secure.gravatar.com\/avatar\/497d5cde87b4c3d097d0315953521681ba2cd523ee66e5077c3711f7021e65de?s=96&d=mm&r=g","caption":"Francisco Javier Fern\u00e1ndez Chento"},"description":"Director General y cofundador de La Red de Formaci\u00f3n Vicenciana. Javier es laico vicenciano, afiliado a la Congregaci\u00f3n de la Misi\u00f3n y miembro del Equipo de Misiones Populares de la provincia can\u00f3nica de Zaragoza (Espa\u00f1a) de la Congregaci\u00f3n de la Misi\u00f3n. Graduado en la Universidad Oberta de Catalunya con cuatro grados (Asistente de direcci\u00f3n, Gesti\u00f3n Administrativa, Recursos Humanos y Contabilidad Avanzada). Bil\u00edng\u00fce Espa\u00f1ol\/Ingl\u00e9s. gestiona y mantiene varias p\u00e1ginas web cristianas y vicencianas, incluida including La Red de Formaci\u00f3n Vicenciana, de la que es cofundador. Actualmente es responsable del \u00e1rea de Espa\u00f1ol de .famvin, la Red de Noticias de la Familia Vicenciana. Tambi\u00e9n es m\u00fasico cat\u00f3lico y ha editado varios discos. Es Director General y cofundador de Trovador, una reconocida compa\u00f1\u00eda discogr\u00e1fica critiana de Espa\u00f1a. Trabaja en las Tecnolog\u00edas de la Informaci\u00f3n, ofreciendo servicios de alojamiento, dise\u00f1o y mantenimiento Web, as\u00ed como asesoramiento, formaci\u00f3n y soluciones inform\u00e1ticas, gesti\u00f3n documental y digitalizaci\u00f3n de textos, edici\u00f3n y maquetaci\u00f3n de libros, revistas, flyers, etc.","sameAs":["http:\/\/chento.org","https:\/\/www.facebook.com\/JavierChento","https:\/\/x.com\/https:\/\/twitter.com\/javierchento"],"url":"http:\/\/vincentians.com\/es\/author\/chento\/"}]}},"jetpack_publicize_connections":[],"jetpack_featured_media_url":"","jetpack_sharing_enabled":true,"jetpack_shortlink":"https:\/\/wp.me\/p7ETMF-aSG","jetpack-related-posts":[{"id":119586,"url":"http:\/\/vincentians.com\/es\/margarita-rutan-la-palabra-de-dios-luz-y-fuerza-en-la-vida\/","url_meta":{"origin":41830,"position":0},"title":"Margarita Rutan: la Palabra de Dios, luz y fuerza en la vida","author":"Francisco Javier Fern\u00e1ndez Chento","date":"11\/04\/2013","format":false,"excerpt":"Introducci\u00f3n En 1756, Margarita Rutan entra en la Compa\u00f1\u00eda de las Hijas de la Caridad para estar presente en los lugares donde la vida es precaria y est\u00e1 amenazada, para servir y estar cerca de los que sufren y de aquellos a quienes la historia margina o excluye. A ejemplo\u2026","rel":"","context":"En \u00abMargarita Rutan\u00bb","block_context":{"text":"Margarita Rutan","link":"http:\/\/vincentians.com\/es\/category\/la-familia-vicenciana\/la-familia-vicenciana-en-los-altares\/beatos\/margarita-rutan\/"},"img":{"alt_text":"Margarita Rutan, H.C.","src":"https:\/\/i0.wp.com\/vicencianos.org\/wp-content\/2011\/06\/rutan-210x300.jpg?resize=350%2C200","width":350,"height":200},"classes":[]},{"id":43435,"url":"http:\/\/vincentians.com\/es\/reflexiones-de-sor-evelyne-y-del-p-gregory-gay-sobre-la-beatificacion-de-margarita-rutan\/","url_meta":{"origin":41830,"position":1},"title":"Reflexiones de Sor Evelyne y del P. Gregory Gay sobre la beatificaci\u00f3n de Margarita Rutan","author":"Francisco Javier Fern\u00e1ndez Chento","date":"25\/06\/2011","format":false,"excerpt":"La beatificaci\u00f3n de Sor Margarita Rutan el 19 de junio de 2011 en Dax (Francia) fue un momento de gran alegr\u00eda para todos los miembros de la Familia Vicenciana, en especial para los sacerdotes, hermanos y hermanas de las comunidades religiosas fundadas por San Vicente de Pa\u00fal y Santa Luisa\u2026","rel":"","context":"En \u00abMargarita Rutan\u00bb","block_context":{"text":"Margarita Rutan","link":"http:\/\/vincentians.com\/es\/category\/la-familia-vicenciana\/la-familia-vicenciana-en-los-altares\/beatos\/margarita-rutan\/"},"img":{"alt_text":"Margarita Rutan, H.C.","src":"https:\/\/i0.wp.com\/vicencianos.org\/wp-content\/2011\/06\/rutan-210x300.jpg?resize=350%2C200","width":350,"height":200},"classes":[]},{"id":41775,"url":"http:\/\/vincentians.com\/es\/la-beatificacion-de-sor-margarita-rutan-el-19-de-junio-de-2011\/","url_meta":{"origin":41830,"position":2},"title":"La Beatificaci\u00f3n de Sor Margarita Rutan, el 19 de junio de 2011","author":"Francisco Javier Fern\u00e1ndez Chento","date":"06\/06\/2011","format":false,"excerpt":"\"La vida de los Santos no comprende s\u00f3lo su biograf\u00eda terrena, sino tambi\u00e9n su vida y actuaci\u00f3n en Dios despu\u00e9s de la muerte. En los santos es evidente que, quien va hacia Dios no se aleja de los hombres, sino que se est\u00e1 realmente cercano a ellos\" (Deus Caritas est,\u2026","rel":"","context":"En \u00abMargarita Rutan\u00bb","block_context":{"text":"Margarita Rutan","link":"http:\/\/vincentians.com\/es\/category\/la-familia-vicenciana\/la-familia-vicenciana-en-los-altares\/beatos\/margarita-rutan\/"},"img":{"alt_text":"Margarita Rutan, H.C.","src":"https:\/\/i0.wp.com\/vicencianos.org\/wp-content\/2011\/06\/rutan-210x300.jpg?resize=350%2C200","width":350,"height":200},"classes":[]},{"id":43216,"url":"http:\/\/vincentians.com\/es\/triduo-para-celebrar-la-beatificacion-de-sor-margarita-rutan-tercer-dia\/","url_meta":{"origin":41830,"position":3},"title":"Triduo para celebrar la beatificaci\u00f3n de sor Margarita Rutan (Tercer d\u00eda)","author":"Francisco Javier Fern\u00e1ndez Chento","date":"22\/06\/2011","format":false,"excerpt":"Margarita Rutan, H.C. Tercer d\u00eda: Oremos para que nuestra Vida comunitaria, sea profec\u00eda de amor y camino de esperanza. S\u00cdMBOLO: La Constituciones de la Compa\u00f1\u00eda describe el camino que recorrieron nuestras Hermanas. Es un camino espiritual, un camino apost\u00f3lico y misionero, un camino comunitario. MOTIVACI\u00d3N: \"As\u00ed no tenemos que ser\u2026","rel":"","context":"En \u00abMargarita Rutan\u00bb","block_context":{"text":"Margarita Rutan","link":"http:\/\/vincentians.com\/es\/category\/la-familia-vicenciana\/la-familia-vicenciana-en-los-altares\/beatos\/margarita-rutan\/"},"img":{"alt_text":"Margarita Rutan, H.C.","src":"https:\/\/i0.wp.com\/vicencianos.org\/wp-content\/2011\/06\/rutan-210x300.jpg?resize=350%2C200","width":350,"height":200},"classes":[]},{"id":43154,"url":"http:\/\/vincentians.com\/es\/benedicto-xvi-resalta-testimonio-de-beata-martir-decapitada-en-revolucion-francesa\/","url_meta":{"origin":41830,"position":4},"title":"Benedicto XVI resalta testimonio de beata m\u00e1rtir decapitada en Revoluci\u00f3n Francesa","author":"Francisco Javier Fern\u00e1ndez Chento","date":"19\/06\/2011","format":false,"excerpt":"VATICANO, 19 Jun. 11 Luego del rezo del \u00c1ngelus dominical en el estadio de Serravalle en San Marino, el Papa Benedicto XVI expres\u00f3 su alegr\u00eda por la beatificaci\u00f3n hoy de la religiosa vicentina Margarita Rutan, m\u00e1rtir que muri\u00f3 decapitada en la Revoluci\u00f3n Francesa y que es beatificada este domingo en\u2026","rel":"","context":"En \u00abMargarita Rutan\u00bb","block_context":{"text":"Margarita Rutan","link":"http:\/\/vincentians.com\/es\/category\/la-familia-vicenciana\/la-familia-vicenciana-en-los-altares\/beatos\/margarita-rutan\/"},"img":{"alt_text":"Margarita Rutan, H.C.","src":"https:\/\/i0.wp.com\/vicencianos.org\/wp-content\/2011\/06\/rutan-210x300.jpg?resize=350%2C200","width":350,"height":200},"classes":[]},{"id":43208,"url":"http:\/\/vincentians.com\/es\/triduo-para-celebrar-la-beatificacion-de-sor-margarita-rutan-primer-dia\/","url_meta":{"origin":41830,"position":5},"title":"Triduo para celebrar la beatificaci\u00f3n de sor Margarita Rutan (Primer d\u00eda)","author":"Francisco Javier Fern\u00e1ndez Chento","date":"20\/06\/2011","format":false,"excerpt":"Margarita Rutan, H.C. Primer d\u00eda: Oremos para que el Due\u00f1o de la Mies contin\u00fae enviando buenas y generosas vocaciones a la Compa\u00f1\u00eda. S\u00cdMBOLO: ROSTRO DE J\u00d3VENES. MOTIVACI\u00d3N: \"Hijas m\u00edas, por una Hermana que reciba el martirio, vendr\u00e1n otras muchas; su sangre ser\u00e1 como una semilla que dar\u00e1 fruto y un\u2026","rel":"","context":"En \u00abMargarita Rutan\u00bb","block_context":{"text":"Margarita Rutan","link":"http:\/\/vincentians.com\/es\/category\/la-familia-vicenciana\/la-familia-vicenciana-en-los-altares\/beatos\/margarita-rutan\/"},"img":{"alt_text":"Margarita Rutan, H.C.","src":"https:\/\/i0.wp.com\/vicencianos.org\/wp-content\/2011\/06\/rutan-210x300.jpg?resize=350%2C200","width":350,"height":200},"classes":[]}],"_links":{"self":[{"href":"http:\/\/vincentians.com\/es\/wp-json\/wp\/v2\/posts\/41830","targetHints":{"allow":["GET"]}}],"collection":[{"href":"http:\/\/vincentians.com\/es\/wp-json\/wp\/v2\/posts"}],"about":[{"href":"http:\/\/vincentians.com\/es\/wp-json\/wp\/v2\/types\/post"}],"author":[{"embeddable":true,"href":"http:\/\/vincentians.com\/es\/wp-json\/wp\/v2\/users\/4"}],"replies":[{"embeddable":true,"href":"http:\/\/vincentians.com\/es\/wp-json\/wp\/v2\/comments?post=41830"}],"version-history":[{"count":0,"href":"http:\/\/vincentians.com\/es\/wp-json\/wp\/v2\/posts\/41830\/revisions"}],"wp:featuredmedia":[{"embeddable":true,"href":"http:\/\/vincentians.com\/es\/wp-json\/"}],"wp:attachment":[{"href":"http:\/\/vincentians.com\/es\/wp-json\/wp\/v2\/media?parent=41830"}],"wp:term":[{"taxonomy":"category","embeddable":true,"href":"http:\/\/vincentians.com\/es\/wp-json\/wp\/v2\/categories?post=41830"},{"taxonomy":"post_tag","embeddable":true,"href":"http:\/\/vincentians.com\/es\/wp-json\/wp\/v2\/tags?post=41830"}],"curies":[{"name":"wp","href":"https:\/\/api.w.org\/{rel}","templated":true}]}}