{"id":41568,"date":"2014-03-18T02:27:37","date_gmt":"2014-03-18T01:27:37","guid":{"rendered":"http:\/\/somos.vicencianos.org\/blog\/2011\/06\/el-senor-vicente-visto-por-su-secretario-luis-robineau-articulos-236-al-240\/"},"modified":"2014-03-18T02:27:37","modified_gmt":"2014-03-18T01:27:37","slug":"el-senor-vicente-visto-por-su-secretario-luis-robineau-articulos-236-al-240","status":"publish","type":"post","link":"http:\/\/vincentians.com\/es\/el-senor-vicente-visto-por-su-secretario-luis-robineau-articulos-236-al-240\/","title":{"rendered":"El se\u00f1or Vicente visto por su secretario, Luis Robineau. Art\u00edculos 236 al 240"},"content":{"rendered":"<h2><em>236. <\/em><strong><em>Su alegr\u00eda al anunciarse que se hab\u00eda restablecido la libertad de conciencia en Inglaterra.<\/em><\/strong><\/h2>\n<p>En el mes de octubre del a\u00f1o .1650, el Se\u00f1or Portavoz oficial de Par\u00eds le comunic\u00f3 que se hab\u00eda concedido la libertad de conciencia en Inglaterra. Ese hecho movi\u00f3 al Se\u00f1or Vicente a decir, con cara llena de entusiasmo y voz enardecida, estas palabras: \u00abSi eso es as\u00ed, puedo morir contento; heme aqu\u00ed satisfecho, y dar\u00eda mil vidas de buena gana, para que sucediera as\u00ed en el caso de que no sea cierto\u00bb.<\/p>\n<p><em>Al margen: V\u00e9ase el segundo Cuaderno grande, 8.<\/em><\/p>\n<blockquote><p><strong>Notas del P. Dodin:<\/strong><\/p>\n<p>Informaci\u00f3n exclusiva de L. Robineau.<\/p><\/blockquote>\n<h2><em><strong> <\/strong>237. <\/em><strong><em>El <\/em><em>Se\u00f1or Vicente ofrece un retiro espiritual a una persona que reconoc\u00eda que le hab\u00eda perjudicado.<\/em><\/strong><\/h2>\n<p>El acto que se ha referido en alguna conferencia anterior acerca de otra virtud hacer ver tambi\u00e9n una muestra de su celo. Aunque hab\u00eda recibido injusticias de una persona, con todo, eso no impidi\u00f3 que el Se\u00f1or Vicente no la acogiera benignamente, cuando vino a verse con el Se\u00f1or Vicente en San L\u00e1zaro para perdirle perd\u00f3n por la falta, que hab\u00eda cometido contra \u00e9l, y que el Se\u00f1or Vicente no la consideraba tal; y, en efecto, le invit\u00f3 a hacer all\u00ed un retiro espiritual.<\/p>\n<blockquote>\n<h3>Notas del P. Dodin:<\/h3>\n<p><strong> <\/strong><\/p>\n<p>Informaci\u00f3n exclusiva de L. Robineau.<\/p><\/blockquote>\n<h2><em><strong>238. <\/strong><\/em><strong><em>El Se\u00f1or Vicente manifiesta un gran respeto a unos religiosos, que son despreciados, porque han perdido un pleito.<\/em><\/strong><\/h2>\n<p>Ese celo hac\u00eda que tuviera una inclinaci\u00f3n especial a las personas que trabajaban en la salvaci\u00f3n de las almas. A prop\u00f3sito de lo cual, cierto d\u00eda una Compa\u00f1\u00eda, de las m\u00e1s c\u00e9lebres que existen actualmen\u00adte en la Iglesia de Dios, hab\u00eda perdido, hace ya tiempo, un pleito aqu\u00ed en Par\u00eds. Eso tuvo una gran resonancia, y movi\u00f3 a la mayor parte de las personas a silvar y a despreciar a aquellos buenos religiosos en el momento en que pasaban por las calles.<\/p>\n<p>Pero el Se\u00f1or Vicente, como lo hemos sabido de \u00e9l mismo, hizo exactamente lo contrario, porque, dijo que le daba pena, cuando se encontraba con alguno de ellos, ya por las calles, ya por otras partes: les iba a saludar en voz m\u00e1s baja y a darles mejor acogida que antes del accidente, hablaba mucho y bien de ellos, y todo eso para reparar hasta cierto punto los desprecios y confusiones, e inducir con su ejemplo a las personas a apreciar a aquellos pobres sacerdotes.<\/p>\n<p><em>Al margen: Cuaderno de la Caridad, <\/em><em>p <\/em><em>12, v<sup>2<\/sup>.<\/em><\/p>\n<blockquote>\n<h3>Notas del P. Dodin:<\/h3>\n<p>Actitud particularmente ben\u00e9vola en relaci\u00f3n con la Compa\u00f1\u00eda de Jes\u00fas. Abelly se limita a mencionar el aprecio de Vicente de Pa\u00fal a la Compa\u00f1\u00eda de Jes\u00fas (Abelly, III.102). Elogio en una Repetici\u00f3n de oraci\u00f3n del 25 de octubre de 1643 (XI.133-135\/55; E.73-75).<\/p><\/blockquote>\n<h2><em><strong>239. <\/strong><\/em><strong><em>En las Conferencias de los Ordenandos, reprimir la vanidad para ser \u00faltil y pr\u00e1ctico.<\/em><\/strong><\/h2>\n<p>Un d\u00eda exhortando a la Compa\u00f1\u00eda, seg\u00fan su costumbre, sobre el tema de los Ordenandos, y a desempe\u00f1ar bien la ocupaci\u00f3n que se les hab\u00eda se\u00f1alado, dijo que era necesario presentar la moral familiar\u00admente, y descender siempre a lo particular, de forma que toda la academia la entienda y comprenda todo lo que se le dice, y que hac\u00eda falta siempre dirigir los esfuerzos para conseguir esto: actuar de ma\u00adnera que todos los oyentes de la academia y de la charla se lleven de la academia y de la charla todo lo que se les haya dicho, guard\u00e1ndose bien de que un maldito esp\u00edritu de vanidad se introduzca entre noso\u00adtros para querer hablar de cosas altas y sublimes; eso no hace m\u00e1s que destruirlo todo.<\/p>\n<blockquote>\n<h3>Notas del P. Dodin:<\/h3>\n<p>Moral familiar, L. Abelly (II.228) s\u00f3lo refiere una parte de esta charla (X1.11\/329; E.871-872).<\/p><\/blockquote>\n<h2><em>240.<\/em><strong><em> Su celo en recibir a unos ni\u00f1os de Toulouse.<\/em><\/strong><\/h2>\n<p>Un pariente suyo nos ha dicho que, siendo joven y residiendo en Toulouse, se encarg\u00f3 de diez ni\u00f1os, a quienes \u00e9l ense\u00f1aba y educaba en el servicio de Dios.<\/p>\n<blockquote>\n<h3>Notas del P. Dodin:<\/h3>\n<p>El peque\u00f1o pensionado de Buzet, cerca de Toulouse.<\/p>\n<p>L. Abelly se contenta con unas generalidades. Como no quer\u00eda servirles de carga (a sus padres), ni causarles ninguna molestia, y al ver que pod\u00eda subsistir en Toulouse, resolvi\u00f3 aceptar un peque\u00f1o pensio\u00adnado, que le ofrecieron a cuatro leguas de all\u00ed en la ciudad de Buzet. All\u00ed, varios gentiles-hombres de los alrededores le entregaron a sus hijos como pensionarios, y tambi\u00e9n le enviaron desde Toulouse, pues as\u00ed se los comunic\u00f3 a su madre en una carta, que \u00e9l le escribi\u00f3, y el gran esmero que pon\u00eda en instruirles y en su buena educaci\u00f3n. Gra\u00adcias a eso pudo volver a Toulouse poco tiempo m\u00e1s adelante (Abelly 1.12).<\/p>\n<p>L. Robineau nos da a conocer una de sus fuentes de informaci\u00f3n: \u00abun pariente suyo\u00bb:<\/p>\n<p>Detalle inesperado, el peque\u00f1o pensionado volvi\u00f3 a reunir en Toulouse a \u00abdiez adolescentes\u00bb.<\/p>\n<p>Esta informaci\u00f3n no ha sido recogida por L. Abelly y Pedro Collet.<\/p><\/blockquote>\n","protected":false},"excerpt":{"rendered":"<p>236. Su alegr\u00eda al anunciarse que se hab\u00eda restablecido la libertad de conciencia en Inglaterra. En el mes de octubre del a\u00f1o .1650, el Se\u00f1or Portavoz oficial de Par\u00eds le comunic\u00f3 que se hab\u00eda concedido &#8230; <a href=\"http:\/\/vincentians.com\/es\/el-senor-vicente-visto-por-su-secretario-luis-robineau-articulos-236-al-240\/\" class=\"more-link\">Read More<\/a><\/p>\n","protected":false},"author":4,"featured_media":27211,"comment_status":"open","ping_status":"open","sticky":false,"template":"","format":"standard","meta":{"jetpack_post_was_ever_published":false,"_jetpack_newsletter_access":"","_jetpack_dont_email_post_to_subs":false,"_jetpack_newsletter_tier_id":0,"_jetpack_memberships_contains_paywalled_content":false,"_jetpack_memberships_contains_paid_content":false,"footnotes":"","jetpack_publicize_message":"","jetpack_publicize_feature_enabled":true,"jetpack_social_post_already_shared":true,"jetpack_social_options":{"image_generator_settings":{"template":"highway","default_image_id":0,"font":"","enabled":false},"version":2}},"categories":[311],"tags":[218,142,166,143],"class_list":["post-41568","post","type-post","status-publish","format-standard","has-post-thumbnail","hentry","category-escritos-de-luis-robineau","tag-abelly","tag-collet","tag-robineau","tag-san-lazaro"],"yoast_head":"<!-- This site is optimized with the Yoast SEO plugin v26.3 - https:\/\/yoast.com\/wordpress\/plugins\/seo\/ -->\n<title>El se\u00f1or Vicente visto por su secretario, Luis Robineau. Art\u00edculos 236 al 240 - Somos Vicencianos<\/title>\n<meta name=\"robots\" content=\"index, follow, max-snippet:-1, max-image-preview:large, max-video-preview:-1\" \/>\n<link rel=\"canonical\" href=\"http:\/\/vincentians.com\/es\/el-senor-vicente-visto-por-su-secretario-luis-robineau-articulos-236-al-240\/\" \/>\n<meta property=\"og:locale\" content=\"es_ES\" \/>\n<meta property=\"og:type\" content=\"article\" \/>\n<meta property=\"og:title\" content=\"El se\u00f1or Vicente visto por su secretario, Luis Robineau. Art\u00edculos 236 al 240 - Somos Vicencianos\" \/>\n<meta property=\"og:description\" content=\"236. Su alegr\u00eda al anunciarse que se hab\u00eda restablecido la libertad de conciencia en Inglaterra. En el mes de octubre del a\u00f1o .1650, el Se\u00f1or Portavoz oficial de Par\u00eds le comunic\u00f3 que se hab\u00eda concedido ... Read More\" \/>\n<meta property=\"og:url\" content=\"http:\/\/vincentians.com\/es\/el-senor-vicente-visto-por-su-secretario-luis-robineau-articulos-236-al-240\/\" \/>\n<meta property=\"og:site_name\" content=\"Somos Vicencianos\" \/>\n<meta property=\"article:publisher\" content=\"https:\/\/www.facebook.com\/WeAreVincentians\/\" \/>\n<meta property=\"article:author\" content=\"https:\/\/www.facebook.com\/JavierChento\" \/>\n<meta property=\"article:published_time\" content=\"2014-03-18T01:27:37+00:00\" \/>\n<meta name=\"author\" content=\"Francisco Javier Fern\u00e1ndez Chento\" \/>\n<meta name=\"twitter:card\" content=\"summary_large_image\" \/>\n<meta name=\"twitter:creator\" content=\"@https:\/\/twitter.com\/javierchento\" \/>\n<meta name=\"twitter:site\" content=\"@WeVincentians\" \/>\n<meta name=\"twitter:label1\" content=\"Escrito por\" \/>\n\t<meta name=\"twitter:data1\" content=\"Francisco Javier Fern\u00e1ndez Chento\" \/>\n\t<meta name=\"twitter:label2\" content=\"Tiempo de lectura\" \/>\n\t<meta name=\"twitter:data2\" content=\"4 minutos\" \/>\n<script type=\"application\/ld+json\" class=\"yoast-schema-graph\">{\"@context\":\"https:\/\/schema.org\",\"@graph\":[{\"@type\":\"Article\",\"@id\":\"http:\/\/vincentians.com\/es\/el-senor-vicente-visto-por-su-secretario-luis-robineau-articulos-236-al-240\/#article\",\"isPartOf\":{\"@id\":\"http:\/\/vincentians.com\/es\/el-senor-vicente-visto-por-su-secretario-luis-robineau-articulos-236-al-240\/\"},\"author\":{\"name\":\"Francisco Javier Fern\u00e1ndez Chento\",\"@id\":\"http:\/\/vincentians.com\/es\/#\/schema\/person\/9623ef4d9aa3b2dfb8c061f1499288f2\"},\"headline\":\"El se\u00f1or Vicente visto por su secretario, Luis Robineau. Art\u00edculos 236 al 240\",\"datePublished\":\"2014-03-18T01:27:37+00:00\",\"mainEntityOfPage\":{\"@id\":\"http:\/\/vincentians.com\/es\/el-senor-vicente-visto-por-su-secretario-luis-robineau-articulos-236-al-240\/\"},\"wordCount\":893,\"commentCount\":0,\"publisher\":{\"@id\":\"http:\/\/vincentians.com\/es\/#organization\"},\"image\":{\"@id\":\"http:\/\/vincentians.com\/es\/el-senor-vicente-visto-por-su-secretario-luis-robineau-articulos-236-al-240\/#primaryimage\"},\"thumbnailUrl\":\"\",\"keywords\":[\"Abelly\",\"Collet\",\"Robineau\",\"San L\u00e1zaro\"],\"articleSection\":[\"Escritos de Luis Robineau\"],\"inLanguage\":\"es\",\"potentialAction\":[{\"@type\":\"CommentAction\",\"name\":\"Comment\",\"target\":[\"http:\/\/vincentians.com\/es\/el-senor-vicente-visto-por-su-secretario-luis-robineau-articulos-236-al-240\/#respond\"]}]},{\"@type\":\"WebPage\",\"@id\":\"http:\/\/vincentians.com\/es\/el-senor-vicente-visto-por-su-secretario-luis-robineau-articulos-236-al-240\/\",\"url\":\"http:\/\/vincentians.com\/es\/el-senor-vicente-visto-por-su-secretario-luis-robineau-articulos-236-al-240\/\",\"name\":\"El se\u00f1or Vicente visto por su secretario, Luis Robineau. Art\u00edculos 236 al 240 - Somos Vicencianos\",\"isPartOf\":{\"@id\":\"http:\/\/vincentians.com\/es\/#website\"},\"primaryImageOfPage\":{\"@id\":\"http:\/\/vincentians.com\/es\/el-senor-vicente-visto-por-su-secretario-luis-robineau-articulos-236-al-240\/#primaryimage\"},\"image\":{\"@id\":\"http:\/\/vincentians.com\/es\/el-senor-vicente-visto-por-su-secretario-luis-robineau-articulos-236-al-240\/#primaryimage\"},\"thumbnailUrl\":\"\",\"datePublished\":\"2014-03-18T01:27:37+00:00\",\"breadcrumb\":{\"@id\":\"http:\/\/vincentians.com\/es\/el-senor-vicente-visto-por-su-secretario-luis-robineau-articulos-236-al-240\/#breadcrumb\"},\"inLanguage\":\"es\",\"potentialAction\":[{\"@type\":\"ReadAction\",\"target\":[\"http:\/\/vincentians.com\/es\/el-senor-vicente-visto-por-su-secretario-luis-robineau-articulos-236-al-240\/\"]}]},{\"@type\":\"ImageObject\",\"inLanguage\":\"es\",\"@id\":\"http:\/\/vincentians.com\/es\/el-senor-vicente-visto-por-su-secretario-luis-robineau-articulos-236-al-240\/#primaryimage\",\"url\":\"\",\"contentUrl\":\"\"},{\"@type\":\"BreadcrumbList\",\"@id\":\"http:\/\/vincentians.com\/es\/el-senor-vicente-visto-por-su-secretario-luis-robineau-articulos-236-al-240\/#breadcrumb\",\"itemListElement\":[{\"@type\":\"ListItem\",\"position\":1,\"name\":\"Portada\",\"item\":\"http:\/\/vincentians.com\/es\/\"},{\"@type\":\"ListItem\",\"position\":2,\"name\":\"El se\u00f1or Vicente visto por su secretario, Luis Robineau. Art\u00edculos 236 al 240\"}]},{\"@type\":\"WebSite\",\"@id\":\"http:\/\/vincentians.com\/es\/#website\",\"url\":\"http:\/\/vincentians.com\/es\/\",\"name\":\"Somos Vicencianos\",\"description\":\"Know more to serve more\",\"publisher\":{\"@id\":\"http:\/\/vincentians.com\/es\/#organization\"},\"potentialAction\":[{\"@type\":\"SearchAction\",\"target\":{\"@type\":\"EntryPoint\",\"urlTemplate\":\"http:\/\/vincentians.com\/es\/?s={search_term_string}\"},\"query-input\":{\"@type\":\"PropertyValueSpecification\",\"valueRequired\":true,\"valueName\":\"search_term_string\"}}],\"inLanguage\":\"es\"},{\"@type\":\"Organization\",\"@id\":\"http:\/\/vincentians.com\/es\/#organization\",\"name\":\"The Vincentian Network\",\"url\":\"http:\/\/vincentians.com\/es\/\",\"logo\":{\"@type\":\"ImageObject\",\"inLanguage\":\"es\",\"@id\":\"http:\/\/vincentians.com\/es\/#\/schema\/logo\/image\/\",\"url\":\"https:\/\/i1.wp.com\/vincentians.com\/es\/wp-content\/uploads\/sites\/11\/2016\/06\/Vincentian-Network-logo-big.png?fit=778%2C778\",\"contentUrl\":\"https:\/\/i1.wp.com\/vincentians.com\/es\/wp-content\/uploads\/sites\/11\/2016\/06\/Vincentian-Network-logo-big.png?fit=778%2C778\",\"width\":778,\"height\":778,\"caption\":\"The Vincentian Network\"},\"image\":{\"@id\":\"http:\/\/vincentians.com\/es\/#\/schema\/logo\/image\/\"},\"sameAs\":[\"https:\/\/www.facebook.com\/WeAreVincentians\/\",\"https:\/\/x.com\/WeVincentians\"]},{\"@type\":\"Person\",\"@id\":\"http:\/\/vincentians.com\/es\/#\/schema\/person\/9623ef4d9aa3b2dfb8c061f1499288f2\",\"name\":\"Francisco Javier Fern\u00e1ndez Chento\",\"image\":{\"@type\":\"ImageObject\",\"inLanguage\":\"es\",\"@id\":\"http:\/\/vincentians.com\/es\/#\/schema\/person\/image\/\",\"url\":\"https:\/\/secure.gravatar.com\/avatar\/497d5cde87b4c3d097d0315953521681ba2cd523ee66e5077c3711f7021e65de?s=96&d=mm&r=g\",\"contentUrl\":\"https:\/\/secure.gravatar.com\/avatar\/497d5cde87b4c3d097d0315953521681ba2cd523ee66e5077c3711f7021e65de?s=96&d=mm&r=g\",\"caption\":\"Francisco Javier Fern\u00e1ndez Chento\"},\"description\":\"Director General y cofundador de La Red de Formaci\u00f3n Vicenciana. Javier es laico vicenciano, afiliado a la Congregaci\u00f3n de la Misi\u00f3n y miembro del Equipo de Misiones Populares de la provincia can\u00f3nica de Zaragoza (Espa\u00f1a) de la Congregaci\u00f3n de la Misi\u00f3n. Graduado en la Universidad Oberta de Catalunya con cuatro grados (Asistente de direcci\u00f3n, Gesti\u00f3n Administrativa, Recursos Humanos y Contabilidad Avanzada). Bil\u00edng\u00fce Espa\u00f1ol\/Ingl\u00e9s. gestiona y mantiene varias p\u00e1ginas web cristianas y vicencianas, incluida including La Red de Formaci\u00f3n Vicenciana, de la que es cofundador. Actualmente es responsable del \u00e1rea de Espa\u00f1ol de .famvin, la Red de Noticias de la Familia Vicenciana. Tambi\u00e9n es m\u00fasico cat\u00f3lico y ha editado varios discos. Es Director General y cofundador de Trovador, una reconocida compa\u00f1\u00eda discogr\u00e1fica critiana de Espa\u00f1a. Trabaja en las Tecnolog\u00edas de la Informaci\u00f3n, ofreciendo servicios de alojamiento, dise\u00f1o y mantenimiento Web, as\u00ed como asesoramiento, formaci\u00f3n y soluciones inform\u00e1ticas, gesti\u00f3n documental y digitalizaci\u00f3n de textos, edici\u00f3n y maquetaci\u00f3n de libros, revistas, flyers, etc.\",\"sameAs\":[\"http:\/\/chento.org\",\"https:\/\/www.facebook.com\/JavierChento\",\"https:\/\/x.com\/https:\/\/twitter.com\/javierchento\"],\"url\":\"http:\/\/vincentians.com\/es\/author\/chento\/\"}]}<\/script>\n<!-- \/ Yoast SEO plugin. -->","yoast_head_json":{"title":"El se\u00f1or Vicente visto por su secretario, Luis Robineau. Art\u00edculos 236 al 240 - Somos Vicencianos","robots":{"index":"index","follow":"follow","max-snippet":"max-snippet:-1","max-image-preview":"max-image-preview:large","max-video-preview":"max-video-preview:-1"},"canonical":"http:\/\/vincentians.com\/es\/el-senor-vicente-visto-por-su-secretario-luis-robineau-articulos-236-al-240\/","og_locale":"es_ES","og_type":"article","og_title":"El se\u00f1or Vicente visto por su secretario, Luis Robineau. Art\u00edculos 236 al 240 - Somos Vicencianos","og_description":"236. Su alegr\u00eda al anunciarse que se hab\u00eda restablecido la libertad de conciencia en Inglaterra. En el mes de octubre del a\u00f1o .1650, el Se\u00f1or Portavoz oficial de Par\u00eds le comunic\u00f3 que se hab\u00eda concedido ... Read More","og_url":"http:\/\/vincentians.com\/es\/el-senor-vicente-visto-por-su-secretario-luis-robineau-articulos-236-al-240\/","og_site_name":"Somos Vicencianos","article_publisher":"https:\/\/www.facebook.com\/WeAreVincentians\/","article_author":"https:\/\/www.facebook.com\/JavierChento","article_published_time":"2014-03-18T01:27:37+00:00","author":"Francisco Javier Fern\u00e1ndez Chento","twitter_card":"summary_large_image","twitter_creator":"@https:\/\/twitter.com\/javierchento","twitter_site":"@WeVincentians","twitter_misc":{"Escrito por":"Francisco Javier Fern\u00e1ndez Chento","Tiempo de lectura":"4 minutos"},"schema":{"@context":"https:\/\/schema.org","@graph":[{"@type":"Article","@id":"http:\/\/vincentians.com\/es\/el-senor-vicente-visto-por-su-secretario-luis-robineau-articulos-236-al-240\/#article","isPartOf":{"@id":"http:\/\/vincentians.com\/es\/el-senor-vicente-visto-por-su-secretario-luis-robineau-articulos-236-al-240\/"},"author":{"name":"Francisco Javier Fern\u00e1ndez Chento","@id":"http:\/\/vincentians.com\/es\/#\/schema\/person\/9623ef4d9aa3b2dfb8c061f1499288f2"},"headline":"El se\u00f1or Vicente visto por su secretario, Luis Robineau. Art\u00edculos 236 al 240","datePublished":"2014-03-18T01:27:37+00:00","mainEntityOfPage":{"@id":"http:\/\/vincentians.com\/es\/el-senor-vicente-visto-por-su-secretario-luis-robineau-articulos-236-al-240\/"},"wordCount":893,"commentCount":0,"publisher":{"@id":"http:\/\/vincentians.com\/es\/#organization"},"image":{"@id":"http:\/\/vincentians.com\/es\/el-senor-vicente-visto-por-su-secretario-luis-robineau-articulos-236-al-240\/#primaryimage"},"thumbnailUrl":"","keywords":["Abelly","Collet","Robineau","San L\u00e1zaro"],"articleSection":["Escritos de Luis Robineau"],"inLanguage":"es","potentialAction":[{"@type":"CommentAction","name":"Comment","target":["http:\/\/vincentians.com\/es\/el-senor-vicente-visto-por-su-secretario-luis-robineau-articulos-236-al-240\/#respond"]}]},{"@type":"WebPage","@id":"http:\/\/vincentians.com\/es\/el-senor-vicente-visto-por-su-secretario-luis-robineau-articulos-236-al-240\/","url":"http:\/\/vincentians.com\/es\/el-senor-vicente-visto-por-su-secretario-luis-robineau-articulos-236-al-240\/","name":"El se\u00f1or Vicente visto por su secretario, Luis Robineau. Art\u00edculos 236 al 240 - Somos Vicencianos","isPartOf":{"@id":"http:\/\/vincentians.com\/es\/#website"},"primaryImageOfPage":{"@id":"http:\/\/vincentians.com\/es\/el-senor-vicente-visto-por-su-secretario-luis-robineau-articulos-236-al-240\/#primaryimage"},"image":{"@id":"http:\/\/vincentians.com\/es\/el-senor-vicente-visto-por-su-secretario-luis-robineau-articulos-236-al-240\/#primaryimage"},"thumbnailUrl":"","datePublished":"2014-03-18T01:27:37+00:00","breadcrumb":{"@id":"http:\/\/vincentians.com\/es\/el-senor-vicente-visto-por-su-secretario-luis-robineau-articulos-236-al-240\/#breadcrumb"},"inLanguage":"es","potentialAction":[{"@type":"ReadAction","target":["http:\/\/vincentians.com\/es\/el-senor-vicente-visto-por-su-secretario-luis-robineau-articulos-236-al-240\/"]}]},{"@type":"ImageObject","inLanguage":"es","@id":"http:\/\/vincentians.com\/es\/el-senor-vicente-visto-por-su-secretario-luis-robineau-articulos-236-al-240\/#primaryimage","url":"","contentUrl":""},{"@type":"BreadcrumbList","@id":"http:\/\/vincentians.com\/es\/el-senor-vicente-visto-por-su-secretario-luis-robineau-articulos-236-al-240\/#breadcrumb","itemListElement":[{"@type":"ListItem","position":1,"name":"Portada","item":"http:\/\/vincentians.com\/es\/"},{"@type":"ListItem","position":2,"name":"El se\u00f1or Vicente visto por su secretario, Luis Robineau. Art\u00edculos 236 al 240"}]},{"@type":"WebSite","@id":"http:\/\/vincentians.com\/es\/#website","url":"http:\/\/vincentians.com\/es\/","name":"Somos Vicencianos","description":"Know more to serve more","publisher":{"@id":"http:\/\/vincentians.com\/es\/#organization"},"potentialAction":[{"@type":"SearchAction","target":{"@type":"EntryPoint","urlTemplate":"http:\/\/vincentians.com\/es\/?s={search_term_string}"},"query-input":{"@type":"PropertyValueSpecification","valueRequired":true,"valueName":"search_term_string"}}],"inLanguage":"es"},{"@type":"Organization","@id":"http:\/\/vincentians.com\/es\/#organization","name":"The Vincentian Network","url":"http:\/\/vincentians.com\/es\/","logo":{"@type":"ImageObject","inLanguage":"es","@id":"http:\/\/vincentians.com\/es\/#\/schema\/logo\/image\/","url":"https:\/\/i1.wp.com\/vincentians.com\/es\/wp-content\/uploads\/sites\/11\/2016\/06\/Vincentian-Network-logo-big.png?fit=778%2C778","contentUrl":"https:\/\/i1.wp.com\/vincentians.com\/es\/wp-content\/uploads\/sites\/11\/2016\/06\/Vincentian-Network-logo-big.png?fit=778%2C778","width":778,"height":778,"caption":"The Vincentian Network"},"image":{"@id":"http:\/\/vincentians.com\/es\/#\/schema\/logo\/image\/"},"sameAs":["https:\/\/www.facebook.com\/WeAreVincentians\/","https:\/\/x.com\/WeVincentians"]},{"@type":"Person","@id":"http:\/\/vincentians.com\/es\/#\/schema\/person\/9623ef4d9aa3b2dfb8c061f1499288f2","name":"Francisco Javier Fern\u00e1ndez Chento","image":{"@type":"ImageObject","inLanguage":"es","@id":"http:\/\/vincentians.com\/es\/#\/schema\/person\/image\/","url":"https:\/\/secure.gravatar.com\/avatar\/497d5cde87b4c3d097d0315953521681ba2cd523ee66e5077c3711f7021e65de?s=96&d=mm&r=g","contentUrl":"https:\/\/secure.gravatar.com\/avatar\/497d5cde87b4c3d097d0315953521681ba2cd523ee66e5077c3711f7021e65de?s=96&d=mm&r=g","caption":"Francisco Javier Fern\u00e1ndez Chento"},"description":"Director General y cofundador de La Red de Formaci\u00f3n Vicenciana. Javier es laico vicenciano, afiliado a la Congregaci\u00f3n de la Misi\u00f3n y miembro del Equipo de Misiones Populares de la provincia can\u00f3nica de Zaragoza (Espa\u00f1a) de la Congregaci\u00f3n de la Misi\u00f3n. Graduado en la Universidad Oberta de Catalunya con cuatro grados (Asistente de direcci\u00f3n, Gesti\u00f3n Administrativa, Recursos Humanos y Contabilidad Avanzada). Bil\u00edng\u00fce Espa\u00f1ol\/Ingl\u00e9s. gestiona y mantiene varias p\u00e1ginas web cristianas y vicencianas, incluida including La Red de Formaci\u00f3n Vicenciana, de la que es cofundador. Actualmente es responsable del \u00e1rea de Espa\u00f1ol de .famvin, la Red de Noticias de la Familia Vicenciana. Tambi\u00e9n es m\u00fasico cat\u00f3lico y ha editado varios discos. Es Director General y cofundador de Trovador, una reconocida compa\u00f1\u00eda discogr\u00e1fica critiana de Espa\u00f1a. Trabaja en las Tecnolog\u00edas de la Informaci\u00f3n, ofreciendo servicios de alojamiento, dise\u00f1o y mantenimiento Web, as\u00ed como asesoramiento, formaci\u00f3n y soluciones inform\u00e1ticas, gesti\u00f3n documental y digitalizaci\u00f3n de textos, edici\u00f3n y maquetaci\u00f3n de libros, revistas, flyers, etc.","sameAs":["http:\/\/chento.org","https:\/\/www.facebook.com\/JavierChento","https:\/\/x.com\/https:\/\/twitter.com\/javierchento"],"url":"http:\/\/vincentians.com\/es\/author\/chento\/"}]}},"jetpack_publicize_connections":[],"jetpack_featured_media_url":"","jetpack_sharing_enabled":true,"jetpack_shortlink":"https:\/\/wp.me\/p7ETMF-aOs","jetpack-related-posts":[{"id":39364,"url":"http:\/\/vincentians.com\/es\/el-senor-vicente-visto-por-su-secretario-luis-robineau-articulos-186-al-190\/","url_meta":{"origin":41568,"position":0},"title":"El se\u00f1or Vicente visto por su secretario, Luis Robineau. Art\u00edculos 186 al 190","author":"Francisco Javier Fern\u00e1ndez Chento","date":"08\/03\/2014","format":false,"excerpt":"186. El se\u00f1or Vicente acusado de conceder beneficios a cambio de una retribuci\u00f3n. Pero otra prueba de su paciencia y que no pod\u00eda ser sobrellevada, sino por un alma verdaderamente mortificada y entregada a Dios es la fama que cierto sacerdote y capell\u00e1n del Sr...., consejero del Rey, hac\u00eda correr\u2026","rel":"","context":"En \u00abEscritos de Luis Robineau\u00bb","block_context":{"text":"Escritos de Luis Robineau","link":"http:\/\/vincentians.com\/es\/category\/escritos\/escritos-de-luis-robineau\/"},"img":{"alt_text":"","src":"","width":0,"height":0},"classes":[]},{"id":45204,"url":"http:\/\/vincentians.com\/es\/el-senor-vicente-visto-por-su-secretario-luis-robineau-articulos-311-al-315\/","url_meta":{"origin":41568,"position":1},"title":"El se\u00f1or Vicente visto por su secretario, Luis Robineau. Art\u00edculos 311 al 315","author":"Francisco Javier Fern\u00e1ndez Chento","date":"02\/04\/2014","format":false,"excerpt":"311. El Se\u00f1or Vicente prefiere tolerar al Pr\u00edncipe de Conti que indisponerlo contra el obispo de Cahors. El 18 de Septiembre de 1658 estando con el Se\u00f1or Vicente en la salita de San Jos\u00e9, donde tambi\u00e9n se hallaba un sacerdote de la Com\u00adpa\u00f1\u00eda y alguna otra persona de la misma\u2026","rel":"","context":"En \u00abEscritos de Luis Robineau\u00bb","block_context":{"text":"Escritos de Luis Robineau","link":"http:\/\/vincentians.com\/es\/category\/escritos\/escritos-de-luis-robineau\/"},"img":{"alt_text":"","src":"","width":0,"height":0},"classes":[]},{"id":119697,"url":"http:\/\/vincentians.com\/es\/el-senor-vicente-relee-su-vida-influencias\/","url_meta":{"origin":41568,"position":2},"title":"El Se\u00f1or Vicente relee su vida: Influencias","author":"Francisco Javier Fern\u00e1ndez Chento","date":"09\/02\/2022","format":false,"excerpt":"Podr\u00eda tratar de deciros un poco lo que esto me ha supuesto. Hab\u00e9is podido advertir que desde mis comienzos en el mundo he conocido m\u00e1s sinsabores que \u00e9xitos en mis empresas\u2026 Hab\u00eda que tomar conciencia, pero yo mezclaba las vistas insondables de la Providencia de las que habla San Pablo\u2026","rel":"","context":"En \u00abVicente de Pa\u00fal\u00bb","block_context":{"text":"Vicente de Pa\u00fal","link":"http:\/\/vincentians.com\/es\/category\/la-familia-vicenciana\/fundadores\/vicente-de-paul\/"},"img":{"alt_text":"","src":"https:\/\/i0.wp.com\/vincentians.com\/es\/wp-content\/uploads\/sites\/11\/2013\/04\/f-2-scaled.jpg?fit=1200%2C570&resize=350%2C200","width":350,"height":200,"srcset":"https:\/\/i0.wp.com\/vincentians.com\/es\/wp-content\/uploads\/sites\/11\/2013\/04\/f-2-scaled.jpg?fit=1200%2C570&resize=350%2C200 1x, https:\/\/i0.wp.com\/vincentians.com\/es\/wp-content\/uploads\/sites\/11\/2013\/04\/f-2-scaled.jpg?fit=1200%2C570&resize=525%2C300 1.5x, https:\/\/i0.wp.com\/vincentians.com\/es\/wp-content\/uploads\/sites\/11\/2013\/04\/f-2-scaled.jpg?fit=1200%2C570&resize=700%2C400 2x, https:\/\/i0.wp.com\/vincentians.com\/es\/wp-content\/uploads\/sites\/11\/2013\/04\/f-2-scaled.jpg?fit=1200%2C570&resize=1050%2C600 3x"},"classes":[]},{"id":45207,"url":"http:\/\/vincentians.com\/es\/el-senor-vicente-visto-por-su-secretario-luis-robineau-articulos-326-al-330\/","url_meta":{"origin":41568,"position":3},"title":"El se\u00f1or Vicente visto por su secretario, Luis Robineau. Art\u00edculos 326 al 330","author":"Francisco Javier Fern\u00e1ndez Chento","date":"05\/04\/2014","format":false,"excerpt":"326. El Se\u00f1or Vicente se acusa de haber carecido de aguante. Un d\u00eda, un sacerdote de la Compa\u00f1\u00eda, que posteriormente se sali\u00f3 de ella (de esto hace ya muchos a\u00f1os), como el Se\u00f1or Vicente le dijera que fuera al Oficio con los dem\u00e1s a la iglesia, \u00e9l le respondi\u00f3 que\u2026","rel":"","context":"En \u00abEscritos de Luis Robineau\u00bb","block_context":{"text":"Escritos de Luis Robineau","link":"http:\/\/vincentians.com\/es\/category\/escritos\/escritos-de-luis-robineau\/"},"img":{"alt_text":"","src":"","width":0,"height":0},"classes":[]},{"id":38063,"url":"http:\/\/vincentians.com\/es\/el-senor-vicente-visto-por-su-secretario-luis-robineau-articulos-176-al-180\/","url_meta":{"origin":41568,"position":4},"title":"El se\u00f1or Vicente visto por su secretario, Luis Robineau. Art\u00edculos 176 al 180","author":"Francisco Javier Fern\u00e1ndez Chento","date":"06\/03\/2014","format":false,"excerpt":"176. C\u00f3mo soport\u00f3 las injurias del Se\u00f1or de Billebat Lo que tambi\u00e9n demuestra la paciencia admirable del Se\u00f1or Vicen\u00adte es la manera con la que alguno de nuesros Hermanos ha contado en las conferencias, que se han tenido, lo que tuvo que sufrir un d\u00eda, a este prop\u00f3sito, del Se\u00f1or\u2026","rel":"","context":"En \u00abEscritos de Luis Robineau\u00bb","block_context":{"text":"Escritos de Luis Robineau","link":"http:\/\/vincentians.com\/es\/category\/escritos\/escritos-de-luis-robineau\/"},"img":{"alt_text":"","src":"","width":0,"height":0},"classes":[]},{"id":16689,"url":"http:\/\/vincentians.com\/es\/el-senor-vicente-visto-por-su-secretario-luis-robineau-articulos-016-al-020\/","url_meta":{"origin":41568,"position":5},"title":"El se\u00f1or Vicente visto por su secretario, Luis Robineau. Art\u00edculos 016 al 020","author":"Francisco Javier Fern\u00e1ndez Chento","date":"09\/11\/2024","format":false,"excerpt":"016. La Humildad, medio para tener \u00e9xito en las empresas dif\u00edciles. Dec\u00eda a una persona de la Compa\u00f1\u00eda, que iba destinada a un lugar lejos de Par\u00eds y a la que confi\u00f3 una ocupaci\u00f3n importante: \"Si usted desea conseguir eso, el mejor medio para llevarlo a cabo es el de\u2026","rel":"","context":"En \u00abEscritos de Luis Robineau\u00bb","block_context":{"text":"Escritos de Luis Robineau","link":"http:\/\/vincentians.com\/es\/category\/escritos\/escritos-de-luis-robineau\/"},"img":{"alt_text":"","src":"https:\/\/i0.wp.com\/vincentians.com\/es\/wp-content\/uploads\/sites\/11\/2013\/04\/f-8-scaled.jpg?fit=1200%2C570&resize=350%2C200","width":350,"height":200,"srcset":"https:\/\/i0.wp.com\/vincentians.com\/es\/wp-content\/uploads\/sites\/11\/2013\/04\/f-8-scaled.jpg?fit=1200%2C570&resize=350%2C200 1x, https:\/\/i0.wp.com\/vincentians.com\/es\/wp-content\/uploads\/sites\/11\/2013\/04\/f-8-scaled.jpg?fit=1200%2C570&resize=525%2C300 1.5x, https:\/\/i0.wp.com\/vincentians.com\/es\/wp-content\/uploads\/sites\/11\/2013\/04\/f-8-scaled.jpg?fit=1200%2C570&resize=700%2C400 2x, https:\/\/i0.wp.com\/vincentians.com\/es\/wp-content\/uploads\/sites\/11\/2013\/04\/f-8-scaled.jpg?fit=1200%2C570&resize=1050%2C600 3x"},"classes":[]}],"_links":{"self":[{"href":"http:\/\/vincentians.com\/es\/wp-json\/wp\/v2\/posts\/41568","targetHints":{"allow":["GET"]}}],"collection":[{"href":"http:\/\/vincentians.com\/es\/wp-json\/wp\/v2\/posts"}],"about":[{"href":"http:\/\/vincentians.com\/es\/wp-json\/wp\/v2\/types\/post"}],"author":[{"embeddable":true,"href":"http:\/\/vincentians.com\/es\/wp-json\/wp\/v2\/users\/4"}],"replies":[{"embeddable":true,"href":"http:\/\/vincentians.com\/es\/wp-json\/wp\/v2\/comments?post=41568"}],"version-history":[{"count":0,"href":"http:\/\/vincentians.com\/es\/wp-json\/wp\/v2\/posts\/41568\/revisions"}],"wp:featuredmedia":[{"embeddable":true,"href":"http:\/\/vincentians.com\/es\/wp-json\/"}],"wp:attachment":[{"href":"http:\/\/vincentians.com\/es\/wp-json\/wp\/v2\/media?parent=41568"}],"wp:term":[{"taxonomy":"category","embeddable":true,"href":"http:\/\/vincentians.com\/es\/wp-json\/wp\/v2\/categories?post=41568"},{"taxonomy":"post_tag","embeddable":true,"href":"http:\/\/vincentians.com\/es\/wp-json\/wp\/v2\/tags?post=41568"}],"curies":[{"name":"wp","href":"https:\/\/api.w.org\/{rel}","templated":true}]}}