{"id":41408,"date":"2015-05-26T07:07:07","date_gmt":"2015-05-26T05:07:07","guid":{"rendered":"http:\/\/somos.vicencianos.org\/?p=41408"},"modified":"2016-07-26T19:17:46","modified_gmt":"2016-07-26T17:17:46","slug":"conjugar-la-accion-y-la-contemplacion-una-clave-para-entender-a-vicente-de-paul","status":"publish","type":"post","link":"http:\/\/vincentians.com\/es\/conjugar-la-accion-y-la-contemplacion-una-clave-para-entender-a-vicente-de-paul\/","title":{"rendered":"Conjugar la acci\u00f3n y la contemplaci\u00f3n: Una clave para entender a Vicente de Pa\u00fal"},"content":{"rendered":"<div id=\"attachment_41414\" style=\"width: 226px\" class=\"wp-caption alignright\"><a href=\"https:\/\/i0.wp.com\/vicencianos.org\/wp-content\/2011\/06\/vicente_orando.jpg\"><img data-recalc-dims=\"1\" loading=\"lazy\" decoding=\"async\" aria-describedby=\"caption-attachment-41414\" class=\"size-medium wp-image-41414\" title=\"San Vicente implorando la clemencia divina\" src=\"https:\/\/i0.wp.com\/vicencianos.org\/wp-content\/2011\/06\/vicente_orando-216x300.jpg?resize=216%2C300\" alt=\"San Vicente implorando la clemencia divina\" width=\"216\" height=\"300\" \/><\/a><p id=\"caption-attachment-41414\" class=\"wp-caption-text\">San Vicente implorando la clemencia divina<\/p><\/div>\n<p>Hay muchas llaves en una casa grande. En el llavero puedes encontrar las llaves de la puerta principal y trasera, la del s\u00f3tano, quiz\u00e1s la de un cuarto poco usado, tambi\u00e9n la de una hucha o la de un armario de licores. Cada una de ellas nos abre alguna entrada al espacio vital del due\u00f1o y a su persona. As\u00ed ocurre con las vidas de los grandes hombres y mujeres. Los historiadores sugieren a menudo varias claves de su personalidad o de su visi\u00f3n y, desde tal punto de vista, intentan descifrar su vida y obras.<\/p>\n<p>Vicente de Pa\u00fal no es una excepci\u00f3n. Abelly, su primer bi\u00f3grafo,<span id='easy-footnote-1-41408' class='easy-footnote-margin-adjust'><\/span><span class='easy-footnote'><a href='http:\/\/vincentians.com\/es\/conjugar-la-accion-y-la-contemplacion-una-clave-para-entender-a-vicente-de-paul\/#easy-footnote-bottom-1-41408' title='Para un resumen de los numerosos bi\u00f3grafos de Vicente, cf. Luigi Mezzadri, &lt;em&gt;La sete e la sorgente &lt;\/em&gt;(Roma: CLV Edizioni Vincenziane, 1992) I, 103 ss.'><sup>1<\/sup><\/a><\/span> se fij\u00f3 en la imitaci\u00f3n de Cristo como el elemento clave del viaje espiritual de Vicente.<span id='easy-footnote-2-41408' class='easy-footnote-margin-adjust'><\/span><span class='easy-footnote'><a href='http:\/\/vincentians.com\/es\/conjugar-la-accion-y-la-contemplacion-una-clave-para-entender-a-vicente-de-paul\/#easy-footnote-bottom-2-41408' title='Cf. Luis Abelly, &lt;em&gt;Vie de Vincent de Paul&lt;\/em&gt;, (Florentin Lambert, Paris: 1664) Libro I, 78. M\u00e1s tarde, en una edici\u00f3n de 1667, Abelly propuso dos claves para comprender a Vicente: la imitaci\u00f3n de Cristo y la conformidad con la voluntad de Dios.'><sup>2<\/sup><\/a><\/span> Collet sigui\u00f3 este ejemplo, como hizo la mayor\u00eda de los bi\u00f3grafos hasta el siglo XX.<span id='easy-footnote-3-41408' class='easy-footnote-margin-adjust'><\/span><span class='easy-footnote'><a href='http:\/\/vincentians.com\/es\/conjugar-la-accion-y-la-contemplacion-una-clave-para-entender-a-vicente-de-paul\/#easy-footnote-bottom-3-41408' title='Pierre Collet, &lt;em&gt;La Vie de Saint Vincent de Paul&lt;\/em&gt;, (Nancy: A. Leseure, 1748) 95, 138-139.'><sup>3<\/sup><\/a><\/span> En este siglo, despu\u00e9s de la aparici\u00f3n de la edici\u00f3n definitiva de Pierre Coste de las obras de Vicente, algunos subrayaron como elemento clave el sentido de Vicente de ser sacerdote<span id='easy-footnote-4-41408' class='easy-footnote-margin-adjust'><\/span><span class='easy-footnote'><a href='http:\/\/vincentians.com\/es\/conjugar-la-accion-y-la-contemplacion-una-clave-para-entender-a-vicente-de-paul\/#easy-footnote-bottom-4-41408' title='Cf. Joseph Leonard, &lt;em&gt;St. Vincent de Paul, A Guide for Priests &lt;\/em&gt;(London: Burns, Oates, and Washbourne, 1932); tambi\u00e9n, Jacques Delarue, &lt;em&gt;L\u2019Id\u00e9al Missionnaire du Pr\u00eatre d\u2019apr\u00e8s Saint Vincent de Paul &lt;\/em&gt;(Paris: Librairie Vincentienne et Missionaire, 1946); Josef Parafiniuk, &lt;em&gt;L\u2019Insegnamento di S. Vincenzo De\u2019Paoli sul Sacerdozio alla Luce del Vaticano II &lt;\/em&gt;(Roma: Angelicum, 1990&lt;em&gt;).&lt;\/em&gt;'><sup>4<\/sup><\/a><\/span> o director espiritual.<span id='easy-footnote-5-41408' class='easy-footnote-margin-adjust'><\/span><span class='easy-footnote'><a href='http:\/\/vincentians.com\/es\/conjugar-la-accion-y-la-contemplacion-una-clave-para-entender-a-vicente-de-paul\/#easy-footnote-bottom-5-41408' title='Cf. Abb\u00e9 Arnaud d\u2019Henel, &lt;em&gt;Saint Vincent de Paul, \u00abDirecteur de Conscience\u00bb &lt;\/em&gt;(Paris: Pierre T\u00e9qui, 1925).'><sup>5<\/sup><\/a><\/span> Otros estudiaron la influencia de los maestros espirituales en Vicente, encontrando la clave en lo que recibi\u00f3 de Benito de Canfield, Pedro de B\u00e9rulle, Francisco de Sales y Andr\u00e9s Duval.<span id='easy-footnote-6-41408' class='easy-footnote-margin-adjust'><\/span><span class='easy-footnote'><a href='http:\/\/vincentians.com\/es\/conjugar-la-accion-y-la-contemplacion-una-clave-para-entender-a-vicente-de-paul\/#easy-footnote-bottom-6-41408' title='Mezzadri, &lt;em&gt;ibid&lt;\/em&gt;., 35 ss.'><sup>6<\/sup><\/a><\/span> Para Andr\u00e9 Dodin, la clave fue la experiencia espiritual de Vicente, su fe y su sabidur\u00eda pr\u00e1ctica.<span id='easy-footnote-7-41408' class='easy-footnote-margin-adjust'><\/span><span class='easy-footnote'><a href='http:\/\/vincentians.com\/es\/conjugar-la-accion-y-la-contemplacion-una-clave-para-entender-a-vicente-de-paul\/#easy-footnote-bottom-7-41408' title='Cf. Andr\u00e9 Dodin, &lt;em&gt;St. Vincent de Paul et la charit\u00e9&lt;\/em&gt; (Paris. \u00c9ditions du Seuil, 1960) 64 ss.'><sup>7<\/sup><\/a><\/span>\n<p>Algunos han sostenido que el hacer la voluntad de Dios<span id='easy-footnote-8-41408' class='easy-footnote-margin-adjust'><\/span><span class='easy-footnote'><a href='http:\/\/vincentians.com\/es\/conjugar-la-accion-y-la-contemplacion-una-clave-para-entender-a-vicente-de-paul\/#easy-footnote-bottom-8-41408' title='Cf. J\u00f3sef Kapu\u015bciak, Il compimento della Volont\u00e1 di Dio comme principio unificatore fra azione e preghiera in San Vincenzo de\u2019Paoli (Roma: Pontificia Universitas Gregoriana, 1982).'><sup>8<\/sup><\/a><\/span> o el abandono en las manos de la providencia<span id='easy-footnote-9-41408' class='easy-footnote-margin-adjust'><\/span><span class='easy-footnote'><a href='http:\/\/vincentians.com\/es\/conjugar-la-accion-y-la-contemplacion-una-clave-para-entender-a-vicente-de-paul\/#easy-footnote-bottom-9-41408' title='Cf. Victoriano C. Torres, &lt;em&gt;Devotion to Divine Providence and Sensitivity to the Spirit&lt;\/em&gt; &lt;em&gt;in Vincentian Apostolic Spirituality &lt;\/em&gt;(Rome: Teresianum, 198&lt;em&gt;7&lt;\/em&gt;).'><sup>9<\/sup><\/a><\/span> son las claves para comprender a Vicente. \u00c9l escuch\u00f3 la voluntad de Dios transmitida a trav\u00e9s de los acontecimientos y de las personas y respondi\u00f3 a lo que o\u00eda. En su vida, sigui\u00f3 a la providencia paso a paso, sin adelantarse nunca.<span id='easy-footnote-10-41408' class='easy-footnote-margin-adjust'><\/span><span class='easy-footnote'><a href='http:\/\/vincentians.com\/es\/conjugar-la-accion-y-la-contemplacion-una-clave-para-entender-a-vicente-de-paul\/#easy-footnote-bottom-10-41408' title='SV I, 68-69 = ES I, 131-132. (En todas las citas posteriores de las obras de San Vicente, la primera referencia corresponde a la edici\u00f3n francesa de P. Coste; la segunda, a la edici\u00f3n espa\u00f1ola de S\u00edgueme).'><sup>10<\/sup><\/a><\/span>\n<p>Una interpretaci\u00f3n de sentido com\u00fan ve a los pobres como la clave.<span id='easy-footnote-11-41408' class='easy-footnote-margin-adjust'><\/span><span class='easy-footnote'><a href='http:\/\/vincentians.com\/es\/conjugar-la-accion-y-la-contemplacion-una-clave-para-entender-a-vicente-de-paul\/#easy-footnote-bottom-11-41408' title='Cf. Jos\u00e9 Mar\u00eda Ib\u00e1\u00f1ez, &lt;em&gt;San Vicente de Pa\u00fal y los pobres de su tiempo &lt;\/em&gt;(Salamanca, 1977) 271; John Prager, \u00abThe Poor as the Starting Point for Vincentian Studies: A Liberation Hermeneutic\u00bb en &lt;em&gt;Vincentiana&lt;\/em&gt; 2 (1991), 140-145.'><sup>11<\/sup><\/a><\/span> Vicente es conocido precisamente por dedicar su vida entera al servicio de los m\u00e1s olvidados. Eran los pobres los que le sacaban de s\u00ed. Fue en ellos donde encontr\u00f3 a Dios y descubri\u00f3 el camino por el que hab\u00eda de andar durante el resto de su vida.<span id='easy-footnote-12-41408' class='easy-footnote-margin-adjust'><\/span><span class='easy-footnote'><a href='http:\/\/vincentians.com\/es\/conjugar-la-accion-y-la-contemplacion-una-clave-para-entender-a-vicente-de-paul\/#easy-footnote-bottom-12-41408' title='Pero en oposici\u00f3n a este estudio, Henri Bremond, en su cl\u00e1sico trabajo &lt;em&gt;Histoire Litt\u00e9raire du sentiment religieux en France depuis la fin des guerres de religion jusqu\u2019\u00e0 nos jours (&lt;\/em&gt;Paris, Bloud et Gay, 1921-1923, Vol. III, cap. 4) escribe: \u00abTengamos cuidado, sin embargo, en no tomar la causa por el efecto. No es el amor al pr\u00f3jimo lo que le llev\u00f3 a la santidad; es m\u00e1s bien la santidad lo que le hizo real y eficazmente caritativo; no son los pobres los que lo entregaron a Dios, sino Dios, al contrario, quien lo entreg\u00f3 a los pobres\u00bb. El cap\u00edtulo de Bremond puede encontrarse en &lt;em&gt;Letters of St. Vincent de Paul&lt;\/em&gt;, traducidas y editadas por Joseph Leonard (London: Burns Oates &amp;amp; Washbourned Ltd, 1937) 1-30; cf., para la cita hecha aqu\u00ed, 20-21.'><sup>12<\/sup><\/a><\/span>\n<p>El lector atento podr\u00e1 encontrar por s\u00ed mismo otras claves, a veces olvidadas. Vicente insiste en que la sencillez es la <em>\u00abvirtud que m\u00e1s amo\u00bb<\/em>.<span id='easy-footnote-13-41408' class='easy-footnote-margin-adjust'><\/span><span class='easy-footnote'><a href='http:\/\/vincentians.com\/es\/conjugar-la-accion-y-la-contemplacion-una-clave-para-entender-a-vicente-de-paul\/#easy-footnote-bottom-13-41408' title='SV I, 284 = ES I, 310.'><sup>13<\/sup><\/a><\/span> \u00c9l la llama <em>\u00abmi evangelio\u00bb<\/em>.<span id='easy-footnote-14-41408' class='easy-footnote-margin-adjust'><\/span><span class='easy-footnote'><a href='http:\/\/vincentians.com\/es\/conjugar-la-accion-y-la-contemplacion-una-clave-para-entender-a-vicente-de-paul\/#easy-footnote-bottom-14-41408' title='SV IX 606 = ES IX, 546.'><sup>14<\/sup><\/a><\/span> \u00bfNo podr\u00edamos decir con raz\u00f3n que \u00e9sta es una de las claves m\u00e1s reveladoras?<\/p>\n<p>Todas estas claves contribuyen a nuestra comprensi\u00f3n de Vicente de Pa\u00fal. Como es natural, unas son m\u00e1s \u00fatiles que otras. Pero cada una aporta su intuici\u00f3n. Todas revelan una faceta de su rica personalidad.<\/p>\n<p>Hoy sugiero otra clave que considero muy \u00fatil: la capacidad de Vicente para unir acci\u00f3n y contemplaci\u00f3n. Esta clave me parece particularmente \u00fatil hoy que se habla tanto de la espiritualidad apost\u00f3lica. Al proponerla, soy consciente de una serie de limitaciones:<\/p>\n<ol>\n<li>Como todas las dem\u00e1s claves, s\u00f3lo nos presenta <em>una<\/em> manera de analizar a Vicente. Debe ser usada como complemento de las otras claves.<\/li>\n<li>No es una clave que aparezca en una primera lectura de Vicente (lo que no sucede, por ejemplo, con los pobres o la sencillez); s\u00f3lo se la descubre en un segundo nivel de reflexi\u00f3n.<\/li>\n<li>De ninguna forma se trata de una clave reci\u00e9n descubierta. Otros ya la han percibido antes,<span id='easy-footnote-15-41408' class='easy-footnote-margin-adjust'><\/span><span class='easy-footnote'><a href='http:\/\/vincentians.com\/es\/conjugar-la-accion-y-la-contemplacion-una-clave-para-entender-a-vicente-de-paul\/#easy-footnote-bottom-15-41408' title='Cf. Jos\u00e9 Mar\u00eda L\u00f3pez Maside, &lt;em&gt;Uni\u00f3n con Dios y servicio de los dobres. Experiencia y doctrina en los escritos de San Vicente de Pa\u00fal&lt;\/em&gt; (Roma, 1984); Carlo Braga, \u00abLa vita spirituale della \u2018Missione\u2019\u00bb en &lt;em&gt;Vincentiana&lt;\/em&gt; 4 (1981) 293-305; John Prager, \u00abReflections on the Renewal of Vincentian Spirituality\u00bb en &lt;em&gt;Vincentiana&lt;\/em&gt; 5\/6 (1981) 366-383; J\u00f3seph Kapu\u015bciak, \u00abUnit\u00e1 fra azione e preghiera e S. Vincenzo de\u2019 Paoli en &lt;em&gt;Vincentiana&lt;\/em&gt; 1 (1983) 68-73.'><sup>15<\/sup><\/a><\/span> aunque hoy se pueda encontrar un poco de herrumbre en esta clave.<\/li>\n<\/ol>\n<p>Dicho esto, voy a presentar algunas reflexiones sobre esta clave tan \u00fatil y quiz\u00e1s un tanto olvidada para entender la espiritualidad de Vicente.<\/p>\n<h2>Vicente como hombre de acci\u00f3n<\/h2>\n<h3>A. Sus actividades<\/h3>\n<p>Pocos santos ha habido tan activos como Vicente de Pa\u00fal. S\u00f3lo destacando sus principales realizaciones, la lista de \u00e9stas es impresionante.<\/p>\n<p>En 1617, sintiendo la necesidad de organizar obras pr\u00e1cticas de caridad en Ch\u00e2tillon, fund\u00f3 \u00ablas Caridades\u00bb (m\u00e1s tarde conocidas como las Damas de la Caridad y ahora llamadas AIC). \u00c9stas se extendieron r\u00e1pidamente por toda Francia y luego por el mundo, llegando a contar hoy con m\u00e1s de 260.000 miembros. Durante su vida redact\u00f3 los estatutos para numerosas \u00abCaridades\u00bb que surgieron en toda Francia.<\/p>\n<p>En 1625, fund\u00f3 la Congregaci\u00f3n de la Misi\u00f3n. En el momento de su muerte, la Congregaci\u00f3n hab\u00eda llegado a Polonia, Italia, Argelia, Madagascar, Irlanda, Escocia, las H\u00e9bridas y las Orkneys. Durante su vida, la casa de San L\u00e1zaro ella sola dio m\u00e1s de mil misiones. Ejerci\u00f3 como Superior General de la Congregaci\u00f3n hasta su muerte, celebrando reuniones regulares del consejo, escribiendo sus reglas, dirigiendo las asambleas generales y resolviendo cantidad de problemas fundacionales como conseguir la aprobaci\u00f3n de la Congregaci\u00f3n por la Santa Sede, decidir si los cohermanos deb\u00edan hacer votos, determinar cu\u00e1les deb\u00edan pronunciarse y cu\u00e1l deb\u00eda ser su contenido.<\/p>\n<p>En 1633, junto con Luisa de Marillac, fund\u00f3 las Hijas de la Caridad. Con Luisa a su lado, actu\u00f3 como Superior General, presidiendo los frecuentes consejos, redactando una regla y resolviendo la base jur\u00eddica un tanto revolucionaria que har\u00eda de la Compa\u00f1\u00eda una fuerza apost\u00f3lica tan poderosa en los a\u00f1os venideros. Durante su vida, se erigieron m\u00e1s de 60 casas entre Francia y Polonia. Luego, la Compa\u00f1\u00eda lleg\u00f3 a ser una de las m\u00e1s grandes congregaciones que ha visto la Iglesia.<\/p>\n<p>En el proceso de guiar a los grupos que fund\u00f3, Vicente mantuvo una enorme correspondencia, con m\u00e1s de 30.000 cartas, de las que solamente se conserva un 10%. Dio frecuentes conferencias a la Congregaci\u00f3n de la Misi\u00f3n y a las Hermanas. \u00danicamente se conserva un peque\u00f1o n\u00famero de ellas y \u00e9stas son simplemente referencias de los copistas sobre lo que \u00e9l dec\u00eda. Tambi\u00e9n dio conferencias a las religiosas de la Visitaci\u00f3n, confiadas a su cuidado por Francisco de Sales en 1622. Ninguna de \u00e9stas nos ha sido legada.<\/p>\n<p>De 1628 en adelante se fue comprometiendo m\u00e1s y m\u00e1s en la reforma del clero, organizando ejercicios para ordenandos, las Conferencias de los Martes y retiros para sacerdotes. Abelly nos dice que m\u00e1s de 12.000 ordenandos hicieron los ejercicios en San L\u00e1zaro. En los \u00faltimos 25 a\u00f1os de su vida se encarg\u00f3 de la fundaci\u00f3n de seminarios para el clero diocesano, obra que describi\u00f3 como \u00abcasi igual\u00bb<span id='easy-footnote-16-41408' class='easy-footnote-margin-adjust'><\/span><span class='easy-footnote'><a href='http:\/\/vincentians.com\/es\/conjugar-la-accion-y-la-contemplacion-una-clave-para-entender-a-vicente-de-paul\/#easy-footnote-bottom-16-41408' title='RC XI, 12.'><sup>16<\/sup><\/a><\/span> y en otras ocasiones como \u00abigual\u00bb a la de las misiones.<span id='easy-footnote-17-41408' class='easy-footnote-margin-adjust'><\/span><span class='easy-footnote'><a href='http:\/\/vincentians.com\/es\/conjugar-la-accion-y-la-contemplacion-una-clave-para-entender-a-vicente-de-paul\/#easy-footnote-bottom-17-41408' title='SV V, 489 = ES V, 463; SV VII, 561 = ES VII, 476-477.'><sup>17<\/sup><\/a><\/span> \u00a1Y lleg\u00f3 a fundar 20!<\/p>\n<p>En 1638, se encarg\u00f3 de la obra de los ni\u00f1os exp\u00f3sitos. M\u00e1s de 300 eran abandonados anualmente en las calles de Par\u00eds. Seg\u00fan los casos, asignaba un n\u00famero de Hijas de la Caridad a la obra y tuvo 13 casas para recibirlos. Cuando, en 1647, esta obra estuvo en peligro, la salv\u00f3 dirigiendo una elocuente llamada a las Damas de la Caridad para que vieran a los exp\u00f3sitos como a sus hijos.<span id='easy-footnote-18-41408' class='easy-footnote-margin-adjust'><\/span><span class='easy-footnote'><a href='http:\/\/vincentians.com\/es\/conjugar-la-accion-y-la-contemplacion-una-clave-para-entender-a-vicente-de-paul\/#easy-footnote-bottom-18-41408' title='SV XIII, 801 = ES X, 943.'><sup>18<\/sup><\/a><\/span>\n<p>A partir de 1639, Vicente comenz\u00f3 a organizar campa\u00f1as para socorrer a los que sufr\u00edan por la guerra, las plagas y el hambre. Uno de los ayudantes de Vicente, el Hermano Mateo Regnard, hizo 53 viajes, atravesando las filas del enemigo disfrazado, llevando dinero de Vicente para auxilio de los que se encontraban en zonas de guerra.<span id='easy-footnote-19-41408' class='easy-footnote-margin-adjust'><\/span><span class='easy-footnote'><a href='http:\/\/vincentians.com\/es\/conjugar-la-accion-y-la-contemplacion-una-clave-para-entender-a-vicente-de-paul\/#easy-footnote-bottom-19-41408' title='Dodin, &lt;em&gt;op. cit.,&lt;\/em&gt; p. 45, declara que el hermano Mateo llevaba de \u00a125 a 30 mil &lt;em&gt;libras &lt;\/em&gt;por viaje!'><sup>19<\/sup><\/a><\/span>\n<p>De 1643 a 1652 sirvi\u00f3 en el Consejo de Conciencia, cuerpo administrativo selecto que aconsejaba al rey en lo referente a la elecci\u00f3n de obispos. Al mismo tiempo fue amigo y, a menudo, consejero de muchos de los grandes gu\u00edas espirituales de su tiempo.<\/p>\n<p>En 1652, cuando la pobreza rodeaba Par\u00eds, Vicente, a los 72 a\u00f1os, organiz\u00f3 ingentes programas de socorro que repart\u00edan sopa dos veces al d\u00eda a miles de pobres en San L\u00e1zaro y alimentaban a miles m\u00e1s en las casas de las Hijas de la Caridad. Organiz\u00f3 colectas, llegando a recoger cada semana de 5 a 6 mil libras de carne, de 2 a 3 mil huevos y provisiones de ropa y utensilios.<span id='easy-footnote-20-41408' class='easy-footnote-margin-adjust'><\/span><span class='easy-footnote'><a href='http:\/\/vincentians.com\/es\/conjugar-la-accion-y-la-contemplacion-una-clave-para-entender-a-vicente-de-paul\/#easy-footnote-bottom-20-41408' title='Para muchos detalles interesantes sobre el manejo del dinero seg\u00fan San Vicente y su administraci\u00f3n de obras caritativas, cf. Ren\u00e9 Wulfman &lt;em&gt;Charit\u00e9 Publique et Finances Priv\u00e9es: Monsieur Vincent, Gestionnaire et Saint &lt;\/em&gt;(Villeneuve d\u2019Ascq, France: Presses Universitaires du Septentrion, 1998).'><sup>20<\/sup><\/a><\/span>\n<p>Tan impresionantes fueron las actividades de Vicente que el predicador de su funeral, Henri de Maupas du Tour, declar\u00f3: <em>\u00abPoco le falt\u00f3 para cambiar la faz de la Iglesia\u00bb<\/em>.<span id='easy-footnote-21-41408' class='easy-footnote-margin-adjust'><\/span><span class='easy-footnote'><a href='http:\/\/vincentians.com\/es\/conjugar-la-accion-y-la-contemplacion-una-clave-para-entender-a-vicente-de-paul\/#easy-footnote-bottom-21-41408' title='Este texto lo cita Andr\u00e9 Dodin en &lt;em&gt;St. Vincent de Paul et la charit\u00e9&lt;\/em&gt;, op. cit., 103: \u00abCasi cambi\u00f3 la faz de la Iglesia.\u00bb El texto de la oraci\u00f3n f\u00fanebre de Maupas est\u00e1 a disposici\u00f3n en el CD-ROM, preparado por Claude Lautissier, que contiene varios escritos vicencianos.'><sup>21<\/sup><\/a><\/span>\n<h3>B. Principios b\u00e1sicos de esas actividades<\/h3>\n<p>Muchos principios guiaron las actividades de Vicente, pero especialmente dos est\u00e1n en su base.<span id='easy-footnote-22-41408' class='easy-footnote-margin-adjust'><\/span><span class='easy-footnote'><a href='http:\/\/vincentians.com\/es\/conjugar-la-accion-y-la-contemplacion-una-clave-para-entender-a-vicente-de-paul\/#easy-footnote-bottom-22-41408' title='Cf. Giuseppe L. Coluccia, &lt;em&gt;Spiritualit\u00e0 Vincenziana Spiritualit\u00e0 dell\u2019Azione&lt;\/em&gt; (Roma: M. Spada, 1978) 231-243; cf. tambi\u00e9n Antonio Gomes Pereira, \u00abEspiritualidade da A\u00e7\u00e2o\u00bb en &lt;em&gt;Semana de Estudios Vicentinos, &lt;\/em&gt;CLAPVI (Curitiba: Gr\u00e1fica Vicentina Ltda., 1981) 215-233; John Ranasingh, &lt;em&gt;Saint Vincent de Paul and the Spirituality of Work&lt;\/em&gt; (Rome: Teresianum,1983); J.-B. Boudignon,&lt;em&gt; Saint Vincent de Paul, Model des Hommes d\u2019Action et d\u2019Oeuvres&lt;\/em&gt; (Paris, 1886); J. Herrera, &lt;em&gt;Teolog\u00eda de la Acci\u00f3n y M\u00edstica de la Caridad &lt;\/em&gt;(Madrid, 1960)&lt;em&gt;.&lt;\/em&gt;'><sup>22<\/sup><\/a><\/span>\n<p><em>1. Escuch\u00f3 la voz de Dios en los acontecimientos y en la gente.<\/em><\/p>\n<p>Muchos han destacado la importancia de los acontecimientos para Vicente. De hecho, es un lugar com\u00fan hablar de la \u00abexperiencia de Gannes-Folleville\u00bb y de la \u00abexperiencia de Ch\u00e2tillon\u00bb. Su conversi\u00f3n no se cuenta en t\u00e9rminos de una dram\u00e1tica experiencia de gracia que sucediera durante la oraci\u00f3n, sino como consecuencia de darse cuenta de que Dios le estaba hablando por medio de tr\u00e1gicas situaciones humanas: la triste suerte de los pobres campesinos, la p\u00e9sima educaci\u00f3n del clero, el abandono de los ni\u00f1os en las calles de Par\u00eds, las devastadoras guerras en las provincias.<\/p>\n<p>Vicente o\u00eda tambi\u00e9n la voz de Dios en las personas. El campesino de Gannes, que hizo una alarmante confesi\u00f3n a Vicente en el lecho de muerte, fue para \u00e9l la voz de Dios que lo llamaba a fundar la Congregaci\u00f3n de la Misi\u00f3n. Las inquietudes expresadas por el Obispo de Beauvais en 1628 fueron una llamada de Dios para Vicente, embarc\u00e1ndole de por vida en una serie de proyectos pr\u00e1cticos para la reforma del clero.<\/p>\n<p><em>2. Sigui\u00f3 paso a paso a la providencia.<\/em><\/p>\n<p><em>\u00abLa gracia tiene sus momentos\u00bb<\/em>, le gustaba decir a San Vicente.<span id='easy-footnote-23-41408' class='easy-footnote-margin-adjust'><\/span><span class='easy-footnote'><a href='http:\/\/vincentians.com\/es\/conjugar-la-accion-y-la-contemplacion-una-clave-para-entender-a-vicente-de-paul\/#easy-footnote-bottom-23-41408' title='SV II, 453 = ES II, 381.'><sup>23<\/sup><\/a><\/span> Estaba \u00edntimamente convencido de que Dios nos ama, de que es padre y madre para nosotros<span id='easy-footnote-24-41408' class='easy-footnote-margin-adjust'><\/span><span class='easy-footnote'><a href='http:\/\/vincentians.com\/es\/conjugar-la-accion-y-la-contemplacion-una-clave-para-entender-a-vicente-de-paul\/#easy-footnote-bottom-24-41408' title='Cf., SV V, 534 = ES V, 510; SV VI, 444 = ES VI, 413; ES VIII, 55, 256 = ES VIII, 52, 244.'><sup>24<\/sup><\/a><\/span> y de que camina con nosotros paso a paso.<span id='easy-footnote-25-41408' class='easy-footnote-margin-adjust'><\/span><span class='easy-footnote'><a href='http:\/\/vincentians.com\/es\/conjugar-la-accion-y-la-contemplacion-una-clave-para-entender-a-vicente-de-paul\/#easy-footnote-bottom-25-41408' title='Cf., SV II, 226 = ES II, 190; SV VII, 216 = ES VII, 189.'><sup>25<\/sup><\/a><\/span>\n<p>De pocos temas habla Vicente tan a menudo como de la providencia. En 1634, le dice a Luisa de Marillac: <em>\u00abSiga el orden de la providencia. \u00a1Oh, qu\u00e9 acierto es dejarnos guiar por ella!\u00bb<\/em>.<span id='easy-footnote-26-41408' class='easy-footnote-margin-adjust'><\/span><span class='easy-footnote'><a href='http:\/\/vincentians.com\/es\/conjugar-la-accion-y-la-contemplacion-una-clave-para-entender-a-vicente-de-paul\/#easy-footnote-bottom-26-41408' title='SV I, 241 = ES I, 326.'><sup>26<\/sup><\/a><\/span> A veces, hablando de seguir la providencia de Dios, apremia a otros para que moderen su celo indiscreto. Dice a Felipe Le Vacher: <em>\u00abEl bien que Dios quiere se realiza casi por s\u00ed mismo, sin que se piense en ello. As\u00ed es como naci\u00f3 nuestra Congregaci\u00f3n, como empezaron las misiones y los ejercicios de los ordenandos, como se fund\u00f3 la Compa\u00f1\u00eda de las Hijas de la Caridad&#8230; \u00a1Dios m\u00edo! \u00a1Cu\u00e1nto deseo, padre, que modere usted sus ardores y que pese maduramente las cosas en la balanza del santuario antes de decidirlas!\u00bb<\/em><em>.<\/em><span id='easy-footnote-27-41408' class='easy-footnote-margin-adjust'><\/span><span class='easy-footnote'><a href='http:\/\/vincentians.com\/es\/conjugar-la-accion-y-la-contemplacion-una-clave-para-entender-a-vicente-de-paul\/#easy-footnote-bottom-27-41408' title='SV IV, 122-123 = ES IV, 499.'><sup>27<\/sup><\/a><\/span> Pero en otros momentos, en nombre de la misma providencia, urge a los cohermanos a la acci\u00f3n. En 1655, dice a Esteban Blatiron, superior de Roma: <em>\u00abNo deje usted de urgir nuestro asunto, con la confianza de que \u00e9sa es la voluntad de Dios&#8230; El \u00e9xito de semejantes empresas se debe muchas veces a la paciencia y a la vigilancia que se practica en ellas&#8230; Las obras de Dios tienen su momento. Es entonces cuando su providencia las lleva a cabo, y no antes ni despu\u00e9s&#8230; Aguardemos con paciencia, pero actuemos&#8230;\u00bb<\/em>.<span id='easy-footnote-28-41408' class='easy-footnote-margin-adjust'><\/span><span class='easy-footnote'><a href='http:\/\/vincentians.com\/es\/conjugar-la-accion-y-la-contemplacion-una-clave-para-entender-a-vicente-de-paul\/#easy-footnote-bottom-28-41408' title='SV V, 396 = ES V, 374.'><sup>28<\/sup><\/a><\/span><em><br \/>\n<\/em><\/p>\n<p>San Vicente resume su aprecio de la providencia de Dios en una hermosa declaraci\u00f3n a Juan Barreau: <em>\u00abNo podemos asegurar mejor nuestra felicidad eterna que viviendo y muriendo en el servicio de los pobres, en los brazos de la providencia y en una renuncia actual a nosotros mismos, para seguir a Jesucristo\u00bb<\/em>.<span id='easy-footnote-29-41408' class='easy-footnote-margin-adjust'><\/span><span class='easy-footnote'><a href='http:\/\/vincentians.com\/es\/conjugar-la-accion-y-la-contemplacion-una-clave-para-entender-a-vicente-de-paul\/#easy-footnote-bottom-29-41408' title='SV III, 392 = ES III, 359.'><sup>29<\/sup><\/a><\/span>\n<h2>Vicente como contemplativo<\/h2>\n<p>Con facilidad olvidamos que muchos de sus contempor\u00e1neos tuvieron a Vicente como un contemplativo. Abelly escribe que \u00ab<em>su esp\u00edritu estaba continuamente atento a la presencia de Dios<\/em>\u00ab.<span id='easy-footnote-30-41408' class='easy-footnote-margin-adjust'><\/span><span class='easy-footnote'><a href='http:\/\/vincentians.com\/es\/conjugar-la-accion-y-la-contemplacion-una-clave-para-entender-a-vicente-de-paul\/#easy-footnote-bottom-30-41408' title='Abelly, &lt;em&gt;op. cit&lt;\/em&gt;., Libro III, cap. VI, 49.'><sup>30<\/sup><\/a><\/span> A\u00f1ade que un sacerdote que conoc\u00eda bien a Vicente recordaba haberle visto contemplando un crucifijo durante horas enteras en sus manos. Si alguien siente la tentaci\u00f3n de poner en duda el relato de Abelly, puede ser \u00fatil examinar las propias palabras de Vicente que, especialmente en momentos de descuido, nos ofrecen un reflejo de su coraz\u00f3n.<\/p>\n<p>En una conferencia a las Hijas de la Caridad, dice a las hermanas que, al mismo tiempo que la contemplaci\u00f3n es un don de Dios, es el resultado normal de la vida espiritual. Declara que nos damos a la oraci\u00f3n mental y a la oraci\u00f3n afectiva por propia elecci\u00f3n, pero que nos entregamos a la contemplaci\u00f3n \u00fanicamente cuando somos pose\u00eddos por Dios. De sus conferencias se deduce claramente que ten\u00eda a algunas Hijas de la Caridad por contemplativas. Las animaba a ser otras Santa Teresa.<span id='easy-footnote-31-41408' class='easy-footnote-margin-adjust'><\/span><span class='easy-footnote'><a href='http:\/\/vincentians.com\/es\/conjugar-la-accion-y-la-contemplacion-una-clave-para-entender-a-vicente-de-paul\/#easy-footnote-bottom-31-41408' title='SV IX, 420-424 = ES IX, 384-388.'><sup>31<\/sup><\/a><\/span> El 24 de julio de 1660, al hablar de las virtudes de Luisa de Marillac, sinti\u00f3 un regocijo especial por la descripci\u00f3n de Luisa hecha por una hermana: \u00ab<em>Tan pronto como se encontraba sola, se pon\u00eda en estado de oraci\u00f3n<\/em>\u00ab.<span id='easy-footnote-32-41408' class='easy-footnote-margin-adjust'><\/span><span class='easy-footnote'><a href='http:\/\/vincentians.com\/es\/conjugar-la-accion-y-la-contemplacion-una-clave-para-entender-a-vicente-de-paul\/#easy-footnote-bottom-32-41408' title='SV X, 728 = ES IX, 1234.'><sup>32<\/sup><\/a><\/span>\n<p>La naturalidad con que Vicente hablaba de la contemplaci\u00f3n es una se\u00f1al de que \u00e9l mismo se encontraba a sus anchas en este mundo. A veces, los pensamientos que espont\u00e1neamente expresa son indicio de esto mismo. Una breve nota, hallada en sus escritos, afirma: \u00ab<em>\u00bfHay acaso algo que pueda compararse con la belleza de Dios, que es el principio de toda la belleza y perfecci\u00f3n de las criaturas? \u00bfNo es acaso de \u00e9l de donde sacan todo su brillo y su belleza las flores, las aves, los astros, la luna y el sol?<\/em>\u00ab.<span id='easy-footnote-33-41408' class='easy-footnote-margin-adjust'><\/span><span class='easy-footnote'><a href='http:\/\/vincentians.com\/es\/conjugar-la-accion-y-la-contemplacion-una-clave-para-entender-a-vicente-de-paul\/#easy-footnote-bottom-33-41408' title='SV XIII, 143 = ES X, 183.'><sup>33<\/sup><\/a><\/span> Una vez, habi\u00e9ndose encontrado en una habitaci\u00f3n forrada de espejos y viendo el movimiento de una mosca reflejado por todas partes, coment\u00f3: \u00ab<em>Si los hombres han encontrado medios de ver todo cuanto ocurre, incluso hasta el menor movimiento de un peque\u00f1o insecto, cu\u00e1nto m\u00e1s debemos creer que estamos siempre a la vista en el divino espejo de la visi\u00f3n omnipresente de Dios<\/em>\u00ab.<span id='easy-footnote-34-41408' class='easy-footnote-margin-adjust'><\/span><span class='easy-footnote'><a href='http:\/\/vincentians.com\/es\/conjugar-la-accion-y-la-contemplacion-una-clave-para-entender-a-vicente-de-paul\/#easy-footnote-bottom-34-41408' title='SV XI, 409 = ES XI, 287.'><sup>34<\/sup><\/a><\/span>\n<p>Vicente es muy expresivo cuando habla de c\u00f3mo \u00e9l ve a Dios. Al explicar el primer cap\u00edtulo de las Reglas Comunes a los miembros de la Congregaci\u00f3n de la Misi\u00f3n el 13 de octubre de 1658, reflexiona: <em>\u00abOh, si tuvi\u00e9semos una vista tan penetrante como para penetrar algo en lo infinito de su excelencia; oh, Dios m\u00edo, oh, hermanos m\u00edos, \u00a1qu\u00e9 alt\u00edsimos sentimientos de Dios no sacar\u00edamos de ello! Dir\u00edamos con san Pablo que los ojos no han visto, ni los o\u00eddos han o\u00eddo, ni la mente del hombre ha concebido nada igual. Dios es un abismo de dulzura, un Ser soberano y eternamente glorioso, un Dios infinito que abarca todo lo que es bueno. Todo en \u00e9l es incomprensible\u00bb<\/em>.<span id='easy-footnote-35-41408' class='easy-footnote-margin-adjust'><\/span><span class='easy-footnote'><a href='http:\/\/vincentians.com\/es\/conjugar-la-accion-y-la-contemplacion-una-clave-para-entender-a-vicente-de-paul\/#easy-footnote-bottom-35-41408' title='SV XII, 110 = ES XI, 412.'><sup>35<\/sup><\/a><\/span>\n<p>Hablando a su comunidad de sacerdotes y hermanos un a\u00f1o y medio antes de su muerte, Vicente declara: <em>\u00abEl recuerdo de la Presencia Divina va creciendo en la mente poco a poco y por su gracia se convierte en un h\u00e1bito en nosotros. Nos vemos, por decirlo as\u00ed, animados por la Divina Presencia. Hermanos m\u00edos, cu\u00e1ntas personas hay a\u00fan en este mundo que casi nunca pierden su sentido de la presencia de Dios\u00bb<\/em>.<span id='easy-footnote-36-41408' class='easy-footnote-margin-adjust'><\/span><span class='easy-footnote'><a href='http:\/\/vincentians.com\/es\/conjugar-la-accion-y-la-contemplacion-una-clave-para-entender-a-vicente-de-paul\/#easy-footnote-bottom-36-41408' title='SV XII, 163-164 = ES XI, 456.'><sup>36<\/sup><\/a><\/span><em><br \/>\n<\/em><\/p>\n<h2>Un problema contempor\u00e1neo<\/h2>\n<p>En el per\u00edodo anterior al Vaticano II y a la consiguiente revisi\u00f3n de nuestras propias Constituciones, muchos estaban preocupados porque la Congregaci\u00f3n fuera a convertirse en \u00abreligiosa\u00bb o \u00abmon\u00e1stica.\u00bb Hoy, nuestras revisadas Constituciones dejan muy claro que, seg\u00fan la repetida ense\u00f1anza de san Vicente, somos \u00abseculares\u00bb;<span id='easy-footnote-37-41408' class='easy-footnote-margin-adjust'><\/span><span class='easy-footnote'><a href='http:\/\/vincentians.com\/es\/conjugar-la-accion-y-la-contemplacion-una-clave-para-entender-a-vicente-de-paul\/#easy-footnote-bottom-37-41408' title='C 3 &amp;amp; 2.'><sup>37<\/sup><\/a><\/span> nuestros votos son \u00abno-religiosos\u00bb.<span id='easy-footnote-38-41408' class='easy-footnote-margin-adjust'><\/span><span class='easy-footnote'><a href='http:\/\/vincentians.com\/es\/conjugar-la-accion-y-la-contemplacion-una-clave-para-entender-a-vicente-de-paul\/#easy-footnote-bottom-38-41408' title='C 55 &amp;amp; 1.'><sup>38<\/sup><\/a><\/span> La reciente <em>Instrucci\u00f3n sobre la Estabilidad, Castidad, Pobreza y Obediencia en la Congregaci\u00f3n de la Misi\u00f3n <\/em>pone similar \u00e9nfasis en la secularidad<span id='easy-footnote-39-41408' class='easy-footnote-margin-adjust'><\/span><span class='easy-footnote'><a href='http:\/\/vincentians.com\/es\/conjugar-la-accion-y-la-contemplacion-una-clave-para-entender-a-vicente-de-paul\/#easy-footnote-bottom-39-41408' title='Cf., cap. I, III B.'><sup>39<\/sup><\/a><\/span> de la Congregaci\u00f3n y en la naturaleza no-religiosa de sus votos.<span id='easy-footnote-40-41408' class='easy-footnote-margin-adjust'><\/span><span class='easy-footnote'><a href='http:\/\/vincentians.com\/es\/conjugar-la-accion-y-la-contemplacion-una-clave-para-entender-a-vicente-de-paul\/#easy-footnote-bottom-40-41408' title='Cf., cap. VII, I.'><sup>40<\/sup><\/a><\/span>\n<p>En contraste con el pasado, el problema crucial de hoy es que apenas existe una tendencia hacia el monacato. Ahora, m\u00e1s de tres d\u00e9cadas despu\u00e9s del Vaticano II y de la redacci\u00f3n inicial de nuestras nuevas Constituciones, una tentaci\u00f3n mucho m\u00e1s frecuente es la superactividad y la sobrecarga de trabajo. Este problema no era desconocido en tiempos de san Vicente<em>. <\/em>Un jesuita, que estaba trabajando con los cohermanos, escribi\u00f3 a san Vicente a la muerte de Germain de Montevit: <em>\u00abSus padres son muy d\u00f3ciles y asequibles en todo, excepto cuando se les aconseja que se tomen un poco de descanso. Se imaginan que su cuerpo no es de carne o que su vida no tiene que durar m\u00e1s que un a\u00f1o\u00bb<\/em>.<span id='easy-footnote-41-41408' class='easy-footnote-margin-adjust'><\/span><span class='easy-footnote'><a href='http:\/\/vincentians.com\/es\/conjugar-la-accion-y-la-contemplacion-una-clave-para-entender-a-vicente-de-paul\/#easy-footnote-bottom-41-41408' title='SV II, 24 = ES II, 24.'><sup>41<\/sup><\/a><\/span>\n<p>Dos factores actuales agravan la situaci\u00f3n.<\/p>\n<ul>\n<li>En algunas partes del mundo, en particular en Europa Occidental y en los Estados Unidos, la escasez de vocaciones ha desembocado en un menor n\u00famero de sacerdotes empe\u00f1ados en sostener las obras existentes desde antiguo con las energ\u00edas disminuidas de una edad cada vez m\u00e1s avanzada. La seriedad de esta situaci\u00f3n llev\u00f3 a un obispo norteamericano a decir: <em>\u00abNo puedo pedir a nuestros sacerdotes, y no lo har\u00e9 nunca, que hagan m\u00e1s de lo que est\u00e1n haciendo ahora en su ministerio. La mayor parte se encuentran sobrecargados y esforz\u00e1ndose con valent\u00eda por atender imposibles exigencias pastorales un d\u00eda tras otro\u00bb<\/em>.<span id='easy-footnote-42-41408' class='easy-footnote-margin-adjust'><\/span><span class='easy-footnote'><a href='http:\/\/vincentians.com\/es\/conjugar-la-accion-y-la-contemplacion-una-clave-para-entender-a-vicente-de-paul\/#easy-footnote-bottom-42-41408' title='Cardenal Roger Mahony, \u00abWays of Responding to the Priesthood Shortage\u00bb en &lt;em&gt;Origins&lt;\/em&gt; 28 (October 29, 1998; # 20) 360. Mucho se ha escrito \u00faltimamente sobre la necesidad de proporcionar a los sacerdotes la oportunidad de \u00abretirarse con dignidad.\u00bb Cf. &lt;em&gt;America&lt;\/em&gt;, May 16, 1998 and September 26, 1998.'><sup>42<\/sup><\/a><\/span><\/li>\n<li>No s\u00f3lo en Europa Occidental y en Norteam\u00e9rica, sino en muchas otras partes del mundo, la sociedad pone gran \u00e9nfasis en la gratificaci\u00f3n inmediata. Con los r\u00e1pidos medios de transporte y de comunicaci\u00f3n, la promesa de resultados inmediatos nos seduce continuamente. De hecho, a menudo conseguimos tales resultados. La sociedad contempor\u00e1nea se mueve con un paso fren\u00e9tico. Muchos asuntos, muchos movimientos, muchos grupos nos gritan: \u00ab\u00a1No pierdas el tren, que est\u00e1 saliendo!\u00bb As\u00ed que volamos para tomarlo. Pero descubrimos, a menudo s\u00f3lo mediante una dolorosa experiencia, que ni la mayor parte de las dificultades de la vida se resuelven velozmente ni los valores m\u00e1s \u00edntimos se asimilan con rapidez.<\/li>\n<\/ul>\n<h2>La uni\u00f3n entre la acci\u00f3n y la contemplaci\u00f3n, como vicencianos<\/h2>\n<p>A pesar del problema descrito anteriormente, todos hemos advertido, con cierta satisfacci\u00f3n, que hoy existe un renovado inter\u00e9s por la espiritualidad.<span id='easy-footnote-43-41408' class='easy-footnote-margin-adjust'><\/span><span class='easy-footnote'><a href='http:\/\/vincentians.com\/es\/conjugar-la-accion-y-la-contemplacion-una-clave-para-entender-a-vicente-de-paul\/#easy-footnote-bottom-43-41408' title='Cf. &lt;em&gt;Documento Final,&lt;\/em&gt; Asamblea General de 1998, I, 2.'><sup>43<\/sup><\/a><\/span> Algunas de sus manifestaciones son verdaderamente sanas. Otras tienden hacia lo extra\u00f1o.<span id='easy-footnote-44-41408' class='easy-footnote-margin-adjust'><\/span><span class='easy-footnote'><a href='http:\/\/vincentians.com\/es\/conjugar-la-accion-y-la-contemplacion-una-clave-para-entender-a-vicente-de-paul\/#easy-footnote-bottom-44-41408' title='Cf. Meredith B. McGuire, \u00abMapping Contemporary American Spirituality: A Sociological Perspective\u00bb en &lt;em&gt;Christian Spirituality Bulletin&lt;\/em&gt; (Vol. 5, n\u00ba. 1; Spring 1997) 1-8; cf. tambi\u00e9n, John A. Coleman, S.J., \u00abExploding Spiritualities: Their Social Causes, Social Location and Social Divide\u00bb en &lt;em&gt;ibid.&lt;\/em&gt; 9-15.'><sup>44<\/sup><\/a><\/span> Pero una cosa es clara. Existe un hambre, <em>\u00abun profundo y aut\u00e9ntico deseo de la humanidad del siglo XX por la totalidad en medio de la fragmentaci\u00f3n, por la comunidad frente al aislamiento y la soledad, por la trascendencia liberadora, por el sentido de la vida, por los valores permanentes\u00bb<\/em>.<span id='easy-footnote-45-41408' class='easy-footnote-margin-adjust'><\/span><span class='easy-footnote'><a href='http:\/\/vincentians.com\/es\/conjugar-la-accion-y-la-contemplacion-una-clave-para-entender-a-vicente-de-paul\/#easy-footnote-bottom-45-41408' title='Cf. Sandra Schneiders, \u00abSpirituality in the Academy,\u00bb en &lt;em&gt;Theological Studies&lt;\/em&gt; 50 (1989) 696.'><sup>45<\/sup><\/a><\/span>\n<p>Nuestros cohermanos aspiran tambi\u00e9n a la totalidad, al sentido, a la transcendencia. La Congregaci\u00f3n debe intentar satisfacer este anhelo. Sugiero que no hay nada m\u00e1s valioso que podamos hacer por nuestros candidatos y nuestros miembros que presentar ante sus ojos (\u00a1y ante los nuestros!) una visi\u00f3n cautivadora, una \u00faltima inquietud que los ayude a integrar la vida y a entregarla como un regalo, una espiritualidad profunda, vibrante, totalizante y apost\u00f3lica.<\/p>\n<p>Toda espiritualidad genuina, cristiana y no-cristiana, tiene un impulso de transcendencia. Un te\u00f3logo actual describe la espiritualidad como <em>\u00abla experiencia de esforzarse conscientemente por integrar la propia vida en t\u00e9rminos no de aislamiento y ensimismamiento, sino de auto-transcendencia hacia el \u00faltimo valor que uno percibe\u00bb<\/em>.<span id='easy-footnote-46-41408' class='easy-footnote-margin-adjust'><\/span><span class='easy-footnote'><a href='http:\/\/vincentians.com\/es\/conjugar-la-accion-y-la-contemplacion-una-clave-para-entender-a-vicente-de-paul\/#easy-footnote-bottom-46-41408' title='Sandra Schneiders, &lt;em&gt;ibid&lt;\/em&gt;., 684; cf. tambi\u00e9n 676-697; cf. tambi\u00e9n, de la misma autora, \u00abTheology and Spirituality: Strangers, Rivals, or Partners?\u00bb en &lt;em&gt;Horizons&lt;\/em&gt; 13 (1986) 266; cf. tambi\u00e9n, Michael Downey, \u00abChristian Spirituality: Changing Currents, Perspectives, Challenges\u00bb en &lt;em&gt;America&lt;\/em&gt; (Vol. 172; April 2, 1994) 8-12.'><sup>46<\/sup><\/a><\/span> Casi todos los te\u00f3logos est\u00e1n de acuerdo con las principales caracter\u00edsticas incluidas en esta definici\u00f3n: integraci\u00f3n personal, progresiva y buscada de manera consciente mediante la auto-transcendencia, dentro de y hacia un horizonte de \u00faltima inquietud. En el contexto cristiano, desde luego, <em>la<\/em> fuerza conductora, <em>el<\/em> horizonte de \u00faltima inquietud es el amor de Dios revelado en la persona de Jes\u00fas.<\/p>\n<p>A continuaci\u00f3n ofrezco cinco piedras fundamentales para una espiritualidad apost\u00f3lica vicenciana que realice la uni\u00f3n entre la acci\u00f3n y contemplaci\u00f3n.<\/p>\n<p><em>1. Nuestra espiritualidad vicenciana es profundamente encarnacionista, enraizada en la humanidad encarnada de Jes\u00fas.<\/em><\/p>\n<p>Esto parece obvio, pero no se puede decir nada m\u00e1s importante. Nos podr\u00edamos preguntar seguramente: \u00bfacaso no se concentra toda la espiritualidad cristiana en la persona de Jes\u00fas? As\u00ed deber\u00eda ser. Pero es muy claro hist\u00f3ricamente que las sociedades apost\u00f3licas han jugado un papel especial en exhortar una y otra vez a la Iglesia para que pusiera en lugar central la humanidad de Jes\u00fas, su <em>encarnaci\u00f3n<\/em>.<\/p>\n<p>El cristocentrismo estuvo en el n\u00facleo de la renovaci\u00f3n espiritual iniciada por los fundadores de las originales y revolucionarias sociedades de vida apost\u00f3lica, especialmente en el siglo XVII. B\u00e9rulle es famoso por su cristolog\u00eda abstracta y m\u00edstica, centrada en los estados de la encarnaci\u00f3n de Jes\u00fas, su adoraci\u00f3n del Padre, su auto-negaci\u00f3n.<span id='easy-footnote-47-41408' class='easy-footnote-margin-adjust'><\/span><span class='easy-footnote'><a href='http:\/\/vincentians.com\/es\/conjugar-la-accion-y-la-contemplacion-una-clave-para-entender-a-vicente-de-paul\/#easy-footnote-bottom-47-41408' title='Raymond Deville, &lt;em&gt;L\u2019\u00c9cole Fran\u00e7aise de Spiritualit\u00e9&lt;\/em&gt; (Paris: Descl\u00e9e, 1987) esp. 105 ss.;&lt;em&gt; B\u00e9rulle and the French School, &lt;\/em&gt;editado con una introducci\u00f3n por William M. Thomson (New York : Paulist Press, 1989) esp. 35 ss.; cf. tambi\u00e9n Michel Dupuis, \u00abLe Christ de B\u00e9rulle\u00bb en &lt;em&gt;Vincentiana&lt;\/em&gt; XXX (1986, n. 3-4) 240-252; Benito Mart\u00ednez, \u00abEl Cristo de Santa Luisa\u00bb en &lt;em&gt;ibid.,&lt;\/em&gt; 280-309; Luiggi Mezzadri, \u00abJ\u00e9sus-Christ, figure du Pr\u00eatre-Missionnaire, dans l\u2019oeuvre de Monsieur Vincent\u00bb en &lt;em&gt;ibid&lt;\/em&gt;., 323-356; Giuseppe Toscani, \u00abIl Cristo di S. Vincenzo\u00bb en &lt;em&gt;ibid&lt;\/em&gt;., 357-405; Yves Krumenacker, &lt;em&gt;L\u2019\u00c9cole fran\u00e7aise de Spiritualit\u00e9&lt;\/em&gt; (Paris: Cerf, 1998).'><sup>47<\/sup><\/a><\/span> Mucho m\u00e1s concretamente, Vicente re\u00fane a sacerdotes, hermanas, hermanos, hombres y mujeres seglares para seguir a Cristo el misionero, el siervo, el evangelizador de los pobres. Juan Eudes se centra en el coraz\u00f3n de Jes\u00fas, rebosante de amor pastoral. Todos ellos se adue\u00f1aron del m\u00e1s profundo sentido de los evangelios, que sintoniza con este convencimiento: Jes\u00fas es el centro absoluto. <em>\u00abYo soy el camino, la verdad y la vida,\u00bb<\/em> dice Jes\u00fas. <em>\u00abNadie llega al Padre, sino por m\u00ed\u00bb.<\/em><span id='easy-footnote-48-41408' class='easy-footnote-margin-adjust'><\/span><span class='easy-footnote'><a href='http:\/\/vincentians.com\/es\/conjugar-la-accion-y-la-contemplacion-una-clave-para-entender-a-vicente-de-paul\/#easy-footnote-bottom-48-41408' title='Jn 14, 6.'><sup>48<\/sup><\/a><\/span><em> \u00abYo soy la vid\u00bb.<\/em><span id='easy-footnote-49-41408' class='easy-footnote-margin-adjust'><\/span><span class='easy-footnote'><a href='http:\/\/vincentians.com\/es\/conjugar-la-accion-y-la-contemplacion-una-clave-para-entender-a-vicente-de-paul\/#easy-footnote-bottom-49-41408' title='Jn 15, 6.'><sup>49<\/sup><\/a><\/span><em> \u00abYo soy la puerta\u00bb.<\/em><span id='easy-footnote-50-41408' class='easy-footnote-margin-adjust'><\/span><span class='easy-footnote'><a href='http:\/\/vincentians.com\/es\/conjugar-la-accion-y-la-contemplacion-una-clave-para-entender-a-vicente-de-paul\/#easy-footnote-bottom-50-41408' title='Jn 10, 9.'><sup>50<\/sup><\/a><\/span><em> \u00abYo soy el pastor\u00bb.<\/em><span id='easy-footnote-51-41408' class='easy-footnote-margin-adjust'><\/span><span class='easy-footnote'><a href='http:\/\/vincentians.com\/es\/conjugar-la-accion-y-la-contemplacion-una-clave-para-entender-a-vicente-de-paul\/#easy-footnote-bottom-51-41408' title='Jn 10, 11.'><sup>51<\/sup><\/a><\/span><em> \u00abYo soy la luz\u00bb.<\/em><span id='easy-footnote-52-41408' class='easy-footnote-margin-adjust'><\/span><span class='easy-footnote'><a href='http:\/\/vincentians.com\/es\/conjugar-la-accion-y-la-contemplacion-una-clave-para-entender-a-vicente-de-paul\/#easy-footnote-bottom-52-41408' title='Jn 8, 12.'><sup>52<\/sup><\/a><\/span><em> \u00abYo soy el verdadero pan bajado del cielo. Quien come mi carne y bebe mi sangre vivir\u00e1 para siempre\u00bb<\/em><span id='easy-footnote-53-41408' class='easy-footnote-margin-adjust'><\/span><span class='easy-footnote'><a href='http:\/\/vincentians.com\/es\/conjugar-la-accion-y-la-contemplacion-una-clave-para-entender-a-vicente-de-paul\/#easy-footnote-bottom-53-41408' title='Jn 6, 51.'><sup>53<\/sup><\/a><\/span>.<span id='easy-footnote-54-41408' class='easy-footnote-margin-adjust'><\/span><span class='easy-footnote'><a href='http:\/\/vincentians.com\/es\/conjugar-la-accion-y-la-contemplacion-una-clave-para-entender-a-vicente-de-paul\/#easy-footnote-bottom-54-41408' title='Como oraci\u00f3n que cristaliza este tipo de espiritualidad, siempre me han impresionado las palabras maravillosas atribuidas al misionero, san Patricio:&lt;\/p&gt;\n&lt;p&gt;&lt;em&gt;Cristo est\u00e9 conmigo, Cristo est\u00e9 dentro de m\u00ed,&lt;br \/&gt;\nCristo detr\u00e1s de m\u00ed, Cristo delante de m\u00ed,&lt;br \/&gt;\nCristo a mi lado, Cristo para conquistarme,&lt;br \/&gt;\nCristo para confortarme y para restaurarme.&lt;br \/&gt;\nCristo debajo, Cristo encima,&lt;br \/&gt;\nCristo en el silencio, Cristo en el peligro,&lt;br \/&gt;\nCristo en los corazones de todos los que me aman,&lt;br \/&gt;\nCristo en los labios del amigo y del desconocido.&lt;\/em&gt;'><sup>54<\/sup><\/a><\/span>\n<p>En una carta escrita el 1 de mayo de 1635 a su incondicional compa\u00f1ero Antonio Portail, Vicente expresa su idea central con claridad: \u00ab<em>Acu\u00e9rdese, padre, de que vivimos en Jesucristo por la muerte en Jesucristo, y que hemos de morir en Jesucristo por la vida de Jesucristo, y que nuestra vida tiene que estar oculta en Jesucristo y llena de Jesucristo, y que, para morir como Jesucristo, hay que vivir como Jesucristo\u00bb<\/em>.<span id='easy-footnote-55-41408' class='easy-footnote-margin-adjust'><\/span><span class='easy-footnote'><a href='http:\/\/vincentians.com\/es\/conjugar-la-accion-y-la-contemplacion-una-clave-para-entender-a-vicente-de-paul\/#easy-footnote-bottom-55-41408' title='SV I, 295 = ES I, 320.'><sup>55<\/sup><\/a><\/span><em><br \/>\n<\/em><\/p>\n<p>Las diferentes sociedades apost\u00f3licas pueden fijarse en varios aspectos de la humanidad de Jes\u00fas \u2013Cristo maestro, Cristo predicador, Cristo m\u00e9dico\u2013 pero el mismo Jes\u00fas, plenamente encarnado, es siempre el centro absoluto.<\/p>\n<p>En resumen, el centro de la espiritualidad apost\u00f3lica vicenciana debe ser la humanidad de Jes\u00fas, el misionero del Padre, el Evangelizador de los Pobres: su uni\u00f3n con su Padre, su integridad personal, su celo por la misi\u00f3n que recibi\u00f3, su profundo amor humano a los m\u00e1s abandonados, su deseo por formar otros evangelizadores, su pasi\u00f3n por la verdad, su habilidad por acercar los polos del odio y de la amabilidad, su hambre y sed de justicia. Jes\u00fas viene del Padre y va hacia el Padre. Est\u00e1 completamente inmerso en la misi\u00f3n recibida del Padre. Est\u00e1 unido con el Padre en la contemplaci\u00f3n, pasando noches enteras en oraci\u00f3n. Est\u00e1 unido con sus hermanos y hermanas, cuya carne humana \u00e9l comparte, entreg\u00e1ndose a ellos hasta la muerte.<\/p>\n<p><em>2. Nuestra santidad, nuestro ser pose\u00eddos por Dios, esta intr\u00ednsecamente unida a nuestra misi\u00f3n apost\u00f3lica.<\/em><\/p>\n<p>Formulo a continuaci\u00f3n algunas precisiones. En primer lugar, compartimos este rasgo con muchas sociedades apost\u00f3licas y tambi\u00e9n con un buen n\u00famero de otros grupos. Todas las sociedades apost\u00f3licas tienen esta caracter\u00edstica como un elemento clave de su espiritualidad. Es especialmente a trav\u00e9s de la misi\u00f3n apost\u00f3lica definida por nuestras Constituciones,<span id='easy-footnote-56-41408' class='easy-footnote-margin-adjust'><\/span><span class='easy-footnote'><a href='http:\/\/vincentians.com\/es\/conjugar-la-accion-y-la-contemplacion-una-clave-para-entender-a-vicente-de-paul\/#easy-footnote-bottom-56-41408' title='Cf Canon 731 &amp;amp; 1.'><sup>56<\/sup><\/a><\/span> a trav\u00e9s de nuestro contacto con los m\u00e1s abandonados, como buscamos amar y servir al Se\u00f1or. El cap\u00edtulo 25 del evangelio de San Mateo es un pilar en nuestra espiritualidad: <em>\u00abCuando tuve hambre me disteis de comer. Cuando tuve sed me disteis de beber.\u00bb<\/em> Cuando era ignorante me llevasteis a vuestra escuela. Cuando estaba enfermo me curasteis en vuestro hospital. Cuando estaba encarcelado vinisteis a verme a la c\u00e1rcel. Claro est\u00e1 que, siguiendo este texto, los apostolados de las diferentes sociedades apost\u00f3licas difieren notablemente uno de otro. \u00c9stas hacen hincapi\u00e9 en la predicaci\u00f3n, la ense\u00f1anza, la atenci\u00f3n sanitaria, la educaci\u00f3n en los seminarios, las misiones extranjeras, la obra de los ejercicios, la promoci\u00f3n humana, la defensa de la justicia y tambi\u00e9n en otros muchos objetivos. Pero, es precisamente viendo y amando a Cristo en la persona de aquellos a quienes sirven, como los miembros de las sociedades apost\u00f3licas buscan la aut\u00e9ntica uni\u00f3n con el Se\u00f1or. Para nosotros, vicencianos, aquellos a quienes servimos est\u00e1n descritos principalmente en los art\u00edculos 1-8 de nuestras Constituciones y 1-12 de nuestros Estatutos.<\/p>\n<p>En segundo lugar, hoy en una era en que la Iglesia proclama una y otra vez su opci\u00f3n preferencial por los pobres, los marginados de la sociedad est\u00e1n m\u00e1s y m\u00e1s en el centro de la misi\u00f3n de la Iglesia en su conjunto. La eclesiolog\u00eda y espiritualidad contempor\u00e1neas ponen el acento en ver a Cristo en los pobres y a los pobres en Cristo, como san Vicente. As\u00ed pues, nuestra espiritualidad vicenciana nos sumerge cada vez m\u00e1s profundamente en la misi\u00f3n de la Iglesia de hoy.<\/p>\n<p>En tercer lugar, en un momento en que los derechos y la dignidad de la persona humana han llegado a ser puestos de relieve cada vez con mayor intensidad, somos conscientes de que al entregar nuestras vidas al servicio de los pobres, debemos tener en cuenta sus propios deseos, sus esperanzas, sus propios valores y sus propias necesidades reales. Ellos mismos deben convertirse en agentes de su propia promoci\u00f3n humana y espiritual. De suerte que una espiritualidad vicenciana contempor\u00e1nea pide que en nuestro contacto con los pobres \u00abcosechemos antes de sembrar\u00bb, que escuchemos m\u00e1s y hablemos menos, que acompa\u00f1emos m\u00e1s y seamos menos los encargados, que nos dejemos evangelizar a nosotros mismos por aquellos a quienes servimos.<span id='easy-footnote-57-41408' class='easy-footnote-margin-adjust'><\/span><span class='easy-footnote'><a href='http:\/\/vincentians.com\/es\/conjugar-la-accion-y-la-contemplacion-una-clave-para-entender-a-vicente-de-paul\/#easy-footnote-bottom-57-41408' title='C 12, 3\u00ba.'><sup>57<\/sup><\/a><\/span>\n<p><em>3. Nuestra oraci\u00f3n vicenciana dispone de su propia din\u00e1mica particular, que dimana de y lleva a la acci\u00f3n.<\/em><\/p>\n<p>Somos llamados a ser contemplativos en la acci\u00f3n y ap\u00f3stoles en la oraci\u00f3n.<span id='easy-footnote-58-41408' class='easy-footnote-margin-adjust'><\/span><span class='easy-footnote'><a href='http:\/\/vincentians.com\/es\/conjugar-la-accion-y-la-contemplacion-una-clave-para-entender-a-vicente-de-paul\/#easy-footnote-bottom-58-41408' title='C 42.'><sup>58<\/sup><\/a><\/span> Como san Vicente, los fundadores de casi todas las sociedades apost\u00f3licas fueron hombres y mujeres incre\u00edblemente activos. Pero \u00bfhubo alguno de ellos que no fuera tambi\u00e9n conocido por sus contempor\u00e1neos como persona de profunda oraci\u00f3n?<\/p>\n<p>Oraci\u00f3n y acci\u00f3n van de la mano en una sana espiritualidad vicenciana. Divorciada de la acci\u00f3n, la oraci\u00f3n puede tornarse escapista. Puede diluirse en fantas\u00eda, crear ilusiones de santidad. A la inversa, el servicio privado de la oraci\u00f3n puede resultar superficial. Puede tener un car\u00e1cter \u00abcompulsivo\u00bb. Puede convertirse en una adicci\u00f3n, en un se\u00f1uelo intoxicador. Puede llegar a dominar la psicolog\u00eda de una persona de tal modo que su sentido de val\u00eda dependa de estar ocupado.<\/p>\n<p>Una espiritualidad apost\u00f3lica est\u00e1 en su saz\u00f3n cuando mantiene en tensi\u00f3n mutua la oraci\u00f3n y la acci\u00f3n. La persona que ama a Dios <em>\u00abcon el sudor de su frente y la fuerza de sus brazos\u00bb<\/em><span id='easy-footnote-59-41408' class='easy-footnote-margin-adjust'><\/span><span class='easy-footnote'><a href='http:\/\/vincentians.com\/es\/conjugar-la-accion-y-la-contemplacion-una-clave-para-entender-a-vicente-de-paul\/#easy-footnote-bottom-59-41408' title='SV XI, 40 = ES XI, 733.'><sup>59<\/sup><\/a><\/span> sabe distinguir entre las ideas te\u00f3ricamente bellas sobre un Dios abstracto y el contacto personal y real con el Dios viviente contemplado y servido en su pueblo que sufre.<\/p>\n<p>En nuestra propia tradici\u00f3n espiritual la oraci\u00f3n mental juega un papel muy importante. Pocas cosas recibieron mayor \u00e9nfasis en las conferencias y escritos de San Vicente. Hablando de la oraci\u00f3n mental<span id='easy-footnote-60-41408' class='easy-footnote-margin-adjust'><\/span><span class='easy-footnote'><a href='http:\/\/vincentians.com\/es\/conjugar-la-accion-y-la-contemplacion-una-clave-para-entender-a-vicente-de-paul\/#easy-footnote-bottom-60-41408' title='La palabra de Vicente aqu\u00ed es &lt;em&gt;oraison; &lt;\/em&gt;cf. mi art\u00edculo \u00abMental Prayer, Yesterday and Today: The Vincentian Tradition\u00bb en &lt;em&gt;He Hears the Cry of the Poor&lt;\/em&gt; (New York: New City Press, 1995) 78-79.'><sup>60<\/sup><\/a><\/span> a los misioneros, dice: \u00ab<em>Dadme un hombre de oraci\u00f3n y ser\u00e1 capaz de todo. Podr\u00e1 decir con el ap\u00f3stol, \u2018todo lo puedo en Aquel que me conforta\u2019. La Congregaci\u00f3n permanecer\u00e1 mientras conserve la pr\u00e1ctica de la oraci\u00f3n, que es como un fuerte inexpugnable que escuda a los misioneros frente a toda clase de ataques\u00bb.<\/em><span id='easy-footnote-61-41408' class='easy-footnote-margin-adjust'><\/span><span class='easy-footnote'><a href='http:\/\/vincentians.com\/es\/conjugar-la-accion-y-la-contemplacion-una-clave-para-entender-a-vicente-de-paul\/#easy-footnote-bottom-61-41408' title='SV XI, 83 = ES XI, 778.'><sup>61<\/sup><\/a><\/span>\n<p>Para animar a sus hijos e hijas a meditar, Vicente emple\u00f3 muchos de los ejemplos com\u00fanmente encontrados en los escritores espirituales de su \u00e9poca. Les dice que la oraci\u00f3n es para el alma lo que el alimento para el cuerpo.<span id='easy-footnote-62-41408' class='easy-footnote-margin-adjust'><\/span><span class='easy-footnote'><a href='http:\/\/vincentians.com\/es\/conjugar-la-accion-y-la-contemplacion-una-clave-para-entender-a-vicente-de-paul\/#easy-footnote-bottom-62-41408' title='SV IX, 416 = ES IX, 381.'><sup>62<\/sup><\/a><\/span> Es una \u00abfuente de juventud\u00bb por la que somos rejuvenecidos.<span id='easy-footnote-63-41408' class='easy-footnote-margin-adjust'><\/span><span class='easy-footnote'><a href='http:\/\/vincentians.com\/es\/conjugar-la-accion-y-la-contemplacion-una-clave-para-entender-a-vicente-de-paul\/#easy-footnote-bottom-63-41408' title='SV IX, 217 = ES IX, 210.'><sup>63<\/sup><\/a><\/span> Es un espejo en el que vemos todas nuestras manchas y empezamos a adornarnos para poder agradar a Dios.<span id='easy-footnote-64-41408' class='easy-footnote-margin-adjust'><\/span><span class='easy-footnote'><a href='http:\/\/vincentians.com\/es\/conjugar-la-accion-y-la-contemplacion-una-clave-para-entender-a-vicente-de-paul\/#easy-footnote-bottom-64-41408' title='SV IX, 417 = ES IX, 382.'><sup>64<\/sup><\/a><\/span> Es una recuperaci\u00f3n en medio del dif\u00edcil trabajo diario al servicio de los pobres.<span id='easy-footnote-65-41408' class='easy-footnote-margin-adjust'><\/span><span class='easy-footnote'><a href='http:\/\/vincentians.com\/es\/conjugar-la-accion-y-la-contemplacion-una-clave-para-entender-a-vicente-de-paul\/#easy-footnote-bottom-65-41408' title='SV IX, 416 = ES IX, 381.'><sup>65<\/sup><\/a><\/span> Dice a los misioneros que es un serm\u00f3n que nos predicamos a nosotros mismos.<span id='easy-footnote-66-41408' class='easy-footnote-margin-adjust'><\/span><span class='easy-footnote'><a href='http:\/\/vincentians.com\/es\/conjugar-la-accion-y-la-contemplacion-una-clave-para-entender-a-vicente-de-paul\/#easy-footnote-bottom-66-41408' title='SV XI, 84 = ES XI, 779.'><sup>66<\/sup><\/a><\/span> Es un libro de recursos en el que el predicador puede hallar las verdades eternas que comparte con el pueblo de Dios.<span id='easy-footnote-67-41408' class='easy-footnote-margin-adjust'><\/span><span class='easy-footnote'><a href='http:\/\/vincentians.com\/es\/conjugar-la-accion-y-la-contemplacion-una-clave-para-entender-a-vicente-de-paul\/#easy-footnote-bottom-67-41408' title='SV VII, 156 = ES VII, 140.'><sup>67<\/sup><\/a><\/span> Es un suave roc\u00edo que refresca el alma cada ma\u00f1ana, dice a las Hijas de la Caridad.<span id='easy-footnote-68-41408' class='easy-footnote-margin-adjust'><\/span><span class='easy-footnote'><a href='http:\/\/vincentians.com\/es\/conjugar-la-accion-y-la-contemplacion-una-clave-para-entender-a-vicente-de-paul\/#easy-footnote-bottom-68-41408' title='SV IX, 402 = ES IX, 369.'><sup>68<\/sup><\/a><\/span>\n<p>Vicente sent\u00eda tambi\u00e9n un profundo aprecio por los s\u00edmbolos.<span id='easy-footnote-69-41408' class='easy-footnote-margin-adjust'><\/span><span class='easy-footnote'><a href='http:\/\/vincentians.com\/es\/conjugar-la-accion-y-la-contemplacion-una-clave-para-entender-a-vicente-de-paul\/#easy-footnote-bottom-69-41408' title='Vicente, por supuesto, se mostraba tambi\u00e9n muy interesado en la oraci\u00f3n lit\u00fargica. Advirti\u00f3 que los sacerdotes celebraban a menudo la Misa mal y que con dificultad sab\u00edan o\u00edr confesiones. Como parte de los ejercicios para ordenandos, estableci\u00f3 que recibieran instrucci\u00f3n sobre c\u00f3mo celebrar bien la liturgia. Pero, dentro de este contexto positivo, fue adem\u00e1s un hombre muy de su tiempo. Su \u00e9nfasis, como el de su \u00e9poca, reca\u00eda sobre la exacta observancia de las r\u00fabricas. Se insist\u00eda poco en la liturgia como \u00abcelebraci\u00f3n comunitaria,\u00bb con la participaci\u00f3n activa de todos los fieles.'><sup>69<\/sup><\/a><\/span> Animaba a los dem\u00e1s a que se fijaran en el crucifijo para meditar en la pasi\u00f3n.<span id='easy-footnote-70-41408' class='easy-footnote-margin-adjust'><\/span><span class='easy-footnote'><a href='http:\/\/vincentians.com\/es\/conjugar-la-accion-y-la-contemplacion-una-clave-para-entender-a-vicente-de-paul\/#easy-footnote-bottom-70-41408' title='SV IX, 32, 217 = ES IX, 49, 209; SV X, 569 = ES X, 1103-1104; cf. tambi\u00e9n, SV IV, 139, 590 = ES IV 70, 549; SV I, 134 = ES I, 243; cf. SV X, 569 = ES IX, 1103-1104: \u00ab\u00bfNo es acaso una buena meditaci\u00f3n tener el pensamiento de la pasi\u00f3n y muerte de Nuestro Se\u00f1or siempre en el coraz\u00f3n?\u00bb'><sup>70<\/sup><\/a><\/span> Recomendaba el uso de im\u00e1genes. Suger\u00eda libros para ayudar en la oraci\u00f3n.<span id='easy-footnote-71-41408' class='easy-footnote-margin-adjust'><\/span><span class='easy-footnote'><a href='http:\/\/vincentians.com\/es\/conjugar-la-accion-y-la-contemplacion-una-clave-para-entender-a-vicente-de-paul\/#easy-footnote-bottom-71-41408' title='Entre los \u00faltimos, sent\u00eda especial devoci\u00f3n por la&lt;em&gt; Imitaci\u00f3n de Cristo&lt;\/em&gt;, por la &lt;em&gt;Introducci\u00f3n a la Vida Devota &lt;\/em&gt;y el &lt;em&gt;Tratado sobre el Amor de Dios&lt;\/em&gt; de Francisco de Sales, por las meditaciones de Bus\u00e9e y la &lt;em&gt;Gu\u00eda de pecadores&lt;\/em&gt; de Luis de Granada, &lt;em&gt;Memorial de la Vida Cristiana,&lt;\/em&gt; y su &lt;em&gt;Catecismo&lt;\/em&gt;, as\u00ed como por el &lt;em&gt;A\u00f1o Cristiano&lt;\/em&gt; de Juan Souffarand.'><sup>71<\/sup><\/a><\/span> Aunque recomend\u00f3 un m\u00e9todo, se mostr\u00f3 muy libre con respecto a su utilizaci\u00f3n.<\/p>\n<p>Una cosa est\u00e1 muy clara. Vicente sinti\u00f3 que la vitalidad de la Congregaci\u00f3n de la Misi\u00f3n depend\u00eda de nuestra fidelidad a la oraci\u00f3n mental diaria. No se andaba por las ramas sobre este particular: si no somos fieles a ella, dec\u00eda, la Compa\u00f1\u00eda desaparecer\u00e1. Estoy convencido de que esto es tan verdad en nuestros d\u00edas como lo fue en tiempos de San Vicente: la meditaci\u00f3n, hecha fielmente cada d\u00eda, es esencial para la renovaci\u00f3n permanente de la Congregaci\u00f3n.<\/p>\n<p><em>4. Nuestro crecimiento en la vida de Dios emana tambi\u00e9n de los lazos de profunda caridad<\/em> <em>forjados con nuestros propios hermanos de<\/em> <em>comunidad.<\/em><\/p>\n<p>Permitidme, tambi\u00e9n aqu\u00ed, hacer algunas precisiones. Primera, somos miembros de una <em>sociedad<\/em> apost\u00f3lica. Por lo tanto, alguna forma de vida en com\u00fan es, por definici\u00f3n, un elemento esencial de nuestra identidad.<span id='easy-footnote-72-41408' class='easy-footnote-margin-adjust'><\/span><span class='easy-footnote'><a href='http:\/\/vincentians.com\/es\/conjugar-la-accion-y-la-contemplacion-una-clave-para-entender-a-vicente-de-paul\/#easy-footnote-bottom-72-41408' title='&lt;em&gt;Constituciones&lt;\/em&gt; 3 y 19-27; cf. tambi\u00e9n, C\u00e1nones 731 &amp;amp; 1 y 740.'><sup>72<\/sup><\/a><\/span> Aunque la vida de comunidad pueda adoptar muy diferentes formas en las diversas culturas, una parte integral de nuestra espiritualidad b\u00e1sica es el compromiso de edificar una amistad de fe y de amor <em>con<\/em> aquellos que han prometido perseguir el mismo ideal apost\u00f3lico. Pero si el compromiso con la comunidad es esencial, entonces esto debe implicar el uso de medios claros y concretos para fomentarlo y mantenerlo. Entre ellos son de especial importancia la sana formaci\u00f3n inicial, la formaci\u00f3n permanente bien estructurada, los actos simb\u00f3licos de iniciaci\u00f3n y de incorporaci\u00f3n, los tiempos claramente definidos en los que los miembros oran juntos, compartir la Eucarist\u00eda, comer juntos, descansar en mutua compa\u00f1\u00eda y divertirse juntos. La vida comunitaria tiende a formar lazos profundos de caridad entre nosotros. Pocas cosas hay peores en la comunidad que uno que sea un \u00e1ngel en la calle y un demonio en casa. Una genuina espiritualidad vicenciana implica que cada miembro da pasos concretos para construir una comunidad de apoyo que busca c\u00f3mo llevar a todos hacia la santidad de la caridad.<\/p>\n<p>Segunda, nuestra vida de comunidad es <em>para la misi\u00f3n<\/em>. De ninguna manera quiere esto decir que la vida en com\u00fan carezca de importancia. No s\u00f3lo es importante; es esencial. Es m\u00e1s, una de las quejas m\u00e1s fuertes que oigo hoy a los j\u00f3venes sacerdotes, hermanos y hermanas es que no encuentran el apoyo comunitario que hab\u00edan estado esperando. Sin embargo, aun cuando resalto la importancia de la vida comunitaria y la necesidad de crear estructuras para mantenerla, quiero a\u00f1adir que, en las sociedades apost\u00f3licas, estas estructuras deber\u00edan siempre preservar su flexibilidad. No deber\u00edan ser tan flexibles que se vinieran abajo, pero s\u00ed lo suficientemente adaptadas para permitirnos responder a las necesidades perentorias de aquellos a quienes servimos. San Vicente sol\u00eda explic\u00e1rselo a las Hijas de la Caridad dici\u00e9ndoles que deb\u00edan estar libres para <em>\u00abdejar a Dios por Dios\u00bb.<\/em> Si los pobres se presentan durante la oraci\u00f3n, deber\u00edamos sentirnos libres para dejar la conversaci\u00f3n que estamos teniendo con el Se\u00f1or en la oraci\u00f3n a fin de conversar con el Se\u00f1or en la persona de los pobres.<\/p>\n<p>Tercera, hoy estamos implicados en la planificaci\u00f3n comunitaria participativa a nivel local.<span id='easy-footnote-73-41408' class='easy-footnote-margin-adjust'><\/span><span class='easy-footnote'><a href='http:\/\/vincentians.com\/es\/conjugar-la-accion-y-la-contemplacion-una-clave-para-entender-a-vicente-de-paul\/#easy-footnote-bottom-73-41408' title='C 27; E 16.'><sup>73<\/sup><\/a><\/span> Un elemento clave en la espiritualidad contempor\u00e1nea es la fidelidad a esos planes. En el pasado, la fidelidad se med\u00eda a menudo por la observancia de una regla legislada para todos con un orden del d\u00eda que era el mismo en todo el mundo. Hoy, la fidelidad puede medirse por el grado cumplimiento que la persona, \u00e9l o ella, hace del pacto realizado con los dem\u00e1s miembros de la casa. Este convenio, por supuesto, comprende no s\u00f3lo nuestro com\u00fan compromiso en una misi\u00f3n apost\u00f3lica, sino tambi\u00e9n nuestra promesa de apoyarnos mutuamente en la vida com\u00fan y en la oraci\u00f3n.<\/p>\n<p><em>5. Nuestra libertad para ir a donde el Se\u00f1or nos llame exige de los vicencianos sencillez de vida, humildad en la escucha y desprendimiento de cuanto pueda retenernos.<\/em><\/p>\n<p>Tratar\u00e9 de explicarlo de diversos modos. Nuestra espiritualidad vicenciana debe implicar disponibilidad y movilidad.<span id='easy-footnote-74-41408' class='easy-footnote-margin-adjust'><\/span><span class='easy-footnote'><a href='http:\/\/vincentians.com\/es\/conjugar-la-accion-y-la-contemplacion-una-clave-para-entender-a-vicente-de-paul\/#easy-footnote-bottom-74-41408' title='C 12, 5\u00ba.'><sup>74<\/sup><\/a><\/span> Casi todas las sociedades apost\u00f3licas tuvieron sus or\u00edgenes en una necesidad que clamaba a gritos y que sus fundadores oyeron. Las sociedades fueron las tropas de vanguardia que salieron a enfrentarse a esa necesidad. Con la obediencia caracter\u00edstica de los tiempos, los miembros iban de un lugar a otro, r\u00e1pida, voluntaria y gozosamente. A menudo, part\u00edan a pa\u00edses distantes con escasa esperanza de regresar alg\u00fan d\u00eda a su tierra natal. La llamada de Jes\u00fas reson\u00f3 en sus o\u00eddos: <em>\u00abId al mundo entero y predicad la buena nueva a toda criatura\u00bb<\/em> (Mc 16, 15). Hoy cuando la Iglesia nos llama insistentemente a una nueva evangelizaci\u00f3n \u2013nueva en su ardor, nueva en sus m\u00e9todos, nueva en sus expresiones\u2013 la disponibilidad y la movilidad son tanto m\u00e1s importantes. Esto quiere decir que la Congregaci\u00f3n debe tener el coraje de abandonar obras que otros pueden realizar, incluso las tradicionales, para tener la libertad de salir al encuentro de necesidades m\u00e1s urgentes. Los individuos tambi\u00e9n deben vivir con sencillez, sin multiplicar las \u00abnecesidades\u00bb personales. S\u00f3lo entonces tendr\u00e1n la libertad de ir a donde el Se\u00f1or llame. Cuanto uno m\u00e1s apegado est\u00e9 a las cosas, a los lugares y a las personas particulares, m\u00e1s dif\u00edcil le resultar\u00e1 la movilidad.<\/p>\n<p>En segundo lugar, como muchas sociedades de la vida apost\u00f3lica, la Congregaci\u00f3n de la Misi\u00f3n est\u00e1 exenta de la jurisdicci\u00f3n de los ordinarios del lugar excepto en aquellos casos expresamente previstos en la ley. Esto deja lugar a una gran flexibilidad y creatividad, especialmente en lo que toca a la vida en com\u00fan y al gobierno. Me parece de suma importancia que nos apropiemos de esta libertad y la usemos de manera creativa persiguiendo nuestros fines apost\u00f3licos y articulando caminos para ahondar la vida comunitaria y la oraci\u00f3n. Especialmente, en las provincias que est\u00e1n en crisis o incluso parecen estar muriendo, esta libertad deber\u00eda movernos a actuar con audacia, a experimentar y a ensayar nuevos medios para revitalizar las obras que parecen <em>in extremis<\/em>. Ahora bien, la creatividad proviene no s\u00f3lo de dentro. Las \u00abbuenas ideas\u00bb que tenemos son dones del Se\u00f1or, que nos han sido comunicadas habitualmente por aquellos a quienes servimos, por nuestros hermanos y hermanas de comunidad, por la comunidad de la Iglesia universal, por la sociedad actual, por lo que leemos o por el Se\u00f1or en la oraci\u00f3n. Es de capital importancia que escuchemos atentamente las muchas voces que nos rodean y que nos desprendamos de nuestras propias y favoritas ideas.<\/p>\n<p>En tercer lugar, para ser verdaderamente libres como vicencianos, debemos abrazar formas concretas de ascetismo como un elemento importante de nuestra espiritualidad. Un ascetismo actual debe ser un \u00abascetismo funcional\u00bb, por usar la expresi\u00f3n de Karl Rahner.<span id='easy-footnote-75-41408' class='easy-footnote-margin-adjust'><\/span><span class='easy-footnote'><a href='http:\/\/vincentians.com\/es\/conjugar-la-accion-y-la-contemplacion-una-clave-para-entender-a-vicente-de-paul\/#easy-footnote-bottom-75-41408' title='Karl Rahner, &lt;em&gt;Theological Investigations&lt;\/em&gt; VIII, 208.'><sup>75<\/sup><\/a><\/span> Vivimos el celibato para estar \u00ablibres para el Se\u00f1or\u00bb, para ir a aquella parte del mundo a la que el Se\u00f1or nos env\u00ede como misioneros y para entregarnos resueltamente a la vida de uni\u00f3n con el Se\u00f1or en la oraci\u00f3n y en el servicio de los dem\u00e1s, especialmente de los pobres. Usamos los bienes materiales de una forma nueva, vi\u00e9ndolos como una prolongaci\u00f3n de nuestras propias personas. Los compartimos con los pobres y nos solidarizamos con ellos al compartir su suerte. Somos verdaderamente libres si no <em>tenemos que estar<\/em> siempre trabajando, sino que podemos descansar pac\u00edficamente en la presencia del Se\u00f1or. Debemos estar dispuestos a renunciar a todo lo que nos aparte de estas metas.<\/p>\n<p>En cuarto lugar, como sociedad apost\u00f3lica, la Congregaci\u00f3n participa de la libertad del elemento carism\u00e1tico de la Iglesia. Nosotros no pertenecemos a la estructura jer\u00e1rquica de la Iglesia. De hecho, disfrutamos de considerable autonom\u00eda no s\u00f3lo por ser exentos, sino porque un gran n\u00famero de los c\u00e1nones que regulan la vida de los institutos religiosos no se nos aplican. Mucho queda por determinar libremente al abrigo de nuestra propia ley. Las conocidas palabras de san Vicente, cuando envi\u00f3 a las primeras Hijas de la Caridad, suenan a cantos de libertad:<\/p>\n<p><em>\u00abTendr\u00e1n siempre como recuerdo que no est\u00e1n en una orden religiosa, ya que tal estado no es compatible con los deberes de su vocaci\u00f3n. Ellas tienen:<\/em><\/p>\n<ul>\n<li><em>por monasterio s\u00f3lo las casas de los enfermos y el lugar donde reside la Superiora,<\/em><\/li>\n<li><em>por celda una habitaci\u00f3n alquilada,<\/em><\/li>\n<li><em>por capilla la iglesia parroquial,<\/em><\/li>\n<li><em>por claustro las calles de la ciudad,<\/em><\/li>\n<li><em>por clausura la obediencia, acudiendo solamente a los hogares de los enfermos o los lugares necesarios para su servicio,<\/em><\/li>\n<li><em>por reja el temor de Dios,<\/em><\/li>\n<li><em>por velo la santa modestia\u00bb.<\/em><span id='easy-footnote-76-41408' class='easy-footnote-margin-adjust'><\/span><span class='easy-footnote'><a href='http:\/\/vincentians.com\/es\/conjugar-la-accion-y-la-contemplacion-una-clave-para-entender-a-vicente-de-paul\/#easy-footnote-bottom-76-41408' title='SV X, 661 = ES IX, 1178-1179.'><sup>76<\/sup><\/a><\/span><\/li>\n<\/ul>\n<p>En quinto lugar, nuestra oraci\u00f3n tambi\u00e9n deber\u00eda caracterizarse por la misma sencillez, humildad y desprendimiento. La escucha es el meollo de la oraci\u00f3n, como la disponibilidad lo es tambi\u00e9n. El misionero ans\u00eda saber a d\u00f3nde quiere enviarle el Se\u00f1or y o\u00edr lo que el Se\u00f1or quiere que diga. El evangelio de Mateo<span id='easy-footnote-77-41408' class='easy-footnote-margin-adjust'><\/span><span class='easy-footnote'><a href='http:\/\/vincentians.com\/es\/conjugar-la-accion-y-la-contemplacion-una-clave-para-entender-a-vicente-de-paul\/#easy-footnote-bottom-77-41408' title='Mt 6, 7.'><sup>77<\/sup><\/a><\/span> nos avisa que no multipliquemos las palabras cuando oremos. El reto en la oraci\u00f3n del misionero es estar ante el Se\u00f1or con gran desprendimiento, diciendo simplemente: \u00abHabla, Se\u00f1or, que tu siervo escucha\u00bb.<span id='easy-footnote-78-41408' class='easy-footnote-margin-adjust'><\/span><span class='easy-footnote'><a href='http:\/\/vincentians.com\/es\/conjugar-la-accion-y-la-contemplacion-una-clave-para-entender-a-vicente-de-paul\/#easy-footnote-bottom-78-41408' title='1 Sam 3, 10.'><sup>78<\/sup><\/a><\/span>\n<p>Una \u00faltima palabra. Estoy convencido de que nada es m\u00e1s importante para la Congregaci\u00f3n de la Misi\u00f3n al enfrentarnos al futuro que una profunda espiritualidad que mantenga en uni\u00f3n la acci\u00f3n y la contemplaci\u00f3n. Desde luego que el realce de tal espiritualidad depende de nosotros. La tarea a la que nos enfrentamos como misioneros es promover la vida, principalmente la vida del Esp\u00edritu. Nuestro mayor desaf\u00edo en el Tercer Milenio ser\u00e1 comunicar el Esp\u00edritu del Se\u00f1or de manera que entusiasme a los dem\u00e1s, les vivifique y les ayude a ver el mundo con una mirada apremiante y a vivir en \u00e9l con amor pr\u00e1ctico. La gran tentaci\u00f3n para los miembros de sociedades de vida apost\u00f3lica como la nuestra es la de llegar a estar tan atrapados en nuestras obras que perdamos contacto con la visi\u00f3n estimulante, con la fuerza conductora que anima esas obras. Cierto que nuestras obras son sumamente importantes. Debemos amar a Dios <em>\u00abcon el sudor de nuestra frente y la fuerza de nuestros brazos\u00bb<\/em>.<span id='easy-footnote-79-41408' class='easy-footnote-margin-adjust'><\/span><span class='easy-footnote'><a href='http:\/\/vincentians.com\/es\/conjugar-la-accion-y-la-contemplacion-una-clave-para-entender-a-vicente-de-paul\/#easy-footnote-bottom-79-41408' title='SV XI, 40 = ES XI, 733.'><sup>79<\/sup><\/a><\/span> Pero nuestras obras deben surgir de nuestra <em>\u00abexperiencia de Dios, de su Esp\u00edritu y su libertad, brotando del coraz\u00f3n mismo de la existencia humana y siendo experimentadas de verdad\u00bb<\/em>.<span id='easy-footnote-80-41408' class='easy-footnote-margin-adjust'><\/span><span class='easy-footnote'><a href='http:\/\/vincentians.com\/es\/conjugar-la-accion-y-la-contemplacion-una-clave-para-entender-a-vicente-de-paul\/#easy-footnote-bottom-80-41408' title='Karl Rahner, \u00abThe Spirituality of the Church of the Future\u00bb en &lt;em&gt;Theological Investigations&lt;\/em&gt; XX, 149; cf. tambi\u00e9n Theodore Wiesner, \u00abExperiencing God in the Poor\u00bb en &lt;em&gt;Vincentiana&lt;\/em&gt; 3 (1988) 328-336.'><sup>80<\/sup><\/a><\/span> En otras palabras, nuestra espiritualidad debe ser algo verdaderamente vivo. Debe <em>impulsarnos<\/em> un amor profundamente encarnado a Cristo, como Pablo declara a los Corintios.<span id='easy-footnote-81-41408' class='easy-footnote-margin-adjust'><\/span><span class='easy-footnote'><a href='http:\/\/vincentians.com\/es\/conjugar-la-accion-y-la-contemplacion-una-clave-para-entender-a-vicente-de-paul\/#easy-footnote-bottom-81-41408' title='2 Cor 5, 14.'><sup>81<\/sup><\/a><\/span> Si vamos a <em>vivir<\/em> de verdad en el Tercer Milenio, entonces debe servirnos de ra\u00edz una profunda espiritualidad, de manera que todos aquellos a quienes servimos sientan que Dios entra en sus vidas a trav\u00e9s de nuestro ministerio. \u00bfHacemos presente a Dios? \u00bfCuando estamos trabajando en medio de los pobres, sienten los necesitados que Dios les est\u00e1 tocando? \u00bfNos reconocen como personas de Dios? Si la vida del Esp\u00edritu es una realidad de verdad viva en nosotros al comenzar el Tercer Milenio, entonces la Congregaci\u00f3n de la Misi\u00f3n ser\u00e1, en el mundo, un signo sorprendente en el mundo de que el Reino de Dios est\u00e1 cerca.<\/p>\n","protected":false},"excerpt":{"rendered":"<p>Hay muchas llaves en una casa grande. En el llavero puedes encontrar las llaves de la puerta principal y trasera, la del s\u00f3tano, quiz\u00e1s la de un cuarto poco usado, tambi\u00e9n la de una hucha &#8230; <a href=\"http:\/\/vincentians.com\/es\/conjugar-la-accion-y-la-contemplacion-una-clave-para-entender-a-vicente-de-paul\/\" class=\"more-link\">Read More<\/a><\/p>\n","protected":false},"author":4,"featured_media":41414,"comment_status":"open","ping_status":"open","sticky":false,"template":"","format":"standard","meta":{"jetpack_post_was_ever_published":false,"_jetpack_newsletter_access":"","_jetpack_dont_email_post_to_subs":false,"_jetpack_newsletter_tier_id":0,"_jetpack_memberships_contains_paywalled_content":false,"_jetpack_memberships_contains_paid_content":false,"footnotes":"","jetpack_publicize_message":"","jetpack_publicize_feature_enabled":true,"jetpack_social_post_already_shared":true,"jetpack_social_options":{"image_generator_settings":{"template":"highway","default_image_id":0,"font":"","enabled":false},"version":2}},"categories":[28],"tags":[218,168,130,156,173,142,175,145,144,172,127,143],"class_list":["post-41408","post","type-post","status-publish","format-standard","has-post-thumbnail","hentry","category-formacion-vicenciana","tag-abelly","tag-argel","tag-beauvais","tag-blatiron","tag-chatillon-les-dombes","tag-collet","tag-folleville","tag-gannes","tag-lambert","tag-pobreza","tag-portail","tag-san-lazaro"],"yoast_head":"<!-- This site is optimized with the Yoast SEO plugin v26.3 - https:\/\/yoast.com\/wordpress\/plugins\/seo\/ -->\n<title>Conjugar la acci\u00f3n y la contemplaci\u00f3n: Una clave para entender a Vicente de Pa\u00fal - Somos Vicencianos<\/title>\n<meta name=\"robots\" content=\"index, follow, max-snippet:-1, max-image-preview:large, max-video-preview:-1\" \/>\n<link rel=\"canonical\" href=\"http:\/\/vincentians.com\/es\/conjugar-la-accion-y-la-contemplacion-una-clave-para-entender-a-vicente-de-paul\/\" \/>\n<meta property=\"og:locale\" content=\"es_ES\" \/>\n<meta property=\"og:type\" content=\"article\" \/>\n<meta property=\"og:title\" content=\"Conjugar la acci\u00f3n y la contemplaci\u00f3n: Una clave para entender a Vicente de Pa\u00fal - Somos Vicencianos\" \/>\n<meta property=\"og:description\" content=\"Hay muchas llaves en una casa grande. En el llavero puedes encontrar las llaves de la puerta principal y trasera, la del s\u00f3tano, quiz\u00e1s la de un cuarto poco usado, tambi\u00e9n la de una hucha ... Read More\" \/>\n<meta property=\"og:url\" content=\"http:\/\/vincentians.com\/es\/conjugar-la-accion-y-la-contemplacion-una-clave-para-entender-a-vicente-de-paul\/\" \/>\n<meta property=\"og:site_name\" content=\"Somos Vicencianos\" \/>\n<meta property=\"article:publisher\" content=\"https:\/\/www.facebook.com\/WeAreVincentians\/\" \/>\n<meta property=\"article:author\" content=\"https:\/\/www.facebook.com\/JavierChento\" \/>\n<meta property=\"article:published_time\" content=\"2015-05-26T05:07:07+00:00\" \/>\n<meta property=\"article:modified_time\" content=\"2016-07-26T17:17:46+00:00\" \/>\n<meta name=\"author\" content=\"Francisco Javier Fern\u00e1ndez Chento\" \/>\n<meta name=\"twitter:card\" content=\"summary_large_image\" \/>\n<meta name=\"twitter:creator\" content=\"@https:\/\/twitter.com\/javierchento\" \/>\n<meta name=\"twitter:site\" content=\"@WeVincentians\" \/>\n<meta name=\"twitter:label1\" content=\"Escrito por\" \/>\n\t<meta name=\"twitter:data1\" content=\"Francisco Javier Fern\u00e1ndez Chento\" \/>\n\t<meta name=\"twitter:label2\" content=\"Tiempo de lectura\" \/>\n\t<meta name=\"twitter:data2\" content=\"42 minutos\" \/>\n<script type=\"application\/ld+json\" class=\"yoast-schema-graph\">{\"@context\":\"https:\/\/schema.org\",\"@graph\":[{\"@type\":\"Article\",\"@id\":\"http:\/\/vincentians.com\/es\/conjugar-la-accion-y-la-contemplacion-una-clave-para-entender-a-vicente-de-paul\/#article\",\"isPartOf\":{\"@id\":\"http:\/\/vincentians.com\/es\/conjugar-la-accion-y-la-contemplacion-una-clave-para-entender-a-vicente-de-paul\/\"},\"author\":{\"name\":\"Francisco Javier Fern\u00e1ndez Chento\",\"@id\":\"http:\/\/vincentians.com\/es\/#\/schema\/person\/9623ef4d9aa3b2dfb8c061f1499288f2\"},\"headline\":\"Conjugar la acci\u00f3n y la contemplaci\u00f3n: Una clave para entender a Vicente de Pa\u00fal\",\"datePublished\":\"2015-05-26T05:07:07+00:00\",\"dateModified\":\"2016-07-26T17:17:46+00:00\",\"mainEntityOfPage\":{\"@id\":\"http:\/\/vincentians.com\/es\/conjugar-la-accion-y-la-contemplacion-una-clave-para-entender-a-vicente-de-paul\/\"},\"wordCount\":8403,\"commentCount\":0,\"publisher\":{\"@id\":\"http:\/\/vincentians.com\/es\/#organization\"},\"image\":{\"@id\":\"http:\/\/vincentians.com\/es\/conjugar-la-accion-y-la-contemplacion-una-clave-para-entender-a-vicente-de-paul\/#primaryimage\"},\"thumbnailUrl\":\"\",\"keywords\":[\"Abelly\",\"Argel\",\"Beauvais\",\"Blatiron\",\"Chatillon\",\"Collet\",\"Folleville\",\"Gannes\",\"Lambert\",\"Pobreza\",\"Portail\",\"San L\u00e1zaro\"],\"articleSection\":[\"Formaci\u00f3n Vicenciana\"],\"inLanguage\":\"es\",\"potentialAction\":[{\"@type\":\"CommentAction\",\"name\":\"Comment\",\"target\":[\"http:\/\/vincentians.com\/es\/conjugar-la-accion-y-la-contemplacion-una-clave-para-entender-a-vicente-de-paul\/#respond\"]}]},{\"@type\":\"WebPage\",\"@id\":\"http:\/\/vincentians.com\/es\/conjugar-la-accion-y-la-contemplacion-una-clave-para-entender-a-vicente-de-paul\/\",\"url\":\"http:\/\/vincentians.com\/es\/conjugar-la-accion-y-la-contemplacion-una-clave-para-entender-a-vicente-de-paul\/\",\"name\":\"Conjugar la acci\u00f3n y la contemplaci\u00f3n: Una clave para entender a Vicente de Pa\u00fal - Somos Vicencianos\",\"isPartOf\":{\"@id\":\"http:\/\/vincentians.com\/es\/#website\"},\"primaryImageOfPage\":{\"@id\":\"http:\/\/vincentians.com\/es\/conjugar-la-accion-y-la-contemplacion-una-clave-para-entender-a-vicente-de-paul\/#primaryimage\"},\"image\":{\"@id\":\"http:\/\/vincentians.com\/es\/conjugar-la-accion-y-la-contemplacion-una-clave-para-entender-a-vicente-de-paul\/#primaryimage\"},\"thumbnailUrl\":\"\",\"datePublished\":\"2015-05-26T05:07:07+00:00\",\"dateModified\":\"2016-07-26T17:17:46+00:00\",\"breadcrumb\":{\"@id\":\"http:\/\/vincentians.com\/es\/conjugar-la-accion-y-la-contemplacion-una-clave-para-entender-a-vicente-de-paul\/#breadcrumb\"},\"inLanguage\":\"es\",\"potentialAction\":[{\"@type\":\"ReadAction\",\"target\":[\"http:\/\/vincentians.com\/es\/conjugar-la-accion-y-la-contemplacion-una-clave-para-entender-a-vicente-de-paul\/\"]}]},{\"@type\":\"ImageObject\",\"inLanguage\":\"es\",\"@id\":\"http:\/\/vincentians.com\/es\/conjugar-la-accion-y-la-contemplacion-una-clave-para-entender-a-vicente-de-paul\/#primaryimage\",\"url\":\"\",\"contentUrl\":\"\"},{\"@type\":\"BreadcrumbList\",\"@id\":\"http:\/\/vincentians.com\/es\/conjugar-la-accion-y-la-contemplacion-una-clave-para-entender-a-vicente-de-paul\/#breadcrumb\",\"itemListElement\":[{\"@type\":\"ListItem\",\"position\":1,\"name\":\"Portada\",\"item\":\"http:\/\/vincentians.com\/es\/\"},{\"@type\":\"ListItem\",\"position\":2,\"name\":\"Conjugar la acci\u00f3n y la contemplaci\u00f3n: Una clave para entender a Vicente de Pa\u00fal\"}]},{\"@type\":\"WebSite\",\"@id\":\"http:\/\/vincentians.com\/es\/#website\",\"url\":\"http:\/\/vincentians.com\/es\/\",\"name\":\"Somos Vicencianos\",\"description\":\"Know more to serve more\",\"publisher\":{\"@id\":\"http:\/\/vincentians.com\/es\/#organization\"},\"potentialAction\":[{\"@type\":\"SearchAction\",\"target\":{\"@type\":\"EntryPoint\",\"urlTemplate\":\"http:\/\/vincentians.com\/es\/?s={search_term_string}\"},\"query-input\":{\"@type\":\"PropertyValueSpecification\",\"valueRequired\":true,\"valueName\":\"search_term_string\"}}],\"inLanguage\":\"es\"},{\"@type\":\"Organization\",\"@id\":\"http:\/\/vincentians.com\/es\/#organization\",\"name\":\"The Vincentian Network\",\"url\":\"http:\/\/vincentians.com\/es\/\",\"logo\":{\"@type\":\"ImageObject\",\"inLanguage\":\"es\",\"@id\":\"http:\/\/vincentians.com\/es\/#\/schema\/logo\/image\/\",\"url\":\"https:\/\/i1.wp.com\/vincentians.com\/es\/wp-content\/uploads\/sites\/11\/2016\/06\/Vincentian-Network-logo-big.png?fit=778%2C778\",\"contentUrl\":\"https:\/\/i1.wp.com\/vincentians.com\/es\/wp-content\/uploads\/sites\/11\/2016\/06\/Vincentian-Network-logo-big.png?fit=778%2C778\",\"width\":778,\"height\":778,\"caption\":\"The Vincentian Network\"},\"image\":{\"@id\":\"http:\/\/vincentians.com\/es\/#\/schema\/logo\/image\/\"},\"sameAs\":[\"https:\/\/www.facebook.com\/WeAreVincentians\/\",\"https:\/\/x.com\/WeVincentians\"]},{\"@type\":\"Person\",\"@id\":\"http:\/\/vincentians.com\/es\/#\/schema\/person\/9623ef4d9aa3b2dfb8c061f1499288f2\",\"name\":\"Francisco Javier Fern\u00e1ndez Chento\",\"image\":{\"@type\":\"ImageObject\",\"inLanguage\":\"es\",\"@id\":\"http:\/\/vincentians.com\/es\/#\/schema\/person\/image\/\",\"url\":\"https:\/\/secure.gravatar.com\/avatar\/497d5cde87b4c3d097d0315953521681ba2cd523ee66e5077c3711f7021e65de?s=96&d=mm&r=g\",\"contentUrl\":\"https:\/\/secure.gravatar.com\/avatar\/497d5cde87b4c3d097d0315953521681ba2cd523ee66e5077c3711f7021e65de?s=96&d=mm&r=g\",\"caption\":\"Francisco Javier Fern\u00e1ndez Chento\"},\"description\":\"Director General y cofundador de La Red de Formaci\u00f3n Vicenciana. Javier es laico vicenciano, afiliado a la Congregaci\u00f3n de la Misi\u00f3n y miembro del Equipo de Misiones Populares de la provincia can\u00f3nica de Zaragoza (Espa\u00f1a) de la Congregaci\u00f3n de la Misi\u00f3n. Graduado en la Universidad Oberta de Catalunya con cuatro grados (Asistente de direcci\u00f3n, Gesti\u00f3n Administrativa, Recursos Humanos y Contabilidad Avanzada). Bil\u00edng\u00fce Espa\u00f1ol\/Ingl\u00e9s. gestiona y mantiene varias p\u00e1ginas web cristianas y vicencianas, incluida including La Red de Formaci\u00f3n Vicenciana, de la que es cofundador. Actualmente es responsable del \u00e1rea de Espa\u00f1ol de .famvin, la Red de Noticias de la Familia Vicenciana. Tambi\u00e9n es m\u00fasico cat\u00f3lico y ha editado varios discos. Es Director General y cofundador de Trovador, una reconocida compa\u00f1\u00eda discogr\u00e1fica critiana de Espa\u00f1a. Trabaja en las Tecnolog\u00edas de la Informaci\u00f3n, ofreciendo servicios de alojamiento, dise\u00f1o y mantenimiento Web, as\u00ed como asesoramiento, formaci\u00f3n y soluciones inform\u00e1ticas, gesti\u00f3n documental y digitalizaci\u00f3n de textos, edici\u00f3n y maquetaci\u00f3n de libros, revistas, flyers, etc.\",\"sameAs\":[\"http:\/\/chento.org\",\"https:\/\/www.facebook.com\/JavierChento\",\"https:\/\/x.com\/https:\/\/twitter.com\/javierchento\"],\"url\":\"http:\/\/vincentians.com\/es\/author\/chento\/\"}]}<\/script>\n<!-- \/ Yoast SEO plugin. -->","yoast_head_json":{"title":"Conjugar la acci\u00f3n y la contemplaci\u00f3n: Una clave para entender a Vicente de Pa\u00fal - Somos Vicencianos","robots":{"index":"index","follow":"follow","max-snippet":"max-snippet:-1","max-image-preview":"max-image-preview:large","max-video-preview":"max-video-preview:-1"},"canonical":"http:\/\/vincentians.com\/es\/conjugar-la-accion-y-la-contemplacion-una-clave-para-entender-a-vicente-de-paul\/","og_locale":"es_ES","og_type":"article","og_title":"Conjugar la acci\u00f3n y la contemplaci\u00f3n: Una clave para entender a Vicente de Pa\u00fal - Somos Vicencianos","og_description":"Hay muchas llaves en una casa grande. En el llavero puedes encontrar las llaves de la puerta principal y trasera, la del s\u00f3tano, quiz\u00e1s la de un cuarto poco usado, tambi\u00e9n la de una hucha ... Read More","og_url":"http:\/\/vincentians.com\/es\/conjugar-la-accion-y-la-contemplacion-una-clave-para-entender-a-vicente-de-paul\/","og_site_name":"Somos Vicencianos","article_publisher":"https:\/\/www.facebook.com\/WeAreVincentians\/","article_author":"https:\/\/www.facebook.com\/JavierChento","article_published_time":"2015-05-26T05:07:07+00:00","article_modified_time":"2016-07-26T17:17:46+00:00","author":"Francisco Javier Fern\u00e1ndez Chento","twitter_card":"summary_large_image","twitter_creator":"@https:\/\/twitter.com\/javierchento","twitter_site":"@WeVincentians","twitter_misc":{"Escrito por":"Francisco Javier Fern\u00e1ndez Chento","Tiempo de lectura":"42 minutos"},"schema":{"@context":"https:\/\/schema.org","@graph":[{"@type":"Article","@id":"http:\/\/vincentians.com\/es\/conjugar-la-accion-y-la-contemplacion-una-clave-para-entender-a-vicente-de-paul\/#article","isPartOf":{"@id":"http:\/\/vincentians.com\/es\/conjugar-la-accion-y-la-contemplacion-una-clave-para-entender-a-vicente-de-paul\/"},"author":{"name":"Francisco Javier Fern\u00e1ndez Chento","@id":"http:\/\/vincentians.com\/es\/#\/schema\/person\/9623ef4d9aa3b2dfb8c061f1499288f2"},"headline":"Conjugar la acci\u00f3n y la contemplaci\u00f3n: Una clave para entender a Vicente de Pa\u00fal","datePublished":"2015-05-26T05:07:07+00:00","dateModified":"2016-07-26T17:17:46+00:00","mainEntityOfPage":{"@id":"http:\/\/vincentians.com\/es\/conjugar-la-accion-y-la-contemplacion-una-clave-para-entender-a-vicente-de-paul\/"},"wordCount":8403,"commentCount":0,"publisher":{"@id":"http:\/\/vincentians.com\/es\/#organization"},"image":{"@id":"http:\/\/vincentians.com\/es\/conjugar-la-accion-y-la-contemplacion-una-clave-para-entender-a-vicente-de-paul\/#primaryimage"},"thumbnailUrl":"","keywords":["Abelly","Argel","Beauvais","Blatiron","Chatillon","Collet","Folleville","Gannes","Lambert","Pobreza","Portail","San L\u00e1zaro"],"articleSection":["Formaci\u00f3n Vicenciana"],"inLanguage":"es","potentialAction":[{"@type":"CommentAction","name":"Comment","target":["http:\/\/vincentians.com\/es\/conjugar-la-accion-y-la-contemplacion-una-clave-para-entender-a-vicente-de-paul\/#respond"]}]},{"@type":"WebPage","@id":"http:\/\/vincentians.com\/es\/conjugar-la-accion-y-la-contemplacion-una-clave-para-entender-a-vicente-de-paul\/","url":"http:\/\/vincentians.com\/es\/conjugar-la-accion-y-la-contemplacion-una-clave-para-entender-a-vicente-de-paul\/","name":"Conjugar la acci\u00f3n y la contemplaci\u00f3n: Una clave para entender a Vicente de Pa\u00fal - Somos Vicencianos","isPartOf":{"@id":"http:\/\/vincentians.com\/es\/#website"},"primaryImageOfPage":{"@id":"http:\/\/vincentians.com\/es\/conjugar-la-accion-y-la-contemplacion-una-clave-para-entender-a-vicente-de-paul\/#primaryimage"},"image":{"@id":"http:\/\/vincentians.com\/es\/conjugar-la-accion-y-la-contemplacion-una-clave-para-entender-a-vicente-de-paul\/#primaryimage"},"thumbnailUrl":"","datePublished":"2015-05-26T05:07:07+00:00","dateModified":"2016-07-26T17:17:46+00:00","breadcrumb":{"@id":"http:\/\/vincentians.com\/es\/conjugar-la-accion-y-la-contemplacion-una-clave-para-entender-a-vicente-de-paul\/#breadcrumb"},"inLanguage":"es","potentialAction":[{"@type":"ReadAction","target":["http:\/\/vincentians.com\/es\/conjugar-la-accion-y-la-contemplacion-una-clave-para-entender-a-vicente-de-paul\/"]}]},{"@type":"ImageObject","inLanguage":"es","@id":"http:\/\/vincentians.com\/es\/conjugar-la-accion-y-la-contemplacion-una-clave-para-entender-a-vicente-de-paul\/#primaryimage","url":"","contentUrl":""},{"@type":"BreadcrumbList","@id":"http:\/\/vincentians.com\/es\/conjugar-la-accion-y-la-contemplacion-una-clave-para-entender-a-vicente-de-paul\/#breadcrumb","itemListElement":[{"@type":"ListItem","position":1,"name":"Portada","item":"http:\/\/vincentians.com\/es\/"},{"@type":"ListItem","position":2,"name":"Conjugar la acci\u00f3n y la contemplaci\u00f3n: Una clave para entender a Vicente de Pa\u00fal"}]},{"@type":"WebSite","@id":"http:\/\/vincentians.com\/es\/#website","url":"http:\/\/vincentians.com\/es\/","name":"Somos Vicencianos","description":"Know more to serve more","publisher":{"@id":"http:\/\/vincentians.com\/es\/#organization"},"potentialAction":[{"@type":"SearchAction","target":{"@type":"EntryPoint","urlTemplate":"http:\/\/vincentians.com\/es\/?s={search_term_string}"},"query-input":{"@type":"PropertyValueSpecification","valueRequired":true,"valueName":"search_term_string"}}],"inLanguage":"es"},{"@type":"Organization","@id":"http:\/\/vincentians.com\/es\/#organization","name":"The Vincentian Network","url":"http:\/\/vincentians.com\/es\/","logo":{"@type":"ImageObject","inLanguage":"es","@id":"http:\/\/vincentians.com\/es\/#\/schema\/logo\/image\/","url":"https:\/\/i1.wp.com\/vincentians.com\/es\/wp-content\/uploads\/sites\/11\/2016\/06\/Vincentian-Network-logo-big.png?fit=778%2C778","contentUrl":"https:\/\/i1.wp.com\/vincentians.com\/es\/wp-content\/uploads\/sites\/11\/2016\/06\/Vincentian-Network-logo-big.png?fit=778%2C778","width":778,"height":778,"caption":"The Vincentian Network"},"image":{"@id":"http:\/\/vincentians.com\/es\/#\/schema\/logo\/image\/"},"sameAs":["https:\/\/www.facebook.com\/WeAreVincentians\/","https:\/\/x.com\/WeVincentians"]},{"@type":"Person","@id":"http:\/\/vincentians.com\/es\/#\/schema\/person\/9623ef4d9aa3b2dfb8c061f1499288f2","name":"Francisco Javier Fern\u00e1ndez Chento","image":{"@type":"ImageObject","inLanguage":"es","@id":"http:\/\/vincentians.com\/es\/#\/schema\/person\/image\/","url":"https:\/\/secure.gravatar.com\/avatar\/497d5cde87b4c3d097d0315953521681ba2cd523ee66e5077c3711f7021e65de?s=96&d=mm&r=g","contentUrl":"https:\/\/secure.gravatar.com\/avatar\/497d5cde87b4c3d097d0315953521681ba2cd523ee66e5077c3711f7021e65de?s=96&d=mm&r=g","caption":"Francisco Javier Fern\u00e1ndez Chento"},"description":"Director General y cofundador de La Red de Formaci\u00f3n Vicenciana. Javier es laico vicenciano, afiliado a la Congregaci\u00f3n de la Misi\u00f3n y miembro del Equipo de Misiones Populares de la provincia can\u00f3nica de Zaragoza (Espa\u00f1a) de la Congregaci\u00f3n de la Misi\u00f3n. Graduado en la Universidad Oberta de Catalunya con cuatro grados (Asistente de direcci\u00f3n, Gesti\u00f3n Administrativa, Recursos Humanos y Contabilidad Avanzada). Bil\u00edng\u00fce Espa\u00f1ol\/Ingl\u00e9s. gestiona y mantiene varias p\u00e1ginas web cristianas y vicencianas, incluida including La Red de Formaci\u00f3n Vicenciana, de la que es cofundador. Actualmente es responsable del \u00e1rea de Espa\u00f1ol de .famvin, la Red de Noticias de la Familia Vicenciana. Tambi\u00e9n es m\u00fasico cat\u00f3lico y ha editado varios discos. Es Director General y cofundador de Trovador, una reconocida compa\u00f1\u00eda discogr\u00e1fica critiana de Espa\u00f1a. Trabaja en las Tecnolog\u00edas de la Informaci\u00f3n, ofreciendo servicios de alojamiento, dise\u00f1o y mantenimiento Web, as\u00ed como asesoramiento, formaci\u00f3n y soluciones inform\u00e1ticas, gesti\u00f3n documental y digitalizaci\u00f3n de textos, edici\u00f3n y maquetaci\u00f3n de libros, revistas, flyers, etc.","sameAs":["http:\/\/chento.org","https:\/\/www.facebook.com\/JavierChento","https:\/\/x.com\/https:\/\/twitter.com\/javierchento"],"url":"http:\/\/vincentians.com\/es\/author\/chento\/"}]}},"jetpack_publicize_connections":[],"jetpack_featured_media_url":"","jetpack_sharing_enabled":true,"jetpack_shortlink":"https:\/\/wp.me\/p7ETMF-aLS","jetpack-related-posts":[{"id":101815,"url":"http:\/\/vincentians.com\/es\/vida-del-senor-vicente-de-paul-nota-bibliografica-2\/","url_meta":{"origin":41408,"position":0},"title":"Vida del Se\u00f1or Vicente de Pa\u00fal: Nota bibliogr\u00e1fica","author":"Francisco Javier Fern\u00e1ndez Chento","date":"21\/05\/2015","format":false,"excerpt":"Nota bibliogr\u00e1fica Esta biograf\u00eda de san Vicente de Pa\u00fal se dedica a la memoria de Pierre Coste, C.M. (1873-1935), sin cuyo trabajo previo no hubiera podido ser escrita. Coste recogi\u00f3 pacientemente y public\u00f3 en trece vol\u00famenes pr\u00e1cticamente todos los es\u00adcritos procedentes de Vicente de Pa\u00fal o que se refieren a\u2026","rel":"","context":"En \u00abVicente de Pa\u00fal\u00bb","block_context":{"text":"Vicente de Pa\u00fal","link":"http:\/\/vincentians.com\/es\/category\/la-familia-vicenciana\/fundadores\/vicente-de-paul\/"},"img":{"alt_text":"sanvibiblia","src":"https:\/\/i0.wp.com\/vicencianos.org\/wp-content\/2012\/08\/sanvibiblia-300x300.png?resize=350%2C200","width":350,"height":200},"classes":[]},{"id":118520,"url":"http:\/\/vincentians.com\/es\/bibliografia-basica-sobre-san-vicente-de-paul\/","url_meta":{"origin":41408,"position":1},"title":"Bibliograf\u00eda b\u00e1sica sobre san Vicente de Pa\u00fal","author":"Francisco Javier Fern\u00e1ndez Chento","date":"14\/03\/2015","format":false,"excerpt":"ABELLY Louis: Vida del Venerable Siervo de Dios Vicente de Pa\u00fal, Fundador y primer Superior General de la Congregaci\u00f3n de la Misi\u00f3n. Salamanca: CEME. 1994. 814p 25cm. Abelly public\u00f3 esta obra s\u00f3lo cuatro a\u00f1os despu\u00e9s de la muerte de San Vicente, a quien conoci\u00f3 durante m\u00e1s de veinte a\u00f1os. Ha\u2026","rel":"","context":"En \u00abVicente de Pa\u00fal\u00bb","block_context":{"text":"Vicente de Pa\u00fal","link":"http:\/\/vincentians.com\/es\/category\/la-familia-vicenciana\/fundadores\/vicente-de-paul\/"},"img":{"alt_text":"vicentepaul","src":"https:\/\/i0.wp.com\/vicencianos.org\/wp-content\/2012\/12\/vicentepaul-235x300.jpg?resize=350%2C200","width":350,"height":200},"classes":[]},{"id":120461,"url":"http:\/\/vincentians.com\/es\/san-vicente-de-paul-y-su-entronque-hispanico-y-x\/","url_meta":{"origin":41408,"position":2},"title":"San Vicente de Pa\u00fal y su entronque hisp\u00e1nico (y X)","author":"Francisco Javier Fern\u00e1ndez Chento","date":"09\/09\/2022","format":false,"excerpt":"Conclusiones De los estudios precedentes podemos llegar a las siguien\u00adtes conclusiones acerca del \"entronque\" de San Vicente de Pa\u00fal con Espa\u00f1a. Existen argumentos que evidencian con certeza que los padres de San Vicente de Pa\u00fal son aragoneses, proceden\u00adtes de Tamarite de Litera. Que el mismo Santo naciera en Tamarite o\u2026","rel":"","context":"En \u00abVicente de Pa\u00fal\u00bb","block_context":{"text":"Vicente de Pa\u00fal","link":"http:\/\/vincentians.com\/es\/category\/la-familia-vicenciana\/fundadores\/vicente-de-paul\/"},"img":{"alt_text":"","src":"https:\/\/i0.wp.com\/vincentians.com\/es\/wp-content\/uploads\/sites\/11\/2013\/04\/msoF811D.jpg?fit=612%2C490&resize=350%2C200","width":350,"height":200,"srcset":"https:\/\/i0.wp.com\/vincentians.com\/es\/wp-content\/uploads\/sites\/11\/2013\/04\/msoF811D.jpg?fit=612%2C490&resize=350%2C200 1x, https:\/\/i0.wp.com\/vincentians.com\/es\/wp-content\/uploads\/sites\/11\/2013\/04\/msoF811D.jpg?fit=612%2C490&resize=525%2C300 1.5x"},"classes":[]},{"id":101805,"url":"http:\/\/vincentians.com\/es\/vida-del-senor-vicente-de-paul-interludio\/","url_meta":{"origin":41408,"position":3},"title":"Vida del Se\u00f1or Vicente de Pa\u00fal: Interludio","author":"Francisco Javier Fern\u00e1ndez Chento","date":"11\/05\/2015","format":false,"excerpt":"Interludio Mientras hace su d\u00eda de retiro el se\u00f1or Vicente vamos tambi\u00e9n nosotros a hacer un alto de descanso en la narraci\u00f3n de su vida. La na\u00adrraci\u00f3n contin\u00faa en 1634. El lector apresurado puede -saltarse limpiamente este in\u00adterludio y continuar a partir de ese punto. No sufrir\u00e1 mucho con ello\u2026","rel":"","context":"En \u00abVicente de Pa\u00fal\u00bb","block_context":{"text":"Vicente de Pa\u00fal","link":"http:\/\/vincentians.com\/es\/category\/la-familia-vicenciana\/fundadores\/vicente-de-paul\/"},"img":{"alt_text":"sanvibiblia","src":"https:\/\/i0.wp.com\/vicencianos.org\/wp-content\/2012\/08\/sanvibiblia-300x300.png?resize=350%2C200","width":350,"height":200},"classes":[]},{"id":121299,"url":"http:\/\/vincentians.com\/es\/san-vicente-de-paul-nacio-en-francia-ii-estudios\/","url_meta":{"origin":41408,"position":4},"title":"San Vicente de Pa\u00fal naci\u00f3 en Francia. II. Estudios","author":"Francisco Javier Fern\u00e1ndez Chento","date":"27\/04\/2015","format":false,"excerpt":"II. Estudios En lo concerniente a los estudios teol\u00f3gicos de Vicente de Pa\u00fal, los detalles no ser\u00e1n abundantes, dado el cuidado del Santo por hacerse pasar por un estudiante de cuarto a\u00f1o. Sin embargo. despu\u00e9s de su muerte, se encuentran tres documentos, cuya existencia no se sospechaba, y que arrojan\u2026","rel":"","context":"En \u00abVicente de Pa\u00fal\u00bb","block_context":{"text":"Vicente de Pa\u00fal","link":"http:\/\/vincentians.com\/es\/category\/la-familia-vicenciana\/fundadores\/vicente-de-paul\/"},"img":{"alt_text":"","src":"","width":0,"height":0},"classes":[]},{"id":119549,"url":"http:\/\/vincentians.com\/es\/san-vicente-de-paul-y-su-entronque-hispanico-iv\/","url_meta":{"origin":41408,"position":5},"title":"San Vicente de Pa\u00fal y su entronque hisp\u00e1nico (IV)","author":"Francisco Javier Fern\u00e1ndez Chento","date":"08\/05\/2013","format":false,"excerpt":"Cap\u00edtulo segundo: Entronque cultural. \u00bfEstudi\u00f3 san Vicente en Zaragoza? Art\u00edculo primero: Estado de la cuesti\u00f3n Cuatro a\u00f1os despu\u00e9s de la muerte de San Vicente de Pa\u00fal, su \u00edntimo amigo y colaborador en muchas empresas se\u00f1or Luis Abelly, Obispo de Rodez, en el cap\u00edtulo II, p\u00e1gina 12, estampaba estas l\u00edneas: \"Despu\u00e9s\u2026","rel":"","context":"En \u00abVicente de Pa\u00fal\u00bb","block_context":{"text":"Vicente de Pa\u00fal","link":"http:\/\/vincentians.com\/es\/category\/la-familia-vicenciana\/fundadores\/vicente-de-paul\/"},"img":{"alt_text":"SANV","src":"https:\/\/i0.wp.com\/vicencianos.org\/wp-content\/2013\/04\/SANV.jpg?resize=350%2C200","width":350,"height":200},"classes":[]}],"_links":{"self":[{"href":"http:\/\/vincentians.com\/es\/wp-json\/wp\/v2\/posts\/41408","targetHints":{"allow":["GET"]}}],"collection":[{"href":"http:\/\/vincentians.com\/es\/wp-json\/wp\/v2\/posts"}],"about":[{"href":"http:\/\/vincentians.com\/es\/wp-json\/wp\/v2\/types\/post"}],"author":[{"embeddable":true,"href":"http:\/\/vincentians.com\/es\/wp-json\/wp\/v2\/users\/4"}],"replies":[{"embeddable":true,"href":"http:\/\/vincentians.com\/es\/wp-json\/wp\/v2\/comments?post=41408"}],"version-history":[{"count":0,"href":"http:\/\/vincentians.com\/es\/wp-json\/wp\/v2\/posts\/41408\/revisions"}],"wp:featuredmedia":[{"embeddable":true,"href":"http:\/\/vincentians.com\/es\/wp-json\/"}],"wp:attachment":[{"href":"http:\/\/vincentians.com\/es\/wp-json\/wp\/v2\/media?parent=41408"}],"wp:term":[{"taxonomy":"category","embeddable":true,"href":"http:\/\/vincentians.com\/es\/wp-json\/wp\/v2\/categories?post=41408"},{"taxonomy":"post_tag","embeddable":true,"href":"http:\/\/vincentians.com\/es\/wp-json\/wp\/v2\/tags?post=41408"}],"curies":[{"name":"wp","href":"https:\/\/api.w.org\/{rel}","templated":true}]}}