{"id":41370,"date":"2014-11-02T08:22:40","date_gmt":"2014-11-02T07:22:40","guid":{"rendered":"http:\/\/somos.vicencianos.org\/?p=41370"},"modified":"2016-07-27T12:06:46","modified_gmt":"2016-07-27T10:06:46","slug":"guillaume-desdames-muerto-en-1692-y-nicolas-duperroy-1625-1674","status":"publish","type":"post","link":"http:\/\/vincentians.com\/es\/guillaume-desdames-muerto-en-1692-y-nicolas-duperroy-1625-1674\/","title":{"rendered":"Guillaume Desdames (\u2020 1692) y Nicolas Duperroy (1625-1674)"},"content":{"rendered":"<p><a href=\"https:\/\/i0.wp.com\/vicencianos.org\/wp-content\/2011\/05\/bios_cm.jpg\"><img data-recalc-dims=\"1\" loading=\"lazy\" decoding=\"async\" class=\"size-medium wp-image-40565 alignright\" src=\"https:\/\/i0.wp.com\/vicencianos.org\/wp-content\/2011\/05\/bios_cm-232x300.jpg?resize=232%2C300\" alt=\"\" width=\"232\" height=\"300\" \/><\/a>Unimos los nombres de estos dos Misioneros de Polonia, a los que san Vicente ha querido alabar juntos en varias ocasiones. El Sr. Desdames era natural de Rouen; hab\u00eda entrado en la Congregaci\u00f3n a la edad de veintitr\u00e9s a\u00f1os, en 1645, y hab\u00eda sido recibido por san Vicente, que le mand\u00f3 ordenar de sacerdote el d\u00eda de Pentecost\u00e9s de 1648. No sabemos en qu\u00e9 casa estuvo empleado hasta 1615, \u00e9poca en la que fue dado al Sr. Lambert como compa\u00f1ero de su lejana misi\u00f3n de Polonia. Se repartieron los peligros de la peste y las obras de caridad que esta plaga reclamaba; con \u00e9l cuid\u00f3 de los enfermos y enterr\u00f3 a los muertos, en el momento en que las calles estaban llenas de cad\u00e1veres, los perros y hasta los lobos ven\u00edan a buscar su pasto. Fue en medio de esta desolaci\u00f3n cuando los Srs. Lambert y Desdames pusieron en pr\u00e1ctica las lecciones de san Vicente y fundaron sobre bases s\u00f3lidas laCongregaci\u00f3n en Polonia.<\/p>\n<p>Cuando la peste hubo cesado en Varsovia, el Sr Desdames fue enviado a Sokolka, cerca de Grozno en Lituania, donde tuvo el dolor, en 1653, de cerrar los ojos al Sr Lambert. Volvi\u00f3 a Varsovia en 1654, cuando el Sr. Ozenne hab\u00eda renunciado al beneficio de Sokolka, y encontr\u00f3 all\u00ed nuevas ocasiones de ejercitar la m\u00e1s heroica caridad. Se entreg\u00f3 primeramente a socorrer lo mejor que pudo al Sr.Ozenne en los cuidados que requer\u00eda la parroquia de la Santa Cruz, que acababa de ser confiada a la Congregaci\u00f3n;\u00a0 conociendo lo suficiente el polaco, pudo ir a inaugurar las misiones en el campo, el mes de octubre de 1654; y de vuelta a casa, continuando su ministerio parroquial, se ocupaba en traducir al polaco sermones de misi\u00f3n para ir luego a predicar en los campos. San Vicente se regocijaba por su celo y sus primeros \u00e9xitos y tuvo bien pronto ocasi\u00f3n de admirar m\u00e1s a\u00fan su paciencia en los sufrimientos. Habiendo estallado a guerra de los suecos contra Polonia en 1655, el Sr. Desdames se encerr\u00f3 con el Sr. Duperroy en la ciudad de Varsovia, y all\u00ed hubo de sufrir los horrores de dos o tres asedios.<\/p>\n<p style=\"text-align: center\">* * *<\/p>\n<p>El Sr. Duperroy hab\u00eda nacido el 16 de enero de 1625 en el pueblo de Maulevrier, cerca de Caudebec, en la di\u00f3cesis de Rouen. Fue recibido en el seminario de San L\u00e1zaro por san Vicente, el 13 de septiembre de 1651. Como demostr\u00f3 desde un principio mucho fervor y celo,\u00a0 el santo Fundador crey\u00f3 poder contar bastante con \u00e9l para enviarle a Polonia con Ozenne aunque todav\u00eda fuera cl\u00e9rigo y no hubiera hecho los votos. El a\u00f1o siguiente san Vicente recomendaba al Sr Ozenne que le ordenara de sacerdote, tanta confianza ten\u00eda en sus buenas disposiciones; y es en esta ocasi\u00f3n cuando escrib\u00eda las palabras ya citadas: \u00abUn buen operario vale por diez\u00bb. El Sr. Duperroy no desminti\u00f3 la profec\u00eda de su bienaventurado Padre. Cuando estall\u00f3 la guerra de los suecos, comparti\u00f3 en Varsovia todos los sufrimientos del Sr.Desdames. La segunda vez que los suecos entraron en esta ciudad, se lanzaron principalmente contra las iglesias. Cuando llegaron a Santa Cruz, el Sra. Santa Cruz, el Sr. Duperroy quiso dialogar con ellos, pero cayeron sobre \u00e9l y le golpearon de tal manera que le dejaron por muerto. Se dice incluso que no habr\u00eda vuelto en s\u00ed, a no ser por las mujeres del barrio que acudieron en gran n\u00famero para prestarle sus auxilios.<\/p>\n<p>San Vicente llam\u00f3 al Sr, Desdames y al Sr Duperroy las \u00abdos piedras fundamentales\u00bb de la obra de la Misi\u00f3n en Polonia, despu\u00e9s de la muerte de del Sr. Lambert y del Sr. Ozonne. Y es hablando de ellos, si bien vivos a\u00fan,\u00a0 cuando el hombre de Dios pronunci\u00f3, en la conferencia del 24 de agosto de 1657, este elogio que recuerda las homil\u00edas de san Atanasio o de san Gregorio Magno sobre los siervos de Dios, sus contempor\u00e1neos; elogios en los que el aspecto biogr\u00e1fico se omit\u00eda por lo com\u00fan, pero en el que el fuego sagrado\u00a0 que dictaba sus palabras suscitaba nuevos confesores y nuevos m\u00e1rtires.<\/p>\n<p>\u00c9stas son las palabras de san Vicente:<\/p>\n<p style=\"padding-left: 30px\">\u00ab<em>Recomiendo a las oraciones de la asamblea a nuestros dos cohermanos, los Srs. Desdames y Duperroy, que trabajan en Varsovia Uno de ellos (el Sr.Duperroy) tiene un mal molesto reliquia de una peste mal curada: acabo de saber que le han cauterizado una costilla cariada, y su paciencia es tal que no se queja nunca. Lo sufre todo con una gran paz y tranquilidad de esp\u00edritu. Otro se afligir\u00eda al verse\u00a0 enfermo a trescientas o cuatrocientas leguas de su pa\u00eds; \u00e9l dir\u00eda: \u00ab\u00bfPor qu\u00e9 me han mandado tan lejos, que no me sacan de aqu\u00ed? Qu\u00e9, \u00bfes que me quieren abandonar? Nos dem\u00e1s est\u00e1n en Francia, bien c\u00f3modos, y a m\u00ed me dejan morir en un pa\u00eds extranjero\u00bb. Esto es lo que dir\u00eda un hombre de carne, apegado a sus sentimientos naturales, y que no entrar\u00eda en los de Nuestro Se\u00f1or sufriente, cifrando su felicidad en los sufrimientos. Oh, que lecci\u00f3n m\u00e1s hermosa nos da\u00a0 este siervo suyo para amar todos los estados en los que la divina Providencia nos quiera colocar!<\/em><\/p>\n<p style=\"padding-left: 30px\"><em>En cuanto al otro, ved el tiempo que lleva trabajando con una paz de esp\u00edritu y una seguridad maravillosa sin cansarse de la duraci\u00f3n de los trabajos, ni rechazar las incomodidades, ni sorprenderse de los peligros. Ellos son indiferentes a la muerte y a la vida, y humildemente resignados\u00a0 a lo que Dios ordene. No me expresan ning\u00fan signo de impaciencia ni de murmuraci\u00f3n; al contrario, parecen dispuestos a sufrir todav\u00eda m\u00e1s.<\/em><\/p>\n<p style=\"padding-left: 30px\"><em>Y nosotros, \u00bfhemos llegado ah\u00ed, Se\u00f1ores y hermanos m\u00edos, estamos preparados a pasar las penas que Dios nos env\u00ede y a ahogar los movimientos de la naturaleza para no vivir m\u00e1s que de la vida de Jesucristo, estamos dispuestos a ir a Polonia, a Berber\u00eda, a las Indias, a sacrificarle nuestras satisfacciones\u00a0 y nuestras vidas? Si as\u00ed es, bendigamos a Dios; pero si, por el contrario, los hay que temen dejar sus comodidades, que sean tan blandos como para quejarse de la menor cosa que les falte, y tan delicados como para querer cambiar de casa y de empleo porque el aire no es bueno, la alimentaci\u00f3n es pobre, y no tienen suficiente libertad para ir y venir; en una palabra, Se\u00f1ores, si algunos de nosotros\u00a0 son todav\u00eda esclavos de la naturaleza, entregados a los placeres de sus sentidos, como lo es este miserable pecador que os habla que, a la edad de setenta a\u00f1os, es todav\u00eda completamente profano, que se creen indignos de la condici\u00f3n apost\u00f3lica a la que los ha llamado Dios, y que se llenan de confusi\u00f3n al ver a sus hermanos que la ejercen tan dignamente, y que est\u00e9n tan alejados de su esp\u00edritu y de su valor.<\/em><\/p>\n<p style=\"padding-left: 30px\"><em>Pero \u00bfcu\u00e1les han sido sus padecimientos en aquel pa\u00eds, el hambre? All\u00ed la hay. \u00bfLa peste? la han tenido los dos, y uno por dos veces. \u00bfLa guerra? est\u00e1n en medio de los ej\u00e9rcitos y han pasado por las manos de los soldados enemigos. Por \u00faltimo Dios los ha probado con todas las plagas y nosotros nos quedaremos aqu\u00ed como caseros sin coraz\u00f3n y sin celo. Veremos a los dem\u00e1s exponerse a los peligros por el servicio de Dios, y nosotros seremos tan t\u00edmidos como gallinas. Oh miseria, oh cobard\u00eda! Mirad a veinte mil soldados que van a la guerra para sufrir toda clase de males, donde uno perder\u00e1 un brazo, el otro una pierna, y muchos la vida por un poco de viento y por y por esperanzas muy inciertas, y no obstante no tienen ning\u00fan miedo, ni dejan de correr cono tras un tesoro. Pero, para ganar el cielo, Se\u00f1ores, no hay casi nadie que se mueva; y con frecuencia los que se han propuesto conquistarle llevan una vida tan floja y tan sensual, que es indigna, no s\u00f3lo de un sacerdote y de un cristiano, sino de un hombre razonable; y si hubiera entre nosotros personas as\u00ed, no ser\u00edan m\u00e1s que cad\u00e1veres de Misioneros. Por eso, Dios m\u00edo, que se\u00e1is bendito por siempre y glorificado por las gracias que dais a los que se abandonan a vos, sed vos mismo vuestra alabanza por haber concedido a esta peque\u00f1a Compa\u00f1\u00eda estos dos hombres como gracias.<\/em><\/p>\n<p style=\"padding-left: 30px\"><em>D\u00e9monos a Dios, Se\u00f1ores, para ir por toda la tierra a llevar su santo Evangelio; y a cualquier parte que nos lleve, guardemos nuestro puesto y nuestras pr\u00e1cticas hasta que sea de su agrado retirarnos. Que las dificultades no nos arredren: se trata de la gloria del Padre eterno, y de la eficacia de la palabra de la Pasi\u00f3n de su Hijo. La salvaci\u00f3n de los pueblos y la nuestra propia es un bien tan grande, que merece que se consiga a cualquier precio; y nada tiene que ver que nos llegue la muerte antes, mientras\u00a0 sea con las armas en la mano seremos m\u00e1s felices, y la Compa\u00f1\u00eda no ser\u00e1 por ello m\u00e1s pobre, porque sanguis martyrum semen est christianorum. Por un Misionero que haya dado su vida por caridad, la bondad de Dios suscitar\u00e1 varios que hagan el bien\u00a0 que haya dejado por hacer. Que todos pues est\u00e1n resueltos a combatir el mundo y sus m\u00e1ximas, a mortificar la carne y sus pasiones. A someterse a las \u00f3rdenes de Dios, y a consumirse en los ejercicios de nuestro estado y en el cumplimiento de su voluntad, en cualquier parte del mundo que \u00e9l quiera. Hagamos ahora todos juntos esta resoluci\u00f3n, pero hag\u00e1mosla en el Esp\u00edritu de Nuestro Se\u00f1or, con una perfecta confianza en que \u00e9l nos asistir\u00e1 en las necesidades. \u00bfNo lo quer\u00e9is, mis hermanos del seminario, no lo quer\u00e9is, mis hermanos estudiantes? No se lo pregunto a los sacerdotes, pues sin duda ellos est\u00e1n todos dispuestos. S\u00ed, Dios m\u00edo, queremos responder todos a los designios que ten\u00e9is sobre nosotros. Es lo que nos proponemos todos en general, y cada uno en particular, mediante vuestra santa gracia: ya no tendremos apego ni a vivir, ni por la salud, ni por nuestras comodidades y diversiones, ni por un lugar, ni por otro, ni por nada del mundo que pueda impediros, Dios m\u00edo, hacernos esta misericordia, la que nos pedimos unos por otros. No s\u00e9, Se\u00f1ores, c\u00f3mo os he dicho todo esto, yo no hab\u00eda pensado en ello; pero me he sentido tan impresionado por lo que se ha dicho y, por otra parte tan consolado por las gracias que Dios ha dado a nuestros sacerdotes de Polonia que me he dejado llevar a haceros part\u00edcipes de los sentimientos de mi coraz\u00f3n<\/em>\u00ab.<\/p>\n<p>Los dos intr\u00e9pidos Misioneros murieron en su lejana misi\u00f3n de Polonia, el Sr. Nicolas Duperroy, en Varsovia, en 1674; el Sr. Guillaume Desdames, en Cracovia, el 1\u00ba de junio de 1692.<\/p>\n","protected":false},"excerpt":{"rendered":"<p>Unimos los nombres de estos dos Misioneros de Polonia, a los que san Vicente ha querido alabar juntos en varias ocasiones. El Sr. Desdames era natural de Rouen; hab\u00eda entrado en la Congregaci\u00f3n a la &#8230; <a href=\"http:\/\/vincentians.com\/es\/guillaume-desdames-muerto-en-1692-y-nicolas-duperroy-1625-1674\/\" class=\"more-link\">Read More<\/a><\/p>\n","protected":false},"author":5,"featured_media":391249,"comment_status":"open","ping_status":"open","sticky":false,"template":"","format":"standard","meta":{"jetpack_post_was_ever_published":false,"_jetpack_newsletter_access":"","_jetpack_dont_email_post_to_subs":false,"_jetpack_newsletter_tier_id":0,"_jetpack_memberships_contains_paywalled_content":false,"_jetpack_memberships_contains_paid_content":false,"footnotes":"","jetpack_publicize_message":"","jetpack_publicize_feature_enabled":true,"jetpack_social_post_already_shared":true,"jetpack_social_options":{"image_generator_settings":{"template":"highway","default_image_id":0,"font":"","enabled":false},"version":2}},"categories":[19],"tags":[144,143],"class_list":["post-41370","post","type-post","status-publish","format-standard","has-post-thumbnail","hentry","category-biografias-de-misioneros-paules","tag-lambert","tag-san-lazaro"],"yoast_head":"<!-- This site is optimized with the Yoast SEO plugin v26.3 - https:\/\/yoast.com\/wordpress\/plugins\/seo\/ -->\n<title>Guillaume Desdames (\u2020 1692) y Nicolas Duperroy (1625-1674) - Somos Vicencianos<\/title>\n<meta name=\"robots\" content=\"index, follow, max-snippet:-1, max-image-preview:large, max-video-preview:-1\" \/>\n<link rel=\"canonical\" href=\"http:\/\/vincentians.com\/es\/guillaume-desdames-muerto-en-1692-y-nicolas-duperroy-1625-1674\/\" \/>\n<meta property=\"og:locale\" content=\"es_ES\" \/>\n<meta property=\"og:type\" content=\"article\" \/>\n<meta property=\"og:title\" content=\"Guillaume Desdames (\u2020 1692) y Nicolas Duperroy (1625-1674) - Somos Vicencianos\" \/>\n<meta property=\"og:description\" content=\"Unimos los nombres de estos dos Misioneros de Polonia, a los que san Vicente ha querido alabar juntos en varias ocasiones. El Sr. Desdames era natural de Rouen; hab\u00eda entrado en la Congregaci\u00f3n a la ... Read More\" \/>\n<meta property=\"og:url\" content=\"http:\/\/vincentians.com\/es\/guillaume-desdames-muerto-en-1692-y-nicolas-duperroy-1625-1674\/\" \/>\n<meta property=\"og:site_name\" content=\"Somos Vicencianos\" \/>\n<meta property=\"article:publisher\" content=\"https:\/\/www.facebook.com\/WeAreVincentians\/\" \/>\n<meta property=\"article:published_time\" content=\"2014-11-02T07:22:40+00:00\" \/>\n<meta property=\"article:modified_time\" content=\"2016-07-27T10:06:46+00:00\" \/>\n<meta property=\"og:image\" content=\"https:\/\/i0.wp.com\/vincentians.com\/es\/wp-content\/uploads\/sites\/11\/2016\/07\/bio-cm.jpg?fit=1200%2C630\" \/>\n\t<meta property=\"og:image:width\" content=\"1200\" \/>\n\t<meta property=\"og:image:height\" content=\"630\" \/>\n\t<meta property=\"og:image:type\" content=\"image\/jpeg\" \/>\n<meta name=\"author\" content=\"Mitxel Olabu\u00e9naga\" \/>\n<meta name=\"twitter:card\" content=\"summary_large_image\" \/>\n<meta name=\"twitter:creator\" content=\"@WeVincentians\" \/>\n<meta name=\"twitter:site\" content=\"@WeVincentians\" \/>\n<meta name=\"twitter:label1\" content=\"Escrito por\" \/>\n\t<meta name=\"twitter:data1\" content=\"Mitxel Olabu\u00e9naga\" \/>\n\t<meta name=\"twitter:label2\" content=\"Tiempo de lectura\" \/>\n\t<meta name=\"twitter:data2\" content=\"10 minutos\" \/>\n<script type=\"application\/ld+json\" class=\"yoast-schema-graph\">{\"@context\":\"https:\/\/schema.org\",\"@graph\":[{\"@type\":\"Article\",\"@id\":\"http:\/\/vincentians.com\/es\/guillaume-desdames-muerto-en-1692-y-nicolas-duperroy-1625-1674\/#article\",\"isPartOf\":{\"@id\":\"http:\/\/vincentians.com\/es\/guillaume-desdames-muerto-en-1692-y-nicolas-duperroy-1625-1674\/\"},\"author\":{\"name\":\"Mitxel Olabu\u00e9naga\",\"@id\":\"http:\/\/vincentians.com\/es\/#\/schema\/person\/7c2670b4445a7ca9d164ea6acdb31859\"},\"headline\":\"Guillaume Desdames (\u2020 1692) y Nicolas Duperroy (1625-1674)\",\"datePublished\":\"2014-11-02T07:22:40+00:00\",\"dateModified\":\"2016-07-27T10:06:46+00:00\",\"mainEntityOfPage\":{\"@id\":\"http:\/\/vincentians.com\/es\/guillaume-desdames-muerto-en-1692-y-nicolas-duperroy-1625-1674\/\"},\"wordCount\":1908,\"commentCount\":0,\"publisher\":{\"@id\":\"http:\/\/vincentians.com\/es\/#organization\"},\"image\":{\"@id\":\"http:\/\/vincentians.com\/es\/guillaume-desdames-muerto-en-1692-y-nicolas-duperroy-1625-1674\/#primaryimage\"},\"thumbnailUrl\":\"https:\/\/i0.wp.com\/vincentians.com\/es\/wp-content\/uploads\/sites\/11\/2016\/07\/bio-cm.jpg?fit=1200%2C630\",\"keywords\":[\"Lambert\",\"San L\u00e1zaro\"],\"articleSection\":[\"Biograf\u00edas de Misioneros Pa\u00fales\"],\"inLanguage\":\"es\",\"potentialAction\":[{\"@type\":\"CommentAction\",\"name\":\"Comment\",\"target\":[\"http:\/\/vincentians.com\/es\/guillaume-desdames-muerto-en-1692-y-nicolas-duperroy-1625-1674\/#respond\"]}]},{\"@type\":\"WebPage\",\"@id\":\"http:\/\/vincentians.com\/es\/guillaume-desdames-muerto-en-1692-y-nicolas-duperroy-1625-1674\/\",\"url\":\"http:\/\/vincentians.com\/es\/guillaume-desdames-muerto-en-1692-y-nicolas-duperroy-1625-1674\/\",\"name\":\"Guillaume Desdames (\u2020 1692) y Nicolas Duperroy (1625-1674) - Somos Vicencianos\",\"isPartOf\":{\"@id\":\"http:\/\/vincentians.com\/es\/#website\"},\"primaryImageOfPage\":{\"@id\":\"http:\/\/vincentians.com\/es\/guillaume-desdames-muerto-en-1692-y-nicolas-duperroy-1625-1674\/#primaryimage\"},\"image\":{\"@id\":\"http:\/\/vincentians.com\/es\/guillaume-desdames-muerto-en-1692-y-nicolas-duperroy-1625-1674\/#primaryimage\"},\"thumbnailUrl\":\"https:\/\/i0.wp.com\/vincentians.com\/es\/wp-content\/uploads\/sites\/11\/2016\/07\/bio-cm.jpg?fit=1200%2C630\",\"datePublished\":\"2014-11-02T07:22:40+00:00\",\"dateModified\":\"2016-07-27T10:06:46+00:00\",\"breadcrumb\":{\"@id\":\"http:\/\/vincentians.com\/es\/guillaume-desdames-muerto-en-1692-y-nicolas-duperroy-1625-1674\/#breadcrumb\"},\"inLanguage\":\"es\",\"potentialAction\":[{\"@type\":\"ReadAction\",\"target\":[\"http:\/\/vincentians.com\/es\/guillaume-desdames-muerto-en-1692-y-nicolas-duperroy-1625-1674\/\"]}]},{\"@type\":\"ImageObject\",\"inLanguage\":\"es\",\"@id\":\"http:\/\/vincentians.com\/es\/guillaume-desdames-muerto-en-1692-y-nicolas-duperroy-1625-1674\/#primaryimage\",\"url\":\"https:\/\/i0.wp.com\/vincentians.com\/es\/wp-content\/uploads\/sites\/11\/2016\/07\/bio-cm.jpg?fit=1200%2C630\",\"contentUrl\":\"https:\/\/i0.wp.com\/vincentians.com\/es\/wp-content\/uploads\/sites\/11\/2016\/07\/bio-cm.jpg?fit=1200%2C630\",\"width\":1200,\"height\":630},{\"@type\":\"BreadcrumbList\",\"@id\":\"http:\/\/vincentians.com\/es\/guillaume-desdames-muerto-en-1692-y-nicolas-duperroy-1625-1674\/#breadcrumb\",\"itemListElement\":[{\"@type\":\"ListItem\",\"position\":1,\"name\":\"Portada\",\"item\":\"http:\/\/vincentians.com\/es\/\"},{\"@type\":\"ListItem\",\"position\":2,\"name\":\"Guillaume Desdames (\u2020 1692) y Nicolas Duperroy (1625-1674)\"}]},{\"@type\":\"WebSite\",\"@id\":\"http:\/\/vincentians.com\/es\/#website\",\"url\":\"http:\/\/vincentians.com\/es\/\",\"name\":\"Somos Vicencianos\",\"description\":\"Know more to serve more\",\"publisher\":{\"@id\":\"http:\/\/vincentians.com\/es\/#organization\"},\"potentialAction\":[{\"@type\":\"SearchAction\",\"target\":{\"@type\":\"EntryPoint\",\"urlTemplate\":\"http:\/\/vincentians.com\/es\/?s={search_term_string}\"},\"query-input\":{\"@type\":\"PropertyValueSpecification\",\"valueRequired\":true,\"valueName\":\"search_term_string\"}}],\"inLanguage\":\"es\"},{\"@type\":\"Organization\",\"@id\":\"http:\/\/vincentians.com\/es\/#organization\",\"name\":\"The Vincentian Network\",\"url\":\"http:\/\/vincentians.com\/es\/\",\"logo\":{\"@type\":\"ImageObject\",\"inLanguage\":\"es\",\"@id\":\"http:\/\/vincentians.com\/es\/#\/schema\/logo\/image\/\",\"url\":\"https:\/\/i1.wp.com\/vincentians.com\/es\/wp-content\/uploads\/sites\/11\/2016\/06\/Vincentian-Network-logo-big.png?fit=778%2C778\",\"contentUrl\":\"https:\/\/i1.wp.com\/vincentians.com\/es\/wp-content\/uploads\/sites\/11\/2016\/06\/Vincentian-Network-logo-big.png?fit=778%2C778\",\"width\":778,\"height\":778,\"caption\":\"The Vincentian Network\"},\"image\":{\"@id\":\"http:\/\/vincentians.com\/es\/#\/schema\/logo\/image\/\"},\"sameAs\":[\"https:\/\/www.facebook.com\/WeAreVincentians\/\",\"https:\/\/x.com\/WeVincentians\"]},{\"@type\":\"Person\",\"@id\":\"http:\/\/vincentians.com\/es\/#\/schema\/person\/7c2670b4445a7ca9d164ea6acdb31859\",\"name\":\"Mitxel Olabu\u00e9naga\",\"image\":{\"@type\":\"ImageObject\",\"inLanguage\":\"es\",\"@id\":\"http:\/\/vincentians.com\/es\/#\/schema\/person\/image\/\",\"url\":\"https:\/\/secure.gravatar.com\/avatar\/34137ec2e2b8939cbbed975731e71f3f4f1defc7266ded337a5ce0f925426877?s=96&d=mm&r=g\",\"contentUrl\":\"https:\/\/secure.gravatar.com\/avatar\/34137ec2e2b8939cbbed975731e71f3f4f1defc7266ded337a5ce0f925426877?s=96&d=mm&r=g\",\"caption\":\"Mitxel Olabu\u00e9naga\"},\"url\":\"http:\/\/vincentians.com\/es\/author\/mitxel\/\"}]}<\/script>\n<!-- \/ Yoast SEO plugin. -->","yoast_head_json":{"title":"Guillaume Desdames (\u2020 1692) y Nicolas Duperroy (1625-1674) - Somos Vicencianos","robots":{"index":"index","follow":"follow","max-snippet":"max-snippet:-1","max-image-preview":"max-image-preview:large","max-video-preview":"max-video-preview:-1"},"canonical":"http:\/\/vincentians.com\/es\/guillaume-desdames-muerto-en-1692-y-nicolas-duperroy-1625-1674\/","og_locale":"es_ES","og_type":"article","og_title":"Guillaume Desdames (\u2020 1692) y Nicolas Duperroy (1625-1674) - Somos Vicencianos","og_description":"Unimos los nombres de estos dos Misioneros de Polonia, a los que san Vicente ha querido alabar juntos en varias ocasiones. El Sr. Desdames era natural de Rouen; hab\u00eda entrado en la Congregaci\u00f3n a la ... Read More","og_url":"http:\/\/vincentians.com\/es\/guillaume-desdames-muerto-en-1692-y-nicolas-duperroy-1625-1674\/","og_site_name":"Somos Vicencianos","article_publisher":"https:\/\/www.facebook.com\/WeAreVincentians\/","article_published_time":"2014-11-02T07:22:40+00:00","article_modified_time":"2016-07-27T10:06:46+00:00","og_image":[{"width":1200,"height":630,"url":"https:\/\/i0.wp.com\/vincentians.com\/es\/wp-content\/uploads\/sites\/11\/2016\/07\/bio-cm.jpg?fit=1200%2C630","type":"image\/jpeg"}],"author":"Mitxel Olabu\u00e9naga","twitter_card":"summary_large_image","twitter_creator":"@WeVincentians","twitter_site":"@WeVincentians","twitter_misc":{"Escrito por":"Mitxel Olabu\u00e9naga","Tiempo de lectura":"10 minutos"},"schema":{"@context":"https:\/\/schema.org","@graph":[{"@type":"Article","@id":"http:\/\/vincentians.com\/es\/guillaume-desdames-muerto-en-1692-y-nicolas-duperroy-1625-1674\/#article","isPartOf":{"@id":"http:\/\/vincentians.com\/es\/guillaume-desdames-muerto-en-1692-y-nicolas-duperroy-1625-1674\/"},"author":{"name":"Mitxel Olabu\u00e9naga","@id":"http:\/\/vincentians.com\/es\/#\/schema\/person\/7c2670b4445a7ca9d164ea6acdb31859"},"headline":"Guillaume Desdames (\u2020 1692) y Nicolas Duperroy (1625-1674)","datePublished":"2014-11-02T07:22:40+00:00","dateModified":"2016-07-27T10:06:46+00:00","mainEntityOfPage":{"@id":"http:\/\/vincentians.com\/es\/guillaume-desdames-muerto-en-1692-y-nicolas-duperroy-1625-1674\/"},"wordCount":1908,"commentCount":0,"publisher":{"@id":"http:\/\/vincentians.com\/es\/#organization"},"image":{"@id":"http:\/\/vincentians.com\/es\/guillaume-desdames-muerto-en-1692-y-nicolas-duperroy-1625-1674\/#primaryimage"},"thumbnailUrl":"https:\/\/i0.wp.com\/vincentians.com\/es\/wp-content\/uploads\/sites\/11\/2016\/07\/bio-cm.jpg?fit=1200%2C630","keywords":["Lambert","San L\u00e1zaro"],"articleSection":["Biograf\u00edas de Misioneros Pa\u00fales"],"inLanguage":"es","potentialAction":[{"@type":"CommentAction","name":"Comment","target":["http:\/\/vincentians.com\/es\/guillaume-desdames-muerto-en-1692-y-nicolas-duperroy-1625-1674\/#respond"]}]},{"@type":"WebPage","@id":"http:\/\/vincentians.com\/es\/guillaume-desdames-muerto-en-1692-y-nicolas-duperroy-1625-1674\/","url":"http:\/\/vincentians.com\/es\/guillaume-desdames-muerto-en-1692-y-nicolas-duperroy-1625-1674\/","name":"Guillaume Desdames (\u2020 1692) y Nicolas Duperroy (1625-1674) - Somos Vicencianos","isPartOf":{"@id":"http:\/\/vincentians.com\/es\/#website"},"primaryImageOfPage":{"@id":"http:\/\/vincentians.com\/es\/guillaume-desdames-muerto-en-1692-y-nicolas-duperroy-1625-1674\/#primaryimage"},"image":{"@id":"http:\/\/vincentians.com\/es\/guillaume-desdames-muerto-en-1692-y-nicolas-duperroy-1625-1674\/#primaryimage"},"thumbnailUrl":"https:\/\/i0.wp.com\/vincentians.com\/es\/wp-content\/uploads\/sites\/11\/2016\/07\/bio-cm.jpg?fit=1200%2C630","datePublished":"2014-11-02T07:22:40+00:00","dateModified":"2016-07-27T10:06:46+00:00","breadcrumb":{"@id":"http:\/\/vincentians.com\/es\/guillaume-desdames-muerto-en-1692-y-nicolas-duperroy-1625-1674\/#breadcrumb"},"inLanguage":"es","potentialAction":[{"@type":"ReadAction","target":["http:\/\/vincentians.com\/es\/guillaume-desdames-muerto-en-1692-y-nicolas-duperroy-1625-1674\/"]}]},{"@type":"ImageObject","inLanguage":"es","@id":"http:\/\/vincentians.com\/es\/guillaume-desdames-muerto-en-1692-y-nicolas-duperroy-1625-1674\/#primaryimage","url":"https:\/\/i0.wp.com\/vincentians.com\/es\/wp-content\/uploads\/sites\/11\/2016\/07\/bio-cm.jpg?fit=1200%2C630","contentUrl":"https:\/\/i0.wp.com\/vincentians.com\/es\/wp-content\/uploads\/sites\/11\/2016\/07\/bio-cm.jpg?fit=1200%2C630","width":1200,"height":630},{"@type":"BreadcrumbList","@id":"http:\/\/vincentians.com\/es\/guillaume-desdames-muerto-en-1692-y-nicolas-duperroy-1625-1674\/#breadcrumb","itemListElement":[{"@type":"ListItem","position":1,"name":"Portada","item":"http:\/\/vincentians.com\/es\/"},{"@type":"ListItem","position":2,"name":"Guillaume Desdames (\u2020 1692) y Nicolas Duperroy (1625-1674)"}]},{"@type":"WebSite","@id":"http:\/\/vincentians.com\/es\/#website","url":"http:\/\/vincentians.com\/es\/","name":"Somos Vicencianos","description":"Know more to serve more","publisher":{"@id":"http:\/\/vincentians.com\/es\/#organization"},"potentialAction":[{"@type":"SearchAction","target":{"@type":"EntryPoint","urlTemplate":"http:\/\/vincentians.com\/es\/?s={search_term_string}"},"query-input":{"@type":"PropertyValueSpecification","valueRequired":true,"valueName":"search_term_string"}}],"inLanguage":"es"},{"@type":"Organization","@id":"http:\/\/vincentians.com\/es\/#organization","name":"The Vincentian Network","url":"http:\/\/vincentians.com\/es\/","logo":{"@type":"ImageObject","inLanguage":"es","@id":"http:\/\/vincentians.com\/es\/#\/schema\/logo\/image\/","url":"https:\/\/i1.wp.com\/vincentians.com\/es\/wp-content\/uploads\/sites\/11\/2016\/06\/Vincentian-Network-logo-big.png?fit=778%2C778","contentUrl":"https:\/\/i1.wp.com\/vincentians.com\/es\/wp-content\/uploads\/sites\/11\/2016\/06\/Vincentian-Network-logo-big.png?fit=778%2C778","width":778,"height":778,"caption":"The Vincentian Network"},"image":{"@id":"http:\/\/vincentians.com\/es\/#\/schema\/logo\/image\/"},"sameAs":["https:\/\/www.facebook.com\/WeAreVincentians\/","https:\/\/x.com\/WeVincentians"]},{"@type":"Person","@id":"http:\/\/vincentians.com\/es\/#\/schema\/person\/7c2670b4445a7ca9d164ea6acdb31859","name":"Mitxel Olabu\u00e9naga","image":{"@type":"ImageObject","inLanguage":"es","@id":"http:\/\/vincentians.com\/es\/#\/schema\/person\/image\/","url":"https:\/\/secure.gravatar.com\/avatar\/34137ec2e2b8939cbbed975731e71f3f4f1defc7266ded337a5ce0f925426877?s=96&d=mm&r=g","contentUrl":"https:\/\/secure.gravatar.com\/avatar\/34137ec2e2b8939cbbed975731e71f3f4f1defc7266ded337a5ce0f925426877?s=96&d=mm&r=g","caption":"Mitxel Olabu\u00e9naga"},"url":"http:\/\/vincentians.com\/es\/author\/mitxel\/"}]}},"jetpack_publicize_connections":[],"jetpack_featured_media_url":"https:\/\/i0.wp.com\/vincentians.com\/es\/wp-content\/uploads\/sites\/11\/2016\/07\/bio-cm.jpg?fit=1200%2C630","jetpack_sharing_enabled":true,"jetpack_shortlink":"https:\/\/wp.me\/p7ETMF-aLg","jetpack-related-posts":[{"id":140543,"url":"http:\/\/vincentians.com\/es\/el-hno-letus-delorme-1625-1702\/","url_meta":{"origin":41370,"position":0},"title":"El Hno. Letus Delorme (1625-1702)","author":"Mitxel Olabu\u00e9naga","date":"09\/03\/2015","format":false,"excerpt":"Inclinada la cabeza bajo el peso del dolor, qued\u00f3 ilumi\u00adnado por la tenue luz de un sencillo candelero; la t\u00edmida llama extiende sus rayos para acariciar la nieve que han ido dejan\u00addo los inviernos de las preocupaciones en la vida de este hom\u00adbre admirable, y luego baja respetuosa para mirarse\u2026","rel":"","context":"En \u00abBiograf\u00edas de Misioneros Pa\u00fales\u00bb","block_context":{"text":"Biograf\u00edas de Misioneros Pa\u00fales","link":"http:\/\/vincentians.com\/es\/category\/la-familia-vicenciana\/biografias-vicencianas\/biografias-de-misioneros-paules\/"},"img":{"alt_text":"","src":"https:\/\/i0.wp.com\/vincentians.com\/es\/wp-content\/uploads\/sites\/11\/2016\/07\/bio-cm.jpg?fit=1200%2C630&resize=350%2C200","width":350,"height":200,"srcset":"https:\/\/i0.wp.com\/vincentians.com\/es\/wp-content\/uploads\/sites\/11\/2016\/07\/bio-cm.jpg?fit=1200%2C630&resize=350%2C200 1x, https:\/\/i0.wp.com\/vincentians.com\/es\/wp-content\/uploads\/sites\/11\/2016\/07\/bio-cm.jpg?fit=1200%2C630&resize=525%2C300 1.5x, https:\/\/i0.wp.com\/vincentians.com\/es\/wp-content\/uploads\/sites\/11\/2016\/07\/bio-cm.jpg?fit=1200%2C630&resize=700%2C400 2x, https:\/\/i0.wp.com\/vincentians.com\/es\/wp-content\/uploads\/sites\/11\/2016\/07\/bio-cm.jpg?fit=1200%2C630&resize=1050%2C600 3x"},"classes":[]},{"id":129894,"url":"http:\/\/vincentians.com\/es\/san-vicente-de-paul-su-vida-su-tiempo-sus-obras-su-influencia-libro-6-capitulo-3-c\/","url_meta":{"origin":41370,"position":1},"title":"San Vicente de Pa\u00fal. Su vida, su tiempo; sus obras, su influencia. Libro 6, cap\u00edtulo 3 (c)","author":"Francisco Javier Fern\u00e1ndez Chento","date":"22\/01\/2015","format":false,"excerpt":"Cap\u00edtulo III: Misiones de Europa (cont.) Art\u00edculo Tercero: Misi\u00f3n de Polonia, de Alemania, etc. I. Comienzos de la Misi\u00f3n de Polonia. En 1645, una embajada polaca, compuesta de m\u00e1s de ochocientos gentilhombres, hac\u00eda su entrada en Par\u00eds. ven\u00eda en nombre de Wladislas Wasa, viudo de una archiduquesa de Austria y\u2026","rel":"","context":"En \u00abVicente de Pa\u00fal\u00bb","block_context":{"text":"Vicente de Pa\u00fal","link":"http:\/\/vincentians.com\/es\/category\/la-familia-vicenciana\/fundadores\/vicente-de-paul\/"},"img":{"alt_text":"","src":"","width":0,"height":0},"classes":[]},{"id":40369,"url":"http:\/\/vincentians.com\/es\/charles-ozenne-muerto-en-1658\/","url_meta":{"origin":41370,"position":2},"title":"Charles Ozenne (\u2020 1658)","author":"Mitxel Olabu\u00e9naga","date":"21\/09\/2014","format":false,"excerpt":"El Sr. Charles Ozenne era ya un Misionero experimentado cuando fue enviado por san Vicente a Polonia. Trabaj\u00f3 all\u00ed con gran bendici\u00f3n y all\u00ed muri\u00f3 despu\u00e9s de continuar dignamente la tradici\u00f3n\u00a0 de vida apost\u00f3lica inaugurada en aquel pa\u00eds por el Sr. Lambert, a quien hab\u00eda sucedido. La reina de Polonia,\u2026","rel":"","context":"En \u00abBiograf\u00edas de Misioneros Pa\u00fales\u00bb","block_context":{"text":"Biograf\u00edas de Misioneros Pa\u00fales","link":"http:\/\/vincentians.com\/es\/category\/la-familia-vicenciana\/biografias-vicencianas\/biografias-de-misioneros-paules\/"},"img":{"alt_text":"","src":"https:\/\/i0.wp.com\/vincentians.com\/es\/wp-content\/uploads\/sites\/11\/2016\/07\/bio-cm.jpg?fit=1200%2C630&resize=350%2C200","width":350,"height":200,"srcset":"https:\/\/i0.wp.com\/vincentians.com\/es\/wp-content\/uploads\/sites\/11\/2016\/07\/bio-cm.jpg?fit=1200%2C630&resize=350%2C200 1x, https:\/\/i0.wp.com\/vincentians.com\/es\/wp-content\/uploads\/sites\/11\/2016\/07\/bio-cm.jpg?fit=1200%2C630&resize=525%2C300 1.5x, https:\/\/i0.wp.com\/vincentians.com\/es\/wp-content\/uploads\/sites\/11\/2016\/07\/bio-cm.jpg?fit=1200%2C630&resize=700%2C400 2x, https:\/\/i0.wp.com\/vincentians.com\/es\/wp-content\/uploads\/sites\/11\/2016\/07\/bio-cm.jpg?fit=1200%2C630&resize=1050%2C600 3x"},"classes":[]},{"id":36205,"url":"http:\/\/vincentians.com\/es\/lambert-aux-couteaux-c-m-segunda-parte\/","url_meta":{"origin":41370,"position":3},"title":"Lambert aux Couteaux, C.M. (Segunda parte)","author":"Mitxel Olabu\u00e9naga","date":"08\/08\/2013","format":false,"excerpt":"La primera misi\u00f3n fundada fuera de Par\u00eds fue la de Toul, en Lorene. Fue en el Sr. Lambert en quien puso los ojos san Vicente para organizar esta misi\u00f3n. Se qued\u00f3 all\u00ed tres a\u00f1os (1635-1638). El cardenal de Richelieu estableci\u00f3 una misi\u00f3n en la ciudad que llevaba su nombre, y\u2026","rel":"","context":"En \u00abBiograf\u00edas de Misioneros Pa\u00fales\u00bb","block_context":{"text":"Biograf\u00edas de Misioneros Pa\u00fales","link":"http:\/\/vincentians.com\/es\/category\/la-familia-vicenciana\/biografias-vicencianas\/biografias-de-misioneros-paules\/"},"img":{"alt_text":"","src":"https:\/\/i0.wp.com\/vincentians.com\/es\/wp-content\/uploads\/sites\/11\/2016\/07\/bio-cm.jpg?fit=1200%2C630&resize=350%2C200","width":350,"height":200,"srcset":"https:\/\/i0.wp.com\/vincentians.com\/es\/wp-content\/uploads\/sites\/11\/2016\/07\/bio-cm.jpg?fit=1200%2C630&resize=350%2C200 1x, https:\/\/i0.wp.com\/vincentians.com\/es\/wp-content\/uploads\/sites\/11\/2016\/07\/bio-cm.jpg?fit=1200%2C630&resize=525%2C300 1.5x, https:\/\/i0.wp.com\/vincentians.com\/es\/wp-content\/uploads\/sites\/11\/2016\/07\/bio-cm.jpg?fit=1200%2C630&resize=700%2C400 2x, https:\/\/i0.wp.com\/vincentians.com\/es\/wp-content\/uploads\/sites\/11\/2016\/07\/bio-cm.jpg?fit=1200%2C630&resize=1050%2C600 3x"},"classes":[]},{"id":23658,"url":"http:\/\/vincentians.com\/es\/vicente-de-paul-documento-173-obediencia-para-lamberto-aux-couteaux-y-a-los-que-le-acompanaban-a-polonia\/","url_meta":{"origin":41370,"position":4},"title":"Vicente de Pa\u00fal, Documento 173: Obediencia Para Lamberto Aux Couteaux Y A Los Que Le Acompa\u00f1aban A Polonia","author":"Francisco Javier Fern\u00e1ndez Chento","date":"30\/05\/2010","format":false,"excerpt":"4 septiembre 1651 Vicente de Pa\u00fal, superior general de la congregaci\u00f3n de la Misi\u00f3n, a nuestros queridos hermanos en Cristo de nuestra congregaci\u00f3n, Lamberto aux Couteaux y Guillermo Desdames, sacerdotes, Nicol\u00e1s Guillot, subdi\u00e1cono, Casimiro Estanislao Zelazewski, cl\u00e9rigo y Santiago Posny, coadjutor lego, salud en el Se\u00f1or. Puesto que es nuestro\u2026","rel":"","context":"En \u00abEscritos de Vicente de Pa\u00fal\u00bb","block_context":{"text":"Escritos de Vicente de Pa\u00fal","link":"http:\/\/vincentians.com\/es\/category\/escritos\/escritos-de-vicente-de-paul\/"},"img":{"alt_text":"","src":"https:\/\/i0.wp.com\/vincentians.com\/es\/wp-content\/uploads\/sites\/11\/2016\/07\/escritos-vicente-de-paul.jpg?fit=1200%2C630&resize=350%2C200","width":350,"height":200,"srcset":"https:\/\/i0.wp.com\/vincentians.com\/es\/wp-content\/uploads\/sites\/11\/2016\/07\/escritos-vicente-de-paul.jpg?fit=1200%2C630&resize=350%2C200 1x, https:\/\/i0.wp.com\/vincentians.com\/es\/wp-content\/uploads\/sites\/11\/2016\/07\/escritos-vicente-de-paul.jpg?fit=1200%2C630&resize=525%2C300 1.5x, https:\/\/i0.wp.com\/vincentians.com\/es\/wp-content\/uploads\/sites\/11\/2016\/07\/escritos-vicente-de-paul.jpg?fit=1200%2C630&resize=700%2C400 2x, https:\/\/i0.wp.com\/vincentians.com\/es\/wp-content\/uploads\/sites\/11\/2016\/07\/escritos-vicente-de-paul.jpg?fit=1200%2C630&resize=1050%2C600 3x"},"classes":[]},{"id":39282,"url":"http:\/\/vincentians.com\/es\/historia-general-de-la-c-m-hasta-el-ano-1720-15-casas-de-polonia-y-de-italia\/","url_meta":{"origin":41370,"position":5},"title":"Historia general de la C.M., hasta el a\u00f1o 1720 (15. Casas de Polonia, y de Italia)","author":"Mitxel Olabu\u00e9naga","date":"04\/10\/2014","format":false,"excerpt":"XV. Casas de Polonia, y de Italia El general ten\u00eda cuidado de las fundaciones hechas en los pa\u00edses extranjeros del mismo modo que de las de Francia. La casa de Varsovia en Polonia se resent\u00eda de las miserias de este reino despu\u00e9s de la retirada del rey Casimiro, esposo de\u2026","rel":"","context":"En \u00abHistoria de la Congregaci\u00f3n de la Misi\u00f3n\u00bb","block_context":{"text":"Historia de la Congregaci\u00f3n de la Misi\u00f3n","link":"http:\/\/vincentians.com\/es\/category\/historia-de-la-familia-vicenciana\/historia-de-la-congregacion-de-la-mision\/"},"img":{"alt_text":"San Vicente de Pa\u00fal","src":"https:\/\/i0.wp.com\/vicencianos.org\/wp-content\/2011\/05\/vincent_de_paul-205x300.jpg?resize=350%2C200","width":350,"height":200},"classes":[]}],"_links":{"self":[{"href":"http:\/\/vincentians.com\/es\/wp-json\/wp\/v2\/posts\/41370","targetHints":{"allow":["GET"]}}],"collection":[{"href":"http:\/\/vincentians.com\/es\/wp-json\/wp\/v2\/posts"}],"about":[{"href":"http:\/\/vincentians.com\/es\/wp-json\/wp\/v2\/types\/post"}],"author":[{"embeddable":true,"href":"http:\/\/vincentians.com\/es\/wp-json\/wp\/v2\/users\/5"}],"replies":[{"embeddable":true,"href":"http:\/\/vincentians.com\/es\/wp-json\/wp\/v2\/comments?post=41370"}],"version-history":[{"count":0,"href":"http:\/\/vincentians.com\/es\/wp-json\/wp\/v2\/posts\/41370\/revisions"}],"wp:featuredmedia":[{"embeddable":true,"href":"http:\/\/vincentians.com\/es\/wp-json\/wp\/v2\/media\/391249"}],"wp:attachment":[{"href":"http:\/\/vincentians.com\/es\/wp-json\/wp\/v2\/media?parent=41370"}],"wp:term":[{"taxonomy":"category","embeddable":true,"href":"http:\/\/vincentians.com\/es\/wp-json\/wp\/v2\/categories?post=41370"},{"taxonomy":"post_tag","embeddable":true,"href":"http:\/\/vincentians.com\/es\/wp-json\/wp\/v2\/tags?post=41370"}],"curies":[{"name":"wp","href":"https:\/\/api.w.org\/{rel}","templated":true}]}}