{"id":41061,"date":"2014-11-07T08:59:51","date_gmt":"2014-11-07T07:59:51","guid":{"rendered":"http:\/\/somos.vicencianos.org\/blog\/2011\/06\/lucia-roge-pertenencia-y-amor-a-la-compania\/"},"modified":"2014-11-07T08:59:51","modified_gmt":"2014-11-07T07:59:51","slug":"lucia-roge-pertenencia-y-amor-a-la-compania","status":"publish","type":"post","link":"http:\/\/vincentians.com\/es\/lucia-roge-pertenencia-y-amor-a-la-compania\/","title":{"rendered":"Luc\u00eda Rog\u00e9: Pertenencia y amor a la Compa\u00f1\u00eda"},"content":{"rendered":"<p><a href=\"https:\/\/i0.wp.com\/vicencianos.org\/wp-content\/2011\/04\/Lucia_Roge.jpg\"><img data-recalc-dims=\"1\" loading=\"lazy\" decoding=\"async\" class=\"size-medium wp-image-34760\" title=\"Sor Luc\u00eda Rog\u00e9, H.C.\" src=\"https:\/\/i0.wp.com\/vicencianos.org\/wp-content\/2011\/04\/Lucia_Roge-249x300.jpg?resize=249%2C300\" alt=\"Sor Luc\u00eda Rog\u00e9, H.C.\" width=\"249\" height=\"300\" \/><\/a><\/p>\n<div>\n<p>Par\u00eds, mayo de 1977<\/p>\n<p>El tiempo de los Ejercicios se nos concede para que examinemos d\u00f3nde nos encontramos en nuestro caminar hacia Dios. Pero este exa\u00admen personal hace referencia a todo lo que constituye la trama de nues\u00adtra vida. Es imposible disociar la \u00abentrega total\u00bb a Dios de su oficio de Hermanas Sirvientes. Este an\u00e1lisis, esta revisi\u00f3n de vida, que constitu\u00adyen los Ejercicios espirituales, es tambi\u00e9n un tiempo<\/p>\n<p>* de alabanza y acci\u00f3n de gracias,<\/p>\n<p>* de petici\u00f3n de perd\u00f3n y de impulso renovado hacia Dios, centrado en lo que quiere de ustedes y que se manifiesta en estos momentos en el servicio que han de prestar en la Compa\u00f1\u00eda, durante el tiempo que se lo pidan.<\/p>\n<p>Y de la Compa\u00f1\u00eda, deseo hablarles esta ma\u00f1ana. \u00bfPor qu\u00e9 hablar de la Compa\u00f1\u00eda? En modo alguno, para ocuparnos de nosotras mismas, sino para analizar y comprobar si somos, dentro de la Iglesia, lo que Dios quiere que seamos, porque es la Compa\u00f1\u00eda la que nos vincula a la Iglesia, es por la Compa\u00f1\u00eda por quien lo que hacemos constituye un aut\u00e9ntico servicio a la Iglesia, una misi\u00f3n de Iglesia.<\/p>\n<p>Uno de los puntos esenciales para que ustedes puedan hacer fren\u00adte a las obligaciones que lleva consigo el servicio que hoy se les pide es precisamente que mantengan muy vivo en ustedes este sentimiento de pertenencia a la Iglesia.<\/p>\n<p>Y no me refiero \u00fanicamente a la pertenencia jur\u00eddica, can\u00f3nica, aun\u00adque sea una realidad, sino a esa pertenencia de coraz\u00f3n que nace de nuestra adhesi\u00f3n \u00edntima en la fe. Adhesi\u00f3n profunda que tienen ustedes que hacer compartir a sus compa\u00f1eras. La Compa\u00f1\u00eda es el medio, el instrumento que Dios ha elegido para manifestarnos su voluntad, a fin de que podamos hacer realidad su proyecto sobre nosotras, sobre cada una de nosotras. La Hermana Sirviente podr\u00e1 cumplir entonces lo que leemos en las Constituciones.<\/p>\n<p>Mantiene la unidad entre el carisma de la Compa\u00f1\u00eda y el carisma personal que hemos recibido cada una de las personas a quienes Dios ha llamado a esta Compa\u00f1\u00eda.<\/p>\n<\/div>\n<p>&nbsp;<\/p>\n<div>\n<table width=\"100%\" cellspacing=\"0\" cellpadding=\"0\">\n<tbody>\n<tr>\n<td>\n<div>\n<p>390<\/p>\n<\/div>\n<\/td>\n<\/tr>\n<\/tbody>\n<\/table>\n<p>Este sentimiento de pertenencia se traduce por la vida y en la vida. El que nos reconozcamos como miembros de la Compa\u00f1\u00eda de las Hijas de la Caridad, el saber qu\u00e9 somos, en qu\u00e9 consiste nuestra identidad, me parece que exige que conozcamos:<\/p>\n<p>*\u00a0\u00a0 nuestro origen: \u00bfDe d\u00f3nde venimos?<\/p>\n<p>*\u00a0\u00a0 nuestro objetivo, nuestro fin: \u00bfQu\u00e9 vamos a hacer? \u00bfC\u00f3mo? \u00bfCon qu\u00e9 esp\u00edritu?<\/p>\n<p>En una palabra, que veamos con plena claridad cu\u00e1l es el carisma de nuestros Fundadores.<\/p>\n<p>Y para lograr esto, hay que hacer una profunda labor. Lo mismo que no se conserva la talla de ni\u00f1o ni las instituciones de adolescente, as\u00ed mismo no tenemos derecho a contentarnos \u00fanicamente con los conoci\u00admientos b\u00e1sicos que sobre la Compa\u00f1\u00eda recibimos en el Seminario. Necesitamos una especie de alimentaci\u00f3n permanente, con una asimi\u00adlaci\u00f3n personal y comunitaria. Y aqu\u00ed se plantea una primera cuesti\u00f3n:<\/p>\n<p>\u00bfPor qu\u00e9 hemos reemplazado nuestro tiempo de lectura comunitaria? y \u00bfqu\u00e9 leemos? \u00bfqu\u00e9 leen nuestras compa\u00f1eras?<\/p>\n<p>No hemos terminado de descubrir cu\u00e1l es la voluntad de Dios sobre nosotras. El descubrimiento de la voluntad de Dios sobre nosotras no ha terminado a\u00fan.<\/p>\n<p>OR\u00cdGENES DE LA COMPA\u00d1\u00cdA<\/p>\n<p>San Vicente lo ha dicho y repetido infinidad de veces. Dios es el fun\u00addador de la Compa\u00f1\u00eda:<\/p>\n<p>*\u00a0\u00a0 \u00ab\u00bfQui\u00e9n os ha hecho lo que sois, m\u00e1s que Dios? No me cansar\u00eda nunca de decirlo\u00bb.<\/p>\n<p>*\u00a0\u00a0 \u00abEra Dios el que lo pensaba por vosotras. Es \u00c9l, hijas m\u00edas, el que-podemos decir es el autor de vuestra Compa\u00f1\u00eda; lo es verdadera\u00admente mejor que ning\u00fan otro\u00bb<sup>2<\/sup>.<\/p>\n<p>*\u00a0\u00a0 \u00abDios, desde toda la eternidad, os hab\u00eda escogido y elegido para esto\u00bb<sup>3<\/sup>.<\/p>\n<p>\u00bfNo constituye una fuente de asombro para nosotras? \u00bfHemos pro\u00adfundizado bastante en lo que significa el llamamiento que hemos recibi\u00addo de pertenecer a una Compa\u00f1\u00eda que Dios mismo ha creado, que Dios mismo ha querido?<\/p>\n<p><sup>1<\/sup> IX, 70.<\/p>\n<p><sup>2<\/sup> ix, 120.<\/p>\n<p><sup>3<\/sup> IX, 231.<\/p>\n<\/div>\n<p>&nbsp;<\/p>\n<div>\n<table width=\"100%\" cellspacing=\"0\" cellpadding=\"0\">\n<tbody>\n<tr>\n<td>\n<div>\n<p>391<\/p>\n<\/div>\n<\/td>\n<\/tr>\n<\/tbody>\n<\/table>\n<p>Los Fundadores han hablado ampliamente del esp\u00edritu con que debe realizarse esta vocaci\u00f3n: por puro amor, con humildad absoluta<sup>4<\/sup>. \u00bfQui\u00e9n no conoce este p\u00e1rrafo?:<\/p>\n<p>\u00abNuestro Se\u00f1or ha hecho una Compa\u00f1\u00eda m\u00e1s suya que vuestra, y vosotras sois miembros de ella; por eso, os llam\u00e1is Hijas de la Caridad, es decir, hijas de Dios\u00bb<sup>5<\/sup>.<\/p>\n<p>El fin es el servicio de los pobres, de los m\u00e1s pobres:<\/p>\n<p>\u00abEs Dios quien os ha encomendado el servicio de los pobres\u00bb<sup>6<\/sup>.<\/p>\n<p>He aqu\u00ed, nuestra ficha de identificaci\u00f3n, el carnet de identidad de los miembros de la Compa\u00f1\u00eda, de cada una de las Hijas de la Caridad. Cada una de nosotras es miembro de una Compa\u00f1\u00eda fundada por Dios, en la cual se consagra totalmente a \u00c9l, le sirve en la persona de los pobres, y de los m\u00e1s pobres; humildemente, lo m\u00e1s humildemente posi\u00adble, con la mayor sencillez, por amor.<\/p>\n<p>Del conocimiento de la Compa\u00f1\u00eda, nace nuestro amor a ella. Si no se ama a la Compa\u00f1\u00eda, se ser\u00e1 incapaz de vivir su carisma y se ser\u00e1 incapaz \u00abde vivir de \u00e9l\u00bb. Si no se la ama tal como es (porque el amor, repetimos una vez m\u00e1s, se basa en el conocimiento), se contribuye, m\u00e1s o menos conscientemente, a deformar su rostro y a perjudicar su misi\u00f3n.<\/p>\n<p>Es evidente que la Compa\u00f1\u00eda es humana y tiene sus fallos, sus defec\u00adtos, de los que cada una de nosotras es responsable y ha de llevar la carga. Participamos de sus deficiencias y de sus debilidades, como en toda fami\u00adlia. Pero cada una de nosotras nos sentimos \u00abhermana\u00bb (con toda la fuerza de la palabra) de las que nos han precedido, insert\u00e1ndonos en el cortejo de los santos. De aquella santidad reconocida, como santa Luisa, santa Cata\u00adlina, santa Isabel Ana Seton, pero tambi\u00e9n de otras, de Margarita Naseau, B\u00e1rbara Angiboust, Juana Dalmagne, de todas las v\u00edctimas de las luchas y revoluciones de ayer y de hoy, que por amor a Dios, han estado y est\u00e1n actualmente prestas a dar el m\u00e1ximo signo de amor: entregar la vida.<\/p>\n<p>Deficiencias, defectos, torpezas. Toda Hija de la Caridad es solida\u00adria tambi\u00e9n de sus Hermanas que vacilan en el camino y tienen dificul\u00adtad para proseguir la ruta. Sabe que tambi\u00e9n ella se apoya en las dem\u00e1s y especialmente en el prodigioso apoyo espiritual de las Hermanas mayores y enfermas, gracias a quienes puede mantenerse firme.<\/p>\n<p><sup>4<\/sup> IX, 523-548.<\/p>\n<p><sup>5<\/sup> IX, 752.<\/p>\n<p><sup>6<\/sup> IX, 751.<\/p>\n<\/div>\n<p>&nbsp;<\/p>\n<div>\n<table width=\"100%\" cellspacing=\"0\" cellpadding=\"0\">\n<tbody>\n<tr>\n<td>\n<div>\n<p>392<\/p>\n<\/div>\n<\/td>\n<\/tr>\n<\/tbody>\n<\/table>\n<p>El sentimiento de pertenencia va a la par con la fidelidad. Mante\u00adnerse fiel es tambi\u00e9n fruto del amor, un amor que se compromete y teje lazos, como en una familia. Amad a la Compa\u00f1\u00eda como a una madre, nos dec\u00eda san Vicente, el 18 de noviembre de 1657:<\/p>\n<p>\u00abAmad siempre a vuestra madre, aunque lega\u00f1osa, y os parecer\u00e1 bien todo lo que ella os d\u00e9. No os pong\u00e1is a suspirar por esa orden tan santa, ni por los h\u00e1bitos de aquella, ni por la manera de obrar de aquella otra. Eso est\u00e1 bien para ellas, pero no para vosotras\u00bb<sup>7<\/sup>.<\/p>\n<p>Y continuando, san Vicente a\u00f1ade a prop\u00f3sito de los dem\u00e1s Institutos:<\/p>\n<p>\u00abCreed que todas las dem\u00e1s son m\u00e1s perfectas que vosotras, pero amad a vuestra Compa\u00f1\u00eda m\u00e1s que a todas las dem\u00e1s, porque es vuestra madre\u00bb<sup>8<\/sup>.<\/p>\n<p>Plante\u00e9monos algunas cuestiones en torno a este amor com\u00fan a la Compa\u00f1\u00eda, que la Hermana Sirviente tiene, durante un tiempo, la res\u00adponsabilidad especial de mantener, m\u00e1s a\u00fan, de desarrollar y, a veces, de preservar. \u00bfQu\u00e9 invitaci\u00f3n particular ha recibido cada una de uste\u00addes, en el curso de estos Ejercicios, acerca de este punto fundamental?<\/p>\n<p>Somos suficientemente conscientes de esa especie de diluci\u00f3n de los valores en el mundo que nos rodea? \u00bfSomos bastante l\u00facidas sobre la dispersi\u00f3n de nuestra \u00e9poca, cuyo esp\u00edritu nos invade: dispersi\u00f3n de nuestro tiempo, dispersi\u00f3n de nuestra mente, dispersi\u00f3n de nuestro cora\u00adz\u00f3n, que, seg\u00fan san Vicente, no han de polarizarse m\u00e1s que hacia Dios y los pobres? La Hermana Sirviente tiene la responsabilidad de mantener\u00adse alerta, vigilante, de recurrir al ant\u00eddoto, incluso a la desintoxicaci\u00f3n.<\/p>\n<p>Aludo a la televisi\u00f3n que va invadiendo cada vez m\u00e1s nuestro tiem\u00adpo libre, de expansi\u00f3n comunitaria. Imperceptiblemente, como sucede a todo el mundo, nos condiciona, nos manipula y, con frecuencia, nos deforma. Y en lugar de formarnos, por nosotras mismas, nuestra propia opini\u00f3n, nos dejamos arrastrar por la corriente, por opiniones prefabri\u00adcadas. Nuestro inter\u00e9s no se concentra ya en Dios y en los pobres, sino sobre lo que van a poner en la televisi\u00f3n. Existe sin duda un lado positi\u00advo: gracias a la TV, podemos comulgar con los sufrimientos de otros pueblos, y esto es excelente a condici\u00f3n de que no nos impida compa\u00addecernos de los sufrimientos m\u00e1s pr\u00f3ximos a nosotras.<\/p>\n<p><sup>7<\/sup> IX, 948.<\/p>\n<p><sup>8<\/sup> IX, 948-949.<\/p>\n<\/div>\n<p>&nbsp;<\/p>\n<div>\n<table width=\"100%\" cellspacing=\"0\" cellpadding=\"0\">\n<tbody>\n<tr>\n<td>\n<div>\n<p>393<\/p>\n<\/div>\n<\/td>\n<\/tr>\n<\/tbody>\n<\/table>\n<p>En el mundo que nos rodea, todo toma un aire pol\u00edtico y t\u00e9cnico. Todas las cuestiones se hacen incidir en la pol\u00edtica y reclaman una solucci\u00f3n pol\u00edtica, y se comprueba as\u00ed, que se hace de la pol\u00edtica un valor absoluto que tiende a remplazar en ciertos casos a la fe, o, m\u00e1s a\u00fan, se tiende a que la fe sirva para legitimar orientaciones pol\u00edticas. Desde san Vicente, el esp\u00edritu de la Compa\u00f1\u00eda no consiste en guardar\u00adse al margen ni al abrigo de los movimientos pol\u00edticos, sino en conside\u00adrar todos los acontecimientos a la luz de las palabras de Jesucristo, a la luz del evangelio, de \u00abhacer oraci\u00f3n\u00bb sobre los acontecimientos y de invocar, antes de cualquier acci\u00f3n, el discernimiento del Esp\u00edritu. No se puede consentir que nuestro servicio se tome como instrumento para fines pol\u00edtico-temporales. El verdadero esp\u00edritu vicenciano y, por lo tanto, de la Compa\u00f1\u00eda, es el evangelio.<\/p>\n<p>\u00bfQu\u00e9 tenemos que decir como Hermanas Sirvientes de nuestras reflexiones comunitarias sobre el evangelio? \u00bfY de nuestras revisiones a partir del evangelio? \u00bfQu\u00e9 lugar ocupan en el proyecto comunitario local? Hemos pasado de una reflexi\u00f3n cotidiana (el famoso \u00abcuarto de hora\u00bb de cada noche) a un intercambio semanal en el mejor de los casos, pero \u00bflo hacemos siempre sobre el evangelio? \u00bfNo estamos en trance de que la anemia espiritual se apodere de nosotras? \u00bfNos dejamos absorber por lo inmediato, lo visible, lo concreto, lo sensacional? La Hermana Sirviente debe ser muy l\u00facida y saber, que la omisi\u00f3n repetida de lo que consti\u00adtuye los valores de la vocaci\u00f3n, hace perder la identidad de Hija de la Caridad. San Vicente nos dir\u00eda con lenguaje del siglo XVII: i\u00bbDesgraciada de ella, si esta omisi\u00f3n es consciente, tolerada y voluntaria!\u00bb<\/p>\n<p>Para poseer y conservar vuestra identidad de Hijas de la Caridad, de nuestra pertenencia a la Compa\u00f1\u00eda, hay que vivir comunitariamente y cueste lo que cueste, aceptar ciertas rupturas en nombre del evan\u00adgelio, de san Vicente, de las Constituciones: rupturas de la voluntad propia, de la tranquilidad ego\u00edsta de la comunidad, del consumo, del individualismo, para entrar en las aut\u00e9nticas exigencias del amor, que se llaman:<\/p>\n<p>*\u00a0 sentido de solidaridad, compartir,<\/p>\n<p>*\u00a0 renunciamiento y humildad,<\/p>\n<p>*\u00a0 servicio fraterno y coraz\u00f3n.<\/p>\n<p>En resumen, presencia de Dios y del pr\u00f3jimo, especialmente de los pobres.<\/p>\n<p>Nuestra misi\u00f3n en la Iglesia la exige. Consiste en \u00abreproducir a Jesu\u00adcristo a lo vivo\u00bb. Esto debe estar muy claro en nuestra mente. \u00abHay que ser lo que se debe ser\u00bb, dec\u00eda nuestra madre Guillemin.<\/p>\n<\/div>\n<p>&nbsp;<\/p>\n<div>\n<table width=\"100%\" cellspacing=\"0\" cellpadding=\"0\">\n<tbody>\n<tr>\n<td>\n<div>\n<p>394<\/p>\n<\/div>\n<\/td>\n<\/tr>\n<\/tbody>\n<\/table>\n<p>\u00bfTenemos la preocupaci\u00f3n de leer las Constituciones regularmente, con lectura acompa\u00f1ada de intercambio, comentada, renovando las resoluciones de seguir mejor un punto determinado? S\u00f3lo, a este precio, se conoce y se ama. Se necesita tiempo para leer, meditar y comprender, para vivir, compartir y profundizar.<\/p>\n<p>S\u00ed, amen a la Compa\u00f1\u00eda y su esp\u00edritu, Dios les ha llamado a vivirlo. Irradien comunitariamente la alegr\u00eda de pertenecer a ella. Su fisonom\u00eda espiritual nos viene del carisma de san Vicente y santa Luisa, \u00fanico en la Iglesia.<\/p>\n<p>Tenemos un alma com\u00fan, creaci\u00f3n del Esp\u00edritu de amor y, por eso mismo, insustituible. Dios sostiene con su gracia, desde san Vicente, esta alma com\u00fan, como el mismo santo reconoc\u00eda en su conferencia del 13 de febrero de 1646:<\/p>\n<p>\u00ab&#8230;solo, Dios puede hacer esto&#8230; por eso se ha dicho: \u00abOs llamar\u00e9 de todas las naciones de la Tierra\u00bb (Jr, 29, 14). Por consiguiente, \u00e9l es el que ha que\u00adrido esta Compa\u00f1\u00eda de hermanas de diferentes pa\u00edses para que todas ellas no fuesen m\u00e1s que un solo coraz\u00f3n. \u00a1Sea para siempre bendito su santo y adorado nombre!\u00bb<sup>9<\/sup>.<\/p>\n<p>\u00a1Qu\u00e9 bien se percibe esa alma com\u00fan cuando se va, a trav\u00e9s de las rutas del mundo entero, cerca de las Hijas de la Caridad que sirven a los pobres! No hacen falta largas consideraciones, desde el primer momento, mentes y corazones marchan al un\u00edsono, se comulga juntas en el servicio a los pobres, en el pleno sentido del t\u00e9rmino \u00abcomulgar\u00bb. Las Hijas de la Caridad, bajo todas las latitudes, reciben a Dios, al acercarse al pobre.<\/p>\n<p>Nos corresponde realizar juntas el carisma de la Compa\u00f1\u00eda, en ella y por ella, es decir, que se convierta en realidad. Lo que, una vez m\u00e1s, quiere decir conocerlo y comprenderlo claramente:<\/p>\n<p>*\u00a0\u00a0 ser todas de Dios;<\/p>\n<p>*\u00a0\u00a0 para servir a los pobres y a los m\u00e1s pobres;<\/p>\n<p>*\u00a0\u00a0 juntas, en vida fraterna;<\/p>\n<p>*\u00a0\u00a0 con un mismo esp\u00edritu de humildad, de sencillez y de amor;<\/p>\n<p>*\u00a0\u00a0 de la forma que indican las Constituciones.<\/p>\n<p>Dicho de otra manera: nuestra vida de Hijas de la Caridad debe ser un mensaje claro para los pobres; una vida que les anuncia a Jesucris\u00adto en unos t\u00e9rminos y unas actitudes que coinciden con los suyos, que corresponden a su sensibilidad y a sus experiencias y, hasta un cierto punto y en una determinada manera, a su g\u00e9nero de vida.<\/p>\n<p><sup>9<\/sup> IX, 235-236.<\/p>\n<\/div>\n<p>&nbsp;<\/p>\n<table width=\"100%\" cellspacing=\"0\" cellpadding=\"0\">\n<tbody>\n<tr>\n<td>\n<div>\n<p>395<\/p>\n<\/div>\n<\/td>\n<\/tr>\n<\/tbody>\n<\/table>\n<p>Tenemos que estar con ellos, sin olvidar, sin embargo, que tenemos tambi\u00e9n que ser \u00abdiferentes\u00bb a causa de Jesucristo. Ser muy sencillas y profundamente sinceras para traducir lo que hay en nuestra mente y en nuestro coraz\u00f3n: el amor a Dios vivo. Seamos lo que debemos ser y seremos entonces verdaderamente las misioneras que Dios ha previsto para su Iglesia.<\/p>\n<p>Como conclusi\u00f3n, las invito a meditar este p\u00e1rrafo de una carta de don Helder C\u00e1mara, este profeta y este santo de nuestro tiempo:<\/p>\n<p>\u00abLas di\u00f3cesis y las congregaciones religiosas deben hacer frente a proble\u00admas muy semejantes. En uno y otro campo, encontraremos textos notables y muy hermosas conclusiones&#8230;\u00bb.<\/p>\n<p><em>El gran desaf\u00edo, para nosotras, es pasar de las palabras a la acci\u00f3n, <\/em><em>de la teor\u00eda a la pr\u00e1ctica, a la vida real.<\/em><\/p>\n<p>Es cierto que se ha hecho un gran esfuerzo: jornadas vicencianas por todas las Provincias de la Compa\u00f1\u00eda, pero comprendamos el llama\u00admiento lanzado por don Helder y recojamos el desaf\u00edo: pasemos de las palabras a la vida real.<\/p>\n<p>En este a\u00f1o del centenario de la muerte de santa Catalina Labour\u00e9, pid\u00e1mosle que nos obtenga la gracia de vivir el evangelio, la gracia de reproducir tantos ejemplos concretos recibidos en la Compa\u00f1\u00eda, ejem\u00adplos de entrega total a Dios y a los pobres, de lealtad a la Compa\u00f1\u00eda, viviendo de su esp\u00edritu.<\/p>\n<p>Que la santa nos alcance esta gracia por intercesi\u00f3n de la Virgen Mar\u00eda, que le dio esta seguridad: como a la comunidad, felizmente.<\/p>\n","protected":false},"excerpt":{"rendered":"<p>Par\u00eds, mayo de 1977 El tiempo de los Ejercicios se nos concede para que examinemos d\u00f3nde nos encontramos en nuestro caminar hacia Dios. Pero este exa\u00admen personal hace referencia a todo lo que constituye la &#8230; <a href=\"http:\/\/vincentians.com\/es\/lucia-roge-pertenencia-y-amor-a-la-compania\/\" class=\"more-link\">Read More<\/a><\/p>\n","protected":false},"author":4,"featured_media":398623,"comment_status":"open","ping_status":"open","sticky":false,"template":"","format":"standard","meta":{"jetpack_post_was_ever_published":false,"_jetpack_newsletter_access":"","_jetpack_dont_email_post_to_subs":false,"_jetpack_newsletter_tier_id":0,"_jetpack_memberships_contains_paywalled_content":false,"_jetpack_memberships_contains_paid_content":false,"footnotes":"","jetpack_publicize_message":"","jetpack_publicize_feature_enabled":true,"jetpack_social_post_already_shared":true,"jetpack_social_options":{"image_generator_settings":{"template":"highway","default_image_id":0,"font":"","enabled":false},"version":2}},"categories":[276],"tags":[],"class_list":["post-41061","post","type-post","status-publish","format-standard","has-post-thumbnail","hentry","category-escritos-de-lucia-roge"],"yoast_head":"<!-- This site is optimized with the Yoast SEO plugin v26.3 - https:\/\/yoast.com\/wordpress\/plugins\/seo\/ -->\n<title>Luc\u00eda Rog\u00e9: Pertenencia y amor a la Compa\u00f1\u00eda - Somos Vicencianos<\/title>\n<meta name=\"robots\" content=\"index, follow, max-snippet:-1, max-image-preview:large, max-video-preview:-1\" \/>\n<link rel=\"canonical\" href=\"http:\/\/vincentians.com\/es\/lucia-roge-pertenencia-y-amor-a-la-compania\/\" \/>\n<meta property=\"og:locale\" content=\"es_ES\" \/>\n<meta property=\"og:type\" content=\"article\" \/>\n<meta property=\"og:title\" content=\"Luc\u00eda Rog\u00e9: Pertenencia y amor a la Compa\u00f1\u00eda - Somos Vicencianos\" \/>\n<meta property=\"og:description\" content=\"Par\u00eds, mayo de 1977 El tiempo de los Ejercicios se nos concede para que examinemos d\u00f3nde nos encontramos en nuestro caminar hacia Dios. Pero este exa\u00admen personal hace referencia a todo lo que constituye la ... Read More\" \/>\n<meta property=\"og:url\" content=\"http:\/\/vincentians.com\/es\/lucia-roge-pertenencia-y-amor-a-la-compania\/\" \/>\n<meta property=\"og:site_name\" content=\"Somos Vicencianos\" \/>\n<meta property=\"article:publisher\" content=\"https:\/\/www.facebook.com\/WeAreVincentians\/\" \/>\n<meta property=\"article:author\" content=\"https:\/\/www.facebook.com\/JavierChento\" \/>\n<meta property=\"article:published_time\" content=\"2014-11-07T07:59:51+00:00\" \/>\n<meta property=\"og:image\" content=\"https:\/\/i0.wp.com\/vincentians.com\/es\/wp-content\/uploads\/sites\/11\/2016\/07\/escritos-lucia-roge.jpg?fit=1200%2C630\" \/>\n\t<meta property=\"og:image:width\" content=\"1200\" \/>\n\t<meta property=\"og:image:height\" content=\"630\" \/>\n\t<meta property=\"og:image:type\" content=\"image\/jpeg\" \/>\n<meta name=\"author\" content=\"Francisco Javier Fern\u00e1ndez Chento\" \/>\n<meta name=\"twitter:card\" content=\"summary_large_image\" \/>\n<meta name=\"twitter:creator\" content=\"@https:\/\/twitter.com\/javierchento\" \/>\n<meta name=\"twitter:site\" content=\"@WeVincentians\" \/>\n<meta name=\"twitter:label1\" content=\"Escrito por\" \/>\n\t<meta name=\"twitter:data1\" content=\"Francisco Javier Fern\u00e1ndez Chento\" \/>\n\t<meta name=\"twitter:label2\" content=\"Tiempo de lectura\" \/>\n\t<meta name=\"twitter:data2\" content=\"13 minutos\" \/>\n<script type=\"application\/ld+json\" class=\"yoast-schema-graph\">{\"@context\":\"https:\/\/schema.org\",\"@graph\":[{\"@type\":\"Article\",\"@id\":\"http:\/\/vincentians.com\/es\/lucia-roge-pertenencia-y-amor-a-la-compania\/#article\",\"isPartOf\":{\"@id\":\"http:\/\/vincentians.com\/es\/lucia-roge-pertenencia-y-amor-a-la-compania\/\"},\"author\":{\"name\":\"Francisco Javier Fern\u00e1ndez Chento\",\"@id\":\"http:\/\/vincentians.com\/es\/#\/schema\/person\/9623ef4d9aa3b2dfb8c061f1499288f2\"},\"headline\":\"Luc\u00eda Rog\u00e9: Pertenencia y amor a la Compa\u00f1\u00eda\",\"datePublished\":\"2014-11-07T07:59:51+00:00\",\"mainEntityOfPage\":{\"@id\":\"http:\/\/vincentians.com\/es\/lucia-roge-pertenencia-y-amor-a-la-compania\/\"},\"wordCount\":2691,\"commentCount\":0,\"publisher\":{\"@id\":\"http:\/\/vincentians.com\/es\/#organization\"},\"image\":{\"@id\":\"http:\/\/vincentians.com\/es\/lucia-roge-pertenencia-y-amor-a-la-compania\/#primaryimage\"},\"thumbnailUrl\":\"https:\/\/i0.wp.com\/vincentians.com\/es\/wp-content\/uploads\/sites\/11\/2016\/07\/escritos-lucia-roge.jpg?fit=1200%2C630\",\"articleSection\":[\"Escritos de Luc\u00eda Rog\u00e9\"],\"inLanguage\":\"es\",\"potentialAction\":[{\"@type\":\"CommentAction\",\"name\":\"Comment\",\"target\":[\"http:\/\/vincentians.com\/es\/lucia-roge-pertenencia-y-amor-a-la-compania\/#respond\"]}]},{\"@type\":\"WebPage\",\"@id\":\"http:\/\/vincentians.com\/es\/lucia-roge-pertenencia-y-amor-a-la-compania\/\",\"url\":\"http:\/\/vincentians.com\/es\/lucia-roge-pertenencia-y-amor-a-la-compania\/\",\"name\":\"Luc\u00eda Rog\u00e9: Pertenencia y amor a la Compa\u00f1\u00eda - Somos Vicencianos\",\"isPartOf\":{\"@id\":\"http:\/\/vincentians.com\/es\/#website\"},\"primaryImageOfPage\":{\"@id\":\"http:\/\/vincentians.com\/es\/lucia-roge-pertenencia-y-amor-a-la-compania\/#primaryimage\"},\"image\":{\"@id\":\"http:\/\/vincentians.com\/es\/lucia-roge-pertenencia-y-amor-a-la-compania\/#primaryimage\"},\"thumbnailUrl\":\"https:\/\/i0.wp.com\/vincentians.com\/es\/wp-content\/uploads\/sites\/11\/2016\/07\/escritos-lucia-roge.jpg?fit=1200%2C630\",\"datePublished\":\"2014-11-07T07:59:51+00:00\",\"breadcrumb\":{\"@id\":\"http:\/\/vincentians.com\/es\/lucia-roge-pertenencia-y-amor-a-la-compania\/#breadcrumb\"},\"inLanguage\":\"es\",\"potentialAction\":[{\"@type\":\"ReadAction\",\"target\":[\"http:\/\/vincentians.com\/es\/lucia-roge-pertenencia-y-amor-a-la-compania\/\"]}]},{\"@type\":\"ImageObject\",\"inLanguage\":\"es\",\"@id\":\"http:\/\/vincentians.com\/es\/lucia-roge-pertenencia-y-amor-a-la-compania\/#primaryimage\",\"url\":\"https:\/\/i0.wp.com\/vincentians.com\/es\/wp-content\/uploads\/sites\/11\/2016\/07\/escritos-lucia-roge.jpg?fit=1200%2C630\",\"contentUrl\":\"https:\/\/i0.wp.com\/vincentians.com\/es\/wp-content\/uploads\/sites\/11\/2016\/07\/escritos-lucia-roge.jpg?fit=1200%2C630\",\"width\":1200,\"height\":630},{\"@type\":\"BreadcrumbList\",\"@id\":\"http:\/\/vincentians.com\/es\/lucia-roge-pertenencia-y-amor-a-la-compania\/#breadcrumb\",\"itemListElement\":[{\"@type\":\"ListItem\",\"position\":1,\"name\":\"Portada\",\"item\":\"http:\/\/vincentians.com\/es\/\"},{\"@type\":\"ListItem\",\"position\":2,\"name\":\"Luc\u00eda Rog\u00e9: Pertenencia y amor a la Compa\u00f1\u00eda\"}]},{\"@type\":\"WebSite\",\"@id\":\"http:\/\/vincentians.com\/es\/#website\",\"url\":\"http:\/\/vincentians.com\/es\/\",\"name\":\"Somos Vicencianos\",\"description\":\"Know more to serve more\",\"publisher\":{\"@id\":\"http:\/\/vincentians.com\/es\/#organization\"},\"potentialAction\":[{\"@type\":\"SearchAction\",\"target\":{\"@type\":\"EntryPoint\",\"urlTemplate\":\"http:\/\/vincentians.com\/es\/?s={search_term_string}\"},\"query-input\":{\"@type\":\"PropertyValueSpecification\",\"valueRequired\":true,\"valueName\":\"search_term_string\"}}],\"inLanguage\":\"es\"},{\"@type\":\"Organization\",\"@id\":\"http:\/\/vincentians.com\/es\/#organization\",\"name\":\"The Vincentian Network\",\"url\":\"http:\/\/vincentians.com\/es\/\",\"logo\":{\"@type\":\"ImageObject\",\"inLanguage\":\"es\",\"@id\":\"http:\/\/vincentians.com\/es\/#\/schema\/logo\/image\/\",\"url\":\"https:\/\/i1.wp.com\/vincentians.com\/es\/wp-content\/uploads\/sites\/11\/2016\/06\/Vincentian-Network-logo-big.png?fit=778%2C778\",\"contentUrl\":\"https:\/\/i1.wp.com\/vincentians.com\/es\/wp-content\/uploads\/sites\/11\/2016\/06\/Vincentian-Network-logo-big.png?fit=778%2C778\",\"width\":778,\"height\":778,\"caption\":\"The Vincentian Network\"},\"image\":{\"@id\":\"http:\/\/vincentians.com\/es\/#\/schema\/logo\/image\/\"},\"sameAs\":[\"https:\/\/www.facebook.com\/WeAreVincentians\/\",\"https:\/\/x.com\/WeVincentians\"]},{\"@type\":\"Person\",\"@id\":\"http:\/\/vincentians.com\/es\/#\/schema\/person\/9623ef4d9aa3b2dfb8c061f1499288f2\",\"name\":\"Francisco Javier Fern\u00e1ndez Chento\",\"image\":{\"@type\":\"ImageObject\",\"inLanguage\":\"es\",\"@id\":\"http:\/\/vincentians.com\/es\/#\/schema\/person\/image\/\",\"url\":\"https:\/\/secure.gravatar.com\/avatar\/497d5cde87b4c3d097d0315953521681ba2cd523ee66e5077c3711f7021e65de?s=96&d=mm&r=g\",\"contentUrl\":\"https:\/\/secure.gravatar.com\/avatar\/497d5cde87b4c3d097d0315953521681ba2cd523ee66e5077c3711f7021e65de?s=96&d=mm&r=g\",\"caption\":\"Francisco Javier Fern\u00e1ndez Chento\"},\"description\":\"Director General y cofundador de La Red de Formaci\u00f3n Vicenciana. Javier es laico vicenciano, afiliado a la Congregaci\u00f3n de la Misi\u00f3n y miembro del Equipo de Misiones Populares de la provincia can\u00f3nica de Zaragoza (Espa\u00f1a) de la Congregaci\u00f3n de la Misi\u00f3n. Graduado en la Universidad Oberta de Catalunya con cuatro grados (Asistente de direcci\u00f3n, Gesti\u00f3n Administrativa, Recursos Humanos y Contabilidad Avanzada). Bil\u00edng\u00fce Espa\u00f1ol\/Ingl\u00e9s. gestiona y mantiene varias p\u00e1ginas web cristianas y vicencianas, incluida including La Red de Formaci\u00f3n Vicenciana, de la que es cofundador. Actualmente es responsable del \u00e1rea de Espa\u00f1ol de .famvin, la Red de Noticias de la Familia Vicenciana. Tambi\u00e9n es m\u00fasico cat\u00f3lico y ha editado varios discos. Es Director General y cofundador de Trovador, una reconocida compa\u00f1\u00eda discogr\u00e1fica critiana de Espa\u00f1a. Trabaja en las Tecnolog\u00edas de la Informaci\u00f3n, ofreciendo servicios de alojamiento, dise\u00f1o y mantenimiento Web, as\u00ed como asesoramiento, formaci\u00f3n y soluciones inform\u00e1ticas, gesti\u00f3n documental y digitalizaci\u00f3n de textos, edici\u00f3n y maquetaci\u00f3n de libros, revistas, flyers, etc.\",\"sameAs\":[\"http:\/\/chento.org\",\"https:\/\/www.facebook.com\/JavierChento\",\"https:\/\/x.com\/https:\/\/twitter.com\/javierchento\"],\"url\":\"http:\/\/vincentians.com\/es\/author\/chento\/\"}]}<\/script>\n<!-- \/ Yoast SEO plugin. -->","yoast_head_json":{"title":"Luc\u00eda Rog\u00e9: Pertenencia y amor a la Compa\u00f1\u00eda - Somos Vicencianos","robots":{"index":"index","follow":"follow","max-snippet":"max-snippet:-1","max-image-preview":"max-image-preview:large","max-video-preview":"max-video-preview:-1"},"canonical":"http:\/\/vincentians.com\/es\/lucia-roge-pertenencia-y-amor-a-la-compania\/","og_locale":"es_ES","og_type":"article","og_title":"Luc\u00eda Rog\u00e9: Pertenencia y amor a la Compa\u00f1\u00eda - Somos Vicencianos","og_description":"Par\u00eds, mayo de 1977 El tiempo de los Ejercicios se nos concede para que examinemos d\u00f3nde nos encontramos en nuestro caminar hacia Dios. Pero este exa\u00admen personal hace referencia a todo lo que constituye la ... Read More","og_url":"http:\/\/vincentians.com\/es\/lucia-roge-pertenencia-y-amor-a-la-compania\/","og_site_name":"Somos Vicencianos","article_publisher":"https:\/\/www.facebook.com\/WeAreVincentians\/","article_author":"https:\/\/www.facebook.com\/JavierChento","article_published_time":"2014-11-07T07:59:51+00:00","og_image":[{"width":1200,"height":630,"url":"https:\/\/i0.wp.com\/vincentians.com\/es\/wp-content\/uploads\/sites\/11\/2016\/07\/escritos-lucia-roge.jpg?fit=1200%2C630","type":"image\/jpeg"}],"author":"Francisco Javier Fern\u00e1ndez Chento","twitter_card":"summary_large_image","twitter_creator":"@https:\/\/twitter.com\/javierchento","twitter_site":"@WeVincentians","twitter_misc":{"Escrito por":"Francisco Javier Fern\u00e1ndez Chento","Tiempo de lectura":"13 minutos"},"schema":{"@context":"https:\/\/schema.org","@graph":[{"@type":"Article","@id":"http:\/\/vincentians.com\/es\/lucia-roge-pertenencia-y-amor-a-la-compania\/#article","isPartOf":{"@id":"http:\/\/vincentians.com\/es\/lucia-roge-pertenencia-y-amor-a-la-compania\/"},"author":{"name":"Francisco Javier Fern\u00e1ndez Chento","@id":"http:\/\/vincentians.com\/es\/#\/schema\/person\/9623ef4d9aa3b2dfb8c061f1499288f2"},"headline":"Luc\u00eda Rog\u00e9: Pertenencia y amor a la Compa\u00f1\u00eda","datePublished":"2014-11-07T07:59:51+00:00","mainEntityOfPage":{"@id":"http:\/\/vincentians.com\/es\/lucia-roge-pertenencia-y-amor-a-la-compania\/"},"wordCount":2691,"commentCount":0,"publisher":{"@id":"http:\/\/vincentians.com\/es\/#organization"},"image":{"@id":"http:\/\/vincentians.com\/es\/lucia-roge-pertenencia-y-amor-a-la-compania\/#primaryimage"},"thumbnailUrl":"https:\/\/i0.wp.com\/vincentians.com\/es\/wp-content\/uploads\/sites\/11\/2016\/07\/escritos-lucia-roge.jpg?fit=1200%2C630","articleSection":["Escritos de Luc\u00eda Rog\u00e9"],"inLanguage":"es","potentialAction":[{"@type":"CommentAction","name":"Comment","target":["http:\/\/vincentians.com\/es\/lucia-roge-pertenencia-y-amor-a-la-compania\/#respond"]}]},{"@type":"WebPage","@id":"http:\/\/vincentians.com\/es\/lucia-roge-pertenencia-y-amor-a-la-compania\/","url":"http:\/\/vincentians.com\/es\/lucia-roge-pertenencia-y-amor-a-la-compania\/","name":"Luc\u00eda Rog\u00e9: Pertenencia y amor a la Compa\u00f1\u00eda - Somos Vicencianos","isPartOf":{"@id":"http:\/\/vincentians.com\/es\/#website"},"primaryImageOfPage":{"@id":"http:\/\/vincentians.com\/es\/lucia-roge-pertenencia-y-amor-a-la-compania\/#primaryimage"},"image":{"@id":"http:\/\/vincentians.com\/es\/lucia-roge-pertenencia-y-amor-a-la-compania\/#primaryimage"},"thumbnailUrl":"https:\/\/i0.wp.com\/vincentians.com\/es\/wp-content\/uploads\/sites\/11\/2016\/07\/escritos-lucia-roge.jpg?fit=1200%2C630","datePublished":"2014-11-07T07:59:51+00:00","breadcrumb":{"@id":"http:\/\/vincentians.com\/es\/lucia-roge-pertenencia-y-amor-a-la-compania\/#breadcrumb"},"inLanguage":"es","potentialAction":[{"@type":"ReadAction","target":["http:\/\/vincentians.com\/es\/lucia-roge-pertenencia-y-amor-a-la-compania\/"]}]},{"@type":"ImageObject","inLanguage":"es","@id":"http:\/\/vincentians.com\/es\/lucia-roge-pertenencia-y-amor-a-la-compania\/#primaryimage","url":"https:\/\/i0.wp.com\/vincentians.com\/es\/wp-content\/uploads\/sites\/11\/2016\/07\/escritos-lucia-roge.jpg?fit=1200%2C630","contentUrl":"https:\/\/i0.wp.com\/vincentians.com\/es\/wp-content\/uploads\/sites\/11\/2016\/07\/escritos-lucia-roge.jpg?fit=1200%2C630","width":1200,"height":630},{"@type":"BreadcrumbList","@id":"http:\/\/vincentians.com\/es\/lucia-roge-pertenencia-y-amor-a-la-compania\/#breadcrumb","itemListElement":[{"@type":"ListItem","position":1,"name":"Portada","item":"http:\/\/vincentians.com\/es\/"},{"@type":"ListItem","position":2,"name":"Luc\u00eda Rog\u00e9: Pertenencia y amor a la Compa\u00f1\u00eda"}]},{"@type":"WebSite","@id":"http:\/\/vincentians.com\/es\/#website","url":"http:\/\/vincentians.com\/es\/","name":"Somos Vicencianos","description":"Know more to serve more","publisher":{"@id":"http:\/\/vincentians.com\/es\/#organization"},"potentialAction":[{"@type":"SearchAction","target":{"@type":"EntryPoint","urlTemplate":"http:\/\/vincentians.com\/es\/?s={search_term_string}"},"query-input":{"@type":"PropertyValueSpecification","valueRequired":true,"valueName":"search_term_string"}}],"inLanguage":"es"},{"@type":"Organization","@id":"http:\/\/vincentians.com\/es\/#organization","name":"The Vincentian Network","url":"http:\/\/vincentians.com\/es\/","logo":{"@type":"ImageObject","inLanguage":"es","@id":"http:\/\/vincentians.com\/es\/#\/schema\/logo\/image\/","url":"https:\/\/i1.wp.com\/vincentians.com\/es\/wp-content\/uploads\/sites\/11\/2016\/06\/Vincentian-Network-logo-big.png?fit=778%2C778","contentUrl":"https:\/\/i1.wp.com\/vincentians.com\/es\/wp-content\/uploads\/sites\/11\/2016\/06\/Vincentian-Network-logo-big.png?fit=778%2C778","width":778,"height":778,"caption":"The Vincentian Network"},"image":{"@id":"http:\/\/vincentians.com\/es\/#\/schema\/logo\/image\/"},"sameAs":["https:\/\/www.facebook.com\/WeAreVincentians\/","https:\/\/x.com\/WeVincentians"]},{"@type":"Person","@id":"http:\/\/vincentians.com\/es\/#\/schema\/person\/9623ef4d9aa3b2dfb8c061f1499288f2","name":"Francisco Javier Fern\u00e1ndez Chento","image":{"@type":"ImageObject","inLanguage":"es","@id":"http:\/\/vincentians.com\/es\/#\/schema\/person\/image\/","url":"https:\/\/secure.gravatar.com\/avatar\/497d5cde87b4c3d097d0315953521681ba2cd523ee66e5077c3711f7021e65de?s=96&d=mm&r=g","contentUrl":"https:\/\/secure.gravatar.com\/avatar\/497d5cde87b4c3d097d0315953521681ba2cd523ee66e5077c3711f7021e65de?s=96&d=mm&r=g","caption":"Francisco Javier Fern\u00e1ndez Chento"},"description":"Director General y cofundador de La Red de Formaci\u00f3n Vicenciana. Javier es laico vicenciano, afiliado a la Congregaci\u00f3n de la Misi\u00f3n y miembro del Equipo de Misiones Populares de la provincia can\u00f3nica de Zaragoza (Espa\u00f1a) de la Congregaci\u00f3n de la Misi\u00f3n. Graduado en la Universidad Oberta de Catalunya con cuatro grados (Asistente de direcci\u00f3n, Gesti\u00f3n Administrativa, Recursos Humanos y Contabilidad Avanzada). Bil\u00edng\u00fce Espa\u00f1ol\/Ingl\u00e9s. gestiona y mantiene varias p\u00e1ginas web cristianas y vicencianas, incluida including La Red de Formaci\u00f3n Vicenciana, de la que es cofundador. Actualmente es responsable del \u00e1rea de Espa\u00f1ol de .famvin, la Red de Noticias de la Familia Vicenciana. Tambi\u00e9n es m\u00fasico cat\u00f3lico y ha editado varios discos. Es Director General y cofundador de Trovador, una reconocida compa\u00f1\u00eda discogr\u00e1fica critiana de Espa\u00f1a. Trabaja en las Tecnolog\u00edas de la Informaci\u00f3n, ofreciendo servicios de alojamiento, dise\u00f1o y mantenimiento Web, as\u00ed como asesoramiento, formaci\u00f3n y soluciones inform\u00e1ticas, gesti\u00f3n documental y digitalizaci\u00f3n de textos, edici\u00f3n y maquetaci\u00f3n de libros, revistas, flyers, etc.","sameAs":["http:\/\/chento.org","https:\/\/www.facebook.com\/JavierChento","https:\/\/x.com\/https:\/\/twitter.com\/javierchento"],"url":"http:\/\/vincentians.com\/es\/author\/chento\/"}]}},"jetpack_publicize_connections":[],"jetpack_featured_media_url":"https:\/\/i0.wp.com\/vincentians.com\/es\/wp-content\/uploads\/sites\/11\/2016\/07\/escritos-lucia-roge.jpg?fit=1200%2C630","jetpack_sharing_enabled":true,"jetpack_shortlink":"https:\/\/wp.me\/p7ETMF-aGh","jetpack-related-posts":[{"id":39200,"url":"http:\/\/vincentians.com\/es\/lucia-roge-renacer-a-una-nueva-vida-con-las-constituciones\/","url_meta":{"origin":41061,"position":0},"title":"Luc\u00eda Rog\u00e9: Renacer a una nueva vida con las Constituciones","author":"Francisco Javier Fern\u00e1ndez Chento","date":"21\/09\/2020","format":false,"excerpt":"Par\u00eds, 19 de diciembre de 1983 Una vez m\u00e1s, el misterio de Navidad est\u00e1 ante nosotras. La venida de Jes\u00fas que nace, de Jes\u00fas Salvador, nos hace comprender cosas nuevas, en armon\u00eda con el designio de Dios sobre nosotras, del desig\u00adnio de Dios sobre la Compa\u00f1\u00eda, para el tiempo en\u2026","rel":"","context":"En \u00abEscritos de Luc\u00eda Rog\u00e9\u00bb","block_context":{"text":"Escritos de Luc\u00eda Rog\u00e9","link":"http:\/\/vincentians.com\/es\/category\/escritos\/escritos-de-lucia-roge\/"},"img":{"alt_text":"","src":"https:\/\/i0.wp.com\/vincentians.com\/es\/wp-content\/uploads\/sites\/11\/2016\/07\/escritos-lucia-roge.jpg?fit=1200%2C630&resize=350%2C200","width":350,"height":200,"srcset":"https:\/\/i0.wp.com\/vincentians.com\/es\/wp-content\/uploads\/sites\/11\/2016\/07\/escritos-lucia-roge.jpg?fit=1200%2C630&resize=350%2C200 1x, https:\/\/i0.wp.com\/vincentians.com\/es\/wp-content\/uploads\/sites\/11\/2016\/07\/escritos-lucia-roge.jpg?fit=1200%2C630&resize=525%2C300 1.5x, https:\/\/i0.wp.com\/vincentians.com\/es\/wp-content\/uploads\/sites\/11\/2016\/07\/escritos-lucia-roge.jpg?fit=1200%2C630&resize=700%2C400 2x, https:\/\/i0.wp.com\/vincentians.com\/es\/wp-content\/uploads\/sites\/11\/2016\/07\/escritos-lucia-roge.jpg?fit=1200%2C630&resize=1050%2C600 3x"},"classes":[]},{"id":42376,"url":"http:\/\/vincentians.com\/es\/lucia-roge-la-vida-de-la-hija-de-la-caridad\/","url_meta":{"origin":41061,"position":1},"title":"Luc\u00eda Rog\u00e9: La vida de la Hija de la Caridad","author":"Francisco Javier Fern\u00e1ndez Chento","date":"28\/03\/2021","format":false,"excerpt":"Sor Luc\u00eda Rog\u00e9, H.C.Tenerife, marzo de 1977 Veo el futuro de la Compa\u00f1\u00eda con gran esperanza misionera y coin\u00adcidente con el camino de la misi\u00f3n que nos ense\u00f1aron nuestros santos Fundadores, la misi\u00f3n que tenemos que emprender hoy. Para entrar por ese camino, san Vicente nos indica tres l\u00edneas espirituales:\u2026","rel":"","context":"En \u00abEscritos de Luc\u00eda Rog\u00e9\u00bb","block_context":{"text":"Escritos de Luc\u00eda Rog\u00e9","link":"http:\/\/vincentians.com\/es\/category\/escritos\/escritos-de-lucia-roge\/"},"img":{"alt_text":"","src":"https:\/\/i0.wp.com\/vincentians.com\/es\/wp-content\/uploads\/sites\/11\/2016\/07\/escritos-lucia-roge.jpg?fit=1200%2C630&resize=350%2C200","width":350,"height":200,"srcset":"https:\/\/i0.wp.com\/vincentians.com\/es\/wp-content\/uploads\/sites\/11\/2016\/07\/escritos-lucia-roge.jpg?fit=1200%2C630&resize=350%2C200 1x, https:\/\/i0.wp.com\/vincentians.com\/es\/wp-content\/uploads\/sites\/11\/2016\/07\/escritos-lucia-roge.jpg?fit=1200%2C630&resize=525%2C300 1.5x, https:\/\/i0.wp.com\/vincentians.com\/es\/wp-content\/uploads\/sites\/11\/2016\/07\/escritos-lucia-roge.jpg?fit=1200%2C630&resize=700%2C400 2x, https:\/\/i0.wp.com\/vincentians.com\/es\/wp-content\/uploads\/sites\/11\/2016\/07\/escritos-lucia-roge.jpg?fit=1200%2C630&resize=1050%2C600 3x"},"classes":[]},{"id":45063,"url":"http:\/\/vincentians.com\/es\/lucia-roge-testamento-de-sor-lucia-roge\/","url_meta":{"origin":41061,"position":2},"title":"Luc\u00eda Rog\u00e9: Testamento de Sor Luc\u00eda Rog\u00e9","author":"Francisco Javier Fern\u00e1ndez Chento","date":"11\/07\/2011","format":false,"excerpt":"Sor Luc\u00eda Rog\u00e9, H.C. \u00c9ste es mi testamento... Perd\u00f3n por todo lo que han tenido que sufrir, unos y otros, a trav\u00e9s de lo que ha sido mi pobre vida. Perd\u00f3n, especialmente, por esos once a\u00f1os de servicio, en la Casa Madre, a toda la Compa\u00f1\u00eda, durante los cuales la\u2026","rel":"","context":"En \u00abEscritos de Luc\u00eda Rog\u00e9\u00bb","block_context":{"text":"Escritos de Luc\u00eda Rog\u00e9","link":"http:\/\/vincentians.com\/es\/category\/escritos\/escritos-de-lucia-roge\/"},"img":{"alt_text":"","src":"https:\/\/i0.wp.com\/vincentians.com\/es\/wp-content\/uploads\/sites\/11\/2016\/07\/escritos-lucia-roge.jpg?fit=1200%2C630&resize=350%2C200","width":350,"height":200,"srcset":"https:\/\/i0.wp.com\/vincentians.com\/es\/wp-content\/uploads\/sites\/11\/2016\/07\/escritos-lucia-roge.jpg?fit=1200%2C630&resize=350%2C200 1x, https:\/\/i0.wp.com\/vincentians.com\/es\/wp-content\/uploads\/sites\/11\/2016\/07\/escritos-lucia-roge.jpg?fit=1200%2C630&resize=525%2C300 1.5x, https:\/\/i0.wp.com\/vincentians.com\/es\/wp-content\/uploads\/sites\/11\/2016\/07\/escritos-lucia-roge.jpg?fit=1200%2C630&resize=700%2C400 2x, https:\/\/i0.wp.com\/vincentians.com\/es\/wp-content\/uploads\/sites\/11\/2016\/07\/escritos-lucia-roge.jpg?fit=1200%2C630&resize=1050%2C600 3x"},"classes":[]},{"id":36849,"url":"http:\/\/vincentians.com\/es\/lucia-roge-asamblea-general-1985\/","url_meta":{"origin":41061,"position":3},"title":"Luc\u00eda Rog\u00e9: Asamblea General (1985)","author":"Francisco Javier Fern\u00e1ndez Chento","date":"07\/05\/2011","format":false,"excerpt":"23 de noviembre de 1984 La petici\u00f3n que la mayor\u00eda de ustedes me dirigen en estos mo\u00admentos es espont\u00e1neamente, h\u00e1blenos de la Asamblea. En efecto, ahora, ya est\u00e1 pr\u00f3xima y nos interesa a todas y a cada una. Hemos vivido la fase preparatoria, Asambleas Dom\u00e9sticas, primero, luego, Asambleas Provinciales. En\u2026","rel":"","context":"En \u00abEscritos de Luc\u00eda Rog\u00e9\u00bb","block_context":{"text":"Escritos de Luc\u00eda Rog\u00e9","link":"http:\/\/vincentians.com\/es\/category\/escritos\/escritos-de-lucia-roge\/"},"img":{"alt_text":"","src":"https:\/\/i0.wp.com\/vincentians.com\/es\/wp-content\/uploads\/sites\/11\/2016\/07\/escritos-lucia-roge.jpg?fit=1200%2C630&resize=350%2C200","width":350,"height":200,"srcset":"https:\/\/i0.wp.com\/vincentians.com\/es\/wp-content\/uploads\/sites\/11\/2016\/07\/escritos-lucia-roge.jpg?fit=1200%2C630&resize=350%2C200 1x, https:\/\/i0.wp.com\/vincentians.com\/es\/wp-content\/uploads\/sites\/11\/2016\/07\/escritos-lucia-roge.jpg?fit=1200%2C630&resize=525%2C300 1.5x, https:\/\/i0.wp.com\/vincentians.com\/es\/wp-content\/uploads\/sites\/11\/2016\/07\/escritos-lucia-roge.jpg?fit=1200%2C630&resize=700%2C400 2x, https:\/\/i0.wp.com\/vincentians.com\/es\/wp-content\/uploads\/sites\/11\/2016\/07\/escritos-lucia-roge.jpg?fit=1200%2C630&resize=1050%2C600 3x"},"classes":[]},{"id":34767,"url":"http:\/\/vincentians.com\/es\/sor-lucia-roge-un-mensaje-para-nuestro-tiempo\/","url_meta":{"origin":41061,"position":4},"title":"Sor Luc\u00eda Rog\u00e9: Un mensaje para nuestro tiempo&#8230;","author":"Francisco Javier Fern\u00e1ndez Chento","date":"16\/05\/2020","format":false,"excerpt":"Sor Luc\u00eda en sus escritos Su contacto durante catorce a\u00f1os con la Madre Susana Guillemin, en una \u00e9poca de plena actualizaci\u00f3n de la Iglesia y de la Compa\u00f1\u00eda, como fruto del entonces reci\u00e9n celebrado Concilio, y su posici\u00f3n de animadora de las Asambleas Generales llamadas a elaborar las nuevas Constitucio\u00adnes,\u2026","rel":"","context":"En \u00abHijas de la Caridad\u00bb","block_context":{"text":"Hijas de la Caridad","link":"http:\/\/vincentians.com\/es\/category\/la-familia-vicenciana\/ramas\/hijas-de-la-caridad\/"},"img":{"alt_text":"","src":"","width":0,"height":0},"classes":[]},{"id":42375,"url":"http:\/\/vincentians.com\/es\/lucia-roge-humildad\/","url_meta":{"origin":41061,"position":5},"title":"Luc\u00eda Rog\u00e9: Humildad","author":"Francisco Javier Fern\u00e1ndez Chento","date":"19\/06\/2011","format":false,"excerpt":"Par\u00eds, marzo, 1977 Realizan ustedes sus ejercicios espirituales en cuaresma, tiempo en el que Dios, nuestro Padre, nos invita a la conversi\u00f3n del coraz\u00f3n, tiem\u00adpo de autoexaminarnos personal y comunitariamente. Pregunt\u00e9monos juntas cu\u00e1l es nuestra respuesta. Este tiempo se nos ha dado para sintonizar nuestra vida con la llamada que\u2026","rel":"","context":"En \u00abEscritos de Luc\u00eda Rog\u00e9\u00bb","block_context":{"text":"Escritos de Luc\u00eda Rog\u00e9","link":"http:\/\/vincentians.com\/es\/category\/escritos\/escritos-de-lucia-roge\/"},"img":{"alt_text":"","src":"https:\/\/i0.wp.com\/vincentians.com\/es\/wp-content\/uploads\/sites\/11\/2016\/07\/escritos-lucia-roge.jpg?fit=1200%2C630&resize=350%2C200","width":350,"height":200,"srcset":"https:\/\/i0.wp.com\/vincentians.com\/es\/wp-content\/uploads\/sites\/11\/2016\/07\/escritos-lucia-roge.jpg?fit=1200%2C630&resize=350%2C200 1x, https:\/\/i0.wp.com\/vincentians.com\/es\/wp-content\/uploads\/sites\/11\/2016\/07\/escritos-lucia-roge.jpg?fit=1200%2C630&resize=525%2C300 1.5x, https:\/\/i0.wp.com\/vincentians.com\/es\/wp-content\/uploads\/sites\/11\/2016\/07\/escritos-lucia-roge.jpg?fit=1200%2C630&resize=700%2C400 2x, https:\/\/i0.wp.com\/vincentians.com\/es\/wp-content\/uploads\/sites\/11\/2016\/07\/escritos-lucia-roge.jpg?fit=1200%2C630&resize=1050%2C600 3x"},"classes":[]}],"_links":{"self":[{"href":"http:\/\/vincentians.com\/es\/wp-json\/wp\/v2\/posts\/41061","targetHints":{"allow":["GET"]}}],"collection":[{"href":"http:\/\/vincentians.com\/es\/wp-json\/wp\/v2\/posts"}],"about":[{"href":"http:\/\/vincentians.com\/es\/wp-json\/wp\/v2\/types\/post"}],"author":[{"embeddable":true,"href":"http:\/\/vincentians.com\/es\/wp-json\/wp\/v2\/users\/4"}],"replies":[{"embeddable":true,"href":"http:\/\/vincentians.com\/es\/wp-json\/wp\/v2\/comments?post=41061"}],"version-history":[{"count":0,"href":"http:\/\/vincentians.com\/es\/wp-json\/wp\/v2\/posts\/41061\/revisions"}],"wp:featuredmedia":[{"embeddable":true,"href":"http:\/\/vincentians.com\/es\/wp-json\/wp\/v2\/media\/398623"}],"wp:attachment":[{"href":"http:\/\/vincentians.com\/es\/wp-json\/wp\/v2\/media?parent=41061"}],"wp:term":[{"taxonomy":"category","embeddable":true,"href":"http:\/\/vincentians.com\/es\/wp-json\/wp\/v2\/categories?post=41061"},{"taxonomy":"post_tag","embeddable":true,"href":"http:\/\/vincentians.com\/es\/wp-json\/wp\/v2\/tags?post=41061"}],"curies":[{"name":"wp","href":"https:\/\/api.w.org\/{rel}","templated":true}]}}