{"id":405875,"date":"2025-07-08T08:20:49","date_gmt":"2025-07-08T06:20:49","guid":{"rendered":"https:\/\/vincentians.com\/es\/?p=405875"},"modified":"2024-08-22T10:21:52","modified_gmt":"2024-08-22T08:21:52","slug":"vicente-de-paul-y-la-mision-xxii","status":"publish","type":"post","link":"http:\/\/vincentians.com\/es\/vicente-de-paul-y-la-mision-xxii\/","title":{"rendered":"Vicente de Pa\u00fal y la Misi\u00f3n (XXII)"},"content":{"rendered":"<ol start=\"3\">\n<li>Los POBRES: A ELLOS SE DIRIGE LA MISI\u00d3N<\/li>\n<\/ol>\n<p>Una vez sentada la identificaci\u00f3n del pobre con Cris\u00adto, no resulta dif\u00edcil comprender que la misi\u00f3n, tal como la entiende Vicente de Pa\u00fal, se dirige al pobre, a todos los pobres, all\u00ed donde se encuentren, y a los que hay que atender de forma integral (corporal y espiritualmente). con las mismas actitudes y disposiciones de Cristo, el Evangelizador de los pobres.<\/p>\n<p>3.1. <em>A todos los pobres<\/em><\/p>\n<p>En la conferencia pronunciada por Vicente de Pa\u00fal al final de sus d\u00edas, sobre el fin de la Congregaci\u00f3n de la Misi\u00f3n, que ha sido llamada \u00abtestamento de Monsieur Vincent\u00bb, el anciano misionero enumera en detalle como objeto propio de la labor evangelizadora:<\/p>\n<ul>\n<li>Las gentes de los campos.<\/li>\n<li>Los ancianos del asilo del Nombre de Jes\u00fas.<\/li>\n<li>Los habitantes de las regiones devastadas por la guerra.<\/li>\n<li>Los locos de San L\u00e1zaro.<\/li>\n<li>Los j\u00f3venes del reformatorio de San L\u00e1zaro.<\/li>\n<li>Los ni\u00f1os abandonados.<\/li>\n<li>Los pobres de las Indias (Madagascar), los esclavos de Berber\u00eda&#8230;<\/li>\n<\/ul>\n<p>Y a\u00fan a esta lista podr\u00edan a\u00f1adirse otros varios tipos de pobres que no aparecen en ella, pero que fueron obje\u00adto de la dedicaci\u00f3n de Vicente de Pa\u00fal y de sus misione\u00adros: los condenados a galeras, los arist\u00f3cratas arruinados y emigrados, los refugiados de guerra, los soldados&#8230;<\/p>\n<p>Vicente de Pa\u00fal reconoce que su comunidad es ala\u00adbada como obra de Dios, porque tiene como caracter\u00eds\u00adtica el dedicarse, no a una sola obra concreta cerrando los ojos a otras necesidades, sino \u00abporque se ve que acude a las necesidades m\u00e1s urgentes y m\u00e1s abandonadas\u00bb.<\/p>\n<p>Y a\u00f1ade que, si ha podido con todas estas obras en favor de los pobres, ahora que su comunidad est\u00e1 en la infancia, podr\u00e1 con otras cuando sea m\u00e1s fuerte. E invitar\u00e1, con fuego en sus palabras: \u00abAs\u00ed pues, hermanos m\u00edos, vayamos y ocup\u00e9monos con un amor nuevo en el servicio de los pobres, y busquemos incluso a los m\u00e1s pobres y abandonados\u00bb.<\/p>\n<p>San Vicente repite a sus misioneros que tienen como lote propio, como heredad, a los pobres: \u00abSomos los sacerdotes de los pobres. Dios nos ha elegi\u00addo para ellos. Esto es capital para nosotros, el resto es accesorio\u00bb.<\/p>\n<p>\u00abLo m\u00e1s importante de nuestra vocaci\u00f3n es trabajar por los pobres, y todo lo dem\u00e1s es accesorio&#8230; \u00a1Pobres de nosotros si somos remisos en cumplir con la obligaci\u00f3n que tenemos de socorrer a los pobres! Porque nos hemos dado a Dios para esto y Dios cuenta con nosotros\u00bb.<\/p>\n<p>\u00ab\u00a1Ay, padres! \u00a1Qu\u00e9 buen servicio le hacen ustedes al pobre pueblo que sufre, con una ayuda tan saludable! Es una se\u00f1al de la bondad de Dios sobre \u00e9l&#8230; Cuando en lo m\u00e1s recio de sus miserias corporales les consuela con su palabra y les previene con sus gracias, como un pan santificante que da la verdadera vida&#8230; As\u00ed, pues, padres y hermanos m\u00edos, nuestra herencia son los pobres\u00bb.<\/p>\n<p>Por ello, no duda en afirmar que es preciso estar dis\u00adpuestos a todo para llevar adelante la misi\u00f3n evangeliza\u00addora de los pobres: \u201c\u00a1Ah, tendr\u00edamos que vendernos a nosotros mismos para sacar a nuestros hermanos de la miseria\u00bb!<\/p>\n<p>Los interlocutores de Vicente de Pa\u00fal reprocharon m\u00e1s de una vez la extensi\u00f3n de la misi\u00f3n a necesidades de los pobres cada vez m\u00e1s amplias. Para Vicente de Pa\u00fal no es posible pensar en detenerse ante todas las necesi\u00addades de todos los pobres. Les dice a las Damas en una conferencia del 11 de febrero de 1649: \u00abParece como si las miserias particulares nos apartasen de la preocupaci\u00f3n por las p\u00fablicas y que con ellas ten\u00addr\u00edamos un bonito pretexto ante los hombres para reti\u00adrarnos de ese cuidado; pero la verdad es que no s\u00e9 si ser\u00e1 as\u00ed ante Dios, que nos podr\u00eda decir lo que san Pablo les dec\u00eda a los corintios, que se encontraban en parecidas situaciones: \u00bfAcaso hab\u00e9is resistido hasta derramar sangre?\u00bb.<\/p>\n<p>Escribiendo al Papa Inocencio X, el 16 de agosto de 1652, vuelve a hacer Vicente de Pa\u00fal una enumeraci\u00f3n (no cerrada) del alcance de la misi\u00f3n al servicio de los pobres, de todos los pobres: \u00abAliviar a los pueblos desolados con tan larga guerra, devolver la vida a los pobres abatidos y casi muertos de hambre, ayudar a los campos totalmente devastados&#8230;\u00bb.<\/p>\n<p>3.2. <em>All\u00ed donde se encuentren<\/em><\/p>\n<p>La misi\u00f3n entra\u00f1a en s\u00ed misma movimiento, salir, partir&#8230; Vicente de Pa\u00fal ve c\u00f3mo sus obras e institucio\u00adnes, surgidas para hacer presente el Reino de Dios en una situaci\u00f3n concreta, van desplaz\u00e1ndose, moviliz\u00e1ndose, para responder con agilidad a las nuevas necesidades evangelizadoras.<\/p>\n<p>Veamos c\u00f3mo lo expresa en la conferencia del 18 de octubre de 1655 a las Hijas de la Caridad: \u00abVosotras, mis queridas hermanas, os hab\u00e9is dado prin\u00adcipalmente a Dios para vivir como buenas cristianas, para ser buenas Hijas de la Caridad, para asistir a los pobres enfermos, no en una casa solamente&#8230; sino en todas partes como nuestro Se\u00f1or, que no hac\u00eda distin\u00adci\u00f3n alguna pues asist\u00eda a todos los que recurr\u00edan a \u00c9l. Es lo que comenzaron a hacer nuestras hermanas con los enfermos, asisti\u00e9ndoles con tanto esmero; y Dios, al ver que lo hac\u00edan con tanto cuidado, y\u00e9ndoles a ver en sus propias casas, como hac\u00eda nuestro Se\u00f1or muchas veces, dijo: &#8216;Estas hermanas me agradan; cumplen a la perfecci\u00f3n con esta misi\u00f3n; voy a darles una nueva&#8217;&#8230; Y entonces vinieron, hermanas m\u00edas, esos pobres ni\u00f1os abandonados, que no ten\u00edan a nadie que se cuidara de ellos; y nuestro Se\u00f1or se quiso servir de la Compa\u00f1\u00eda para cuidarles, por lo que le doy las gracias a su bon\u00addad&#8230; Y luego, al ver c\u00f3mo hab\u00edais abrazado todo esto con tanta caridad, dijo: \u201cTodav\u00eda quiero darles un nuevo empleo\u201d. S\u00ed, hermanas m\u00edas, es Dios el que os lo ha dado, sin que nosotros pens\u00e1semos en ello; pues as\u00ed es como se hacen las obras de Dios, sin que los hombres piensen en ellas&#8230; \u00bfCu\u00e1l es este empleo? Fue la asisten\u00adcia a los pobres condenados a galeras. Hermanas m\u00edas, \u00a1qu\u00e9 dicha servir a esos pobres galeotes, abandonados en manos de personas que no ten\u00edan piedad de ellos! Yo he visto a esas pobres gentes ser tratados como bes\u00adtias; eso fue lo que hizo que Dios se llenara de compa\u00adsi\u00f3n por ellos. Le dieron l\u00e1stima y luego su bondad hizo dos cosas en su favor: primero hizo que compra\u00adran una casa para ellos; segundo, quiso disponer las cosas de tal modo que fueran servidos por sus propias Hijas, puesto que decir una hija de la Caridad es decir una hija de Dios&#8230; Todav\u00eda quiso daros una nueva ocupaci\u00f3n: asistir a los ancianos pobres y a esas pobres gentes que han perdido la raz\u00f3n. S\u00ed, hermanas m\u00edas, es Dios mismo el que se ha querido servir de las Hijas de la Caridad para cuidar a esos pobres dementes. \u00a1Qu\u00e9 dicha para vosotras! \u00a1Qu\u00e9 gran favor es para todas las que est\u00e1n ocupadas en eso, tener un medio tan her\u00admoso para hacer un servicio a Dios y a nuestro Se\u00f1or Jesucristo, su Hijo!<\/p>\n<p>3.3. <em>Corporal y espiritualmente<\/em><\/p>\n<p>La misi\u00f3n, tal como la percibe y vive Vicente de Pa\u00fal, no queda reducida a un anuncio de palabra o doctrinal, ni s\u00f3lo a un alivio de las necesidades m\u00e1s urgentes de los pobres. Para Vicente de Pa\u00fal, la misi\u00f3n va encaminada a la totalidad de la persona a la que, como le gusta decir, hay que atender corporal y espiritualmente.<\/p>\n<p>Se lo se\u00f1ala con toda claridad a sus misioneros sacer\u00addotes, inclinados tal vez a contentarse con la predicaci\u00f3n: \u00abVenir a evangelizar a los pobres no se entiende sola\u00admente ense\u00f1ar los misterios necesarios para la salvaci\u00f3n sino hacer todas las cosas predichas y prefiguradas por los profetas, hacer efectivo el evangelio\u00bb.<\/p>\n<p>\u00abSi hay algunos entre vosotros que crean que est\u00e1n en la Misi\u00f3n para evangelizar a los pobres y no para cui\u00addarlos, para remediar sus necesidades espirituales y no las temporales, les dir\u00e9 que tenemos que asistirles y hacer que les asistan de todas las maneras, nosotros y los dem\u00e1s, si queremos o\u00edr esas agradables palabras del soberano juez de vivos y muertos: &#8216;venid, benditos de mi Padre; poseed el reino que os est\u00e1 preparado, por\u00adque tuve hambre y me disteis de comer, estaba desnu\u00addo y me vestisteis, enfermo y me cuidasteis&#8217;. Hacer esto es evangelizar de palabra y de obra; es lo m\u00e1s perfecto y es lo que nuestro Se\u00f1or practic\u00f3&#8230;\u00bb.<\/p>\n<p>Se lo se\u00f1ala con la misma claridad a las Hijas de la Caridad que podr\u00edan pensar que su misi\u00f3n era aliviar \u00fanicamente los cuerpos de los pobres: \u00abVosotras no est\u00e1is solamente para atender a los cuer\u00adpos de los pobres enfermos, sino tambi\u00e9n para darles instrucci\u00f3n en lo que pod\u00e1is\u00bb.<\/p>\n<p>\u00abTen\u00e9is que llevar a los pobres enfermos dos clases de comida: la corporal y la espiritual&#8230;\u00bb.<\/p>\n<p>Y, con la misma claridad, en los reglamentos elabora\u00addos para las Cofrad\u00edas de la Caridad, muestra que la asociaci\u00f3n existe para servir a los pobres corporal y espiri\u00adtualmente. Los dos aspectos de la evangelizaci\u00f3n van siempre juntos. Por eso, Vicente puede preocuparse por asuntos como el aseo y la cantidad de carne para cada pobre. En otros momentos puede hablar de levantar el \u00e1nimo de los enfermos. Pero, a la vez, puede mencio\u00adnar la catequesis y la preparaci\u00f3n espiritual de los enfermos. Y es que, en la mente de Vicente de Pa\u00fal, servi\u00adcio espiritual y corporal no constituyen fines separados, sino dos aspectos del mismo fin, de la misma misi\u00f3n evangelizadora.<\/p>\n<p>3.4. <em>Como lo har\u00eda Cristo<\/em><\/p>\n<p>Para llevar a cabo la misi\u00f3n evangelizadora en favor de los pobres, continuaci\u00f3n de la misi\u00f3n de Jesucristo, es preciso entrar en los sentimientos y disposiciones del mismo Cristo.<\/p>\n<p>Les dice a las Hijas de la Caridad en la conferencia del 18 de octubre de 1655: \u00abVosotras, mis queridas hermanas, os hab\u00e9is entregado principalmente a Dios para vivir como buenas cristia\u00adnas&#8230; para asistir a los pobres enfermos en todas partes como nuestro Se\u00f1or\u00bb.<\/p>\n<p>\u00abEs Dios el que os ha encomendado el cuidado de sus pobres y ten\u00e9is que comportaron con ellos con su mismo esp\u00edritu, compadeciendo sus miserias y sinti\u00e9n\u00addolas en vosotras mismas en la medida de lo posible, como aquel que dec\u00eda: &#8216;yo soy perseguido con los per\u00adseguidos, maldito con los malditos, esclavo con los esclavos, afligido con los afligidos y enfermo con los enfermos\u201d.<\/p>\n<p>Y en la conferencia a las mismas hermanas, el 11 de noviembre de 1657: \u00abVuestro principal empleo, despu\u00e9s del amor de Dios y del deseo de haceros agradables a su Divina Majestad, tiene que ser servir a los pobres enfermos con mucha dulzura y cordialidad, compadeci\u00e9ndoos de su mal y escuchando sus peque\u00f1as quejas, como tiene que hacer\u00adlo una buena madre; porque ellos os miran como a sus madres nutricias y como a personas enviadas por Dios para asistirles. Por eso est\u00e1is destinadas a representar la bondad de Dios delante de esos pobres enfermos. Pues bien, como esta bondad se comporta con los afligidos de una forma dulce y caritativa, tambi\u00e9n vosotras ten\u00e9is que tratar a los pobres enfermos como os ense\u00f1a esa misma bondad. Esto es, con dulzura, con compasi\u00f3n y con amor: pues ellos son vuestros amos y tambi\u00e9n los m\u00edos&#8230; As\u00ed pues, esto es lo que os obliga a servirles con respeto, como a vuestros amos, y con devoci\u00f3n, porque representan para vosotras a la persona de nuestro Se\u00f1or&#8230; Seg\u00fan eso, no s\u00f3lo hay que tener mucho cui\u00addado en alejar de s\u00ed la dureza y la impaciencia, sino adem\u00e1s afanarse en servir con cordialidad y con gran dul\u00adzura, incluso a los m\u00e1s enfadosos y dif\u00edciles, sin olvidarse de decirles alguna buena palabra&#8230; No decir muchas cosas a la vez, sino ir poco a poco d\u00e1ndoles la instrucci\u00f3n que necesitan\u00bb.<\/p>\n<p>Tambi\u00e9n a los misioneros les pide Vicente de Pa\u00fal entrar en los sentimientos y disposiciones de Jesucristo para con los pobres.<\/p>\n<p>Escribe a Ferm\u00edn Get, superior de Marsella, el 8 de marzo de 1658: \u00ab\u00a1Que Dios nos conceda la gracia de enternecer nues\u00adtros corazones en favor de los miserables y <em>de <\/em>creer que, al socorrerles estamos haciendo justicia y no misericor\u00addia\u00bb.<\/p>\n<p>Y, al final de sus d\u00edas, en la conferencia del 30 de mayo de 1659 a los misioneros:<\/p>\n<p>\u00abMiremos al Hijo de Dios: \u00a1qu\u00e9 coraz\u00f3n tan caritativo!, \u00a1qu\u00e9 llama de amor! Jes\u00fas m\u00edo, dinos, por favor, \u00bfqu\u00e9 es lo que te ha sacado del cielo para venir a sufrir la mal\u00addici\u00f3n de la tierra y todas las persecuciones y tormen\u00adtos que has recibido? \u00a1Oh Salvador! \u00a1fuente del amor humillado hasta nosotros <em>y <\/em>hasta llegar a sufrir un suplicio infame por nosotros! \u00bfQui\u00e9n ha amado en esto al pr\u00f3jimo m\u00e1s que t\u00fa? Viniste a exponerte a todas nuestras miserias, a tomar la forma de pecador, a llevar una vida de sufrimiento y a padecer por nosotros una muerte ignominiosa; \u00bfhay amor semejante? \u00bfQui\u00e9n podr\u00eda amar de una forma tan supereminente? S\u00f3lo nuestro Se\u00f1or ha podido dejarse arrastrar por el amor a las criaturas hasta dejar el trono de su Padre para venir a tomar un cuerpo sujeto a las debilidades. \u00bfY para qu\u00e9? Para establecer entre nosotros, por su ejemplo y su palabra, la caridad para con el pr\u00f3jimo. Ese amor fue el que le crucific\u00f3 y el que hizo esta obra admirable de nuestra redenci\u00f3n. Si tuvi\u00e9ramos un poco de ese amor, \u00bfnos quedar\u00edamos con los brazos cruzados? \u00bfDejar\u00eda\u00admos morir a todos los que podr\u00edamos asistir? No, la caridad no puede permanecer ociosa, sino que nos mueve a la salvaci\u00f3n de los dem\u00e1s y a su ayuda\u00bb.<\/p>\n<p>La entrega misionera en favor de los pobres exigir\u00e1 esfuerzo, \u00abam\u00e1ndoles a costa de nuestros brazos, con el sudor de nuestra frente\u00bb.<\/p>\n<p>M\u00e1s a\u00fan, \u00abnuestra es la culpa de que ellos sufran, si no sacrifica\u00admos toda nuestra vida por instruirlos\u00bb.<\/p>\n<p>Y es que \u00absomos indignos de rendirles nuestros peque\u00f1os servicios\u00bb.<\/p>\n<p>S\u00f3lo si se revisten de las mismas disposiciones y acti\u00adtudes de Jesucristo ser\u00e1n los servicios de la Hija de la Caridad verdaderamente evangelizadores: anunciar\u00e1n la bondad de Dios, la presencia de su Reino: \u00abLos pobres asistidos por la hija de la Caridad dir\u00e1n al buen Dios: \u00c9sta la que nos asisti\u00f3 por tu amor; \u00e9sta es la que nos ense\u00f1\u00f3 a conocerte; \u00e9sta es la que mostr\u00f3 tu bondad a trav\u00e9s de la suya\u00bb.<\/p>\n<ol start=\"4\">\n<li>EL POBRE, DESTINATARIO Y AGENTE DE LA MISI\u00d3N<\/li>\n<\/ol>\n<p>Para Vicente de Pa\u00fal, el pobre no es s\u00f3lo destinatario de la misi\u00f3n. Vicente <em>de <\/em>Pa\u00fal est\u00e1 convencido de que \u00abs\u00f3lo con los pobres podr\u00e9 salvar a los pobres\u00bb.<\/p>\n<p>Los pobres no pueden ser destinatarios pasivos de la acci\u00f3n evangelizadora; ellos han de corresponder en la medida de sus posibilidades y <em>de <\/em>sus fuerzas. Indica con claridad Vicente de Pa\u00fal: \u00abNo hay que asistir m\u00e1s que aquellos que no puedan trabajar ni buscar su sustento, y que estar\u00edan en peligro de morir de hambre si no se les socorre. En efecto, ape\u00adnas tenga uno fuerzas para trabajar, habr\u00e1 que com\u00adprarle algunos utensilios conformes con su profesi\u00f3n, pero sin darle nada m\u00e1s. Las limosnas no son para los que pueden trabajar&#8230; sino para los pobres enfermos, los hu\u00e9rfanos o los ancianos\u00bb.<\/p>\n<p>Vicente de Pa\u00fal recuerda a las Hijas de la Caridad que Dios ha querido escogerlas de entre los pobres: \u00abEl esp\u00edritu de la Compa\u00f1\u00eda consiste en entregarse a Dios para amar a nuestro Se\u00f1or y servirle en la persona de los pobres corporal y espiritualmente, en sus casas o en otras partes, para instruir a las j\u00f3venes pobres, a los ni\u00f1os y en general a todos los que la Providencia os env\u00eda. Fijaos, mis queridas hermanas, esta Compa\u00f1\u00eda de Hijas de la Caridad se compone en su mayor\u00eda de j\u00f3venes pobres. \u00a1Qu\u00e9 excelente es esa cualidad de j\u00f3ve\u00adnes pobres, pobres en sus vestidos, pobres en su alimento!\u00bb.<\/p>\n<p>La que es sin duda una de las m\u00e1s geniales intuicio\u00adnes de Vicente de Pa\u00fal, la Compa\u00f1\u00eda de las Hijas de la Caridad, est\u00e1 conformada por j\u00f3venes aldeanas pobres. Estas j\u00f3venes pobres resultan ser para Vicente de Pa\u00fal los mejores agentes de evangelizaci\u00f3n de los pobres: \u00abSabed, hijas m\u00edas, que me he enterado que esas pobres gentes est\u00e1n muy agradecidas a la gracia que Dios les ha hecho y, al ver que van a asistirlos y que esas Hermanas no tienen m\u00e1s inter\u00e9s en ello que el amor de Dios, dicen que se dan cuenta entonces de que Dios es el pro\u00adtector de los pobres. \u00a1Ved qu\u00e9 hermoso es ayudar a esas pobres gentes a reconocer la bondad de Dios! Pues comprenden perfectamente que es \u00c9l el que las mueve a hacer ese servicio. Y entonces conciben elevados sen\u00adtimientos de piedad y dicen: \u00a1Dios m\u00edo, ahora nos damos cuenta de que es cierto lo que tantas veces hemos o\u00eddo predicar, que te acuerdas de todos los que necesitan socorro y que no abandonas nunca a una per\u00adsona que est\u00e1 en peligro, puesto que cuidas de unos pobres miserables que han ofendido tanto a tu bon\u00addad&#8217;. He sabido, incluso por medio de personas que fueron atendidas por nuestras hermanas, y por medio de otras muchas, que se sent\u00edan muy edificados al ver c\u00f3mo esas Hermanas se preocupaban de visitarles, reconociendo en ello la divina bondad y vi\u00e9ndose obli\u00adgados a alabarle y darle gracias\u00bb.<\/p>\n<ol start=\"5\">\n<li>Los POBRES ME HAN EVANGELIZADO<\/li>\n<\/ol>\n<p>\u00abLos pobres son para san Vicente el lugar de la fe: s\u00f3lo en ellos encuentra a Jesucristo y en Jesucristo al Dios vivo\u00bb.<\/p>\n<p>\u00abEntre los pobres se encuentra la verdadera religi\u00f3n, una fe viva\u00bb.<\/p>\n<p>En la conferencia del 13 de diciembre de 1658, no duda en confesar a sus misioneros: \u00abLos pobres nos disputar\u00e1n alg\u00fan d\u00eda el para\u00edso y nos lo arrebatar\u00e1n, porque existe una gran diferencia entre su manera de amar a Dios y la nuestra. Su amor se manifiesta en el sufrimiento, en las humillaciones, en el trabajo y en la conformidad con la voluntad de Dios. Y el nuestro, si es que tenemos alguno, \u00bfen qu\u00e9 se da a conocer?\u00bb.<\/p>\n<p>Siente, y lo dice al final de su vida, que ha sido evan\u00adgelizado por ellos, o sea, que a trav\u00e9s de ellos ha aprendi\u00addo por fin lo que significa el verdadero evangelio y lo que significa la verdadera fe. No tiene ya otra seguridad en su vida que la dedicaci\u00f3n a los pobres; incluso espera a tra\u00adv\u00e9s de ellos su propia salvaci\u00f3n definitiva. Porque \u00abNo podemos asegurar mejor nuestra felicidad eterna que viviendo y muriendo en el servicio de los pobres\u201d.<\/p>\n<ol start=\"6\">\n<li>S\u00cdNTESIS<\/li>\n<\/ol>\n<p>El Se\u00f1or fue conduciendo a Vicente de Pa\u00fal al descu\u00adbrimiento de los pobres. Cristo, el Misionero del Padre, vino a evangelizar a los pobres y quiere ser representado por los pobres.<\/p>\n<p>Servir a los pobres es, por ello, servir a Jesucristo. La Misi\u00f3n se dirige a los pobres como primeros y principa\u00adles destinatarios.<\/p>\n<p>Los pobres descubrir\u00e1n a Cristo en el servicio que se les presta.<\/p>\n<p>Ellos finalmente se\u00f1alar\u00e1n a Cristo al propio misio\u00adnero. Porque en los pobres encuentra el misionero a Jesu\u00adcristo.<\/p>\n<p>As\u00ed son los pobres, no \u00fanicamente destinatarios de la Misi\u00f3n, sino sus verdaderos protagonistas.<\/p>\n","protected":false},"excerpt":{"rendered":"<p>Los POBRES: A ELLOS SE DIRIGE LA MISI\u00d3N Una vez sentada la identificaci\u00f3n del pobre con Cris\u00adto, no resulta dif\u00edcil comprender que la misi\u00f3n, tal como la entiende Vicente de Pa\u00fal, se dirige al pobre, &#8230; <a href=\"http:\/\/vincentians.com\/es\/vicente-de-paul-y-la-mision-xxii\/\" class=\"more-link\">Read More<\/a><\/p>\n","protected":false},"author":5,"featured_media":404161,"comment_status":"open","ping_status":"open","sticky":false,"template":"","format":"standard","meta":{"jetpack_post_was_ever_published":false,"_jetpack_newsletter_access":"","_jetpack_dont_email_post_to_subs":false,"_jetpack_newsletter_tier_id":0,"_jetpack_memberships_contains_paywalled_content":false,"_jetpack_memberships_contains_paid_content":false,"footnotes":"","jetpack_publicize_message":"","jetpack_publicize_feature_enabled":true,"jetpack_social_post_already_shared":true,"jetpack_social_options":{"image_generator_settings":{"template":"highway","default_image_id":0,"font":"","enabled":false},"version":2}},"categories":[28],"tags":[],"class_list":["post-405875","post","type-post","status-publish","format-standard","has-post-thumbnail","hentry","category-formacion-vicenciana"],"yoast_head":"<!-- This site is optimized with the Yoast SEO plugin v26.3 - https:\/\/yoast.com\/wordpress\/plugins\/seo\/ -->\n<title>Vicente de Pa\u00fal y la Misi\u00f3n (XXII) - Somos Vicencianos<\/title>\n<meta name=\"robots\" content=\"index, follow, max-snippet:-1, max-image-preview:large, max-video-preview:-1\" \/>\n<link rel=\"canonical\" href=\"http:\/\/vincentians.com\/es\/vicente-de-paul-y-la-mision-xxii\/\" \/>\n<meta property=\"og:locale\" content=\"es_ES\" \/>\n<meta property=\"og:type\" content=\"article\" \/>\n<meta property=\"og:title\" content=\"Vicente de Pa\u00fal y la Misi\u00f3n (XXII) - Somos Vicencianos\" \/>\n<meta property=\"og:description\" content=\"Los POBRES: A ELLOS SE DIRIGE LA MISI\u00d3N Una vez sentada la identificaci\u00f3n del pobre con Cris\u00adto, no resulta dif\u00edcil comprender que la misi\u00f3n, tal como la entiende Vicente de Pa\u00fal, se dirige al pobre, ... Read More\" \/>\n<meta property=\"og:url\" content=\"http:\/\/vincentians.com\/es\/vicente-de-paul-y-la-mision-xxii\/\" \/>\n<meta property=\"og:site_name\" content=\"Somos Vicencianos\" \/>\n<meta property=\"article:publisher\" content=\"https:\/\/www.facebook.com\/WeAreVincentians\/\" \/>\n<meta property=\"article:published_time\" content=\"2025-07-08T06:20:49+00:00\" \/>\n<meta property=\"og:image\" content=\"https:\/\/i0.wp.com\/vincentians.com\/es\/wp-content\/uploads\/sites\/11\/2013\/05\/d.jpg?fit=1200%2C799\" \/>\n\t<meta property=\"og:image:width\" content=\"1200\" \/>\n\t<meta property=\"og:image:height\" content=\"799\" \/>\n\t<meta property=\"og:image:type\" content=\"image\/jpeg\" \/>\n<meta name=\"author\" content=\"Mitxel Olabu\u00e9naga\" \/>\n<meta name=\"twitter:card\" content=\"summary_large_image\" \/>\n<meta name=\"twitter:creator\" content=\"@WeVincentians\" \/>\n<meta name=\"twitter:site\" content=\"@WeVincentians\" \/>\n<meta name=\"twitter:label1\" content=\"Escrito por\" \/>\n\t<meta name=\"twitter:data1\" content=\"Mitxel Olabu\u00e9naga\" \/>\n\t<meta name=\"twitter:label2\" content=\"Tiempo de lectura\" \/>\n\t<meta name=\"twitter:data2\" content=\"15 minutos\" \/>\n<script type=\"application\/ld+json\" class=\"yoast-schema-graph\">{\"@context\":\"https:\/\/schema.org\",\"@graph\":[{\"@type\":\"Article\",\"@id\":\"http:\/\/vincentians.com\/es\/vicente-de-paul-y-la-mision-xxii\/#article\",\"isPartOf\":{\"@id\":\"http:\/\/vincentians.com\/es\/vicente-de-paul-y-la-mision-xxii\/\"},\"author\":{\"name\":\"Mitxel Olabu\u00e9naga\",\"@id\":\"https:\/\/vincentians.com\/es\/#\/schema\/person\/7c2670b4445a7ca9d164ea6acdb31859\"},\"headline\":\"Vicente de Pa\u00fal y la Misi\u00f3n (XXII)\",\"datePublished\":\"2025-07-08T06:20:49+00:00\",\"mainEntityOfPage\":{\"@id\":\"http:\/\/vincentians.com\/es\/vicente-de-paul-y-la-mision-xxii\/\"},\"wordCount\":3423,\"commentCount\":0,\"publisher\":{\"@id\":\"https:\/\/vincentians.com\/es\/#organization\"},\"image\":{\"@id\":\"http:\/\/vincentians.com\/es\/vicente-de-paul-y-la-mision-xxii\/#primaryimage\"},\"thumbnailUrl\":\"https:\/\/i0.wp.com\/vincentians.com\/es\/wp-content\/uploads\/sites\/11\/2013\/05\/d.jpg?fit=1200%2C799\",\"articleSection\":[\"Formaci\u00f3n Vicenciana\"],\"inLanguage\":\"es\",\"potentialAction\":[{\"@type\":\"CommentAction\",\"name\":\"Comment\",\"target\":[\"http:\/\/vincentians.com\/es\/vicente-de-paul-y-la-mision-xxii\/#respond\"]}]},{\"@type\":\"WebPage\",\"@id\":\"http:\/\/vincentians.com\/es\/vicente-de-paul-y-la-mision-xxii\/\",\"url\":\"http:\/\/vincentians.com\/es\/vicente-de-paul-y-la-mision-xxii\/\",\"name\":\"Vicente de Pa\u00fal y la Misi\u00f3n (XXII) - Somos Vicencianos\",\"isPartOf\":{\"@id\":\"https:\/\/vincentians.com\/es\/#website\"},\"primaryImageOfPage\":{\"@id\":\"http:\/\/vincentians.com\/es\/vicente-de-paul-y-la-mision-xxii\/#primaryimage\"},\"image\":{\"@id\":\"http:\/\/vincentians.com\/es\/vicente-de-paul-y-la-mision-xxii\/#primaryimage\"},\"thumbnailUrl\":\"https:\/\/i0.wp.com\/vincentians.com\/es\/wp-content\/uploads\/sites\/11\/2013\/05\/d.jpg?fit=1200%2C799\",\"datePublished\":\"2025-07-08T06:20:49+00:00\",\"breadcrumb\":{\"@id\":\"http:\/\/vincentians.com\/es\/vicente-de-paul-y-la-mision-xxii\/#breadcrumb\"},\"inLanguage\":\"es\",\"potentialAction\":[{\"@type\":\"ReadAction\",\"target\":[\"http:\/\/vincentians.com\/es\/vicente-de-paul-y-la-mision-xxii\/\"]}]},{\"@type\":\"ImageObject\",\"inLanguage\":\"es\",\"@id\":\"http:\/\/vincentians.com\/es\/vicente-de-paul-y-la-mision-xxii\/#primaryimage\",\"url\":\"https:\/\/i0.wp.com\/vincentians.com\/es\/wp-content\/uploads\/sites\/11\/2013\/05\/d.jpg?fit=1200%2C799\",\"contentUrl\":\"https:\/\/i0.wp.com\/vincentians.com\/es\/wp-content\/uploads\/sites\/11\/2013\/05\/d.jpg?fit=1200%2C799\",\"width\":1200,\"height\":799,\"caption\":\"- 49 TAB. On ignore actuellement l\u2019auteurs et la date de ce tableau. L\u2019origine est probablement espagnole vue la forme des cornettes et sans doute du 19e si\u00e8cle. Il a \u00e9t\u00e9 enregistr\u00e9 \u00e0 partir d\u2019une reproduction conserv\u00e9e aux Archives de la Congr\u00e9gation \u00e0 Paris.\"},{\"@type\":\"BreadcrumbList\",\"@id\":\"http:\/\/vincentians.com\/es\/vicente-de-paul-y-la-mision-xxii\/#breadcrumb\",\"itemListElement\":[{\"@type\":\"ListItem\",\"position\":1,\"name\":\"Portada\",\"item\":\"https:\/\/vincentians.com\/es\/\"},{\"@type\":\"ListItem\",\"position\":2,\"name\":\"Vicente de Pa\u00fal y la Misi\u00f3n (XXII)\"}]},{\"@type\":\"WebSite\",\"@id\":\"https:\/\/vincentians.com\/es\/#website\",\"url\":\"https:\/\/vincentians.com\/es\/\",\"name\":\"Somos Vicencianos\",\"description\":\"Know more to serve more\",\"publisher\":{\"@id\":\"https:\/\/vincentians.com\/es\/#organization\"},\"potentialAction\":[{\"@type\":\"SearchAction\",\"target\":{\"@type\":\"EntryPoint\",\"urlTemplate\":\"https:\/\/vincentians.com\/es\/?s={search_term_string}\"},\"query-input\":{\"@type\":\"PropertyValueSpecification\",\"valueRequired\":true,\"valueName\":\"search_term_string\"}}],\"inLanguage\":\"es\"},{\"@type\":\"Organization\",\"@id\":\"https:\/\/vincentians.com\/es\/#organization\",\"name\":\"The Vincentian Network\",\"url\":\"https:\/\/vincentians.com\/es\/\",\"logo\":{\"@type\":\"ImageObject\",\"inLanguage\":\"es\",\"@id\":\"https:\/\/vincentians.com\/es\/#\/schema\/logo\/image\/\",\"url\":\"https:\/\/i1.wp.com\/vincentians.com\/es\/wp-content\/uploads\/sites\/11\/2016\/06\/Vincentian-Network-logo-big.png?fit=778%2C778\",\"contentUrl\":\"https:\/\/i1.wp.com\/vincentians.com\/es\/wp-content\/uploads\/sites\/11\/2016\/06\/Vincentian-Network-logo-big.png?fit=778%2C778\",\"width\":778,\"height\":778,\"caption\":\"The Vincentian Network\"},\"image\":{\"@id\":\"https:\/\/vincentians.com\/es\/#\/schema\/logo\/image\/\"},\"sameAs\":[\"https:\/\/www.facebook.com\/WeAreVincentians\/\",\"https:\/\/x.com\/WeVincentians\"]},{\"@type\":\"Person\",\"@id\":\"https:\/\/vincentians.com\/es\/#\/schema\/person\/7c2670b4445a7ca9d164ea6acdb31859\",\"name\":\"Mitxel Olabu\u00e9naga\",\"image\":{\"@type\":\"ImageObject\",\"inLanguage\":\"es\",\"@id\":\"https:\/\/vincentians.com\/es\/#\/schema\/person\/image\/\",\"url\":\"https:\/\/secure.gravatar.com\/avatar\/34137ec2e2b8939cbbed975731e71f3f4f1defc7266ded337a5ce0f925426877?s=96&d=mm&r=g\",\"contentUrl\":\"https:\/\/secure.gravatar.com\/avatar\/34137ec2e2b8939cbbed975731e71f3f4f1defc7266ded337a5ce0f925426877?s=96&d=mm&r=g\",\"caption\":\"Mitxel Olabu\u00e9naga\"},\"url\":\"http:\/\/vincentians.com\/es\/author\/mitxel\/\"}]}<\/script>\n<!-- \/ Yoast SEO plugin. -->","yoast_head_json":{"title":"Vicente de Pa\u00fal y la Misi\u00f3n (XXII) - Somos Vicencianos","robots":{"index":"index","follow":"follow","max-snippet":"max-snippet:-1","max-image-preview":"max-image-preview:large","max-video-preview":"max-video-preview:-1"},"canonical":"http:\/\/vincentians.com\/es\/vicente-de-paul-y-la-mision-xxii\/","og_locale":"es_ES","og_type":"article","og_title":"Vicente de Pa\u00fal y la Misi\u00f3n (XXII) - Somos Vicencianos","og_description":"Los POBRES: A ELLOS SE DIRIGE LA MISI\u00d3N Una vez sentada la identificaci\u00f3n del pobre con Cris\u00adto, no resulta dif\u00edcil comprender que la misi\u00f3n, tal como la entiende Vicente de Pa\u00fal, se dirige al pobre, ... Read More","og_url":"http:\/\/vincentians.com\/es\/vicente-de-paul-y-la-mision-xxii\/","og_site_name":"Somos Vicencianos","article_publisher":"https:\/\/www.facebook.com\/WeAreVincentians\/","article_published_time":"2025-07-08T06:20:49+00:00","og_image":[{"width":1200,"height":799,"url":"https:\/\/i0.wp.com\/vincentians.com\/es\/wp-content\/uploads\/sites\/11\/2013\/05\/d.jpg?fit=1200%2C799","type":"image\/jpeg"}],"author":"Mitxel Olabu\u00e9naga","twitter_card":"summary_large_image","twitter_creator":"@WeVincentians","twitter_site":"@WeVincentians","twitter_misc":{"Escrito por":"Mitxel Olabu\u00e9naga","Tiempo de lectura":"15 minutos"},"schema":{"@context":"https:\/\/schema.org","@graph":[{"@type":"Article","@id":"http:\/\/vincentians.com\/es\/vicente-de-paul-y-la-mision-xxii\/#article","isPartOf":{"@id":"http:\/\/vincentians.com\/es\/vicente-de-paul-y-la-mision-xxii\/"},"author":{"name":"Mitxel Olabu\u00e9naga","@id":"https:\/\/vincentians.com\/es\/#\/schema\/person\/7c2670b4445a7ca9d164ea6acdb31859"},"headline":"Vicente de Pa\u00fal y la Misi\u00f3n (XXII)","datePublished":"2025-07-08T06:20:49+00:00","mainEntityOfPage":{"@id":"http:\/\/vincentians.com\/es\/vicente-de-paul-y-la-mision-xxii\/"},"wordCount":3423,"commentCount":0,"publisher":{"@id":"https:\/\/vincentians.com\/es\/#organization"},"image":{"@id":"http:\/\/vincentians.com\/es\/vicente-de-paul-y-la-mision-xxii\/#primaryimage"},"thumbnailUrl":"https:\/\/i0.wp.com\/vincentians.com\/es\/wp-content\/uploads\/sites\/11\/2013\/05\/d.jpg?fit=1200%2C799","articleSection":["Formaci\u00f3n Vicenciana"],"inLanguage":"es","potentialAction":[{"@type":"CommentAction","name":"Comment","target":["http:\/\/vincentians.com\/es\/vicente-de-paul-y-la-mision-xxii\/#respond"]}]},{"@type":"WebPage","@id":"http:\/\/vincentians.com\/es\/vicente-de-paul-y-la-mision-xxii\/","url":"http:\/\/vincentians.com\/es\/vicente-de-paul-y-la-mision-xxii\/","name":"Vicente de Pa\u00fal y la Misi\u00f3n (XXII) - Somos Vicencianos","isPartOf":{"@id":"https:\/\/vincentians.com\/es\/#website"},"primaryImageOfPage":{"@id":"http:\/\/vincentians.com\/es\/vicente-de-paul-y-la-mision-xxii\/#primaryimage"},"image":{"@id":"http:\/\/vincentians.com\/es\/vicente-de-paul-y-la-mision-xxii\/#primaryimage"},"thumbnailUrl":"https:\/\/i0.wp.com\/vincentians.com\/es\/wp-content\/uploads\/sites\/11\/2013\/05\/d.jpg?fit=1200%2C799","datePublished":"2025-07-08T06:20:49+00:00","breadcrumb":{"@id":"http:\/\/vincentians.com\/es\/vicente-de-paul-y-la-mision-xxii\/#breadcrumb"},"inLanguage":"es","potentialAction":[{"@type":"ReadAction","target":["http:\/\/vincentians.com\/es\/vicente-de-paul-y-la-mision-xxii\/"]}]},{"@type":"ImageObject","inLanguage":"es","@id":"http:\/\/vincentians.com\/es\/vicente-de-paul-y-la-mision-xxii\/#primaryimage","url":"https:\/\/i0.wp.com\/vincentians.com\/es\/wp-content\/uploads\/sites\/11\/2013\/05\/d.jpg?fit=1200%2C799","contentUrl":"https:\/\/i0.wp.com\/vincentians.com\/es\/wp-content\/uploads\/sites\/11\/2013\/05\/d.jpg?fit=1200%2C799","width":1200,"height":799,"caption":"- 49 TAB. On ignore actuellement l\u2019auteurs et la date de ce tableau. L\u2019origine est probablement espagnole vue la forme des cornettes et sans doute du 19e si\u00e8cle. Il a \u00e9t\u00e9 enregistr\u00e9 \u00e0 partir d\u2019une reproduction conserv\u00e9e aux Archives de la Congr\u00e9gation \u00e0 Paris."},{"@type":"BreadcrumbList","@id":"http:\/\/vincentians.com\/es\/vicente-de-paul-y-la-mision-xxii\/#breadcrumb","itemListElement":[{"@type":"ListItem","position":1,"name":"Portada","item":"https:\/\/vincentians.com\/es\/"},{"@type":"ListItem","position":2,"name":"Vicente de Pa\u00fal y la Misi\u00f3n (XXII)"}]},{"@type":"WebSite","@id":"https:\/\/vincentians.com\/es\/#website","url":"https:\/\/vincentians.com\/es\/","name":"Somos Vicencianos","description":"Know more to serve more","publisher":{"@id":"https:\/\/vincentians.com\/es\/#organization"},"potentialAction":[{"@type":"SearchAction","target":{"@type":"EntryPoint","urlTemplate":"https:\/\/vincentians.com\/es\/?s={search_term_string}"},"query-input":{"@type":"PropertyValueSpecification","valueRequired":true,"valueName":"search_term_string"}}],"inLanguage":"es"},{"@type":"Organization","@id":"https:\/\/vincentians.com\/es\/#organization","name":"The Vincentian Network","url":"https:\/\/vincentians.com\/es\/","logo":{"@type":"ImageObject","inLanguage":"es","@id":"https:\/\/vincentians.com\/es\/#\/schema\/logo\/image\/","url":"https:\/\/i1.wp.com\/vincentians.com\/es\/wp-content\/uploads\/sites\/11\/2016\/06\/Vincentian-Network-logo-big.png?fit=778%2C778","contentUrl":"https:\/\/i1.wp.com\/vincentians.com\/es\/wp-content\/uploads\/sites\/11\/2016\/06\/Vincentian-Network-logo-big.png?fit=778%2C778","width":778,"height":778,"caption":"The Vincentian Network"},"image":{"@id":"https:\/\/vincentians.com\/es\/#\/schema\/logo\/image\/"},"sameAs":["https:\/\/www.facebook.com\/WeAreVincentians\/","https:\/\/x.com\/WeVincentians"]},{"@type":"Person","@id":"https:\/\/vincentians.com\/es\/#\/schema\/person\/7c2670b4445a7ca9d164ea6acdb31859","name":"Mitxel Olabu\u00e9naga","image":{"@type":"ImageObject","inLanguage":"es","@id":"https:\/\/vincentians.com\/es\/#\/schema\/person\/image\/","url":"https:\/\/secure.gravatar.com\/avatar\/34137ec2e2b8939cbbed975731e71f3f4f1defc7266ded337a5ce0f925426877?s=96&d=mm&r=g","contentUrl":"https:\/\/secure.gravatar.com\/avatar\/34137ec2e2b8939cbbed975731e71f3f4f1defc7266ded337a5ce0f925426877?s=96&d=mm&r=g","caption":"Mitxel Olabu\u00e9naga"},"url":"http:\/\/vincentians.com\/es\/author\/mitxel\/"}]}},"jetpack_publicize_connections":[],"jetpack_featured_media_url":"https:\/\/i0.wp.com\/vincentians.com\/es\/wp-content\/uploads\/sites\/11\/2013\/05\/d.jpg?fit=1200%2C799","jetpack_sharing_enabled":true,"jetpack_shortlink":"https:\/\/wp.me\/p7ETMF-1HAn","jetpack-related-posts":[{"id":117335,"url":"http:\/\/vincentians.com\/es\/evangelizar-siguiendo-a-san-vicente\/","url_meta":{"origin":405875,"position":0},"title":"Evangelizar siguiendo a san Vicente","author":"Francisco Javier Fern\u00e1ndez Chento","date":"14\/11\/2018","format":false,"excerpt":"Una de las opciones en Misiones Populares, tal y como lo hacemos los vicencianos, es el trabajo en equipo, que se compone de Consagrados (Pa\u00fales, Hijas de la Caridad, sacerdotes diocesanos\u2026) y Seglares Vicencianos. No lo hacemos as\u00ed por \"moda\", sino que es una de las urgencias en nuestra sociedad\u2026","rel":"","context":"En \u00abFormaci\u00f3n Vicenciana\u00bb","block_context":{"text":"Formaci\u00f3n Vicenciana","link":"http:\/\/vincentians.com\/es\/category\/formacion-vicenciana\/"},"img":{"alt_text":"","src":"https:\/\/i0.wp.com\/vincentians.com\/es\/wp-content\/uploads\/sites\/11\/2016\/09\/sencillos-como-palomas.jpg?fit=1200%2C630&resize=350%2C200","width":350,"height":200,"srcset":"https:\/\/i0.wp.com\/vincentians.com\/es\/wp-content\/uploads\/sites\/11\/2016\/09\/sencillos-como-palomas.jpg?fit=1200%2C630&resize=350%2C200 1x, https:\/\/i0.wp.com\/vincentians.com\/es\/wp-content\/uploads\/sites\/11\/2016\/09\/sencillos-como-palomas.jpg?fit=1200%2C630&resize=525%2C300 1.5x, https:\/\/i0.wp.com\/vincentians.com\/es\/wp-content\/uploads\/sites\/11\/2016\/09\/sencillos-como-palomas.jpg?fit=1200%2C630&resize=700%2C400 2x, https:\/\/i0.wp.com\/vincentians.com\/es\/wp-content\/uploads\/sites\/11\/2016\/09\/sencillos-como-palomas.jpg?fit=1200%2C630&resize=1050%2C600 3x"},"classes":[]},{"id":398638,"url":"http:\/\/vincentians.com\/es\/aportacion-del-carisma-vicenciano-la-mision-la-iglesia-2\/","url_meta":{"origin":405875,"position":1},"title":"Aportaci\u00f3n del carisma vicenciano a la Misi\u00f3n de la Iglesia (2)","author":"Francisco Javier Fern\u00e1ndez Chento","date":"05\/08\/2016","format":false,"excerpt":"2.- La vida cristiana a partir de la Teolog\u00eda de la Misi\u00f3n: continuadores de la Misi\u00f3n del Hijo. Acabo de hacer referencia a la teolog\u00eda de la Misi\u00f3n como punto de partida para las nuevas formas de vida en la Iglesia de las que la Congregaci\u00f3n de la Misi\u00f3n y\u2026","rel":"","context":"En \u00abFormaci\u00f3n Vicenciana\u00bb","block_context":{"text":"Formaci\u00f3n Vicenciana","link":"http:\/\/vincentians.com\/es\/category\/formacion-vicenciana\/"},"img":{"alt_text":"","src":"https:\/\/i0.wp.com\/vincentians.com\/es\/wp-content\/uploads\/sites\/11\/2016\/06\/contributions-charism.jpg?fit=1200%2C630&resize=350%2C200","width":350,"height":200,"srcset":"https:\/\/i0.wp.com\/vincentians.com\/es\/wp-content\/uploads\/sites\/11\/2016\/06\/contributions-charism.jpg?fit=1200%2C630&resize=350%2C200 1x, https:\/\/i0.wp.com\/vincentians.com\/es\/wp-content\/uploads\/sites\/11\/2016\/06\/contributions-charism.jpg?fit=1200%2C630&resize=525%2C300 1.5x, https:\/\/i0.wp.com\/vincentians.com\/es\/wp-content\/uploads\/sites\/11\/2016\/06\/contributions-charism.jpg?fit=1200%2C630&resize=700%2C400 2x, https:\/\/i0.wp.com\/vincentians.com\/es\/wp-content\/uploads\/sites\/11\/2016\/06\/contributions-charism.jpg?fit=1200%2C630&resize=1050%2C600 3x"},"classes":[]},{"id":130675,"url":"http:\/\/vincentians.com\/es\/el-cristo-de-vicente-de-paul-i\/","url_meta":{"origin":405875,"position":2},"title":"El Cristo de Vicente de Pa\u00fal (I)","author":"Francisco Javier Fern\u00e1ndez Chento","date":"12\/06\/2014","format":false,"excerpt":"Caminemos con confianza por este camino real en el que Jesucristo ser\u00e1 nuestro mentor y nuestro gu\u00eda. (Abelly, BI, 248). En la producci\u00f3n teol\u00f3gica reciente existe una corriente s\u00f3lida que destaca la importancia de los santos como fuente de teolog\u00eda'. Esta corriente se\u00f1ala con fuerza que los santos liberan a\u2026","rel":"","context":"En \u00abFormaci\u00f3n Vicenciana\u00bb","block_context":{"text":"Formaci\u00f3n Vicenciana","link":"http:\/\/vincentians.com\/es\/category\/formacion-vicenciana\/"},"img":{"alt_text":"dibujo-diaconado","src":"https:\/\/i0.wp.com\/vicencianos.org\/wp-content\/2013\/11\/dibujo-diaconado.jpg?resize=350%2C200","width":350,"height":200},"classes":[]},{"id":399992,"url":"http:\/\/vincentians.com\/es\/carisma-vicenciano-la-nueva-evangelizacion-algunas-claves-vicencianas-la-evangelizacion-actual\/","url_meta":{"origin":405875,"position":3},"title":"El Carisma Vicenciano y la Nueva Evangelizaci\u00f3n: algunas claves vicencianas para la evangelizaci\u00f3n actual","author":"Francisco Javier Fern\u00e1ndez Chento","date":"16\/09\/2016","format":false,"excerpt":"Punto de partida: Confrontaci\u00f3n entre el Ser y el Quehacer Con frecuencia, en nuestros encuentros, convivencias, reuniones, asambleas... nos planteamos dos cuestiones relativas al ser y al quehacer vicencianos. Partimos de dos percepciones: por un lado, todos estamos de acuerdo en que el carisma, el ser, la identidad, el sello\u2026","rel":"","context":"En \u00abFormaci\u00f3n Vicenciana\u00bb","block_context":{"text":"Formaci\u00f3n Vicenciana","link":"http:\/\/vincentians.com\/es\/category\/formacion-vicenciana\/"},"img":{"alt_text":"","src":"https:\/\/i0.wp.com\/vincentians.com\/es\/wp-content\/uploads\/sites\/11\/2016\/09\/enviados-evangelizar-pobres.jpg?fit=1200%2C630&resize=350%2C200","width":350,"height":200,"srcset":"https:\/\/i0.wp.com\/vincentians.com\/es\/wp-content\/uploads\/sites\/11\/2016\/09\/enviados-evangelizar-pobres.jpg?fit=1200%2C630&resize=350%2C200 1x, https:\/\/i0.wp.com\/vincentians.com\/es\/wp-content\/uploads\/sites\/11\/2016\/09\/enviados-evangelizar-pobres.jpg?fit=1200%2C630&resize=525%2C300 1.5x, https:\/\/i0.wp.com\/vincentians.com\/es\/wp-content\/uploads\/sites\/11\/2016\/09\/enviados-evangelizar-pobres.jpg?fit=1200%2C630&resize=700%2C400 2x, https:\/\/i0.wp.com\/vincentians.com\/es\/wp-content\/uploads\/sites\/11\/2016\/09\/enviados-evangelizar-pobres.jpg?fit=1200%2C630&resize=1050%2C600 3x"},"classes":[]},{"id":140029,"url":"http:\/\/vincentians.com\/es\/aportes-vicencianos-a-la-nueva-evangelizacion-2\/","url_meta":{"origin":405875,"position":4},"title":"Aportes vicencianos a la Nueva Evangelizaci\u00f3n","author":"Francisco Javier Fern\u00e1ndez Chento","date":"19\/02\/2015","format":false,"excerpt":"Convocados por el Superior General, P. Gregory G. Gay, los misioneros de la Congregaci\u00f3n de la Misi\u00f3n celebrar\u00e1n su 42\u00aa Asamblea General, del 27 de junio al 15 de julio de 2016. El lema de la Asamblea se centra en la entra\u00f1a evangelizadora de nuestro ser y quehacer: \u201cDej\u00e9monos renovar\u2026","rel":"","context":"En \u00abEspiritualidad vicenciana\u00bb","block_context":{"text":"Espiritualidad vicenciana","link":"http:\/\/vincentians.com\/es\/category\/espiritualidad\/espiritualidad-vicenciana\/"},"img":{"alt_text":"OLYMPUS DIGITAL CAMERA","src":"https:\/\/i0.wp.com\/vicencianos.org\/wp-content\/2015\/02\/nueva-evangelizacion1-300x225.jpg?resize=350%2C200","width":350,"height":200},"classes":[]},{"id":386892,"url":"http:\/\/vincentians.com\/es\/volver-a-jesus-para-evangelizar\/","url_meta":{"origin":405875,"position":5},"title":"Volver a Jes\u00fas para evangelizar","author":"Francisco Javier Fern\u00e1ndez Chento","date":"25\/01\/2016","format":false,"excerpt":"Me alegra inmensamente que la pr\u00f3xima Asamblea de la Congregaci\u00f3n de la Misi\u00f3n tenga como tema de reflexi\u00f3n y motivaci\u00f3n un asunto que tiene que ver con su identidad apost\u00f3lica: la Nueva Evangelizaci\u00f3n. Conviene, sin embargo, recordar que la evangelizaci\u00f3n tiene un gran supuesto: la contemplaci\u00f3n de Cristo enviado por\u2026","rel":"","context":"En \u00abFormaci\u00f3n Vicenciana\u00bb","block_context":{"text":"Formaci\u00f3n Vicenciana","link":"http:\/\/vincentians.com\/es\/category\/formacion-vicenciana\/"},"img":{"alt_text":"hora de evangelizar","src":"https:\/\/i0.wp.com\/vicencianos.org\/wp-content\/uploads\/2016\/01\/hora-de-evangelizar-300x283.jpg?resize=350%2C200","width":350,"height":200},"classes":[]}],"_links":{"self":[{"href":"http:\/\/vincentians.com\/es\/wp-json\/wp\/v2\/posts\/405875","targetHints":{"allow":["GET"]}}],"collection":[{"href":"http:\/\/vincentians.com\/es\/wp-json\/wp\/v2\/posts"}],"about":[{"href":"http:\/\/vincentians.com\/es\/wp-json\/wp\/v2\/types\/post"}],"author":[{"embeddable":true,"href":"http:\/\/vincentians.com\/es\/wp-json\/wp\/v2\/users\/5"}],"replies":[{"embeddable":true,"href":"http:\/\/vincentians.com\/es\/wp-json\/wp\/v2\/comments?post=405875"}],"version-history":[{"count":1,"href":"http:\/\/vincentians.com\/es\/wp-json\/wp\/v2\/posts\/405875\/revisions"}],"predecessor-version":[{"id":405876,"href":"http:\/\/vincentians.com\/es\/wp-json\/wp\/v2\/posts\/405875\/revisions\/405876"}],"wp:featuredmedia":[{"embeddable":true,"href":"http:\/\/vincentians.com\/es\/wp-json\/wp\/v2\/media\/404161"}],"wp:attachment":[{"href":"http:\/\/vincentians.com\/es\/wp-json\/wp\/v2\/media?parent=405875"}],"wp:term":[{"taxonomy":"category","embeddable":true,"href":"http:\/\/vincentians.com\/es\/wp-json\/wp\/v2\/categories?post=405875"},{"taxonomy":"post_tag","embeddable":true,"href":"http:\/\/vincentians.com\/es\/wp-json\/wp\/v2\/tags?post=405875"}],"curies":[{"name":"wp","href":"https:\/\/api.w.org\/{rel}","templated":true}]}}