{"id":405871,"date":"2025-07-04T08:17:10","date_gmt":"2025-07-04T06:17:10","guid":{"rendered":"https:\/\/vincentians.com\/es\/?p=405871"},"modified":"2024-08-22T10:18:06","modified_gmt":"2024-08-22T08:18:06","slug":"vicente-de-paul-y-la-mision-xx","status":"publish","type":"post","link":"http:\/\/vincentians.com\/es\/vicente-de-paul-y-la-mision-xx\/","title":{"rendered":"Vicente de Pa\u00fal y la Misi\u00f3n (XX)"},"content":{"rendered":"<ol start=\"3\">\n<li>EL SERM\u00d3N DE BOSSUET: S\u00cdNTESIS DE LA ECLESIOLOG\u00cdA VICENCIANA<\/li>\n<\/ol>\n<p>San Vicente ha descubierto que el verdadero hombre es el pobre y, por tanto, el verdadero pueblo, el pueblo de Dios, la Iglesia, es el mundo de los pobres. La jerarqu\u00eda no tiene m\u00e1s que una funci\u00f3n de servicio. San Vicente vive de esta intuici\u00f3n, pero ser\u00e1 Bossuet, su disc\u00edpulo, quien d\u00e9 forma a esta intuici\u00f3n.<\/p>\n<p>Desde 1652, a sus 24 a\u00f1os, Bossuet entra en relaci\u00f3n con el se\u00f1or Vicente y bajo su direcci\u00f3n se prepara para recibir las \u00f3rdenes. Forma parte del grupo de sacerdotes de la \u00abConferencia de los martes\u00bb, que se reun\u00eda en torno a san Vicente para reflexionar sobre su vida espiritual y su acci\u00f3n pastoral. Siguiendo el consejo de san Vicente, en vez de quedarse en Par\u00eds y buscar su ascenso, va modestamente a Metz.<\/p>\n<p>En torno a la fiesta de Todos los Santos de 1659, Bossuet redacta el admirable serm\u00f3n sobre \u00abLa eminente dignidad de los pobres\u00bb. Tiene treinta y dos a\u00f1os. Com\u00adpone este serm\u00f3n a petici\u00f3n de san Vicente, que se encuentra en el oto\u00f1o de su vida. Parece la obra del hijo que redacta y expone con claridad el pensamiento, el testamento del padre, pensamiento ampliamente escucha\u00addo, asimilado, madurado y vivido.<\/p>\n<p>\u00abJesucristo ha venido al mundo a restablecer el orden que el orgullo hab\u00eda quebrantado. En el mundo, los ricos ostentan los primeros rangos; en el Reino de Jesu\u00adcristo, la preeminencia corresponde a los pobres, que son los primeros y verdaderos hijos de la Iglesia. En el mundo, los pobres est\u00e1n sometidos a los ricos y los sir\u00adven; en la santa Iglesia, los ricos s\u00f3lo son admitidos a condici\u00f3n de servir a los pobres. En el mundo, todos los privilegios son para los poderosos y para aquellos que les apoyan; en la Iglesia de Jesucristo, las gracias y las bendiciones son para los pobres, y los ricos no tie\u00adnen privilegio alguno a no ser por medio de los pobres. El Salvador quiso fundar la ciudad de los pobres; esta ciudad <em>es <\/em>la Iglesia. Y si me pregunt\u00e1is por qu\u00e9 llamo a la Iglesia la ciudad de los pobres, os dir\u00e9 que la Iglesia, en su primer proyecto, no fue fundada m\u00e1s que para los pobres y que ellos son los verdaderos ciudadanos de esta dichosa ciudad que la Escritura llama ciudad de Dios. Los ricos, no tengo miedo en decirlo, son sopor\u00adtados en esta ciudad por tolerancia y corresponde a los pobres, que llevan la marca del Hijo de Dios, admitir\u00adlos. Para ellos fue enviado el Salvador, a ellos <em>es <\/em>a quie\u00adnes dirige su palabra. As\u00ed pues, es a los pobres a quie\u00adnes pertenece el cielo, que es el Reino de Dios en la eternidad; y es a ellos tambi\u00e9n a quienes pertenece la Iglesia, que es el Reino de Dios en el tiempo.<\/p>\n<p>Venid, ricos, a la Iglesia; la puerta est\u00e1 abierta, pero a condici\u00f3n de que sirv\u00e1is a los pobres. Es por el amor a sus hijos como permite Dios la entrada a los extranje\u00adros. Mirad el milagro de la pobreza. Los ricos, que son los extranjeros, quedan <em>naturalizados <\/em>por el servicio a los pobres.<\/p>\n<p>Ricos de este mundo, aferraos cuanto quer\u00e1is a vuestros t\u00edtulos soberbios; pod\u00e9is llevarlos en el mundo; en la Iglesia de Jesucristo sois solamente los <em>servidores <\/em>de los pobres.<\/p>\n<p>Ricos, suplicad a Dios su misericordia. Buscadla en las manos de los pobres. \u00bfQuer\u00e9is entrar en el Reino? Las puertas, dice Jesucristo, est\u00e1n abiertas si es que os intro\u00adducen los pobres. I gracia, la misericordia, la remisi\u00f3n de los pecados, el Reino mismo est\u00e1 <em>en sus manos; y <\/em>los ricos no pueden entrar en \u00e9l si los pobres no les reciben\u00bb.<\/p>\n<p>Los estudiosos vicencianos no dudan en afirmar que este serm\u00f3n de Bossuet es la s\u00edntesis m\u00e1s lograda de la experiencia de Iglesia que anim\u00f3 la vida y misi\u00f3n de Vicente de Pa\u00fal.<\/p>\n","protected":false},"excerpt":{"rendered":"<p>EL SERM\u00d3N DE BOSSUET: S\u00cdNTESIS DE LA ECLESIOLOG\u00cdA VICENCIANA San Vicente ha descubierto que el verdadero hombre es el pobre y, por tanto, el verdadero pueblo, el pueblo de Dios, la Iglesia, es el mundo &#8230; <a href=\"http:\/\/vincentians.com\/es\/vicente-de-paul-y-la-mision-xx\/\" class=\"more-link\">Read More<\/a><\/p>\n","protected":false},"author":5,"featured_media":404161,"comment_status":"open","ping_status":"open","sticky":false,"template":"","format":"standard","meta":{"jetpack_post_was_ever_published":false,"_jetpack_newsletter_access":"","_jetpack_dont_email_post_to_subs":false,"_jetpack_newsletter_tier_id":0,"_jetpack_memberships_contains_paywalled_content":false,"_jetpack_memberships_contains_paid_content":false,"footnotes":"","jetpack_publicize_message":"","jetpack_publicize_feature_enabled":true,"jetpack_social_post_already_shared":true,"jetpack_social_options":{"image_generator_settings":{"template":"highway","default_image_id":0,"font":"","enabled":false},"version":2}},"categories":[28],"tags":[],"class_list":["post-405871","post","type-post","status-publish","format-standard","has-post-thumbnail","hentry","category-formacion-vicenciana"],"yoast_head":"<!-- This site is optimized with the Yoast SEO plugin v26.3 - https:\/\/yoast.com\/wordpress\/plugins\/seo\/ -->\n<title>Vicente de Pa\u00fal y la Misi\u00f3n (XX) - Somos Vicencianos<\/title>\n<meta name=\"robots\" content=\"index, follow, max-snippet:-1, max-image-preview:large, max-video-preview:-1\" \/>\n<link rel=\"canonical\" href=\"http:\/\/vincentians.com\/es\/vicente-de-paul-y-la-mision-xx\/\" \/>\n<meta property=\"og:locale\" content=\"es_ES\" \/>\n<meta property=\"og:type\" content=\"article\" \/>\n<meta property=\"og:title\" content=\"Vicente de Pa\u00fal y la Misi\u00f3n (XX) - Somos Vicencianos\" \/>\n<meta property=\"og:description\" content=\"EL SERM\u00d3N DE BOSSUET: S\u00cdNTESIS DE LA ECLESIOLOG\u00cdA VICENCIANA San Vicente ha descubierto que el verdadero hombre es el pobre y, por tanto, el verdadero pueblo, el pueblo de Dios, la Iglesia, es el mundo ... Read More\" \/>\n<meta property=\"og:url\" content=\"http:\/\/vincentians.com\/es\/vicente-de-paul-y-la-mision-xx\/\" \/>\n<meta property=\"og:site_name\" content=\"Somos Vicencianos\" \/>\n<meta property=\"article:publisher\" content=\"https:\/\/www.facebook.com\/WeAreVincentians\/\" \/>\n<meta property=\"article:published_time\" content=\"2025-07-04T06:17:10+00:00\" \/>\n<meta property=\"og:image\" content=\"https:\/\/i0.wp.com\/vincentians.com\/es\/wp-content\/uploads\/sites\/11\/2013\/05\/d.jpg?fit=1200%2C799\" \/>\n\t<meta property=\"og:image:width\" content=\"1200\" \/>\n\t<meta property=\"og:image:height\" content=\"799\" \/>\n\t<meta property=\"og:image:type\" content=\"image\/jpeg\" \/>\n<meta name=\"author\" content=\"Mitxel Olabu\u00e9naga\" \/>\n<meta name=\"twitter:card\" content=\"summary_large_image\" \/>\n<meta name=\"twitter:creator\" content=\"@WeVincentians\" \/>\n<meta name=\"twitter:site\" content=\"@WeVincentians\" \/>\n<meta name=\"twitter:label1\" content=\"Escrito por\" \/>\n\t<meta name=\"twitter:data1\" content=\"Mitxel Olabu\u00e9naga\" \/>\n\t<meta name=\"twitter:label2\" content=\"Tiempo de lectura\" \/>\n\t<meta name=\"twitter:data2\" content=\"4 minutos\" \/>\n<script type=\"application\/ld+json\" class=\"yoast-schema-graph\">{\"@context\":\"https:\/\/schema.org\",\"@graph\":[{\"@type\":\"Article\",\"@id\":\"http:\/\/vincentians.com\/es\/vicente-de-paul-y-la-mision-xx\/#article\",\"isPartOf\":{\"@id\":\"http:\/\/vincentians.com\/es\/vicente-de-paul-y-la-mision-xx\/\"},\"author\":{\"name\":\"Mitxel Olabu\u00e9naga\",\"@id\":\"http:\/\/vincentians.com\/es\/#\/schema\/person\/7c2670b4445a7ca9d164ea6acdb31859\"},\"headline\":\"Vicente de Pa\u00fal y la Misi\u00f3n (XX)\",\"datePublished\":\"2025-07-04T06:17:10+00:00\",\"mainEntityOfPage\":{\"@id\":\"http:\/\/vincentians.com\/es\/vicente-de-paul-y-la-mision-xx\/\"},\"wordCount\":703,\"commentCount\":0,\"publisher\":{\"@id\":\"http:\/\/vincentians.com\/es\/#organization\"},\"image\":{\"@id\":\"http:\/\/vincentians.com\/es\/vicente-de-paul-y-la-mision-xx\/#primaryimage\"},\"thumbnailUrl\":\"https:\/\/i0.wp.com\/vincentians.com\/es\/wp-content\/uploads\/sites\/11\/2013\/05\/d.jpg?fit=1200%2C799\",\"articleSection\":[\"Formaci\u00f3n Vicenciana\"],\"inLanguage\":\"es\",\"potentialAction\":[{\"@type\":\"CommentAction\",\"name\":\"Comment\",\"target\":[\"http:\/\/vincentians.com\/es\/vicente-de-paul-y-la-mision-xx\/#respond\"]}]},{\"@type\":\"WebPage\",\"@id\":\"http:\/\/vincentians.com\/es\/vicente-de-paul-y-la-mision-xx\/\",\"url\":\"http:\/\/vincentians.com\/es\/vicente-de-paul-y-la-mision-xx\/\",\"name\":\"Vicente de Pa\u00fal y la Misi\u00f3n (XX) - Somos Vicencianos\",\"isPartOf\":{\"@id\":\"http:\/\/vincentians.com\/es\/#website\"},\"primaryImageOfPage\":{\"@id\":\"http:\/\/vincentians.com\/es\/vicente-de-paul-y-la-mision-xx\/#primaryimage\"},\"image\":{\"@id\":\"http:\/\/vincentians.com\/es\/vicente-de-paul-y-la-mision-xx\/#primaryimage\"},\"thumbnailUrl\":\"https:\/\/i0.wp.com\/vincentians.com\/es\/wp-content\/uploads\/sites\/11\/2013\/05\/d.jpg?fit=1200%2C799\",\"datePublished\":\"2025-07-04T06:17:10+00:00\",\"breadcrumb\":{\"@id\":\"http:\/\/vincentians.com\/es\/vicente-de-paul-y-la-mision-xx\/#breadcrumb\"},\"inLanguage\":\"es\",\"potentialAction\":[{\"@type\":\"ReadAction\",\"target\":[\"http:\/\/vincentians.com\/es\/vicente-de-paul-y-la-mision-xx\/\"]}]},{\"@type\":\"ImageObject\",\"inLanguage\":\"es\",\"@id\":\"http:\/\/vincentians.com\/es\/vicente-de-paul-y-la-mision-xx\/#primaryimage\",\"url\":\"https:\/\/i0.wp.com\/vincentians.com\/es\/wp-content\/uploads\/sites\/11\/2013\/05\/d.jpg?fit=1200%2C799\",\"contentUrl\":\"https:\/\/i0.wp.com\/vincentians.com\/es\/wp-content\/uploads\/sites\/11\/2013\/05\/d.jpg?fit=1200%2C799\",\"width\":1200,\"height\":799,\"caption\":\"- 49 TAB. On ignore actuellement l\u2019auteurs et la date de ce tableau. L\u2019origine est probablement espagnole vue la forme des cornettes et sans doute du 19e si\u00e8cle. Il a \u00e9t\u00e9 enregistr\u00e9 \u00e0 partir d\u2019une reproduction conserv\u00e9e aux Archives de la Congr\u00e9gation \u00e0 Paris.\"},{\"@type\":\"BreadcrumbList\",\"@id\":\"http:\/\/vincentians.com\/es\/vicente-de-paul-y-la-mision-xx\/#breadcrumb\",\"itemListElement\":[{\"@type\":\"ListItem\",\"position\":1,\"name\":\"Portada\",\"item\":\"http:\/\/vincentians.com\/es\/\"},{\"@type\":\"ListItem\",\"position\":2,\"name\":\"Vicente de Pa\u00fal y la Misi\u00f3n (XX)\"}]},{\"@type\":\"WebSite\",\"@id\":\"http:\/\/vincentians.com\/es\/#website\",\"url\":\"http:\/\/vincentians.com\/es\/\",\"name\":\"Somos Vicencianos\",\"description\":\"Know more to serve more\",\"publisher\":{\"@id\":\"http:\/\/vincentians.com\/es\/#organization\"},\"potentialAction\":[{\"@type\":\"SearchAction\",\"target\":{\"@type\":\"EntryPoint\",\"urlTemplate\":\"http:\/\/vincentians.com\/es\/?s={search_term_string}\"},\"query-input\":{\"@type\":\"PropertyValueSpecification\",\"valueRequired\":true,\"valueName\":\"search_term_string\"}}],\"inLanguage\":\"es\"},{\"@type\":\"Organization\",\"@id\":\"http:\/\/vincentians.com\/es\/#organization\",\"name\":\"The Vincentian Network\",\"url\":\"http:\/\/vincentians.com\/es\/\",\"logo\":{\"@type\":\"ImageObject\",\"inLanguage\":\"es\",\"@id\":\"http:\/\/vincentians.com\/es\/#\/schema\/logo\/image\/\",\"url\":\"https:\/\/i1.wp.com\/vincentians.com\/es\/wp-content\/uploads\/sites\/11\/2016\/06\/Vincentian-Network-logo-big.png?fit=778%2C778\",\"contentUrl\":\"https:\/\/i1.wp.com\/vincentians.com\/es\/wp-content\/uploads\/sites\/11\/2016\/06\/Vincentian-Network-logo-big.png?fit=778%2C778\",\"width\":778,\"height\":778,\"caption\":\"The Vincentian Network\"},\"image\":{\"@id\":\"http:\/\/vincentians.com\/es\/#\/schema\/logo\/image\/\"},\"sameAs\":[\"https:\/\/www.facebook.com\/WeAreVincentians\/\",\"https:\/\/x.com\/WeVincentians\"]},{\"@type\":\"Person\",\"@id\":\"http:\/\/vincentians.com\/es\/#\/schema\/person\/7c2670b4445a7ca9d164ea6acdb31859\",\"name\":\"Mitxel Olabu\u00e9naga\",\"image\":{\"@type\":\"ImageObject\",\"inLanguage\":\"es\",\"@id\":\"http:\/\/vincentians.com\/es\/#\/schema\/person\/image\/\",\"url\":\"https:\/\/secure.gravatar.com\/avatar\/34137ec2e2b8939cbbed975731e71f3f4f1defc7266ded337a5ce0f925426877?s=96&d=mm&r=g\",\"contentUrl\":\"https:\/\/secure.gravatar.com\/avatar\/34137ec2e2b8939cbbed975731e71f3f4f1defc7266ded337a5ce0f925426877?s=96&d=mm&r=g\",\"caption\":\"Mitxel Olabu\u00e9naga\"},\"url\":\"http:\/\/vincentians.com\/es\/author\/mitxel\/\"}]}<\/script>\n<!-- \/ Yoast SEO plugin. -->","yoast_head_json":{"title":"Vicente de Pa\u00fal y la Misi\u00f3n (XX) - Somos Vicencianos","robots":{"index":"index","follow":"follow","max-snippet":"max-snippet:-1","max-image-preview":"max-image-preview:large","max-video-preview":"max-video-preview:-1"},"canonical":"http:\/\/vincentians.com\/es\/vicente-de-paul-y-la-mision-xx\/","og_locale":"es_ES","og_type":"article","og_title":"Vicente de Pa\u00fal y la Misi\u00f3n (XX) - Somos Vicencianos","og_description":"EL SERM\u00d3N DE BOSSUET: S\u00cdNTESIS DE LA ECLESIOLOG\u00cdA VICENCIANA San Vicente ha descubierto que el verdadero hombre es el pobre y, por tanto, el verdadero pueblo, el pueblo de Dios, la Iglesia, es el mundo ... Read More","og_url":"http:\/\/vincentians.com\/es\/vicente-de-paul-y-la-mision-xx\/","og_site_name":"Somos Vicencianos","article_publisher":"https:\/\/www.facebook.com\/WeAreVincentians\/","article_published_time":"2025-07-04T06:17:10+00:00","og_image":[{"width":1200,"height":799,"url":"https:\/\/i0.wp.com\/vincentians.com\/es\/wp-content\/uploads\/sites\/11\/2013\/05\/d.jpg?fit=1200%2C799","type":"image\/jpeg"}],"author":"Mitxel Olabu\u00e9naga","twitter_card":"summary_large_image","twitter_creator":"@WeVincentians","twitter_site":"@WeVincentians","twitter_misc":{"Escrito por":"Mitxel Olabu\u00e9naga","Tiempo de lectura":"4 minutos"},"schema":{"@context":"https:\/\/schema.org","@graph":[{"@type":"Article","@id":"http:\/\/vincentians.com\/es\/vicente-de-paul-y-la-mision-xx\/#article","isPartOf":{"@id":"http:\/\/vincentians.com\/es\/vicente-de-paul-y-la-mision-xx\/"},"author":{"name":"Mitxel Olabu\u00e9naga","@id":"http:\/\/vincentians.com\/es\/#\/schema\/person\/7c2670b4445a7ca9d164ea6acdb31859"},"headline":"Vicente de Pa\u00fal y la Misi\u00f3n (XX)","datePublished":"2025-07-04T06:17:10+00:00","mainEntityOfPage":{"@id":"http:\/\/vincentians.com\/es\/vicente-de-paul-y-la-mision-xx\/"},"wordCount":703,"commentCount":0,"publisher":{"@id":"http:\/\/vincentians.com\/es\/#organization"},"image":{"@id":"http:\/\/vincentians.com\/es\/vicente-de-paul-y-la-mision-xx\/#primaryimage"},"thumbnailUrl":"https:\/\/i0.wp.com\/vincentians.com\/es\/wp-content\/uploads\/sites\/11\/2013\/05\/d.jpg?fit=1200%2C799","articleSection":["Formaci\u00f3n Vicenciana"],"inLanguage":"es","potentialAction":[{"@type":"CommentAction","name":"Comment","target":["http:\/\/vincentians.com\/es\/vicente-de-paul-y-la-mision-xx\/#respond"]}]},{"@type":"WebPage","@id":"http:\/\/vincentians.com\/es\/vicente-de-paul-y-la-mision-xx\/","url":"http:\/\/vincentians.com\/es\/vicente-de-paul-y-la-mision-xx\/","name":"Vicente de Pa\u00fal y la Misi\u00f3n (XX) - Somos Vicencianos","isPartOf":{"@id":"http:\/\/vincentians.com\/es\/#website"},"primaryImageOfPage":{"@id":"http:\/\/vincentians.com\/es\/vicente-de-paul-y-la-mision-xx\/#primaryimage"},"image":{"@id":"http:\/\/vincentians.com\/es\/vicente-de-paul-y-la-mision-xx\/#primaryimage"},"thumbnailUrl":"https:\/\/i0.wp.com\/vincentians.com\/es\/wp-content\/uploads\/sites\/11\/2013\/05\/d.jpg?fit=1200%2C799","datePublished":"2025-07-04T06:17:10+00:00","breadcrumb":{"@id":"http:\/\/vincentians.com\/es\/vicente-de-paul-y-la-mision-xx\/#breadcrumb"},"inLanguage":"es","potentialAction":[{"@type":"ReadAction","target":["http:\/\/vincentians.com\/es\/vicente-de-paul-y-la-mision-xx\/"]}]},{"@type":"ImageObject","inLanguage":"es","@id":"http:\/\/vincentians.com\/es\/vicente-de-paul-y-la-mision-xx\/#primaryimage","url":"https:\/\/i0.wp.com\/vincentians.com\/es\/wp-content\/uploads\/sites\/11\/2013\/05\/d.jpg?fit=1200%2C799","contentUrl":"https:\/\/i0.wp.com\/vincentians.com\/es\/wp-content\/uploads\/sites\/11\/2013\/05\/d.jpg?fit=1200%2C799","width":1200,"height":799,"caption":"- 49 TAB. On ignore actuellement l\u2019auteurs et la date de ce tableau. L\u2019origine est probablement espagnole vue la forme des cornettes et sans doute du 19e si\u00e8cle. Il a \u00e9t\u00e9 enregistr\u00e9 \u00e0 partir d\u2019une reproduction conserv\u00e9e aux Archives de la Congr\u00e9gation \u00e0 Paris."},{"@type":"BreadcrumbList","@id":"http:\/\/vincentians.com\/es\/vicente-de-paul-y-la-mision-xx\/#breadcrumb","itemListElement":[{"@type":"ListItem","position":1,"name":"Portada","item":"http:\/\/vincentians.com\/es\/"},{"@type":"ListItem","position":2,"name":"Vicente de Pa\u00fal y la Misi\u00f3n (XX)"}]},{"@type":"WebSite","@id":"http:\/\/vincentians.com\/es\/#website","url":"http:\/\/vincentians.com\/es\/","name":"Somos Vicencianos","description":"Know more to serve more","publisher":{"@id":"http:\/\/vincentians.com\/es\/#organization"},"potentialAction":[{"@type":"SearchAction","target":{"@type":"EntryPoint","urlTemplate":"http:\/\/vincentians.com\/es\/?s={search_term_string}"},"query-input":{"@type":"PropertyValueSpecification","valueRequired":true,"valueName":"search_term_string"}}],"inLanguage":"es"},{"@type":"Organization","@id":"http:\/\/vincentians.com\/es\/#organization","name":"The Vincentian Network","url":"http:\/\/vincentians.com\/es\/","logo":{"@type":"ImageObject","inLanguage":"es","@id":"http:\/\/vincentians.com\/es\/#\/schema\/logo\/image\/","url":"https:\/\/i1.wp.com\/vincentians.com\/es\/wp-content\/uploads\/sites\/11\/2016\/06\/Vincentian-Network-logo-big.png?fit=778%2C778","contentUrl":"https:\/\/i1.wp.com\/vincentians.com\/es\/wp-content\/uploads\/sites\/11\/2016\/06\/Vincentian-Network-logo-big.png?fit=778%2C778","width":778,"height":778,"caption":"The Vincentian Network"},"image":{"@id":"http:\/\/vincentians.com\/es\/#\/schema\/logo\/image\/"},"sameAs":["https:\/\/www.facebook.com\/WeAreVincentians\/","https:\/\/x.com\/WeVincentians"]},{"@type":"Person","@id":"http:\/\/vincentians.com\/es\/#\/schema\/person\/7c2670b4445a7ca9d164ea6acdb31859","name":"Mitxel Olabu\u00e9naga","image":{"@type":"ImageObject","inLanguage":"es","@id":"http:\/\/vincentians.com\/es\/#\/schema\/person\/image\/","url":"https:\/\/secure.gravatar.com\/avatar\/34137ec2e2b8939cbbed975731e71f3f4f1defc7266ded337a5ce0f925426877?s=96&d=mm&r=g","contentUrl":"https:\/\/secure.gravatar.com\/avatar\/34137ec2e2b8939cbbed975731e71f3f4f1defc7266ded337a5ce0f925426877?s=96&d=mm&r=g","caption":"Mitxel Olabu\u00e9naga"},"url":"http:\/\/vincentians.com\/es\/author\/mitxel\/"}]}},"jetpack_publicize_connections":[],"jetpack_featured_media_url":"https:\/\/i0.wp.com\/vincentians.com\/es\/wp-content\/uploads\/sites\/11\/2013\/05\/d.jpg?fit=1200%2C799","jetpack_sharing_enabled":true,"jetpack_shortlink":"https:\/\/wp.me\/p7ETMF-1HAj","jetpack-related-posts":[{"id":131359,"url":"http:\/\/vincentians.com\/es\/el-senor-vicente-evolucion-de-un-santo-ix\/","url_meta":{"origin":405871,"position":0},"title":"El se\u00f1or Vicente, evoluci\u00f3n de un santo (IX)","author":"Francisco Javier Fern\u00e1ndez Chento","date":"04\/10\/2014","format":false,"excerpt":"9. BAJO LA BANDERA DE LA CARIDAD. 1.San L\u00e1zaro.- 2.Ordenandos.- 3.Educaci\u00f3n.- 4.Los Lazaristas en su casa.- 5.El se\u00f1or Vicente, familiar de los grandes: los personajes de su entorno.- 6.Bossuet.- 7.Mujeres: religiosas.- 8.Se\u00f1oras del mundo.- 9.Poderosas protectoras de la Obra vicenciana.- 10.La duquesa de Aiguillon.- 11.La reina de Polonia.- 12.Las Damas\u2026","rel":"","context":"En \u00abVicente de Pa\u00fal\u00bb","block_context":{"text":"Vicente de Pa\u00fal","link":"http:\/\/vincentians.com\/es\/category\/la-familia-vicenciana\/fundadores\/vicente-de-paul\/"},"img":{"alt_text":"coraz\u00f3n","src":"https:\/\/i0.wp.com\/vicencianos.org\/wp-content\/2014\/03\/coraz%C3%B3n.jpg?resize=350%2C200","width":350,"height":200},"classes":[]},{"id":398641,"url":"http:\/\/vincentians.com\/es\/aportacion-del-carisma-vicenciano-la-mision-la-iglesia-4\/","url_meta":{"origin":405871,"position":1},"title":"Aportaci\u00f3n del carisma vicenciano a la Misi\u00f3n de la Iglesia (4)","author":"Francisco Javier Fern\u00e1ndez Chento","date":"07\/08\/2016","format":false,"excerpt":"4.- La salvaci\u00f3n de los pobres en el centro de la Misi\u00f3n de la Iglesia. San Vicente de Pa\u00fal y Santa Luisa de Marillac compartieron la misma experiencia: los pobres son los miembros de Cristo y, por tanto, de la Iglesia. En la Iglesia, Cuerpo de Cristo, los pobres ocupan\u2026","rel":"","context":"En \u00abFormaci\u00f3n Vicenciana\u00bb","block_context":{"text":"Formaci\u00f3n Vicenciana","link":"http:\/\/vincentians.com\/es\/category\/formacion-vicenciana\/"},"img":{"alt_text":"","src":"https:\/\/i0.wp.com\/vincentians.com\/es\/wp-content\/uploads\/sites\/11\/2016\/06\/contributions-charism.jpg?fit=1200%2C630&resize=350%2C200","width":350,"height":200,"srcset":"https:\/\/i0.wp.com\/vincentians.com\/es\/wp-content\/uploads\/sites\/11\/2016\/06\/contributions-charism.jpg?fit=1200%2C630&resize=350%2C200 1x, https:\/\/i0.wp.com\/vincentians.com\/es\/wp-content\/uploads\/sites\/11\/2016\/06\/contributions-charism.jpg?fit=1200%2C630&resize=525%2C300 1.5x, https:\/\/i0.wp.com\/vincentians.com\/es\/wp-content\/uploads\/sites\/11\/2016\/06\/contributions-charism.jpg?fit=1200%2C630&resize=700%2C400 2x, https:\/\/i0.wp.com\/vincentians.com\/es\/wp-content\/uploads\/sites\/11\/2016\/06\/contributions-charism.jpg?fit=1200%2C630&resize=1050%2C600 3x"},"classes":[]},{"id":118401,"url":"http:\/\/vincentians.com\/es\/el-puro-amor-en-san-vicente-y-santa-luisa\/","url_meta":{"origin":405871,"position":2},"title":"El &quot;puro amor&quot; en san Vicente y santa Luisa","author":"Francisco Javier Fern\u00e1ndez Chento","date":"21\/10\/2021","format":false,"excerpt":"Introducci\u00f3n hist\u00f3rica No es f\u00e1cil saber de qui\u00e9n hab\u00edan tomado esta doctrina y este t\u00e9rmino el se\u00f1or Vicente y la se\u00f1orita Legras, Luisa de Marillac. Muchos autores de su \u00e9poca hab\u00edan publicado libros en los que aparec\u00eda esta doctrina del amor desinteresado de Dios, pero sin duda el t\u00e9rmino proced\u00eda\u2026","rel":"","context":"En \u00abFormaci\u00f3n Vicenciana\u00bb","block_context":{"text":"Formaci\u00f3n Vicenciana","link":"http:\/\/vincentians.com\/es\/category\/formacion-vicenciana\/"},"img":{"alt_text":"","src":"https:\/\/i0.wp.com\/vincentians.com\/es\/wp-content\/uploads\/sites\/11\/2014\/12\/humility-daughter-of-charity.jpg?fit=1200%2C630&resize=350%2C200","width":350,"height":200,"srcset":"https:\/\/i0.wp.com\/vincentians.com\/es\/wp-content\/uploads\/sites\/11\/2014\/12\/humility-daughter-of-charity.jpg?fit=1200%2C630&resize=350%2C200 1x, https:\/\/i0.wp.com\/vincentians.com\/es\/wp-content\/uploads\/sites\/11\/2014\/12\/humility-daughter-of-charity.jpg?fit=1200%2C630&resize=525%2C300 1.5x, https:\/\/i0.wp.com\/vincentians.com\/es\/wp-content\/uploads\/sites\/11\/2014\/12\/humility-daughter-of-charity.jpg?fit=1200%2C630&resize=700%2C400 2x, https:\/\/i0.wp.com\/vincentians.com\/es\/wp-content\/uploads\/sites\/11\/2014\/12\/humility-daughter-of-charity.jpg?fit=1200%2C630&resize=1050%2C600 3x"},"classes":[]},{"id":119883,"url":"http:\/\/vincentians.com\/es\/identificacion-de-jesucristo-con-el-pobre-epilogo-y-bibliografia\/","url_meta":{"origin":405871,"position":3},"title":"Identificaci\u00f3n de Jesucristo con el pobre. Ep\u00edlogo y Bibliograf\u00eda","author":"Francisco Javier Fern\u00e1ndez Chento","date":"17\/02\/2015","format":false,"excerpt":"Ep\u00edlogo Estos breves cap\u00edtulos habr\u00e1n bastado a demostrar c\u00f3mo San Vicente comprendi\u00f3 la verdad m\u00edstica de la identifica\u00adci\u00f3n de Jes\u00fas con 'los m\u00e1s peque\u00f1os'. Hemos visto primeramente la orientaci\u00f3n marcada de la espiritualidad del Santo hacia la persona de Jesucristo, tendencia propia de la escuela francesa de su tiempo. Despu\u00e9s\u2026","rel":"","context":"En \u00abFormaci\u00f3n Vicenciana\u00bb","block_context":{"text":"Formaci\u00f3n Vicenciana","link":"http:\/\/vincentians.com\/es\/category\/formacion-vicenciana\/"},"img":{"alt_text":"","src":"","width":0,"height":0},"classes":[]},{"id":119409,"url":"http:\/\/vincentians.com\/es\/historia-de-una-mirada-sobre-el-pobre\/","url_meta":{"origin":405871,"position":4},"title":"Historia de una mirada sobre el pobre","author":"Francisco Javier Fern\u00e1ndez Chento","date":"29\/11\/2021","format":false,"excerpt":"Introducci\u00f3n En algunos retratos antiguos que se han conservado de San Vicente de Pa\u00fal, como los de Simon Fran\u00e7ois de Tours, de Nicolas Pitau, de Van Schuppen, de Ren\u00e9 Lochon, sin duda, son los ojos lo que m\u00e1s impresiona. Observamos en ellos una gran calidad de atenci\u00f3n y de observaci\u00f3n;\u2026","rel":"","context":"En \u00abFormaci\u00f3n Vicenciana\u00bb","block_context":{"text":"Formaci\u00f3n Vicenciana","link":"http:\/\/vincentians.com\/es\/category\/formacion-vicenciana\/"},"img":{"alt_text":"","src":"https:\/\/i0.wp.com\/vincentians.com\/es\/wp-content\/uploads\/sites\/11\/2016\/09\/ojos-jesucristo.jpg?fit=1200%2C630&resize=350%2C200","width":350,"height":200,"srcset":"https:\/\/i0.wp.com\/vincentians.com\/es\/wp-content\/uploads\/sites\/11\/2016\/09\/ojos-jesucristo.jpg?fit=1200%2C630&resize=350%2C200 1x, https:\/\/i0.wp.com\/vincentians.com\/es\/wp-content\/uploads\/sites\/11\/2016\/09\/ojos-jesucristo.jpg?fit=1200%2C630&resize=525%2C300 1.5x, https:\/\/i0.wp.com\/vincentians.com\/es\/wp-content\/uploads\/sites\/11\/2016\/09\/ojos-jesucristo.jpg?fit=1200%2C630&resize=700%2C400 2x, https:\/\/i0.wp.com\/vincentians.com\/es\/wp-content\/uploads\/sites\/11\/2016\/09\/ojos-jesucristo.jpg?fit=1200%2C630&resize=1050%2C600 3x"},"classes":[]},{"id":126035,"url":"http:\/\/vincentians.com\/es\/san-vicente-de-paul-siervo-de-los-pobres-10\/","url_meta":{"origin":405871,"position":5},"title":"San Vicente de Pa\u00fal, siervo de los pobres (10)","author":"Francisco Javier Fern\u00e1ndez Chento","date":"05\/12\/2013","format":false,"excerpt":"X. La reforma del clero Las conferencias del martes Para reformar a los eclesi\u00e1sticos y perfeccionarlos en las virtudes sacerdotales, junto con los retiros, las misio\u00adnes los seminarios, Vicente ide\u00f3 las conferencias que, porque se ten\u00edan semanalmente, el martes, se llamaron conferencias del martes. La primera se tuvo el 19\u2026","rel":"","context":"En \u00abVicente de Pa\u00fal\u00bb","block_context":{"text":"Vicente de Pa\u00fal","link":"http:\/\/vincentians.com\/es\/category\/la-familia-vicenciana\/fundadores\/vicente-de-paul\/"},"img":{"alt_text":"","src":"","width":0,"height":0},"classes":[]}],"_links":{"self":[{"href":"http:\/\/vincentians.com\/es\/wp-json\/wp\/v2\/posts\/405871","targetHints":{"allow":["GET"]}}],"collection":[{"href":"http:\/\/vincentians.com\/es\/wp-json\/wp\/v2\/posts"}],"about":[{"href":"http:\/\/vincentians.com\/es\/wp-json\/wp\/v2\/types\/post"}],"author":[{"embeddable":true,"href":"http:\/\/vincentians.com\/es\/wp-json\/wp\/v2\/users\/5"}],"replies":[{"embeddable":true,"href":"http:\/\/vincentians.com\/es\/wp-json\/wp\/v2\/comments?post=405871"}],"version-history":[{"count":1,"href":"http:\/\/vincentians.com\/es\/wp-json\/wp\/v2\/posts\/405871\/revisions"}],"predecessor-version":[{"id":405872,"href":"http:\/\/vincentians.com\/es\/wp-json\/wp\/v2\/posts\/405871\/revisions\/405872"}],"wp:featuredmedia":[{"embeddable":true,"href":"http:\/\/vincentians.com\/es\/wp-json\/wp\/v2\/media\/404161"}],"wp:attachment":[{"href":"http:\/\/vincentians.com\/es\/wp-json\/wp\/v2\/media?parent=405871"}],"wp:term":[{"taxonomy":"category","embeddable":true,"href":"http:\/\/vincentians.com\/es\/wp-json\/wp\/v2\/categories?post=405871"},{"taxonomy":"post_tag","embeddable":true,"href":"http:\/\/vincentians.com\/es\/wp-json\/wp\/v2\/tags?post=405871"}],"curies":[{"name":"wp","href":"https:\/\/api.w.org\/{rel}","templated":true}]}}