{"id":405861,"date":"2025-06-24T08:09:06","date_gmt":"2025-06-24T06:09:06","guid":{"rendered":"https:\/\/vincentians.com\/es\/?p=405861"},"modified":"2024-08-22T10:10:09","modified_gmt":"2024-08-22T08:10:09","slug":"vicente-de-paul-y-la-mision-xv","status":"publish","type":"post","link":"http:\/\/vincentians.com\/es\/vicente-de-paul-y-la-mision-xv\/","title":{"rendered":"Vicente de Pa\u00fal y la Misi\u00f3n (XV)"},"content":{"rendered":"<ol start=\"3\">\n<li>JESUCRISTO, EL MISIONERO DEL PADRE, ES EL EVANGE\u00adLIZADOR DE LOS POBRES<\/li>\n<\/ol>\n<p>Los estudiosos de la espiritualidad vicenciana hablan de un acercamiento selectivo a la persona de Jesucristo de parte de Vicente de Pa\u00fal. Para Vicente de Pa\u00fal, Jesu\u00adcristo es el misionero del Padre, el prototipo de misione\u00adro, que encuentra cada d\u00eda en su ministerio. \u00abY dentro de la misi\u00f3n de Jesucristo, san Vicente se orienta hacia una <em>selecci\u00f3n <\/em>que dinamiza su energ\u00eda y su fe. Sigue a Jesu\u00adcristo, Evangelizador de los Pobres\u00bb.<\/p>\n<p>La mirada de Vicente de Pa\u00fal se centra en el rostro humano de Jes\u00fas que recorre los caminos de Palestina anunciando la Buena Nueva de Dios a los pobres. Sor\u00adprende la cercan\u00eda a la humanidad de Jesucristo que expresan muchas de sus apreciaciones. \u00abCon toda natu\u00adralidad, campesino como es, el se\u00f1or Vicente ve a un Cristo cercano, trabajador, sencillo <em>y <\/em>de contacto f\u00e1cil\u00bb.<\/p>\n<p>Hablando a las Hijas de la Caridad el 28 de noviem\u00adbre de 1649, dibuja Vicente de Pa\u00fal los rasgos de un Cristo trabajador: \u00abQu\u00e9 hizo nuestro Se\u00f1or mientras vivi\u00f3 en la tierra?&#8230; Tuvo el oficio de carpintero; se carg\u00f3 con el cesto y sir\u00advi\u00f3 de jornalero y de alba\u00f1il. Desde la ma\u00f1ana hasta la noche estuvo trabajando en su juventud, continu\u00f3 hasta la muerte&#8230; Lo vemos vivir del trabajo de sus manos y en la ocupaci\u00f3n m\u00e1s baja y penosa&#8230; Y, desde los treinta a\u00f1os hasta su muerte, \u00bfqu\u00e9 es lo que no tra\u00adbaj\u00f3 de d\u00eda y de noche, predicando unas veces en el templo, otras en una aldea, sin descanso, para convertir al mundo y ganar las almas para Dios su Padre? &#8230; Ganarse la vida de esta manera, sin perder tiempo, es gan\u00e1rsela como nuestro Se\u00f1or se la gan\u00f3\u00bb.<\/p>\n<p>Vicente de Pa\u00fal, que presenta tan cercano a Jesucris\u00adto, no se cansa de repetir que el Hijo de Dios vino al mundo para evangelizar a los pobres. Para a\u00f1adir inme\u00addiatamente que los misioneros no hacen m\u00e1s que pro\u00adlongar la misi\u00f3n de Jesucristo en la tierra.<\/p>\n<p>En la conferencia a los misioneros de 29 de octubre de 1638, asegura: \u00abEn esta vocaci\u00f3n vivimos de modo muy conforme nuestro Se\u00f1or Jesucristo que, al parecer, cuando vino este mundo, escogi\u00f3 como principal tarea la de asistir y cuidar a los pobres. <em>Misit me evangelizare pauperibus.Y <\/em>se le pregunta a nuestro Se\u00f1or: \u00bfQu\u00e9 es lo que has veni\u00addo a hacer en la tierra? &#8211; <em>A asistir a los pobres. &#8211; <\/em>\u00bfA algo m\u00e1s? &#8211; <em>A asistir a los pobres, <\/em>etc. En su compa\u00f1\u00eda no ten\u00eda m\u00e1s que a pobres y se deten\u00eda poco en las ciudades, con\u00adversando casi siempre con los aldeanos, e instruy\u00e9ndolos. \u00bfNo nos sentiremos felices nosotros por estar en la Misi\u00f3n con el mismo fin que comprometi\u00f3 a Dios hacerse hombre? Y si se le preguntase a un misionero \u00bfno ser\u00eda para \u00e9l un gran honor decir como nuestro Se\u00f1or: <em>Misit me evangelizare pauperibus? <\/em>Yo estoy aqu\u00ed para catequizar, instruir, confesar, asistir a los pobres\u00bb.<\/p>\n<p>La vocaci\u00f3n de los misioneros es la forma de vida que m\u00e1s y mejor se acerca a la vida de Jesucristo en la tierra. Estos son los argumentos de Vicente de Pa\u00fal en la repe\u00adtici\u00f3n de la oraci\u00f3n del 25 de octubre de 1643: \u00ab\u00bfVerdad que nos sentimos dichosos, hermanos m\u00edos, de expresar al vivo la vocaci\u00f3n de Jesucristo? \u00bfQui\u00e9n manifiesta mejor la forma de vivir que Jesucristo tuvo en la tierra, sino los misioneros?\u00bb.<\/p>\n<p>&#8230; \u00a1Oh! \u00a1Qu\u00e9 felices ser\u00e1n los que puedan decir, en la hora de su muerte, aquellas hermosas palabras de nues\u00adtro Se\u00f1or: <em>Evangelizare pauperibus misit me Dominus! <\/em>Ved, hermanos m\u00edos, c\u00f3mo lo principal para nuestro Se\u00f1or era trabajar por los pobres. Cuando se dirig\u00eda a los otros, lo hac\u00eda como de pasada. \u00a1Pobres de nosotros si somos remisos en cumplir con la obligaci\u00f3n que tenemos de socorrer a las pobres almas! Porque nos hemos entregado a Dios para esto\u00bb.<\/p>\n<p>Y relaciona la fidelidad de Cristo a la voluntad del Padre que le envi\u00f3 con la finalidad para la que vino al mundo, la evangelizaci\u00f3n de los pobres, al tiempo que se\u00f1ala la dicha de los misioneros por ser los invitados a continuar la misma misi\u00f3n: \u00ab\u00a1Qu\u00e9 dicha, padres, hacer siempre y en todas las cosas la voluntad de Dios! \u00bfNo es esto hacer lo que el Hijo de Dios vino a hacer en la tierra, como ya hemos dicho? El Hijo de Dios vino a evangelizar a los pobres; y nos\u00adotros, padres, \u00bfno hemos sido enviados a lo mismo? S\u00ed, los misioneros han sido enviados a evangelizar a los pobres. \u00a1Qu\u00e9 dicha hacer en la tierra lo mismo que hizo nuestro Se\u00f1or, que es ense\u00f1ar el camino del cielo a los pobres!\u00bb.<\/p>\n<p>En la conferencia a los misioneros del 17 de mayo de 1658, Vicente de Pa\u00fal no puede contener su entusiasmo al referirse a la vocaci\u00f3n del misionero como prolongaci\u00f3n de la misi\u00f3n de Jesucristo: \u00abAs\u00ed pues, padres y hermanos m\u00edos, nuestro lote son Ios pobres, los pobres: <em>Pauperibus evangelizare misit me<\/em> \u00a1Qu\u00e9 dicha, padres, qu\u00e9 dicha! \u00a1Hacer aquello por lo que nuestro Se\u00f1or vino del cielo a la tierra, y mediante lo cual nosotros iremos de la tierra al cielo! \u00a1Continua la obra de Dios, que hu\u00eda de las ciudades y se iba al campo en busca de los pobres! &#8230; \u00a1Oh pobres, pero benditas reglas de la Misi\u00f3n, que nos comprometen a servirles, excluyendo a las ciudades! Se trata de algo inaudito. Y ser\u00e1n bienaventurados los que las observen, ya que conformar\u00e1n toda su vida y todas sus acciones con las del Hijo de Dios. \u00a1Dios m\u00edo, qu\u00e9 motivos tiene compa\u00f1\u00eda en esto para observar bien las reglas: hacer lo que el Hijo de Dios vino a hacer al mundo! Que haya una compa\u00f1\u00eda, y que \u00e9sta sea la de la Misi\u00f3n, compuesta de pobres gentes, hecha especialmente para eso yendo de ac\u00e1 para all\u00e1 por las aldeas y villorrios, dejando las ciudades, como nunca se hab\u00eda hecho, yendo anunciar el evangelio solamente a los pobres!\u00bb.<\/p>\n<p>Sin duda ninguna, es en la conferencia del 6 de diciembre de 1658, al explicar la finalidad de la Congregaci\u00f3n de la Misi\u00f3n, donde con m\u00e1s nitidez expresa Vicente de Pa\u00fal a qu\u00e9 fue enviado Jesucristo, el Misionero del Padre, y a qu\u00e9 est\u00e1 enviado cada uno de los misioneros: \u00abS\u00ed, nuestro Se\u00f1or pide de nosotros que evangelicemos a los pobres: es lo que \u00e9l hizo y lo que quiere seguir haciendo por medio de nosotros. Tenemos muchos motivos para humillarnos en este punto, al ver que el Padre eterno nos destina a lo mismo que destin\u00f3 a su Hijo, que vino a evangelizar a los pobres y que indic\u00f3 esto como se\u00f1al de que era el Hijo de Dios y de que hab\u00eda venido el mes\u00edas que el pueblo esperaba (Lc 4, 18; Mt 16, 26). Tenemos, pues, contra\u00edda una grave obligaci\u00f3n con su bondad infinita, por habernos aso\u00adciado a \u00e9l en esta tarea divina y por habernos escogido entre tantos y tantos otros, m\u00e1s dignos de este honor y m\u00e1s capaces de responder a \u00e9l que nosotros.<\/p>\n<p>No hay en la Iglesia de Dios una compa\u00f1\u00eda que tenga como lote propio a los pobres y que se entregue por com\u00adpleto a los pobres para no predicar nunca en las grandes ciudades; y de esto es de lo que hacen profesi\u00f3n los misio\u00adneros; lo especial suyo es dedicarse, como Jesucristo, a los pobres. Por tanto, nuestra vocaci\u00f3n es una continuaci\u00f3n de la suya o, al menos, puede relacionarse con ella en sus circunstancias. \u00a1Qu\u00e9 felicidad, hermanos m\u00edos! \u00a1Y tam\u00adbi\u00e9n cu\u00e1nta obligaci\u00f3n de aficionarnos a ella!<\/p>\n<p>Dar a conocer a Dios a los pobres, anunciarles a Jesu\u00adcristo, decirles que est\u00e1 cerca el reino de los cielos y que ese reino es para los pobres. \u00a1Qu\u00e9 grande es esto! Y el que hayamos sido llamados para ser compa\u00f1eros y para participar en los planes del Hijo de Dios, <em>es <\/em>algo que supera nuestro entendimiento. \u00a1Qu\u00e9! \u00a1Hacernos&#8230;, no me atrevo a decirlo&#8230;, s\u00ed: evangelizar a los pobres <em>es <\/em>un oficio tan alto que es, por excelencia, el oficio del Hijo de Dios! Y a nosotros se nos dedica a ello como instru\u00admentos por los que el Hijo de Dios sigue haciendo desde el cielo lo que hizo en la tierra. \u00a1Qu\u00e9 gran moti\u00advo para alabar a Dios, hermanos m\u00edos, y agradecerle incesantemente esta gracia!\u00bb.<\/p>\n<ol start=\"4\">\n<li>JESUCRISTO SERVIDOR<\/li>\n<\/ol>\n<p>Jesucristo, el Misionero del Padre, el Evangelizado de los pobres, es el Servidor de los pobres. La actitud d Servidor es destacada con fuerza por Vicente de Pa\u00fal en su peculiar comprensi\u00f3n de Cristo.<\/p>\n<p>Jesucristo no se content\u00f3 con predicar a los pobres; les sirvi\u00f3. Este es un convencimiento firme en la experiencia espiritual de san Vicente, a partir sobre todo de los acontecimientos de Ch\u00e1tillon en 1617, que dieron origen a las Cofrad\u00edas de la Caridad.<\/p>\n<p>San Vicente resume toda la vida de Jesucristo en la referencia al Padre y en el servicio a los hermanos. A un sacerdote le escribe record\u00e1ndole que hemos sido llamados \u00abal ministerio m\u00e1s alto que existe en la tierra, por el que tienen que ejercer las dos grandes virtudes de Jesucristo, a saber, la religi\u00f3n para con su Padre y la caridad para con los hombres\u00bb.<\/p>\n<p>San Vicente ha reflexionado ampliamente sobre la escena evang\u00e9lica de san Mateo 25, 31-46: <em>Lo que hicisteis con uno de estos mis hermanos m\u00e1s peque\u00f1os a m\u00ed me lo hicisteis.<\/em><\/p>\n<p>San Vicente recoge esta exhortaci\u00f3n en la conferencia-testamento a los misioneros del 6 de diciembre de 1658 sobre el fin de la Congregaci\u00f3n de La Misi\u00f3n: \u00abSi los sacerdotes se dedican al cuidado de los pobres \u00bfno fue tambi\u00e9n \u00e9ste el oficio de nuestro Se\u00f1or y de muchos grandes santos, que no s\u00f3lo recomendaron el cuidado de los pobres, sino que los consolaron, animaron y cuidaron ellos mismos? \u00bfNo son los pobres los miembros afligidos de nuestro Se\u00f1or? \u00bfNo son herma\u00adnos nuestros? Y si los sacerdotes los abandonan, \u00bfqui\u00e9n quer\u00e9is que les asista? De modo que, si hay algunos entre nosotros que crean que est\u00e1n en la Misi\u00f3n para evangelizar a los pobres y no para cuidarlos, para reme\u00addiar sus necesidades espirituales y no las temporales, les dir\u00e9 que tenemos que asistirles <em>y <\/em>hacer que les asistan de todas las maneras, nosotros y los dem\u00e1s, si queremos o\u00edr esas agradables palabras del soberano Juez de vivos y de muertos: <em>Venid, benditos de mi Padre; poseed el reino que os est\u00e1 preparado, porque tuve hambre y me dis\u00adteis de comer; estaba desnudo y me vestisteis; enfermo y me cuidasteis. <\/em>Hacer esto es evangelizar de palabra <em>y <\/em>de obra; es lo m\u00e1s perfecto; y es lo que nuestro Se\u00f1or prac\u00adtic\u00f3 y tienen que practicar los que lo representan en la tierra, por su cargo y por su car\u00e1cter, como son los sacerdotes\u00bb.<\/p>\n<p>San Vicente no duda en llamar a los pobres con t\u00e9r\u00adminos como: maestros, amos, se\u00f1ores, para indicar la actitud de servicio propia de quienes en la tierra tienen como misi\u00f3n continuar la misi\u00f3n de Jesucristo.<\/p>\n<p>\u00abNuestros se\u00f1ores los pobres\u00bb, es la expresi\u00f3n utiliza\u00adda en la conferencia de 19 de julio de 1940 a las Hijas de la Caridad.<\/p>\n<p>Y dirigi\u00e9ndose tambi\u00e9n a las hermanas, explica m\u00e1s ampliamente el sentido de esta expresi\u00f3n en la conferen\u00adcia del 11 de noviembre de 1657: \u00abExiste cierta compa\u00f1\u00eda, cuyo nombre no me viene ahora a la memoria, que llama a los pobres <em>nuestros <\/em><em>se\u00f1ores y nuestros amos; <\/em>y tienen raz\u00f3n, pues ellos son los grandes se\u00f1ores del cielo; a ellos les toca abrir sus puer\u00adtas, como se nos dice en el evangelio.<\/p>\n<p>As\u00ed pues, esto es lo que os obliga a servirles con respe\u00adto, como a vuestros amos, y con devoci\u00f3n, porque representan para vosotras a la persona de Nuestro Se\u00f1or, que ha dicho: <em>Lo que hag\u00e1is al m\u00e1s peque\u00f1o de los m\u00edos, lo considerar\u00e9 como hecho a m\u00ed mismo. <\/em>Efectiva\u00admente, hijas m\u00edas, Nuestro Se\u00f1or es, junto con ese enfermo, el que recibe el servicio que le hac\u00e9is\u00bb.<\/p>\n<p>San Vicente, reflexionando sobre las actitudes de Cristo, descubre en su amor la explicaci\u00f3n de su entrega y servicio. Cristo es contemplado por Vicente de Pa\u00fal como un abismo de dulzura que le lleva a comportarse como Servidor.<\/p>\n<p>En la conferencia del 13 de diciembre de 1658, hablando a los misioneros sobre los miembros de la Con\u00adgregaci\u00f3n de la Misi\u00f3n y sus ocupaciones, exclama:<\/p>\n<p>\u00ab\u00a1Oh amor, amor de mi Salvador! \u00a1Oh amor, amor! \u00a1T\u00fa eras incomparablemente m\u00e1s grande que cuanto los \u00e1ngeles pudieron comprender y comprender\u00e1n jam\u00e1s!<\/p>\n<p>Sus humillaciones no eran m\u00e1s que amor; su trabajo era amor, sus sufrimientos amor, sus oraciones amor, y todas sus operaciones exteriores e interiores no eran m\u00e1s que actos repetidos de su amor. Su amor le dio un gran desprecio del mundo, desprecio del esp\u00edritu del mundo, desprecio de los bienes, desprecio de los place\u00adres y desprecio de los honores.<\/p>\n<p>He aqu\u00ed una descripci\u00f3n del esp\u00edritu de nuestro Se\u00f1or, del que hemos de revestirnos, que consiste, en una palabra, en tener siempre una gran estima y un gran amor de Dios\u00bb.<\/p>\n<p>Y en la conferencia a los misioneros del 30 de mayo de 1659, Vicente de Pa\u00fal, con no menor entusiasmo, invita a contemplar el amor de Jesucristo y a revestirse de ese mismo amor que es capaz de entregarse hasta las \u00falti\u00admas consecuencias: \u00abMiremos al Hijo de Dios: \u00a1qu\u00e9 coraz\u00f3n tan caritativo!, \u00a1qu\u00e9 llama de amor! Jes\u00fas m\u00edos, dinos, por favor, qu\u00e9 es lo que te ha sacado del cielo para venir a sufrir la mal\u00addici\u00f3n de la tierra y todas las persecuciones y tormen\u00adtos que has recibido. \u00a1Oh Salvador!, \u00a1Fuente de amor humillado hasta nosotros y hasta un suplicio infame! \u00bfQui\u00e9n ha amado en esto al pr\u00f3jimo m\u00e1s que t\u00fa? Vinis\u00adte a exponerte a todas nuestras miserias, a tomar la forma de pecador, a llevar una vida de sufrimiento y a padecer por nosotros una muerte ignominiosa; \u00bfhay amor semejante? \u00bfQui\u00e9n podr\u00eda amar de una forma tan supereminente? S\u00f3lo nuestro Se\u00f1or ha podido dejarse arrastrar por el amor a las criaturas hasta dejar el trono de su Padre para venir a tomar un cuerpo sujeto a las debilidades. \u00bfY para qu\u00e9? Para establecer entre nosotros por su ejemplo y su palabra la caridad con el pr\u00f3jimo. Este amor fue el que lo crucific\u00f3 y el que hizo esta obra admirable de nuestra redenci\u00f3n. Hermanos m\u00edos, si tuvi\u00e9ramos un poco de ese amor, \u00bfnos quedar\u00edamos con los brazos cruzados? \u00bfDejar\u00edamos morir a todos esos que podr\u00edamos asistir? No, la caridad no puede perma\u00adnecer ociosa, sino que nos mueve a la salvaci\u00f3n y al consuelo de los dem\u00e1s\u00bb.<\/p>\n<p>A las Hijas de la Caridad, en la conferencia del 9 de marzo de 1642 sobre el servicio a los enfermos, les comenta la actitud de servicio de Jesucristo, en quien deben fijarse: \u00ab\u00bfC\u00f3mo serv\u00eda Jesucristo a los pobres? Les serv\u00eda cor\u00adporal y espiritualmente, iba de una parte para otra curaba a los enfermos, y les daba el dinero que ten\u00eda y los instru\u00eda en su salvaci\u00f3n. \u00a1Qu\u00e9 felicidad, hija: m\u00edas, que Dios os haya escogido para continuar e. ejercicio de su Hijo en la tierra: servir a los pobres!\u00bb.<\/p>\n<p>Y, en la conferencia del 9 de febrero de 1653, vuelve a insistir a las hermanas en la necesidad de identificarse con el esp\u00edritu de Cristo Servidor: \u00abHab\u00e9is dejado vuestro pueblo, vuestros parientes y vuestros bienes, \u00bfy para qu\u00e9? para seguir a nuestro Se\u00f1or y sus m\u00e1ximas. Sois hijas suyas y \u00e9l es vuestro Padre; os ha engendrado y os ha dado su esp\u00edritu; e que viese la vida de Jesucristo ver\u00eda sin comparaci\u00f3r algo semejante en la vida de una Hija de la Caridad. \u00bfQu\u00e9 es lo que \u00e9l vino a hacer? Vino a ense\u00f1ar, a ilu\u00adminar. Es lo que vosotras hac\u00e9is. Continu\u00e1is lo que \u00e9l comenz\u00f3; sois hijas suyas y pod\u00e9is decir: &#8216;Soy hija de nuestro Se\u00f1or&#8217;; y ten\u00e9is que pareceros a \u00e9l\u00bb.<\/p>\n","protected":false},"excerpt":{"rendered":"<p>JESUCRISTO, EL MISIONERO DEL PADRE, ES EL EVANGE\u00adLIZADOR DE LOS POBRES Los estudiosos de la espiritualidad vicenciana hablan de un acercamiento selectivo a la persona de Jesucristo de parte de Vicente de Pa\u00fal. Para Vicente &#8230; <a href=\"http:\/\/vincentians.com\/es\/vicente-de-paul-y-la-mision-xv\/\" class=\"more-link\">Read More<\/a><\/p>\n","protected":false},"author":5,"featured_media":404161,"comment_status":"open","ping_status":"open","sticky":false,"template":"","format":"standard","meta":{"jetpack_post_was_ever_published":false,"_jetpack_newsletter_access":"","_jetpack_dont_email_post_to_subs":false,"_jetpack_newsletter_tier_id":0,"_jetpack_memberships_contains_paywalled_content":false,"_jetpack_memberships_contains_paid_content":false,"footnotes":"","jetpack_publicize_message":"","jetpack_publicize_feature_enabled":true,"jetpack_social_post_already_shared":true,"jetpack_social_options":{"image_generator_settings":{"template":"highway","default_image_id":0,"font":"","enabled":false},"version":2}},"categories":[28],"tags":[],"class_list":["post-405861","post","type-post","status-publish","format-standard","has-post-thumbnail","hentry","category-formacion-vicenciana"],"yoast_head":"<!-- This site is optimized with the Yoast SEO plugin v26.3 - https:\/\/yoast.com\/wordpress\/plugins\/seo\/ -->\n<title>Vicente de Pa\u00fal y la Misi\u00f3n (XV) - Somos Vicencianos<\/title>\n<meta name=\"robots\" content=\"index, follow, max-snippet:-1, max-image-preview:large, max-video-preview:-1\" \/>\n<link rel=\"canonical\" href=\"http:\/\/vincentians.com\/es\/vicente-de-paul-y-la-mision-xv\/\" \/>\n<meta property=\"og:locale\" content=\"es_ES\" \/>\n<meta property=\"og:type\" content=\"article\" \/>\n<meta property=\"og:title\" content=\"Vicente de Pa\u00fal y la Misi\u00f3n (XV) - Somos Vicencianos\" \/>\n<meta property=\"og:description\" content=\"JESUCRISTO, EL MISIONERO DEL PADRE, ES EL EVANGE\u00adLIZADOR DE LOS POBRES Los estudiosos de la espiritualidad vicenciana hablan de un acercamiento selectivo a la persona de Jesucristo de parte de Vicente de Pa\u00fal. Para Vicente ... Read More\" \/>\n<meta property=\"og:url\" content=\"http:\/\/vincentians.com\/es\/vicente-de-paul-y-la-mision-xv\/\" \/>\n<meta property=\"og:site_name\" content=\"Somos Vicencianos\" \/>\n<meta property=\"article:publisher\" content=\"https:\/\/www.facebook.com\/WeAreVincentians\/\" \/>\n<meta property=\"article:published_time\" content=\"2025-06-24T06:09:06+00:00\" \/>\n<meta property=\"og:image\" content=\"https:\/\/i0.wp.com\/vincentians.com\/es\/wp-content\/uploads\/sites\/11\/2013\/05\/d.jpg?fit=1200%2C799\" \/>\n\t<meta property=\"og:image:width\" content=\"1200\" \/>\n\t<meta property=\"og:image:height\" content=\"799\" \/>\n\t<meta property=\"og:image:type\" content=\"image\/jpeg\" \/>\n<meta name=\"author\" content=\"Mitxel Olabu\u00e9naga\" \/>\n<meta name=\"twitter:card\" content=\"summary_large_image\" \/>\n<meta name=\"twitter:creator\" content=\"@WeVincentians\" \/>\n<meta name=\"twitter:site\" content=\"@WeVincentians\" \/>\n<meta name=\"twitter:label1\" content=\"Escrito por\" \/>\n\t<meta name=\"twitter:data1\" content=\"Mitxel Olabu\u00e9naga\" \/>\n\t<meta name=\"twitter:label2\" content=\"Tiempo de lectura\" \/>\n\t<meta name=\"twitter:data2\" content=\"13 minutos\" \/>\n<script type=\"application\/ld+json\" class=\"yoast-schema-graph\">{\"@context\":\"https:\/\/schema.org\",\"@graph\":[{\"@type\":\"Article\",\"@id\":\"http:\/\/vincentians.com\/es\/vicente-de-paul-y-la-mision-xv\/#article\",\"isPartOf\":{\"@id\":\"http:\/\/vincentians.com\/es\/vicente-de-paul-y-la-mision-xv\/\"},\"author\":{\"name\":\"Mitxel Olabu\u00e9naga\",\"@id\":\"http:\/\/vincentians.com\/es\/#\/schema\/person\/7c2670b4445a7ca9d164ea6acdb31859\"},\"headline\":\"Vicente de Pa\u00fal y la Misi\u00f3n (XV)\",\"datePublished\":\"2025-06-24T06:09:06+00:00\",\"mainEntityOfPage\":{\"@id\":\"http:\/\/vincentians.com\/es\/vicente-de-paul-y-la-mision-xv\/\"},\"wordCount\":2852,\"commentCount\":0,\"publisher\":{\"@id\":\"http:\/\/vincentians.com\/es\/#organization\"},\"image\":{\"@id\":\"http:\/\/vincentians.com\/es\/vicente-de-paul-y-la-mision-xv\/#primaryimage\"},\"thumbnailUrl\":\"https:\/\/i0.wp.com\/vincentians.com\/es\/wp-content\/uploads\/sites\/11\/2013\/05\/d.jpg?fit=1200%2C799\",\"articleSection\":[\"Formaci\u00f3n Vicenciana\"],\"inLanguage\":\"es\",\"potentialAction\":[{\"@type\":\"CommentAction\",\"name\":\"Comment\",\"target\":[\"http:\/\/vincentians.com\/es\/vicente-de-paul-y-la-mision-xv\/#respond\"]}]},{\"@type\":\"WebPage\",\"@id\":\"http:\/\/vincentians.com\/es\/vicente-de-paul-y-la-mision-xv\/\",\"url\":\"http:\/\/vincentians.com\/es\/vicente-de-paul-y-la-mision-xv\/\",\"name\":\"Vicente de Pa\u00fal y la Misi\u00f3n (XV) - Somos Vicencianos\",\"isPartOf\":{\"@id\":\"http:\/\/vincentians.com\/es\/#website\"},\"primaryImageOfPage\":{\"@id\":\"http:\/\/vincentians.com\/es\/vicente-de-paul-y-la-mision-xv\/#primaryimage\"},\"image\":{\"@id\":\"http:\/\/vincentians.com\/es\/vicente-de-paul-y-la-mision-xv\/#primaryimage\"},\"thumbnailUrl\":\"https:\/\/i0.wp.com\/vincentians.com\/es\/wp-content\/uploads\/sites\/11\/2013\/05\/d.jpg?fit=1200%2C799\",\"datePublished\":\"2025-06-24T06:09:06+00:00\",\"breadcrumb\":{\"@id\":\"http:\/\/vincentians.com\/es\/vicente-de-paul-y-la-mision-xv\/#breadcrumb\"},\"inLanguage\":\"es\",\"potentialAction\":[{\"@type\":\"ReadAction\",\"target\":[\"http:\/\/vincentians.com\/es\/vicente-de-paul-y-la-mision-xv\/\"]}]},{\"@type\":\"ImageObject\",\"inLanguage\":\"es\",\"@id\":\"http:\/\/vincentians.com\/es\/vicente-de-paul-y-la-mision-xv\/#primaryimage\",\"url\":\"https:\/\/i0.wp.com\/vincentians.com\/es\/wp-content\/uploads\/sites\/11\/2013\/05\/d.jpg?fit=1200%2C799\",\"contentUrl\":\"https:\/\/i0.wp.com\/vincentians.com\/es\/wp-content\/uploads\/sites\/11\/2013\/05\/d.jpg?fit=1200%2C799\",\"width\":1200,\"height\":799,\"caption\":\"- 49 TAB. On ignore actuellement l\u2019auteurs et la date de ce tableau. L\u2019origine est probablement espagnole vue la forme des cornettes et sans doute du 19e si\u00e8cle. Il a \u00e9t\u00e9 enregistr\u00e9 \u00e0 partir d\u2019une reproduction conserv\u00e9e aux Archives de la Congr\u00e9gation \u00e0 Paris.\"},{\"@type\":\"BreadcrumbList\",\"@id\":\"http:\/\/vincentians.com\/es\/vicente-de-paul-y-la-mision-xv\/#breadcrumb\",\"itemListElement\":[{\"@type\":\"ListItem\",\"position\":1,\"name\":\"Portada\",\"item\":\"http:\/\/vincentians.com\/es\/\"},{\"@type\":\"ListItem\",\"position\":2,\"name\":\"Vicente de Pa\u00fal y la Misi\u00f3n (XV)\"}]},{\"@type\":\"WebSite\",\"@id\":\"http:\/\/vincentians.com\/es\/#website\",\"url\":\"http:\/\/vincentians.com\/es\/\",\"name\":\"Somos Vicencianos\",\"description\":\"Know more to serve more\",\"publisher\":{\"@id\":\"http:\/\/vincentians.com\/es\/#organization\"},\"potentialAction\":[{\"@type\":\"SearchAction\",\"target\":{\"@type\":\"EntryPoint\",\"urlTemplate\":\"http:\/\/vincentians.com\/es\/?s={search_term_string}\"},\"query-input\":{\"@type\":\"PropertyValueSpecification\",\"valueRequired\":true,\"valueName\":\"search_term_string\"}}],\"inLanguage\":\"es\"},{\"@type\":\"Organization\",\"@id\":\"http:\/\/vincentians.com\/es\/#organization\",\"name\":\"The Vincentian Network\",\"url\":\"http:\/\/vincentians.com\/es\/\",\"logo\":{\"@type\":\"ImageObject\",\"inLanguage\":\"es\",\"@id\":\"http:\/\/vincentians.com\/es\/#\/schema\/logo\/image\/\",\"url\":\"https:\/\/i1.wp.com\/vincentians.com\/es\/wp-content\/uploads\/sites\/11\/2016\/06\/Vincentian-Network-logo-big.png?fit=778%2C778\",\"contentUrl\":\"https:\/\/i1.wp.com\/vincentians.com\/es\/wp-content\/uploads\/sites\/11\/2016\/06\/Vincentian-Network-logo-big.png?fit=778%2C778\",\"width\":778,\"height\":778,\"caption\":\"The Vincentian Network\"},\"image\":{\"@id\":\"http:\/\/vincentians.com\/es\/#\/schema\/logo\/image\/\"},\"sameAs\":[\"https:\/\/www.facebook.com\/WeAreVincentians\/\",\"https:\/\/x.com\/WeVincentians\"]},{\"@type\":\"Person\",\"@id\":\"http:\/\/vincentians.com\/es\/#\/schema\/person\/7c2670b4445a7ca9d164ea6acdb31859\",\"name\":\"Mitxel Olabu\u00e9naga\",\"image\":{\"@type\":\"ImageObject\",\"inLanguage\":\"es\",\"@id\":\"http:\/\/vincentians.com\/es\/#\/schema\/person\/image\/\",\"url\":\"https:\/\/secure.gravatar.com\/avatar\/34137ec2e2b8939cbbed975731e71f3f4f1defc7266ded337a5ce0f925426877?s=96&d=mm&r=g\",\"contentUrl\":\"https:\/\/secure.gravatar.com\/avatar\/34137ec2e2b8939cbbed975731e71f3f4f1defc7266ded337a5ce0f925426877?s=96&d=mm&r=g\",\"caption\":\"Mitxel Olabu\u00e9naga\"},\"url\":\"http:\/\/vincentians.com\/es\/author\/mitxel\/\"}]}<\/script>\n<!-- \/ Yoast SEO plugin. -->","yoast_head_json":{"title":"Vicente de Pa\u00fal y la Misi\u00f3n (XV) - Somos Vicencianos","robots":{"index":"index","follow":"follow","max-snippet":"max-snippet:-1","max-image-preview":"max-image-preview:large","max-video-preview":"max-video-preview:-1"},"canonical":"http:\/\/vincentians.com\/es\/vicente-de-paul-y-la-mision-xv\/","og_locale":"es_ES","og_type":"article","og_title":"Vicente de Pa\u00fal y la Misi\u00f3n (XV) - Somos Vicencianos","og_description":"JESUCRISTO, EL MISIONERO DEL PADRE, ES EL EVANGE\u00adLIZADOR DE LOS POBRES Los estudiosos de la espiritualidad vicenciana hablan de un acercamiento selectivo a la persona de Jesucristo de parte de Vicente de Pa\u00fal. Para Vicente ... Read More","og_url":"http:\/\/vincentians.com\/es\/vicente-de-paul-y-la-mision-xv\/","og_site_name":"Somos Vicencianos","article_publisher":"https:\/\/www.facebook.com\/WeAreVincentians\/","article_published_time":"2025-06-24T06:09:06+00:00","og_image":[{"width":1200,"height":799,"url":"https:\/\/i0.wp.com\/vincentians.com\/es\/wp-content\/uploads\/sites\/11\/2013\/05\/d.jpg?fit=1200%2C799","type":"image\/jpeg"}],"author":"Mitxel Olabu\u00e9naga","twitter_card":"summary_large_image","twitter_creator":"@WeVincentians","twitter_site":"@WeVincentians","twitter_misc":{"Escrito por":"Mitxel Olabu\u00e9naga","Tiempo de lectura":"13 minutos"},"schema":{"@context":"https:\/\/schema.org","@graph":[{"@type":"Article","@id":"http:\/\/vincentians.com\/es\/vicente-de-paul-y-la-mision-xv\/#article","isPartOf":{"@id":"http:\/\/vincentians.com\/es\/vicente-de-paul-y-la-mision-xv\/"},"author":{"name":"Mitxel Olabu\u00e9naga","@id":"http:\/\/vincentians.com\/es\/#\/schema\/person\/7c2670b4445a7ca9d164ea6acdb31859"},"headline":"Vicente de Pa\u00fal y la Misi\u00f3n (XV)","datePublished":"2025-06-24T06:09:06+00:00","mainEntityOfPage":{"@id":"http:\/\/vincentians.com\/es\/vicente-de-paul-y-la-mision-xv\/"},"wordCount":2852,"commentCount":0,"publisher":{"@id":"http:\/\/vincentians.com\/es\/#organization"},"image":{"@id":"http:\/\/vincentians.com\/es\/vicente-de-paul-y-la-mision-xv\/#primaryimage"},"thumbnailUrl":"https:\/\/i0.wp.com\/vincentians.com\/es\/wp-content\/uploads\/sites\/11\/2013\/05\/d.jpg?fit=1200%2C799","articleSection":["Formaci\u00f3n Vicenciana"],"inLanguage":"es","potentialAction":[{"@type":"CommentAction","name":"Comment","target":["http:\/\/vincentians.com\/es\/vicente-de-paul-y-la-mision-xv\/#respond"]}]},{"@type":"WebPage","@id":"http:\/\/vincentians.com\/es\/vicente-de-paul-y-la-mision-xv\/","url":"http:\/\/vincentians.com\/es\/vicente-de-paul-y-la-mision-xv\/","name":"Vicente de Pa\u00fal y la Misi\u00f3n (XV) - Somos Vicencianos","isPartOf":{"@id":"http:\/\/vincentians.com\/es\/#website"},"primaryImageOfPage":{"@id":"http:\/\/vincentians.com\/es\/vicente-de-paul-y-la-mision-xv\/#primaryimage"},"image":{"@id":"http:\/\/vincentians.com\/es\/vicente-de-paul-y-la-mision-xv\/#primaryimage"},"thumbnailUrl":"https:\/\/i0.wp.com\/vincentians.com\/es\/wp-content\/uploads\/sites\/11\/2013\/05\/d.jpg?fit=1200%2C799","datePublished":"2025-06-24T06:09:06+00:00","breadcrumb":{"@id":"http:\/\/vincentians.com\/es\/vicente-de-paul-y-la-mision-xv\/#breadcrumb"},"inLanguage":"es","potentialAction":[{"@type":"ReadAction","target":["http:\/\/vincentians.com\/es\/vicente-de-paul-y-la-mision-xv\/"]}]},{"@type":"ImageObject","inLanguage":"es","@id":"http:\/\/vincentians.com\/es\/vicente-de-paul-y-la-mision-xv\/#primaryimage","url":"https:\/\/i0.wp.com\/vincentians.com\/es\/wp-content\/uploads\/sites\/11\/2013\/05\/d.jpg?fit=1200%2C799","contentUrl":"https:\/\/i0.wp.com\/vincentians.com\/es\/wp-content\/uploads\/sites\/11\/2013\/05\/d.jpg?fit=1200%2C799","width":1200,"height":799,"caption":"- 49 TAB. On ignore actuellement l\u2019auteurs et la date de ce tableau. L\u2019origine est probablement espagnole vue la forme des cornettes et sans doute du 19e si\u00e8cle. Il a \u00e9t\u00e9 enregistr\u00e9 \u00e0 partir d\u2019une reproduction conserv\u00e9e aux Archives de la Congr\u00e9gation \u00e0 Paris."},{"@type":"BreadcrumbList","@id":"http:\/\/vincentians.com\/es\/vicente-de-paul-y-la-mision-xv\/#breadcrumb","itemListElement":[{"@type":"ListItem","position":1,"name":"Portada","item":"http:\/\/vincentians.com\/es\/"},{"@type":"ListItem","position":2,"name":"Vicente de Pa\u00fal y la Misi\u00f3n (XV)"}]},{"@type":"WebSite","@id":"http:\/\/vincentians.com\/es\/#website","url":"http:\/\/vincentians.com\/es\/","name":"Somos Vicencianos","description":"Know more to serve more","publisher":{"@id":"http:\/\/vincentians.com\/es\/#organization"},"potentialAction":[{"@type":"SearchAction","target":{"@type":"EntryPoint","urlTemplate":"http:\/\/vincentians.com\/es\/?s={search_term_string}"},"query-input":{"@type":"PropertyValueSpecification","valueRequired":true,"valueName":"search_term_string"}}],"inLanguage":"es"},{"@type":"Organization","@id":"http:\/\/vincentians.com\/es\/#organization","name":"The Vincentian Network","url":"http:\/\/vincentians.com\/es\/","logo":{"@type":"ImageObject","inLanguage":"es","@id":"http:\/\/vincentians.com\/es\/#\/schema\/logo\/image\/","url":"https:\/\/i1.wp.com\/vincentians.com\/es\/wp-content\/uploads\/sites\/11\/2016\/06\/Vincentian-Network-logo-big.png?fit=778%2C778","contentUrl":"https:\/\/i1.wp.com\/vincentians.com\/es\/wp-content\/uploads\/sites\/11\/2016\/06\/Vincentian-Network-logo-big.png?fit=778%2C778","width":778,"height":778,"caption":"The Vincentian Network"},"image":{"@id":"http:\/\/vincentians.com\/es\/#\/schema\/logo\/image\/"},"sameAs":["https:\/\/www.facebook.com\/WeAreVincentians\/","https:\/\/x.com\/WeVincentians"]},{"@type":"Person","@id":"http:\/\/vincentians.com\/es\/#\/schema\/person\/7c2670b4445a7ca9d164ea6acdb31859","name":"Mitxel Olabu\u00e9naga","image":{"@type":"ImageObject","inLanguage":"es","@id":"http:\/\/vincentians.com\/es\/#\/schema\/person\/image\/","url":"https:\/\/secure.gravatar.com\/avatar\/34137ec2e2b8939cbbed975731e71f3f4f1defc7266ded337a5ce0f925426877?s=96&d=mm&r=g","contentUrl":"https:\/\/secure.gravatar.com\/avatar\/34137ec2e2b8939cbbed975731e71f3f4f1defc7266ded337a5ce0f925426877?s=96&d=mm&r=g","caption":"Mitxel Olabu\u00e9naga"},"url":"http:\/\/vincentians.com\/es\/author\/mitxel\/"}]}},"jetpack_publicize_connections":[],"jetpack_featured_media_url":"https:\/\/i0.wp.com\/vincentians.com\/es\/wp-content\/uploads\/sites\/11\/2013\/05\/d.jpg?fit=1200%2C799","jetpack_sharing_enabled":true,"jetpack_shortlink":"https:\/\/wp.me\/p7ETMF-1HA9","jetpack-related-posts":[{"id":398638,"url":"http:\/\/vincentians.com\/es\/aportacion-del-carisma-vicenciano-la-mision-la-iglesia-2\/","url_meta":{"origin":405861,"position":0},"title":"Aportaci\u00f3n del carisma vicenciano a la Misi\u00f3n de la Iglesia (2)","author":"Francisco Javier Fern\u00e1ndez Chento","date":"05\/08\/2016","format":false,"excerpt":"2.- La vida cristiana a partir de la Teolog\u00eda de la Misi\u00f3n: continuadores de la Misi\u00f3n del Hijo. Acabo de hacer referencia a la teolog\u00eda de la Misi\u00f3n como punto de partida para las nuevas formas de vida en la Iglesia de las que la Congregaci\u00f3n de la Misi\u00f3n y\u2026","rel":"","context":"En \u00abFormaci\u00f3n Vicenciana\u00bb","block_context":{"text":"Formaci\u00f3n Vicenciana","link":"http:\/\/vincentians.com\/es\/category\/formacion-vicenciana\/"},"img":{"alt_text":"","src":"https:\/\/i0.wp.com\/vincentians.com\/es\/wp-content\/uploads\/sites\/11\/2016\/06\/contributions-charism.jpg?fit=1200%2C630&resize=350%2C200","width":350,"height":200,"srcset":"https:\/\/i0.wp.com\/vincentians.com\/es\/wp-content\/uploads\/sites\/11\/2016\/06\/contributions-charism.jpg?fit=1200%2C630&resize=350%2C200 1x, https:\/\/i0.wp.com\/vincentians.com\/es\/wp-content\/uploads\/sites\/11\/2016\/06\/contributions-charism.jpg?fit=1200%2C630&resize=525%2C300 1.5x, https:\/\/i0.wp.com\/vincentians.com\/es\/wp-content\/uploads\/sites\/11\/2016\/06\/contributions-charism.jpg?fit=1200%2C630&resize=700%2C400 2x, https:\/\/i0.wp.com\/vincentians.com\/es\/wp-content\/uploads\/sites\/11\/2016\/06\/contributions-charism.jpg?fit=1200%2C630&resize=1050%2C600 3x"},"classes":[]},{"id":117335,"url":"http:\/\/vincentians.com\/es\/evangelizar-siguiendo-a-san-vicente\/","url_meta":{"origin":405861,"position":1},"title":"Evangelizar siguiendo a san Vicente","author":"Francisco Javier Fern\u00e1ndez Chento","date":"14\/11\/2018","format":false,"excerpt":"Una de las opciones en Misiones Populares, tal y como lo hacemos los vicencianos, es el trabajo en equipo, que se compone de Consagrados (Pa\u00fales, Hijas de la Caridad, sacerdotes diocesanos\u2026) y Seglares Vicencianos. No lo hacemos as\u00ed por \"moda\", sino que es una de las urgencias en nuestra sociedad\u2026","rel":"","context":"En \u00abFormaci\u00f3n Vicenciana\u00bb","block_context":{"text":"Formaci\u00f3n Vicenciana","link":"http:\/\/vincentians.com\/es\/category\/formacion-vicenciana\/"},"img":{"alt_text":"","src":"https:\/\/i0.wp.com\/vincentians.com\/es\/wp-content\/uploads\/sites\/11\/2016\/09\/sencillos-como-palomas.jpg?fit=1200%2C630&resize=350%2C200","width":350,"height":200,"srcset":"https:\/\/i0.wp.com\/vincentians.com\/es\/wp-content\/uploads\/sites\/11\/2016\/09\/sencillos-como-palomas.jpg?fit=1200%2C630&resize=350%2C200 1x, https:\/\/i0.wp.com\/vincentians.com\/es\/wp-content\/uploads\/sites\/11\/2016\/09\/sencillos-como-palomas.jpg?fit=1200%2C630&resize=525%2C300 1.5x, https:\/\/i0.wp.com\/vincentians.com\/es\/wp-content\/uploads\/sites\/11\/2016\/09\/sencillos-como-palomas.jpg?fit=1200%2C630&resize=700%2C400 2x, https:\/\/i0.wp.com\/vincentians.com\/es\/wp-content\/uploads\/sites\/11\/2016\/09\/sencillos-como-palomas.jpg?fit=1200%2C630&resize=1050%2C600 3x"},"classes":[]},{"id":108324,"url":"http:\/\/vincentians.com\/es\/que-podemos-aportar-los-vicencianos-a-la-tarea-evangelizadora-de-la-iglesia\/","url_meta":{"origin":405861,"position":2},"title":"\u00bfQu\u00e9 podemos aportar los vicencianos a la tarea evangelizadora de la Iglesia?","author":"Francisco Javier Fern\u00e1ndez Chento","date":"29\/09\/2018","format":false,"excerpt":"De entrada, quiero dejar muy claro que \u00e9ste no es un art\u00edculo completo y acabado. Se trata, m\u00e1s bien, de una especie de esbozo, de borrador, de \"lluvia de ideas\". Y, evidentemente, se trata tambi\u00e9n de mi propia opini\u00f3n que no es ni mejor ni peor que otras opiniones. Por\u2026","rel":"","context":"En \u00abFormaci\u00f3n Vicenciana\u00bb","block_context":{"text":"Formaci\u00f3n Vicenciana","link":"http:\/\/vincentians.com\/es\/category\/formacion-vicenciana\/"},"img":{"alt_text":"","src":"https:\/\/i0.wp.com\/vincentians.com\/es\/wp-content\/uploads\/sites\/11\/2016\/07\/comnidad-vicenciana-para-la-mision.jpg?fit=1200%2C630&resize=350%2C200","width":350,"height":200,"srcset":"https:\/\/i0.wp.com\/vincentians.com\/es\/wp-content\/uploads\/sites\/11\/2016\/07\/comnidad-vicenciana-para-la-mision.jpg?fit=1200%2C630&resize=350%2C200 1x, https:\/\/i0.wp.com\/vincentians.com\/es\/wp-content\/uploads\/sites\/11\/2016\/07\/comnidad-vicenciana-para-la-mision.jpg?fit=1200%2C630&resize=525%2C300 1.5x, https:\/\/i0.wp.com\/vincentians.com\/es\/wp-content\/uploads\/sites\/11\/2016\/07\/comnidad-vicenciana-para-la-mision.jpg?fit=1200%2C630&resize=700%2C400 2x, https:\/\/i0.wp.com\/vincentians.com\/es\/wp-content\/uploads\/sites\/11\/2016\/07\/comnidad-vicenciana-para-la-mision.jpg?fit=1200%2C630&resize=1050%2C600 3x"},"classes":[]},{"id":140029,"url":"http:\/\/vincentians.com\/es\/aportes-vicencianos-a-la-nueva-evangelizacion-2\/","url_meta":{"origin":405861,"position":3},"title":"Aportes vicencianos a la Nueva Evangelizaci\u00f3n","author":"Francisco Javier Fern\u00e1ndez Chento","date":"19\/02\/2015","format":false,"excerpt":"Convocados por el Superior General, P. Gregory G. Gay, los misioneros de la Congregaci\u00f3n de la Misi\u00f3n celebrar\u00e1n su 42\u00aa Asamblea General, del 27 de junio al 15 de julio de 2016. El lema de la Asamblea se centra en la entra\u00f1a evangelizadora de nuestro ser y quehacer: \u201cDej\u00e9monos renovar\u2026","rel":"","context":"En \u00abEspiritualidad vicenciana\u00bb","block_context":{"text":"Espiritualidad vicenciana","link":"http:\/\/vincentians.com\/es\/category\/espiritualidad\/espiritualidad-vicenciana\/"},"img":{"alt_text":"OLYMPUS DIGITAL CAMERA","src":"https:\/\/i0.wp.com\/vicencianos.org\/wp-content\/2015\/02\/nueva-evangelizacion1-300x225.jpg?resize=350%2C200","width":350,"height":200},"classes":[]},{"id":398642,"url":"http:\/\/vincentians.com\/es\/aportacion-del-carisma-vicenciano-la-mision-la-iglesia-6\/","url_meta":{"origin":405861,"position":4},"title":"Aportaci\u00f3n del carisma vicenciano a la Misi\u00f3n de la Iglesia (6)","author":"Francisco Javier Fern\u00e1ndez Chento","date":"09\/08\/2016","format":false,"excerpt":"6.- La Misi\u00f3n de la Iglesia y los obreros del Evangelio. El Papa Francisco, al proponer la urgencia de la misi\u00f3n evangelizadora de la Iglesia en el mundo de hoy, exclama: \u201c\u00a1C\u00f3mo quisiera encontrar las palabras para alen\u00adtar una etapa evangelizadora m\u00e1s fervorosa, ale\u00adgre, generosa, audaz, llena de amor hasta\u2026","rel":"","context":"En \u00abFormaci\u00f3n Vicenciana\u00bb","block_context":{"text":"Formaci\u00f3n Vicenciana","link":"http:\/\/vincentians.com\/es\/category\/formacion-vicenciana\/"},"img":{"alt_text":"","src":"https:\/\/i0.wp.com\/vincentians.com\/es\/wp-content\/uploads\/sites\/11\/2016\/06\/contributions-charism.jpg?fit=1200%2C630&resize=350%2C200","width":350,"height":200,"srcset":"https:\/\/i0.wp.com\/vincentians.com\/es\/wp-content\/uploads\/sites\/11\/2016\/06\/contributions-charism.jpg?fit=1200%2C630&resize=350%2C200 1x, https:\/\/i0.wp.com\/vincentians.com\/es\/wp-content\/uploads\/sites\/11\/2016\/06\/contributions-charism.jpg?fit=1200%2C630&resize=525%2C300 1.5x, https:\/\/i0.wp.com\/vincentians.com\/es\/wp-content\/uploads\/sites\/11\/2016\/06\/contributions-charism.jpg?fit=1200%2C630&resize=700%2C400 2x, https:\/\/i0.wp.com\/vincentians.com\/es\/wp-content\/uploads\/sites\/11\/2016\/06\/contributions-charism.jpg?fit=1200%2C630&resize=1050%2C600 3x"},"classes":[]},{"id":128402,"url":"http:\/\/vincentians.com\/es\/aportes-vicencianos-a-la-nueva-evangelizacion\/","url_meta":{"origin":405861,"position":5},"title":"Aportes vicencianos a la nueva evangelizaci\u00f3n","author":"Francisco Javier Fern\u00e1ndez Chento","date":"15\/06\/2024","format":false,"excerpt":"Introducci\u00f3n Desde hace bastante tiempo, estamos oyendo, en la Congregaci\u00f3n de la Misi\u00f3n y en muchos c\u00edrculos de la Familia Vicenciana, dos cuestiones referentes al \"ser\" y al \"quehacer\" vicencianos. Por un lado, todos estamos plenamente de acuerdo en que el carisma, el \"ser\", la identidad, el sello caracter\u00edstico de\u2026","rel":"","context":"En \u00abFormaci\u00f3n Vicenciana\u00bb","block_context":{"text":"Formaci\u00f3n Vicenciana","link":"http:\/\/vincentians.com\/es\/category\/formacion-vicenciana\/"},"img":{"alt_text":"","src":"https:\/\/i0.wp.com\/vincentians.com\/es\/wp-content\/uploads\/sites\/11\/2016\/09\/enviados-evangelizar-pobres.jpg?fit=1200%2C630&resize=350%2C200","width":350,"height":200,"srcset":"https:\/\/i0.wp.com\/vincentians.com\/es\/wp-content\/uploads\/sites\/11\/2016\/09\/enviados-evangelizar-pobres.jpg?fit=1200%2C630&resize=350%2C200 1x, https:\/\/i0.wp.com\/vincentians.com\/es\/wp-content\/uploads\/sites\/11\/2016\/09\/enviados-evangelizar-pobres.jpg?fit=1200%2C630&resize=525%2C300 1.5x, https:\/\/i0.wp.com\/vincentians.com\/es\/wp-content\/uploads\/sites\/11\/2016\/09\/enviados-evangelizar-pobres.jpg?fit=1200%2C630&resize=700%2C400 2x, https:\/\/i0.wp.com\/vincentians.com\/es\/wp-content\/uploads\/sites\/11\/2016\/09\/enviados-evangelizar-pobres.jpg?fit=1200%2C630&resize=1050%2C600 3x"},"classes":[]}],"_links":{"self":[{"href":"http:\/\/vincentians.com\/es\/wp-json\/wp\/v2\/posts\/405861","targetHints":{"allow":["GET"]}}],"collection":[{"href":"http:\/\/vincentians.com\/es\/wp-json\/wp\/v2\/posts"}],"about":[{"href":"http:\/\/vincentians.com\/es\/wp-json\/wp\/v2\/types\/post"}],"author":[{"embeddable":true,"href":"http:\/\/vincentians.com\/es\/wp-json\/wp\/v2\/users\/5"}],"replies":[{"embeddable":true,"href":"http:\/\/vincentians.com\/es\/wp-json\/wp\/v2\/comments?post=405861"}],"version-history":[{"count":1,"href":"http:\/\/vincentians.com\/es\/wp-json\/wp\/v2\/posts\/405861\/revisions"}],"predecessor-version":[{"id":405862,"href":"http:\/\/vincentians.com\/es\/wp-json\/wp\/v2\/posts\/405861\/revisions\/405862"}],"wp:featuredmedia":[{"embeddable":true,"href":"http:\/\/vincentians.com\/es\/wp-json\/wp\/v2\/media\/404161"}],"wp:attachment":[{"href":"http:\/\/vincentians.com\/es\/wp-json\/wp\/v2\/media?parent=405861"}],"wp:term":[{"taxonomy":"category","embeddable":true,"href":"http:\/\/vincentians.com\/es\/wp-json\/wp\/v2\/categories?post=405861"},{"taxonomy":"post_tag","embeddable":true,"href":"http:\/\/vincentians.com\/es\/wp-json\/wp\/v2\/tags?post=405861"}],"curies":[{"name":"wp","href":"https:\/\/api.w.org\/{rel}","templated":true}]}}