{"id":405852,"date":"2025-06-16T08:08:44","date_gmt":"2025-06-16T06:08:44","guid":{"rendered":"https:\/\/vincentians.com\/es\/?p=405852"},"modified":"2024-08-22T00:09:45","modified_gmt":"2024-08-21T22:09:45","slug":"vicente-de-paul-y-la-mision-xi","status":"publish","type":"post","link":"http:\/\/vincentians.com\/es\/vicente-de-paul-y-la-mision-xi\/","title":{"rendered":"Vicente de Pa\u00fal y la Misi\u00f3n (XI)"},"content":{"rendered":"<ol start=\"4\">\n<li>LAS COFRAD\u00cdAS DE LA CARIDAD AL SERVICIO DE L MISI\u00d3N<\/li>\n<\/ol>\n<p>Dos instituciones, estrechamente relacionadas entre s\u00ed y dedicadas directamente a la Caridad, lleg\u00f3 a establecer Vicente de Pa\u00fal al servicio de la Misi\u00f3n: la Cofrad\u00edas de la Caridad y las Hijas de la Caridad.<\/p>\n<p>A partir, sobre todo, de la experiencia de Ch\u00e1tillon en el verano de 1617, Vicente se da cuenta de que \u00abel servicio a los pobres es el signo de quien cree que Dios es el defensor de la causa de los pobres, y la caridad la expresi\u00f3n visible y cre\u00edble de la Iglesia de Cristo\u00bb. Ve tambi\u00e9n claramente que la caridad, si quiere ser eficaz, ha de estar organizada, y que en cada una de las parroquias deben fundirse evangelizaci\u00f3n y caridad.<\/p>\n<p>4.1. <em>Organizaci\u00f3n de la primera Cofrad\u00eda de la Caridad al servicio de la Misi\u00f3n<\/em><\/p>\n<p>En una conferencia a las Hijas de la Caridad el 13 de febrero de 1646, Vicente relata una vez m\u00e1s el hecho que dio origen al establecimiento de la primera Cofrad\u00eda de la Caridad: \u00abEstando yo cerca de Lyon, en una poblaci\u00f3n de la que la Providencia me hab\u00eda hecho p\u00e1rroco, un domingo, mientras me revest\u00eda para celebrar la santa misa, vinie\u00adron a decirme que a una distancia de un cuarto de legua todos estaban enfermos, sin que quedase uno para asis\u00adtir a los dem\u00e1s, y todos en una miseria indecible. No dej\u00e9 de recomendarlos con mucho afecto en el serm\u00f3n, y Dios toc\u00f3 el coraz\u00f3n de los oyentes, de suerte que todos se compadecieron de aquellos desgraciados.<\/p>\n<p>Despu\u00e9s de mediod\u00eda hubo reuni\u00f3n en casa de una buena se\u00f1ora para ver de qu\u00e9 modo se les podr\u00eda ayu\u00addar, y todos estaban dispuestos a visitarlos y confortar\u00adlos de palabra y socorrerles con los propios medios. Despu\u00e9s de v\u00edsperas tom\u00e9 conmigo un hombre, vecino de la poblaci\u00f3n, y nos pusimos en camino para ir a ver\u00adlos. Encontramos mujeres que nos adelantaban y de all\u00ed a poco, otras que volv\u00edan. Y como era verano y hac\u00eda mucho calor, las buenas mujeres se sentaban al borde del camino para descansar y refrescarse. Total, hijas m\u00edas, eran tantas que hubi\u00e9rais creido ver una procesi\u00f3n.<\/p>\n<p>&#8230; Se mir\u00f3 el modo de socorrerlos y yo propuse a todas aquellas personas que la caridad hab\u00eda conducido a aquella casa, que se turnasen d\u00eda por d\u00eda para hacer la olla no s\u00f3lo a aquellos, sino a cuantos se presentasen en lo sucesivo. Aquel fue el primer lugar donde se estable\u00adci\u00f3 la caridad\u00bb.<\/p>\n<p>Esto ocurr\u00eda el 20 de agosto de 1617. Tres d\u00edas m\u00e1s tarde, Vicente reun\u00eda a un grupo de se\u00f1oras de la villa asociadas para asistir a los pobres enfermos. Hab\u00eda nacido la primera asociaci\u00f3n de Caridad.<\/p>\n<p>A los tres meses, Vicente de Pa\u00fal redact\u00f3 un Reglamento detallado en donde se dice que la asociaci\u00f3n se llamar\u00e1 <em>\u00abCofrad\u00eda de la Caridad\u00bb, y <\/em>sus miembros <em>\u00absirvientas de los pobres o de la Caridad\u00bb y <\/em>tendr\u00e1 por patrono al mismo Jesucristo.<\/p>\n<p>\u00abEstas sirvientas de los pobres toman por patrono a Nuestro Se\u00f1or Jesucristo y como finalidad el cumplimiento de aquel ardent\u00edsimo deseo que tiene de que los cristianos practiquen entre s\u00ed las obras de caridad y de misericordia, deseo que nos da a conocer en aquella palabras suyas: &#8216;Sed misericordiosos como mi Padre e misericordioso&#8217; y aquellas otras: &#8216;Venid, benditos de mi Padre, poseed el reino que <em>se <\/em>os tiene preparado desde el comienzo del mundo; porque tuve hambre y me disteis de comer; estuve enfermo y me visitasteis; pues todo lo que hicisteis con uno de esos peque\u00f1os, a m\u00ed me lo hicisteis\u00bb.<\/p>\n<p>En el Reglamento se describen minuciosamente los oficios de que consta la Cofrad\u00eda y sus obligaciones y se se\u00f1ala con cuidado el car\u00e1cter apost\u00f3lico-misionero de la asociaci\u00f3n: \u00abY como la finalidad de este instituto no consiste solamente en asistir a los pobres en lo corporal, sino tambi\u00e9n en lo espiritual, las sirvientas de los pobres procurar\u00e1n y pondr\u00e1n todo su inter\u00e9s en disponer para vivir mejor a los que sanen, y a bien morir a los que mueran, dirigiendo a esta finalidad su visita, rezando con fre\u00adcuencia a Dios por ello y teniendo algunas peque\u00f1as elevaciones del coraz\u00f3n a Dios para este efecto.<\/p>\n<p>Adem\u00e1s, convendr\u00e1 que lean de vez en cuando alg\u00fan libro devoto en presencia de los que sean capaces de sacar alg\u00fan provecho de ello; les exhortar\u00e1n a soportar la enfermedad con paciencia, por amor de Dios, y a creer que \u00c9l se la env\u00eda para su mayor bien; les har\u00e1n hacer algunos actos de contrici\u00f3n, que consiste en tener pesar por haber ofendido a Dios por amor a El mismo, a pedirle perd\u00f3n y a hacer el firme prop\u00f3sito de no vol\u00adver a ofenderle nunca; y en el caso de que se agravase su enfermedad, procurar\u00e1n que se confiesen lo antes posible. En cuanto a los que est\u00e9n en peligro de muer\u00adte inminente, se encargar\u00e1n de avisar al se\u00f1or p\u00e1rroco para que les administre la extremaunci\u00f3n, les mover\u00e1n a que tengan confianza en Dios y que piensen en la muerte y pasi\u00f3n de nuestro Se\u00f1or Jesucristo encomen\u00add\u00e1ndose a la Sant\u00edsima Virgen, a los \u00e1ngeles, a los san\u00adtos, y especialmente a los patronos de la ciudad y a aquellos cuyo nombre llevan; har\u00e1n todo esto con un gran celo de cooperar en la salvaci\u00f3n de las almas y de llevarlas como de la mano hasta Dios.<\/p>\n<p>Las sirvientas de la Caridad se preocupar\u00e1n de que entierren a los muertos a costa de la Cofrad\u00eda, darles una mortaja, mandar que hagan la fosa &#8230;, y asistir\u00e1n a los funerales de aquellos a quienes hayan atendido durante su enfermedad, si pueden hacerlo c\u00f3modamen\u00adte ocupando en todo esto el lugar de madres que acom\u00adpa\u00f1an a sus hijos hasta el sepulcro; de esta manera prac\u00adticar\u00e1n por entero y con mucha edificaci\u00f3n las obras de misericordia espiritual y corporal\u00bb.<\/p>\n<p>El 24 de noviembre, el vicario general de Lyon aprobaba oficialmente el reglamento de la Asociaci\u00f3n. Y el de diciembre, festividad de la Inmaculada Concepci\u00f3n se proced\u00eda a la constituci\u00f3n de la misma en una solemne sesi\u00f3n celebrada en la capilla del hospital de la ciudad de Ch\u00e1tillon-les-Dombes, en presencia de numerosos testigos.<\/p>\n<p>4.2. <em>Desarrollo de las Cofrad\u00edas de la Caridad<\/em><\/p>\n<p>Vicente de Pa\u00fal deja Ch\u00e1tillon en Navidad de 1617 y regresa a Par\u00eds. Se dedicar\u00e1 a partir de este momento a misionar todos los n\u00facleos de poblaci\u00f3n de las tierras de los Gondi. En todos ellos fund\u00f3 la Cofrad\u00eda de la Caridad.<\/p>\n<p>Los reglamentos de las diversas Cofrad\u00edas de la Caridad muestran una exquisita delicadeza para llegar a la eficaz atenci\u00f3n corporal y espiritual de los m\u00e1s abandonados. Se describen los oficios y obligaciones de cada asociada, los actos de piedad que se han de practicar, recepci\u00f3n de los enfermos, el m\u00e9todo para inducirles a la recepci\u00f3n de los sacramentos, la manera de asistirles darles de comer\u2026<\/p>\n<p>Aunque en un principio las Cofrad\u00edas hab\u00edan sido concebidas para canalizar la caridad femenina, pronto Vicente de Pa\u00fal vio la posibilidad de organizar caridad, masculinas. La primera de la que tenemos constancia es la creada conjuntamente en las aldeas de Foll\u00e9ville, Pai-llart y Serevillers, el 23 de octubre de 1670.<\/p>\n<p>Las actividades de las caridades femeninas y masculi\u00adnas eran diferentes. Los hombres se ocupaban \u00abde asistir a los pobres sanos de uno y otro sexo que viven en dichos lugares\u00bb, creando incluso talleres para el aprendizaje de un oficio. Y las Cofrad\u00edas de mujeres atend\u00edan a los pobres enfermos.<\/p>\n<p>Surgieron tambi\u00e9n caridades mixtas, como las de Joigny, Macon, Courboin, Montreuil. Pero parece ser que no funcionaban convenientemente.<\/p>\n<p>A medida que la acci\u00f3n misionera de Vicente y sus colaboradores iba propag\u00e1ndose por distintas di\u00f3cesis, crec\u00eda igualmente el n\u00famero de Caridades.<\/p>\n<p>Las Cofrad\u00edas de la Caridad resultaron ser un medio muy eficaz para perpetuar los frutos de las misiones que siguieron dando los sacerdotes de la Misi\u00f3n.<\/p>\n<p>\u00abEn los lugares en que desempe\u00f1en las funciones catequesis y de predicaci\u00f3n procurar\u00e1n fundar, bajo autoridad del ordinario, las llamadas cofrad\u00edas de Caridad para auxilio de los pobres enfermos\u00bb.<\/p>\n<p>&nbsp;<\/p>\n","protected":false},"excerpt":{"rendered":"<p>LAS COFRAD\u00cdAS DE LA CARIDAD AL SERVICIO DE L MISI\u00d3N Dos instituciones, estrechamente relacionadas entre s\u00ed y dedicadas directamente a la Caridad, lleg\u00f3 a establecer Vicente de Pa\u00fal al servicio de la Misi\u00f3n: la Cofrad\u00edas &#8230; <a href=\"http:\/\/vincentians.com\/es\/vicente-de-paul-y-la-mision-xi\/\" class=\"more-link\">Read More<\/a><\/p>\n","protected":false},"author":5,"featured_media":404161,"comment_status":"open","ping_status":"open","sticky":false,"template":"","format":"standard","meta":{"jetpack_post_was_ever_published":false,"_jetpack_newsletter_access":"","_jetpack_dont_email_post_to_subs":false,"_jetpack_newsletter_tier_id":0,"_jetpack_memberships_contains_paywalled_content":false,"_jetpack_memberships_contains_paid_content":false,"footnotes":"","jetpack_publicize_message":"","jetpack_publicize_feature_enabled":true,"jetpack_social_post_already_shared":true,"jetpack_social_options":{"image_generator_settings":{"template":"highway","default_image_id":0,"font":"","enabled":false},"version":2}},"categories":[28],"tags":[],"class_list":["post-405852","post","type-post","status-publish","format-standard","has-post-thumbnail","hentry","category-formacion-vicenciana"],"yoast_head":"<!-- This site is optimized with the Yoast SEO plugin v26.3 - https:\/\/yoast.com\/wordpress\/plugins\/seo\/ -->\n<title>Vicente de Pa\u00fal y la Misi\u00f3n (XI) - Somos Vicencianos<\/title>\n<meta name=\"robots\" content=\"index, follow, max-snippet:-1, max-image-preview:large, max-video-preview:-1\" \/>\n<link rel=\"canonical\" href=\"http:\/\/vincentians.com\/es\/vicente-de-paul-y-la-mision-xi\/\" \/>\n<meta property=\"og:locale\" content=\"es_ES\" \/>\n<meta property=\"og:type\" content=\"article\" \/>\n<meta property=\"og:title\" content=\"Vicente de Pa\u00fal y la Misi\u00f3n (XI) - Somos Vicencianos\" \/>\n<meta property=\"og:description\" content=\"LAS COFRAD\u00cdAS DE LA CARIDAD AL SERVICIO DE L MISI\u00d3N Dos instituciones, estrechamente relacionadas entre s\u00ed y dedicadas directamente a la Caridad, lleg\u00f3 a establecer Vicente de Pa\u00fal al servicio de la Misi\u00f3n: la Cofrad\u00edas ... Read More\" \/>\n<meta property=\"og:url\" content=\"http:\/\/vincentians.com\/es\/vicente-de-paul-y-la-mision-xi\/\" \/>\n<meta property=\"og:site_name\" content=\"Somos Vicencianos\" \/>\n<meta property=\"article:publisher\" content=\"https:\/\/www.facebook.com\/WeAreVincentians\/\" \/>\n<meta property=\"article:published_time\" content=\"2025-06-16T06:08:44+00:00\" \/>\n<meta property=\"og:image\" content=\"https:\/\/i0.wp.com\/vincentians.com\/es\/wp-content\/uploads\/sites\/11\/2013\/05\/d.jpg?fit=1200%2C799\" \/>\n\t<meta property=\"og:image:width\" content=\"1200\" \/>\n\t<meta property=\"og:image:height\" content=\"799\" \/>\n\t<meta property=\"og:image:type\" content=\"image\/jpeg\" \/>\n<meta name=\"author\" content=\"Mitxel Olabu\u00e9naga\" \/>\n<meta name=\"twitter:card\" content=\"summary_large_image\" \/>\n<meta name=\"twitter:creator\" content=\"@WeVincentians\" \/>\n<meta name=\"twitter:site\" content=\"@WeVincentians\" \/>\n<meta name=\"twitter:label1\" content=\"Escrito por\" \/>\n\t<meta name=\"twitter:data1\" content=\"Mitxel Olabu\u00e9naga\" \/>\n\t<meta name=\"twitter:label2\" content=\"Tiempo de lectura\" \/>\n\t<meta name=\"twitter:data2\" content=\"7 minutos\" \/>\n<script type=\"application\/ld+json\" class=\"yoast-schema-graph\">{\"@context\":\"https:\/\/schema.org\",\"@graph\":[{\"@type\":\"Article\",\"@id\":\"http:\/\/vincentians.com\/es\/vicente-de-paul-y-la-mision-xi\/#article\",\"isPartOf\":{\"@id\":\"http:\/\/vincentians.com\/es\/vicente-de-paul-y-la-mision-xi\/\"},\"author\":{\"name\":\"Mitxel Olabu\u00e9naga\",\"@id\":\"http:\/\/vincentians.com\/es\/#\/schema\/person\/7c2670b4445a7ca9d164ea6acdb31859\"},\"headline\":\"Vicente de Pa\u00fal y la Misi\u00f3n (XI)\",\"datePublished\":\"2025-06-16T06:08:44+00:00\",\"mainEntityOfPage\":{\"@id\":\"http:\/\/vincentians.com\/es\/vicente-de-paul-y-la-mision-xi\/\"},\"wordCount\":1473,\"commentCount\":0,\"publisher\":{\"@id\":\"http:\/\/vincentians.com\/es\/#organization\"},\"image\":{\"@id\":\"http:\/\/vincentians.com\/es\/vicente-de-paul-y-la-mision-xi\/#primaryimage\"},\"thumbnailUrl\":\"https:\/\/i0.wp.com\/vincentians.com\/es\/wp-content\/uploads\/sites\/11\/2013\/05\/d.jpg?fit=1200%2C799\",\"articleSection\":[\"Formaci\u00f3n Vicenciana\"],\"inLanguage\":\"es\",\"potentialAction\":[{\"@type\":\"CommentAction\",\"name\":\"Comment\",\"target\":[\"http:\/\/vincentians.com\/es\/vicente-de-paul-y-la-mision-xi\/#respond\"]}]},{\"@type\":\"WebPage\",\"@id\":\"http:\/\/vincentians.com\/es\/vicente-de-paul-y-la-mision-xi\/\",\"url\":\"http:\/\/vincentians.com\/es\/vicente-de-paul-y-la-mision-xi\/\",\"name\":\"Vicente de Pa\u00fal y la Misi\u00f3n (XI) - Somos Vicencianos\",\"isPartOf\":{\"@id\":\"http:\/\/vincentians.com\/es\/#website\"},\"primaryImageOfPage\":{\"@id\":\"http:\/\/vincentians.com\/es\/vicente-de-paul-y-la-mision-xi\/#primaryimage\"},\"image\":{\"@id\":\"http:\/\/vincentians.com\/es\/vicente-de-paul-y-la-mision-xi\/#primaryimage\"},\"thumbnailUrl\":\"https:\/\/i0.wp.com\/vincentians.com\/es\/wp-content\/uploads\/sites\/11\/2013\/05\/d.jpg?fit=1200%2C799\",\"datePublished\":\"2025-06-16T06:08:44+00:00\",\"breadcrumb\":{\"@id\":\"http:\/\/vincentians.com\/es\/vicente-de-paul-y-la-mision-xi\/#breadcrumb\"},\"inLanguage\":\"es\",\"potentialAction\":[{\"@type\":\"ReadAction\",\"target\":[\"http:\/\/vincentians.com\/es\/vicente-de-paul-y-la-mision-xi\/\"]}]},{\"@type\":\"ImageObject\",\"inLanguage\":\"es\",\"@id\":\"http:\/\/vincentians.com\/es\/vicente-de-paul-y-la-mision-xi\/#primaryimage\",\"url\":\"https:\/\/i0.wp.com\/vincentians.com\/es\/wp-content\/uploads\/sites\/11\/2013\/05\/d.jpg?fit=1200%2C799\",\"contentUrl\":\"https:\/\/i0.wp.com\/vincentians.com\/es\/wp-content\/uploads\/sites\/11\/2013\/05\/d.jpg?fit=1200%2C799\",\"width\":1200,\"height\":799,\"caption\":\"- 49 TAB. On ignore actuellement l\u2019auteurs et la date de ce tableau. L\u2019origine est probablement espagnole vue la forme des cornettes et sans doute du 19e si\u00e8cle. Il a \u00e9t\u00e9 enregistr\u00e9 \u00e0 partir d\u2019une reproduction conserv\u00e9e aux Archives de la Congr\u00e9gation \u00e0 Paris.\"},{\"@type\":\"BreadcrumbList\",\"@id\":\"http:\/\/vincentians.com\/es\/vicente-de-paul-y-la-mision-xi\/#breadcrumb\",\"itemListElement\":[{\"@type\":\"ListItem\",\"position\":1,\"name\":\"Portada\",\"item\":\"http:\/\/vincentians.com\/es\/\"},{\"@type\":\"ListItem\",\"position\":2,\"name\":\"Vicente de Pa\u00fal y la Misi\u00f3n (XI)\"}]},{\"@type\":\"WebSite\",\"@id\":\"http:\/\/vincentians.com\/es\/#website\",\"url\":\"http:\/\/vincentians.com\/es\/\",\"name\":\"Somos Vicencianos\",\"description\":\"Know more to serve more\",\"publisher\":{\"@id\":\"http:\/\/vincentians.com\/es\/#organization\"},\"potentialAction\":[{\"@type\":\"SearchAction\",\"target\":{\"@type\":\"EntryPoint\",\"urlTemplate\":\"http:\/\/vincentians.com\/es\/?s={search_term_string}\"},\"query-input\":{\"@type\":\"PropertyValueSpecification\",\"valueRequired\":true,\"valueName\":\"search_term_string\"}}],\"inLanguage\":\"es\"},{\"@type\":\"Organization\",\"@id\":\"http:\/\/vincentians.com\/es\/#organization\",\"name\":\"The Vincentian Network\",\"url\":\"http:\/\/vincentians.com\/es\/\",\"logo\":{\"@type\":\"ImageObject\",\"inLanguage\":\"es\",\"@id\":\"http:\/\/vincentians.com\/es\/#\/schema\/logo\/image\/\",\"url\":\"https:\/\/i1.wp.com\/vincentians.com\/es\/wp-content\/uploads\/sites\/11\/2016\/06\/Vincentian-Network-logo-big.png?fit=778%2C778\",\"contentUrl\":\"https:\/\/i1.wp.com\/vincentians.com\/es\/wp-content\/uploads\/sites\/11\/2016\/06\/Vincentian-Network-logo-big.png?fit=778%2C778\",\"width\":778,\"height\":778,\"caption\":\"The Vincentian Network\"},\"image\":{\"@id\":\"http:\/\/vincentians.com\/es\/#\/schema\/logo\/image\/\"},\"sameAs\":[\"https:\/\/www.facebook.com\/WeAreVincentians\/\",\"https:\/\/x.com\/WeVincentians\"]},{\"@type\":\"Person\",\"@id\":\"http:\/\/vincentians.com\/es\/#\/schema\/person\/7c2670b4445a7ca9d164ea6acdb31859\",\"name\":\"Mitxel Olabu\u00e9naga\",\"image\":{\"@type\":\"ImageObject\",\"inLanguage\":\"es\",\"@id\":\"http:\/\/vincentians.com\/es\/#\/schema\/person\/image\/\",\"url\":\"https:\/\/secure.gravatar.com\/avatar\/34137ec2e2b8939cbbed975731e71f3f4f1defc7266ded337a5ce0f925426877?s=96&d=mm&r=g\",\"contentUrl\":\"https:\/\/secure.gravatar.com\/avatar\/34137ec2e2b8939cbbed975731e71f3f4f1defc7266ded337a5ce0f925426877?s=96&d=mm&r=g\",\"caption\":\"Mitxel Olabu\u00e9naga\"},\"url\":\"http:\/\/vincentians.com\/es\/author\/mitxel\/\"}]}<\/script>\n<!-- \/ Yoast SEO plugin. -->","yoast_head_json":{"title":"Vicente de Pa\u00fal y la Misi\u00f3n (XI) - Somos Vicencianos","robots":{"index":"index","follow":"follow","max-snippet":"max-snippet:-1","max-image-preview":"max-image-preview:large","max-video-preview":"max-video-preview:-1"},"canonical":"http:\/\/vincentians.com\/es\/vicente-de-paul-y-la-mision-xi\/","og_locale":"es_ES","og_type":"article","og_title":"Vicente de Pa\u00fal y la Misi\u00f3n (XI) - Somos Vicencianos","og_description":"LAS COFRAD\u00cdAS DE LA CARIDAD AL SERVICIO DE L MISI\u00d3N Dos instituciones, estrechamente relacionadas entre s\u00ed y dedicadas directamente a la Caridad, lleg\u00f3 a establecer Vicente de Pa\u00fal al servicio de la Misi\u00f3n: la Cofrad\u00edas ... Read More","og_url":"http:\/\/vincentians.com\/es\/vicente-de-paul-y-la-mision-xi\/","og_site_name":"Somos Vicencianos","article_publisher":"https:\/\/www.facebook.com\/WeAreVincentians\/","article_published_time":"2025-06-16T06:08:44+00:00","og_image":[{"width":1200,"height":799,"url":"https:\/\/i0.wp.com\/vincentians.com\/es\/wp-content\/uploads\/sites\/11\/2013\/05\/d.jpg?fit=1200%2C799","type":"image\/jpeg"}],"author":"Mitxel Olabu\u00e9naga","twitter_card":"summary_large_image","twitter_creator":"@WeVincentians","twitter_site":"@WeVincentians","twitter_misc":{"Escrito por":"Mitxel Olabu\u00e9naga","Tiempo de lectura":"7 minutos"},"schema":{"@context":"https:\/\/schema.org","@graph":[{"@type":"Article","@id":"http:\/\/vincentians.com\/es\/vicente-de-paul-y-la-mision-xi\/#article","isPartOf":{"@id":"http:\/\/vincentians.com\/es\/vicente-de-paul-y-la-mision-xi\/"},"author":{"name":"Mitxel Olabu\u00e9naga","@id":"http:\/\/vincentians.com\/es\/#\/schema\/person\/7c2670b4445a7ca9d164ea6acdb31859"},"headline":"Vicente de Pa\u00fal y la Misi\u00f3n (XI)","datePublished":"2025-06-16T06:08:44+00:00","mainEntityOfPage":{"@id":"http:\/\/vincentians.com\/es\/vicente-de-paul-y-la-mision-xi\/"},"wordCount":1473,"commentCount":0,"publisher":{"@id":"http:\/\/vincentians.com\/es\/#organization"},"image":{"@id":"http:\/\/vincentians.com\/es\/vicente-de-paul-y-la-mision-xi\/#primaryimage"},"thumbnailUrl":"https:\/\/i0.wp.com\/vincentians.com\/es\/wp-content\/uploads\/sites\/11\/2013\/05\/d.jpg?fit=1200%2C799","articleSection":["Formaci\u00f3n Vicenciana"],"inLanguage":"es","potentialAction":[{"@type":"CommentAction","name":"Comment","target":["http:\/\/vincentians.com\/es\/vicente-de-paul-y-la-mision-xi\/#respond"]}]},{"@type":"WebPage","@id":"http:\/\/vincentians.com\/es\/vicente-de-paul-y-la-mision-xi\/","url":"http:\/\/vincentians.com\/es\/vicente-de-paul-y-la-mision-xi\/","name":"Vicente de Pa\u00fal y la Misi\u00f3n (XI) - Somos Vicencianos","isPartOf":{"@id":"http:\/\/vincentians.com\/es\/#website"},"primaryImageOfPage":{"@id":"http:\/\/vincentians.com\/es\/vicente-de-paul-y-la-mision-xi\/#primaryimage"},"image":{"@id":"http:\/\/vincentians.com\/es\/vicente-de-paul-y-la-mision-xi\/#primaryimage"},"thumbnailUrl":"https:\/\/i0.wp.com\/vincentians.com\/es\/wp-content\/uploads\/sites\/11\/2013\/05\/d.jpg?fit=1200%2C799","datePublished":"2025-06-16T06:08:44+00:00","breadcrumb":{"@id":"http:\/\/vincentians.com\/es\/vicente-de-paul-y-la-mision-xi\/#breadcrumb"},"inLanguage":"es","potentialAction":[{"@type":"ReadAction","target":["http:\/\/vincentians.com\/es\/vicente-de-paul-y-la-mision-xi\/"]}]},{"@type":"ImageObject","inLanguage":"es","@id":"http:\/\/vincentians.com\/es\/vicente-de-paul-y-la-mision-xi\/#primaryimage","url":"https:\/\/i0.wp.com\/vincentians.com\/es\/wp-content\/uploads\/sites\/11\/2013\/05\/d.jpg?fit=1200%2C799","contentUrl":"https:\/\/i0.wp.com\/vincentians.com\/es\/wp-content\/uploads\/sites\/11\/2013\/05\/d.jpg?fit=1200%2C799","width":1200,"height":799,"caption":"- 49 TAB. On ignore actuellement l\u2019auteurs et la date de ce tableau. L\u2019origine est probablement espagnole vue la forme des cornettes et sans doute du 19e si\u00e8cle. Il a \u00e9t\u00e9 enregistr\u00e9 \u00e0 partir d\u2019une reproduction conserv\u00e9e aux Archives de la Congr\u00e9gation \u00e0 Paris."},{"@type":"BreadcrumbList","@id":"http:\/\/vincentians.com\/es\/vicente-de-paul-y-la-mision-xi\/#breadcrumb","itemListElement":[{"@type":"ListItem","position":1,"name":"Portada","item":"http:\/\/vincentians.com\/es\/"},{"@type":"ListItem","position":2,"name":"Vicente de Pa\u00fal y la Misi\u00f3n (XI)"}]},{"@type":"WebSite","@id":"http:\/\/vincentians.com\/es\/#website","url":"http:\/\/vincentians.com\/es\/","name":"Somos Vicencianos","description":"Know more to serve more","publisher":{"@id":"http:\/\/vincentians.com\/es\/#organization"},"potentialAction":[{"@type":"SearchAction","target":{"@type":"EntryPoint","urlTemplate":"http:\/\/vincentians.com\/es\/?s={search_term_string}"},"query-input":{"@type":"PropertyValueSpecification","valueRequired":true,"valueName":"search_term_string"}}],"inLanguage":"es"},{"@type":"Organization","@id":"http:\/\/vincentians.com\/es\/#organization","name":"The Vincentian Network","url":"http:\/\/vincentians.com\/es\/","logo":{"@type":"ImageObject","inLanguage":"es","@id":"http:\/\/vincentians.com\/es\/#\/schema\/logo\/image\/","url":"https:\/\/i1.wp.com\/vincentians.com\/es\/wp-content\/uploads\/sites\/11\/2016\/06\/Vincentian-Network-logo-big.png?fit=778%2C778","contentUrl":"https:\/\/i1.wp.com\/vincentians.com\/es\/wp-content\/uploads\/sites\/11\/2016\/06\/Vincentian-Network-logo-big.png?fit=778%2C778","width":778,"height":778,"caption":"The Vincentian Network"},"image":{"@id":"http:\/\/vincentians.com\/es\/#\/schema\/logo\/image\/"},"sameAs":["https:\/\/www.facebook.com\/WeAreVincentians\/","https:\/\/x.com\/WeVincentians"]},{"@type":"Person","@id":"http:\/\/vincentians.com\/es\/#\/schema\/person\/7c2670b4445a7ca9d164ea6acdb31859","name":"Mitxel Olabu\u00e9naga","image":{"@type":"ImageObject","inLanguage":"es","@id":"http:\/\/vincentians.com\/es\/#\/schema\/person\/image\/","url":"https:\/\/secure.gravatar.com\/avatar\/34137ec2e2b8939cbbed975731e71f3f4f1defc7266ded337a5ce0f925426877?s=96&d=mm&r=g","contentUrl":"https:\/\/secure.gravatar.com\/avatar\/34137ec2e2b8939cbbed975731e71f3f4f1defc7266ded337a5ce0f925426877?s=96&d=mm&r=g","caption":"Mitxel Olabu\u00e9naga"},"url":"http:\/\/vincentians.com\/es\/author\/mitxel\/"}]}},"jetpack_publicize_connections":[],"jetpack_featured_media_url":"https:\/\/i0.wp.com\/vincentians.com\/es\/wp-content\/uploads\/sites\/11\/2013\/05\/d.jpg?fit=1200%2C799","jetpack_sharing_enabled":true,"jetpack_shortlink":"https:\/\/wp.me\/p7ETMF-1HA0","jetpack-related-posts":[{"id":134886,"url":"http:\/\/vincentians.com\/es\/de-las-caridades-a-las-hijas-de-la-caridad\/","url_meta":{"origin":405852,"position":0},"title":"De las \u00abCaridades\u00bb a las \u00abHijas de la Caridad\u00bb","author":"Francisco Javier Fern\u00e1ndez Chento","date":"27\/08\/2016","format":false,"excerpt":"Estamos en 1617. Dos experiencias particularmente significativas marcan la vida de Vicente de Pa\u00fal, y est\u00e1n en el origen de sus dos realizaciones revolucionarias: la experiencia de Gannes Folleville y la de Ch\u00e1tillon-les-Dombes. Nacido el 24 de abril de 1581 en Pouy (hoy San Vicente de Pa\u00fal) en las cercan\u00edas\u2026","rel":"","context":"En \u00abHijas de la Caridad\u00bb","block_context":{"text":"Hijas de la Caridad","link":"http:\/\/vincentians.com\/es\/category\/la-familia-vicenciana\/ramas\/hijas-de-la-caridad\/"},"img":{"alt_text":"","src":"https:\/\/i0.wp.com\/vincentians.com\/es\/wp-content\/uploads\/sites\/11\/2016\/08\/hijas-caridad.jpg?fit=1200%2C630&resize=350%2C200","width":350,"height":200,"srcset":"https:\/\/i0.wp.com\/vincentians.com\/es\/wp-content\/uploads\/sites\/11\/2016\/08\/hijas-caridad.jpg?fit=1200%2C630&resize=350%2C200 1x, https:\/\/i0.wp.com\/vincentians.com\/es\/wp-content\/uploads\/sites\/11\/2016\/08\/hijas-caridad.jpg?fit=1200%2C630&resize=525%2C300 1.5x, https:\/\/i0.wp.com\/vincentians.com\/es\/wp-content\/uploads\/sites\/11\/2016\/08\/hijas-caridad.jpg?fit=1200%2C630&resize=700%2C400 2x, https:\/\/i0.wp.com\/vincentians.com\/es\/wp-content\/uploads\/sites\/11\/2016\/08\/hijas-caridad.jpg?fit=1200%2C630&resize=1050%2C600 3x"},"classes":[]},{"id":129146,"url":"http:\/\/vincentians.com\/es\/la-aprobacion-frustrada-de-la-compania\/","url_meta":{"origin":405852,"position":1},"title":"La aprobaci\u00f3n frustrada de la Compa\u00f1\u00eda","author":"Francisco Javier Fern\u00e1ndez Chento","date":"21\/06\/2025","format":false,"excerpt":"Los antecedentes Desde 1636, y con m\u00e1s realidad desde 1639, las Hijas de la Caridad ten\u00edan una exis\u00adtencia aut\u00f3noma y, en el gobierno de la Compa\u00f1\u00eda, eran independientes de hecho de las se\u00ad\u00f1oras de las Caridades. Desde 1640, los fundadores hab\u00edan ido dando a la Compa\u00f1\u00eda una organizaci\u00f3n y unas\u2026","rel":"","context":"En \u00abFormaci\u00f3n Vicenciana\u00bb","block_context":{"text":"Formaci\u00f3n Vicenciana","link":"http:\/\/vincentians.com\/es\/category\/formacion-vicenciana\/"},"img":{"alt_text":"","src":"https:\/\/i0.wp.com\/vincentians.com\/es\/wp-content\/uploads\/sites\/11\/2016\/10\/ranquines.jpg?fit=1200%2C630&resize=350%2C200","width":350,"height":200,"srcset":"https:\/\/i0.wp.com\/vincentians.com\/es\/wp-content\/uploads\/sites\/11\/2016\/10\/ranquines.jpg?fit=1200%2C630&resize=350%2C200 1x, https:\/\/i0.wp.com\/vincentians.com\/es\/wp-content\/uploads\/sites\/11\/2016\/10\/ranquines.jpg?fit=1200%2C630&resize=525%2C300 1.5x, https:\/\/i0.wp.com\/vincentians.com\/es\/wp-content\/uploads\/sites\/11\/2016\/10\/ranquines.jpg?fit=1200%2C630&resize=700%2C400 2x, https:\/\/i0.wp.com\/vincentians.com\/es\/wp-content\/uploads\/sites\/11\/2016\/10\/ranquines.jpg?fit=1200%2C630&resize=1050%2C600 3x"},"classes":[]},{"id":125956,"url":"http:\/\/vincentians.com\/es\/las-hijas-de-la-caridad\/","url_meta":{"origin":405852,"position":2},"title":"Las Hijas de la Caridad","author":"Francisco Javier Fern\u00e1ndez Chento","date":"07\/12\/2013","format":false,"excerpt":"Evoluci\u00f3n de las Caridades Aunque las Caridades estaban fundadas desde 1617, los dos santos las van a perfec\u00adcionar, acomod\u00e1ndolas a la realidad concreta de las se\u00f1oras de Par\u00eds y a los pobres de la ciudad. Sin cambiar ni el fin ni la naturaleza, las Caridades de Vicente de Pa\u00fal evolucio\u00adnaron\u2026","rel":"","context":"En \u00abLuisa de Marillac\u00bb","block_context":{"text":"Luisa de Marillac","link":"http:\/\/vincentians.com\/es\/category\/la-familia-vicenciana\/fundadores\/luisa-de-marillac\/"},"img":{"alt_text":"Santa Luisa de Marillac","src":"https:\/\/i0.wp.com\/vicencianos.org\/wp-content\/2013\/09\/santaluisa3.jpg?resize=350%2C200","width":350,"height":200},"classes":[]},{"id":387215,"url":"http:\/\/vincentians.com\/es\/las-hijas-de-la-caridad-2\/","url_meta":{"origin":405852,"position":3},"title":"Las Hijas de la Caridad","author":"Mitxel Olabu\u00e9naga","date":"16\/03\/2016","format":false,"excerpt":"Evoluci\u00f3n de las Caridades Aunque las Caridades estaban fundadas desde 1617, los dos cantos las van a perfeccionar, acomod\u00e1ndolas a la realidad concreta de las se\u00f1oras de Paris y a los pobres de la ciudad. Sin cambiar ni el fin ni la naturaleza, las Caridades de Vicente de Pa\u00fal evolucionaron\u2026","rel":"","context":"En \u00abHistoria de las Hijas de la Caridad\u00bb","block_context":{"text":"Historia de las Hijas de la Caridad","link":"http:\/\/vincentians.com\/es\/category\/historia-de-la-familia-vicenciana\/historia-de-las-hijas-de-la-caridad\/"},"img":{"alt_text":"HIjas-Caridad","src":"https:\/\/i0.wp.com\/vicencianos.org\/wp-content\/uploads\/2016\/03\/HIjas-Caridad-300x150.jpg?resize=350%2C200","width":350,"height":200},"classes":[]},{"id":130435,"url":"http:\/\/vincentians.com\/es\/las-viejas-caridades-vicencianas-y-las-modernas-conferencias-de-san-vicente-de-paul\/","url_meta":{"origin":405852,"position":4},"title":"Las viejas \u00abCaridades\u00bb y las modernas \u00abConferencias\u00bb","author":"Francisco Javier Fern\u00e1ndez Chento","date":"08\/05\/2014","format":false,"excerpt":"La cuna de las \"Caridades\" No muy lejos de Li\u00f3n, en las rientes y f\u00e9rtiles m\u00e1rgenes del Chalaronne, hay una peque\u00f1a poblaci\u00f3n, denominada Chatini les-Dombes, que en el a\u00f1o de gracia de 1617 acaba de adquirir en su nuevo y joven p\u00e1rroco, un gran tesoro. Tiene 36 a\u00f1os escasos. Llamase\u2026","rel":"","context":"En \u00abHistoria de la Sociedad de san Vicente de Pa\u00fal\u00bb","block_context":{"text":"Historia de la Sociedad de san Vicente de Pa\u00fal","link":"http:\/\/vincentians.com\/es\/category\/historia-de-la-familia-vicenciana\/historia-de-la-sociedad-de-san-vicente-de-paul\/"},"img":{"alt_text":"Retrato de Federico Ozanam en 1852, copia en miniatura del retrato hecho por Janmot Louis (1814-1892), hecha probablemente por el propio pintor.","src":"https:\/\/i0.wp.com\/vicencianos.org\/wp-content\/2014\/01\/Frederic_Ozanam.jpg?resize=350%2C200","width":350,"height":200},"classes":[]},{"id":405854,"url":"http:\/\/vincentians.com\/es\/vicente-de-paul-y-la-mision-xii\/","url_meta":{"origin":405852,"position":5},"title":"Vicente de Pa\u00fal y la Misi\u00f3n (XII)","author":"Mitxel Olabu\u00e9naga","date":"18\/06\/2025","format":false,"excerpt":"LAS HIJAS DE LA CARIDAD AL SERVICIO DE LA MISI\u00d3N 5.1. De las Cofrad\u00edas de la Caridad a las Hijas de la Caridad En torno a 1624-1625 Vicente de Pa\u00fal conoce a Luis de Marillac. El encuentro de Vicente de Pa\u00fal con Luis de Marillac \"tiene una repercusi\u00f3n incalculable, ya\u2026","rel":"","context":"En \u00abFormaci\u00f3n Vicenciana\u00bb","block_context":{"text":"Formaci\u00f3n Vicenciana","link":"http:\/\/vincentians.com\/es\/category\/formacion-vicenciana\/"},"img":{"alt_text":"","src":"https:\/\/i0.wp.com\/vincentians.com\/es\/wp-content\/uploads\/sites\/11\/2013\/05\/d.jpg?fit=1200%2C799&resize=350%2C200","width":350,"height":200,"srcset":"https:\/\/i0.wp.com\/vincentians.com\/es\/wp-content\/uploads\/sites\/11\/2013\/05\/d.jpg?fit=1200%2C799&resize=350%2C200 1x, https:\/\/i0.wp.com\/vincentians.com\/es\/wp-content\/uploads\/sites\/11\/2013\/05\/d.jpg?fit=1200%2C799&resize=525%2C300 1.5x, https:\/\/i0.wp.com\/vincentians.com\/es\/wp-content\/uploads\/sites\/11\/2013\/05\/d.jpg?fit=1200%2C799&resize=700%2C400 2x, https:\/\/i0.wp.com\/vincentians.com\/es\/wp-content\/uploads\/sites\/11\/2013\/05\/d.jpg?fit=1200%2C799&resize=1050%2C600 3x"},"classes":[]}],"_links":{"self":[{"href":"http:\/\/vincentians.com\/es\/wp-json\/wp\/v2\/posts\/405852","targetHints":{"allow":["GET"]}}],"collection":[{"href":"http:\/\/vincentians.com\/es\/wp-json\/wp\/v2\/posts"}],"about":[{"href":"http:\/\/vincentians.com\/es\/wp-json\/wp\/v2\/types\/post"}],"author":[{"embeddable":true,"href":"http:\/\/vincentians.com\/es\/wp-json\/wp\/v2\/users\/5"}],"replies":[{"embeddable":true,"href":"http:\/\/vincentians.com\/es\/wp-json\/wp\/v2\/comments?post=405852"}],"version-history":[{"count":1,"href":"http:\/\/vincentians.com\/es\/wp-json\/wp\/v2\/posts\/405852\/revisions"}],"predecessor-version":[{"id":405853,"href":"http:\/\/vincentians.com\/es\/wp-json\/wp\/v2\/posts\/405852\/revisions\/405853"}],"wp:featuredmedia":[{"embeddable":true,"href":"http:\/\/vincentians.com\/es\/wp-json\/wp\/v2\/media\/404161"}],"wp:attachment":[{"href":"http:\/\/vincentians.com\/es\/wp-json\/wp\/v2\/media?parent=405852"}],"wp:term":[{"taxonomy":"category","embeddable":true,"href":"http:\/\/vincentians.com\/es\/wp-json\/wp\/v2\/categories?post=405852"},{"taxonomy":"post_tag","embeddable":true,"href":"http:\/\/vincentians.com\/es\/wp-json\/wp\/v2\/tags?post=405852"}],"curies":[{"name":"wp","href":"https:\/\/api.w.org\/{rel}","templated":true}]}}