{"id":405828,"date":"2025-05-22T08:12:44","date_gmt":"2025-05-22T06:12:44","guid":{"rendered":"https:\/\/vincentians.com\/es\/?p=405828"},"modified":"2024-08-21T21:13:54","modified_gmt":"2024-08-21T19:13:54","slug":"vida-fraterna-en-comun-iii","status":"publish","type":"post","link":"http:\/\/vincentians.com\/es\/vida-fraterna-en-comun-iii\/","title":{"rendered":"Vida fraterna en com\u00fan (III)"},"content":{"rendered":"<p>De todo lo anterior, podemos concluir con facilidad, que la comunidad por deseo expreso de los fundadores es un elemento b\u00e1sico de nuestra vida vicenciana. <em>Vivir la unidad en el amor <\/em>se con\u00advierte en el coraz\u00f3n mismo de nuestra existencia y constituye el signo fundamental (de servicio y evangelizaci\u00f3n pr\u00e1ctica) en medio de nuestro mundo y sociedad. Creo que podemos dilatar sin temor a equivocarnos y, mucho menos, a traicionar nuestro carisma que:<\/p>\n<p>1.- Estamos llamados a vivir el valor de la <em>comuni\u00f3n en comu\u00adnidad; <\/em>a formar una familia comunitaria donde se viva la fraterni\u00addad, donde nos humanicemos mutuamente y favorezcamos, como signo de identificaci\u00f3n, la unidad en la diversidad verdadero rostro del amor de Jesucristo Evangelizador y Servidor de los Pobres. Recordad lo que nos ped\u00eda san Vicente: \u00ab&#8230; <em>Hermanos m\u00edos (&#8230;) os <\/em>ruego que rogu\u00e9is a su divina bondad que d\u00e9 a la Compa\u00f1\u00eda el esp\u00ed\u00adritu de uni\u00f3n, que no es otro m\u00e1s que el mismo Esp\u00edritu Santo, para que estando ella muy unida entre s\u00ed, pueda unir a los de fiera, ya que hemos sido fundados para reconciliar a las almas con Dios y a los hombres entre s\u00ed\u00bb (SVP, XI, 702). Esta \u00abcomuni\u00f3n en comuni\u00addad\u00bb es fundamental porque la convivencia fraterna es el alma de la vida com\u00fan. M\u00e1s todav\u00eda, podemos afirmar que no hay comunidad cristiana ni vicenciana sin esa caridad fraterna. No nos vendr\u00eda nada mal recordar y leer-meditar lo que san Pablo escribe a los Corintios en el cap\u00edtulo 13.<\/p>\n<p>2.- Nuestro estilo de vida se fundamenta en la comuni\u00f3n como valor y en la comunidad como estructura. Dos elementos claves y perfectamente en sinton\u00eda con nuestra sociedad actual. La comuni\u00f3n como valor supone la vivencia de nuestro estilo propio con las vir\u00adtudes propias hacia dentro: amor mutuo, uni\u00f3n, acogida, compren\u00adsi\u00f3n, di\u00e1logo, intercambio, capacidad de pedir perd\u00f3n y capacidad de darlo&#8230; A san Vicente no le temblaba el pulso a la hora de pre\u00adsentar los medios para lograr esta comuni\u00f3n: la estima mutua, el respeto, la deferencia de unos con otros&#8230; y combatir incesantemen\u00adte&#8230; la murmuraci\u00f3n&#8230; fuente de la divisi\u00f3n y el veneno de las comunidades (SVP, XI, 408) junto a la envidia&#8230; \u00absi hacemos la anotom\u00eda de las antipat\u00edas y disensiones, veremos que todo provie\u00adne de la envidia\u00bb (SVP, XI, 409).<\/p>\n<ol start=\"3\">\n<li>La comuni\u00f3n como valor hace que no se confunda la comu\u00adnidad con cualquier otra agrupaci\u00f3n, como puede ser un equipo, una cooperativa, una ONG&#8230; etc. Por eso, el orden, la disciplina, el proyecto&#8230; no ayudan ni construyen comunidad vicenciana (ser\u00edan canales secos o tubos vac\u00edos), si mis hermanos no me ayudan a lograr las grandes metas que libremente hemos escogido al entrar en la Comunidad. Todos los miembros de la Comunidad deben ser compa\u00f1eros de viaje, constructores del mismo proyecto, participantes de los gozos y las fatigas que van a surgir irremediablemente en el camino. De aqu\u00ed, esta firme convicci\u00f3n: la comuni\u00f3n no se establece sobre la mera obediencia sino sobre la fidelidad a la palabra dada, sobre el respeto mutuo y la participaci\u00f3n gozosa en lo conve\u00adnido. Nuestro modo propio nos lanza una llamada urgente a integrar las diversidades en la unidad. No cabe la menor duda que la diver\u00adsidad es una riqueza pero su integraci\u00f3n en la unidad, que promue\u00adve el Esp\u00edritu, requiere esfuerzo constante: \u00ab&#8230; esforzaos por man\u00adtener la unidad que crea el Esp\u00edritu\u00bb (Ef.4, 3). Esto exige la aten\u00adci\u00f3n al cultivo de los valores personales de cada miembro, as\u00ed como la ayuda requerida para lograr su integraci\u00f3n en el proyecto com\u00fan. Trat\u00e1ndose de la unidad que crea el Esp\u00edritu, habremos de pensar siempre en una integraci\u00f3n libre y voluntaria, en la que su funda\u00admento no es la \u00abmera obediencia\u00bb sino el discernimiento y acogida en el di\u00e1logo, de tal finilla que se comprendan mejor las demandas de la misi\u00f3n y las posibilidades y exigencias de respuesta con las que debe comprometerse cada miembro de la Comunidad.<\/li>\n<\/ol>\n<p>4.- Unidad en la diversidad. El fuerte individualismo que marca nuestra cultura contempor\u00e1nea ha de ser una llamada de aten\u00adci\u00f3n a pretensiones individualistas que disgregan la comunidad (vengan de donde vengan: superiores, hermanas sirvientes, particu\u00adlares&#8230;). La unidad no se logra por la imposici\u00f3n de obediencia reli\u00adgiosa sino por la integraci\u00f3n. No todo lo que sea distinto (o moder\u00adno) debe ser promovido, precisamente por serlo, sino tan solo en cuanto sirva al proyecto com\u00fan de servicio-evangelizador del pobre. Ya aquel famoso documento \u00abVida Fraterna en comunidad\u00bb dec\u00eda: \u00abQuien pretende vivir una vida independiente, al margen de la Comunidad, no ha emprendido ciertamente el camino seguro de la perfecci\u00f3n de su propio estado\u00bb (n. 25). Una de las grandes aporta\u00adciones de nuestro estilo de vida propio es favorecer esta unidad como continuaci\u00f3n de la misi\u00f3n com\u00fan que reclama a la Comunidad vicenciana revestirse de los mismos sentimientos de Cristo, vivir en la unidad de esp\u00edritu, de vida y acci\u00f3n.<\/p>\n<p>5.- Desde aqu\u00ed aportamos otro elemento important\u00edsimo: el sentido de pertenencia. Sin \u00e9l no existe comunidad. Pero pertenecer a la Comunidad es mucho m\u00e1s que vivir en ella y trabajar con ella. Radicalmente es encontrarse afectado por la misma llamada y la misma misi\u00f3n. Se recibe el mismo don que los dem\u00e1s hermanos para vivirlo fraternalmente unidos en Comunidad. As\u00ed, la vocaci\u00f3n es un don de Dios a la persona, concebida no como individuo aisla\u00addo para vivir con otro individuo aislado sino en referencia a la Comunidad. Jes\u00fas no llam\u00f3 a Pedro para que estuviera con Juan; ni a Juan para que estuviese con Santiago, ni a Santiago para que com\u00adpartiese trabajo con Andr\u00e9s&#8230; como si buscara un grupo de amigos idealistas y capaces de hacerse mucho bien si se relacionaban entre s\u00ed, si se enriquec\u00edan mutuamente desde lo que cada uno quisiera aportar, si se ayudaban entre s\u00ed a caminar y ten\u00edan un lugar para recuperar las fuerzas&#8230; No se trataba de eso. Jes\u00fas, como dijimos al principio, los llam\u00f3 \u00abpara estar con \u00c9l\u00bb. Claro, la consecuencia de esta construcci\u00f3n de unidad fue que formaron una Comunidad donde todos ten\u00edan como referencia fundamental a Cristo Jes\u00fas, eje principal de la relaci\u00f3n que se estableci\u00f3. Y, desde ese \u00abeje fundamental\u00bb se actuaba. Soy consciente que les estoy intentando comunicar que es preciso revalorizar el eje teol\u00f3gico de la pertenencia porque los elementos jur\u00eddicos no tendr\u00e1n valor ni consistencia si no pre\u00f1ados de los valores teologales que supone la entrega a Dios el servicio evangelizador de los pobres. Esto supone una donaci\u00f3n total (entrega generosa) de s\u00ed a Dios para el servicio evangelizador\u00a0 de\u00a0\u00a0 los pobres.<\/p>\n<p>De aqu\u00ed el siguiente punto que tambi\u00e9n podemos aportar como<\/p>\n<p>6.- La comunidad como estructura, no se fundamenta en la sino en la fraternidad. Exige de nosotros que la Dad sea verdaderamente centro de referencia fundamental amar. organizar, vivir&#8230; El servicio realizado tiene que de dos elementos claves: familia y responsabilidad forma que todo se \u00abponga sobre la mesa\u00bb para ser analizado y realizado. Nuestros documentos constitucionales, en este orden, nos abren unas posibilidades in\u00e9ditas en otras Congregaciones religiosas: discernimiento, di\u00e1logo, reflexi\u00f3n com\u00fan, diversidad, valores personales&#8230; y, personalmente, me atrevo a afir\u00admar que si estas son meras palabras sin un contenido profundo, asu\u00admido y asimilado, buscando una verdadera \u00abcorresponsabilidad\u00bb fra\u00adterna&#8230; haciendo basar todo en una \u00abmera distribuci\u00f3n de tareas\u00bb no seremos comunidad fraterna y como mucho nos convertiremos en \u00abempleados de una empresa que, m\u00e1s o menos, va tirando\u00bb.<\/p>\n<p>En esto estoy de pleno acuerdo con una frase que he copiado en mi cuaderno y no he tenido la precauci\u00f3n de anotar su procedencia: \u00abes preferible lo m\u00e1s imperfecto en unidad que lo m\u00e1s perfecto en desuni\u00f3n\u00bb. Creo que, desde nuestro carisma vicenciano, nuestros fundadores, estar\u00edan muy satisfechos si viesen en nosotros un testi\u00admonio aut\u00e9nticamente fraterno, actuando desde la unidad y haci\u00e9n\u00addonos conscientes de la gravedad de nuestras respuestas&#8230; m\u00e1s que de una eficiencia extraordinaria pero actuando aisladamente. Pienso que la \u00abpolilla que puede corroer nuestra vida\u00bb tiene su \u00abcaldo de cultivo\u00bb aliment\u00e1ndose en esas grandes capacidades que muchos Vicencianos tienen pero \u00aben solitario\u00bb, a su aire, haciendo prevale\u00adcer su proyecto&#8230; y no siendo conocidos, ni actuando como miem\u00adbros de la Comunidad.<\/p>\n<ol start=\"7\">\n<li>No dejemos de meditar aquella llamada de atenci\u00f3n que escribi\u00f3 nuestro fundador: \u00abEstad siempre unidos y Dios os bende\u00adcir\u00e1&#8230; El Esp\u00edritu de Cristo es un esp\u00edritu de uni\u00f3n y de paz. \u00bfC\u00f3mo podr\u00edais atraer a las almas a Jesucristo si no estuvieseis unidos entre vosotros y con \u00e9l mismo? De ninguna manera. Por tanto, no teng\u00e1is m\u00e1s que un mismo sentimiento y una misma voluntad; si no, ser\u00edais como los caballos que, atados a un mismo carro, se pusie\u00adran a tirar los unos de un lado, los otros de otro, y acabar\u00edan por estropearlo y destrozarlo todo. Dios nos llama para que trabajemos en su vi\u00f1a. Id, pues, como si no tuvierais en \u00e9l m\u00e1s que un solo cora\u00adz\u00f3n y una misma intenci\u00f3n; de esta manera es como producir\u00e9is fruto\u00bb (SVP, XI, 71).<\/li>\n<\/ol>\n<p>Y si quer\u00e9is esta otra del Papa Francisco: \u00abGracias a Dios vos\u00adotros no viv\u00eds y no trabaj\u00e1is como individuos aislados, sino como comunidad: y&#8230; \u00a1dad gracias a Dios por esto! La Comunidad sos\u00adtiene todo el apostolado. A veces las comunidades religiosas atra\u00adviesan tensiones, con el riesgo del individualismo y de la disper\u00adsi\u00f3n, mientras que se necesita una comunicaci\u00f3n profunda y rela\u00adciones aut\u00e9nticas. La fuerza humanizadora del evangelio es testi\u00admoniada por la fraternidad vivida en comunidad, hecha de acogi\u00adda, respeto, ayuda mutua, comprensi\u00f3n, cortes\u00eda, perd\u00f3n, alegr\u00eda&#8230; si a vuestra vida ordinaria le falta el testimonio y la profec\u00eda, enton\u00adces os repito otra vez, \u00a1es urgente una conversi\u00f3n.<\/p>\n<p>8.- Centralizar la mirada en Jesucristo, Evangelizador y Servidor de los Pobres.<\/p>\n<p>He aqu\u00ed el secreto espec\u00edfico de nuestro aporte comunitario. A veces da la impresi\u00f3n que nuestra mirada se queda en los alrededores la vida y con una fijaci\u00f3n exclusiva sobre algunos aspectos enfoques diversos, enfrentamientos, valoraciones, infantilismos relacionales, exclusivismos contradictorios nos llevan a la descentraci\u00f3n de la llamada del Se\u00f1or a colaborar en su vi\u00f1a. Nuestro aporte espec\u00edfico pasa por no perder Hijo con el Padre y el Esp\u00edritu Santo. Jes\u00fas no quer\u00eda que sus disc\u00edpulos se quedasen atrapados en las perspectivas meramente humanas de la relaci\u00f3n mutua pregunt\u00e1ndose qui\u00e9n es el mayor o de las aspiraciones y pretensiones de algunos&#8230; les llamaba fuertemente la atenci\u00f3n y trataba de volver \u2014de continuo\u2014 a la fuente: estar con \u00c9l\u201d.<\/p>\n<p>Al mismo tiempo que el Se\u00f1or env\u00eda a sus disc\u00edpulos a predicar, a toda criatura, los llama a estar con \u00c9l y a vivir unidos para que el mundo crea que Jes\u00fas es el enviado del Padre, al que se debe prestar la plena adhesi\u00f3n de la fe. El signo de la fraternidad es, por lo mismo, sumamente importante, porque es el signo que demuestra el origen divino del mensaje cristiano y posee la fuerza para abrir los corazones a la je. Por fecundidad de la vida religiosa depende de la calidad de la vida fraterna en com\u00fan\u00bb (VFC 54).<\/p>\n<p>Todos nos damos perfecta cuenta que si no conseguimos una renovaci\u00f3n \u00abde calidad\u00bb de la vida fraterna, como valor y como estructura, a la luz del Evangelio y del esp\u00edritu de los fundadores, nuestros actuales problemas de crisis: identidad, pertenencia, servicio evangelizador; apostolado, etc., ir\u00e1n adquiriendo grados insospechados que lejos de introducirnos en un dinamismo y vitalidad nueva, nos conducir\u00e1n a languidecer porque, desde la unidad centralizada en la mirada de Cristo, se pueden asumir con esperanza todos los problemas pero, sin dicha unidad, el deterioro de las relaciones y del testimonio es constante. Los fundadores intu\u00edan todo esto y nos enviaron a preguntarnos sobre la presencia activa de Cristo en la vida de la comunidad. Recordad el sabio consejo de san Vicente a aquel joven superior cuando le recomendaba que se preguntase c\u00f3mo se comportar\u00eda Cristo: \u00ab\u00bfEs esto conforme con las m\u00e1ximas del Hijo de Dios?\u00bb (SVP, XI, 239-240). He aqu\u00ed la m\u00e1xima, desde mi punto de vista, para lograr la renovaci\u00f3n provocativa y prof\u00e9tica de nuestra vida fraterna vicenciana. Permitidme que lo enuncie as\u00ed: el trato con Dios para ser fiel al propio modo de vida no es facultativo sino indispensable para fundamentar nuestra vida fraterna con miras al servicio siendo testigos en medio de nuestro mundo.<\/p>\n<p>&nbsp;<\/p>\n","protected":false},"excerpt":{"rendered":"<p>De todo lo anterior, podemos concluir con facilidad, que la comunidad por deseo expreso de los fundadores es un elemento b\u00e1sico de nuestra vida vicenciana. Vivir la unidad en el amor se con\u00advierte en el &#8230; <a href=\"http:\/\/vincentians.com\/es\/vida-fraterna-en-comun-iii\/\" class=\"more-link\">Read More<\/a><\/p>\n","protected":false},"author":5,"featured_media":405098,"comment_status":"open","ping_status":"open","sticky":false,"template":"","format":"standard","meta":{"jetpack_post_was_ever_published":false,"_jetpack_newsletter_access":"","_jetpack_dont_email_post_to_subs":false,"_jetpack_newsletter_tier_id":0,"_jetpack_memberships_contains_paywalled_content":false,"_jetpack_memberships_contains_paid_content":false,"footnotes":"","jetpack_publicize_message":"","jetpack_publicize_feature_enabled":true,"jetpack_social_post_already_shared":true,"jetpack_social_options":{"image_generator_settings":{"template":"highway","default_image_id":0,"font":"","enabled":false},"version":2}},"categories":[374,226],"tags":[],"class_list":["post-405828","post","type-post","status-publish","format-standard","has-post-thumbnail","hentry","category-espiritualidad","category-espiritualidad-vicenciana"],"yoast_head":"<!-- This site is optimized with the Yoast SEO plugin v26.3 - https:\/\/yoast.com\/wordpress\/plugins\/seo\/ -->\n<title>Vida fraterna en com\u00fan (III) - Somos Vicencianos<\/title>\n<meta name=\"robots\" content=\"index, follow, max-snippet:-1, max-image-preview:large, max-video-preview:-1\" \/>\n<link rel=\"canonical\" href=\"https:\/\/vincentians.com\/es\/vida-fraterna-en-comun-iii\/\" \/>\n<meta property=\"og:locale\" content=\"es_ES\" \/>\n<meta property=\"og:type\" content=\"article\" \/>\n<meta property=\"og:title\" content=\"Vida fraterna en com\u00fan (III) - Somos Vicencianos\" \/>\n<meta property=\"og:description\" content=\"De todo lo anterior, podemos concluir con facilidad, que la comunidad por deseo expreso de los fundadores es un elemento b\u00e1sico de nuestra vida vicenciana. Vivir la unidad en el amor se con\u00advierte en el ... Read More\" \/>\n<meta property=\"og:url\" content=\"https:\/\/vincentians.com\/es\/vida-fraterna-en-comun-iii\/\" \/>\n<meta property=\"og:site_name\" content=\"Somos Vicencianos\" \/>\n<meta property=\"article:publisher\" content=\"https:\/\/www.facebook.com\/WeAreVincentians\/\" \/>\n<meta property=\"article:published_time\" content=\"2025-05-22T06:12:44+00:00\" \/>\n<meta property=\"og:image\" content=\"https:\/\/i0.wp.com\/vincentians.com\/es\/wp-content\/uploads\/sites\/11\/2023\/08\/aa.jpg?fit=848%2C565&ssl=1\" \/>\n\t<meta property=\"og:image:width\" content=\"848\" \/>\n\t<meta property=\"og:image:height\" content=\"565\" \/>\n\t<meta property=\"og:image:type\" content=\"image\/jpeg\" \/>\n<meta name=\"author\" content=\"Mitxel Olabu\u00e9naga\" \/>\n<meta name=\"twitter:card\" content=\"summary_large_image\" \/>\n<meta name=\"twitter:creator\" content=\"@WeVincentians\" \/>\n<meta name=\"twitter:site\" content=\"@WeVincentians\" \/>\n<meta name=\"twitter:label1\" content=\"Escrito por\" \/>\n\t<meta name=\"twitter:data1\" content=\"Mitxel Olabu\u00e9naga\" \/>\n\t<meta name=\"twitter:label2\" content=\"Tiempo de lectura\" \/>\n\t<meta name=\"twitter:data2\" content=\"10 minutos\" \/>\n<script type=\"application\/ld+json\" class=\"yoast-schema-graph\">{\"@context\":\"https:\/\/schema.org\",\"@graph\":[{\"@type\":\"Article\",\"@id\":\"https:\/\/vincentians.com\/es\/vida-fraterna-en-comun-iii\/#article\",\"isPartOf\":{\"@id\":\"https:\/\/vincentians.com\/es\/vida-fraterna-en-comun-iii\/\"},\"author\":{\"name\":\"Mitxel Olabu\u00e9naga\",\"@id\":\"http:\/\/vincentians.com\/es\/#\/schema\/person\/7c2670b4445a7ca9d164ea6acdb31859\"},\"headline\":\"Vida fraterna en com\u00fan (III)\",\"datePublished\":\"2025-05-22T06:12:44+00:00\",\"mainEntityOfPage\":{\"@id\":\"https:\/\/vincentians.com\/es\/vida-fraterna-en-comun-iii\/\"},\"wordCount\":2215,\"commentCount\":0,\"publisher\":{\"@id\":\"http:\/\/vincentians.com\/es\/#organization\"},\"image\":{\"@id\":\"https:\/\/vincentians.com\/es\/vida-fraterna-en-comun-iii\/#primaryimage\"},\"thumbnailUrl\":\"https:\/\/i0.wp.com\/vincentians.com\/es\/wp-content\/uploads\/sites\/11\/2023\/08\/aa.jpg?fit=848%2C565\",\"articleSection\":[\"Espiritualidad\",\"Espiritualidad vicenciana\"],\"inLanguage\":\"es\",\"potentialAction\":[{\"@type\":\"CommentAction\",\"name\":\"Comment\",\"target\":[\"https:\/\/vincentians.com\/es\/vida-fraterna-en-comun-iii\/#respond\"]}]},{\"@type\":\"WebPage\",\"@id\":\"https:\/\/vincentians.com\/es\/vida-fraterna-en-comun-iii\/\",\"url\":\"https:\/\/vincentians.com\/es\/vida-fraterna-en-comun-iii\/\",\"name\":\"Vida fraterna en com\u00fan (III) - Somos Vicencianos\",\"isPartOf\":{\"@id\":\"http:\/\/vincentians.com\/es\/#website\"},\"primaryImageOfPage\":{\"@id\":\"https:\/\/vincentians.com\/es\/vida-fraterna-en-comun-iii\/#primaryimage\"},\"image\":{\"@id\":\"https:\/\/vincentians.com\/es\/vida-fraterna-en-comun-iii\/#primaryimage\"},\"thumbnailUrl\":\"https:\/\/i0.wp.com\/vincentians.com\/es\/wp-content\/uploads\/sites\/11\/2023\/08\/aa.jpg?fit=848%2C565\",\"datePublished\":\"2025-05-22T06:12:44+00:00\",\"breadcrumb\":{\"@id\":\"https:\/\/vincentians.com\/es\/vida-fraterna-en-comun-iii\/#breadcrumb\"},\"inLanguage\":\"es\",\"potentialAction\":[{\"@type\":\"ReadAction\",\"target\":[\"https:\/\/vincentians.com\/es\/vida-fraterna-en-comun-iii\/\"]}]},{\"@type\":\"ImageObject\",\"inLanguage\":\"es\",\"@id\":\"https:\/\/vincentians.com\/es\/vida-fraterna-en-comun-iii\/#primaryimage\",\"url\":\"https:\/\/i0.wp.com\/vincentians.com\/es\/wp-content\/uploads\/sites\/11\/2023\/08\/aa.jpg?fit=848%2C565\",\"contentUrl\":\"https:\/\/i0.wp.com\/vincentians.com\/es\/wp-content\/uploads\/sites\/11\/2023\/08\/aa.jpg?fit=848%2C565\",\"width\":848,\"height\":565},{\"@type\":\"BreadcrumbList\",\"@id\":\"https:\/\/vincentians.com\/es\/vida-fraterna-en-comun-iii\/#breadcrumb\",\"itemListElement\":[{\"@type\":\"ListItem\",\"position\":1,\"name\":\"Portada\",\"item\":\"http:\/\/vincentians.com\/es\/\"},{\"@type\":\"ListItem\",\"position\":2,\"name\":\"Vida fraterna en com\u00fan (III)\"}]},{\"@type\":\"WebSite\",\"@id\":\"http:\/\/vincentians.com\/es\/#website\",\"url\":\"http:\/\/vincentians.com\/es\/\",\"name\":\"Somos Vicencianos\",\"description\":\"Know more to serve more\",\"publisher\":{\"@id\":\"http:\/\/vincentians.com\/es\/#organization\"},\"potentialAction\":[{\"@type\":\"SearchAction\",\"target\":{\"@type\":\"EntryPoint\",\"urlTemplate\":\"http:\/\/vincentians.com\/es\/?s={search_term_string}\"},\"query-input\":{\"@type\":\"PropertyValueSpecification\",\"valueRequired\":true,\"valueName\":\"search_term_string\"}}],\"inLanguage\":\"es\"},{\"@type\":\"Organization\",\"@id\":\"http:\/\/vincentians.com\/es\/#organization\",\"name\":\"The Vincentian Network\",\"url\":\"http:\/\/vincentians.com\/es\/\",\"logo\":{\"@type\":\"ImageObject\",\"inLanguage\":\"es\",\"@id\":\"http:\/\/vincentians.com\/es\/#\/schema\/logo\/image\/\",\"url\":\"https:\/\/i1.wp.com\/vincentians.com\/es\/wp-content\/uploads\/sites\/11\/2016\/06\/Vincentian-Network-logo-big.png?fit=778%2C778\",\"contentUrl\":\"https:\/\/i1.wp.com\/vincentians.com\/es\/wp-content\/uploads\/sites\/11\/2016\/06\/Vincentian-Network-logo-big.png?fit=778%2C778\",\"width\":778,\"height\":778,\"caption\":\"The Vincentian Network\"},\"image\":{\"@id\":\"http:\/\/vincentians.com\/es\/#\/schema\/logo\/image\/\"},\"sameAs\":[\"https:\/\/www.facebook.com\/WeAreVincentians\/\",\"https:\/\/x.com\/WeVincentians\"]},{\"@type\":\"Person\",\"@id\":\"http:\/\/vincentians.com\/es\/#\/schema\/person\/7c2670b4445a7ca9d164ea6acdb31859\",\"name\":\"Mitxel Olabu\u00e9naga\",\"image\":{\"@type\":\"ImageObject\",\"inLanguage\":\"es\",\"@id\":\"http:\/\/vincentians.com\/es\/#\/schema\/person\/image\/\",\"url\":\"https:\/\/secure.gravatar.com\/avatar\/34137ec2e2b8939cbbed975731e71f3f4f1defc7266ded337a5ce0f925426877?s=96&d=mm&r=g\",\"contentUrl\":\"https:\/\/secure.gravatar.com\/avatar\/34137ec2e2b8939cbbed975731e71f3f4f1defc7266ded337a5ce0f925426877?s=96&d=mm&r=g\",\"caption\":\"Mitxel Olabu\u00e9naga\"},\"url\":\"http:\/\/vincentians.com\/es\/author\/mitxel\/\"}]}<\/script>\n<!-- \/ Yoast SEO plugin. -->","yoast_head_json":{"title":"Vida fraterna en com\u00fan (III) - Somos Vicencianos","robots":{"index":"index","follow":"follow","max-snippet":"max-snippet:-1","max-image-preview":"max-image-preview:large","max-video-preview":"max-video-preview:-1"},"canonical":"https:\/\/vincentians.com\/es\/vida-fraterna-en-comun-iii\/","og_locale":"es_ES","og_type":"article","og_title":"Vida fraterna en com\u00fan (III) - Somos Vicencianos","og_description":"De todo lo anterior, podemos concluir con facilidad, que la comunidad por deseo expreso de los fundadores es un elemento b\u00e1sico de nuestra vida vicenciana. Vivir la unidad en el amor se con\u00advierte en el ... Read More","og_url":"https:\/\/vincentians.com\/es\/vida-fraterna-en-comun-iii\/","og_site_name":"Somos Vicencianos","article_publisher":"https:\/\/www.facebook.com\/WeAreVincentians\/","article_published_time":"2025-05-22T06:12:44+00:00","og_image":[{"width":848,"height":565,"url":"https:\/\/i0.wp.com\/vincentians.com\/es\/wp-content\/uploads\/sites\/11\/2023\/08\/aa.jpg?fit=848%2C565&ssl=1","type":"image\/jpeg"}],"author":"Mitxel Olabu\u00e9naga","twitter_card":"summary_large_image","twitter_creator":"@WeVincentians","twitter_site":"@WeVincentians","twitter_misc":{"Escrito por":"Mitxel Olabu\u00e9naga","Tiempo de lectura":"10 minutos"},"schema":{"@context":"https:\/\/schema.org","@graph":[{"@type":"Article","@id":"https:\/\/vincentians.com\/es\/vida-fraterna-en-comun-iii\/#article","isPartOf":{"@id":"https:\/\/vincentians.com\/es\/vida-fraterna-en-comun-iii\/"},"author":{"name":"Mitxel Olabu\u00e9naga","@id":"http:\/\/vincentians.com\/es\/#\/schema\/person\/7c2670b4445a7ca9d164ea6acdb31859"},"headline":"Vida fraterna en com\u00fan (III)","datePublished":"2025-05-22T06:12:44+00:00","mainEntityOfPage":{"@id":"https:\/\/vincentians.com\/es\/vida-fraterna-en-comun-iii\/"},"wordCount":2215,"commentCount":0,"publisher":{"@id":"http:\/\/vincentians.com\/es\/#organization"},"image":{"@id":"https:\/\/vincentians.com\/es\/vida-fraterna-en-comun-iii\/#primaryimage"},"thumbnailUrl":"https:\/\/i0.wp.com\/vincentians.com\/es\/wp-content\/uploads\/sites\/11\/2023\/08\/aa.jpg?fit=848%2C565","articleSection":["Espiritualidad","Espiritualidad vicenciana"],"inLanguage":"es","potentialAction":[{"@type":"CommentAction","name":"Comment","target":["https:\/\/vincentians.com\/es\/vida-fraterna-en-comun-iii\/#respond"]}]},{"@type":"WebPage","@id":"https:\/\/vincentians.com\/es\/vida-fraterna-en-comun-iii\/","url":"https:\/\/vincentians.com\/es\/vida-fraterna-en-comun-iii\/","name":"Vida fraterna en com\u00fan (III) - Somos Vicencianos","isPartOf":{"@id":"http:\/\/vincentians.com\/es\/#website"},"primaryImageOfPage":{"@id":"https:\/\/vincentians.com\/es\/vida-fraterna-en-comun-iii\/#primaryimage"},"image":{"@id":"https:\/\/vincentians.com\/es\/vida-fraterna-en-comun-iii\/#primaryimage"},"thumbnailUrl":"https:\/\/i0.wp.com\/vincentians.com\/es\/wp-content\/uploads\/sites\/11\/2023\/08\/aa.jpg?fit=848%2C565","datePublished":"2025-05-22T06:12:44+00:00","breadcrumb":{"@id":"https:\/\/vincentians.com\/es\/vida-fraterna-en-comun-iii\/#breadcrumb"},"inLanguage":"es","potentialAction":[{"@type":"ReadAction","target":["https:\/\/vincentians.com\/es\/vida-fraterna-en-comun-iii\/"]}]},{"@type":"ImageObject","inLanguage":"es","@id":"https:\/\/vincentians.com\/es\/vida-fraterna-en-comun-iii\/#primaryimage","url":"https:\/\/i0.wp.com\/vincentians.com\/es\/wp-content\/uploads\/sites\/11\/2023\/08\/aa.jpg?fit=848%2C565","contentUrl":"https:\/\/i0.wp.com\/vincentians.com\/es\/wp-content\/uploads\/sites\/11\/2023\/08\/aa.jpg?fit=848%2C565","width":848,"height":565},{"@type":"BreadcrumbList","@id":"https:\/\/vincentians.com\/es\/vida-fraterna-en-comun-iii\/#breadcrumb","itemListElement":[{"@type":"ListItem","position":1,"name":"Portada","item":"http:\/\/vincentians.com\/es\/"},{"@type":"ListItem","position":2,"name":"Vida fraterna en com\u00fan (III)"}]},{"@type":"WebSite","@id":"http:\/\/vincentians.com\/es\/#website","url":"http:\/\/vincentians.com\/es\/","name":"Somos Vicencianos","description":"Know more to serve more","publisher":{"@id":"http:\/\/vincentians.com\/es\/#organization"},"potentialAction":[{"@type":"SearchAction","target":{"@type":"EntryPoint","urlTemplate":"http:\/\/vincentians.com\/es\/?s={search_term_string}"},"query-input":{"@type":"PropertyValueSpecification","valueRequired":true,"valueName":"search_term_string"}}],"inLanguage":"es"},{"@type":"Organization","@id":"http:\/\/vincentians.com\/es\/#organization","name":"The Vincentian Network","url":"http:\/\/vincentians.com\/es\/","logo":{"@type":"ImageObject","inLanguage":"es","@id":"http:\/\/vincentians.com\/es\/#\/schema\/logo\/image\/","url":"https:\/\/i1.wp.com\/vincentians.com\/es\/wp-content\/uploads\/sites\/11\/2016\/06\/Vincentian-Network-logo-big.png?fit=778%2C778","contentUrl":"https:\/\/i1.wp.com\/vincentians.com\/es\/wp-content\/uploads\/sites\/11\/2016\/06\/Vincentian-Network-logo-big.png?fit=778%2C778","width":778,"height":778,"caption":"The Vincentian Network"},"image":{"@id":"http:\/\/vincentians.com\/es\/#\/schema\/logo\/image\/"},"sameAs":["https:\/\/www.facebook.com\/WeAreVincentians\/","https:\/\/x.com\/WeVincentians"]},{"@type":"Person","@id":"http:\/\/vincentians.com\/es\/#\/schema\/person\/7c2670b4445a7ca9d164ea6acdb31859","name":"Mitxel Olabu\u00e9naga","image":{"@type":"ImageObject","inLanguage":"es","@id":"http:\/\/vincentians.com\/es\/#\/schema\/person\/image\/","url":"https:\/\/secure.gravatar.com\/avatar\/34137ec2e2b8939cbbed975731e71f3f4f1defc7266ded337a5ce0f925426877?s=96&d=mm&r=g","contentUrl":"https:\/\/secure.gravatar.com\/avatar\/34137ec2e2b8939cbbed975731e71f3f4f1defc7266ded337a5ce0f925426877?s=96&d=mm&r=g","caption":"Mitxel Olabu\u00e9naga"},"url":"http:\/\/vincentians.com\/es\/author\/mitxel\/"}]}},"jetpack_publicize_connections":[],"jetpack_featured_media_url":"https:\/\/i0.wp.com\/vincentians.com\/es\/wp-content\/uploads\/sites\/11\/2023\/08\/aa.jpg?fit=848%2C565","jetpack_sharing_enabled":true,"jetpack_shortlink":"https:\/\/wp.me\/p7ETMF-1HzC","jetpack-related-posts":[{"id":131332,"url":"http:\/\/vincentians.com\/es\/vida-fraterna-en-comun\/","url_meta":{"origin":405828,"position":0},"title":"Vida fraterna en com\u00fan","author":"Francisco Javier Fern\u00e1ndez Chento","date":"01\/10\/2014","format":false,"excerpt":"\"Mientras sub\u00eda a la monta\u00f1a fue llamando a los que \u00e9l quiso y se reunieron con \u00e9l. Design\u00f3 a doce para que fueran sus compa\u00f1eros y para enviarles a predicar con poder de expulsar demonios\". (Mc. 7, 13.15). \"La Congregaci\u00f3n de la Misi\u00f3n es una sociedad clerical de vida apost\u00f3lica\u2026","rel":"","context":"En \u00abEspiritualidad vicenciana\u00bb","block_context":{"text":"Espiritualidad vicenciana","link":"http:\/\/vincentians.com\/es\/category\/espiritualidad\/espiritualidad-vicenciana\/"},"img":{"alt_text":"duccio296","src":"https:\/\/i0.wp.com\/vicencianos.org\/wp-content\/2014\/10\/duccio296-300x240.jpg?resize=350%2C200","width":350,"height":200},"classes":[]},{"id":140961,"url":"http:\/\/vincentians.com\/es\/en-comunidad-como-jesus-con-sus-discipulos\/","url_meta":{"origin":405828,"position":1},"title":"En comunidad como Jes\u00fas con sus disc\u00edpulos","author":"Francisco Javier Fern\u00e1ndez Chento","date":"27\/02\/2015","format":false,"excerpt":"\u00abPor aquel entonces se fue \u00ada la monta\u00f1a a orar y se pas\u00f3 \u00adla noche orando a Dios. Cuando se hizo de d\u00eda llam\u00f3 a sus disc\u00edpulos, escogi\u00f3 a doce de ellos y los nombr\u00f3 ap\u00f3stoles\u00bb. (Lc 6,12-13). \u00abSeguimos a Cristo que convoca a los ap\u00f3stoles y disc\u00edpulos y que\u2026","rel":"","context":"En \u00abEspiritualidad vicenciana\u00bb","block_context":{"text":"Espiritualidad vicenciana","link":"http:\/\/vincentians.com\/es\/category\/espiritualidad\/espiritualidad-vicenciana\/"},"img":{"alt_text":"asd","src":"https:\/\/i0.wp.com\/vicencianos.org\/wp-content\/2015\/02\/asd3-300x195.jpg?resize=350%2C200","width":350,"height":200},"classes":[]},{"id":141977,"url":"http:\/\/vincentians.com\/es\/comunidades-de-bienes\/","url_meta":{"origin":405828,"position":2},"title":"Comunidades de bienes","author":"Francisco Javier Fern\u00e1ndez Chento","date":"29\/03\/2015","format":false,"excerpt":"\u00abEn el grupo de los creyen\u00adtes todos pensaban y sent\u00edan lo mismo: pose\u00edan todo en com\u00fan y nadie consideraba suyo nada de lo que ten\u00eda. Los ap\u00f3stoles daban testimo\u00adnio de la Resurrecci\u00f3n del Se\u00f1or con mucha eficacia; todos ellos eran bien mira\u00addos porque entre ellos nin\u00adguno pasaba necesidad, ya que\u2026","rel":"","context":"En \u00abEspiritualidad vicenciana\u00bb","block_context":{"text":"Espiritualidad vicenciana","link":"http:\/\/vincentians.com\/es\/category\/espiritualidad\/espiritualidad-vicenciana\/"},"img":{"alt_text":"asd","src":"https:\/\/i0.wp.com\/vicencianos.org\/wp-content\/2015\/03\/asd16-300x210.jpg?resize=350%2C200","width":350,"height":200},"classes":[]},{"id":143745,"url":"http:\/\/vincentians.com\/es\/espiritualidad-de-misevi\/","url_meta":{"origin":405828,"position":3},"title":"Espiritualidad de MISEVI","author":"Francisco Javier Fern\u00e1ndez Chento","date":"22\/04\/2015","format":false,"excerpt":"1.- Esta es nuestra historia y nuestra vida Introducci\u00f3n La animaci\u00f3n misionera realizada por JMV, desde 1984, ha facilitado que los j\u00f3venes de JMV-Espa\u00f1a realizasen experiencias misioneras \"Ad Gentes\" durante los meses de vacaciones, un promedio de treinta por temporada. Tres a\u00f1os m\u00e1s tarde, en 1987, algunos de estos j\u00f3venes\u2026","rel":"","context":"En \u00abMisevi\u00bb","block_context":{"text":"Misevi","link":"http:\/\/vincentians.com\/es\/category\/la-familia-vicenciana\/ramas\/misevi\/"},"img":{"alt_text":"documento_de_espiritualidad-1","src":"https:\/\/i0.wp.com\/vicencianos.org\/wp-content\/2015\/04\/documento_de_espiritualidad-1-300x287.jpg?resize=350%2C200","width":350,"height":200},"classes":[]},{"id":140998,"url":"http:\/\/vincentians.com\/es\/unidos-por-la-fuerza-del-espiritu\/","url_meta":{"origin":405828,"position":4},"title":"Unidos por la fuerza del Esp\u00edritu","author":"Francisco Javier Fern\u00e1ndez Chento","date":"28\/02\/2015","format":false,"excerpt":"\u00abLa Iglesia se iba construyendo, progresaba en la fidelidad al Se\u00f1or y se multipli\u00adcaba, alentada por el Esp\u00edritu Santo\u00bb. (Hch 9,31).\u00ad \u00abBajo el soplo del Esp\u00edritu Santo construimos la unidad entre nosotros al realizar la misi\u00f3n, a fin de dar un testimonio fehaciente de Cristo Salvador\u00bb. C 20,3). Si Cristo\u2026","rel":"","context":"En \u00abEspiritualidad vicenciana\u00bb","block_context":{"text":"Espiritualidad vicenciana","link":"http:\/\/vincentians.com\/es\/category\/espiritualidad\/espiritualidad-vicenciana\/"},"img":{"alt_text":"asd","src":"https:\/\/i0.wp.com\/vicencianos.org\/wp-content\/2015\/02\/asd7-300x274.jpg?resize=350%2C200","width":350,"height":200},"classes":[]},{"id":398646,"url":"http:\/\/vincentians.com\/es\/aportacion-del-carisma-vicenciano-la-mision-la-iglesia-10-fin\/","url_meta":{"origin":405828,"position":5},"title":"Aportaci\u00f3n del carisma vicenciano a la Misi\u00f3n de la Iglesia (10 &#8211; Fin)","author":"Francisco Javier Fern\u00e1ndez Chento","date":"13\/08\/2016","format":false,"excerpt":"10.- La circularidad vicenciana: de Cristo a los pobres, de los pobres a Cristo. Para concluir esta reflexi\u00f3n sobre la aportaci\u00f3n del carisma vicenciano a la Misi\u00f3n de la Iglesia, me parece oportuno referirme a la \u201ccircularidad\u201d vicenciana: de Cristo a los pobres, de los pobres a Cristo. \u201cAmemos al\u2026","rel":"","context":"En \u00abFormaci\u00f3n Vicenciana\u00bb","block_context":{"text":"Formaci\u00f3n Vicenciana","link":"http:\/\/vincentians.com\/es\/category\/formacion-vicenciana\/"},"img":{"alt_text":"","src":"https:\/\/i0.wp.com\/vincentians.com\/es\/wp-content\/uploads\/sites\/11\/2016\/06\/contributions-charism.jpg?fit=1200%2C630&resize=350%2C200","width":350,"height":200,"srcset":"https:\/\/i0.wp.com\/vincentians.com\/es\/wp-content\/uploads\/sites\/11\/2016\/06\/contributions-charism.jpg?fit=1200%2C630&resize=350%2C200 1x, https:\/\/i0.wp.com\/vincentians.com\/es\/wp-content\/uploads\/sites\/11\/2016\/06\/contributions-charism.jpg?fit=1200%2C630&resize=525%2C300 1.5x, https:\/\/i0.wp.com\/vincentians.com\/es\/wp-content\/uploads\/sites\/11\/2016\/06\/contributions-charism.jpg?fit=1200%2C630&resize=700%2C400 2x, https:\/\/i0.wp.com\/vincentians.com\/es\/wp-content\/uploads\/sites\/11\/2016\/06\/contributions-charism.jpg?fit=1200%2C630&resize=1050%2C600 3x"},"classes":[]}],"_links":{"self":[{"href":"http:\/\/vincentians.com\/es\/wp-json\/wp\/v2\/posts\/405828","targetHints":{"allow":["GET"]}}],"collection":[{"href":"http:\/\/vincentians.com\/es\/wp-json\/wp\/v2\/posts"}],"about":[{"href":"http:\/\/vincentians.com\/es\/wp-json\/wp\/v2\/types\/post"}],"author":[{"embeddable":true,"href":"http:\/\/vincentians.com\/es\/wp-json\/wp\/v2\/users\/5"}],"replies":[{"embeddable":true,"href":"http:\/\/vincentians.com\/es\/wp-json\/wp\/v2\/comments?post=405828"}],"version-history":[{"count":1,"href":"http:\/\/vincentians.com\/es\/wp-json\/wp\/v2\/posts\/405828\/revisions"}],"predecessor-version":[{"id":405829,"href":"http:\/\/vincentians.com\/es\/wp-json\/wp\/v2\/posts\/405828\/revisions\/405829"}],"wp:featuredmedia":[{"embeddable":true,"href":"http:\/\/vincentians.com\/es\/wp-json\/wp\/v2\/media\/405098"}],"wp:attachment":[{"href":"http:\/\/vincentians.com\/es\/wp-json\/wp\/v2\/media?parent=405828"}],"wp:term":[{"taxonomy":"category","embeddable":true,"href":"http:\/\/vincentians.com\/es\/wp-json\/wp\/v2\/categories?post=405828"},{"taxonomy":"post_tag","embeddable":true,"href":"http:\/\/vincentians.com\/es\/wp-json\/wp\/v2\/tags?post=405828"}],"curies":[{"name":"wp","href":"https:\/\/api.w.org\/{rel}","templated":true}]}}