{"id":405823,"date":"2025-05-18T08:07:11","date_gmt":"2025-05-18T06:07:11","guid":{"rendered":"https:\/\/vincentians.com\/es\/?p=405823"},"modified":"2024-08-21T21:11:21","modified_gmt":"2024-08-21T19:11:21","slug":"vida-fraterna-en-comun-i","status":"publish","type":"post","link":"http:\/\/vincentians.com\/es\/vida-fraterna-en-comun-i\/","title":{"rendered":"Vida fraterna en com\u00fan (I)"},"content":{"rendered":"<p>INTRODUCCI\u00d3N<\/p>\n<p>Agradezco a la direcci\u00f3n de la Semana Vicenciana la oportuni\u00addad que me brinda de reflexionar <em>\u00aben alto\u00bb <\/em>sobre un tema que, con\u00adsidero de vital importancia, para la vivencia de nuestra vocaci\u00f3n cristiana-cat\u00f3lica y vicenciana: <em>la vida fraterna en com\u00fan. <\/em>Realmente si me atuviese al t\u00edtulo que ustedes tienen en el progra\u00adma, facilitado por el director de esta Semana, tendr\u00edamos que dedi\u00adcarle toda la Semana y nos faltar\u00eda tiempo. <em>\u00abVida fraterna en com\u00fan, seg\u00fan el propio modo de vida\u00bb, en la Compa\u00f1\u00eda de las Hijas de la Caridad y en la Congregaci\u00f3n de la Misi\u00f3n y en la vida con\u00adsagrada\u00bb. <\/em>Por eso, perm\u00edtanme acotar un tanto el tema e intentar reflexionar en los elementos, que considero esenciales, para intentar dar alguna respuesta a esta <em>\u00abvida fraterna en com\u00fan seg\u00fan el pro\u00adpio modo de vida vicenciana\u00bb <\/em>aun siendo consciente de las diferen\u00adcias entre el actual estilo de vida de la Compa\u00f1\u00eda y el de la Congregaci\u00f3n de la Misi\u00f3n. Buscar\u00e9 los elementos que nos pueden unir y ayudar a reflexionar en este \u00e1mbito.<\/p>\n<p><strong>Realidad de Fe<\/strong><\/p>\n<p>La comunidad religiosa es, ante todo, una realidad de fe <em>\u00abcomo expresi\u00f3n de Iglesia, es fruto del Esp\u00edritu y participaci\u00f3n en la comu\u00adni\u00f3n trinitaria. (.) Se trata de retomar con fe la reflexi\u00f3n sobre el sentido teologal de la vida fraterna en com\u00fan, convencerse de que a trav\u00e9s de ella pasa el testimonio de la consagraci\u00f3n\u00bb (VFC1). <\/em>O, como tambi\u00e9n se afirma, <em>\u00abla comunidad, antes de ser un instrumen\u00adto para una determinada misi\u00f3n, es un lugar teologal\u00bb (VFC, 42c); y <\/em>m\u00e1s todav\u00eda: \u00ab&#8230; <em>la vida fraterna (&#8230;) es un espacio teologal donde se puede experimentar la presencia m\u00edstica del Se\u00f1or Resucitado&#8230; espacio humano habitado por la Trinidad, que prolonga de esta manera en la historia los dones de la comuni\u00f3n propios de las tres personas divinas(&#8230;); es una de las huellas concretas que la Trinidad deja en la historia, para que los hombres puedan percibir la fascina\u00adci\u00f3n y la nostalgia de la belleza divina (&#8230;) signo luminoso de la nueva Jerusal\u00e9n, morada de Dios con los hombres\u00bb (VC 41.20 y 45), <\/em>es decir, el lugar donde Cristo derriba los muros de toda separaci\u00f3n para hacernos capaces de <em>\u00abser reconocidos \u00abpor <\/em>el mandamiento pri\u00admero <em>\u00absi os am\u00e1is todos conocer\u00e1n que sois mis disc\u00edpulos\u00bb. <\/em>Lugar teologal donde todos sus miembros se reconocen como hermanos: <em>\u00abvosotros sois hermanos\u00bb <\/em>(Mt 23, 8), fraternidad que se fundamen\u00adta en una comprensi\u00f3n nueva de la corresponsabilidad que busca el di\u00e1logo, supera el individualismo y favorece el entendimiento mutuo. De aqu\u00ed que se proyecte, en todas las Constituciones renova\u00addas a ra\u00edz del Concilio Vaticano 11, la vida comunitaria y fraterna como <em>\u00abimagen de la Trinidad\u00bb <\/em>(diversidad pero tendente a la uni\u00addad); como apuesta al estilo de Jes\u00fas con sus ap\u00f3stoles que <em>\u00ables llam\u00f3 para estar con \u00c9l y para enviarlos a predicar\u00bb <\/em>(Mc 3, 14) (humanidad tendente a Cristo). As\u00ed entendido, la Comunidad no se puede confundir con un \u00abequipo\u00bb o con una empresa de servicios&#8230; les llam\u00f3 para <em>\u00abestar con \u00c9l y para enviarlos\u00bb.<\/em><\/p>\n<p><strong>\u00bfC\u00f3mo hacerlo vida?<\/strong><\/p>\n<p>Esta pregunta es importante porque, de su respuesta, concluire\u00admos por d\u00f3nde habr\u00e1 que caminar. Toni Catal\u00e1 piensa que existe algo \u00abdesordenado\u00bb en el modo de vivir la Comunidad y tambi\u00e9n en el modo de enfocar la dimensi\u00f3n comunitaria de la vida consagra\u00adda. Seg\u00fan \u00e9l, actualmente, algo no funciona porque se habr\u00edan introducido una serie de exigencias y proyecciones exageradas sobre el aspecto comunitario, de tal forma que constituye hoy uno de los mayores cap\u00edtulos de malestar, de sufrimiento y de desorien\u00adtaci\u00f3n en la vida consagrada. Este elemento tiene una especial inci\u00addencia en los j\u00f3venes, m\u00e1s sensibles a toda esta problem\u00e1tica.<\/p>\n<p>Otro famoso estudioso de la vida comunitaria, Amedeo Cencini, bas\u00e1ndose y fundamentando su postura en el estudio de la documentaci\u00f3n que ha llegado a sus manos en los a\u00f1os 80 cuando trabajaba en la Congregaci\u00f3n para los Institutos de vida consagra\u00adda y las Sociedades de Vida Apost\u00f3lica en Roma, dice textualmente: \u00ab&#8230;<em>dato significativo y realmente preocupante es el que nos dan las estad\u00edsticas sobre los abandonos de religiosas (de vida activa y contemplativa), de religiosos (sacerdotes o no) y de miembros de institutos laicales. Analizando los datos sobre la d\u00e9cada de los ochenta se observa \u2014no sin cierta sorpresa y en todos los grupos\u2014que el motivo m\u00e1s frecuente, a la hora de pedir dispensa de votos, la secularizaci\u00f3n (para los religiosos sacerdotes) o el abandono es con mucho el cansancio de la vida comunitaria, mucho m\u00e1s que los problemas de celibato, que las crisis de fe, que las relaciones pro\u00adblem\u00e1ticas con las estructuras y que la falta de vocaciones u otras\u00bb.<\/em><\/p>\n<p>Estos son hechos y a ellos me remito. Seg\u00fan la tradici\u00f3n eclesial, extra\u00edda de una larga y probada experiencia, los demonios bus\u00adcan atacar por el flanco m\u00e1s vulnerable y m\u00e1s d\u00e9bil, como buenos estrategas&#8217;. El malestar actualmente tan extendido sobre el elemen\u00adto comunitario pone de manifiesto que nos encontramos en un \u00e1mbito en el que somos vulnerables, nos encontramos d\u00e9biles y m\u00e1s f\u00e1ciles para dejarnos engatusar: <em>tentaciones, medias verdades, razo<\/em><em>nes aparentes y acusaciones (calumnias e incluso injurias) a sabiendas de que no son verdad. <\/em>Este aviso nos indica la convenien\u00adcia de ponemos en guardia, de ser cautos, transparentes, sinceros, honrados, de examinar con detenimiento y sin sospecha nuestras realidades comunitarias, tomas de postura y exigencias.<\/p>\n<p>La vida comunitaria constituye, sin duda, uno de los \u00e1mbitos privilegiados para detectar los enormes cambios que ha supuesto el concilio Vaticano II para la vida consagrada. El modelo general de vida comunitaria ha cambiado de una manera clara y bastante radi\u00adcal. En l\u00edneas generales, y a pesar de la generalizaci\u00f3n que implica, se ha pasado de un modelo en el que los textos legislativos: reglas, directorios, normas, horarios, usos y costumbres&#8230; constitu\u00edan una pieza clave para sostener el alma de la vida com\u00fan: <em>\u00abTodos y cada uno de los religiosos, lo mismo superiores que s\u00fabditos, deben no s\u00f3lo cumplir \u00edntegra y fielmente los votos que han hecho, sino tam\u00adbi\u00e9n ordenar su vida en conformidad con las reglas y constitucio\u00adnes de la propia religi\u00f3n, y de esta manera tender a la perfecci\u00f3n de su estado\u00bb, <\/em>a un <em>nuevo estilo, <\/em>menos regulado, m\u00e1s espont\u00e1neo y fraterno. Hasta el mismo vocabulario sufre un cambio sustancial y, al referirse a la vida comunitaria pasa de la antigua expresi\u00f3n <em>\u00abvida <\/em><em>com\u00fan\u00bb<\/em> a la <em>\u00abvida fraterna\u00bb. <\/em>Esto resulta muy significativo porque el lenguaje no es inocente. Las palabras dicen lo que signifi\u00adcan&#8230; hablar de concepciones, de formas de ser, de actuar, de vivir&#8230; Por eso, podemos afirmar que detr\u00e1s de esta, en principio, peque\u00f1a variaci\u00f3n se encuentra el cambio dr\u00e1stico de aquel antiguo estilo monacal en las congregaciones apost\u00f3licas. E, incluso, en las antiguas \u00d3rdenes y Congregaciones, desaparecen sus antiguas reglas, directorios, normas&#8230; que pon\u00edan su fuerza en el <em>\u00abcumpli\u00admiento\u00bb, <\/em>cuestionando fuertemente la teolog\u00eda y la espiritualidad (estilo) que las sosten\u00eda. Esta teolog\u00eda y espiritualidad era la que ordenaba y defin\u00eda la vida comunitaria.<\/p>\n<p>A ra\u00edz del Concilio Vaticano II, y al hacer hincapi\u00e9 en la <em>vida fraterna en Comunidad, <\/em>el famoso \u00abcumplimiento\u00bb desaparece y comienza un nuevo estilo, una nueva forma de vivencia que el docu\u00admento <em>\u00abVida Fraterna en Comunidad\u00bb <\/em>recoge as\u00ed en el 5b: <em>\u00abUna nueva concepci\u00f3n de la persona ha surgido en el inmediato postconcilio, con una fuerte recuperaci\u00f3n del valor de cada individuo particular y de sus iniciativas. Inmediatamente despu\u00e9s se ha acen\u00adtuado un agudo sentido de la comunidad entendida como vida fraterna, que se construye m\u00e1s sobre la calidad de las relaciones interpersonales que sobre aspectos formales de la observancia regular\u00bb. <\/em>De lo cual podemos deducir, que el gran peligro de hoy en d\u00eda podr\u00eda ser: abandonar a la espontaneidad carism\u00e1tica, y s\u00f3lo a la espontaneidad carism\u00e1tica, el crecimiento y todo el cultivo de la vida fraterna.<\/p>\n<p>En todo caso, hoy se aspira a una vida fraterna idealmente mar\u00adcada por el intercambio espiritual; que exige un clima de acogida, de respeto, de aceptaci\u00f3n, de libertad y de amistad espiritual, que no se da de antemano, y que no siempre es f\u00e1cil de alcanzar. Se quie\u00adren comunidades en las que los unos nos sostengamos a los otros <em>\u00aben caridad fraterna\u00bb, <\/em>con el apoyo mutuo, el inter\u00e9s, la oraci\u00f3n, la comprensi\u00f3n y la amistad. Se pretende alcanzar un ritmo comunita\u00adrio en el que sea posible <em>compartir la misi\u00f3n y el discernimiento apost\u00f3lico, <\/em>con todo lo que implica de capacidad de transparencia, de apertura, de honestidad, de libertad interior, de desapego, de con\u00adfianza en los dem\u00e1s, de intercambio espiritual rico y profundo, de exponer la propia vulnerabilidad, de b\u00fasqueda conjunta y abierta de la voluntad de Dios, de implicaci\u00f3n personal y el riesgo.<\/p>\n<p>No creo que las anteriores exigencias de la vida com\u00fan, que yo no he conocido en primera persona pero que las he podido compren\u00adder en la relaci\u00f3n con mis mayores, fueran f\u00e1ciles de cumplir o que no reflejaran un aut\u00e9ntico ideal de vida consagrada. A pesar de ello, el retrato tan somero que acabo de presentar de la <em>vida fraterna en comunidad <\/em>alude por s\u00ed mismo a las dificultades y las alt\u00edsimas exi\u00adgencias con las que se encuentra nuestro actual modelo comunita\u00adrio. Pues es mucho lo que se pide, a cada persona y a la comunidad en su conjunto, y el camino para alcanzarlo ni es f\u00e1cil ni autom\u00e1ti\u00adco. Es m\u00e1s&#8230; muchas veces tenemos grandes dudas sobre c\u00f3mo dirigir nuestros pasos y, sobre todo, hacia d\u00f3nde. No cabe duda que la ascesis forma parte de la vida comunitaria y no podemos prescin\u00addir de ella.<\/p>\n<p><strong>\u00bfHacia d\u00f3nde nos dirigimos?<\/strong><\/p>\n<p>Creo que podemos afirmar que, despu\u00e9s del Concilio Vaticano <strong>II <\/strong>y, con la renovaci\u00f3n de los diversos estilos de vida (Constituciones y Estatutos), se pide a la vida fraterna en com\u00fan cuotas muy altas de santidad y de perfecci\u00f3n. \u00bfC\u00f3mo llevarlo a la pr\u00e1ctica? He aqu\u00ed la gran pregunta. Se han intentado respuestas muy variadas y se han puesto <em>\u00aben crisis\u00bb <\/em>muchas formas de exis\u00adtencia. Se han buscado caminos pero no hemos sido capaces, hasta ahora mismo, de articular un camino claro, atrayente, accesible. Hemos dado pasos: intercambios espirituales, discernimientos comunitarios, acogida real, fraterna y gratuita, b\u00fasqueda com\u00fan&#8230;, pero hay algo que <em>\u00abno funciona\u00bb. <\/em>Hoy en d\u00eda, la vida fraterna en com\u00fan deber\u00eda marcar una atracci\u00f3n y ser uno de los signos claros de nuestra existencia desde Dios, m\u00e1s la realidad es que nos encontramos con una comuni\u00f3n hacia el interior <em>\u00abque se lleva\u00bb, <\/em>d\u00e1ndonos cuenta que la comuni\u00f3n siempre se encuentra amenazada, resulta muy vulnerable, dif\u00edcil de conseguir&#8230; y, acabamos por pensar, que no est\u00e1 en nuestras manos, nos sobrepasa de tal forma que no sabe\u00admos cu\u00e1l es el camino a seguir. Los cambios sociales, pol\u00edticos, cul\u00adturales e incluso de tendencias religiosas, repercuten en nuestras formas de vida comunitaria y la afectan en buena medida: <em>el bino\u00admio obediencia-libertad; autoridad-igualdad; com\u00fan-individual&#8230; <\/em>se plantean como riesgo y no somos capaces de armonizarlos como lo requerir\u00eda la vida fraterna en com\u00fan.<\/p>\n<p>Parece que, hoy en d\u00eda, hemos tomado conciencia de que el ele\u00admento fraterno-comunitario, pertenece a la esencia, a la ra\u00edz misma de nuestra vida y de nuestra misi\u00f3n. M\u00e1s todav\u00eda, que debe conver\u00adtirse en el <em>factor de credibilidad de nuestro mensaje sobre Dios Amor (VFC, 2d). <\/em>Si esto es as\u00ed, deber\u00eda formar parte del testimonio diario, de lo que decimos y significamos con nuestra propia existen\u00adcia, con mucha m\u00e1s fuerza que nuestras palabras o, incluso, nuestras acciones. Entonces resulta claro que el sujeto apost\u00f3lico primero y por antonomasia es la misma comunidad religiosa, mucho m\u00e1s que los individuos aislados. Por lo tanto, como san Juan Pablo II nos recuerda, la fecundidad de la misi\u00f3n pasa directamente por la comu\u00adnidad, por la calidad de las relaciones fraternas: <em>\u00abToda la fecundi\u00addad de la vida religiosa depende de la calidad de la vida fraterna en com\u00fan. M\u00e1s a\u00fan, toda la renovaci\u00f3n actual de la Iglesia y de la misma vida religiosa se caracteriza por una b\u00fasqueda de comuni\u00f3n y de comunidad.<\/em><\/p>\n<p>En el campo de las <em>vocaciones <\/em>a la vida religiosa se percibe con mucha claridad la importancia de este factor. Uno de los elementos que intervienen de modo decisivo en la capacidad de atraer y susci\u00adtar vocaciones a un instituto es precisamente esta gracia de \u00abvida en familia\u00bb, especialmente cuando se es capaz de suscitar la pregunta vocacional desde la felicidad, la compenetraci\u00f3n comunitaria&#8230; como signo cre\u00edble de la calidad de la entrega.<\/p>\n<p>Y en el campo <em>\u00abde lo peque\u00f1o\u00bb, del d\u00eda a d\u00eda, <\/em>tenemos que tener en cuenta la gran dificultad que surge con la ca\u00edda libre en el <em>activismo <\/em>junto al <em>individualismo. <\/em>Ritmos fren\u00e9ticos, estresantes, de \u00aburgencias\u00bb&#8230; que constituyen a la sociedad capitalista y de con\u00adsumo, favorecidos por los muchos servicios u oficios asumidos por la bondad, la generosidad o el \u00bb <em>buenismo\u00bb <\/em>pero sin una visi\u00f3n rea\u00adlista de las situaciones por las que pasamos y por una falta seria de \u00abprioridades\u00bb. En otras palabras, las fuerzas escasean, los miembros de las Comunidades somos menos y m\u00e1s mayores&#8230; pero continua\u00admos con un ritmo que no se corresponde a nuestra situaci\u00f3n actual. El activismo, la excesiva carga de trabajo, la primac\u00eda de \u00ablo indivi\u00addual\u00bb sobre \u00ablo comunitario\u00bb, se convierten en un gran obst\u00e1culo que favorece la falta de comuni\u00f3n y de \u00abcalidad comunitaria\u00bb: <em>\u00abLa afirmaci\u00f3n unilateral y exasperada de la libertad ha contribuido a difundir en Occidente la cultura del individualismo, con el debilita\u00admiento del ideal de la vida com\u00fan y del compromiso de los proyec\u00adtos comunitarios\u00bb <\/em>(VFC 4b). Es verdad que es preciso favorecer la persona, sus cualidades, dones, etc., pero&#8230; <em>\u00bfc\u00f3mo conjugar el res\u00adpeto a las diferencias, el proceso personal y la llamada com\u00fan al carisma compartido, a la misi\u00f3n \u00fanica, en un estilo y modo frater\u00adno con todo lo que esto conlleva?<\/em><\/p>\n<p>En definitiva, y a nivel general, poseemos una convicci\u00f3n fuer\u00adte y arraigada, de la importancia de la vida comunitaria para reali\u00adzar y llevar a buen puerto la llamada recibida. Esto conlleva una serie de exigencias grandes, unas metas bien definidas que, cuando no se alcanzan, generan situaciones de crisis, decepciones, sufri\u00admientos, abandonos, etc. No cabe duda que el marco teol\u00f3gico de la vida comunitaria hoy tiene una formaci\u00f3n <em>\u00abactiva\u00bb, <\/em>de <em>\u00abprogreso\u00bb <\/em>que no puede quedarse parado en unas determinadas <em>\u00abnormas\u00bb <\/em>pero, tambi\u00e9n es verdad, que ese \u00abser din\u00e1mico\u00bb conllevan reflexiones distintas para los carismas diversos. Seg\u00fan d\u00f3nde se ponga el acen\u00adto comunitario: lugar de la oraci\u00f3n en particular o en com\u00fan, la autoridad, la forma de entender la pobreza, la obediencia&#8230; el ser\u00advicio realizado, la estructura externa, el edificio, etc., as\u00ed habr\u00e1 diversidad de intensificaciones o de notas en el gran pentagrama de nuestra vida consagrada.<\/p>\n<p>Perm\u00edtanme ahora, como dec\u00eda en la introducci\u00f3n, acotar un tanto el tema e intentar reflexionar en los elementos, que considero esenciales, para intentar dar alguna respuesta a esta <em>\u00abvida fraterna en com\u00fan seg\u00fan el propio modo de vida vicenciana\u00bb <\/em>aun siendo consciente de las diferencias entre el actual estilo de vida de la Compa\u00f1\u00eda y el de la Congregaci\u00f3n de la Misi\u00f3n. Buscar\u00e9 los ele\u00admentos que nos pueden unir y ayudar a reflexionar en este \u00e1mbito.<\/p>\n<p>Jos\u00e9 Manuel Villar<\/p>\n<p>CEME 2015<\/p>\n","protected":false},"excerpt":{"rendered":"<p>INTRODUCCI\u00d3N Agradezco a la direcci\u00f3n de la Semana Vicenciana la oportuni\u00addad que me brinda de reflexionar \u00aben alto\u00bb sobre un tema que, con\u00adsidero de vital importancia, para la vivencia de nuestra vocaci\u00f3n cristiana-cat\u00f3lica y vicenciana: &#8230; <a href=\"http:\/\/vincentians.com\/es\/vida-fraterna-en-comun-i\/\" class=\"more-link\">Read More<\/a><\/p>\n","protected":false},"author":5,"featured_media":405098,"comment_status":"open","ping_status":"open","sticky":false,"template":"","format":"standard","meta":{"jetpack_post_was_ever_published":false,"_jetpack_newsletter_access":"","_jetpack_dont_email_post_to_subs":false,"_jetpack_newsletter_tier_id":0,"_jetpack_memberships_contains_paywalled_content":false,"_jetpack_memberships_contains_paid_content":false,"footnotes":"","jetpack_publicize_message":"","jetpack_publicize_feature_enabled":true,"jetpack_social_post_already_shared":true,"jetpack_social_options":{"image_generator_settings":{"template":"highway","default_image_id":0,"font":"","enabled":false},"version":2}},"categories":[374,226],"tags":[],"class_list":["post-405823","post","type-post","status-publish","format-standard","has-post-thumbnail","hentry","category-espiritualidad","category-espiritualidad-vicenciana"],"yoast_head":"<!-- This site is optimized with the Yoast SEO plugin v26.3 - https:\/\/yoast.com\/wordpress\/plugins\/seo\/ -->\n<title>Vida fraterna en com\u00fan (I) - Somos Vicencianos<\/title>\n<meta name=\"robots\" content=\"index, follow, max-snippet:-1, max-image-preview:large, max-video-preview:-1\" \/>\n<link rel=\"canonical\" href=\"https:\/\/vincentians.com\/es\/vida-fraterna-en-comun-i\/\" \/>\n<meta property=\"og:locale\" content=\"es_ES\" \/>\n<meta property=\"og:type\" content=\"article\" \/>\n<meta property=\"og:title\" content=\"Vida fraterna en com\u00fan (I) - Somos Vicencianos\" \/>\n<meta property=\"og:description\" content=\"INTRODUCCI\u00d3N Agradezco a la direcci\u00f3n de la Semana Vicenciana la oportuni\u00addad que me brinda de reflexionar \u00aben alto\u00bb sobre un tema que, con\u00adsidero de vital importancia, para la vivencia de nuestra vocaci\u00f3n cristiana-cat\u00f3lica y vicenciana: ... Read More\" \/>\n<meta property=\"og:url\" content=\"https:\/\/vincentians.com\/es\/vida-fraterna-en-comun-i\/\" \/>\n<meta property=\"og:site_name\" content=\"Somos Vicencianos\" \/>\n<meta property=\"article:publisher\" content=\"https:\/\/www.facebook.com\/WeAreVincentians\/\" \/>\n<meta property=\"article:published_time\" content=\"2025-05-18T06:07:11+00:00\" \/>\n<meta property=\"og:image\" content=\"https:\/\/i0.wp.com\/vincentians.com\/es\/wp-content\/uploads\/sites\/11\/2023\/08\/aa.jpg?fit=848%2C565&ssl=1\" \/>\n\t<meta property=\"og:image:width\" content=\"848\" \/>\n\t<meta property=\"og:image:height\" content=\"565\" \/>\n\t<meta property=\"og:image:type\" content=\"image\/jpeg\" \/>\n<meta name=\"author\" content=\"Mitxel Olabu\u00e9naga\" \/>\n<meta name=\"twitter:card\" content=\"summary_large_image\" \/>\n<meta name=\"twitter:creator\" content=\"@WeVincentians\" \/>\n<meta name=\"twitter:site\" content=\"@WeVincentians\" \/>\n<meta name=\"twitter:label1\" content=\"Escrito por\" \/>\n\t<meta name=\"twitter:data1\" content=\"Mitxel Olabu\u00e9naga\" \/>\n\t<meta name=\"twitter:label2\" content=\"Tiempo de lectura\" \/>\n\t<meta name=\"twitter:data2\" content=\"12 minutos\" \/>\n<script type=\"application\/ld+json\" class=\"yoast-schema-graph\">{\"@context\":\"https:\/\/schema.org\",\"@graph\":[{\"@type\":\"Article\",\"@id\":\"https:\/\/vincentians.com\/es\/vida-fraterna-en-comun-i\/#article\",\"isPartOf\":{\"@id\":\"https:\/\/vincentians.com\/es\/vida-fraterna-en-comun-i\/\"},\"author\":{\"name\":\"Mitxel Olabu\u00e9naga\",\"@id\":\"https:\/\/vincentians.com\/es\/#\/schema\/person\/7c2670b4445a7ca9d164ea6acdb31859\"},\"headline\":\"Vida fraterna en com\u00fan (I)\",\"datePublished\":\"2025-05-18T06:07:11+00:00\",\"mainEntityOfPage\":{\"@id\":\"https:\/\/vincentians.com\/es\/vida-fraterna-en-comun-i\/\"},\"wordCount\":2759,\"commentCount\":0,\"publisher\":{\"@id\":\"https:\/\/vincentians.com\/es\/#organization\"},\"image\":{\"@id\":\"https:\/\/vincentians.com\/es\/vida-fraterna-en-comun-i\/#primaryimage\"},\"thumbnailUrl\":\"https:\/\/i0.wp.com\/vincentians.com\/es\/wp-content\/uploads\/sites\/11\/2023\/08\/aa.jpg?fit=848%2C565\",\"articleSection\":[\"Espiritualidad\",\"Espiritualidad vicenciana\"],\"inLanguage\":\"es\",\"potentialAction\":[{\"@type\":\"CommentAction\",\"name\":\"Comment\",\"target\":[\"https:\/\/vincentians.com\/es\/vida-fraterna-en-comun-i\/#respond\"]}]},{\"@type\":\"WebPage\",\"@id\":\"https:\/\/vincentians.com\/es\/vida-fraterna-en-comun-i\/\",\"url\":\"https:\/\/vincentians.com\/es\/vida-fraterna-en-comun-i\/\",\"name\":\"Vida fraterna en com\u00fan (I) - Somos Vicencianos\",\"isPartOf\":{\"@id\":\"https:\/\/vincentians.com\/es\/#website\"},\"primaryImageOfPage\":{\"@id\":\"https:\/\/vincentians.com\/es\/vida-fraterna-en-comun-i\/#primaryimage\"},\"image\":{\"@id\":\"https:\/\/vincentians.com\/es\/vida-fraterna-en-comun-i\/#primaryimage\"},\"thumbnailUrl\":\"https:\/\/i0.wp.com\/vincentians.com\/es\/wp-content\/uploads\/sites\/11\/2023\/08\/aa.jpg?fit=848%2C565\",\"datePublished\":\"2025-05-18T06:07:11+00:00\",\"breadcrumb\":{\"@id\":\"https:\/\/vincentians.com\/es\/vida-fraterna-en-comun-i\/#breadcrumb\"},\"inLanguage\":\"es\",\"potentialAction\":[{\"@type\":\"ReadAction\",\"target\":[\"https:\/\/vincentians.com\/es\/vida-fraterna-en-comun-i\/\"]}]},{\"@type\":\"ImageObject\",\"inLanguage\":\"es\",\"@id\":\"https:\/\/vincentians.com\/es\/vida-fraterna-en-comun-i\/#primaryimage\",\"url\":\"https:\/\/i0.wp.com\/vincentians.com\/es\/wp-content\/uploads\/sites\/11\/2023\/08\/aa.jpg?fit=848%2C565\",\"contentUrl\":\"https:\/\/i0.wp.com\/vincentians.com\/es\/wp-content\/uploads\/sites\/11\/2023\/08\/aa.jpg?fit=848%2C565\",\"width\":848,\"height\":565},{\"@type\":\"BreadcrumbList\",\"@id\":\"https:\/\/vincentians.com\/es\/vida-fraterna-en-comun-i\/#breadcrumb\",\"itemListElement\":[{\"@type\":\"ListItem\",\"position\":1,\"name\":\"Portada\",\"item\":\"https:\/\/vincentians.com\/es\/\"},{\"@type\":\"ListItem\",\"position\":2,\"name\":\"Vida fraterna en com\u00fan (I)\"}]},{\"@type\":\"WebSite\",\"@id\":\"https:\/\/vincentians.com\/es\/#website\",\"url\":\"https:\/\/vincentians.com\/es\/\",\"name\":\"Somos Vicencianos\",\"description\":\"Know more to serve more\",\"publisher\":{\"@id\":\"https:\/\/vincentians.com\/es\/#organization\"},\"potentialAction\":[{\"@type\":\"SearchAction\",\"target\":{\"@type\":\"EntryPoint\",\"urlTemplate\":\"https:\/\/vincentians.com\/es\/?s={search_term_string}\"},\"query-input\":{\"@type\":\"PropertyValueSpecification\",\"valueRequired\":true,\"valueName\":\"search_term_string\"}}],\"inLanguage\":\"es\"},{\"@type\":\"Organization\",\"@id\":\"https:\/\/vincentians.com\/es\/#organization\",\"name\":\"The Vincentian Network\",\"url\":\"https:\/\/vincentians.com\/es\/\",\"logo\":{\"@type\":\"ImageObject\",\"inLanguage\":\"es\",\"@id\":\"https:\/\/vincentians.com\/es\/#\/schema\/logo\/image\/\",\"url\":\"https:\/\/i1.wp.com\/vincentians.com\/es\/wp-content\/uploads\/sites\/11\/2016\/06\/Vincentian-Network-logo-big.png?fit=778%2C778\",\"contentUrl\":\"https:\/\/i1.wp.com\/vincentians.com\/es\/wp-content\/uploads\/sites\/11\/2016\/06\/Vincentian-Network-logo-big.png?fit=778%2C778\",\"width\":778,\"height\":778,\"caption\":\"The Vincentian Network\"},\"image\":{\"@id\":\"https:\/\/vincentians.com\/es\/#\/schema\/logo\/image\/\"},\"sameAs\":[\"https:\/\/www.facebook.com\/WeAreVincentians\/\",\"https:\/\/x.com\/WeVincentians\"]},{\"@type\":\"Person\",\"@id\":\"https:\/\/vincentians.com\/es\/#\/schema\/person\/7c2670b4445a7ca9d164ea6acdb31859\",\"name\":\"Mitxel Olabu\u00e9naga\",\"image\":{\"@type\":\"ImageObject\",\"inLanguage\":\"es\",\"@id\":\"https:\/\/vincentians.com\/es\/#\/schema\/person\/image\/\",\"url\":\"https:\/\/secure.gravatar.com\/avatar\/34137ec2e2b8939cbbed975731e71f3f4f1defc7266ded337a5ce0f925426877?s=96&d=mm&r=g\",\"contentUrl\":\"https:\/\/secure.gravatar.com\/avatar\/34137ec2e2b8939cbbed975731e71f3f4f1defc7266ded337a5ce0f925426877?s=96&d=mm&r=g\",\"caption\":\"Mitxel Olabu\u00e9naga\"},\"url\":\"http:\/\/vincentians.com\/es\/author\/mitxel\/\"}]}<\/script>\n<!-- \/ Yoast SEO plugin. -->","yoast_head_json":{"title":"Vida fraterna en com\u00fan (I) - Somos Vicencianos","robots":{"index":"index","follow":"follow","max-snippet":"max-snippet:-1","max-image-preview":"max-image-preview:large","max-video-preview":"max-video-preview:-1"},"canonical":"https:\/\/vincentians.com\/es\/vida-fraterna-en-comun-i\/","og_locale":"es_ES","og_type":"article","og_title":"Vida fraterna en com\u00fan (I) - Somos Vicencianos","og_description":"INTRODUCCI\u00d3N Agradezco a la direcci\u00f3n de la Semana Vicenciana la oportuni\u00addad que me brinda de reflexionar \u00aben alto\u00bb sobre un tema que, con\u00adsidero de vital importancia, para la vivencia de nuestra vocaci\u00f3n cristiana-cat\u00f3lica y vicenciana: ... Read More","og_url":"https:\/\/vincentians.com\/es\/vida-fraterna-en-comun-i\/","og_site_name":"Somos Vicencianos","article_publisher":"https:\/\/www.facebook.com\/WeAreVincentians\/","article_published_time":"2025-05-18T06:07:11+00:00","og_image":[{"width":848,"height":565,"url":"https:\/\/i0.wp.com\/vincentians.com\/es\/wp-content\/uploads\/sites\/11\/2023\/08\/aa.jpg?fit=848%2C565&ssl=1","type":"image\/jpeg"}],"author":"Mitxel Olabu\u00e9naga","twitter_card":"summary_large_image","twitter_creator":"@WeVincentians","twitter_site":"@WeVincentians","twitter_misc":{"Escrito por":"Mitxel Olabu\u00e9naga","Tiempo de lectura":"12 minutos"},"schema":{"@context":"https:\/\/schema.org","@graph":[{"@type":"Article","@id":"https:\/\/vincentians.com\/es\/vida-fraterna-en-comun-i\/#article","isPartOf":{"@id":"https:\/\/vincentians.com\/es\/vida-fraterna-en-comun-i\/"},"author":{"name":"Mitxel Olabu\u00e9naga","@id":"https:\/\/vincentians.com\/es\/#\/schema\/person\/7c2670b4445a7ca9d164ea6acdb31859"},"headline":"Vida fraterna en com\u00fan (I)","datePublished":"2025-05-18T06:07:11+00:00","mainEntityOfPage":{"@id":"https:\/\/vincentians.com\/es\/vida-fraterna-en-comun-i\/"},"wordCount":2759,"commentCount":0,"publisher":{"@id":"https:\/\/vincentians.com\/es\/#organization"},"image":{"@id":"https:\/\/vincentians.com\/es\/vida-fraterna-en-comun-i\/#primaryimage"},"thumbnailUrl":"https:\/\/i0.wp.com\/vincentians.com\/es\/wp-content\/uploads\/sites\/11\/2023\/08\/aa.jpg?fit=848%2C565","articleSection":["Espiritualidad","Espiritualidad vicenciana"],"inLanguage":"es","potentialAction":[{"@type":"CommentAction","name":"Comment","target":["https:\/\/vincentians.com\/es\/vida-fraterna-en-comun-i\/#respond"]}]},{"@type":"WebPage","@id":"https:\/\/vincentians.com\/es\/vida-fraterna-en-comun-i\/","url":"https:\/\/vincentians.com\/es\/vida-fraterna-en-comun-i\/","name":"Vida fraterna en com\u00fan (I) - Somos Vicencianos","isPartOf":{"@id":"https:\/\/vincentians.com\/es\/#website"},"primaryImageOfPage":{"@id":"https:\/\/vincentians.com\/es\/vida-fraterna-en-comun-i\/#primaryimage"},"image":{"@id":"https:\/\/vincentians.com\/es\/vida-fraterna-en-comun-i\/#primaryimage"},"thumbnailUrl":"https:\/\/i0.wp.com\/vincentians.com\/es\/wp-content\/uploads\/sites\/11\/2023\/08\/aa.jpg?fit=848%2C565","datePublished":"2025-05-18T06:07:11+00:00","breadcrumb":{"@id":"https:\/\/vincentians.com\/es\/vida-fraterna-en-comun-i\/#breadcrumb"},"inLanguage":"es","potentialAction":[{"@type":"ReadAction","target":["https:\/\/vincentians.com\/es\/vida-fraterna-en-comun-i\/"]}]},{"@type":"ImageObject","inLanguage":"es","@id":"https:\/\/vincentians.com\/es\/vida-fraterna-en-comun-i\/#primaryimage","url":"https:\/\/i0.wp.com\/vincentians.com\/es\/wp-content\/uploads\/sites\/11\/2023\/08\/aa.jpg?fit=848%2C565","contentUrl":"https:\/\/i0.wp.com\/vincentians.com\/es\/wp-content\/uploads\/sites\/11\/2023\/08\/aa.jpg?fit=848%2C565","width":848,"height":565},{"@type":"BreadcrumbList","@id":"https:\/\/vincentians.com\/es\/vida-fraterna-en-comun-i\/#breadcrumb","itemListElement":[{"@type":"ListItem","position":1,"name":"Portada","item":"https:\/\/vincentians.com\/es\/"},{"@type":"ListItem","position":2,"name":"Vida fraterna en com\u00fan (I)"}]},{"@type":"WebSite","@id":"https:\/\/vincentians.com\/es\/#website","url":"https:\/\/vincentians.com\/es\/","name":"Somos Vicencianos","description":"Know more to serve more","publisher":{"@id":"https:\/\/vincentians.com\/es\/#organization"},"potentialAction":[{"@type":"SearchAction","target":{"@type":"EntryPoint","urlTemplate":"https:\/\/vincentians.com\/es\/?s={search_term_string}"},"query-input":{"@type":"PropertyValueSpecification","valueRequired":true,"valueName":"search_term_string"}}],"inLanguage":"es"},{"@type":"Organization","@id":"https:\/\/vincentians.com\/es\/#organization","name":"The Vincentian Network","url":"https:\/\/vincentians.com\/es\/","logo":{"@type":"ImageObject","inLanguage":"es","@id":"https:\/\/vincentians.com\/es\/#\/schema\/logo\/image\/","url":"https:\/\/i1.wp.com\/vincentians.com\/es\/wp-content\/uploads\/sites\/11\/2016\/06\/Vincentian-Network-logo-big.png?fit=778%2C778","contentUrl":"https:\/\/i1.wp.com\/vincentians.com\/es\/wp-content\/uploads\/sites\/11\/2016\/06\/Vincentian-Network-logo-big.png?fit=778%2C778","width":778,"height":778,"caption":"The Vincentian Network"},"image":{"@id":"https:\/\/vincentians.com\/es\/#\/schema\/logo\/image\/"},"sameAs":["https:\/\/www.facebook.com\/WeAreVincentians\/","https:\/\/x.com\/WeVincentians"]},{"@type":"Person","@id":"https:\/\/vincentians.com\/es\/#\/schema\/person\/7c2670b4445a7ca9d164ea6acdb31859","name":"Mitxel Olabu\u00e9naga","image":{"@type":"ImageObject","inLanguage":"es","@id":"https:\/\/vincentians.com\/es\/#\/schema\/person\/image\/","url":"https:\/\/secure.gravatar.com\/avatar\/34137ec2e2b8939cbbed975731e71f3f4f1defc7266ded337a5ce0f925426877?s=96&d=mm&r=g","contentUrl":"https:\/\/secure.gravatar.com\/avatar\/34137ec2e2b8939cbbed975731e71f3f4f1defc7266ded337a5ce0f925426877?s=96&d=mm&r=g","caption":"Mitxel Olabu\u00e9naga"},"url":"http:\/\/vincentians.com\/es\/author\/mitxel\/"}]}},"jetpack_publicize_connections":[],"jetpack_featured_media_url":"https:\/\/i0.wp.com\/vincentians.com\/es\/wp-content\/uploads\/sites\/11\/2023\/08\/aa.jpg?fit=848%2C565","jetpack_sharing_enabled":true,"jetpack_shortlink":"https:\/\/wp.me\/p7ETMF-1Hzx","jetpack-related-posts":[{"id":140316,"url":"http:\/\/vincentians.com\/es\/comunidad-fraterna-para-la-mision\/","url_meta":{"origin":405823,"position":0},"title":"Comunidad fraterna para la Misi\u00f3n","author":"Francisco Javier Fern\u00e1ndez Chento","date":"21\/02\/2015","format":false,"excerpt":"\u00abNo me elegisteis vosotros a m\u00ed, fui yo quien os eleg\u00ed \u00ada vosotros y os destin\u00e9 a que os pong\u00e1is en camino y d\u00e9is fruto, y un fruto que dure\u00bb. (Jn 15,16). \u00abSan Vicente reuni\u00f3 dentro de la Iglesia a algunos compa\u00f1eros, para que llevando una nueva forma de vida\u2026","rel":"","context":"En \u00abEspiritualidad vicenciana\u00bb","block_context":{"text":"Espiritualidad vicenciana","link":"http:\/\/vincentians.com\/es\/category\/espiritualidad\/espiritualidad-vicenciana\/"},"img":{"alt_text":"comunidad_fratrerna","src":"https:\/\/i0.wp.com\/vicencianos.org\/wp-content\/2015\/02\/comunidad_fratrerna-300x219.jpg?resize=350%2C200","width":350,"height":200},"classes":[]},{"id":398646,"url":"http:\/\/vincentians.com\/es\/aportacion-del-carisma-vicenciano-la-mision-la-iglesia-10-fin\/","url_meta":{"origin":405823,"position":1},"title":"Aportaci\u00f3n del carisma vicenciano a la Misi\u00f3n de la Iglesia (10 &#8211; Fin)","author":"Francisco Javier Fern\u00e1ndez Chento","date":"13\/08\/2016","format":false,"excerpt":"10.- La circularidad vicenciana: de Cristo a los pobres, de los pobres a Cristo. Para concluir esta reflexi\u00f3n sobre la aportaci\u00f3n del carisma vicenciano a la Misi\u00f3n de la Iglesia, me parece oportuno referirme a la \u201ccircularidad\u201d vicenciana: de Cristo a los pobres, de los pobres a Cristo. \u201cAmemos al\u2026","rel":"","context":"En \u00abFormaci\u00f3n Vicenciana\u00bb","block_context":{"text":"Formaci\u00f3n Vicenciana","link":"http:\/\/vincentians.com\/es\/category\/formacion-vicenciana\/"},"img":{"alt_text":"","src":"https:\/\/i0.wp.com\/vincentians.com\/es\/wp-content\/uploads\/sites\/11\/2016\/06\/contributions-charism.jpg?fit=1200%2C630&resize=350%2C200","width":350,"height":200,"srcset":"https:\/\/i0.wp.com\/vincentians.com\/es\/wp-content\/uploads\/sites\/11\/2016\/06\/contributions-charism.jpg?fit=1200%2C630&resize=350%2C200 1x, https:\/\/i0.wp.com\/vincentians.com\/es\/wp-content\/uploads\/sites\/11\/2016\/06\/contributions-charism.jpg?fit=1200%2C630&resize=525%2C300 1.5x, https:\/\/i0.wp.com\/vincentians.com\/es\/wp-content\/uploads\/sites\/11\/2016\/06\/contributions-charism.jpg?fit=1200%2C630&resize=700%2C400 2x, https:\/\/i0.wp.com\/vincentians.com\/es\/wp-content\/uploads\/sites\/11\/2016\/06\/contributions-charism.jpg?fit=1200%2C630&resize=1050%2C600 3x"},"classes":[]},{"id":131332,"url":"http:\/\/vincentians.com\/es\/vida-fraterna-en-comun\/","url_meta":{"origin":405823,"position":2},"title":"Vida fraterna en com\u00fan","author":"Francisco Javier Fern\u00e1ndez Chento","date":"01\/10\/2014","format":false,"excerpt":"\"Mientras sub\u00eda a la monta\u00f1a fue llamando a los que \u00e9l quiso y se reunieron con \u00e9l. Design\u00f3 a doce para que fueran sus compa\u00f1eros y para enviarles a predicar con poder de expulsar demonios\". (Mc. 7, 13.15). \"La Congregaci\u00f3n de la Misi\u00f3n es una sociedad clerical de vida apost\u00f3lica\u2026","rel":"","context":"En \u00abEspiritualidad vicenciana\u00bb","block_context":{"text":"Espiritualidad vicenciana","link":"http:\/\/vincentians.com\/es\/category\/espiritualidad\/espiritualidad-vicenciana\/"},"img":{"alt_text":"duccio296","src":"https:\/\/i0.wp.com\/vicencianos.org\/wp-content\/2014\/10\/duccio296-300x240.jpg?resize=350%2C200","width":350,"height":200},"classes":[]},{"id":141977,"url":"http:\/\/vincentians.com\/es\/comunidades-de-bienes\/","url_meta":{"origin":405823,"position":3},"title":"Comunidades de bienes","author":"Francisco Javier Fern\u00e1ndez Chento","date":"29\/03\/2015","format":false,"excerpt":"\u00abEn el grupo de los creyen\u00adtes todos pensaban y sent\u00edan lo mismo: pose\u00edan todo en com\u00fan y nadie consideraba suyo nada de lo que ten\u00eda. Los ap\u00f3stoles daban testimo\u00adnio de la Resurrecci\u00f3n del Se\u00f1or con mucha eficacia; todos ellos eran bien mira\u00addos porque entre ellos nin\u00adguno pasaba necesidad, ya que\u2026","rel":"","context":"En \u00abEspiritualidad vicenciana\u00bb","block_context":{"text":"Espiritualidad vicenciana","link":"http:\/\/vincentians.com\/es\/category\/espiritualidad\/espiritualidad-vicenciana\/"},"img":{"alt_text":"asd","src":"https:\/\/i0.wp.com\/vicencianos.org\/wp-content\/2015\/03\/asd16-300x210.jpg?resize=350%2C200","width":350,"height":200},"classes":[]},{"id":140961,"url":"http:\/\/vincentians.com\/es\/en-comunidad-como-jesus-con-sus-discipulos\/","url_meta":{"origin":405823,"position":4},"title":"En comunidad como Jes\u00fas con sus disc\u00edpulos","author":"Francisco Javier Fern\u00e1ndez Chento","date":"27\/02\/2015","format":false,"excerpt":"\u00abPor aquel entonces se fue \u00ada la monta\u00f1a a orar y se pas\u00f3 \u00adla noche orando a Dios. Cuando se hizo de d\u00eda llam\u00f3 a sus disc\u00edpulos, escogi\u00f3 a doce de ellos y los nombr\u00f3 ap\u00f3stoles\u00bb. (Lc 6,12-13). \u00abSeguimos a Cristo que convoca a los ap\u00f3stoles y disc\u00edpulos y que\u2026","rel":"","context":"En \u00abEspiritualidad vicenciana\u00bb","block_context":{"text":"Espiritualidad vicenciana","link":"http:\/\/vincentians.com\/es\/category\/espiritualidad\/espiritualidad-vicenciana\/"},"img":{"alt_text":"asd","src":"https:\/\/i0.wp.com\/vicencianos.org\/wp-content\/2015\/02\/asd3-300x195.jpg?resize=350%2C200","width":350,"height":200},"classes":[]},{"id":109359,"url":"http:\/\/vincentians.com\/es\/los-consejos-evangelicos\/","url_meta":{"origin":405823,"position":5},"title":"Los consejos evang\u00e9licos","author":"Francisco Javier Fern\u00e1ndez Chento","date":"09\/06\/2015","format":false,"excerpt":"En todas las lenguas existe hoy una literatura amplia acerca de los CONSEJOS EVANGELICOS, en su relaci\u00f3n con la vida religiosa. Su vivencia es lo que da a la vida religiosa el car\u00e1cter de signo ante el mundo. Es nuestro deber estar al d\u00eda de lo que se va publicando\u2026","rel":"","context":"En \u00abEspiritualidad vicenciana\u00bb","block_context":{"text":"Espiritualidad vicenciana","link":"http:\/\/vincentians.com\/es\/category\/espiritualidad\/espiritualidad-vicenciana\/"},"img":{"alt_text":"fano_consejos","src":"https:\/\/i0.wp.com\/vicencianos.org\/wp-content\/2015\/06\/fano_consejos-300x205.jpg?resize=350%2C200","width":350,"height":200},"classes":[]}],"_links":{"self":[{"href":"http:\/\/vincentians.com\/es\/wp-json\/wp\/v2\/posts\/405823","targetHints":{"allow":["GET"]}}],"collection":[{"href":"http:\/\/vincentians.com\/es\/wp-json\/wp\/v2\/posts"}],"about":[{"href":"http:\/\/vincentians.com\/es\/wp-json\/wp\/v2\/types\/post"}],"author":[{"embeddable":true,"href":"http:\/\/vincentians.com\/es\/wp-json\/wp\/v2\/users\/5"}],"replies":[{"embeddable":true,"href":"http:\/\/vincentians.com\/es\/wp-json\/wp\/v2\/comments?post=405823"}],"version-history":[{"count":2,"href":"http:\/\/vincentians.com\/es\/wp-json\/wp\/v2\/posts\/405823\/revisions"}],"predecessor-version":[{"id":405825,"href":"http:\/\/vincentians.com\/es\/wp-json\/wp\/v2\/posts\/405823\/revisions\/405825"}],"wp:featuredmedia":[{"embeddable":true,"href":"http:\/\/vincentians.com\/es\/wp-json\/wp\/v2\/media\/405098"}],"wp:attachment":[{"href":"http:\/\/vincentians.com\/es\/wp-json\/wp\/v2\/media?parent=405823"}],"wp:term":[{"taxonomy":"category","embeddable":true,"href":"http:\/\/vincentians.com\/es\/wp-json\/wp\/v2\/categories?post=405823"},{"taxonomy":"post_tag","embeddable":true,"href":"http:\/\/vincentians.com\/es\/wp-json\/wp\/v2\/tags?post=405823"}],"curies":[{"name":"wp","href":"https:\/\/api.w.org\/{rel}","templated":true}]}}