{"id":405809,"date":"2025-05-04T08:51:45","date_gmt":"2025-05-04T06:51:45","guid":{"rendered":"https:\/\/vincentians.com\/es\/?p=405809"},"modified":"2024-08-21T20:53:55","modified_gmt":"2024-08-21T18:53:55","slug":"san-vicente-de-paul-y-la-caridad-vii","status":"publish","type":"post","link":"http:\/\/vincentians.com\/es\/san-vicente-de-paul-y-la-caridad-vii\/","title":{"rendered":"San Vicente de Pa\u00fal y la Caridad (VII)"},"content":{"rendered":"<p>La doctrina espiritual<\/p>\n<p>SORPRESA<\/p>\n<p>Mucho le hubiese sorprendido o\u00edr hablar de su \u00abdoctrina es\u00adpiritual\u00bb: se hab\u00eda guardado bien de publicar el menor anuncio para dar a conocer sus ideas o sus convicciones m\u00e1s queridas. Hab\u00eda dado a la estampa las Reglas o constituciones comunes de la Congregaci\u00f3n de la Misi\u00f3n, pero no pod\u00eda obrar de otra manera, y por lo dem\u00e1s no se consideraba enteramente responsable de este diminuto libro que hab\u00eda recogido progresivamente sus experien\u00adcias de vida religiosa en com\u00fan. Como la mayor\u00eda de los fundado\u00adres, no quer\u00eda dar sino una condensaci\u00f3n del evangelio y se\u00f1alar los medios m\u00e1s r\u00e1pidos. los ni\u00e1s simples y los m\u00e1s seguros para \u00abhacer el evangelio efectivo\u00bb en una vida misionera. \u00abUno espe\u00adraba ver a un autor y halla a un hombre\u00bb (Pascal).<\/p>\n<p>A poco que insistamos, nuestra sorpresa se convierte en de\u00adcepci\u00f3n o&#8230; en distracci\u00f3n. Malicia aparte, hab\u00eda hecho todo lo necesario para que no se le tratase como a un autor. Hab\u00eda dejado a la Se\u00f1orita Legras recoger, con arreglo a las conferencias, las ense\u00f1anzas que pudiesen servir a las ausentes. Revisaba a menudo el texto y hasta consent\u00eda en prestar su croquis para facilitar la reconstrucci\u00f3n.<\/p>\n<p>Su actitud con respecto a los misioneros era del todo diferente; si hubiese sabido que algunos tomaban por escrito sus conferencias, se hubiese sublevado. Por fortuna, nadie tuvo el mal gusto de pedir su consentimiento. Los Se\u00f1ores Alm\u00e9ras y Dehorgny, encargaron oficial y secretamente al Hermano Bertrand Ducounau de esta delicada tarea. El Se\u00f1or Vicente no contaba m\u00e1s que con tres a\u00f1os de vida. En comparaci\u00f3n con cuanto hab\u00eda dicho a los misioneros desde 1625, el bot\u00edn fue bastante escaso.<\/p>\n<p>\u00bfPodr\u00eda uno, terminado el inventario, discernir con claridad las constantes de este pensamiento, captar su organizaci\u00f3n, pronunciarse acerca de su originalidad? Aun entre los suyos, subsistieron las vacilaciones.<\/p>\n<p>INCERTIDUMBRE<\/p>\n<p>El Se\u00f1or Guillaume Delville que publica en 1656 un peque\u00f1o resumen del Instituto de la Congregaci\u00f3n de la Misi\u00f3n, pone entre las virtudes fundamentales la obediencia en lugar de la mortificaci\u00f3n. Hasta el buen Hermano Ducournau, ferviente admirador del Se\u00f1or Vicente, concede en el decurso de su instancia en pro de la transcripci\u00f3n de las pl\u00e1ticas, \u00abque no dice de ordinario mas que cosas comunes para las personas espirituales y los sabios pero que las dice con fuerza. Cuando habla sobre las virtudes propias de los misioneros, las exalta en cuanto a la pr\u00e1ctica y en cuanto a la expresi\u00f3n).<\/p>\n<p>Nos tranquilizamos y comprendemos algo mejor las vacilaciones del primer bi\u00f3grafo. En 1664, en la primera edici\u00f3n \u2014la que se reproduce constantemente desde 1839 hasta nuestros d\u00edas\u2014 declara que la principal virtud del Se\u00f1or Vicente era la Imitaci\u00f3n de Nuestro Se\u00f1or. En 1667, define el esp\u00edritu del Se\u00f1or Vicente por referencia a dos virtudes esenciales: la imitaci\u00f3n de Nuestro Se\u00f1or y la conformidad con la voluntad de Dios. Como esta edici\u00f3n manual se convirti\u00f3 en el texto cl\u00e1sico de 1667 a 1748, los lectores vicencianos no pensaron de otro modo. Pero en 1748, la Vida de Collet recogi\u00f3 la carac\u00adter\u00edstica de una \u00fanica virtud y no se contradijo el aserto, pues las reediciones de Abelly que entonces se publicaban recog\u00edan, no el texto de 1667, sino el de 1664, que designaba la imitaci\u00f3n de Jesucristo como la \u00fanica nota caracter\u00edstica.<\/p>\n<p>LAS DOS TENTACIONES<\/p>\n<p>En estas condiciones, se concibe con facilidad que durante varios siglos, los bi\u00f3grafos o los espirituales que abordaron al Se\u00f1or Vicente no se hayan inquietado lo m\u00e1s m\u00ednimo: esta de\u00advoci\u00f3n a Cristo, este Cristocentrismo bastaba a todo&#8230; y hasta permit\u00eda sucumbir con buena conciencia a las dos tentaciones que alternaban.<\/p>\n<p>La primera, a la cual no escap\u00f3 el buen Abelly, fue la de de\u00adjarse fascinar por las obras. Desde la entrada del Se\u00f1or Vicente en San L\u00e1zaro, las actividades se multiplican y dispersan la aten\u00adci\u00f3n. Es un alarde seguir su desarrollo cronol\u00f3gico y se\u00f1alar sus concordancias con la vida pol\u00edtica y religiosa. Desmenuzado por las instituciones, Vicente fue pronto devorado por sus obras.<\/p>\n<p>Desde 1643, los desplazamientos y la actividad en el Consejo de Regencia, transforman infaliblemente a Vicente en gestor de los asuntos nacionales. Se convierte en una funci\u00f3n. Su rostro se pierde en un cuadro de conjunto. El espesor de los dos prime\u00adros libros de Abelly es una prueba de peso. La hueste de los bi\u00f3grafos, que despu\u00e9s de la canonizaci\u00f3n del Se\u00f1or Vicente se sucedieron en pelotones de tres o cuatro por a\u00f1o, nos arrastra habitualmente a una aventura que nos hace olvidar alegremente el misterio de la vida interior.<\/p>\n<p>Para procurarse una buena conciencia y mantener el aspecto espiritual o edificante, bastaba con componer un libro de virtudes. Lo m\u00e1s sencillo y, se pensaba, lo m\u00e1s fruct\u00edfero para la vida es\u00adpiritual de los lectores, ser\u00eda adosar a la vida de Vicente el cuadro o escala de las virtudes; las tres teologales y las cuatro cardina\u00adles, sin olvidar las virtudes anejas de las que el Se\u00f1or Vicente m\u00e1s hab\u00eda hablado.<\/p>\n<p>El procedimiento tan artificial como econ\u00f3mico, sirvi\u00f3 a Abelly, Collet, Ansart, Maynard. Los autores modernos de trozos escogidos lo utilizan sin gran fatiga y los resultados, arlequinados de textos arrancados a contextos diferentes por la psicolog\u00eda y la cronolog\u00eda, pretenden menos darnos un trazado exacto la doctrina vicenciana que suministrar un alimento inmediato a la reflexi\u00f3n y a la oraci\u00f3n.<\/p>\n<p>La segunda tentaci\u00f3n que viene a alternar con la primera o a reforzarla, fluye de la edici\u00f3n de las obras del Se\u00f1or Vicente de 1881, y sobre todo en 1920-1925. Es la tentaci\u00f3n del aplanamiento cuyas secuelas son tan variadas como imprevisibles. Ese bloque de cartas y de conferencias engendra primeramente un pesado respeto. El macizo de 8.000 p\u00e1ginas en su diversidad multiforme repele a los aventureros. Una inspecci\u00f3n elemental ilumina todas las dificultades de una s\u00edntesis. Las cartas eran numerosas, unas cuatro mil, pero no representaban m\u00e1s que la octava parte de la que el Se\u00f1or Vicente hab\u00eda expedido. Su diversidad iba del simple billete de agradecimiento a la carta circular, pasando por carta de direcci\u00f3n y la hoja de comisi\u00f3n. No se pod\u00edan ya ignorar las m\u00faltiples ocupaciones del Se\u00f1or Vicente, pero en cambio, se pod\u00eda dudar antes de precisar sus ideas maestras y sus preocupaciones dominantes. El reparto tan desigual de estos escritos en el tiempo no permit\u00eda en absoluto seguir la evoluci\u00f3n y notar las adquisiciones de su vida espiritual. Tres cartas aisladas jalonaban la ruta de 1607 a 1624; 150 p\u00e1ginas de conferencias a los misioneros resum\u00edan la actividad de los a\u00f1os 1625-1645; 280 p\u00e1ginas de pl\u00e1ticas a las Hijas de la Caridad representaban la predicaci\u00f3n mensual de 12 a\u00f1os (1633-1645). A decir verdad, cartas y conferencias no iluminaban bien sino los cinco \u00faltimos a\u00f1os, 1655-1660. No pod\u00edamos escuchar m\u00e1s que las palabras de un viejo, que hablaba entre los 75 y los 80 a\u00f1os.<\/p>\n<p>Esas dificultades podr\u00edan servir de apolog\u00eda a los vicencianos que en lo sucesivo se aventuraron a hojear las cartas y las conferencias. Era muy necesario seguir un orden y clasificar los textos.<\/p>\n<p>Algunos se contentaron con presentar \u00abconsignas\u00bb, oraciones, pensamientos, elevaciones, etc. Estos florilegios sin pretensiones no estaban desprovistos de utilidad y encontraron siempre lec\u00adtores y compradores.<\/p>\n<p>Otros agruparon los textos y las consideraciones en torno a las exigencias de una funci\u00f3n: el sacerdocio, la direcci\u00f3n de con\u00adciencia, el cuidado de los enfermos. Este espigueo de textos para ornamentar unos alv\u00e9olos previamente vaciados no carec\u00eda de seguridad&#8230; pero en fin, habiendo hecho el Se\u00f1or Vicente multi\u00adtud de cosas y abordado a profesionales de todas las categor\u00edas, los segadores fueron siempre recompensados y los ramilletes fue\u00adron siempre agradables y beneficiosos.<\/p>\n<p>Arrastrados m\u00e1s bien a los estudios espirituales o sociol\u00f3gi\u00adcos, algunos autores se esforzaron por relacionar al Se\u00f1or Vicente con alg\u00fan jefe de escuela o alg\u00fan maestro influyente. Vicente fue as\u00ed examinando escrupulosamente partiendo de B\u00e9rulle, de Francisco de Sales e Ignacio de Loyola.<\/p>\n<p>&nbsp;<\/p>\n<p>UNA DOCTRINA EN UNA VIDA<\/p>\n<p>D\u00factil y abundante, el Se\u00f1or Vicente, pese a su gran condescendencia, escapa a las empresas de simplificaci\u00f3n y de clasificaci\u00f3n. Basta con frecuentarle alg\u00fan tiempo para convencerse de que no es un especulativo. Ninguna originalidad doctrinal como en un B\u00e9rulle, un Olier, un Condren. De otro lado, cualquiera que sea su actitud cuando cita a B\u00e9rulle, remeda a Francisco de Sales, adopta sus comparaciones o hace suyos sus razonamientos permanece independiente. No es disc\u00edpulo en el sentido escolar de la palabra, como quien adopta espont\u00e1neamente los principios y las directivas de un maestro. No se confina a un solo director y a una sola escuela. Permanece abierto y acogedor para todos. Si se vuelve con predilecci\u00f3n hacia algunos maestros (B\u00e9rulle, Francisco de Sales, Rodr\u00edguez, Vicente Ferrer, Benito de Canfiel, Duval&#8230;), toma su porci\u00f3n con una deferencia que salvaguarda su perfecta autonom\u00eda. Al adoptar adapta y a menudo transforma. La originalidad de aqu\u00e9l, que al hablar \u00abexaltaba cuanto a la pr\u00e1ctica y en cuanto a la expresi\u00f3n\u00bb no est\u00e1 en la doctrina, sino en la vida y en la experiencia.<\/p>\n<p>Tenemos buenas ocasiones de captar su fisonom\u00eda propia en los tres dominios en los que se sent\u00eda a sus anchas y donde aprec\u00eda como un maestro a sus contempor\u00e1neos:<\/p>\n<p>el de la experiencia,<\/p>\n<p>el de la fe,<\/p>\n<p>el de la prudencia.<\/p>\n<p><strong>La experiencia<\/strong><\/p>\n<p>Profesaba no ser m\u00e1s que un ignorante, se obstinaba en hacerse pasar por un escolar que se eterniza como una bestia en los bancos de la cuarta. Eso extasiaba a Saint-Cyran, a Lancelot, a Dom Gerberon y a algunos jansenistas. Utilizaron esas declaraciones para construirle una s\u00f3lida reputaci\u00f3n de ignorante y de estrechez intelectual. Vicente no se preocupaba de ello siquiera.<\/p>\n<p>Ten\u00eda conciencia del muy relativo valor de las grandes ideas, de los raciocinios, de los hermosos pensamientos en la oraci\u00f3n, de los per\u00edodos sonoros de la predicaci\u00f3n. Campesino sensible a las cosas concretas, hab\u00edale trabajado la curiosidad por los co\u00adnocimientos emp\u00edricos: la alquimia, la terap\u00e9utica. Los argu\u00admentos invencibles que acciona un silogismo, las grandes teor\u00edas que nada menean en la vida de los dem\u00e1s parec\u00edanle inconsis\u00adtentes e irreales. No carec\u00eda de finura. Era de aquellos que est\u00e1n acostumbrados, seg\u00fan Pascal, \u00aba juzgar por el sentimiento\u00bb, que \u00abnada entienden en cosas de razonamiento pues quieren desde el comienzo penetrar viendo de una vez y no est\u00e1n acostumbra\u00addos a buscar los principios\u00bb. Por su par\u00adte, Vicente afirmaba: No se cree a un hombre porque sea sabio sino porque le estimamos bueno y le amamos. Nuestro Se\u00f1or previno con su amor a aquellos a quienes indujo a creer en El.<\/p>\n<p>Sus ideas no son aislables o reductibles a proposiciones abs\u00adtractas. Inspiradas y protegidas por el amor que las anima, se expresan en la vida que las desarrolla y prolonga. El amor no es una consecuencia de su pensamiento, al contrario, dir\u00edase, el pensamiento no es m\u00e1s que un hijo y una expresi\u00f3n de su amor. Su vida es experiencia, y esta experiencia conlleva y verifica una doctrina. Esto nos explica el movimiento fundamental de su exis\u00adtencia. No pas\u00f3 de una idea a una acci\u00f3n o a una manera de vivir como si su resoluci\u00f3n condensara el fruto de un retiro. Todo nos lleva a creer que incluso despu\u00e9s de las conversaciones con el Se\u00f1or de B\u00e9rulle y el buen Se\u00f1or Duval, su bagaje intelectual no era imponente. Entre 1613 y 1617, evoluciona desde la inicia\u00adci\u00f3n de una experiencia hasta un estado de vida deliberado, for\u00admula claramente lo que ha comenzado a vivir. Su esp\u00edritu est\u00e1 adherido a los acontecimientos y m\u00e1s todav\u00eda a las personas que interpretan los hechos. Purificado por la gracia y las pruebas, descifra los acontecimientos y se aplica a darles una respues\u00adta. Cuando averigua que \u00e9l, Vicente, debe remediar la ignoran\u00adcia de los pobres y de los sacerdotes, se esfuerza por reconocer las condiciones que requiere esta misi\u00f3n. Una expresi\u00f3n familiar traduce el ritmo de su progreso y distingue las etapas de \u00e9ste. Hoy que darse a Dios para servir a los pobres&#8230; para ir de misiones, para dirigir los seminarios, a los ordenandos&#8230; Es por haberse efectuado esta donaci\u00f3n, por lo que podr\u00e1 uno luego tomar la palabra, adoptar la pr\u00e1ctica, las disposiciones m\u00e1s aptas y m\u00e1s caritativas para con quien se presente, bien recomendado sin duda, tal Francisco de Sales, Pedro de B\u00e9rulle, santa Teresa, san Ignacio, el Se\u00f1or Duval, Benito de Canfield. El equilibrio del ser est\u00e1 en la acci\u00f3n que da verdad a su existencia. Esta acci\u00f3n consiste en hacer a Cristo presente y operante en uno mismo haci\u00e9ndose uno presente a El y obrando para El. En su nombre, In nomine Domini&#8230; En el nombre de Nuestro Se\u00f1or Jesucristo.<\/p>\n<p>Hay que comenzar por la acci\u00f3n. Vicente subraya complacidamente cada palabra del Evangelio. B\u00fasquese, no es m\u00e1s que una palabra, mas par\u00e9ceme que dice mucho; quiere decir que nos pongamos en la disposici\u00f3n de aspirar siempre a lo que se nos recomienda, de trabajar incesantemente por el reino de Dios y de permanecer en estado laxo y detenido, de atender al interior para regularlo bien, y no al exterior para divertirse. Buscad, buscad, eso dice cuidado, eso dice acci\u00f3n.\u00a0 Se sabe asimismo su definici\u00f3n del amor y del celo: Si el amor de Dios es fuego, el celo es su llama.<\/p>\n<p>El Se\u00f1or Vicente volv\u00eda a menudo sobre el resumen de la vida de Jes\u00fas que da el primer cap\u00edtulo de los Hechos de los Ap\u00f3stoles. Nuestro Se\u00f1or \u00abobr\u00f3 y ense\u00f1\u00f3\u00bb. Part\u00eda de esa expresi\u00f3n para proclamar la indispensable prioridad de la acci\u00f3n. Si hay que ser si antes de obrar, hace falta, antes de ense\u00f1ar, actuar y practicar. Hay que comenzar por establecer el reino de Dios en uno mismo y despu\u00e9s en los dem\u00e1s.\u00a0 Hay que tender a la vida interior, y si se falta ah\u00ed, se falta en todo.<\/p>\n<p>Esta acci\u00f3n no es solamente un gasto mec\u00e1nico de fuerza o una satisfacci\u00f3n instintiva. Es una manera y sin duda, para el Se\u00f1or Vicente la principal y puede que la \u00fanica de unirse a una realidad invisible, a la voluntad de Dios y a Dios mismo. Hay que santificar las propias ocupaciones buscando en ellas a Dios para encontrarle all\u00ed, m\u00e1s que para verlas hechas. S\u00f3lo esta intenci\u00f3n de rebasar lo visible atraves\u00e1ndolo da un valor a la acci\u00f3n.<\/p>\n<p>Observando el t\u00e9rmino que contempla la acci\u00f3n se apercibe uno de que no es un prototipo inm\u00f3vil; es una persona viva y amante: Cristo. Nada me agrada, afirmaba Vicente, m\u00e1s que en Jesucristo.<\/p>\n<p>Esta polarizaci\u00f3n hacia una persona invisible da la orientaci\u00f3n de su pensamiento profundo, su parcialidad, su manera de hablar. El Se\u00f1or Vicente siembra sus discursos de aforismos, de citas, pero jam\u00e1s utiliza \u00e9stas como principios absolutos, con<sup>&#8211;<\/sup>cosas que constri\u00f1en. Son para \u00e9l procedimientos, toques de paz evocar una vida. Hasta las m\u00e1ximas evang\u00e9licas son condensaciones de la vida de Cristo. No tienen fuerza por s\u00ed mismas, son solamente la expresi\u00f3n de la fuerza de Jes\u00fas, que se expresa por ellas y en ellas. Nuestro Se\u00f1or \u2014y no tal sentencia evang\u00e9lica- es la regla de la Misi\u00f3n.<\/p>\n","protected":false},"excerpt":{"rendered":"<p>La doctrina espiritual SORPRESA Mucho le hubiese sorprendido o\u00edr hablar de su \u00abdoctrina es\u00adpiritual\u00bb: se hab\u00eda guardado bien de publicar el menor anuncio para dar a conocer sus ideas o sus convicciones m\u00e1s queridas. Hab\u00eda &#8230; <a href=\"http:\/\/vincentians.com\/es\/san-vicente-de-paul-y-la-caridad-vii\/\" class=\"more-link\">Read More<\/a><\/p>\n","protected":false},"author":5,"featured_media":405146,"comment_status":"open","ping_status":"open","sticky":false,"template":"","format":"standard","meta":{"jetpack_post_was_ever_published":false,"_jetpack_newsletter_access":"","_jetpack_dont_email_post_to_subs":false,"_jetpack_newsletter_tier_id":0,"_jetpack_memberships_contains_paywalled_content":false,"_jetpack_memberships_contains_paid_content":false,"footnotes":"","jetpack_publicize_message":"","jetpack_publicize_feature_enabled":true,"jetpack_social_post_already_shared":true,"jetpack_social_options":{"image_generator_settings":{"template":"highway","default_image_id":0,"font":"","enabled":false},"version":2}},"categories":[28],"tags":[],"class_list":["post-405809","post","type-post","status-publish","format-standard","has-post-thumbnail","hentry","category-formacion-vicenciana"],"yoast_head":"<!-- This site is optimized with the Yoast SEO plugin v26.3 - https:\/\/yoast.com\/wordpress\/plugins\/seo\/ -->\n<title>San Vicente de Pa\u00fal y la Caridad (VII) - Somos Vicencianos<\/title>\n<meta name=\"robots\" content=\"index, follow, max-snippet:-1, max-image-preview:large, max-video-preview:-1\" \/>\n<link rel=\"canonical\" href=\"http:\/\/vincentians.com\/es\/san-vicente-de-paul-y-la-caridad-vii\/\" \/>\n<meta property=\"og:locale\" content=\"es_ES\" \/>\n<meta property=\"og:type\" content=\"article\" \/>\n<meta property=\"og:title\" content=\"San Vicente de Pa\u00fal y la Caridad (VII) - Somos Vicencianos\" \/>\n<meta property=\"og:description\" content=\"La doctrina espiritual SORPRESA Mucho le hubiese sorprendido o\u00edr hablar de su \u00abdoctrina es\u00adpiritual\u00bb: se hab\u00eda guardado bien de publicar el menor anuncio para dar a conocer sus ideas o sus convicciones m\u00e1s queridas. Hab\u00eda ... Read More\" \/>\n<meta property=\"og:url\" content=\"http:\/\/vincentians.com\/es\/san-vicente-de-paul-y-la-caridad-vii\/\" \/>\n<meta property=\"og:site_name\" content=\"Somos Vicencianos\" \/>\n<meta property=\"article:publisher\" content=\"https:\/\/www.facebook.com\/WeAreVincentians\/\" \/>\n<meta property=\"article:published_time\" content=\"2025-05-04T06:51:45+00:00\" \/>\n<meta property=\"og:image\" content=\"https:\/\/i0.wp.com\/vincentians.com\/es\/wp-content\/uploads\/sites\/11\/2023\/08\/aa.gif?fit=868%2C430\" \/>\n\t<meta property=\"og:image:width\" content=\"868\" \/>\n\t<meta property=\"og:image:height\" content=\"430\" \/>\n\t<meta property=\"og:image:type\" content=\"image\/gif\" \/>\n<meta name=\"author\" content=\"Mitxel Olabu\u00e9naga\" \/>\n<meta name=\"twitter:card\" content=\"summary_large_image\" \/>\n<meta name=\"twitter:creator\" content=\"@WeVincentians\" \/>\n<meta name=\"twitter:site\" content=\"@WeVincentians\" \/>\n<meta name=\"twitter:label1\" content=\"Escrito por\" \/>\n\t<meta name=\"twitter:data1\" content=\"Mitxel Olabu\u00e9naga\" \/>\n\t<meta name=\"twitter:label2\" content=\"Tiempo de lectura\" \/>\n\t<meta name=\"twitter:data2\" content=\"12 minutos\" \/>\n<script type=\"application\/ld+json\" class=\"yoast-schema-graph\">{\"@context\":\"https:\/\/schema.org\",\"@graph\":[{\"@type\":\"Article\",\"@id\":\"http:\/\/vincentians.com\/es\/san-vicente-de-paul-y-la-caridad-vii\/#article\",\"isPartOf\":{\"@id\":\"http:\/\/vincentians.com\/es\/san-vicente-de-paul-y-la-caridad-vii\/\"},\"author\":{\"name\":\"Mitxel Olabu\u00e9naga\",\"@id\":\"https:\/\/vincentians.com\/es\/#\/schema\/person\/7c2670b4445a7ca9d164ea6acdb31859\"},\"headline\":\"San Vicente de Pa\u00fal y la Caridad (VII)\",\"datePublished\":\"2025-05-04T06:51:45+00:00\",\"mainEntityOfPage\":{\"@id\":\"http:\/\/vincentians.com\/es\/san-vicente-de-paul-y-la-caridad-vii\/\"},\"wordCount\":2744,\"commentCount\":0,\"publisher\":{\"@id\":\"https:\/\/vincentians.com\/es\/#organization\"},\"image\":{\"@id\":\"http:\/\/vincentians.com\/es\/san-vicente-de-paul-y-la-caridad-vii\/#primaryimage\"},\"thumbnailUrl\":\"https:\/\/i0.wp.com\/vincentians.com\/es\/wp-content\/uploads\/sites\/11\/2023\/08\/aa.gif?fit=868%2C430\",\"articleSection\":[\"Formaci\u00f3n Vicenciana\"],\"inLanguage\":\"es\",\"potentialAction\":[{\"@type\":\"CommentAction\",\"name\":\"Comment\",\"target\":[\"http:\/\/vincentians.com\/es\/san-vicente-de-paul-y-la-caridad-vii\/#respond\"]}]},{\"@type\":\"WebPage\",\"@id\":\"http:\/\/vincentians.com\/es\/san-vicente-de-paul-y-la-caridad-vii\/\",\"url\":\"http:\/\/vincentians.com\/es\/san-vicente-de-paul-y-la-caridad-vii\/\",\"name\":\"San Vicente de Pa\u00fal y la Caridad (VII) - Somos Vicencianos\",\"isPartOf\":{\"@id\":\"https:\/\/vincentians.com\/es\/#website\"},\"primaryImageOfPage\":{\"@id\":\"http:\/\/vincentians.com\/es\/san-vicente-de-paul-y-la-caridad-vii\/#primaryimage\"},\"image\":{\"@id\":\"http:\/\/vincentians.com\/es\/san-vicente-de-paul-y-la-caridad-vii\/#primaryimage\"},\"thumbnailUrl\":\"https:\/\/i0.wp.com\/vincentians.com\/es\/wp-content\/uploads\/sites\/11\/2023\/08\/aa.gif?fit=868%2C430\",\"datePublished\":\"2025-05-04T06:51:45+00:00\",\"breadcrumb\":{\"@id\":\"http:\/\/vincentians.com\/es\/san-vicente-de-paul-y-la-caridad-vii\/#breadcrumb\"},\"inLanguage\":\"es\",\"potentialAction\":[{\"@type\":\"ReadAction\",\"target\":[\"http:\/\/vincentians.com\/es\/san-vicente-de-paul-y-la-caridad-vii\/\"]}]},{\"@type\":\"ImageObject\",\"inLanguage\":\"es\",\"@id\":\"http:\/\/vincentians.com\/es\/san-vicente-de-paul-y-la-caridad-vii\/#primaryimage\",\"url\":\"https:\/\/i0.wp.com\/vincentians.com\/es\/wp-content\/uploads\/sites\/11\/2023\/08\/aa.gif?fit=868%2C430\",\"contentUrl\":\"https:\/\/i0.wp.com\/vincentians.com\/es\/wp-content\/uploads\/sites\/11\/2023\/08\/aa.gif?fit=868%2C430\",\"width\":868,\"height\":430},{\"@type\":\"BreadcrumbList\",\"@id\":\"http:\/\/vincentians.com\/es\/san-vicente-de-paul-y-la-caridad-vii\/#breadcrumb\",\"itemListElement\":[{\"@type\":\"ListItem\",\"position\":1,\"name\":\"Portada\",\"item\":\"https:\/\/vincentians.com\/es\/\"},{\"@type\":\"ListItem\",\"position\":2,\"name\":\"San Vicente de Pa\u00fal y la Caridad (VII)\"}]},{\"@type\":\"WebSite\",\"@id\":\"https:\/\/vincentians.com\/es\/#website\",\"url\":\"https:\/\/vincentians.com\/es\/\",\"name\":\"Somos Vicencianos\",\"description\":\"Know more to serve more\",\"publisher\":{\"@id\":\"https:\/\/vincentians.com\/es\/#organization\"},\"potentialAction\":[{\"@type\":\"SearchAction\",\"target\":{\"@type\":\"EntryPoint\",\"urlTemplate\":\"https:\/\/vincentians.com\/es\/?s={search_term_string}\"},\"query-input\":{\"@type\":\"PropertyValueSpecification\",\"valueRequired\":true,\"valueName\":\"search_term_string\"}}],\"inLanguage\":\"es\"},{\"@type\":\"Organization\",\"@id\":\"https:\/\/vincentians.com\/es\/#organization\",\"name\":\"The Vincentian Network\",\"url\":\"https:\/\/vincentians.com\/es\/\",\"logo\":{\"@type\":\"ImageObject\",\"inLanguage\":\"es\",\"@id\":\"https:\/\/vincentians.com\/es\/#\/schema\/logo\/image\/\",\"url\":\"https:\/\/i1.wp.com\/vincentians.com\/es\/wp-content\/uploads\/sites\/11\/2016\/06\/Vincentian-Network-logo-big.png?fit=778%2C778\",\"contentUrl\":\"https:\/\/i1.wp.com\/vincentians.com\/es\/wp-content\/uploads\/sites\/11\/2016\/06\/Vincentian-Network-logo-big.png?fit=778%2C778\",\"width\":778,\"height\":778,\"caption\":\"The Vincentian Network\"},\"image\":{\"@id\":\"https:\/\/vincentians.com\/es\/#\/schema\/logo\/image\/\"},\"sameAs\":[\"https:\/\/www.facebook.com\/WeAreVincentians\/\",\"https:\/\/x.com\/WeVincentians\"]},{\"@type\":\"Person\",\"@id\":\"https:\/\/vincentians.com\/es\/#\/schema\/person\/7c2670b4445a7ca9d164ea6acdb31859\",\"name\":\"Mitxel Olabu\u00e9naga\",\"image\":{\"@type\":\"ImageObject\",\"inLanguage\":\"es\",\"@id\":\"https:\/\/vincentians.com\/es\/#\/schema\/person\/image\/\",\"url\":\"https:\/\/secure.gravatar.com\/avatar\/34137ec2e2b8939cbbed975731e71f3f4f1defc7266ded337a5ce0f925426877?s=96&d=mm&r=g\",\"contentUrl\":\"https:\/\/secure.gravatar.com\/avatar\/34137ec2e2b8939cbbed975731e71f3f4f1defc7266ded337a5ce0f925426877?s=96&d=mm&r=g\",\"caption\":\"Mitxel Olabu\u00e9naga\"},\"url\":\"http:\/\/vincentians.com\/es\/author\/mitxel\/\"}]}<\/script>\n<!-- \/ Yoast SEO plugin. -->","yoast_head_json":{"title":"San Vicente de Pa\u00fal y la Caridad (VII) - Somos Vicencianos","robots":{"index":"index","follow":"follow","max-snippet":"max-snippet:-1","max-image-preview":"max-image-preview:large","max-video-preview":"max-video-preview:-1"},"canonical":"http:\/\/vincentians.com\/es\/san-vicente-de-paul-y-la-caridad-vii\/","og_locale":"es_ES","og_type":"article","og_title":"San Vicente de Pa\u00fal y la Caridad (VII) - Somos Vicencianos","og_description":"La doctrina espiritual SORPRESA Mucho le hubiese sorprendido o\u00edr hablar de su \u00abdoctrina es\u00adpiritual\u00bb: se hab\u00eda guardado bien de publicar el menor anuncio para dar a conocer sus ideas o sus convicciones m\u00e1s queridas. Hab\u00eda ... Read More","og_url":"http:\/\/vincentians.com\/es\/san-vicente-de-paul-y-la-caridad-vii\/","og_site_name":"Somos Vicencianos","article_publisher":"https:\/\/www.facebook.com\/WeAreVincentians\/","article_published_time":"2025-05-04T06:51:45+00:00","og_image":[{"width":868,"height":430,"url":"https:\/\/i0.wp.com\/vincentians.com\/es\/wp-content\/uploads\/sites\/11\/2023\/08\/aa.gif?fit=868%2C430","type":"image\/gif"}],"author":"Mitxel Olabu\u00e9naga","twitter_card":"summary_large_image","twitter_creator":"@WeVincentians","twitter_site":"@WeVincentians","twitter_misc":{"Escrito por":"Mitxel Olabu\u00e9naga","Tiempo de lectura":"12 minutos"},"schema":{"@context":"https:\/\/schema.org","@graph":[{"@type":"Article","@id":"http:\/\/vincentians.com\/es\/san-vicente-de-paul-y-la-caridad-vii\/#article","isPartOf":{"@id":"http:\/\/vincentians.com\/es\/san-vicente-de-paul-y-la-caridad-vii\/"},"author":{"name":"Mitxel Olabu\u00e9naga","@id":"https:\/\/vincentians.com\/es\/#\/schema\/person\/7c2670b4445a7ca9d164ea6acdb31859"},"headline":"San Vicente de Pa\u00fal y la Caridad (VII)","datePublished":"2025-05-04T06:51:45+00:00","mainEntityOfPage":{"@id":"http:\/\/vincentians.com\/es\/san-vicente-de-paul-y-la-caridad-vii\/"},"wordCount":2744,"commentCount":0,"publisher":{"@id":"https:\/\/vincentians.com\/es\/#organization"},"image":{"@id":"http:\/\/vincentians.com\/es\/san-vicente-de-paul-y-la-caridad-vii\/#primaryimage"},"thumbnailUrl":"https:\/\/i0.wp.com\/vincentians.com\/es\/wp-content\/uploads\/sites\/11\/2023\/08\/aa.gif?fit=868%2C430","articleSection":["Formaci\u00f3n Vicenciana"],"inLanguage":"es","potentialAction":[{"@type":"CommentAction","name":"Comment","target":["http:\/\/vincentians.com\/es\/san-vicente-de-paul-y-la-caridad-vii\/#respond"]}]},{"@type":"WebPage","@id":"http:\/\/vincentians.com\/es\/san-vicente-de-paul-y-la-caridad-vii\/","url":"http:\/\/vincentians.com\/es\/san-vicente-de-paul-y-la-caridad-vii\/","name":"San Vicente de Pa\u00fal y la Caridad (VII) - Somos Vicencianos","isPartOf":{"@id":"https:\/\/vincentians.com\/es\/#website"},"primaryImageOfPage":{"@id":"http:\/\/vincentians.com\/es\/san-vicente-de-paul-y-la-caridad-vii\/#primaryimage"},"image":{"@id":"http:\/\/vincentians.com\/es\/san-vicente-de-paul-y-la-caridad-vii\/#primaryimage"},"thumbnailUrl":"https:\/\/i0.wp.com\/vincentians.com\/es\/wp-content\/uploads\/sites\/11\/2023\/08\/aa.gif?fit=868%2C430","datePublished":"2025-05-04T06:51:45+00:00","breadcrumb":{"@id":"http:\/\/vincentians.com\/es\/san-vicente-de-paul-y-la-caridad-vii\/#breadcrumb"},"inLanguage":"es","potentialAction":[{"@type":"ReadAction","target":["http:\/\/vincentians.com\/es\/san-vicente-de-paul-y-la-caridad-vii\/"]}]},{"@type":"ImageObject","inLanguage":"es","@id":"http:\/\/vincentians.com\/es\/san-vicente-de-paul-y-la-caridad-vii\/#primaryimage","url":"https:\/\/i0.wp.com\/vincentians.com\/es\/wp-content\/uploads\/sites\/11\/2023\/08\/aa.gif?fit=868%2C430","contentUrl":"https:\/\/i0.wp.com\/vincentians.com\/es\/wp-content\/uploads\/sites\/11\/2023\/08\/aa.gif?fit=868%2C430","width":868,"height":430},{"@type":"BreadcrumbList","@id":"http:\/\/vincentians.com\/es\/san-vicente-de-paul-y-la-caridad-vii\/#breadcrumb","itemListElement":[{"@type":"ListItem","position":1,"name":"Portada","item":"https:\/\/vincentians.com\/es\/"},{"@type":"ListItem","position":2,"name":"San Vicente de Pa\u00fal y la Caridad (VII)"}]},{"@type":"WebSite","@id":"https:\/\/vincentians.com\/es\/#website","url":"https:\/\/vincentians.com\/es\/","name":"Somos Vicencianos","description":"Know more to serve more","publisher":{"@id":"https:\/\/vincentians.com\/es\/#organization"},"potentialAction":[{"@type":"SearchAction","target":{"@type":"EntryPoint","urlTemplate":"https:\/\/vincentians.com\/es\/?s={search_term_string}"},"query-input":{"@type":"PropertyValueSpecification","valueRequired":true,"valueName":"search_term_string"}}],"inLanguage":"es"},{"@type":"Organization","@id":"https:\/\/vincentians.com\/es\/#organization","name":"The Vincentian Network","url":"https:\/\/vincentians.com\/es\/","logo":{"@type":"ImageObject","inLanguage":"es","@id":"https:\/\/vincentians.com\/es\/#\/schema\/logo\/image\/","url":"https:\/\/i1.wp.com\/vincentians.com\/es\/wp-content\/uploads\/sites\/11\/2016\/06\/Vincentian-Network-logo-big.png?fit=778%2C778","contentUrl":"https:\/\/i1.wp.com\/vincentians.com\/es\/wp-content\/uploads\/sites\/11\/2016\/06\/Vincentian-Network-logo-big.png?fit=778%2C778","width":778,"height":778,"caption":"The Vincentian Network"},"image":{"@id":"https:\/\/vincentians.com\/es\/#\/schema\/logo\/image\/"},"sameAs":["https:\/\/www.facebook.com\/WeAreVincentians\/","https:\/\/x.com\/WeVincentians"]},{"@type":"Person","@id":"https:\/\/vincentians.com\/es\/#\/schema\/person\/7c2670b4445a7ca9d164ea6acdb31859","name":"Mitxel Olabu\u00e9naga","image":{"@type":"ImageObject","inLanguage":"es","@id":"https:\/\/vincentians.com\/es\/#\/schema\/person\/image\/","url":"https:\/\/secure.gravatar.com\/avatar\/34137ec2e2b8939cbbed975731e71f3f4f1defc7266ded337a5ce0f925426877?s=96&d=mm&r=g","contentUrl":"https:\/\/secure.gravatar.com\/avatar\/34137ec2e2b8939cbbed975731e71f3f4f1defc7266ded337a5ce0f925426877?s=96&d=mm&r=g","caption":"Mitxel Olabu\u00e9naga"},"url":"http:\/\/vincentians.com\/es\/author\/mitxel\/"}]}},"jetpack_publicize_connections":[],"jetpack_featured_media_url":"https:\/\/i0.wp.com\/vincentians.com\/es\/wp-content\/uploads\/sites\/11\/2023\/08\/aa.gif?fit=868%2C430","jetpack_sharing_enabled":true,"jetpack_shortlink":"https:\/\/wp.me\/p7ETMF-1Hzj","jetpack-related-posts":[{"id":123905,"url":"http:\/\/vincentians.com\/es\/san-vicente-de-paul-y-la-caridad-2-la-doctrina-espiritual\/","url_meta":{"origin":405809,"position":0},"title":"San Vicente de Pa\u00fal y la Caridad. 2.- La doctrina espiritual","author":"Francisco Javier Fern\u00e1ndez Chento","date":"07\/05\/2024","format":false,"excerpt":"II.- La doctrina espiritual Sorpresa Mucho le hubiese sorprendido o\u00edr hablar de su \"doctrina espiritual\": se hab\u00eda guardado bien de publicar el menor anuncio para dar a conocer sus ideas o sus convicciones m\u00e1s queridas. Hab\u00eda dado a la estampa las Reglas o constituciones comunes de la Congregaci\u00f3n de la\u2026","rel":"","context":"En \u00abVicente de Pa\u00fal\u00bb","block_context":{"text":"Vicente de Pa\u00fal","link":"http:\/\/vincentians.com\/es\/category\/la-familia-vicenciana\/fundadores\/vicente-de-paul\/"},"img":{"alt_text":"","src":"https:\/\/i0.wp.com\/vincentians.com\/es\/wp-content\/uploads\/sites\/11\/2013\/04\/d-1.jpg?fit=1200%2C799&resize=350%2C200","width":350,"height":200,"srcset":"https:\/\/i0.wp.com\/vincentians.com\/es\/wp-content\/uploads\/sites\/11\/2013\/04\/d-1.jpg?fit=1200%2C799&resize=350%2C200 1x, https:\/\/i0.wp.com\/vincentians.com\/es\/wp-content\/uploads\/sites\/11\/2013\/04\/d-1.jpg?fit=1200%2C799&resize=525%2C300 1.5x, https:\/\/i0.wp.com\/vincentians.com\/es\/wp-content\/uploads\/sites\/11\/2013\/04\/d-1.jpg?fit=1200%2C799&resize=700%2C400 2x, https:\/\/i0.wp.com\/vincentians.com\/es\/wp-content\/uploads\/sites\/11\/2013\/04\/d-1.jpg?fit=1200%2C799&resize=1050%2C600 3x"},"classes":[]},{"id":387692,"url":"http:\/\/vincentians.com\/es\/fuentes-de-doctrina-vicenciana-y-criterios-de-lectura\/","url_meta":{"origin":405809,"position":1},"title":"Fuentes de doctrina vicenciana y criterios de lectura","author":"Mitxel Olabu\u00e9naga","date":"14\/08\/2016","format":false,"excerpt":"La vocaci\u00f3n del cristiano consiste en seguir a Jes\u00fas. Cristianos, precisamente, llamaron por primera vez en Antioqu\u00eda a los disc\u00edpulos del Se\u00f1or (cf. Hch 11,26). Desde entonces los seguidores de Cristo expresan su fe viviendo el ideal de la Buena Nueva encarnada y predicada por Jes\u00fas de Nazaret, el Cristo\u2026","rel":"","context":"En \u00abEspiritualidad\u00bb","block_context":{"text":"Espiritualidad","link":"http:\/\/vincentians.com\/es\/category\/espiritualidad\/"},"img":{"alt_text":"","src":"https:\/\/i0.wp.com\/vincentians.com\/es\/wp-content\/uploads\/sites\/11\/2016\/08\/Fuentes-de-doctrina-vicenciana.jpg?fit=1199%2C630&resize=350%2C200","width":350,"height":200,"srcset":"https:\/\/i0.wp.com\/vincentians.com\/es\/wp-content\/uploads\/sites\/11\/2016\/08\/Fuentes-de-doctrina-vicenciana.jpg?fit=1199%2C630&resize=350%2C200 1x, https:\/\/i0.wp.com\/vincentians.com\/es\/wp-content\/uploads\/sites\/11\/2016\/08\/Fuentes-de-doctrina-vicenciana.jpg?fit=1199%2C630&resize=525%2C300 1.5x, https:\/\/i0.wp.com\/vincentians.com\/es\/wp-content\/uploads\/sites\/11\/2016\/08\/Fuentes-de-doctrina-vicenciana.jpg?fit=1199%2C630&resize=700%2C400 2x, https:\/\/i0.wp.com\/vincentians.com\/es\/wp-content\/uploads\/sites\/11\/2016\/08\/Fuentes-de-doctrina-vicenciana.jpg?fit=1199%2C630&resize=1050%2C600 3x"},"classes":[]},{"id":119880,"url":"http:\/\/vincentians.com\/es\/identificacion-de-jesucristo-con-el-pobre-parte-ii-capitulo-1\/","url_meta":{"origin":405809,"position":2},"title":"Identificaci\u00f3n de Jesucristo con el pobre. Parte II, Cap\u00edtulo 1","author":"Francisco Javier Fern\u00e1ndez Chento","date":"14\/02\/2015","format":false,"excerpt":"Parte II: La identificaci\u00f3n en san Vicente de Pa\u00fal Hemos estudiado a la luz de las divinas p\u00e1ginas la doc\u00adtrina admirable de la identificaci\u00f3n de Jesucristo con los m\u00e1s peque\u00f1os.Veamos ahora como segunda parte esta misma doctrina realizada. Iluminada por el esplendor de la santidad. Porque los santos son \u00e9sto\u2026","rel":"","context":"En \u00abFormaci\u00f3n Vicenciana\u00bb","block_context":{"text":"Formaci\u00f3n Vicenciana","link":"http:\/\/vincentians.com\/es\/category\/formacion-vicenciana\/"},"img":{"alt_text":"","src":"","width":0,"height":0},"classes":[]},{"id":131925,"url":"http:\/\/vincentians.com\/es\/interesados-en-conocer-el-espiritu-de-la-congregacion\/","url_meta":{"origin":405809,"position":3},"title":"Interesados en conocer el esp\u00edritu de la Congregaci\u00f3n","author":"Francisco Javier Fern\u00e1ndez Chento","date":"08\/08\/2019","format":false,"excerpt":"\"Todo letrado que entiende del reinado de Dios se paree a un padre de familia que saca de su arc\u00f3n cosas nuevas y antiguas\". (Mt 13,52). \"Todos se afanar\u00e1n siempre por conocer m\u00e1s profundamente este esp\u00edritu, volviendo al Evangelio, al ejemplo de San Vicente y a su doctrina, en la\u2026","rel":"","context":"En \u00abEspiritualidad vicenciana\u00bb","block_context":{"text":"Espiritualidad vicenciana","link":"http:\/\/vincentians.com\/es\/category\/espiritualidad\/espiritualidad-vicenciana\/"},"img":{"alt_text":"","src":"https:\/\/i0.wp.com\/vincentians.com\/es\/wp-content\/uploads\/sites\/11\/2016\/10\/ranquines.jpg?fit=1200%2C630&resize=350%2C200","width":350,"height":200,"srcset":"https:\/\/i0.wp.com\/vincentians.com\/es\/wp-content\/uploads\/sites\/11\/2016\/10\/ranquines.jpg?fit=1200%2C630&resize=350%2C200 1x, https:\/\/i0.wp.com\/vincentians.com\/es\/wp-content\/uploads\/sites\/11\/2016\/10\/ranquines.jpg?fit=1200%2C630&resize=525%2C300 1.5x, https:\/\/i0.wp.com\/vincentians.com\/es\/wp-content\/uploads\/sites\/11\/2016\/10\/ranquines.jpg?fit=1200%2C630&resize=700%2C400 2x, https:\/\/i0.wp.com\/vincentians.com\/es\/wp-content\/uploads\/sites\/11\/2016\/10\/ranquines.jpg?fit=1200%2C630&resize=1050%2C600 3x"},"classes":[]},{"id":116979,"url":"http:\/\/vincentians.com\/es\/espiritualidad-vicenciana-y-renovacion-conciliar\/","url_meta":{"origin":405809,"position":4},"title":"Espiritualidad vicenciana y renovaci\u00f3n conciliar","author":"Francisco Javier Fern\u00e1ndez Chento","date":"19\/03\/2015","format":false,"excerpt":"En la Iglesia posconciliar se necesita un estudio s\u00f3lido y diverso de la espiritualidad cristiana b\u00e1sica y de las \"espiritualidades\" que han aplicado la Espiritualidad evang\u00e9lica a distintas situa\u00adciones hist\u00f3ricas y a familias religiosas y apost\u00f3licas, para reali\u00adzar la \"adecuada renovaci\u00f3n\" de estas espiritualidades a la au\u00adt\u00e9ntica espiritualidad Cristoc\u00e9ntrica y\u2026","rel":"","context":"En \u00abEspiritualidad vicenciana\u00bb","block_context":{"text":"Espiritualidad vicenciana","link":"http:\/\/vincentians.com\/es\/category\/espiritualidad\/espiritualidad-vicenciana\/"},"img":{"alt_text":"concilio1","src":"https:\/\/i0.wp.com\/vicencianos.org\/wp-content\/2013\/01\/concilio1-300x113.jpg?resize=350%2C200","width":350,"height":200},"classes":[]},{"id":131669,"url":"http:\/\/vincentians.com\/es\/edificad-sobre-roca-firme\/","url_meta":{"origin":405809,"position":5},"title":"Edificad sobre roca firme","author":"Francisco Javier Fern\u00e1ndez Chento","date":"04\/11\/2014","format":false,"excerpt":"\"Todo aquel que escucha estas palabras m\u00edas y las pone por obra se parece al hombre sensato que edific\u00f3 su casa sobre roca. Cay\u00f3 la lluvia, vino la riada, soplaron los vientos, y arremetieron contra la casa; pero no se hundi\u00f3, porque estaba cimentada sobre roca firme\". (Mt 7,24-25). \"La\u2026","rel":"","context":"En \u00abEspiritualidad vicenciana\u00bb","block_context":{"text":"Espiritualidad vicenciana","link":"http:\/\/vincentians.com\/es\/category\/espiritualidad\/espiritualidad-vicenciana\/"},"img":{"alt_text":"casa-rocas","src":"https:\/\/i0.wp.com\/vicencianos.org\/wp-content\/2014\/11\/casa-rocas-300x183.jpg?resize=350%2C200","width":350,"height":200},"classes":[]}],"_links":{"self":[{"href":"http:\/\/vincentians.com\/es\/wp-json\/wp\/v2\/posts\/405809","targetHints":{"allow":["GET"]}}],"collection":[{"href":"http:\/\/vincentians.com\/es\/wp-json\/wp\/v2\/posts"}],"about":[{"href":"http:\/\/vincentians.com\/es\/wp-json\/wp\/v2\/types\/post"}],"author":[{"embeddable":true,"href":"http:\/\/vincentians.com\/es\/wp-json\/wp\/v2\/users\/5"}],"replies":[{"embeddable":true,"href":"http:\/\/vincentians.com\/es\/wp-json\/wp\/v2\/comments?post=405809"}],"version-history":[{"count":1,"href":"http:\/\/vincentians.com\/es\/wp-json\/wp\/v2\/posts\/405809\/revisions"}],"predecessor-version":[{"id":405810,"href":"http:\/\/vincentians.com\/es\/wp-json\/wp\/v2\/posts\/405809\/revisions\/405810"}],"wp:featuredmedia":[{"embeddable":true,"href":"http:\/\/vincentians.com\/es\/wp-json\/wp\/v2\/media\/405146"}],"wp:attachment":[{"href":"http:\/\/vincentians.com\/es\/wp-json\/wp\/v2\/media?parent=405809"}],"wp:term":[{"taxonomy":"category","embeddable":true,"href":"http:\/\/vincentians.com\/es\/wp-json\/wp\/v2\/categories?post=405809"},{"taxonomy":"post_tag","embeddable":true,"href":"http:\/\/vincentians.com\/es\/wp-json\/wp\/v2\/tags?post=405809"}],"curies":[{"name":"wp","href":"https:\/\/api.w.org\/{rel}","templated":true}]}}