{"id":405794,"date":"2025-04-20T08:38:27","date_gmt":"2025-04-20T06:38:27","guid":{"rendered":"https:\/\/vincentians.com\/es\/?p=405794"},"modified":"2024-08-21T19:40:41","modified_gmt":"2024-08-21T17:40:41","slug":"santiago-masarnau-fundador-de-las-conferencias-de-san-vicente-de-paul-en-espana","status":"publish","type":"post","link":"http:\/\/vincentians.com\/es\/santiago-masarnau-fundador-de-las-conferencias-de-san-vicente-de-paul-en-espana\/","title":{"rendered":"SANTIAGO MASARNAU, FUNDADOR DE LAS CONFERENCIAS DE SAN VICENTE DE PA\u00daL EN ESPA\u00d1A"},"content":{"rendered":"<p>Naci\u00f3 en Madrid el 10 de Diciembre de 1805. D. Santia\u00adgo Masarnau y Fern\u00e1ndez, notable m\u00fasico, hombre piados\u00edsimo y fundador en Espa\u00f1a de las Conferencias de San Vicente de Pa\u00fal.<\/p>\n<p>Fueron tan precoces sus disposiciones para la m\u00fasica, que a los trece a\u00f1os de edad compuso una <em>Misa, <\/em>que se cant\u00f3 en la Capilla Real, lo que motiv\u00f3 que Fernando VII le honrase con el nombre de gentilhombre en Octubre de 1819.<\/p>\n<p>Con gran aprovechamiento y ganando algunos premios, figur\u00f3 como alumno en el Colegio de Agustinos de Do\u00f1a Mar\u00eda de Arag\u00f3n y en los Estudios de San Isidro.<\/p>\n<p>En Agosto de 1825 hizo su primer viaje a Par\u00eds, y en esta capital y en Londres pas\u00f3 gran parte de su juventud de\u00addicado al arte musical.<\/p>\n<p>En 1838 y hall\u00e1ndose en Par\u00eds empez\u00f3 Masarnau sus ejer\u00adcicios de piedad, pues hasta entonces, como dice su entu\u00adsiasta bi\u00f3grafo Sr. Quadrado, \u00absi alg\u00fan homenaje rend\u00eda al principio o al sentimiento cat\u00f3lico, ten\u00eda m\u00e1s de reflexi\u00f3n filos\u00f3fica que de arranque devoto\u00bb.<\/p>\n<p>Despu\u00e9s de una detenid\u00edsima confesi\u00f3n general, comul\u00adg\u00f3 Masarnau en 19 de Mayo de dicho a\u00f1o en la Iglesia de Nuestra Se\u00f1ora de Loreto, frecuentando ya sin interrupci\u00f3n los Sacramentos y dedic\u00e1ndose a la oraci\u00f3n y a la caridad.<\/p>\n<p>El domingo 9 de Junio de 1839 asisti\u00f3 por primera vez en Par\u00eds a una Conferencia de San Vicente el que hab\u00eda de ser fundador de ellas en Espa\u00f1a, y desde el primer mo\u00admento se distingui\u00f3 por su fervoroso celo.<\/p>\n<p>El cari\u00f1o de su hermano, el recuerdo de los suyos, le llamaba a Espa\u00f1a, y en 9 de Mayo de 1843 entr\u00f3 en Ma\u00addrid, para instalarse en \u00e9l definitivamente, corno vicedirector del Colegio de Masarnau, establecido por su hermano en la calle Alcal\u00e1, sobre el solar donde se alz\u00f3 antes el con\u00advento de las Vallecas y sitios que hoy ocupa la casa cuya planta baja es el caf\u00e9 de Fornos.<\/p>\n<p>Desde su regreso a la Corte, y aun antes, acariciaba Don Santiago la idea de introducir en Espa\u00f1a la piadosa instituci\u00f3n que le era tan querida; y tanto hizo, que en II de No\u00adviembre de 1849 se reuni\u00f3 en Madrid la primera Conferen\u00adcia de San Vicente, que fue\u00a0 la de San Sebasti\u00e1n, siendo sus primeros socios el que luego fue\u00a0 sabio catedr\u00e1tico y espa\u00f1ol\u00edsimo escritor D. Vicente de Lafuente, el profesor de Franc\u00e9s D. Anselmo Ouradou y el famoso artista, perfec\u00adto caballero, prodigioso erudito y literato castizo D. Pedro de Madrazo.<\/p>\n<p>Celebr\u00e1ronse las primeras Conferencias en una casa del Sr. Ouradou, y la primera Comuni\u00f3n p\u00fablica el 8 de Di\u00adciembre de aquel a\u00f1o en la Iglesia de los Capuchinos del Prado. En 1854 eran muchas las Conferencias fundadas, y tuvo lugar su creaci\u00f3n por este orden: San Sebasti\u00e1n, Santa Mar\u00eda de la Almudena, San Jos\u00e9 y Santa Cruz (Madrid), Burgos, Calella (Catalu\u00f1a), Huesca, Ja\u00e9n, Santander, Va\u00adlladolid, Rueda, Salamanca y Palencia. Todas ellas y las que posteriormente nacieron recib\u00edan impulsos y direcci\u00f3n de \u00abLa Colmena\u00bb, centro administrativo y oficina perma\u00adnente del Consejo Central, del que era alma y vida D. San\u00adtiago Masarnau. Tan piadosa ocupaci\u00f3n era compatible para nuestro biografiado con su afici\u00f3n art\u00edstica, el cumplido desempe\u00f1o de sus tareas en el Colegio de su hermano y el cuidado con que atend\u00eda al Hospital de los Franceses de la Red de San Luis, al Asilo de Santa Isabel, de la calle de Hortaleza, y a una correspondencia sostenida con el Con\u00adsejo de Par\u00eds y con las personas que de todas las provincias de Espa\u00f1a acud\u00edan a pedir a D. Santiago auxilio y luces.<\/p>\n<p>En 1863 dejaron los dos hermanos la direcci\u00f3n del Co\u00adlegio, y en 1864 eran en Espa\u00f1a 9.575 los socios activos de San Vicente, de los cuales s\u00f3lo en Madrid, durante la inva\u00adsi\u00f3n col\u00e9rica de 1865, fallecieron 11.<\/p>\n<p>En 21 de Octubre de 1868 disolvi\u00f3 el Gobierno la So\u00adciedad, y la autoridad se incaut\u00f3 de los papeles de \u00abLa Col\u00admena\u00bb, y muebles, y dinero; y triunfante la Restauraci\u00f3n, se alz\u00f3 el entredicho y se recobraron los papeles; \u00a1los dineros fueron los que no aparecieron! <em>\u00a1Sic transit <\/em>en todas las iguales o parecidas ocasiones!<\/p>\n<p>Incansable se mostr\u00f3 Masarnau en la segunda \u00e9poca de las Conferencias, corno se hab\u00eda mostrado durante su eclip\u00adse, en no abandonar el cumplimiento de la misi\u00f3n piadosa que se hab\u00eda impuesto; pero su salud padec\u00eda, y la muerte de su hermano, ocurrida repentinamente en 21 de Diciem\u00adbre de 1879, fue un golpe terrible.<\/p>\n<p>Se le ve\u00eda acabar, y \u00e9l, que notaba que sus consocios se apenaban y que tem\u00edan no llorar s\u00f3lo su muerte, sino la de las Conferencias, pues le cre\u00edan insustituible, les dijo en ocasi\u00f3n solemne: <em>\u2014\u00bfQu\u00e9 agravio mayor al poder y a la bondad de Dios, de quien el hombre no es m\u00e1s que instru\u00admento, que esa frase vulgar \u00absi no fuera por Fulano\u00bb, que a todo prop\u00f3sito repetimos? \u00bfA qui\u00e9n se le ocurre creer que el cuchillo corta, que la escoba barre, que el martillo clava por s\u00ed solo?<\/em><\/p>\n<p>Traslad\u00f3se \u00abLa Colmena\u00bb desde la calle del Prado a la de la Greda, pero ya asisti\u00f3 muy poco a dicho Centro D. San\u00adtiago, encarg\u00e1ndose de la direcci\u00f3n D. Vicente de Lafuente y D. Mariano Bosch hasta el II de Noviembre de 1882, en que fue\u00a0 nombrado Presidente D. Luis de Tapia.<\/p>\n<p>Alg\u00fan alivio experiment\u00f3 D. Santiago, pero cuatro d\u00edas despu\u00e9s de cumplir los setenta y siete a\u00f1os, en 14 de Di\u00adciembre de 1882, rodeado de consocios y de pobres y con\u00adfortado con la administraci\u00f3n de los Sacramentos, muri\u00f3 el fundador de las Conferencias, el infatigable propagan\u00addista, el piados\u00edsimo amparo de los desgraciados, su maes\u00adtro y consejero, que de todos era conocido por \u00a1D. San\u00adtiago!<\/p>\n<p>A su memoria dedicaron sentid\u00edsimos art\u00edculos D. Vi\u00adcente Lafuente, D. Jos\u00e9 Mar\u00eda Esperanza y Do\u00f1a Concep\u00adci\u00f3n Arenal, y las noticias que aqu\u00ed se dan son todas extrac\u00adto del primoroso y sentid\u00edsimo trabajo biogr\u00e1fico debido a la castiza pluma de D. Jos\u00e9 Mar\u00eda Quadrado. Y han sido tan notorias las virtudes de D. Santiago Masarnau y tan convencidos quedaron los que le conocieron de que hab\u00eda muerto en olor de santidad, que se ha incoado (y admitido) el expediente de beatificaci\u00f3n de este hombre ejemplar.<\/p>\n<p>ENSE\u00d1ANZAS DE D. SANTIAGO<\/p>\n<ul>\n<li>Respecto al dinero pueden suceder cuatro cosas: I.<sup>a<\/sup>, no tenerlo y necesitarlo, <em>malo es; <\/em><sup>a<\/sup>, tenerlo y necesitarlo, <em>menos malo; <\/em>3\u00aa, tenerlo y no necesitarlo, <em>mejor a\u00fan; y <\/em>4.<sup>a<\/sup>, no tenerlo ni necesitarlo; <em>esta es mejor de todas.<\/em><\/li>\n<li>Las necesidades crecen al comp\u00e1s del ocio.<\/li>\n<li>La m\u00e1quina que hace m\u00e1s ruido no es la que produce m\u00e1s efecto, ni el horno que echa m\u00e1s humo es el que me\u00adjor quema: tampoco el hombre que m\u00e1s r\u00ede 6 mete m\u00e1s bulla suele ser el que m\u00e1s goza.<\/li>\n<li>Se escoge demasiado tal vez lo que se come, y poco o nada lo que se lee.<\/li>\n<li>De dos que disputan acaloradamente, ninguno tiene ra\u00adz\u00f3n. Algo de lo mismo pasa con las guerras, mayormente si son civiles.<\/li>\n<li>\u00bfPor qu\u00e9 se aparta la vista de un objeto inmundo y no se separa de uno obsceno?<\/li>\n<li>El pensamiento es como el acero; si no se usa, se toma; si se usa demasiado, se gasta.<\/li>\n<li>El arte de montar consiste en adaptar los movimientos del cuerpo a los del caballo; as\u00ed como el arte de vivir, en conformar los afectos del \u00e1nimo a las circunstancias en que Dios nos coloca.<\/li>\n<li>La moral cristiana no pide cuenta al hombre de lo que siente, sino de lo que consiente.<\/li>\n<li>En las quejas y alarmas de los males presentes y de las persecuciones que atravesamos, nos parecemos los cat\u00f3li\u00adcos del d\u00eda a los ni\u00f1os que lloran y rabian <em>cuando los lavan <\/em>para vestirlos.<\/li>\n<\/ul>\n<p>M\u00c1XIMAS DE D. SANTIAGO MASARNAU SACADAS AL AZAR DE LAS CIENTO Y M\u00c1S PUBLICADAS.<\/p>\n<ul>\n<li>Cuidado con la lengua de la sociedad y con el pensa\u00admiento en la soledad.<\/li>\n<li>Callar con igual esmero todo lo bueno propio y lo malo ajeno.<\/li>\n<li>Oraci\u00f3n y trabajo son los dos remos del barco, las dos alas del ave, los dos pies del hombre; se necesitan y com\u00adpletan mutuamente.<\/li>\n<li>El que vence sus pasiones es se\u00f1or del mundo; a hemos de mandarlas a ellas, o hemos de ser sus esclavos; mejor es, pues, ser martillo que yunque.<\/li>\n<li>El malo no cree en la bondad de nadie: le sucede lo que al borracho, que, no pudiendo tenerse en pie, le parece que todo el mundo se cae.<\/li>\n<li>Decir de Dios toda lo que permita la <em>prudencia; <\/em>decir bien del pr\u00f3jimo todo lo que permita la verdad; decir mal de s\u00ed mismo todo lo que no llegue a<\/li>\n<li>Del empe\u00f1o en mirar las faltas ajenas y en olvidar las propias dimana la murmuraci\u00f3n, hija del orgullo.<\/li>\n<li>\u00bfQu\u00e9 es el hombre? Un cuerpo que viene de la tierra, unido a un alma que va al Cielo.<\/li>\n<li>Tristeza es una flaqueza, comparable en un cristiano a miedo en un soldado: si no hay peligro es tonter\u00eda, y co\u00adbard\u00eda si lo hay.<\/li>\n<li>\u00bfC\u00f3mo amar a los malos? Como nos ama a nosotros Je\u00adsucristo.<\/li>\n<li>Dios, como los reyes, premia con cruces a sus favoritos.<\/li>\n<li>Ni la vela luce hasta que arde, ni perfuma el incienso hasta que se quema, ni el hombre ama hasta que sufre.<\/li>\n<li>Todos tenemos nuestros defectos, y el mayor acaso es el de no saber callar y tolerar los ajenos.<\/li>\n<\/ul>\n<p>ANALES 1906<\/p>\n","protected":false},"excerpt":{"rendered":"<p>Naci\u00f3 en Madrid el 10 de Diciembre de 1805. D. Santia\u00adgo Masarnau y Fern\u00e1ndez, notable m\u00fasico, hombre piados\u00edsimo y fundador en Espa\u00f1a de las Conferencias de San Vicente de Pa\u00fal. Fueron tan precoces sus disposiciones &#8230; <a href=\"http:\/\/vincentians.com\/es\/santiago-masarnau-fundador-de-las-conferencias-de-san-vicente-de-paul-en-espana\/\" class=\"more-link\">Read More<\/a><\/p>\n","protected":false},"author":5,"featured_media":398917,"comment_status":"open","ping_status":"open","sticky":false,"template":"","format":"standard","meta":{"jetpack_post_was_ever_published":false,"_jetpack_newsletter_access":"","_jetpack_dont_email_post_to_subs":false,"_jetpack_newsletter_tier_id":0,"_jetpack_memberships_contains_paywalled_content":false,"_jetpack_memberships_contains_paid_content":false,"footnotes":"","jetpack_publicize_message":"","jetpack_publicize_feature_enabled":true,"jetpack_social_post_already_shared":true,"jetpack_social_options":{"image_generator_settings":{"template":"highway","default_image_id":0,"font":"","enabled":false},"version":2}},"categories":[28],"tags":[],"class_list":["post-405794","post","type-post","status-publish","format-standard","has-post-thumbnail","hentry","category-formacion-vicenciana"],"yoast_head":"<!-- This site is optimized with the Yoast SEO plugin v26.3 - https:\/\/yoast.com\/wordpress\/plugins\/seo\/ -->\n<title>SANTIAGO MASARNAU, FUNDADOR DE LAS CONFERENCIAS DE SAN VICENTE DE PA\u00daL EN ESPA\u00d1A - Somos Vicencianos<\/title>\n<meta name=\"robots\" content=\"index, follow, max-snippet:-1, max-image-preview:large, max-video-preview:-1\" \/>\n<link rel=\"canonical\" href=\"https:\/\/vincentians.com\/es\/santiago-masarnau-fundador-de-las-conferencias-de-san-vicente-de-paul-en-espana\/\" \/>\n<meta property=\"og:locale\" content=\"es_ES\" \/>\n<meta property=\"og:type\" content=\"article\" \/>\n<meta property=\"og:title\" content=\"SANTIAGO MASARNAU, FUNDADOR DE LAS CONFERENCIAS DE SAN VICENTE DE PA\u00daL EN ESPA\u00d1A - Somos Vicencianos\" \/>\n<meta property=\"og:description\" content=\"Naci\u00f3 en Madrid el 10 de Diciembre de 1805. D. Santia\u00adgo Masarnau y Fern\u00e1ndez, notable m\u00fasico, hombre piados\u00edsimo y fundador en Espa\u00f1a de las Conferencias de San Vicente de Pa\u00fal. Fueron tan precoces sus disposiciones ... Read More\" \/>\n<meta property=\"og:url\" content=\"https:\/\/vincentians.com\/es\/santiago-masarnau-fundador-de-las-conferencias-de-san-vicente-de-paul-en-espana\/\" \/>\n<meta property=\"og:site_name\" content=\"Somos Vicencianos\" \/>\n<meta property=\"article:publisher\" content=\"https:\/\/www.facebook.com\/WeAreVincentians\/\" \/>\n<meta property=\"article:published_time\" content=\"2025-04-20T06:38:27+00:00\" \/>\n<meta property=\"og:image\" content=\"https:\/\/i0.wp.com\/vincentians.com\/es\/wp-content\/uploads\/sites\/11\/2013\/10\/El-Cristo-de-las-virtudes-vicencianas.jpg?fit=3219%2C1070&ssl=1\" \/>\n\t<meta property=\"og:image:width\" content=\"3219\" \/>\n\t<meta property=\"og:image:height\" content=\"1070\" \/>\n\t<meta property=\"og:image:type\" content=\"image\/jpeg\" \/>\n<meta name=\"author\" content=\"Mitxel Olabu\u00e9naga\" \/>\n<meta name=\"twitter:card\" content=\"summary_large_image\" \/>\n<meta name=\"twitter:creator\" content=\"@WeVincentians\" \/>\n<meta name=\"twitter:site\" content=\"@WeVincentians\" \/>\n<meta name=\"twitter:label1\" content=\"Escrito por\" \/>\n\t<meta name=\"twitter:data1\" content=\"Mitxel Olabu\u00e9naga\" \/>\n\t<meta name=\"twitter:label2\" content=\"Tiempo de lectura\" \/>\n\t<meta name=\"twitter:data2\" content=\"8 minutos\" \/>\n<script type=\"application\/ld+json\" class=\"yoast-schema-graph\">{\"@context\":\"https:\/\/schema.org\",\"@graph\":[{\"@type\":\"Article\",\"@id\":\"https:\/\/vincentians.com\/es\/santiago-masarnau-fundador-de-las-conferencias-de-san-vicente-de-paul-en-espana\/#article\",\"isPartOf\":{\"@id\":\"https:\/\/vincentians.com\/es\/santiago-masarnau-fundador-de-las-conferencias-de-san-vicente-de-paul-en-espana\/\"},\"author\":{\"name\":\"Mitxel Olabu\u00e9naga\",\"@id\":\"https:\/\/vincentians.com\/es\/#\/schema\/person\/7c2670b4445a7ca9d164ea6acdb31859\"},\"headline\":\"SANTIAGO MASARNAU, FUNDADOR DE LAS CONFERENCIAS DE SAN VICENTE DE PA\u00daL EN ESPA\u00d1A\",\"datePublished\":\"2025-04-20T06:38:27+00:00\",\"mainEntityOfPage\":{\"@id\":\"https:\/\/vincentians.com\/es\/santiago-masarnau-fundador-de-las-conferencias-de-san-vicente-de-paul-en-espana\/\"},\"wordCount\":1691,\"commentCount\":0,\"publisher\":{\"@id\":\"https:\/\/vincentians.com\/es\/#organization\"},\"image\":{\"@id\":\"https:\/\/vincentians.com\/es\/santiago-masarnau-fundador-de-las-conferencias-de-san-vicente-de-paul-en-espana\/#primaryimage\"},\"thumbnailUrl\":\"https:\/\/i0.wp.com\/vincentians.com\/es\/wp-content\/uploads\/sites\/11\/2013\/10\/El-Cristo-de-las-virtudes-vicencianas.jpg?fit=3219%2C1070\",\"articleSection\":[\"Formaci\u00f3n Vicenciana\"],\"inLanguage\":\"es\",\"potentialAction\":[{\"@type\":\"CommentAction\",\"name\":\"Comment\",\"target\":[\"https:\/\/vincentians.com\/es\/santiago-masarnau-fundador-de-las-conferencias-de-san-vicente-de-paul-en-espana\/#respond\"]}]},{\"@type\":\"WebPage\",\"@id\":\"https:\/\/vincentians.com\/es\/santiago-masarnau-fundador-de-las-conferencias-de-san-vicente-de-paul-en-espana\/\",\"url\":\"https:\/\/vincentians.com\/es\/santiago-masarnau-fundador-de-las-conferencias-de-san-vicente-de-paul-en-espana\/\",\"name\":\"SANTIAGO MASARNAU, FUNDADOR DE LAS CONFERENCIAS DE SAN VICENTE DE PA\u00daL EN ESPA\u00d1A - Somos Vicencianos\",\"isPartOf\":{\"@id\":\"https:\/\/vincentians.com\/es\/#website\"},\"primaryImageOfPage\":{\"@id\":\"https:\/\/vincentians.com\/es\/santiago-masarnau-fundador-de-las-conferencias-de-san-vicente-de-paul-en-espana\/#primaryimage\"},\"image\":{\"@id\":\"https:\/\/vincentians.com\/es\/santiago-masarnau-fundador-de-las-conferencias-de-san-vicente-de-paul-en-espana\/#primaryimage\"},\"thumbnailUrl\":\"https:\/\/i0.wp.com\/vincentians.com\/es\/wp-content\/uploads\/sites\/11\/2013\/10\/El-Cristo-de-las-virtudes-vicencianas.jpg?fit=3219%2C1070\",\"datePublished\":\"2025-04-20T06:38:27+00:00\",\"breadcrumb\":{\"@id\":\"https:\/\/vincentians.com\/es\/santiago-masarnau-fundador-de-las-conferencias-de-san-vicente-de-paul-en-espana\/#breadcrumb\"},\"inLanguage\":\"es\",\"potentialAction\":[{\"@type\":\"ReadAction\",\"target\":[\"https:\/\/vincentians.com\/es\/santiago-masarnau-fundador-de-las-conferencias-de-san-vicente-de-paul-en-espana\/\"]}]},{\"@type\":\"ImageObject\",\"inLanguage\":\"es\",\"@id\":\"https:\/\/vincentians.com\/es\/santiago-masarnau-fundador-de-las-conferencias-de-san-vicente-de-paul-en-espana\/#primaryimage\",\"url\":\"https:\/\/i0.wp.com\/vincentians.com\/es\/wp-content\/uploads\/sites\/11\/2013\/10\/El-Cristo-de-las-virtudes-vicencianas.jpg?fit=3219%2C1070\",\"contentUrl\":\"https:\/\/i0.wp.com\/vincentians.com\/es\/wp-content\/uploads\/sites\/11\/2013\/10\/El-Cristo-de-las-virtudes-vicencianas.jpg?fit=3219%2C1070\",\"width\":3219,\"height\":1070},{\"@type\":\"BreadcrumbList\",\"@id\":\"https:\/\/vincentians.com\/es\/santiago-masarnau-fundador-de-las-conferencias-de-san-vicente-de-paul-en-espana\/#breadcrumb\",\"itemListElement\":[{\"@type\":\"ListItem\",\"position\":1,\"name\":\"Portada\",\"item\":\"https:\/\/vincentians.com\/es\/\"},{\"@type\":\"ListItem\",\"position\":2,\"name\":\"SANTIAGO MASARNAU, FUNDADOR DE LAS CONFERENCIAS DE SAN VICENTE DE PA\u00daL EN ESPA\u00d1A\"}]},{\"@type\":\"WebSite\",\"@id\":\"https:\/\/vincentians.com\/es\/#website\",\"url\":\"https:\/\/vincentians.com\/es\/\",\"name\":\"Somos Vicencianos\",\"description\":\"Know more to serve more\",\"publisher\":{\"@id\":\"https:\/\/vincentians.com\/es\/#organization\"},\"potentialAction\":[{\"@type\":\"SearchAction\",\"target\":{\"@type\":\"EntryPoint\",\"urlTemplate\":\"https:\/\/vincentians.com\/es\/?s={search_term_string}\"},\"query-input\":{\"@type\":\"PropertyValueSpecification\",\"valueRequired\":true,\"valueName\":\"search_term_string\"}}],\"inLanguage\":\"es\"},{\"@type\":\"Organization\",\"@id\":\"https:\/\/vincentians.com\/es\/#organization\",\"name\":\"The Vincentian Network\",\"url\":\"https:\/\/vincentians.com\/es\/\",\"logo\":{\"@type\":\"ImageObject\",\"inLanguage\":\"es\",\"@id\":\"https:\/\/vincentians.com\/es\/#\/schema\/logo\/image\/\",\"url\":\"https:\/\/i1.wp.com\/vincentians.com\/es\/wp-content\/uploads\/sites\/11\/2016\/06\/Vincentian-Network-logo-big.png?fit=778%2C778\",\"contentUrl\":\"https:\/\/i1.wp.com\/vincentians.com\/es\/wp-content\/uploads\/sites\/11\/2016\/06\/Vincentian-Network-logo-big.png?fit=778%2C778\",\"width\":778,\"height\":778,\"caption\":\"The Vincentian Network\"},\"image\":{\"@id\":\"https:\/\/vincentians.com\/es\/#\/schema\/logo\/image\/\"},\"sameAs\":[\"https:\/\/www.facebook.com\/WeAreVincentians\/\",\"https:\/\/x.com\/WeVincentians\"]},{\"@type\":\"Person\",\"@id\":\"https:\/\/vincentians.com\/es\/#\/schema\/person\/7c2670b4445a7ca9d164ea6acdb31859\",\"name\":\"Mitxel Olabu\u00e9naga\",\"image\":{\"@type\":\"ImageObject\",\"inLanguage\":\"es\",\"@id\":\"https:\/\/vincentians.com\/es\/#\/schema\/person\/image\/\",\"url\":\"https:\/\/secure.gravatar.com\/avatar\/34137ec2e2b8939cbbed975731e71f3f4f1defc7266ded337a5ce0f925426877?s=96&d=mm&r=g\",\"contentUrl\":\"https:\/\/secure.gravatar.com\/avatar\/34137ec2e2b8939cbbed975731e71f3f4f1defc7266ded337a5ce0f925426877?s=96&d=mm&r=g\",\"caption\":\"Mitxel Olabu\u00e9naga\"},\"url\":\"http:\/\/vincentians.com\/es\/author\/mitxel\/\"}]}<\/script>\n<!-- \/ Yoast SEO plugin. -->","yoast_head_json":{"title":"SANTIAGO MASARNAU, FUNDADOR DE LAS CONFERENCIAS DE SAN VICENTE DE PA\u00daL EN ESPA\u00d1A - Somos Vicencianos","robots":{"index":"index","follow":"follow","max-snippet":"max-snippet:-1","max-image-preview":"max-image-preview:large","max-video-preview":"max-video-preview:-1"},"canonical":"https:\/\/vincentians.com\/es\/santiago-masarnau-fundador-de-las-conferencias-de-san-vicente-de-paul-en-espana\/","og_locale":"es_ES","og_type":"article","og_title":"SANTIAGO MASARNAU, FUNDADOR DE LAS CONFERENCIAS DE SAN VICENTE DE PA\u00daL EN ESPA\u00d1A - Somos Vicencianos","og_description":"Naci\u00f3 en Madrid el 10 de Diciembre de 1805. D. Santia\u00adgo Masarnau y Fern\u00e1ndez, notable m\u00fasico, hombre piados\u00edsimo y fundador en Espa\u00f1a de las Conferencias de San Vicente de Pa\u00fal. Fueron tan precoces sus disposiciones ... Read More","og_url":"https:\/\/vincentians.com\/es\/santiago-masarnau-fundador-de-las-conferencias-de-san-vicente-de-paul-en-espana\/","og_site_name":"Somos Vicencianos","article_publisher":"https:\/\/www.facebook.com\/WeAreVincentians\/","article_published_time":"2025-04-20T06:38:27+00:00","og_image":[{"width":3219,"height":1070,"url":"https:\/\/i0.wp.com\/vincentians.com\/es\/wp-content\/uploads\/sites\/11\/2013\/10\/El-Cristo-de-las-virtudes-vicencianas.jpg?fit=3219%2C1070&ssl=1","type":"image\/jpeg"}],"author":"Mitxel Olabu\u00e9naga","twitter_card":"summary_large_image","twitter_creator":"@WeVincentians","twitter_site":"@WeVincentians","twitter_misc":{"Escrito por":"Mitxel Olabu\u00e9naga","Tiempo de lectura":"8 minutos"},"schema":{"@context":"https:\/\/schema.org","@graph":[{"@type":"Article","@id":"https:\/\/vincentians.com\/es\/santiago-masarnau-fundador-de-las-conferencias-de-san-vicente-de-paul-en-espana\/#article","isPartOf":{"@id":"https:\/\/vincentians.com\/es\/santiago-masarnau-fundador-de-las-conferencias-de-san-vicente-de-paul-en-espana\/"},"author":{"name":"Mitxel Olabu\u00e9naga","@id":"https:\/\/vincentians.com\/es\/#\/schema\/person\/7c2670b4445a7ca9d164ea6acdb31859"},"headline":"SANTIAGO MASARNAU, FUNDADOR DE LAS CONFERENCIAS DE SAN VICENTE DE PA\u00daL EN ESPA\u00d1A","datePublished":"2025-04-20T06:38:27+00:00","mainEntityOfPage":{"@id":"https:\/\/vincentians.com\/es\/santiago-masarnau-fundador-de-las-conferencias-de-san-vicente-de-paul-en-espana\/"},"wordCount":1691,"commentCount":0,"publisher":{"@id":"https:\/\/vincentians.com\/es\/#organization"},"image":{"@id":"https:\/\/vincentians.com\/es\/santiago-masarnau-fundador-de-las-conferencias-de-san-vicente-de-paul-en-espana\/#primaryimage"},"thumbnailUrl":"https:\/\/i0.wp.com\/vincentians.com\/es\/wp-content\/uploads\/sites\/11\/2013\/10\/El-Cristo-de-las-virtudes-vicencianas.jpg?fit=3219%2C1070","articleSection":["Formaci\u00f3n Vicenciana"],"inLanguage":"es","potentialAction":[{"@type":"CommentAction","name":"Comment","target":["https:\/\/vincentians.com\/es\/santiago-masarnau-fundador-de-las-conferencias-de-san-vicente-de-paul-en-espana\/#respond"]}]},{"@type":"WebPage","@id":"https:\/\/vincentians.com\/es\/santiago-masarnau-fundador-de-las-conferencias-de-san-vicente-de-paul-en-espana\/","url":"https:\/\/vincentians.com\/es\/santiago-masarnau-fundador-de-las-conferencias-de-san-vicente-de-paul-en-espana\/","name":"SANTIAGO MASARNAU, FUNDADOR DE LAS CONFERENCIAS DE SAN VICENTE DE PA\u00daL EN ESPA\u00d1A - Somos Vicencianos","isPartOf":{"@id":"https:\/\/vincentians.com\/es\/#website"},"primaryImageOfPage":{"@id":"https:\/\/vincentians.com\/es\/santiago-masarnau-fundador-de-las-conferencias-de-san-vicente-de-paul-en-espana\/#primaryimage"},"image":{"@id":"https:\/\/vincentians.com\/es\/santiago-masarnau-fundador-de-las-conferencias-de-san-vicente-de-paul-en-espana\/#primaryimage"},"thumbnailUrl":"https:\/\/i0.wp.com\/vincentians.com\/es\/wp-content\/uploads\/sites\/11\/2013\/10\/El-Cristo-de-las-virtudes-vicencianas.jpg?fit=3219%2C1070","datePublished":"2025-04-20T06:38:27+00:00","breadcrumb":{"@id":"https:\/\/vincentians.com\/es\/santiago-masarnau-fundador-de-las-conferencias-de-san-vicente-de-paul-en-espana\/#breadcrumb"},"inLanguage":"es","potentialAction":[{"@type":"ReadAction","target":["https:\/\/vincentians.com\/es\/santiago-masarnau-fundador-de-las-conferencias-de-san-vicente-de-paul-en-espana\/"]}]},{"@type":"ImageObject","inLanguage":"es","@id":"https:\/\/vincentians.com\/es\/santiago-masarnau-fundador-de-las-conferencias-de-san-vicente-de-paul-en-espana\/#primaryimage","url":"https:\/\/i0.wp.com\/vincentians.com\/es\/wp-content\/uploads\/sites\/11\/2013\/10\/El-Cristo-de-las-virtudes-vicencianas.jpg?fit=3219%2C1070","contentUrl":"https:\/\/i0.wp.com\/vincentians.com\/es\/wp-content\/uploads\/sites\/11\/2013\/10\/El-Cristo-de-las-virtudes-vicencianas.jpg?fit=3219%2C1070","width":3219,"height":1070},{"@type":"BreadcrumbList","@id":"https:\/\/vincentians.com\/es\/santiago-masarnau-fundador-de-las-conferencias-de-san-vicente-de-paul-en-espana\/#breadcrumb","itemListElement":[{"@type":"ListItem","position":1,"name":"Portada","item":"https:\/\/vincentians.com\/es\/"},{"@type":"ListItem","position":2,"name":"SANTIAGO MASARNAU, FUNDADOR DE LAS CONFERENCIAS DE SAN VICENTE DE PA\u00daL EN ESPA\u00d1A"}]},{"@type":"WebSite","@id":"https:\/\/vincentians.com\/es\/#website","url":"https:\/\/vincentians.com\/es\/","name":"Somos Vicencianos","description":"Know more to serve more","publisher":{"@id":"https:\/\/vincentians.com\/es\/#organization"},"potentialAction":[{"@type":"SearchAction","target":{"@type":"EntryPoint","urlTemplate":"https:\/\/vincentians.com\/es\/?s={search_term_string}"},"query-input":{"@type":"PropertyValueSpecification","valueRequired":true,"valueName":"search_term_string"}}],"inLanguage":"es"},{"@type":"Organization","@id":"https:\/\/vincentians.com\/es\/#organization","name":"The Vincentian Network","url":"https:\/\/vincentians.com\/es\/","logo":{"@type":"ImageObject","inLanguage":"es","@id":"https:\/\/vincentians.com\/es\/#\/schema\/logo\/image\/","url":"https:\/\/i1.wp.com\/vincentians.com\/es\/wp-content\/uploads\/sites\/11\/2016\/06\/Vincentian-Network-logo-big.png?fit=778%2C778","contentUrl":"https:\/\/i1.wp.com\/vincentians.com\/es\/wp-content\/uploads\/sites\/11\/2016\/06\/Vincentian-Network-logo-big.png?fit=778%2C778","width":778,"height":778,"caption":"The Vincentian Network"},"image":{"@id":"https:\/\/vincentians.com\/es\/#\/schema\/logo\/image\/"},"sameAs":["https:\/\/www.facebook.com\/WeAreVincentians\/","https:\/\/x.com\/WeVincentians"]},{"@type":"Person","@id":"https:\/\/vincentians.com\/es\/#\/schema\/person\/7c2670b4445a7ca9d164ea6acdb31859","name":"Mitxel Olabu\u00e9naga","image":{"@type":"ImageObject","inLanguage":"es","@id":"https:\/\/vincentians.com\/es\/#\/schema\/person\/image\/","url":"https:\/\/secure.gravatar.com\/avatar\/34137ec2e2b8939cbbed975731e71f3f4f1defc7266ded337a5ce0f925426877?s=96&d=mm&r=g","contentUrl":"https:\/\/secure.gravatar.com\/avatar\/34137ec2e2b8939cbbed975731e71f3f4f1defc7266ded337a5ce0f925426877?s=96&d=mm&r=g","caption":"Mitxel Olabu\u00e9naga"},"url":"http:\/\/vincentians.com\/es\/author\/mitxel\/"}]}},"jetpack_publicize_connections":[],"jetpack_featured_media_url":"https:\/\/i0.wp.com\/vincentians.com\/es\/wp-content\/uploads\/sites\/11\/2013\/10\/El-Cristo-de-las-virtudes-vicencianas.jpg?fit=3219%2C1070","jetpack_sharing_enabled":true,"jetpack_shortlink":"https:\/\/wp.me\/p7ETMF-1Hz4","jetpack-related-posts":[{"id":405040,"url":"http:\/\/vincentians.com\/es\/santiago-masarnau-testimonios-de-su-fama-de-santidad-iii\/","url_meta":{"origin":405794,"position":0},"title":"SANTIAGO MASARNAU: TESTIMONIOS DE SU FAMA DE SANTIDAD (III)","author":"Mitxel Olabu\u00e9naga","date":"06\/12\/2023","format":false,"excerpt":"EXHUMACI\u00d3N DE SUS RESTOS Santiago Masarnan fue enterrado en una tumba muy sencilla en el cementerio de la Sacramental de San Justo en Madrid, en el patio de San Mil\u00e1n (tumba n\u00ba 34). El epitafio es una muestra m\u00e1s del talante humano y cristiano del fundador en Espa\u00f1a de las\u2026","rel":"","context":"En \u00abFormaci\u00f3n Vicenciana\u00bb","block_context":{"text":"Formaci\u00f3n Vicenciana","link":"http:\/\/vincentians.com\/es\/category\/formacion-vicenciana\/"},"img":{"alt_text":"","src":"https:\/\/i0.wp.com\/vincentians.com\/es\/wp-content\/uploads\/sites\/11\/2021\/11\/Masarnau-4.jpg?fit=1200%2C630&resize=350%2C200","width":350,"height":200,"srcset":"https:\/\/i0.wp.com\/vincentians.com\/es\/wp-content\/uploads\/sites\/11\/2021\/11\/Masarnau-4.jpg?fit=1200%2C630&resize=350%2C200 1x, https:\/\/i0.wp.com\/vincentians.com\/es\/wp-content\/uploads\/sites\/11\/2021\/11\/Masarnau-4.jpg?fit=1200%2C630&resize=525%2C300 1.5x, https:\/\/i0.wp.com\/vincentians.com\/es\/wp-content\/uploads\/sites\/11\/2021\/11\/Masarnau-4.jpg?fit=1200%2C630&resize=700%2C400 2x, https:\/\/i0.wp.com\/vincentians.com\/es\/wp-content\/uploads\/sites\/11\/2021\/11\/Masarnau-4.jpg?fit=1200%2C630&resize=1050%2C600 3x"},"classes":[]},{"id":131217,"url":"http:\/\/vincentians.com\/es\/las-conferencias-de-san-vicente-de-paul-cumplen-un-siglo-de-existencia-en-espana-1849-1949\/","url_meta":{"origin":405794,"position":1},"title":"Las Conferencias de San Vicente de Pa\u00fal cumplen un siglo de existencia en Espa\u00f1a 1849-1949","author":"Francisco Javier Fern\u00e1ndez Chento","date":"30\/08\/2014","format":false,"excerpt":"El d\u00eda 11 de noviembre se cumplieron los c\u00eden a\u00f1os del establecimiento de las \"Conferencias de San Vicente de Pa\u00fal\" en Espa\u00f1a. Con este motivo, en la Bas\u00edlica de Santa Mar\u00eda de los Reyes, en Barcelona, celebr\u00f3se una solemne Misa de Comuni\u00f3n general, en la que ofici\u00f3 el Prelado de\u2026","rel":"","context":"En \u00abHistoria de la Sociedad de san Vicente de Pa\u00fal\u00bb","block_context":{"text":"Historia de la Sociedad de san Vicente de Pa\u00fal","link":"http:\/\/vincentians.com\/es\/category\/historia-de-la-familia-vicenciana\/historia-de-la-sociedad-de-san-vicente-de-paul\/"},"img":{"alt_text":"","src":"https:\/\/i0.wp.com\/vincentians.com\/es\/wp-content\/uploads\/sites\/11\/2016\/07\/escritos-vicente-de-paul.jpg?fit=1200%2C630&resize=350%2C200","width":350,"height":200,"srcset":"https:\/\/i0.wp.com\/vincentians.com\/es\/wp-content\/uploads\/sites\/11\/2016\/07\/escritos-vicente-de-paul.jpg?fit=1200%2C630&resize=350%2C200 1x, https:\/\/i0.wp.com\/vincentians.com\/es\/wp-content\/uploads\/sites\/11\/2016\/07\/escritos-vicente-de-paul.jpg?fit=1200%2C630&resize=525%2C300 1.5x, https:\/\/i0.wp.com\/vincentians.com\/es\/wp-content\/uploads\/sites\/11\/2016\/07\/escritos-vicente-de-paul.jpg?fit=1200%2C630&resize=700%2C400 2x, https:\/\/i0.wp.com\/vincentians.com\/es\/wp-content\/uploads\/sites\/11\/2016\/07\/escritos-vicente-de-paul.jpg?fit=1200%2C630&resize=1050%2C600 3x"},"classes":[]},{"id":405480,"url":"http:\/\/vincentians.com\/es\/la-sociedad-de-san-vicente-de-paul-organiza-un-concierto-homenaje-a-santiago-de-masarnau-en-madrid\/","url_meta":{"origin":405794,"position":2},"title":"La Sociedad de San Vicente de Pa\u00fal organiza un concierto homenaje a Santiago de Masarnau en Madrid","author":"Mitxel Olabu\u00e9naga","date":"11\/03\/2024","format":false,"excerpt":"En Espa\u00f1a, la Sociedad de San Vicente de Pa\u00fal cumple 175 a\u00f1os desde su fundaci\u00f3n por Santiago de Masarnau, en Madrid El pr\u00f3ximo 22 de marzo a las 20:00 h, la Sociedad de San Vicente de Pa\u00fal (SSVP) ofrecer\u00e1 un recital de piano en Madrid, como parte de un ciclo\u2026","rel":"","context":"En \u00abEfem\u00e9rides Vicencianas\u00bb","block_context":{"text":"Efem\u00e9rides Vicencianas","link":"http:\/\/vincentians.com\/es\/category\/historia-de-la-familia-vicenciana\/efemerides-vicencianas\/"},"img":{"alt_text":"","src":"https:\/\/i0.wp.com\/vincentians.com\/es\/wp-content\/uploads\/sites\/11\/2024\/03\/Concierto_2650544968_16993386_660x371.jpg?fit=660%2C371&resize=350%2C200","width":350,"height":200,"srcset":"https:\/\/i0.wp.com\/vincentians.com\/es\/wp-content\/uploads\/sites\/11\/2024\/03\/Concierto_2650544968_16993386_660x371.jpg?fit=660%2C371&resize=350%2C200 1x, https:\/\/i0.wp.com\/vincentians.com\/es\/wp-content\/uploads\/sites\/11\/2024\/03\/Concierto_2650544968_16993386_660x371.jpg?fit=660%2C371&resize=525%2C300 1.5x"},"classes":[]},{"id":405044,"url":"http:\/\/vincentians.com\/es\/santiago-masarnau-testimonios-de-su-fama-de-santidad-v\/","url_meta":{"origin":405794,"position":3},"title":"SANTIAGO MASARNAU: TESTIMONIOS DE SU FAMA DE SANTIDAD (V)","author":"Mitxel Olabu\u00e9naga","date":"10\/12\/2023","format":false,"excerpt":"OTROS TESTIMONIOS Tambi\u00e9n es exponente de su gran fama de santidad los elogios f\u00fanebres, de D. Vicente de la Fuente, que fue Rec\u00adtor de la Universidad de Madrid, Acad\u00e9mico de la Historia y de las Ciencias Morales y Pol\u00edticas, Secretario de la pri\u00admera Conferencia de San Vicente de Pa\u00fal, uno\u2026","rel":"","context":"En \u00abFormaci\u00f3n Vicenciana\u00bb","block_context":{"text":"Formaci\u00f3n Vicenciana","link":"http:\/\/vincentians.com\/es\/category\/formacion-vicenciana\/"},"img":{"alt_text":"","src":"https:\/\/i0.wp.com\/vincentians.com\/es\/wp-content\/uploads\/sites\/11\/2021\/11\/Masarnau-4.jpg?fit=1200%2C630&resize=350%2C200","width":350,"height":200,"srcset":"https:\/\/i0.wp.com\/vincentians.com\/es\/wp-content\/uploads\/sites\/11\/2021\/11\/Masarnau-4.jpg?fit=1200%2C630&resize=350%2C200 1x, https:\/\/i0.wp.com\/vincentians.com\/es\/wp-content\/uploads\/sites\/11\/2021\/11\/Masarnau-4.jpg?fit=1200%2C630&resize=525%2C300 1.5x, https:\/\/i0.wp.com\/vincentians.com\/es\/wp-content\/uploads\/sites\/11\/2021\/11\/Masarnau-4.jpg?fit=1200%2C630&resize=700%2C400 2x, https:\/\/i0.wp.com\/vincentians.com\/es\/wp-content\/uploads\/sites\/11\/2021\/11\/Masarnau-4.jpg?fit=1200%2C630&resize=1050%2C600 3x"},"classes":[]},{"id":11814,"url":"http:\/\/vincentians.com\/es\/santiago-masarnau-breve-biografia-1805-1882\/","url_meta":{"origin":405794,"position":4},"title":"Santiago Masarnau, Breve Biograf\u00eda (1805-1882)","author":"Francisco Javier Fern\u00e1ndez Chento","date":"02\/02\/2012","format":false,"excerpt":"Es importante, en estos momentos en que, la Sociedad de San Vicente de Pa\u00fal ha cumplido ya m\u00e1s de 200 a\u00f1os del nacimiento de su fundador, se reflexione sobre la biograf\u00eda de SANTIAGO MASARNAU FERN\u00c1NDEZ como Primer Presidente de esta Sociedad en Espa\u00f1a. Y no solamente porque a \u00e9l se\u2026","rel":"","context":"En \u00abSantiago Masarnau\u00bb","block_context":{"text":"Santiago Masarnau","link":"http:\/\/vincentians.com\/es\/category\/la-familia-vicenciana\/la-familia-vicenciana-en-los-altares\/venerables-y-siervos-de-dios\/santiago-masarnau\/"},"img":{"alt_text":"","src":"https:\/\/i0.wp.com\/vicencianos.org\/wp-content\/2010\/02\/masarnau-192x300.png?resize=350%2C200","width":350,"height":200},"classes":[]},{"id":34408,"url":"http:\/\/vincentians.com\/es\/santiago-de-masarnau-aires-espanoles-y-piezas-expresivas\/","url_meta":{"origin":405794,"position":5},"title":"Santiago de Masarnau: Aires espa\u00f1oles y piezas expresivas","author":"Francisco Javier Fern\u00e1ndez Chento","date":"19\/05\/2014","format":false,"excerpt":"Introducci\u00f3n: \"Aires espa\u00f1oles y piezas expresivas\", es el t\u00edtulo del disco en el que Ana Vega Toscano interpreta al piano obras del catal\u00e1n Santiago de Masarnau (1805-1880), un compositor en proceso de canonizaci\u00f3n por su labor benefactora como fundador de la Conferencia de San Vicente de Pa\u00fal en Espa\u00f1a. El\u2026","rel":"","context":"En \u00abM\u00fasica vicenciana\u00bb","block_context":{"text":"M\u00fasica vicenciana","link":"http:\/\/vincentians.com\/es\/category\/servicios-y-ministerios\/musica-vicenciana\/"},"img":{"alt_text":"","src":"https:\/\/i0.wp.com\/vicencianos.org\/wp-content\/2011\/04\/disco_masarnau-300x300.jpg?resize=350%2C200","width":350,"height":200},"classes":[]}],"_links":{"self":[{"href":"http:\/\/vincentians.com\/es\/wp-json\/wp\/v2\/posts\/405794","targetHints":{"allow":["GET"]}}],"collection":[{"href":"http:\/\/vincentians.com\/es\/wp-json\/wp\/v2\/posts"}],"about":[{"href":"http:\/\/vincentians.com\/es\/wp-json\/wp\/v2\/types\/post"}],"author":[{"embeddable":true,"href":"http:\/\/vincentians.com\/es\/wp-json\/wp\/v2\/users\/5"}],"replies":[{"embeddable":true,"href":"http:\/\/vincentians.com\/es\/wp-json\/wp\/v2\/comments?post=405794"}],"version-history":[{"count":1,"href":"http:\/\/vincentians.com\/es\/wp-json\/wp\/v2\/posts\/405794\/revisions"}],"predecessor-version":[{"id":405795,"href":"http:\/\/vincentians.com\/es\/wp-json\/wp\/v2\/posts\/405794\/revisions\/405795"}],"wp:featuredmedia":[{"embeddable":true,"href":"http:\/\/vincentians.com\/es\/wp-json\/wp\/v2\/media\/398917"}],"wp:attachment":[{"href":"http:\/\/vincentians.com\/es\/wp-json\/wp\/v2\/media?parent=405794"}],"wp:term":[{"taxonomy":"category","embeddable":true,"href":"http:\/\/vincentians.com\/es\/wp-json\/wp\/v2\/categories?post=405794"},{"taxonomy":"post_tag","embeddable":true,"href":"http:\/\/vincentians.com\/es\/wp-json\/wp\/v2\/tags?post=405794"}],"curies":[{"name":"wp","href":"https:\/\/api.w.org\/{rel}","templated":true}]}}