{"id":405780,"date":"2025-04-06T08:24:22","date_gmt":"2025-04-06T06:24:22","guid":{"rendered":"https:\/\/vincentians.com\/es\/?p=405780"},"modified":"2024-08-21T19:25:24","modified_gmt":"2024-08-21T17:25:24","slug":"san-vicente-de-paul-maestro-de-sabiduria-xi","status":"publish","type":"post","link":"http:\/\/vincentians.com\/es\/san-vicente-de-paul-maestro-de-sabiduria-xi\/","title":{"rendered":"San Vicente de Pa\u00fal maestro de sabidur\u00eda (XI)"},"content":{"rendered":"<p>II.- EN DIOS<\/p>\n<p><strong>El inefable misterio<\/strong><\/p>\n<p>M\u00e1s all\u00e1 de los razonamientos teol\u00f3gicos necesarios y buenos, es en nosotros mismos donde vemos c\u00f3mo Dios vive y ama. Cada uno de noso\u00adtros vehicula los razonamientos. Sus propios pensamientos. Tambi\u00e9n es cierto que cada uno mantiene su modo de pensar y no da su brazo a tor\u00adcer. Algunas veces decimos que nos hablamos a nosotros mismos. En Dios, la diferencia es considerable. Del soliloquio se pasa al coloquio. Dios se responde de alguna manera y establece en s\u00ed mismo un cara a cara: Dios piensa, y su Pensamiento le responde, se convierte en Pala\u00adbra (Verbo), Hijo, al mismo tiempo que \u00e9l se hace Padre. Y el amor es tan fuerte, tan poderoso, que produce el Esp\u00edritu Santo.<\/p>\n<p>Dicho de otra manera, en Dios hay perfecci\u00f3n en las relaciones. \u00c9l es una comunidad, un solo Ser en la diferencia: el Padre engendra al Hijo, su Palabra; \u00e9l se lo da todo y el Hijo, que no es m\u00e1s que un solo Ser divino con \u00e9l, es, sin embargo, distinto porque lo recibe todo. Se comunican en un amor mutuo, el Esp\u00edritu Santo. Simult\u00e1nea y eterna\u00admente, este Padre y esta Palabra \u00abrespiran\u00bb su Amor; es el Esp\u00edritu, que lo recibe todo y todo lo entrega.<\/p>\n<p>Este amor no permanece replegado sobre s\u00ed mismo. Es todo difusi\u00f3n y est\u00e1 enteramente volcado hacia el exterior y, por as\u00ed decirlo, hacia tos hombres. Dios-Trinidad-Amor quiere, libremente, crear por amor los seres que puedan descubrir su universo y le den gloria e igualmente par\u00adticipen de la dicha de amar y ser amados.<\/p>\n<p>Vicente conoc\u00eda todo esto muy bien y lo transmite a sus amigos y, allende sus personas, para nuestro beneficio. Sus ense\u00f1anzas y su pr\u00e1c\u00adtica son para nosotros muy estimulantes. A la Congregaci\u00f3n de la Misi\u00f3n le da como patr\u00f3n a la Santa Trinidad e instituye su fiesta el domingo que le es consagrado. Una tradici\u00f3n que se ha conservado hasta nuestros d\u00edas. Esta consigna la encontramos en el cap\u00edtulo X de las Reglas Comu\u00adnes de la Congregaci\u00f3n de la Misi\u00f3n:<\/p>\n<p>\u00abPor la bula de fundaci\u00f3n de nuestra Congregaci\u00f3n debemos vene\u00adrar de manera especial los misterios inefables de la Sant\u00edsima Trinidad y de la Encarnaci\u00f3n. Debemos hacer esto con el mayor cuidado y de todas las maneras posibles, y en particular de estas tres: 1. <sup>a<\/sup> haciendo a menudo y de coraz\u00f3n actos de fe y de religi\u00f3n acerca de estos miste\u00adrios; 2. \u00b0 ofreciendo cada d\u00eda en su honor algunas oraciones y obras bue\u00adnas, y sobre todo celebrando sus fiestas con solemnidad y con la mayor devoci\u00f3n posible; 3.a trabajando con diligencia con la palabra y con el ejemplo por esparcir en las almas de la gente el conocimiento, el honor y el culto a esos misterios\u00bb.<\/p>\n<p>Se observa una triple consigna: creer, celebrar, instruir. Instruir, dado que en el siglo XVII, la fe en el Misterio de la Trinidad era condi\u00adci\u00f3n para la salvaci\u00f3n. Pero, \u00bfqui\u00e9n no quiere hoy d\u00eda dar a conocer este hogar de Amor que no existe m\u00e1s que para expandirse? Nos gusta hablar siempre del Amor.<\/p>\n<p>Hemos dicho que en el frontispicio de estas Reglas Comunes Vicen\u00adte sit\u00faa la imagen de la Trinidad con estas palabras: \u00abSancta Trinitas unus Deus\u00bb. Cada d\u00eda empezaba con la plegaria: \u00ab\u00a1Bendita seas, santa e indivisible Trinidad!\u00bb<sup>,<\/sup> y la recomendaci\u00f3n de signarse con el gesto de la fe al inicio del d\u00eda.<\/p>\n<p>Esta ense\u00f1anza es muy cl\u00e1sica y llena de consideraciones \u00fatiles para nuestra vida espiritual; veamos algunas:<\/p>\n<p>\u2014 Dios est\u00e1 siempre trabajando en s\u00ed mismo. El Esp\u00edritu nace del amor del Padre y del Hijo. Este trabajo de Dios postula, pide el nues\u00adtro y le da sentido. Si Dios act\u00faa siempre, \u00bfc\u00f3mo puedo quedar inactivo? \u00a1Yo tambi\u00e9n, he de \u00abtrabajar incesantemente\u00bb! \u00a1He de amar labo\u00adriosamente!<\/p>\n<p>Dios nos dignifica, \u00a1verdad evang\u00e9lica donde la haya! Se compla\u00adce en nosotros; nos colma de las gracias de la fe, de la esperanza y de la caridad; \u00e9l nos ha escogido como su morada y habita en el alma fiel, insistencia jo\u00e1nica, con toda seguridad.<\/p>\n<p>La Trinidad de las personas divinas implica la obligaci\u00f3n de bus\u00adcar la uni\u00f3n para cada una de las asociaciones vicencianas; Trinidad dice comunidad. Una hermana an\u00f3nima, interrogada por Vicente, dijo sabia\u00admente: \u00abLa uni\u00f3n me parece que es la imagen de la Sant\u00edsima Trinidad. Las tres personas no son m\u00e1s que un solo y mismo Dios; est\u00e1n unidas desde toda la eternidad por el amor. De esta forma nosotras no tenemos que ser m\u00e1s que un solo cuerpo en varias personas, unidas juntamente con vistas a un mismo fin, por amor a Dios. Por el contrario, la desuni\u00f3n me parece que es la imagen del infierno, donde los diablos y los conde\u00adnados est\u00e1n en perpetua discordia y odio\u00bb. Tal es el mensaje que ha perdurado a trav\u00e9s de los siglos, la ense\u00f1anza ineludible de san Vicen\u00adte. Es la mejor justificaci\u00f3n de la vida fraterna, \u00a1en su sentido justo y verdadero! La reflexi\u00f3n es tanto m\u00e1s preciosa cuanto que manifiesta el fervor y el entusiasmo de los comienzos \u2014est\u00e1 datada en 1643\u2014 de estas mujeres sin instrucci\u00f3n, pero fortalecidas por el Esp\u00edritu Santo al que amaban y serv\u00edan.<\/p>\n<p>La Trinidad es la imagen de una comunidad bien constituida. Cada una tiene su lugar, sin esp\u00edritu de dominaci\u00f3n (incluso nadie reconoce qui\u00e9n es la hermana sirviente, es decir, la superiora), en esp\u00edritu de uni\u00f3n, como en el para\u00edso. Volveremos a tratar este tema cuando hable\u00admos de la comunidad fraterna.<\/p>\n<p>La Trinidad es la fuente de toda Misi\u00f3n, Misi\u00f3n del Hijo con toda seguridad, el enviado del Padre por excelencia. \u00bfC\u00f3mo no extasiarse con este dialogo imaginado por san Vicente en el seno mismo de la Trinidad con el Fiat (el S\u00ed) del Hijo en el cielo?<\/p>\n<p><strong>Lo que el Padre propuso a su Hijo<\/strong><\/p>\n<p>Cuando el Padre eterno quiso enviar a su Hijo al mundo, le propu\u00adso todas las cosas que ten\u00eda que hacer y padecer. Ya conoc\u00e9is la vida de Nuestro Se\u00f1or, c\u00f3mo estuvo llena de sufrimientos. Su Padre le dijo: \u00abPermitir\u00e9 que seas despreciado y rechazado por todos, que Herodes te haga huir desde tus primeros a\u00f1os, que seas tenido por un idiota, que recibas maldiciones por tus obras milagrosas; en una palabra, permiti\u00adr\u00e9 que todas las criaturas se pongan contra ti\u00bb.<\/p>\n<p>Eso es lo que el Padre eterno le propuso al Hijo, que le respondi\u00f3: \u00abPadre, har\u00e9 todo lo que me mandes\u00bb. Esto nos demuestra que hay que obedecer en todas las cosas en general.<\/p>\n<p>El S\u00ed (Fiat) de Mar\u00eda responder\u00e1 a aquel de su hijo.<\/p>\n<p>Y la Misi\u00f3n del hijo es clara: Glorificar a Dios, establecer su Reino, liberar a los seres del Esp\u00edritu del Mal que los quiere aprisionar en el pecado y la ignorancia, dar a conocer a Dios a los pobres, desvelar su Nombre bendito, en resumen, evangelizar a los pobres, ya que son los m\u00e1s alejados de esta Revelaci\u00f3n, la m\u00e1s sublime entre todas. Misi\u00f3n que todos los vicencianos deben proseguir.<\/p>\n<p>En cuanto al Esp\u00edritu Santo, es luz y fuente de uni\u00f3n y de santifica\u00adci\u00f3n. Est\u00e1 expandido en el coraz\u00f3n de los bautizados como el Oleo Santo que lo simboliza y lo comunica.<\/p>\n<p>El sol de los corazones<\/p>\n<p>C\u00f3mo no reproducir aqu\u00ed la espl\u00e9ndida reflexi\u00f3n de Bernard Koch, sacerdote de la Misi\u00f3n, que nos ofrece interesantes perspectivas sobre el Dios del se\u00f1or Vicente, y que gustamos hacer nuestra, a t\u00edtulo de una intuici\u00f3n.<\/p>\n<p>\u00ab\u00bfQu\u00e9 es Dios para san Vicente? Evidentemente, el sigue la fe de la iglesia: Dios es para \u00e9l el ser absolutamente perfecto e infinito, sin com\u00adparaci\u00f3n posible con las criaturas, y que, sin embargo, es la fuente de su existencia, que vela por ellas y que, muy especialmente, nos ha amado infinitamente, y ha querido estar cerca nosotros, convirti\u00e9ndose en uno de nosotros. Cada fiel y cada santo hace especial \u00e9nfasis sobre uno u otro aspecto de esta doctrina de la Iglesia; algunos son m\u00e1s sen\u00adsibles a la adoraci\u00f3n o al misterio; otros a la proximidad del amor. \u00bfPode\u00admos nosotros esbozar un poco el Dios de san Vicente?&#8230;<\/p>\n<p>\u00abCreo poder decir que, para san Vicente, Dios es intimo a sus cria\u00adturas, porque las sostiene en el ser y vela por ellas, en su Providencia; es m\u00e1s \u00edntimo a nosotros que nosotros mismos, porque vive en nosotros: en virtud del bautismo, las tres personas divinas se engendran en noso\u00adtros mismos.<\/p>\n<p>\u00abSin embargo, por otro lado, \u00e9l nos aparece como extra\u00f1o, parece que nos ha abandonado, sus prop\u00f3sitos no son las nuestros, y la fe en su bondad es con frecuencia un salto hacia lo desconocido&#8230; un abandono en sus manos&#8230;<\/p>\n<p>\u00abY todo esto se nos hace posible por Jesucristo, que nos ha mani\u00adfestado el amor del Padre, revelado las relaciones de los Tres, y quien, por su propia impresi\u00f3n de ser abandonado, nos ha ense\u00f1ado el abando\u00adno en la Providencia, la adhesi\u00f3n a la voluntad del Padre<sup>\u00bb.<\/sup><\/p>\n<p>El autor ilustra sus prop\u00f3sitos con citas adecuadas que nosotros con\u00addensamos: Dios es cercano y genera confianza. El Dios de Vicente es un Dios de amor que inunda de alegr\u00eda el alma que se abandona a \u00c9l. \u00abEl gusto de Dios, la alegr\u00eda de Dios, el contento de Dios, por as\u00ed decirlo, consiste en estar con los humildes y sencillos que permanecen en el conocimiento de su miseria\u00bb. El alma as\u00ed entregada, se aplica a la adoraci\u00f3n y reconoce la grandeza de Dios, sin jam\u00e1s sufrir ning\u00fan tipo de anulaci\u00f3n. El anonadamiento, en el siglo XVII, muy presente en B\u00e9rulle, significa m\u00e1s bien la dependencia de las criaturas en relaci\u00f3n a su Creador y la conciencia de su santidad. No conduce jam\u00e1s a la anulaci\u00f3n ni a la inexistencia.<\/p>\n<p>He aqu\u00ed la otra cara de Dios, su enigma. El Todo-Otro, el Ausente o el Dios oculto. Puede dar la impresi\u00f3n de no estar a veces de manera tangible en su Iglesia y, sin embargo, el vicenciano no teme la desapari\u00adci\u00f3n de \u00e9sta. Su \u00faltima palabra humana ser\u00e1 la de su maestro, el mismo Vicente: \u00ab\u00a1Confianza!\u00bb.<\/p>\n<p><strong>Jes\u00fas compasivo<\/strong><\/p>\n<p>Cuando uno ha sentido en s\u00ed mismo las debilidades y las tribulacio\u00adnes, es m\u00e1s sensible a las de los dem\u00e1s&#8230; \u00abTenemos un pont\u00edfice, dice san Pablo, que sabe compadecer nuestras debilidades, porque las ha experimentado \u00e9l mismo\u00bb. \u00a1Si, Sabidur\u00eda eterna, t\u00fa has querido experi\u00admentar y tomar sobre tu inocente persona todas nuestras pobrezas! Ya sab\u00e9is, hermanos m\u00edos, que \u00e9l hizo todo esto para santificar todas las aflicciones a las que estamos sujetos, y para ser el original y el proto\u00adtipo de todos los estados y condiciones de los hombres. Salvador m\u00edo, t\u00fa que eres la sabidur\u00eda increada, tomaste y abrazaste nuestras mise\u00adrias, nuestras confusiones, nuestras humillaciones e infamias, excepto la ignorancia y el pecado.<\/p>\n<p>En resumen, la Trinidad es el misterio de las relaciones divinas que se expanden entre ellas y manan sin cesar hacia nosotros, para imprimir en nuestro ser la marca del \u00absolo Dios en tres personas\u00bb, hasta llegar a ser \u00edntimo, mucho m\u00e1s que nosotros lo somos a nosotros mismos. Punto de anclaje y de salto hacia los otros, a quienes somos enviados, haci\u00e9n\u00addonos testigos de la bondad de Dios para con los m\u00e1s empobrecidos. La caridad de Dios se hace misericordia a trav\u00e9s de nuestras manos. Mise\u00adricordia que nunca est\u00e1 lejos de la ternura.<\/p>\n<p>Un misterio tan grande en el pensamiento de san Vicente, no pod\u00eda m\u00e1s que incitarle y obligarle a darlo a conocer; lo consideraba como una necesidad de salvaci\u00f3n. Era fiel a su \u00e9poca, incluso admitiendo que algu\u00adnos te\u00f3logos eran menos rigurosos.<\/p>\n<p>Este pasaje, extra\u00eddo del serm\u00f3n sobre el santo Nombre de Jes\u00fas, est\u00e1 cargado de pedagog\u00eda y experiencia y demuestra la gran preocupa\u00adci\u00f3n de Vicente: dar a conocer el coraz\u00f3n de Dios.<\/p>\n<p><strong>La Sant\u00edsima Trinidad<\/strong><\/p>\n<p>Hijos m\u00edos, os voy a poner una comparaci\u00f3n, que nos ense\u00f1\u00f3 san Agust\u00edn, y que est\u00e1 sacada del sol. De la misma manera que en el sol hay tres cosas y esas tres cosas no hacen tres soles, tambi\u00e9n en la san\u00adt\u00edsima Trinidad hay tres personas, pero esas tres personas no hacen m\u00e1s que un solo Dios. As\u00ed pues, en \u00e9l hay tres cosas, que son el cuerpo del sol, la luz y el calor.<\/p>\n<p>El cuerpo del sol es ese astro tan hermoso que vemos en el cielo. La luz es lo que nos ilumina a nosotros y a todos los que est\u00e1n en la tie\u00adrra, lo que disipa las tinieblas de la noche y lo que finalmente alegra al mundo; porque, si estuvi\u00e9ramos en tinieblas, \u00bfqu\u00e9 alegr\u00eda podr\u00eda haber? La tercera cosa que hay en el sol es el calor, un gran calor, que proce\u00adde del cuerpo del sol y de la luz. Ese gran calor es el que hace madurar los frutos y las dem\u00e1s cosas que hay en la tierra. Cuando veis que hace calor, un calor sofocante, como el que hac\u00eda cuando hemos entrado aqu\u00ed, es del sol de donde procede.<\/p>\n<p>Por esa comparaci\u00f3n pod\u00e9is comprender c\u00f3mo no hay m\u00e1s que un Dios y tres personas en Dios, que son inseparables las unas de las otras, lo mismo que el sol es inseparable de su luz y de su calor. Esas tres cosas no se separan, como muy bien sab\u00e9is por experiencia \u00bfPor qu\u00e9 no har\u00e1 tanto calor esta noche como est\u00e1 haciendo ahora? Porque el sol se habr\u00e1 retirado; y como el calor es inseparable del sol, ya no lo sentiremos, porque el sol se habr\u00e1 retirado.<\/p>\n<p>\u00abEl \u00abcoraz\u00f3n de Dios\u00bb activa el de Vicente. Alumbra un fuego en \u00e9l y en nosotros, el del celo; \u00bfc\u00f3mo no dar a conocer a este Dios que no es m\u00e1s que pasi\u00f3n de amor? Tal es el motor de su dinamismo y de su inven\u00adtiva, relevados por tos nuestros.<\/p>\n<p>Oremos:<\/p>\n<p>Ruego a Dios con todo mi coraz\u00f3n que extienda sobre vuestra Com\u00adpa\u00f1\u00eda el esp\u00edritu de cordialidad y de uni\u00f3n, por el que honr\u00e9is la unidad divina en la Trinidad de personas y el cordial respeto que hubo en la familia de su Hijo en su vida humana, saborear\u00e9is la paz que su Hijo nos ha dado despu\u00e9s de su resurrecci\u00f3n, tendr\u00e9is una gran uni\u00f3n entre voso\u00adtras y trabajar\u00e9is \u00fatilmente en el servicio de vuestro pr\u00f3jimo para vues\u00adtra propia perfecci\u00f3n y especialmente para la gloria de Dios, el cual os bendiga en el nombre del Padre, del Hijo y del Esp\u00edritu Santo. \u00a1Bendito sea Dios!<\/p>\n","protected":false},"excerpt":{"rendered":"<p>II.- EN DIOS El inefable misterio M\u00e1s all\u00e1 de los razonamientos teol\u00f3gicos necesarios y buenos, es en nosotros mismos donde vemos c\u00f3mo Dios vive y ama. Cada uno de noso\u00adtros vehicula los razonamientos. Sus propios &#8230; <a href=\"http:\/\/vincentians.com\/es\/san-vicente-de-paul-maestro-de-sabiduria-xi\/\" class=\"more-link\">Read More<\/a><\/p>\n","protected":false},"author":5,"featured_media":404093,"comment_status":"open","ping_status":"open","sticky":false,"template":"","format":"standard","meta":{"jetpack_post_was_ever_published":false,"_jetpack_newsletter_access":"","_jetpack_dont_email_post_to_subs":false,"_jetpack_newsletter_tier_id":0,"_jetpack_memberships_contains_paywalled_content":false,"_jetpack_memberships_contains_paid_content":false,"footnotes":"","jetpack_publicize_message":"","jetpack_publicize_feature_enabled":true,"jetpack_social_post_already_shared":true,"jetpack_social_options":{"image_generator_settings":{"template":"highway","default_image_id":0,"font":"","enabled":false},"version":2}},"categories":[28],"tags":[],"class_list":["post-405780","post","type-post","status-publish","format-standard","has-post-thumbnail","hentry","category-formacion-vicenciana"],"yoast_head":"<!-- This site is optimized with the Yoast SEO plugin v26.3 - https:\/\/yoast.com\/wordpress\/plugins\/seo\/ -->\n<title>San Vicente de Pa\u00fal maestro de sabidur\u00eda (XI) - Somos Vicencianos<\/title>\n<meta name=\"robots\" content=\"index, follow, max-snippet:-1, max-image-preview:large, max-video-preview:-1\" \/>\n<link rel=\"canonical\" href=\"https:\/\/vincentians.com\/es\/san-vicente-de-paul-maestro-de-sabiduria-xi\/\" \/>\n<meta property=\"og:locale\" content=\"es_ES\" \/>\n<meta property=\"og:type\" content=\"article\" \/>\n<meta property=\"og:title\" content=\"San Vicente de Pa\u00fal maestro de sabidur\u00eda (XI) - Somos Vicencianos\" \/>\n<meta property=\"og:description\" content=\"II.- EN DIOS El inefable misterio M\u00e1s all\u00e1 de los razonamientos teol\u00f3gicos necesarios y buenos, es en nosotros mismos donde vemos c\u00f3mo Dios vive y ama. Cada uno de noso\u00adtros vehicula los razonamientos. Sus propios ... Read More\" \/>\n<meta property=\"og:url\" content=\"https:\/\/vincentians.com\/es\/san-vicente-de-paul-maestro-de-sabiduria-xi\/\" \/>\n<meta property=\"og:site_name\" content=\"Somos Vicencianos\" \/>\n<meta property=\"article:publisher\" content=\"https:\/\/www.facebook.com\/WeAreVincentians\/\" \/>\n<meta property=\"article:published_time\" content=\"2025-04-06T06:24:22+00:00\" \/>\n<meta property=\"og:image\" content=\"https:\/\/i0.wp.com\/vincentians.com\/es\/wp-content\/uploads\/sites\/11\/2013\/04\/n.jpg?fit=1280%2C720&ssl=1\" \/>\n\t<meta property=\"og:image:width\" content=\"1280\" \/>\n\t<meta property=\"og:image:height\" content=\"720\" \/>\n\t<meta property=\"og:image:type\" content=\"image\/jpeg\" \/>\n<meta name=\"author\" content=\"Mitxel Olabu\u00e9naga\" \/>\n<meta name=\"twitter:card\" content=\"summary_large_image\" \/>\n<meta name=\"twitter:creator\" content=\"@WeVincentians\" \/>\n<meta name=\"twitter:site\" content=\"@WeVincentians\" \/>\n<meta name=\"twitter:label1\" content=\"Escrito por\" \/>\n\t<meta name=\"twitter:data1\" content=\"Mitxel Olabu\u00e9naga\" \/>\n\t<meta name=\"twitter:label2\" content=\"Tiempo de lectura\" \/>\n\t<meta name=\"twitter:data2\" content=\"12 minutos\" \/>\n<script type=\"application\/ld+json\" class=\"yoast-schema-graph\">{\"@context\":\"https:\/\/schema.org\",\"@graph\":[{\"@type\":\"Article\",\"@id\":\"https:\/\/vincentians.com\/es\/san-vicente-de-paul-maestro-de-sabiduria-xi\/#article\",\"isPartOf\":{\"@id\":\"https:\/\/vincentians.com\/es\/san-vicente-de-paul-maestro-de-sabiduria-xi\/\"},\"author\":{\"name\":\"Mitxel Olabu\u00e9naga\",\"@id\":\"http:\/\/vincentians.com\/es\/#\/schema\/person\/7c2670b4445a7ca9d164ea6acdb31859\"},\"headline\":\"San Vicente de Pa\u00fal maestro de sabidur\u00eda (XI)\",\"datePublished\":\"2025-04-06T06:24:22+00:00\",\"mainEntityOfPage\":{\"@id\":\"https:\/\/vincentians.com\/es\/san-vicente-de-paul-maestro-de-sabiduria-xi\/\"},\"wordCount\":2619,\"commentCount\":0,\"publisher\":{\"@id\":\"http:\/\/vincentians.com\/es\/#organization\"},\"image\":{\"@id\":\"https:\/\/vincentians.com\/es\/san-vicente-de-paul-maestro-de-sabiduria-xi\/#primaryimage\"},\"thumbnailUrl\":\"https:\/\/i0.wp.com\/vincentians.com\/es\/wp-content\/uploads\/sites\/11\/2013\/04\/n.jpg?fit=1280%2C720\",\"articleSection\":[\"Formaci\u00f3n Vicenciana\"],\"inLanguage\":\"es\",\"potentialAction\":[{\"@type\":\"CommentAction\",\"name\":\"Comment\",\"target\":[\"https:\/\/vincentians.com\/es\/san-vicente-de-paul-maestro-de-sabiduria-xi\/#respond\"]}]},{\"@type\":\"WebPage\",\"@id\":\"https:\/\/vincentians.com\/es\/san-vicente-de-paul-maestro-de-sabiduria-xi\/\",\"url\":\"https:\/\/vincentians.com\/es\/san-vicente-de-paul-maestro-de-sabiduria-xi\/\",\"name\":\"San Vicente de Pa\u00fal maestro de sabidur\u00eda (XI) - Somos Vicencianos\",\"isPartOf\":{\"@id\":\"http:\/\/vincentians.com\/es\/#website\"},\"primaryImageOfPage\":{\"@id\":\"https:\/\/vincentians.com\/es\/san-vicente-de-paul-maestro-de-sabiduria-xi\/#primaryimage\"},\"image\":{\"@id\":\"https:\/\/vincentians.com\/es\/san-vicente-de-paul-maestro-de-sabiduria-xi\/#primaryimage\"},\"thumbnailUrl\":\"https:\/\/i0.wp.com\/vincentians.com\/es\/wp-content\/uploads\/sites\/11\/2013\/04\/n.jpg?fit=1280%2C720\",\"datePublished\":\"2025-04-06T06:24:22+00:00\",\"breadcrumb\":{\"@id\":\"https:\/\/vincentians.com\/es\/san-vicente-de-paul-maestro-de-sabiduria-xi\/#breadcrumb\"},\"inLanguage\":\"es\",\"potentialAction\":[{\"@type\":\"ReadAction\",\"target\":[\"https:\/\/vincentians.com\/es\/san-vicente-de-paul-maestro-de-sabiduria-xi\/\"]}]},{\"@type\":\"ImageObject\",\"inLanguage\":\"es\",\"@id\":\"https:\/\/vincentians.com\/es\/san-vicente-de-paul-maestro-de-sabiduria-xi\/#primaryimage\",\"url\":\"https:\/\/i0.wp.com\/vincentians.com\/es\/wp-content\/uploads\/sites\/11\/2013\/04\/n.jpg?fit=1280%2C720\",\"contentUrl\":\"https:\/\/i0.wp.com\/vincentians.com\/es\/wp-content\/uploads\/sites\/11\/2013\/04\/n.jpg?fit=1280%2C720\",\"width\":1280,\"height\":720},{\"@type\":\"BreadcrumbList\",\"@id\":\"https:\/\/vincentians.com\/es\/san-vicente-de-paul-maestro-de-sabiduria-xi\/#breadcrumb\",\"itemListElement\":[{\"@type\":\"ListItem\",\"position\":1,\"name\":\"Portada\",\"item\":\"http:\/\/vincentians.com\/es\/\"},{\"@type\":\"ListItem\",\"position\":2,\"name\":\"San Vicente de Pa\u00fal maestro de sabidur\u00eda (XI)\"}]},{\"@type\":\"WebSite\",\"@id\":\"http:\/\/vincentians.com\/es\/#website\",\"url\":\"http:\/\/vincentians.com\/es\/\",\"name\":\"Somos Vicencianos\",\"description\":\"Know more to serve more\",\"publisher\":{\"@id\":\"http:\/\/vincentians.com\/es\/#organization\"},\"potentialAction\":[{\"@type\":\"SearchAction\",\"target\":{\"@type\":\"EntryPoint\",\"urlTemplate\":\"http:\/\/vincentians.com\/es\/?s={search_term_string}\"},\"query-input\":{\"@type\":\"PropertyValueSpecification\",\"valueRequired\":true,\"valueName\":\"search_term_string\"}}],\"inLanguage\":\"es\"},{\"@type\":\"Organization\",\"@id\":\"http:\/\/vincentians.com\/es\/#organization\",\"name\":\"The Vincentian Network\",\"url\":\"http:\/\/vincentians.com\/es\/\",\"logo\":{\"@type\":\"ImageObject\",\"inLanguage\":\"es\",\"@id\":\"http:\/\/vincentians.com\/es\/#\/schema\/logo\/image\/\",\"url\":\"https:\/\/i1.wp.com\/vincentians.com\/es\/wp-content\/uploads\/sites\/11\/2016\/06\/Vincentian-Network-logo-big.png?fit=778%2C778\",\"contentUrl\":\"https:\/\/i1.wp.com\/vincentians.com\/es\/wp-content\/uploads\/sites\/11\/2016\/06\/Vincentian-Network-logo-big.png?fit=778%2C778\",\"width\":778,\"height\":778,\"caption\":\"The Vincentian Network\"},\"image\":{\"@id\":\"http:\/\/vincentians.com\/es\/#\/schema\/logo\/image\/\"},\"sameAs\":[\"https:\/\/www.facebook.com\/WeAreVincentians\/\",\"https:\/\/x.com\/WeVincentians\"]},{\"@type\":\"Person\",\"@id\":\"http:\/\/vincentians.com\/es\/#\/schema\/person\/7c2670b4445a7ca9d164ea6acdb31859\",\"name\":\"Mitxel Olabu\u00e9naga\",\"image\":{\"@type\":\"ImageObject\",\"inLanguage\":\"es\",\"@id\":\"http:\/\/vincentians.com\/es\/#\/schema\/person\/image\/\",\"url\":\"https:\/\/secure.gravatar.com\/avatar\/34137ec2e2b8939cbbed975731e71f3f4f1defc7266ded337a5ce0f925426877?s=96&d=mm&r=g\",\"contentUrl\":\"https:\/\/secure.gravatar.com\/avatar\/34137ec2e2b8939cbbed975731e71f3f4f1defc7266ded337a5ce0f925426877?s=96&d=mm&r=g\",\"caption\":\"Mitxel Olabu\u00e9naga\"},\"url\":\"http:\/\/vincentians.com\/es\/author\/mitxel\/\"}]}<\/script>\n<!-- \/ Yoast SEO plugin. -->","yoast_head_json":{"title":"San Vicente de Pa\u00fal maestro de sabidur\u00eda (XI) - Somos Vicencianos","robots":{"index":"index","follow":"follow","max-snippet":"max-snippet:-1","max-image-preview":"max-image-preview:large","max-video-preview":"max-video-preview:-1"},"canonical":"https:\/\/vincentians.com\/es\/san-vicente-de-paul-maestro-de-sabiduria-xi\/","og_locale":"es_ES","og_type":"article","og_title":"San Vicente de Pa\u00fal maestro de sabidur\u00eda (XI) - Somos Vicencianos","og_description":"II.- EN DIOS El inefable misterio M\u00e1s all\u00e1 de los razonamientos teol\u00f3gicos necesarios y buenos, es en nosotros mismos donde vemos c\u00f3mo Dios vive y ama. Cada uno de noso\u00adtros vehicula los razonamientos. Sus propios ... Read More","og_url":"https:\/\/vincentians.com\/es\/san-vicente-de-paul-maestro-de-sabiduria-xi\/","og_site_name":"Somos Vicencianos","article_publisher":"https:\/\/www.facebook.com\/WeAreVincentians\/","article_published_time":"2025-04-06T06:24:22+00:00","og_image":[{"width":1280,"height":720,"url":"https:\/\/i0.wp.com\/vincentians.com\/es\/wp-content\/uploads\/sites\/11\/2013\/04\/n.jpg?fit=1280%2C720&ssl=1","type":"image\/jpeg"}],"author":"Mitxel Olabu\u00e9naga","twitter_card":"summary_large_image","twitter_creator":"@WeVincentians","twitter_site":"@WeVincentians","twitter_misc":{"Escrito por":"Mitxel Olabu\u00e9naga","Tiempo de lectura":"12 minutos"},"schema":{"@context":"https:\/\/schema.org","@graph":[{"@type":"Article","@id":"https:\/\/vincentians.com\/es\/san-vicente-de-paul-maestro-de-sabiduria-xi\/#article","isPartOf":{"@id":"https:\/\/vincentians.com\/es\/san-vicente-de-paul-maestro-de-sabiduria-xi\/"},"author":{"name":"Mitxel Olabu\u00e9naga","@id":"http:\/\/vincentians.com\/es\/#\/schema\/person\/7c2670b4445a7ca9d164ea6acdb31859"},"headline":"San Vicente de Pa\u00fal maestro de sabidur\u00eda (XI)","datePublished":"2025-04-06T06:24:22+00:00","mainEntityOfPage":{"@id":"https:\/\/vincentians.com\/es\/san-vicente-de-paul-maestro-de-sabiduria-xi\/"},"wordCount":2619,"commentCount":0,"publisher":{"@id":"http:\/\/vincentians.com\/es\/#organization"},"image":{"@id":"https:\/\/vincentians.com\/es\/san-vicente-de-paul-maestro-de-sabiduria-xi\/#primaryimage"},"thumbnailUrl":"https:\/\/i0.wp.com\/vincentians.com\/es\/wp-content\/uploads\/sites\/11\/2013\/04\/n.jpg?fit=1280%2C720","articleSection":["Formaci\u00f3n Vicenciana"],"inLanguage":"es","potentialAction":[{"@type":"CommentAction","name":"Comment","target":["https:\/\/vincentians.com\/es\/san-vicente-de-paul-maestro-de-sabiduria-xi\/#respond"]}]},{"@type":"WebPage","@id":"https:\/\/vincentians.com\/es\/san-vicente-de-paul-maestro-de-sabiduria-xi\/","url":"https:\/\/vincentians.com\/es\/san-vicente-de-paul-maestro-de-sabiduria-xi\/","name":"San Vicente de Pa\u00fal maestro de sabidur\u00eda (XI) - Somos Vicencianos","isPartOf":{"@id":"http:\/\/vincentians.com\/es\/#website"},"primaryImageOfPage":{"@id":"https:\/\/vincentians.com\/es\/san-vicente-de-paul-maestro-de-sabiduria-xi\/#primaryimage"},"image":{"@id":"https:\/\/vincentians.com\/es\/san-vicente-de-paul-maestro-de-sabiduria-xi\/#primaryimage"},"thumbnailUrl":"https:\/\/i0.wp.com\/vincentians.com\/es\/wp-content\/uploads\/sites\/11\/2013\/04\/n.jpg?fit=1280%2C720","datePublished":"2025-04-06T06:24:22+00:00","breadcrumb":{"@id":"https:\/\/vincentians.com\/es\/san-vicente-de-paul-maestro-de-sabiduria-xi\/#breadcrumb"},"inLanguage":"es","potentialAction":[{"@type":"ReadAction","target":["https:\/\/vincentians.com\/es\/san-vicente-de-paul-maestro-de-sabiduria-xi\/"]}]},{"@type":"ImageObject","inLanguage":"es","@id":"https:\/\/vincentians.com\/es\/san-vicente-de-paul-maestro-de-sabiduria-xi\/#primaryimage","url":"https:\/\/i0.wp.com\/vincentians.com\/es\/wp-content\/uploads\/sites\/11\/2013\/04\/n.jpg?fit=1280%2C720","contentUrl":"https:\/\/i0.wp.com\/vincentians.com\/es\/wp-content\/uploads\/sites\/11\/2013\/04\/n.jpg?fit=1280%2C720","width":1280,"height":720},{"@type":"BreadcrumbList","@id":"https:\/\/vincentians.com\/es\/san-vicente-de-paul-maestro-de-sabiduria-xi\/#breadcrumb","itemListElement":[{"@type":"ListItem","position":1,"name":"Portada","item":"http:\/\/vincentians.com\/es\/"},{"@type":"ListItem","position":2,"name":"San Vicente de Pa\u00fal maestro de sabidur\u00eda (XI)"}]},{"@type":"WebSite","@id":"http:\/\/vincentians.com\/es\/#website","url":"http:\/\/vincentians.com\/es\/","name":"Somos Vicencianos","description":"Know more to serve more","publisher":{"@id":"http:\/\/vincentians.com\/es\/#organization"},"potentialAction":[{"@type":"SearchAction","target":{"@type":"EntryPoint","urlTemplate":"http:\/\/vincentians.com\/es\/?s={search_term_string}"},"query-input":{"@type":"PropertyValueSpecification","valueRequired":true,"valueName":"search_term_string"}}],"inLanguage":"es"},{"@type":"Organization","@id":"http:\/\/vincentians.com\/es\/#organization","name":"The Vincentian Network","url":"http:\/\/vincentians.com\/es\/","logo":{"@type":"ImageObject","inLanguage":"es","@id":"http:\/\/vincentians.com\/es\/#\/schema\/logo\/image\/","url":"https:\/\/i1.wp.com\/vincentians.com\/es\/wp-content\/uploads\/sites\/11\/2016\/06\/Vincentian-Network-logo-big.png?fit=778%2C778","contentUrl":"https:\/\/i1.wp.com\/vincentians.com\/es\/wp-content\/uploads\/sites\/11\/2016\/06\/Vincentian-Network-logo-big.png?fit=778%2C778","width":778,"height":778,"caption":"The Vincentian Network"},"image":{"@id":"http:\/\/vincentians.com\/es\/#\/schema\/logo\/image\/"},"sameAs":["https:\/\/www.facebook.com\/WeAreVincentians\/","https:\/\/x.com\/WeVincentians"]},{"@type":"Person","@id":"http:\/\/vincentians.com\/es\/#\/schema\/person\/7c2670b4445a7ca9d164ea6acdb31859","name":"Mitxel Olabu\u00e9naga","image":{"@type":"ImageObject","inLanguage":"es","@id":"http:\/\/vincentians.com\/es\/#\/schema\/person\/image\/","url":"https:\/\/secure.gravatar.com\/avatar\/34137ec2e2b8939cbbed975731e71f3f4f1defc7266ded337a5ce0f925426877?s=96&d=mm&r=g","contentUrl":"https:\/\/secure.gravatar.com\/avatar\/34137ec2e2b8939cbbed975731e71f3f4f1defc7266ded337a5ce0f925426877?s=96&d=mm&r=g","caption":"Mitxel Olabu\u00e9naga"},"url":"http:\/\/vincentians.com\/es\/author\/mitxel\/"}]}},"jetpack_publicize_connections":[],"jetpack_featured_media_url":"https:\/\/i0.wp.com\/vincentians.com\/es\/wp-content\/uploads\/sites\/11\/2013\/04\/n.jpg?fit=1280%2C720","jetpack_sharing_enabled":true,"jetpack_shortlink":"https:\/\/wp.me\/p7ETMF-1HyQ","jetpack-related-posts":[{"id":387803,"url":"http:\/\/vincentians.com\/es\/jesus-ora-al-padre-movido-por-el-espiritu\/","url_meta":{"origin":405780,"position":0},"title":"Jes\u00fas ora al Padre, movido por el Esp\u00edritu","author":"Mitxel Olabu\u00e9naga","date":"08\/09\/2016","format":false,"excerpt":"Jes\u00fas de Nazaret es un trabajador fiel que hace de su vida oraci\u00f3n, y de la oraci\u00f3n compromiso de salvaci\u00f3n para los hombres. Trabajo y oraci\u00f3n se funden indisolublemente en su persona. Es inconcebible un Jes\u00fas que no ora expresamente al Padre y que no ense\u00f1a a sus disc\u00edpulos a\u2026","rel":"","context":"En \u00abOraci\u00f3n\u00bb","block_context":{"text":"Oraci\u00f3n","link":"http:\/\/vincentians.com\/es\/category\/espiritualidad\/oracion\/"},"img":{"alt_text":"","src":"https:\/\/i0.wp.com\/vincentians.com\/es\/wp-content\/uploads\/sites\/11\/2016\/09\/jesus-ora-al-padre.jpg?fit=1200%2C630&resize=350%2C200","width":350,"height":200,"srcset":"https:\/\/i0.wp.com\/vincentians.com\/es\/wp-content\/uploads\/sites\/11\/2016\/09\/jesus-ora-al-padre.jpg?fit=1200%2C630&resize=350%2C200 1x, https:\/\/i0.wp.com\/vincentians.com\/es\/wp-content\/uploads\/sites\/11\/2016\/09\/jesus-ora-al-padre.jpg?fit=1200%2C630&resize=525%2C300 1.5x, https:\/\/i0.wp.com\/vincentians.com\/es\/wp-content\/uploads\/sites\/11\/2016\/09\/jesus-ora-al-padre.jpg?fit=1200%2C630&resize=700%2C400 2x, https:\/\/i0.wp.com\/vincentians.com\/es\/wp-content\/uploads\/sites\/11\/2016\/09\/jesus-ora-al-padre.jpg?fit=1200%2C630&resize=1050%2C600 3x"},"classes":[]},{"id":118429,"url":"http:\/\/vincentians.com\/es\/santa-luisa-y-la-encarnacion\/","url_meta":{"origin":405780,"position":1},"title":"Santa Luisa y la Encarnaci\u00f3n","author":"Francisco Javier Fern\u00e1ndez Chento","date":"23\/03\/2020","format":false,"excerpt":"San Anselmo de Canterbury y la redenci\u00f3n El gran interrogante de los cristianos a largo de la historia ha sido saber por qu\u00e9 Dios se hizo hombre. De las cartas de san Pablo la teolog\u00eda occidental ha ido sacando principios para explicar que Cristo se hizo hombre para reparar el\u2026","rel":"","context":"En \u00abLuisa de Marillac\u00bb","block_context":{"text":"Luisa de Marillac","link":"http:\/\/vincentians.com\/es\/category\/la-familia-vicenciana\/fundadores\/luisa-de-marillac\/"},"img":{"alt_text":"","src":"https:\/\/i0.wp.com\/vincentians.com\/es\/wp-content\/uploads\/sites\/11\/2017\/10\/hijas-caridad1.jpg?fit=846%2C446&resize=350%2C200","width":350,"height":200,"srcset":"https:\/\/i0.wp.com\/vincentians.com\/es\/wp-content\/uploads\/sites\/11\/2017\/10\/hijas-caridad1.jpg?fit=846%2C446&resize=350%2C200 1x, https:\/\/i0.wp.com\/vincentians.com\/es\/wp-content\/uploads\/sites\/11\/2017\/10\/hijas-caridad1.jpg?fit=846%2C446&resize=525%2C300 1.5x, https:\/\/i0.wp.com\/vincentians.com\/es\/wp-content\/uploads\/sites\/11\/2017\/10\/hijas-caridad1.jpg?fit=846%2C446&resize=700%2C400 2x"},"classes":[]},{"id":120300,"url":"http:\/\/vincentians.com\/es\/vicente-de-paul-la-fe-que-dio-sentido-a-su-vida-iv-amemos-a-dios-hermanos-mios-amemos-a-dios\/","url_meta":{"origin":405780,"position":2},"title":"Vicente de Pa\u00fal: la fe que dio sentido a su vida. IV. \u00a1Amemos a Dios, hermanos m\u00edos, amemos a Dios!","author":"Francisco Javier Fern\u00e1ndez Chento","date":"03\/01\/2015","format":false,"excerpt":"IV. \u00a1Amemos a Dios, hermanos m\u00edos, amemos a Dios! El descubrimiento de la bondad de Dios no deja a Vi\u00adcente maravillado e inactivo; est\u00e1 en el origen de un dina\u00admismo asombroso que da impulso a toda su vida. Vi\u00e9ndole recomendar la disponibilidad para con la divina Providen\u00adcia, podr\u00edan imaginarse algunos\u2026","rel":"","context":"En \u00abEspiritualidad vicenciana\u00bb","block_context":{"text":"Espiritualidad vicenciana","link":"http:\/\/vincentians.com\/es\/category\/espiritualidad\/espiritualidad-vicenciana\/"},"img":{"alt_text":"Vincent-de-Paul-and-bible-alternate","src":"https:\/\/i0.wp.com\/vicencianos.org\/wp-content\/2013\/04\/Vincent-de-Paul-and-bible-alternate-216x300.jpg?resize=350%2C200","width":350,"height":200},"classes":[]},{"id":120295,"url":"http:\/\/vincentians.com\/es\/vicente-de-paul-la-fe-que-dio-sentido-a-su-vida-ix-algunas-virtudes-muy-simples\/","url_meta":{"origin":405780,"position":3},"title":"Vicente de Pa\u00fal: la fe que dio sentido a su vida. IX. Algunas virtudes muy simples","author":"Francisco Javier Fern\u00e1ndez Chento","date":"08\/01\/2015","format":false,"excerpt":"IX. Algunas virtudes muy simples El Se\u00f1or Vicente cre\u00eda m\u00e1s en las virtudes m\u00e1s sencillas que en los grandes sentimientos. Uno de los aspectos m\u00e1s atrayentes de su pensamiento se sit\u00faa justamente en este sa\u00adbroso equilibrio entre la solidez de un buen sentido que no se paga de palabras, y\u2026","rel":"","context":"En \u00abEspiritualidad vicenciana\u00bb","block_context":{"text":"Espiritualidad vicenciana","link":"http:\/\/vincentians.com\/es\/category\/espiritualidad\/espiritualidad-vicenciana\/"},"img":{"alt_text":"Vincent-de-Paul-and-bible-alternate","src":"https:\/\/i0.wp.com\/vicencianos.org\/wp-content\/2013\/04\/Vincent-de-Paul-and-bible-alternate-216x300.jpg?resize=350%2C200","width":350,"height":200},"classes":[]},{"id":136440,"url":"http:\/\/vincentians.com\/es\/algunas-virtudes-muy-simples\/","url_meta":{"origin":405780,"position":4},"title":"Algunas virtudes muy simples","author":"Francisco Javier Fern\u00e1ndez Chento","date":"25\/01\/2016","format":false,"excerpt":"El Se\u00f1or Vicente cre\u00eda m\u00e1s en las virtudes m\u00e1s sencillas que en los grandes sentimientos. Uno de los aspectos m\u00e1s atrayentes de su pensamiento se sit\u00faa justamente en este sabroso equilibrio entre la solidez de un buen sentido que no se paga de palabras, y la acogida humilde y confiada\u2026","rel":"","context":"En \u00abEspiritualidad vicenciana\u00bb","block_context":{"text":"Espiritualidad vicenciana","link":"http:\/\/vincentians.com\/es\/category\/espiritualidad\/espiritualidad-vicenciana\/"},"img":{"alt_text":"sencillez humildad","src":"https:\/\/i0.wp.com\/vicencianos.org\/wp-content\/uploads\/2015\/01\/sencillez-humildad.jpg?resize=350%2C200","width":350,"height":200,"srcset":"https:\/\/i0.wp.com\/vicencianos.org\/wp-content\/uploads\/2015\/01\/sencillez-humildad.jpg?resize=350%2C200 1x, https:\/\/i0.wp.com\/vicencianos.org\/wp-content\/uploads\/2015\/01\/sencillez-humildad.jpg?resize=525%2C300 1.5x, https:\/\/i0.wp.com\/vicencianos.org\/wp-content\/uploads\/2015\/01\/sencillez-humildad.jpg?resize=700%2C400 2x"},"classes":[]},{"id":119815,"url":"http:\/\/vincentians.com\/es\/contenidos-asumibles-por-la-mision-de-las-actuales-reflexiones-teologicas\/","url_meta":{"origin":405780,"position":5},"title":"Contenidos asumibles por la Misi\u00f3n de las actuales reflexiones teol\u00f3gicas","author":"Francisco Javier Fern\u00e1ndez Chento","date":"19\/02\/2022","format":false,"excerpt":"Una impresionante efervescencia de la reflexi\u00f3n teol\u00f3gica viene enriqueciendo \u2014y sacudiendo\u2014 a la Iglesia en esta segunda mitad del siglo XX; o, con mayor amplitud y preci\u00adsi\u00f3n, desde el final de la II Guerra Mundial. A vuela pluma, y sin af\u00e1n alguno de enmarcamiento cronol\u00f3gico, cabe citar en demostraci\u00f3n de\u2026","rel":"","context":"En \u00abFormaci\u00f3n Vicenciana\u00bb","block_context":{"text":"Formaci\u00f3n Vicenciana","link":"http:\/\/vincentians.com\/es\/category\/formacion-vicenciana\/"},"img":{"alt_text":"","src":"https:\/\/i0.wp.com\/vincentians.com\/es\/wp-content\/uploads\/sites\/11\/2013\/04\/Fort-Dauphin.jpg?fit=1200%2C791&resize=350%2C200","width":350,"height":200,"srcset":"https:\/\/i0.wp.com\/vincentians.com\/es\/wp-content\/uploads\/sites\/11\/2013\/04\/Fort-Dauphin.jpg?fit=1200%2C791&resize=350%2C200 1x, https:\/\/i0.wp.com\/vincentians.com\/es\/wp-content\/uploads\/sites\/11\/2013\/04\/Fort-Dauphin.jpg?fit=1200%2C791&resize=525%2C300 1.5x, https:\/\/i0.wp.com\/vincentians.com\/es\/wp-content\/uploads\/sites\/11\/2013\/04\/Fort-Dauphin.jpg?fit=1200%2C791&resize=700%2C400 2x, https:\/\/i0.wp.com\/vincentians.com\/es\/wp-content\/uploads\/sites\/11\/2013\/04\/Fort-Dauphin.jpg?fit=1200%2C791&resize=1050%2C600 3x"},"classes":[]}],"_links":{"self":[{"href":"http:\/\/vincentians.com\/es\/wp-json\/wp\/v2\/posts\/405780","targetHints":{"allow":["GET"]}}],"collection":[{"href":"http:\/\/vincentians.com\/es\/wp-json\/wp\/v2\/posts"}],"about":[{"href":"http:\/\/vincentians.com\/es\/wp-json\/wp\/v2\/types\/post"}],"author":[{"embeddable":true,"href":"http:\/\/vincentians.com\/es\/wp-json\/wp\/v2\/users\/5"}],"replies":[{"embeddable":true,"href":"http:\/\/vincentians.com\/es\/wp-json\/wp\/v2\/comments?post=405780"}],"version-history":[{"count":1,"href":"http:\/\/vincentians.com\/es\/wp-json\/wp\/v2\/posts\/405780\/revisions"}],"predecessor-version":[{"id":405781,"href":"http:\/\/vincentians.com\/es\/wp-json\/wp\/v2\/posts\/405780\/revisions\/405781"}],"wp:featuredmedia":[{"embeddable":true,"href":"http:\/\/vincentians.com\/es\/wp-json\/wp\/v2\/media\/404093"}],"wp:attachment":[{"href":"http:\/\/vincentians.com\/es\/wp-json\/wp\/v2\/media?parent=405780"}],"wp:term":[{"taxonomy":"category","embeddable":true,"href":"http:\/\/vincentians.com\/es\/wp-json\/wp\/v2\/categories?post=405780"},{"taxonomy":"post_tag","embeddable":true,"href":"http:\/\/vincentians.com\/es\/wp-json\/wp\/v2\/tags?post=405780"}],"curies":[{"name":"wp","href":"https:\/\/api.w.org\/{rel}","templated":true}]}}