{"id":405749,"date":"2025-03-06T08:38:56","date_gmt":"2025-03-06T07:38:56","guid":{"rendered":"https:\/\/vincentians.com\/es\/?p=405749"},"modified":"2024-08-20T20:40:11","modified_gmt":"2024-08-20T18:40:11","slug":"notas-historicas-sobre-los-varios-establecimientos-cm-en-portugal-ix","status":"publish","type":"post","link":"http:\/\/vincentians.com\/es\/notas-historicas-sobre-los-varios-establecimientos-cm-en-portugal-ix\/","title":{"rendered":"NOTAS HIST\u00d3RICAS SOBRE LOS VARIOS ESTABLECIMIENTOS CM en PORTUGAL (IX)"},"content":{"rendered":"<p><em>7.\u2014Santa Quiteria, cerca de Felgueiras.<\/em><\/p>\n<p>Colegio; Misi\u00f3n. 1868.<\/p>\n<p>El Sr. Bernardo Pader, Sacerdote de la Misi\u00f3n, enviado para dirigir esta obra, escrib\u00eda en 16 de Septiembre de 1868: \u00abHe dejado a Dax para venir a la nueva casa que se nos ofrec\u00eda en Portugal. Me embarqu\u00e9 en Burdeos para Lisboa, y despu\u00e9s de haber descansado en esta capital, me dirig\u00ed a Santa Quiteria, Capilla de la parroquia de Margaride, Concejo de Felgueiras, distrito de Braga, Di\u00f3cesis de Bra\u00adga, donde me hallo desde el d\u00eda 10 de este mes.<\/p>\n<p>Si quer\u00e9is saber lo que es esta fundaci\u00f3n, helo aqu\u00ed: Un buen Sacerdote, de cincuenta a\u00f1os de edad, acostumbrado a dar misiones con mucho fruto y edificaci\u00f3n, ha hecho construir una casa, cerca de la Capilla de Santa Quiteria, con intenci\u00f3n de ofrecerla, con todos sus muebles y terre\u00adnos que le pertenecen, a Sacerdotes Misioneros.<\/p>\n<p>\u00abSe ha dirigido a nuestra Congregaci\u00f3n, y la Congrega\u00adci\u00f3n ha aceptado su oferta, en cuya virtud estoy aqu\u00ed, en compa\u00f1\u00eda del fundador, hoy hermano nuestro, del Sr. Gonz\u00e1lvez y dos postulantes. Algunos Sacerdotes que sol\u00edan acompa\u00f1ar en las misiones al Sr. D. Joaqu\u00edn Jos\u00e9 Alvarez de Moura (es el nombre del fundador) han pedido entrar en nuestra Congregaci\u00f3n.\u00bb El Sr. Pader, Bernardo, natural de la Di\u00f3cesis de Auch, en Francia, era un Misionero muy dis\u00adtinguido y muy sabio, y muri\u00f3 en Santa Quiteria en 1871.<\/p>\n<p>La obra no tard\u00f3 en prosperar, como se puede ver por las siguientes l\u00edneas, escritas seis a\u00f1os m\u00e1s tarde:<\/p>\n<p>\u00abEste establecimiento es un Colegio, el cual est\u00e1 anejo el Santuario de Santa Quiteria, m\u00e1rtir portuguesa, cuya tradi\u00adci\u00f3n es muy extraordinaria y a la que el pa\u00eds profesa mu\u00adcha devoci\u00f3n. El P. Joaqu\u00edn Alvarez de Moura (nacido en 1815 y admitido en la Congregaci\u00f3n en 1868), digno y piadoso Sacerdote, y hoy compa\u00f1ero nuestro, d\u00e1ndonos la casa que \u00e9l pose\u00eda a lado del Santuario, hizo que se nos diera tambi\u00e9n el Santuario mismo, no en cuanto a la pro\u00adpiedad, pues \u00e9sta pertenece a una Cofrad\u00eda, pero s\u00ed en cuanto al servicio de la Iglesia, en la que tenemos que decir Misa todos los d\u00edas y o\u00edr las confesiones de los peregrinos, que son muy numerosos, de tal modo que no pasa un solo d\u00eda en que el Superior y dem\u00e1s Sacerdotes de la Misi\u00f3n no tengan alg\u00fan penitente a quien o\u00edr, y frecuentemente muchos.<\/p>\n<p>El Colegio est\u00e1 situado sobre la misma monta\u00f1a que el Santuario, a distancia de alg\u00fan centenar de pasos, en una posici\u00f3n magn\u00edfica y con un clima templado y ventilaci\u00f3n inmejorable. Aunque est\u00e1 un poco aislado y es preciso ir algo lejos a buscar las provisiones, esto no ofrece gran di\u00adficultad, por la buena disposici\u00f3n de los caminos.<\/p>\n<p>Este Colegio goza ya de gran reputaci\u00f3n, siendo apro\u00adbados en los ex\u00e1menes, que sustituyen al bachillerato para las carreras cient\u00edficas, cuantos alumnos presenta. Y as\u00ed, ha\u00adbiendo comenzado en 1868 con siete u ocho alumnos, hoy (1874) tiene noventa y dos, y no tiene m\u00e1s porque no caben.<\/p>\n<p>\u201eTodos estos alumnos, excepto dos, pagan una pensi\u00f3n de 500 francos, en lo cual no se comprenden los cursos accesorios. Esto explica c\u00f3mo pudo el Sr. Varet, contando \u00fanicamente con los fondos del Colegio, ensanchar la casa m\u00e1s del doble, sin contraer deudas; pues si bien es verdad que aun falta por terminar un ala del edificio, tambi\u00e9n lo es que, pagando al contado a los obreros y materiales, en vez de deudas tiene a\u00fan fondos con que continuar, que para el pr\u00f3ximo curso podr\u00e1 admitir m\u00e1s de cien alumnos, y que podr\u00e1 entonces completar el plan de la obra, resul\u00adtando el Colegio un cuadro perfecto y un establecimiento magn\u00edfico. La situaci\u00f3n material es buena, y no lo es me\u00adnos la situaci\u00f3n moral. El establecimiento goza de la con\u00adfianza p\u00fablica y los alumnos tienen muy buen esp\u00edritu, pudiendo compar\u00e1rseles, as\u00ed por la piedad como por las costumbres, a los alumnos de nuestros Seminarios menores. Una porci\u00f3n del actual terreno fue adquirida por el se\u00ad\u00f1or Varet.<\/p>\n<p>El venerable fundador de la obra, Sr. Joaqu\u00edn Alvarez de Moura, muri\u00f3 en 1881, dejando en testamento todos sus bienes a la Congregaci\u00f3n de la Misi\u00f3n.<\/p>\n<p>Por el deseo de que prosperaran las misiones, se pens\u00f3 entonces en traspasar el Colegio a sacerdotes seculares, a fin de que todos los Msioneros pudieran dedicarse a la pre\u00addicaci\u00f3n; mas esta transformaci\u00f3n del establecimiento, de la cual habla el Sr. Fiat en la Circular de I.\u00b0 de Enero de 1879, s\u00f3lo se verific\u00f3 de una manera transitoria. Muy pronto volvieron los Misioneros a encargarse de nuevo de la direcci\u00f3n del Colegio, y as\u00ed contin\u00faan, dando los m\u00e1s consoladores resultados.<\/p>\n<p>Al Colegio se ha a\u00f1adido una Escuela apost\u00f3lica para la Congregaci\u00f3n, destinando al efecto un departamento espe\u00adcial. La Escuela se sostiene, como es evidente, gracias al Colegio; los alumnos m\u00e1s j\u00f3venes de aqu\u00e9lla siguen el curso juntamente con los de \u00e9ste, y los m\u00e1s adelantados pasan a Lisboa a la casa del Visitador, para continuar sus estudios. Hoy cuenta el Colegio con un centenar de alum\u00adnos (1905).<\/p>\n<p>El Sr. Fragues hizo construir en 1886 la fachada del mismo, y en 1895 se inaugur\u00f3 una ca\u00f1er\u00eda para traer agua potable de una fuente muy abundante que existe a 4 kil\u00f3\u00admetros de Santa Quiteria.<\/p>\n<p>En 1906 se han inaugurado las misiones con mucho fruto. La Capilla de la Cofrad\u00eda es muy visitada, y todos los domingos acude al Santuario mucha gente de las parro\u00adquias vecinas.<\/p>\n<p>Tambi\u00e9n las Hijas de la Caridad tienen en Santa Quite-ria obras muy florecientes, y prestan a los Misioneros su generoso concurso. He aqu\u00ed algunas cifras referentes a sus obras: Hijas de Mar\u00eda, 560; Madres Cristianas, 400; Obra de San Jos\u00e9 para hombres, 350.<\/p>\n<p>Los Superiores que han gobernado sucesivamente la casa de Santa Quiteria, son: Sres. PADER (Bernardo), 3 de Julio de 1868. VARET (Pedro), 27 de Febrero de 1871. ALVAREZ DE MOURA (Joaqu\u00edn), 27 Marzo de 1877. RIVIER (Alberto), II de Abril de 1882. FRAGuEs (Alfredo), 17 de Septiembre de 1883. LEITAO (Pedro), 5 de Octubre de 1897.<\/p>\n<p><em>8.\u2014Torres Vedras.<\/em><\/p>\n<p>Colegio de San Jos\u00e9. 1873.<\/p>\n<p>Torres Vedras es una ciudad de 5.000 habitantes, perte\u00adneciente al distrito de Lisboa y situada a 40 kil\u00f3metros de dicha capital. Es capital de un Concejo, y tiene estaci\u00f3n en el ferrocarril que va de Lisboa a Figueira da Foz; est\u00e1 fortificada, y dista del mar 15 kil\u00f3metros.<\/p>\n<p>Expondremos ahora el origen y sucesi\u00f3n de los aconte\u00adcimientos del Colegio de San Jos\u00e9 de Torres Vedras en el corto per\u00edodo de su existencia.<\/p>\n<p>El digno religioso de la Orden de San Francisco, Padre Agust\u00edn de la Anunciaci\u00f3n, el mismo que hab\u00eda llamado a San Fidel los Sacerdotes de la Misi\u00f3n, habiendo recibido fondos para establecer un Colegio en Torres Vedras, al\u00adquil\u00f3, con promesa de venta al cabo de veinte a\u00f1os, un antiguo convento perteneciente a un particular de esta ciudad, y que no pod\u00eda ser vendido por entonces. Era \u00e9ste una casa destartalada, en la que, a excepci\u00f3n de una sala donde se reun\u00edan los francmasones, no hab\u00eda puertas ni ven\u00adtanas. Cuando el P. Agust\u00edn tom\u00f3 posesi\u00f3n de \u00e9l, arregl\u00f3 como pudo el primer piso, \u00fanico que hab\u00eda, y dej\u00f3 el piso bajo lo mismo que lo hab\u00eda encontrado, enteramente inha\u00adbitable. Por otra parte, el primer piso no era muy a pro\u00adp\u00f3sito para Colegio; pues, a parte de una pieza transfor\u00admada en dormitorio, lo restante consist\u00eda en un pasillo largo, al cual daban tres habitaciones de cada lado. Los alumnos no ten\u00edan m\u00e1s lugar de recreo que una azotea ex puesta a sol y agua.<\/p>\n<p>El Colegio, establecido en tales condiciones por el Pa\u00addre Antonio con el concurso de su sobrino el P. Sebasti\u00e1n,<\/p>\n<p>Sacerdote secular, y de dos profesores seglares, no pros\u00adperaba y contra\u00eda deudas. Entonces el P. Antonio, de acuerdo con su sobrino, llam\u00f3 a las puertas de la Congregaci\u00f3n. Al principio se rechaz\u00f3 su ofrecimiento, y ojal\u00e1 se hubiese perseverado en ello; pero al fin se acept\u00f3 en 1872, siendo enviado para encargarse moment\u00e1neamente de la direcci\u00f3n de la obra el Sr. Roume.<\/p>\n<p>Poco despu\u00e9s los Lazaristas alemanes se vieron obliga\u00addos, por las leyes del Kulturkampf, a abandonar su patria, y el Sr. Etienne envi\u00f3 tres de ellos, a saber: los Sres. Du-plan, Schmitz y Franzen, con cuatro Hermanos Coadjuto\u00adres, a trabajar en el Colegio de Torres Vedras.<\/p>\n<p>El Sr. Duplan fue nombrado Superior (Octubre de 1873), y todos pusieron manos a la obra con buena voluntad. El Sr. Duplan tocaba el harmonium y hac\u00eda cantar a los ni\u00f1os. Esto agradaba a la gente, y la Autoridad militar dis\u00adpuso que los soldados asistieran los domingos a la Misa que se dec\u00eda en la Capilla del Colegio. Los alumnos estimaban a los Sacerdotes Lazaristas; pero las condiciones materia\u00adles eran dif\u00edciles, pues en 1874, cuando el Sr. Nicolle hizo la visita de la casa, hab\u00eda en el Colegio treinta alumnos, de los cuales diez o doce estaban gratis.<\/p>\n<p>El P. Agust\u00edn, para asegurar la obra, quer\u00eda dar una cantidad de dinero con la casa y una propiedad que hab\u00eda dejado una se\u00f1ora Fatella para esta buena obra; pero mu\u00adri\u00f3 casi repentinamente, sin tomar disposici\u00f3n alguna, en 18 de Marzo de 1874, y todo pas\u00f3 a poder de su sobrino D. Sebasti\u00e1n, que no ten\u00eda las mismas intenciones.<\/p>\n<p>Los Sacerdotes de la Misi\u00f3n abandonaron el Colegio de Torres Vedras en el mes de Agosto de 1874 y fueron a es\u00adtablecerse en Lisboa (Marville), a donde les siguieron la mayor parte de sus antiguos disc\u00edpulos.<\/p>\n<p>Estuvieron sucesivamente al frente del Colegio los Sres. ROUME (Eugenio), 1872. DUPLAU (Carlos), Superior; 6 Noviembre de 1873.<\/p>\n<p><em>9.\u2014Marville.<\/em><\/p>\n<p>Colegio, 1873.<\/p>\n<p>Marville es un caser\u00edo perteneciente a la jurisdicci\u00f3n de Lisboa, a 4 o\u00a0 5 kil\u00f3metros al nordeste del centro de la ciu\u00addad, no lejos de las orillas del Tajo y de la estaci\u00f3n Pozo do Bispo, del ferrocarril del Este. Tambi\u00e9n hay tranv\u00edas desde Lisboa a Pozo do Bispo. Compraron esta propiedad en 1870 el Sr. Miel y Sor Revel. All\u00ed toman las Hermanas portuguesas una casita con una finca. El Sr. Miel la agrand\u00f3 y convirti\u00f3 en casa de campo para los Misioneros de San Luis. Cuando se cerr\u00f3 la casa de Torres Vedras se instal\u00f3 el Colegio en Marville, en el a\u00f1o 1873, \u00e9poca en que co\u00admenz\u00f3 el Magisterio.<\/p>\n<p>En 1882 fue preciso encargarse de nuevo del Colegio de Santa Quiteria, y a esta casa se traslad\u00f3 el personal de Marville, que actualmente (1905) est\u00e1 ocupado por loca\u00adtarios.<\/p>\n<p>Fueron Superiores de la Casa de Marville los Sres. DUPLAU (Carlos), 1874. BOUQUIER (Francisco), 1875. VARET (Pedro), 27 de Marzo de 1877. PREVOT (Le\u00f3n-Javier), 1881.<\/p>\n<p><em>10.\u2014Funchal (Isla de la Madera.)<\/em><\/p>\n<p>Seminario, 1881.<\/p>\n<p>Cuando en 1881 el Ilmo. Sr. Barreto, Obispo de Funchal, encomend\u00f3 a la Congregaci\u00f3n de la Misi\u00f3n la direcci\u00f3n de su Seminario, los Misioneros pudieron traer a la memoria lejanos y agradables recuerdos. M\u00e1s de un siglo hac\u00eda que hab\u00edan existido las mismas relaciones entre el Obispo de Funchal, que era entonces el Ilmo. Sr. Gaspar Alfonso de Costa Brandao, natural de Villa Coya, Di\u00f3cesis de Coimbra, antiguo profesor de la Universidad, y el Superior Ge\u00adneral de entonces, Sr. de Bras.<\/p>\n<p>En efecto, con fecha I.<sup>\u00b0<\/sup> de Enero de 1758 escrib\u00eda el Se\u00ad\u00f1or de Bras:<\/p>\n<p>\u00abEl Ilmo. Sr. Obispo de Funchal, lleno de celo por la formaci\u00f3n del clero y penetrado de estima hacia los Misio\u00adneros, ha pedido dos para su Seminario. Hasta ahora ha\u00adb\u00edamos rehusado condescender a su petici\u00f3n, vista por una parte la dificultad del servicio y por otra la falta de objeto fijo para la fundaci\u00f3n; pero al fin nos hemos visto obliga\u00addos a ceder ante las reiteradas instancias de este santo Prelado. El d\u00eda 30 de Julio salieron de Lisboa, y el 5 de Agosto llegaron a Funchal, capital de la Isla de la Madera, los Misioneros Sres. de Reis y Alasia. Est\u00e1n hospedados en el Palacio episcopal mientras se edifica un nuevo Semi\u00adnario, pues el antiguo est\u00e1 muy arruinado. Los domingos y fiestas re\u00fanen a todos los cl\u00e9rigos en una Capilla de Pa\u00adlacio para la Conferencia eclesi\u00e1stica, y dar\u00e1n Ejercicios espirituales a los Ordenandos en un eremitorio que existe a las puertas de la ciudad, lugar c\u00f3modo y que est\u00e1 a dispo\u00adsici\u00f3n del Sr. Obispo, quien podr\u00e1, por consiguiente, ser\u00advirse de \u00e9l para edificar el nuevo Seminario. La buena aco\u00adgida que han tenido los Misioneros y la confianza que les testifica el clero y el pueblo les hacen concebir la esperanza de que trabajar\u00e1n con fruto por la gloria de Dios y la salud de aquellos isle\u00f1os.\u00bb<\/p>\n<p>Dos a\u00f1os despu\u00e9s escrib\u00eda el Sr. de Bras:<\/p>\n<p>\u00abLos dos Misioneros enviados a la Isla de la Madera ejer\u00adcen con fruto todas las funciones propias de nuestro Ins\u00adtituto. El Ilmo. Sr. Obispo les honra con su confianza, los lleva consigo a la visita de la Di\u00f3cesis, y ha dado al se\u00f1or Alasia el cargo de ense\u00f1ar p\u00fablicamente la Teolog\u00eda a los eclesi\u00e1sticos de la Isla.\u00bb<\/p>\n<p>En 1761, el Superior General, Sr. de Bras, daba las si\u00adguientes noticias: \u00abLos Misioneros enviados a la Isla de la Madera contin\u00faan ejerciendo con celo y ben\u00addici\u00f3n su ministerio, seg\u00fan las intenciones del Santo Obispo que los tiene a su lado. En Julio de 1759 se embarcaron en una gran nave para ir a dar misiones a la isla de Porto Santo. La navegaci\u00f3n, a pesar de ser corta, fue tan peli\u00adgrosa, que estuvieron a pique de naufragar por la ignoran\u00adcia \u00e9 impericia del Capit\u00e1n y de los marineros. A pesar de que la misi\u00f3n se hizo en tiempo del mayor calor, tuvo ex\u00adcelente resultado, porque se reconciliaron muchas familias que se aborrec\u00edan de muerte y se confesaron casi todos los habitantes de la isla. Nuestros hermanos continuaron as\u00ed sus trabajos hasta el mes de Enero; y en el mes de Abril escrib\u00eda desde Funchal el Sr. Alasia diciendo que ten\u00eda pensado volver a embarcarse en el mes de Junio para dar misiones en los puertos adyacentes, a fin de secundar los deseos del Ilmo. Sr. Obispo. En el pobre pueblo reina grande ignorancia, y lo que pone el colmo a esta desgra\u00adcia es que la mayor parte de los Sacerdotes son tan inca\u00adpaces para instruirlo, que hasta ignoran la Doctrina cris\u00adtiana. De manera que se puede aplicar aqu\u00ed aquella frase de San Juan Cris\u00f3stomo: <em>Multi sacerdotes, pauci sacerdotes; multi nomine, pauci opere, <\/em>por lo cual estamos todos obli\u00adgados a dirigir al Se\u00f1or fervorosas s\u00faplicas a fin de ayudar a nuestros hermanos en sus arduos trabajos.\u00bb<\/p>\n<p>Parece, sin embargo, que esto no fue un establecimiento definitivo, pues vemos en 1768 que el Visitador provincial de Lisboa llam\u00f3 a los Misioneros que estaban en la isla de la Madera, porque ten\u00eda necesidad de ellos en el Conti\u00adnente.<\/p>\n<p>En el siglo XIX, como queda dicho ya, volvieron a la Isla de la Madera los Sacerdotes de la Misi\u00f3n para ejercer su ministerio cerca de las Hermanas de la Caridad y los enfermos del <em>Hospicio D. M. Amelia. <\/em>Al mismo tiempo prestaban su concurso a las obras piadosas que se lo de-<sub>.<\/sub> mandaban.<\/p>\n<p>Con este motivo, el Sr. Schmitz, Lazarista, Superior de la casa del <em>Hospicio D. M. Amelia, <\/em>iba de vez en cuando al Seminario, a ruegos del Sr. Obispo, como examinador o confesor, y todos los s\u00e1bados por la tarde, durante el curso 1878-1879, daba una conferencia espiritual.<\/p>\n<p>El curso siguiente fue invitado el Sr. Schmitz a dar todos los d\u00edas una clase de franc\u00e9s, y su compa\u00f1ero el Sr. Prevot a explicar la Filosof\u00eda.<\/p>\n<p>Para la buena marcha de un establecimiento de educa\u00adci\u00f3n se necesita mantener la disciplina por medio de una vigilancia directa y constante; mas para esto es preciso con\u00adsagrarse por completo a esta obra. Considerando, pues, el venerable Obispo de Funchal que, dirigi\u00e9ndose a los Sacer\u00addotes de la Misi\u00f3n, obtendr\u00eda estos elementos necesarios al buen \u00e9xito de su Seminario, hizo en Mayo de 1881 un con\u00adtrato con el Sr. D. Antonio Fiat, Superior General de la Congregaci\u00f3n de la Misi\u00f3n, en virtud del cual el Prelado, usando de, su autoridad, encomienda la direcci\u00f3n del Semi\u00adnario a los Sacerdotes de la Misi\u00f3n.<\/p>\n<p>Juzgamos a prop\u00f3sito reproducir aqu\u00ed una nota hist\u00f3\u00adrica sobre el Seminario de Funchal, publicada en el peri\u00f3\u00addico de esta ciudad <em>Diario de Noticias, <\/em>en el n\u00famero correspondiente al 4 de Agosto de 1905.<\/p>\n<p>La traducci\u00f3n de este texto y las notas que le acompa\u00ad\u00f1an son debidas a la amable solicitud del Sr. Palaysi, Mi\u00adsionero Lazarista, destinado a ejercer su ministerio sacer\u00addotal en el Hospicio de Do\u00f1a Mar\u00eda Amelia.<\/p>\n","protected":false},"excerpt":{"rendered":"<p>7.\u2014Santa Quiteria, cerca de Felgueiras. Colegio; Misi\u00f3n. 1868. El Sr. Bernardo Pader, Sacerdote de la Misi\u00f3n, enviado para dirigir esta obra, escrib\u00eda en 16 de Septiembre de 1868: \u00abHe dejado a Dax para venir a &#8230; <a href=\"http:\/\/vincentians.com\/es\/notas-historicas-sobre-los-varios-establecimientos-cm-en-portugal-ix\/\" class=\"more-link\">Read More<\/a><\/p>\n","protected":false},"author":5,"featured_media":404164,"comment_status":"open","ping_status":"open","sticky":false,"template":"","format":"standard","meta":{"jetpack_post_was_ever_published":false,"_jetpack_newsletter_access":"","_jetpack_dont_email_post_to_subs":false,"_jetpack_newsletter_tier_id":0,"_jetpack_memberships_contains_paywalled_content":false,"_jetpack_memberships_contains_paid_content":false,"footnotes":"","jetpack_publicize_message":"","jetpack_publicize_feature_enabled":true,"jetpack_social_post_already_shared":true,"jetpack_social_options":{"image_generator_settings":{"template":"highway","default_image_id":0,"font":"","enabled":false},"version":2}},"categories":[214,82],"tags":[],"class_list":["post-405749","post","type-post","status-publish","format-standard","has-post-thumbnail","hentry","category-historia-de-la-congregacion-de-la-mision","category-historia-de-la-familia-vicenciana"],"yoast_head":"<!-- This site is optimized with the Yoast SEO plugin v26.3 - https:\/\/yoast.com\/wordpress\/plugins\/seo\/ -->\n<title>NOTAS HIST\u00d3RICAS SOBRE LOS VARIOS ESTABLECIMIENTOS CM en PORTUGAL (IX) - Somos Vicencianos<\/title>\n<meta name=\"robots\" content=\"index, follow, max-snippet:-1, max-image-preview:large, max-video-preview:-1\" \/>\n<link rel=\"canonical\" href=\"http:\/\/vincentians.com\/es\/notas-historicas-sobre-los-varios-establecimientos-cm-en-portugal-ix\/\" \/>\n<meta property=\"og:locale\" content=\"es_ES\" \/>\n<meta property=\"og:type\" content=\"article\" \/>\n<meta property=\"og:title\" content=\"NOTAS HIST\u00d3RICAS SOBRE LOS VARIOS ESTABLECIMIENTOS CM en PORTUGAL (IX) - Somos Vicencianos\" \/>\n<meta property=\"og:description\" content=\"7.\u2014Santa Quiteria, cerca de Felgueiras. Colegio; Misi\u00f3n. 1868. El Sr. Bernardo Pader, Sacerdote de la Misi\u00f3n, enviado para dirigir esta obra, escrib\u00eda en 16 de Septiembre de 1868: \u00abHe dejado a Dax para venir a ... Read More\" \/>\n<meta property=\"og:url\" content=\"http:\/\/vincentians.com\/es\/notas-historicas-sobre-los-varios-establecimientos-cm-en-portugal-ix\/\" \/>\n<meta property=\"og:site_name\" content=\"Somos Vicencianos\" \/>\n<meta property=\"article:publisher\" content=\"https:\/\/www.facebook.com\/WeAreVincentians\/\" \/>\n<meta property=\"article:published_time\" content=\"2025-03-06T07:38:56+00:00\" \/>\n<meta property=\"og:image\" content=\"https:\/\/i0.wp.com\/vincentians.com\/es\/wp-content\/uploads\/sites\/11\/2013\/05\/Cuba-Iglesia-de-La-Milagrosa-La-Habana.png?fit=1218%2C933\" \/>\n\t<meta property=\"og:image:width\" content=\"1218\" \/>\n\t<meta property=\"og:image:height\" content=\"933\" \/>\n\t<meta property=\"og:image:type\" content=\"image\/png\" \/>\n<meta name=\"author\" content=\"Mitxel Olabu\u00e9naga\" \/>\n<meta name=\"twitter:card\" content=\"summary_large_image\" \/>\n<meta name=\"twitter:creator\" content=\"@WeVincentians\" \/>\n<meta name=\"twitter:site\" content=\"@WeVincentians\" \/>\n<meta name=\"twitter:label1\" content=\"Escrito por\" \/>\n\t<meta name=\"twitter:data1\" content=\"Mitxel Olabu\u00e9naga\" \/>\n\t<meta name=\"twitter:label2\" content=\"Tiempo de lectura\" \/>\n\t<meta name=\"twitter:data2\" content=\"13 minutos\" \/>\n<script type=\"application\/ld+json\" class=\"yoast-schema-graph\">{\"@context\":\"https:\/\/schema.org\",\"@graph\":[{\"@type\":\"Article\",\"@id\":\"http:\/\/vincentians.com\/es\/notas-historicas-sobre-los-varios-establecimientos-cm-en-portugal-ix\/#article\",\"isPartOf\":{\"@id\":\"http:\/\/vincentians.com\/es\/notas-historicas-sobre-los-varios-establecimientos-cm-en-portugal-ix\/\"},\"author\":{\"name\":\"Mitxel Olabu\u00e9naga\",\"@id\":\"http:\/\/vincentians.com\/es\/#\/schema\/person\/7c2670b4445a7ca9d164ea6acdb31859\"},\"headline\":\"NOTAS HIST\u00d3RICAS SOBRE LOS VARIOS ESTABLECIMIENTOS CM en PORTUGAL (IX)\",\"datePublished\":\"2025-03-06T07:38:56+00:00\",\"mainEntityOfPage\":{\"@id\":\"http:\/\/vincentians.com\/es\/notas-historicas-sobre-los-varios-establecimientos-cm-en-portugal-ix\/\"},\"wordCount\":2943,\"commentCount\":0,\"publisher\":{\"@id\":\"http:\/\/vincentians.com\/es\/#organization\"},\"image\":{\"@id\":\"http:\/\/vincentians.com\/es\/notas-historicas-sobre-los-varios-establecimientos-cm-en-portugal-ix\/#primaryimage\"},\"thumbnailUrl\":\"https:\/\/i0.wp.com\/vincentians.com\/es\/wp-content\/uploads\/sites\/11\/2013\/05\/Cuba-Iglesia-de-La-Milagrosa-La-Habana.png?fit=1218%2C933\",\"articleSection\":[\"Historia de la Congregaci\u00f3n de la Misi\u00f3n\",\"Historia de la Familia Vicenciana\"],\"inLanguage\":\"es\",\"potentialAction\":[{\"@type\":\"CommentAction\",\"name\":\"Comment\",\"target\":[\"http:\/\/vincentians.com\/es\/notas-historicas-sobre-los-varios-establecimientos-cm-en-portugal-ix\/#respond\"]}]},{\"@type\":\"WebPage\",\"@id\":\"http:\/\/vincentians.com\/es\/notas-historicas-sobre-los-varios-establecimientos-cm-en-portugal-ix\/\",\"url\":\"http:\/\/vincentians.com\/es\/notas-historicas-sobre-los-varios-establecimientos-cm-en-portugal-ix\/\",\"name\":\"NOTAS HIST\u00d3RICAS SOBRE LOS VARIOS ESTABLECIMIENTOS CM en PORTUGAL (IX) - Somos Vicencianos\",\"isPartOf\":{\"@id\":\"http:\/\/vincentians.com\/es\/#website\"},\"primaryImageOfPage\":{\"@id\":\"http:\/\/vincentians.com\/es\/notas-historicas-sobre-los-varios-establecimientos-cm-en-portugal-ix\/#primaryimage\"},\"image\":{\"@id\":\"http:\/\/vincentians.com\/es\/notas-historicas-sobre-los-varios-establecimientos-cm-en-portugal-ix\/#primaryimage\"},\"thumbnailUrl\":\"https:\/\/i0.wp.com\/vincentians.com\/es\/wp-content\/uploads\/sites\/11\/2013\/05\/Cuba-Iglesia-de-La-Milagrosa-La-Habana.png?fit=1218%2C933\",\"datePublished\":\"2025-03-06T07:38:56+00:00\",\"breadcrumb\":{\"@id\":\"http:\/\/vincentians.com\/es\/notas-historicas-sobre-los-varios-establecimientos-cm-en-portugal-ix\/#breadcrumb\"},\"inLanguage\":\"es\",\"potentialAction\":[{\"@type\":\"ReadAction\",\"target\":[\"http:\/\/vincentians.com\/es\/notas-historicas-sobre-los-varios-establecimientos-cm-en-portugal-ix\/\"]}]},{\"@type\":\"ImageObject\",\"inLanguage\":\"es\",\"@id\":\"http:\/\/vincentians.com\/es\/notas-historicas-sobre-los-varios-establecimientos-cm-en-portugal-ix\/#primaryimage\",\"url\":\"https:\/\/i0.wp.com\/vincentians.com\/es\/wp-content\/uploads\/sites\/11\/2013\/05\/Cuba-Iglesia-de-La-Milagrosa-La-Habana.png?fit=1218%2C933\",\"contentUrl\":\"https:\/\/i0.wp.com\/vincentians.com\/es\/wp-content\/uploads\/sites\/11\/2013\/05\/Cuba-Iglesia-de-La-Milagrosa-La-Habana.png?fit=1218%2C933\",\"width\":1218,\"height\":933},{\"@type\":\"BreadcrumbList\",\"@id\":\"http:\/\/vincentians.com\/es\/notas-historicas-sobre-los-varios-establecimientos-cm-en-portugal-ix\/#breadcrumb\",\"itemListElement\":[{\"@type\":\"ListItem\",\"position\":1,\"name\":\"Portada\",\"item\":\"http:\/\/vincentians.com\/es\/\"},{\"@type\":\"ListItem\",\"position\":2,\"name\":\"NOTAS HIST\u00d3RICAS SOBRE LOS VARIOS ESTABLECIMIENTOS CM en PORTUGAL (IX)\"}]},{\"@type\":\"WebSite\",\"@id\":\"http:\/\/vincentians.com\/es\/#website\",\"url\":\"http:\/\/vincentians.com\/es\/\",\"name\":\"Somos Vicencianos\",\"description\":\"Know more to serve more\",\"publisher\":{\"@id\":\"http:\/\/vincentians.com\/es\/#organization\"},\"potentialAction\":[{\"@type\":\"SearchAction\",\"target\":{\"@type\":\"EntryPoint\",\"urlTemplate\":\"http:\/\/vincentians.com\/es\/?s={search_term_string}\"},\"query-input\":{\"@type\":\"PropertyValueSpecification\",\"valueRequired\":true,\"valueName\":\"search_term_string\"}}],\"inLanguage\":\"es\"},{\"@type\":\"Organization\",\"@id\":\"http:\/\/vincentians.com\/es\/#organization\",\"name\":\"The Vincentian Network\",\"url\":\"http:\/\/vincentians.com\/es\/\",\"logo\":{\"@type\":\"ImageObject\",\"inLanguage\":\"es\",\"@id\":\"http:\/\/vincentians.com\/es\/#\/schema\/logo\/image\/\",\"url\":\"https:\/\/i1.wp.com\/vincentians.com\/es\/wp-content\/uploads\/sites\/11\/2016\/06\/Vincentian-Network-logo-big.png?fit=778%2C778\",\"contentUrl\":\"https:\/\/i1.wp.com\/vincentians.com\/es\/wp-content\/uploads\/sites\/11\/2016\/06\/Vincentian-Network-logo-big.png?fit=778%2C778\",\"width\":778,\"height\":778,\"caption\":\"The Vincentian Network\"},\"image\":{\"@id\":\"http:\/\/vincentians.com\/es\/#\/schema\/logo\/image\/\"},\"sameAs\":[\"https:\/\/www.facebook.com\/WeAreVincentians\/\",\"https:\/\/x.com\/WeVincentians\"]},{\"@type\":\"Person\",\"@id\":\"http:\/\/vincentians.com\/es\/#\/schema\/person\/7c2670b4445a7ca9d164ea6acdb31859\",\"name\":\"Mitxel Olabu\u00e9naga\",\"image\":{\"@type\":\"ImageObject\",\"inLanguage\":\"es\",\"@id\":\"http:\/\/vincentians.com\/es\/#\/schema\/person\/image\/\",\"url\":\"https:\/\/secure.gravatar.com\/avatar\/34137ec2e2b8939cbbed975731e71f3f4f1defc7266ded337a5ce0f925426877?s=96&d=mm&r=g\",\"contentUrl\":\"https:\/\/secure.gravatar.com\/avatar\/34137ec2e2b8939cbbed975731e71f3f4f1defc7266ded337a5ce0f925426877?s=96&d=mm&r=g\",\"caption\":\"Mitxel Olabu\u00e9naga\"},\"url\":\"http:\/\/vincentians.com\/es\/author\/mitxel\/\"}]}<\/script>\n<!-- \/ Yoast SEO plugin. -->","yoast_head_json":{"title":"NOTAS HIST\u00d3RICAS SOBRE LOS VARIOS ESTABLECIMIENTOS CM en PORTUGAL (IX) - Somos Vicencianos","robots":{"index":"index","follow":"follow","max-snippet":"max-snippet:-1","max-image-preview":"max-image-preview:large","max-video-preview":"max-video-preview:-1"},"canonical":"http:\/\/vincentians.com\/es\/notas-historicas-sobre-los-varios-establecimientos-cm-en-portugal-ix\/","og_locale":"es_ES","og_type":"article","og_title":"NOTAS HIST\u00d3RICAS SOBRE LOS VARIOS ESTABLECIMIENTOS CM en PORTUGAL (IX) - Somos Vicencianos","og_description":"7.\u2014Santa Quiteria, cerca de Felgueiras. Colegio; Misi\u00f3n. 1868. El Sr. Bernardo Pader, Sacerdote de la Misi\u00f3n, enviado para dirigir esta obra, escrib\u00eda en 16 de Septiembre de 1868: \u00abHe dejado a Dax para venir a ... Read More","og_url":"http:\/\/vincentians.com\/es\/notas-historicas-sobre-los-varios-establecimientos-cm-en-portugal-ix\/","og_site_name":"Somos Vicencianos","article_publisher":"https:\/\/www.facebook.com\/WeAreVincentians\/","article_published_time":"2025-03-06T07:38:56+00:00","og_image":[{"width":1218,"height":933,"url":"https:\/\/i0.wp.com\/vincentians.com\/es\/wp-content\/uploads\/sites\/11\/2013\/05\/Cuba-Iglesia-de-La-Milagrosa-La-Habana.png?fit=1218%2C933","type":"image\/png"}],"author":"Mitxel Olabu\u00e9naga","twitter_card":"summary_large_image","twitter_creator":"@WeVincentians","twitter_site":"@WeVincentians","twitter_misc":{"Escrito por":"Mitxel Olabu\u00e9naga","Tiempo de lectura":"13 minutos"},"schema":{"@context":"https:\/\/schema.org","@graph":[{"@type":"Article","@id":"http:\/\/vincentians.com\/es\/notas-historicas-sobre-los-varios-establecimientos-cm-en-portugal-ix\/#article","isPartOf":{"@id":"http:\/\/vincentians.com\/es\/notas-historicas-sobre-los-varios-establecimientos-cm-en-portugal-ix\/"},"author":{"name":"Mitxel Olabu\u00e9naga","@id":"http:\/\/vincentians.com\/es\/#\/schema\/person\/7c2670b4445a7ca9d164ea6acdb31859"},"headline":"NOTAS HIST\u00d3RICAS SOBRE LOS VARIOS ESTABLECIMIENTOS CM en PORTUGAL (IX)","datePublished":"2025-03-06T07:38:56+00:00","mainEntityOfPage":{"@id":"http:\/\/vincentians.com\/es\/notas-historicas-sobre-los-varios-establecimientos-cm-en-portugal-ix\/"},"wordCount":2943,"commentCount":0,"publisher":{"@id":"http:\/\/vincentians.com\/es\/#organization"},"image":{"@id":"http:\/\/vincentians.com\/es\/notas-historicas-sobre-los-varios-establecimientos-cm-en-portugal-ix\/#primaryimage"},"thumbnailUrl":"https:\/\/i0.wp.com\/vincentians.com\/es\/wp-content\/uploads\/sites\/11\/2013\/05\/Cuba-Iglesia-de-La-Milagrosa-La-Habana.png?fit=1218%2C933","articleSection":["Historia de la Congregaci\u00f3n de la Misi\u00f3n","Historia de la Familia Vicenciana"],"inLanguage":"es","potentialAction":[{"@type":"CommentAction","name":"Comment","target":["http:\/\/vincentians.com\/es\/notas-historicas-sobre-los-varios-establecimientos-cm-en-portugal-ix\/#respond"]}]},{"@type":"WebPage","@id":"http:\/\/vincentians.com\/es\/notas-historicas-sobre-los-varios-establecimientos-cm-en-portugal-ix\/","url":"http:\/\/vincentians.com\/es\/notas-historicas-sobre-los-varios-establecimientos-cm-en-portugal-ix\/","name":"NOTAS HIST\u00d3RICAS SOBRE LOS VARIOS ESTABLECIMIENTOS CM en PORTUGAL (IX) - Somos Vicencianos","isPartOf":{"@id":"http:\/\/vincentians.com\/es\/#website"},"primaryImageOfPage":{"@id":"http:\/\/vincentians.com\/es\/notas-historicas-sobre-los-varios-establecimientos-cm-en-portugal-ix\/#primaryimage"},"image":{"@id":"http:\/\/vincentians.com\/es\/notas-historicas-sobre-los-varios-establecimientos-cm-en-portugal-ix\/#primaryimage"},"thumbnailUrl":"https:\/\/i0.wp.com\/vincentians.com\/es\/wp-content\/uploads\/sites\/11\/2013\/05\/Cuba-Iglesia-de-La-Milagrosa-La-Habana.png?fit=1218%2C933","datePublished":"2025-03-06T07:38:56+00:00","breadcrumb":{"@id":"http:\/\/vincentians.com\/es\/notas-historicas-sobre-los-varios-establecimientos-cm-en-portugal-ix\/#breadcrumb"},"inLanguage":"es","potentialAction":[{"@type":"ReadAction","target":["http:\/\/vincentians.com\/es\/notas-historicas-sobre-los-varios-establecimientos-cm-en-portugal-ix\/"]}]},{"@type":"ImageObject","inLanguage":"es","@id":"http:\/\/vincentians.com\/es\/notas-historicas-sobre-los-varios-establecimientos-cm-en-portugal-ix\/#primaryimage","url":"https:\/\/i0.wp.com\/vincentians.com\/es\/wp-content\/uploads\/sites\/11\/2013\/05\/Cuba-Iglesia-de-La-Milagrosa-La-Habana.png?fit=1218%2C933","contentUrl":"https:\/\/i0.wp.com\/vincentians.com\/es\/wp-content\/uploads\/sites\/11\/2013\/05\/Cuba-Iglesia-de-La-Milagrosa-La-Habana.png?fit=1218%2C933","width":1218,"height":933},{"@type":"BreadcrumbList","@id":"http:\/\/vincentians.com\/es\/notas-historicas-sobre-los-varios-establecimientos-cm-en-portugal-ix\/#breadcrumb","itemListElement":[{"@type":"ListItem","position":1,"name":"Portada","item":"http:\/\/vincentians.com\/es\/"},{"@type":"ListItem","position":2,"name":"NOTAS HIST\u00d3RICAS SOBRE LOS VARIOS ESTABLECIMIENTOS CM en PORTUGAL (IX)"}]},{"@type":"WebSite","@id":"http:\/\/vincentians.com\/es\/#website","url":"http:\/\/vincentians.com\/es\/","name":"Somos Vicencianos","description":"Know more to serve more","publisher":{"@id":"http:\/\/vincentians.com\/es\/#organization"},"potentialAction":[{"@type":"SearchAction","target":{"@type":"EntryPoint","urlTemplate":"http:\/\/vincentians.com\/es\/?s={search_term_string}"},"query-input":{"@type":"PropertyValueSpecification","valueRequired":true,"valueName":"search_term_string"}}],"inLanguage":"es"},{"@type":"Organization","@id":"http:\/\/vincentians.com\/es\/#organization","name":"The Vincentian Network","url":"http:\/\/vincentians.com\/es\/","logo":{"@type":"ImageObject","inLanguage":"es","@id":"http:\/\/vincentians.com\/es\/#\/schema\/logo\/image\/","url":"https:\/\/i1.wp.com\/vincentians.com\/es\/wp-content\/uploads\/sites\/11\/2016\/06\/Vincentian-Network-logo-big.png?fit=778%2C778","contentUrl":"https:\/\/i1.wp.com\/vincentians.com\/es\/wp-content\/uploads\/sites\/11\/2016\/06\/Vincentian-Network-logo-big.png?fit=778%2C778","width":778,"height":778,"caption":"The Vincentian Network"},"image":{"@id":"http:\/\/vincentians.com\/es\/#\/schema\/logo\/image\/"},"sameAs":["https:\/\/www.facebook.com\/WeAreVincentians\/","https:\/\/x.com\/WeVincentians"]},{"@type":"Person","@id":"http:\/\/vincentians.com\/es\/#\/schema\/person\/7c2670b4445a7ca9d164ea6acdb31859","name":"Mitxel Olabu\u00e9naga","image":{"@type":"ImageObject","inLanguage":"es","@id":"http:\/\/vincentians.com\/es\/#\/schema\/person\/image\/","url":"https:\/\/secure.gravatar.com\/avatar\/34137ec2e2b8939cbbed975731e71f3f4f1defc7266ded337a5ce0f925426877?s=96&d=mm&r=g","contentUrl":"https:\/\/secure.gravatar.com\/avatar\/34137ec2e2b8939cbbed975731e71f3f4f1defc7266ded337a5ce0f925426877?s=96&d=mm&r=g","caption":"Mitxel Olabu\u00e9naga"},"url":"http:\/\/vincentians.com\/es\/author\/mitxel\/"}]}},"jetpack_publicize_connections":[],"jetpack_featured_media_url":"https:\/\/i0.wp.com\/vincentians.com\/es\/wp-content\/uploads\/sites\/11\/2013\/05\/Cuba-Iglesia-de-La-Milagrosa-La-Habana.png?fit=1218%2C933","jetpack_sharing_enabled":true,"jetpack_shortlink":"https:\/\/wp.me\/p7ETMF-1Hyl","jetpack-related-posts":[{"id":405751,"url":"http:\/\/vincentians.com\/es\/notas-historicas-sobre-los-varios-establecimientos-cm-en-portugal-x\/","url_meta":{"origin":405749,"position":0},"title":"NOTAS HIST\u00d3RICAS SOBRE LOS VARIOS ESTABLECIMIENTOS CM en PORTUGAL (X)","author":"Mitxel Olabu\u00e9naga","date":"08\/03\/2025","format":false,"excerpt":"FUNCHAL: SEMINARIO DIOCESANO \"Por decreto de11I de Junio del corriente, se ha conce\u00addido provisionalmente, hasta que dicho decreto sea confirmado por las C\u00e1maras legislativas, el edificio del Convento suprimido de la Encarnaci\u00f3n de Funchal y su cercado 1, para que sea instalado en \u00e9l el Seminario diocesano, que\u00addando revocado el\u2026","rel":"","context":"En \u00abHistoria de la Congregaci\u00f3n de la Misi\u00f3n en Espa\u00f1a\u00bb","block_context":{"text":"Historia de la Congregaci\u00f3n de la Misi\u00f3n en Espa\u00f1a","link":"http:\/\/vincentians.com\/es\/category\/historia-de-la-familia-vicenciana\/historia-de-la-congregacion-de-la-mision-en-espana\/"},"img":{"alt_text":"","src":"https:\/\/i0.wp.com\/vincentians.com\/es\/wp-content\/uploads\/sites\/11\/2013\/05\/Cuba-Iglesia-de-La-Milagrosa-La-Habana.png?fit=1200%2C919&resize=350%2C200","width":350,"height":200,"srcset":"https:\/\/i0.wp.com\/vincentians.com\/es\/wp-content\/uploads\/sites\/11\/2013\/05\/Cuba-Iglesia-de-La-Milagrosa-La-Habana.png?fit=1200%2C919&resize=350%2C200 1x, https:\/\/i0.wp.com\/vincentians.com\/es\/wp-content\/uploads\/sites\/11\/2013\/05\/Cuba-Iglesia-de-La-Milagrosa-La-Habana.png?fit=1200%2C919&resize=525%2C300 1.5x, https:\/\/i0.wp.com\/vincentians.com\/es\/wp-content\/uploads\/sites\/11\/2013\/05\/Cuba-Iglesia-de-La-Milagrosa-La-Habana.png?fit=1200%2C919&resize=700%2C400 2x, https:\/\/i0.wp.com\/vincentians.com\/es\/wp-content\/uploads\/sites\/11\/2013\/05\/Cuba-Iglesia-de-La-Milagrosa-La-Habana.png?fit=1200%2C919&resize=1050%2C600 3x"},"classes":[]},{"id":25202,"url":"http:\/\/vincentians.com\/es\/tal-dia-como-hoy-5-de-octubre\/","url_meta":{"origin":405749,"position":1},"title":"Tal d\u00eda como hoy: 5 de octubre","author":"Francisco Javier Fern\u00e1ndez Chento","date":"05\/10\/2016","format":false,"excerpt":"1641. Carta de Vicente de Pa\u00fal al P. Antonio Portail en la que autoriza la peregrinaci\u00f3n de Luisa de Marillac a Chartres. 1657. Carta de Vicente de Pa\u00fal al Vicario general de Ly\u00f3n, el abad de San Justo, exponi\u00e9ndole los inconvenientes que se derivan de la confusi\u00f3n de dos congregaciones\u2026","rel":"","context":"En \u00abEfem\u00e9rides Vicencianas\u00bb","block_context":{"text":"Efem\u00e9rides Vicencianas","link":"http:\/\/vincentians.com\/es\/category\/historia-de-la-familia-vicenciana\/efemerides-vicencianas\/"},"img":{"alt_text":"","src":"https:\/\/i0.wp.com\/vincentians.com\/es\/wp-content\/uploads\/sites\/11\/2016\/07\/ephemerides-fb.jpg?fit=1200%2C630&resize=350%2C200","width":350,"height":200,"srcset":"https:\/\/i0.wp.com\/vincentians.com\/es\/wp-content\/uploads\/sites\/11\/2016\/07\/ephemerides-fb.jpg?fit=1200%2C630&resize=350%2C200 1x, https:\/\/i0.wp.com\/vincentians.com\/es\/wp-content\/uploads\/sites\/11\/2016\/07\/ephemerides-fb.jpg?fit=1200%2C630&resize=525%2C300 1.5x, https:\/\/i0.wp.com\/vincentians.com\/es\/wp-content\/uploads\/sites\/11\/2016\/07\/ephemerides-fb.jpg?fit=1200%2C630&resize=700%2C400 2x, https:\/\/i0.wp.com\/vincentians.com\/es\/wp-content\/uploads\/sites\/11\/2016\/07\/ephemerides-fb.jpg?fit=1200%2C630&resize=1050%2C600 3x"},"classes":[]},{"id":405732,"url":"http:\/\/vincentians.com\/es\/405732-2\/","url_meta":{"origin":405749,"position":2},"title":"NOTAS HIST\u00d3RICAS SOBRE LOS VARIOS ESTABLECIMIENTOS CM en PORTUGAL (II)","author":"Mitxel Olabu\u00e9naga","date":"20\/02\/2025","format":false,"excerpt":"\u2014 OTROS ESTABLECIMIENTOS HASTA LA SUPRESI\u00d3N DE LAS \u00d3RDENES RELIGIOSAS EN PORTUGAL EN 1834. En 1779 sali\u00f3 a luz una Vida de San Vicente de Pa\u00fal, por Jer\u00f3nimo da Cunha (en I2.\u00b0, Lisboa), en la cual se leen las noticias referentes a los misioneros que, en parte, vamos a transcribir.\u2026","rel":"","context":"En \u00abHistoria de la Congregaci\u00f3n de la Misi\u00f3n\u00bb","block_context":{"text":"Historia de la Congregaci\u00f3n de la Misi\u00f3n","link":"http:\/\/vincentians.com\/es\/category\/historia-de-la-familia-vicenciana\/historia-de-la-congregacion-de-la-mision\/"},"img":{"alt_text":"","src":"https:\/\/i0.wp.com\/vincentians.com\/es\/wp-content\/uploads\/sites\/11\/2013\/05\/Cuba-Iglesia-de-La-Milagrosa-La-Habana.png?fit=1200%2C919&resize=350%2C200","width":350,"height":200,"srcset":"https:\/\/i0.wp.com\/vincentians.com\/es\/wp-content\/uploads\/sites\/11\/2013\/05\/Cuba-Iglesia-de-La-Milagrosa-La-Habana.png?fit=1200%2C919&resize=350%2C200 1x, https:\/\/i0.wp.com\/vincentians.com\/es\/wp-content\/uploads\/sites\/11\/2013\/05\/Cuba-Iglesia-de-La-Milagrosa-La-Habana.png?fit=1200%2C919&resize=525%2C300 1.5x, https:\/\/i0.wp.com\/vincentians.com\/es\/wp-content\/uploads\/sites\/11\/2013\/05\/Cuba-Iglesia-de-La-Milagrosa-La-Habana.png?fit=1200%2C919&resize=700%2C400 2x, https:\/\/i0.wp.com\/vincentians.com\/es\/wp-content\/uploads\/sites\/11\/2013\/05\/Cuba-Iglesia-de-La-Milagrosa-La-Habana.png?fit=1200%2C919&resize=1050%2C600 3x"},"classes":[]},{"id":405730,"url":"http:\/\/vincentians.com\/es\/notas-historicas-sobre-los-varios-establecimientos-cm-en-portugal-i\/","url_meta":{"origin":405749,"position":3},"title":"NOTAS HIST\u00d3RICAS SOBRE LOS VARIOS ESTABLECIMIENTOS CM en PORTUGAL (I)","author":"Mitxel Olabu\u00e9naga","date":"18\/02\/2025","format":false,"excerpt":"I.\u2014LISBOA: RILHAFOLLES Como la casa de San L\u00e1zaro en Par\u00eds se hallaba en el siglo XVII fuera de la ciudad, y hoy se encuentra en me\u00addio de ella, as\u00ed tambi\u00e9n la casa de Rilhafolles, que, cuando se estableci\u00f3 en ella la Congregaci\u00f3n de la Misi\u00f3n de Por\u00adtugal, estaba situada fuera\u2026","rel":"","context":"En \u00abHistoria de la Congregaci\u00f3n de la Misi\u00f3n\u00bb","block_context":{"text":"Historia de la Congregaci\u00f3n de la Misi\u00f3n","link":"http:\/\/vincentians.com\/es\/category\/historia-de-la-familia-vicenciana\/historia-de-la-congregacion-de-la-mision\/"},"img":{"alt_text":"","src":"https:\/\/i0.wp.com\/vincentians.com\/es\/wp-content\/uploads\/sites\/11\/2013\/05\/Cuba-Iglesia-de-La-Milagrosa-La-Habana.png?fit=1200%2C919&resize=350%2C200","width":350,"height":200,"srcset":"https:\/\/i0.wp.com\/vincentians.com\/es\/wp-content\/uploads\/sites\/11\/2013\/05\/Cuba-Iglesia-de-La-Milagrosa-La-Habana.png?fit=1200%2C919&resize=350%2C200 1x, https:\/\/i0.wp.com\/vincentians.com\/es\/wp-content\/uploads\/sites\/11\/2013\/05\/Cuba-Iglesia-de-La-Milagrosa-La-Habana.png?fit=1200%2C919&resize=525%2C300 1.5x, https:\/\/i0.wp.com\/vincentians.com\/es\/wp-content\/uploads\/sites\/11\/2013\/05\/Cuba-Iglesia-de-La-Milagrosa-La-Habana.png?fit=1200%2C919&resize=700%2C400 2x, https:\/\/i0.wp.com\/vincentians.com\/es\/wp-content\/uploads\/sites\/11\/2013\/05\/Cuba-Iglesia-de-La-Milagrosa-La-Habana.png?fit=1200%2C919&resize=1050%2C600 3x"},"classes":[]},{"id":405628,"url":"http:\/\/vincentians.com\/es\/las-hijas-de-la-caridad-de-san-vicente-de-paul-en-portugal-ii\/","url_meta":{"origin":405749,"position":4},"title":"LAS HIJAS DE LA CARIDAD DE SAN VICENTE DE PA\u00daL EN PORTUGAL (II)","author":"Mitxel Olabu\u00e9naga","date":"10\/11\/2024","format":false,"excerpt":"ART\u00cdCULO II: DIVERSOS ESTABLECIMIENTOS DE LAS HIJAS DE LA CARIDAD En la enumeraci\u00f3n de estas casas seguiremos el orden cronol\u00f3gico, indicaremos la fecha de la fundaci\u00f3n del esta\u00adblecimiento y daremos a conocer la naturaleza de la obra; extendernos m\u00e1s ser\u00eda traspasar los l\u00edmites que nos hemos fijado. 1.\u00b0\u2014Lisboa.\u2014.Hospicio de Santa\u2026","rel":"","context":"En \u00abFormaci\u00f3n Vicenciana\u00bb","block_context":{"text":"Formaci\u00f3n Vicenciana","link":"http:\/\/vincentians.com\/es\/category\/formacion-vicenciana\/"},"img":{"alt_text":"","src":"","width":0,"height":0},"classes":[]},{"id":130089,"url":"http:\/\/vincentians.com\/es\/las-hijas-de-la-caridad-en-alemania-1850\/","url_meta":{"origin":405749,"position":5},"title":"Las Hijas de la Caridad en Alemania (1850)","author":"Mitxel Olabu\u00e9naga","date":"29\/03\/2014","format":false,"excerpt":"La relaci\u00f3n de los principios de las Hijas de la Caridad en Colonia es la historia del grano de mostaza: \u00a1tan humil\u00addes y pobres son sus comienzos! Mas puede tambi\u00e9n asegu\u00adrarse que es asimismo la historia de los primeros cristianos; tan grande era el fervor de las primeras Hijas de\u2026","rel":"","context":"En \u00abHistoria de las Hijas de la Caridad\u00bb","block_context":{"text":"Historia de las Hijas de la Caridad","link":"http:\/\/vincentians.com\/es\/category\/historia-de-la-familia-vicenciana\/historia-de-las-hijas-de-la-caridad\/"},"img":{"alt_text":"Hijas2","src":"https:\/\/i0.wp.com\/vicencianos.org\/wp-content\/2014\/03\/Hijas2.gif?resize=350%2C200","width":350,"height":200},"classes":[]}],"_links":{"self":[{"href":"http:\/\/vincentians.com\/es\/wp-json\/wp\/v2\/posts\/405749","targetHints":{"allow":["GET"]}}],"collection":[{"href":"http:\/\/vincentians.com\/es\/wp-json\/wp\/v2\/posts"}],"about":[{"href":"http:\/\/vincentians.com\/es\/wp-json\/wp\/v2\/types\/post"}],"author":[{"embeddable":true,"href":"http:\/\/vincentians.com\/es\/wp-json\/wp\/v2\/users\/5"}],"replies":[{"embeddable":true,"href":"http:\/\/vincentians.com\/es\/wp-json\/wp\/v2\/comments?post=405749"}],"version-history":[{"count":1,"href":"http:\/\/vincentians.com\/es\/wp-json\/wp\/v2\/posts\/405749\/revisions"}],"predecessor-version":[{"id":405750,"href":"http:\/\/vincentians.com\/es\/wp-json\/wp\/v2\/posts\/405749\/revisions\/405750"}],"wp:featuredmedia":[{"embeddable":true,"href":"http:\/\/vincentians.com\/es\/wp-json\/wp\/v2\/media\/404164"}],"wp:attachment":[{"href":"http:\/\/vincentians.com\/es\/wp-json\/wp\/v2\/media?parent=405749"}],"wp:term":[{"taxonomy":"category","embeddable":true,"href":"http:\/\/vincentians.com\/es\/wp-json\/wp\/v2\/categories?post=405749"},{"taxonomy":"post_tag","embeddable":true,"href":"http:\/\/vincentians.com\/es\/wp-json\/wp\/v2\/tags?post=405749"}],"curies":[{"name":"wp","href":"https:\/\/api.w.org\/{rel}","templated":true}]}}