{"id":405718,"date":"2025-02-08T08:59:36","date_gmt":"2025-02-08T07:59:36","guid":{"rendered":"https:\/\/vincentians.com\/es\/?p=405718"},"modified":"2024-08-20T14:00:39","modified_gmt":"2024-08-20T12:00:39","slug":"memoria-historica-sobre-las-obras-de-la-c-m-y-de-las-hh-de-la-c-en-mejico-vii","status":"publish","type":"post","link":"http:\/\/vincentians.com\/es\/memoria-historica-sobre-las-obras-de-la-c-m-y-de-las-hh-de-la-c-en-mejico-vii\/","title":{"rendered":"MEMORIA HIST\u00d3RICA SOBRE LAS OBRAS DE LA C.M. Y DE LAS HH. \u00a0de la C. EN M\u00c9JICO (VII)"},"content":{"rendered":"<p>CAP\u00cdTULO VII: ESTABLECIMIENTO DE LAS HIJAS DE LA CARIDAD EN LA REP\u00daBLICA MEJICANA<\/p>\n<p>La Sra. Condesa D\u00f1a Mar\u00eda Ana G\u00f3mez de la Cortina fue el instrumento principal de que se vali\u00f3 la Providencia para fundar las Hijas de la Caridad en la capital de la Rep\u00fablica mejicana, y las Sras. D.<sup>a<\/sup> Faustina y D\u00f1a. Julia Fagoaga fueron sus eficaces cooperadoras, juntamente con los Sres. Dr. D. Manuel Andrade y 1). Cirilo G\u00f3mez Anaya. El Gobierno secund\u00f3 el proyecto de fundaci\u00f3n, y en 1843, bajo la presidencia del Sr. General Santa Ana, se expidi\u00f3, sancion\u00f3 y promulg\u00f3 la ley que lo aprobaba con todas las formalidades de derecho.<\/p>\n<p>Previa la aprobaci\u00f3n del Ilmo. Sr. Arzobispo de M\u00e9jico, Dr. D. Manuel Gardu\u00f1o y Posadas, nombr\u00f3 la Sra. Condesa de Cortina por su apoderado en Madrid al Sr. D. Bonifacio Fern\u00e1ndez de C\u00f3rdoba, para que consiguiese del Sr. Direc<sup>\u00ad<\/sup>tor de las Hijas de la Caridad, entonces el Sr. Presb\u00edtero D. Juan Roca, las que deseaban para M\u00e9jico y allanase con el Gobierno de S. M. Cat\u00f3lica su salida de Espa\u00f1a. Cumpli\u00f3 el Sr. Fern\u00e1ndez de C\u00f3rdoba su cometido e impe\u00adtr\u00f3 la Real orden, que le fue comunicada por el Sr. Minis\u00adtro de Gobernaci\u00f3n con fecha 31 de Agosto de 1843.<\/p>\n<p>Por fin, <em>El Isis, <\/em>fragata de guerra espa\u00f1ola, que sali\u00f3 de C\u00e1diz el 11 de Septiembre de 1844 y lleg\u00f3 a Veracruz el 4 de Noviembre del mismo a\u00f1o, trajo, bajo la direcci\u00f3n de los Sres. Presb\u00edteros D. Buenaventura Armengol y D. Ra\u00adm\u00f3n Sanz, a las Hijas de Caridad siguientes:<\/p>\n<p>Sor Agustina Inza, Superiora y Visitadora; Sor Concep\u00adci\u00f3n Oronoz, Sor Gregoria Reta, Sor Magdalena Latiegu\u00ed, Sor In\u00e9s Cabr\u00e9, Sor Martina Elia, Sor Luisa Merladet, Sor Mar\u00eda Josefa Ramos, Sor Josefa Su\u00e1rez, Sor Micaela Ayanz y Sor Juana Ant\u00eda.<\/p>\n<p>El 8 del mismo Noviembre partieron para Jalapa, y el 13 llegaron a Puebla, acompa\u00f1adas del Excmo. e Ilmo. Se\u00f1or Dr. D. Francisco Pablo V\u00e1zquez, Obispo de esta Di\u00f3cesis, que sali\u00f3 a su encuentro hasta Amozoc, y del Sr. Dr. Don Manuel Andrade, por s\u00ed y a nombre de las Sras. de la Cortina y Fagoaga.<\/p>\n<p>Siguieron las Hijas de la Caridad su viaje para M\u00e9jico, acompa\u00f1adas del referido Sr. Dr. Andrade, al d\u00eda siguien\u00adte, y el 15 llegaron a la capital de la Rep\u00fablica, siendo recibidas cerca de la ciudad por las Comisiones del Ilustr\u00ed\u00adsimo Sr. Arzobispo y del Excmo. Ayuntamiento; y, en compa\u00f1\u00eda de ellas y entre una concurrencia inmensa, com\u00adpuesta de todas las clases sociales, entre el estr\u00e9pito y bullicio de centenares de coches, gente de a caballo y de a pie y el sonoro repique de las campanas de todos los tem\u00adplos de la ciudad, entraron las Hijas de la Caridad en M\u00e9\u00adjico. El Ilmo. Sr. Arzobispo. revestido de pontifical y acompa\u00f1ado de su Venerable Cabildo, las recibi\u00f3 en su pa\u00adlacio, que estaba contiguo a la iglesia del Se\u00f1or de Santa Teresa, en donde se cant\u00f3 un solemne <em>Te Deum.<\/em><\/p>\n<p>&nbsp;<\/p>\n","protected":false},"excerpt":{"rendered":"<p>CAP\u00cdTULO VII: ESTABLECIMIENTO DE LAS HIJAS DE LA CARIDAD EN LA REP\u00daBLICA MEJICANA La Sra. Condesa D\u00f1a Mar\u00eda Ana G\u00f3mez de la Cortina fue el instrumento principal de que se vali\u00f3 la Providencia para fundar &#8230; <a href=\"http:\/\/vincentians.com\/es\/memoria-historica-sobre-las-obras-de-la-c-m-y-de-las-hh-de-la-c-en-mejico-vii\/\" class=\"more-link\">Read More<\/a><\/p>\n","protected":false},"author":5,"featured_media":404918,"comment_status":"open","ping_status":"open","sticky":false,"template":"","format":"standard","meta":{"jetpack_post_was_ever_published":false,"_jetpack_newsletter_access":"","_jetpack_dont_email_post_to_subs":false,"_jetpack_newsletter_tier_id":0,"_jetpack_memberships_contains_paywalled_content":false,"_jetpack_memberships_contains_paid_content":false,"footnotes":"","jetpack_publicize_message":"","jetpack_publicize_feature_enabled":true,"jetpack_social_post_already_shared":true,"jetpack_social_options":{"image_generator_settings":{"template":"highway","default_image_id":0,"font":"","enabled":false},"version":2}},"categories":[82],"tags":[],"class_list":["post-405718","post","type-post","status-publish","format-standard","has-post-thumbnail","hentry","category-historia-de-la-familia-vicenciana"],"yoast_head":"<!-- This site is optimized with the Yoast SEO plugin v26.3 - https:\/\/yoast.com\/wordpress\/plugins\/seo\/ -->\n<title>MEMORIA HIST\u00d3RICA SOBRE LAS OBRAS DE LA C.M. Y DE LAS HH. \u00a0de la C. EN M\u00c9JICO (VII) - Somos Vicencianos<\/title>\n<meta name=\"robots\" content=\"index, follow, max-snippet:-1, max-image-preview:large, max-video-preview:-1\" \/>\n<link rel=\"canonical\" href=\"http:\/\/vincentians.com\/es\/memoria-historica-sobre-las-obras-de-la-c-m-y-de-las-hh-de-la-c-en-mejico-vii\/\" \/>\n<meta property=\"og:locale\" content=\"es_ES\" \/>\n<meta property=\"og:type\" content=\"article\" \/>\n<meta property=\"og:title\" content=\"MEMORIA HIST\u00d3RICA SOBRE LAS OBRAS DE LA C.M. Y DE LAS HH. \u00a0de la C. EN M\u00c9JICO (VII) - Somos Vicencianos\" \/>\n<meta property=\"og:description\" content=\"CAP\u00cdTULO VII: ESTABLECIMIENTO DE LAS HIJAS DE LA CARIDAD EN LA REP\u00daBLICA MEJICANA La Sra. Condesa D\u00f1a Mar\u00eda Ana G\u00f3mez de la Cortina fue el instrumento principal de que se vali\u00f3 la Providencia para fundar ... Read More\" \/>\n<meta property=\"og:url\" content=\"http:\/\/vincentians.com\/es\/memoria-historica-sobre-las-obras-de-la-c-m-y-de-las-hh-de-la-c-en-mejico-vii\/\" \/>\n<meta property=\"og:site_name\" content=\"Somos Vicencianos\" \/>\n<meta property=\"article:publisher\" content=\"https:\/\/www.facebook.com\/WeAreVincentians\/\" \/>\n<meta property=\"article:published_time\" content=\"2025-02-08T07:59:36+00:00\" \/>\n<meta property=\"og:image\" content=\"https:\/\/i0.wp.com\/vincentians.com\/es\/wp-content\/uploads\/sites\/11\/2023\/08\/aaam.jpg?fit=310%2C163\" \/>\n\t<meta property=\"og:image:width\" content=\"310\" \/>\n\t<meta property=\"og:image:height\" content=\"163\" \/>\n\t<meta property=\"og:image:type\" content=\"image\/jpeg\" \/>\n<meta name=\"author\" content=\"Mitxel Olabu\u00e9naga\" \/>\n<meta name=\"twitter:card\" content=\"summary_large_image\" \/>\n<meta name=\"twitter:creator\" content=\"@WeVincentians\" \/>\n<meta name=\"twitter:site\" content=\"@WeVincentians\" \/>\n<meta name=\"twitter:label1\" content=\"Escrito por\" \/>\n\t<meta name=\"twitter:data1\" content=\"Mitxel Olabu\u00e9naga\" \/>\n\t<meta name=\"twitter:label2\" content=\"Tiempo de lectura\" \/>\n\t<meta name=\"twitter:data2\" content=\"3 minutos\" \/>\n<script type=\"application\/ld+json\" class=\"yoast-schema-graph\">{\"@context\":\"https:\/\/schema.org\",\"@graph\":[{\"@type\":\"Article\",\"@id\":\"http:\/\/vincentians.com\/es\/memoria-historica-sobre-las-obras-de-la-c-m-y-de-las-hh-de-la-c-en-mejico-vii\/#article\",\"isPartOf\":{\"@id\":\"http:\/\/vincentians.com\/es\/memoria-historica-sobre-las-obras-de-la-c-m-y-de-las-hh-de-la-c-en-mejico-vii\/\"},\"author\":{\"name\":\"Mitxel Olabu\u00e9naga\",\"@id\":\"http:\/\/vincentians.com\/es\/#\/schema\/person\/7c2670b4445a7ca9d164ea6acdb31859\"},\"headline\":\"MEMORIA HIST\u00d3RICA SOBRE LAS OBRAS DE LA C.M. Y DE LAS HH. \u00a0de la C. EN M\u00c9JICO (VII)\",\"datePublished\":\"2025-02-08T07:59:36+00:00\",\"mainEntityOfPage\":{\"@id\":\"http:\/\/vincentians.com\/es\/memoria-historica-sobre-las-obras-de-la-c-m-y-de-las-hh-de-la-c-en-mejico-vii\/\"},\"wordCount\":557,\"commentCount\":0,\"publisher\":{\"@id\":\"http:\/\/vincentians.com\/es\/#organization\"},\"image\":{\"@id\":\"http:\/\/vincentians.com\/es\/memoria-historica-sobre-las-obras-de-la-c-m-y-de-las-hh-de-la-c-en-mejico-vii\/#primaryimage\"},\"thumbnailUrl\":\"https:\/\/i0.wp.com\/vincentians.com\/es\/wp-content\/uploads\/sites\/11\/2023\/08\/aaam.jpg?fit=310%2C163\",\"articleSection\":[\"Historia de la Familia Vicenciana\"],\"inLanguage\":\"es\",\"potentialAction\":[{\"@type\":\"CommentAction\",\"name\":\"Comment\",\"target\":[\"http:\/\/vincentians.com\/es\/memoria-historica-sobre-las-obras-de-la-c-m-y-de-las-hh-de-la-c-en-mejico-vii\/#respond\"]}]},{\"@type\":\"WebPage\",\"@id\":\"http:\/\/vincentians.com\/es\/memoria-historica-sobre-las-obras-de-la-c-m-y-de-las-hh-de-la-c-en-mejico-vii\/\",\"url\":\"http:\/\/vincentians.com\/es\/memoria-historica-sobre-las-obras-de-la-c-m-y-de-las-hh-de-la-c-en-mejico-vii\/\",\"name\":\"MEMORIA HIST\u00d3RICA SOBRE LAS OBRAS DE LA C.M. Y DE LAS HH. \u00a0de la C. EN M\u00c9JICO (VII) - Somos Vicencianos\",\"isPartOf\":{\"@id\":\"http:\/\/vincentians.com\/es\/#website\"},\"primaryImageOfPage\":{\"@id\":\"http:\/\/vincentians.com\/es\/memoria-historica-sobre-las-obras-de-la-c-m-y-de-las-hh-de-la-c-en-mejico-vii\/#primaryimage\"},\"image\":{\"@id\":\"http:\/\/vincentians.com\/es\/memoria-historica-sobre-las-obras-de-la-c-m-y-de-las-hh-de-la-c-en-mejico-vii\/#primaryimage\"},\"thumbnailUrl\":\"https:\/\/i0.wp.com\/vincentians.com\/es\/wp-content\/uploads\/sites\/11\/2023\/08\/aaam.jpg?fit=310%2C163\",\"datePublished\":\"2025-02-08T07:59:36+00:00\",\"breadcrumb\":{\"@id\":\"http:\/\/vincentians.com\/es\/memoria-historica-sobre-las-obras-de-la-c-m-y-de-las-hh-de-la-c-en-mejico-vii\/#breadcrumb\"},\"inLanguage\":\"es\",\"potentialAction\":[{\"@type\":\"ReadAction\",\"target\":[\"http:\/\/vincentians.com\/es\/memoria-historica-sobre-las-obras-de-la-c-m-y-de-las-hh-de-la-c-en-mejico-vii\/\"]}]},{\"@type\":\"ImageObject\",\"inLanguage\":\"es\",\"@id\":\"http:\/\/vincentians.com\/es\/memoria-historica-sobre-las-obras-de-la-c-m-y-de-las-hh-de-la-c-en-mejico-vii\/#primaryimage\",\"url\":\"https:\/\/i0.wp.com\/vincentians.com\/es\/wp-content\/uploads\/sites\/11\/2023\/08\/aaam.jpg?fit=310%2C163\",\"contentUrl\":\"https:\/\/i0.wp.com\/vincentians.com\/es\/wp-content\/uploads\/sites\/11\/2023\/08\/aaam.jpg?fit=310%2C163\",\"width\":310,\"height\":163},{\"@type\":\"BreadcrumbList\",\"@id\":\"http:\/\/vincentians.com\/es\/memoria-historica-sobre-las-obras-de-la-c-m-y-de-las-hh-de-la-c-en-mejico-vii\/#breadcrumb\",\"itemListElement\":[{\"@type\":\"ListItem\",\"position\":1,\"name\":\"Portada\",\"item\":\"http:\/\/vincentians.com\/es\/\"},{\"@type\":\"ListItem\",\"position\":2,\"name\":\"MEMORIA HIST\u00d3RICA SOBRE LAS OBRAS DE LA C.M. Y DE LAS HH. \u00a0de la C. EN M\u00c9JICO (VII)\"}]},{\"@type\":\"WebSite\",\"@id\":\"http:\/\/vincentians.com\/es\/#website\",\"url\":\"http:\/\/vincentians.com\/es\/\",\"name\":\"Somos Vicencianos\",\"description\":\"Know more to serve more\",\"publisher\":{\"@id\":\"http:\/\/vincentians.com\/es\/#organization\"},\"potentialAction\":[{\"@type\":\"SearchAction\",\"target\":{\"@type\":\"EntryPoint\",\"urlTemplate\":\"http:\/\/vincentians.com\/es\/?s={search_term_string}\"},\"query-input\":{\"@type\":\"PropertyValueSpecification\",\"valueRequired\":true,\"valueName\":\"search_term_string\"}}],\"inLanguage\":\"es\"},{\"@type\":\"Organization\",\"@id\":\"http:\/\/vincentians.com\/es\/#organization\",\"name\":\"The Vincentian Network\",\"url\":\"http:\/\/vincentians.com\/es\/\",\"logo\":{\"@type\":\"ImageObject\",\"inLanguage\":\"es\",\"@id\":\"http:\/\/vincentians.com\/es\/#\/schema\/logo\/image\/\",\"url\":\"https:\/\/i1.wp.com\/vincentians.com\/es\/wp-content\/uploads\/sites\/11\/2016\/06\/Vincentian-Network-logo-big.png?fit=778%2C778\",\"contentUrl\":\"https:\/\/i1.wp.com\/vincentians.com\/es\/wp-content\/uploads\/sites\/11\/2016\/06\/Vincentian-Network-logo-big.png?fit=778%2C778\",\"width\":778,\"height\":778,\"caption\":\"The Vincentian Network\"},\"image\":{\"@id\":\"http:\/\/vincentians.com\/es\/#\/schema\/logo\/image\/\"},\"sameAs\":[\"https:\/\/www.facebook.com\/WeAreVincentians\/\",\"https:\/\/x.com\/WeVincentians\"]},{\"@type\":\"Person\",\"@id\":\"http:\/\/vincentians.com\/es\/#\/schema\/person\/7c2670b4445a7ca9d164ea6acdb31859\",\"name\":\"Mitxel Olabu\u00e9naga\",\"image\":{\"@type\":\"ImageObject\",\"inLanguage\":\"es\",\"@id\":\"http:\/\/vincentians.com\/es\/#\/schema\/person\/image\/\",\"url\":\"https:\/\/secure.gravatar.com\/avatar\/34137ec2e2b8939cbbed975731e71f3f4f1defc7266ded337a5ce0f925426877?s=96&d=mm&r=g\",\"contentUrl\":\"https:\/\/secure.gravatar.com\/avatar\/34137ec2e2b8939cbbed975731e71f3f4f1defc7266ded337a5ce0f925426877?s=96&d=mm&r=g\",\"caption\":\"Mitxel Olabu\u00e9naga\"},\"url\":\"http:\/\/vincentians.com\/es\/author\/mitxel\/\"}]}<\/script>\n<!-- \/ Yoast SEO plugin. -->","yoast_head_json":{"title":"MEMORIA HIST\u00d3RICA SOBRE LAS OBRAS DE LA C.M. Y DE LAS HH. \u00a0de la C. EN M\u00c9JICO (VII) - Somos Vicencianos","robots":{"index":"index","follow":"follow","max-snippet":"max-snippet:-1","max-image-preview":"max-image-preview:large","max-video-preview":"max-video-preview:-1"},"canonical":"http:\/\/vincentians.com\/es\/memoria-historica-sobre-las-obras-de-la-c-m-y-de-las-hh-de-la-c-en-mejico-vii\/","og_locale":"es_ES","og_type":"article","og_title":"MEMORIA HIST\u00d3RICA SOBRE LAS OBRAS DE LA C.M. Y DE LAS HH. \u00a0de la C. EN M\u00c9JICO (VII) - Somos Vicencianos","og_description":"CAP\u00cdTULO VII: ESTABLECIMIENTO DE LAS HIJAS DE LA CARIDAD EN LA REP\u00daBLICA MEJICANA La Sra. Condesa D\u00f1a Mar\u00eda Ana G\u00f3mez de la Cortina fue el instrumento principal de que se vali\u00f3 la Providencia para fundar ... Read More","og_url":"http:\/\/vincentians.com\/es\/memoria-historica-sobre-las-obras-de-la-c-m-y-de-las-hh-de-la-c-en-mejico-vii\/","og_site_name":"Somos Vicencianos","article_publisher":"https:\/\/www.facebook.com\/WeAreVincentians\/","article_published_time":"2025-02-08T07:59:36+00:00","og_image":[{"width":310,"height":163,"url":"https:\/\/i0.wp.com\/vincentians.com\/es\/wp-content\/uploads\/sites\/11\/2023\/08\/aaam.jpg?fit=310%2C163","type":"image\/jpeg"}],"author":"Mitxel Olabu\u00e9naga","twitter_card":"summary_large_image","twitter_creator":"@WeVincentians","twitter_site":"@WeVincentians","twitter_misc":{"Escrito por":"Mitxel Olabu\u00e9naga","Tiempo de lectura":"3 minutos"},"schema":{"@context":"https:\/\/schema.org","@graph":[{"@type":"Article","@id":"http:\/\/vincentians.com\/es\/memoria-historica-sobre-las-obras-de-la-c-m-y-de-las-hh-de-la-c-en-mejico-vii\/#article","isPartOf":{"@id":"http:\/\/vincentians.com\/es\/memoria-historica-sobre-las-obras-de-la-c-m-y-de-las-hh-de-la-c-en-mejico-vii\/"},"author":{"name":"Mitxel Olabu\u00e9naga","@id":"http:\/\/vincentians.com\/es\/#\/schema\/person\/7c2670b4445a7ca9d164ea6acdb31859"},"headline":"MEMORIA HIST\u00d3RICA SOBRE LAS OBRAS DE LA C.M. Y DE LAS HH. \u00a0de la C. EN M\u00c9JICO (VII)","datePublished":"2025-02-08T07:59:36+00:00","mainEntityOfPage":{"@id":"http:\/\/vincentians.com\/es\/memoria-historica-sobre-las-obras-de-la-c-m-y-de-las-hh-de-la-c-en-mejico-vii\/"},"wordCount":557,"commentCount":0,"publisher":{"@id":"http:\/\/vincentians.com\/es\/#organization"},"image":{"@id":"http:\/\/vincentians.com\/es\/memoria-historica-sobre-las-obras-de-la-c-m-y-de-las-hh-de-la-c-en-mejico-vii\/#primaryimage"},"thumbnailUrl":"https:\/\/i0.wp.com\/vincentians.com\/es\/wp-content\/uploads\/sites\/11\/2023\/08\/aaam.jpg?fit=310%2C163","articleSection":["Historia de la Familia Vicenciana"],"inLanguage":"es","potentialAction":[{"@type":"CommentAction","name":"Comment","target":["http:\/\/vincentians.com\/es\/memoria-historica-sobre-las-obras-de-la-c-m-y-de-las-hh-de-la-c-en-mejico-vii\/#respond"]}]},{"@type":"WebPage","@id":"http:\/\/vincentians.com\/es\/memoria-historica-sobre-las-obras-de-la-c-m-y-de-las-hh-de-la-c-en-mejico-vii\/","url":"http:\/\/vincentians.com\/es\/memoria-historica-sobre-las-obras-de-la-c-m-y-de-las-hh-de-la-c-en-mejico-vii\/","name":"MEMORIA HIST\u00d3RICA SOBRE LAS OBRAS DE LA C.M. Y DE LAS HH. \u00a0de la C. EN M\u00c9JICO (VII) - Somos Vicencianos","isPartOf":{"@id":"http:\/\/vincentians.com\/es\/#website"},"primaryImageOfPage":{"@id":"http:\/\/vincentians.com\/es\/memoria-historica-sobre-las-obras-de-la-c-m-y-de-las-hh-de-la-c-en-mejico-vii\/#primaryimage"},"image":{"@id":"http:\/\/vincentians.com\/es\/memoria-historica-sobre-las-obras-de-la-c-m-y-de-las-hh-de-la-c-en-mejico-vii\/#primaryimage"},"thumbnailUrl":"https:\/\/i0.wp.com\/vincentians.com\/es\/wp-content\/uploads\/sites\/11\/2023\/08\/aaam.jpg?fit=310%2C163","datePublished":"2025-02-08T07:59:36+00:00","breadcrumb":{"@id":"http:\/\/vincentians.com\/es\/memoria-historica-sobre-las-obras-de-la-c-m-y-de-las-hh-de-la-c-en-mejico-vii\/#breadcrumb"},"inLanguage":"es","potentialAction":[{"@type":"ReadAction","target":["http:\/\/vincentians.com\/es\/memoria-historica-sobre-las-obras-de-la-c-m-y-de-las-hh-de-la-c-en-mejico-vii\/"]}]},{"@type":"ImageObject","inLanguage":"es","@id":"http:\/\/vincentians.com\/es\/memoria-historica-sobre-las-obras-de-la-c-m-y-de-las-hh-de-la-c-en-mejico-vii\/#primaryimage","url":"https:\/\/i0.wp.com\/vincentians.com\/es\/wp-content\/uploads\/sites\/11\/2023\/08\/aaam.jpg?fit=310%2C163","contentUrl":"https:\/\/i0.wp.com\/vincentians.com\/es\/wp-content\/uploads\/sites\/11\/2023\/08\/aaam.jpg?fit=310%2C163","width":310,"height":163},{"@type":"BreadcrumbList","@id":"http:\/\/vincentians.com\/es\/memoria-historica-sobre-las-obras-de-la-c-m-y-de-las-hh-de-la-c-en-mejico-vii\/#breadcrumb","itemListElement":[{"@type":"ListItem","position":1,"name":"Portada","item":"http:\/\/vincentians.com\/es\/"},{"@type":"ListItem","position":2,"name":"MEMORIA HIST\u00d3RICA SOBRE LAS OBRAS DE LA C.M. Y DE LAS HH. \u00a0de la C. EN M\u00c9JICO (VII)"}]},{"@type":"WebSite","@id":"http:\/\/vincentians.com\/es\/#website","url":"http:\/\/vincentians.com\/es\/","name":"Somos Vicencianos","description":"Know more to serve more","publisher":{"@id":"http:\/\/vincentians.com\/es\/#organization"},"potentialAction":[{"@type":"SearchAction","target":{"@type":"EntryPoint","urlTemplate":"http:\/\/vincentians.com\/es\/?s={search_term_string}"},"query-input":{"@type":"PropertyValueSpecification","valueRequired":true,"valueName":"search_term_string"}}],"inLanguage":"es"},{"@type":"Organization","@id":"http:\/\/vincentians.com\/es\/#organization","name":"The Vincentian Network","url":"http:\/\/vincentians.com\/es\/","logo":{"@type":"ImageObject","inLanguage":"es","@id":"http:\/\/vincentians.com\/es\/#\/schema\/logo\/image\/","url":"https:\/\/i1.wp.com\/vincentians.com\/es\/wp-content\/uploads\/sites\/11\/2016\/06\/Vincentian-Network-logo-big.png?fit=778%2C778","contentUrl":"https:\/\/i1.wp.com\/vincentians.com\/es\/wp-content\/uploads\/sites\/11\/2016\/06\/Vincentian-Network-logo-big.png?fit=778%2C778","width":778,"height":778,"caption":"The Vincentian Network"},"image":{"@id":"http:\/\/vincentians.com\/es\/#\/schema\/logo\/image\/"},"sameAs":["https:\/\/www.facebook.com\/WeAreVincentians\/","https:\/\/x.com\/WeVincentians"]},{"@type":"Person","@id":"http:\/\/vincentians.com\/es\/#\/schema\/person\/7c2670b4445a7ca9d164ea6acdb31859","name":"Mitxel Olabu\u00e9naga","image":{"@type":"ImageObject","inLanguage":"es","@id":"http:\/\/vincentians.com\/es\/#\/schema\/person\/image\/","url":"https:\/\/secure.gravatar.com\/avatar\/34137ec2e2b8939cbbed975731e71f3f4f1defc7266ded337a5ce0f925426877?s=96&d=mm&r=g","contentUrl":"https:\/\/secure.gravatar.com\/avatar\/34137ec2e2b8939cbbed975731e71f3f4f1defc7266ded337a5ce0f925426877?s=96&d=mm&r=g","caption":"Mitxel Olabu\u00e9naga"},"url":"http:\/\/vincentians.com\/es\/author\/mitxel\/"}]}},"jetpack_publicize_connections":[],"jetpack_featured_media_url":"https:\/\/i0.wp.com\/vincentians.com\/es\/wp-content\/uploads\/sites\/11\/2023\/08\/aaam.jpg?fit=310%2C163","jetpack_sharing_enabled":true,"jetpack_shortlink":"https:\/\/wp.me\/p7ETMF-1HxQ","jetpack-related-posts":[{"id":405706,"url":"http:\/\/vincentians.com\/es\/memoria-historica-sobre-las-obras-de-la-c-m-y-de-las-hh-de-la-c-en-mejico-i\/","url_meta":{"origin":405718,"position":0},"title":"MEMORIA HIST\u00d3RICA SOBRE LAS OBRAS DE LA C.M. Y DE LAS HH. \u00a0de la C. EN M\u00c9JICO (I)","author":"Mitxel Olabu\u00e9naga","date":"26\/01\/2025","format":false,"excerpt":"Clemente Vigo, CM NOTA. Hemos a\u00f1adido al texto que nos han remitido unas breves noticias geogr\u00e1ficas, a fin de orientar a los lectores que viven lejos de la Rep\u00fablica mejicana. M\u00e9jico es un Estado de la Am\u00e9rica del Norte. Confina al Norte con los Estados Unidos, al Este con el\u2026","rel":"","context":"En \u00abHistoria de la Familia Vicenciana\u00bb","block_context":{"text":"Historia de la Familia Vicenciana","link":"http:\/\/vincentians.com\/es\/category\/historia-de-la-familia-vicenciana\/"},"img":{"alt_text":"","src":"","width":0,"height":0},"classes":[]},{"id":405723,"url":"http:\/\/vincentians.com\/es\/memoria-historica-sobre-las-obras-de-la-c-m-y-de-las-hh-de-la-c-en-mejico-ix\/","url_meta":{"origin":405718,"position":1},"title":"MEMORIA HIST\u00d3RICA SOBRE LAS OBRAS DE LA C.M. Y DE LAS HH. \u00a0de la C. EN M\u00c9JICO (IX)","author":"Mitxel Olabu\u00e9naga","date":"12\/02\/2025","format":false,"excerpt":"CAP\u00cdTULO IX: HIJAS DE LA CARIDAD NOTABLES La Sra. Condesa Sor Mar\u00eda Ana G\u00f3mez de la Cortina, fundadora y bienhechora insigne de las Hijas de la Cari\u00addad, quiso, desde que las conoci\u00f3 en M\u00e9jico, vestir su h\u00e1bi\u00adto. Se solicit\u00f3 esta gracia del Sr. Superior General, y entre tanto, agrav\u00e1ndose su\u2026","rel":"","context":"En \u00abHistoria de la Familia Vicenciana\u00bb","block_context":{"text":"Historia de la Familia Vicenciana","link":"http:\/\/vincentians.com\/es\/category\/historia-de-la-familia-vicenciana\/"},"img":{"alt_text":"","src":"","width":0,"height":0},"classes":[]},{"id":128102,"url":"http:\/\/vincentians.com\/es\/fundacion-de-las-hijas-de-la-caridad-mexico-i\/","url_meta":{"origin":405718,"position":2},"title":"Fundaci\u00f3n de las Hijas de la Caridad (M\u00e9xico) (I)","author":"Mitxel Olabu\u00e9naga","date":"01\/10\/2024","format":false,"excerpt":"Fundadores \"El alma privilegiada que Dios escogi\u00f3 como instrumento de la funda\u00adci\u00f3n de las Hijas de la Caridad en M\u00e9xico fue la se\u00f1ora Condesa Ana G\u00f3mez de la Cortina. Y como las buenas ideas son contagiosas, a esa piadosa dama se le unieron pronto, para la realizaci\u00f3n de su proyecto,\u2026","rel":"","context":"En \u00abHistoria de las Hijas de la Caridad\u00bb","block_context":{"text":"Historia de las Hijas de la Caridad","link":"http:\/\/vincentians.com\/es\/category\/historia-de-la-familia-vicenciana\/historia-de-las-hijas-de-la-caridad\/"},"img":{"alt_text":"","src":"https:\/\/i0.wp.com\/vincentians.com\/es\/wp-content\/uploads\/sites\/11\/2013\/04\/Hijas-de-la-Caridad.jpg?fit=400%2C300&resize=350%2C200","width":350,"height":200},"classes":[]},{"id":405720,"url":"http:\/\/vincentians.com\/es\/memoria-historica-sobre-las-obras-de-la-c-m-y-de-las-hh-de-la-c-en-mejico-viii\/","url_meta":{"origin":405718,"position":3},"title":"MEMORIA HIST\u00d3RICA SOBRE LAS OBRAS DE LA C.M. Y DE LAS HH. \u00a0de la C. EN M\u00c9JICO (VIII)","author":"Mitxel Olabu\u00e9naga","date":"10\/02\/2025","format":false,"excerpt":"CAP\u00cdTULO VIII: COLEGIOS Y CASA DE BENEFICENCIA DE LAS HIJAS DE LA CARIDAD EN M\u00c9JICO. M\u00e9jico.\u2014Casa Central.\u2014No teniendo las Hijas de la Caridad a su llegada un objeto fijo, y deseando trabajar en beneficio de los pobres, abrieron una Escuela para ni\u00f1as pobres en una casa que personalmente les alquilo\u2026","rel":"","context":"En \u00abHistoria de la Familia Vicenciana\u00bb","block_context":{"text":"Historia de la Familia Vicenciana","link":"http:\/\/vincentians.com\/es\/category\/historia-de-la-familia-vicenciana\/"},"img":{"alt_text":"","src":"","width":0,"height":0},"classes":[]},{"id":405716,"url":"http:\/\/vincentians.com\/es\/memoria-historica-sobre-las-obras-de-la-c-m-y-de-las-hh-de-la-c-en-mejico-vi\/","url_meta":{"origin":405718,"position":4},"title":"MEMORIA HIST\u00d3RICA SOBRE LAS OBRAS DE LA C.M. Y DE LAS HH. \u00a0de la C. EN M\u00c9JICO (VI)","author":"Mitxel Olabu\u00e9naga","date":"06\/02\/2025","format":false,"excerpt":"CAP\u00cdTULO VI: ESTADO ACTUAL Nunca habla tenido tantos individuos la Provincia Meji\u00adcana como ahora, y, aunque la de Espa\u00f1a la ha ayudado en su personal, los estudios de los que ha mandado son m\u00e1s extensos, y, por consiguiente, m\u00e1s capaces para la ense\u00f1anza. Rige actualmente la Congregaci\u00f3n los Seminarios de\u2026","rel":"","context":"En \u00abHistoria de la Familia Vicenciana\u00bb","block_context":{"text":"Historia de la Familia Vicenciana","link":"http:\/\/vincentians.com\/es\/category\/historia-de-la-familia-vicenciana\/"},"img":{"alt_text":"","src":"","width":0,"height":0},"classes":[]},{"id":405710,"url":"http:\/\/vincentians.com\/es\/memoria-historica-sobre-las-obras-de-la-c-m-y-de-las-hh-de-la-c-en-mejico-iii\/","url_meta":{"origin":405718,"position":5},"title":"MEMORIA HIST\u00d3RICA SOBRE LAS OBRAS DE LA C.M. Y DE LAS HH. \u00a0de la C. EN M\u00c9JICO (III)","author":"Mitxel Olabu\u00e9naga","date":"30\/01\/2025","format":false,"excerpt":"CAP\u00cdTULO III: VISITADORES QUE LA CONGREGACI\u00d3N HA TENIDO EN LA PROVINCIA DE M\u00c9JICO Sr. Armengol (1845-1853).\u2014El Sr. D. Buenaventura Armengol naci\u00f3 en Vilas\u00e1 de Vall, Cataluila, Espa\u00f1a, el 17 de Febrero de 1800. Entr\u00f3 en la Congregaci\u00f3n el 18 de Febrero de 1818, en Barcelona, y, ordenado de Presb\u00edtero en\u2026","rel":"","context":"En \u00abHistoria de la Familia Vicenciana\u00bb","block_context":{"text":"Historia de la Familia Vicenciana","link":"http:\/\/vincentians.com\/es\/category\/historia-de-la-familia-vicenciana\/"},"img":{"alt_text":"","src":"","width":0,"height":0},"classes":[]}],"_links":{"self":[{"href":"http:\/\/vincentians.com\/es\/wp-json\/wp\/v2\/posts\/405718","targetHints":{"allow":["GET"]}}],"collection":[{"href":"http:\/\/vincentians.com\/es\/wp-json\/wp\/v2\/posts"}],"about":[{"href":"http:\/\/vincentians.com\/es\/wp-json\/wp\/v2\/types\/post"}],"author":[{"embeddable":true,"href":"http:\/\/vincentians.com\/es\/wp-json\/wp\/v2\/users\/5"}],"replies":[{"embeddable":true,"href":"http:\/\/vincentians.com\/es\/wp-json\/wp\/v2\/comments?post=405718"}],"version-history":[{"count":1,"href":"http:\/\/vincentians.com\/es\/wp-json\/wp\/v2\/posts\/405718\/revisions"}],"predecessor-version":[{"id":405719,"href":"http:\/\/vincentians.com\/es\/wp-json\/wp\/v2\/posts\/405718\/revisions\/405719"}],"wp:featuredmedia":[{"embeddable":true,"href":"http:\/\/vincentians.com\/es\/wp-json\/wp\/v2\/media\/404918"}],"wp:attachment":[{"href":"http:\/\/vincentians.com\/es\/wp-json\/wp\/v2\/media?parent=405718"}],"wp:term":[{"taxonomy":"category","embeddable":true,"href":"http:\/\/vincentians.com\/es\/wp-json\/wp\/v2\/categories?post=405718"},{"taxonomy":"post_tag","embeddable":true,"href":"http:\/\/vincentians.com\/es\/wp-json\/wp\/v2\/tags?post=405718"}],"curies":[{"name":"wp","href":"https:\/\/api.w.org\/{rel}","templated":true}]}}