{"id":405671,"date":"2024-12-20T08:04:06","date_gmt":"2024-12-20T07:04:06","guid":{"rendered":"https:\/\/vincentians.com\/es\/?p=405671"},"modified":"2024-08-17T22:05:55","modified_gmt":"2024-08-17T20:05:55","slug":"las-hijas-de-la-caridad-francesas-durante-la-revolucion-1789-1792","status":"publish","type":"post","link":"http:\/\/vincentians.com\/es\/las-hijas-de-la-caridad-francesas-durante-la-revolucion-1789-1792\/","title":{"rendered":"Las Hijas de la Caridad francesas durante la revoluci\u00f3n (1789-1792)"},"content":{"rendered":"<p>A la revoluci\u00f3n misma de 1789 pod\u00edan aplicarse con todo rigor aquellas palabras que Macaulay estamp\u00f3 como un cauterio en la frente de uno de los personajes que m\u00e1s tristemente sobresalieron en ella, a saber: que \u00abni en la historia ni en la f\u00e1bula se ha hecho nunca menci\u00f3n de hombre ni de demonio alguno que haya logrado acer\u00adcarse tanto como \u00e9l al ideal de la perversidad consuma\u00adda en todas sus manifestaciones\u00bb. M\u00e1s que el hecho en s\u00ed, de tan espantosa crueldad en su conjunto, y de tan infernal desorden, admira, quiz\u00e1, la posibilidad de \u00e9l. Desde que Jesucristo vino al mundo, jam\u00e1s se ha encar\u00adnado el infierno en una sociedad como en la francesa de aquellos espantosos d\u00edas. Fue aquella hora verdadera hora de las tinieblas. En el odio est\u00fapido que la Revolu\u00adci\u00f3n profes\u00f3 a toda idea religiosa, lleg\u00f3 a ensa\u00f1arse has\u00adta con las Hijas de la Caridad, que s\u00f3lo beneficios y con\u00adsuelos hab\u00edan derramado en el mundo, especialmente en las clases menesterosas y afligidas. No fue \u00e9ste el menor ni el menos vergonzoso de sus atropellos.<\/p>\n<p>Por \u00e9l, en alg\u00fan modo, puede decirse que dio comien\u00adzo. El 13 de julio, v\u00edspera de la toma de la Bastilla, un grupo de ciento cincuenta desalmados penetraron, a eso de las dos y media de la mariana, en la casa de San L\u00e1\u00adzaro, de los Padres Pa\u00fales, y a ciencia y paciencia de las autoridades, estuvieron saque\u00e1ndola de la ma\u00f1ana a la noche. La casa de formaci\u00f3n de las Hijas de la Cari\u00addad, que estaba en frente, se libr\u00f3 de sufrir la misma suerte por una especie de milagro; pero no pudo evitar el ser requisada, primero, a las once de la mariana del mismo d\u00eda, por quince de aquellos forajidos, y despu\u00e9s, de cuatro a cinco de la tarde, por dos centenares de hom\u00adbres y mujeres armados de picas, de palos y de pistolas.<\/p>\n<p>Compr\u00e9ndese el susto, la ansiedad y el sobresalto de las pobres Hermanas. Al fin, como en vez de los tesoros de trigo y de dinero que pensaban, encontrar, s\u00f3lo hallaron pobreza y sencillez, se retiraron, sin otra consecuencia para las Hermanas que la del mal rato que las hab\u00edan he\u00adcho pasar.<\/p>\n<p>Los acontecimientos revolucionarios se precipitaron, como es sabido, con tal rapidez, que ya no las dejaron d\u00eda seguro. Excus\u00e1ndose la Superiora General, Sor Renata Dubois, de no enviar a la Compa\u00f1\u00eda, seg\u00fan costumbre, las notas biogr\u00e1ficas de las Hermanas difuntas, escrib\u00eda: \u00abEs para m\u00ed de mucho sentimiento&#8230;; pero desde el 13 de julio \u00faltimo se pasan nuestros d\u00edas en tan continuas alarmas e inquietudes, que hemos ca\u00eddo enfermas\u00bb.<\/p>\n<p>Realmente, el cariz que segu\u00edan presentando los p\u00fa\u00adblicos acontecimientos, no eran para tranquilizar a nadie. Con todo, las amarguras de Sor Renata Dubois en aque\u00adllos primeros avances de la Revoluci\u00f3n fueron cosa de juego para lasque aguardaban a su sucesora, Sor Mar\u00eda Antonieta Deleau, elegida Superiora General del Insti\u00adtuto en Mayo de 179o. El juramento a la <em>Constituci\u00f3n civil del Clero, <\/em>que separaba la Iglesia de Francia de la Iglesia universal y la somet\u00eda, contra todo derecho, al Estado de la naci\u00f3n, fue la causa m\u00e1s inmediata de las persecuciones y malos tratamientos suscitados contra los fieles, y, entre ellos, contra las Hijas de la Caridad. Mu\u00adchos sacerdotes, es decir, la mayor y m\u00e1s sana parte de ellos, se negaron a jurar. El Poder civil les desposey\u00f3 entonces de sus iglesias y se las entreg\u00f3 a los cism\u00e1ti\u00adcos y <em>juramentados. <\/em>Como era natural, los buenos cat\u00f3\u00adlicos hu\u00edan de comunicar con \u00e9stos en los actos del culto, y acud\u00edan a o\u00edr misa y a recibir los Sacramentos en las capillas particulares, donde celebraban los sacerdotes no <em>juramentados.<\/em><\/p>\n<p>Los sat\u00e9lites de la Revoluci\u00f3n no pudieron llevar en paciencia <sup>&#8211;<\/sup>esta noble conducta, que as\u00ed hac\u00eda fallar sus planes, y una multitud de mujeres y de hombres, disfrazados, penetr\u00f3 con violencia en las casas de las Hijas de la Caridad y de otras Comunidades de Religiosas, per\u00adsiguiendo, desnudando y maltratando afrentosamente a aquellas almas puras, entregadas a la pr\u00e1ctica de la vir\u00adtud, y en su mayor parte, adem\u00e1s, al alivio de los menes\u00adterosos. \u00abLas Hijas de la Caridad, escrib\u00eda <em>L&#8217;Ami du Roi<\/em>, sufrieron estas odiosas violencias de manos de aquellos mismos hombres y mujeres cuya miseria y en\u00adfermedades tantas veces hab\u00edan socorrido y curado\u00bb. Tres de ellas, empleadas en socorrer a los enfermos de la parroquia de Santa Margarita, murieron a consecuencia de tan b\u00e1rbaros atropellos.<\/p>\n<p>In\u00fatiles, en \u00faltimo resultado, fueron todas las protes\u00adtas. La noche de los rencores m\u00e1s absurdos y de las in\u00adjusticias m\u00e1s irritantes envolv\u00eda a toda Francia. En el Hospital de Henneb\u00f3n colocaron una pieza de artiller\u00eda a la puerta, y amenazaron a las Hermanas con disparar\u00adla contra el establecimiento si no sal\u00edan de \u00e9l. No las que\u00add\u00f3 otro remedio. Crey\u00e9ndose m\u00e1s seguras, buscan asilo en Belle-Isle-en-Mer; pero tambi\u00e9n del all\u00ed son echadas, en\u00adtre los denuestos y algazara de una chusma de doscien\u00adtos militares, que al reconducirlas al buque, iban gritan\u00addo: \u00abi La maldici\u00f3n de la Isla se va! La maldici\u00f3n de la Isla se va!\u00bbP or zafia y odiosa que tal conducta pa\u00adrezca, era muy natural, tan natural como que de un char\u00adco corrompido se levanten f\u00e9tidos vapores y contagiosos miasmas. En otros puntos las vest\u00edan de burla, y en esta forma las paseaban en un asno por las calles de la ciu\u00addad, excitando la risa del p\u00fablico. \u00abEl populacho de Bur\u00addeos sumergi\u00f3 a dos Hijas de la Caridad en las aguas del Garona; las sac\u00f3, las volvi\u00f3 a sumergir, y continu\u00f3 en este juego criminal hasta que las v\u00edctimas corrieron ver\u00addadero peligro de expirar en \u00e9l. En Versalles fueron lle\u00advadas a palos y a azotes hasta la iglesia de la parroquia, en que estaba diciendo misa el cura constitucional\u00bb.<\/p>\n<p>Bienaventurados los que padecen sin m\u00e1s motivo que el de su inocencia.<\/p>\n<p>En el progreso acelerado de esta nueva clase de <em>liber\u00adtad, igualdad y fraternidad, <\/em>la Asamblea Legislativa abo\u00adli\u00f3, con fecha 6 de abril de 1692, todas las Comunidades y Congregaciones, sin exceptuar a las hospitalarias, lo propio que todo h\u00e1bito eclesi\u00e1stico y religioso. La ley se promulg\u00f3, y empez\u00f3 a cumplirse el 18 de agosto. Las Hi\u00adjas de la Caridad perdieron, en virtud de ella, casi to\u00addas sus casas, en n\u00famero de m\u00e1s de quatrocientas; se vistieron de seglares y se retiraron con sus familias. La Madre General se recogi\u00f3 con la suya en Bray, di\u00f3cesis de Amiens. En algunos establecimientos pudieron seguir prestando sus servicios a los pobres, a causa de no haber quien las sustituyese; pero en calidad de particula\u00adres y sin distintivo exterior de ninguna clase.<\/p>\n<p>Aun en tales condiciones, no ces\u00f3 de perseguirlas la sa\u00f1a de la Revoluci\u00f3n; y muchas, a causa de sus creen\u00adcias o de sus pr\u00e1cticas y costumbres religiosas, fueron sepultadas en las c\u00e1rceles, de donde algunas no salieron sino para acudir, como tantas otras religiosas, sacerdotes y simples fieles, a la arena del martirio. Flores purp\u00fa\u00adreas, segadas por el hurac\u00e1n de la nov\u00edsima persecuci\u00f3n y envueltas. en su propia sangre, fueron Sor Mar\u00eda Ana Vaillot y Sor Odila Baumgarten, del Hospital de Angers; Sor Mar\u00eda Fontaine, Sor Juana G\u00e9rard, Sor Mar\u00eda Lanel y Sor Magdalena Fantou, de la casa de Arras, beatifica\u00addas por Benedicto XV en 1920; Sor Margarita Rut\u00e1n, Superiora del Hospital de San Eutropio, en Dax, y otras.<\/p>\n<p>El \u00e1rbol de las Hijas de la Caridad en Francia hab\u00eda sido tronchado y abatido, pero regado con la sangre vi\u00advificadora y lustral de estas puras e inocentes v\u00edctimas, no pod\u00eda perecer: aunque laboriosamente, le veremos en otro art\u00edculo llenarse de ramos y hojas y ser, como en Espa\u00ad\u00f1a y en todo el mundo, lustre de la Iglesia y principio de salud y de consuelo para muchas almas.<\/p>\n<p>PONCIANO NIETO<\/p>\n","protected":false},"excerpt":{"rendered":"<p>A la revoluci\u00f3n misma de 1789 pod\u00edan aplicarse con todo rigor aquellas palabras que Macaulay estamp\u00f3 como un cauterio en la frente de uno de los personajes que m\u00e1s tristemente sobresalieron en ella, a saber: &#8230; <a href=\"http:\/\/vincentians.com\/es\/las-hijas-de-la-caridad-francesas-durante-la-revolucion-1789-1792\/\" class=\"more-link\">Read More<\/a><\/p>\n","protected":false},"author":5,"featured_media":403945,"comment_status":"open","ping_status":"open","sticky":false,"template":"","format":"standard","meta":{"jetpack_post_was_ever_published":false,"_jetpack_newsletter_access":"","_jetpack_dont_email_post_to_subs":false,"_jetpack_newsletter_tier_id":0,"_jetpack_memberships_contains_paywalled_content":false,"_jetpack_memberships_contains_paid_content":false,"footnotes":"","jetpack_publicize_message":"","jetpack_publicize_feature_enabled":true,"jetpack_social_post_already_shared":true,"jetpack_social_options":{"image_generator_settings":{"template":"highway","default_image_id":0,"font":"","enabled":false},"version":2}},"categories":[237],"tags":[],"class_list":["post-405671","post","type-post","status-publish","format-standard","has-post-thumbnail","hentry","category-historia-de-las-hijas-de-la-caridad"],"yoast_head":"<!-- This site is optimized with the Yoast SEO plugin v26.3 - https:\/\/yoast.com\/wordpress\/plugins\/seo\/ -->\n<title>Las Hijas de la Caridad francesas durante la revoluci\u00f3n (1789-1792) - Somos Vicencianos<\/title>\n<meta name=\"robots\" content=\"index, follow, max-snippet:-1, max-image-preview:large, max-video-preview:-1\" \/>\n<link rel=\"canonical\" href=\"http:\/\/vincentians.com\/es\/las-hijas-de-la-caridad-francesas-durante-la-revolucion-1789-1792\/\" \/>\n<meta property=\"og:locale\" content=\"es_ES\" \/>\n<meta property=\"og:type\" content=\"article\" \/>\n<meta property=\"og:title\" content=\"Las Hijas de la Caridad francesas durante la revoluci\u00f3n (1789-1792) - Somos Vicencianos\" \/>\n<meta property=\"og:description\" content=\"A la revoluci\u00f3n misma de 1789 pod\u00edan aplicarse con todo rigor aquellas palabras que Macaulay estamp\u00f3 como un cauterio en la frente de uno de los personajes que m\u00e1s tristemente sobresalieron en ella, a saber: ... Read More\" \/>\n<meta property=\"og:url\" content=\"http:\/\/vincentians.com\/es\/las-hijas-de-la-caridad-francesas-durante-la-revolucion-1789-1792\/\" \/>\n<meta property=\"og:site_name\" content=\"Somos Vicencianos\" \/>\n<meta property=\"article:publisher\" content=\"https:\/\/www.facebook.com\/WeAreVincentians\/\" \/>\n<meta property=\"article:published_time\" content=\"2024-12-20T07:04:06+00:00\" \/>\n<meta property=\"og:image\" content=\"https:\/\/i0.wp.com\/vincentians.com\/es\/wp-content\/uploads\/sites\/11\/2013\/04\/hijas-caridad1.jpg?fit=846%2C446\" \/>\n\t<meta property=\"og:image:width\" content=\"846\" \/>\n\t<meta property=\"og:image:height\" content=\"446\" \/>\n\t<meta property=\"og:image:type\" content=\"image\/jpeg\" \/>\n<meta name=\"author\" content=\"Mitxel Olabu\u00e9naga\" \/>\n<meta name=\"twitter:card\" content=\"summary_large_image\" \/>\n<meta name=\"twitter:creator\" content=\"@WeVincentians\" \/>\n<meta name=\"twitter:site\" content=\"@WeVincentians\" \/>\n<meta name=\"twitter:label1\" content=\"Escrito por\" \/>\n\t<meta name=\"twitter:data1\" content=\"Mitxel Olabu\u00e9naga\" \/>\n\t<meta name=\"twitter:label2\" content=\"Tiempo de lectura\" \/>\n\t<meta name=\"twitter:data2\" content=\"7 minutos\" \/>\n<script type=\"application\/ld+json\" class=\"yoast-schema-graph\">{\"@context\":\"https:\/\/schema.org\",\"@graph\":[{\"@type\":\"Article\",\"@id\":\"http:\/\/vincentians.com\/es\/las-hijas-de-la-caridad-francesas-durante-la-revolucion-1789-1792\/#article\",\"isPartOf\":{\"@id\":\"http:\/\/vincentians.com\/es\/las-hijas-de-la-caridad-francesas-durante-la-revolucion-1789-1792\/\"},\"author\":{\"name\":\"Mitxel Olabu\u00e9naga\",\"@id\":\"http:\/\/vincentians.com\/es\/#\/schema\/person\/7c2670b4445a7ca9d164ea6acdb31859\"},\"headline\":\"Las Hijas de la Caridad francesas durante la revoluci\u00f3n (1789-1792)\",\"datePublished\":\"2024-12-20T07:04:06+00:00\",\"mainEntityOfPage\":{\"@id\":\"http:\/\/vincentians.com\/es\/las-hijas-de-la-caridad-francesas-durante-la-revolucion-1789-1792\/\"},\"wordCount\":1422,\"commentCount\":0,\"publisher\":{\"@id\":\"http:\/\/vincentians.com\/es\/#organization\"},\"image\":{\"@id\":\"http:\/\/vincentians.com\/es\/las-hijas-de-la-caridad-francesas-durante-la-revolucion-1789-1792\/#primaryimage\"},\"thumbnailUrl\":\"https:\/\/i0.wp.com\/vincentians.com\/es\/wp-content\/uploads\/sites\/11\/2013\/04\/hijas-caridad1.jpg?fit=846%2C446\",\"articleSection\":[\"Historia de las Hijas de la Caridad\"],\"inLanguage\":\"es\",\"potentialAction\":[{\"@type\":\"CommentAction\",\"name\":\"Comment\",\"target\":[\"http:\/\/vincentians.com\/es\/las-hijas-de-la-caridad-francesas-durante-la-revolucion-1789-1792\/#respond\"]}]},{\"@type\":\"WebPage\",\"@id\":\"http:\/\/vincentians.com\/es\/las-hijas-de-la-caridad-francesas-durante-la-revolucion-1789-1792\/\",\"url\":\"http:\/\/vincentians.com\/es\/las-hijas-de-la-caridad-francesas-durante-la-revolucion-1789-1792\/\",\"name\":\"Las Hijas de la Caridad francesas durante la revoluci\u00f3n (1789-1792) - Somos Vicencianos\",\"isPartOf\":{\"@id\":\"http:\/\/vincentians.com\/es\/#website\"},\"primaryImageOfPage\":{\"@id\":\"http:\/\/vincentians.com\/es\/las-hijas-de-la-caridad-francesas-durante-la-revolucion-1789-1792\/#primaryimage\"},\"image\":{\"@id\":\"http:\/\/vincentians.com\/es\/las-hijas-de-la-caridad-francesas-durante-la-revolucion-1789-1792\/#primaryimage\"},\"thumbnailUrl\":\"https:\/\/i0.wp.com\/vincentians.com\/es\/wp-content\/uploads\/sites\/11\/2013\/04\/hijas-caridad1.jpg?fit=846%2C446\",\"datePublished\":\"2024-12-20T07:04:06+00:00\",\"breadcrumb\":{\"@id\":\"http:\/\/vincentians.com\/es\/las-hijas-de-la-caridad-francesas-durante-la-revolucion-1789-1792\/#breadcrumb\"},\"inLanguage\":\"es\",\"potentialAction\":[{\"@type\":\"ReadAction\",\"target\":[\"http:\/\/vincentians.com\/es\/las-hijas-de-la-caridad-francesas-durante-la-revolucion-1789-1792\/\"]}]},{\"@type\":\"ImageObject\",\"inLanguage\":\"es\",\"@id\":\"http:\/\/vincentians.com\/es\/las-hijas-de-la-caridad-francesas-durante-la-revolucion-1789-1792\/#primaryimage\",\"url\":\"https:\/\/i0.wp.com\/vincentians.com\/es\/wp-content\/uploads\/sites\/11\/2013\/04\/hijas-caridad1.jpg?fit=846%2C446\",\"contentUrl\":\"https:\/\/i0.wp.com\/vincentians.com\/es\/wp-content\/uploads\/sites\/11\/2013\/04\/hijas-caridad1.jpg?fit=846%2C446\",\"width\":846,\"height\":446},{\"@type\":\"BreadcrumbList\",\"@id\":\"http:\/\/vincentians.com\/es\/las-hijas-de-la-caridad-francesas-durante-la-revolucion-1789-1792\/#breadcrumb\",\"itemListElement\":[{\"@type\":\"ListItem\",\"position\":1,\"name\":\"Portada\",\"item\":\"http:\/\/vincentians.com\/es\/\"},{\"@type\":\"ListItem\",\"position\":2,\"name\":\"Las Hijas de la Caridad francesas durante la revoluci\u00f3n (1789-1792)\"}]},{\"@type\":\"WebSite\",\"@id\":\"http:\/\/vincentians.com\/es\/#website\",\"url\":\"http:\/\/vincentians.com\/es\/\",\"name\":\"Somos Vicencianos\",\"description\":\"Know more to serve more\",\"publisher\":{\"@id\":\"http:\/\/vincentians.com\/es\/#organization\"},\"potentialAction\":[{\"@type\":\"SearchAction\",\"target\":{\"@type\":\"EntryPoint\",\"urlTemplate\":\"http:\/\/vincentians.com\/es\/?s={search_term_string}\"},\"query-input\":{\"@type\":\"PropertyValueSpecification\",\"valueRequired\":true,\"valueName\":\"search_term_string\"}}],\"inLanguage\":\"es\"},{\"@type\":\"Organization\",\"@id\":\"http:\/\/vincentians.com\/es\/#organization\",\"name\":\"The Vincentian Network\",\"url\":\"http:\/\/vincentians.com\/es\/\",\"logo\":{\"@type\":\"ImageObject\",\"inLanguage\":\"es\",\"@id\":\"http:\/\/vincentians.com\/es\/#\/schema\/logo\/image\/\",\"url\":\"https:\/\/i1.wp.com\/vincentians.com\/es\/wp-content\/uploads\/sites\/11\/2016\/06\/Vincentian-Network-logo-big.png?fit=778%2C778\",\"contentUrl\":\"https:\/\/i1.wp.com\/vincentians.com\/es\/wp-content\/uploads\/sites\/11\/2016\/06\/Vincentian-Network-logo-big.png?fit=778%2C778\",\"width\":778,\"height\":778,\"caption\":\"The Vincentian Network\"},\"image\":{\"@id\":\"http:\/\/vincentians.com\/es\/#\/schema\/logo\/image\/\"},\"sameAs\":[\"https:\/\/www.facebook.com\/WeAreVincentians\/\",\"https:\/\/x.com\/WeVincentians\"]},{\"@type\":\"Person\",\"@id\":\"http:\/\/vincentians.com\/es\/#\/schema\/person\/7c2670b4445a7ca9d164ea6acdb31859\",\"name\":\"Mitxel Olabu\u00e9naga\",\"image\":{\"@type\":\"ImageObject\",\"inLanguage\":\"es\",\"@id\":\"http:\/\/vincentians.com\/es\/#\/schema\/person\/image\/\",\"url\":\"https:\/\/secure.gravatar.com\/avatar\/34137ec2e2b8939cbbed975731e71f3f4f1defc7266ded337a5ce0f925426877?s=96&d=mm&r=g\",\"contentUrl\":\"https:\/\/secure.gravatar.com\/avatar\/34137ec2e2b8939cbbed975731e71f3f4f1defc7266ded337a5ce0f925426877?s=96&d=mm&r=g\",\"caption\":\"Mitxel Olabu\u00e9naga\"},\"url\":\"http:\/\/vincentians.com\/es\/author\/mitxel\/\"}]}<\/script>\n<!-- \/ Yoast SEO plugin. -->","yoast_head_json":{"title":"Las Hijas de la Caridad francesas durante la revoluci\u00f3n (1789-1792) - Somos Vicencianos","robots":{"index":"index","follow":"follow","max-snippet":"max-snippet:-1","max-image-preview":"max-image-preview:large","max-video-preview":"max-video-preview:-1"},"canonical":"http:\/\/vincentians.com\/es\/las-hijas-de-la-caridad-francesas-durante-la-revolucion-1789-1792\/","og_locale":"es_ES","og_type":"article","og_title":"Las Hijas de la Caridad francesas durante la revoluci\u00f3n (1789-1792) - Somos Vicencianos","og_description":"A la revoluci\u00f3n misma de 1789 pod\u00edan aplicarse con todo rigor aquellas palabras que Macaulay estamp\u00f3 como un cauterio en la frente de uno de los personajes que m\u00e1s tristemente sobresalieron en ella, a saber: ... Read More","og_url":"http:\/\/vincentians.com\/es\/las-hijas-de-la-caridad-francesas-durante-la-revolucion-1789-1792\/","og_site_name":"Somos Vicencianos","article_publisher":"https:\/\/www.facebook.com\/WeAreVincentians\/","article_published_time":"2024-12-20T07:04:06+00:00","og_image":[{"width":846,"height":446,"url":"https:\/\/i0.wp.com\/vincentians.com\/es\/wp-content\/uploads\/sites\/11\/2013\/04\/hijas-caridad1.jpg?fit=846%2C446","type":"image\/jpeg"}],"author":"Mitxel Olabu\u00e9naga","twitter_card":"summary_large_image","twitter_creator":"@WeVincentians","twitter_site":"@WeVincentians","twitter_misc":{"Escrito por":"Mitxel Olabu\u00e9naga","Tiempo de lectura":"7 minutos"},"schema":{"@context":"https:\/\/schema.org","@graph":[{"@type":"Article","@id":"http:\/\/vincentians.com\/es\/las-hijas-de-la-caridad-francesas-durante-la-revolucion-1789-1792\/#article","isPartOf":{"@id":"http:\/\/vincentians.com\/es\/las-hijas-de-la-caridad-francesas-durante-la-revolucion-1789-1792\/"},"author":{"name":"Mitxel Olabu\u00e9naga","@id":"http:\/\/vincentians.com\/es\/#\/schema\/person\/7c2670b4445a7ca9d164ea6acdb31859"},"headline":"Las Hijas de la Caridad francesas durante la revoluci\u00f3n (1789-1792)","datePublished":"2024-12-20T07:04:06+00:00","mainEntityOfPage":{"@id":"http:\/\/vincentians.com\/es\/las-hijas-de-la-caridad-francesas-durante-la-revolucion-1789-1792\/"},"wordCount":1422,"commentCount":0,"publisher":{"@id":"http:\/\/vincentians.com\/es\/#organization"},"image":{"@id":"http:\/\/vincentians.com\/es\/las-hijas-de-la-caridad-francesas-durante-la-revolucion-1789-1792\/#primaryimage"},"thumbnailUrl":"https:\/\/i0.wp.com\/vincentians.com\/es\/wp-content\/uploads\/sites\/11\/2013\/04\/hijas-caridad1.jpg?fit=846%2C446","articleSection":["Historia de las Hijas de la Caridad"],"inLanguage":"es","potentialAction":[{"@type":"CommentAction","name":"Comment","target":["http:\/\/vincentians.com\/es\/las-hijas-de-la-caridad-francesas-durante-la-revolucion-1789-1792\/#respond"]}]},{"@type":"WebPage","@id":"http:\/\/vincentians.com\/es\/las-hijas-de-la-caridad-francesas-durante-la-revolucion-1789-1792\/","url":"http:\/\/vincentians.com\/es\/las-hijas-de-la-caridad-francesas-durante-la-revolucion-1789-1792\/","name":"Las Hijas de la Caridad francesas durante la revoluci\u00f3n (1789-1792) - Somos Vicencianos","isPartOf":{"@id":"http:\/\/vincentians.com\/es\/#website"},"primaryImageOfPage":{"@id":"http:\/\/vincentians.com\/es\/las-hijas-de-la-caridad-francesas-durante-la-revolucion-1789-1792\/#primaryimage"},"image":{"@id":"http:\/\/vincentians.com\/es\/las-hijas-de-la-caridad-francesas-durante-la-revolucion-1789-1792\/#primaryimage"},"thumbnailUrl":"https:\/\/i0.wp.com\/vincentians.com\/es\/wp-content\/uploads\/sites\/11\/2013\/04\/hijas-caridad1.jpg?fit=846%2C446","datePublished":"2024-12-20T07:04:06+00:00","breadcrumb":{"@id":"http:\/\/vincentians.com\/es\/las-hijas-de-la-caridad-francesas-durante-la-revolucion-1789-1792\/#breadcrumb"},"inLanguage":"es","potentialAction":[{"@type":"ReadAction","target":["http:\/\/vincentians.com\/es\/las-hijas-de-la-caridad-francesas-durante-la-revolucion-1789-1792\/"]}]},{"@type":"ImageObject","inLanguage":"es","@id":"http:\/\/vincentians.com\/es\/las-hijas-de-la-caridad-francesas-durante-la-revolucion-1789-1792\/#primaryimage","url":"https:\/\/i0.wp.com\/vincentians.com\/es\/wp-content\/uploads\/sites\/11\/2013\/04\/hijas-caridad1.jpg?fit=846%2C446","contentUrl":"https:\/\/i0.wp.com\/vincentians.com\/es\/wp-content\/uploads\/sites\/11\/2013\/04\/hijas-caridad1.jpg?fit=846%2C446","width":846,"height":446},{"@type":"BreadcrumbList","@id":"http:\/\/vincentians.com\/es\/las-hijas-de-la-caridad-francesas-durante-la-revolucion-1789-1792\/#breadcrumb","itemListElement":[{"@type":"ListItem","position":1,"name":"Portada","item":"http:\/\/vincentians.com\/es\/"},{"@type":"ListItem","position":2,"name":"Las Hijas de la Caridad francesas durante la revoluci\u00f3n (1789-1792)"}]},{"@type":"WebSite","@id":"http:\/\/vincentians.com\/es\/#website","url":"http:\/\/vincentians.com\/es\/","name":"Somos Vicencianos","description":"Know more to serve more","publisher":{"@id":"http:\/\/vincentians.com\/es\/#organization"},"potentialAction":[{"@type":"SearchAction","target":{"@type":"EntryPoint","urlTemplate":"http:\/\/vincentians.com\/es\/?s={search_term_string}"},"query-input":{"@type":"PropertyValueSpecification","valueRequired":true,"valueName":"search_term_string"}}],"inLanguage":"es"},{"@type":"Organization","@id":"http:\/\/vincentians.com\/es\/#organization","name":"The Vincentian Network","url":"http:\/\/vincentians.com\/es\/","logo":{"@type":"ImageObject","inLanguage":"es","@id":"http:\/\/vincentians.com\/es\/#\/schema\/logo\/image\/","url":"https:\/\/i1.wp.com\/vincentians.com\/es\/wp-content\/uploads\/sites\/11\/2016\/06\/Vincentian-Network-logo-big.png?fit=778%2C778","contentUrl":"https:\/\/i1.wp.com\/vincentians.com\/es\/wp-content\/uploads\/sites\/11\/2016\/06\/Vincentian-Network-logo-big.png?fit=778%2C778","width":778,"height":778,"caption":"The Vincentian Network"},"image":{"@id":"http:\/\/vincentians.com\/es\/#\/schema\/logo\/image\/"},"sameAs":["https:\/\/www.facebook.com\/WeAreVincentians\/","https:\/\/x.com\/WeVincentians"]},{"@type":"Person","@id":"http:\/\/vincentians.com\/es\/#\/schema\/person\/7c2670b4445a7ca9d164ea6acdb31859","name":"Mitxel Olabu\u00e9naga","image":{"@type":"ImageObject","inLanguage":"es","@id":"http:\/\/vincentians.com\/es\/#\/schema\/person\/image\/","url":"https:\/\/secure.gravatar.com\/avatar\/34137ec2e2b8939cbbed975731e71f3f4f1defc7266ded337a5ce0f925426877?s=96&d=mm&r=g","contentUrl":"https:\/\/secure.gravatar.com\/avatar\/34137ec2e2b8939cbbed975731e71f3f4f1defc7266ded337a5ce0f925426877?s=96&d=mm&r=g","caption":"Mitxel Olabu\u00e9naga"},"url":"http:\/\/vincentians.com\/es\/author\/mitxel\/"}]}},"jetpack_publicize_connections":[],"jetpack_featured_media_url":"https:\/\/i0.wp.com\/vincentians.com\/es\/wp-content\/uploads\/sites\/11\/2013\/04\/hijas-caridad1.jpg?fit=846%2C446","jetpack_sharing_enabled":true,"jetpack_shortlink":"https:\/\/wp.me\/p7ETMF-1Hx5","jetpack-related-posts":[{"id":21186,"url":"http:\/\/vincentians.com\/es\/las-hijas-de-la-caridad-durante-la-revolucion-francesa-2\/","url_meta":{"origin":405671,"position":0},"title":"Las Hijas de la Caridad durante la Revoluci\u00f3n Francesa","author":"Mitxel Olabu\u00e9naga","date":"05\/02\/2015","format":false,"excerpt":"Muy \u00fatil es narrar, antes que el tiempo los haya entera\u00admente borrado de la memoria, los sucesos de la persecuci\u00f3n que la Congregaci\u00f3n de las Hijas de la Caridad sufri\u00f3, del mismo modo que las otras Congregaciones religiosas, al ter\u00adminar el siglo pasado. Ejemplos admirables nos dieron durante la revoluci\u00f3n\u2026","rel":"","context":"En \u00abHistoria de las Hijas de la Caridad\u00bb","block_context":{"text":"Historia de las Hijas de la Caridad","link":"http:\/\/vincentians.com\/es\/category\/historia-de-la-familia-vicenciana\/historia-de-las-hijas-de-la-caridad\/"},"img":{"alt_text":"","src":"https:\/\/i0.wp.com\/vicencianos.org\/vicencianos\/files\/2010\/04\/Hijas-de-la-Caridad-4-300x199.jpg?resize=350%2C200","width":350,"height":200},"classes":[]},{"id":404584,"url":"http:\/\/vincentians.com\/es\/hijas-de-la-caridad-y-revolucion-francesa-i\/","url_meta":{"origin":405671,"position":1},"title":"HIJAS DE LA CARIDAD Y REVOLUCI\u00d3N FRANCESA (I)","author":"Mitxel Olabu\u00e9naga","date":"18\/02\/2023","format":false,"excerpt":"No se trata de un estudio hist\u00f3rico en el riguroso sentido de la palabra. Estos re\u00adcuerdos salieron a la luz en los Annales franceses durante el a\u00f1o 1893. Son unas senci\u00adllas notas recogidas de entre testigos y en los archivos municipales y de la comunidad. Quien los redact\u00f3 no estamp\u00f3\u2026","rel":"","context":"En \u00abHistoria de las Hijas de la Caridad\u00bb","block_context":{"text":"Historia de las Hijas de la Caridad","link":"http:\/\/vincentians.com\/es\/category\/historia-de-la-familia-vicenciana\/historia-de-las-hijas-de-la-caridad\/"},"img":{"alt_text":"","src":"https:\/\/i0.wp.com\/vincentians.com\/es\/wp-content\/uploads\/sites\/11\/2013\/04\/n-1.jpg?fit=823%2C564&resize=350%2C200","width":350,"height":200,"srcset":"https:\/\/i0.wp.com\/vincentians.com\/es\/wp-content\/uploads\/sites\/11\/2013\/04\/n-1.jpg?fit=823%2C564&resize=350%2C200 1x, https:\/\/i0.wp.com\/vincentians.com\/es\/wp-content\/uploads\/sites\/11\/2013\/04\/n-1.jpg?fit=823%2C564&resize=525%2C300 1.5x, https:\/\/i0.wp.com\/vincentians.com\/es\/wp-content\/uploads\/sites\/11\/2013\/04\/n-1.jpg?fit=823%2C564&resize=700%2C400 2x"},"classes":[]},{"id":387373,"url":"http:\/\/vincentians.com\/es\/la-provincia-espanola-de-las-hijas-de-la-caridad-ii\/","url_meta":{"origin":405671,"position":2},"title":"La Provincia espa\u00f1ola de las Hijas de la Caridad (II)","author":"Mitxel Olabu\u00e9naga","date":"29\/04\/2016","format":false,"excerpt":"1.- Terminados ya los cinco a\u00f1os de su noviciado en Par\u00eds, nuestras Hermanas espa\u00f1olas fueron admitidas a la profesi\u00f3n de sus santos votos, el 6 de agosto de 1787. Perfeccion\u00e1ndose en el ejercicio de sus ministerios de Caridad, pasaron all\u00ed otros dos a\u00f1os. Cuando estallaron los preludios de la espantosa\u2026","rel":"","context":"En \u00abHistoria de las Hijas de la Caridad\u00bb","block_context":{"text":"Historia de las Hijas de la Caridad","link":"http:\/\/vincentians.com\/es\/category\/historia-de-la-familia-vicenciana\/historia-de-las-hijas-de-la-caridad\/"},"img":{"alt_text":"","src":"https:\/\/i0.wp.com\/vincentians.com\/es\/wp-content\/uploads\/sites\/11\/2016\/07\/hijas-caridad-espanya.jpg?fit=1200%2C630&resize=350%2C200","width":350,"height":200,"srcset":"https:\/\/i0.wp.com\/vincentians.com\/es\/wp-content\/uploads\/sites\/11\/2016\/07\/hijas-caridad-espanya.jpg?fit=1200%2C630&resize=350%2C200 1x, https:\/\/i0.wp.com\/vincentians.com\/es\/wp-content\/uploads\/sites\/11\/2016\/07\/hijas-caridad-espanya.jpg?fit=1200%2C630&resize=525%2C300 1.5x, https:\/\/i0.wp.com\/vincentians.com\/es\/wp-content\/uploads\/sites\/11\/2016\/07\/hijas-caridad-espanya.jpg?fit=1200%2C630&resize=700%2C400 2x, https:\/\/i0.wp.com\/vincentians.com\/es\/wp-content\/uploads\/sites\/11\/2016\/07\/hijas-caridad-espanya.jpg?fit=1200%2C630&resize=1050%2C600 3x"},"classes":[]},{"id":402405,"url":"http:\/\/vincentians.com\/es\/hijas-de-la-caridad-en-espana-5-daydi\/","url_meta":{"origin":405671,"position":3},"title":"Hijas de la Caridad en Espa\u00f1a (5) (Daydi)","author":"Mitxel Olabu\u00e9naga","date":"28\/07\/2019","format":false,"excerpt":"Las primeras fundaciones LAS COMUNICACIONES CON LOS - SUPERIORES. - LA MADRE DE-LEAU DURANTE LA REVOLUCI\u00d3N. - SOR DAVID SUPERIORA DE LAS HERMANAS ESPA\u00d1OLAS. - DESARROLLO DE LA COMUNIDAD: L\u00c9RIDA, BARBASTRO, REUS. - MUERTE DE SOR DAVID. -SOR REVENT\u00d3S. - LA INCLUSA DE MADRID. - EL SEMINARIO DE LAS HIJAS\u2026","rel":"","context":"En \u00abHistoria de las Hijas de la Caridad\u00bb","block_context":{"text":"Historia de las Hijas de la Caridad","link":"http:\/\/vincentians.com\/es\/category\/historia-de-la-familia-vicenciana\/historia-de-las-hijas-de-la-caridad\/"},"img":{"alt_text":"","src":"https:\/\/i0.wp.com\/vincentians.com\/es\/wp-content\/uploads\/sites\/11\/2011\/11\/HIjas-Caridad.jpg?fit=1200%2C600&resize=350%2C200","width":350,"height":200,"srcset":"https:\/\/i0.wp.com\/vincentians.com\/es\/wp-content\/uploads\/sites\/11\/2011\/11\/HIjas-Caridad.jpg?fit=1200%2C600&resize=350%2C200 1x, https:\/\/i0.wp.com\/vincentians.com\/es\/wp-content\/uploads\/sites\/11\/2011\/11\/HIjas-Caridad.jpg?fit=1200%2C600&resize=525%2C300 1.5x, https:\/\/i0.wp.com\/vincentians.com\/es\/wp-content\/uploads\/sites\/11\/2011\/11\/HIjas-Caridad.jpg?fit=1200%2C600&resize=700%2C400 2x, https:\/\/i0.wp.com\/vincentians.com\/es\/wp-content\/uploads\/sites\/11\/2011\/11\/HIjas-Caridad.jpg?fit=1200%2C600&resize=1050%2C600 3x"},"classes":[]},{"id":405125,"url":"http:\/\/vincentians.com\/es\/san-vicente-y-el-sufrimiento-viii\/","url_meta":{"origin":405671,"position":4},"title":"San Vicente y el sufrimiento (VIII)","author":"Mitxel Olabu\u00e9naga","date":"28\/02\/2024","format":false,"excerpt":"EN LAS HUELLAS DE SAN VICENTE. EL SUFRIMIENTO EN LA VIDA DE SUS DISC\u00cdPULOS El sufrimiento visit\u00f3 a los seguidores de san Vicente desde los primeros pasos de su vivencia humana, adem\u00e1s de ser una presencia constante en la vida de las distintas comunidades. A modo de aviso previsor, ya\u2026","rel":"","context":"En \u00abEspiritualidad\u00bb","block_context":{"text":"Espiritualidad","link":"http:\/\/vincentians.com\/es\/category\/espiritualidad\/"},"img":{"alt_text":"","src":"https:\/\/i0.wp.com\/vincentians.com\/es\/wp-content\/uploads\/sites\/11\/2023\/08\/aa.jpeg?fit=1152%2C648&resize=350%2C200","width":350,"height":200,"srcset":"https:\/\/i0.wp.com\/vincentians.com\/es\/wp-content\/uploads\/sites\/11\/2023\/08\/aa.jpeg?fit=1152%2C648&resize=350%2C200 1x, https:\/\/i0.wp.com\/vincentians.com\/es\/wp-content\/uploads\/sites\/11\/2023\/08\/aa.jpeg?fit=1152%2C648&resize=525%2C300 1.5x, https:\/\/i0.wp.com\/vincentians.com\/es\/wp-content\/uploads\/sites\/11\/2023\/08\/aa.jpeg?fit=1152%2C648&resize=700%2C400 2x, https:\/\/i0.wp.com\/vincentians.com\/es\/wp-content\/uploads\/sites\/11\/2023\/08\/aa.jpeg?fit=1152%2C648&resize=1050%2C600 3x"},"classes":[]},{"id":387400,"url":"http:\/\/vincentians.com\/es\/la-provincia-espanola-de-las-hijas-de-la-caridad-iv\/","url_meta":{"origin":405671,"position":5},"title":"La Provincia espa\u00f1ola de las Hijas de la Caridad (IV)","author":"Mitxel Olabu\u00e9naga","date":"05\/05\/2016","format":false,"excerpt":"Fundaci\u00f3n en L\u00e9rida. La venida de las Hijas de la Caridad a Espa\u00f1a hab\u00eda sido providencial. La revoluci\u00f3n espantosa francesa disolvi\u00f3 en Francia todas las comunidades y muy amargos d\u00edas hubiesen pasado nuestras Hermanas espa\u00f1olas de haber continuado en aquel pa\u00eds, lejos de sus familias. Y no fue menos providencial\u2026","rel":"","context":"En \u00abHistoria de las Hijas de la Caridad\u00bb","block_context":{"text":"Historia de las Hijas de la Caridad","link":"http:\/\/vincentians.com\/es\/category\/historia-de-la-familia-vicenciana\/historia-de-las-hijas-de-la-caridad\/"},"img":{"alt_text":"","src":"https:\/\/i0.wp.com\/vincentians.com\/es\/wp-content\/uploads\/sites\/11\/2016\/07\/hijas-caridad-espanya.jpg?fit=1200%2C630&resize=350%2C200","width":350,"height":200,"srcset":"https:\/\/i0.wp.com\/vincentians.com\/es\/wp-content\/uploads\/sites\/11\/2016\/07\/hijas-caridad-espanya.jpg?fit=1200%2C630&resize=350%2C200 1x, https:\/\/i0.wp.com\/vincentians.com\/es\/wp-content\/uploads\/sites\/11\/2016\/07\/hijas-caridad-espanya.jpg?fit=1200%2C630&resize=525%2C300 1.5x, https:\/\/i0.wp.com\/vincentians.com\/es\/wp-content\/uploads\/sites\/11\/2016\/07\/hijas-caridad-espanya.jpg?fit=1200%2C630&resize=700%2C400 2x, https:\/\/i0.wp.com\/vincentians.com\/es\/wp-content\/uploads\/sites\/11\/2016\/07\/hijas-caridad-espanya.jpg?fit=1200%2C630&resize=1050%2C600 3x"},"classes":[]}],"_links":{"self":[{"href":"http:\/\/vincentians.com\/es\/wp-json\/wp\/v2\/posts\/405671","targetHints":{"allow":["GET"]}}],"collection":[{"href":"http:\/\/vincentians.com\/es\/wp-json\/wp\/v2\/posts"}],"about":[{"href":"http:\/\/vincentians.com\/es\/wp-json\/wp\/v2\/types\/post"}],"author":[{"embeddable":true,"href":"http:\/\/vincentians.com\/es\/wp-json\/wp\/v2\/users\/5"}],"replies":[{"embeddable":true,"href":"http:\/\/vincentians.com\/es\/wp-json\/wp\/v2\/comments?post=405671"}],"version-history":[{"count":1,"href":"http:\/\/vincentians.com\/es\/wp-json\/wp\/v2\/posts\/405671\/revisions"}],"predecessor-version":[{"id":405672,"href":"http:\/\/vincentians.com\/es\/wp-json\/wp\/v2\/posts\/405671\/revisions\/405672"}],"wp:featuredmedia":[{"embeddable":true,"href":"http:\/\/vincentians.com\/es\/wp-json\/wp\/v2\/media\/403945"}],"wp:attachment":[{"href":"http:\/\/vincentians.com\/es\/wp-json\/wp\/v2\/media?parent=405671"}],"wp:term":[{"taxonomy":"category","embeddable":true,"href":"http:\/\/vincentians.com\/es\/wp-json\/wp\/v2\/categories?post=405671"},{"taxonomy":"post_tag","embeddable":true,"href":"http:\/\/vincentians.com\/es\/wp-json\/wp\/v2\/tags?post=405671"}],"curies":[{"name":"wp","href":"https:\/\/api.w.org\/{rel}","templated":true}]}}