{"id":405648,"date":"2024-11-28T08:46:22","date_gmt":"2024-11-28T07:46:22","guid":{"rendered":"https:\/\/vincentians.com\/es\/?p=405648"},"modified":"2024-08-17T20:47:37","modified_gmt":"2024-08-17T18:47:37","slug":"historia-de-la-fundacion-de-nuestra-casa-mision-en-la-iglesuela-del-cid-iii","status":"publish","type":"post","link":"http:\/\/vincentians.com\/es\/historia-de-la-fundacion-de-nuestra-casa-mision-en-la-iglesuela-del-cid-iii\/","title":{"rendered":"HISTORIA DE LA FUNDACI\u00d3N DE NUESTRA CASA-MISI\u00d3N EN LA IGLESUELA DEL CID (III)"},"content":{"rendered":"<p>VI: DILACI\u00d3N<\/p>\n<p>Al momento dio cuenta el Sr. Garc\u00e9s al Visitador de la Conferencia referida. Y a los quince d\u00edas, en 31 de Diciem\u00adbre, contest\u00f3 \u00e9ste que aceptaba en principio la ofrecida fundaci\u00f3n, pero que conven\u00eda que aqu\u00e9l hiciese un viaje a La Iglesuela, para concretar bien derechos y obligaciones. Y que por de contado la Casa, con Iglesia p\u00fablica, y las dos capaces y grandes, habr\u00edan de ser proporcionadas por la testamentar\u00eda. Lo mismo, y casi en los mismos t\u00e9rmi\u00adnos, le repiti\u00f3 en 29 de Enero de 1895, insistiendo en que fuera a La Iglesuela y se viese con los albaceas.<\/p>\n<p>Por entonces no pudo subir el Sr. Garc\u00e9s a la Sierra. Cruz\u00e1ronse algunas cartas entre \u00e9l y el Cura Izquierdo durante la primavera, \u00e9 invitado, y con instancias, aqu\u00e9l por \u00e9ste, a que subiese a predicar a La Iglesuela, y ha\u00adblar\u00edan y tratar\u00edan sobre el asunto, subi\u00f3 por fin en Agosto, y predic\u00f3 los d\u00edas 15 y 16, de La Asunci\u00f3n y de San Roque, y hablaron y trataron, y quisieron concretar y determinar, seg\u00fan los deseos y encargo del Sr. Visitador, y casi qued\u00f3 todo en agua de cerrajas.<\/p>\n<p>Qui\u00e9rese decir, exteriormente; porque bien se compren\u00add\u00eda que por dentro hab\u00eda procesi\u00f3n, y se notaba un des\u00adv\u00edo, y se ol\u00eda como a chamusquina; por lo menos que iba a plantearse una lucha, y que habr\u00eda que dar largas a la fundaci\u00f3n; porque el Cura anduvo con reservas, reticen\u00adcias y misterios, y en cosa ninguna quer\u00eda soltar prendas, y manifest\u00f3 inter\u00e9s en instalar antes y pronto las monjas, como a quien no le importaba ya de los frailes y se con\u00adtentaba con la otra fundaci\u00f3n, y de ninguna manera quiso comprometerse a contribuir a la de la casa, diciendo que tendr\u00edamos que hac\u00e9rnosla nosotros con los productos de la granja.<\/p>\n<p>Estas impresiones comunic\u00f3 fielmente en seguida el Sr. Garc\u00e9s al Sr. Visitador, y \u00e9ste, en 8 de Septiembre, le contest\u00f3: \u2014\u00abNo son muy halag\u00fce\u00f1as, que digamos, las noticias referentes a La Iglesuela; y si la Casa-Misi\u00f3n no ha de edificarse hasta que haya dinero para ello, salido de los productos, para tiempo tenemos obra. En fin, como la cosa no urge, tenemos tiempo de pensar bien el asunto.\u00bb<\/p>\n<p>Qued\u00f3, pues, \u00e9ste paralizado por ambas partes, y se vis\u00adlumbraba que la dilaci\u00f3n ser\u00eda considerable.<\/p>\n<p>Dos a\u00f1os se pasaron sin avanzar un paso, casi sin res\u00adpirar por ninguna de las partes. Mas el Cura no se durmi\u00f3, ni estuvo perezoso entre tanto. Con dinero suyo \u2014dicen\u2014arregl\u00f3 para las Hermanas de Santa Ana la casa solariega que fue de <sup>D.<\/sup> Carmen y hab\u00eda dejado, por disposici\u00f3n testamentaria, en usufructo a su hermana, Sor Magdalena, gast\u00e1ndose \u2014dicen\u2014 pr\u00f3ximamente mil duros, y fue ins\u00adtalada en ella la Comunidad a fin de Agosto de 1896, es decir, seis a\u00f1os antes que nosotros.<\/p>\n<p>Y abramos un par\u00e9ntesis con ocasi\u00f3n de esta instala\u00adci\u00f3n, porque los lectores, y por ventura m\u00e1s las lectoras, al observar que van mencionadas varias veces ya las Anas, acaso pregunten: \u00bfY por qu\u00e9 las Anas? \u00bfPor qu\u00e9 no las Paulas? \u00bfPor qu\u00e9 establecer las Hermanas de la Caridad de Santa Ana y no las Hijas de la Caridad de San Vicente de Pa\u00fal, all\u00ed donde son establecidos los Hijos de este San\u00adto, los Pa\u00fales? \u00bfNo fuera mejor?&#8230; Alto ah\u00ed y por partes.<\/p>\n<p>Fueron llamados los Pa\u00fales porque eran conocidos. a lo menos el Superior de Alcorisa.<\/p>\n<p>No fueron llamadas las Hijas de la Caridad porque no eran conocidas en las monta\u00f1as de La Iglesuela ni en las pr\u00f3ximas provincia y Di\u00f3cesis de Tortosa, con las que hay frecuente comunicaci\u00f3n, y en las que predominan, y casi son \u00fanicas conocidas las Hermanas llamadas de la Conso\u00adlaci\u00f3n. Ni la menor noticia ten\u00edan de las nuestras cuando se establecieron los Pa\u00fales.<\/p>\n<p>Y fueron llamadas las Anas porque tienen su Centro en Zaragoza, y han sido siempre muy estimadas y favorecidas de los Prelados y del Clero de Zaragoza; y se han exten\u00addido mucho por toda la Di\u00f3cesis de Zaragoza; y, por \u00faltimo, el Cura Izquierdo, que manej\u00f3 las fundaciones de La Iglesuela, con Anas solamente hab\u00eda tratado, y gui\u00f3 y ayud\u00f3 a salir de La Iglesuela, para ser Anas, durante m\u00e1s de veinte a\u00f1os que fue Cura de ese pueblo, varias j\u00f3venes, que hoy son ya respetables Hermanas de Santa Ana. \u00bfQu\u00e9 extra\u00f1o, pues, que fueran llamadas \u00e9stas, y no las nues\u00adtras, en el testamento de D.\u00bb Carmen Dauden?<\/p>\n<p>Pero \u00bfno hubiera sido mejor?&#8230; Supended, suspended por ahora esa pregunta. Ante todo y sobre todo acatemos las disposiciones de la Providencia, que nunca se enga\u00f1a.<\/p>\n<p>Despu\u00e9s\u00a0\u00a0\u00a0\u00a0\u00a0\u00a0\u00a0\u00a0\u00a0 veremos si despu\u00e9s, cuando se hable de los frutos espirituales que ha producido nuestra fundaci\u00f3n de La Iglesuela, parece, o no, oportuno contestar de otro modo a esa pregunta. Por ahora basta y sobra lo dicho.<\/p>\n<p>Durante estos dos a\u00f1os, 1896-97, el Cura, que ya se hab\u00eda entibiado en el anterior, se enfri\u00f3 completamente con relaci\u00f3n a los Pa\u00fales. O m\u00e1s exactamente dicho, se convirti\u00f3 en contrario. Hab\u00eda sido \u00e9l inspirador para que se estableciesen en La Iglesuela. Despu\u00e9s, por lo de la casa que hab\u00eda que proporcionarles, los juzg\u00f3 exigentes, dej\u00f3 de estimarles, y pens\u00f3 en sustituirlos por otros Reli\u00adgiosos. Y fue, en efecto, a La Iglesuela alg\u00fan fraile Agus\u00adtino Recoleto, que ofreci\u00f3 contentarse con el capital sin casa.<\/p>\n<p>Y escribi\u00f3 al Sr. Garc\u00e9s el Cura apremi\u00e1ndole, aunque sin hacer menci\u00f3n de lo del Religioso, para que, o se apresurasen los Pa\u00fales a establecerse, o renunciasen a la fundaci\u00f3n. Y el Sr. Garc\u00e9s, como \u00abel buen recadero ni perezoso ni embustero\u00bb transmiti\u00f3 esos apremios al Sr. Vi\u00adsitador. Y \u00e9ste contest\u00f3, con fecha 22 de Noviembre de 1897, que \u00bfc\u00f3mo establecerse sin casa; ni c\u00f3mo hacerla si ellos no aprontaban los 10.000 duros? Y se lamentaba de que a\u00fan no se hab\u00edan dirigido los se\u00f1ores testamenta\u00adrios oficialmente a \u00e9l. Y a\u00f1ad\u00eda: \u2014\u00abVeo mucha informali\u00addad y dejadez en esos se\u00f1ores.\u00bb Por cierto que s\u00ed.<\/p>\n<p>Como el Sr. Garc\u00e9s vi\u00f3 el sesgo que iba tomando el asunto, y que se aproximaba la lucha, y penetraba el des\u00adafecto, el desv\u00edo, la animosidad, hasta el deseo de que dej\u00e1ramos la fundaci\u00f3n, y \u00e9l, a esas alturas, ya no pod\u00eda hacer nada, se hizo a un lado, y remiti\u00f3 al Cura al se\u00f1or D. Eladio Arn\u00e1iz, Visitador de los Paules, que era quien pod\u00eda tomar una determinaci\u00f3n.<\/p>\n<p>Y el Cura, pronto y bien mandado, ufano, arrogante, vase a Zaragoza, se intima con el Prelado, y pertrechado con los alientos de \u00e9ste, avanza intr\u00e9pido hasta Madrid, se presenta en la calle de Garc\u00eda Paredes, se pone frente a frente del se\u00f1or Visitador, y pretende luchar, intimidar. Y sucedi\u00f3 que fue por lana y sali\u00f3 trasquilado, que se encontr\u00f3 con la horma de su zapato, le sali\u00f3 el tiro por la culata, y se volvi\u00f3 con las orejitas gachas a su casa, por\u00adque el Visitador contesta con firmeza que no renuncia a la fundaci\u00f3n, que con aquella misma fecha escribir\u00eda al Arzo\u00adbispo, y que estaba resuelto a llevar la cuesti\u00f3n a Roma. As\u00ed se tose ante los arrogantes para que depongan sus actitudes quijotescas. Y en efecto, el Cura se volvi\u00f3 a la Sierra y no torn\u00f3 a respirar sobre el asunto de la renun\u00adcia, ni de la fundaci\u00f3n tampoco.<\/p>\n<p>VII:\u00a0SUMA, SIGUE Y CONCLUYE<\/p>\n<p>El Sr. Visitador se mantuvo firme, contra viento y ma\u00adrea, en no renunciar la fundaci\u00f3n y en no hacerla hasta que, o allegasen recursos los albaceas, o se acopiasen fon\u00addos suficientes para edificar la casa con los productos del capital. Y se pasaron otros dos a\u00f1os en completa estanca\u00adci\u00f3n, sin que el Arzobispo, a qui\u00e9n el Visitador hab\u00eda escrito, ni el Arcipreste, a quien hab\u00eda escrito el Sr. Garc\u00e9s, ni el Cura de La Iglesuela, volvieran a reclamar, ni depusiesen su actitud, ni se moviesen en sentido alguno.<\/p>\n<p>Quien se mov\u00eda y se agitaba en el mismo tiempo, y mostraba inter\u00e9s en sentido favorable a la fundaci\u00f3n, era el mantenedor de la otra corriente, Mariano Soler, el alba\u00adcea seglar. El cual hizo varios viajes a Alcorisa, y escribi\u00f3 algunas cartas al Sr. Garc\u00e9s, rog\u00e1ndole con encarecimien\u00adto que hiciera cuanto estuviese de su parte para que fue\u00adsen pronto los Paules a La Iglesuela, porque la gente de bien, que los deseaba, empezaba a impacientarse y a des\u00adconfiar de ellos, y se estaba formando, con ayuda de los malos, una atm\u00f3sfera desfavorable, \u00e9 iba perdiendo terreno de d\u00eda en d\u00eda al concepto que de ellos se ten\u00eda anterior\u00admente formado.<\/p>\n<p>Todo lo cual iba poniendo el Sr. Garc\u00e9s en conocimien\u00adto del Sr. Visitador, excit\u00e1ndole a la par a que hiciese un viaje a la Iglesuela, para que formase juicio de aquello, y tomase una \u00fa otra determinaci\u00f3n. Estas excitaciones pro\u00addujeron su efecto, porque manifest\u00f3 dicho se\u00f1or que entra\u00adba en el pensamiento, y que comprend\u00eda perfectamente el alcance de las indicaciones hechas por el albacea Soler.<\/p>\n<p>Para mayor est\u00edmulo, y para adelantar esta labor, quiso Dios que por entonces recibiese el Sr. Visitador una carta, cuyo contenido comunic\u00f3 este se\u00f1or al Sr. Garc\u00e9s, con fecha 23 de Octubre de 1899, en los siguientes t\u00e9rminos, que van a copiarse, porque en ellos se corrobora lo que se acaba de decir, y se pinta bien y se refleja con claridad el estado de opini\u00f3n que reinaba en La Iglesuela y en el \u00e1nimo del Sr. Visitador.<\/p>\n<p>El cual dice: \u00bb &#8230; y conviene que vaya a Zaragoza para ver de activar algo lo de Iglesuela, respecto de lo cual he tenido una carta del Sr. Barona, que se ha visto en Almer\u00eda con un P. Josefino, hijo del Sr. Soler, y seg\u00fan dicho P. Josefino, y refiri\u00e9ndose a las cartas de su padre, conviene que vayamos cuanto antes, pues hay bastante oposici\u00f3n a que all\u00ed nos &#8216;instalemos de parte de algunos cl\u00e9rigos de por all\u00ed, de Zaragoza, y, lo que es a\u00fan peor, con esta ocasi\u00f3n se halla dividido el pueblo, reclam\u00e1ndonos unos, mientras otros no nos quieren; cosa que no me ex\u00adtra\u00f1a, pues en la poblaci\u00f3n han de dibujarse las dos tenden\u00adcias, del Cura y del Sr. Soler.\u2014No hay que decir que nos\u00adotros estamos dispuestos a proseguir nuestros derechos a todo trance, y por ende siquiera, repito, hacer algo en Zaragoza, y tambi\u00e9n deseo que usted me acompa\u00f1e, as\u00ed en esta ciudad como, si conviene, en el viaje que tal vez hagamos a la Iglesuela, para ver aquello, por supuesto, de inteligencia con el Arzobispo, o de quien le represente en el asunto. Conque est\u00e9 usted dispuesto para venir a Zara\u00adgoza tan pronto como reciba parte o carta m\u00edos, avis\u00e1ndo\u00adle en ese sentido.\u00bb<\/p>\n<p>Y en 28 de Octubre le avis\u00f3, en efecto, para que fuese a Zaragoza. Y all\u00ed se vieron el 3 de Noviembre. Conferen\u00adciaron larga y amistosamente con el Sr. Arzobispo, y \u00e9ste no opuso obst\u00e1culo alguno, antes bien, di\u00f3 muestras de inter\u00e9s en que se realizase pronto la fundaci\u00f3n, pero sin soltar tampoco ofrecimiento ninguno.<\/p>\n<p>Conferenciaron despu\u00e9s con el Provisor, Sr. Pellicer, que era el encargado de agenciar el asunto. Este mostr\u00f3 mayor inter\u00e9s a\u00fan por verse libre de tan pesado negocio, porque dijo que estaba harto ya de tantos d\u00edmes y diretes cruzados entre los albaceas, que obligaron al Prelado a cambiar el Administrador y a imponerse con energ\u00eda para que se procediese a la venta de las fincas y se realizasen los capi\u00adtales de las dos fundaciones.<\/p>\n<p>Y tanto era as\u00ed que, aprovechando la ocasi\u00f3n, comision\u00f3 el Arzobispo al Sr. Garc\u00e9s para que subiese a La Iglesuela y en su nombre convocase a los albaceas y les intimase perentoriamente la orden de vender y realizar; d\u00e1ndole instrucciones particulares y fijas sobre los precios de las fincas. Lo cual, con toda actividad, y a satisfacci\u00f3n de los mismos albaceas, ejecut\u00f3 inmediatamente el Sr. Garc\u00e9s.<\/p>\n<p>A su vuelta de La Iglesuela a Alcorisa, escribe al se\u00f1or Visitador, que estaba en Barcelona, la entrevista y buen resultado de la comisi\u00f3n que le encarg\u00f3 el Prelado, y ale\u00adgr\u00e1ndose de ello, le dice desde Figueras, con fecha 20 de Noviembre, que est\u00e9 prevenido, porque va a pasar a Ma\u00adllorca y Menorca, y desde \u00e9sta le avisar\u00e1 por tel\u00e9grafo qu\u00e9 d\u00eda podr\u00e1 llegar a Valencia, para juntarse all\u00ed y emprender el viaje a la Iglesuela.<\/p>\n<p>Y en Valencia esperaba el Sr. Garc\u00e9s la v\u00edspera de la llegada del Sr. Visitador.<\/p>\n<p>Y en el puerto le recibi\u00f3 el d\u00eda 7 de Diciembre de 1899, a las seis de la ma\u00f1ana.<\/p>\n<p>Y el 9 salieron de Valencia para tomar el coche, a las cuatro de la tarde, en Alcal\u00e1 de Chisvert. Eran d\u00edas de ciclones y tormentas. La noche anterior hab\u00eda sido volcado un coche en medio de la carretera por la fuerza del viento. Y no parec\u00eda de menos intensidad el que soplaba aquella tarde; de manera que zozobraba el parecer de los coche\u00adros entre salir o no salir. Pero nuestros viajeros no se arre\u00addraron, con admiraci\u00f3n y aplauso de aqu\u00e9llos. A la una de la madrugada llegaron a Ares del Maestrazgo, sin no\u00advedad, gracias a Dios, fuera del fr\u00edo. \u00a1Y qu\u00e9 camas les es\u00adperaban! No fueran m\u00e1s austeras en una Trapa.<\/p>\n<p>Y el lo, celebradas las Misas en Ares, en dos caballer\u00edas, de cuatro o cinco horas de camino, arrebujados como po\u00add\u00edan, porque el viento, de frente, era muy fuerte y fr\u00edo, se presentaron en la Iglesuela a las doce y media. No fue tan cordial como correspond\u00eda al recibimiento. Ni siquiera comida preparada hab\u00eda, a pesar del precedente aviso de llegar aquel d\u00eda y a aquella hora. Se habl\u00f3 con tres alba\u00adceas lo que conven\u00eda. Casi no pudo salirse a la calle por lo desapacible de la tarde. La estancia se hac\u00eda violenta. A las doce de la noche, noche negra y amenazadora, otra vez montados. Pasmados del arrojo se quedaron los que se enteraron. Antes de dos horas, arrecidos, se apean. Al Sr. Garc\u00e9s, que por la obscuridad indicaba al otro el mejor camino, se le tuerce un pie en un bache, y da un tamborilazo de frente bueno, bueno, aunque sin m\u00e1s consecuen\u00adcias que las risas, muy naturales en esos casos, y las pal\u00admas despellejadas. Montan otra vez, y a la hora y media, a las tres de la ma\u00f1ana se echa a nevar, yendo mal arro\u00adpados, a lo menos el Sr. Visitador, que no llevaba balan\u00addr\u00e1n. Gracias que el viento azotaba por la espalda. A las cinco en Ares, a las seis en el coche, a las dos en Alcal\u00e1, a las siete de la noche en Valencia. \u00a1Viaje c\u00e9lebre!<\/p>\n<p>Pasa el 190o sin variaci\u00f3n notable. Muere el Arzobispo Alda. Es nombrado para sustituirle en 1901 el Cardenal Cascajares. Habla con \u00e9ste y con el Sr. Pellicer sobre nues\u00adtra fundaci\u00f3n el Sr. Visitador; los encuentra complacientes y les promete que se har\u00e1 desde Mayo a Octubre de este mismo a\u00f1o. Muere antes el Sr. Cascajares, y es elegido Vicario Capitular el Sr. Pellicer. Parec\u00eda muy oportuna una tregua hasta que hubiese nuevo Prelado, y se hace por parte nuestra alguna indicaci\u00f3n. Pero no ceja Soler en sus solicitaciones, \u00e9 insiste en lo mismo el Vicario Capitu\u00adlar. En conclusi\u00f3n, responde el Sr. Visitador que pronto har\u00e1 la Visita en Alcorisa, y all\u00ed tomar\u00e1 una resoluci\u00f3n definitiva.<\/p>\n<p><em>ANALES 1907<\/em><\/p>\n<p>&nbsp;<\/p>\n","protected":false},"excerpt":{"rendered":"<p>VI: DILACI\u00d3N Al momento dio cuenta el Sr. Garc\u00e9s al Visitador de la Conferencia referida. Y a los quince d\u00edas, en 31 de Diciem\u00adbre, contest\u00f3 \u00e9ste que aceptaba en principio la ofrecida fundaci\u00f3n, pero que &#8230; <a href=\"http:\/\/vincentians.com\/es\/historia-de-la-fundacion-de-nuestra-casa-mision-en-la-iglesuela-del-cid-iii\/\" class=\"more-link\">Read More<\/a><\/p>\n","protected":false},"author":5,"featured_media":404141,"comment_status":"open","ping_status":"open","sticky":false,"template":"","format":"standard","meta":{"jetpack_post_was_ever_published":false,"_jetpack_newsletter_access":"","_jetpack_dont_email_post_to_subs":false,"_jetpack_newsletter_tier_id":0,"_jetpack_memberships_contains_paywalled_content":false,"_jetpack_memberships_contains_paid_content":false,"footnotes":"","jetpack_publicize_message":"","jetpack_publicize_feature_enabled":true,"jetpack_social_post_already_shared":true,"jetpack_social_options":{"image_generator_settings":{"template":"highway","default_image_id":0,"font":"","enabled":false},"version":2}},"categories":[252],"tags":[],"class_list":["post-405648","post","type-post","status-publish","format-standard","has-post-thumbnail","hentry","category-historia-de-la-congregacion-de-la-mision-en-espana"],"yoast_head":"<!-- This site is optimized with the Yoast SEO plugin v26.3 - https:\/\/yoast.com\/wordpress\/plugins\/seo\/ -->\n<title>HISTORIA DE LA FUNDACI\u00d3N DE NUESTRA CASA-MISI\u00d3N EN LA IGLESUELA DEL CID (III) - Somos Vicencianos<\/title>\n<meta name=\"robots\" content=\"index, follow, max-snippet:-1, max-image-preview:large, max-video-preview:-1\" \/>\n<link rel=\"canonical\" href=\"http:\/\/vincentians.com\/es\/historia-de-la-fundacion-de-nuestra-casa-mision-en-la-iglesuela-del-cid-iii\/\" \/>\n<meta property=\"og:locale\" content=\"es_ES\" \/>\n<meta property=\"og:type\" content=\"article\" \/>\n<meta property=\"og:title\" content=\"HISTORIA DE LA FUNDACI\u00d3N DE NUESTRA CASA-MISI\u00d3N EN LA IGLESUELA DEL CID (III) - Somos Vicencianos\" \/>\n<meta property=\"og:description\" content=\"VI: DILACI\u00d3N Al momento dio cuenta el Sr. Garc\u00e9s al Visitador de la Conferencia referida. Y a los quince d\u00edas, en 31 de Diciem\u00adbre, contest\u00f3 \u00e9ste que aceptaba en principio la ofrecida fundaci\u00f3n, pero que ... Read More\" \/>\n<meta property=\"og:url\" content=\"http:\/\/vincentians.com\/es\/historia-de-la-fundacion-de-nuestra-casa-mision-en-la-iglesuela-del-cid-iii\/\" \/>\n<meta property=\"og:site_name\" content=\"Somos Vicencianos\" \/>\n<meta property=\"article:publisher\" content=\"https:\/\/www.facebook.com\/WeAreVincentians\/\" \/>\n<meta property=\"article:published_time\" content=\"2024-11-28T07:46:22+00:00\" \/>\n<meta property=\"og:image\" content=\"https:\/\/i0.wp.com\/vincentians.com\/es\/wp-content\/uploads\/sites\/11\/2013\/04\/msoF811D.jpg?fit=612%2C490\" \/>\n\t<meta property=\"og:image:width\" content=\"612\" \/>\n\t<meta property=\"og:image:height\" content=\"490\" \/>\n\t<meta property=\"og:image:type\" content=\"image\/jpeg\" \/>\n<meta name=\"author\" content=\"Mitxel Olabu\u00e9naga\" \/>\n<meta name=\"twitter:card\" content=\"summary_large_image\" \/>\n<meta name=\"twitter:creator\" content=\"@WeVincentians\" \/>\n<meta name=\"twitter:site\" content=\"@WeVincentians\" \/>\n<meta name=\"twitter:label1\" content=\"Escrito por\" \/>\n\t<meta name=\"twitter:data1\" content=\"Mitxel Olabu\u00e9naga\" \/>\n\t<meta name=\"twitter:label2\" content=\"Tiempo de lectura\" \/>\n\t<meta name=\"twitter:data2\" content=\"12 minutos\" \/>\n<script type=\"application\/ld+json\" class=\"yoast-schema-graph\">{\"@context\":\"https:\/\/schema.org\",\"@graph\":[{\"@type\":\"Article\",\"@id\":\"http:\/\/vincentians.com\/es\/historia-de-la-fundacion-de-nuestra-casa-mision-en-la-iglesuela-del-cid-iii\/#article\",\"isPartOf\":{\"@id\":\"http:\/\/vincentians.com\/es\/historia-de-la-fundacion-de-nuestra-casa-mision-en-la-iglesuela-del-cid-iii\/\"},\"author\":{\"name\":\"Mitxel Olabu\u00e9naga\",\"@id\":\"http:\/\/vincentians.com\/es\/#\/schema\/person\/7c2670b4445a7ca9d164ea6acdb31859\"},\"headline\":\"HISTORIA DE LA FUNDACI\u00d3N DE NUESTRA CASA-MISI\u00d3N EN LA IGLESUELA DEL CID (III)\",\"datePublished\":\"2024-11-28T07:46:22+00:00\",\"mainEntityOfPage\":{\"@id\":\"http:\/\/vincentians.com\/es\/historia-de-la-fundacion-de-nuestra-casa-mision-en-la-iglesuela-del-cid-iii\/\"},\"wordCount\":2766,\"commentCount\":0,\"publisher\":{\"@id\":\"http:\/\/vincentians.com\/es\/#organization\"},\"image\":{\"@id\":\"http:\/\/vincentians.com\/es\/historia-de-la-fundacion-de-nuestra-casa-mision-en-la-iglesuela-del-cid-iii\/#primaryimage\"},\"thumbnailUrl\":\"https:\/\/i0.wp.com\/vincentians.com\/es\/wp-content\/uploads\/sites\/11\/2013\/04\/msoF811D.jpg?fit=612%2C490\",\"articleSection\":[\"Historia de la Congregaci\u00f3n de la Misi\u00f3n en Espa\u00f1a\"],\"inLanguage\":\"es\",\"potentialAction\":[{\"@type\":\"CommentAction\",\"name\":\"Comment\",\"target\":[\"http:\/\/vincentians.com\/es\/historia-de-la-fundacion-de-nuestra-casa-mision-en-la-iglesuela-del-cid-iii\/#respond\"]}]},{\"@type\":\"WebPage\",\"@id\":\"http:\/\/vincentians.com\/es\/historia-de-la-fundacion-de-nuestra-casa-mision-en-la-iglesuela-del-cid-iii\/\",\"url\":\"http:\/\/vincentians.com\/es\/historia-de-la-fundacion-de-nuestra-casa-mision-en-la-iglesuela-del-cid-iii\/\",\"name\":\"HISTORIA DE LA FUNDACI\u00d3N DE NUESTRA CASA-MISI\u00d3N EN LA IGLESUELA DEL CID (III) - Somos Vicencianos\",\"isPartOf\":{\"@id\":\"http:\/\/vincentians.com\/es\/#website\"},\"primaryImageOfPage\":{\"@id\":\"http:\/\/vincentians.com\/es\/historia-de-la-fundacion-de-nuestra-casa-mision-en-la-iglesuela-del-cid-iii\/#primaryimage\"},\"image\":{\"@id\":\"http:\/\/vincentians.com\/es\/historia-de-la-fundacion-de-nuestra-casa-mision-en-la-iglesuela-del-cid-iii\/#primaryimage\"},\"thumbnailUrl\":\"https:\/\/i0.wp.com\/vincentians.com\/es\/wp-content\/uploads\/sites\/11\/2013\/04\/msoF811D.jpg?fit=612%2C490\",\"datePublished\":\"2024-11-28T07:46:22+00:00\",\"breadcrumb\":{\"@id\":\"http:\/\/vincentians.com\/es\/historia-de-la-fundacion-de-nuestra-casa-mision-en-la-iglesuela-del-cid-iii\/#breadcrumb\"},\"inLanguage\":\"es\",\"potentialAction\":[{\"@type\":\"ReadAction\",\"target\":[\"http:\/\/vincentians.com\/es\/historia-de-la-fundacion-de-nuestra-casa-mision-en-la-iglesuela-del-cid-iii\/\"]}]},{\"@type\":\"ImageObject\",\"inLanguage\":\"es\",\"@id\":\"http:\/\/vincentians.com\/es\/historia-de-la-fundacion-de-nuestra-casa-mision-en-la-iglesuela-del-cid-iii\/#primaryimage\",\"url\":\"https:\/\/i0.wp.com\/vincentians.com\/es\/wp-content\/uploads\/sites\/11\/2013\/04\/msoF811D.jpg?fit=612%2C490\",\"contentUrl\":\"https:\/\/i0.wp.com\/vincentians.com\/es\/wp-content\/uploads\/sites\/11\/2013\/04\/msoF811D.jpg?fit=612%2C490\",\"width\":612,\"height\":490},{\"@type\":\"BreadcrumbList\",\"@id\":\"http:\/\/vincentians.com\/es\/historia-de-la-fundacion-de-nuestra-casa-mision-en-la-iglesuela-del-cid-iii\/#breadcrumb\",\"itemListElement\":[{\"@type\":\"ListItem\",\"position\":1,\"name\":\"Portada\",\"item\":\"http:\/\/vincentians.com\/es\/\"},{\"@type\":\"ListItem\",\"position\":2,\"name\":\"HISTORIA DE LA FUNDACI\u00d3N DE NUESTRA CASA-MISI\u00d3N EN LA IGLESUELA DEL CID (III)\"}]},{\"@type\":\"WebSite\",\"@id\":\"http:\/\/vincentians.com\/es\/#website\",\"url\":\"http:\/\/vincentians.com\/es\/\",\"name\":\"Somos Vicencianos\",\"description\":\"Know more to serve more\",\"publisher\":{\"@id\":\"http:\/\/vincentians.com\/es\/#organization\"},\"potentialAction\":[{\"@type\":\"SearchAction\",\"target\":{\"@type\":\"EntryPoint\",\"urlTemplate\":\"http:\/\/vincentians.com\/es\/?s={search_term_string}\"},\"query-input\":{\"@type\":\"PropertyValueSpecification\",\"valueRequired\":true,\"valueName\":\"search_term_string\"}}],\"inLanguage\":\"es\"},{\"@type\":\"Organization\",\"@id\":\"http:\/\/vincentians.com\/es\/#organization\",\"name\":\"The Vincentian Network\",\"url\":\"http:\/\/vincentians.com\/es\/\",\"logo\":{\"@type\":\"ImageObject\",\"inLanguage\":\"es\",\"@id\":\"http:\/\/vincentians.com\/es\/#\/schema\/logo\/image\/\",\"url\":\"https:\/\/i1.wp.com\/vincentians.com\/es\/wp-content\/uploads\/sites\/11\/2016\/06\/Vincentian-Network-logo-big.png?fit=778%2C778\",\"contentUrl\":\"https:\/\/i1.wp.com\/vincentians.com\/es\/wp-content\/uploads\/sites\/11\/2016\/06\/Vincentian-Network-logo-big.png?fit=778%2C778\",\"width\":778,\"height\":778,\"caption\":\"The Vincentian Network\"},\"image\":{\"@id\":\"http:\/\/vincentians.com\/es\/#\/schema\/logo\/image\/\"},\"sameAs\":[\"https:\/\/www.facebook.com\/WeAreVincentians\/\",\"https:\/\/x.com\/WeVincentians\"]},{\"@type\":\"Person\",\"@id\":\"http:\/\/vincentians.com\/es\/#\/schema\/person\/7c2670b4445a7ca9d164ea6acdb31859\",\"name\":\"Mitxel Olabu\u00e9naga\",\"image\":{\"@type\":\"ImageObject\",\"inLanguage\":\"es\",\"@id\":\"http:\/\/vincentians.com\/es\/#\/schema\/person\/image\/\",\"url\":\"https:\/\/secure.gravatar.com\/avatar\/34137ec2e2b8939cbbed975731e71f3f4f1defc7266ded337a5ce0f925426877?s=96&d=mm&r=g\",\"contentUrl\":\"https:\/\/secure.gravatar.com\/avatar\/34137ec2e2b8939cbbed975731e71f3f4f1defc7266ded337a5ce0f925426877?s=96&d=mm&r=g\",\"caption\":\"Mitxel Olabu\u00e9naga\"},\"url\":\"http:\/\/vincentians.com\/es\/author\/mitxel\/\"}]}<\/script>\n<!-- \/ Yoast SEO plugin. -->","yoast_head_json":{"title":"HISTORIA DE LA FUNDACI\u00d3N DE NUESTRA CASA-MISI\u00d3N EN LA IGLESUELA DEL CID (III) - Somos Vicencianos","robots":{"index":"index","follow":"follow","max-snippet":"max-snippet:-1","max-image-preview":"max-image-preview:large","max-video-preview":"max-video-preview:-1"},"canonical":"http:\/\/vincentians.com\/es\/historia-de-la-fundacion-de-nuestra-casa-mision-en-la-iglesuela-del-cid-iii\/","og_locale":"es_ES","og_type":"article","og_title":"HISTORIA DE LA FUNDACI\u00d3N DE NUESTRA CASA-MISI\u00d3N EN LA IGLESUELA DEL CID (III) - Somos Vicencianos","og_description":"VI: DILACI\u00d3N Al momento dio cuenta el Sr. Garc\u00e9s al Visitador de la Conferencia referida. Y a los quince d\u00edas, en 31 de Diciem\u00adbre, contest\u00f3 \u00e9ste que aceptaba en principio la ofrecida fundaci\u00f3n, pero que ... Read More","og_url":"http:\/\/vincentians.com\/es\/historia-de-la-fundacion-de-nuestra-casa-mision-en-la-iglesuela-del-cid-iii\/","og_site_name":"Somos Vicencianos","article_publisher":"https:\/\/www.facebook.com\/WeAreVincentians\/","article_published_time":"2024-11-28T07:46:22+00:00","og_image":[{"width":612,"height":490,"url":"https:\/\/i0.wp.com\/vincentians.com\/es\/wp-content\/uploads\/sites\/11\/2013\/04\/msoF811D.jpg?fit=612%2C490","type":"image\/jpeg"}],"author":"Mitxel Olabu\u00e9naga","twitter_card":"summary_large_image","twitter_creator":"@WeVincentians","twitter_site":"@WeVincentians","twitter_misc":{"Escrito por":"Mitxel Olabu\u00e9naga","Tiempo de lectura":"12 minutos"},"schema":{"@context":"https:\/\/schema.org","@graph":[{"@type":"Article","@id":"http:\/\/vincentians.com\/es\/historia-de-la-fundacion-de-nuestra-casa-mision-en-la-iglesuela-del-cid-iii\/#article","isPartOf":{"@id":"http:\/\/vincentians.com\/es\/historia-de-la-fundacion-de-nuestra-casa-mision-en-la-iglesuela-del-cid-iii\/"},"author":{"name":"Mitxel Olabu\u00e9naga","@id":"http:\/\/vincentians.com\/es\/#\/schema\/person\/7c2670b4445a7ca9d164ea6acdb31859"},"headline":"HISTORIA DE LA FUNDACI\u00d3N DE NUESTRA CASA-MISI\u00d3N EN LA IGLESUELA DEL CID (III)","datePublished":"2024-11-28T07:46:22+00:00","mainEntityOfPage":{"@id":"http:\/\/vincentians.com\/es\/historia-de-la-fundacion-de-nuestra-casa-mision-en-la-iglesuela-del-cid-iii\/"},"wordCount":2766,"commentCount":0,"publisher":{"@id":"http:\/\/vincentians.com\/es\/#organization"},"image":{"@id":"http:\/\/vincentians.com\/es\/historia-de-la-fundacion-de-nuestra-casa-mision-en-la-iglesuela-del-cid-iii\/#primaryimage"},"thumbnailUrl":"https:\/\/i0.wp.com\/vincentians.com\/es\/wp-content\/uploads\/sites\/11\/2013\/04\/msoF811D.jpg?fit=612%2C490","articleSection":["Historia de la Congregaci\u00f3n de la Misi\u00f3n en Espa\u00f1a"],"inLanguage":"es","potentialAction":[{"@type":"CommentAction","name":"Comment","target":["http:\/\/vincentians.com\/es\/historia-de-la-fundacion-de-nuestra-casa-mision-en-la-iglesuela-del-cid-iii\/#respond"]}]},{"@type":"WebPage","@id":"http:\/\/vincentians.com\/es\/historia-de-la-fundacion-de-nuestra-casa-mision-en-la-iglesuela-del-cid-iii\/","url":"http:\/\/vincentians.com\/es\/historia-de-la-fundacion-de-nuestra-casa-mision-en-la-iglesuela-del-cid-iii\/","name":"HISTORIA DE LA FUNDACI\u00d3N DE NUESTRA CASA-MISI\u00d3N EN LA IGLESUELA DEL CID (III) - Somos Vicencianos","isPartOf":{"@id":"http:\/\/vincentians.com\/es\/#website"},"primaryImageOfPage":{"@id":"http:\/\/vincentians.com\/es\/historia-de-la-fundacion-de-nuestra-casa-mision-en-la-iglesuela-del-cid-iii\/#primaryimage"},"image":{"@id":"http:\/\/vincentians.com\/es\/historia-de-la-fundacion-de-nuestra-casa-mision-en-la-iglesuela-del-cid-iii\/#primaryimage"},"thumbnailUrl":"https:\/\/i0.wp.com\/vincentians.com\/es\/wp-content\/uploads\/sites\/11\/2013\/04\/msoF811D.jpg?fit=612%2C490","datePublished":"2024-11-28T07:46:22+00:00","breadcrumb":{"@id":"http:\/\/vincentians.com\/es\/historia-de-la-fundacion-de-nuestra-casa-mision-en-la-iglesuela-del-cid-iii\/#breadcrumb"},"inLanguage":"es","potentialAction":[{"@type":"ReadAction","target":["http:\/\/vincentians.com\/es\/historia-de-la-fundacion-de-nuestra-casa-mision-en-la-iglesuela-del-cid-iii\/"]}]},{"@type":"ImageObject","inLanguage":"es","@id":"http:\/\/vincentians.com\/es\/historia-de-la-fundacion-de-nuestra-casa-mision-en-la-iglesuela-del-cid-iii\/#primaryimage","url":"https:\/\/i0.wp.com\/vincentians.com\/es\/wp-content\/uploads\/sites\/11\/2013\/04\/msoF811D.jpg?fit=612%2C490","contentUrl":"https:\/\/i0.wp.com\/vincentians.com\/es\/wp-content\/uploads\/sites\/11\/2013\/04\/msoF811D.jpg?fit=612%2C490","width":612,"height":490},{"@type":"BreadcrumbList","@id":"http:\/\/vincentians.com\/es\/historia-de-la-fundacion-de-nuestra-casa-mision-en-la-iglesuela-del-cid-iii\/#breadcrumb","itemListElement":[{"@type":"ListItem","position":1,"name":"Portada","item":"http:\/\/vincentians.com\/es\/"},{"@type":"ListItem","position":2,"name":"HISTORIA DE LA FUNDACI\u00d3N DE NUESTRA CASA-MISI\u00d3N EN LA IGLESUELA DEL CID (III)"}]},{"@type":"WebSite","@id":"http:\/\/vincentians.com\/es\/#website","url":"http:\/\/vincentians.com\/es\/","name":"Somos Vicencianos","description":"Know more to serve more","publisher":{"@id":"http:\/\/vincentians.com\/es\/#organization"},"potentialAction":[{"@type":"SearchAction","target":{"@type":"EntryPoint","urlTemplate":"http:\/\/vincentians.com\/es\/?s={search_term_string}"},"query-input":{"@type":"PropertyValueSpecification","valueRequired":true,"valueName":"search_term_string"}}],"inLanguage":"es"},{"@type":"Organization","@id":"http:\/\/vincentians.com\/es\/#organization","name":"The Vincentian Network","url":"http:\/\/vincentians.com\/es\/","logo":{"@type":"ImageObject","inLanguage":"es","@id":"http:\/\/vincentians.com\/es\/#\/schema\/logo\/image\/","url":"https:\/\/i1.wp.com\/vincentians.com\/es\/wp-content\/uploads\/sites\/11\/2016\/06\/Vincentian-Network-logo-big.png?fit=778%2C778","contentUrl":"https:\/\/i1.wp.com\/vincentians.com\/es\/wp-content\/uploads\/sites\/11\/2016\/06\/Vincentian-Network-logo-big.png?fit=778%2C778","width":778,"height":778,"caption":"The Vincentian Network"},"image":{"@id":"http:\/\/vincentians.com\/es\/#\/schema\/logo\/image\/"},"sameAs":["https:\/\/www.facebook.com\/WeAreVincentians\/","https:\/\/x.com\/WeVincentians"]},{"@type":"Person","@id":"http:\/\/vincentians.com\/es\/#\/schema\/person\/7c2670b4445a7ca9d164ea6acdb31859","name":"Mitxel Olabu\u00e9naga","image":{"@type":"ImageObject","inLanguage":"es","@id":"http:\/\/vincentians.com\/es\/#\/schema\/person\/image\/","url":"https:\/\/secure.gravatar.com\/avatar\/34137ec2e2b8939cbbed975731e71f3f4f1defc7266ded337a5ce0f925426877?s=96&d=mm&r=g","contentUrl":"https:\/\/secure.gravatar.com\/avatar\/34137ec2e2b8939cbbed975731e71f3f4f1defc7266ded337a5ce0f925426877?s=96&d=mm&r=g","caption":"Mitxel Olabu\u00e9naga"},"url":"http:\/\/vincentians.com\/es\/author\/mitxel\/"}]}},"jetpack_publicize_connections":[],"jetpack_featured_media_url":"https:\/\/i0.wp.com\/vincentians.com\/es\/wp-content\/uploads\/sites\/11\/2013\/04\/msoF811D.jpg?fit=612%2C490","jetpack_sharing_enabled":true,"jetpack_shortlink":"https:\/\/wp.me\/p7ETMF-1HwI","jetpack-related-posts":[{"id":129610,"url":"http:\/\/vincentians.com\/es\/memorias-de-un-paul-la-iglesuela-del-cid-ii\/","url_meta":{"origin":405648,"position":0},"title":"Memorias de un Pa\u00fal: la Iglesuela del Cid (II)","author":"Mitxel Olabu\u00e9naga","date":"09\/06\/2025","format":false,"excerpt":"V.- LOS PRIMEROS PASOS Notificaci\u00f3n.- Los albaceas.- Lectura.- \u00bfY el nido? \u2014 Impresi\u00f3n.- Proposici\u00f3n.- Dos corrientes.- El pez grande y el chico. El trastorno fue notable; la pena grande; el sentimiento y el duelo generales en el pueblo. Pero la empresa estaba en v\u00edas de hecho; los sue\u00f1os de D.a\u2026","rel":"","context":"En \u00abHistoria de la Congregaci\u00f3n de la Misi\u00f3n en Espa\u00f1a\u00bb","block_context":{"text":"Historia de la Congregaci\u00f3n de la Misi\u00f3n en Espa\u00f1a","link":"http:\/\/vincentians.com\/es\/category\/historia-de-la-familia-vicenciana\/historia-de-la-congregacion-de-la-mision-en-espana\/"},"img":{"alt_text":"","src":"https:\/\/i0.wp.com\/vincentians.com\/es\/wp-content\/uploads\/sites\/11\/2013\/04\/msoF811D.jpg?fit=612%2C490&resize=350%2C200","width":350,"height":200,"srcset":"https:\/\/i0.wp.com\/vincentians.com\/es\/wp-content\/uploads\/sites\/11\/2013\/04\/msoF811D.jpg?fit=612%2C490&resize=350%2C200 1x, https:\/\/i0.wp.com\/vincentians.com\/es\/wp-content\/uploads\/sites\/11\/2013\/04\/msoF811D.jpg?fit=612%2C490&resize=525%2C300 1.5x"},"classes":[]},{"id":129612,"url":"http:\/\/vincentians.com\/es\/memorias-de-un-paul-la-iglesuela-del-cid-iii\/","url_meta":{"origin":405648,"position":1},"title":"Memorias de un Pa\u00fal: la Iglesuela del Cid (III)","author":"Mitxel Olabu\u00e9naga","date":"17\/06\/2025","format":false,"excerpt":"VIII.- PREPARACI\u00d3N PR\u00d3XIMA A Zaragoza.- Poderes y facultades.- Convocaci\u00f3n.- Sustituci\u00f3n de personas.- La discusi\u00f3n.- Cl\u00e1usulas testamentarias.- Absurdidades. Tom\u00f3, efectivamente, resoluci\u00f3n definitiva el Sr. Visitador en la Visita oficial que hizo a la Casa de Alcorisa a fines de Septiembre de 1901. Y con ella se dio t\u00e9rmino a la preparaci\u00f3n\u2026","rel":"","context":"En \u00abHistoria de la Congregaci\u00f3n de la Misi\u00f3n en Espa\u00f1a\u00bb","block_context":{"text":"Historia de la Congregaci\u00f3n de la Misi\u00f3n en Espa\u00f1a","link":"http:\/\/vincentians.com\/es\/category\/historia-de-la-familia-vicenciana\/historia-de-la-congregacion-de-la-mision-en-espana\/"},"img":{"alt_text":"","src":"https:\/\/i0.wp.com\/vincentians.com\/es\/wp-content\/uploads\/sites\/11\/2013\/04\/msoF811D.jpg?fit=612%2C490&resize=350%2C200","width":350,"height":200,"srcset":"https:\/\/i0.wp.com\/vincentians.com\/es\/wp-content\/uploads\/sites\/11\/2013\/04\/msoF811D.jpg?fit=612%2C490&resize=350%2C200 1x, https:\/\/i0.wp.com\/vincentians.com\/es\/wp-content\/uploads\/sites\/11\/2013\/04\/msoF811D.jpg?fit=612%2C490&resize=525%2C300 1.5x"},"classes":[]},{"id":129606,"url":"http:\/\/vincentians.com\/es\/memorias-de-un-paul-la-iglesuela-del-cid-i\/","url_meta":{"origin":405648,"position":2},"title":"Memorias de un Pa\u00fal: la Iglesuela del Cid (I)","author":"Mitxel Olabu\u00e9naga","date":"01\/06\/2025","format":false,"excerpt":"PRELIMINAR Despu\u00e9s de cinco a\u00f1os.- Raz\u00f3n de escribir.- La tentaci\u00f3n.- La resistencia.- La ca\u00edda. M\u00e1s de cinco a\u00f1os han pasado desde que tuvo principio nuestra Casa de La Igle\u00adsuela del Cid. Muchos se han enterado, durante estos cinco a\u00f1os, de varios detalles re\u00adferentes a ella, y les llamaba vivamente la\u2026","rel":"","context":"En \u00abHistoria de la Congregaci\u00f3n de la Misi\u00f3n en Espa\u00f1a\u00bb","block_context":{"text":"Historia de la Congregaci\u00f3n de la Misi\u00f3n en Espa\u00f1a","link":"http:\/\/vincentians.com\/es\/category\/historia-de-la-familia-vicenciana\/historia-de-la-congregacion-de-la-mision-en-espana\/"},"img":{"alt_text":"","src":"https:\/\/i0.wp.com\/vincentians.com\/es\/wp-content\/uploads\/sites\/11\/2013\/04\/msoF811D.jpg?fit=612%2C490&resize=350%2C200","width":350,"height":200,"srcset":"https:\/\/i0.wp.com\/vincentians.com\/es\/wp-content\/uploads\/sites\/11\/2013\/04\/msoF811D.jpg?fit=612%2C490&resize=350%2C200 1x, https:\/\/i0.wp.com\/vincentians.com\/es\/wp-content\/uploads\/sites\/11\/2013\/04\/msoF811D.jpg?fit=612%2C490&resize=525%2C300 1.5x"},"classes":[]},{"id":129614,"url":"http:\/\/vincentians.com\/es\/memorias-de-un-paul-la-iglesuela-del-cid-iv\/","url_meta":{"origin":405648,"position":3},"title":"Memorias de un Pa\u00fal: la Iglesuela del Cid (IV)","author":"Mitxel Olabu\u00e9naga","date":"25\/06\/2025","format":false,"excerpt":"XI.- REALIZACI\u00d3N Hambre espiritual.- Preparativos de traslado.- Calanda.- Reyes.- Las creces.- El vejestorio.- Para doce a\u00f1os. Vuelve el Sr. Garc\u00e9s a Alcorisa con su plan ya combinado en el camino. Porque casa no hay en La Iglesuela. Se ha hecho imposible lo convenido en Noviembre con el Sr. Visitador para\u2026","rel":"","context":"En \u00abHistoria de la Congregaci\u00f3n de la Misi\u00f3n en Espa\u00f1a\u00bb","block_context":{"text":"Historia de la Congregaci\u00f3n de la Misi\u00f3n en Espa\u00f1a","link":"http:\/\/vincentians.com\/es\/category\/historia-de-la-familia-vicenciana\/historia-de-la-congregacion-de-la-mision-en-espana\/"},"img":{"alt_text":"","src":"https:\/\/i0.wp.com\/vincentians.com\/es\/wp-content\/uploads\/sites\/11\/2013\/04\/msoF811D.jpg?fit=612%2C490&resize=350%2C200","width":350,"height":200,"srcset":"https:\/\/i0.wp.com\/vincentians.com\/es\/wp-content\/uploads\/sites\/11\/2013\/04\/msoF811D.jpg?fit=612%2C490&resize=350%2C200 1x, https:\/\/i0.wp.com\/vincentians.com\/es\/wp-content\/uploads\/sites\/11\/2013\/04\/msoF811D.jpg?fit=612%2C490&resize=525%2C300 1.5x"},"classes":[]},{"id":405646,"url":"http:\/\/vincentians.com\/es\/historia-de-la-fundacion-de-nuestra-casa-mision-en-la-iglesuela-del-cid-ii\/","url_meta":{"origin":405648,"position":4},"title":"HISTORIA DE LA FUNDACI\u00d3N DE NUESTRA CASA-MISI\u00d3N EN LA IGLESUELA DEL CID (II)","author":"Mitxel Olabu\u00e9naga","date":"26\/11\/2024","format":false,"excerpt":"IV: PREPARACI\u00d3N REMOTA \u00bfY qui\u00e9n es esa piadosa, esa caritativa Fundadora?, os habr\u00e9is preguntado al leer los anteriores p\u00e1rrafos. \u00bfQui\u00e9n es? Preguntad m\u00e1s bien qui\u00e9n fu\u00e9, porque ya no es. Dej\u00f3 de existir en este mundo. Pero vuestra natural curiosidad merece ser satisfecha. Se llam\u00f3 Carmen Dauden y Loras, y\u2026","rel":"","context":"En \u00abHistoria de la Congregaci\u00f3n de la Misi\u00f3n en Espa\u00f1a\u00bb","block_context":{"text":"Historia de la Congregaci\u00f3n de la Misi\u00f3n en Espa\u00f1a","link":"http:\/\/vincentians.com\/es\/category\/historia-de-la-familia-vicenciana\/historia-de-la-congregacion-de-la-mision-en-espana\/"},"img":{"alt_text":"","src":"https:\/\/i0.wp.com\/vincentians.com\/es\/wp-content\/uploads\/sites\/11\/2013\/04\/msoF811D.jpg?fit=612%2C490&resize=350%2C200","width":350,"height":200,"srcset":"https:\/\/i0.wp.com\/vincentians.com\/es\/wp-content\/uploads\/sites\/11\/2013\/04\/msoF811D.jpg?fit=612%2C490&resize=350%2C200 1x, https:\/\/i0.wp.com\/vincentians.com\/es\/wp-content\/uploads\/sites\/11\/2013\/04\/msoF811D.jpg?fit=612%2C490&resize=525%2C300 1.5x"},"classes":[]},{"id":405652,"url":"http:\/\/vincentians.com\/es\/historia-de-la-fundacion-de-nuestra-casa-mision-en-la-iglesuela-del-cid-v\/","url_meta":{"origin":405648,"position":5},"title":"HISTORIA DE LA FUNDACI\u00d3N DE NUESTRA CASA-MISI\u00d3N EN LA IGLESUELA DEL CID (V)","author":"Mitxel Olabu\u00e9naga","date":"02\/12\/2024","format":false,"excerpt":"X: TERMINA LA PREPARACI\u00d3N PR\u00d3XIMA Fue tendencia general de los se\u00f1ores albaceas de la una y de la otra \u00e9poca el retener el capital y no entregarlo a la Congregaci\u00f3n, sino s\u00f3lo sus r\u00e9ditos. El Cura Izquierdo puso tenaz empe\u00f1o en ello, y de ello hizo hincapi\u00e9 en su viaje\u2026","rel":"","context":"En \u00abHistoria de la Sociedad de san Vicente de Pa\u00fal\u00bb","block_context":{"text":"Historia de la Sociedad de san Vicente de Pa\u00fal","link":"http:\/\/vincentians.com\/es\/category\/historia-de-la-familia-vicenciana\/historia-de-la-sociedad-de-san-vicente-de-paul\/"},"img":{"alt_text":"","src":"","width":0,"height":0},"classes":[]}],"_links":{"self":[{"href":"http:\/\/vincentians.com\/es\/wp-json\/wp\/v2\/posts\/405648","targetHints":{"allow":["GET"]}}],"collection":[{"href":"http:\/\/vincentians.com\/es\/wp-json\/wp\/v2\/posts"}],"about":[{"href":"http:\/\/vincentians.com\/es\/wp-json\/wp\/v2\/types\/post"}],"author":[{"embeddable":true,"href":"http:\/\/vincentians.com\/es\/wp-json\/wp\/v2\/users\/5"}],"replies":[{"embeddable":true,"href":"http:\/\/vincentians.com\/es\/wp-json\/wp\/v2\/comments?post=405648"}],"version-history":[{"count":1,"href":"http:\/\/vincentians.com\/es\/wp-json\/wp\/v2\/posts\/405648\/revisions"}],"predecessor-version":[{"id":405649,"href":"http:\/\/vincentians.com\/es\/wp-json\/wp\/v2\/posts\/405648\/revisions\/405649"}],"wp:featuredmedia":[{"embeddable":true,"href":"http:\/\/vincentians.com\/es\/wp-json\/wp\/v2\/media\/404141"}],"wp:attachment":[{"href":"http:\/\/vincentians.com\/es\/wp-json\/wp\/v2\/media?parent=405648"}],"wp:term":[{"taxonomy":"category","embeddable":true,"href":"http:\/\/vincentians.com\/es\/wp-json\/wp\/v2\/categories?post=405648"},{"taxonomy":"post_tag","embeddable":true,"href":"http:\/\/vincentians.com\/es\/wp-json\/wp\/v2\/tags?post=405648"}],"curies":[{"name":"wp","href":"https:\/\/api.w.org\/{rel}","templated":true}]}}