{"id":405614,"date":"2024-10-26T08:56:32","date_gmt":"2024-10-26T06:56:32","guid":{"rendered":"https:\/\/vincentians.com\/es\/?p=405614"},"modified":"2024-08-17T15:57:51","modified_gmt":"2024-08-17T13:57:51","slug":"el-seguimiento-de-jesus-en-san-vicente-de-paul-vii","status":"publish","type":"post","link":"http:\/\/vincentians.com\/es\/el-seguimiento-de-jesus-en-san-vicente-de-paul-vii\/","title":{"rendered":"El seguimiento de Jes\u00fas en san Vicente de Pa\u00fal (VII)"},"content":{"rendered":"<p>2.3 <em>Actividad en el \u00e1mbito nacional<\/em><\/p>\n<p>Desde 1633, Vicente se dedica, por una parte, a apoyar sus fundaciones y, por otra, a solucionar problemas en distintas \u00e1reas. \u00c9l es el rostro de la Congregaci\u00f3n de la Misi\u00f3n, el formador de las Hijas de la Caridad, el director de conciencia de santa Juana Chantal y el sucesor de Francisco de Sales en la direcci\u00f3n de las Visitandinas, el reformador del clero franc\u00e9s, el capell\u00e1n general de las galeras, el adversario de cardenal-ministro Mazarino, el miembro del Consejo de Conciencia del Estado, el guardi\u00e1n de la fe, el auxiliador de los pobres, los ni\u00f1os exp\u00f3sitos y las v\u00edctimas de las guerras. El \u00abse\u00f1or Vicente es siempre el se\u00f1or Vicente\u00bb, dicen las personas que reconocen su per\u00adsistente determinaci\u00f3n de servir a los dem\u00e1s.<\/p>\n<p>2.4 <em>En el \u00e1mbito internacional<\/em><\/p>\n<p>La instituci\u00f3n que, en 1625, nac\u00eda bajo la mirada de la se\u00f1ora de Gondi, en poco tiempo pasa del \u00e1mbito local al nacional y, luego, de este al internacional. Lo mismo sucedi\u00f3 con las dem\u00e1s fundaciones: \u00abmodestas en sus comienzos, fun\u00addadas de ordinario por un incidente aparentemen\u00adte casual, se despliegan finalmente en abanico, abriendo, a medida que avanzan, nuevas y grandes avenidas.<\/p>\n<p>Por ser la cabeza de la cristiandad, Roma fue la primera ciudad europea que acogi\u00f3 una comu\u00adnidad de miembros de la Congregaci\u00f3n de la Misi\u00f3n. En Roma, los primeros misioneros fueron fundamentalmente los legados de Vicente en las cuestiones de orden jur\u00eddico. Poco tiempo despu\u00e9s, la \u00abpeque\u00f1a compa\u00f1\u00eda\u00bb tambi\u00e9n se instal\u00f3 en las ciudades de G\u00e9nova y Tur\u00edn. A\u00f1os m\u00e1s tarde, a finales de 1646, a petici\u00f3n de la Sagrada Congrega\u00adci\u00f3n de Propaganda Fide, parten para Irlanda los primeros misioneros. La historia se repiti\u00f3 en otros pa\u00edses de Europa. La Congregaci\u00f3n de la Misi\u00f3n hab\u00eda asumido la vocaci\u00f3n personal de Vicente y sus fines eran la evangelizaci\u00f3n de los padres y la formaci\u00f3n del clero.<\/p>\n<p>2.4.1 Madagascar<\/p>\n<p>Fuera de Europa la misi\u00f3n que m\u00e1s energ\u00edas consumi\u00f3 a Vicente ya anciano, fue la isla de Madagascar. La presentamos sucintamente porque la juzgamos reveladora de una \u00abespiritualidad del seguimiento\u00bb que \u00e9l vivi\u00f3 e intent\u00f3 que los miem\u00adbros de sus congregaciones viviesen.<\/p>\n<p>Fiel a su principio de que la vocaci\u00f3n de la Congregaci\u00f3n de la Misi\u00f3n no consist\u00eda en ir a una sola parroquia o di\u00f3cesis, sino \u00aba toda la tierra [&#8230;] para hacer lo que hizo el Hijo de Dios\u00bb, Vicente accedi\u00f3 a la petici\u00f3n del Nuncio de que enviara sus misioneros a Madagascar. Al rev\u00e9s de otras misiones fuera de Europa, en ese sitio aleja\u00addo Vicente ped\u00eda a los suyos que tratasen con los colonos \u00absin traicionar la conciencia\u00bb, pero pre\u00adfiriesen la acci\u00f3n entre los \u00abpobres ind\u00edgenas\u00bb que desconoc\u00edan las verdades de fe. La misi\u00f3n, sin embargo, iba a debatirse en un conjunto de difi\u00adcultades que har\u00edan de ella una misi\u00f3n imposible.<\/p>\n<p>El primer problema era la distancia: llegar a la isla, tambi\u00e9n llamada de San Lorenzo, por nave\u00adgaci\u00f3n normal, llevaba cinco o seis meses. Desde 1648 hasta su muerte en 1660, Vicente envi\u00f3, en distintas fases, veinte misioneros, pero s\u00f3lo siete llegaron a poner pie en la isla. Los siete que ha\u00adb\u00edan sobrevivido al viaje, acabar\u00edan por fallecer, prematuramente, por enfermedades, debido a la inadaptaci\u00f3n al clima ex\u00f3tico.<\/p>\n<p>La postura de los colonos constitu\u00eda tambi\u00e9n un obst\u00e1culo para la evangelizaci\u00f3n. Eran, en ge\u00adneral, hombres aventureros que no reparaban en medios para enriquecerse r\u00e1pidamente. Por eso, trataban a los nativos como salvajes. De este modo, las fricciones entre ambos poderes eran inevitables y frecuentes.<\/p>\n<p>Por otro lado, la religi\u00f3n tradicional y las a\u00f1a\u00addidas influencias del islamismo, las costumbres paganas y las antiguas tradiciones, hicieron que la poblaci\u00f3n se resistiese al nuevo mensaje, total\u00admente distinto, que parec\u00eda inevitablemente aso\u00adciado al pueblo opresor.<\/p>\n<p>El drama de la misi\u00f3n de Madagascar reper\u00adcut\u00eda en el coraz\u00f3n de Vicente y en la vida de la Compa\u00f1\u00eda. Ante las calamidades de la empresa, surgen voces cr\u00edticas que reclaman el fin del env\u00edo de misioneros. En este contexto, Vicente, ya con sus setenta y siete a\u00f1os, presintiendo su fin, dirige a los suyos una alocuci\u00f3n en tonos prof\u00e9ticos:<\/p>\n<p>\u00bfSer\u00e1 posible que seamos tan cobardes de coraz\u00f3n y tan poco hombres que abandonemos esta vi\u00f1a del Se\u00f1or, a la que nos ha llamado su divina Majestad, solamente porque han muerto all\u00ed cuatro o cinco o seis personas? [&#8230;] \u00a1Bonita compa\u00f1\u00eda ser\u00eda la de la Misi\u00f3n si, por haber tenido cinco o seis bajas, aban\u00addonase la obra de Dios! \u00a1Una compa\u00f1\u00eda cobarde, apegada a la carne y a la sangre! No, yo no creo que en la compa\u00f1\u00eda haya uno solo que tenga tan pocos \u00e1nimos y que no est\u00e9 dispuesto a ir a ocupar el lugar de los que han muerto. No dudo de que la natura\u00adleza al principio temblar\u00e1 un poco; pero el esp\u00edritu, que es m\u00e1s valiente, dir\u00e1: \u00abAs\u00ed lo quiero; Dios me ha dado este deseo; no habr\u00e1 nada que pueda hacerme abandonar esta resoluci\u00f3n\u00bb.<\/p>\n<p>El texto citado es, a nuestro entender, una actua\u00adlizaci\u00f3n de la llamada de Jes\u00fas a sus contempo\u00adr\u00e1neos. Vicente recuerda a los suyos el deber de seguir a Jes\u00fas con todas las consecuencias y los motiva a que se desarraiguen de su tierra, de todas sus seguridades por causa del Evangelio. El texto deja tambi\u00e9n traslucir la dial\u00e9ctica interior del que se siente llamado al seguimiento: la atracci\u00f3n, el deseo de prolongar la misi\u00f3n de Jes\u00fas y, al mismo tiempo, las resistencias de la carne. Ya no se trata s\u00f3lo de un \u00abdejar padre y madre\u00bb, ni siquiera de una \u00absimple participaci\u00f3n en la misi\u00f3n de Jes\u00fas\u00bb, sino de acoger incondicionalmente la invitaci\u00f3n, predisponi\u00e9ndose a \u00abperder su vida\u00bb por causa del Reino de Dios.<\/p>\n<p>En la primera expedici\u00f3n a Madagascar, Vicente hab\u00eda manifestado deseos de \u00abservir de compa\u00f1ero al primer misionero\u00bb<sup>86<\/sup>. Ahora, m\u00e1s cerca del encuen\u00adtro con el Se\u00f1or de la Vida, los suyos, a pesar de los fracasos, mantuvieron la misi\u00f3n: Vicente y su suce\u00adsor en el gobierno de la Compa\u00f1\u00eda enviaron a\u00fan m\u00e1s de una decena de hombres. La obediencia de los misioneros es, a nuestro entender, un reconocimien\u00adto de los suyos al anciano fundador, un hombre que ten\u00eda plena autoridad para invitar a otros hombres a que vivieran en actitud de seguimiento.<\/p>\n<p>2.5 \u00abYa <em>basta\u00bb<\/em><\/p>\n<p>El itinerario biogr\u00e1fico de Vicente, a partir de 1617, quedar\u00eda se\u00f1alado por un conjunto de inicia\u00adtivas llevadas a cabo en el \u00e1mbito nacional y mundial. A pesar del considerable n\u00famero de cartas, conferencias y documentos que hoy se acumulan en catorce vol\u00famenes con un total de 8.000 p\u00e1ginas, el \u00abse\u00f1or Vicente\u00bb no fue un teorizador, sino un hombre de acci\u00f3n. Sus obras son reveladoras de su determinaci\u00f3n de seguir e imitar a Jes\u00fas soco\u00adrriendo material y espiritualmente a los m\u00e1s nece\u00adsitados\u00bb. Para los lectores de sus escritos, es evi\u00addente que su actividad estaba apoyada en largos ratos de comuni\u00f3n con Dios. \u00abEstar con Jes\u00fas\u00bb en la oraci\u00f3n y \u00abparticipar en su misi\u00f3n\u00bb con \u00abel esfuerzo de los brazos y con el sudor de la frente\u00bb definen su seguimiento.<\/p>\n<p>Al contrario de la gran mayor\u00eda de su contem\u00adpor\u00e1neos, Vicente tuvo una vida larga. En el \u00falti\u00admo a\u00f1o de su vida, en 1660, debilitado por las enfermedades, se ve privado de salir de casa y, en los \u00faltimos d\u00edas, de su habitaci\u00f3n. Sin embargo, se muestra activo hasta los l\u00edmites de sus fuerzas. Diez d\u00edas antes de morir, escribe la \u00faltima carta en que manifiesta preocupaci\u00f3n sobre la campa\u00f1a b\u00e9lica para liberar a los miles de esclavos franceses en Argel.<\/p>\n<p>Los \u00faltimos d\u00edas de Vicente fueron pormenorizadamente anotados en un diario por un padre de la compa\u00f1\u00eda, el P. Gigue1<sup>9<\/sup>&#8216;. En su \u00faltima noche, hay un episodio que nos llama la atenci\u00f3n y que nos parece significativo. Nos cuenta el P. Giguel que despu\u00e9s de recibir los sacramentos, los padres que le acompa\u00f1aban le suger\u00edan piadosas jacula\u00adtorias o sentencias evang\u00e9licas. Durante horas, el moribundo repet\u00eda las palabras de su compa\u00f1eros: <em>credo in Deum Patrem; credo in Jesum Christum; credo in Spiritum Sanctum&#8230;. <\/em>En cierto momento, como el P. Giguel le dec\u00eda con mucha insistencia: <em>Deus in adjutorium&#8230;, <\/em>Vicente a\u00fan tiene la fuerza y lucidez para responderle: \u00abya basta\u00bb. Indicaba, as\u00ed, que ya estaba preparado para presentarse ante el Se\u00f1or al que hab\u00eda servido y amado. Horas despu\u00e9s, en la madrugada de 27 de septiembre, Vicente daba el \u00faltimo suspiro.<\/p>\n<p>Las exequias del santo de la caridad fueron seguidas por las autoridades civiles y eclesi\u00e1sticas. Pero en ellas participaron, sobre todo, los miles de pobres que, d\u00eda a d\u00eda, hab\u00edan sido beneficiarios de la ayuda y atenci\u00f3n del santo.<\/p>\n<p>Nelio, CEME<\/p>\n","protected":false},"excerpt":{"rendered":"<p>2.3 Actividad en el \u00e1mbito nacional Desde 1633, Vicente se dedica, por una parte, a apoyar sus fundaciones y, por otra, a solucionar problemas en distintas \u00e1reas. \u00c9l es el rostro de la Congregaci\u00f3n de &#8230; <a href=\"http:\/\/vincentians.com\/es\/el-seguimiento-de-jesus-en-san-vicente-de-paul-vii\/\" class=\"more-link\">Read More<\/a><\/p>\n","protected":false},"author":5,"featured_media":404161,"comment_status":"open","ping_status":"open","sticky":false,"template":"","format":"standard","meta":{"jetpack_post_was_ever_published":false,"_jetpack_newsletter_access":"","_jetpack_dont_email_post_to_subs":false,"_jetpack_newsletter_tier_id":0,"_jetpack_memberships_contains_paywalled_content":false,"_jetpack_memberships_contains_paid_content":false,"footnotes":"","jetpack_publicize_message":"","jetpack_publicize_feature_enabled":true,"jetpack_social_post_already_shared":true,"jetpack_social_options":{"image_generator_settings":{"template":"highway","default_image_id":0,"font":"","enabled":false},"version":2}},"categories":[28],"tags":[],"class_list":["post-405614","post","type-post","status-publish","format-standard","has-post-thumbnail","hentry","category-formacion-vicenciana"],"yoast_head":"<!-- This site is optimized with the Yoast SEO plugin v26.3 - https:\/\/yoast.com\/wordpress\/plugins\/seo\/ -->\n<title>El seguimiento de Jes\u00fas en san Vicente de Pa\u00fal (VII) - Somos Vicencianos<\/title>\n<meta name=\"robots\" content=\"index, follow, max-snippet:-1, max-image-preview:large, max-video-preview:-1\" \/>\n<link rel=\"canonical\" href=\"http:\/\/vincentians.com\/es\/el-seguimiento-de-jesus-en-san-vicente-de-paul-vii\/\" \/>\n<meta property=\"og:locale\" content=\"es_ES\" \/>\n<meta property=\"og:type\" content=\"article\" \/>\n<meta property=\"og:title\" content=\"El seguimiento de Jes\u00fas en san Vicente de Pa\u00fal (VII) - Somos Vicencianos\" \/>\n<meta property=\"og:description\" content=\"2.3 Actividad en el \u00e1mbito nacional Desde 1633, Vicente se dedica, por una parte, a apoyar sus fundaciones y, por otra, a solucionar problemas en distintas \u00e1reas. \u00c9l es el rostro de la Congregaci\u00f3n de ... Read More\" \/>\n<meta property=\"og:url\" content=\"http:\/\/vincentians.com\/es\/el-seguimiento-de-jesus-en-san-vicente-de-paul-vii\/\" \/>\n<meta property=\"og:site_name\" content=\"Somos Vicencianos\" \/>\n<meta property=\"article:publisher\" content=\"https:\/\/www.facebook.com\/WeAreVincentians\/\" \/>\n<meta property=\"article:published_time\" content=\"2024-10-26T06:56:32+00:00\" \/>\n<meta property=\"og:image\" content=\"https:\/\/i0.wp.com\/vincentians.com\/es\/wp-content\/uploads\/sites\/11\/2013\/05\/d.jpg?fit=1200%2C799\" \/>\n\t<meta property=\"og:image:width\" content=\"1200\" \/>\n\t<meta property=\"og:image:height\" content=\"799\" \/>\n\t<meta property=\"og:image:type\" content=\"image\/jpeg\" \/>\n<meta name=\"author\" content=\"Mitxel Olabu\u00e9naga\" \/>\n<meta name=\"twitter:card\" content=\"summary_large_image\" \/>\n<meta name=\"twitter:creator\" content=\"@WeVincentians\" \/>\n<meta name=\"twitter:site\" content=\"@WeVincentians\" \/>\n<meta name=\"twitter:label1\" content=\"Escrito por\" \/>\n\t<meta name=\"twitter:data1\" content=\"Mitxel Olabu\u00e9naga\" \/>\n\t<meta name=\"twitter:label2\" content=\"Tiempo de lectura\" \/>\n\t<meta name=\"twitter:data2\" content=\"7 minutos\" \/>\n<script type=\"application\/ld+json\" class=\"yoast-schema-graph\">{\"@context\":\"https:\/\/schema.org\",\"@graph\":[{\"@type\":\"Article\",\"@id\":\"http:\/\/vincentians.com\/es\/el-seguimiento-de-jesus-en-san-vicente-de-paul-vii\/#article\",\"isPartOf\":{\"@id\":\"http:\/\/vincentians.com\/es\/el-seguimiento-de-jesus-en-san-vicente-de-paul-vii\/\"},\"author\":{\"name\":\"Mitxel Olabu\u00e9naga\",\"@id\":\"https:\/\/vincentians.com\/es\/#\/schema\/person\/7c2670b4445a7ca9d164ea6acdb31859\"},\"headline\":\"El seguimiento de Jes\u00fas en san Vicente de Pa\u00fal (VII)\",\"datePublished\":\"2024-10-26T06:56:32+00:00\",\"mainEntityOfPage\":{\"@id\":\"http:\/\/vincentians.com\/es\/el-seguimiento-de-jesus-en-san-vicente-de-paul-vii\/\"},\"wordCount\":1608,\"commentCount\":0,\"publisher\":{\"@id\":\"https:\/\/vincentians.com\/es\/#organization\"},\"image\":{\"@id\":\"http:\/\/vincentians.com\/es\/el-seguimiento-de-jesus-en-san-vicente-de-paul-vii\/#primaryimage\"},\"thumbnailUrl\":\"https:\/\/i0.wp.com\/vincentians.com\/es\/wp-content\/uploads\/sites\/11\/2013\/05\/d.jpg?fit=1200%2C799\",\"articleSection\":[\"Formaci\u00f3n Vicenciana\"],\"inLanguage\":\"es\",\"potentialAction\":[{\"@type\":\"CommentAction\",\"name\":\"Comment\",\"target\":[\"http:\/\/vincentians.com\/es\/el-seguimiento-de-jesus-en-san-vicente-de-paul-vii\/#respond\"]}]},{\"@type\":\"WebPage\",\"@id\":\"http:\/\/vincentians.com\/es\/el-seguimiento-de-jesus-en-san-vicente-de-paul-vii\/\",\"url\":\"http:\/\/vincentians.com\/es\/el-seguimiento-de-jesus-en-san-vicente-de-paul-vii\/\",\"name\":\"El seguimiento de Jes\u00fas en san Vicente de Pa\u00fal (VII) - Somos Vicencianos\",\"isPartOf\":{\"@id\":\"https:\/\/vincentians.com\/es\/#website\"},\"primaryImageOfPage\":{\"@id\":\"http:\/\/vincentians.com\/es\/el-seguimiento-de-jesus-en-san-vicente-de-paul-vii\/#primaryimage\"},\"image\":{\"@id\":\"http:\/\/vincentians.com\/es\/el-seguimiento-de-jesus-en-san-vicente-de-paul-vii\/#primaryimage\"},\"thumbnailUrl\":\"https:\/\/i0.wp.com\/vincentians.com\/es\/wp-content\/uploads\/sites\/11\/2013\/05\/d.jpg?fit=1200%2C799\",\"datePublished\":\"2024-10-26T06:56:32+00:00\",\"breadcrumb\":{\"@id\":\"http:\/\/vincentians.com\/es\/el-seguimiento-de-jesus-en-san-vicente-de-paul-vii\/#breadcrumb\"},\"inLanguage\":\"es\",\"potentialAction\":[{\"@type\":\"ReadAction\",\"target\":[\"http:\/\/vincentians.com\/es\/el-seguimiento-de-jesus-en-san-vicente-de-paul-vii\/\"]}]},{\"@type\":\"ImageObject\",\"inLanguage\":\"es\",\"@id\":\"http:\/\/vincentians.com\/es\/el-seguimiento-de-jesus-en-san-vicente-de-paul-vii\/#primaryimage\",\"url\":\"https:\/\/i0.wp.com\/vincentians.com\/es\/wp-content\/uploads\/sites\/11\/2013\/05\/d.jpg?fit=1200%2C799\",\"contentUrl\":\"https:\/\/i0.wp.com\/vincentians.com\/es\/wp-content\/uploads\/sites\/11\/2013\/05\/d.jpg?fit=1200%2C799\",\"width\":1200,\"height\":799,\"caption\":\"- 49 TAB. On ignore actuellement l\u2019auteurs et la date de ce tableau. L\u2019origine est probablement espagnole vue la forme des cornettes et sans doute du 19e si\u00e8cle. Il a \u00e9t\u00e9 enregistr\u00e9 \u00e0 partir d\u2019une reproduction conserv\u00e9e aux Archives de la Congr\u00e9gation \u00e0 Paris.\"},{\"@type\":\"BreadcrumbList\",\"@id\":\"http:\/\/vincentians.com\/es\/el-seguimiento-de-jesus-en-san-vicente-de-paul-vii\/#breadcrumb\",\"itemListElement\":[{\"@type\":\"ListItem\",\"position\":1,\"name\":\"Portada\",\"item\":\"https:\/\/vincentians.com\/es\/\"},{\"@type\":\"ListItem\",\"position\":2,\"name\":\"El seguimiento de Jes\u00fas en san Vicente de Pa\u00fal (VII)\"}]},{\"@type\":\"WebSite\",\"@id\":\"https:\/\/vincentians.com\/es\/#website\",\"url\":\"https:\/\/vincentians.com\/es\/\",\"name\":\"Somos Vicencianos\",\"description\":\"Know more to serve more\",\"publisher\":{\"@id\":\"https:\/\/vincentians.com\/es\/#organization\"},\"potentialAction\":[{\"@type\":\"SearchAction\",\"target\":{\"@type\":\"EntryPoint\",\"urlTemplate\":\"https:\/\/vincentians.com\/es\/?s={search_term_string}\"},\"query-input\":{\"@type\":\"PropertyValueSpecification\",\"valueRequired\":true,\"valueName\":\"search_term_string\"}}],\"inLanguage\":\"es\"},{\"@type\":\"Organization\",\"@id\":\"https:\/\/vincentians.com\/es\/#organization\",\"name\":\"The Vincentian Network\",\"url\":\"https:\/\/vincentians.com\/es\/\",\"logo\":{\"@type\":\"ImageObject\",\"inLanguage\":\"es\",\"@id\":\"https:\/\/vincentians.com\/es\/#\/schema\/logo\/image\/\",\"url\":\"https:\/\/i1.wp.com\/vincentians.com\/es\/wp-content\/uploads\/sites\/11\/2016\/06\/Vincentian-Network-logo-big.png?fit=778%2C778\",\"contentUrl\":\"https:\/\/i1.wp.com\/vincentians.com\/es\/wp-content\/uploads\/sites\/11\/2016\/06\/Vincentian-Network-logo-big.png?fit=778%2C778\",\"width\":778,\"height\":778,\"caption\":\"The Vincentian Network\"},\"image\":{\"@id\":\"https:\/\/vincentians.com\/es\/#\/schema\/logo\/image\/\"},\"sameAs\":[\"https:\/\/www.facebook.com\/WeAreVincentians\/\",\"https:\/\/x.com\/WeVincentians\"]},{\"@type\":\"Person\",\"@id\":\"https:\/\/vincentians.com\/es\/#\/schema\/person\/7c2670b4445a7ca9d164ea6acdb31859\",\"name\":\"Mitxel Olabu\u00e9naga\",\"image\":{\"@type\":\"ImageObject\",\"inLanguage\":\"es\",\"@id\":\"https:\/\/vincentians.com\/es\/#\/schema\/person\/image\/\",\"url\":\"https:\/\/secure.gravatar.com\/avatar\/34137ec2e2b8939cbbed975731e71f3f4f1defc7266ded337a5ce0f925426877?s=96&d=mm&r=g\",\"contentUrl\":\"https:\/\/secure.gravatar.com\/avatar\/34137ec2e2b8939cbbed975731e71f3f4f1defc7266ded337a5ce0f925426877?s=96&d=mm&r=g\",\"caption\":\"Mitxel Olabu\u00e9naga\"},\"url\":\"http:\/\/vincentians.com\/es\/author\/mitxel\/\"}]}<\/script>\n<!-- \/ Yoast SEO plugin. -->","yoast_head_json":{"title":"El seguimiento de Jes\u00fas en san Vicente de Pa\u00fal (VII) - Somos Vicencianos","robots":{"index":"index","follow":"follow","max-snippet":"max-snippet:-1","max-image-preview":"max-image-preview:large","max-video-preview":"max-video-preview:-1"},"canonical":"http:\/\/vincentians.com\/es\/el-seguimiento-de-jesus-en-san-vicente-de-paul-vii\/","og_locale":"es_ES","og_type":"article","og_title":"El seguimiento de Jes\u00fas en san Vicente de Pa\u00fal (VII) - Somos Vicencianos","og_description":"2.3 Actividad en el \u00e1mbito nacional Desde 1633, Vicente se dedica, por una parte, a apoyar sus fundaciones y, por otra, a solucionar problemas en distintas \u00e1reas. \u00c9l es el rostro de la Congregaci\u00f3n de ... Read More","og_url":"http:\/\/vincentians.com\/es\/el-seguimiento-de-jesus-en-san-vicente-de-paul-vii\/","og_site_name":"Somos Vicencianos","article_publisher":"https:\/\/www.facebook.com\/WeAreVincentians\/","article_published_time":"2024-10-26T06:56:32+00:00","og_image":[{"width":1200,"height":799,"url":"https:\/\/i0.wp.com\/vincentians.com\/es\/wp-content\/uploads\/sites\/11\/2013\/05\/d.jpg?fit=1200%2C799","type":"image\/jpeg"}],"author":"Mitxel Olabu\u00e9naga","twitter_card":"summary_large_image","twitter_creator":"@WeVincentians","twitter_site":"@WeVincentians","twitter_misc":{"Escrito por":"Mitxel Olabu\u00e9naga","Tiempo de lectura":"7 minutos"},"schema":{"@context":"https:\/\/schema.org","@graph":[{"@type":"Article","@id":"http:\/\/vincentians.com\/es\/el-seguimiento-de-jesus-en-san-vicente-de-paul-vii\/#article","isPartOf":{"@id":"http:\/\/vincentians.com\/es\/el-seguimiento-de-jesus-en-san-vicente-de-paul-vii\/"},"author":{"name":"Mitxel Olabu\u00e9naga","@id":"https:\/\/vincentians.com\/es\/#\/schema\/person\/7c2670b4445a7ca9d164ea6acdb31859"},"headline":"El seguimiento de Jes\u00fas en san Vicente de Pa\u00fal (VII)","datePublished":"2024-10-26T06:56:32+00:00","mainEntityOfPage":{"@id":"http:\/\/vincentians.com\/es\/el-seguimiento-de-jesus-en-san-vicente-de-paul-vii\/"},"wordCount":1608,"commentCount":0,"publisher":{"@id":"https:\/\/vincentians.com\/es\/#organization"},"image":{"@id":"http:\/\/vincentians.com\/es\/el-seguimiento-de-jesus-en-san-vicente-de-paul-vii\/#primaryimage"},"thumbnailUrl":"https:\/\/i0.wp.com\/vincentians.com\/es\/wp-content\/uploads\/sites\/11\/2013\/05\/d.jpg?fit=1200%2C799","articleSection":["Formaci\u00f3n Vicenciana"],"inLanguage":"es","potentialAction":[{"@type":"CommentAction","name":"Comment","target":["http:\/\/vincentians.com\/es\/el-seguimiento-de-jesus-en-san-vicente-de-paul-vii\/#respond"]}]},{"@type":"WebPage","@id":"http:\/\/vincentians.com\/es\/el-seguimiento-de-jesus-en-san-vicente-de-paul-vii\/","url":"http:\/\/vincentians.com\/es\/el-seguimiento-de-jesus-en-san-vicente-de-paul-vii\/","name":"El seguimiento de Jes\u00fas en san Vicente de Pa\u00fal (VII) - Somos Vicencianos","isPartOf":{"@id":"https:\/\/vincentians.com\/es\/#website"},"primaryImageOfPage":{"@id":"http:\/\/vincentians.com\/es\/el-seguimiento-de-jesus-en-san-vicente-de-paul-vii\/#primaryimage"},"image":{"@id":"http:\/\/vincentians.com\/es\/el-seguimiento-de-jesus-en-san-vicente-de-paul-vii\/#primaryimage"},"thumbnailUrl":"https:\/\/i0.wp.com\/vincentians.com\/es\/wp-content\/uploads\/sites\/11\/2013\/05\/d.jpg?fit=1200%2C799","datePublished":"2024-10-26T06:56:32+00:00","breadcrumb":{"@id":"http:\/\/vincentians.com\/es\/el-seguimiento-de-jesus-en-san-vicente-de-paul-vii\/#breadcrumb"},"inLanguage":"es","potentialAction":[{"@type":"ReadAction","target":["http:\/\/vincentians.com\/es\/el-seguimiento-de-jesus-en-san-vicente-de-paul-vii\/"]}]},{"@type":"ImageObject","inLanguage":"es","@id":"http:\/\/vincentians.com\/es\/el-seguimiento-de-jesus-en-san-vicente-de-paul-vii\/#primaryimage","url":"https:\/\/i0.wp.com\/vincentians.com\/es\/wp-content\/uploads\/sites\/11\/2013\/05\/d.jpg?fit=1200%2C799","contentUrl":"https:\/\/i0.wp.com\/vincentians.com\/es\/wp-content\/uploads\/sites\/11\/2013\/05\/d.jpg?fit=1200%2C799","width":1200,"height":799,"caption":"- 49 TAB. On ignore actuellement l\u2019auteurs et la date de ce tableau. L\u2019origine est probablement espagnole vue la forme des cornettes et sans doute du 19e si\u00e8cle. Il a \u00e9t\u00e9 enregistr\u00e9 \u00e0 partir d\u2019une reproduction conserv\u00e9e aux Archives de la Congr\u00e9gation \u00e0 Paris."},{"@type":"BreadcrumbList","@id":"http:\/\/vincentians.com\/es\/el-seguimiento-de-jesus-en-san-vicente-de-paul-vii\/#breadcrumb","itemListElement":[{"@type":"ListItem","position":1,"name":"Portada","item":"https:\/\/vincentians.com\/es\/"},{"@type":"ListItem","position":2,"name":"El seguimiento de Jes\u00fas en san Vicente de Pa\u00fal (VII)"}]},{"@type":"WebSite","@id":"https:\/\/vincentians.com\/es\/#website","url":"https:\/\/vincentians.com\/es\/","name":"Somos Vicencianos","description":"Know more to serve more","publisher":{"@id":"https:\/\/vincentians.com\/es\/#organization"},"potentialAction":[{"@type":"SearchAction","target":{"@type":"EntryPoint","urlTemplate":"https:\/\/vincentians.com\/es\/?s={search_term_string}"},"query-input":{"@type":"PropertyValueSpecification","valueRequired":true,"valueName":"search_term_string"}}],"inLanguage":"es"},{"@type":"Organization","@id":"https:\/\/vincentians.com\/es\/#organization","name":"The Vincentian Network","url":"https:\/\/vincentians.com\/es\/","logo":{"@type":"ImageObject","inLanguage":"es","@id":"https:\/\/vincentians.com\/es\/#\/schema\/logo\/image\/","url":"https:\/\/i1.wp.com\/vincentians.com\/es\/wp-content\/uploads\/sites\/11\/2016\/06\/Vincentian-Network-logo-big.png?fit=778%2C778","contentUrl":"https:\/\/i1.wp.com\/vincentians.com\/es\/wp-content\/uploads\/sites\/11\/2016\/06\/Vincentian-Network-logo-big.png?fit=778%2C778","width":778,"height":778,"caption":"The Vincentian Network"},"image":{"@id":"https:\/\/vincentians.com\/es\/#\/schema\/logo\/image\/"},"sameAs":["https:\/\/www.facebook.com\/WeAreVincentians\/","https:\/\/x.com\/WeVincentians"]},{"@type":"Person","@id":"https:\/\/vincentians.com\/es\/#\/schema\/person\/7c2670b4445a7ca9d164ea6acdb31859","name":"Mitxel Olabu\u00e9naga","image":{"@type":"ImageObject","inLanguage":"es","@id":"https:\/\/vincentians.com\/es\/#\/schema\/person\/image\/","url":"https:\/\/secure.gravatar.com\/avatar\/34137ec2e2b8939cbbed975731e71f3f4f1defc7266ded337a5ce0f925426877?s=96&d=mm&r=g","contentUrl":"https:\/\/secure.gravatar.com\/avatar\/34137ec2e2b8939cbbed975731e71f3f4f1defc7266ded337a5ce0f925426877?s=96&d=mm&r=g","caption":"Mitxel Olabu\u00e9naga"},"url":"http:\/\/vincentians.com\/es\/author\/mitxel\/"}]}},"jetpack_publicize_connections":[],"jetpack_featured_media_url":"https:\/\/i0.wp.com\/vincentians.com\/es\/wp-content\/uploads\/sites\/11\/2013\/05\/d.jpg?fit=1200%2C799","jetpack_sharing_enabled":true,"jetpack_shortlink":"https:\/\/wp.me\/p7ETMF-1Hwa","jetpack-related-posts":[{"id":117476,"url":"http:\/\/vincentians.com\/es\/vicente-de-paul-carta-1063-a-la-marquesa-de-maignelay\/","url_meta":{"origin":405614,"position":0},"title":"Vicente de Pa\u00fal, Carta 1063: A La Marquesa De Maignelay","author":"Francisco Javier Fern\u00e1ndez Chento","date":"26\/01\/2013","format":false,"excerpt":"San L\u00e1zaro, s\u00e1bado por la ma\u00f1ana [1647 \u00f3 1648] Se\u00f1ora: Con toda humildad y respeto que me es posible le ruego, postrado en esp\u00edritu a sus pies, que me perdone si no acudo hoy a casa del se\u00f1or du Fresne, seg\u00fan sus \u00f3rdenes, dado que, al no poder hacer lo\u2026","rel":"","context":"En \u00abEscritos de Vicente de Pa\u00fal\u00bb","block_context":{"text":"Escritos de Vicente de Pa\u00fal","link":"http:\/\/vincentians.com\/es\/category\/escritos\/escritos-de-vicente-de-paul\/"},"img":{"alt_text":"","src":"https:\/\/i0.wp.com\/vincentians.com\/es\/wp-content\/uploads\/sites\/11\/2016\/07\/escritos-vicente-de-paul.jpg?fit=1200%2C630&resize=350%2C200","width":350,"height":200,"srcset":"https:\/\/i0.wp.com\/vincentians.com\/es\/wp-content\/uploads\/sites\/11\/2016\/07\/escritos-vicente-de-paul.jpg?fit=1200%2C630&resize=350%2C200 1x, https:\/\/i0.wp.com\/vincentians.com\/es\/wp-content\/uploads\/sites\/11\/2016\/07\/escritos-vicente-de-paul.jpg?fit=1200%2C630&resize=525%2C300 1.5x, https:\/\/i0.wp.com\/vincentians.com\/es\/wp-content\/uploads\/sites\/11\/2016\/07\/escritos-vicente-de-paul.jpg?fit=1200%2C630&resize=700%2C400 2x, https:\/\/i0.wp.com\/vincentians.com\/es\/wp-content\/uploads\/sites\/11\/2016\/07\/escritos-vicente-de-paul.jpg?fit=1200%2C630&resize=1050%2C600 3x"},"classes":[]},{"id":132810,"url":"http:\/\/vincentians.com\/es\/vicente-de-paul-carta-1240-luisa-de-marillac-a-san-vicente\/","url_meta":{"origin":405614,"position":1},"title":"Vicente de Pa\u00fal, Carta 1240: Luisa De Marillac A San Vicente","author":"Francisco Javier Fern\u00e1ndez Chento","date":"17\/12\/2014","format":false,"excerpt":"[Febrero 1650] Mi venerad\u00edsimo padre: Creo que el se\u00f1or baill\u00ed le expuso ayer la situaci\u00f3n de su mal asunto, que parece depender por completo de la forma con que el se\u00f1or Lesguier exponga al se\u00f1or de Emery la voluntad de la reina en esta cuesti\u00f3n, tras las nuevas \u00f3rdenes de\u2026","rel":"","context":"En \u00abEscritos de Vicente de Pa\u00fal\u00bb","block_context":{"text":"Escritos de Vicente de Pa\u00fal","link":"http:\/\/vincentians.com\/es\/category\/escritos\/escritos-de-vicente-de-paul\/"},"img":{"alt_text":"","src":"https:\/\/i0.wp.com\/vincentians.com\/es\/wp-content\/uploads\/sites\/11\/2016\/07\/escritos-vicente-de-paul.jpg?fit=1200%2C630&resize=350%2C200","width":350,"height":200,"srcset":"https:\/\/i0.wp.com\/vincentians.com\/es\/wp-content\/uploads\/sites\/11\/2016\/07\/escritos-vicente-de-paul.jpg?fit=1200%2C630&resize=350%2C200 1x, https:\/\/i0.wp.com\/vincentians.com\/es\/wp-content\/uploads\/sites\/11\/2016\/07\/escritos-vicente-de-paul.jpg?fit=1200%2C630&resize=525%2C300 1.5x, https:\/\/i0.wp.com\/vincentians.com\/es\/wp-content\/uploads\/sites\/11\/2016\/07\/escritos-vicente-de-paul.jpg?fit=1200%2C630&resize=700%2C400 2x, https:\/\/i0.wp.com\/vincentians.com\/es\/wp-content\/uploads\/sites\/11\/2016\/07\/escritos-vicente-de-paul.jpg?fit=1200%2C630&resize=1050%2C600 3x"},"classes":[]},{"id":101811,"url":"http:\/\/vincentians.com\/es\/vida-del-senor-vicente-de-paul-capitulo-6\/","url_meta":{"origin":405614,"position":2},"title":"Vida del Se\u00f1or Vicente de Pa\u00fal: Cap\u00edtulo 6","author":"Francisco Javier Fern\u00e1ndez Chento","date":"17\/05\/2015","format":false,"excerpt":"6 (1641) A finales del a\u00f1o 1641, el 13 de diciembre, mor\u00eda santa Chantal. La muerte le sorprendi\u00f3 en viaje desde Par\u00eds, donde acababa de hacer una \u00faltima visita a los monasterios de su orden de los que era director el se\u00f1or Vicente, de camino hacia Amnecy, lugar de la\u2026","rel":"","context":"En \u00abVicente de Pa\u00fal\u00bb","block_context":{"text":"Vicente de Pa\u00fal","link":"http:\/\/vincentians.com\/es\/category\/la-familia-vicenciana\/fundadores\/vicente-de-paul\/"},"img":{"alt_text":"sanvibiblia","src":"https:\/\/i0.wp.com\/vicencianos.org\/wp-content\/2012\/08\/sanvibiblia-300x300.png?resize=350%2C200","width":350,"height":200},"classes":[]},{"id":119354,"url":"http:\/\/vincentians.com\/es\/vicente-de-paul-carta-1118-luisa-de-marillac-a-san-vicente\/","url_meta":{"origin":405614,"position":3},"title":"Vicente de Pa\u00fal, Carta 1118: Luisa De Marillac A San Vicente","author":"Francisco Javier Fern\u00e1ndez Chento","date":"14\/04\/2013","format":false,"excerpt":"[Octubre 1648] Padre. No me acuerdo muy bien del asunto de que le escrib\u00eda el se\u00f1or p\u00e1rroco de Serqueux, pero me parece que se trataba de algo de las religiosas de cerca de Forges, a las que se acusa de una gran falta, por la que me parece que le\u2026","rel":"","context":"En \u00abEscritos de Vicente de Pa\u00fal\u00bb","block_context":{"text":"Escritos de Vicente de Pa\u00fal","link":"http:\/\/vincentians.com\/es\/category\/escritos\/escritos-de-vicente-de-paul\/"},"img":{"alt_text":"","src":"https:\/\/i0.wp.com\/vincentians.com\/es\/wp-content\/uploads\/sites\/11\/2016\/07\/escritos-vicente-de-paul.jpg?fit=1200%2C630&resize=350%2C200","width":350,"height":200,"srcset":"https:\/\/i0.wp.com\/vincentians.com\/es\/wp-content\/uploads\/sites\/11\/2016\/07\/escritos-vicente-de-paul.jpg?fit=1200%2C630&resize=350%2C200 1x, https:\/\/i0.wp.com\/vincentians.com\/es\/wp-content\/uploads\/sites\/11\/2016\/07\/escritos-vicente-de-paul.jpg?fit=1200%2C630&resize=525%2C300 1.5x, https:\/\/i0.wp.com\/vincentians.com\/es\/wp-content\/uploads\/sites\/11\/2016\/07\/escritos-vicente-de-paul.jpg?fit=1200%2C630&resize=700%2C400 2x, https:\/\/i0.wp.com\/vincentians.com\/es\/wp-content\/uploads\/sites\/11\/2016\/07\/escritos-vicente-de-paul.jpg?fit=1200%2C630&resize=1050%2C600 3x"},"classes":[]},{"id":131917,"url":"http:\/\/vincentians.com\/es\/humildes-de-corazon\/","url_meta":{"origin":405614,"position":4},"title":"Humildes de coraz\u00f3n","author":"Francisco Javier Fern\u00e1ndez Chento","date":"02\/12\/2014","format":false,"excerpt":"\"Acercaos a m\u00ed todos los que est\u00e1is rendidos y abrumados, que yo os dar\u00e9 respiro. Cargad con mi yugo y aprended de m\u00ed, que soy sencillo y humilde: encontra-r\u00e9is vuestro respiro, pues mi yugo es llevadero y mi carga ligera\" (Mt 11,28-30). \"La Congregaci\u00f3n intenta expresar su esp\u00edritu tambi\u00e9n con\u2026","rel":"","context":"En \u00abFormaci\u00f3n Vicenciana\u00bb","block_context":{"text":"Formaci\u00f3n Vicenciana","link":"http:\/\/vincentians.com\/es\/category\/formacion-vicenciana\/"},"img":{"alt_text":"humildad","src":"https:\/\/i0.wp.com\/vicencianos.org\/wp-content\/2014\/12\/humildad-300x300.jpg?resize=350%2C200","width":350,"height":200},"classes":[]},{"id":126043,"url":"http:\/\/vincentians.com\/es\/san-vicente-de-paul-siervo-de-los-pobres-12\/","url_meta":{"origin":405614,"position":5},"title":"San Vicente de Pa\u00fal, siervo de los pobres (12)","author":"Francisco Javier Fern\u00e1ndez Chento","date":"07\/12\/2013","format":false,"excerpt":"XII: del Consejo de Ciencia a los ejercicios espirituales A la cabecera del rey Un m\u00e9rito especial de Vicente fue haber puesto a los ricos a servir a los pobres. Concurri\u00f3 a la redenci\u00f3n de los grandes induci\u00e9ndolos a hacerse peque\u00f1os, con prestaciones de caridad a los humildes. Hombre del\u2026","rel":"","context":"En \u00abVicente de Pa\u00fal\u00bb","block_context":{"text":"Vicente de Pa\u00fal","link":"http:\/\/vincentians.com\/es\/category\/la-familia-vicenciana\/fundadores\/vicente-de-paul\/"},"img":{"alt_text":"","src":"","width":0,"height":0},"classes":[]}],"_links":{"self":[{"href":"http:\/\/vincentians.com\/es\/wp-json\/wp\/v2\/posts\/405614","targetHints":{"allow":["GET"]}}],"collection":[{"href":"http:\/\/vincentians.com\/es\/wp-json\/wp\/v2\/posts"}],"about":[{"href":"http:\/\/vincentians.com\/es\/wp-json\/wp\/v2\/types\/post"}],"author":[{"embeddable":true,"href":"http:\/\/vincentians.com\/es\/wp-json\/wp\/v2\/users\/5"}],"replies":[{"embeddable":true,"href":"http:\/\/vincentians.com\/es\/wp-json\/wp\/v2\/comments?post=405614"}],"version-history":[{"count":1,"href":"http:\/\/vincentians.com\/es\/wp-json\/wp\/v2\/posts\/405614\/revisions"}],"predecessor-version":[{"id":405615,"href":"http:\/\/vincentians.com\/es\/wp-json\/wp\/v2\/posts\/405614\/revisions\/405615"}],"wp:featuredmedia":[{"embeddable":true,"href":"http:\/\/vincentians.com\/es\/wp-json\/wp\/v2\/media\/404161"}],"wp:attachment":[{"href":"http:\/\/vincentians.com\/es\/wp-json\/wp\/v2\/media?parent=405614"}],"wp:term":[{"taxonomy":"category","embeddable":true,"href":"http:\/\/vincentians.com\/es\/wp-json\/wp\/v2\/categories?post=405614"},{"taxonomy":"post_tag","embeddable":true,"href":"http:\/\/vincentians.com\/es\/wp-json\/wp\/v2\/tags?post=405614"}],"curies":[{"name":"wp","href":"https:\/\/api.w.org\/{rel}","templated":true}]}}