{"id":405307,"date":"2024-08-24T08:25:21","date_gmt":"2024-08-24T06:25:21","guid":{"rendered":"http:\/\/vincentians.com\/es\/?p=405307"},"modified":"2023-08-19T18:27:23","modified_gmt":"2023-08-19T16:27:23","slug":"sociedad-de-senoras-de-la-caridad-de-san-vicente-de-paul","status":"publish","type":"post","link":"http:\/\/vincentians.com\/es\/sociedad-de-senoras-de-la-caridad-de-san-vicente-de-paul\/","title":{"rendered":"SOCIEDAD DE SE\u00d1ORAS DE LA CARIDAD DE SAN VICENTE DE PA\u00daL"},"content":{"rendered":"<ol>\n<li><em> Origen de la Sociedad.\u2014Su objeto y restauraci\u00f3n.<\/em><\/li>\n<\/ol>\n<p>San Vicente de Pa\u00fal, el a\u00f1o 1617, siendo Cura de Chatillon-les-Dombes, fund\u00f3 esta Sociedad de Se\u00f1oras, bajo el t\u00edtulo de Cofrad\u00eda de la Caridad: \u00abDios la ha erigido\u2014de\u00adc\u00eda hablando de ella este incomparable var\u00f3n\u2014 para hon\u00adrar a\u00a0 Nuestro Se\u00f1or Jesucristo, como el manantial y mo\u00addelo de toda caridad.\u00bb Su fin es imitar al Divino Salvador, visitando a\u00a0 los enfermos y suministr\u00e1ndoles los socorros espirituales y corporales, y las Damas que la componen in\u00adtentan este fin por la pr\u00e1ctica de las virtudes de humildad, sencillez y caridad.<\/p>\n<p>Fue establecida primeramente en la Parroquia de Chatill\u00f3n tan s\u00f3lo, y aprobada por el Arzobispo de Ly\u00f3n; pero no tard\u00f3 en esparcirse por otras muchas Parroquias, no solamente en las aldeas, sino en el mismo Par\u00eds, donde fue erigida en casi todas sus iglesias parroquiales, hasta en la misma Corte del Rey de Francia. La diversidad de lugares oblig\u00f3 a San Vicente a modificar su reglamento primitivo para adaptarse a las circunstancias, aunque en el fondo y substancia permaneci\u00f3 el mismo. Siempre consisti\u00f3 y con\u00adsiste la Sociedad en una asociaci\u00f3n de personas sincera\u00admente cristianas, administrada por un Consejo y bajo la direcci\u00f3n del Cura P\u00e1rroco; el fin principal es y fue siempre la visita personal de los pobres enfermos, para asistirlos corporal y espiritualmente.<\/p>\n<p>El reglamento puede mudarse en sus pormenores aten\u00addiendo a los diferentes lugares y tiempos, con tal que se respete el esp\u00edritu de la Sociedad y se conserven las obli\u00adgaciones fundamentales.<\/p>\n<p>La Sociedad de Se\u00f1oras de la Caridad de San Vicente de Pa\u00fal fue aprobada impl\u00edcitamente por el Papa Urbano VIII, en 1632, en la Bula de la instituci\u00f3n de la Congregaci\u00f3n de la Misi\u00f3n, y de un modo expreso y formal el a\u00f1o 1695, por el Pont\u00edfice Inocencio XII.<\/p>\n<p>Como otras muchas, esta Sociedad desapareci\u00f3 en Fran\u00adcia bajo las ruinas de la espantosa revoluci\u00f3n a fines del siglo XVIII; pero fue restablecida en 1340, con la autoriza\u00adci\u00f3n del Arzobispo de Par\u00eds, por el Sr. Etienne, Superior General de la Congregaci\u00f3n de la Misi\u00f3n y de las Hijas de la Caridad. El Papa P\u00edo IX, por el Breve del i6 de Julio de 1850, le concedi\u00f3 las mismas indulgencias y favores es\u00adpirituales que su predecesor Gregorio XVI hab\u00eda concedido por los Breves de 10 de Enero y 12 de Agosto de 1845 a la Sociedad de Caridad fundada en Par\u00eds algunos a\u00f1os antes con el nombre de Sociedad de San Vicente de Pa\u00fal, y est\u00e1 reservada exclusivamente para caballeros. Estas indulgen\u00adcias y favores espirituales se extienden a todas las Socie\u00addades de Se\u00f1oras de la Caridad que existen y podr\u00e1n esta\u00adblecerse en cualquier parte del mundo, con tal que est\u00e9n afiliadas al Centro de la Asociaci\u00f3n.<\/p>\n<ol start=\"2\">\n<li><em> Modo de erigir una Sociedad de Se\u00f1ras de la Caridad<\/em><\/li>\n<\/ol>\n<p>El Centro de la Asociaci\u00f3n est\u00e1 en Par\u00eds, en la calle de Sevres, n\u00fam. 95, y el Superior General de los Lazaristas (Paules) y de las Hijas de la Caridad es el Director general. Cuando se trata de establecer una Sociedad de Se\u00f1oras en una Parroquia, lo primero que debe hacerse es enterarse el Cura P\u00e1rroco si entre sus feligreses hay personas devotas que est\u00e9n dispuestas a visitar personalmente a los pobres enfermos, porque esta visita es una de las condiciones esen\u00adciales para la erecci\u00f3n de la Sociedad. Despu\u00e9s de esto se pide al Superior General de la Congregaci\u00f3n de la Misi\u00f3n la patente de erecci\u00f3n, la que da derecho a todas las indulgencias concedidas por la Sede Apost\u00f3lica. Si en la re\u00adgi\u00f3n hay fundada una casa de PP. Pa\u00fales o Hijas de la Caridad, se puede recurrir a ella para obtener los documen\u00adtos concernientes a\u00a0 la Sociedad de Se\u00f1oras y a\u00a0 su estable\u00adcimiento. Finalmente, no se puede fundar una Sociedad de Se\u00f1oras sin la venia del Sr. Obispo diocesano, a quien se le presentar\u00e1 un reglamento y la patente de erecci\u00f3n.<\/p>\n<p>En las ciudades que tienen muchas Parroquias puede haber una Sociedad en cada Parroquia, o bien una para mu\u00adchas de la misma ciudad.<\/p>\n<ol start=\"3\">\n<li><em> &#8212; Organizaci\u00f3n del Instituto.<\/em><\/li>\n<\/ol>\n<p>I.\u00b0 Las Se\u00f1oras de la Caridad se dividen en Se\u00f1oras visitantes y Se\u00f1oras honorarias, que se llaman tambi\u00e9n Se\u00f1oras Tesoreras. Las primeras visitan los pobres enfermos y les llevan sus socorros; las otras, impedidas por causas espe\u00adciales de visitar, contribuyen al bien que hace la Asociaci\u00f3n con sus socorros pecuniarios, oraciones y buenos ejemplos.<\/p>\n<p>2.\u00b0 El Director de cada Asociaci\u00f3n Parroquia] es ordi\u00adnariamente el Cura de la Parroquia, sin embargo, el se\u00f1or Obispo puede designar otro Sacerdote para dirigirla.<\/p>\n<p>3.<sup>\u00b0<\/sup> Las Se\u00f1oras que deseen pertenecer a la Sociedad, deben dirigir a la Sra. Presidenta una instancia, y \u00e9sta la someter\u00e1 a la decisi\u00f3n del Sr. Director.<\/p>\n<p>Cada una de las Se\u00f1oras que ingresen en la Sociedad, recibir\u00e1 del Director un diploma de recepci\u00f3n y<sup>.<\/sup> un cruci\u00adfijo que llevar\u00e1n cuando visiten a los pobres enfermos.<\/p>\n<p>4.<sup>\u00b0<\/sup> Cada Asociaci\u00f3n particular tendr\u00e1 su Presidenta, su Secretaria y Tesorera. Seg\u00fan el antiguo reglamento, las dignatarias ser\u00e1n elegidas anualmente por lo.; miembros de la Sociedad: no obstante eso, hoy en muchos. lugares, el Sr. Director es quien las nombra por tiempo indeterminado. En los parajes en que hay fundadas Casas de las Hijas de la Caridad, las se\u00f1oras de la Sociedad deben considerarse unidas a ellas para ayudarlas a\u00a0 socorrer a\u00a0 los pobres en\u00adfermos. Las Hijas de la Caridad por su parte se obligar\u00e1n a alentar y animar a las Se\u00f1oras en sus visitas y socorro de los desgraciados. La Superiora de las Hijas de la Cari\u00addad de la Parroquia, es por derecho la Tesorera de la Aso\u00adciaci\u00f3n.<\/p>\n<p>5.\u00b0 Los recursos de la Asociaci\u00f3n provienen de las coti\u00adzaciones anuales de las Se\u00f1oras visitantes y honorarias, o de las colectas que se hagan en las Juntas de la Sociedad, as\u00ed como de las ventas o sermones de Caridad; en fin, de todo socorro que se destine para ayudar la misma Socie\u00addad. La Sra. Tesorera emplear\u00e1 la suma conveniente cada mes, en la compra de bonos destinados a los pobres en\u00adfermos, y los enviar\u00e1 a las se\u00f1oras visitadoras,<\/p>\n<p>6.\u00b0 Cada mes se celebrar\u00e1 una Junta bajo la presidencia del Director, y se invitar\u00e1n todas las Se\u00f1oras que pertene\u00adcen a la Asociaci\u00f3n. La junta se celebrar\u00e1 ordinariamente por la ma\u00f1ana, y se oir\u00e1 antes la Santa Misa. Se dar\u00e1 co\u00admienzo a la reuni\u00f3n con la ant\u00edfona <em>Veni Sancte Spiritus, <\/em>el Ave Mar\u00eda y la invocaci\u00f3n \u00abSan Vicente de Pa\u00fal, rogad por nosotros.\u00bb Despu\u00e9s de la lectura del acta de la Junta anterior, la Secretaria dar\u00e1 cuenta de las visitas que se han hecho a los enfermos durante el mes, de los socorros que se han distribuido y de todo el bien que se ha hecho. La Tesorera expondr\u00e1 el estado de la caja, y despu\u00e9s se trata\u00adr\u00e1n los asuntos relativos a la Sociedad; acto seguido, el Di\u00adrector dirigir\u00e1 una breve alocuci\u00f3n a\u00a0 las Se\u00f1oras, que po\u00addr\u00e1 ser sustituida por una lectura piadosa que tenga rela\u00adci\u00f3n con el fin y esp\u00edritu de la Asociaci\u00f3n; despu\u00e9s seguir\u00e1 la colecta a\u00a0 beneficio de los infelices, y se terminar\u00e1 la Junta con la oraci\u00f3n <em>Sub tuum, <\/em>etc., y la invocaci\u00f3n \u00abSan Vi\u00adcente de Pa\u00fal, rogad por nosotros\u00bb.<\/p>\n<p>7.\u00b0 Cada a\u00f1o, antes del I.<sup>\u00b0<\/sup> de Julio, la Presidenta de cada Asociaci\u00f3n local enviar\u00e1 a la Presidenta General de Par\u00eds una relaci\u00f3n del bien que se ha hecho durante el a\u00f1o pasado por la Asociaci\u00f3n que preside.<\/p>\n<p>4.\u2014De <em>la visita de los pobres enfermos.<\/em><\/p>\n<p>I.\u00b0 Las Se\u00f1oras visitantes tendr\u00e1n un cuaderno en el que apuntar\u00e1n: 1.<sup>\u00b0<\/sup>, los nombres de los enfermos que visiten; 2.\u00b0, el n\u00famero de visitas que han hecho; 3.<sup>\u00b0<\/sup>, los socorros que han distribuido; 4.<sup>0<\/sup>, lo recogido en las suscripciones; y 5.\u00b0, los frutos espirituales obtenidos, como conversiones, bautismos, matrimonios, etc., etc.<\/p>\n<p>2.\u00b0 Visitar\u00e1n los pobres enfermos una vez cada semana, y si se encuentran impedidas se har\u00e1n suplir por una Hija de la Caridad, o por otra se\u00f1ora. Recibir\u00e1n de la Tesorera los socorros que van a distribuir, y no los confiar\u00e1n a na\u00addie que no pertenezca a la Sociedad, as\u00ed como no los dar\u00e1n sino a los enfermos que se les haya indicado.<\/p>\n<p>3.\u00b0 Si las Se\u00f1oras visitantes quieren a\u00f1adir de su propio peculio algunos socorros a los que reciben para distribuir a los enfermos, no deber\u00e1n distribuirlos ellas mismas, sino que lo har\u00e1n por medio de las Hijas de la Caridad o de la Tesorera, a\u00a0 fin de que los enfermos no vean diferencia al\u00adguna en la manera de obrar de las Se\u00f1oras visitantes.<\/p>\n<p>4.\u00b0 En las visitas llevar\u00e1n siempre su Crucifijo, y ser\u00eda tambi\u00e9n conveniente hiciesen una visita a Jes\u00fas Sacramen\u00adtado antes de ir a las casas de los enfermos.<\/p>\n<p>5.\u00b0 Al visitar a los pobres, las Se\u00f1oras se interesar\u00e1n por todos los miembros de la familia y tratar\u00e1n, por todos los medios, de procurar la comodidad, la moralizaci\u00f3n y la salud de las familias pobres.<\/p>\n<p>6.\u00b0 Considerar\u00e1n como un deber el asistir a la administraci\u00f3n de los Sacramentos a\u00a0 los moribundos que visiten, y tambi\u00e9n cumplir\u00e1n con sus obligaciones para con los en\u00adfermos que dejen de existir, ya sea asistiendo a\u00a0 sus entie\u00adrros, ya orando o aplicando sufragios por el eterno des\u00adcanso de sus almas.<\/p>\n<ol start=\"5\">\n<li><em>Pr\u00e1cticas espirituales y principales indulgencias concedidas.<\/em><\/li>\n<\/ol>\n<p>1.\u00b0 La fiesta principal de la Sociedad es la de su Patrona <em>la <\/em>Inmaculada Concepci\u00f3n de<sup>&#8211;<\/sup> la Sant\u00edsima Virgen.<\/p>\n<p>2.<sup>\u00b0<\/sup> Tambi\u00e9n se celebrar\u00e1 la fiesta de San Vicente de Pa\u00fal el 19 de Julio, y si es posible la de la Traslaci\u00f3n de sus Reliquias el segundo domingo despu\u00e9s de Pascua. En cada una de estas fiestas, o en sus octavas, el Director ce\u00adlebrar\u00e1 una <em>Misa <\/em>por la Asociaci\u00f3n y las Se\u00f1oras asistir\u00e1n y comulgar\u00e1n en ella. Cuando una se\u00f1ora cae enferma, las otras tienen obligaci\u00f3n de visitarla; y si fallece, har\u00e1n todo lo posible por asistir a sus funerales.<\/p>\n<p>3.\u00b0 Al fallecimiento de una se\u00f1ora de la Sociedad se celebrar\u00e1 una Misa en la Parroquia por el descanso de su alma, <em>y <\/em>se invitar\u00e1 a todas las Se\u00f1oras para que asistan; adem\u00e1s cada una ofrecer\u00e1 una comuni\u00f3n por cada se\u00f1ora que muera.<\/p>\n<p>4.\u00ba Se gana indulgencia plenaria el d\u00eda de la admisi\u00f3n en la Sociedad; las Se\u00f1oras visitantes que han asistido fiel\u00admente a\u00a0 las Asambleas trimestrales, ganan dos indulgencias plenarias al mes; tambi\u00e9n en las siguientes festividades, tanto las Se\u00f1oras visitantes como las honorarias; Inmacu\u00adlada Concepci\u00f3n, Traslaci\u00f3n de las Reliquias de San Vi\u00adcente de Pa\u00fal, que se celebra el segundo domingo despu\u00e9s de Pascua; y el 19 de Julio, fiesta de San Vicente de Pa\u00fal, con la condici\u00f3n de asistir a\u00a0 las reuniones que tienen lugar en esas \u00e9pocas; en art\u00edculo de muerte, para todos los miem\u00adbros de la Sociedad y pobres cuidados por las Se\u00f1oras de la Caridad.<\/p>\n<p>5.<sup>\u00b0<\/sup> Ganan indulgencia de siete a\u00f1os y siete cuarentenas las Se\u00f1oras visitantes por cada vez que visiten una familia pobre u obren alg\u00fan bien, seg\u00fan el esp\u00edritu de la Asociaci\u00f3n.<\/p>\n<p>ANALES 1909<\/p>\n","protected":false},"excerpt":{"rendered":"<p>Origen de la Sociedad.\u2014Su objeto y restauraci\u00f3n. San Vicente de Pa\u00fal, el a\u00f1o 1617, siendo Cura de Chatillon-les-Dombes, fund\u00f3 esta Sociedad de Se\u00f1oras, bajo el t\u00edtulo de Cofrad\u00eda de la Caridad: \u00abDios la ha erigido\u2014de\u00adc\u00eda &#8230; <a href=\"http:\/\/vincentians.com\/es\/sociedad-de-senoras-de-la-caridad-de-san-vicente-de-paul\/\" class=\"more-link\">Read More<\/a><\/p>\n","protected":false},"author":5,"featured_media":404131,"comment_status":"open","ping_status":"open","sticky":false,"template":"","format":"standard","meta":{"jetpack_post_was_ever_published":false,"_jetpack_newsletter_access":"","_jetpack_dont_email_post_to_subs":false,"_jetpack_newsletter_tier_id":0,"_jetpack_memberships_contains_paywalled_content":false,"_jetpack_memberships_contains_paid_content":false,"footnotes":"","jetpack_publicize_message":"","jetpack_publicize_feature_enabled":true,"jetpack_social_post_already_shared":true,"jetpack_social_options":{"image_generator_settings":{"template":"highway","default_image_id":0,"font":"","enabled":false},"version":2}},"categories":[17,28,401],"tags":[],"class_list":["post-405307","post","type-post","status-publish","format-standard","has-post-thumbnail","hentry","category-en-tiempos-de-vicente-de-paul","category-formacion-vicenciana","category-historia-de-la-asociacion-internacional-de-caridades"],"yoast_head":"<!-- This site is optimized with the Yoast SEO plugin v26.3 - https:\/\/yoast.com\/wordpress\/plugins\/seo\/ -->\n<title>SOCIEDAD DE SE\u00d1ORAS DE LA CARIDAD DE SAN VICENTE DE PA\u00daL - Somos Vicencianos<\/title>\n<meta name=\"robots\" content=\"index, follow, max-snippet:-1, max-image-preview:large, max-video-preview:-1\" \/>\n<link rel=\"canonical\" href=\"http:\/\/vincentians.com\/es\/sociedad-de-senoras-de-la-caridad-de-san-vicente-de-paul\/\" \/>\n<meta property=\"og:locale\" content=\"es_ES\" \/>\n<meta property=\"og:type\" content=\"article\" \/>\n<meta property=\"og:title\" content=\"SOCIEDAD DE SE\u00d1ORAS DE LA CARIDAD DE SAN VICENTE DE PA\u00daL - Somos Vicencianos\" \/>\n<meta property=\"og:description\" content=\"Origen de la Sociedad.\u2014Su objeto y restauraci\u00f3n. San Vicente de Pa\u00fal, el a\u00f1o 1617, siendo Cura de Chatillon-les-Dombes, fund\u00f3 esta Sociedad de Se\u00f1oras, bajo el t\u00edtulo de Cofrad\u00eda de la Caridad: \u00abDios la ha erigido\u2014de\u00adc\u00eda ... Read More\" \/>\n<meta property=\"og:url\" content=\"http:\/\/vincentians.com\/es\/sociedad-de-senoras-de-la-caridad-de-san-vicente-de-paul\/\" \/>\n<meta property=\"og:site_name\" content=\"Somos Vicencianos\" \/>\n<meta property=\"article:publisher\" content=\"https:\/\/www.facebook.com\/WeAreVincentians\/\" \/>\n<meta property=\"article:published_time\" content=\"2024-08-24T06:25:21+00:00\" \/>\n<meta property=\"og:image\" content=\"https:\/\/i0.wp.com\/vincentians.com\/es\/wp-content\/uploads\/sites\/11\/2013\/04\/4.jpg?fit=2428%2C1620\" \/>\n\t<meta property=\"og:image:width\" content=\"2428\" \/>\n\t<meta property=\"og:image:height\" content=\"1620\" \/>\n\t<meta property=\"og:image:type\" content=\"image\/jpeg\" \/>\n<meta name=\"author\" content=\"Mitxel Olabu\u00e9naga\" \/>\n<meta name=\"twitter:card\" content=\"summary_large_image\" \/>\n<meta name=\"twitter:creator\" content=\"@WeVincentians\" \/>\n<meta name=\"twitter:site\" content=\"@WeVincentians\" \/>\n<meta name=\"twitter:label1\" content=\"Escrito por\" \/>\n\t<meta name=\"twitter:data1\" content=\"Mitxel Olabu\u00e9naga\" \/>\n\t<meta name=\"twitter:label2\" content=\"Tiempo de lectura\" \/>\n\t<meta name=\"twitter:data2\" content=\"9 minutos\" \/>\n<script type=\"application\/ld+json\" class=\"yoast-schema-graph\">{\"@context\":\"https:\/\/schema.org\",\"@graph\":[{\"@type\":\"Article\",\"@id\":\"http:\/\/vincentians.com\/es\/sociedad-de-senoras-de-la-caridad-de-san-vicente-de-paul\/#article\",\"isPartOf\":{\"@id\":\"http:\/\/vincentians.com\/es\/sociedad-de-senoras-de-la-caridad-de-san-vicente-de-paul\/\"},\"author\":{\"name\":\"Mitxel Olabu\u00e9naga\",\"@id\":\"https:\/\/vincentians.com\/es\/#\/schema\/person\/7c2670b4445a7ca9d164ea6acdb31859\"},\"headline\":\"SOCIEDAD DE SE\u00d1ORAS DE LA CARIDAD DE SAN VICENTE DE PA\u00daL\",\"datePublished\":\"2024-08-24T06:25:21+00:00\",\"mainEntityOfPage\":{\"@id\":\"http:\/\/vincentians.com\/es\/sociedad-de-senoras-de-la-caridad-de-san-vicente-de-paul\/\"},\"wordCount\":2010,\"commentCount\":0,\"publisher\":{\"@id\":\"https:\/\/vincentians.com\/es\/#organization\"},\"image\":{\"@id\":\"http:\/\/vincentians.com\/es\/sociedad-de-senoras-de-la-caridad-de-san-vicente-de-paul\/#primaryimage\"},\"thumbnailUrl\":\"https:\/\/i0.wp.com\/vincentians.com\/es\/wp-content\/uploads\/sites\/11\/2013\/04\/4.jpg?fit=2428%2C1620\",\"articleSection\":[\"En tiempos de Vicente de Pa\u00fal\",\"Formaci\u00f3n Vicenciana\",\"Historia de la Asociaci\u00f3n Internacional de Caridades\"],\"inLanguage\":\"es\",\"potentialAction\":[{\"@type\":\"CommentAction\",\"name\":\"Comment\",\"target\":[\"http:\/\/vincentians.com\/es\/sociedad-de-senoras-de-la-caridad-de-san-vicente-de-paul\/#respond\"]}]},{\"@type\":\"WebPage\",\"@id\":\"http:\/\/vincentians.com\/es\/sociedad-de-senoras-de-la-caridad-de-san-vicente-de-paul\/\",\"url\":\"http:\/\/vincentians.com\/es\/sociedad-de-senoras-de-la-caridad-de-san-vicente-de-paul\/\",\"name\":\"SOCIEDAD DE SE\u00d1ORAS DE LA CARIDAD DE SAN VICENTE DE PA\u00daL - Somos Vicencianos\",\"isPartOf\":{\"@id\":\"https:\/\/vincentians.com\/es\/#website\"},\"primaryImageOfPage\":{\"@id\":\"http:\/\/vincentians.com\/es\/sociedad-de-senoras-de-la-caridad-de-san-vicente-de-paul\/#primaryimage\"},\"image\":{\"@id\":\"http:\/\/vincentians.com\/es\/sociedad-de-senoras-de-la-caridad-de-san-vicente-de-paul\/#primaryimage\"},\"thumbnailUrl\":\"https:\/\/i0.wp.com\/vincentians.com\/es\/wp-content\/uploads\/sites\/11\/2013\/04\/4.jpg?fit=2428%2C1620\",\"datePublished\":\"2024-08-24T06:25:21+00:00\",\"breadcrumb\":{\"@id\":\"http:\/\/vincentians.com\/es\/sociedad-de-senoras-de-la-caridad-de-san-vicente-de-paul\/#breadcrumb\"},\"inLanguage\":\"es\",\"potentialAction\":[{\"@type\":\"ReadAction\",\"target\":[\"http:\/\/vincentians.com\/es\/sociedad-de-senoras-de-la-caridad-de-san-vicente-de-paul\/\"]}]},{\"@type\":\"ImageObject\",\"inLanguage\":\"es\",\"@id\":\"http:\/\/vincentians.com\/es\/sociedad-de-senoras-de-la-caridad-de-san-vicente-de-paul\/#primaryimage\",\"url\":\"https:\/\/i0.wp.com\/vincentians.com\/es\/wp-content\/uploads\/sites\/11\/2013\/04\/4.jpg?fit=2428%2C1620\",\"contentUrl\":\"https:\/\/i0.wp.com\/vincentians.com\/es\/wp-content\/uploads\/sites\/11\/2013\/04\/4.jpg?fit=2428%2C1620\",\"width\":2428,\"height\":1620},{\"@type\":\"BreadcrumbList\",\"@id\":\"http:\/\/vincentians.com\/es\/sociedad-de-senoras-de-la-caridad-de-san-vicente-de-paul\/#breadcrumb\",\"itemListElement\":[{\"@type\":\"ListItem\",\"position\":1,\"name\":\"Portada\",\"item\":\"https:\/\/vincentians.com\/es\/\"},{\"@type\":\"ListItem\",\"position\":2,\"name\":\"SOCIEDAD DE SE\u00d1ORAS DE LA CARIDAD DE SAN VICENTE DE PA\u00daL\"}]},{\"@type\":\"WebSite\",\"@id\":\"https:\/\/vincentians.com\/es\/#website\",\"url\":\"https:\/\/vincentians.com\/es\/\",\"name\":\"Somos Vicencianos\",\"description\":\"Know more to serve more\",\"publisher\":{\"@id\":\"https:\/\/vincentians.com\/es\/#organization\"},\"potentialAction\":[{\"@type\":\"SearchAction\",\"target\":{\"@type\":\"EntryPoint\",\"urlTemplate\":\"https:\/\/vincentians.com\/es\/?s={search_term_string}\"},\"query-input\":{\"@type\":\"PropertyValueSpecification\",\"valueRequired\":true,\"valueName\":\"search_term_string\"}}],\"inLanguage\":\"es\"},{\"@type\":\"Organization\",\"@id\":\"https:\/\/vincentians.com\/es\/#organization\",\"name\":\"The Vincentian Network\",\"url\":\"https:\/\/vincentians.com\/es\/\",\"logo\":{\"@type\":\"ImageObject\",\"inLanguage\":\"es\",\"@id\":\"https:\/\/vincentians.com\/es\/#\/schema\/logo\/image\/\",\"url\":\"https:\/\/i1.wp.com\/vincentians.com\/es\/wp-content\/uploads\/sites\/11\/2016\/06\/Vincentian-Network-logo-big.png?fit=778%2C778\",\"contentUrl\":\"https:\/\/i1.wp.com\/vincentians.com\/es\/wp-content\/uploads\/sites\/11\/2016\/06\/Vincentian-Network-logo-big.png?fit=778%2C778\",\"width\":778,\"height\":778,\"caption\":\"The Vincentian Network\"},\"image\":{\"@id\":\"https:\/\/vincentians.com\/es\/#\/schema\/logo\/image\/\"},\"sameAs\":[\"https:\/\/www.facebook.com\/WeAreVincentians\/\",\"https:\/\/x.com\/WeVincentians\"]},{\"@type\":\"Person\",\"@id\":\"https:\/\/vincentians.com\/es\/#\/schema\/person\/7c2670b4445a7ca9d164ea6acdb31859\",\"name\":\"Mitxel Olabu\u00e9naga\",\"image\":{\"@type\":\"ImageObject\",\"inLanguage\":\"es\",\"@id\":\"https:\/\/vincentians.com\/es\/#\/schema\/person\/image\/\",\"url\":\"https:\/\/secure.gravatar.com\/avatar\/34137ec2e2b8939cbbed975731e71f3f4f1defc7266ded337a5ce0f925426877?s=96&d=mm&r=g\",\"contentUrl\":\"https:\/\/secure.gravatar.com\/avatar\/34137ec2e2b8939cbbed975731e71f3f4f1defc7266ded337a5ce0f925426877?s=96&d=mm&r=g\",\"caption\":\"Mitxel Olabu\u00e9naga\"},\"url\":\"http:\/\/vincentians.com\/es\/author\/mitxel\/\"}]}<\/script>\n<!-- \/ Yoast SEO plugin. -->","yoast_head_json":{"title":"SOCIEDAD DE SE\u00d1ORAS DE LA CARIDAD DE SAN VICENTE DE PA\u00daL - Somos Vicencianos","robots":{"index":"index","follow":"follow","max-snippet":"max-snippet:-1","max-image-preview":"max-image-preview:large","max-video-preview":"max-video-preview:-1"},"canonical":"http:\/\/vincentians.com\/es\/sociedad-de-senoras-de-la-caridad-de-san-vicente-de-paul\/","og_locale":"es_ES","og_type":"article","og_title":"SOCIEDAD DE SE\u00d1ORAS DE LA CARIDAD DE SAN VICENTE DE PA\u00daL - Somos Vicencianos","og_description":"Origen de la Sociedad.\u2014Su objeto y restauraci\u00f3n. San Vicente de Pa\u00fal, el a\u00f1o 1617, siendo Cura de Chatillon-les-Dombes, fund\u00f3 esta Sociedad de Se\u00f1oras, bajo el t\u00edtulo de Cofrad\u00eda de la Caridad: \u00abDios la ha erigido\u2014de\u00adc\u00eda ... Read More","og_url":"http:\/\/vincentians.com\/es\/sociedad-de-senoras-de-la-caridad-de-san-vicente-de-paul\/","og_site_name":"Somos Vicencianos","article_publisher":"https:\/\/www.facebook.com\/WeAreVincentians\/","article_published_time":"2024-08-24T06:25:21+00:00","og_image":[{"width":2428,"height":1620,"url":"https:\/\/i0.wp.com\/vincentians.com\/es\/wp-content\/uploads\/sites\/11\/2013\/04\/4.jpg?fit=2428%2C1620","type":"image\/jpeg"}],"author":"Mitxel Olabu\u00e9naga","twitter_card":"summary_large_image","twitter_creator":"@WeVincentians","twitter_site":"@WeVincentians","twitter_misc":{"Escrito por":"Mitxel Olabu\u00e9naga","Tiempo de lectura":"9 minutos"},"schema":{"@context":"https:\/\/schema.org","@graph":[{"@type":"Article","@id":"http:\/\/vincentians.com\/es\/sociedad-de-senoras-de-la-caridad-de-san-vicente-de-paul\/#article","isPartOf":{"@id":"http:\/\/vincentians.com\/es\/sociedad-de-senoras-de-la-caridad-de-san-vicente-de-paul\/"},"author":{"name":"Mitxel Olabu\u00e9naga","@id":"https:\/\/vincentians.com\/es\/#\/schema\/person\/7c2670b4445a7ca9d164ea6acdb31859"},"headline":"SOCIEDAD DE SE\u00d1ORAS DE LA CARIDAD DE SAN VICENTE DE PA\u00daL","datePublished":"2024-08-24T06:25:21+00:00","mainEntityOfPage":{"@id":"http:\/\/vincentians.com\/es\/sociedad-de-senoras-de-la-caridad-de-san-vicente-de-paul\/"},"wordCount":2010,"commentCount":0,"publisher":{"@id":"https:\/\/vincentians.com\/es\/#organization"},"image":{"@id":"http:\/\/vincentians.com\/es\/sociedad-de-senoras-de-la-caridad-de-san-vicente-de-paul\/#primaryimage"},"thumbnailUrl":"https:\/\/i0.wp.com\/vincentians.com\/es\/wp-content\/uploads\/sites\/11\/2013\/04\/4.jpg?fit=2428%2C1620","articleSection":["En tiempos de Vicente de Pa\u00fal","Formaci\u00f3n Vicenciana","Historia de la Asociaci\u00f3n Internacional de Caridades"],"inLanguage":"es","potentialAction":[{"@type":"CommentAction","name":"Comment","target":["http:\/\/vincentians.com\/es\/sociedad-de-senoras-de-la-caridad-de-san-vicente-de-paul\/#respond"]}]},{"@type":"WebPage","@id":"http:\/\/vincentians.com\/es\/sociedad-de-senoras-de-la-caridad-de-san-vicente-de-paul\/","url":"http:\/\/vincentians.com\/es\/sociedad-de-senoras-de-la-caridad-de-san-vicente-de-paul\/","name":"SOCIEDAD DE SE\u00d1ORAS DE LA CARIDAD DE SAN VICENTE DE PA\u00daL - Somos Vicencianos","isPartOf":{"@id":"https:\/\/vincentians.com\/es\/#website"},"primaryImageOfPage":{"@id":"http:\/\/vincentians.com\/es\/sociedad-de-senoras-de-la-caridad-de-san-vicente-de-paul\/#primaryimage"},"image":{"@id":"http:\/\/vincentians.com\/es\/sociedad-de-senoras-de-la-caridad-de-san-vicente-de-paul\/#primaryimage"},"thumbnailUrl":"https:\/\/i0.wp.com\/vincentians.com\/es\/wp-content\/uploads\/sites\/11\/2013\/04\/4.jpg?fit=2428%2C1620","datePublished":"2024-08-24T06:25:21+00:00","breadcrumb":{"@id":"http:\/\/vincentians.com\/es\/sociedad-de-senoras-de-la-caridad-de-san-vicente-de-paul\/#breadcrumb"},"inLanguage":"es","potentialAction":[{"@type":"ReadAction","target":["http:\/\/vincentians.com\/es\/sociedad-de-senoras-de-la-caridad-de-san-vicente-de-paul\/"]}]},{"@type":"ImageObject","inLanguage":"es","@id":"http:\/\/vincentians.com\/es\/sociedad-de-senoras-de-la-caridad-de-san-vicente-de-paul\/#primaryimage","url":"https:\/\/i0.wp.com\/vincentians.com\/es\/wp-content\/uploads\/sites\/11\/2013\/04\/4.jpg?fit=2428%2C1620","contentUrl":"https:\/\/i0.wp.com\/vincentians.com\/es\/wp-content\/uploads\/sites\/11\/2013\/04\/4.jpg?fit=2428%2C1620","width":2428,"height":1620},{"@type":"BreadcrumbList","@id":"http:\/\/vincentians.com\/es\/sociedad-de-senoras-de-la-caridad-de-san-vicente-de-paul\/#breadcrumb","itemListElement":[{"@type":"ListItem","position":1,"name":"Portada","item":"https:\/\/vincentians.com\/es\/"},{"@type":"ListItem","position":2,"name":"SOCIEDAD DE SE\u00d1ORAS DE LA CARIDAD DE SAN VICENTE DE PA\u00daL"}]},{"@type":"WebSite","@id":"https:\/\/vincentians.com\/es\/#website","url":"https:\/\/vincentians.com\/es\/","name":"Somos Vicencianos","description":"Know more to serve more","publisher":{"@id":"https:\/\/vincentians.com\/es\/#organization"},"potentialAction":[{"@type":"SearchAction","target":{"@type":"EntryPoint","urlTemplate":"https:\/\/vincentians.com\/es\/?s={search_term_string}"},"query-input":{"@type":"PropertyValueSpecification","valueRequired":true,"valueName":"search_term_string"}}],"inLanguage":"es"},{"@type":"Organization","@id":"https:\/\/vincentians.com\/es\/#organization","name":"The Vincentian Network","url":"https:\/\/vincentians.com\/es\/","logo":{"@type":"ImageObject","inLanguage":"es","@id":"https:\/\/vincentians.com\/es\/#\/schema\/logo\/image\/","url":"https:\/\/i1.wp.com\/vincentians.com\/es\/wp-content\/uploads\/sites\/11\/2016\/06\/Vincentian-Network-logo-big.png?fit=778%2C778","contentUrl":"https:\/\/i1.wp.com\/vincentians.com\/es\/wp-content\/uploads\/sites\/11\/2016\/06\/Vincentian-Network-logo-big.png?fit=778%2C778","width":778,"height":778,"caption":"The Vincentian Network"},"image":{"@id":"https:\/\/vincentians.com\/es\/#\/schema\/logo\/image\/"},"sameAs":["https:\/\/www.facebook.com\/WeAreVincentians\/","https:\/\/x.com\/WeVincentians"]},{"@type":"Person","@id":"https:\/\/vincentians.com\/es\/#\/schema\/person\/7c2670b4445a7ca9d164ea6acdb31859","name":"Mitxel Olabu\u00e9naga","image":{"@type":"ImageObject","inLanguage":"es","@id":"https:\/\/vincentians.com\/es\/#\/schema\/person\/image\/","url":"https:\/\/secure.gravatar.com\/avatar\/34137ec2e2b8939cbbed975731e71f3f4f1defc7266ded337a5ce0f925426877?s=96&d=mm&r=g","contentUrl":"https:\/\/secure.gravatar.com\/avatar\/34137ec2e2b8939cbbed975731e71f3f4f1defc7266ded337a5ce0f925426877?s=96&d=mm&r=g","caption":"Mitxel Olabu\u00e9naga"},"url":"http:\/\/vincentians.com\/es\/author\/mitxel\/"}]}},"jetpack_publicize_connections":[],"jetpack_featured_media_url":"https:\/\/i0.wp.com\/vincentians.com\/es\/wp-content\/uploads\/sites\/11\/2013\/04\/4.jpg?fit=2428%2C1620","jetpack_sharing_enabled":true,"jetpack_shortlink":"https:\/\/wp.me\/p7ETMF-1Hrd","jetpack-related-posts":[{"id":399679,"url":"http:\/\/vincentians.com\/es\/origen-las-cofradias-asociaciones-caridad\/","url_meta":{"origin":405307,"position":0},"title":"El origen de las Cofrad\u00edas o Asociaciones de Caridad","author":"Francisco Javier Fern\u00e1ndez Chento","date":"21\/08\/2016","format":false,"excerpt":"En agosto de 1617, Vicente de Pa\u00fal, con unos 37 a\u00f1os de edad, inici\u00f3 todo un movimiento que llega hasta nuestros d\u00edas. Habiendo sido nombrado p\u00e1rroco de Chatillon les Dombes (actualmente Chatillon sur Chalaronne) el 1\u00ba de agosto de este a\u00f1o, llega a su nueva parroquia que cuenta con 2.000\u2026","rel":"","context":"En \u00abEn tiempos de Vicente de Pa\u00fal\u00bb","block_context":{"text":"En tiempos de Vicente de Pa\u00fal","link":"http:\/\/vincentians.com\/es\/category\/historia-de-la-familia-vicenciana\/en-tiempos-de-vicente-de-paul\/"},"img":{"alt_text":"","src":"https:\/\/i0.wp.com\/vincentians.com\/es\/wp-content\/uploads\/sites\/11\/2016\/08\/cofradias-de-caridad.jpg?fit=1200%2C630&resize=350%2C200","width":350,"height":200,"srcset":"https:\/\/i0.wp.com\/vincentians.com\/es\/wp-content\/uploads\/sites\/11\/2016\/08\/cofradias-de-caridad.jpg?fit=1200%2C630&resize=350%2C200 1x, https:\/\/i0.wp.com\/vincentians.com\/es\/wp-content\/uploads\/sites\/11\/2016\/08\/cofradias-de-caridad.jpg?fit=1200%2C630&resize=525%2C300 1.5x, https:\/\/i0.wp.com\/vincentians.com\/es\/wp-content\/uploads\/sites\/11\/2016\/08\/cofradias-de-caridad.jpg?fit=1200%2C630&resize=700%2C400 2x, https:\/\/i0.wp.com\/vincentians.com\/es\/wp-content\/uploads\/sites\/11\/2016\/08\/cofradias-de-caridad.jpg?fit=1200%2C630&resize=1050%2C600 3x"},"classes":[]},{"id":130435,"url":"http:\/\/vincentians.com\/es\/las-viejas-caridades-vicencianas-y-las-modernas-conferencias-de-san-vicente-de-paul\/","url_meta":{"origin":405307,"position":1},"title":"Las viejas \u00abCaridades\u00bb y las modernas \u00abConferencias\u00bb","author":"Francisco Javier Fern\u00e1ndez Chento","date":"08\/05\/2014","format":false,"excerpt":"La cuna de las \"Caridades\" No muy lejos de Li\u00f3n, en las rientes y f\u00e9rtiles m\u00e1rgenes del Chalaronne, hay una peque\u00f1a poblaci\u00f3n, denominada Chatini les-Dombes, que en el a\u00f1o de gracia de 1617 acaba de adquirir en su nuevo y joven p\u00e1rroco, un gran tesoro. Tiene 36 a\u00f1os escasos. Llamase\u2026","rel":"","context":"En \u00abHistoria de la Sociedad de san Vicente de Pa\u00fal\u00bb","block_context":{"text":"Historia de la Sociedad de san Vicente de Pa\u00fal","link":"http:\/\/vincentians.com\/es\/category\/historia-de-la-familia-vicenciana\/historia-de-la-sociedad-de-san-vicente-de-paul\/"},"img":{"alt_text":"Retrato de Federico Ozanam en 1852, copia en miniatura del retrato hecho por Janmot Louis (1814-1892), hecha probablemente por el propio pintor.","src":"https:\/\/i0.wp.com\/vicencianos.org\/wp-content\/2014\/01\/Frederic_Ozanam.jpg?resize=350%2C200","width":350,"height":200},"classes":[]},{"id":117063,"url":"http:\/\/vincentians.com\/es\/hace-350-anos-san-vicente-encontro-su-vocacion-y-la-nuestra\/","url_meta":{"origin":405307,"position":2},"title":"Hace 350 a\u00f1os San Vicente encontr\u00f3 su vocaci\u00f3n y la nuestra","author":"Francisco Javier Fern\u00e1ndez Chento","date":"26\/02\/2013","format":false,"excerpt":"No parece conveniente que pase en silencio la fecha clave de 1617 en la vida de San Vicente y de su Misi\u00f3n en la Iglesia y el mundo. Enero de 1917. \"Dios env\u00eda al Sr. Vicente una se\u00f1al de su vo\u00adcaci\u00f3n\". Un anciano colono de los Sres. de Gond\u00ed se\u2026","rel":"","context":"En \u00abEn tiempos de Vicente de Pa\u00fal\u00bb","block_context":{"text":"En tiempos de Vicente de Pa\u00fal","link":"http:\/\/vincentians.com\/es\/category\/historia-de-la-familia-vicenciana\/en-tiempos-de-vicente-de-paul\/"},"img":{"alt_text":"coraz\u00f3n","src":"https:\/\/i0.wp.com\/vicencianos.org\/wp-content\/2012\/09\/coraz%C3%B3n.jpg?resize=350%2C200","width":350,"height":200},"classes":[]},{"id":125956,"url":"http:\/\/vincentians.com\/es\/las-hijas-de-la-caridad\/","url_meta":{"origin":405307,"position":3},"title":"Las Hijas de la Caridad","author":"Francisco Javier Fern\u00e1ndez Chento","date":"07\/12\/2013","format":false,"excerpt":"Evoluci\u00f3n de las Caridades Aunque las Caridades estaban fundadas desde 1617, los dos santos las van a perfec\u00adcionar, acomod\u00e1ndolas a la realidad concreta de las se\u00f1oras de Par\u00eds y a los pobres de la ciudad. Sin cambiar ni el fin ni la naturaleza, las Caridades de Vicente de Pa\u00fal evolucio\u00adnaron\u2026","rel":"","context":"En \u00abLuisa de Marillac\u00bb","block_context":{"text":"Luisa de Marillac","link":"http:\/\/vincentians.com\/es\/category\/la-familia-vicenciana\/fundadores\/luisa-de-marillac\/"},"img":{"alt_text":"Santa Luisa de Marillac","src":"https:\/\/i0.wp.com\/vicencianos.org\/wp-content\/2013\/09\/santaluisa3.jpg?resize=350%2C200","width":350,"height":200},"classes":[]},{"id":387854,"url":"http:\/\/vincentians.com\/es\/san-vicente-amigo-de-los-pobres-anos-de-busqueda-1613-1617\/","url_meta":{"origin":405307,"position":4},"title":"San Vicente: Amigo de los pobres: a\u00f1os de b\u00fasqueda (1613-1617)","author":"Mitxel Olabu\u00e9naga","date":"12\/10\/2016","format":false,"excerpt":"El se\u00f1or Vicente abandona Clichy El pueblo de Clichy guard\u00f3 siempre un grato recuerdo del mejor de sus p\u00e1rrocos. Pero, cuando m\u00e1s entusiasmado estaba \u00e9ste en sus proyectos, le lleg\u00f3 una carta de Berulle: Deb\u00eda cam\u00adbiar sus actividades. El director espiritual le ped\u00eda que volviera a Par\u00eds. Argumenta\u00adba que ser\u00eda\u2026","rel":"","context":"En \u00abFormaci\u00f3n Vicenciana\u00bb","block_context":{"text":"Formaci\u00f3n Vicenciana","link":"http:\/\/vincentians.com\/es\/category\/formacion-vicenciana\/"},"img":{"alt_text":"","src":"https:\/\/i0.wp.com\/vincentians.com\/es\/wp-content\/uploads\/sites\/11\/2016\/07\/st-vincent-de-paul.jpg?fit=1200%2C630&resize=350%2C200","width":350,"height":200,"srcset":"https:\/\/i0.wp.com\/vincentians.com\/es\/wp-content\/uploads\/sites\/11\/2016\/07\/st-vincent-de-paul.jpg?fit=1200%2C630&resize=350%2C200 1x, https:\/\/i0.wp.com\/vincentians.com\/es\/wp-content\/uploads\/sites\/11\/2016\/07\/st-vincent-de-paul.jpg?fit=1200%2C630&resize=525%2C300 1.5x, https:\/\/i0.wp.com\/vincentians.com\/es\/wp-content\/uploads\/sites\/11\/2016\/07\/st-vincent-de-paul.jpg?fit=1200%2C630&resize=700%2C400 2x, https:\/\/i0.wp.com\/vincentians.com\/es\/wp-content\/uploads\/sites\/11\/2016\/07\/st-vincent-de-paul.jpg?fit=1200%2C630&resize=1050%2C600 3x"},"classes":[]},{"id":101423,"url":"http:\/\/vincentians.com\/es\/vida-del-senor-vicente-de-paul-capitulo-3-2\/","url_meta":{"origin":405307,"position":5},"title":"Vida del Se\u00f1or Vicente de Pa\u00fal: Cap\u00edtulo 3","author":"Francisco Javier Fern\u00e1ndez Chento","date":"14\/05\/2015","format":false,"excerpt":"3 No sepult\u00f3 su vida para siempre en Chatillon el se\u00f1or Vicente. Esa era su intenci\u00f3n, pero con frecuencia el hombre propone y la mujer dispone. Vicente debi\u00f3 de llegar a Chatillon en marzo o abril de 1617. Para Navidad del mismo a\u00f1o estaba de vuelta en casa de los\u2026","rel":"","context":"En \u00abVicente de Pa\u00fal\u00bb","block_context":{"text":"Vicente de Pa\u00fal","link":"http:\/\/vincentians.com\/es\/category\/la-familia-vicenciana\/fundadores\/vicente-de-paul\/"},"img":{"alt_text":"sanvibiblia","src":"https:\/\/i0.wp.com\/vicencianos.org\/wp-content\/2012\/08\/sanvibiblia-300x300.png?resize=350%2C200","width":350,"height":200},"classes":[]}],"_links":{"self":[{"href":"http:\/\/vincentians.com\/es\/wp-json\/wp\/v2\/posts\/405307","targetHints":{"allow":["GET"]}}],"collection":[{"href":"http:\/\/vincentians.com\/es\/wp-json\/wp\/v2\/posts"}],"about":[{"href":"http:\/\/vincentians.com\/es\/wp-json\/wp\/v2\/types\/post"}],"author":[{"embeddable":true,"href":"http:\/\/vincentians.com\/es\/wp-json\/wp\/v2\/users\/5"}],"replies":[{"embeddable":true,"href":"http:\/\/vincentians.com\/es\/wp-json\/wp\/v2\/comments?post=405307"}],"version-history":[{"count":1,"href":"http:\/\/vincentians.com\/es\/wp-json\/wp\/v2\/posts\/405307\/revisions"}],"predecessor-version":[{"id":405308,"href":"http:\/\/vincentians.com\/es\/wp-json\/wp\/v2\/posts\/405307\/revisions\/405308"}],"wp:featuredmedia":[{"embeddable":true,"href":"http:\/\/vincentians.com\/es\/wp-json\/wp\/v2\/media\/404131"}],"wp:attachment":[{"href":"http:\/\/vincentians.com\/es\/wp-json\/wp\/v2\/media?parent=405307"}],"wp:term":[{"taxonomy":"category","embeddable":true,"href":"http:\/\/vincentians.com\/es\/wp-json\/wp\/v2\/categories?post=405307"},{"taxonomy":"post_tag","embeddable":true,"href":"http:\/\/vincentians.com\/es\/wp-json\/wp\/v2\/tags?post=405307"}],"curies":[{"name":"wp","href":"https:\/\/api.w.org\/{rel}","templated":true}]}}