{"id":405305,"date":"2024-08-22T08:22:55","date_gmt":"2024-08-22T06:22:55","guid":{"rendered":"http:\/\/vincentians.com\/es\/?p=405305"},"modified":"2023-08-19T18:25:15","modified_gmt":"2023-08-19T16:25:15","slug":"origen-de-la-congregion-de-la-mision","status":"publish","type":"post","link":"http:\/\/vincentians.com\/es\/origen-de-la-congregion-de-la-mision\/","title":{"rendered":"ORIGEN DE LA CONGREGI\u00d3N DE LA MISI\u00d3N"},"content":{"rendered":"<p>En la gran <em>Historia de la Ciudad de Par\u00eds, <\/em>de dom Filibien, completada por dom Lobineau, c\u00e9lebres benedictinos, se encuentra la narraci\u00f3n siguiente, relativa a la Congrega\u00adci\u00f3n de la Misi\u00f3n:<\/p>\n<p>\u00abEl Instituto de los Sacerdotes de la Misi\u00f3n naci\u00f3 en el Colegio de los Buenos Hijos. hacia principios del a\u00f1o 1625.<\/p>\n<p>El santo Sacerdote Vicente de Pa\u00fal, que fue el funda\u00addor, conociendo por experiencia la necesidad extrema en que se encontraban las personas del campo, m\u00e1s aun que las de las ciudades, de ser socorridas y ayudadas en las pr\u00e1cticas de la Religi\u00f3n, mision\u00f3 un pueblo de la di\u00f3cesis de Amiens, el d\u00eda de la Conversi\u00f3n de San Pablo del a\u00f1o 1617. Dios bendijo su trabajo, convirtiendo gran n\u00fa\u00admero de personas, y la Condesa de Joigny, Francisca Silly, que hab\u00eda movido a Vicente de Pa\u00fal a predicar esta misi\u00f3n en sus tierras, concibi\u00f3 la idea de dar 6.000 libras a la Comunidad que se comprometiera a misionar cada cinco a\u00f1os todas sus posesiones.<\/p>\n<p>No habiendo aceptado la propuesta ni los Jesu\u00edtas ni los Padres del Oratorio, la piadosa se\u00f1ora de Joigny pens\u00f3 fundar una Congregaci\u00f3n particular, cuya principal obligaci\u00f3n fuese misionar los pueblos del campo. Le pareci\u00f3 que \u00a0Vicente de Pa\u00fal era tanto m\u00e1s a prop\u00f3sito para realizar el proyecto, cuanto que hac\u00eda algunos a\u00f1os que trabajaba sin interrupci\u00f3n, juntamente con varios Sacerdotes en la noble tarea de misionar las campi\u00f1as. El Conde de Joigny, Manuel de Gondi, General de las galeras de Fran\u00adcia, no s\u00f3lo aprob\u00f3 el celo de la Condesa su esposa, que quiso ser \u00e9l tambi\u00e9n fundador con ella de la proyec\u00adtada Congregaci\u00f3n. Ambos comunicaron sus piadosos de\u00adsignios al Arzobispo de Par\u00eds, su hermano Juan Francisco de Gondi, quien asimismo quiso tomar parte en la funda\u00adci\u00f3n y destin\u00f3 el Colegio de los Buenos Hijos para habita\u00adci\u00f3n <em>de <\/em>los nuevos misioneros.<\/p>\n<p>Le propusieron la idea a Vicente de Pa\u00fal y \u00e9ste la acept\u00f3, recibiendo la provisi\u00f3n de Rector del Colegio el d\u00eda 17 de Abril de 1625: los Condes de Joigny le dieron al mismo tiempo una suma de 40.000 libras para comenzar la fundaci\u00f3n, con poder de escoger los eclesi\u00e1sticos que juzgara a prop\u00f3sito, y que estar\u00edan bajo su direcci\u00f3n mien\u00adtras durase su vida: con la condici\u00f3n de que, a pesar de dirigir la. Congregaci\u00f3n, Vicente de Pa\u00fal permanecer\u00eda en casa de los Condes para asistir espiritualmente a la familia, como lo hab\u00eda efectuado el a\u00f1o 1608 o 1609, en calidad de preceptor de sus hijos.<\/p>\n<p>La Condesa sobrevivi\u00f3 pocos d\u00edas; muri\u00f3 la v\u00edspera de San Juan Bautista del mismo a\u00f1o 1625. Vicente de Pa\u00fal tom\u00f3 ocasi\u00f3n de esta sensible desgracia, para pedir permiso al Conde y retirarse al Colegio de los Buenos Hijos, lo que le fue concedido. Trabaj\u00f3 mucho en el establecimiento de su Congregaci\u00f3n, que fue aprobada por el Arzobispo de Par\u00eds el 14 de Abril de 1626, componi\u00e9ndose entonces la Comunidad de cuatro miembros a los que, poco despu\u00e9s, se juntaron cuatro m\u00e1s.<\/p>\n<p>Pero su n\u00famero creci\u00f3 tan r\u00e1pida y tan considerable\u00admente que, en el mes de Enero del a\u00f1o 1632, el Papa Urbano erigi\u00f3, por Bula expresa, en Congregaci\u00f3n la reciente Compa\u00f1\u00eda, con el t\u00edtulo de Congregaci\u00f3n de la Misi\u00f3n, dando facultad a su fundador para formular los reglamentos por los que se hab\u00eda de regir. El Rey Luis XIII, legaliz\u00f3 este Instituto en cartas patentes del mes de Mayo 1642, registradas en el Parlamento de Par\u00eds en el mes de Septiembre del mismo a\u00f1o.<\/p>\n<p>Al mismo tiempo que se exped\u00eda en Roma la Bula que hemos mencionado, los Misioneros tomaron posesi\u00f3n del Priorato de San L\u00e1zaro de Par\u00eds, hasta entonces bajo la direcci\u00f3n de los Can\u00f3nigos regulares de San V\u00edctor, que lo cedieron a los Misioneros con las condiciones expresadas en el convenio celebrado entre ellos el 7 de Enero de 1632. En consecuencia de este convenio y de la dimisi\u00f3n del Prior, el Obispo de Par\u00eds uni\u00f3 el Priorato, la Leproser\u00eda y la Ad\u00administraci\u00f3n de San L\u00e1zaro a la Congregaci\u00f3n de la Misi\u00f3n el 31 de Diciembre de 1632, lo que fue confirmado por car\u00adtas patentes del Rey, en Enero de 1633 y registrado en el Parlamento el 21 de Marzo del mismo a\u00f1o: despu\u00e9s el Rey Luis XIV, confirm\u00f3 la misma uni\u00f3n en sus cartas del mes de Marzo de 1660, aprobadas el 18 de Mayo de 1662 en el Parlamento de Par\u00eds. Tambi\u00e9n han obtenido los Misioneros sobre el mismo asunto dos Bulas, una del mes de Marzo de 1633 y la otra del 18 de Abril de 1633.<\/p>\n<p>Esta casa de San L\u00e1zaro, por su vasta extensi\u00f3n, por el gran n\u00famero de Sacerdotes y seminaristas que la habi\u00adtan, por ser la residencia del Superior General ha llegado a ser la Casa-Madre de la Congregaci\u00f3n de la Misi\u00f3n, que con admirables progresos ha hecho, tanto en la ciudad de donde posee el Seminario de San Carlos, como en restante del reino y en los pa\u00edses extranjeros.<\/p>\n<p>Vicente de Paul no se limit\u00f3 s\u00f3lo a fundar su Congregaci\u00f3n; adem\u00e1s de las Cofrad\u00edas de la Caridad en cada Parroquia, que le deben su origen, fund\u00f3 las Hijas de la Caridad, y contribuy\u00f3 a establecer las de la Cruz, como lo diremos m\u00e1s tarde. \u00c9l fue quien dio el ser a las Compa\u00f1\u00edas de Se\u00f1oras para el ser\u00advicio del Hotel Dieu de Par\u00eds, a los Ejercicios espirituales de los Ordenandos primero y despu\u00e9s a toda clase de per\u00adsonas, que deseaban elegir estado \u00f3 hacer una confesi\u00f3n general; a las Conferencias eclesi\u00e1sticas; a muchos Semina\u00adrios; en fin, a multitud de hospitales como el de los <em>Ni\u00f1os abandonados, <\/em>el de los <em>Ancianos pobres, <\/em>y el de los <em>Galeo\u00adtes <\/em>de Marsella. Asisti\u00f3 a Luis XIII en su \u00faltima hora, y fue elegido por la Reina Regente para formar parte del Real Consejo de Negocios eclesi\u00e1sticos, del cual fue miembro durante diez a\u00f1os; lo que no le impidi\u00f3 dirigir su Congre\u00adgaci\u00f3n de la que era General y Fundador. Dio la \u00faltima mano a sus Reglas y Constituciones, dando en 1658 un ejemplar impreso a todos los Misioneros que compon\u00edan la Comunidad de San L\u00e1zaro.<\/p>\n<p>Dos a\u00f1os despu\u00e9s, esto es, el 27 de Septiembre de 1660, dej\u00f3 de existir, a los ochenta y cinco a\u00f1os de edad, y fue sepultado en el coro de la Iglesia de San L\u00e1zaro, con la asistencia de muchas personas distinguidas, particularmente el Pr\u00edncipe de Conti, el Nuncio del Papa, y la Duquesa de Aiguill\u00f3n. El Obispo de Puy pronunci\u00f3, algunos d\u00edas despu\u00e9s, su oraci\u00f3n f\u00fanebre en la Iglesia de San Germ\u00e1n de Auxerre, y despu\u00e9s se han llevado a cabo informaciones sobre su vida, para el proceso de su Beatificaci\u00f3n.<\/p>\n<p>Los Sacerdotes de la Misi\u00f3n se establecieron por in\u00adsinuaci\u00f3n del Rey, Luis XIV, en la Real Casa de los Inv\u00e1\u00adlidos de Par\u00eds, como lo hab\u00edan sido ya en Fontainebleau, y en Versalles, y lo fueron despu\u00e9s en San Claudio y en San Ciro: hacen, despu\u00e9s de dos a\u00f1os de aprobaci\u00f3n \u00f3 de Se\u00adminario, como ellos dicen, cuatro votos simples de pobre\u00adza, castidad, obediencia y estabilidad\u00bb.<\/p>\n<p>ANALES 1909<\/p>\n","protected":false},"excerpt":{"rendered":"<p>En la gran Historia de la Ciudad de Par\u00eds, de dom Filibien, completada por dom Lobineau, c\u00e9lebres benedictinos, se encuentra la narraci\u00f3n siguiente, relativa a la Congrega\u00adci\u00f3n de la Misi\u00f3n: \u00abEl Instituto de los Sacerdotes &#8230; <a href=\"http:\/\/vincentians.com\/es\/origen-de-la-congregion-de-la-mision\/\" class=\"more-link\">Read More<\/a><\/p>\n","protected":false},"author":5,"featured_media":399998,"comment_status":"open","ping_status":"open","sticky":false,"template":"","format":"standard","meta":{"jetpack_post_was_ever_published":false,"_jetpack_newsletter_access":"","_jetpack_dont_email_post_to_subs":false,"_jetpack_newsletter_tier_id":0,"_jetpack_memberships_contains_paywalled_content":false,"_jetpack_memberships_contains_paid_content":false,"footnotes":"","jetpack_publicize_message":"","jetpack_publicize_feature_enabled":true,"jetpack_social_post_already_shared":true,"jetpack_social_options":{"image_generator_settings":{"template":"highway","default_image_id":0,"font":"","enabled":false},"version":2}},"categories":[17,28],"tags":[],"class_list":["post-405305","post","type-post","status-publish","format-standard","has-post-thumbnail","hentry","category-en-tiempos-de-vicente-de-paul","category-formacion-vicenciana"],"yoast_head":"<!-- This site is optimized with the Yoast SEO plugin v26.3 - https:\/\/yoast.com\/wordpress\/plugins\/seo\/ -->\n<title>ORIGEN DE LA CONGREGI\u00d3N DE LA MISI\u00d3N - Somos Vicencianos<\/title>\n<meta name=\"robots\" content=\"index, follow, max-snippet:-1, max-image-preview:large, max-video-preview:-1\" \/>\n<link rel=\"canonical\" href=\"http:\/\/vincentians.com\/es\/origen-de-la-congregion-de-la-mision\/\" \/>\n<meta property=\"og:locale\" content=\"es_ES\" \/>\n<meta property=\"og:type\" content=\"article\" \/>\n<meta property=\"og:title\" content=\"ORIGEN DE LA CONGREGI\u00d3N DE LA MISI\u00d3N - Somos Vicencianos\" \/>\n<meta property=\"og:description\" content=\"En la gran Historia de la Ciudad de Par\u00eds, de dom Filibien, completada por dom Lobineau, c\u00e9lebres benedictinos, se encuentra la narraci\u00f3n siguiente, relativa a la Congrega\u00adci\u00f3n de la Misi\u00f3n: \u00abEl Instituto de los Sacerdotes ... Read More\" \/>\n<meta property=\"og:url\" content=\"http:\/\/vincentians.com\/es\/origen-de-la-congregion-de-la-mision\/\" \/>\n<meta property=\"og:site_name\" content=\"Somos Vicencianos\" \/>\n<meta property=\"article:publisher\" content=\"https:\/\/www.facebook.com\/WeAreVincentians\/\" \/>\n<meta property=\"article:published_time\" content=\"2024-08-22T06:22:55+00:00\" \/>\n<meta property=\"og:image\" content=\"https:\/\/i0.wp.com\/vincentians.com\/es\/wp-content\/uploads\/sites\/11\/2016\/09\/enviados-evangelizar-pobres.jpg?fit=1200%2C630\" \/>\n\t<meta property=\"og:image:width\" content=\"1200\" \/>\n\t<meta property=\"og:image:height\" content=\"630\" \/>\n\t<meta property=\"og:image:type\" content=\"image\/jpeg\" \/>\n<meta name=\"author\" content=\"Mitxel Olabu\u00e9naga\" \/>\n<meta name=\"twitter:card\" content=\"summary_large_image\" \/>\n<meta name=\"twitter:creator\" content=\"@WeVincentians\" \/>\n<meta name=\"twitter:site\" content=\"@WeVincentians\" \/>\n<meta name=\"twitter:label1\" content=\"Escrito por\" \/>\n\t<meta name=\"twitter:data1\" content=\"Mitxel Olabu\u00e9naga\" \/>\n\t<meta name=\"twitter:label2\" content=\"Tiempo de lectura\" \/>\n\t<meta name=\"twitter:data2\" content=\"6 minutos\" \/>\n<script type=\"application\/ld+json\" class=\"yoast-schema-graph\">{\"@context\":\"https:\/\/schema.org\",\"@graph\":[{\"@type\":\"Article\",\"@id\":\"http:\/\/vincentians.com\/es\/origen-de-la-congregion-de-la-mision\/#article\",\"isPartOf\":{\"@id\":\"http:\/\/vincentians.com\/es\/origen-de-la-congregion-de-la-mision\/\"},\"author\":{\"name\":\"Mitxel Olabu\u00e9naga\",\"@id\":\"http:\/\/vincentians.com\/es\/#\/schema\/person\/7c2670b4445a7ca9d164ea6acdb31859\"},\"headline\":\"ORIGEN DE LA CONGREGI\u00d3N DE LA MISI\u00d3N\",\"datePublished\":\"2024-08-22T06:22:55+00:00\",\"mainEntityOfPage\":{\"@id\":\"http:\/\/vincentians.com\/es\/origen-de-la-congregion-de-la-mision\/\"},\"wordCount\":1301,\"commentCount\":0,\"publisher\":{\"@id\":\"http:\/\/vincentians.com\/es\/#organization\"},\"image\":{\"@id\":\"http:\/\/vincentians.com\/es\/origen-de-la-congregion-de-la-mision\/#primaryimage\"},\"thumbnailUrl\":\"https:\/\/i0.wp.com\/vincentians.com\/es\/wp-content\/uploads\/sites\/11\/2016\/09\/enviados-evangelizar-pobres.jpg?fit=1200%2C630\",\"articleSection\":[\"En tiempos de Vicente de Pa\u00fal\",\"Formaci\u00f3n Vicenciana\"],\"inLanguage\":\"es\",\"potentialAction\":[{\"@type\":\"CommentAction\",\"name\":\"Comment\",\"target\":[\"http:\/\/vincentians.com\/es\/origen-de-la-congregion-de-la-mision\/#respond\"]}]},{\"@type\":\"WebPage\",\"@id\":\"http:\/\/vincentians.com\/es\/origen-de-la-congregion-de-la-mision\/\",\"url\":\"http:\/\/vincentians.com\/es\/origen-de-la-congregion-de-la-mision\/\",\"name\":\"ORIGEN DE LA CONGREGI\u00d3N DE LA MISI\u00d3N - Somos Vicencianos\",\"isPartOf\":{\"@id\":\"http:\/\/vincentians.com\/es\/#website\"},\"primaryImageOfPage\":{\"@id\":\"http:\/\/vincentians.com\/es\/origen-de-la-congregion-de-la-mision\/#primaryimage\"},\"image\":{\"@id\":\"http:\/\/vincentians.com\/es\/origen-de-la-congregion-de-la-mision\/#primaryimage\"},\"thumbnailUrl\":\"https:\/\/i0.wp.com\/vincentians.com\/es\/wp-content\/uploads\/sites\/11\/2016\/09\/enviados-evangelizar-pobres.jpg?fit=1200%2C630\",\"datePublished\":\"2024-08-22T06:22:55+00:00\",\"breadcrumb\":{\"@id\":\"http:\/\/vincentians.com\/es\/origen-de-la-congregion-de-la-mision\/#breadcrumb\"},\"inLanguage\":\"es\",\"potentialAction\":[{\"@type\":\"ReadAction\",\"target\":[\"http:\/\/vincentians.com\/es\/origen-de-la-congregion-de-la-mision\/\"]}]},{\"@type\":\"ImageObject\",\"inLanguage\":\"es\",\"@id\":\"http:\/\/vincentians.com\/es\/origen-de-la-congregion-de-la-mision\/#primaryimage\",\"url\":\"https:\/\/i0.wp.com\/vincentians.com\/es\/wp-content\/uploads\/sites\/11\/2016\/09\/enviados-evangelizar-pobres.jpg?fit=1200%2C630\",\"contentUrl\":\"https:\/\/i0.wp.com\/vincentians.com\/es\/wp-content\/uploads\/sites\/11\/2016\/09\/enviados-evangelizar-pobres.jpg?fit=1200%2C630\",\"width\":1200,\"height\":630},{\"@type\":\"BreadcrumbList\",\"@id\":\"http:\/\/vincentians.com\/es\/origen-de-la-congregion-de-la-mision\/#breadcrumb\",\"itemListElement\":[{\"@type\":\"ListItem\",\"position\":1,\"name\":\"Portada\",\"item\":\"http:\/\/vincentians.com\/es\/\"},{\"@type\":\"ListItem\",\"position\":2,\"name\":\"ORIGEN DE LA CONGREGI\u00d3N DE LA MISI\u00d3N\"}]},{\"@type\":\"WebSite\",\"@id\":\"http:\/\/vincentians.com\/es\/#website\",\"url\":\"http:\/\/vincentians.com\/es\/\",\"name\":\"Somos Vicencianos\",\"description\":\"Know more to serve more\",\"publisher\":{\"@id\":\"http:\/\/vincentians.com\/es\/#organization\"},\"potentialAction\":[{\"@type\":\"SearchAction\",\"target\":{\"@type\":\"EntryPoint\",\"urlTemplate\":\"http:\/\/vincentians.com\/es\/?s={search_term_string}\"},\"query-input\":{\"@type\":\"PropertyValueSpecification\",\"valueRequired\":true,\"valueName\":\"search_term_string\"}}],\"inLanguage\":\"es\"},{\"@type\":\"Organization\",\"@id\":\"http:\/\/vincentians.com\/es\/#organization\",\"name\":\"The Vincentian Network\",\"url\":\"http:\/\/vincentians.com\/es\/\",\"logo\":{\"@type\":\"ImageObject\",\"inLanguage\":\"es\",\"@id\":\"http:\/\/vincentians.com\/es\/#\/schema\/logo\/image\/\",\"url\":\"https:\/\/i1.wp.com\/vincentians.com\/es\/wp-content\/uploads\/sites\/11\/2016\/06\/Vincentian-Network-logo-big.png?fit=778%2C778\",\"contentUrl\":\"https:\/\/i1.wp.com\/vincentians.com\/es\/wp-content\/uploads\/sites\/11\/2016\/06\/Vincentian-Network-logo-big.png?fit=778%2C778\",\"width\":778,\"height\":778,\"caption\":\"The Vincentian Network\"},\"image\":{\"@id\":\"http:\/\/vincentians.com\/es\/#\/schema\/logo\/image\/\"},\"sameAs\":[\"https:\/\/www.facebook.com\/WeAreVincentians\/\",\"https:\/\/x.com\/WeVincentians\"]},{\"@type\":\"Person\",\"@id\":\"http:\/\/vincentians.com\/es\/#\/schema\/person\/7c2670b4445a7ca9d164ea6acdb31859\",\"name\":\"Mitxel Olabu\u00e9naga\",\"image\":{\"@type\":\"ImageObject\",\"inLanguage\":\"es\",\"@id\":\"http:\/\/vincentians.com\/es\/#\/schema\/person\/image\/\",\"url\":\"https:\/\/secure.gravatar.com\/avatar\/34137ec2e2b8939cbbed975731e71f3f4f1defc7266ded337a5ce0f925426877?s=96&d=mm&r=g\",\"contentUrl\":\"https:\/\/secure.gravatar.com\/avatar\/34137ec2e2b8939cbbed975731e71f3f4f1defc7266ded337a5ce0f925426877?s=96&d=mm&r=g\",\"caption\":\"Mitxel Olabu\u00e9naga\"},\"url\":\"http:\/\/vincentians.com\/es\/author\/mitxel\/\"}]}<\/script>\n<!-- \/ Yoast SEO plugin. -->","yoast_head_json":{"title":"ORIGEN DE LA CONGREGI\u00d3N DE LA MISI\u00d3N - Somos Vicencianos","robots":{"index":"index","follow":"follow","max-snippet":"max-snippet:-1","max-image-preview":"max-image-preview:large","max-video-preview":"max-video-preview:-1"},"canonical":"http:\/\/vincentians.com\/es\/origen-de-la-congregion-de-la-mision\/","og_locale":"es_ES","og_type":"article","og_title":"ORIGEN DE LA CONGREGI\u00d3N DE LA MISI\u00d3N - Somos Vicencianos","og_description":"En la gran Historia de la Ciudad de Par\u00eds, de dom Filibien, completada por dom Lobineau, c\u00e9lebres benedictinos, se encuentra la narraci\u00f3n siguiente, relativa a la Congrega\u00adci\u00f3n de la Misi\u00f3n: \u00abEl Instituto de los Sacerdotes ... Read More","og_url":"http:\/\/vincentians.com\/es\/origen-de-la-congregion-de-la-mision\/","og_site_name":"Somos Vicencianos","article_publisher":"https:\/\/www.facebook.com\/WeAreVincentians\/","article_published_time":"2024-08-22T06:22:55+00:00","og_image":[{"width":1200,"height":630,"url":"https:\/\/i0.wp.com\/vincentians.com\/es\/wp-content\/uploads\/sites\/11\/2016\/09\/enviados-evangelizar-pobres.jpg?fit=1200%2C630","type":"image\/jpeg"}],"author":"Mitxel Olabu\u00e9naga","twitter_card":"summary_large_image","twitter_creator":"@WeVincentians","twitter_site":"@WeVincentians","twitter_misc":{"Escrito por":"Mitxel Olabu\u00e9naga","Tiempo de lectura":"6 minutos"},"schema":{"@context":"https:\/\/schema.org","@graph":[{"@type":"Article","@id":"http:\/\/vincentians.com\/es\/origen-de-la-congregion-de-la-mision\/#article","isPartOf":{"@id":"http:\/\/vincentians.com\/es\/origen-de-la-congregion-de-la-mision\/"},"author":{"name":"Mitxel Olabu\u00e9naga","@id":"http:\/\/vincentians.com\/es\/#\/schema\/person\/7c2670b4445a7ca9d164ea6acdb31859"},"headline":"ORIGEN DE LA CONGREGI\u00d3N DE LA MISI\u00d3N","datePublished":"2024-08-22T06:22:55+00:00","mainEntityOfPage":{"@id":"http:\/\/vincentians.com\/es\/origen-de-la-congregion-de-la-mision\/"},"wordCount":1301,"commentCount":0,"publisher":{"@id":"http:\/\/vincentians.com\/es\/#organization"},"image":{"@id":"http:\/\/vincentians.com\/es\/origen-de-la-congregion-de-la-mision\/#primaryimage"},"thumbnailUrl":"https:\/\/i0.wp.com\/vincentians.com\/es\/wp-content\/uploads\/sites\/11\/2016\/09\/enviados-evangelizar-pobres.jpg?fit=1200%2C630","articleSection":["En tiempos de Vicente de Pa\u00fal","Formaci\u00f3n Vicenciana"],"inLanguage":"es","potentialAction":[{"@type":"CommentAction","name":"Comment","target":["http:\/\/vincentians.com\/es\/origen-de-la-congregion-de-la-mision\/#respond"]}]},{"@type":"WebPage","@id":"http:\/\/vincentians.com\/es\/origen-de-la-congregion-de-la-mision\/","url":"http:\/\/vincentians.com\/es\/origen-de-la-congregion-de-la-mision\/","name":"ORIGEN DE LA CONGREGI\u00d3N DE LA MISI\u00d3N - Somos Vicencianos","isPartOf":{"@id":"http:\/\/vincentians.com\/es\/#website"},"primaryImageOfPage":{"@id":"http:\/\/vincentians.com\/es\/origen-de-la-congregion-de-la-mision\/#primaryimage"},"image":{"@id":"http:\/\/vincentians.com\/es\/origen-de-la-congregion-de-la-mision\/#primaryimage"},"thumbnailUrl":"https:\/\/i0.wp.com\/vincentians.com\/es\/wp-content\/uploads\/sites\/11\/2016\/09\/enviados-evangelizar-pobres.jpg?fit=1200%2C630","datePublished":"2024-08-22T06:22:55+00:00","breadcrumb":{"@id":"http:\/\/vincentians.com\/es\/origen-de-la-congregion-de-la-mision\/#breadcrumb"},"inLanguage":"es","potentialAction":[{"@type":"ReadAction","target":["http:\/\/vincentians.com\/es\/origen-de-la-congregion-de-la-mision\/"]}]},{"@type":"ImageObject","inLanguage":"es","@id":"http:\/\/vincentians.com\/es\/origen-de-la-congregion-de-la-mision\/#primaryimage","url":"https:\/\/i0.wp.com\/vincentians.com\/es\/wp-content\/uploads\/sites\/11\/2016\/09\/enviados-evangelizar-pobres.jpg?fit=1200%2C630","contentUrl":"https:\/\/i0.wp.com\/vincentians.com\/es\/wp-content\/uploads\/sites\/11\/2016\/09\/enviados-evangelizar-pobres.jpg?fit=1200%2C630","width":1200,"height":630},{"@type":"BreadcrumbList","@id":"http:\/\/vincentians.com\/es\/origen-de-la-congregion-de-la-mision\/#breadcrumb","itemListElement":[{"@type":"ListItem","position":1,"name":"Portada","item":"http:\/\/vincentians.com\/es\/"},{"@type":"ListItem","position":2,"name":"ORIGEN DE LA CONGREGI\u00d3N DE LA MISI\u00d3N"}]},{"@type":"WebSite","@id":"http:\/\/vincentians.com\/es\/#website","url":"http:\/\/vincentians.com\/es\/","name":"Somos Vicencianos","description":"Know more to serve more","publisher":{"@id":"http:\/\/vincentians.com\/es\/#organization"},"potentialAction":[{"@type":"SearchAction","target":{"@type":"EntryPoint","urlTemplate":"http:\/\/vincentians.com\/es\/?s={search_term_string}"},"query-input":{"@type":"PropertyValueSpecification","valueRequired":true,"valueName":"search_term_string"}}],"inLanguage":"es"},{"@type":"Organization","@id":"http:\/\/vincentians.com\/es\/#organization","name":"The Vincentian Network","url":"http:\/\/vincentians.com\/es\/","logo":{"@type":"ImageObject","inLanguage":"es","@id":"http:\/\/vincentians.com\/es\/#\/schema\/logo\/image\/","url":"https:\/\/i1.wp.com\/vincentians.com\/es\/wp-content\/uploads\/sites\/11\/2016\/06\/Vincentian-Network-logo-big.png?fit=778%2C778","contentUrl":"https:\/\/i1.wp.com\/vincentians.com\/es\/wp-content\/uploads\/sites\/11\/2016\/06\/Vincentian-Network-logo-big.png?fit=778%2C778","width":778,"height":778,"caption":"The Vincentian Network"},"image":{"@id":"http:\/\/vincentians.com\/es\/#\/schema\/logo\/image\/"},"sameAs":["https:\/\/www.facebook.com\/WeAreVincentians\/","https:\/\/x.com\/WeVincentians"]},{"@type":"Person","@id":"http:\/\/vincentians.com\/es\/#\/schema\/person\/7c2670b4445a7ca9d164ea6acdb31859","name":"Mitxel Olabu\u00e9naga","image":{"@type":"ImageObject","inLanguage":"es","@id":"http:\/\/vincentians.com\/es\/#\/schema\/person\/image\/","url":"https:\/\/secure.gravatar.com\/avatar\/34137ec2e2b8939cbbed975731e71f3f4f1defc7266ded337a5ce0f925426877?s=96&d=mm&r=g","contentUrl":"https:\/\/secure.gravatar.com\/avatar\/34137ec2e2b8939cbbed975731e71f3f4f1defc7266ded337a5ce0f925426877?s=96&d=mm&r=g","caption":"Mitxel Olabu\u00e9naga"},"url":"http:\/\/vincentians.com\/es\/author\/mitxel\/"}]}},"jetpack_publicize_connections":[],"jetpack_featured_media_url":"https:\/\/i0.wp.com\/vincentians.com\/es\/wp-content\/uploads\/sites\/11\/2016\/09\/enviados-evangelizar-pobres.jpg?fit=1200%2C630","jetpack_sharing_enabled":true,"jetpack_shortlink":"https:\/\/wp.me\/p7ETMF-1Hrb","jetpack-related-posts":[{"id":122030,"url":"http:\/\/vincentians.com\/es\/vicente-de-paul-carta-1135-a-un-sacerdote-de-la-mision\/","url_meta":{"origin":405305,"position":0},"title":"Vicente de Pa\u00fal, Carta 1135: A Un Sacerdote De La Misi\u00f3n","author":"Francisco Javier Fern\u00e1ndez Chento","date":"02\/05\/2013","format":false,"excerpt":"[Diciembre 1648; o enero 1649]. Padre: Ha querido Dios llevarse al buen hermano de Fargis un a\u00f1o despu\u00e9s de hab\u00e9rnoslo dado su bondad. Era conde de Rochepot y se\u00f1or de Fargis; se hab\u00eda casado con la hermana de la se\u00f1ora generala de las galeras, nuestra primera fundadora; hab\u00eda sido embajador\u2026","rel":"","context":"En \u00abEscritos de Vicente de Pa\u00fal\u00bb","block_context":{"text":"Escritos de Vicente de Pa\u00fal","link":"http:\/\/vincentians.com\/es\/category\/escritos\/escritos-de-vicente-de-paul\/"},"img":{"alt_text":"","src":"https:\/\/i0.wp.com\/vincentians.com\/es\/wp-content\/uploads\/sites\/11\/2016\/07\/escritos-vicente-de-paul.jpg?fit=1200%2C630&resize=350%2C200","width":350,"height":200,"srcset":"https:\/\/i0.wp.com\/vincentians.com\/es\/wp-content\/uploads\/sites\/11\/2016\/07\/escritos-vicente-de-paul.jpg?fit=1200%2C630&resize=350%2C200 1x, https:\/\/i0.wp.com\/vincentians.com\/es\/wp-content\/uploads\/sites\/11\/2016\/07\/escritos-vicente-de-paul.jpg?fit=1200%2C630&resize=525%2C300 1.5x, https:\/\/i0.wp.com\/vincentians.com\/es\/wp-content\/uploads\/sites\/11\/2016\/07\/escritos-vicente-de-paul.jpg?fit=1200%2C630&resize=700%2C400 2x, https:\/\/i0.wp.com\/vincentians.com\/es\/wp-content\/uploads\/sites\/11\/2016\/07\/escritos-vicente-de-paul.jpg?fit=1200%2C630&resize=1050%2C600 3x"},"classes":[]},{"id":125083,"url":"http:\/\/vincentians.com\/es\/vicente-de-paul-carta-1159-un-sacerdote-de-la-mision-de-berberia-a-san-vicente\/","url_meta":{"origin":405305,"position":1},"title":"Vicente de Pa\u00fal, Carta 1159: Un Sacerdote De La Misi\u00f3n De Berber\u00eda A San Vicente","author":"Francisco Javier Fern\u00e1ndez Chento","date":"15\/11\/2013","format":false,"excerpt":"[Entre 1645 y 1660]. Nuestro Se\u00f1or nos ha concedido la gracia de volver a encontrar dos de nuestras piedras preciosas que estaban perdidas; son de un precio muy alto y su esplendor es muy celestial. He recibido por ello una gran alegr\u00eda.","rel":"","context":"En \u00abEscritos de Vicente de Pa\u00fal\u00bb","block_context":{"text":"Escritos de Vicente de Pa\u00fal","link":"http:\/\/vincentians.com\/es\/category\/escritos\/escritos-de-vicente-de-paul\/"},"img":{"alt_text":"","src":"https:\/\/i0.wp.com\/vincentians.com\/es\/wp-content\/uploads\/sites\/11\/2016\/07\/escritos-vicente-de-paul.jpg?fit=1200%2C630&resize=350%2C200","width":350,"height":200,"srcset":"https:\/\/i0.wp.com\/vincentians.com\/es\/wp-content\/uploads\/sites\/11\/2016\/07\/escritos-vicente-de-paul.jpg?fit=1200%2C630&resize=350%2C200 1x, https:\/\/i0.wp.com\/vincentians.com\/es\/wp-content\/uploads\/sites\/11\/2016\/07\/escritos-vicente-de-paul.jpg?fit=1200%2C630&resize=525%2C300 1.5x, https:\/\/i0.wp.com\/vincentians.com\/es\/wp-content\/uploads\/sites\/11\/2016\/07\/escritos-vicente-de-paul.jpg?fit=1200%2C630&resize=700%2C400 2x, https:\/\/i0.wp.com\/vincentians.com\/es\/wp-content\/uploads\/sites\/11\/2016\/07\/escritos-vicente-de-paul.jpg?fit=1200%2C630&resize=1050%2C600 3x"},"classes":[]},{"id":137529,"url":"http:\/\/vincentians.com\/es\/vicente-de-paul-carta-1277-un-sacerdote-de-la-mision-a-san-vicente\/","url_meta":{"origin":405305,"position":2},"title":"Vicente de Pa\u00fal, Carta 1277: Un Sacerdote De La Misi\u00f3n A San Vicente","author":"Francisco Javier Fern\u00e1ndez Chento","date":"12\/02\/2015","format":false,"excerpt":"Si es justo que el que plant\u00f3 el \u00e1rbol tenga la satisfacci\u00f3n de verle dar fruto, tambi\u00e9n es justo que participe usted de las bendiciones que Dios ha derramado en abundancia sobre nuestros peque\u00f1os trabajos. Puedo asegurarle que en las misiones que llevamos hechas desde Joigny no creo que haya\u2026","rel":"","context":"En \u00abEscritos de Vicente de Pa\u00fal\u00bb","block_context":{"text":"Escritos de Vicente de Pa\u00fal","link":"http:\/\/vincentians.com\/es\/category\/escritos\/escritos-de-vicente-de-paul\/"},"img":{"alt_text":"","src":"https:\/\/i0.wp.com\/vincentians.com\/es\/wp-content\/uploads\/sites\/11\/2016\/07\/escritos-vicente-de-paul.jpg?fit=1200%2C630&resize=350%2C200","width":350,"height":200,"srcset":"https:\/\/i0.wp.com\/vincentians.com\/es\/wp-content\/uploads\/sites\/11\/2016\/07\/escritos-vicente-de-paul.jpg?fit=1200%2C630&resize=350%2C200 1x, https:\/\/i0.wp.com\/vincentians.com\/es\/wp-content\/uploads\/sites\/11\/2016\/07\/escritos-vicente-de-paul.jpg?fit=1200%2C630&resize=525%2C300 1.5x, https:\/\/i0.wp.com\/vincentians.com\/es\/wp-content\/uploads\/sites\/11\/2016\/07\/escritos-vicente-de-paul.jpg?fit=1200%2C630&resize=700%2C400 2x, https:\/\/i0.wp.com\/vincentians.com\/es\/wp-content\/uploads\/sites\/11\/2016\/07\/escritos-vicente-de-paul.jpg?fit=1200%2C630&resize=1050%2C600 3x"},"classes":[]},{"id":398951,"url":"http:\/\/vincentians.com\/es\/vicente-paul-carta-1331-unos-sacerdotes-la-mision-san-vicente\/","url_meta":{"origin":405305,"position":3},"title":"Vicente de Pa\u00fal, Carta 1331: Unos Sacerdotes de la Misi\u00f3n A San Vicente","author":"Francisco Javier Fern\u00e1ndez Chento","date":"01\/09\/2016","format":false,"excerpt":"[1650] Es un motivo de gran compasi\u00f3n el ver por doquier a una muchedumbre tan grande de enfermos. Hay muchos, much\u00edsimos, atacados de disenter\u00eda y de fiebre; los dem\u00e1s est\u00e1n cubiertos de sarna o de p\u00farpura, de tumores y apostemas; muchos tienen la cabeza hinchada, otros el vientre y otros\u2026","rel":"","context":"En \u00abEscritos de Vicente de Pa\u00fal\u00bb","block_context":{"text":"Escritos de Vicente de Pa\u00fal","link":"http:\/\/vincentians.com\/es\/category\/escritos\/escritos-de-vicente-de-paul\/"},"img":{"alt_text":"","src":"https:\/\/i0.wp.com\/vincentians.com\/es\/wp-content\/uploads\/sites\/11\/2016\/07\/escritos-vicente-de-paul.jpg?fit=1200%2C630&resize=350%2C200","width":350,"height":200,"srcset":"https:\/\/i0.wp.com\/vincentians.com\/es\/wp-content\/uploads\/sites\/11\/2016\/07\/escritos-vicente-de-paul.jpg?fit=1200%2C630&resize=350%2C200 1x, https:\/\/i0.wp.com\/vincentians.com\/es\/wp-content\/uploads\/sites\/11\/2016\/07\/escritos-vicente-de-paul.jpg?fit=1200%2C630&resize=525%2C300 1.5x, https:\/\/i0.wp.com\/vincentians.com\/es\/wp-content\/uploads\/sites\/11\/2016\/07\/escritos-vicente-de-paul.jpg?fit=1200%2C630&resize=700%2C400 2x, https:\/\/i0.wp.com\/vincentians.com\/es\/wp-content\/uploads\/sites\/11\/2016\/07\/escritos-vicente-de-paul.jpg?fit=1200%2C630&resize=1050%2C600 3x"},"classes":[]},{"id":122034,"url":"http:\/\/vincentians.com\/es\/vicente-de-paul-carta-1137-a-lamberto-aux-couteaux-sacerdote-de-la-mision-en-san-lazaro\/","url_meta":{"origin":405305,"position":4},"title":"Vicente de Pa\u00fal, Carta 1137: A Lamberto Aux Couteaux, Sacerdote De La Misi\u00f3n, En San L\u00e1zaro","author":"Francisco Javier Fern\u00e1ndez Chento","date":"04\/05\/2013","format":false,"excerpt":"Fr\u00e9neville, 18 enero 1649 San Vicente le dice que no es conveniente vender el grano almacenado en los graneros de San L\u00e1zaro; m\u00e1s vale prest\u00e1rselos a Dios d\u00e1ndoselo en limosna a los pobres. Si no basta la limosna de medio saco, que se les d\u00e9 uno entero.","rel":"","context":"En \u00abEscritos de Vicente de Pa\u00fal\u00bb","block_context":{"text":"Escritos de Vicente de Pa\u00fal","link":"http:\/\/vincentians.com\/es\/category\/escritos\/escritos-de-vicente-de-paul\/"},"img":{"alt_text":"","src":"https:\/\/i0.wp.com\/vincentians.com\/es\/wp-content\/uploads\/sites\/11\/2016\/07\/escritos-vicente-de-paul.jpg?fit=1200%2C630&resize=350%2C200","width":350,"height":200,"srcset":"https:\/\/i0.wp.com\/vincentians.com\/es\/wp-content\/uploads\/sites\/11\/2016\/07\/escritos-vicente-de-paul.jpg?fit=1200%2C630&resize=350%2C200 1x, https:\/\/i0.wp.com\/vincentians.com\/es\/wp-content\/uploads\/sites\/11\/2016\/07\/escritos-vicente-de-paul.jpg?fit=1200%2C630&resize=525%2C300 1.5x, https:\/\/i0.wp.com\/vincentians.com\/es\/wp-content\/uploads\/sites\/11\/2016\/07\/escritos-vicente-de-paul.jpg?fit=1200%2C630&resize=700%2C400 2x, https:\/\/i0.wp.com\/vincentians.com\/es\/wp-content\/uploads\/sites\/11\/2016\/07\/escritos-vicente-de-paul.jpg?fit=1200%2C630&resize=1050%2C600 3x"},"classes":[]},{"id":100653,"url":"http:\/\/vincentians.com\/es\/vicente-de-paul-carta-0949-a-santiago-chiroye-sacerdote-de-la-mision-en-richelieu\/","url_meta":{"origin":405305,"position":5},"title":"Vicente de Pa\u00fal, Carta 0949: A Santiago Chiroye, Sacerdote De La Misi\u00f3n, En Richelieu","author":"Francisco Javier Fern\u00e1ndez Chento","date":"27\/08\/2012","format":false,"excerpt":"Par\u00eds, 23 diciembre 1646. Padre: La gracia de Nuestro Se\u00f1or sea [siempre con nosotros]. \u00bfC\u00f3mo no recibir con cari\u00f1o [sus cartas] y no sentirse consolado al [ver c\u00f3mo no cesa usted de] b[usca]r la salvaci\u00f3n [de las almas? Su celo] me [ha impresionado y] produce [en m\u00ed tal alegr\u00eda que\u2026","rel":"","context":"En \u00abEscritos de Vicente de Pa\u00fal\u00bb","block_context":{"text":"Escritos de Vicente de Pa\u00fal","link":"http:\/\/vincentians.com\/es\/category\/escritos\/escritos-de-vicente-de-paul\/"},"img":{"alt_text":"","src":"https:\/\/i0.wp.com\/vincentians.com\/es\/wp-content\/uploads\/sites\/11\/2016\/07\/escritos-vicente-de-paul.jpg?fit=1200%2C630&resize=350%2C200","width":350,"height":200,"srcset":"https:\/\/i0.wp.com\/vincentians.com\/es\/wp-content\/uploads\/sites\/11\/2016\/07\/escritos-vicente-de-paul.jpg?fit=1200%2C630&resize=350%2C200 1x, https:\/\/i0.wp.com\/vincentians.com\/es\/wp-content\/uploads\/sites\/11\/2016\/07\/escritos-vicente-de-paul.jpg?fit=1200%2C630&resize=525%2C300 1.5x, https:\/\/i0.wp.com\/vincentians.com\/es\/wp-content\/uploads\/sites\/11\/2016\/07\/escritos-vicente-de-paul.jpg?fit=1200%2C630&resize=700%2C400 2x, https:\/\/i0.wp.com\/vincentians.com\/es\/wp-content\/uploads\/sites\/11\/2016\/07\/escritos-vicente-de-paul.jpg?fit=1200%2C630&resize=1050%2C600 3x"},"classes":[]}],"_links":{"self":[{"href":"http:\/\/vincentians.com\/es\/wp-json\/wp\/v2\/posts\/405305","targetHints":{"allow":["GET"]}}],"collection":[{"href":"http:\/\/vincentians.com\/es\/wp-json\/wp\/v2\/posts"}],"about":[{"href":"http:\/\/vincentians.com\/es\/wp-json\/wp\/v2\/types\/post"}],"author":[{"embeddable":true,"href":"http:\/\/vincentians.com\/es\/wp-json\/wp\/v2\/users\/5"}],"replies":[{"embeddable":true,"href":"http:\/\/vincentians.com\/es\/wp-json\/wp\/v2\/comments?post=405305"}],"version-history":[{"count":1,"href":"http:\/\/vincentians.com\/es\/wp-json\/wp\/v2\/posts\/405305\/revisions"}],"predecessor-version":[{"id":405306,"href":"http:\/\/vincentians.com\/es\/wp-json\/wp\/v2\/posts\/405305\/revisions\/405306"}],"wp:featuredmedia":[{"embeddable":true,"href":"http:\/\/vincentians.com\/es\/wp-json\/wp\/v2\/media\/399998"}],"wp:attachment":[{"href":"http:\/\/vincentians.com\/es\/wp-json\/wp\/v2\/media?parent=405305"}],"wp:term":[{"taxonomy":"category","embeddable":true,"href":"http:\/\/vincentians.com\/es\/wp-json\/wp\/v2\/categories?post=405305"},{"taxonomy":"post_tag","embeddable":true,"href":"http:\/\/vincentians.com\/es\/wp-json\/wp\/v2\/tags?post=405305"}],"curies":[{"name":"wp","href":"https:\/\/api.w.org\/{rel}","templated":true}]}}