{"id":405273,"date":"2024-07-20T08:26:14","date_gmt":"2024-07-20T06:26:14","guid":{"rendered":"http:\/\/vincentians.com\/es\/?p=405273"},"modified":"2023-08-18T21:27:19","modified_gmt":"2023-08-18T19:27:19","slug":"el-signo-de-estos-tiempos-v","status":"publish","type":"post","link":"http:\/\/vincentians.com\/es\/el-signo-de-estos-tiempos-v\/","title":{"rendered":"El signo de estos tiempos (V)"},"content":{"rendered":"<p>La base m\u00edstica: Jesucristo, modelo de seguimiento en la opci\u00f3n por los pobres<\/p>\n<p><em>La opci\u00f3n por los pobres es la forma privilegiada<\/em><\/p>\n<p><em>del seguimiento de Jesucristo que se propone<\/em><\/p>\n<p><em>a todos los cristianos.<\/em><\/p>\n<p><em>Privilegiada: pues \u00e9l mismo defini\u00f3 el prop\u00f3sito<\/em><\/p>\n<p><em>fundamental de su vida terrena-hist\u00f3rica<\/em><\/p>\n<p><em>(de la encarnaci\u00f3n del Verbo) como dedicaci\u00f3n<\/em><\/p>\n<p><em>a anunciar la Buena Noticia a los pobres.<\/em><\/p>\n<p>El abundante trabajo exeg\u00e9tico, explicaci\u00f3n, interpretaci\u00f3n b\u00ed\u00adblica de los \u00faltimos cien a\u00f1os, ha conseguido hacer de dominio com\u00fan un principio hermen\u00e9utico seguro para entender mejor los relatos evang\u00e9licos. Escritos como fueron a\u00f1os despu\u00e9s de la resu\u00adrrecci\u00f3n, los escritores no pudieron, ni lo intentaron, evitar el pro\u00adyectar sobre los hechos hist\u00f3ricos su visi\u00f3n de fe en el Resucitado. No son, pues, los evangelios, ni pretenden serlo, meras biograf\u00edas hist\u00f3ricas. Los hechos hist\u00f3ricos que se narran de Jes\u00fas de Nazaret, hijo de Mar\u00eda, que hab\u00eda muerto crucificado siendo gobernador de Judea Poncio Pilato, est\u00e1n vistos e interpretados desde la fe post-pascual de los evangelistas. No quiere esto decir que los evangelis\u00adtas desfiguren partidariamente los hechos del Jes\u00fas pre-pascual. Todo lo contrario. A trav\u00e9s de su clave interpretativa, de su fe, fueron ca\u00adpaces de dar con el verdadero sentido profundo de esos hechos. S\u00f3lo despu\u00e9s de la resurrecci\u00f3n fueron capaces de comprender el sentido de una vida que mientras la ve\u00edan desarrollarse ante sus ojos no entendieron o entend\u00edan muy mal, hecho del que aparecen abundantes muestras en los mismos evangelios y del que Jes\u00fas mismo se les quej\u00f3 repetidamente.<\/p>\n<p>Un breve ejemplo ilustrar\u00e1 con claridad lo que se quiere decir Marcos comienza su relato as\u00ed: \u00abComienzo de la buena noticia de Jesucristo, Hijo de Dios\u00bb. Un mero cronista testigo de los hechos o historiador hubiera escrito: \u00abComienzo de la vida de Jes\u00fas\u00bb, y luego hubiera procedido a narrar los hechos hist\u00f3ricos pertinentes hasta el momento de la sepultura. Pero Marcos no es un cronista o historiador, sino un creyente que s\u00f3lo despu\u00e9s de la resurrecci\u00f3n ha comprendido que la vida de Jes\u00fas de Nazaret ha resultado ser la verdaderamente Buena Noticia que Israel llevaba esperando tantos siglos Ha comprendido tambi\u00e9n que Jes\u00fas era el Ungido, por lo que su verdadero nombre es <em>Jesucristo, y <\/em>no Jes\u00fas a secas. Este ungido es por fin y en primer lugar, Hijo de Dios. Pero todo esto ha venido a saberlo Marcos, como dec\u00edamos, s\u00f3lo despu\u00e9s de la resurrecci\u00f3n y s\u00f3lo por la fe. No puede dejar de proyectar su visi\u00f3n de fe soba los hechos hist\u00f3ricos de la vida de Jes\u00fas, cuando trata de describ\u00edrnosla en su evangelio, si quiere transmitir no s\u00f3lo meros hechos sino el sentido profundo de la vida humana de su protagonista.<\/p>\n<p>Tanto la teolog\u00eda de la liberaci\u00f3n como san Vicente de Pa\u00fal privilegian en sus perspectivas propias al Jes\u00fas hist\u00f3rico, al Jes\u00fas pre-pascual, y se centran en \u00e9l. Es cierto que esto es leg\u00edtimo s\u00f3lo porque su fe les asegura que tambi\u00e9n, o que ya, el Jes\u00fas pre-pascual era Hijo de Dios. Esto quiere decir que s\u00f3lo supuesta una opci\u00f3n firme de fe tiene sentido leg\u00edtimo el tratar de conocer y de <em>imitar <\/em>a Jes\u00fas de Nazaret. No s\u00f3lo leg\u00edtimo: obligatorio, pues el Jes\u00fas terreno hist\u00f3rico, que es Hijo de Dios y no s\u00f3lo un ejemplar admirable de ser humano, se\u00f1ala al hombre no un buen camino de humanidad, como lo podr\u00eda proponer por ejemplo S\u00f3crates, sino el \u00fanico camino posible para hacerse hombre en plenitud, como \u00e9l lo era y llegar a Dios. Por lo dem\u00e1s, \u00bfc\u00f3mo podr\u00eda nadie encontrar un modelo de vida <em>para este mundo <\/em>en un Jes\u00fas post-pascual resucitad y glorificado a la derecha del Padre?<\/p>\n<p>Y as\u00ed, el Jes\u00fas que propone san Vicente en las <em>Reglas Comunes <\/em>a sus misioneros es un Jes\u00fas plenamente pre-pascual, que practica toda clase de virtudes, ense\u00f1a, trabaja por el reino de Dios cumple la voluntad del Padre, es manso y humildes, vive en com\u00fan con los ap\u00f3stoles, vive en pobreza, castidad y obedien\u00adcia, para luchar contra el adversario del reino, asiste a los enfer\u00admos, atrae a las muchedumbres con la modestia de su porte y de su presencia, ense\u00f1a a los ap\u00f3stoles a amarse unos a otros les dice y les muestra c\u00f3mo tratar con escribas, fariseos y notables cuan\u00addo sean llevados a sus sinagogas y tribunales, ora y ense\u00f1a a orar, se retira a la soledad del desierto, es contado entre los malhechores, practica una vida austera, padece y muere; en fin, el Jes\u00fas que \u00abtodo lo hizo bien\u00bb. En cuanto a las hijas de la caridad, les dice sumariamente: \u00abPara ser verdadera hija de la cari\u00addad hay que hacer lo que hizo el Hijo de Dios en la tierra\u00bb.<\/p>\n<p>Pod\u00eda Vicente de Pa\u00fal haberse quedado para s\u00ed mismo con el alto modelo del Verbo encarnado abismado en la adoraci\u00f3n del Padre que propon\u00eda Berulle a sus seguidores. Pero no quiso, o m\u00e1s bien no se lo permiti\u00f3 la naturaleza de su vocaci\u00f3n personal. Para dedicarse a evangelizar a los pobres era sin duda un modelo mucho m\u00e1s adecuado el Jes\u00fas de Nazaret, el que recorre los campos de Galilea anunciando la venida a la tierra del reino de Dios, y traba\u00adjando y dando su vida por traerlo.<\/p>\n<p>Los hechos y dichos de Jes\u00fas apuntan a una liberaci\u00f3n \u00abintegral\u00bb, como se dice hoy; integral y definitiva, en que el reinado de Dios sobre los hombres no estar\u00e1 oscurecido por ning\u00fan otro poder hu\u00admano o diab\u00f3lico. Apuntan a ese reino total y lo anticipan. Pero mientras que su mera presencia y con su vida terrena inaugura ya, en el tiempo hist\u00f3rico, los comienzos del reino total, su palabra eficaz y sus obras van poniendo signos, no insignificantes porque sean hist\u00f3ricos y temporales, del reinado de Dios ya en la tierra. Todo el que acepta su palabra y su modelo de vida se integra en una misi\u00f3n hist\u00f3rica que comenz\u00f3 con \u00e9l y se prolongar\u00e1, mientras haya creyentes, hasta el fin de la historia. Liberaciones parciales, pero importantes, del pecado personal y social, de la ignorancia, de hambre, de la opresi\u00f3n civil y religiosa, de la enfermedad, de la muerte.<\/p>\n<p>La teolog\u00eda de la liberaci\u00f3n es, por ser cristiana, una teolog\u00eda de la liberaci\u00f3n integral, aunque ponga el \u00e9nfasis en sus manifestaciones hist\u00f3ricas. Se centra, por tanto, en el estudio de los aspectos hist\u00f3ricos de la liberaci\u00f3n total anunciada por Cristo. Las consecuencias de una visi\u00f3n de fe en Cristo en el seno de la historia: he ah\u00ed el verdadero \u00abobjeto formal\u00bb de la teolog\u00eda de la liberaci\u00f3n.<\/p>\n<p>Es bien sabido que tambi\u00e9n a san Vicente le preocupaba la salvaci\u00f3n eterna (la liberaci\u00f3n total e integral) de los pobres. Recu\u00e9rdese su preocupaci\u00f3n por la ignorancia que \u00e9stos mostraban de los misterios de la Trinidad y Encarnaci\u00f3n, cuyo conocimiento hab\u00eda sido considerado durante siglos por muchos te\u00f3logos, santo Tom\u00e1s entre ellos, como necesario <em>necessitate medii <\/em>para conseguir la vida eterna. Aunque \u00e9l sab\u00eda que la falta de unanimidad entre los te\u00f3logos hac\u00eda que esa opini\u00f3n fuera altamente probable pero no seg\u00fan del todo, Vicente de Pa\u00fal no quer\u00eda jugar, por as\u00ed decirlo, con la suerte eterna de los pobres. Quer\u00eda asegurarla con todos los me dios que estuvieran a su alcance. Los temarios de misiones que usaban sus misioneros inclu\u00edan instrucciones detalladas sobre ambos misterios b\u00e1sicos de la fe cristiana. El mismo, anciano ya y achacoso, dedicaba el tiempo que pod\u00eda a instruir sobre ellos, pacientemente y en lenguaje sencillo e inteligible, a los ancianos del asilo del Nombre de Jes\u00fas.<\/p>\n<p>Todo esto es cierto y sabido, y no es, por otro lado, algo que hay que atribuir a la mentalidad cat\u00f3lica de aquel tiempo, como si hoy ya no tuviera sentido o no fuera lo m\u00e1s importante el que tambi\u00e9n a los pobres se les anuncie y explique la sustancia y esencia de la fe cristiana: la Trinidad, un Dios que es una familia de amor y de igualdad de tres personas; y la Encarnaci\u00f3n, un Dios que se hace hombre por amor a los hombres para introducirlos en la vida de la familia divina. Habr\u00eda que recordar a este prop\u00f3sito, como suelen hacerlo los te\u00f3logos de la liberaci\u00f3n, la conocida respuesta, aparentemente parad\u00f3gica, pero profunda y certera, del patriarca de Mosc\u00fa a la pregunta de cu\u00e1l era el programa social de su iglesia: el programa social de la iglesia es la Sant\u00edsima Trinidad.<\/p>\n<p>Eso era lo fundamental en tiempo de san Vicente y sigue si\u00e9n\u00addolo hoy, el horizonte imprescriptible de toda liberaci\u00f3n parcial his\u00adt\u00f3rica. Se han dado en la Iglesia, y se dan, sensibilidades y actitu\u00addes que, fascinadas por la belleza de la liberaci\u00f3n total y final, han puesto muy en segundo plano o han considerado como irrelevan\u00adtes las liberaciones parciales y limitadas del tiempo hist\u00f3rico, olvi\u00addando la aguda observaci\u00f3n de san Agust\u00edn sobre la petici\u00f3n del padrenuestro \u00abvenga a nosotros tu reino\u00bb: el reino de Dios definiti\u00advo vendr\u00e1 ciertamente, lo queramos o no. No es eso lo que hay que pedir; lo que Dios dice que le pidamos es que nos d\u00e9 el deseo de que el reino de Dios se vaya implantando en este mundo, cosa que El no har\u00e1 m\u00e1s que \u00abcon el esfuerzo de nuestros brazos y el sudor de nuestra frente\u00bb.<\/p>\n<p>Ni san Vicente ni la teolog\u00eda de la liberaci\u00f3n han ca\u00eddo en la trampa espiritualista y desencarnada. El anuncio de la liberaci\u00f3n integral y la fe en \u00e9l s\u00f3lo ser\u00e1n cre\u00edbles si, como sucedi\u00f3 en la vida terrena de Jes\u00fas, se ven signos concretos y terrenos de liberaci\u00f3n de los pobres ya ahora. El anuncio de la Buena Noticia a los pobres y la liberaci\u00f3n de sus pobrezas es el signo infalible de que el reino de Dios, aunque provisionalmente, \u00abya est\u00e1 entre vosotros\u00bb. El se\u00adguidor de Jesucristo tiene tambi\u00e9n como primera obligaci\u00f3n dedi\u00adcar su vida terrena a multiplicar esos signos de liberaci\u00f3n de los pobres en la historia del mundo. Esa ser\u00eda una de las maneras de definir lo esencial de la \u00abespiritualidad\u00bb de san Vicente. El no sabe mostrar la firmeza de su fe en la liberaci\u00f3n integral propia y de los pobres m\u00e1s que dedicando su vida, en imitaci\u00f3n del Cristo hist\u00f3ri\u00adco, a la liberaci\u00f3n terrena de los pobres. No hizo otra cosa desde su conversi\u00f3n en 1617 hasta su muerte en 1660. Pues su dedicaci\u00f3n a la liberaci\u00f3n de los pobres brota y se alimenta de su fe en Cristo; es m\u00e1s: pues s\u00f3lo en el pobre es capaz de descubrir el rostro de Cristo (\u00abdad la vuelta a la medalla, y ver\u00e9is por la luz de la fe que el Hijo de Dios nos es representado por los pobres\u00bb), hay que reconocer que la experiencia liberadora que se transparenta en la vida de san Vicente es una experiencia no s\u00f3lo de fe sino netamente m\u00edstica. En los pobres descubri\u00f3 \u00e9l el rostro doloroso de Cristo, el rostro hist\u00f3rico y pre-pascual. El rostro glorificado se le mostrar\u00e1 cara a cara al final de su propia vida.<\/p>\n<p>A pesar de su preocupaci\u00f3n por la ignorancia de los pobres acerca de misterios revelados fundamentales, \u00e9l ten\u00eda pocas dudas de que \u00abentre los pobres se encuentra la verdadera religi\u00f3n, una fe viva\u00bb. Lo sab\u00eda de primera mano por su prolongado contacto con miles de ellos. Pero ya en los primeros a\u00f1os de su dedicaci\u00f3n a trabajar por ellos hab\u00eda aprendido de su \u00faltimo maestro espiritual, el doctor te\u00f3logo Andr\u00e9 Duval, que:<\/p>\n<p>\u00ablos pobres nos disputar\u00e1n alg\u00fan d\u00eda el para\u00edso y nos lo arrebatar\u00e1n, porque existe una gran diferencia entre su manera de amar a Dios y la nuestra. Su amor se manifiesta en el sufrimiento, en las humillaciones, en el trabajo y en la con formidad con la voluntad de Dios. Y el nuestro, si es que tenemos alguno, \u00bfen qu\u00e9 se da a conocer?<\/p>\n<p>Esto se lo dec\u00eda a s\u00ed mismo y lo dec\u00eda a los miembros de la congregaci\u00f3n que \u00e9l hab\u00eda fundado para trabajar \u00abs\u00f3lo por los pobres\u00bb; se lo dec\u00eda tambi\u00e9n en t\u00e9rminos parecidos a sus hijas de la caridad, la seguridad de cuya salvaci\u00f3n final depender\u00eda de las oraciones de los pobres en favor de ellas:<\/p>\n<p>\u00abLos pobres asistidos por ella dir\u00e1n al buen Dios: Esta es la que nos asisti\u00f3 por tu amor; \u00e9sta es la que nos ense\u00f1\u00f3 a conocerte; \u00e9sta es la que mostr\u00f3 tu bondad a trav\u00e9s de Ia suya\u00bb.<\/p>\n<p>No son s\u00f3lo, pues, los pobres imagen viva de Cristo; son los portadores de la salvaci\u00f3n incluso para los que trabajan por ellos. En ellos ha querido el Salvador poner el <em>locus theologicus <\/em>primero para la salvaci\u00f3n de la humanidad entera. Pues son de hecho \u2014siempre lo han sido\u2014 la parte m\u00e1s numerosa de la humanidad y las v\u00edctimas de las grandes construcciones hist\u00f3ricas de la humanidad, su liberaci\u00f3n real es precondici\u00f3n necesaria para la liberaci\u00f3n de toda la humanidad. Esta no conseguir\u00e1 su liberaci\u00f3n mientras no se con\u00adsiga la liberaci\u00f3n de los pobres. Hay que empezar el trabajo de re\u00addenci\u00f3n del mundo por ah\u00ed, por los pobres, como lo hizo Jesucris\u00adto. La medida de la liberaci\u00f3n-redenci\u00f3n de la humanidad en un momento hist\u00f3rico dado \u2014por ejemplo, en el actual\u2014 es la medi\u00adda de la liberaci\u00f3n que hayan conseguido los pobres en ese mismo momento hist\u00f3rico. El grado de falta de liberaci\u00f3n de los pobres da la medida exacta del pecado del mundo a\u00fan existente y del pe\u00adcado de los que en \u00e9l habitan.<\/p>\n<p>De los ricos no se puede esperar la salvaci\u00f3n general de la hu\u00admanidad, pues \u00abno piensan de ordinario m\u00e1s que en honores y ri\u00adquezas\u00bb <sup>28<\/sup>. No dice estas palabras ning\u00fan cr\u00edtico \u00e1crata ni ning\u00fan revolucionario. Lo dijo un santo canonizado que conoc\u00eda muy bien a los ricos y a los poderosos. Pero tampoco hace falta ser santo para emitir juicios tan tajantes, aunque sin duda el ser santo ayuda, pues el santo se inspira en el evangelio, y \u00e9ste tiene juicios a\u00fan m\u00e1s ta\u00adjantes. No hace falta ser santo; basta ser un hombre con una visi\u00f3n no enturbiada del todo por los privilegios sociales de la clase a que se pertenece o de la c\u00f3moda situaci\u00f3n social en que se vive. Tal es el caso, por ejemplo, de Max Weber, burgu\u00e9s por nacimiento, por educaci\u00f3n, por profesi\u00f3n y por pertenencia de clase, poco dado a practicar las por otra parte no muy dr\u00e1sticas exigencias de su pro\u00adtestantismo luterano, pero suficientemente objetivo en sus an\u00e1lisis para que se haya podido escribir de \u00e9l que \u00abes el cient\u00edfico social m\u00e1s grande de este siglo\u00bb, y que escribe:<\/p>\n<p>\u00abLas clases con altos privilegios sociales y econ\u00f3micos se ver\u00e1n escasamente inclinadas a desarrollar la idea de salva\u00adci\u00f3n. M\u00e1s bien asignar\u00e1n a la religi\u00f3n como funci\u00f3n princi\u00adpal la de dar legitimidad a su propia situaci\u00f3n en el mundo. Este fen\u00f3meno est\u00e1 enraizado en ciertas necesidades psico\u00adl\u00f3gicas. Cuando el hombre afortunado compara su posici\u00f3n con la del desafortunado, no se contenta con el hecho de su felicidad, sino que quiere algo m\u00e1s, a saber: el derecho a ser feliz, la conciencia de que se merece su buena suerte, en con\u00adtraste con el infeliz que tambi\u00e9n sin duda se ha ganado a pulso su desgracia. La experiencia de cada d\u00eda prueba que existe una necesidad sicol\u00f3gica de asegurarse que uno se merece su fortuna, y que es leg\u00edtima, consista \u00e9sta en \u00e9xito pol\u00edtico, situaci\u00f3n econ\u00f3mica m\u00e1s alta, o cualquier otra cosa parecida. Lo que las clases privilegiadas esperan de la religi\u00f3n, si es que esperan algo, es esta seguridad sicol\u00f3gica de legiti\u00admaci\u00f3n\u00bb.<\/p>\n<p>Visto lo cual, al Salvador del mundo, y a cualquiera que como san Vicente le quiera imitar, no le queda m\u00e1s remedio que empe\u00adzar la herc\u00falea (divina, m\u00e1s bien) obra de salvaci\u00f3n del mundo por las clases m\u00e1s bajas, por los pobres.<\/p>\n<p>Jaime Corera CM<\/p>\n<p>La Milagrosa 1994<\/p>\n","protected":false},"excerpt":{"rendered":"<p>La base m\u00edstica: Jesucristo, modelo de seguimiento en la opci\u00f3n por los pobres La opci\u00f3n por los pobres es la forma privilegiada del seguimiento de Jesucristo que se propone a todos los cristianos. Privilegiada: pues &#8230; <a href=\"http:\/\/vincentians.com\/es\/el-signo-de-estos-tiempos-v\/\" class=\"more-link\">Read More<\/a><\/p>\n","protected":false},"author":5,"featured_media":405265,"comment_status":"open","ping_status":"open","sticky":false,"template":"","format":"standard","meta":{"jetpack_post_was_ever_published":false,"_jetpack_newsletter_access":"","_jetpack_dont_email_post_to_subs":false,"_jetpack_newsletter_tier_id":0,"_jetpack_memberships_contains_paywalled_content":false,"_jetpack_memberships_contains_paid_content":false,"footnotes":"","jetpack_publicize_message":"","jetpack_publicize_feature_enabled":true,"jetpack_social_post_already_shared":true,"jetpack_social_options":{"image_generator_settings":{"template":"highway","default_image_id":0,"font":"","enabled":false},"version":2}},"categories":[29,28],"tags":[],"class_list":["post-405273","post","type-post","status-publish","format-standard","has-post-thumbnail","hentry","category-formacion-cristiana","category-formacion-vicenciana"],"yoast_head":"<!-- This site is optimized with the Yoast SEO plugin v26.3 - https:\/\/yoast.com\/wordpress\/plugins\/seo\/ -->\n<title>El signo de estos tiempos (V) - Somos Vicencianos<\/title>\n<meta name=\"robots\" content=\"index, follow, max-snippet:-1, max-image-preview:large, max-video-preview:-1\" \/>\n<link rel=\"canonical\" href=\"http:\/\/vincentians.com\/es\/el-signo-de-estos-tiempos-v\/\" \/>\n<meta property=\"og:locale\" content=\"es_ES\" \/>\n<meta property=\"og:type\" content=\"article\" \/>\n<meta property=\"og:title\" content=\"El signo de estos tiempos (V) - Somos Vicencianos\" \/>\n<meta property=\"og:description\" content=\"La base m\u00edstica: Jesucristo, modelo de seguimiento en la opci\u00f3n por los pobres La opci\u00f3n por los pobres es la forma privilegiada del seguimiento de Jesucristo que se propone a todos los cristianos. Privilegiada: pues ... Read More\" \/>\n<meta property=\"og:url\" content=\"http:\/\/vincentians.com\/es\/el-signo-de-estos-tiempos-v\/\" \/>\n<meta property=\"og:site_name\" content=\"Somos Vicencianos\" \/>\n<meta property=\"article:publisher\" content=\"https:\/\/www.facebook.com\/WeAreVincentians\/\" \/>\n<meta property=\"article:published_time\" content=\"2024-07-20T06:26:14+00:00\" \/>\n<meta property=\"og:image\" content=\"https:\/\/i0.wp.com\/vincentians.com\/es\/wp-content\/uploads\/sites\/11\/2023\/08\/aa-1.jpg?fit=285%2C177\" \/>\n\t<meta property=\"og:image:width\" content=\"285\" \/>\n\t<meta property=\"og:image:height\" content=\"177\" \/>\n\t<meta property=\"og:image:type\" content=\"image\/jpeg\" \/>\n<meta name=\"author\" content=\"Mitxel Olabu\u00e9naga\" \/>\n<meta name=\"twitter:card\" content=\"summary_large_image\" \/>\n<meta name=\"twitter:creator\" content=\"@WeVincentians\" \/>\n<meta name=\"twitter:site\" content=\"@WeVincentians\" \/>\n<meta name=\"twitter:label1\" content=\"Escrito por\" \/>\n\t<meta name=\"twitter:data1\" content=\"Mitxel Olabu\u00e9naga\" \/>\n\t<meta name=\"twitter:label2\" content=\"Tiempo de lectura\" \/>\n\t<meta name=\"twitter:data2\" content=\"12 minutos\" \/>\n<script type=\"application\/ld+json\" class=\"yoast-schema-graph\">{\"@context\":\"https:\/\/schema.org\",\"@graph\":[{\"@type\":\"Article\",\"@id\":\"http:\/\/vincentians.com\/es\/el-signo-de-estos-tiempos-v\/#article\",\"isPartOf\":{\"@id\":\"http:\/\/vincentians.com\/es\/el-signo-de-estos-tiempos-v\/\"},\"author\":{\"name\":\"Mitxel Olabu\u00e9naga\",\"@id\":\"http:\/\/vincentians.com\/es\/#\/schema\/person\/7c2670b4445a7ca9d164ea6acdb31859\"},\"headline\":\"El signo de estos tiempos (V)\",\"datePublished\":\"2024-07-20T06:26:14+00:00\",\"mainEntityOfPage\":{\"@id\":\"http:\/\/vincentians.com\/es\/el-signo-de-estos-tiempos-v\/\"},\"wordCount\":2926,\"commentCount\":0,\"publisher\":{\"@id\":\"http:\/\/vincentians.com\/es\/#organization\"},\"image\":{\"@id\":\"http:\/\/vincentians.com\/es\/el-signo-de-estos-tiempos-v\/#primaryimage\"},\"thumbnailUrl\":\"https:\/\/i0.wp.com\/vincentians.com\/es\/wp-content\/uploads\/sites\/11\/2023\/08\/aa-1.jpg?fit=285%2C177\",\"articleSection\":[\"Formaci\u00f3n Cristiana\",\"Formaci\u00f3n Vicenciana\"],\"inLanguage\":\"es\",\"potentialAction\":[{\"@type\":\"CommentAction\",\"name\":\"Comment\",\"target\":[\"http:\/\/vincentians.com\/es\/el-signo-de-estos-tiempos-v\/#respond\"]}]},{\"@type\":\"WebPage\",\"@id\":\"http:\/\/vincentians.com\/es\/el-signo-de-estos-tiempos-v\/\",\"url\":\"http:\/\/vincentians.com\/es\/el-signo-de-estos-tiempos-v\/\",\"name\":\"El signo de estos tiempos (V) - Somos Vicencianos\",\"isPartOf\":{\"@id\":\"http:\/\/vincentians.com\/es\/#website\"},\"primaryImageOfPage\":{\"@id\":\"http:\/\/vincentians.com\/es\/el-signo-de-estos-tiempos-v\/#primaryimage\"},\"image\":{\"@id\":\"http:\/\/vincentians.com\/es\/el-signo-de-estos-tiempos-v\/#primaryimage\"},\"thumbnailUrl\":\"https:\/\/i0.wp.com\/vincentians.com\/es\/wp-content\/uploads\/sites\/11\/2023\/08\/aa-1.jpg?fit=285%2C177\",\"datePublished\":\"2024-07-20T06:26:14+00:00\",\"breadcrumb\":{\"@id\":\"http:\/\/vincentians.com\/es\/el-signo-de-estos-tiempos-v\/#breadcrumb\"},\"inLanguage\":\"es\",\"potentialAction\":[{\"@type\":\"ReadAction\",\"target\":[\"http:\/\/vincentians.com\/es\/el-signo-de-estos-tiempos-v\/\"]}]},{\"@type\":\"ImageObject\",\"inLanguage\":\"es\",\"@id\":\"http:\/\/vincentians.com\/es\/el-signo-de-estos-tiempos-v\/#primaryimage\",\"url\":\"https:\/\/i0.wp.com\/vincentians.com\/es\/wp-content\/uploads\/sites\/11\/2023\/08\/aa-1.jpg?fit=285%2C177\",\"contentUrl\":\"https:\/\/i0.wp.com\/vincentians.com\/es\/wp-content\/uploads\/sites\/11\/2023\/08\/aa-1.jpg?fit=285%2C177\",\"width\":285,\"height\":177},{\"@type\":\"BreadcrumbList\",\"@id\":\"http:\/\/vincentians.com\/es\/el-signo-de-estos-tiempos-v\/#breadcrumb\",\"itemListElement\":[{\"@type\":\"ListItem\",\"position\":1,\"name\":\"Portada\",\"item\":\"http:\/\/vincentians.com\/es\/\"},{\"@type\":\"ListItem\",\"position\":2,\"name\":\"El signo de estos tiempos (V)\"}]},{\"@type\":\"WebSite\",\"@id\":\"http:\/\/vincentians.com\/es\/#website\",\"url\":\"http:\/\/vincentians.com\/es\/\",\"name\":\"Somos Vicencianos\",\"description\":\"Know more to serve more\",\"publisher\":{\"@id\":\"http:\/\/vincentians.com\/es\/#organization\"},\"potentialAction\":[{\"@type\":\"SearchAction\",\"target\":{\"@type\":\"EntryPoint\",\"urlTemplate\":\"http:\/\/vincentians.com\/es\/?s={search_term_string}\"},\"query-input\":{\"@type\":\"PropertyValueSpecification\",\"valueRequired\":true,\"valueName\":\"search_term_string\"}}],\"inLanguage\":\"es\"},{\"@type\":\"Organization\",\"@id\":\"http:\/\/vincentians.com\/es\/#organization\",\"name\":\"The Vincentian Network\",\"url\":\"http:\/\/vincentians.com\/es\/\",\"logo\":{\"@type\":\"ImageObject\",\"inLanguage\":\"es\",\"@id\":\"http:\/\/vincentians.com\/es\/#\/schema\/logo\/image\/\",\"url\":\"https:\/\/i1.wp.com\/vincentians.com\/es\/wp-content\/uploads\/sites\/11\/2016\/06\/Vincentian-Network-logo-big.png?fit=778%2C778\",\"contentUrl\":\"https:\/\/i1.wp.com\/vincentians.com\/es\/wp-content\/uploads\/sites\/11\/2016\/06\/Vincentian-Network-logo-big.png?fit=778%2C778\",\"width\":778,\"height\":778,\"caption\":\"The Vincentian Network\"},\"image\":{\"@id\":\"http:\/\/vincentians.com\/es\/#\/schema\/logo\/image\/\"},\"sameAs\":[\"https:\/\/www.facebook.com\/WeAreVincentians\/\",\"https:\/\/x.com\/WeVincentians\"]},{\"@type\":\"Person\",\"@id\":\"http:\/\/vincentians.com\/es\/#\/schema\/person\/7c2670b4445a7ca9d164ea6acdb31859\",\"name\":\"Mitxel Olabu\u00e9naga\",\"image\":{\"@type\":\"ImageObject\",\"inLanguage\":\"es\",\"@id\":\"http:\/\/vincentians.com\/es\/#\/schema\/person\/image\/\",\"url\":\"https:\/\/secure.gravatar.com\/avatar\/34137ec2e2b8939cbbed975731e71f3f4f1defc7266ded337a5ce0f925426877?s=96&d=mm&r=g\",\"contentUrl\":\"https:\/\/secure.gravatar.com\/avatar\/34137ec2e2b8939cbbed975731e71f3f4f1defc7266ded337a5ce0f925426877?s=96&d=mm&r=g\",\"caption\":\"Mitxel Olabu\u00e9naga\"},\"url\":\"http:\/\/vincentians.com\/es\/author\/mitxel\/\"}]}<\/script>\n<!-- \/ Yoast SEO plugin. -->","yoast_head_json":{"title":"El signo de estos tiempos (V) - Somos Vicencianos","robots":{"index":"index","follow":"follow","max-snippet":"max-snippet:-1","max-image-preview":"max-image-preview:large","max-video-preview":"max-video-preview:-1"},"canonical":"http:\/\/vincentians.com\/es\/el-signo-de-estos-tiempos-v\/","og_locale":"es_ES","og_type":"article","og_title":"El signo de estos tiempos (V) - Somos Vicencianos","og_description":"La base m\u00edstica: Jesucristo, modelo de seguimiento en la opci\u00f3n por los pobres La opci\u00f3n por los pobres es la forma privilegiada del seguimiento de Jesucristo que se propone a todos los cristianos. Privilegiada: pues ... Read More","og_url":"http:\/\/vincentians.com\/es\/el-signo-de-estos-tiempos-v\/","og_site_name":"Somos Vicencianos","article_publisher":"https:\/\/www.facebook.com\/WeAreVincentians\/","article_published_time":"2024-07-20T06:26:14+00:00","og_image":[{"width":285,"height":177,"url":"https:\/\/i0.wp.com\/vincentians.com\/es\/wp-content\/uploads\/sites\/11\/2023\/08\/aa-1.jpg?fit=285%2C177","type":"image\/jpeg"}],"author":"Mitxel Olabu\u00e9naga","twitter_card":"summary_large_image","twitter_creator":"@WeVincentians","twitter_site":"@WeVincentians","twitter_misc":{"Escrito por":"Mitxel Olabu\u00e9naga","Tiempo de lectura":"12 minutos"},"schema":{"@context":"https:\/\/schema.org","@graph":[{"@type":"Article","@id":"http:\/\/vincentians.com\/es\/el-signo-de-estos-tiempos-v\/#article","isPartOf":{"@id":"http:\/\/vincentians.com\/es\/el-signo-de-estos-tiempos-v\/"},"author":{"name":"Mitxel Olabu\u00e9naga","@id":"http:\/\/vincentians.com\/es\/#\/schema\/person\/7c2670b4445a7ca9d164ea6acdb31859"},"headline":"El signo de estos tiempos (V)","datePublished":"2024-07-20T06:26:14+00:00","mainEntityOfPage":{"@id":"http:\/\/vincentians.com\/es\/el-signo-de-estos-tiempos-v\/"},"wordCount":2926,"commentCount":0,"publisher":{"@id":"http:\/\/vincentians.com\/es\/#organization"},"image":{"@id":"http:\/\/vincentians.com\/es\/el-signo-de-estos-tiempos-v\/#primaryimage"},"thumbnailUrl":"https:\/\/i0.wp.com\/vincentians.com\/es\/wp-content\/uploads\/sites\/11\/2023\/08\/aa-1.jpg?fit=285%2C177","articleSection":["Formaci\u00f3n Cristiana","Formaci\u00f3n Vicenciana"],"inLanguage":"es","potentialAction":[{"@type":"CommentAction","name":"Comment","target":["http:\/\/vincentians.com\/es\/el-signo-de-estos-tiempos-v\/#respond"]}]},{"@type":"WebPage","@id":"http:\/\/vincentians.com\/es\/el-signo-de-estos-tiempos-v\/","url":"http:\/\/vincentians.com\/es\/el-signo-de-estos-tiempos-v\/","name":"El signo de estos tiempos (V) - Somos Vicencianos","isPartOf":{"@id":"http:\/\/vincentians.com\/es\/#website"},"primaryImageOfPage":{"@id":"http:\/\/vincentians.com\/es\/el-signo-de-estos-tiempos-v\/#primaryimage"},"image":{"@id":"http:\/\/vincentians.com\/es\/el-signo-de-estos-tiempos-v\/#primaryimage"},"thumbnailUrl":"https:\/\/i0.wp.com\/vincentians.com\/es\/wp-content\/uploads\/sites\/11\/2023\/08\/aa-1.jpg?fit=285%2C177","datePublished":"2024-07-20T06:26:14+00:00","breadcrumb":{"@id":"http:\/\/vincentians.com\/es\/el-signo-de-estos-tiempos-v\/#breadcrumb"},"inLanguage":"es","potentialAction":[{"@type":"ReadAction","target":["http:\/\/vincentians.com\/es\/el-signo-de-estos-tiempos-v\/"]}]},{"@type":"ImageObject","inLanguage":"es","@id":"http:\/\/vincentians.com\/es\/el-signo-de-estos-tiempos-v\/#primaryimage","url":"https:\/\/i0.wp.com\/vincentians.com\/es\/wp-content\/uploads\/sites\/11\/2023\/08\/aa-1.jpg?fit=285%2C177","contentUrl":"https:\/\/i0.wp.com\/vincentians.com\/es\/wp-content\/uploads\/sites\/11\/2023\/08\/aa-1.jpg?fit=285%2C177","width":285,"height":177},{"@type":"BreadcrumbList","@id":"http:\/\/vincentians.com\/es\/el-signo-de-estos-tiempos-v\/#breadcrumb","itemListElement":[{"@type":"ListItem","position":1,"name":"Portada","item":"http:\/\/vincentians.com\/es\/"},{"@type":"ListItem","position":2,"name":"El signo de estos tiempos (V)"}]},{"@type":"WebSite","@id":"http:\/\/vincentians.com\/es\/#website","url":"http:\/\/vincentians.com\/es\/","name":"Somos Vicencianos","description":"Know more to serve more","publisher":{"@id":"http:\/\/vincentians.com\/es\/#organization"},"potentialAction":[{"@type":"SearchAction","target":{"@type":"EntryPoint","urlTemplate":"http:\/\/vincentians.com\/es\/?s={search_term_string}"},"query-input":{"@type":"PropertyValueSpecification","valueRequired":true,"valueName":"search_term_string"}}],"inLanguage":"es"},{"@type":"Organization","@id":"http:\/\/vincentians.com\/es\/#organization","name":"The Vincentian Network","url":"http:\/\/vincentians.com\/es\/","logo":{"@type":"ImageObject","inLanguage":"es","@id":"http:\/\/vincentians.com\/es\/#\/schema\/logo\/image\/","url":"https:\/\/i1.wp.com\/vincentians.com\/es\/wp-content\/uploads\/sites\/11\/2016\/06\/Vincentian-Network-logo-big.png?fit=778%2C778","contentUrl":"https:\/\/i1.wp.com\/vincentians.com\/es\/wp-content\/uploads\/sites\/11\/2016\/06\/Vincentian-Network-logo-big.png?fit=778%2C778","width":778,"height":778,"caption":"The Vincentian Network"},"image":{"@id":"http:\/\/vincentians.com\/es\/#\/schema\/logo\/image\/"},"sameAs":["https:\/\/www.facebook.com\/WeAreVincentians\/","https:\/\/x.com\/WeVincentians"]},{"@type":"Person","@id":"http:\/\/vincentians.com\/es\/#\/schema\/person\/7c2670b4445a7ca9d164ea6acdb31859","name":"Mitxel Olabu\u00e9naga","image":{"@type":"ImageObject","inLanguage":"es","@id":"http:\/\/vincentians.com\/es\/#\/schema\/person\/image\/","url":"https:\/\/secure.gravatar.com\/avatar\/34137ec2e2b8939cbbed975731e71f3f4f1defc7266ded337a5ce0f925426877?s=96&d=mm&r=g","contentUrl":"https:\/\/secure.gravatar.com\/avatar\/34137ec2e2b8939cbbed975731e71f3f4f1defc7266ded337a5ce0f925426877?s=96&d=mm&r=g","caption":"Mitxel Olabu\u00e9naga"},"url":"http:\/\/vincentians.com\/es\/author\/mitxel\/"}]}},"jetpack_publicize_connections":[],"jetpack_featured_media_url":"https:\/\/i0.wp.com\/vincentians.com\/es\/wp-content\/uploads\/sites\/11\/2023\/08\/aa-1.jpg?fit=285%2C177","jetpack_sharing_enabled":true,"jetpack_shortlink":"https:\/\/wp.me\/p7ETMF-1HqF","jetpack-related-posts":[{"id":121266,"url":"http:\/\/vincentians.com\/es\/el-signo-de-estos-tiempos-tesis-2a-la-base-mistica-jesucristo-modelo-de-seguimiento-en-la-opcion-por-los-pobres\/","url_meta":{"origin":405273,"position":0},"title":"El signo de estos tiempos. Tesis 2\u00aa: La base m\u00edstica: Jesucristo, modelo de seguimiento en la opci\u00f3n por los pobres","author":"Francisco Javier Fern\u00e1ndez Chento","date":"29\/06\/2015","format":false,"excerpt":"Tesis 2\u00aa: La base m\u00edstica: Jesucristo, modelo de seguimiento en la opci\u00f3n por los pobres La opci\u00f3n por los pobres es la forma privilegiada del seguimiento de Jesucristo que se propone a todos los cristianos. Privilegiada: pues \u00e9l mismo defini\u00f3 el prop\u00f3sito fundamental de su vida terrena-hist\u00f3rica (de la encarnaci\u00f3n\u2026","rel":"","context":"En \u00abFormaci\u00f3n Vicenciana\u00bb","block_context":{"text":"Formaci\u00f3n Vicenciana","link":"http:\/\/vincentians.com\/es\/category\/formacion-vicenciana\/"},"img":{"alt_text":"","src":"","width":0,"height":0},"classes":[]},{"id":121258,"url":"http:\/\/vincentians.com\/es\/el-signo-de-estos-tiempos-tesis-1a-la-base-personal-la-opcion-preferencial-por-los-pobres\/","url_meta":{"origin":405273,"position":1},"title":"El signo de estos tiempos. Tesis 1\u00aa: La base personal: la opci\u00f3n (preferencial) por los pobres","author":"Francisco Javier Fern\u00e1ndez Chento","date":"28\/06\/2015","format":false,"excerpt":"II. Diez tesis para una teolog\u00eda vicenciana de la liberaci\u00f3n Tesis 1\u00aa: La base personal: la opci\u00f3n (preferencial) por los pobres La dedicaci\u00f3n a la liberaci\u00f3n de los pobres exige una conversi\u00f3n: de la preocupaci\u00f3n por el bienestar personal, incluso de la preocupaci\u00f3n por la salvaci\u00f3n propia, a la preocupaci\u00f3n\u2026","rel":"","context":"En \u00abFormaci\u00f3n Vicenciana\u00bb","block_context":{"text":"Formaci\u00f3n Vicenciana","link":"http:\/\/vincentians.com\/es\/category\/formacion-vicenciana\/"},"img":{"alt_text":"","src":"","width":0,"height":0},"classes":[]},{"id":143745,"url":"http:\/\/vincentians.com\/es\/espiritualidad-de-misevi\/","url_meta":{"origin":405273,"position":2},"title":"Espiritualidad de MISEVI","author":"Francisco Javier Fern\u00e1ndez Chento","date":"22\/04\/2015","format":false,"excerpt":"1.- Esta es nuestra historia y nuestra vida Introducci\u00f3n La animaci\u00f3n misionera realizada por JMV, desde 1984, ha facilitado que los j\u00f3venes de JMV-Espa\u00f1a realizasen experiencias misioneras \"Ad Gentes\" durante los meses de vacaciones, un promedio de treinta por temporada. Tres a\u00f1os m\u00e1s tarde, en 1987, algunos de estos j\u00f3venes\u2026","rel":"","context":"En \u00abMisevi\u00bb","block_context":{"text":"Misevi","link":"http:\/\/vincentians.com\/es\/category\/la-familia-vicenciana\/ramas\/misevi\/"},"img":{"alt_text":"documento_de_espiritualidad-1","src":"https:\/\/i0.wp.com\/vicencianos.org\/wp-content\/2015\/04\/documento_de_espiritualidad-1-300x287.jpg?resize=350%2C200","width":350,"height":200},"classes":[]},{"id":122134,"url":"http:\/\/vincentians.com\/es\/el-signo-de-estos-tiempos-tesis-10a-el-significado-universal-de-la-teologia-de-la-liberacion\/","url_meta":{"origin":405273,"position":3},"title":"El signo de estos tiempos. Tesis 10\u00aa: El significado universal de la teolog\u00eda de la liberaci\u00f3n","author":"Francisco Javier Fern\u00e1ndez Chento","date":"07\/07\/2015","format":false,"excerpt":"Tesis 10\u00aa: El significado universal de la teolog\u00eda de la liberaci\u00f3n La teolog\u00eda de la liberaci\u00f3n pretende tener alcance universal en un doble sentido: 1.\u00b0 como visi\u00f3n central que afecta a todos los temas de la Revelaci\u00f3n y de la teolog\u00eda; 2.\u00b0 como visi\u00f3n teol\u00f3gica aplicable a todos los pa\u00edses\u2026","rel":"","context":"En \u00abFormaci\u00f3n Vicenciana\u00bb","block_context":{"text":"Formaci\u00f3n Vicenciana","link":"http:\/\/vincentians.com\/es\/category\/formacion-vicenciana\/"},"img":{"alt_text":"","src":"","width":0,"height":0},"classes":[]},{"id":127306,"url":"http:\/\/vincentians.com\/es\/la-prioridad-de-los-pobres-en-el-nuevo-testamento-principio-de-otro-mundo-posible-i-pablo-y-marcos\/","url_meta":{"origin":405273,"position":4},"title":"La prioridad de los pobres en el Nuevo Testamento, principio de otro mundo posible I: Pablo y Marcos","author":"Francisco Javier Fern\u00e1ndez Chento","date":"25\/06\/2024","format":false,"excerpt":"1. La opci\u00f3n por los pobres en el contexto de la gran crisis La gran crisis del momento presente no es una crisis eco\u00adn\u00f3mica sino una crisis de hegemon\u00eda de ideas. La crisis fatal que estamos sufriendo, principalmente en Europa en estos momentos, deriva de los coletazos letales que propicia\u2026","rel":"","context":"En \u00abFormaci\u00f3n Cristiana\u00bb","block_context":{"text":"Formaci\u00f3n Cristiana","link":"http:\/\/vincentians.com\/es\/category\/formacion-cristiana\/"},"img":{"alt_text":"","src":"https:\/\/i0.wp.com\/vincentians.com\/es\/wp-content\/uploads\/sites\/11\/2015\/04\/tres-descubrimientos-de-Vicente-de-Paul.jpg?fit=1200%2C630&resize=350%2C200","width":350,"height":200,"srcset":"https:\/\/i0.wp.com\/vincentians.com\/es\/wp-content\/uploads\/sites\/11\/2015\/04\/tres-descubrimientos-de-Vicente-de-Paul.jpg?fit=1200%2C630&resize=350%2C200 1x, https:\/\/i0.wp.com\/vincentians.com\/es\/wp-content\/uploads\/sites\/11\/2015\/04\/tres-descubrimientos-de-Vicente-de-Paul.jpg?fit=1200%2C630&resize=525%2C300 1.5x, https:\/\/i0.wp.com\/vincentians.com\/es\/wp-content\/uploads\/sites\/11\/2015\/04\/tres-descubrimientos-de-Vicente-de-Paul.jpg?fit=1200%2C630&resize=700%2C400 2x, https:\/\/i0.wp.com\/vincentians.com\/es\/wp-content\/uploads\/sites\/11\/2015\/04\/tres-descubrimientos-de-Vicente-de-Paul.jpg?fit=1200%2C630&resize=1050%2C600 3x"},"classes":[]},{"id":386892,"url":"http:\/\/vincentians.com\/es\/volver-a-jesus-para-evangelizar\/","url_meta":{"origin":405273,"position":5},"title":"Volver a Jes\u00fas para evangelizar","author":"Francisco Javier Fern\u00e1ndez Chento","date":"25\/01\/2016","format":false,"excerpt":"Me alegra inmensamente que la pr\u00f3xima Asamblea de la Congregaci\u00f3n de la Misi\u00f3n tenga como tema de reflexi\u00f3n y motivaci\u00f3n un asunto que tiene que ver con su identidad apost\u00f3lica: la Nueva Evangelizaci\u00f3n. Conviene, sin embargo, recordar que la evangelizaci\u00f3n tiene un gran supuesto: la contemplaci\u00f3n de Cristo enviado por\u2026","rel":"","context":"En \u00abFormaci\u00f3n Vicenciana\u00bb","block_context":{"text":"Formaci\u00f3n Vicenciana","link":"http:\/\/vincentians.com\/es\/category\/formacion-vicenciana\/"},"img":{"alt_text":"hora de evangelizar","src":"https:\/\/i0.wp.com\/vicencianos.org\/wp-content\/uploads\/2016\/01\/hora-de-evangelizar-300x283.jpg?resize=350%2C200","width":350,"height":200},"classes":[]}],"_links":{"self":[{"href":"http:\/\/vincentians.com\/es\/wp-json\/wp\/v2\/posts\/405273","targetHints":{"allow":["GET"]}}],"collection":[{"href":"http:\/\/vincentians.com\/es\/wp-json\/wp\/v2\/posts"}],"about":[{"href":"http:\/\/vincentians.com\/es\/wp-json\/wp\/v2\/types\/post"}],"author":[{"embeddable":true,"href":"http:\/\/vincentians.com\/es\/wp-json\/wp\/v2\/users\/5"}],"replies":[{"embeddable":true,"href":"http:\/\/vincentians.com\/es\/wp-json\/wp\/v2\/comments?post=405273"}],"version-history":[{"count":1,"href":"http:\/\/vincentians.com\/es\/wp-json\/wp\/v2\/posts\/405273\/revisions"}],"predecessor-version":[{"id":405274,"href":"http:\/\/vincentians.com\/es\/wp-json\/wp\/v2\/posts\/405273\/revisions\/405274"}],"wp:featuredmedia":[{"embeddable":true,"href":"http:\/\/vincentians.com\/es\/wp-json\/wp\/v2\/media\/405265"}],"wp:attachment":[{"href":"http:\/\/vincentians.com\/es\/wp-json\/wp\/v2\/media?parent=405273"}],"wp:term":[{"taxonomy":"category","embeddable":true,"href":"http:\/\/vincentians.com\/es\/wp-json\/wp\/v2\/categories?post=405273"},{"taxonomy":"post_tag","embeddable":true,"href":"http:\/\/vincentians.com\/es\/wp-json\/wp\/v2\/tags?post=405273"}],"curies":[{"name":"wp","href":"https:\/\/api.w.org\/{rel}","templated":true}]}}