{"id":405135,"date":"2024-03-10T08:17:21","date_gmt":"2024-03-10T07:17:21","guid":{"rendered":"http:\/\/vincentians.com\/es\/?p=405135"},"modified":"2023-08-13T20:18:16","modified_gmt":"2023-08-13T18:18:16","slug":"la-palabra-de-dios-en-san-vicente-de-paul-iv","status":"publish","type":"post","link":"http:\/\/vincentians.com\/es\/la-palabra-de-dios-en-san-vicente-de-paul-iv\/","title":{"rendered":"La Palabra de Dios en san Vicente de Pa\u00fal (IV)"},"content":{"rendered":"<p>LAS FUENTES BIBLIOGR\u00c1FICAS DE NUESTRA FAMILIA NOS INVITAN A UN TRABAJO SINCERO DE INVESTIGA\u00adCI\u00d3N<\/p>\n<p>Tratemos de entrar ahora a la manera como san Vicente aco\u00adgi\u00f3 la Palabra, la ofrec\u00eda desde sus propias interpretaciones y fantas\u00edas. Me permitir\u00eda decir con el cari\u00f1o por mi Fundador, que el manejaba la Biblia, como \u00e9l era: creyente de convicciones pro\u00adfundas y enraizadas; sacerdote con una cultura teol\u00f3gica sufi\u00adcientemente profunda (y que parece esconder por su gran humil\u00addad y modestia); como evangelizador con respecto a los pobres y con respecto a la doctrina que quiso transmitirnos para amar a Dios y servirlo en los pobres; pero tambi\u00e9n con su temperamen\u00adto lleno de fantas\u00eda y de creatividad.<\/p>\n<p>Me parece, para decirlo en dos palabras, que fue un disc\u00edpu\u00adlo extraordinario de la escuela de Jes\u00fas de Nazaret.<\/p>\n<p>Quien quiera vivir la experiencia de su mundo polifac\u00e9tico tendr\u00e1 delante de s\u00ed la inmensa bibliograf\u00eda hoy a disposici\u00f3n para conocer la riqueza b\u00edblica y espiritual de nuestro Fundador.<\/p>\n<p>Riqueza y Diversidad de ese tesoro vicentino que nos permi\u00adten asomarnos y c\u00f3nocer mucho mejor el mundo de la persona\u00adlidad de san Vicente y su inmensa capacidad de trabajo y de dedicaci\u00f3n al servicio de la Misi\u00f3n que hab\u00eda recibido. Y en lo que toca a nuestra reflexi\u00f3n admirando su capacidad de citar abundantemente la Biblia (1000 veces dicen algunos, considero que es poco) y sobre todo en su creatividad de adaptar y leer los textos seg\u00fan las necesidades de sus interlocutores.<\/p>\n<p>Cu\u00e1ntos cohermanos han escrito sobre estos temas, P. Dodin, P. Vanteenkiste, P. Renouard, P. Orcajo, P. Rom\u00e1n, P. Fonsatti se\u00f1alan como san Vicente ten\u00eda el cuidado de tomar el texto apropiado para la persona a la cual se dirig\u00eda&#8230; Era l\u00f3gico que dirigi\u00e9ndose a las Hijas de la Caridad en 1634 y 1660 su estilo fuera m\u00e1s vivo y colorido como si los personajes b\u00edblicos vistie\u00adran o hablaran como lo hac\u00edan en ese momento a las Hijas de la Caridad.<\/p>\n<p>Hablando a los misioneros, san Vicente mezclaba la an\u00e9cdota y la informaci\u00f3n a las ense\u00f1anzas evang\u00e9licas. Pero con ellos parece mostrarse m\u00e1s cuidadoso y preciso en sus citaciones b\u00edblicas y en la manera de explicarlas. P\u00fablico distinto&#8230; pedagog\u00edas diferentes.<\/p>\n<p>CEME<\/p>\n<p>\u00c1lvaro Restrepo \u00c1lzate<\/p>\n","protected":false},"excerpt":{"rendered":"<p>LAS FUENTES BIBLIOGR\u00c1FICAS DE NUESTRA FAMILIA NOS INVITAN A UN TRABAJO SINCERO DE INVESTIGA\u00adCI\u00d3N Tratemos de entrar ahora a la manera como san Vicente aco\u00adgi\u00f3 la Palabra, la ofrec\u00eda desde sus propias interpretaciones y fantas\u00edas. &#8230; <a href=\"http:\/\/vincentians.com\/es\/la-palabra-de-dios-en-san-vicente-de-paul-iv\/\" class=\"more-link\">Read More<\/a><\/p>\n","protected":false},"author":5,"featured_media":404148,"comment_status":"open","ping_status":"open","sticky":false,"template":"","format":"standard","meta":{"jetpack_post_was_ever_published":false,"_jetpack_newsletter_access":"","_jetpack_dont_email_post_to_subs":false,"_jetpack_newsletter_tier_id":0,"_jetpack_memberships_contains_paywalled_content":false,"_jetpack_memberships_contains_paid_content":false,"footnotes":"","jetpack_publicize_message":"","jetpack_publicize_feature_enabled":true,"jetpack_social_post_already_shared":true,"jetpack_social_options":{"image_generator_settings":{"template":"highway","default_image_id":0,"font":"","enabled":false},"version":2}},"categories":[374,226],"tags":[],"class_list":["post-405135","post","type-post","status-publish","format-standard","has-post-thumbnail","hentry","category-espiritualidad","category-espiritualidad-vicenciana"],"yoast_head":"<!-- This site is optimized with the Yoast SEO plugin v26.3 - https:\/\/yoast.com\/wordpress\/plugins\/seo\/ -->\n<title>La Palabra de Dios en san Vicente de Pa\u00fal (IV) - Somos Vicencianos<\/title>\n<meta name=\"robots\" content=\"index, follow, max-snippet:-1, max-image-preview:large, max-video-preview:-1\" \/>\n<link rel=\"canonical\" href=\"http:\/\/vincentians.com\/es\/la-palabra-de-dios-en-san-vicente-de-paul-iv\/\" \/>\n<meta property=\"og:locale\" content=\"es_ES\" \/>\n<meta property=\"og:type\" content=\"article\" \/>\n<meta property=\"og:title\" content=\"La Palabra de Dios en san Vicente de Pa\u00fal (IV) - Somos Vicencianos\" \/>\n<meta property=\"og:description\" content=\"LAS FUENTES BIBLIOGR\u00c1FICAS DE NUESTRA FAMILIA NOS INVITAN A UN TRABAJO SINCERO DE INVESTIGA\u00adCI\u00d3N Tratemos de entrar ahora a la manera como san Vicente aco\u00adgi\u00f3 la Palabra, la ofrec\u00eda desde sus propias interpretaciones y fantas\u00edas. ... Read More\" \/>\n<meta property=\"og:url\" content=\"http:\/\/vincentians.com\/es\/la-palabra-de-dios-en-san-vicente-de-paul-iv\/\" \/>\n<meta property=\"og:site_name\" content=\"Somos Vicencianos\" \/>\n<meta property=\"article:publisher\" content=\"https:\/\/www.facebook.com\/WeAreVincentians\/\" \/>\n<meta property=\"article:published_time\" content=\"2024-03-10T07:17:21+00:00\" \/>\n<meta property=\"og:image\" content=\"https:\/\/i0.wp.com\/vincentians.com\/es\/wp-content\/uploads\/sites\/11\/2013\/04\/p.jpg?fit=550%2C289\" \/>\n\t<meta property=\"og:image:width\" content=\"550\" \/>\n\t<meta property=\"og:image:height\" content=\"289\" \/>\n\t<meta property=\"og:image:type\" content=\"image\/jpeg\" \/>\n<meta name=\"author\" content=\"Mitxel Olabu\u00e9naga\" \/>\n<meta name=\"twitter:card\" content=\"summary_large_image\" \/>\n<meta name=\"twitter:creator\" content=\"@WeVincentians\" \/>\n<meta name=\"twitter:site\" content=\"@WeVincentians\" \/>\n<meta name=\"twitter:label1\" content=\"Escrito por\" \/>\n\t<meta name=\"twitter:data1\" content=\"Mitxel Olabu\u00e9naga\" \/>\n\t<meta name=\"twitter:label2\" content=\"Tiempo de lectura\" \/>\n\t<meta name=\"twitter:data2\" content=\"2 minutos\" \/>\n<script type=\"application\/ld+json\" class=\"yoast-schema-graph\">{\"@context\":\"https:\/\/schema.org\",\"@graph\":[{\"@type\":\"Article\",\"@id\":\"http:\/\/vincentians.com\/es\/la-palabra-de-dios-en-san-vicente-de-paul-iv\/#article\",\"isPartOf\":{\"@id\":\"http:\/\/vincentians.com\/es\/la-palabra-de-dios-en-san-vicente-de-paul-iv\/\"},\"author\":{\"name\":\"Mitxel Olabu\u00e9naga\",\"@id\":\"http:\/\/vincentians.com\/es\/#\/schema\/person\/7c2670b4445a7ca9d164ea6acdb31859\"},\"headline\":\"La Palabra de Dios en san Vicente de Pa\u00fal (IV)\",\"datePublished\":\"2024-03-10T07:17:21+00:00\",\"mainEntityOfPage\":{\"@id\":\"http:\/\/vincentians.com\/es\/la-palabra-de-dios-en-san-vicente-de-paul-iv\/\"},\"wordCount\":421,\"commentCount\":0,\"publisher\":{\"@id\":\"http:\/\/vincentians.com\/es\/#organization\"},\"image\":{\"@id\":\"http:\/\/vincentians.com\/es\/la-palabra-de-dios-en-san-vicente-de-paul-iv\/#primaryimage\"},\"thumbnailUrl\":\"https:\/\/i0.wp.com\/vincentians.com\/es\/wp-content\/uploads\/sites\/11\/2013\/04\/p.jpg?fit=550%2C289\",\"articleSection\":[\"Espiritualidad\",\"Espiritualidad vicenciana\"],\"inLanguage\":\"es\",\"potentialAction\":[{\"@type\":\"CommentAction\",\"name\":\"Comment\",\"target\":[\"http:\/\/vincentians.com\/es\/la-palabra-de-dios-en-san-vicente-de-paul-iv\/#respond\"]}]},{\"@type\":\"WebPage\",\"@id\":\"http:\/\/vincentians.com\/es\/la-palabra-de-dios-en-san-vicente-de-paul-iv\/\",\"url\":\"http:\/\/vincentians.com\/es\/la-palabra-de-dios-en-san-vicente-de-paul-iv\/\",\"name\":\"La Palabra de Dios en san Vicente de Pa\u00fal (IV) - Somos Vicencianos\",\"isPartOf\":{\"@id\":\"http:\/\/vincentians.com\/es\/#website\"},\"primaryImageOfPage\":{\"@id\":\"http:\/\/vincentians.com\/es\/la-palabra-de-dios-en-san-vicente-de-paul-iv\/#primaryimage\"},\"image\":{\"@id\":\"http:\/\/vincentians.com\/es\/la-palabra-de-dios-en-san-vicente-de-paul-iv\/#primaryimage\"},\"thumbnailUrl\":\"https:\/\/i0.wp.com\/vincentians.com\/es\/wp-content\/uploads\/sites\/11\/2013\/04\/p.jpg?fit=550%2C289\",\"datePublished\":\"2024-03-10T07:17:21+00:00\",\"breadcrumb\":{\"@id\":\"http:\/\/vincentians.com\/es\/la-palabra-de-dios-en-san-vicente-de-paul-iv\/#breadcrumb\"},\"inLanguage\":\"es\",\"potentialAction\":[{\"@type\":\"ReadAction\",\"target\":[\"http:\/\/vincentians.com\/es\/la-palabra-de-dios-en-san-vicente-de-paul-iv\/\"]}]},{\"@type\":\"ImageObject\",\"inLanguage\":\"es\",\"@id\":\"http:\/\/vincentians.com\/es\/la-palabra-de-dios-en-san-vicente-de-paul-iv\/#primaryimage\",\"url\":\"https:\/\/i0.wp.com\/vincentians.com\/es\/wp-content\/uploads\/sites\/11\/2013\/04\/p.jpg?fit=550%2C289\",\"contentUrl\":\"https:\/\/i0.wp.com\/vincentians.com\/es\/wp-content\/uploads\/sites\/11\/2013\/04\/p.jpg?fit=550%2C289\",\"width\":550,\"height\":289},{\"@type\":\"BreadcrumbList\",\"@id\":\"http:\/\/vincentians.com\/es\/la-palabra-de-dios-en-san-vicente-de-paul-iv\/#breadcrumb\",\"itemListElement\":[{\"@type\":\"ListItem\",\"position\":1,\"name\":\"Portada\",\"item\":\"http:\/\/vincentians.com\/es\/\"},{\"@type\":\"ListItem\",\"position\":2,\"name\":\"La Palabra de Dios en san Vicente de Pa\u00fal (IV)\"}]},{\"@type\":\"WebSite\",\"@id\":\"http:\/\/vincentians.com\/es\/#website\",\"url\":\"http:\/\/vincentians.com\/es\/\",\"name\":\"Somos Vicencianos\",\"description\":\"Know more to serve more\",\"publisher\":{\"@id\":\"http:\/\/vincentians.com\/es\/#organization\"},\"potentialAction\":[{\"@type\":\"SearchAction\",\"target\":{\"@type\":\"EntryPoint\",\"urlTemplate\":\"http:\/\/vincentians.com\/es\/?s={search_term_string}\"},\"query-input\":{\"@type\":\"PropertyValueSpecification\",\"valueRequired\":true,\"valueName\":\"search_term_string\"}}],\"inLanguage\":\"es\"},{\"@type\":\"Organization\",\"@id\":\"http:\/\/vincentians.com\/es\/#organization\",\"name\":\"The Vincentian Network\",\"url\":\"http:\/\/vincentians.com\/es\/\",\"logo\":{\"@type\":\"ImageObject\",\"inLanguage\":\"es\",\"@id\":\"http:\/\/vincentians.com\/es\/#\/schema\/logo\/image\/\",\"url\":\"https:\/\/i1.wp.com\/vincentians.com\/es\/wp-content\/uploads\/sites\/11\/2016\/06\/Vincentian-Network-logo-big.png?fit=778%2C778\",\"contentUrl\":\"https:\/\/i1.wp.com\/vincentians.com\/es\/wp-content\/uploads\/sites\/11\/2016\/06\/Vincentian-Network-logo-big.png?fit=778%2C778\",\"width\":778,\"height\":778,\"caption\":\"The Vincentian Network\"},\"image\":{\"@id\":\"http:\/\/vincentians.com\/es\/#\/schema\/logo\/image\/\"},\"sameAs\":[\"https:\/\/www.facebook.com\/WeAreVincentians\/\",\"https:\/\/x.com\/WeVincentians\"]},{\"@type\":\"Person\",\"@id\":\"http:\/\/vincentians.com\/es\/#\/schema\/person\/7c2670b4445a7ca9d164ea6acdb31859\",\"name\":\"Mitxel Olabu\u00e9naga\",\"image\":{\"@type\":\"ImageObject\",\"inLanguage\":\"es\",\"@id\":\"http:\/\/vincentians.com\/es\/#\/schema\/person\/image\/\",\"url\":\"https:\/\/secure.gravatar.com\/avatar\/34137ec2e2b8939cbbed975731e71f3f4f1defc7266ded337a5ce0f925426877?s=96&d=mm&r=g\",\"contentUrl\":\"https:\/\/secure.gravatar.com\/avatar\/34137ec2e2b8939cbbed975731e71f3f4f1defc7266ded337a5ce0f925426877?s=96&d=mm&r=g\",\"caption\":\"Mitxel Olabu\u00e9naga\"},\"url\":\"http:\/\/vincentians.com\/es\/author\/mitxel\/\"}]}<\/script>\n<!-- \/ Yoast SEO plugin. -->","yoast_head_json":{"title":"La Palabra de Dios en san Vicente de Pa\u00fal (IV) - Somos Vicencianos","robots":{"index":"index","follow":"follow","max-snippet":"max-snippet:-1","max-image-preview":"max-image-preview:large","max-video-preview":"max-video-preview:-1"},"canonical":"http:\/\/vincentians.com\/es\/la-palabra-de-dios-en-san-vicente-de-paul-iv\/","og_locale":"es_ES","og_type":"article","og_title":"La Palabra de Dios en san Vicente de Pa\u00fal (IV) - Somos Vicencianos","og_description":"LAS FUENTES BIBLIOGR\u00c1FICAS DE NUESTRA FAMILIA NOS INVITAN A UN TRABAJO SINCERO DE INVESTIGA\u00adCI\u00d3N Tratemos de entrar ahora a la manera como san Vicente aco\u00adgi\u00f3 la Palabra, la ofrec\u00eda desde sus propias interpretaciones y fantas\u00edas. ... Read More","og_url":"http:\/\/vincentians.com\/es\/la-palabra-de-dios-en-san-vicente-de-paul-iv\/","og_site_name":"Somos Vicencianos","article_publisher":"https:\/\/www.facebook.com\/WeAreVincentians\/","article_published_time":"2024-03-10T07:17:21+00:00","og_image":[{"width":550,"height":289,"url":"https:\/\/i0.wp.com\/vincentians.com\/es\/wp-content\/uploads\/sites\/11\/2013\/04\/p.jpg?fit=550%2C289","type":"image\/jpeg"}],"author":"Mitxel Olabu\u00e9naga","twitter_card":"summary_large_image","twitter_creator":"@WeVincentians","twitter_site":"@WeVincentians","twitter_misc":{"Escrito por":"Mitxel Olabu\u00e9naga","Tiempo de lectura":"2 minutos"},"schema":{"@context":"https:\/\/schema.org","@graph":[{"@type":"Article","@id":"http:\/\/vincentians.com\/es\/la-palabra-de-dios-en-san-vicente-de-paul-iv\/#article","isPartOf":{"@id":"http:\/\/vincentians.com\/es\/la-palabra-de-dios-en-san-vicente-de-paul-iv\/"},"author":{"name":"Mitxel Olabu\u00e9naga","@id":"http:\/\/vincentians.com\/es\/#\/schema\/person\/7c2670b4445a7ca9d164ea6acdb31859"},"headline":"La Palabra de Dios en san Vicente de Pa\u00fal (IV)","datePublished":"2024-03-10T07:17:21+00:00","mainEntityOfPage":{"@id":"http:\/\/vincentians.com\/es\/la-palabra-de-dios-en-san-vicente-de-paul-iv\/"},"wordCount":421,"commentCount":0,"publisher":{"@id":"http:\/\/vincentians.com\/es\/#organization"},"image":{"@id":"http:\/\/vincentians.com\/es\/la-palabra-de-dios-en-san-vicente-de-paul-iv\/#primaryimage"},"thumbnailUrl":"https:\/\/i0.wp.com\/vincentians.com\/es\/wp-content\/uploads\/sites\/11\/2013\/04\/p.jpg?fit=550%2C289","articleSection":["Espiritualidad","Espiritualidad vicenciana"],"inLanguage":"es","potentialAction":[{"@type":"CommentAction","name":"Comment","target":["http:\/\/vincentians.com\/es\/la-palabra-de-dios-en-san-vicente-de-paul-iv\/#respond"]}]},{"@type":"WebPage","@id":"http:\/\/vincentians.com\/es\/la-palabra-de-dios-en-san-vicente-de-paul-iv\/","url":"http:\/\/vincentians.com\/es\/la-palabra-de-dios-en-san-vicente-de-paul-iv\/","name":"La Palabra de Dios en san Vicente de Pa\u00fal (IV) - Somos Vicencianos","isPartOf":{"@id":"http:\/\/vincentians.com\/es\/#website"},"primaryImageOfPage":{"@id":"http:\/\/vincentians.com\/es\/la-palabra-de-dios-en-san-vicente-de-paul-iv\/#primaryimage"},"image":{"@id":"http:\/\/vincentians.com\/es\/la-palabra-de-dios-en-san-vicente-de-paul-iv\/#primaryimage"},"thumbnailUrl":"https:\/\/i0.wp.com\/vincentians.com\/es\/wp-content\/uploads\/sites\/11\/2013\/04\/p.jpg?fit=550%2C289","datePublished":"2024-03-10T07:17:21+00:00","breadcrumb":{"@id":"http:\/\/vincentians.com\/es\/la-palabra-de-dios-en-san-vicente-de-paul-iv\/#breadcrumb"},"inLanguage":"es","potentialAction":[{"@type":"ReadAction","target":["http:\/\/vincentians.com\/es\/la-palabra-de-dios-en-san-vicente-de-paul-iv\/"]}]},{"@type":"ImageObject","inLanguage":"es","@id":"http:\/\/vincentians.com\/es\/la-palabra-de-dios-en-san-vicente-de-paul-iv\/#primaryimage","url":"https:\/\/i0.wp.com\/vincentians.com\/es\/wp-content\/uploads\/sites\/11\/2013\/04\/p.jpg?fit=550%2C289","contentUrl":"https:\/\/i0.wp.com\/vincentians.com\/es\/wp-content\/uploads\/sites\/11\/2013\/04\/p.jpg?fit=550%2C289","width":550,"height":289},{"@type":"BreadcrumbList","@id":"http:\/\/vincentians.com\/es\/la-palabra-de-dios-en-san-vicente-de-paul-iv\/#breadcrumb","itemListElement":[{"@type":"ListItem","position":1,"name":"Portada","item":"http:\/\/vincentians.com\/es\/"},{"@type":"ListItem","position":2,"name":"La Palabra de Dios en san Vicente de Pa\u00fal (IV)"}]},{"@type":"WebSite","@id":"http:\/\/vincentians.com\/es\/#website","url":"http:\/\/vincentians.com\/es\/","name":"Somos Vicencianos","description":"Know more to serve more","publisher":{"@id":"http:\/\/vincentians.com\/es\/#organization"},"potentialAction":[{"@type":"SearchAction","target":{"@type":"EntryPoint","urlTemplate":"http:\/\/vincentians.com\/es\/?s={search_term_string}"},"query-input":{"@type":"PropertyValueSpecification","valueRequired":true,"valueName":"search_term_string"}}],"inLanguage":"es"},{"@type":"Organization","@id":"http:\/\/vincentians.com\/es\/#organization","name":"The Vincentian Network","url":"http:\/\/vincentians.com\/es\/","logo":{"@type":"ImageObject","inLanguage":"es","@id":"http:\/\/vincentians.com\/es\/#\/schema\/logo\/image\/","url":"https:\/\/i1.wp.com\/vincentians.com\/es\/wp-content\/uploads\/sites\/11\/2016\/06\/Vincentian-Network-logo-big.png?fit=778%2C778","contentUrl":"https:\/\/i1.wp.com\/vincentians.com\/es\/wp-content\/uploads\/sites\/11\/2016\/06\/Vincentian-Network-logo-big.png?fit=778%2C778","width":778,"height":778,"caption":"The Vincentian Network"},"image":{"@id":"http:\/\/vincentians.com\/es\/#\/schema\/logo\/image\/"},"sameAs":["https:\/\/www.facebook.com\/WeAreVincentians\/","https:\/\/x.com\/WeVincentians"]},{"@type":"Person","@id":"http:\/\/vincentians.com\/es\/#\/schema\/person\/7c2670b4445a7ca9d164ea6acdb31859","name":"Mitxel Olabu\u00e9naga","image":{"@type":"ImageObject","inLanguage":"es","@id":"http:\/\/vincentians.com\/es\/#\/schema\/person\/image\/","url":"https:\/\/secure.gravatar.com\/avatar\/34137ec2e2b8939cbbed975731e71f3f4f1defc7266ded337a5ce0f925426877?s=96&d=mm&r=g","contentUrl":"https:\/\/secure.gravatar.com\/avatar\/34137ec2e2b8939cbbed975731e71f3f4f1defc7266ded337a5ce0f925426877?s=96&d=mm&r=g","caption":"Mitxel Olabu\u00e9naga"},"url":"http:\/\/vincentians.com\/es\/author\/mitxel\/"}]}},"jetpack_publicize_connections":[],"jetpack_featured_media_url":"https:\/\/i0.wp.com\/vincentians.com\/es\/wp-content\/uploads\/sites\/11\/2013\/04\/p.jpg?fit=550%2C289","jetpack_sharing_enabled":true,"jetpack_shortlink":"https:\/\/wp.me\/p7ETMF-1Hor","jetpack-related-posts":[{"id":119421,"url":"http:\/\/vincentians.com\/es\/la-espiritualidad-de-san-vicente\/","url_meta":{"origin":405135,"position":0},"title":"La espiritualidad de san Vicente","author":"Francisco Javier Fern\u00e1ndez Chento","date":"25\/02\/2015","format":false,"excerpt":"Introducci\u00f3n En \"San Vicente y la Caridad\", Andr\u00e9 Dodin muestra bien la inutilidad de la empresa, que consistir\u00eda en intentar definir la doctrina espiritual de san Vicente, y demuestra que no pod\u00eda tratarse m\u00e1s que de una doctrina en una vida. Es pues, siguiendo la vida de san Vicente, analizando\u2026","rel":"","context":"En \u00abEspiritualidad vicenciana\u00bb","block_context":{"text":"Espiritualidad vicenciana","link":"http:\/\/vincentians.com\/es\/category\/espiritualidad\/espiritualidad-vicenciana\/"},"img":{"alt_text":"nddm_vincent1","src":"https:\/\/i0.wp.com\/vicencianos.org\/wp-content\/2011\/03\/nddm_vincent1-300x242.jpg?resize=350%2C200","width":350,"height":200},"classes":[]},{"id":125704,"url":"http:\/\/vincentians.com\/es\/la-escucha-como-fundamento-para-la-espiritualidad\/","url_meta":{"origin":405135,"position":1},"title":"La escucha como fundamento para la espiritualidad","author":"Francisco Javier Fern\u00e1ndez Chento","date":"30\/11\/2013","format":false,"excerpt":"Has notado alguna vez, qu\u00e9 poco \u00e9nfasis \"expl\u00edcito\" se da a la escucha en las \"Reglas\" de las Comunidades, en los \"manuales\" ordi\u00adnarios de la vida espiritual, e incluso en los cl\u00e1sicos? Es in\u00fatil buscar un cap\u00edtulo sobre la escucha en los escritos de S. Benito o S. Ignacio, e\u2026","rel":"","context":"En \u00abEspiritualidad vicenciana\u00bb","block_context":{"text":"Espiritualidad vicenciana","link":"http:\/\/vincentians.com\/es\/category\/espiritualidad\/espiritualidad-vicenciana\/"},"img":{"alt_text":"libro y gerbera","src":"https:\/\/i0.wp.com\/vicencianos.org\/wp-content\/2013\/11\/libro-y-gerbera.jpg?resize=350%2C200","width":350,"height":200},"classes":[]},{"id":116232,"url":"http:\/\/vincentians.com\/es\/la-fe-de-san-vicente\/","url_meta":{"origin":405135,"position":2},"title":"La Fe de san Vicente","author":"Francisco Javier Fern\u00e1ndez Chento","date":"14\/10\/2018","format":false,"excerpt":"I. San Vicente: un creyente Para abordar cualquier tema referente a San Vicente, el m\u00e9todo m\u00e1s seguro siempre es el de volver a la experiencia y al recorrido del Fundador. Por temperamento y por formaci\u00f3n, Vicente de Pa\u00fal fue siem\u00adpre un hombre que concedi\u00f3 gran importancia a la vida, al\u2026","rel":"","context":"En \u00abFormaci\u00f3n Vicenciana\u00bb","block_context":{"text":"Formaci\u00f3n Vicenciana","link":"http:\/\/vincentians.com\/es\/category\/formacion-vicenciana\/"},"img":{"alt_text":"","src":"","width":0,"height":0},"classes":[]},{"id":386892,"url":"http:\/\/vincentians.com\/es\/volver-a-jesus-para-evangelizar\/","url_meta":{"origin":405135,"position":3},"title":"Volver a Jes\u00fas para evangelizar","author":"Francisco Javier Fern\u00e1ndez Chento","date":"25\/01\/2016","format":false,"excerpt":"Me alegra inmensamente que la pr\u00f3xima Asamblea de la Congregaci\u00f3n de la Misi\u00f3n tenga como tema de reflexi\u00f3n y motivaci\u00f3n un asunto que tiene que ver con su identidad apost\u00f3lica: la Nueva Evangelizaci\u00f3n. Conviene, sin embargo, recordar que la evangelizaci\u00f3n tiene un gran supuesto: la contemplaci\u00f3n de Cristo enviado por\u2026","rel":"","context":"En \u00abFormaci\u00f3n Vicenciana\u00bb","block_context":{"text":"Formaci\u00f3n Vicenciana","link":"http:\/\/vincentians.com\/es\/category\/formacion-vicenciana\/"},"img":{"alt_text":"hora de evangelizar","src":"https:\/\/i0.wp.com\/vicencianos.org\/wp-content\/uploads\/2016\/01\/hora-de-evangelizar-300x283.jpg?resize=350%2C200","width":350,"height":200},"classes":[]},{"id":140312,"url":"http:\/\/vincentians.com\/es\/espiritualidad-y-cambio-sistemico\/","url_meta":{"origin":405135,"position":4},"title":"Espiritualidad y cambio sist\u00e9mico","author":"Francisco Javier Fern\u00e1ndez Chento","date":"21\/02\/2015","format":false,"excerpt":"1.- M\u00e1s que una relaci\u00f3n, quisiera proponerles una breve meditaci\u00f3n... El objetivo de esta meditaci\u00f3n es redescubrir la dimensi\u00f3n espiritual contenida en la metodolog\u00eda del cambio sist\u00e9mico, que no es una estrategia de trabajo, sino una dimen\u00adsi\u00f3n espiritual, un acto de fe, que est\u00e1 en la base, si queremos vivirla\u2026","rel":"","context":"En \u00abCambio sist\u00e9mico\u00bb","block_context":{"text":"Cambio sist\u00e9mico","link":"http:\/\/vincentians.com\/es\/category\/formacion-vicenciana\/cambio-sistemico\/"},"img":{"alt_text":"manzanas_union","src":"https:\/\/i0.wp.com\/vicencianos.org\/wp-content\/2015\/02\/manzanas_union-244x300.jpg?resize=350%2C200","width":350,"height":200},"classes":[]},{"id":119618,"url":"http:\/\/vincentians.com\/es\/relectura-de-los-acontecimientos-desde-la-fe-para-reconocer-en-ellos-la-presencia-de-dios\/","url_meta":{"origin":405135,"position":5},"title":"Relectura de los acontecimientos desde la Fe para reconocer en ellos la presencia de Dios","author":"Francisco Javier Fern\u00e1ndez Chento","date":"20\/06\/2015","format":false,"excerpt":"Introducci\u00f3n En su carta de Adviento 2010, nuestro Superior general, el Padre Gregory nos invit\u00f3 a reconocer y dejarnos interpelar por la presencia activa de Dios en el coraz\u00f3n y en la vida de los pobres. Nos dice: \"\u2026 han acabado por reconocer que Dios es el don de la\u2026","rel":"","context":"En \u00abFormaci\u00f3n Vicenciana\u00bb","block_context":{"text":"Formaci\u00f3n Vicenciana","link":"http:\/\/vincentians.com\/es\/category\/formacion-vicenciana\/"},"img":{"alt_text":"manos","src":"https:\/\/i0.wp.com\/vicencianos.org\/wp-content\/2013\/04\/manos-300x284.jpg?resize=350%2C200","width":350,"height":200},"classes":[]}],"_links":{"self":[{"href":"http:\/\/vincentians.com\/es\/wp-json\/wp\/v2\/posts\/405135","targetHints":{"allow":["GET"]}}],"collection":[{"href":"http:\/\/vincentians.com\/es\/wp-json\/wp\/v2\/posts"}],"about":[{"href":"http:\/\/vincentians.com\/es\/wp-json\/wp\/v2\/types\/post"}],"author":[{"embeddable":true,"href":"http:\/\/vincentians.com\/es\/wp-json\/wp\/v2\/users\/5"}],"replies":[{"embeddable":true,"href":"http:\/\/vincentians.com\/es\/wp-json\/wp\/v2\/comments?post=405135"}],"version-history":[{"count":1,"href":"http:\/\/vincentians.com\/es\/wp-json\/wp\/v2\/posts\/405135\/revisions"}],"predecessor-version":[{"id":405136,"href":"http:\/\/vincentians.com\/es\/wp-json\/wp\/v2\/posts\/405135\/revisions\/405136"}],"wp:featuredmedia":[{"embeddable":true,"href":"http:\/\/vincentians.com\/es\/wp-json\/wp\/v2\/media\/404148"}],"wp:attachment":[{"href":"http:\/\/vincentians.com\/es\/wp-json\/wp\/v2\/media?parent=405135"}],"wp:term":[{"taxonomy":"category","embeddable":true,"href":"http:\/\/vincentians.com\/es\/wp-json\/wp\/v2\/categories?post=405135"},{"taxonomy":"post_tag","embeddable":true,"href":"http:\/\/vincentians.com\/es\/wp-json\/wp\/v2\/tags?post=405135"}],"curies":[{"name":"wp","href":"https:\/\/api.w.org\/{rel}","templated":true}]}}