{"id":404696,"date":"2023-06-10T08:23:11","date_gmt":"2023-06-10T06:23:11","guid":{"rendered":"http:\/\/vincentians.com\/es\/?p=404696"},"modified":"2023-01-17T17:25:06","modified_gmt":"2023-01-17T16:25:06","slug":"la-fundacion-de-san-lazaro-iv","status":"publish","type":"post","link":"http:\/\/vincentians.com\/es\/la-fundacion-de-san-lazaro-iv\/","title":{"rendered":"La fundaci\u00f3n de san L\u00e1zaro (IV)"},"content":{"rendered":"<p>Saqueo de San L\u00e1zaro<\/p>\n<p>Paris, 24 de julio de 1789<\/p>\n<p>SE\u00d1ORES Y MUY QUERIDOS HERMANOS<\/p>\n<p><em>La Gracia de Nuestro Se\u00f1or sea siempre con nosotros<\/em><\/p>\n<p>Seguramente ya os habr\u00e1 llegado la noticia de nuestros males; pero el cuadro que se os haya pintado, por muy exagerado que os parezca, est\u00e1 infinitamente por debajo de la realidad: no se puede imaginar un desastre m\u00e1s universal y m\u00e1s afrentoso.<\/p>\n<p>Desde el d\u00eda 12 de mes corriente, la fermentaci\u00f3n fue muy grande en Par\u00eds, a causa del despido de M. Necker. Miles de brigantes se aprovecharon de la circunstancia, y, bajo el pretexto del inter\u00e9s nacional, no se preocuparon de otra cosa que de saciar su odio contra el clero y contra los tratantes, y su pasi\u00f3n por el pillaje. En su ciego furor, ellos hab\u00edan marcado las barreras y las comunidades que deb\u00edan ser presa de las llamas. Hacia las ocho de la tarde, el fuego apareci\u00f3 en muchas barreras. El tumulto era espantoso en Par\u00eds y la noche fue muy inquietante; nosotros no supon\u00edamos el golpe que nos amenazaba. A las tres de la ma\u00f1a\u00adna, una banda de estos furiosos, armados de fusiles, de sables y de antorchas, lleg\u00f3 a San L\u00e1zaro; las puertas fueron forzadas en menos de un cuarto de hora; los estragos comenzaron con un furor sin parang\u00f3n, y duraron hasta las cinco de la tarde, a causa de la multitud de los fan\u00e1ticos que se suced\u00edan por millares, y que nada tem\u00edan porque en esos momentos Par\u00eds estaba sin tro\u00adpas y sin defensa. Todo fue devastado. En la casa no queda ni puerta, ni vidrio, ni mesa ni lecho; se llevaron todos los muebles, cualesquiera que fueran. Nos arrebataron tanto el dinero de las procuras, como el de los particulares: perdimos la mayor parte de nuestros papeles y de nuestros t\u00edtulos; la biblioteca sufri\u00f3 prodi\u00adgiosamente; el refectorio no es m\u00e1s que un mont\u00f3n de escom\u00adbros; todas nuestras provisiones han desaparecido. El vino corr\u00eda por todas partes en las bodegas, y casi cien de estos desdichados se ahogaron despu\u00e9s de haber bebido en exceso; algunos otros se envenenaron en la farmacia, de la que no restan m\u00e1s que los muros. Hacia las tres de la tarde apareci\u00f3 un fuego en el granero de heno, y se hubieran quemado todos los edificios a no ser por la pronta ayuda de los bomberos: en este aspecto, los da\u00f1os no fueron muy considerables. La Iglesia fue respetada y sufri\u00f3 poco. Seg\u00fan esta descripci\u00f3n, juzgad vosotros, se\u00f1ores y muy queridos hermanos, cu\u00e1l es nuestra posici\u00f3n. Todo Par\u00eds est\u00e1 indignado del trato que se nos ha dado, muchas personas nos han ofrecido ayuda, y trataremos tambi\u00e9n de conseguirla del gobier\u00adno. Desgraciadamente, las circunstancias no son favorables, y casi no podemos esperar remedio a nuestros males como no sea de la generosidad de nuestras casas. Sn embargo, estamos muy lejos de quereros imponer tasas que superen vuestras fuerzas. Es justo que veng\u00e1is en ayuda de la casa que os ha engendrado a la Congregaci\u00f3n, y, seguramente, este sacrificio no costar\u00e1 mucho a vuestro coraz\u00f3n; pero las ayudas deben ser proporcionales a los recursos que se tengan. He aqu\u00ed mi plan para esta situaci\u00f3n en la que nos encontramos. La casa de San L\u00e1zaro no puede ser tan numerosa como era; es absolutamente imposible alojar y alimen\u00adtar el mismo n\u00famero de cohermanos que ten\u00eda; por lo tanto es necesario que cada casa se haga cargo de un n\u00famero de misione\u00adro acorde a sus posibilidades. Las casas ricas o acomodadas nos ayudaran con dinero, y por estos medios, ayudados por la m\u00e1s austera frugalidad, tal vez podamos continuar viviendo en San L\u00e1zaro, y prepararnos para conseguir un d\u00eda volver a desempe\u00ad\u00f1ar las funciones propias de esta casa. Sin embargo, se\u00f1ores y queridos hermanos, prendamos de este terrible acontecimiento la inestabilidad de las cosas humanas, y abramos nuestras almas a los sentimientos que la religi\u00f3n debe inspirar a los que sufren. Sumisos a las disposiciones de una Providencia misericordiosa, aceptemos con alegr\u00eda la p\u00e9rdida de nuestros bienes, y suspire\u00admos con m\u00e1s ardor hacia esa patria bienaventurada en la que se acabar\u00e1n nuestros males y se recompensar\u00e1n nuestros trabajos. Multipliquemos nuestras plegarias y nuestros sacrificios para que se vuelvan a unir los esp\u00edritus y los corazones y no nos olvi\u00addemos de los desdichados que nos han despojado, para que el Se\u00f1or se digne iluminarlos y convertirlos. A\u00f1adamos a nuestras oraciones las privaciones, la moderaci\u00f3n en nuestros vestidos, en nuestras comidas, en nuestras habitaciones y muebles. Los sacri\u00adficios, tan convenientes en los infortunios, se convertir\u00e1n en una fuente de m\u00e9ritos ante el Se\u00f1or, y en un medio seguro de aumen\u00adtar nuestros recursos en tiempo de indigencia. Tal vez el Se\u00f1or ha querido castigar con este desastre nuestro alejamiento de la sencillez de nuestros padres, y traernos de nuevo a la modestia que conviene a nuestro estado: tales eran los sentimientos que nuestro Santo Fundador trataba de inspirar a sus hijos, despu\u00e9s de una desgracias m\u00e1s o menos semejante a la actual, que suce\u00addi\u00f3 en 1649 y que puso a la casa de San L\u00e1zaro a un paso de des\u00adaparecer; nuestros males son mayores que los que sufri\u00f3 san Vicente entonces; que nuestro coraje, nuestra confianza en Dios y una fidelidad perfecta a nuestros deberes, nos acerquen a este gran Santo, nuestro Modelo y nuestro Protector.<\/p>\n<p>Quedo con sincera cercan\u00eda, en el amor de Nuestro Se\u00f1or, Se\u00f1ores y muy queridos hermanos,<\/p>\n<p>Vuestro muy humilde y muy obediente servidor<\/p>\n<p>CAYLA,<\/p>\n<ol>\n<li>p. d. 1. C. d. 1. M.<\/li>\n<\/ol>\n<p>CEME<\/p>\n<p>Juan D\u00edaz Catal\u00e1n<\/p>\n<p>&nbsp;<\/p>\n<p>&nbsp;<\/p>\n","protected":false},"excerpt":{"rendered":"<p>Saqueo de San L\u00e1zaro Paris, 24 de julio de 1789 SE\u00d1ORES Y MUY QUERIDOS HERMANOS La Gracia de Nuestro Se\u00f1or sea siempre con nosotros Seguramente ya os habr\u00e1 llegado la noticia de nuestros males; pero &#8230; <a href=\"http:\/\/vincentians.com\/es\/la-fundacion-de-san-lazaro-iv\/\" class=\"more-link\">Read More<\/a><\/p>\n","protected":false},"author":5,"featured_media":403965,"comment_status":"open","ping_status":"open","sticky":false,"template":"","format":"standard","meta":{"jetpack_post_was_ever_published":false,"_jetpack_newsletter_access":"","_jetpack_dont_email_post_to_subs":false,"_jetpack_newsletter_tier_id":0,"_jetpack_memberships_contains_paywalled_content":false,"_jetpack_memberships_contains_paid_content":false,"footnotes":"","jetpack_publicize_message":"","jetpack_publicize_feature_enabled":true,"jetpack_social_post_already_shared":true,"jetpack_social_options":{"image_generator_settings":{"template":"highway","default_image_id":0,"font":"","enabled":false},"version":2}},"categories":[17],"tags":[],"class_list":["post-404696","post","type-post","status-publish","format-standard","has-post-thumbnail","hentry","category-en-tiempos-de-vicente-de-paul"],"yoast_head":"<!-- This site is optimized with the Yoast SEO plugin v26.3 - https:\/\/yoast.com\/wordpress\/plugins\/seo\/ -->\n<title>La fundaci\u00f3n de san L\u00e1zaro (IV) - Somos Vicencianos<\/title>\n<meta name=\"robots\" content=\"index, follow, max-snippet:-1, max-image-preview:large, max-video-preview:-1\" \/>\n<link rel=\"canonical\" href=\"http:\/\/vincentians.com\/es\/la-fundacion-de-san-lazaro-iv\/\" \/>\n<meta property=\"og:locale\" content=\"es_ES\" \/>\n<meta property=\"og:type\" content=\"article\" \/>\n<meta property=\"og:title\" content=\"La fundaci\u00f3n de san L\u00e1zaro (IV) - Somos Vicencianos\" \/>\n<meta property=\"og:description\" content=\"Saqueo de San L\u00e1zaro Paris, 24 de julio de 1789 SE\u00d1ORES Y MUY QUERIDOS HERMANOS La Gracia de Nuestro Se\u00f1or sea siempre con nosotros Seguramente ya os habr\u00e1 llegado la noticia de nuestros males; pero ... Read More\" \/>\n<meta property=\"og:url\" content=\"http:\/\/vincentians.com\/es\/la-fundacion-de-san-lazaro-iv\/\" \/>\n<meta property=\"og:site_name\" content=\"Somos Vicencianos\" \/>\n<meta property=\"article:publisher\" content=\"https:\/\/www.facebook.com\/WeAreVincentians\/\" \/>\n<meta property=\"article:published_time\" content=\"2023-06-10T06:23:11+00:00\" \/>\n<meta property=\"og:image\" content=\"https:\/\/i0.wp.com\/vincentians.com\/es\/wp-content\/uploads\/sites\/11\/2013\/04\/Entorno-de-San-Vicente-6-Berceau.jpg?fit=640%2C421\" \/>\n\t<meta property=\"og:image:width\" content=\"640\" \/>\n\t<meta property=\"og:image:height\" content=\"421\" \/>\n\t<meta property=\"og:image:type\" content=\"image\/jpeg\" \/>\n<meta name=\"author\" content=\"Mitxel Olabu\u00e9naga\" \/>\n<meta name=\"twitter:card\" content=\"summary_large_image\" \/>\n<meta name=\"twitter:creator\" content=\"@WeVincentians\" \/>\n<meta name=\"twitter:site\" content=\"@WeVincentians\" \/>\n<meta name=\"twitter:label1\" content=\"Escrito por\" \/>\n\t<meta name=\"twitter:data1\" content=\"Mitxel Olabu\u00e9naga\" \/>\n\t<meta name=\"twitter:label2\" content=\"Tiempo de lectura\" \/>\n\t<meta name=\"twitter:data2\" content=\"5 minutos\" \/>\n<script type=\"application\/ld+json\" class=\"yoast-schema-graph\">{\"@context\":\"https:\/\/schema.org\",\"@graph\":[{\"@type\":\"Article\",\"@id\":\"http:\/\/vincentians.com\/es\/la-fundacion-de-san-lazaro-iv\/#article\",\"isPartOf\":{\"@id\":\"http:\/\/vincentians.com\/es\/la-fundacion-de-san-lazaro-iv\/\"},\"author\":{\"name\":\"Mitxel Olabu\u00e9naga\",\"@id\":\"https:\/\/vincentians.com\/es\/#\/schema\/person\/7c2670b4445a7ca9d164ea6acdb31859\"},\"headline\":\"La fundaci\u00f3n de san L\u00e1zaro (IV)\",\"datePublished\":\"2023-06-10T06:23:11+00:00\",\"mainEntityOfPage\":{\"@id\":\"http:\/\/vincentians.com\/es\/la-fundacion-de-san-lazaro-iv\/\"},\"wordCount\":1006,\"commentCount\":0,\"publisher\":{\"@id\":\"https:\/\/vincentians.com\/es\/#organization\"},\"image\":{\"@id\":\"http:\/\/vincentians.com\/es\/la-fundacion-de-san-lazaro-iv\/#primaryimage\"},\"thumbnailUrl\":\"https:\/\/i0.wp.com\/vincentians.com\/es\/wp-content\/uploads\/sites\/11\/2013\/04\/Entorno-de-San-Vicente-6-Berceau.jpg?fit=640%2C421\",\"articleSection\":[\"En tiempos de Vicente de Pa\u00fal\"],\"inLanguage\":\"es\",\"potentialAction\":[{\"@type\":\"CommentAction\",\"name\":\"Comment\",\"target\":[\"http:\/\/vincentians.com\/es\/la-fundacion-de-san-lazaro-iv\/#respond\"]}]},{\"@type\":\"WebPage\",\"@id\":\"http:\/\/vincentians.com\/es\/la-fundacion-de-san-lazaro-iv\/\",\"url\":\"http:\/\/vincentians.com\/es\/la-fundacion-de-san-lazaro-iv\/\",\"name\":\"La fundaci\u00f3n de san L\u00e1zaro (IV) - Somos Vicencianos\",\"isPartOf\":{\"@id\":\"https:\/\/vincentians.com\/es\/#website\"},\"primaryImageOfPage\":{\"@id\":\"http:\/\/vincentians.com\/es\/la-fundacion-de-san-lazaro-iv\/#primaryimage\"},\"image\":{\"@id\":\"http:\/\/vincentians.com\/es\/la-fundacion-de-san-lazaro-iv\/#primaryimage\"},\"thumbnailUrl\":\"https:\/\/i0.wp.com\/vincentians.com\/es\/wp-content\/uploads\/sites\/11\/2013\/04\/Entorno-de-San-Vicente-6-Berceau.jpg?fit=640%2C421\",\"datePublished\":\"2023-06-10T06:23:11+00:00\",\"breadcrumb\":{\"@id\":\"http:\/\/vincentians.com\/es\/la-fundacion-de-san-lazaro-iv\/#breadcrumb\"},\"inLanguage\":\"es\",\"potentialAction\":[{\"@type\":\"ReadAction\",\"target\":[\"http:\/\/vincentians.com\/es\/la-fundacion-de-san-lazaro-iv\/\"]}]},{\"@type\":\"ImageObject\",\"inLanguage\":\"es\",\"@id\":\"http:\/\/vincentians.com\/es\/la-fundacion-de-san-lazaro-iv\/#primaryimage\",\"url\":\"https:\/\/i0.wp.com\/vincentians.com\/es\/wp-content\/uploads\/sites\/11\/2013\/04\/Entorno-de-San-Vicente-6-Berceau.jpg?fit=640%2C421\",\"contentUrl\":\"https:\/\/i0.wp.com\/vincentians.com\/es\/wp-content\/uploads\/sites\/11\/2013\/04\/Entorno-de-San-Vicente-6-Berceau.jpg?fit=640%2C421\",\"width\":640,\"height\":421},{\"@type\":\"BreadcrumbList\",\"@id\":\"http:\/\/vincentians.com\/es\/la-fundacion-de-san-lazaro-iv\/#breadcrumb\",\"itemListElement\":[{\"@type\":\"ListItem\",\"position\":1,\"name\":\"Portada\",\"item\":\"https:\/\/vincentians.com\/es\/\"},{\"@type\":\"ListItem\",\"position\":2,\"name\":\"La fundaci\u00f3n de san L\u00e1zaro (IV)\"}]},{\"@type\":\"WebSite\",\"@id\":\"https:\/\/vincentians.com\/es\/#website\",\"url\":\"https:\/\/vincentians.com\/es\/\",\"name\":\"Somos Vicencianos\",\"description\":\"Know more to serve more\",\"publisher\":{\"@id\":\"https:\/\/vincentians.com\/es\/#organization\"},\"potentialAction\":[{\"@type\":\"SearchAction\",\"target\":{\"@type\":\"EntryPoint\",\"urlTemplate\":\"https:\/\/vincentians.com\/es\/?s={search_term_string}\"},\"query-input\":{\"@type\":\"PropertyValueSpecification\",\"valueRequired\":true,\"valueName\":\"search_term_string\"}}],\"inLanguage\":\"es\"},{\"@type\":\"Organization\",\"@id\":\"https:\/\/vincentians.com\/es\/#organization\",\"name\":\"The Vincentian Network\",\"url\":\"https:\/\/vincentians.com\/es\/\",\"logo\":{\"@type\":\"ImageObject\",\"inLanguage\":\"es\",\"@id\":\"https:\/\/vincentians.com\/es\/#\/schema\/logo\/image\/\",\"url\":\"https:\/\/i1.wp.com\/vincentians.com\/es\/wp-content\/uploads\/sites\/11\/2016\/06\/Vincentian-Network-logo-big.png?fit=778%2C778\",\"contentUrl\":\"https:\/\/i1.wp.com\/vincentians.com\/es\/wp-content\/uploads\/sites\/11\/2016\/06\/Vincentian-Network-logo-big.png?fit=778%2C778\",\"width\":778,\"height\":778,\"caption\":\"The Vincentian Network\"},\"image\":{\"@id\":\"https:\/\/vincentians.com\/es\/#\/schema\/logo\/image\/\"},\"sameAs\":[\"https:\/\/www.facebook.com\/WeAreVincentians\/\",\"https:\/\/x.com\/WeVincentians\"]},{\"@type\":\"Person\",\"@id\":\"https:\/\/vincentians.com\/es\/#\/schema\/person\/7c2670b4445a7ca9d164ea6acdb31859\",\"name\":\"Mitxel Olabu\u00e9naga\",\"image\":{\"@type\":\"ImageObject\",\"inLanguage\":\"es\",\"@id\":\"https:\/\/vincentians.com\/es\/#\/schema\/person\/image\/\",\"url\":\"https:\/\/secure.gravatar.com\/avatar\/34137ec2e2b8939cbbed975731e71f3f4f1defc7266ded337a5ce0f925426877?s=96&d=mm&r=g\",\"contentUrl\":\"https:\/\/secure.gravatar.com\/avatar\/34137ec2e2b8939cbbed975731e71f3f4f1defc7266ded337a5ce0f925426877?s=96&d=mm&r=g\",\"caption\":\"Mitxel Olabu\u00e9naga\"},\"url\":\"http:\/\/vincentians.com\/es\/author\/mitxel\/\"}]}<\/script>\n<!-- \/ Yoast SEO plugin. -->","yoast_head_json":{"title":"La fundaci\u00f3n de san L\u00e1zaro (IV) - Somos Vicencianos","robots":{"index":"index","follow":"follow","max-snippet":"max-snippet:-1","max-image-preview":"max-image-preview:large","max-video-preview":"max-video-preview:-1"},"canonical":"http:\/\/vincentians.com\/es\/la-fundacion-de-san-lazaro-iv\/","og_locale":"es_ES","og_type":"article","og_title":"La fundaci\u00f3n de san L\u00e1zaro (IV) - Somos Vicencianos","og_description":"Saqueo de San L\u00e1zaro Paris, 24 de julio de 1789 SE\u00d1ORES Y MUY QUERIDOS HERMANOS La Gracia de Nuestro Se\u00f1or sea siempre con nosotros Seguramente ya os habr\u00e1 llegado la noticia de nuestros males; pero ... Read More","og_url":"http:\/\/vincentians.com\/es\/la-fundacion-de-san-lazaro-iv\/","og_site_name":"Somos Vicencianos","article_publisher":"https:\/\/www.facebook.com\/WeAreVincentians\/","article_published_time":"2023-06-10T06:23:11+00:00","og_image":[{"width":640,"height":421,"url":"https:\/\/i0.wp.com\/vincentians.com\/es\/wp-content\/uploads\/sites\/11\/2013\/04\/Entorno-de-San-Vicente-6-Berceau.jpg?fit=640%2C421","type":"image\/jpeg"}],"author":"Mitxel Olabu\u00e9naga","twitter_card":"summary_large_image","twitter_creator":"@WeVincentians","twitter_site":"@WeVincentians","twitter_misc":{"Escrito por":"Mitxel Olabu\u00e9naga","Tiempo de lectura":"5 minutos"},"schema":{"@context":"https:\/\/schema.org","@graph":[{"@type":"Article","@id":"http:\/\/vincentians.com\/es\/la-fundacion-de-san-lazaro-iv\/#article","isPartOf":{"@id":"http:\/\/vincentians.com\/es\/la-fundacion-de-san-lazaro-iv\/"},"author":{"name":"Mitxel Olabu\u00e9naga","@id":"https:\/\/vincentians.com\/es\/#\/schema\/person\/7c2670b4445a7ca9d164ea6acdb31859"},"headline":"La fundaci\u00f3n de san L\u00e1zaro (IV)","datePublished":"2023-06-10T06:23:11+00:00","mainEntityOfPage":{"@id":"http:\/\/vincentians.com\/es\/la-fundacion-de-san-lazaro-iv\/"},"wordCount":1006,"commentCount":0,"publisher":{"@id":"https:\/\/vincentians.com\/es\/#organization"},"image":{"@id":"http:\/\/vincentians.com\/es\/la-fundacion-de-san-lazaro-iv\/#primaryimage"},"thumbnailUrl":"https:\/\/i0.wp.com\/vincentians.com\/es\/wp-content\/uploads\/sites\/11\/2013\/04\/Entorno-de-San-Vicente-6-Berceau.jpg?fit=640%2C421","articleSection":["En tiempos de Vicente de Pa\u00fal"],"inLanguage":"es","potentialAction":[{"@type":"CommentAction","name":"Comment","target":["http:\/\/vincentians.com\/es\/la-fundacion-de-san-lazaro-iv\/#respond"]}]},{"@type":"WebPage","@id":"http:\/\/vincentians.com\/es\/la-fundacion-de-san-lazaro-iv\/","url":"http:\/\/vincentians.com\/es\/la-fundacion-de-san-lazaro-iv\/","name":"La fundaci\u00f3n de san L\u00e1zaro (IV) - Somos Vicencianos","isPartOf":{"@id":"https:\/\/vincentians.com\/es\/#website"},"primaryImageOfPage":{"@id":"http:\/\/vincentians.com\/es\/la-fundacion-de-san-lazaro-iv\/#primaryimage"},"image":{"@id":"http:\/\/vincentians.com\/es\/la-fundacion-de-san-lazaro-iv\/#primaryimage"},"thumbnailUrl":"https:\/\/i0.wp.com\/vincentians.com\/es\/wp-content\/uploads\/sites\/11\/2013\/04\/Entorno-de-San-Vicente-6-Berceau.jpg?fit=640%2C421","datePublished":"2023-06-10T06:23:11+00:00","breadcrumb":{"@id":"http:\/\/vincentians.com\/es\/la-fundacion-de-san-lazaro-iv\/#breadcrumb"},"inLanguage":"es","potentialAction":[{"@type":"ReadAction","target":["http:\/\/vincentians.com\/es\/la-fundacion-de-san-lazaro-iv\/"]}]},{"@type":"ImageObject","inLanguage":"es","@id":"http:\/\/vincentians.com\/es\/la-fundacion-de-san-lazaro-iv\/#primaryimage","url":"https:\/\/i0.wp.com\/vincentians.com\/es\/wp-content\/uploads\/sites\/11\/2013\/04\/Entorno-de-San-Vicente-6-Berceau.jpg?fit=640%2C421","contentUrl":"https:\/\/i0.wp.com\/vincentians.com\/es\/wp-content\/uploads\/sites\/11\/2013\/04\/Entorno-de-San-Vicente-6-Berceau.jpg?fit=640%2C421","width":640,"height":421},{"@type":"BreadcrumbList","@id":"http:\/\/vincentians.com\/es\/la-fundacion-de-san-lazaro-iv\/#breadcrumb","itemListElement":[{"@type":"ListItem","position":1,"name":"Portada","item":"https:\/\/vincentians.com\/es\/"},{"@type":"ListItem","position":2,"name":"La fundaci\u00f3n de san L\u00e1zaro (IV)"}]},{"@type":"WebSite","@id":"https:\/\/vincentians.com\/es\/#website","url":"https:\/\/vincentians.com\/es\/","name":"Somos Vicencianos","description":"Know more to serve more","publisher":{"@id":"https:\/\/vincentians.com\/es\/#organization"},"potentialAction":[{"@type":"SearchAction","target":{"@type":"EntryPoint","urlTemplate":"https:\/\/vincentians.com\/es\/?s={search_term_string}"},"query-input":{"@type":"PropertyValueSpecification","valueRequired":true,"valueName":"search_term_string"}}],"inLanguage":"es"},{"@type":"Organization","@id":"https:\/\/vincentians.com\/es\/#organization","name":"The Vincentian Network","url":"https:\/\/vincentians.com\/es\/","logo":{"@type":"ImageObject","inLanguage":"es","@id":"https:\/\/vincentians.com\/es\/#\/schema\/logo\/image\/","url":"https:\/\/i1.wp.com\/vincentians.com\/es\/wp-content\/uploads\/sites\/11\/2016\/06\/Vincentian-Network-logo-big.png?fit=778%2C778","contentUrl":"https:\/\/i1.wp.com\/vincentians.com\/es\/wp-content\/uploads\/sites\/11\/2016\/06\/Vincentian-Network-logo-big.png?fit=778%2C778","width":778,"height":778,"caption":"The Vincentian Network"},"image":{"@id":"https:\/\/vincentians.com\/es\/#\/schema\/logo\/image\/"},"sameAs":["https:\/\/www.facebook.com\/WeAreVincentians\/","https:\/\/x.com\/WeVincentians"]},{"@type":"Person","@id":"https:\/\/vincentians.com\/es\/#\/schema\/person\/7c2670b4445a7ca9d164ea6acdb31859","name":"Mitxel Olabu\u00e9naga","image":{"@type":"ImageObject","inLanguage":"es","@id":"https:\/\/vincentians.com\/es\/#\/schema\/person\/image\/","url":"https:\/\/secure.gravatar.com\/avatar\/34137ec2e2b8939cbbed975731e71f3f4f1defc7266ded337a5ce0f925426877?s=96&d=mm&r=g","contentUrl":"https:\/\/secure.gravatar.com\/avatar\/34137ec2e2b8939cbbed975731e71f3f4f1defc7266ded337a5ce0f925426877?s=96&d=mm&r=g","caption":"Mitxel Olabu\u00e9naga"},"url":"http:\/\/vincentians.com\/es\/author\/mitxel\/"}]}},"jetpack_publicize_connections":[],"jetpack_featured_media_url":"https:\/\/i0.wp.com\/vincentians.com\/es\/wp-content\/uploads\/sites\/11\/2013\/04\/Entorno-de-San-Vicente-6-Berceau.jpg?fit=640%2C421","jetpack_sharing_enabled":true,"jetpack_shortlink":"https:\/\/wp.me\/p7ETMF-1Hhm","jetpack-related-posts":[{"id":15453,"url":"http:\/\/vincentians.com\/es\/vicente-de-paul-documento-140-adrian-lebon-y-vicente-de-paul-senores-de-la-feria-de-san-lorenzo\/","url_meta":{"origin":404696,"position":0},"title":"Vicente de Pa\u00fal, Documento 140: Adrian Lebon Y Vicente De Pa\u00fal, Se\u00f1ores De La Feria De San Lorenzo","author":"Francisco Javier Fern\u00e1ndez Chento","date":"27\/04\/2010","format":false,"excerpt":"23 mayo 1633 A todos los que vean las presentes cartas, el hermano Adri\u00e1n Lebon, antiguo prior del priorato y convento de San L\u00e1zaro, en Par\u00eds, y el se\u00f1or Vicente de Pa\u00fal, sacerdote y superior de los venerables presb\u00edteros de la congregaci\u00f3n de la misi\u00f3n establecida actualmente en dicho San\u2026","rel":"","context":"En \u00abEscritos de Vicente de Pa\u00fal\u00bb","block_context":{"text":"Escritos de Vicente de Pa\u00fal","link":"http:\/\/vincentians.com\/es\/category\/escritos\/escritos-de-vicente-de-paul\/"},"img":{"alt_text":"","src":"https:\/\/i0.wp.com\/vincentians.com\/es\/wp-content\/uploads\/sites\/11\/2016\/07\/escritos-vicente-de-paul.jpg?fit=1200%2C630&resize=350%2C200","width":350,"height":200,"srcset":"https:\/\/i0.wp.com\/vincentians.com\/es\/wp-content\/uploads\/sites\/11\/2016\/07\/escritos-vicente-de-paul.jpg?fit=1200%2C630&resize=350%2C200 1x, https:\/\/i0.wp.com\/vincentians.com\/es\/wp-content\/uploads\/sites\/11\/2016\/07\/escritos-vicente-de-paul.jpg?fit=1200%2C630&resize=525%2C300 1.5x, https:\/\/i0.wp.com\/vincentians.com\/es\/wp-content\/uploads\/sites\/11\/2016\/07\/escritos-vicente-de-paul.jpg?fit=1200%2C630&resize=700%2C400 2x, https:\/\/i0.wp.com\/vincentians.com\/es\/wp-content\/uploads\/sites\/11\/2016\/07\/escritos-vicente-de-paul.jpg?fit=1200%2C630&resize=1050%2C600 3x"},"classes":[]},{"id":12885,"url":"http:\/\/vincentians.com\/es\/vicente-de-paul-documento-091-recibo-con-la-firma-de-san-vicente\/","url_meta":{"origin":404696,"position":1},"title":"Vicente de Pa\u00fal, Documento 091: Recibo Con La Firma De San Vicente","author":"Francisco Javier Fern\u00e1ndez Chento","date":"09\/03\/2010","format":false,"excerpt":"4 junio 1657 Yo, Vicens Depaul, abajo firmante, superior general de la congregaci\u00f3n de la Misi\u00f3n, establecida en Saint-Lazar-lesParis, declaro haber recibido del noble se\u00f1or [borrado el nombre], real consejero y recaudador del t\u00e9rmino de Par\u00eds, ocho heminas de grano de trigo, medida de Par\u00eds, por el plazo que expir\u00f3\u2026","rel":"","context":"En \u00abEscritos de Vicente de Pa\u00fal\u00bb","block_context":{"text":"Escritos de Vicente de Pa\u00fal","link":"http:\/\/vincentians.com\/es\/category\/escritos\/escritos-de-vicente-de-paul\/"},"img":{"alt_text":"","src":"https:\/\/i0.wp.com\/vincentians.com\/es\/wp-content\/uploads\/sites\/11\/2016\/07\/escritos-vicente-de-paul.jpg?fit=1200%2C630&resize=350%2C200","width":350,"height":200,"srcset":"https:\/\/i0.wp.com\/vincentians.com\/es\/wp-content\/uploads\/sites\/11\/2016\/07\/escritos-vicente-de-paul.jpg?fit=1200%2C630&resize=350%2C200 1x, https:\/\/i0.wp.com\/vincentians.com\/es\/wp-content\/uploads\/sites\/11\/2016\/07\/escritos-vicente-de-paul.jpg?fit=1200%2C630&resize=525%2C300 1.5x, https:\/\/i0.wp.com\/vincentians.com\/es\/wp-content\/uploads\/sites\/11\/2016\/07\/escritos-vicente-de-paul.jpg?fit=1200%2C630&resize=700%2C400 2x, https:\/\/i0.wp.com\/vincentians.com\/es\/wp-content\/uploads\/sites\/11\/2016\/07\/escritos-vicente-de-paul.jpg?fit=1200%2C630&resize=1050%2C600 3x"},"classes":[]},{"id":15450,"url":"http:\/\/vincentians.com\/es\/vicente-de-paul-documento-137-declaracion-de-adrian-le-bon-a-proposito-del-acuerdo-del-7-de-enero-de-1632\/","url_meta":{"origin":404696,"position":2},"title":"Vicente de Pa\u00fal, Documento 137: Declaraci\u00f3n De Adrian Le Bon A Prop\u00f3sito Del Acuerdo Del 7 De Enero De 1632","author":"Francisco Javier Fern\u00e1ndez Chento","date":"24\/04\/2010","format":false,"excerpt":"29 diciembre 1632 Ante Juan Coustart y Esteban Paisant, notarios y archiveros del rey nuestro se\u00f1or en el Chatelet de Par\u00eds comparece personalmente el venerable padre Adri\u00e1n Le Bon, prior y administrador de la leproser\u00eda de San L\u00e1zaro en Par\u00eds, residente en la misma, que dice y declara que, estando\u2026","rel":"","context":"En \u00abEscritos de Vicente de Pa\u00fal\u00bb","block_context":{"text":"Escritos de Vicente de Pa\u00fal","link":"http:\/\/vincentians.com\/es\/category\/escritos\/escritos-de-vicente-de-paul\/"},"img":{"alt_text":"","src":"https:\/\/i0.wp.com\/vincentians.com\/es\/wp-content\/uploads\/sites\/11\/2016\/07\/escritos-vicente-de-paul.jpg?fit=1200%2C630&resize=350%2C200","width":350,"height":200,"srcset":"https:\/\/i0.wp.com\/vincentians.com\/es\/wp-content\/uploads\/sites\/11\/2016\/07\/escritos-vicente-de-paul.jpg?fit=1200%2C630&resize=350%2C200 1x, https:\/\/i0.wp.com\/vincentians.com\/es\/wp-content\/uploads\/sites\/11\/2016\/07\/escritos-vicente-de-paul.jpg?fit=1200%2C630&resize=525%2C300 1.5x, https:\/\/i0.wp.com\/vincentians.com\/es\/wp-content\/uploads\/sites\/11\/2016\/07\/escritos-vicente-de-paul.jpg?fit=1200%2C630&resize=700%2C400 2x, https:\/\/i0.wp.com\/vincentians.com\/es\/wp-content\/uploads\/sites\/11\/2016\/07\/escritos-vicente-de-paul.jpg?fit=1200%2C630&resize=1050%2C600 3x"},"classes":[]},{"id":15452,"url":"http:\/\/vincentians.com\/es\/vicente-de-paul-documento-139-cartas-patentes-para-confirmar-la-union-de-san-lazaro-a-la-mision\/","url_meta":{"origin":404696,"position":3},"title":"Vicente de Pa\u00fal, Documento 139: Cartas Patentes Para Confirmar La Uni\u00f3n De San L\u00e1zaro A La Misi\u00f3n","author":"Francisco Javier Fern\u00e1ndez Chento","date":"26\/04\/2010","format":false,"excerpt":"[enero 1633] Luis, por la gracia de Dios rey de Francia y de Navarra, a todos los presentes y venideros salud. Nuestros apreciados sacerdotes de la congregaci\u00f3n de la Misi\u00f3n nos han indicado y demostrado que, en virtud de nuestras cartas patentes aqu\u00ed adjuntas y selladas con el contrasello de\u2026","rel":"","context":"En \u00abEscritos de Vicente de Pa\u00fal\u00bb","block_context":{"text":"Escritos de Vicente de Pa\u00fal","link":"http:\/\/vincentians.com\/es\/category\/escritos\/escritos-de-vicente-de-paul\/"},"img":{"alt_text":"","src":"https:\/\/i0.wp.com\/vincentians.com\/es\/wp-content\/uploads\/sites\/11\/2016\/07\/escritos-vicente-de-paul.jpg?fit=1200%2C630&resize=350%2C200","width":350,"height":200,"srcset":"https:\/\/i0.wp.com\/vincentians.com\/es\/wp-content\/uploads\/sites\/11\/2016\/07\/escritos-vicente-de-paul.jpg?fit=1200%2C630&resize=350%2C200 1x, https:\/\/i0.wp.com\/vincentians.com\/es\/wp-content\/uploads\/sites\/11\/2016\/07\/escritos-vicente-de-paul.jpg?fit=1200%2C630&resize=525%2C300 1.5x, https:\/\/i0.wp.com\/vincentians.com\/es\/wp-content\/uploads\/sites\/11\/2016\/07\/escritos-vicente-de-paul.jpg?fit=1200%2C630&resize=700%2C400 2x, https:\/\/i0.wp.com\/vincentians.com\/es\/wp-content\/uploads\/sites\/11\/2016\/07\/escritos-vicente-de-paul.jpg?fit=1200%2C630&resize=1050%2C600 3x"},"classes":[]},{"id":23641,"url":"http:\/\/vincentians.com\/es\/vicente-de-paul-documento-158-fundacion-de-la-casa-de-sedan\/","url_meta":{"origin":404696,"position":4},"title":"Vicente de Pa\u00fal, Documento 158: Fundaci\u00f3n De La Casa De Sedan","author":"Francisco Javier Fern\u00e1ndez Chento","date":"15\/05\/2010","format":false,"excerpt":"14 junio 1644 Luis, por la gracia de Dios rey de Francia y de Navarra, a nuestros amados y fieles consejeros y a nuestros empleados de hacienda de Par\u00eds, salud. Hacemos saber que el difunto rey de gloriosa memoria, nuestro venerado se\u00f1or y padre, dio y otorg\u00f3 en su testamento\u2026","rel":"","context":"En \u00abEscritos de Vicente de Pa\u00fal\u00bb","block_context":{"text":"Escritos de Vicente de Pa\u00fal","link":"http:\/\/vincentians.com\/es\/category\/escritos\/escritos-de-vicente-de-paul\/"},"img":{"alt_text":"","src":"https:\/\/i0.wp.com\/vincentians.com\/es\/wp-content\/uploads\/sites\/11\/2016\/07\/escritos-vicente-de-paul.jpg?fit=1200%2C630&resize=350%2C200","width":350,"height":200,"srcset":"https:\/\/i0.wp.com\/vincentians.com\/es\/wp-content\/uploads\/sites\/11\/2016\/07\/escritos-vicente-de-paul.jpg?fit=1200%2C630&resize=350%2C200 1x, https:\/\/i0.wp.com\/vincentians.com\/es\/wp-content\/uploads\/sites\/11\/2016\/07\/escritos-vicente-de-paul.jpg?fit=1200%2C630&resize=525%2C300 1.5x, https:\/\/i0.wp.com\/vincentians.com\/es\/wp-content\/uploads\/sites\/11\/2016\/07\/escritos-vicente-de-paul.jpg?fit=1200%2C630&resize=700%2C400 2x, https:\/\/i0.wp.com\/vincentians.com\/es\/wp-content\/uploads\/sites\/11\/2016\/07\/escritos-vicente-de-paul.jpg?fit=1200%2C630&resize=1050%2C600 3x"},"classes":[]},{"id":55833,"url":"http:\/\/vincentians.com\/es\/vicente-de-paul-carta-0765-a-antonio-portail-sacerdote-de-la-mision-en-san-lazaro\/","url_meta":{"origin":404696,"position":5},"title":"Vicente de Pa\u00fal, Carta 0765: A Antonio Portail, sacerdote de la Misi\u00f3n, en san L\u00e1zaro","author":"Francisco Javier Fern\u00e1ndez Chento","date":"03\/12\/2011","format":false,"excerpt":"Fr\u00e9neville, 21 de octubre de 1644 Padre: \u00a1La gracia de nuestro Se\u00f1or sea siempre con nosotros! Le presento con \u00e9sta al se\u00f1or p\u00e1rroco de Mespuits. Le ruego que se le ofrezca para cuanto guste y que le proporcione alojamiento en nuestra casa. Finalmente hemos llegado a un acuerdo con el\u2026","rel":"","context":"En \u00abEscritos de Vicente de Pa\u00fal\u00bb","block_context":{"text":"Escritos de Vicente de Pa\u00fal","link":"http:\/\/vincentians.com\/es\/category\/escritos\/escritos-de-vicente-de-paul\/"},"img":{"alt_text":"","src":"https:\/\/i0.wp.com\/vincentians.com\/es\/wp-content\/uploads\/sites\/11\/2016\/07\/escritos-vicente-de-paul.jpg?fit=1200%2C630&resize=350%2C200","width":350,"height":200,"srcset":"https:\/\/i0.wp.com\/vincentians.com\/es\/wp-content\/uploads\/sites\/11\/2016\/07\/escritos-vicente-de-paul.jpg?fit=1200%2C630&resize=350%2C200 1x, https:\/\/i0.wp.com\/vincentians.com\/es\/wp-content\/uploads\/sites\/11\/2016\/07\/escritos-vicente-de-paul.jpg?fit=1200%2C630&resize=525%2C300 1.5x, https:\/\/i0.wp.com\/vincentians.com\/es\/wp-content\/uploads\/sites\/11\/2016\/07\/escritos-vicente-de-paul.jpg?fit=1200%2C630&resize=700%2C400 2x, https:\/\/i0.wp.com\/vincentians.com\/es\/wp-content\/uploads\/sites\/11\/2016\/07\/escritos-vicente-de-paul.jpg?fit=1200%2C630&resize=1050%2C600 3x"},"classes":[]}],"_links":{"self":[{"href":"http:\/\/vincentians.com\/es\/wp-json\/wp\/v2\/posts\/404696","targetHints":{"allow":["GET"]}}],"collection":[{"href":"http:\/\/vincentians.com\/es\/wp-json\/wp\/v2\/posts"}],"about":[{"href":"http:\/\/vincentians.com\/es\/wp-json\/wp\/v2\/types\/post"}],"author":[{"embeddable":true,"href":"http:\/\/vincentians.com\/es\/wp-json\/wp\/v2\/users\/5"}],"replies":[{"embeddable":true,"href":"http:\/\/vincentians.com\/es\/wp-json\/wp\/v2\/comments?post=404696"}],"version-history":[{"count":1,"href":"http:\/\/vincentians.com\/es\/wp-json\/wp\/v2\/posts\/404696\/revisions"}],"predecessor-version":[{"id":404697,"href":"http:\/\/vincentians.com\/es\/wp-json\/wp\/v2\/posts\/404696\/revisions\/404697"}],"wp:featuredmedia":[{"embeddable":true,"href":"http:\/\/vincentians.com\/es\/wp-json\/wp\/v2\/media\/403965"}],"wp:attachment":[{"href":"http:\/\/vincentians.com\/es\/wp-json\/wp\/v2\/media?parent=404696"}],"wp:term":[{"taxonomy":"category","embeddable":true,"href":"http:\/\/vincentians.com\/es\/wp-json\/wp\/v2\/categories?post=404696"},{"taxonomy":"post_tag","embeddable":true,"href":"http:\/\/vincentians.com\/es\/wp-json\/wp\/v2\/tags?post=404696"}],"curies":[{"name":"wp","href":"https:\/\/api.w.org\/{rel}","templated":true}]}}