{"id":404690,"date":"2023-06-04T08:17:53","date_gmt":"2023-06-04T06:17:53","guid":{"rendered":"http:\/\/vincentians.com\/es\/?p=404690"},"modified":"2023-01-17T17:19:17","modified_gmt":"2023-01-17T16:19:17","slug":"la-fundacion-de-san-lazaro-i","status":"publish","type":"post","link":"http:\/\/vincentians.com\/es\/la-fundacion-de-san-lazaro-i\/","title":{"rendered":"La fundaci\u00f3n de san L\u00e1zaro (I)"},"content":{"rendered":"<ol>\n<li>HISTORIA<\/li>\n<\/ol>\n<p>El P. M. J. Parang, archivero que fue de la Casa Madre de la Congregaci\u00f3n de la Misi\u00f3n, en Par\u00eds, nos avisa que no podemos encontrar t\u00edtulos originales del antiguo emplazamiento de los terrenos de la casa de San L\u00e1zaro, porque se perdieron durante la guerra de los cien a\u00f1os, y durante las sucesivas guerras civiles que siguieron. En su peque\u00f1o art\u00edculo, utilizado por el P. Pedro Coste seg\u00fan el mismo indica, se\u00f1ala que hubo en el mismo lugar un monasterio dedicado a san Lorenzo, seg\u00fan san Gregorio de Tours. Los Normandos destruyeron, hacia 885-888, el dicho monasterio, y sobre sus ruinas se construy\u00f3 una leproser\u00eda bajo la protecci\u00f3n de San L\u00e1zaro. Todav\u00eda hoy, en la plaza que ha quedado donde estaba la antigua prisi\u00f3n, vemos en la piedra angular de la antigua casa de San L\u00e1zaro, el escudo de armas del priorato: Jes\u00fas resucitando a L\u00e1zaro, porque San L\u00e1zaro era el patr\u00f3n de los leprosos.<\/p>\n<p>La leproser\u00eda comenz\u00f3 siendo un lugar a donde los habitantes de Par\u00eds recog\u00edan a los leprosos para evitar pandemias. Sabemos que el recinto de San L\u00e1zaro se encontraba fuera de Par\u00eds, enfrente de la Iglesia de san Lorenzo. Por influencia de la Igle\u00adsia, de algunas familias pudientes, alguno de cuyos miembros hab\u00eda contra\u00eddo esa enfermedad, y por presi\u00f3n de algunos gre\u00admios sobre todo el de los panaderos, las condiciones de vida fue\u00adron mejorando en la leproser\u00eda. Los reyes Luis VI el Gordo y Luis VII el Joven protegieron a los leprosos, y este \u00faltimo rey instal\u00f3 en el lugar, la Orden de los Hospitalarios de San L\u00e1zaro de Jerusal\u00e9n, a su vuelta de Tierra Santa. Todo el lugar fue cer\u00adcado por un muro, sea para proteger a los leprosos y monjes de las invasiones, sea para proteger a la sociedad del contagio. Los leprosos ten\u00edan sus casas de madera en los bordes de la propie\u00addad, al lado del muro, aunque los m\u00e1s ricos y aquellos que pod\u00ed\u00adan pagarlo viv\u00edan en los edificios del monasterio. Los terrenos eran cultivados por los leprosos v\u00e1lidos, y en el centro de la propiedad hab\u00eda dos grandes pozos, que serv\u00edan para la higiene y para el riego. Los leprosos, a la manera de los monasterios, ele\u00adg\u00edan cada a\u00f1o su cap\u00edtulo y su Maestro, y su organizaci\u00f3n era mon\u00e1stica. San L\u00e1zaro recibi\u00f3 donaciones de la nobleza, de la Iglesia y de los Reyes. La corporaci\u00f3n de los Panaderos, debido a su supuesta exposici\u00f3n a la lepra, subvencionaba a los enfer\u00admos de dicha corporaci\u00f3n o cofrad\u00eda.<\/p>\n<p>El cerco de San L\u00e1zaro fue creciendo en prosperidad cada vez m\u00e1s y m\u00e1s, dadas las muchas donaciones, la exenci\u00f3n de impuestos en su cualidad de Se\u00f1or\u00edo, y la riqueza de las tierras. Los escudos de armas y los sellos llevaban la efigie de San L\u00e1za\u00adro, el hermano de Marta y de Mar\u00eda. En un sello de 1264 leemos: \u00abLeprosorium capituli Sancti Lazari Parisiensis\u00bb.<\/p>\n<p>As\u00ed pues, a partir del siglo XII, San L\u00e1zaro era una propiedad cercada y bien cultivada, que cobijaba a una leproser\u00eda adminis\u00adtrada por los Caballeros Hospitalarios, y otros Hermanos dona\u00addos, que viv\u00edan bajo la Regla de san Agust\u00edn. La mayor\u00eda de los enfermos, en estos primeros tiempos, eran admitidos como Her\u00admanos.<\/p>\n<ol start=\"2\">\n<li>EN TIEMPO DE SAN VICENTE<\/li>\n<\/ol>\n<p>La leproser\u00eda de San L\u00e1zaro continu\u00f3 recibiendo privilegios de parte de los Reyes de Francia. Si tenemos en cuenta que, andando el tiempo, San L\u00e1zaro solo pod\u00eda recibir leprosos bur\u00adgueses, salvo contadas excepciones, y que los inquilinos deb\u00edan dejar sus bienes a favor del Priorato y Se\u00f1or\u00edo, los bienes del Hospital-Monasterio, en tiempos de san Vicente, eran considera\u00adbles. Era una de las principales Se\u00f1or\u00edos eclesi\u00e1sticas de Francia, y ten\u00eda, como se\u00f1ala Abelly, derecho de alta, media y baja justicia. Su muro encerraba una propiedad de unas 35 hect\u00e1reas. En uno de sus edificios los Reyes de Francia recib\u00edan el juramento de Fidelidad de las \u00d3rdenes antes de entrar triunfalmente en Par\u00eds, y cuando mor\u00edan, el f\u00e9retro del Rey se deten\u00eda en los patios de San L\u00e1zaro para recibir la absoluci\u00f3n del clero de Par\u00eds, antes de proseguir camino de Saint-Denis, a hombros de los mercade\u00adres de sal.<\/p>\n<p>A partir del siglo XV, los leprosos disminuyeron a causa de la introducci\u00f3n de buenas medidas sanitarias, y este hecho, en s\u00ed muy bueno, trajo la decadencia a San L\u00e1zaro, porque disminu\u00adyeron los leprosos que se internaban, y los recursos econ\u00f3micos para sostener la propiedad. Hacia 1515, el obispo \u00c9tienne de Ponchier, se encontr\u00f3 con una situaci\u00f3n lamentable y para solu\u00adcionarla confi\u00f3 el Priorato a los Can\u00f3nigos Regulares de san V\u00edctor, pero nombrando el Prior \u00abad nutum\u00bb, es decir, revocable a su voluntad. Con esta medida, el Prior gobernaba, pero cuando mor\u00eda o renunciaba, el Obispo de Par\u00eds era la \u00fanica autoridad que pod\u00eda nombrar otro Prior. A partir de esa fecha, todas las provi\u00adsiones acordadas para San L\u00e1zaro tienen la misma caracter\u00edstica: el obispo de Paris impone su jurisdicci\u00f3n plena. As\u00ed, cuando en 1611, el obispo de Par\u00eds y Cardenal de Retz, Henri de Gondi, nombra Prior a Adrian Le Bon, lo hace de la misma manera, cosa que recuerda Francisco de Gondi en el documento a favor de san Vicente de Pa\u00fal en 1631.<\/p>\n<p>Hacia el a\u00f1o 1630, cuando Adrian Lebon quiere resignar su Priorato y asegurar su propio futuro y el de sus religiosos, encon\u00adtramos una encrucijada de intereses, que vamos a intentar des\u00admadejar.<\/p>\n<p><em>Los intereses de Juan Francisco de Gondi, Arzobispo de Par\u00eds<\/em><\/p>\n<p>Juan Francisco de Gondi, primer arzobispo de Par\u00eds, en el Acta de aprobaci\u00f3n de la uni\u00f3n de San L\u00e1zaro a la Congregaci\u00f3n de la Misi\u00f3n deja claro, al menos en dos ocasiones, que \u00e9l es quien tiene la jurisdicci\u00f3n y el derecho de nombrar al adminis\u00adtrador de San L\u00e1zaro, en este caso a la Congregaci\u00f3n de la Misi\u00f3n. Adrian Le Bon tuvo que dar su brazo a torcer ante el derecho del arzobispo de Par\u00eds, reconociendo, en 1632, que el \u00fanico que ten\u00eda el poder de conferir el Priorato era el Obispo de Par\u00eds. Esta declaraci\u00f3n de Adri\u00e1n Lebon (o Le Bon), que acep\u00adtaba el poder del arzobispo de Par\u00eds, dio origen a una nueva apro\u00adbaci\u00f3n, en la que el arzobispo insiste en la plena jurisdicci\u00f3n de los arzobispos de Par\u00eds sobre el priorato.<\/p>\n<p><em>Los intereses de Adrian Lebon, Prior de San L\u00e1zaro<\/em><\/p>\n<p>Adrian Lebon hab\u00eda constatado que no pod\u00eda seguir gober\u00adnando el Priorato de San L\u00e1zaro. Los religiosos eran pocos, y no se entend\u00edan. El trabajo era mucho y ellos eran ancianos. En el momento de cerrar el contrato, habitaban en el priorato nueve religiosos, contando al Prior, Adri\u00e1n Lebon. El deterioro era cada vez mayor. Lo que ten\u00eda que hacer era buscar alguien a quien traspasar la gesti\u00f3n del inmenso cercado de San L\u00e1zaro, en cuyo interior cabr\u00edan unos 33 campos de futbol de una hect\u00e1rea cada uno. Adri\u00e1n Lebon crey\u00f3 verlo en san Vicente de Pa\u00fal, pero no dice por qu\u00e9. Una vez que conoci\u00f3 a san Vicente, Adri\u00e1n Lebon apost\u00f3 por \u00e9l. No es raro que el Prior, que sab\u00eda el poten\u00adcial de la propiedad, se extra\u00f1ara de que san Vicente rehusara la oferta. Pero nosotros, a buena distancia de los hechos, compren\u00addemos bien el rechazo de san Vicente, que, a fuer de campesino, sab\u00eda que una propiedad casi abandonada producir\u00eda con dificultad las rentas que ten\u00eda que pagar a los religiosos, y las cargas a que se obligaba con el arzobispado de Par\u00eds.<\/p>\n<p><em>Los intereses de san Vicente de Pa\u00fal<\/em><\/p>\n<p>Para los efectos, san Vicente era un Gondi desde que en 1617 abandon\u00f3 la obediencia a Berulle, dejando Ch\u00e1tillon y volvien\u00addo a casa de los Gondi, donde hab\u00eda sido preceptor de sus hijos. Desde entonces las pruebas de afecto a su favor por parte del General de las Galeras, Felipe Manuel de Gondi y de su esposa, Francisca Margarita de Silly, y, en general de la familia de Gondi, fueron notables. San Vicente fue nombrado Capell\u00e1n General de las Galeras de Francia, el arzobispo de Par\u00eds le dio el Colegio menor de Buenos Hijos, recibi\u00f3 la cuantiosa funda\u00adci\u00f3n para misionar las tierras de los Gondi, fundaci\u00f3n que dio origen a la Congregaci\u00f3n de la Misi\u00f3n, y, despu\u00e9s de algunos otros honores y cargos, finalmente, el arzobispo de Par\u00eds, confi\u00f3 a la naciente CM el Priorato de San L\u00e1zaro. Los intereses de san Vicente con relaci\u00f3n a esta gran propiedad no eran demasiado vehementes, porque a diferencia de sus interlocutores, san Vicente ve\u00eda las dificultades de gesti\u00f3n del Priorato. Adem\u00e1s de las cl\u00e1usulas relativas a los religiosos, ten\u00eda que misionar la di\u00f3\u00adcesis de Par\u00eds, dar Ejercicios Espirituales a los Ordenandos de la Di\u00f3cesis de Par\u00eds, con comida, vestido y alojamiento, todo esto unido a sus muchas ocupaciones derivadas de la atenci\u00f3n a los pobres de Par\u00eds. Sin embargo, san Vicente sab\u00eda el valor y cono\u00adc\u00eda las posibilidades del Priorato: lo pens\u00f3 seriamente, y se deci\u00addi\u00f3 a favor de las Misiones y de la Formaci\u00f3n del clero de Par\u00eds.<\/p>\n<p><em>Los intereses de algunos contempor\u00e1neos<\/em><\/p>\n<p>De una parte, el P. Faur\u00e9, prior del monasterio de Santa Genoveva, y de otra, el Abad de la abad\u00eda de San V\u00edctor, pretendieron tener derechos sobre el Priorato de San L\u00e1zaro, e intentaron en vano oponerse a la uni\u00f3n del Priorato a la Congre\u00adgaci\u00f3n de la Misi\u00f3n. En el decreto de 23 de diciembre de 1632, el arzobispo de Par\u00eds se\u00f1ala con claridad que el \u00fanico capaz de disponer del Priorato, a partir del obispo Esteban de Ponchier era el arzobispo de Par\u00eds.<\/p>\n<p>CEME<\/p>\n<p>Juan D\u00edaz Catal\u00e1n<\/p>\n<p>&nbsp;<\/p>\n<p>&nbsp;<\/p>\n","protected":false},"excerpt":{"rendered":"<p>HISTORIA El P. M. J. Parang, archivero que fue de la Casa Madre de la Congregaci\u00f3n de la Misi\u00f3n, en Par\u00eds, nos avisa que no podemos encontrar t\u00edtulos originales del antiguo emplazamiento de los terrenos &#8230; <a href=\"http:\/\/vincentians.com\/es\/la-fundacion-de-san-lazaro-i\/\" class=\"more-link\">Read More<\/a><\/p>\n","protected":false},"author":5,"featured_media":403965,"comment_status":"open","ping_status":"open","sticky":false,"template":"","format":"standard","meta":{"jetpack_post_was_ever_published":false,"_jetpack_newsletter_access":"","_jetpack_dont_email_post_to_subs":false,"_jetpack_newsletter_tier_id":0,"_jetpack_memberships_contains_paywalled_content":false,"_jetpack_memberships_contains_paid_content":false,"footnotes":"","jetpack_publicize_message":"","jetpack_publicize_feature_enabled":true,"jetpack_social_post_already_shared":true,"jetpack_social_options":{"image_generator_settings":{"template":"highway","default_image_id":0,"font":"","enabled":false},"version":2}},"categories":[17],"tags":[],"class_list":["post-404690","post","type-post","status-publish","format-standard","has-post-thumbnail","hentry","category-en-tiempos-de-vicente-de-paul"],"yoast_head":"<!-- This site is optimized with the Yoast SEO plugin v26.3 - https:\/\/yoast.com\/wordpress\/plugins\/seo\/ -->\n<title>La fundaci\u00f3n de san L\u00e1zaro (I) - Somos Vicencianos<\/title>\n<meta name=\"robots\" content=\"index, follow, max-snippet:-1, max-image-preview:large, max-video-preview:-1\" \/>\n<link rel=\"canonical\" href=\"http:\/\/vincentians.com\/es\/la-fundacion-de-san-lazaro-i\/\" \/>\n<meta property=\"og:locale\" content=\"es_ES\" \/>\n<meta property=\"og:type\" content=\"article\" \/>\n<meta property=\"og:title\" content=\"La fundaci\u00f3n de san L\u00e1zaro (I) - Somos Vicencianos\" \/>\n<meta property=\"og:description\" content=\"HISTORIA El P. M. J. Parang, archivero que fue de la Casa Madre de la Congregaci\u00f3n de la Misi\u00f3n, en Par\u00eds, nos avisa que no podemos encontrar t\u00edtulos originales del antiguo emplazamiento de los terrenos ... Read More\" \/>\n<meta property=\"og:url\" content=\"http:\/\/vincentians.com\/es\/la-fundacion-de-san-lazaro-i\/\" \/>\n<meta property=\"og:site_name\" content=\"Somos Vicencianos\" \/>\n<meta property=\"article:publisher\" content=\"https:\/\/www.facebook.com\/WeAreVincentians\/\" \/>\n<meta property=\"article:published_time\" content=\"2023-06-04T06:17:53+00:00\" \/>\n<meta property=\"og:image\" content=\"https:\/\/i0.wp.com\/vincentians.com\/es\/wp-content\/uploads\/sites\/11\/2013\/04\/Entorno-de-San-Vicente-6-Berceau.jpg?fit=640%2C421\" \/>\n\t<meta property=\"og:image:width\" content=\"640\" \/>\n\t<meta property=\"og:image:height\" content=\"421\" \/>\n\t<meta property=\"og:image:type\" content=\"image\/jpeg\" \/>\n<meta name=\"author\" content=\"Mitxel Olabu\u00e9naga\" \/>\n<meta name=\"twitter:card\" content=\"summary_large_image\" \/>\n<meta name=\"twitter:creator\" content=\"@WeVincentians\" \/>\n<meta name=\"twitter:site\" content=\"@WeVincentians\" \/>\n<meta name=\"twitter:label1\" content=\"Escrito por\" \/>\n\t<meta name=\"twitter:data1\" content=\"Mitxel Olabu\u00e9naga\" \/>\n\t<meta name=\"twitter:label2\" content=\"Tiempo de lectura\" \/>\n\t<meta name=\"twitter:data2\" content=\"8 minutos\" \/>\n<script type=\"application\/ld+json\" class=\"yoast-schema-graph\">{\"@context\":\"https:\/\/schema.org\",\"@graph\":[{\"@type\":\"Article\",\"@id\":\"http:\/\/vincentians.com\/es\/la-fundacion-de-san-lazaro-i\/#article\",\"isPartOf\":{\"@id\":\"http:\/\/vincentians.com\/es\/la-fundacion-de-san-lazaro-i\/\"},\"author\":{\"name\":\"Mitxel Olabu\u00e9naga\",\"@id\":\"https:\/\/vincentians.com\/es\/#\/schema\/person\/7c2670b4445a7ca9d164ea6acdb31859\"},\"headline\":\"La fundaci\u00f3n de san L\u00e1zaro (I)\",\"datePublished\":\"2023-06-04T06:17:53+00:00\",\"mainEntityOfPage\":{\"@id\":\"http:\/\/vincentians.com\/es\/la-fundacion-de-san-lazaro-i\/\"},\"wordCount\":1782,\"commentCount\":0,\"publisher\":{\"@id\":\"https:\/\/vincentians.com\/es\/#organization\"},\"image\":{\"@id\":\"http:\/\/vincentians.com\/es\/la-fundacion-de-san-lazaro-i\/#primaryimage\"},\"thumbnailUrl\":\"https:\/\/i0.wp.com\/vincentians.com\/es\/wp-content\/uploads\/sites\/11\/2013\/04\/Entorno-de-San-Vicente-6-Berceau.jpg?fit=640%2C421\",\"articleSection\":[\"En tiempos de Vicente de Pa\u00fal\"],\"inLanguage\":\"es\",\"potentialAction\":[{\"@type\":\"CommentAction\",\"name\":\"Comment\",\"target\":[\"http:\/\/vincentians.com\/es\/la-fundacion-de-san-lazaro-i\/#respond\"]}]},{\"@type\":\"WebPage\",\"@id\":\"http:\/\/vincentians.com\/es\/la-fundacion-de-san-lazaro-i\/\",\"url\":\"http:\/\/vincentians.com\/es\/la-fundacion-de-san-lazaro-i\/\",\"name\":\"La fundaci\u00f3n de san L\u00e1zaro (I) - Somos Vicencianos\",\"isPartOf\":{\"@id\":\"https:\/\/vincentians.com\/es\/#website\"},\"primaryImageOfPage\":{\"@id\":\"http:\/\/vincentians.com\/es\/la-fundacion-de-san-lazaro-i\/#primaryimage\"},\"image\":{\"@id\":\"http:\/\/vincentians.com\/es\/la-fundacion-de-san-lazaro-i\/#primaryimage\"},\"thumbnailUrl\":\"https:\/\/i0.wp.com\/vincentians.com\/es\/wp-content\/uploads\/sites\/11\/2013\/04\/Entorno-de-San-Vicente-6-Berceau.jpg?fit=640%2C421\",\"datePublished\":\"2023-06-04T06:17:53+00:00\",\"breadcrumb\":{\"@id\":\"http:\/\/vincentians.com\/es\/la-fundacion-de-san-lazaro-i\/#breadcrumb\"},\"inLanguage\":\"es\",\"potentialAction\":[{\"@type\":\"ReadAction\",\"target\":[\"http:\/\/vincentians.com\/es\/la-fundacion-de-san-lazaro-i\/\"]}]},{\"@type\":\"ImageObject\",\"inLanguage\":\"es\",\"@id\":\"http:\/\/vincentians.com\/es\/la-fundacion-de-san-lazaro-i\/#primaryimage\",\"url\":\"https:\/\/i0.wp.com\/vincentians.com\/es\/wp-content\/uploads\/sites\/11\/2013\/04\/Entorno-de-San-Vicente-6-Berceau.jpg?fit=640%2C421\",\"contentUrl\":\"https:\/\/i0.wp.com\/vincentians.com\/es\/wp-content\/uploads\/sites\/11\/2013\/04\/Entorno-de-San-Vicente-6-Berceau.jpg?fit=640%2C421\",\"width\":640,\"height\":421},{\"@type\":\"BreadcrumbList\",\"@id\":\"http:\/\/vincentians.com\/es\/la-fundacion-de-san-lazaro-i\/#breadcrumb\",\"itemListElement\":[{\"@type\":\"ListItem\",\"position\":1,\"name\":\"Portada\",\"item\":\"https:\/\/vincentians.com\/es\/\"},{\"@type\":\"ListItem\",\"position\":2,\"name\":\"La fundaci\u00f3n de san L\u00e1zaro (I)\"}]},{\"@type\":\"WebSite\",\"@id\":\"https:\/\/vincentians.com\/es\/#website\",\"url\":\"https:\/\/vincentians.com\/es\/\",\"name\":\"Somos Vicencianos\",\"description\":\"Know more to serve more\",\"publisher\":{\"@id\":\"https:\/\/vincentians.com\/es\/#organization\"},\"potentialAction\":[{\"@type\":\"SearchAction\",\"target\":{\"@type\":\"EntryPoint\",\"urlTemplate\":\"https:\/\/vincentians.com\/es\/?s={search_term_string}\"},\"query-input\":{\"@type\":\"PropertyValueSpecification\",\"valueRequired\":true,\"valueName\":\"search_term_string\"}}],\"inLanguage\":\"es\"},{\"@type\":\"Organization\",\"@id\":\"https:\/\/vincentians.com\/es\/#organization\",\"name\":\"The Vincentian Network\",\"url\":\"https:\/\/vincentians.com\/es\/\",\"logo\":{\"@type\":\"ImageObject\",\"inLanguage\":\"es\",\"@id\":\"https:\/\/vincentians.com\/es\/#\/schema\/logo\/image\/\",\"url\":\"https:\/\/i1.wp.com\/vincentians.com\/es\/wp-content\/uploads\/sites\/11\/2016\/06\/Vincentian-Network-logo-big.png?fit=778%2C778\",\"contentUrl\":\"https:\/\/i1.wp.com\/vincentians.com\/es\/wp-content\/uploads\/sites\/11\/2016\/06\/Vincentian-Network-logo-big.png?fit=778%2C778\",\"width\":778,\"height\":778,\"caption\":\"The Vincentian Network\"},\"image\":{\"@id\":\"https:\/\/vincentians.com\/es\/#\/schema\/logo\/image\/\"},\"sameAs\":[\"https:\/\/www.facebook.com\/WeAreVincentians\/\",\"https:\/\/x.com\/WeVincentians\"]},{\"@type\":\"Person\",\"@id\":\"https:\/\/vincentians.com\/es\/#\/schema\/person\/7c2670b4445a7ca9d164ea6acdb31859\",\"name\":\"Mitxel Olabu\u00e9naga\",\"image\":{\"@type\":\"ImageObject\",\"inLanguage\":\"es\",\"@id\":\"https:\/\/vincentians.com\/es\/#\/schema\/person\/image\/\",\"url\":\"https:\/\/secure.gravatar.com\/avatar\/34137ec2e2b8939cbbed975731e71f3f4f1defc7266ded337a5ce0f925426877?s=96&d=mm&r=g\",\"contentUrl\":\"https:\/\/secure.gravatar.com\/avatar\/34137ec2e2b8939cbbed975731e71f3f4f1defc7266ded337a5ce0f925426877?s=96&d=mm&r=g\",\"caption\":\"Mitxel Olabu\u00e9naga\"},\"url\":\"http:\/\/vincentians.com\/es\/author\/mitxel\/\"}]}<\/script>\n<!-- \/ Yoast SEO plugin. -->","yoast_head_json":{"title":"La fundaci\u00f3n de san L\u00e1zaro (I) - Somos Vicencianos","robots":{"index":"index","follow":"follow","max-snippet":"max-snippet:-1","max-image-preview":"max-image-preview:large","max-video-preview":"max-video-preview:-1"},"canonical":"http:\/\/vincentians.com\/es\/la-fundacion-de-san-lazaro-i\/","og_locale":"es_ES","og_type":"article","og_title":"La fundaci\u00f3n de san L\u00e1zaro (I) - Somos Vicencianos","og_description":"HISTORIA El P. M. J. Parang, archivero que fue de la Casa Madre de la Congregaci\u00f3n de la Misi\u00f3n, en Par\u00eds, nos avisa que no podemos encontrar t\u00edtulos originales del antiguo emplazamiento de los terrenos ... Read More","og_url":"http:\/\/vincentians.com\/es\/la-fundacion-de-san-lazaro-i\/","og_site_name":"Somos Vicencianos","article_publisher":"https:\/\/www.facebook.com\/WeAreVincentians\/","article_published_time":"2023-06-04T06:17:53+00:00","og_image":[{"width":640,"height":421,"url":"https:\/\/i0.wp.com\/vincentians.com\/es\/wp-content\/uploads\/sites\/11\/2013\/04\/Entorno-de-San-Vicente-6-Berceau.jpg?fit=640%2C421","type":"image\/jpeg"}],"author":"Mitxel Olabu\u00e9naga","twitter_card":"summary_large_image","twitter_creator":"@WeVincentians","twitter_site":"@WeVincentians","twitter_misc":{"Escrito por":"Mitxel Olabu\u00e9naga","Tiempo de lectura":"8 minutos"},"schema":{"@context":"https:\/\/schema.org","@graph":[{"@type":"Article","@id":"http:\/\/vincentians.com\/es\/la-fundacion-de-san-lazaro-i\/#article","isPartOf":{"@id":"http:\/\/vincentians.com\/es\/la-fundacion-de-san-lazaro-i\/"},"author":{"name":"Mitxel Olabu\u00e9naga","@id":"https:\/\/vincentians.com\/es\/#\/schema\/person\/7c2670b4445a7ca9d164ea6acdb31859"},"headline":"La fundaci\u00f3n de san L\u00e1zaro (I)","datePublished":"2023-06-04T06:17:53+00:00","mainEntityOfPage":{"@id":"http:\/\/vincentians.com\/es\/la-fundacion-de-san-lazaro-i\/"},"wordCount":1782,"commentCount":0,"publisher":{"@id":"https:\/\/vincentians.com\/es\/#organization"},"image":{"@id":"http:\/\/vincentians.com\/es\/la-fundacion-de-san-lazaro-i\/#primaryimage"},"thumbnailUrl":"https:\/\/i0.wp.com\/vincentians.com\/es\/wp-content\/uploads\/sites\/11\/2013\/04\/Entorno-de-San-Vicente-6-Berceau.jpg?fit=640%2C421","articleSection":["En tiempos de Vicente de Pa\u00fal"],"inLanguage":"es","potentialAction":[{"@type":"CommentAction","name":"Comment","target":["http:\/\/vincentians.com\/es\/la-fundacion-de-san-lazaro-i\/#respond"]}]},{"@type":"WebPage","@id":"http:\/\/vincentians.com\/es\/la-fundacion-de-san-lazaro-i\/","url":"http:\/\/vincentians.com\/es\/la-fundacion-de-san-lazaro-i\/","name":"La fundaci\u00f3n de san L\u00e1zaro (I) - Somos Vicencianos","isPartOf":{"@id":"https:\/\/vincentians.com\/es\/#website"},"primaryImageOfPage":{"@id":"http:\/\/vincentians.com\/es\/la-fundacion-de-san-lazaro-i\/#primaryimage"},"image":{"@id":"http:\/\/vincentians.com\/es\/la-fundacion-de-san-lazaro-i\/#primaryimage"},"thumbnailUrl":"https:\/\/i0.wp.com\/vincentians.com\/es\/wp-content\/uploads\/sites\/11\/2013\/04\/Entorno-de-San-Vicente-6-Berceau.jpg?fit=640%2C421","datePublished":"2023-06-04T06:17:53+00:00","breadcrumb":{"@id":"http:\/\/vincentians.com\/es\/la-fundacion-de-san-lazaro-i\/#breadcrumb"},"inLanguage":"es","potentialAction":[{"@type":"ReadAction","target":["http:\/\/vincentians.com\/es\/la-fundacion-de-san-lazaro-i\/"]}]},{"@type":"ImageObject","inLanguage":"es","@id":"http:\/\/vincentians.com\/es\/la-fundacion-de-san-lazaro-i\/#primaryimage","url":"https:\/\/i0.wp.com\/vincentians.com\/es\/wp-content\/uploads\/sites\/11\/2013\/04\/Entorno-de-San-Vicente-6-Berceau.jpg?fit=640%2C421","contentUrl":"https:\/\/i0.wp.com\/vincentians.com\/es\/wp-content\/uploads\/sites\/11\/2013\/04\/Entorno-de-San-Vicente-6-Berceau.jpg?fit=640%2C421","width":640,"height":421},{"@type":"BreadcrumbList","@id":"http:\/\/vincentians.com\/es\/la-fundacion-de-san-lazaro-i\/#breadcrumb","itemListElement":[{"@type":"ListItem","position":1,"name":"Portada","item":"https:\/\/vincentians.com\/es\/"},{"@type":"ListItem","position":2,"name":"La fundaci\u00f3n de san L\u00e1zaro (I)"}]},{"@type":"WebSite","@id":"https:\/\/vincentians.com\/es\/#website","url":"https:\/\/vincentians.com\/es\/","name":"Somos Vicencianos","description":"Know more to serve more","publisher":{"@id":"https:\/\/vincentians.com\/es\/#organization"},"potentialAction":[{"@type":"SearchAction","target":{"@type":"EntryPoint","urlTemplate":"https:\/\/vincentians.com\/es\/?s={search_term_string}"},"query-input":{"@type":"PropertyValueSpecification","valueRequired":true,"valueName":"search_term_string"}}],"inLanguage":"es"},{"@type":"Organization","@id":"https:\/\/vincentians.com\/es\/#organization","name":"The Vincentian Network","url":"https:\/\/vincentians.com\/es\/","logo":{"@type":"ImageObject","inLanguage":"es","@id":"https:\/\/vincentians.com\/es\/#\/schema\/logo\/image\/","url":"https:\/\/i1.wp.com\/vincentians.com\/es\/wp-content\/uploads\/sites\/11\/2016\/06\/Vincentian-Network-logo-big.png?fit=778%2C778","contentUrl":"https:\/\/i1.wp.com\/vincentians.com\/es\/wp-content\/uploads\/sites\/11\/2016\/06\/Vincentian-Network-logo-big.png?fit=778%2C778","width":778,"height":778,"caption":"The Vincentian Network"},"image":{"@id":"https:\/\/vincentians.com\/es\/#\/schema\/logo\/image\/"},"sameAs":["https:\/\/www.facebook.com\/WeAreVincentians\/","https:\/\/x.com\/WeVincentians"]},{"@type":"Person","@id":"https:\/\/vincentians.com\/es\/#\/schema\/person\/7c2670b4445a7ca9d164ea6acdb31859","name":"Mitxel Olabu\u00e9naga","image":{"@type":"ImageObject","inLanguage":"es","@id":"https:\/\/vincentians.com\/es\/#\/schema\/person\/image\/","url":"https:\/\/secure.gravatar.com\/avatar\/34137ec2e2b8939cbbed975731e71f3f4f1defc7266ded337a5ce0f925426877?s=96&d=mm&r=g","contentUrl":"https:\/\/secure.gravatar.com\/avatar\/34137ec2e2b8939cbbed975731e71f3f4f1defc7266ded337a5ce0f925426877?s=96&d=mm&r=g","caption":"Mitxel Olabu\u00e9naga"},"url":"http:\/\/vincentians.com\/es\/author\/mitxel\/"}]}},"jetpack_publicize_connections":[],"jetpack_featured_media_url":"https:\/\/i0.wp.com\/vincentians.com\/es\/wp-content\/uploads\/sites\/11\/2013\/04\/Entorno-de-San-Vicente-6-Berceau.jpg?fit=640%2C421","jetpack_sharing_enabled":true,"jetpack_shortlink":"https:\/\/wp.me\/p7ETMF-1Hhg","jetpack-related-posts":[{"id":115261,"url":"http:\/\/vincentians.com\/es\/casas-de-la-congregacion-de-la-mision-en-paris-en-tiempos-de-san-vicente-ii\/","url_meta":{"origin":404690,"position":0},"title":"Casas de la Congregaci\u00f3n de la Misi\u00f3n en Par\u00eds en tiempos de San Vicente (II)","author":"Francisco Javier Fern\u00e1ndez Chento","date":"06\/10\/2018","format":false,"excerpt":"San L\u00e1zaro El origen de la Casa de San L\u00e1zaro es dif\u00edcil de conocer al perderse sus t\u00edtulos con la guerra de los cien a\u00f1os y con las que siguieron despu\u00e9s. Parece probable que en principio hubo un monasterio dedicado a San Lorenzo pero que fue destruido por los normandos\u2026","rel":"","context":"En \u00abEn tiempos de Vicente de Pa\u00fal\u00bb","block_context":{"text":"En tiempos de Vicente de Pa\u00fal","link":"http:\/\/vincentians.com\/es\/category\/historia-de-la-familia-vicenciana\/en-tiempos-de-vicente-de-paul\/"},"img":{"alt_text":"","src":"https:\/\/i0.wp.com\/vincentians.com\/es\/wp-content\/uploads\/sites\/11\/2011\/11\/HIjas-Caridad.jpg?fit=1200%2C600&resize=350%2C200","width":350,"height":200,"srcset":"https:\/\/i0.wp.com\/vincentians.com\/es\/wp-content\/uploads\/sites\/11\/2011\/11\/HIjas-Caridad.jpg?fit=1200%2C600&resize=350%2C200 1x, https:\/\/i0.wp.com\/vincentians.com\/es\/wp-content\/uploads\/sites\/11\/2011\/11\/HIjas-Caridad.jpg?fit=1200%2C600&resize=525%2C300 1.5x, https:\/\/i0.wp.com\/vincentians.com\/es\/wp-content\/uploads\/sites\/11\/2011\/11\/HIjas-Caridad.jpg?fit=1200%2C600&resize=700%2C400 2x, https:\/\/i0.wp.com\/vincentians.com\/es\/wp-content\/uploads\/sites\/11\/2011\/11\/HIjas-Caridad.jpg?fit=1200%2C600&resize=1050%2C600 3x"},"classes":[]},{"id":131359,"url":"http:\/\/vincentians.com\/es\/el-senor-vicente-evolucion-de-un-santo-ix\/","url_meta":{"origin":404690,"position":1},"title":"El se\u00f1or Vicente, evoluci\u00f3n de un santo (IX)","author":"Francisco Javier Fern\u00e1ndez Chento","date":"04\/10\/2014","format":false,"excerpt":"9. BAJO LA BANDERA DE LA CARIDAD. 1.San L\u00e1zaro.- 2.Ordenandos.- 3.Educaci\u00f3n.- 4.Los Lazaristas en su casa.- 5.El se\u00f1or Vicente, familiar de los grandes: los personajes de su entorno.- 6.Bossuet.- 7.Mujeres: religiosas.- 8.Se\u00f1oras del mundo.- 9.Poderosas protectoras de la Obra vicenciana.- 10.La duquesa de Aiguillon.- 11.La reina de Polonia.- 12.Las Damas\u2026","rel":"","context":"En \u00abVicente de Pa\u00fal\u00bb","block_context":{"text":"Vicente de Pa\u00fal","link":"http:\/\/vincentians.com\/es\/category\/la-familia-vicenciana\/fundadores\/vicente-de-paul\/"},"img":{"alt_text":"coraz\u00f3n","src":"https:\/\/i0.wp.com\/vicencianos.org\/wp-content\/2014\/03\/coraz%C3%B3n.jpg?resize=350%2C200","width":350,"height":200},"classes":[]},{"id":126151,"url":"http:\/\/vincentians.com\/es\/vicente-de-paul-carta-1188-a-la-superiora-del-segundo-monasterio-de-la-visitacion-en-paris\/","url_meta":{"origin":404690,"position":2},"title":"Vicente de Pa\u00fal, Carta 1188: A La Superiora Del Segundo Monasterio De La Visitaci\u00f3n En Paris","author":"Francisco Javier Fern\u00e1ndez Chento","date":"29\/12\/2013","format":false,"excerpt":"San L\u00e1zaro, d\u00eda de la Natividad de la Virgen. Ruego a nuestra querida madre la superiora de la Visitaci\u00f3n de Santa Mar\u00eda del barrio de Santiago que permita la entrada en su monasterio por una vez a las reverendas madres de San Juan y de San Jos\u00e9, de la abad\u00eda\u2026","rel":"","context":"En \u00abEscritos de Vicente de Pa\u00fal\u00bb","block_context":{"text":"Escritos de Vicente de Pa\u00fal","link":"http:\/\/vincentians.com\/es\/category\/escritos\/escritos-de-vicente-de-paul\/"},"img":{"alt_text":"","src":"https:\/\/i0.wp.com\/vincentians.com\/es\/wp-content\/uploads\/sites\/11\/2016\/07\/escritos-vicente-de-paul.jpg?fit=1200%2C630&resize=350%2C200","width":350,"height":200,"srcset":"https:\/\/i0.wp.com\/vincentians.com\/es\/wp-content\/uploads\/sites\/11\/2016\/07\/escritos-vicente-de-paul.jpg?fit=1200%2C630&resize=350%2C200 1x, https:\/\/i0.wp.com\/vincentians.com\/es\/wp-content\/uploads\/sites\/11\/2016\/07\/escritos-vicente-de-paul.jpg?fit=1200%2C630&resize=525%2C300 1.5x, https:\/\/i0.wp.com\/vincentians.com\/es\/wp-content\/uploads\/sites\/11\/2016\/07\/escritos-vicente-de-paul.jpg?fit=1200%2C630&resize=700%2C400 2x, https:\/\/i0.wp.com\/vincentians.com\/es\/wp-content\/uploads\/sites\/11\/2016\/07\/escritos-vicente-de-paul.jpg?fit=1200%2C630&resize=1050%2C600 3x"},"classes":[]},{"id":118560,"url":"http:\/\/vincentians.com\/es\/vicente-de-paul-carta-1099-a-los-letrados-de-la-ciudad-de-paris\/","url_meta":{"origin":404690,"position":3},"title":"Vicente de Pa\u00fal, Carta 1099: A Los Letrados De La Ciudad De Par\u00eds","author":"Francisco Javier Fern\u00e1ndez Chento","date":"22\/03\/2013","format":false,"excerpt":"[Hacia el 14 de julio de 1648] Dichos suplicantes exponen que el camino de San Mauro no es m\u00e1s que camino de caza, con s\u00f3lo unos 30 pies de ancho seg\u00fan las ordenanzas y que incluso en algunos sitios no tiene m\u00e1s de cuatro toises todo lo m\u00e1s de ancho,\u2026","rel":"","context":"En \u00abEscritos de Vicente de Pa\u00fal\u00bb","block_context":{"text":"Escritos de Vicente de Pa\u00fal","link":"http:\/\/vincentians.com\/es\/category\/escritos\/escritos-de-vicente-de-paul\/"},"img":{"alt_text":"","src":"https:\/\/i0.wp.com\/vincentians.com\/es\/wp-content\/uploads\/sites\/11\/2016\/07\/escritos-vicente-de-paul.jpg?fit=1200%2C630&resize=350%2C200","width":350,"height":200,"srcset":"https:\/\/i0.wp.com\/vincentians.com\/es\/wp-content\/uploads\/sites\/11\/2016\/07\/escritos-vicente-de-paul.jpg?fit=1200%2C630&resize=350%2C200 1x, https:\/\/i0.wp.com\/vincentians.com\/es\/wp-content\/uploads\/sites\/11\/2016\/07\/escritos-vicente-de-paul.jpg?fit=1200%2C630&resize=525%2C300 1.5x, https:\/\/i0.wp.com\/vincentians.com\/es\/wp-content\/uploads\/sites\/11\/2016\/07\/escritos-vicente-de-paul.jpg?fit=1200%2C630&resize=700%2C400 2x, https:\/\/i0.wp.com\/vincentians.com\/es\/wp-content\/uploads\/sites\/11\/2016\/07\/escritos-vicente-de-paul.jpg?fit=1200%2C630&resize=1050%2C600 3x"},"classes":[]},{"id":127523,"url":"http:\/\/vincentians.com\/es\/lugares-vicencianos-valfleury\/","url_meta":{"origin":404690,"position":4},"title":"Lugares vicencianos: Valfleury","author":"Francisco Javier Fern\u00e1ndez Chento","date":"09\/08\/2016","format":false,"excerpt":"1992. Prefacio. El excelente folleto del can\u00f3nigo Berjat, editado en 1931, est\u00e1 desde hace tiempo agotado. Muchos peregrinos y amigos de Valfleury deseaban una nueva edici\u00f3n. Un trabajo de esa clase hubiera sido demasiado costoso y, por supuesto, hubiera contado con un n\u00famero limitado de lectores. No obstante, ha parecido\u2026","rel":"","context":"En \u00abLugares Vicencianos\u00bb","block_context":{"text":"Lugares Vicencianos","link":"http:\/\/vincentians.com\/es\/category\/historia-de-la-familia-vicenciana\/lugares-vicencianos\/"},"img":{"alt_text":"","src":"https:\/\/i0.wp.com\/vincentians.com\/es\/wp-content\/uploads\/sites\/11\/2014\/01\/Valfleury.jpg?fit=1200%2C630&resize=350%2C200","width":350,"height":200,"srcset":"https:\/\/i0.wp.com\/vincentians.com\/es\/wp-content\/uploads\/sites\/11\/2014\/01\/Valfleury.jpg?fit=1200%2C630&resize=350%2C200 1x, https:\/\/i0.wp.com\/vincentians.com\/es\/wp-content\/uploads\/sites\/11\/2014\/01\/Valfleury.jpg?fit=1200%2C630&resize=525%2C300 1.5x, https:\/\/i0.wp.com\/vincentians.com\/es\/wp-content\/uploads\/sites\/11\/2014\/01\/Valfleury.jpg?fit=1200%2C630&resize=700%2C400 2x, https:\/\/i0.wp.com\/vincentians.com\/es\/wp-content\/uploads\/sites\/11\/2014\/01\/Valfleury.jpg?fit=1200%2C630&resize=1050%2C600 3x"},"classes":[]},{"id":121635,"url":"http:\/\/vincentians.com\/es\/san-vicente-de-paul-y-los-gondi-00-prefacio\/","url_meta":{"origin":404690,"position":5},"title":"San Vicente de Pa\u00fal y los Gondi: 00 Prefacio","author":"Francisco Javier Fern\u00e1ndez Chento","date":"31\/12\/2013","format":false,"excerpt":"Prefacio Los historiadores antiguos y modernos de san Vicente de Pa\u00fal. - Publicaci\u00f3n de su correspondencia - Documentos in\u00e9ditos del Oratorio y de los archivos del Ministerio de Asuntos exteriores. Dos siglos despu\u00e9s, ser\u00eda dif\u00edcil citar a un hombre ilustre, por grande que fuera su fama, cuya vida haya sido\u2026","rel":"","context":"En \u00abVicente de Pa\u00fal\u00bb","block_context":{"text":"Vicente de Pa\u00fal","link":"http:\/\/vincentians.com\/es\/category\/la-familia-vicenciana\/fundadores\/vicente-de-paul\/"},"img":{"alt_text":"Felipe-Manuel de Gondi","src":"https:\/\/i0.wp.com\/vicencianos.org\/wp-content\/2013\/12\/Felipe-Manuel_de_Gondi-185x300.jpg?resize=350%2C200","width":350,"height":200},"classes":[]}],"_links":{"self":[{"href":"http:\/\/vincentians.com\/es\/wp-json\/wp\/v2\/posts\/404690","targetHints":{"allow":["GET"]}}],"collection":[{"href":"http:\/\/vincentians.com\/es\/wp-json\/wp\/v2\/posts"}],"about":[{"href":"http:\/\/vincentians.com\/es\/wp-json\/wp\/v2\/types\/post"}],"author":[{"embeddable":true,"href":"http:\/\/vincentians.com\/es\/wp-json\/wp\/v2\/users\/5"}],"replies":[{"embeddable":true,"href":"http:\/\/vincentians.com\/es\/wp-json\/wp\/v2\/comments?post=404690"}],"version-history":[{"count":1,"href":"http:\/\/vincentians.com\/es\/wp-json\/wp\/v2\/posts\/404690\/revisions"}],"predecessor-version":[{"id":404691,"href":"http:\/\/vincentians.com\/es\/wp-json\/wp\/v2\/posts\/404690\/revisions\/404691"}],"wp:featuredmedia":[{"embeddable":true,"href":"http:\/\/vincentians.com\/es\/wp-json\/wp\/v2\/media\/403965"}],"wp:attachment":[{"href":"http:\/\/vincentians.com\/es\/wp-json\/wp\/v2\/media?parent=404690"}],"wp:term":[{"taxonomy":"category","embeddable":true,"href":"http:\/\/vincentians.com\/es\/wp-json\/wp\/v2\/categories?post=404690"},{"taxonomy":"post_tag","embeddable":true,"href":"http:\/\/vincentians.com\/es\/wp-json\/wp\/v2\/tags?post=404690"}],"curies":[{"name":"wp","href":"https:\/\/api.w.org\/{rel}","templated":true}]}}