{"id":404598,"date":"2023-03-04T08:11:07","date_gmt":"2023-03-04T07:11:07","guid":{"rendered":"http:\/\/vincentians.com\/es\/?p=404598"},"modified":"2023-01-08T12:12:16","modified_gmt":"2023-01-08T11:12:16","slug":"san-vicente-un-hombre-de-humildad-vi","status":"publish","type":"post","link":"http:\/\/vincentians.com\/es\/san-vicente-un-hombre-de-humildad-vi\/","title":{"rendered":"San Vicente, un hombre de humildad (VI)"},"content":{"rendered":"<ol>\n<li>LA MOTIVACI\u00d3N PSICOL\u00d3GICA<\/li>\n<\/ol>\n<p>Vicente de Pa\u00fal ha vivido la primera parte de su vida tratan\u00addo de alejarse del mundo en el que hab\u00eda nacido: busca afanosa\u00admente labrarse un futuro, volviendo la espalda a sus or\u00edgenes campesinos, persiguiendo un honroso beneficio como eclesi\u00e1sti\u00adco. Cuando el Se\u00f1or le sale al encuentro a trav\u00e9s de aconteci\u00admientos y personas, Vicente de Pa\u00fal cambia radicalmente la orientaci\u00f3n de su vida y quiere ser el realizador de la Voluntad de Dios y el sacerdote totalmente entregado a la evangelizaci\u00f3n de los pobres.<\/p>\n<p>Para el Vicente de Pa\u00fal, as\u00ed transformado, resulta un imperativo personal confesar sus or\u00edgenes campesinos y recordarse a s\u00ed mismo y a los dem\u00e1s la vanidad de quienes buscan afanosamente disimular y aparentar. A las reiteradas confesiones de sus or\u00edgenes campesinos, que hemos recordado m\u00e1s arriba, podemos a\u00f1adir este sencillo reconocimiento ante las Hijas de la Caridad:<\/p>\n<p>\u201c&#8230; <em>la vanagloria no deber\u00eda entrar en vosotras, porque el orgullo proviene de ordinario del origen y de la condici\u00f3n de las personas, y vosotras sois casi todas pobres aldeanas, hijas de labradores como yo. Somos todos muy poca cosa&#8230; Por el alimento, los pobres comen casi como vosotras: un poco de carne de buey, o algo semejante. Tampoco hay ah\u00ed motivos para presumir. Por lo que se refiere a vuestras relaciones, no trat\u00e1is m\u00e1s que con los pobres y sois sus servidoras; no hay ciertamente mucho de qu\u00e9 enorgulleceros<\/em>\u201d.<\/p>\n<p>\u00bfQui\u00e9n no ver\u00e1 en la escena descrita por el se\u00f1or de Saint Martin, can\u00f3nigo de la ciudad de Dax, la reivindicaci\u00f3n personal de Vicente de Pa\u00fal? La distancia existente entre la actitud de Vicente cuando fue a visitarlo su padre al Colegio de los Franciscanos de Dax y la actitud del mismo Vicente cuando es visitado por un sobrino suyo en el Colegio de los Buenos Hijos de Par\u00eds s\u00f3lo se explica por la madurada opci\u00f3n que ha cambiado si existencia. <em>\u00abCon ocasi\u00f3n de la visita de un sobrino suyo, habi\u00e9ndole encargado a uno de los suyos que fuera a recogerlo a la calle, donde estaba, vestido a la manera de los campesinos de aquella tierra, para que lo llevara a su habitaci\u00f3n, este buen Siervo de Dios experiment\u00f3 un impulso de superaci\u00f3n, y lo realiz\u00f3, porque, saliendo de su habitaci\u00f3n baj\u00f3 a la calle, donde, al encontrar a su sobrino, lo abraz\u00f3, le bes\u00f3 y le tom\u00f3 por la mano, y despu\u00e9s de llevarlo al patio, hizo bajar a todos los Se\u00f1ores de su Compa\u00f1\u00eda, y les dijo que aqu\u00e9l era el hombre m\u00e1s honorable <\/em><em>de su familia; y le hizo saludar a todos. Y le hizo hacer el mismo acto de urbanidad a las dem\u00e1s personas de condici\u00f3n que le ven\u00edan a visitar. Y en los primeros Ejercicios Espirituales, que hizo m\u00e1s adelante, se acus\u00f3 p\u00fablicamente en plena reuni\u00f3n de haber tenido alguna verg\u00fcenza a la llegada de su sobrino, y de haberlo querido subir a escondidas a su habitaci\u00f3n porque era campesino e iba mal vestido\u00bb.<\/em><\/p>\n<p>De este giro existencial da testimonio la carta de Vicente de Pa\u00fal al mismo can\u00f3nigo de Saint-Martin:<\/p>\n<p>\u201c<em>Le doy gracias por el inter\u00e9s que se ha tomado con mi peque\u00f1o sobrino, del que he de decirle, se\u00f1or, que nunca jam\u00e1s dese\u00e9 que fuera eclesi\u00e1stico, ni mucho menos se me ocurri\u00f3 nunca hacerle educar para ese destino, ya que esa condici\u00f3n es la m\u00e1s sublime que hay en la tierra, pues es la misma que Nues\u00adtro Se\u00f1or quiso aceptar y practicar. En cuanto a m\u00ed, si hubiera sabido lo que era, cuando tuve la temeridad de entrar en este estado, como lo supe m\u00e1s tarde, hubiera preferido quedarme a labrar la tierra antes que comprometerme en un estado tan tre\u00admendo. Esto mismo es lo que les he dicho mil veces a las pobres gentes del campo, cuando para animarles a vivir contentos y como buenas personas les manifestaba que los consideraba feli\u00adces en su condici\u00f3n. Efectivamente, a medida que me voy haciendo m\u00e1s viejo, m\u00e1s me confirmo en estos sentimientos, ya que descubro cada d\u00eda lo lej\u00edsimos que estoy de aquella perfec\u00adci\u00f3n en que deber\u00eda estar<\/em>\u201d.<\/p>\n<p>Vicente de Pa\u00fal ha puesto un empe\u00f1o personal, como un impe\u00adrativo en s\u00ed mismo, elegir los caminos de la humildad. <em>\u00abCon mucha raz\u00f3n un virtuos\u00edsimo eclesi\u00e1stico, que ha conocido muy de cerca al se\u00f1or Vicente, ha dicho de \u00e9l, que no ha conocido nunca en la tierra un ambicioso que haya tenido m\u00e1s pasi\u00f3n por exaltarse, por hacerse apreciar <\/em>y <em>alcanzar la cima de los honores, como este humilde Siervo de Dios estaba interesado en rebajarse, en hacerse <\/em><em>abyecto y despreciable y en abrazar las m\u00e1s bajas humillaciones y confusiones; porque, ciertamente, parec\u00eda haber convertido esta virtud en su tesoro, aprovechando cuidadosamente todas las ocasiones que se presentaban para practicarlas y hacerse con razones para humillarse en toda clase de circunstancias\u00bb.<\/em><\/p>\n<p>Quienes han estudiado la vida de Vicente de Pa\u00fal destacan que la humildad ha sido la actitud en la que m\u00e1s se ha esforzado y en la que <strong>ha llegado a destacar. <\/strong>Escribe Pierre Collet: <em>\u00abVicente posey\u00f3 en un grado tan eminente todas las virtudes, que al recorrerlas una tras otra, se siente uno tentado a decir que cada una fue su virtud dominante. Si esto no puede ser verdad con todo rigor, al menos es seguro que pocos santos llevaron la humildad tan lejos como \u00e9l lo hizo\u00bb.<\/em><\/p>\n<ol start=\"4\">\n<li>LA MOTIVACI\u00d3N ASC\u00c9TICA<\/li>\n<\/ol>\n<p>Vicente de Pa\u00fal, testigo de la doctrina espiritual al uso en su tiempo, considera que la humildad es el fundamento de la perfecci\u00f3n:<\/p>\n<p><sup>\u201c<\/sup><em>Si alguna vez se digna Dios obrar alg\u00fan bien en nosotros mis\u00admos, o en los dem\u00e1s por medio de nosotros, ocultarlo, en cuanto sea posible, en vista de nuestra propia vileza, o si esto no puede ser, atribuirlo todo a la divina misericordia y a los m\u00e9ritos de los dem\u00e1s. En esto consiste el fundamento de toda la perfecci\u00f3n evang\u00e9lica y la dificultad de toda la vida espiritual. El que posea esta humildad, juntamente con ella conseguir\u00e1 todos los bienes; pero el que careciere de ella, perder\u00e1 hasta los bienes que cree poseer, y vivir\u00e1 perturbado por continuas angustias<\/em>.<\/p>\n<p>Hermanos m\u00edos, hallaremos en la humildad todas las dem\u00e1s virtudes. Porque quien dice humildad, dice mansedumbre, mor\u00adtificaci\u00f3n, etc&#8230; Y querer ser tratado de otro modo que el Hijo de Dios es un orgullo insoportable.<\/p>\n<p>Para san Vicente, <strong>la humildad sostiene el edificio de la vida cristiana:<\/strong><\/p>\n<p>\u201c<em>Si voy a hacer una acci\u00f3n p\u00fablica \u2014dec\u00eda\u2014 que la puedo llevar muy adelante, no la har\u00e9, sino que le cortar\u00e9 tal y tal cosa, que podr\u00eda darle alg\u00fan esplendor y a m\u00ed alguna fama. De dos pensamientos que me vienen a la cabeza para hablar sobre algu\u00adna cuesti\u00f3n, cuando la caridad no me obligue a obrar de otro modo, presentar\u00e9 el menor, con el fin de humillarme, y me que\u00addar\u00e9 con el m\u00e1s hermoso para sacrificarlo a Dios en el secreto de mi coraz\u00f3n. Porque Nuestro Se\u00f1or s\u00f3lo se establece y s\u00f3lo se complace en la humildad del coraz\u00f3n y en la sencillez de las palabras y de los actos<\/em>\u201d.<\/p>\n<p>Vicente de Pa\u00fal, como tantos maestros espirituales, ha elegi\u00addo para s\u00ed mismo y ha propuesto para los suyos <strong>la humildad como camino de perfecci\u00f3n cristiana. <\/strong>Su propuesta asc\u00e9tica, sin embargo, nada tiene que ver con las propuestas jansenistas y su insistencia en la bajeza, en la nada del hombre, que desdibuja la verdadera humildad. Porque la verdadera humildad, la humildad que reconoce a Dios como \u00fanico fundamento de existencia, lejos de anular a la persona, la sit\u00faa en su verdadera medida, en la medida de Dios. El fil\u00f3sofo existencialista Kierkegaard logr\u00f3 formular el sentido de este reconocimiento: <em>\u00ab\u00a1Que realidad infinita adquiere en cambio mi yo, cuando toma conciencia de existir ante Dios, convirti\u00e9ndose en un yo humano cuya medida es Dios&#8230;! \u00a1Qu\u00e9 acento infinito cae sobre el yo en el momento en que obtiene como medida a Dios!<\/em><\/p>\n<p>Desde Dios como \u00fanica medida de la persona humana es como se entienden las humillaciones de san Vicente de Pa\u00faI, sus continuas llamadas a vivir en humildad. La contemplaci\u00f3n del Amor de Dios, la confesi\u00f3n de su misericordia, la fidelidad a su Voluntad: ah\u00ed est\u00e1 la verdadera clave de la humildad seg\u00fan san Vicente de Pa\u00fal:<\/p>\n<p>\u201cDoy gracias a Dios por ese arte que tiene usted para desgarrarse, esto es, para buscar la forma de humillarse, que consiste en reconocer sus faltas y en manifestarlas. Tiene usted raz\u00f3n en juzgarse in\u00fatil para todo y en creer que no vale para nada, pues precisamente es \u00e9se el fundamento sobre el que Nuestro Se\u00f1or basar\u00e1 la ejecuci\u00f3n de los designios que tiene sobre usted. Pero, adem\u00e1s, padre, cuando haga usted estas reflexiones sobre el estado de su alma, tiene que elevar su esp\u00edritu a Dios en la consideraci\u00f3n de su adorable bondad. Tiene usted muchos motivos para desconfiar de usted mismo, es verdad; pero tiene usted otros mucho mayores para confiar en \u00e9l. Si se siente usted incli\u00adnado al mal, debe saber que siente incomparablemente mayor inclinaci\u00f3n hacia el bien para hacerlo en usted mismo y por medio de usted a los dem\u00e1s. Le ruego que haga su oraci\u00f3n sobre esto y que durante el d\u00eda tenga algunas elevaciones a Dios para pedirle la gracia de basarse bien sobre este principio, que des\u00adpu\u00e9s de haber puesto los ojos en sus miserias, los dirija siempre luego a sus misericordias, deteni\u00e9ndose mucho m\u00e1s en su bene\u00advolencia sobre usted que en la indignidad de usted para con \u00e9l, en la fuerza de \u00e9l m\u00e1s que en la debilidad de usted, abandon\u00e1n\u00addose entonces entre sus brazos paternales con la esperanza de que har\u00e1 \u00e9l mismo en usted lo que \u00e9l desee, bendiciendo todo lo que usted haga por \u00e9l. Con todo esto, padre, tenga su coraz\u00f3n preparado para recibir la paz y el gozo del Esp\u00edritu Santo.<\/p>\n<p>CEME<\/p>\n<p>Corpus Juan Delgado<\/p>\n","protected":false},"excerpt":{"rendered":"<p>LA MOTIVACI\u00d3N PSICOL\u00d3GICA Vicente de Pa\u00fal ha vivido la primera parte de su vida tratan\u00addo de alejarse del mundo en el que hab\u00eda nacido: busca afanosa\u00admente labrarse un futuro, volviendo la espalda a sus or\u00edgenes &#8230; <a href=\"http:\/\/vincentians.com\/es\/san-vicente-un-hombre-de-humildad-vi\/\" class=\"more-link\">Read More<\/a><\/p>\n","protected":false},"author":5,"featured_media":404161,"comment_status":"open","ping_status":"open","sticky":false,"template":"","format":"standard","meta":{"jetpack_post_was_ever_published":false,"_jetpack_newsletter_access":"","_jetpack_dont_email_post_to_subs":false,"_jetpack_newsletter_tier_id":0,"_jetpack_memberships_contains_paywalled_content":false,"_jetpack_memberships_contains_paid_content":false,"footnotes":"","jetpack_publicize_message":"","jetpack_publicize_feature_enabled":true,"jetpack_social_post_already_shared":true,"jetpack_social_options":{"image_generator_settings":{"template":"highway","default_image_id":0,"font":"","enabled":false},"version":2}},"categories":[226],"tags":[],"class_list":["post-404598","post","type-post","status-publish","format-standard","has-post-thumbnail","hentry","category-espiritualidad-vicenciana"],"yoast_head":"<!-- This site is optimized with the Yoast SEO plugin v26.3 - https:\/\/yoast.com\/wordpress\/plugins\/seo\/ -->\n<title>San Vicente, un hombre de humildad (VI) - Somos Vicencianos<\/title>\n<meta name=\"robots\" content=\"index, follow, max-snippet:-1, max-image-preview:large, max-video-preview:-1\" \/>\n<link rel=\"canonical\" href=\"http:\/\/vincentians.com\/es\/san-vicente-un-hombre-de-humildad-vi\/\" \/>\n<meta property=\"og:locale\" content=\"es_ES\" \/>\n<meta property=\"og:type\" content=\"article\" \/>\n<meta property=\"og:title\" content=\"San Vicente, un hombre de humildad (VI) - Somos Vicencianos\" \/>\n<meta property=\"og:description\" content=\"LA MOTIVACI\u00d3N PSICOL\u00d3GICA Vicente de Pa\u00fal ha vivido la primera parte de su vida tratan\u00addo de alejarse del mundo en el que hab\u00eda nacido: busca afanosa\u00admente labrarse un futuro, volviendo la espalda a sus or\u00edgenes ... Read More\" \/>\n<meta property=\"og:url\" content=\"http:\/\/vincentians.com\/es\/san-vicente-un-hombre-de-humildad-vi\/\" \/>\n<meta property=\"og:site_name\" content=\"Somos Vicencianos\" \/>\n<meta property=\"article:publisher\" content=\"https:\/\/www.facebook.com\/WeAreVincentians\/\" \/>\n<meta property=\"article:published_time\" content=\"2023-03-04T07:11:07+00:00\" \/>\n<meta property=\"og:image\" content=\"https:\/\/i0.wp.com\/vincentians.com\/es\/wp-content\/uploads\/sites\/11\/2013\/05\/d.jpg?fit=1200%2C799\" \/>\n\t<meta property=\"og:image:width\" content=\"1200\" \/>\n\t<meta property=\"og:image:height\" content=\"799\" \/>\n\t<meta property=\"og:image:type\" content=\"image\/jpeg\" \/>\n<meta name=\"author\" content=\"Mitxel Olabu\u00e9naga\" \/>\n<meta name=\"twitter:card\" content=\"summary_large_image\" \/>\n<meta name=\"twitter:creator\" content=\"@WeVincentians\" \/>\n<meta name=\"twitter:site\" content=\"@WeVincentians\" \/>\n<meta name=\"twitter:label1\" content=\"Escrito por\" \/>\n\t<meta name=\"twitter:data1\" content=\"Mitxel Olabu\u00e9naga\" \/>\n\t<meta name=\"twitter:label2\" content=\"Tiempo de lectura\" \/>\n\t<meta name=\"twitter:data2\" content=\"8 minutos\" \/>\n<script type=\"application\/ld+json\" class=\"yoast-schema-graph\">{\"@context\":\"https:\/\/schema.org\",\"@graph\":[{\"@type\":\"Article\",\"@id\":\"http:\/\/vincentians.com\/es\/san-vicente-un-hombre-de-humildad-vi\/#article\",\"isPartOf\":{\"@id\":\"http:\/\/vincentians.com\/es\/san-vicente-un-hombre-de-humildad-vi\/\"},\"author\":{\"name\":\"Mitxel Olabu\u00e9naga\",\"@id\":\"http:\/\/vincentians.com\/es\/#\/schema\/person\/7c2670b4445a7ca9d164ea6acdb31859\"},\"headline\":\"San Vicente, un hombre de humildad (VI)\",\"datePublished\":\"2023-03-04T07:11:07+00:00\",\"mainEntityOfPage\":{\"@id\":\"http:\/\/vincentians.com\/es\/san-vicente-un-hombre-de-humildad-vi\/\"},\"wordCount\":1787,\"commentCount\":0,\"publisher\":{\"@id\":\"http:\/\/vincentians.com\/es\/#organization\"},\"image\":{\"@id\":\"http:\/\/vincentians.com\/es\/san-vicente-un-hombre-de-humildad-vi\/#primaryimage\"},\"thumbnailUrl\":\"https:\/\/i0.wp.com\/vincentians.com\/es\/wp-content\/uploads\/sites\/11\/2013\/05\/d.jpg?fit=1200%2C799\",\"articleSection\":[\"Espiritualidad vicenciana\"],\"inLanguage\":\"es\",\"potentialAction\":[{\"@type\":\"CommentAction\",\"name\":\"Comment\",\"target\":[\"http:\/\/vincentians.com\/es\/san-vicente-un-hombre-de-humildad-vi\/#respond\"]}]},{\"@type\":\"WebPage\",\"@id\":\"http:\/\/vincentians.com\/es\/san-vicente-un-hombre-de-humildad-vi\/\",\"url\":\"http:\/\/vincentians.com\/es\/san-vicente-un-hombre-de-humildad-vi\/\",\"name\":\"San Vicente, un hombre de humildad (VI) - Somos Vicencianos\",\"isPartOf\":{\"@id\":\"http:\/\/vincentians.com\/es\/#website\"},\"primaryImageOfPage\":{\"@id\":\"http:\/\/vincentians.com\/es\/san-vicente-un-hombre-de-humildad-vi\/#primaryimage\"},\"image\":{\"@id\":\"http:\/\/vincentians.com\/es\/san-vicente-un-hombre-de-humildad-vi\/#primaryimage\"},\"thumbnailUrl\":\"https:\/\/i0.wp.com\/vincentians.com\/es\/wp-content\/uploads\/sites\/11\/2013\/05\/d.jpg?fit=1200%2C799\",\"datePublished\":\"2023-03-04T07:11:07+00:00\",\"breadcrumb\":{\"@id\":\"http:\/\/vincentians.com\/es\/san-vicente-un-hombre-de-humildad-vi\/#breadcrumb\"},\"inLanguage\":\"es\",\"potentialAction\":[{\"@type\":\"ReadAction\",\"target\":[\"http:\/\/vincentians.com\/es\/san-vicente-un-hombre-de-humildad-vi\/\"]}]},{\"@type\":\"ImageObject\",\"inLanguage\":\"es\",\"@id\":\"http:\/\/vincentians.com\/es\/san-vicente-un-hombre-de-humildad-vi\/#primaryimage\",\"url\":\"https:\/\/i0.wp.com\/vincentians.com\/es\/wp-content\/uploads\/sites\/11\/2013\/05\/d.jpg?fit=1200%2C799\",\"contentUrl\":\"https:\/\/i0.wp.com\/vincentians.com\/es\/wp-content\/uploads\/sites\/11\/2013\/05\/d.jpg?fit=1200%2C799\",\"width\":1200,\"height\":799,\"caption\":\"- 49 TAB. On ignore actuellement l\u2019auteurs et la date de ce tableau. L\u2019origine est probablement espagnole vue la forme des cornettes et sans doute du 19e si\u00e8cle. Il a \u00e9t\u00e9 enregistr\u00e9 \u00e0 partir d\u2019une reproduction conserv\u00e9e aux Archives de la Congr\u00e9gation \u00e0 Paris.\"},{\"@type\":\"BreadcrumbList\",\"@id\":\"http:\/\/vincentians.com\/es\/san-vicente-un-hombre-de-humildad-vi\/#breadcrumb\",\"itemListElement\":[{\"@type\":\"ListItem\",\"position\":1,\"name\":\"Portada\",\"item\":\"http:\/\/vincentians.com\/es\/\"},{\"@type\":\"ListItem\",\"position\":2,\"name\":\"San Vicente, un hombre de humildad (VI)\"}]},{\"@type\":\"WebSite\",\"@id\":\"http:\/\/vincentians.com\/es\/#website\",\"url\":\"http:\/\/vincentians.com\/es\/\",\"name\":\"Somos Vicencianos\",\"description\":\"Know more to serve more\",\"publisher\":{\"@id\":\"http:\/\/vincentians.com\/es\/#organization\"},\"potentialAction\":[{\"@type\":\"SearchAction\",\"target\":{\"@type\":\"EntryPoint\",\"urlTemplate\":\"http:\/\/vincentians.com\/es\/?s={search_term_string}\"},\"query-input\":{\"@type\":\"PropertyValueSpecification\",\"valueRequired\":true,\"valueName\":\"search_term_string\"}}],\"inLanguage\":\"es\"},{\"@type\":\"Organization\",\"@id\":\"http:\/\/vincentians.com\/es\/#organization\",\"name\":\"The Vincentian Network\",\"url\":\"http:\/\/vincentians.com\/es\/\",\"logo\":{\"@type\":\"ImageObject\",\"inLanguage\":\"es\",\"@id\":\"http:\/\/vincentians.com\/es\/#\/schema\/logo\/image\/\",\"url\":\"https:\/\/i1.wp.com\/vincentians.com\/es\/wp-content\/uploads\/sites\/11\/2016\/06\/Vincentian-Network-logo-big.png?fit=778%2C778\",\"contentUrl\":\"https:\/\/i1.wp.com\/vincentians.com\/es\/wp-content\/uploads\/sites\/11\/2016\/06\/Vincentian-Network-logo-big.png?fit=778%2C778\",\"width\":778,\"height\":778,\"caption\":\"The Vincentian Network\"},\"image\":{\"@id\":\"http:\/\/vincentians.com\/es\/#\/schema\/logo\/image\/\"},\"sameAs\":[\"https:\/\/www.facebook.com\/WeAreVincentians\/\",\"https:\/\/x.com\/WeVincentians\"]},{\"@type\":\"Person\",\"@id\":\"http:\/\/vincentians.com\/es\/#\/schema\/person\/7c2670b4445a7ca9d164ea6acdb31859\",\"name\":\"Mitxel Olabu\u00e9naga\",\"image\":{\"@type\":\"ImageObject\",\"inLanguage\":\"es\",\"@id\":\"http:\/\/vincentians.com\/es\/#\/schema\/person\/image\/\",\"url\":\"https:\/\/secure.gravatar.com\/avatar\/34137ec2e2b8939cbbed975731e71f3f4f1defc7266ded337a5ce0f925426877?s=96&d=mm&r=g\",\"contentUrl\":\"https:\/\/secure.gravatar.com\/avatar\/34137ec2e2b8939cbbed975731e71f3f4f1defc7266ded337a5ce0f925426877?s=96&d=mm&r=g\",\"caption\":\"Mitxel Olabu\u00e9naga\"},\"url\":\"http:\/\/vincentians.com\/es\/author\/mitxel\/\"}]}<\/script>\n<!-- \/ Yoast SEO plugin. -->","yoast_head_json":{"title":"San Vicente, un hombre de humildad (VI) - Somos Vicencianos","robots":{"index":"index","follow":"follow","max-snippet":"max-snippet:-1","max-image-preview":"max-image-preview:large","max-video-preview":"max-video-preview:-1"},"canonical":"http:\/\/vincentians.com\/es\/san-vicente-un-hombre-de-humildad-vi\/","og_locale":"es_ES","og_type":"article","og_title":"San Vicente, un hombre de humildad (VI) - Somos Vicencianos","og_description":"LA MOTIVACI\u00d3N PSICOL\u00d3GICA Vicente de Pa\u00fal ha vivido la primera parte de su vida tratan\u00addo de alejarse del mundo en el que hab\u00eda nacido: busca afanosa\u00admente labrarse un futuro, volviendo la espalda a sus or\u00edgenes ... Read More","og_url":"http:\/\/vincentians.com\/es\/san-vicente-un-hombre-de-humildad-vi\/","og_site_name":"Somos Vicencianos","article_publisher":"https:\/\/www.facebook.com\/WeAreVincentians\/","article_published_time":"2023-03-04T07:11:07+00:00","og_image":[{"width":1200,"height":799,"url":"https:\/\/i0.wp.com\/vincentians.com\/es\/wp-content\/uploads\/sites\/11\/2013\/05\/d.jpg?fit=1200%2C799","type":"image\/jpeg"}],"author":"Mitxel Olabu\u00e9naga","twitter_card":"summary_large_image","twitter_creator":"@WeVincentians","twitter_site":"@WeVincentians","twitter_misc":{"Escrito por":"Mitxel Olabu\u00e9naga","Tiempo de lectura":"8 minutos"},"schema":{"@context":"https:\/\/schema.org","@graph":[{"@type":"Article","@id":"http:\/\/vincentians.com\/es\/san-vicente-un-hombre-de-humildad-vi\/#article","isPartOf":{"@id":"http:\/\/vincentians.com\/es\/san-vicente-un-hombre-de-humildad-vi\/"},"author":{"name":"Mitxel Olabu\u00e9naga","@id":"http:\/\/vincentians.com\/es\/#\/schema\/person\/7c2670b4445a7ca9d164ea6acdb31859"},"headline":"San Vicente, un hombre de humildad (VI)","datePublished":"2023-03-04T07:11:07+00:00","mainEntityOfPage":{"@id":"http:\/\/vincentians.com\/es\/san-vicente-un-hombre-de-humildad-vi\/"},"wordCount":1787,"commentCount":0,"publisher":{"@id":"http:\/\/vincentians.com\/es\/#organization"},"image":{"@id":"http:\/\/vincentians.com\/es\/san-vicente-un-hombre-de-humildad-vi\/#primaryimage"},"thumbnailUrl":"https:\/\/i0.wp.com\/vincentians.com\/es\/wp-content\/uploads\/sites\/11\/2013\/05\/d.jpg?fit=1200%2C799","articleSection":["Espiritualidad vicenciana"],"inLanguage":"es","potentialAction":[{"@type":"CommentAction","name":"Comment","target":["http:\/\/vincentians.com\/es\/san-vicente-un-hombre-de-humildad-vi\/#respond"]}]},{"@type":"WebPage","@id":"http:\/\/vincentians.com\/es\/san-vicente-un-hombre-de-humildad-vi\/","url":"http:\/\/vincentians.com\/es\/san-vicente-un-hombre-de-humildad-vi\/","name":"San Vicente, un hombre de humildad (VI) - Somos Vicencianos","isPartOf":{"@id":"http:\/\/vincentians.com\/es\/#website"},"primaryImageOfPage":{"@id":"http:\/\/vincentians.com\/es\/san-vicente-un-hombre-de-humildad-vi\/#primaryimage"},"image":{"@id":"http:\/\/vincentians.com\/es\/san-vicente-un-hombre-de-humildad-vi\/#primaryimage"},"thumbnailUrl":"https:\/\/i0.wp.com\/vincentians.com\/es\/wp-content\/uploads\/sites\/11\/2013\/05\/d.jpg?fit=1200%2C799","datePublished":"2023-03-04T07:11:07+00:00","breadcrumb":{"@id":"http:\/\/vincentians.com\/es\/san-vicente-un-hombre-de-humildad-vi\/#breadcrumb"},"inLanguage":"es","potentialAction":[{"@type":"ReadAction","target":["http:\/\/vincentians.com\/es\/san-vicente-un-hombre-de-humildad-vi\/"]}]},{"@type":"ImageObject","inLanguage":"es","@id":"http:\/\/vincentians.com\/es\/san-vicente-un-hombre-de-humildad-vi\/#primaryimage","url":"https:\/\/i0.wp.com\/vincentians.com\/es\/wp-content\/uploads\/sites\/11\/2013\/05\/d.jpg?fit=1200%2C799","contentUrl":"https:\/\/i0.wp.com\/vincentians.com\/es\/wp-content\/uploads\/sites\/11\/2013\/05\/d.jpg?fit=1200%2C799","width":1200,"height":799,"caption":"- 49 TAB. On ignore actuellement l\u2019auteurs et la date de ce tableau. L\u2019origine est probablement espagnole vue la forme des cornettes et sans doute du 19e si\u00e8cle. Il a \u00e9t\u00e9 enregistr\u00e9 \u00e0 partir d\u2019une reproduction conserv\u00e9e aux Archives de la Congr\u00e9gation \u00e0 Paris."},{"@type":"BreadcrumbList","@id":"http:\/\/vincentians.com\/es\/san-vicente-un-hombre-de-humildad-vi\/#breadcrumb","itemListElement":[{"@type":"ListItem","position":1,"name":"Portada","item":"http:\/\/vincentians.com\/es\/"},{"@type":"ListItem","position":2,"name":"San Vicente, un hombre de humildad (VI)"}]},{"@type":"WebSite","@id":"http:\/\/vincentians.com\/es\/#website","url":"http:\/\/vincentians.com\/es\/","name":"Somos Vicencianos","description":"Know more to serve more","publisher":{"@id":"http:\/\/vincentians.com\/es\/#organization"},"potentialAction":[{"@type":"SearchAction","target":{"@type":"EntryPoint","urlTemplate":"http:\/\/vincentians.com\/es\/?s={search_term_string}"},"query-input":{"@type":"PropertyValueSpecification","valueRequired":true,"valueName":"search_term_string"}}],"inLanguage":"es"},{"@type":"Organization","@id":"http:\/\/vincentians.com\/es\/#organization","name":"The Vincentian Network","url":"http:\/\/vincentians.com\/es\/","logo":{"@type":"ImageObject","inLanguage":"es","@id":"http:\/\/vincentians.com\/es\/#\/schema\/logo\/image\/","url":"https:\/\/i1.wp.com\/vincentians.com\/es\/wp-content\/uploads\/sites\/11\/2016\/06\/Vincentian-Network-logo-big.png?fit=778%2C778","contentUrl":"https:\/\/i1.wp.com\/vincentians.com\/es\/wp-content\/uploads\/sites\/11\/2016\/06\/Vincentian-Network-logo-big.png?fit=778%2C778","width":778,"height":778,"caption":"The Vincentian Network"},"image":{"@id":"http:\/\/vincentians.com\/es\/#\/schema\/logo\/image\/"},"sameAs":["https:\/\/www.facebook.com\/WeAreVincentians\/","https:\/\/x.com\/WeVincentians"]},{"@type":"Person","@id":"http:\/\/vincentians.com\/es\/#\/schema\/person\/7c2670b4445a7ca9d164ea6acdb31859","name":"Mitxel Olabu\u00e9naga","image":{"@type":"ImageObject","inLanguage":"es","@id":"http:\/\/vincentians.com\/es\/#\/schema\/person\/image\/","url":"https:\/\/secure.gravatar.com\/avatar\/34137ec2e2b8939cbbed975731e71f3f4f1defc7266ded337a5ce0f925426877?s=96&d=mm&r=g","contentUrl":"https:\/\/secure.gravatar.com\/avatar\/34137ec2e2b8939cbbed975731e71f3f4f1defc7266ded337a5ce0f925426877?s=96&d=mm&r=g","caption":"Mitxel Olabu\u00e9naga"},"url":"http:\/\/vincentians.com\/es\/author\/mitxel\/"}]}},"jetpack_publicize_connections":[],"jetpack_featured_media_url":"https:\/\/i0.wp.com\/vincentians.com\/es\/wp-content\/uploads\/sites\/11\/2013\/05\/d.jpg?fit=1200%2C799","jetpack_sharing_enabled":true,"jetpack_shortlink":"https:\/\/wp.me\/p7ETMF-1HfM","jetpack-related-posts":[{"id":119413,"url":"http:\/\/vincentians.com\/es\/san-vicente-de-paul-fundador\/","url_meta":{"origin":404598,"position":0},"title":"San Vicente de Pa\u00fal, fundador","author":"Francisco Javier Fern\u00e1ndez Chento","date":"06\/04\/2013","format":false,"excerpt":"La Comunidad de las Hijas de la Caridad y su estilo emi\u00adnentemente apost\u00f3lico, no han sido creaciones espont\u00e1neas, que podr\u00edan estudiarse y profundizar independientemente de todo con\u00adtexto. Antes de ser una Instituci\u00f3n, fue una etapa en el recorrido de Vicente de Pa\u00fal. Pero, para hacernos una idea justa de la\u2026","rel":"","context":"En \u00abFormaci\u00f3n Vicenciana\u00bb","block_context":{"text":"Formaci\u00f3n Vicenciana","link":"http:\/\/vincentians.com\/es\/category\/formacion-vicenciana\/"},"img":{"alt_text":"","src":"https:\/\/i0.wp.com\/vicencianos.org\/wp-content\/2012\/07\/saint-vincent-de-paul-111-197x300.jpg?resize=350%2C200","width":350,"height":200},"classes":[]},{"id":403568,"url":"http:\/\/vincentians.com\/es\/raices-campesinas-de-la-espiritualidad-vicenciana-i\/","url_meta":{"origin":404598,"position":1},"title":"RA\u00cdCES CAMPESINAS DE LA ESPIRITUALIDAD VICENCIANA (I)","author":"Mitxel Olabu\u00e9naga","date":"16\/06\/2021","format":false,"excerpt":"PRESENTACI\u00d3N Por primera vez el tema de la espiritualidad vicenciana, enfocada desde los or\u00edgenes campesinos del fundador de la Misi\u00f3n y de la Caridad, es tratado ex profeso en una Semana de Estudios de Salamanca, no as\u00ed el entorno social en que se des\u00adenvolvi\u00f3 y con el que guarda estrecha\u2026","rel":"","context":"En \u00abEspiritualidad vicenciana\u00bb","block_context":{"text":"Espiritualidad vicenciana","link":"http:\/\/vincentians.com\/es\/category\/espiritualidad\/espiritualidad-vicenciana\/"},"img":{"alt_text":"","src":"https:\/\/i0.wp.com\/vincentians.com\/es\/wp-content\/uploads\/sites\/11\/2016\/10\/ranquines.jpg?fit=1200%2C630&resize=350%2C200","width":350,"height":200,"srcset":"https:\/\/i0.wp.com\/vincentians.com\/es\/wp-content\/uploads\/sites\/11\/2016\/10\/ranquines.jpg?fit=1200%2C630&resize=350%2C200 1x, https:\/\/i0.wp.com\/vincentians.com\/es\/wp-content\/uploads\/sites\/11\/2016\/10\/ranquines.jpg?fit=1200%2C630&resize=525%2C300 1.5x, https:\/\/i0.wp.com\/vincentians.com\/es\/wp-content\/uploads\/sites\/11\/2016\/10\/ranquines.jpg?fit=1200%2C630&resize=700%2C400 2x, https:\/\/i0.wp.com\/vincentians.com\/es\/wp-content\/uploads\/sites\/11\/2016\/10\/ranquines.jpg?fit=1200%2C630&resize=1050%2C600 3x"},"classes":[]},{"id":403851,"url":"http:\/\/vincentians.com\/es\/vicente-de-paul-en-gannes-folleville-v\/","url_meta":{"origin":404598,"position":2},"title":"VICENTE DE PAUL EN GANNES-FOLLEVILLE (V)","author":"Mitxel Olabu\u00e9naga","date":"04\/12\/2021","format":false,"excerpt":"2.4. ALGUNAS PREGUNTAS EN LA ACTUALIDAD: P. BERNARD KOCH, C. M. Como hemos podido apreciar, los comentaristas e int\u00e9rpretes tradicionales del pensamiento y obra de Vicente de Pa\u00fal sostienen, casi con total unanimidad, que los acontecimientos de enero de 1617 fueron para Vicente de Pa\u00fal acontecimientos excepcionales, reveladores, originales. \u00bfFueron\u2026","rel":"","context":"En \u00abFormaci\u00f3n Vicenciana\u00bb","block_context":{"text":"Formaci\u00f3n Vicenciana","link":"http:\/\/vincentians.com\/es\/category\/formacion-vicenciana\/"},"img":{"alt_text":"","src":"https:\/\/i0.wp.com\/vincentians.com\/es\/wp-content\/uploads\/sites\/11\/2017\/04\/vicente-y-eucaristia.jpg?fit=1200%2C630&resize=350%2C200","width":350,"height":200,"srcset":"https:\/\/i0.wp.com\/vincentians.com\/es\/wp-content\/uploads\/sites\/11\/2017\/04\/vicente-y-eucaristia.jpg?fit=1200%2C630&resize=350%2C200 1x, https:\/\/i0.wp.com\/vincentians.com\/es\/wp-content\/uploads\/sites\/11\/2017\/04\/vicente-y-eucaristia.jpg?fit=1200%2C630&resize=525%2C300 1.5x, https:\/\/i0.wp.com\/vincentians.com\/es\/wp-content\/uploads\/sites\/11\/2017\/04\/vicente-y-eucaristia.jpg?fit=1200%2C630&resize=700%2C400 2x, https:\/\/i0.wp.com\/vincentians.com\/es\/wp-content\/uploads\/sites\/11\/2017\/04\/vicente-y-eucaristia.jpg?fit=1200%2C630&resize=1050%2C600 3x"},"classes":[]},{"id":124190,"url":"http:\/\/vincentians.com\/es\/vicente-de-paul-suenos-de-juventud\/","url_meta":{"origin":404598,"position":3},"title":"Vicente de Pa\u00fal: sue\u00f1os de juventud","author":"Francisco Javier Fern\u00e1ndez Chento","date":"21\/02\/2023","format":false,"excerpt":"Los or\u00edgenes Vicente, el tercero de seis hijos de Juan de Pa\u00fal y de Beltrana de Mora, naci\u00f3 el a\u00f1o 1581 en una regi\u00f3n pobre del suroeste de Francia. Sus padres eran campesinos y pastores que pose\u00edan unas tierras donde cultivaban mijo y habichuelas y pastoreaban su ganado: vacas, cerdos,\u2026","rel":"","context":"En \u00abVicente de Pa\u00fal\u00bb","block_context":{"text":"Vicente de Pa\u00fal","link":"http:\/\/vincentians.com\/es\/category\/la-familia-vicenciana\/fundadores\/vicente-de-paul\/"},"img":{"alt_text":"","src":"https:\/\/i0.wp.com\/vincentians.com\/es\/wp-content\/uploads\/sites\/11\/2013\/05\/d.jpg?fit=1200%2C799&resize=350%2C200","width":350,"height":200,"srcset":"https:\/\/i0.wp.com\/vincentians.com\/es\/wp-content\/uploads\/sites\/11\/2013\/05\/d.jpg?fit=1200%2C799&resize=350%2C200 1x, https:\/\/i0.wp.com\/vincentians.com\/es\/wp-content\/uploads\/sites\/11\/2013\/05\/d.jpg?fit=1200%2C799&resize=525%2C300 1.5x, https:\/\/i0.wp.com\/vincentians.com\/es\/wp-content\/uploads\/sites\/11\/2013\/05\/d.jpg?fit=1200%2C799&resize=700%2C400 2x, https:\/\/i0.wp.com\/vincentians.com\/es\/wp-content\/uploads\/sites\/11\/2013\/05\/d.jpg?fit=1200%2C799&resize=1050%2C600 3x"},"classes":[]},{"id":143598,"url":"http:\/\/vincentians.com\/es\/la-experiencia-espiritual-de-san-vicente\/","url_meta":{"origin":404598,"position":4},"title":"La experiencia espiritual de San Vicente","author":"Francisco Javier Fern\u00e1ndez Chento","date":"20\/04\/2015","format":false,"excerpt":"La espiritualidad vicenciana no es de ninguna manera una gram\u00e1tica de santidad para estudiar y aplicar. Es una vida, una experiencia, con la que tenemos que comulgar para favorecer el trabajo de la gracia en una vida humana. Es la experiencia espiritual de Vicente de Pa\u00fal la que vamos a\u2026","rel":"","context":"En \u00abFormaci\u00f3n Vicenciana\u00bb","block_context":{"text":"Formaci\u00f3n Vicenciana","link":"http:\/\/vincentians.com\/es\/category\/formacion-vicenciana\/"},"img":{"alt_text":"san-vicente-de-paul-y-pobres","src":"https:\/\/i0.wp.com\/vicencianos.org\/wp-content\/2015\/02\/san-vicente-de-paul-y-pobres-300x208.jpg?resize=350%2C200","width":350,"height":200},"classes":[]},{"id":119820,"url":"http:\/\/vincentians.com\/es\/mision-e-identidad-de-la-congregacion-de-la-mision\/","url_meta":{"origin":404598,"position":5},"title":"Misi\u00f3n e identidad de la Congregaci\u00f3n de la Misi\u00f3n","author":"Francisco Javier Fern\u00e1ndez Chento","date":"29\/05\/2015","format":false,"excerpt":"I. Introducci\u00f3n: el movimiento misionero en el siglo XVII \"La expansi\u00f3n del cristianismo alcanz\u00f3 en el siglo XVII franc\u00e9s un vigor extraordinario que puede medirse especial\u00admente a trav\u00e9s de los informes de las misiones del interior o parroquiales. Estos informes permiten localizar a los \"margi\u00adnados\" del cristianismo, dirigir una mirada\u2026","rel":"","context":"En \u00abCongregaci\u00f3n de la Misi\u00f3n\u00bb","block_context":{"text":"Congregaci\u00f3n de la Misi\u00f3n","link":"http:\/\/vincentians.com\/es\/category\/la-familia-vicenciana\/ramas\/congregacion-de-la-mision\/"},"img":{"alt_text":"logocm","src":"https:\/\/i0.wp.com\/vicencianos.org\/wp-content\/2011\/12\/logocm-245x300.png?resize=350%2C200","width":350,"height":200},"classes":[]}],"_links":{"self":[{"href":"http:\/\/vincentians.com\/es\/wp-json\/wp\/v2\/posts\/404598","targetHints":{"allow":["GET"]}}],"collection":[{"href":"http:\/\/vincentians.com\/es\/wp-json\/wp\/v2\/posts"}],"about":[{"href":"http:\/\/vincentians.com\/es\/wp-json\/wp\/v2\/types\/post"}],"author":[{"embeddable":true,"href":"http:\/\/vincentians.com\/es\/wp-json\/wp\/v2\/users\/5"}],"replies":[{"embeddable":true,"href":"http:\/\/vincentians.com\/es\/wp-json\/wp\/v2\/comments?post=404598"}],"version-history":[{"count":1,"href":"http:\/\/vincentians.com\/es\/wp-json\/wp\/v2\/posts\/404598\/revisions"}],"predecessor-version":[{"id":404599,"href":"http:\/\/vincentians.com\/es\/wp-json\/wp\/v2\/posts\/404598\/revisions\/404599"}],"wp:featuredmedia":[{"embeddable":true,"href":"http:\/\/vincentians.com\/es\/wp-json\/wp\/v2\/media\/404161"}],"wp:attachment":[{"href":"http:\/\/vincentians.com\/es\/wp-json\/wp\/v2\/media?parent=404598"}],"wp:term":[{"taxonomy":"category","embeddable":true,"href":"http:\/\/vincentians.com\/es\/wp-json\/wp\/v2\/categories?post=404598"},{"taxonomy":"post_tag","embeddable":true,"href":"http:\/\/vincentians.com\/es\/wp-json\/wp\/v2\/tags?post=404598"}],"curies":[{"name":"wp","href":"https:\/\/api.w.org\/{rel}","templated":true}]}}