{"id":40457,"date":"2015-02-11T06:32:14","date_gmt":"2015-02-11T05:32:14","guid":{"rendered":"http:\/\/somos.vicencianos.org\/?p=40457"},"modified":"2016-07-26T19:17:57","modified_gmt":"2016-07-26T17:17:57","slug":"inculturacion-y-el-carisma-vicenciano-una-vision-general","status":"publish","type":"post","link":"http:\/\/vincentians.com\/es\/inculturacion-y-el-carisma-vicenciano-una-vision-general\/","title":{"rendered":"Inculturaci\u00f3n y el carisma vicenciano: una visi\u00f3n general"},"content":{"rendered":"<p><a href=\"https:\/\/i0.wp.com\/vicencianos.org\/wp-content\/2011\/12\/inculturacion-del-evangelio.jpg\"><img data-recalc-dims=\"1\" loading=\"lazy\" decoding=\"async\" class=\"alignright size-medium wp-image-139413\" src=\"https:\/\/i0.wp.com\/vicencianos.org\/wp-content\/2011\/12\/inculturacion-del-evangelio-300x206.jpg?resize=300%2C206\" alt=\"inculturacion del evangelio\" width=\"300\" height=\"206\" \/><\/a>Cuando nuestro Superior General me pidi\u00f3 que os hablara sobre este tema, primero lo pens\u00e9 un poco y despu\u00e9s decid\u00ed aceptar la oferta principalmente porque us\u00f3 la palabra \u00abconferencia\u00bb. Esto me hizo sentirme mejor: porque como San Vicente se explayaba en las Conferencias de los Martes, as\u00ed tambi\u00e9n me podr\u00e9 explayar yo con vosotros sin ser demasiado coartado por restricciones indeseadas. Considero como una bendici\u00f3n el haberme enterado bastante tarde que estas charlas van a ser publicadas.<\/p>\n<p>Lo que voy a deciros es m\u00e1s una reflexi\u00f3n m\u00e1s que un ensayo hermosamente pulido. El m\u00e9todo que he usado es el siguiente: para comenzar envi\u00e9 un borrador de esta conferencia a la mayor\u00eda de los cohermanos de mi Provincia, invit\u00e1ndoles a que me diesen libremente sus comentarios y sugerencias. Al estar reflejados en el documento final algunos de sus comentarios, esta presentaci\u00f3n es como el fruto de un esfuerzo com\u00fan, sin embargo, la responsabilidad del producto final es m\u00eda.<\/p>\n<p>Al llevar 28 a\u00f1os en Etiop\u00eda, Africa, no puedo evitar que ese continente est\u00e9 presente en mi pensamiento en primer lugar. Lo que voy a decir, sin embargo, \u00abmutatis mutandis\u00bb es aplicable a cualquier continente y a cualquier cultura de cualquier pa\u00eds.<\/p>\n<p>Despu\u00e9s de una introducci\u00f3n (I) para clarificar los t\u00e9rminos, intento presentar lo siguiente:<\/p>\n<p>II. Ense\u00f1anza de la Iglesia sobre INCULTURACION.<\/p>\n<p>III. Qu\u00e9 entiendo por el t\u00e9rmino CARISMA VICENCIANO.<\/p>\n<p>IV. \u00bfAdonde llegaremos al aplicar la INCULTURACI\u00d3N AL CARISMA VICENCIANO? (incluyendo adem\u00e1s algunas OBSERVACIONES CR\u00cdTICAS).<\/p>\n<h2><strong>I. Introducci\u00f3n: clarificaci\u00f3n de t\u00e9rminos<\/strong><\/h2>\n<p>La palabra \u00abinculturaci\u00f3n\u00bb comienza a aparecer regularmente en los documentos oficiales de la Iglesia a finales de los a\u00f1os setenta, despu\u00e9s que Juan Pablo II la usase en \u00abCatechesi Tradendae\u00bb<span id='easy-footnote-1-40457' class='easy-footnote-margin-adjust'><\/span><span class='easy-footnote'><a href='http:\/\/vincentians.com\/es\/inculturacion-y-el-carisma-vicenciano-una-vision-general\/#easy-footnote-bottom-1-40457' title='CT 53.'><sup>1<\/sup><\/a><\/span> paralelamente con la palabra \u00abaculturaci\u00f3n\u00bb. Sin embargo, la diferencia en signficado entre las dos palabras es significativa e importante. Pongo los siguientes ejemplos para tratar de precisar esta diferencia.<\/p>\n<p>1. Luisa de Marillac en sus \u00abPensamientos de la Cruz\u00bb<span id='easy-footnote-2-40457' class='easy-footnote-margin-adjust'><\/span><span class='easy-footnote'><a href='http:\/\/vincentians.com\/es\/inculturacion-y-el-carisma-vicenciano-una-vision-general\/#easy-footnote-bottom-2-40457' title='como se se\u00f1ala en \u00c9l oye el grito de los pobres: Robert P. Maloney, P.'><sup>2<\/sup><\/a><\/span> exclama: \u00ab\u00a1Oh Cruz santa! \u00a1Oh sufrimiento! Qu\u00e9 afable eres, desde que el amor de Dios se ha inclinado hacia ti en su Hijo para obtener por ti el poder de proporcionar el para\u00edso a aquellos que lo han perdido por un placer\u00bb. Usando esta clase de lenguaje, Luisa mostraba que ella (!c\u00f3mo podr\u00eda ser de otra manera\u00a1) estaba \u00abaculturada\u00bb a la forma Francesa de pensar y de escribir en el siglo XVII. As\u00ed se hablaba y as\u00ed se escrib\u00eda en aquel tiempo, en aquel pa\u00eds.<\/p>\n<p>Sin embargo, viviendo profundamente el esp\u00edritu de la cruz, como ella hizo, mostr\u00f3 lo \u00abinculturada\u00bb que estaba en el cristianismo. As\u00ed es como siempre se act\u00faa si no queremos perder la misma esencia de la cristianismo, ej. el significado de la cruz en nuestras vidas y el sufrimiento por amor a los dem\u00e1s.<\/p>\n<p>2. El segundo ejemplo es m\u00e1s familiar y est\u00e1 relacionado con la interpretaci\u00f3n de la obra de nuestro cohermano Justino de Jacobis en Etiop\u00eda en el siglo XIX. Con todo el respeto al \u00faltimo de los libros escritos sobre \u00e9l por Alaazar Abraha, MCCJ,<span id='easy-footnote-3-40457' class='easy-footnote-margin-adjust'><\/span><span class='easy-footnote'><a href='http:\/\/vincentians.com\/es\/inculturacion-y-el-carisma-vicenciano-una-vision-general\/#easy-footnote-bottom-3-40457' title='San Justino de Jacobis. Publicaciones Paulinas Africa. 1995. Ver Cap. V.'><sup>3<\/sup><\/a><\/span> estoy en desacuerdo con el autor cuando trata de hacernos creer que Justino de Jacobis viv\u00eda ya la doctrina del Vaticano II y del Post Vaticano II sobre \u00abinculturaci\u00f3n\u00bb. Justino de Jacobis, ni la vivi\u00f3, ni pudo vivirla. Fue un hombre admirable y ejemplar en cuanto a la \u00abaculturaci\u00f3n, asimilaci\u00f3n o adaptaci\u00f3n\u00bb, ya que aprendi\u00f3 varias lenguas et\u00edopes y respet\u00f3 la cultura et\u00edope. Se adapt\u00f3 a las condiciones del lugar: se visti\u00f3 y comi\u00f3 como lo hac\u00edan los Et\u00edopes, anduvo con sandalias fabricadas en el lugar y vivi\u00f3 en unas condiciones que rayaban en lo imposible. Pudo hacer esto porque su amor a Cristo era su \u00abfuerza motriz\u00bb, pero su \u00abvisi\u00f3n energ\u00e9tica\u00bb resid\u00eda en que la Iglesia Ortodoxa Et\u00edope era her\u00e9tica y deb\u00eda ser conducida de vuelta a Roma, la \u00fanica y verdadera Iglesia de Cristo. \u00c9l no pod\u00eda pensar de otra manera porque era un hombre de su tiempo. Vivi\u00f3 la eclesiolog\u00eda de su tiempo y no pudo haber le\u00eddo lo que se escribe hoy d\u00eda (\u00a1 y que a\u00fan hoy se entiende a medias!) sobre el concepto de \u00abIglesias Hermanas\u00bb.<\/p>\n<p>\u00abInculturaci\u00f3n\u00bb para Justino de Jacobis, hubiera significado mucho m\u00e1s que adaptar la liturgia y darle la apariencia de la liturgia de la Iglesia Ortodoxa Et\u00edope. Hubiera significado llegar a ser uno de los monjes de la Iglesia Ortodoxa y reconocer que la verdad total de Cristo se encontraba ya all\u00ed: una forma de cristianismo nacido, moldeado y crecido en Etiop\u00eda, una Iglesia verdaderamente inculturada, una Iglesia del pueblo de Etiop\u00eda.<\/p>\n<p>Por lo tanto, \u00bfqu\u00e9 entendemos nosotros cuando hablamos de inculturaci\u00f3n en nuestro contexto? De una multitud de posibles definiciones escojo la siguiente:<\/p>\n<p><strong>Inculturaci\u00f3n es \u00abconectar el evangelio a este mundo terreno\u00bb o \u00abenraizar la fe en las culturas locales\u00bb. Es el proceso por el que el pueblo de una cierta cultura puede vivir, expresar, celebrar, formular, y comunicar su fe cristiana y su experiencia del Misterio Pascual en t\u00e9rminos (ling\u00fc\u00edsticos, simb\u00f3licos, sociales, etc.) que tienen mayor sentido y encierran vida y verdad en su entorno social y cultural.<\/strong><\/p>\n<h2><strong>II. Inculturaci\u00f3n en la doctrina de la iglesia<\/strong><\/h2>\n<p><strong>\u00bfC\u00f3mo fomentan la \u00abinculturaci\u00f3n\u00bb<\/strong> las autoridades de la Iglesia Cat\u00f3lica Romana? El Vaticano II facilit\u00f3 la apertura al proceso de inculturaci\u00f3n cuando dijo \u00abla semilla de la Palabra\u00bb se encuentra ya contenida en las diferentes culturas y en las diferentes tradiciones.<span id='easy-footnote-4-40457' class='easy-footnote-margin-adjust'><\/span><span class='easy-footnote'><a href='http:\/\/vincentians.com\/es\/inculturacion-y-el-carisma-vicenciano-una-vision-general\/#easy-footnote-bottom-4-40457' title='Vat. II AAS 58.'><sup>4<\/sup><\/a><\/span> Pero, poco se ha hecho despu\u00e9s del Vaticano II como los Te\u00f3logos Africanos se quejan: \u00abDespu\u00e9s del Vaticano II, a pesar de una creciente toma de conciencia sobre la inculturaci\u00f3n, en la pr\u00e1ctica se ha dejado muy poco espacio para implementar la inculturaci\u00f3n. En realidad lo que se ha seguido es el modelo de una mera adaptaci\u00f3n de unos pocos valores Africanos seleccionados a los valores cristianos, y una mera traslaci\u00f3n de valores \u00abCristianos\u00bb a los valores Africanos. La inculturaci\u00f3n, tanto en su concepto como en su realizaci\u00f3n concreta, se ha restringido a ciertas celebraciones lit\u00fargicas y a meras formas externas en toda esta \u00e1rea.<span id='easy-footnote-5-40457' class='easy-footnote-margin-adjust'><\/span><span class='easy-footnote'><a href='http:\/\/vincentians.com\/es\/inculturacion-y-el-carisma-vicenciano-una-vision-general\/#easy-footnote-bottom-5-40457' title='A.B.T. Byaruhanga-Akiiki, y Al., en Cast away fear en New people, Marzo-Abril, 1994.'><sup>5<\/sup><\/a><\/span>\n<p>Quiz\u00e1s se ha hecho poco, pero obviamente el pensamiento ha seguido progresando. Encontramos un tratado sobre este tema con palabras sorprendentes y animadoras en \u00abLa Iglesia en Africa,<span id='easy-footnote-6-40457' class='easy-footnote-margin-adjust'><\/span><span class='easy-footnote'><a href='http:\/\/vincentians.com\/es\/inculturacion-y-el-carisma-vicenciano-una-vision-general\/#easy-footnote-bottom-6-40457' title='Ecclesia en \u00c1frica (EA), 1995.'><sup>6<\/sup><\/a><\/span> la Exhortaci\u00f3n Apost\u00f3lica postsinodal de Juan Pablo II, en donde uno de los cinco temas principales trata de la \u00abinculturaci\u00f3n\u00bb.<span id='easy-footnote-7-40457' class='easy-footnote-margin-adjust'><\/span><span class='easy-footnote'><a href='http:\/\/vincentians.com\/es\/inculturacion-y-el-carisma-vicenciano-una-vision-general\/#easy-footnote-bottom-7-40457' title='EA C. III.'><sup>7<\/sup><\/a><\/span>\n<p>Est\u00e1 oficialmente reconocido que Cristo est\u00e1 presente en cualquier pueblo y en cualquier cultura. Los misioneros no traen a Cristo. \u00abLo suyo es un eco del Evangelio\u00bb en las profundidades de la experiencia humana, seg\u00fan palabras de Edward Schillebeeckx. O como sugiere Michael Amaladoss: Toda cultura est\u00e1 animada por una religi\u00f3n que responde a las preguntas m\u00e1s esenciales\u00bb.<span id='easy-footnote-8-40457' class='easy-footnote-margin-adjust'><\/span><span class='easy-footnote'><a href='http:\/\/vincentians.com\/es\/inculturacion-y-el-carisma-vicenciano-una-vision-general\/#easy-footnote-bottom-8-40457' title='Informe IMU Julio-Agosto 1994.'><sup>8<\/sup><\/a><\/span> En la actualidad el reto es \u00abAfricanizar el cristianismo\u00bb m\u00e1s bien que \u00abCristianizar Africa\u00bb. Escuchemos lo que nos dice el S\u00ednodo Africano:<\/p>\n<p>\u00abEl Concilio Vaticano II, bas\u00e1ndose en el misterio de la Encarnaci\u00f3n, pidi\u00f3 que se asumiese por las Iglesias j\u00f3venes una inculturaci\u00f3n de \u00abla semilla que es la Palabra de Dios\u00bben todos los sectores principales del campo socio-cultural\u00bb.<span id='easy-footnote-9-40457' class='easy-footnote-margin-adjust'><\/span><span class='easy-footnote'><a href='http:\/\/vincentians.com\/es\/inculturacion-y-el-carisma-vicenciano-una-vision-general\/#easy-footnote-bottom-9-40457' title='Lineamenta.'><sup>9<\/sup><\/a><\/span> Y el \u00abInstrumentum Laboris\u00bb contin\u00faa: El Esp\u00edritu Santo siembra las semillas de la Palabra y dirige las culturas y religiones humanas \u00abdesde dentro\u00bb hacia su total realizaci\u00f3n en Cristo\u00bb. Seg\u00fan palabras de Juan Pablo II, la \u00abLineamenta\u00bb del S\u00ednodo Africano de 1994 llama a \u00abun di\u00e1logo activo entre fe y cultura que es necesario en todos los niveles de la proclamaci\u00f3n del mensaje cristiano.\u00bb En el \u00abMensaje Final\u00bb del S\u00ednodo Africano de 1994 leemos las siguientes palabras estimulantes dirigidas a los te\u00f3logos Africanos: \u00abVuestra misi\u00f3n es una misi\u00f3n noble y grande al servicio de la inculturaci\u00f3n, que es el lugar de trabajo m\u00e1s importante para el desarrollo de la teolog\u00eda Africana. Hab\u00e9is empezado ya a presentar una lectura Africana del Misterio de Cristo. Los conceptos de Iglesia-Familia, Iglesia-Hermandad, son frutos de vuestro trabajo en contacto con la experiencia Cristiana del Pueblo de Dios en \u00c1frica.\u00bb<\/p>\n<p>El reto de la inculturaci\u00f3n es ir m\u00e1s all\u00e1 de cambios superficiales en liturgia o s\u00edmbolos hacia una inculturaci\u00f3n pastoral total y completa que tiene carne y sangre Africana.<span id='easy-footnote-10-40457' class='easy-footnote-margin-adjust'><\/span><span class='easy-footnote'><a href='http:\/\/vincentians.com\/es\/inculturacion-y-el-carisma-vicenciano-una-vision-general\/#easy-footnote-bottom-10-40457' title='Hacia una teolog\u00eda oral Africana. J. Healy. MM. y D. Sybert. MM Publicaciones Paulinas, 1996.'><sup>10<\/sup><\/a><\/span> Cuando el proceso de inculturaci\u00f3n lo abarca todo, para poder pretender alguna autoridad, debe llevar tambi\u00e9n la fuerza interna de enriquecer a la Iglesia universal. \u00abLa Iglesia en \u00c1frica, habiendo llegado a ser una \u2018nueva patria para Cristo\u2019, es ahora responsable de la evangelizaci\u00f3n del continente y del mundo.\u00bb<span id='easy-footnote-11-40457' class='easy-footnote-margin-adjust'><\/span><span class='easy-footnote'><a href='http:\/\/vincentians.com\/es\/inculturacion-y-el-carisma-vicenciano-una-vision-general\/#easy-footnote-bottom-11-40457' title='ES 56'><sup>11<\/sup><\/a><\/span> Y \u00abninguna Iglesia particular, ni a\u00fan la m\u00e1s pobre, puede ser dispensada de esta obligaci\u00f3n de compartir su personal, as\u00ed como tambi\u00e9n sus recursos espirituales y temporales, con otras Iglesias particulares y con la Iglesia Universal\u00bb.<span id='easy-footnote-12-40457' class='easy-footnote-margin-adjust'><\/span><span class='easy-footnote'><a href='http:\/\/vincentians.com\/es\/inculturacion-y-el-carisma-vicenciano-una-vision-general\/#easy-footnote-bottom-12-40457' title='EA 129'><sup>12<\/sup><\/a><\/span>\n<p>El significado m\u00e1s profundo de la inculturaci\u00f3n est\u00e1 respaldado en su validez por un testimonio inesperado. Observad lo que dice la Comisi\u00f3n B\u00edblica Pontificia:<\/p>\n<p>\u00abLos misioneros, de hecho, no pueden evitar el llevar la Palabra de Dios en la forma en que ha sido inculturada en sus propios pa\u00edses de origen. Las Iglesias nuevas locales tienen que esforzarse por traducir esta forma extranjera de inculturaci\u00f3n b\u00edblica a otra forma que corresponda m\u00e1s estrechamente a la cultura de su propio pa\u00eds.\u00bb<\/p>\n<p>Y sigue: Existen motivos para alegrarse al ver la Biblia en manos de personas de condici\u00f3n humilde y de los pobres; ellos pueden aportar a su interpretaci\u00f3n y a su actualizaci\u00f3n una luz m\u00e1s penetrante, desde un punto de vista espiritual y existencial, que la que procede de una ense\u00f1anza basada \u00fanicamente en sus propios recursos.\u00bb<span id='easy-footnote-13-40457' class='easy-footnote-margin-adjust'><\/span><span class='easy-footnote'><a href='http:\/\/vincentians.com\/es\/inculturacion-y-el-carisma-vicenciano-una-vision-general\/#easy-footnote-bottom-13-40457' title='La interpretaci\u00f3n de la Biblia en la Iglesia. Comisi\u00f3n B\u00edblica Pontificia.'><sup>13<\/sup><\/a><\/span>\n<p>\u00a1Verdaderamente una confirmaci\u00f3n del privilegio epistemol\u00f3gico del pobre y del marginado!<\/p>\n<p>Las \u00abpalabras claves\u00bb en el proceso de inculturaci\u00f3n son:<\/p>\n<p><strong>Desde dentro<\/strong><\/p>\n<p>No algo superimpuesto como sol\u00eda suceder. El encuentro es entre \u00abLa Buena Noticia\u00bb (que nunca se presenta de una forma abstracta) y los pueblos. Son los pueblos quienes reciben \u00abLa Buena Noticia\u00bb que les lleva a la conversi\u00f3n. Los pueblos son a la vez, receptores y agentes. El transformar el Evangelio en carne y sangre de un pueblo puede ser \u00fanicamente tarea de ese mismo pueblo, el extranjero tiene que ser cauto, prudente y respetuoso. El es, mayormente, el observador en admiraci\u00f3n, ensalzando las cosas grandes que Dios ha hecho. Max Warren expresa muy bien esto mismo cuando dice: \u00abUna profunda humildad, gracias a la cual recordamos que Dios no ha dejado sin testigos a ninguna naci\u00f3n, en ninguna \u00e9poca. Cuando nos acercamos a un hombre de distinta fe que la nuestra, deberemos hacerlo con un esp\u00edritu de expectaci\u00f3n, tratando de descubrir c\u00f3mo le ha hablado Dios y qu\u00e9 nuevas comprensiones de la gracia y del amor de Dios podemos nosotros descubrir en este encuentro. Nuestra primera tarea, al ponernos en contacto con otros pueblos, otras culturas, otras religiones, es descalzarnos, porque el lugar al que nos acercamos es santo. De lo contrario, nosotros mismos nos encontraremos pisoteando los sue\u00f1os de los hombres. O todav\u00eda m\u00e1s grave, podemos olvidarnos de que Dios estaba aqu\u00ed antes nuestra llegada\u00bb[tondo].<\/p>\n<p><strong>A todos los niveles<\/strong><\/p>\n<p>No solamente liturgia, sino toda la gama de la creaci\u00f3n, palabras, expresiones, interpretaciones y vida, una vez que la gente est\u00e1 \u00abconquistada\u00bb por la Buena Noticia.<\/p>\n<p><strong>Permanente<\/strong>, porque no hay cultura hoy que permanezca est\u00e1tica o en aislamiento. El roce continuo de una con otra origina una continua interdependencia que va en aumento y pide un cambio continuo[tondo].<\/p>\n<p><strong>Enriquecedora<\/strong>,como resultado del Evangelio inculturado debe ser capaz de regeneraci\u00f3n y de ser contemplada como enriquecedora de toda la Iglesia en su universalidad[tondo].<\/p>\n<h2><strong>III. Que entiendo yo por el t\u00e9rmino carisma vicenciano<\/strong><\/h2>\n<p>Nuestro Superior General en su libro, \u00abEl Camino de San Vicente de Pa\u00fal\u00bb, ofrece un breve esquema de la espiritualidad Vicenciana vista seg\u00fan nuestras Constituciones de 1984. Estas son sus palabras:<\/p>\n<p>El esp\u00edritu vicenciano es el esp\u00edritu de Cristo enviado a anunciar la Buena Nueva a los pobres tal como aparece en las ense\u00f1anzas evang\u00e9licas seg\u00fan se explican en las Reglas Comunes resumidas en el amor y reverencia hacia el Padre, amor compasivo y efectivo por los pobres, docilidad a la Divina Providencia, Sencillez, Humildad, Mansedumbre, Mortificaci\u00f3n, Celo por la Salvaci\u00f3n de las Almas. \u00abJesucristo es la Regla de la Misi\u00f3n y el centro de su vida y actividad.[tondo]\n<p>Los elementos de la espiritualidad Vicenciana parecen ser los siguientes:<\/p>\n<p><strong>\u00abEnraizamiento en Cristo\u00bb<\/strong> seg\u00fan se presenta en el Evangelio. Su amor al Padre hizo conformar su voluntad con la de su Padre cuyo amor por la humanidad fue vivido por \u00c9l de manera efectiva.<\/p>\n<p>\u00ab<strong>Deseo de seguir a Cristo<\/strong>\u00bb viviendo Su misi\u00f3n seg\u00fan nuestras reglas comunes.<\/p>\n<p>1. Qu\u00e9 es tan especial para nosotros, como Hijos de San Vicente, en lo expuesto m\u00e1s arriba, se me escapa a mi comprensi\u00f3n, y siempre se me ha escapado. La historia muestra claramente que conforme la comprensi\u00f3n de su misi\u00f3n disminu\u00eda en claridad, por parte de los cristianos, aparec\u00edan ciertos grupos que se compromet\u00edan a predicar la Buena Nueva de amor y liberaci\u00f3n a trav\u00e9s de Cristo. Tomaban a su cargo la tarea que cada cristiano promet\u00eda en el bautismo, a saber: seguir a Cristo y ser misionero. La aparici\u00f3n de estos grupos de<\/p>\n<p>\u00abespecialistas\u00bb que pretend\u00edan una completa compresi\u00f3n y compromiso a la difusi\u00f3n de la Buena Noticia, aseguraba que los laicos fueran \u00abmantenidos en su puesto\u00bb y gobernados (no s\u00f3lo espiritualmente) por los miembros \u00abelite\u00bb de la Iglesia que comenzaron a dictar que se deb\u00eda hacer para heredar la vida eterna.<\/p>\n<p>Esta es la raz\u00f3n por la que la Iglesia Cat\u00f3lica tiene tantas Congregaciones Religiosas y Sociedades Apost\u00f3licas y esta es tambi\u00e9n la raz\u00f3n por la que la Congregaci\u00f3n de la Misi\u00f3n fue fundada por San Vicente de Pa\u00fal conmovido por la situaci\u00f3n de Folleville, que \u00e9l describe con tanta viveza.<\/p>\n<p>En resumen, nosotros Vicencianos, existimos porque los cristianos no viven sus compromisos como deber\u00edan. Es decir, vivir una vida totalmente dedicada a propagar el mensaje de Cristo, que es un mensaje de misericordia, de amor y de liberaci\u00f3n. No hay otro modo de seguir a Cristo si no es el que prometimos en el bautismo.<\/p>\n<p>\u00bfQuiere decir acaso con esta manera de pensar que la fundaci\u00f3n de nuestra Sociedad se hace a\u00f1icos? De ninguna manera, porque el hombre vive en la historia, y a la historia no se la puede dar la vuelta. Tenemos un lugar en la historia, y as\u00ed tenemos un lugar en la historia de la salvaci\u00f3n. Todo lo que he intentado es poner nuestra existencia en una perspectiva hist\u00f3rica para evitar poner demasiado \u00e9nfasis en nuestra importancia y para prepararnos para un posible futuro en una situaci\u00f3n de superfluidad.<\/p>\n<p>2. Dejando las consideraciones expuestas m\u00e1s arriba por lo que valen, otra consideraci\u00f3n que nos debemos hacer es \u00bfqu\u00e9 nos hace a nosotros, Vicencianos, tan diferentes a otras Sociedades Apost\u00f3licas, las cuales, cuando las estudiamos cuidadosamente, vemos que tienen una estructura organizativa semejante a la nuestra, viven la misma vida de comunidad que nosotros, y en general est\u00e1n comprometidos en unas actividades tambi\u00e9n semejantes a las nuestras? Padres de la Consolata, Padres Combonianos. etc.. \u00bfCual es el carisma que nos diferencia a nosotros de ellos? Cuando, hace ya varios a\u00f1os, durante unos ejercicios espirituales en Etiop\u00eda le hicimos esta misma pregunta a nuestro actual Superior General, la respuesta fue: \u00abel sabor\u00bb (condimento). La sopa de pollo que hace un cocinero tiene distinto sabor que la sopa de pollo que prepara otro cocinero, si bien la sustancia es la misma.<\/p>\n<p>3. Yo, por lo tanto, veo la sustancia de nuestra Sociedad como:<\/p>\n<p>a. Enraizamiento en Cristo, el Evangelizador<\/p>\n<p>b. Deseo de seguirle en su misi\u00f3n de adhesi\u00f3n a la voluntad de su Padre y en su amor efectivo al pr\u00f3jimo.<\/p>\n<p>Los 4 votos son la expresi\u00f3n de nuestro enraizamiento y deseo y las 5 virtudes (las cinco piedras preciosas de San Vicente de Pa\u00fal) son el camino o el modo en los que vivimos nuestro enraizamiento y decisi\u00f3n.<\/p>\n<p>Todo esto est\u00e1 entrelazado con el sabor del Carisma Vicenciano: nuestra tradici\u00f3n seg\u00fan est\u00e1 expresada en los Estatutos y en las Reglas Comunes. Este sabor puesto por San Vicente de Pa\u00fal en 1625 se cambi\u00f3 y ampli\u00f3 seg\u00fan la visi\u00f3n de los Superiores Generales que han seguido y de otros sabios int\u00e9rpretes del ahora santo, Vicente de Pa\u00fal.<\/p>\n<h2><strong>IV. Adonde nos lleva la aplicaci\u00f3n de la inculturaci\u00f3n a nuestro carisma vicenciano<\/strong><\/h2>\n<p>1. As\u00ed como la Iglesia Cat\u00f3lica Romana tuvo su nacimiento en Occidente con todas sus estructuras, as\u00ed tambi\u00e9n nuestra Congregaci\u00f3n lo tuvo en el Occidente y estuvo condicionada por la cultura de la Francia del siglo XVII y por la Iglesia de aquel tiempo.<\/p>\n<p>La Iglesia Cat\u00f3lica Romana pens\u00f3 de s\u00ed misma y trat\u00f3 de convencer tambi\u00e9n a otros que representaba todas las aspiraciones de Cristo y lleg\u00f3 hasta decir que \u00abextra ecclesiam nulla salus\u00bb. Sus leyes, interpretaciones, teolog\u00eda, etc. iban dirigidas y se aplicaban donde la Iglesia estaba establecida. Ser misionero, por lo tanto, significaba tener la fortaleza f\u00edsica para resistir, m\u00e1s bien que para tener un esp\u00edritu y una mente flexibles, porque todo lo que necesitaban los misioneros lo llevaban en el saco de conocimientos que hab\u00edan adquirido durante el tiempo de su formaci\u00f3n. La fe Cat\u00f3lica, tal como se encontraba en el Occidente, estaba preparada para la exportaci\u00f3n. Ni siquiera se consideraba la posibilidad de que otras Iglesias cristianas tuvieran el mero derecho de existir.<\/p>\n<p>En l\u00edneas generales este era el modo de pensar hasta la mitad de este siglo, cuando, gracias al Vaticano II, empezaron a verse nuevos horizontes en lontananza, de los que habla nuestro Superior General en su libro \u00abEl Camino de Vicente de Pa\u00fal\u00bb.<span id='easy-footnote-14-40457' class='easy-footnote-margin-adjust'><\/span><span class='easy-footnote'><a href='http:\/\/vincentians.com\/es\/inculturacion-y-el-carisma-vicenciano-una-vision-general\/#easy-footnote-bottom-14-40457' title='p. C. III aprt. II, p\u00e1gs. 90-96.'><sup>14<\/sup><\/a><\/span> Y esto de una forma muy moderada cfr. el regateo sobre el t\u00e9rmino: \u00absubsiste en&#8230;\u00bb<span id='easy-footnote-15-40457' class='easy-footnote-margin-adjust'><\/span><span class='easy-footnote'><a href='http:\/\/vincentians.com\/es\/inculturacion-y-el-carisma-vicenciano-una-vision-general\/#easy-footnote-bottom-15-40457' title='LC I.'><sup>15<\/sup><\/a><\/span> durante el debate sobre la Iglesia en el Vaticano II.<\/p>\n<p>Por lo tanto, no es extra\u00f1o que nuestra Congregaci\u00f3n siguiese el mismo modelo y que los Franceses la hayan dirigido durante tanto tiempo a su manera, lo mismo que los Occidentales hacen todav\u00eda hoy lo que les parece bien. Donde quiera que la Congreagaci\u00f3n se estableci\u00f3 se trajeron todas las tradiciones, interpretaciones y formas de vivir para implantarlos en los nuevos pa\u00edses.<\/p>\n<p>2. He resaltado que las principales caracter\u00edsticas del proceso de inculturaci\u00f3n son las siguientes:<\/p>\n<ul>\n<li>desde dentro<\/li>\n<li>en todos los niveles<\/li>\n<li>permanente<\/li>\n<li>enriquecedora<\/li>\n<\/ul>\n<p>Si estas caracter\u00edsticas son v\u00e1lidas cuando se trata de la propagaci\u00f3n del evangelio a culturas diferentes, tambi\u00e9n pueden y deben aplicarse a la extensi\u00f3n de la espiritualidad Vicenciana, su tradici\u00f3n y carisma fuera del marco Occidental (y tambi\u00e9n a diferentes culturas en las misma sociedad Occidental).<\/p>\n<p><strong> a. Desde dentro<\/strong><\/p>\n<p>\u00abQuiero animar, en particular, a los responsables de la formaci\u00f3n, tanto la inicial como la permanente, a que usen este documento como un medio para una mayor inculturaci\u00f3n de nuestra tradici\u00f3n Vicenciana, votos, y espiritualidad, dentro de nuestras propias circunstancias locales.\u00bb<\/p>\n<p>Esas son las palabras de nuestro Superior General con ocasi\u00f3n de presentar la nueva edici\u00f3n de \u00abInstrucci\u00f3n sobre los Votos\u00bb. Quien puede estar en mejor posici\u00f3n para inculturar la tradici\u00f3n Vicenciana a los circunstancias locales que aquellos que conocen \u00abesas circunstancias\u00bb (cultura). En Africa son los Vicentinos Africanos, en Etiop\u00eda son los Vicentinos Et\u00edopes, en la cultura Oromo son los vicentinos Oromos. Nosotros forasteros podemos animar y por lo dem\u00e1s, debemos permanecer esperando con temor reverencial el resultado de un \u00abdi\u00e1logo creativo\u00bb que con el tiempo llegar\u00e1.<\/p>\n<p>Deseo hacer aqu\u00ed una observaci\u00f3n sobre la comisi\u00f3n encargada de la \u00abInstrucci\u00f3n\u00bb:<\/p>\n<p>Si la composici\u00f3n de la Comisi\u00f3n encargada de la preparaci\u00f3n de la Instrucci\u00f3n\u00bb hubiera sido m\u00e1s representativa, tal vez hubi\u00e9ramos encontrado en ella algunas insinuaciones de c\u00f3mo podr\u00edan inculturarse los votos (contextualizarse) en un contexto Africano, Asi\u00e1tico, etc. y la hegemon\u00eda hermen\u00e9utica de las elites acad\u00e9micas del Primer Mundo podr\u00edan haber empezado a derribarse.<\/p>\n<p><strong>b) En todos los niveles<\/strong><\/p>\n<p>No es solamente la espiritualidad la que ha de remodelarse de acuerdo con las \u00abcircunstancias locales,\u00bb sino toda la gama de Constituciones, Estatutos, Reglas Comunes, Votos, Formaci\u00f3n tanto inicial como permanente, actitud misionera, trabajos en los que estamos implicados, etc.. Todo se ha escudri\u00f1ar a la luz de la cultura predominante.<\/p>\n<p>Permitidme a\u00f1adir aqu\u00ed unas observaciones sobre:<\/p>\n<p><strong>Los Votos<\/strong><\/p>\n<p><strong>Pobreza<\/strong><\/p>\n<p>Juan Pablo II en su alocuci\u00f3n a los delegados de la 37 Asamblea General en 1986 nos pidi\u00f3 que \u00abbusc\u00e1ramos cada vez m\u00e1s con coraje, humildad y habilidad las causas de la pobreza y que se fomentasen soluciones a corto y a largo plazo.\u00bb<\/p>\n<p>\u00bfDonde nos encontramos nosotros, vicentinos, en el mundo de los grupos de presi\u00f3n en favor de los intereses de los pobres? Ser caritativo es muy bueno, erigir proyectos para habilitar ciertos grupos marginados es todav\u00eda mejor, pero \u00bfd\u00f3nde estamos nosotros, vicentinos, los abogados de los pobres, cuando hay que luchar contra las estructuras inhumanas que gobiernan el mundo? \u00bfQu\u00e9 hacemos contra las tendencias de liberaci\u00f3n en los pa\u00edses de Occidente? Le Pen se encuentra en todas las partes y a esos millones de personas que han hecho de Holanda, Alemania, Francia e Italia el \u00abpara\u00edso\u00bb de la prosperidad econ\u00f3mica ahora se les amenaza y se les acusa de vivir a costa de la gente \u00abreal\u00bb de estos pa\u00edses.<\/p>\n<p>\u00bfHay alg\u00fan vicentino involucrado con los grupos que tratan de motivar e influenciar en los pol\u00edticos y desactivar la amenaza de los \u00abcabezas rapadas\u00bb aunque estos vistan de traje y corbata? Donde estamos los vicentinos no Occidentales, cuando se trata de hacer o\u00edr nuestras voces en nuestros pa\u00edses donde la pol\u00edtica se utiliza para extraer riqueza a costa de los pobres, y donde la corrupci\u00f3n pol\u00edtica y econ\u00f3mica es desenfrenada?<\/p>\n<p><strong>Celibato<\/strong><\/p>\n<p>\u00bfC\u00f3mo podemos pedir a un joven Africano de 25 a\u00f1os que haga voto de celibato y que sea un sacerdote c\u00e9libe para el resto de su vida? \u00bfQui\u00e9n de nosotros est\u00e1 preparado a tirar la primera piedra cuando se trata de cumplir al pie de la letra el voto de castidad, dejando s\u00f3lo el esp\u00edritu? \u00bfEs justo (pr\u00e1ctico) pedir a nuestros estudiantes que se comprometan a algo que no pueden cumplir tal como se les presenta? El aire de \u00c1frica est\u00e1 saturado de un esp\u00edritu de fertilidad y de fecundidad, procreaci\u00f3n es algo innato en la naturaleza Africana y el estado actual de much\u00edsimos sacerdotes Africanos (y Obispos) en este aspecto grita por un cambio de la pol\u00edtica oficial. Esto no es decir que ellos no puedan vivir de acuerdo con el ideal, pero es decir que un ideal es \u00fanicamente un ideal. \u00abSed perfectos como vuestro Padre celestial es perfecto\u00bb. \u00bfQui\u00e9n del pueblo de Dios es capaz de vivir su ideal? Entonces, \u00bfpor que poner tanto \u00e9nfasis en el ideal del celibato? Cuando examinamos nuestras faltas diarias contra el esp\u00edritu y la letra de la pobreza, nadie se preocupa, pero tan pronto como alguien peca contra el celibato el infierno se desata y hablamos de un \u00abesc\u00e1ndolo p\u00fablico\u00bb. \u00bfNo somos un poquito demasiado Hip\u00f3critas en esto? Elevemos nuestra vista de la arena y veamos. Despu\u00e9s de ver, hemos de discernir y despu\u00e9s de discernir, actuemos.<\/p>\n<p><strong>Lo que podr\u00edan ser algunas posibilidades<\/strong>:<\/p>\n<p>&#8211; Dejar a la discreci\u00f3n del propio estudiante y de sus mentores el decidir cuando se han de hacer los votos y cuando se ha de ordenar: cierto tiempo de gracia individual.<\/p>\n<p>&#8211; Adoptar el sistema vigente entre los Jesuitas, v.g. hacer los votos despu\u00e9s del tercer a\u00f1o de noviciado, que puede tener lugar muchos a\u00f1os despu\u00e9s de la ordenaci\u00f3n.<\/p>\n<p>Empezar a trabajar al m\u00e1s alto nivel en la misma Africa y en Roma para que por lo menos un sacerdocio no c\u00e9libe tenga lugar en pa\u00edses con un tradici\u00f3n de la Iglesia Oriental donde encontramos sacerdotes casados junto con los sacerdotes\/monjes c\u00e9libes.<\/p>\n<p><strong>a<\/strong><strong>. Formaci\u00f3n<\/strong><\/p>\n<p>Los estudiantes han sido v\u00edctimas de \u00ablavados de cerebro\u00bb durante muchos a\u00f1os con una filosof\u00eda y teolog\u00eda procedente de las estanter\u00edas de Europa. Por ello, su aut\u00e9ntica manera de pensar e identidad teol\u00f3gica (Johm Mbiti) es sustituida por una forma estandarizada que les es extra\u00f1a, que corrompe sus mentes (Africanas), les desanima a coquetear con su manera de teologizaci\u00f3n orientada oralmente y les sit\u00faa en el sendero de la tradici\u00f3n de los Pa\u00edses de Occidente, considerada todav\u00eda como superior.<\/p>\n<p><strong>\u00bfC\u00f3mo romper este C\u00edrculo?<\/strong><\/p>\n<p>Por medio de un programa m\u00e1s creativo y m\u00e1s exigente en materia de reflexi\u00f3n en lo que concierne a la formaci\u00f3n al sacerdocio. Atrevi\u00e9ndose a ordenar sacerdotes enraizados a la vez en sus culturas y sobre todo enraizados en Cristo, a\u00fan careciendo de la filosof\u00eda y de la teolog\u00eda al estilo occidental. Si en realidad creemos en \u00ablas semillas de la Palabra\u00bb, dejemos que estos hombres y mujeres desarrollen una teolog\u00eda oral que hable al pueblo, que proyecte el eco de algo que viene de dentro, que suena a familiar (que pertenece a la familia). Y si es necesaria una sistematizaci\u00f3n en materia de manuales, hag\u00e1moslo cristalizar gradualmente para que crezca en autenticidad. \u00bfCree, en realidad, la Iglesia en la semilla de la Palabra? \u00abLa teolog\u00eda oral Africana es una realidad viva. Debemos aceptarlo. Tenemos que reconocer su papel en la vida total de la Iglesia. Es la expresi\u00f3n mejor articulada de la creatividad teol\u00f3gica en \u00c1frica. Esta forma de Teolog\u00eda da a la Iglesia cierta medida de identidad y de independencia teol\u00f3gica\u00bb.<span id='easy-footnote-16-40457' class='easy-footnote-margin-adjust'><\/span><span class='easy-footnote'><a href='http:\/\/vincentians.com\/es\/inculturacion-y-el-carisma-vicenciano-una-vision-general\/#easy-footnote-bottom-16-40457' title='J. Mbiti en Cattle Are Born With Ears. Their Horns Grow Later.'><sup>16<\/sup><\/a><\/span> \u00bfPor qu\u00e9 tener tanto miedo y no permitir su presencia? Si el cristianismo tiene alg\u00fan significado, significa estar libres de cualquier clase de miedo. Significa una verdadera liberaci\u00f3n, porque sabemos que el camino que seguimos est\u00e1 asfaltado con la \u00absemilla de la Palabra\u00bb que nos precede, aunque no la reconozcamos, y nos hace libres como un p\u00e1jaro.<\/p>\n<p>\u00bfPor qu\u00e9, entonces, nos aferramos a f\u00f3siles y residuos asfixiantes de un pasado de Occidente en nuestra formaci\u00f3n cuando tenemos completa libertad para experimentar y llegar a algo vivo, fresco y f\u00e9rtil? De nuevo, el miedo juega un papel importante, \u00abel miedo a lo diferente\u00bb, el miedo de ser \u2018excomulgado\u2019, de ser excluido de la comuni\u00f3n con \u2018los dem\u00e1s\u2019, la incertidumbre juega tambi\u00e9n su papel. Pero tambi\u00e9n los formadores en nuestros seminarios act\u00faan seg\u00fan sus puntos de vista y discernimiento, que, de nuevo, son muy limitados y de los pa\u00edses de Occidente, aun en muchos casos en que los profesores no son oriundos del Occidente. \u00bfCu\u00e1ntos de nuestros profesores no tienen t\u00edtulos de alguna Universidad de Roma? \u00bfCu\u00e1ndo vamos a dejar de enviar a nuestros cohermanos a centros de formaci\u00f3n de Occidente y atrevernos a vivir de nuestros propios recursos en Africa y Asia? Nuestros cohermanos y estudiantes \u00bfcu\u00e1ndo van a dajar de mirar al poderoso Occidente y verlo como algo ideal, como el \u00fanico verdadero, liberador y poderoso salvador?<\/p>\n<p>Existe un \u00abmoratorium\u00bb sobre el env\u00edo de estudiantes a instituciones de ense\u00f1anza del Occidente y yo hago una llamada a este grupo, que tengo delante de mi, a que formule una resoluci\u00f3n a este respecto.<\/p>\n<p>Es muy \u00fatil, igualmente, considerar tambi\u00e9n aqu\u00ed la instituci\u00f3n de Centros de Formaci\u00f3n Vicenciana m\u00e1s cerca de casa, en Africa, Iberoam\u00e9rica, y Asia para estimular un pensamiento Vicenciano del lugar y, de esta manera, facilitar el proceso de inculturaci\u00f3n.<\/p>\n<p><strong>b. En Misiones para grupos especiales<\/strong><\/p>\n<p>En la actualidad se han creado y se env\u00edan grupos internacionales a nuevos territororios de misi\u00f3n. Este es un proyecto sumamente dif\u00edcil en vista de lo que hemos dicho sobre inculturaci\u00f3n. La composici\u00f3n y flexibilidad de estos grupos necesita una atenci\u00f3n especial y no todos los que generosamente se ofrecen al Superior General est\u00e1n cualificados para ir. Vicente de Pa\u00fal pod\u00eda enviar a su gente a Madagascar, Polonia e Irlanda porque entonces hab\u00eda un \u00fanico m\u00f3dulo de ense\u00f1anza. En nuestros d\u00edas no podemos hacer esto, porque el m\u00f3dulo de ense\u00f1anza se debe hacer con sumo cuidado seg\u00fan el g\u00e9nero de actividades y requiere atenta escucha y gran humildad.<\/p>\n<p>El P. Donald Dorr mantiene que el trabajo en la vanguardia de la Iglesia significa salir del mundo familiar donde la Iglesia se encuentra en casa, e ir a \u00abmundos\u00bb diferentes que nos rodean.<span id='easy-footnote-17-40457' class='easy-footnote-margin-adjust'><\/span><span class='easy-footnote'><a href='http:\/\/vincentians.com\/es\/inculturacion-y-el-carisma-vicenciano-una-vision-general\/#easy-footnote-bottom-17-40457' title='Informe IMU Enero-Febrero 1994'><sup>17<\/sup><\/a><\/span>\n<p>Seg\u00fan mi parecer, se podr\u00eda poner m\u00e1s atenci\u00f3n a grupos concretos con necesidades especiales tienen su propio ambiente cultural muy espec\u00edfico, incluso cuando esto requiera abandonar algunos de los trabajos dignos y respetables que estamos realizando.<\/p>\n<p>Por mencionar s\u00f3lo algunos de esos grupos marginados y de cultura especial que claman por ayuda de vicentinos inspirados:<\/p>\n<ul>\n<li>Refugiados\/Desalojados<\/li>\n<li>Pacientes del SIDA y grupos de apoyo<\/li>\n<li>Negros en ghettos<\/li>\n<li>Grupos del Medio Ambiente<\/li>\n<li>Grupos pro-vida<\/li>\n<li>Prostituci\u00f3n Infantil<\/li>\n<li>Parados<\/li>\n<li>Drogadictos<\/li>\n<li>Homosexuales y Lesbianas[tondo]<\/li>\n<\/ul>\n<p><strong>c. Formaci\u00f3n Permanente<\/strong><\/p>\n<p>Cuando este proceso de inculturaci\u00f3n est\u00e1 en camino, es dif\u00edcil resistir la tentaci\u00f3n de cristalizar los resultados y ponerlos en blanco y negro. Nosotros, como seres humanos, necesitamos, en cualquier sociedad en que vivamos, reglas y normas. Es sumamente importante, sin embargo, conservar viva la flexibilidad y la comprensi\u00f3n, porque no s\u00f3lo son distintas las circunstancias de cultura a cultura, de un tiempo a otro, sino tambi\u00e9n de persona a persona. Cada persona est\u00e1 sujeta a sus propias \u00abcircunstancias\u00bb, que deben respetarse dentro de los l\u00edmites de ciertas leyes y normas.<\/p>\n<p><strong>d. Enriquecedora<\/strong><\/p>\n<p>Ninguna cultura, a pesar de lo que difiera de las dem\u00e1s, puede ser autosuficiente, pero, sin embargo, estar\u00e1 influenciada al menos por las culturas vecinas. En nuestros d\u00edas no existen culturas que no est\u00e9n familiarizadas con la Televisi\u00f3n, la radio o los peri\u00f3dicos. El mundo de los medios de comunicaci\u00f3n lo ha invadido todo. Es imperativo que las ventajas de una tradici\u00f3n Vicenciana inculturada tenga la facultad de realimentar la corriente existente y que toda la comunidad vicenciana se sienta m\u00e1s rica con ello.<\/p>\n<h2><strong>Conclusi\u00f3n<\/strong><\/h2>\n<p>S\u00e9 muy bien que no vivimos en una isla y que en la cadena de las Instituciones de la Iglesia se nos permite cambiar \u00fanicamente al paso que convenga a los m\u00e1s lentos. S\u00e9 tambi\u00e9n que cualquier cambio es doloroso y necesita tiempo. San Vicente de Pa\u00fal no aconsejaba pisar los talones de la Divina Providencia. Pero esto no deber\u00eda ser un obst\u00e1culo para seguir adelante con sabidur\u00eda y con el \u00absudor de nuestra frente\u00bb.<\/p>\n<p>\u00bfSer\u00eda \u00fatil asignar un grupo de personas, con visi\u00f3n, en cada continente que pudiese seguir y estimular el proceso de inculturaci\u00f3n en esos continentes?<\/p>\n<p>Mi \u00faltima pregunta es: \u00bfD\u00f3nde llegaremos y donde nos podr\u00eda llevar a nosotros Vicencianos este proceso de inculturaci\u00f3n? La respuesta es la siguiente:<\/p>\n<p>Siempre que, permanezcamos enraizados en Cristo, sigamos su Esp\u00edritu en su Misi\u00f3n, y confiemos en \u00c9l, seremos lo suficientemente flexibles y capaces de lograr por mucho tiempo abrazar toda clase de tradiciones Vicencianas inculturadas y reconocerlas como parte de nosotros mismos. En este proceso, es sumamente importante que recordemos constantemente nuestras limitaciones y que descansamos sobre \u00abpies de barro\u00bb.<\/p>\n","protected":false},"excerpt":{"rendered":"<p>Cuando nuestro Superior General me pidi\u00f3 que os hablara sobre este tema, primero lo pens\u00e9 un poco y despu\u00e9s decid\u00ed aceptar la oferta principalmente porque us\u00f3 la palabra \u00abconferencia\u00bb. Esto me hizo sentirme mejor: porque &#8230; <a href=\"http:\/\/vincentians.com\/es\/inculturacion-y-el-carisma-vicenciano-una-vision-general\/\" class=\"more-link\">Read More<\/a><\/p>\n","protected":false},"author":4,"featured_media":139413,"comment_status":"open","ping_status":"open","sticky":false,"template":"","format":"standard","meta":{"jetpack_post_was_ever_published":false,"_jetpack_newsletter_access":"","_jetpack_dont_email_post_to_subs":false,"_jetpack_newsletter_tier_id":0,"_jetpack_memberships_contains_paywalled_content":false,"_jetpack_memberships_contains_paid_content":false,"footnotes":"","jetpack_publicize_message":"","jetpack_publicize_feature_enabled":true,"jetpack_social_post_already_shared":true,"jetpack_social_options":{"image_generator_settings":{"template":"highway","default_image_id":0,"font":"","enabled":false},"version":2}},"categories":[28],"tags":[175,172],"class_list":["post-40457","post","type-post","status-publish","format-standard","has-post-thumbnail","hentry","category-formacion-vicenciana","tag-folleville","tag-pobreza"],"yoast_head":"<!-- This site is optimized with the Yoast SEO plugin v26.3 - https:\/\/yoast.com\/wordpress\/plugins\/seo\/ -->\n<title>Inculturaci\u00f3n y el carisma vicenciano: una visi\u00f3n general - Somos Vicencianos<\/title>\n<meta name=\"robots\" content=\"index, follow, max-snippet:-1, max-image-preview:large, max-video-preview:-1\" \/>\n<link rel=\"canonical\" href=\"http:\/\/vincentians.com\/es\/inculturacion-y-el-carisma-vicenciano-una-vision-general\/\" \/>\n<meta property=\"og:locale\" content=\"es_ES\" \/>\n<meta property=\"og:type\" content=\"article\" \/>\n<meta property=\"og:title\" content=\"Inculturaci\u00f3n y el carisma vicenciano: una visi\u00f3n general - Somos Vicencianos\" \/>\n<meta property=\"og:description\" content=\"Cuando nuestro Superior General me pidi\u00f3 que os hablara sobre este tema, primero lo pens\u00e9 un poco y despu\u00e9s decid\u00ed aceptar la oferta principalmente porque us\u00f3 la palabra \u00abconferencia\u00bb. Esto me hizo sentirme mejor: porque ... Read More\" \/>\n<meta property=\"og:url\" content=\"http:\/\/vincentians.com\/es\/inculturacion-y-el-carisma-vicenciano-una-vision-general\/\" \/>\n<meta property=\"og:site_name\" content=\"Somos Vicencianos\" \/>\n<meta property=\"article:publisher\" content=\"https:\/\/www.facebook.com\/WeAreVincentians\/\" \/>\n<meta property=\"article:author\" content=\"https:\/\/www.facebook.com\/JavierChento\" \/>\n<meta property=\"article:published_time\" content=\"2015-02-11T05:32:14+00:00\" \/>\n<meta property=\"article:modified_time\" content=\"2016-07-26T17:17:57+00:00\" \/>\n<meta name=\"author\" content=\"Francisco Javier Fern\u00e1ndez Chento\" \/>\n<meta name=\"twitter:card\" content=\"summary_large_image\" \/>\n<meta name=\"twitter:creator\" content=\"@https:\/\/twitter.com\/javierchento\" \/>\n<meta name=\"twitter:site\" content=\"@WeVincentians\" \/>\n<meta name=\"twitter:label1\" content=\"Escrito por\" \/>\n\t<meta name=\"twitter:data1\" content=\"Francisco Javier Fern\u00e1ndez Chento\" \/>\n\t<meta name=\"twitter:label2\" content=\"Tiempo de lectura\" \/>\n\t<meta name=\"twitter:data2\" content=\"28 minutos\" \/>\n<script type=\"application\/ld+json\" class=\"yoast-schema-graph\">{\"@context\":\"https:\/\/schema.org\",\"@graph\":[{\"@type\":\"Article\",\"@id\":\"http:\/\/vincentians.com\/es\/inculturacion-y-el-carisma-vicenciano-una-vision-general\/#article\",\"isPartOf\":{\"@id\":\"http:\/\/vincentians.com\/es\/inculturacion-y-el-carisma-vicenciano-una-vision-general\/\"},\"author\":{\"name\":\"Francisco Javier Fern\u00e1ndez Chento\",\"@id\":\"https:\/\/vincentians.com\/es\/#\/schema\/person\/9623ef4d9aa3b2dfb8c061f1499288f2\"},\"headline\":\"Inculturaci\u00f3n y el carisma vicenciano: una visi\u00f3n general\",\"datePublished\":\"2015-02-11T05:32:14+00:00\",\"dateModified\":\"2016-07-26T17:17:57+00:00\",\"mainEntityOfPage\":{\"@id\":\"http:\/\/vincentians.com\/es\/inculturacion-y-el-carisma-vicenciano-una-vision-general\/\"},\"wordCount\":5623,\"commentCount\":0,\"publisher\":{\"@id\":\"https:\/\/vincentians.com\/es\/#organization\"},\"image\":{\"@id\":\"http:\/\/vincentians.com\/es\/inculturacion-y-el-carisma-vicenciano-una-vision-general\/#primaryimage\"},\"thumbnailUrl\":\"\",\"keywords\":[\"Folleville\",\"Pobreza\"],\"articleSection\":[\"Formaci\u00f3n Vicenciana\"],\"inLanguage\":\"es\",\"potentialAction\":[{\"@type\":\"CommentAction\",\"name\":\"Comment\",\"target\":[\"http:\/\/vincentians.com\/es\/inculturacion-y-el-carisma-vicenciano-una-vision-general\/#respond\"]}]},{\"@type\":\"WebPage\",\"@id\":\"http:\/\/vincentians.com\/es\/inculturacion-y-el-carisma-vicenciano-una-vision-general\/\",\"url\":\"http:\/\/vincentians.com\/es\/inculturacion-y-el-carisma-vicenciano-una-vision-general\/\",\"name\":\"Inculturaci\u00f3n y el carisma vicenciano: una visi\u00f3n general - Somos Vicencianos\",\"isPartOf\":{\"@id\":\"https:\/\/vincentians.com\/es\/#website\"},\"primaryImageOfPage\":{\"@id\":\"http:\/\/vincentians.com\/es\/inculturacion-y-el-carisma-vicenciano-una-vision-general\/#primaryimage\"},\"image\":{\"@id\":\"http:\/\/vincentians.com\/es\/inculturacion-y-el-carisma-vicenciano-una-vision-general\/#primaryimage\"},\"thumbnailUrl\":\"\",\"datePublished\":\"2015-02-11T05:32:14+00:00\",\"dateModified\":\"2016-07-26T17:17:57+00:00\",\"breadcrumb\":{\"@id\":\"http:\/\/vincentians.com\/es\/inculturacion-y-el-carisma-vicenciano-una-vision-general\/#breadcrumb\"},\"inLanguage\":\"es\",\"potentialAction\":[{\"@type\":\"ReadAction\",\"target\":[\"http:\/\/vincentians.com\/es\/inculturacion-y-el-carisma-vicenciano-una-vision-general\/\"]}]},{\"@type\":\"ImageObject\",\"inLanguage\":\"es\",\"@id\":\"http:\/\/vincentians.com\/es\/inculturacion-y-el-carisma-vicenciano-una-vision-general\/#primaryimage\",\"url\":\"\",\"contentUrl\":\"\"},{\"@type\":\"BreadcrumbList\",\"@id\":\"http:\/\/vincentians.com\/es\/inculturacion-y-el-carisma-vicenciano-una-vision-general\/#breadcrumb\",\"itemListElement\":[{\"@type\":\"ListItem\",\"position\":1,\"name\":\"Portada\",\"item\":\"https:\/\/vincentians.com\/es\/\"},{\"@type\":\"ListItem\",\"position\":2,\"name\":\"Inculturaci\u00f3n y el carisma vicenciano: una visi\u00f3n general\"}]},{\"@type\":\"WebSite\",\"@id\":\"https:\/\/vincentians.com\/es\/#website\",\"url\":\"https:\/\/vincentians.com\/es\/\",\"name\":\"Somos Vicencianos\",\"description\":\"Know more to serve more\",\"publisher\":{\"@id\":\"https:\/\/vincentians.com\/es\/#organization\"},\"potentialAction\":[{\"@type\":\"SearchAction\",\"target\":{\"@type\":\"EntryPoint\",\"urlTemplate\":\"https:\/\/vincentians.com\/es\/?s={search_term_string}\"},\"query-input\":{\"@type\":\"PropertyValueSpecification\",\"valueRequired\":true,\"valueName\":\"search_term_string\"}}],\"inLanguage\":\"es\"},{\"@type\":\"Organization\",\"@id\":\"https:\/\/vincentians.com\/es\/#organization\",\"name\":\"The Vincentian Network\",\"url\":\"https:\/\/vincentians.com\/es\/\",\"logo\":{\"@type\":\"ImageObject\",\"inLanguage\":\"es\",\"@id\":\"https:\/\/vincentians.com\/es\/#\/schema\/logo\/image\/\",\"url\":\"https:\/\/i1.wp.com\/vincentians.com\/es\/wp-content\/uploads\/sites\/11\/2016\/06\/Vincentian-Network-logo-big.png?fit=778%2C778\",\"contentUrl\":\"https:\/\/i1.wp.com\/vincentians.com\/es\/wp-content\/uploads\/sites\/11\/2016\/06\/Vincentian-Network-logo-big.png?fit=778%2C778\",\"width\":778,\"height\":778,\"caption\":\"The Vincentian Network\"},\"image\":{\"@id\":\"https:\/\/vincentians.com\/es\/#\/schema\/logo\/image\/\"},\"sameAs\":[\"https:\/\/www.facebook.com\/WeAreVincentians\/\",\"https:\/\/x.com\/WeVincentians\"]},{\"@type\":\"Person\",\"@id\":\"https:\/\/vincentians.com\/es\/#\/schema\/person\/9623ef4d9aa3b2dfb8c061f1499288f2\",\"name\":\"Francisco Javier Fern\u00e1ndez Chento\",\"image\":{\"@type\":\"ImageObject\",\"inLanguage\":\"es\",\"@id\":\"https:\/\/vincentians.com\/es\/#\/schema\/person\/image\/\",\"url\":\"https:\/\/secure.gravatar.com\/avatar\/497d5cde87b4c3d097d0315953521681ba2cd523ee66e5077c3711f7021e65de?s=96&d=mm&r=g\",\"contentUrl\":\"https:\/\/secure.gravatar.com\/avatar\/497d5cde87b4c3d097d0315953521681ba2cd523ee66e5077c3711f7021e65de?s=96&d=mm&r=g\",\"caption\":\"Francisco Javier Fern\u00e1ndez Chento\"},\"description\":\"Director General y cofundador de La Red de Formaci\u00f3n Vicenciana. Javier es laico vicenciano, afiliado a la Congregaci\u00f3n de la Misi\u00f3n y miembro del Equipo de Misiones Populares de la provincia can\u00f3nica de Zaragoza (Espa\u00f1a) de la Congregaci\u00f3n de la Misi\u00f3n. Graduado en la Universidad Oberta de Catalunya con cuatro grados (Asistente de direcci\u00f3n, Gesti\u00f3n Administrativa, Recursos Humanos y Contabilidad Avanzada). Bil\u00edng\u00fce Espa\u00f1ol\/Ingl\u00e9s. gestiona y mantiene varias p\u00e1ginas web cristianas y vicencianas, incluida including La Red de Formaci\u00f3n Vicenciana, de la que es cofundador. Actualmente es responsable del \u00e1rea de Espa\u00f1ol de .famvin, la Red de Noticias de la Familia Vicenciana. Tambi\u00e9n es m\u00fasico cat\u00f3lico y ha editado varios discos. Es Director General y cofundador de Trovador, una reconocida compa\u00f1\u00eda discogr\u00e1fica critiana de Espa\u00f1a. Trabaja en las Tecnolog\u00edas de la Informaci\u00f3n, ofreciendo servicios de alojamiento, dise\u00f1o y mantenimiento Web, as\u00ed como asesoramiento, formaci\u00f3n y soluciones inform\u00e1ticas, gesti\u00f3n documental y digitalizaci\u00f3n de textos, edici\u00f3n y maquetaci\u00f3n de libros, revistas, flyers, etc.\",\"sameAs\":[\"http:\/\/chento.org\",\"https:\/\/www.facebook.com\/JavierChento\",\"https:\/\/x.com\/https:\/\/twitter.com\/javierchento\"],\"url\":\"http:\/\/vincentians.com\/es\/author\/chento\/\"}]}<\/script>\n<!-- \/ Yoast SEO plugin. -->","yoast_head_json":{"title":"Inculturaci\u00f3n y el carisma vicenciano: una visi\u00f3n general - Somos Vicencianos","robots":{"index":"index","follow":"follow","max-snippet":"max-snippet:-1","max-image-preview":"max-image-preview:large","max-video-preview":"max-video-preview:-1"},"canonical":"http:\/\/vincentians.com\/es\/inculturacion-y-el-carisma-vicenciano-una-vision-general\/","og_locale":"es_ES","og_type":"article","og_title":"Inculturaci\u00f3n y el carisma vicenciano: una visi\u00f3n general - Somos Vicencianos","og_description":"Cuando nuestro Superior General me pidi\u00f3 que os hablara sobre este tema, primero lo pens\u00e9 un poco y despu\u00e9s decid\u00ed aceptar la oferta principalmente porque us\u00f3 la palabra \u00abconferencia\u00bb. Esto me hizo sentirme mejor: porque ... Read More","og_url":"http:\/\/vincentians.com\/es\/inculturacion-y-el-carisma-vicenciano-una-vision-general\/","og_site_name":"Somos Vicencianos","article_publisher":"https:\/\/www.facebook.com\/WeAreVincentians\/","article_author":"https:\/\/www.facebook.com\/JavierChento","article_published_time":"2015-02-11T05:32:14+00:00","article_modified_time":"2016-07-26T17:17:57+00:00","author":"Francisco Javier Fern\u00e1ndez Chento","twitter_card":"summary_large_image","twitter_creator":"@https:\/\/twitter.com\/javierchento","twitter_site":"@WeVincentians","twitter_misc":{"Escrito por":"Francisco Javier Fern\u00e1ndez Chento","Tiempo de lectura":"28 minutos"},"schema":{"@context":"https:\/\/schema.org","@graph":[{"@type":"Article","@id":"http:\/\/vincentians.com\/es\/inculturacion-y-el-carisma-vicenciano-una-vision-general\/#article","isPartOf":{"@id":"http:\/\/vincentians.com\/es\/inculturacion-y-el-carisma-vicenciano-una-vision-general\/"},"author":{"name":"Francisco Javier Fern\u00e1ndez Chento","@id":"https:\/\/vincentians.com\/es\/#\/schema\/person\/9623ef4d9aa3b2dfb8c061f1499288f2"},"headline":"Inculturaci\u00f3n y el carisma vicenciano: una visi\u00f3n general","datePublished":"2015-02-11T05:32:14+00:00","dateModified":"2016-07-26T17:17:57+00:00","mainEntityOfPage":{"@id":"http:\/\/vincentians.com\/es\/inculturacion-y-el-carisma-vicenciano-una-vision-general\/"},"wordCount":5623,"commentCount":0,"publisher":{"@id":"https:\/\/vincentians.com\/es\/#organization"},"image":{"@id":"http:\/\/vincentians.com\/es\/inculturacion-y-el-carisma-vicenciano-una-vision-general\/#primaryimage"},"thumbnailUrl":"","keywords":["Folleville","Pobreza"],"articleSection":["Formaci\u00f3n Vicenciana"],"inLanguage":"es","potentialAction":[{"@type":"CommentAction","name":"Comment","target":["http:\/\/vincentians.com\/es\/inculturacion-y-el-carisma-vicenciano-una-vision-general\/#respond"]}]},{"@type":"WebPage","@id":"http:\/\/vincentians.com\/es\/inculturacion-y-el-carisma-vicenciano-una-vision-general\/","url":"http:\/\/vincentians.com\/es\/inculturacion-y-el-carisma-vicenciano-una-vision-general\/","name":"Inculturaci\u00f3n y el carisma vicenciano: una visi\u00f3n general - Somos Vicencianos","isPartOf":{"@id":"https:\/\/vincentians.com\/es\/#website"},"primaryImageOfPage":{"@id":"http:\/\/vincentians.com\/es\/inculturacion-y-el-carisma-vicenciano-una-vision-general\/#primaryimage"},"image":{"@id":"http:\/\/vincentians.com\/es\/inculturacion-y-el-carisma-vicenciano-una-vision-general\/#primaryimage"},"thumbnailUrl":"","datePublished":"2015-02-11T05:32:14+00:00","dateModified":"2016-07-26T17:17:57+00:00","breadcrumb":{"@id":"http:\/\/vincentians.com\/es\/inculturacion-y-el-carisma-vicenciano-una-vision-general\/#breadcrumb"},"inLanguage":"es","potentialAction":[{"@type":"ReadAction","target":["http:\/\/vincentians.com\/es\/inculturacion-y-el-carisma-vicenciano-una-vision-general\/"]}]},{"@type":"ImageObject","inLanguage":"es","@id":"http:\/\/vincentians.com\/es\/inculturacion-y-el-carisma-vicenciano-una-vision-general\/#primaryimage","url":"","contentUrl":""},{"@type":"BreadcrumbList","@id":"http:\/\/vincentians.com\/es\/inculturacion-y-el-carisma-vicenciano-una-vision-general\/#breadcrumb","itemListElement":[{"@type":"ListItem","position":1,"name":"Portada","item":"https:\/\/vincentians.com\/es\/"},{"@type":"ListItem","position":2,"name":"Inculturaci\u00f3n y el carisma vicenciano: una visi\u00f3n general"}]},{"@type":"WebSite","@id":"https:\/\/vincentians.com\/es\/#website","url":"https:\/\/vincentians.com\/es\/","name":"Somos Vicencianos","description":"Know more to serve more","publisher":{"@id":"https:\/\/vincentians.com\/es\/#organization"},"potentialAction":[{"@type":"SearchAction","target":{"@type":"EntryPoint","urlTemplate":"https:\/\/vincentians.com\/es\/?s={search_term_string}"},"query-input":{"@type":"PropertyValueSpecification","valueRequired":true,"valueName":"search_term_string"}}],"inLanguage":"es"},{"@type":"Organization","@id":"https:\/\/vincentians.com\/es\/#organization","name":"The Vincentian Network","url":"https:\/\/vincentians.com\/es\/","logo":{"@type":"ImageObject","inLanguage":"es","@id":"https:\/\/vincentians.com\/es\/#\/schema\/logo\/image\/","url":"https:\/\/i1.wp.com\/vincentians.com\/es\/wp-content\/uploads\/sites\/11\/2016\/06\/Vincentian-Network-logo-big.png?fit=778%2C778","contentUrl":"https:\/\/i1.wp.com\/vincentians.com\/es\/wp-content\/uploads\/sites\/11\/2016\/06\/Vincentian-Network-logo-big.png?fit=778%2C778","width":778,"height":778,"caption":"The Vincentian Network"},"image":{"@id":"https:\/\/vincentians.com\/es\/#\/schema\/logo\/image\/"},"sameAs":["https:\/\/www.facebook.com\/WeAreVincentians\/","https:\/\/x.com\/WeVincentians"]},{"@type":"Person","@id":"https:\/\/vincentians.com\/es\/#\/schema\/person\/9623ef4d9aa3b2dfb8c061f1499288f2","name":"Francisco Javier Fern\u00e1ndez Chento","image":{"@type":"ImageObject","inLanguage":"es","@id":"https:\/\/vincentians.com\/es\/#\/schema\/person\/image\/","url":"https:\/\/secure.gravatar.com\/avatar\/497d5cde87b4c3d097d0315953521681ba2cd523ee66e5077c3711f7021e65de?s=96&d=mm&r=g","contentUrl":"https:\/\/secure.gravatar.com\/avatar\/497d5cde87b4c3d097d0315953521681ba2cd523ee66e5077c3711f7021e65de?s=96&d=mm&r=g","caption":"Francisco Javier Fern\u00e1ndez Chento"},"description":"Director General y cofundador de La Red de Formaci\u00f3n Vicenciana. Javier es laico vicenciano, afiliado a la Congregaci\u00f3n de la Misi\u00f3n y miembro del Equipo de Misiones Populares de la provincia can\u00f3nica de Zaragoza (Espa\u00f1a) de la Congregaci\u00f3n de la Misi\u00f3n. Graduado en la Universidad Oberta de Catalunya con cuatro grados (Asistente de direcci\u00f3n, Gesti\u00f3n Administrativa, Recursos Humanos y Contabilidad Avanzada). Bil\u00edng\u00fce Espa\u00f1ol\/Ingl\u00e9s. gestiona y mantiene varias p\u00e1ginas web cristianas y vicencianas, incluida including La Red de Formaci\u00f3n Vicenciana, de la que es cofundador. Actualmente es responsable del \u00e1rea de Espa\u00f1ol de .famvin, la Red de Noticias de la Familia Vicenciana. Tambi\u00e9n es m\u00fasico cat\u00f3lico y ha editado varios discos. Es Director General y cofundador de Trovador, una reconocida compa\u00f1\u00eda discogr\u00e1fica critiana de Espa\u00f1a. Trabaja en las Tecnolog\u00edas de la Informaci\u00f3n, ofreciendo servicios de alojamiento, dise\u00f1o y mantenimiento Web, as\u00ed como asesoramiento, formaci\u00f3n y soluciones inform\u00e1ticas, gesti\u00f3n documental y digitalizaci\u00f3n de textos, edici\u00f3n y maquetaci\u00f3n de libros, revistas, flyers, etc.","sameAs":["http:\/\/chento.org","https:\/\/www.facebook.com\/JavierChento","https:\/\/x.com\/https:\/\/twitter.com\/javierchento"],"url":"http:\/\/vincentians.com\/es\/author\/chento\/"}]}},"jetpack_publicize_connections":[],"jetpack_featured_media_url":"","jetpack_sharing_enabled":true,"jetpack_shortlink":"https:\/\/wp.me\/p7ETMF-awx","jetpack-related-posts":[{"id":52795,"url":"http:\/\/vincentians.com\/es\/estatutos-de-la-conferencia-nacional-de-visitadores-de-estados-unidos\/","url_meta":{"origin":40457,"position":0},"title":"Estatutos de la Conferencia Nacional de Visitadores de Estados Unidos","author":"Francisco Javier Fern\u00e1ndez Chento","date":"06\/02\/2015","format":false,"excerpt":"I. Introducci\u00f3n Mediado diciembre de 1973, el M. R. P. James Richardson, C.M., Superior General de la Congregaci\u00f3n de la Misi\u00f3n, se reuni\u00f3 con los Visitadores de EEUU y solicit\u00f3 una nueva y moderna traducci\u00f3n de todas las Obras de san Vicente que subsisten, al ingl\u00e9s hablado en Norteam\u00e9rica. Las\u2026","rel":"","context":"En \u00abDocumentos de la Congregaci\u00f3n de la Misi\u00f3n\u00bb","block_context":{"text":"Documentos de la Congregaci\u00f3n de la Misi\u00f3n","link":"http:\/\/vincentians.com\/es\/category\/formacion-vicenciana\/documentos-oficiales-de-la-familia-vicenciana\/documentos-de-la-congregacion-de-la-mision\/"},"img":{"alt_text":"logocm","src":"https:\/\/i0.wp.com\/vicencianos.org\/wp-content\/2011\/12\/logocm-245x300.png?resize=350%2C200","width":350,"height":200},"classes":[]},{"id":49824,"url":"http:\/\/vincentians.com\/es\/las-conferencias-de-visitadores\/","url_meta":{"origin":40457,"position":1},"title":"Las Conferencias de Visitadores","author":"Francisco Javier Fern\u00e1ndez Chento","date":"21\/12\/2019","format":false,"excerpt":"1. Introducci\u00f3n Les pido perd\u00f3n por hablar desde el desconocimiento. Debo decir honestamente que no conozco la realidad de las Conferencias de Visitadores y que he preparado esta intervenci\u00f3n con cierta rapidez. S\u00f3lo he participado una vez en la Conferencia de Visitadores de Europa. Son los Asistentes Generales y ustedes\u2026","rel":"","context":"En \u00abCongregaci\u00f3n de la Misi\u00f3n\u00bb","block_context":{"text":"Congregaci\u00f3n de la Misi\u00f3n","link":"http:\/\/vincentians.com\/es\/category\/la-familia-vicenciana\/ramas\/congregacion-de-la-mision\/"},"img":{"alt_text":"","src":"https:\/\/i0.wp.com\/vincentians.com\/es\/wp-content\/uploads\/sites\/11\/2016\/09\/conversion.jpg?fit=1200%2C630&resize=350%2C200","width":350,"height":200,"srcset":"https:\/\/i0.wp.com\/vincentians.com\/es\/wp-content\/uploads\/sites\/11\/2016\/09\/conversion.jpg?fit=1200%2C630&resize=350%2C200 1x, https:\/\/i0.wp.com\/vincentians.com\/es\/wp-content\/uploads\/sites\/11\/2016\/09\/conversion.jpg?fit=1200%2C630&resize=525%2C300 1.5x, https:\/\/i0.wp.com\/vincentians.com\/es\/wp-content\/uploads\/sites\/11\/2016\/09\/conversion.jpg?fit=1200%2C630&resize=700%2C400 2x, https:\/\/i0.wp.com\/vincentians.com\/es\/wp-content\/uploads\/sites\/11\/2016\/09\/conversion.jpg?fit=1200%2C630&resize=1050%2C600 3x"},"classes":[]},{"id":21558,"url":"http:\/\/vincentians.com\/es\/la-conferencia-nacional-de-visitadores-de-ee-uu\/","url_meta":{"origin":40457,"position":2},"title":"La Conferencia Nacional de Visitadores de EE.UU.","author":"Mitxel Olabu\u00e9naga","date":"26\/06\/2013","format":false,"excerpt":"En diciembre de 1973, el P. James Richardson, CM, Superior General, se reuni\u00f3 con los Provinciales vicentinos de los EE.UU. y expres\u00f3 el deseo de que se responsabilizaran de la traducci\u00f3n al ingl\u00e9s de los 14 vol\u00famenes de la Correspondencia, Conferencias, Documentos de San Vicente. Para todos los efectos esta\u2026","rel":"","context":"En \u00abCongregaci\u00f3n de la Misi\u00f3n\u00bb","block_context":{"text":"Congregaci\u00f3n de la Misi\u00f3n","link":"http:\/\/vincentians.com\/es\/category\/la-familia-vicenciana\/ramas\/congregacion-de-la-mision\/"},"img":{"alt_text":"","src":"https:\/\/i0.wp.com\/vicencianos.org\/vicencianos\/files\/2010\/06\/usapib-300x196.jpg?resize=350%2C200","width":350,"height":200},"classes":[]},{"id":122918,"url":"http:\/\/vincentians.com\/es\/animacion-de-la-formacion\/","url_meta":{"origin":40457,"position":3},"title":"Animaci\u00f3n de la formaci\u00f3n","author":"Francisco Javier Fern\u00e1ndez Chento","date":"21\/09\/2022","format":false,"excerpt":"1. Introducci\u00f3n Cuando se me encomend\u00f3 presentar esta Comunicaci\u00f3n se me dijo que lo hiciera desde mi experiencia pastoral en el campo de la Familia Vicenciana. Lo voy a intentar. Quiero empezar afir\u00admando que considero una gracia muy grande el haber podido trabajar como Consiliario o Asesor o simplemente como\u2026","rel":"","context":"En \u00abFormaci\u00f3n Cristiana\u00bb","block_context":{"text":"Formaci\u00f3n Cristiana","link":"http:\/\/vincentians.com\/es\/category\/formacion-cristiana\/"},"img":{"alt_text":"","src":"https:\/\/i0.wp.com\/vincentians.com\/es\/wp-content\/uploads\/sites\/11\/2013\/04\/formacion_permanente.jpg?fit=303%2C303&resize=350%2C200","width":350,"height":200},"classes":[]},{"id":50800,"url":"http:\/\/vincentians.com\/es\/historia-de-la-conferencia-de-visitadores-de-asia-pacifico-apvc\/","url_meta":{"origin":40457,"position":4},"title":"Historia de la Conferencia de Visitadores de Asia-Pac\u00edfico (APVC)","author":"Mitxel Olabu\u00e9naga","date":"19\/10\/2019","format":false,"excerpt":"El predecesor de la Conferencia de Visitadores de Asia-Pac\u00edfico, que tuvo su primera reuni\u00f3n en abril de 1994, se estren\u00f3 ya hace 13 a\u00f1os, en agosto de 1981. La reuni\u00f3n se llam\u00f3 \"Encuentro de Provinciales de Asia\", pero en 1994 nadie pod\u00eda recordar nada, a no ser por medio de\u2026","rel":"","context":"En \u00abHistoria de la Congregaci\u00f3n de la Misi\u00f3n\u00bb","block_context":{"text":"Historia de la Congregaci\u00f3n de la Misi\u00f3n","link":"http:\/\/vincentians.com\/es\/category\/historia-de-la-familia-vicenciana\/historia-de-la-congregacion-de-la-mision\/"},"img":{"alt_text":"","src":"https:\/\/i0.wp.com\/vincentians.com\/es\/wp-content\/uploads\/sites\/11\/2016\/08\/iglesia-de-los-pobres.jpg?fit=1200%2C630&resize=350%2C200","width":350,"height":200,"srcset":"https:\/\/i0.wp.com\/vincentians.com\/es\/wp-content\/uploads\/sites\/11\/2016\/08\/iglesia-de-los-pobres.jpg?fit=1200%2C630&resize=350%2C200 1x, https:\/\/i0.wp.com\/vincentians.com\/es\/wp-content\/uploads\/sites\/11\/2016\/08\/iglesia-de-los-pobres.jpg?fit=1200%2C630&resize=525%2C300 1.5x, https:\/\/i0.wp.com\/vincentians.com\/es\/wp-content\/uploads\/sites\/11\/2016\/08\/iglesia-de-los-pobres.jpg?fit=1200%2C630&resize=700%2C400 2x, https:\/\/i0.wp.com\/vincentians.com\/es\/wp-content\/uploads\/sites\/11\/2016\/08\/iglesia-de-los-pobres.jpg?fit=1200%2C630&resize=1050%2C600 3x"},"classes":[]},{"id":33316,"url":"http:\/\/vincentians.com\/es\/servir-al-necesitado-eje-de-la-espiritualidad-vicenciana\/","url_meta":{"origin":40457,"position":5},"title":"Servir al necesitado, eje de la Espiritualidad Vicenciana","author":"Francisco Javier Fern\u00e1ndez Chento","date":"06\/04\/2016","format":false,"excerpt":"En Diciembre tuve el honor de acompa\u00f1ar al nuevo Presidente General de la Sociedad de San Vicente de Paul, Michael Thio, a Ma\u00adnila, para celebrar el 150 Aniversario de la Fundaci\u00f3n de la Sociedad de San Vicente en las Islas Filipinas. El caris\u00adma vicenciano lleg\u00f3 a Manila en el a\u00f1o\u2026","rel":"","context":"En \u00abEspiritualidad vicenciana\u00bb","block_context":{"text":"Espiritualidad vicenciana","link":"http:\/\/vincentians.com\/es\/category\/espiritualidad\/espiritualidad-vicenciana\/"},"img":{"alt_text":"abc","src":"https:\/\/i0.wp.com\/vicencianos.org\/wp-content\/uploads\/2013\/01\/abc-300x290.jpg?resize=350%2C200","width":350,"height":200},"classes":[]}],"_links":{"self":[{"href":"http:\/\/vincentians.com\/es\/wp-json\/wp\/v2\/posts\/40457","targetHints":{"allow":["GET"]}}],"collection":[{"href":"http:\/\/vincentians.com\/es\/wp-json\/wp\/v2\/posts"}],"about":[{"href":"http:\/\/vincentians.com\/es\/wp-json\/wp\/v2\/types\/post"}],"author":[{"embeddable":true,"href":"http:\/\/vincentians.com\/es\/wp-json\/wp\/v2\/users\/4"}],"replies":[{"embeddable":true,"href":"http:\/\/vincentians.com\/es\/wp-json\/wp\/v2\/comments?post=40457"}],"version-history":[{"count":0,"href":"http:\/\/vincentians.com\/es\/wp-json\/wp\/v2\/posts\/40457\/revisions"}],"wp:featuredmedia":[{"embeddable":true,"href":"http:\/\/vincentians.com\/es\/wp-json\/"}],"wp:attachment":[{"href":"http:\/\/vincentians.com\/es\/wp-json\/wp\/v2\/media?parent=40457"}],"wp:term":[{"taxonomy":"category","embeddable":true,"href":"http:\/\/vincentians.com\/es\/wp-json\/wp\/v2\/categories?post=40457"},{"taxonomy":"post_tag","embeddable":true,"href":"http:\/\/vincentians.com\/es\/wp-json\/wp\/v2\/tags?post=40457"}],"curies":[{"name":"wp","href":"https:\/\/api.w.org\/{rel}","templated":true}]}}