{"id":403674,"date":"2021-08-22T07:51:15","date_gmt":"2021-08-22T05:51:15","guid":{"rendered":"http:\/\/vincentians.com\/es\/?p=403674"},"modified":"2021-06-07T12:52:15","modified_gmt":"2021-06-07T10:52:15","slug":"san-vicente-de-paul-y-san-francisco-de-sales-iv","status":"publish","type":"post","link":"http:\/\/vincentians.com\/es\/san-vicente-de-paul-y-san-francisco-de-sales-iv\/","title":{"rendered":"SAN VICENTE DE PA\u00daL Y SAN FRANCISCO DE SALES (IV)"},"content":{"rendered":"<ol start=\"3\">\n<li>EL FUNDADOR Y SU OBRA<\/li>\n<\/ol>\n<p>La gracia o carisma que Dios otorga a una persona para el bien de la Iglesia, cristaliza de ordinario en una instituci\u00f3n que encarna la nueva espiritualidad y le da continuidad. De ah\u00ed que nada nos exprese mejor el alma y el esp\u00edritu de un fundador como la propia comunidad en la que ha querido plasmar su vocaci\u00f3n dentro de la Iglesia.<\/p>\n<p>Sabemos que san Francisco de Sales, impactado por su pro\u00adpia experiencia y el modelo trazado por el Concilio de Trento, se empe\u00f1\u00f3 en la formaci\u00f3n y santidad de los sacerdotes. A trav\u00e9s de sus visitas pastorales pudo comprobar incluso la degeneraci\u00f3n en que hab\u00edan ca\u00eddo muchos de los monasterios que deber\u00edan ser ejemplo de vida evang\u00e9lica. Su centro de atenci\u00f3n estaba marca\u00addo por la influencia que el calvinismo hab\u00eda logrado en numero\u00adsas capas sociales. Cre\u00eda que esa deriva se hab\u00eda producido en gran parte por la falta de sacerdotes bien formados y evang\u00e9li\u00adcos. Por eso, \u00e9l mismo en la misi\u00f3n de Chablais trat\u00f3 de exponer con la m\u00e1xima claridad y autoridad la verdadera doctrina de la Iglesia a trav\u00e9s de \u00abHojas volantes\u00bb. No dud\u00f3 en consultar algunos temas con egregios doctores como san Pedro Canisio, te\u00f3logo jesuita en el Concilio de Trento. Logr\u00f3 rodearse de misioneros excelentemente preparados. Adem\u00e1s de su primo Luis de Sales que le acompa\u00f1\u00f3 desde el principio, consigue que se le unan dos padres capuchinos y un jesuita. Con el mismo empe\u00f1o cre\u00f3 la llamada \u00abSanta Casa\u00bb en Thonon y luch\u00f3 por la creaci\u00f3n de un Seminario para instruir y formar a los sacerdotes. Aunque fracasase, particularmente por dificultades de tipo eco\u00adn\u00f3mico, su preocupaci\u00f3n es constante, como \u00e9l mismo declara en 1606: <em>\u00abNo hay di\u00f3cesis en el mundo cristiano que tenga mayor necesidad de un Seminario de cl\u00e9rigos que la de Ginebra\u00bb.<\/em><\/p>\n<p>La formaci\u00f3n y santidad del clero era una preocupaci\u00f3n que ya hab\u00eda abanderado san Juan de \u00c1vila en la Espa\u00f1a del siglo XVI y san Felipe Neri con el Oratorio en Italia. Era esa la inicia\u00adtiva que iba a promover Pedro de B\u00e9rulle y su entorno en la Francia de principios del siglo xvii. Vicente de Pa\u00fal forma parte de ese ambiente. Arranca tambi\u00e9n de la doctrina de Trento y aplica su propia experiencia. Como Francisco de Sales, com\u00adprueba que la mala conducta y la falta de formaci\u00f3n de los sacerdotes est\u00e1 a la ra\u00edz del abandono en que se encuentra el pobre pueblo del campo y de la falta de credibilidad de la Igle\u00adsia entre los hugonotes. Su centro de atenci\u00f3n lo constituye el \u00abpobre pueblo del campo\u00bb, abandonado en lo espiritual y lo material. La respuesta de Vicente a la llamada de Dios dar\u00e1 sus frutos. As\u00ed surge la Congregaci\u00f3n de la Misi\u00f3n, cuyo origen siempre situ\u00f3 san Vicente en el serm\u00f3n del 25 de enero de 1617 en la iglesia de Folleville. De ah\u00ed nace tambi\u00e9n la instituci\u00f3n de las Cofrad\u00edas de la Caridad, cuyo modelo queda definido ya en el reglamento de la primera Cofrad\u00eda de Ch\u00e1tillon les Dombes, erigida por Vicente de Pa\u00fal en 1617 con la aprobaci\u00f3n del Arzobispo de Lyon. Un nuevo proyecto, alentado y secundado por Luisa de Marillac, fructificar\u00e1 con la fundaci\u00f3n de la Com\u00adpa\u00f1\u00eda de las Hijas de la Caridad a partir de un peque\u00f1o grupo de muchachas reunidas el 29 de noviembre de 1633. Tambi\u00e9n crea Vicente las Conferencias de los Martes seg\u00fan el m\u00e9todo y el modelo que \u00e9l tuvo ocasi\u00f3n de ver practicar a san Francisco de Sales en sus conferencias espirituales a los sacerdotes en la igle\u00adsia de Saint-Nicolas-du-Chardonnet.<\/p>\n<p>La gracia particular de san Francisco de Sales es la pr\u00e1ctica del puro amor de Dios. Esa pr\u00e1ctica quiere extenderla a todas las personas, de cualquier clase o condici\u00f3n. Su propia experiencia le hace reconocer: <em>\u00abHe encontrado a Dios lleno de dulzura y suavi\u00addad al recorrer nuestras m\u00e1s altas y escarpadas monta\u00f1as, donde muchas almas sencillas le quieren y le adoran con toda verdad y sinceridad\u00bb. <\/em>Todos est\u00e1n llamados a esa uni\u00f3n con Dios por la santa caridad. Pero el contacto con la baronesa de Chantal, con ocasi\u00f3n de la predicaci\u00f3n de la cuaresma de 1604 en Dijon, le abre a una inspiraci\u00f3n que madurar\u00e1 durante a\u00f1os, hasta concluir con la fundaci\u00f3n de la Visitaci\u00f3n de Santa Mar\u00eda. El nuevo tipo de vida que sue\u00f1a Francisco, es la que se funda solamente en el amor de Dios. Al puro amor de Dios se llega por el camino de la perfecta abnegaci\u00f3n, el vac\u00edo total del amor propio.<\/p>\n<p>Ni las rejas ni las austeridades mayores son capaces de unir a las almas con Dios. El coraz\u00f3n humano lleno del amor de Dios es la garant\u00eda del monasterio reformado. La Visitaci\u00f3n de Santa Mar\u00eda viene a encarnar el ideal salesiano. Sus constituciones dejan claro que el fin para el que se ha fundado es para <em>\u00abvacar en la perfecci\u00f3n del divino amor\u00bb. <\/em>Que san Francisco no pensa\u00adba en ninguna otra atadura, lo manifiesta n\u00edtidamente la anota\u00adci\u00f3n que hace en el Libro de los Votos el 6 de junio de 1611: <em>No <\/em><em>tenemos m\u00e1s v\u00ednculo que el de la dilecci\u00f3n, que es v\u00ednculo de perfecci\u00f3n &#8230; la caridad de Cristo nos urge &#8230;\u00bb . <\/em>Por eso, en su primer proyecto figuraba <em>\u00abla visita a los enfermos\u00bb. <\/em>Pero la opo\u00adsici\u00f3n del arzobispo de Lyon, Monse\u00f1or de Marquemont, le llev\u00f3 a convertir la Visitaci\u00f3n en una nueva Orden de clausura.<\/p>\n<p>La gracia particular de Vicente de Pa\u00fal es su encuentro con Cristo, que le revela la infinita misericordia de Dios con el hom\u00adbre y, al mismo tiempo le manifiesta el inmenso amor que Cris\u00adto expresa al Padre en la evangelizaci\u00f3n de los pobres, hasta el punto de identificarse con ellos. La expresi\u00f3n de este esp\u00edritu se ha querido ver reflejada en la f\u00f3rmula usada por san Vicente con uno de sus interlocutores, al referirle las dos grandes virtudes de Jesucristo: <em>\u00abLa religi\u00f3n para con su Padre y la caridad para con los hombres\u00bb.<\/em><\/p>\n<p>La ra\u00edz de la vocaci\u00f3n vicenciana radica en la vivencia de esa doble dimensi\u00f3n del amor de Jesucristo. Por una parte, confiesa con sencillez a los misioneros: <em>\u00abHemos sido escogidos por Dios como instrumentos de su caridad inmensa y paternal\u00bb; <\/em>por otra parte, los alienta a la pr\u00e1ctica de esa caridad: \u00abY <em>nosotros, her\u00admanos m\u00edos, si tenemos amor, hemos de demostrarlo llevando al pueblo a que ame a Dios y al pr\u00f3jimo, a amar al pr\u00f3jimo por Dios y a Dios por el pr\u00f3jimo\u00bb. <\/em>Sobre el mismo fundamento establece la vocaci\u00f3n de las Hijas de la Caridad al explicar sus Reglas Comunes: <em>\u00abVuestro principal empleo, despu\u00e9s del amor de Dios y del deseo de haceros agradables a su divina Majestad, tiene que ser servir a los pobres enfermos con mucha dulzura y cordialidad &#8230; Por eso est\u00e1is destinadas a representar la bondad de Dios delante de esos pobres enfermos\u00bb. <\/em>El modelo queda expl\u00edcito ya en el reglamento de la Cofrad\u00eda de Ch\u00e1tillon-les\u2011Dombes, su primera fundaci\u00f3n: <em>\u00abToman por patrono a Nuestro Se\u00f1or Jesucristo y como finalidad el cumplimiento de aquel ardent\u00edsimo deseo que tiene de que los cristianos practiquen entre s\u00ed las obras de caridad y de misericordia, deseo que nos da a conocer en aquellas palabras suyas: <\/em>Sed misericordiosos como es misericordioso mi Padre celestial&#8217;, <em>y aquellas otras: <\/em>`Venid, benditos de mi Padre, &#8230;; pues todo lo que hicisteis con uno de esos peque\u00f1os, a m\u00ed me lo hicisteis\u00bb.<\/p>\n<p>Este es el eje que articula la constituci\u00f3n de todas las obras y fundaciones vicencianas. Se trata de continuar la misi\u00f3n de Jesu\u00adcristo, movidos por su amor en esa doble dimensi\u00f3n. Se rompe as\u00ed cualquier barrera que pudiera obstaculizar esa misi\u00f3n.<\/p>\n<p>Francisco de Sales y Vicente de Pa\u00fal parten del mismo fun\u00addamento del amor de Dios. Pero mientras san Francisco resalta el \u00abpuro amor divino\u00bb, san Vicente acent\u00faa el amor manifestado en Jesucristo que vino <em>\u00abpara establecer entre nosotros por su ejemplo y palabra la caridad con el pr\u00f3jimo\u00bb. <\/em>Eso permitir\u00e1 a Francisco, aunque contra su voluntad, acceder a la exigencia del arzobispo de Lyon y convertir la Visitaci\u00f3n en monasterio de clausura. En cambio, la fidelidad a su experiencia espiritual lle\u00advar\u00e1 a Vicente a salvaguardar con tenacidad a la Compa\u00f1\u00eda de las Hijas de la Caridad de cualquier forma de Vida Religiosa. El mismo empe\u00f1o mantendr\u00e1 en la aprobaci\u00f3n de la Congregaci\u00f3n de la Misi\u00f3n.<\/p>\n<p>Jos\u00e9 M\u00aa L\u00f3pez Maside<\/p>\n<p>CEME, 2008<\/p>\n<p>&nbsp;<\/p>\n","protected":false},"excerpt":{"rendered":"<p>EL FUNDADOR Y SU OBRA La gracia o carisma que Dios otorga a una persona para el bien de la Iglesia, cristaliza de ordinario en una instituci\u00f3n que encarna la nueva espiritualidad y le da &#8230; <a href=\"http:\/\/vincentians.com\/es\/san-vicente-de-paul-y-san-francisco-de-sales-iv\/\" class=\"more-link\">Read More<\/a><\/p>\n","protected":false},"author":5,"featured_media":399750,"comment_status":"open","ping_status":"open","sticky":false,"template":"","format":"standard","meta":{"jetpack_post_was_ever_published":false,"_jetpack_newsletter_access":"","_jetpack_dont_email_post_to_subs":false,"_jetpack_newsletter_tier_id":0,"_jetpack_memberships_contains_paywalled_content":false,"_jetpack_memberships_contains_paid_content":false,"footnotes":"","jetpack_publicize_message":"","jetpack_publicize_feature_enabled":true,"jetpack_social_post_already_shared":true,"jetpack_social_options":{"image_generator_settings":{"template":"highway","default_image_id":0,"font":"","enabled":false},"version":2}},"categories":[226],"tags":[],"class_list":["post-403674","post","type-post","status-publish","format-standard","has-post-thumbnail","hentry","category-espiritualidad-vicenciana"],"yoast_head":"<!-- This site is optimized with the Yoast SEO plugin v26.3 - https:\/\/yoast.com\/wordpress\/plugins\/seo\/ -->\n<title>SAN VICENTE DE PA\u00daL Y SAN FRANCISCO DE SALES (IV) - Somos Vicencianos<\/title>\n<meta name=\"robots\" content=\"index, follow, max-snippet:-1, max-image-preview:large, max-video-preview:-1\" \/>\n<link rel=\"canonical\" href=\"https:\/\/vincentians.com\/es\/san-vicente-de-paul-y-san-francisco-de-sales-iv\/\" \/>\n<meta property=\"og:locale\" content=\"es_ES\" \/>\n<meta property=\"og:type\" content=\"article\" \/>\n<meta property=\"og:title\" content=\"SAN VICENTE DE PA\u00daL Y SAN FRANCISCO DE SALES (IV) - Somos Vicencianos\" \/>\n<meta property=\"og:description\" content=\"EL FUNDADOR Y SU OBRA La gracia o carisma que Dios otorga a una persona para el bien de la Iglesia, cristaliza de ordinario en una instituci\u00f3n que encarna la nueva espiritualidad y le da ... Read More\" \/>\n<meta property=\"og:url\" content=\"https:\/\/vincentians.com\/es\/san-vicente-de-paul-y-san-francisco-de-sales-iv\/\" \/>\n<meta property=\"og:site_name\" content=\"Somos Vicencianos\" \/>\n<meta property=\"article:publisher\" content=\"https:\/\/www.facebook.com\/WeAreVincentians\/\" \/>\n<meta property=\"article:published_time\" content=\"2021-08-22T05:51:15+00:00\" \/>\n<meta property=\"og:image\" content=\"https:\/\/i0.wp.com\/vincentians.com\/es\/wp-content\/uploads\/sites\/11\/2016\/08\/luisa-y-vicente-con-ninyos.jpg?fit=1200%2C630&ssl=1\" \/>\n\t<meta property=\"og:image:width\" content=\"1200\" \/>\n\t<meta property=\"og:image:height\" content=\"630\" \/>\n\t<meta property=\"og:image:type\" content=\"image\/jpeg\" \/>\n<meta name=\"author\" content=\"Mitxel Olabu\u00e9naga\" \/>\n<meta name=\"twitter:card\" content=\"summary_large_image\" \/>\n<meta name=\"twitter:creator\" content=\"@WeVincentians\" \/>\n<meta name=\"twitter:site\" content=\"@WeVincentians\" \/>\n<meta name=\"twitter:label1\" content=\"Escrito por\" \/>\n\t<meta name=\"twitter:data1\" content=\"Mitxel Olabu\u00e9naga\" \/>\n\t<meta name=\"twitter:label2\" content=\"Tiempo de lectura\" \/>\n\t<meta name=\"twitter:data2\" content=\"8 minutos\" \/>\n<script type=\"application\/ld+json\" class=\"yoast-schema-graph\">{\"@context\":\"https:\/\/schema.org\",\"@graph\":[{\"@type\":\"Article\",\"@id\":\"https:\/\/vincentians.com\/es\/san-vicente-de-paul-y-san-francisco-de-sales-iv\/#article\",\"isPartOf\":{\"@id\":\"https:\/\/vincentians.com\/es\/san-vicente-de-paul-y-san-francisco-de-sales-iv\/\"},\"author\":{\"name\":\"Mitxel Olabu\u00e9naga\",\"@id\":\"http:\/\/vincentians.com\/es\/#\/schema\/person\/7c2670b4445a7ca9d164ea6acdb31859\"},\"headline\":\"SAN VICENTE DE PA\u00daL Y SAN FRANCISCO DE SALES (IV)\",\"datePublished\":\"2021-08-22T05:51:15+00:00\",\"mainEntityOfPage\":{\"@id\":\"https:\/\/vincentians.com\/es\/san-vicente-de-paul-y-san-francisco-de-sales-iv\/\"},\"wordCount\":1536,\"commentCount\":0,\"publisher\":{\"@id\":\"http:\/\/vincentians.com\/es\/#organization\"},\"image\":{\"@id\":\"https:\/\/vincentians.com\/es\/san-vicente-de-paul-y-san-francisco-de-sales-iv\/#primaryimage\"},\"thumbnailUrl\":\"https:\/\/i0.wp.com\/vincentians.com\/es\/wp-content\/uploads\/sites\/11\/2016\/08\/luisa-y-vicente-con-ninyos.jpg?fit=1200%2C630\",\"articleSection\":[\"Espiritualidad vicenciana\"],\"inLanguage\":\"es\",\"potentialAction\":[{\"@type\":\"CommentAction\",\"name\":\"Comment\",\"target\":[\"https:\/\/vincentians.com\/es\/san-vicente-de-paul-y-san-francisco-de-sales-iv\/#respond\"]}]},{\"@type\":\"WebPage\",\"@id\":\"https:\/\/vincentians.com\/es\/san-vicente-de-paul-y-san-francisco-de-sales-iv\/\",\"url\":\"https:\/\/vincentians.com\/es\/san-vicente-de-paul-y-san-francisco-de-sales-iv\/\",\"name\":\"SAN VICENTE DE PA\u00daL Y SAN FRANCISCO DE SALES (IV) - Somos Vicencianos\",\"isPartOf\":{\"@id\":\"http:\/\/vincentians.com\/es\/#website\"},\"primaryImageOfPage\":{\"@id\":\"https:\/\/vincentians.com\/es\/san-vicente-de-paul-y-san-francisco-de-sales-iv\/#primaryimage\"},\"image\":{\"@id\":\"https:\/\/vincentians.com\/es\/san-vicente-de-paul-y-san-francisco-de-sales-iv\/#primaryimage\"},\"thumbnailUrl\":\"https:\/\/i0.wp.com\/vincentians.com\/es\/wp-content\/uploads\/sites\/11\/2016\/08\/luisa-y-vicente-con-ninyos.jpg?fit=1200%2C630\",\"datePublished\":\"2021-08-22T05:51:15+00:00\",\"breadcrumb\":{\"@id\":\"https:\/\/vincentians.com\/es\/san-vicente-de-paul-y-san-francisco-de-sales-iv\/#breadcrumb\"},\"inLanguage\":\"es\",\"potentialAction\":[{\"@type\":\"ReadAction\",\"target\":[\"https:\/\/vincentians.com\/es\/san-vicente-de-paul-y-san-francisco-de-sales-iv\/\"]}]},{\"@type\":\"ImageObject\",\"inLanguage\":\"es\",\"@id\":\"https:\/\/vincentians.com\/es\/san-vicente-de-paul-y-san-francisco-de-sales-iv\/#primaryimage\",\"url\":\"https:\/\/i0.wp.com\/vincentians.com\/es\/wp-content\/uploads\/sites\/11\/2016\/08\/luisa-y-vicente-con-ninyos.jpg?fit=1200%2C630\",\"contentUrl\":\"https:\/\/i0.wp.com\/vincentians.com\/es\/wp-content\/uploads\/sites\/11\/2016\/08\/luisa-y-vicente-con-ninyos.jpg?fit=1200%2C630\",\"width\":1200,\"height\":630},{\"@type\":\"BreadcrumbList\",\"@id\":\"https:\/\/vincentians.com\/es\/san-vicente-de-paul-y-san-francisco-de-sales-iv\/#breadcrumb\",\"itemListElement\":[{\"@type\":\"ListItem\",\"position\":1,\"name\":\"Portada\",\"item\":\"http:\/\/vincentians.com\/es\/\"},{\"@type\":\"ListItem\",\"position\":2,\"name\":\"SAN VICENTE DE PA\u00daL Y SAN FRANCISCO DE SALES (IV)\"}]},{\"@type\":\"WebSite\",\"@id\":\"http:\/\/vincentians.com\/es\/#website\",\"url\":\"http:\/\/vincentians.com\/es\/\",\"name\":\"Somos Vicencianos\",\"description\":\"Know more to serve more\",\"publisher\":{\"@id\":\"http:\/\/vincentians.com\/es\/#organization\"},\"potentialAction\":[{\"@type\":\"SearchAction\",\"target\":{\"@type\":\"EntryPoint\",\"urlTemplate\":\"http:\/\/vincentians.com\/es\/?s={search_term_string}\"},\"query-input\":{\"@type\":\"PropertyValueSpecification\",\"valueRequired\":true,\"valueName\":\"search_term_string\"}}],\"inLanguage\":\"es\"},{\"@type\":\"Organization\",\"@id\":\"http:\/\/vincentians.com\/es\/#organization\",\"name\":\"The Vincentian Network\",\"url\":\"http:\/\/vincentians.com\/es\/\",\"logo\":{\"@type\":\"ImageObject\",\"inLanguage\":\"es\",\"@id\":\"http:\/\/vincentians.com\/es\/#\/schema\/logo\/image\/\",\"url\":\"https:\/\/i1.wp.com\/vincentians.com\/es\/wp-content\/uploads\/sites\/11\/2016\/06\/Vincentian-Network-logo-big.png?fit=778%2C778\",\"contentUrl\":\"https:\/\/i1.wp.com\/vincentians.com\/es\/wp-content\/uploads\/sites\/11\/2016\/06\/Vincentian-Network-logo-big.png?fit=778%2C778\",\"width\":778,\"height\":778,\"caption\":\"The Vincentian Network\"},\"image\":{\"@id\":\"http:\/\/vincentians.com\/es\/#\/schema\/logo\/image\/\"},\"sameAs\":[\"https:\/\/www.facebook.com\/WeAreVincentians\/\",\"https:\/\/x.com\/WeVincentians\"]},{\"@type\":\"Person\",\"@id\":\"http:\/\/vincentians.com\/es\/#\/schema\/person\/7c2670b4445a7ca9d164ea6acdb31859\",\"name\":\"Mitxel Olabu\u00e9naga\",\"image\":{\"@type\":\"ImageObject\",\"inLanguage\":\"es\",\"@id\":\"http:\/\/vincentians.com\/es\/#\/schema\/person\/image\/\",\"url\":\"https:\/\/secure.gravatar.com\/avatar\/34137ec2e2b8939cbbed975731e71f3f4f1defc7266ded337a5ce0f925426877?s=96&d=mm&r=g\",\"contentUrl\":\"https:\/\/secure.gravatar.com\/avatar\/34137ec2e2b8939cbbed975731e71f3f4f1defc7266ded337a5ce0f925426877?s=96&d=mm&r=g\",\"caption\":\"Mitxel Olabu\u00e9naga\"},\"url\":\"http:\/\/vincentians.com\/es\/author\/mitxel\/\"}]}<\/script>\n<!-- \/ Yoast SEO plugin. -->","yoast_head_json":{"title":"SAN VICENTE DE PA\u00daL Y SAN FRANCISCO DE SALES (IV) - Somos Vicencianos","robots":{"index":"index","follow":"follow","max-snippet":"max-snippet:-1","max-image-preview":"max-image-preview:large","max-video-preview":"max-video-preview:-1"},"canonical":"https:\/\/vincentians.com\/es\/san-vicente-de-paul-y-san-francisco-de-sales-iv\/","og_locale":"es_ES","og_type":"article","og_title":"SAN VICENTE DE PA\u00daL Y SAN FRANCISCO DE SALES (IV) - Somos Vicencianos","og_description":"EL FUNDADOR Y SU OBRA La gracia o carisma que Dios otorga a una persona para el bien de la Iglesia, cristaliza de ordinario en una instituci\u00f3n que encarna la nueva espiritualidad y le da ... Read More","og_url":"https:\/\/vincentians.com\/es\/san-vicente-de-paul-y-san-francisco-de-sales-iv\/","og_site_name":"Somos Vicencianos","article_publisher":"https:\/\/www.facebook.com\/WeAreVincentians\/","article_published_time":"2021-08-22T05:51:15+00:00","og_image":[{"width":1200,"height":630,"url":"https:\/\/i0.wp.com\/vincentians.com\/es\/wp-content\/uploads\/sites\/11\/2016\/08\/luisa-y-vicente-con-ninyos.jpg?fit=1200%2C630&ssl=1","type":"image\/jpeg"}],"author":"Mitxel Olabu\u00e9naga","twitter_card":"summary_large_image","twitter_creator":"@WeVincentians","twitter_site":"@WeVincentians","twitter_misc":{"Escrito por":"Mitxel Olabu\u00e9naga","Tiempo de lectura":"8 minutos"},"schema":{"@context":"https:\/\/schema.org","@graph":[{"@type":"Article","@id":"https:\/\/vincentians.com\/es\/san-vicente-de-paul-y-san-francisco-de-sales-iv\/#article","isPartOf":{"@id":"https:\/\/vincentians.com\/es\/san-vicente-de-paul-y-san-francisco-de-sales-iv\/"},"author":{"name":"Mitxel Olabu\u00e9naga","@id":"http:\/\/vincentians.com\/es\/#\/schema\/person\/7c2670b4445a7ca9d164ea6acdb31859"},"headline":"SAN VICENTE DE PA\u00daL Y SAN FRANCISCO DE SALES (IV)","datePublished":"2021-08-22T05:51:15+00:00","mainEntityOfPage":{"@id":"https:\/\/vincentians.com\/es\/san-vicente-de-paul-y-san-francisco-de-sales-iv\/"},"wordCount":1536,"commentCount":0,"publisher":{"@id":"http:\/\/vincentians.com\/es\/#organization"},"image":{"@id":"https:\/\/vincentians.com\/es\/san-vicente-de-paul-y-san-francisco-de-sales-iv\/#primaryimage"},"thumbnailUrl":"https:\/\/i0.wp.com\/vincentians.com\/es\/wp-content\/uploads\/sites\/11\/2016\/08\/luisa-y-vicente-con-ninyos.jpg?fit=1200%2C630","articleSection":["Espiritualidad vicenciana"],"inLanguage":"es","potentialAction":[{"@type":"CommentAction","name":"Comment","target":["https:\/\/vincentians.com\/es\/san-vicente-de-paul-y-san-francisco-de-sales-iv\/#respond"]}]},{"@type":"WebPage","@id":"https:\/\/vincentians.com\/es\/san-vicente-de-paul-y-san-francisco-de-sales-iv\/","url":"https:\/\/vincentians.com\/es\/san-vicente-de-paul-y-san-francisco-de-sales-iv\/","name":"SAN VICENTE DE PA\u00daL Y SAN FRANCISCO DE SALES (IV) - Somos Vicencianos","isPartOf":{"@id":"http:\/\/vincentians.com\/es\/#website"},"primaryImageOfPage":{"@id":"https:\/\/vincentians.com\/es\/san-vicente-de-paul-y-san-francisco-de-sales-iv\/#primaryimage"},"image":{"@id":"https:\/\/vincentians.com\/es\/san-vicente-de-paul-y-san-francisco-de-sales-iv\/#primaryimage"},"thumbnailUrl":"https:\/\/i0.wp.com\/vincentians.com\/es\/wp-content\/uploads\/sites\/11\/2016\/08\/luisa-y-vicente-con-ninyos.jpg?fit=1200%2C630","datePublished":"2021-08-22T05:51:15+00:00","breadcrumb":{"@id":"https:\/\/vincentians.com\/es\/san-vicente-de-paul-y-san-francisco-de-sales-iv\/#breadcrumb"},"inLanguage":"es","potentialAction":[{"@type":"ReadAction","target":["https:\/\/vincentians.com\/es\/san-vicente-de-paul-y-san-francisco-de-sales-iv\/"]}]},{"@type":"ImageObject","inLanguage":"es","@id":"https:\/\/vincentians.com\/es\/san-vicente-de-paul-y-san-francisco-de-sales-iv\/#primaryimage","url":"https:\/\/i0.wp.com\/vincentians.com\/es\/wp-content\/uploads\/sites\/11\/2016\/08\/luisa-y-vicente-con-ninyos.jpg?fit=1200%2C630","contentUrl":"https:\/\/i0.wp.com\/vincentians.com\/es\/wp-content\/uploads\/sites\/11\/2016\/08\/luisa-y-vicente-con-ninyos.jpg?fit=1200%2C630","width":1200,"height":630},{"@type":"BreadcrumbList","@id":"https:\/\/vincentians.com\/es\/san-vicente-de-paul-y-san-francisco-de-sales-iv\/#breadcrumb","itemListElement":[{"@type":"ListItem","position":1,"name":"Portada","item":"http:\/\/vincentians.com\/es\/"},{"@type":"ListItem","position":2,"name":"SAN VICENTE DE PA\u00daL Y SAN FRANCISCO DE SALES (IV)"}]},{"@type":"WebSite","@id":"http:\/\/vincentians.com\/es\/#website","url":"http:\/\/vincentians.com\/es\/","name":"Somos Vicencianos","description":"Know more to serve more","publisher":{"@id":"http:\/\/vincentians.com\/es\/#organization"},"potentialAction":[{"@type":"SearchAction","target":{"@type":"EntryPoint","urlTemplate":"http:\/\/vincentians.com\/es\/?s={search_term_string}"},"query-input":{"@type":"PropertyValueSpecification","valueRequired":true,"valueName":"search_term_string"}}],"inLanguage":"es"},{"@type":"Organization","@id":"http:\/\/vincentians.com\/es\/#organization","name":"The Vincentian Network","url":"http:\/\/vincentians.com\/es\/","logo":{"@type":"ImageObject","inLanguage":"es","@id":"http:\/\/vincentians.com\/es\/#\/schema\/logo\/image\/","url":"https:\/\/i1.wp.com\/vincentians.com\/es\/wp-content\/uploads\/sites\/11\/2016\/06\/Vincentian-Network-logo-big.png?fit=778%2C778","contentUrl":"https:\/\/i1.wp.com\/vincentians.com\/es\/wp-content\/uploads\/sites\/11\/2016\/06\/Vincentian-Network-logo-big.png?fit=778%2C778","width":778,"height":778,"caption":"The Vincentian Network"},"image":{"@id":"http:\/\/vincentians.com\/es\/#\/schema\/logo\/image\/"},"sameAs":["https:\/\/www.facebook.com\/WeAreVincentians\/","https:\/\/x.com\/WeVincentians"]},{"@type":"Person","@id":"http:\/\/vincentians.com\/es\/#\/schema\/person\/7c2670b4445a7ca9d164ea6acdb31859","name":"Mitxel Olabu\u00e9naga","image":{"@type":"ImageObject","inLanguage":"es","@id":"http:\/\/vincentians.com\/es\/#\/schema\/person\/image\/","url":"https:\/\/secure.gravatar.com\/avatar\/34137ec2e2b8939cbbed975731e71f3f4f1defc7266ded337a5ce0f925426877?s=96&d=mm&r=g","contentUrl":"https:\/\/secure.gravatar.com\/avatar\/34137ec2e2b8939cbbed975731e71f3f4f1defc7266ded337a5ce0f925426877?s=96&d=mm&r=g","caption":"Mitxel Olabu\u00e9naga"},"url":"http:\/\/vincentians.com\/es\/author\/mitxel\/"}]}},"jetpack_publicize_connections":[],"jetpack_featured_media_url":"https:\/\/i0.wp.com\/vincentians.com\/es\/wp-content\/uploads\/sites\/11\/2016\/08\/luisa-y-vicente-con-ninyos.jpg?fit=1200%2C630","jetpack_sharing_enabled":true,"jetpack_shortlink":"https:\/\/wp.me\/p7ETMF-1H0S","jetpack-related-posts":[{"id":124197,"url":"http:\/\/vincentians.com\/es\/vicente-de-paul-el-fundador\/","url_meta":{"origin":403674,"position":0},"title":"Vicente de Pa\u00fal: El fundador","author":"Francisco Javier Fern\u00e1ndez Chento","date":"03\/03\/2023","format":false,"excerpt":"Por a\u00f1os, Vicente hab\u00eda compartido con sacerdotes y seglares su atenci\u00f3n a los pobres. Ahora empieza por reunir a estos compa\u00f1eros en una comunidad permanente. Es decir, como Jesucristo, o el ap\u00f3stol Pablo, empieza a juntar sacerdotes y ayudantes para que compartan no s\u00f3lo sus deberes sino tambi\u00e9n toda su\u2026","rel":"","context":"En \u00abVicente de Pa\u00fal\u00bb","block_context":{"text":"Vicente de Pa\u00fal","link":"http:\/\/vincentians.com\/es\/category\/la-familia-vicenciana\/fundadores\/vicente-de-paul\/"},"img":{"alt_text":"","src":"https:\/\/i0.wp.com\/vincentians.com\/es\/wp-content\/uploads\/sites\/11\/2013\/04\/d.jpg?fit=1200%2C799&resize=350%2C200","width":350,"height":200,"srcset":"https:\/\/i0.wp.com\/vincentians.com\/es\/wp-content\/uploads\/sites\/11\/2013\/04\/d.jpg?fit=1200%2C799&resize=350%2C200 1x, https:\/\/i0.wp.com\/vincentians.com\/es\/wp-content\/uploads\/sites\/11\/2013\/04\/d.jpg?fit=1200%2C799&resize=525%2C300 1.5x, https:\/\/i0.wp.com\/vincentians.com\/es\/wp-content\/uploads\/sites\/11\/2013\/04\/d.jpg?fit=1200%2C799&resize=700%2C400 2x, https:\/\/i0.wp.com\/vincentians.com\/es\/wp-content\/uploads\/sites\/11\/2013\/04\/d.jpg?fit=1200%2C799&resize=1050%2C600 3x"},"classes":[]},{"id":131132,"url":"http:\/\/vincentians.com\/es\/fieles-a-san-vicente\/","url_meta":{"origin":403674,"position":1},"title":"Fieles a San Vicente","author":"Francisco Javier Fern\u00e1ndez Chento","date":"25\/08\/2014","format":false,"excerpt":"\"El carisma mismo de los Fundadores se revela como una experiencia del Esp\u00edritu (EN 11), transmitida a los propios disc\u00edpulos para ser por ellos vivida, custodiada, profundizada y desarrollada constantemente en sinton\u00eda con el Cuerpo de Cristo en crecimiento perenne\". (MR 11). \"El fin de la Congregaci\u00f3n de la Misi\u00f3n\u2026","rel":"","context":"En \u00abEspiritualidad vicenciana\u00bb","block_context":{"text":"Espiritualidad vicenciana","link":"http:\/\/vincentians.com\/es\/category\/espiritualidad\/espiritualidad-vicenciana\/"},"img":{"alt_text":"espiritualidad","src":"https:\/\/i0.wp.com\/vicencianos.org\/wp-content\/2014\/07\/espiritualidad.jpg?resize=350%2C200","width":350,"height":200},"classes":[]},{"id":116383,"url":"http:\/\/vincentians.com\/es\/bibliografia-vicenciana-1960-1970-en-torno-a-la-espiritualidad-de-san-vicente\/","url_meta":{"origin":403674,"position":2},"title":"Bibliograf\u00eda Vicenciana 1960-1970 en torno a la espiritualidad de San Vicente","author":"Francisco Javier Fern\u00e1ndez Chento","date":"29\/07\/2021","format":false,"excerpt":"Lo que antes se llamaba Asc\u00e9tica y M\u00edstica, hoy se llama com\u00fanmen\u00adte Espiritualidad. Es una palabra tra\u00edda de Francia, como tantas otras, que tambi\u00e9n han hecho fortuna, m\u00e1s por moda que por convencimiento. As\u00ed se bautizan los tratados de Historia, desde Pourrat (1926) hasta Bouyer-Vandenbroucke (1963). El recomendar tan insistentemente\u2026","rel":"","context":"En \u00abFormaci\u00f3n Vicenciana\u00bb","block_context":{"text":"Formaci\u00f3n Vicenciana","link":"http:\/\/vincentians.com\/es\/category\/formacion-vicenciana\/"},"img":{"alt_text":"","src":"https:\/\/i0.wp.com\/vincentians.com\/es\/wp-content\/uploads\/sites\/11\/2015\/02\/St_Vincent_De_Paul_-bible-1.jpg?fit=1200%2C630&resize=350%2C200","width":350,"height":200,"srcset":"https:\/\/i0.wp.com\/vincentians.com\/es\/wp-content\/uploads\/sites\/11\/2015\/02\/St_Vincent_De_Paul_-bible-1.jpg?fit=1200%2C630&resize=350%2C200 1x, https:\/\/i0.wp.com\/vincentians.com\/es\/wp-content\/uploads\/sites\/11\/2015\/02\/St_Vincent_De_Paul_-bible-1.jpg?fit=1200%2C630&resize=525%2C300 1.5x, https:\/\/i0.wp.com\/vincentians.com\/es\/wp-content\/uploads\/sites\/11\/2015\/02\/St_Vincent_De_Paul_-bible-1.jpg?fit=1200%2C630&resize=700%2C400 2x, https:\/\/i0.wp.com\/vincentians.com\/es\/wp-content\/uploads\/sites\/11\/2015\/02\/St_Vincent_De_Paul_-bible-1.jpg?fit=1200%2C630&resize=1050%2C600 3x"},"classes":[]},{"id":398639,"url":"http:\/\/vincentians.com\/es\/aportacion-del-carisma-vicenciano-la-mision-la-iglesia-3\/","url_meta":{"origin":403674,"position":3},"title":"Aportaci\u00f3n del carisma vicenciano a la Misi\u00f3n de la Iglesia (3)","author":"Francisco Javier Fern\u00e1ndez Chento","date":"06\/08\/2016","format":false,"excerpt":"3.- La participaci\u00f3n de los laicos, y particularmente de la mujer, en la Misi\u00f3n de los ap\u00f3stoles. Los bi\u00f3grafos de San Vicente de Pa\u00fal y de Santa Luisa de Marillac destacan su importante contribuci\u00f3n a la promoci\u00f3n de los laicos, y particularmente de la mujer, al apostolado en la Iglesia.\u2026","rel":"","context":"En \u00abFormaci\u00f3n Vicenciana\u00bb","block_context":{"text":"Formaci\u00f3n Vicenciana","link":"http:\/\/vincentians.com\/es\/category\/formacion-vicenciana\/"},"img":{"alt_text":"","src":"https:\/\/i0.wp.com\/vincentians.com\/es\/wp-content\/uploads\/sites\/11\/2016\/06\/contributions-charism.jpg?fit=1200%2C630&resize=350%2C200","width":350,"height":200,"srcset":"https:\/\/i0.wp.com\/vincentians.com\/es\/wp-content\/uploads\/sites\/11\/2016\/06\/contributions-charism.jpg?fit=1200%2C630&resize=350%2C200 1x, https:\/\/i0.wp.com\/vincentians.com\/es\/wp-content\/uploads\/sites\/11\/2016\/06\/contributions-charism.jpg?fit=1200%2C630&resize=525%2C300 1.5x, https:\/\/i0.wp.com\/vincentians.com\/es\/wp-content\/uploads\/sites\/11\/2016\/06\/contributions-charism.jpg?fit=1200%2C630&resize=700%2C400 2x, https:\/\/i0.wp.com\/vincentians.com\/es\/wp-content\/uploads\/sites\/11\/2016\/06\/contributions-charism.jpg?fit=1200%2C630&resize=1050%2C600 3x"},"classes":[]},{"id":144526,"url":"http:\/\/vincentians.com\/es\/la-audacia-de-la-caridad-espiritualidad-insercion-pobres\/","url_meta":{"origin":403674,"position":4},"title":"La audacia de la caridad: espiritualidad, inserci\u00f3n, pobres","author":"Francisco Javier Fern\u00e1ndez Chento","date":"06\/05\/2015","format":false,"excerpt":"1.- Justificaci\u00f3n del tema: \"Este asunto me concierne\" La audacia de la caridad para un nuevo impulso misionero es el tema de nuestras Asambleas locales y provinciales como preparaci\u00f3n a la pr\u00f3xima Asamblea general. Pero en realidad es mucho m\u00e1s, es una llamada del Esp\u00edritu a la Iglesia que responde\u2026","rel":"","context":"En \u00abFormaci\u00f3n Vicenciana\u00bb","block_context":{"text":"Formaci\u00f3n Vicenciana","link":"http:\/\/vincentians.com\/es\/category\/formacion-vicenciana\/"},"img":{"alt_text":"audacia caridad","src":"https:\/\/i0.wp.com\/vicencianos.org\/wp-content\/2015\/05\/audacia-caridad-300x185.jpg?resize=350%2C200","width":350,"height":200},"classes":[]},{"id":387857,"url":"http:\/\/vincentians.com\/es\/san-vicente-amigo-de-los-pobres-anos-de-prueba-y-ensayo-1617-1625\/","url_meta":{"origin":403674,"position":5},"title":"San Vicente: Amigo de los pobres: a\u00f1os de prueba y ensayo (1617-1625)","author":"Mitxel Olabu\u00e9naga","date":"13\/10\/2016","format":false,"excerpt":"Por segunda vez, en casa de los Gondi En el palacio, suced\u00edan cosas extra\u00f1as. \u00abLa princesa estaba triste.\u00bb Muy triste. Margarita no conciliaba el sue\u00f1o por las noches. Todo era un continuo insomnio. Cuando se levantaba, cada ma\u00f1ana, abrigaba una leve esperanza: \u00bfSer\u00e1 hoy? Pero, se desvanec\u00eda seg\u00fan iba avanzando\u2026","rel":"","context":"En \u00abFormaci\u00f3n Vicenciana\u00bb","block_context":{"text":"Formaci\u00f3n Vicenciana","link":"http:\/\/vincentians.com\/es\/category\/formacion-vicenciana\/"},"img":{"alt_text":"","src":"https:\/\/i0.wp.com\/vincentians.com\/es\/wp-content\/uploads\/sites\/11\/2016\/07\/st-vincent-de-paul.jpg?fit=1200%2C630&resize=350%2C200","width":350,"height":200,"srcset":"https:\/\/i0.wp.com\/vincentians.com\/es\/wp-content\/uploads\/sites\/11\/2016\/07\/st-vincent-de-paul.jpg?fit=1200%2C630&resize=350%2C200 1x, https:\/\/i0.wp.com\/vincentians.com\/es\/wp-content\/uploads\/sites\/11\/2016\/07\/st-vincent-de-paul.jpg?fit=1200%2C630&resize=525%2C300 1.5x, https:\/\/i0.wp.com\/vincentians.com\/es\/wp-content\/uploads\/sites\/11\/2016\/07\/st-vincent-de-paul.jpg?fit=1200%2C630&resize=700%2C400 2x, https:\/\/i0.wp.com\/vincentians.com\/es\/wp-content\/uploads\/sites\/11\/2016\/07\/st-vincent-de-paul.jpg?fit=1200%2C630&resize=1050%2C600 3x"},"classes":[]}],"_links":{"self":[{"href":"http:\/\/vincentians.com\/es\/wp-json\/wp\/v2\/posts\/403674","targetHints":{"allow":["GET"]}}],"collection":[{"href":"http:\/\/vincentians.com\/es\/wp-json\/wp\/v2\/posts"}],"about":[{"href":"http:\/\/vincentians.com\/es\/wp-json\/wp\/v2\/types\/post"}],"author":[{"embeddable":true,"href":"http:\/\/vincentians.com\/es\/wp-json\/wp\/v2\/users\/5"}],"replies":[{"embeddable":true,"href":"http:\/\/vincentians.com\/es\/wp-json\/wp\/v2\/comments?post=403674"}],"version-history":[{"count":1,"href":"http:\/\/vincentians.com\/es\/wp-json\/wp\/v2\/posts\/403674\/revisions"}],"predecessor-version":[{"id":403675,"href":"http:\/\/vincentians.com\/es\/wp-json\/wp\/v2\/posts\/403674\/revisions\/403675"}],"wp:featuredmedia":[{"embeddable":true,"href":"http:\/\/vincentians.com\/es\/wp-json\/wp\/v2\/media\/399750"}],"wp:attachment":[{"href":"http:\/\/vincentians.com\/es\/wp-json\/wp\/v2\/media?parent=403674"}],"wp:term":[{"taxonomy":"category","embeddable":true,"href":"http:\/\/vincentians.com\/es\/wp-json\/wp\/v2\/categories?post=403674"},{"taxonomy":"post_tag","embeddable":true,"href":"http:\/\/vincentians.com\/es\/wp-json\/wp\/v2\/tags?post=403674"}],"curies":[{"name":"wp","href":"https:\/\/api.w.org\/{rel}","templated":true}]}}