{"id":403586,"date":"2021-07-04T08:16:39","date_gmt":"2021-07-04T06:16:39","guid":{"rendered":"http:\/\/vincentians.com\/es\/?p=403586"},"modified":"2021-05-15T18:17:39","modified_gmt":"2021-05-15T16:17:39","slug":"vicente-de-paul-en-chatillon-v","status":"publish","type":"post","link":"http:\/\/vincentians.com\/es\/vicente-de-paul-en-chatillon-v\/","title":{"rendered":"VICENTE DE PA\u00daL EN CHATILLON (V)"},"content":{"rendered":"<p>LOS PRIMEROS A\u00d1OS DESPU\u00c9S DE CH\u00c1TILLON: VICENTE DE PA\u00daL, MISIONERO<\/p>\n<p>RURAL<\/p>\n<p>A finales de enero de 1618, al mes justo de volver a Par\u00eds, Vicente daba su primera misi\u00f3n en la aldea de Villepreux, donde dej\u00f3 establecida la segunda Cofrad\u00eda de la Caridad al finalizar la misi\u00f3n. A las dos primeras Cofrad\u00edas siguieron otras muchas, Fundadas como corona y remate de cada misi\u00f3n que dieron \u00e9l y sus hombres antes o despu\u00e9s de fundar la Congregaci\u00f3n de la Misi\u00f3n en 1626. Se fundaron a lo largo de los a\u00f1os muchas otras incluso en lugares no misionados por su congregaci\u00f3n, de mane\u00adra que menos de cincuenta a\u00f1os despu\u00e9s de fundada la primera pod\u00eda escribir su primer bi\u00f3grafo, Louis Abelly, que las cofrad\u00edas se hab\u00edan esparcido <em>\u00aben gran n\u00famero por Francia, Italia, Lorena, Saboya y en otras partes\u00bb. <\/em>S\u00f3lo en las tierras de los Gondi se fun\u00addaron m\u00e1s de treinta.<\/p>\n<p>Muchas veces se ha dicho que el a\u00f1o 1617 fue un a\u00f1o decisi\u00advo en la vida de Vicente de Pa\u00fal, y que en ese a\u00f1o se encuentra el origen de los dos brazos, por as\u00ed decirlo, de su visi\u00f3n pastoral y espiritual, la Misi\u00f3n y la Caridad. La primera brota de la expe\u00adriencia consiguiente a la confesi\u00f3n del anciano en Folleville; la segunda, de la experiencia de Ch\u00e1tillon. Esta manera de interpre\u00adtar el cambio de trayectoria en la vida de Vicente a partir de sus 37 a\u00f1os responde a la realidad hist\u00f3rica, pero no dice toda la his\u00adtoria. La tesis, o m\u00e1s bien la hip\u00f3tesis, de este trabajo es que, mientras el aspecto Misi\u00f3n estaba ya bien madurado en la con\u00adciencia de Vicente cuando dio la primera en enero de 1618, en el aspecto Caridad se dieron en \u00e9l a lo largo de los a\u00f1os posteriores un crecimiento y unas transformaciones importantes debidas a influencias y a experiencias propias y ajenas que en 1618 esta\u00adban a\u00fan por venir. Pasamos ahora a ver este \u00faltimo punto en detalle.<\/p>\n<p>En 1625 se comprometi\u00f3 Vicente de Pa\u00fal con los se\u00f1ores de Gondi a reunir un grupo de sacerdotes que se dedicaran a tiem\u00adpo completo a dar misiones en sus tierras, compromiso que con\u00adsigui\u00f3 llevar a cabo el a\u00f1o siguiente, 1626, formando un peque\u00ad\u00f1o equipo misionero con otros tres sacerdotes. No hay nada, ni en el contrato firmado con los Gondi ni en la llamada Acta de Asociaci\u00f3n firmada con los otros tres sacerdotes, que mencione la atenci\u00f3n a pobres en carencias materiales, sino s\u00f3lo en caren\u00adcias de car\u00e1cter &#8216;espiritual&#8217;: instrucci\u00f3n religiosa, sacramentos&#8230;<\/p>\n<p>En el contrato con los Gondi se define as\u00ed el prop\u00f3sito del equipo misionero futuro: <em>\u00abDedicarse exclusivamente y por ente\u00adro a la salvaci\u00f3n del pobre pueblo, yendo de aldea en aldea, a predicar, exhortar y catequizar a esas pobres gentes, y llevarles a todos a hacer una buena confesi\u00f3n general de toda su vida pasada&#8230;; asistir espiritualmente a los pobres forzados, a fin de que se aprovechen <\/em>(espiritualmente, se entiende) <em>de sus sufri\u00admientos corporales&#8230;; ense\u00f1ar el catecismo <\/em>(durante los tres meses de verano en que no se dan misiones) <em>en las aldeas, los d\u00edas de fiesta y los domingos\u00bb <\/em>(X, 238).<\/p>\n<p>No hay, como se ve, ninguna referencia a alguna actividad caritativa ni siquiera en relaci\u00f3n a los galeotes, que viv\u00edan en condiciones tan desgarradas tambi\u00e9n en el aspecto material. La misma observaci\u00f3n se aplica al Acta de Asociaci\u00f3n del a\u00f1o siguiente, en la que se define as\u00ed el fin del grupo misionero: <em>\u00abDedicarse en misiones a catequizar <\/em>y <em>animar a hacer confesi\u00f3n general a la pobre gente del campo\u00bb <\/em>(X, 242).<\/p>\n<p>Los a\u00f1os siguientes se sigue manteniendo la misma visi\u00f3n, como aparece claramente en las varias solicitudes que envi\u00f3 Vicente a Roma a partir de 1627 para conseguir el reconocimien\u00adto de su congregaci\u00f3n por parte de las autoridades vaticanas. Vicente hab\u00eda fundado su congregaci\u00f3n en un primer momento con el solo reconocimiento del arzobispo de Par\u00eds en 1626, quien tampoco menciona en su aprobaci\u00f3n m\u00e1s que actividades misio\u00adneras de tipo &#8216;espiritual&#8217; (X, 241). D\u00edgase lo mismo del documen\u00adto de aprobaci\u00f3n de la Congregaci\u00f3n de la Misi\u00f3n por parte del rey Luis XIII en 1627 (X, 249), o de la aprobaci\u00f3n final dada por el papa en 1633 (X, 303). La \u00fanica menci\u00f3n en algunos de esos documentos de actividades de caridad se refiere a la fundaci\u00f3n de Cofrad\u00edas de Caridad al final de cada misi\u00f3n. Pero las activi\u00addades que se contemplan en todos esos documentos como pro\u00adpias de los misioneros mismos hacia las poblaciones misionadas son, una vez m\u00e1s, s\u00f3lo del tipo que venimos calificando como `espiritual&#8217;. As\u00ed aparece en todos los documentos, pero tambi\u00e9n en la correspondencia. Escribe en 1631: <em>\u00abEl pobre pueblo se condena por no saber las cosas necesarias para la salvaci\u00f3n y por no confesarse&#8230; Ha sido el conocimiento que se ha tenido de e<\/em><em>sto lo que ha hecho que se fundara la Congregaci\u00f3n para poner remedio a ello de alguna manera\u00bb (1, <\/em>176-177).<\/p>\n<p>Ni Vicente ni sus misioneros perdieron jam\u00e1s de vista esta dimensi\u00f3n &#8216;espiritual&#8217; como funci\u00f3n fundamental de su actividad pastoral, ni podr\u00edan haberla perdido sin desnaturalizar el motivo inspirador de su fundaci\u00f3n. Pero es igualmente claro que en aquellos primeros a\u00f1os la preocupaci\u00f3n por las obras de caridad no aparece mencionada en ning\u00fan sitio en la actividad de los misioneros como dimensi\u00f3n tan importante como esa otra que venimos calificando de &#8216;espiritual&#8217; (ponemos esa palabra entre comillas; m\u00e1s adelante veremos por qu\u00e9).<\/p>\n<p>Jaime Corera<\/p>\n<p>CEME, 2008<\/p>\n<p>&nbsp;<\/p>\n","protected":false},"excerpt":{"rendered":"<p>LOS PRIMEROS A\u00d1OS DESPU\u00c9S DE CH\u00c1TILLON: VICENTE DE PA\u00daL, MISIONERO RURAL A finales de enero de 1618, al mes justo de volver a Par\u00eds, Vicente daba su primera misi\u00f3n en la aldea de Villepreux, donde &#8230; <a href=\"http:\/\/vincentians.com\/es\/vicente-de-paul-en-chatillon-v\/\" class=\"more-link\">Read More<\/a><\/p>\n","protected":false},"author":5,"featured_media":402733,"comment_status":"open","ping_status":"open","sticky":false,"template":"","format":"standard","meta":{"jetpack_post_was_ever_published":false,"_jetpack_newsletter_access":"","_jetpack_dont_email_post_to_subs":false,"_jetpack_newsletter_tier_id":0,"_jetpack_memberships_contains_paywalled_content":false,"_jetpack_memberships_contains_paid_content":false,"footnotes":"","jetpack_publicize_message":"","jetpack_publicize_feature_enabled":true,"jetpack_social_post_already_shared":true,"jetpack_social_options":{"image_generator_settings":{"template":"highway","default_image_id":0,"font":"","enabled":false},"version":2}},"categories":[17],"tags":[],"class_list":["post-403586","post","type-post","status-publish","format-standard","has-post-thumbnail","hentry","category-en-tiempos-de-vicente-de-paul"],"yoast_head":"<!-- This site is optimized with the Yoast SEO plugin v26.3 - https:\/\/yoast.com\/wordpress\/plugins\/seo\/ -->\n<title>VICENTE DE PA\u00daL EN CHATILLON (V) - Somos Vicencianos<\/title>\n<meta name=\"robots\" content=\"index, follow, max-snippet:-1, max-image-preview:large, max-video-preview:-1\" \/>\n<link rel=\"canonical\" href=\"https:\/\/vincentians.com\/es\/vicente-de-paul-en-chatillon-v\/\" \/>\n<meta property=\"og:locale\" content=\"es_ES\" \/>\n<meta property=\"og:type\" content=\"article\" \/>\n<meta property=\"og:title\" content=\"VICENTE DE PA\u00daL EN CHATILLON (V) - Somos Vicencianos\" \/>\n<meta property=\"og:description\" content=\"LOS PRIMEROS A\u00d1OS DESPU\u00c9S DE CH\u00c1TILLON: VICENTE DE PA\u00daL, MISIONERO RURAL A finales de enero de 1618, al mes justo de volver a Par\u00eds, Vicente daba su primera misi\u00f3n en la aldea de Villepreux, donde ... Read More\" \/>\n<meta property=\"og:url\" content=\"https:\/\/vincentians.com\/es\/vicente-de-paul-en-chatillon-v\/\" \/>\n<meta property=\"og:site_name\" content=\"Somos Vicencianos\" \/>\n<meta property=\"article:publisher\" content=\"https:\/\/www.facebook.com\/WeAreVincentians\/\" \/>\n<meta property=\"article:published_time\" content=\"2021-07-04T06:16:39+00:00\" \/>\n<meta property=\"og:image\" content=\"https:\/\/i0.wp.com\/vincentians.com\/es\/wp-content\/uploads\/sites\/11\/2015\/02\/St_Vincent_De_Paul_-bible-1.jpg?fit=1200%2C630&ssl=1\" \/>\n\t<meta property=\"og:image:width\" content=\"1200\" \/>\n\t<meta property=\"og:image:height\" content=\"630\" \/>\n\t<meta property=\"og:image:type\" content=\"image\/jpeg\" \/>\n<meta name=\"author\" content=\"Mitxel Olabu\u00e9naga\" \/>\n<meta name=\"twitter:card\" content=\"summary_large_image\" \/>\n<meta name=\"twitter:creator\" content=\"@WeVincentians\" \/>\n<meta name=\"twitter:site\" content=\"@WeVincentians\" \/>\n<meta name=\"twitter:label1\" content=\"Escrito por\" \/>\n\t<meta name=\"twitter:data1\" content=\"Mitxel Olabu\u00e9naga\" \/>\n\t<meta name=\"twitter:label2\" content=\"Tiempo de lectura\" \/>\n\t<meta name=\"twitter:data2\" content=\"5 minutos\" \/>\n<script type=\"application\/ld+json\" class=\"yoast-schema-graph\">{\"@context\":\"https:\/\/schema.org\",\"@graph\":[{\"@type\":\"Article\",\"@id\":\"https:\/\/vincentians.com\/es\/vicente-de-paul-en-chatillon-v\/#article\",\"isPartOf\":{\"@id\":\"https:\/\/vincentians.com\/es\/vicente-de-paul-en-chatillon-v\/\"},\"author\":{\"name\":\"Mitxel Olabu\u00e9naga\",\"@id\":\"http:\/\/vincentians.com\/es\/#\/schema\/person\/7c2670b4445a7ca9d164ea6acdb31859\"},\"headline\":\"VICENTE DE PA\u00daL EN CHATILLON (V)\",\"datePublished\":\"2021-07-04T06:16:39+00:00\",\"mainEntityOfPage\":{\"@id\":\"https:\/\/vincentians.com\/es\/vicente-de-paul-en-chatillon-v\/\"},\"wordCount\":1000,\"commentCount\":0,\"publisher\":{\"@id\":\"http:\/\/vincentians.com\/es\/#organization\"},\"image\":{\"@id\":\"https:\/\/vincentians.com\/es\/vicente-de-paul-en-chatillon-v\/#primaryimage\"},\"thumbnailUrl\":\"https:\/\/i0.wp.com\/vincentians.com\/es\/wp-content\/uploads\/sites\/11\/2015\/02\/St_Vincent_De_Paul_-bible-1.jpg?fit=1200%2C630\",\"articleSection\":[\"En tiempos de Vicente de Pa\u00fal\"],\"inLanguage\":\"es\",\"potentialAction\":[{\"@type\":\"CommentAction\",\"name\":\"Comment\",\"target\":[\"https:\/\/vincentians.com\/es\/vicente-de-paul-en-chatillon-v\/#respond\"]}]},{\"@type\":\"WebPage\",\"@id\":\"https:\/\/vincentians.com\/es\/vicente-de-paul-en-chatillon-v\/\",\"url\":\"https:\/\/vincentians.com\/es\/vicente-de-paul-en-chatillon-v\/\",\"name\":\"VICENTE DE PA\u00daL EN CHATILLON (V) - Somos Vicencianos\",\"isPartOf\":{\"@id\":\"http:\/\/vincentians.com\/es\/#website\"},\"primaryImageOfPage\":{\"@id\":\"https:\/\/vincentians.com\/es\/vicente-de-paul-en-chatillon-v\/#primaryimage\"},\"image\":{\"@id\":\"https:\/\/vincentians.com\/es\/vicente-de-paul-en-chatillon-v\/#primaryimage\"},\"thumbnailUrl\":\"https:\/\/i0.wp.com\/vincentians.com\/es\/wp-content\/uploads\/sites\/11\/2015\/02\/St_Vincent_De_Paul_-bible-1.jpg?fit=1200%2C630\",\"datePublished\":\"2021-07-04T06:16:39+00:00\",\"breadcrumb\":{\"@id\":\"https:\/\/vincentians.com\/es\/vicente-de-paul-en-chatillon-v\/#breadcrumb\"},\"inLanguage\":\"es\",\"potentialAction\":[{\"@type\":\"ReadAction\",\"target\":[\"https:\/\/vincentians.com\/es\/vicente-de-paul-en-chatillon-v\/\"]}]},{\"@type\":\"ImageObject\",\"inLanguage\":\"es\",\"@id\":\"https:\/\/vincentians.com\/es\/vicente-de-paul-en-chatillon-v\/#primaryimage\",\"url\":\"https:\/\/i0.wp.com\/vincentians.com\/es\/wp-content\/uploads\/sites\/11\/2015\/02\/St_Vincent_De_Paul_-bible-1.jpg?fit=1200%2C630\",\"contentUrl\":\"https:\/\/i0.wp.com\/vincentians.com\/es\/wp-content\/uploads\/sites\/11\/2015\/02\/St_Vincent_De_Paul_-bible-1.jpg?fit=1200%2C630\",\"width\":1200,\"height\":630},{\"@type\":\"BreadcrumbList\",\"@id\":\"https:\/\/vincentians.com\/es\/vicente-de-paul-en-chatillon-v\/#breadcrumb\",\"itemListElement\":[{\"@type\":\"ListItem\",\"position\":1,\"name\":\"Portada\",\"item\":\"http:\/\/vincentians.com\/es\/\"},{\"@type\":\"ListItem\",\"position\":2,\"name\":\"VICENTE DE PA\u00daL EN CHATILLON (V)\"}]},{\"@type\":\"WebSite\",\"@id\":\"http:\/\/vincentians.com\/es\/#website\",\"url\":\"http:\/\/vincentians.com\/es\/\",\"name\":\"Somos Vicencianos\",\"description\":\"Know more to serve more\",\"publisher\":{\"@id\":\"http:\/\/vincentians.com\/es\/#organization\"},\"potentialAction\":[{\"@type\":\"SearchAction\",\"target\":{\"@type\":\"EntryPoint\",\"urlTemplate\":\"http:\/\/vincentians.com\/es\/?s={search_term_string}\"},\"query-input\":{\"@type\":\"PropertyValueSpecification\",\"valueRequired\":true,\"valueName\":\"search_term_string\"}}],\"inLanguage\":\"es\"},{\"@type\":\"Organization\",\"@id\":\"http:\/\/vincentians.com\/es\/#organization\",\"name\":\"The Vincentian Network\",\"url\":\"http:\/\/vincentians.com\/es\/\",\"logo\":{\"@type\":\"ImageObject\",\"inLanguage\":\"es\",\"@id\":\"http:\/\/vincentians.com\/es\/#\/schema\/logo\/image\/\",\"url\":\"https:\/\/i1.wp.com\/vincentians.com\/es\/wp-content\/uploads\/sites\/11\/2016\/06\/Vincentian-Network-logo-big.png?fit=778%2C778\",\"contentUrl\":\"https:\/\/i1.wp.com\/vincentians.com\/es\/wp-content\/uploads\/sites\/11\/2016\/06\/Vincentian-Network-logo-big.png?fit=778%2C778\",\"width\":778,\"height\":778,\"caption\":\"The Vincentian Network\"},\"image\":{\"@id\":\"http:\/\/vincentians.com\/es\/#\/schema\/logo\/image\/\"},\"sameAs\":[\"https:\/\/www.facebook.com\/WeAreVincentians\/\",\"https:\/\/x.com\/WeVincentians\"]},{\"@type\":\"Person\",\"@id\":\"http:\/\/vincentians.com\/es\/#\/schema\/person\/7c2670b4445a7ca9d164ea6acdb31859\",\"name\":\"Mitxel Olabu\u00e9naga\",\"image\":{\"@type\":\"ImageObject\",\"inLanguage\":\"es\",\"@id\":\"http:\/\/vincentians.com\/es\/#\/schema\/person\/image\/\",\"url\":\"https:\/\/secure.gravatar.com\/avatar\/34137ec2e2b8939cbbed975731e71f3f4f1defc7266ded337a5ce0f925426877?s=96&d=mm&r=g\",\"contentUrl\":\"https:\/\/secure.gravatar.com\/avatar\/34137ec2e2b8939cbbed975731e71f3f4f1defc7266ded337a5ce0f925426877?s=96&d=mm&r=g\",\"caption\":\"Mitxel Olabu\u00e9naga\"},\"url\":\"http:\/\/vincentians.com\/es\/author\/mitxel\/\"}]}<\/script>\n<!-- \/ Yoast SEO plugin. -->","yoast_head_json":{"title":"VICENTE DE PA\u00daL EN CHATILLON (V) - Somos Vicencianos","robots":{"index":"index","follow":"follow","max-snippet":"max-snippet:-1","max-image-preview":"max-image-preview:large","max-video-preview":"max-video-preview:-1"},"canonical":"https:\/\/vincentians.com\/es\/vicente-de-paul-en-chatillon-v\/","og_locale":"es_ES","og_type":"article","og_title":"VICENTE DE PA\u00daL EN CHATILLON (V) - Somos Vicencianos","og_description":"LOS PRIMEROS A\u00d1OS DESPU\u00c9S DE CH\u00c1TILLON: VICENTE DE PA\u00daL, MISIONERO RURAL A finales de enero de 1618, al mes justo de volver a Par\u00eds, Vicente daba su primera misi\u00f3n en la aldea de Villepreux, donde ... Read More","og_url":"https:\/\/vincentians.com\/es\/vicente-de-paul-en-chatillon-v\/","og_site_name":"Somos Vicencianos","article_publisher":"https:\/\/www.facebook.com\/WeAreVincentians\/","article_published_time":"2021-07-04T06:16:39+00:00","og_image":[{"width":1200,"height":630,"url":"https:\/\/i0.wp.com\/vincentians.com\/es\/wp-content\/uploads\/sites\/11\/2015\/02\/St_Vincent_De_Paul_-bible-1.jpg?fit=1200%2C630&ssl=1","type":"image\/jpeg"}],"author":"Mitxel Olabu\u00e9naga","twitter_card":"summary_large_image","twitter_creator":"@WeVincentians","twitter_site":"@WeVincentians","twitter_misc":{"Escrito por":"Mitxel Olabu\u00e9naga","Tiempo de lectura":"5 minutos"},"schema":{"@context":"https:\/\/schema.org","@graph":[{"@type":"Article","@id":"https:\/\/vincentians.com\/es\/vicente-de-paul-en-chatillon-v\/#article","isPartOf":{"@id":"https:\/\/vincentians.com\/es\/vicente-de-paul-en-chatillon-v\/"},"author":{"name":"Mitxel Olabu\u00e9naga","@id":"http:\/\/vincentians.com\/es\/#\/schema\/person\/7c2670b4445a7ca9d164ea6acdb31859"},"headline":"VICENTE DE PA\u00daL EN CHATILLON (V)","datePublished":"2021-07-04T06:16:39+00:00","mainEntityOfPage":{"@id":"https:\/\/vincentians.com\/es\/vicente-de-paul-en-chatillon-v\/"},"wordCount":1000,"commentCount":0,"publisher":{"@id":"http:\/\/vincentians.com\/es\/#organization"},"image":{"@id":"https:\/\/vincentians.com\/es\/vicente-de-paul-en-chatillon-v\/#primaryimage"},"thumbnailUrl":"https:\/\/i0.wp.com\/vincentians.com\/es\/wp-content\/uploads\/sites\/11\/2015\/02\/St_Vincent_De_Paul_-bible-1.jpg?fit=1200%2C630","articleSection":["En tiempos de Vicente de Pa\u00fal"],"inLanguage":"es","potentialAction":[{"@type":"CommentAction","name":"Comment","target":["https:\/\/vincentians.com\/es\/vicente-de-paul-en-chatillon-v\/#respond"]}]},{"@type":"WebPage","@id":"https:\/\/vincentians.com\/es\/vicente-de-paul-en-chatillon-v\/","url":"https:\/\/vincentians.com\/es\/vicente-de-paul-en-chatillon-v\/","name":"VICENTE DE PA\u00daL EN CHATILLON (V) - Somos Vicencianos","isPartOf":{"@id":"http:\/\/vincentians.com\/es\/#website"},"primaryImageOfPage":{"@id":"https:\/\/vincentians.com\/es\/vicente-de-paul-en-chatillon-v\/#primaryimage"},"image":{"@id":"https:\/\/vincentians.com\/es\/vicente-de-paul-en-chatillon-v\/#primaryimage"},"thumbnailUrl":"https:\/\/i0.wp.com\/vincentians.com\/es\/wp-content\/uploads\/sites\/11\/2015\/02\/St_Vincent_De_Paul_-bible-1.jpg?fit=1200%2C630","datePublished":"2021-07-04T06:16:39+00:00","breadcrumb":{"@id":"https:\/\/vincentians.com\/es\/vicente-de-paul-en-chatillon-v\/#breadcrumb"},"inLanguage":"es","potentialAction":[{"@type":"ReadAction","target":["https:\/\/vincentians.com\/es\/vicente-de-paul-en-chatillon-v\/"]}]},{"@type":"ImageObject","inLanguage":"es","@id":"https:\/\/vincentians.com\/es\/vicente-de-paul-en-chatillon-v\/#primaryimage","url":"https:\/\/i0.wp.com\/vincentians.com\/es\/wp-content\/uploads\/sites\/11\/2015\/02\/St_Vincent_De_Paul_-bible-1.jpg?fit=1200%2C630","contentUrl":"https:\/\/i0.wp.com\/vincentians.com\/es\/wp-content\/uploads\/sites\/11\/2015\/02\/St_Vincent_De_Paul_-bible-1.jpg?fit=1200%2C630","width":1200,"height":630},{"@type":"BreadcrumbList","@id":"https:\/\/vincentians.com\/es\/vicente-de-paul-en-chatillon-v\/#breadcrumb","itemListElement":[{"@type":"ListItem","position":1,"name":"Portada","item":"http:\/\/vincentians.com\/es\/"},{"@type":"ListItem","position":2,"name":"VICENTE DE PA\u00daL EN CHATILLON (V)"}]},{"@type":"WebSite","@id":"http:\/\/vincentians.com\/es\/#website","url":"http:\/\/vincentians.com\/es\/","name":"Somos Vicencianos","description":"Know more to serve more","publisher":{"@id":"http:\/\/vincentians.com\/es\/#organization"},"potentialAction":[{"@type":"SearchAction","target":{"@type":"EntryPoint","urlTemplate":"http:\/\/vincentians.com\/es\/?s={search_term_string}"},"query-input":{"@type":"PropertyValueSpecification","valueRequired":true,"valueName":"search_term_string"}}],"inLanguage":"es"},{"@type":"Organization","@id":"http:\/\/vincentians.com\/es\/#organization","name":"The Vincentian Network","url":"http:\/\/vincentians.com\/es\/","logo":{"@type":"ImageObject","inLanguage":"es","@id":"http:\/\/vincentians.com\/es\/#\/schema\/logo\/image\/","url":"https:\/\/i1.wp.com\/vincentians.com\/es\/wp-content\/uploads\/sites\/11\/2016\/06\/Vincentian-Network-logo-big.png?fit=778%2C778","contentUrl":"https:\/\/i1.wp.com\/vincentians.com\/es\/wp-content\/uploads\/sites\/11\/2016\/06\/Vincentian-Network-logo-big.png?fit=778%2C778","width":778,"height":778,"caption":"The Vincentian Network"},"image":{"@id":"http:\/\/vincentians.com\/es\/#\/schema\/logo\/image\/"},"sameAs":["https:\/\/www.facebook.com\/WeAreVincentians\/","https:\/\/x.com\/WeVincentians"]},{"@type":"Person","@id":"http:\/\/vincentians.com\/es\/#\/schema\/person\/7c2670b4445a7ca9d164ea6acdb31859","name":"Mitxel Olabu\u00e9naga","image":{"@type":"ImageObject","inLanguage":"es","@id":"http:\/\/vincentians.com\/es\/#\/schema\/person\/image\/","url":"https:\/\/secure.gravatar.com\/avatar\/34137ec2e2b8939cbbed975731e71f3f4f1defc7266ded337a5ce0f925426877?s=96&d=mm&r=g","contentUrl":"https:\/\/secure.gravatar.com\/avatar\/34137ec2e2b8939cbbed975731e71f3f4f1defc7266ded337a5ce0f925426877?s=96&d=mm&r=g","caption":"Mitxel Olabu\u00e9naga"},"url":"http:\/\/vincentians.com\/es\/author\/mitxel\/"}]}},"jetpack_publicize_connections":[],"jetpack_featured_media_url":"https:\/\/i0.wp.com\/vincentians.com\/es\/wp-content\/uploads\/sites\/11\/2015\/02\/St_Vincent_De_Paul_-bible-1.jpg?fit=1200%2C630","jetpack_sharing_enabled":true,"jetpack_shortlink":"https:\/\/wp.me\/p7ETMF-1GZs","jetpack-related-posts":[{"id":403588,"url":"http:\/\/vincentians.com\/es\/vicente-de-paul-en-chatillon-vi\/","url_meta":{"origin":403586,"position":0},"title":"VICENTE DE PA\u00daL EN CHATILLON (VI)","author":"Mitxel Olabu\u00e9naga","date":"06\/07\/2021","format":false,"excerpt":"MISI\u00d3N Y CARIDAD: LA EVOLUCI\u00d3N DE UNA NUEVA VISI\u00d3N ESPIRITUAL Cu\u00e1n diferentes llegar\u00edan a ser con los a\u00f1os el lenguaje y la visi\u00f3n que Vicente usar\u00eda para hablar a sus propios misioneros acerca del fin para el que hab\u00eda \u00e9l mismo fundado su congrega\u00adci\u00f3n. As\u00ed expresaba Vicente en 1658, en\u2026","rel":"","context":"En \u00abEn tiempos de Vicente de Pa\u00fal\u00bb","block_context":{"text":"En tiempos de Vicente de Pa\u00fal","link":"http:\/\/vincentians.com\/es\/category\/historia-de-la-familia-vicenciana\/en-tiempos-de-vicente-de-paul\/"},"img":{"alt_text":"","src":"https:\/\/i0.wp.com\/vincentians.com\/es\/wp-content\/uploads\/sites\/11\/2015\/02\/St_Vincent_De_Paul_-bible-1.jpg?fit=1200%2C630&resize=350%2C200","width":350,"height":200,"srcset":"https:\/\/i0.wp.com\/vincentians.com\/es\/wp-content\/uploads\/sites\/11\/2015\/02\/St_Vincent_De_Paul_-bible-1.jpg?fit=1200%2C630&resize=350%2C200 1x, https:\/\/i0.wp.com\/vincentians.com\/es\/wp-content\/uploads\/sites\/11\/2015\/02\/St_Vincent_De_Paul_-bible-1.jpg?fit=1200%2C630&resize=525%2C300 1.5x, https:\/\/i0.wp.com\/vincentians.com\/es\/wp-content\/uploads\/sites\/11\/2015\/02\/St_Vincent_De_Paul_-bible-1.jpg?fit=1200%2C630&resize=700%2C400 2x, https:\/\/i0.wp.com\/vincentians.com\/es\/wp-content\/uploads\/sites\/11\/2015\/02\/St_Vincent_De_Paul_-bible-1.jpg?fit=1200%2C630&resize=1050%2C600 3x"},"classes":[]},{"id":387343,"url":"http:\/\/vincentians.com\/es\/san-vicente-frente-a-las-realidades-de-su-tiempo\/","url_meta":{"origin":403586,"position":1},"title":"San Vicente frente a las realidades de su tiempo","author":"Francisco Javier Fern\u00e1ndez Chento","date":"24\/05\/2015","format":false,"excerpt":"A pesar de todas las influencias espirituales y la dif\u00edcil situaci\u00f3n de Francia en el Siglo XVII, realmente es el contacto con los pobres, desde la experiencia de la parroquia de Clichy, en las afueras de Par\u00eds, en que Vicente de Pa\u00fal empieza a encontrar el camino de lo que\u2026","rel":"","context":"En \u00abFormaci\u00f3n Vicenciana\u00bb","block_context":{"text":"Formaci\u00f3n Vicenciana","link":"http:\/\/vincentians.com\/es\/category\/formacion-vicenciana\/"},"img":{"alt_text":"san-vicente-de-paul-y-pobres","src":"https:\/\/i0.wp.com\/vicencianos.org\/wp-content\/2014\/04\/san-vicente-de-paul-y-pobres-300x208.jpg?resize=350%2C200","width":350,"height":200},"classes":[]},{"id":403584,"url":"http:\/\/vincentians.com\/es\/vicente-de-paul-en-chatillon-iv\/","url_meta":{"origin":403586,"position":2},"title":"VICENTE DE PA\u00daL EN CHATILLON (IV)","author":"Mitxel Olabu\u00e9naga","date":"02\/07\/2021","format":false,"excerpt":"ELEMENTOS DEL ESP\u00cdRITU VICENCIANO EN EL REGLAMENTO DE CH\u00c1TILLON La fechas hist\u00f3ricas del origen de la espiritualidad vicenciana se conocen con precisi\u00f3n: el 25 de enero, d\u00eda del \"primer ser\u00adm\u00f3n de la Misi\u00f3n\" en Folleville, y el 20 de agosto de 1617, d\u00eda del serm\u00f3n que dio origen a la\u2026","rel":"","context":"En \u00abEn tiempos de Vicente de Pa\u00fal\u00bb","block_context":{"text":"En tiempos de Vicente de Pa\u00fal","link":"http:\/\/vincentians.com\/es\/category\/historia-de-la-familia-vicenciana\/en-tiempos-de-vicente-de-paul\/"},"img":{"alt_text":"","src":"https:\/\/i0.wp.com\/vincentians.com\/es\/wp-content\/uploads\/sites\/11\/2015\/02\/St_Vincent_De_Paul_-bible-1.jpg?fit=1200%2C630&resize=350%2C200","width":350,"height":200,"srcset":"https:\/\/i0.wp.com\/vincentians.com\/es\/wp-content\/uploads\/sites\/11\/2015\/02\/St_Vincent_De_Paul_-bible-1.jpg?fit=1200%2C630&resize=350%2C200 1x, https:\/\/i0.wp.com\/vincentians.com\/es\/wp-content\/uploads\/sites\/11\/2015\/02\/St_Vincent_De_Paul_-bible-1.jpg?fit=1200%2C630&resize=525%2C300 1.5x, https:\/\/i0.wp.com\/vincentians.com\/es\/wp-content\/uploads\/sites\/11\/2015\/02\/St_Vincent_De_Paul_-bible-1.jpg?fit=1200%2C630&resize=700%2C400 2x, https:\/\/i0.wp.com\/vincentians.com\/es\/wp-content\/uploads\/sites\/11\/2015\/02\/St_Vincent_De_Paul_-bible-1.jpg?fit=1200%2C630&resize=1050%2C600 3x"},"classes":[]},{"id":101423,"url":"http:\/\/vincentians.com\/es\/vida-del-senor-vicente-de-paul-capitulo-3-2\/","url_meta":{"origin":403586,"position":3},"title":"Vida del Se\u00f1or Vicente de Pa\u00fal: Cap\u00edtulo 3","author":"Francisco Javier Fern\u00e1ndez Chento","date":"14\/05\/2015","format":false,"excerpt":"3 No sepult\u00f3 su vida para siempre en Chatillon el se\u00f1or Vicente. Esa era su intenci\u00f3n, pero con frecuencia el hombre propone y la mujer dispone. Vicente debi\u00f3 de llegar a Chatillon en marzo o abril de 1617. Para Navidad del mismo a\u00f1o estaba de vuelta en casa de los\u2026","rel":"","context":"En \u00abVicente de Pa\u00fal\u00bb","block_context":{"text":"Vicente de Pa\u00fal","link":"http:\/\/vincentians.com\/es\/category\/la-familia-vicenciana\/fundadores\/vicente-de-paul\/"},"img":{"alt_text":"sanvibiblia","src":"https:\/\/i0.wp.com\/vicencianos.org\/wp-content\/2012\/08\/sanvibiblia-300x300.png?resize=350%2C200","width":350,"height":200},"classes":[]},{"id":403538,"url":"http:\/\/vincentians.com\/es\/la-cofradia-de-la-caridad-ii\/","url_meta":{"origin":403586,"position":4},"title":"LA COFRAD\u00cdA DE LA CARIDAD (II)","author":"Mitxel Olabu\u00e9naga","date":"17\/05\/2021","format":false,"excerpt":"LA PRIMERA OBRA DE SAN VICENTE Ya estando de p\u00e1rroco en Clichy san Vicente hab\u00eda fundado la cofrad\u00eda del Rosario. As\u00ed lo atestiguan tanto Luis Abelly como Collet, bi\u00f3grafos afamados del santo fundador. Pero la m\u00e1s importante, la m\u00e1s decisiva, la que determin\u00f3 el futuro caritativo de Vicente de Pa\u00fal\u2026","rel":"","context":"En \u00abFormaci\u00f3n Vicenciana sin categorizar\u00bb","block_context":{"text":"Formaci\u00f3n Vicenciana sin categorizar","link":"http:\/\/vincentians.com\/es\/category\/formacion-vicenciana\/formacion-vicenciana-sin-categorizar\/"},"img":{"alt_text":"","src":"https:\/\/i0.wp.com\/vincentians.com\/es\/wp-content\/uploads\/sites\/11\/2016\/08\/con-damas-de-la-caridad.jpg?fit=1200%2C630&resize=350%2C200","width":350,"height":200,"srcset":"https:\/\/i0.wp.com\/vincentians.com\/es\/wp-content\/uploads\/sites\/11\/2016\/08\/con-damas-de-la-caridad.jpg?fit=1200%2C630&resize=350%2C200 1x, https:\/\/i0.wp.com\/vincentians.com\/es\/wp-content\/uploads\/sites\/11\/2016\/08\/con-damas-de-la-caridad.jpg?fit=1200%2C630&resize=525%2C300 1.5x, https:\/\/i0.wp.com\/vincentians.com\/es\/wp-content\/uploads\/sites\/11\/2016\/08\/con-damas-de-la-caridad.jpg?fit=1200%2C630&resize=700%2C400 2x, https:\/\/i0.wp.com\/vincentians.com\/es\/wp-content\/uploads\/sites\/11\/2016\/08\/con-damas-de-la-caridad.jpg?fit=1200%2C630&resize=1050%2C600 3x"},"classes":[]},{"id":134886,"url":"http:\/\/vincentians.com\/es\/de-las-caridades-a-las-hijas-de-la-caridad\/","url_meta":{"origin":403586,"position":5},"title":"De las \u00abCaridades\u00bb a las \u00abHijas de la Caridad\u00bb","author":"Francisco Javier Fern\u00e1ndez Chento","date":"27\/08\/2016","format":false,"excerpt":"Estamos en 1617. Dos experiencias particularmente significativas marcan la vida de Vicente de Pa\u00fal, y est\u00e1n en el origen de sus dos realizaciones revolucionarias: la experiencia de Gannes Folleville y la de Ch\u00e1tillon-les-Dombes. Nacido el 24 de abril de 1581 en Pouy (hoy San Vicente de Pa\u00fal) en las cercan\u00edas\u2026","rel":"","context":"En \u00abHijas de la Caridad\u00bb","block_context":{"text":"Hijas de la Caridad","link":"http:\/\/vincentians.com\/es\/category\/la-familia-vicenciana\/ramas\/hijas-de-la-caridad\/"},"img":{"alt_text":"","src":"https:\/\/i0.wp.com\/vincentians.com\/es\/wp-content\/uploads\/sites\/11\/2016\/08\/hijas-caridad.jpg?fit=1200%2C630&resize=350%2C200","width":350,"height":200,"srcset":"https:\/\/i0.wp.com\/vincentians.com\/es\/wp-content\/uploads\/sites\/11\/2016\/08\/hijas-caridad.jpg?fit=1200%2C630&resize=350%2C200 1x, https:\/\/i0.wp.com\/vincentians.com\/es\/wp-content\/uploads\/sites\/11\/2016\/08\/hijas-caridad.jpg?fit=1200%2C630&resize=525%2C300 1.5x, https:\/\/i0.wp.com\/vincentians.com\/es\/wp-content\/uploads\/sites\/11\/2016\/08\/hijas-caridad.jpg?fit=1200%2C630&resize=700%2C400 2x, https:\/\/i0.wp.com\/vincentians.com\/es\/wp-content\/uploads\/sites\/11\/2016\/08\/hijas-caridad.jpg?fit=1200%2C630&resize=1050%2C600 3x"},"classes":[]}],"_links":{"self":[{"href":"http:\/\/vincentians.com\/es\/wp-json\/wp\/v2\/posts\/403586","targetHints":{"allow":["GET"]}}],"collection":[{"href":"http:\/\/vincentians.com\/es\/wp-json\/wp\/v2\/posts"}],"about":[{"href":"http:\/\/vincentians.com\/es\/wp-json\/wp\/v2\/types\/post"}],"author":[{"embeddable":true,"href":"http:\/\/vincentians.com\/es\/wp-json\/wp\/v2\/users\/5"}],"replies":[{"embeddable":true,"href":"http:\/\/vincentians.com\/es\/wp-json\/wp\/v2\/comments?post=403586"}],"version-history":[{"count":1,"href":"http:\/\/vincentians.com\/es\/wp-json\/wp\/v2\/posts\/403586\/revisions"}],"predecessor-version":[{"id":403587,"href":"http:\/\/vincentians.com\/es\/wp-json\/wp\/v2\/posts\/403586\/revisions\/403587"}],"wp:featuredmedia":[{"embeddable":true,"href":"http:\/\/vincentians.com\/es\/wp-json\/wp\/v2\/media\/402733"}],"wp:attachment":[{"href":"http:\/\/vincentians.com\/es\/wp-json\/wp\/v2\/media?parent=403586"}],"wp:term":[{"taxonomy":"category","embeddable":true,"href":"http:\/\/vincentians.com\/es\/wp-json\/wp\/v2\/categories?post=403586"},{"taxonomy":"post_tag","embeddable":true,"href":"http:\/\/vincentians.com\/es\/wp-json\/wp\/v2\/tags?post=403586"}],"curies":[{"name":"wp","href":"https:\/\/api.w.org\/{rel}","templated":true}]}}