{"id":403584,"date":"2021-07-02T08:15:22","date_gmt":"2021-07-02T06:15:22","guid":{"rendered":"http:\/\/vincentians.com\/es\/?p=403584"},"modified":"2021-05-15T18:16:33","modified_gmt":"2021-05-15T16:16:33","slug":"vicente-de-paul-en-chatillon-iv","status":"publish","type":"post","link":"http:\/\/vincentians.com\/es\/vicente-de-paul-en-chatillon-iv\/","title":{"rendered":"VICENTE DE PA\u00daL EN CHATILLON (IV)"},"content":{"rendered":"<p>ELEMENTOS DEL ESP\u00cdRITU VICENCIANO EN EL REGLAMENTO DE CH\u00c1TILLON<\/p>\n<p>La fechas hist\u00f3ricas del origen de la espiritualidad vicenciana se conocen con precisi\u00f3n: el 25 de enero, d\u00eda del \u00abprimer ser\u00adm\u00f3n de la Misi\u00f3n\u00bb en Folleville, y el 20 de agosto de 1617, d\u00eda del serm\u00f3n que dio origen a la primera Cofrad\u00eda de la Caridad. En la primera de esas dos fechas sembr\u00f3 el Esp\u00edritu Santo en la vida personal de Vicente de Pa\u00fal el \u00abcarisma\u00bb de la Misi\u00f3n; en la segunda, el de la Caridad. El primero dio origen a una institu\u00adci\u00f3n que a\u00fan existe, la Congregaci\u00f3n de la Misi\u00f3n; el segundo fue el origen, primero, de las Cofrad\u00edas de la Caridad, y poste\u00adriormente de las Hijas de la Caridad y de las Damas de la Cari\u00addad. Ambos carismas han dado origen despu\u00e9s de su muerte a otros muchos grupos e instituciones que se confiesan inspirados por la misma visi\u00f3n de Vicente de Pa\u00fal.<\/p>\n<p>Hasta el d\u00eda de hoy es visible en las actividades de las distin\u00adtas instituciones una diferencia que brota de sus diferentes or\u00edge\u00adnes hist\u00f3ricos. En la actividad de la Congregaci\u00f3n de la Misi\u00f3n predominan los aspectos que hemos venido entrecomillando como \u00abespirituales\u00bb: predicaci\u00f3n, sacramentos, vida lit\u00fargica&#8230; En las otras instituciones (en las fundadas y en las no fundadas por san Vicente mismo, tal como la Sociedad de San Vicente de Pa\u00fal entre estas segundas) predominan las actividades que se suelen conocer como \u00abcaritativas\u00bb.<\/p>\n<p>Ambos tipos de instituciones no pueden olvidar que en la visi\u00f3n de Vicente de Pa\u00fal la Misi\u00f3n y la Caridad no son m\u00e1s que \u00abdos brazos\u00bb, dos maneras de llevar a cabo a lo largo de la his\u00adtoria la misma misi\u00f3n redentora de los pobres que comenz\u00f3 Jesu\u00adcristo en Galilea. A todos los miembros de unas y otras les tocar\u00e1 llevar a cabo acciones de uno y otro tipo seg\u00fan su situaci\u00f3n social y su condici\u00f3n can\u00f3nica. El miembro laico de la Sociedad de San Vicente de Pa\u00fal, la Hija de la Caridad, la Voluntaria de la Caridad, por ejemplo, aunque no podr\u00e1n, por raz\u00f3n de su condi\u00adci\u00f3n can\u00f3nica, absolver sacramentalmente al pobre de sus peca\u00addos, s\u00ed podr\u00e1n y deber\u00e1n preocuparse de su bienestar espiritual, de que sepa rezar, de que conozca el catecismo, de que procure mantener una buena relaci\u00f3n con Dios. El padre pa\u00fal, por su parte, no deber\u00e1 limitarse a darle los sacramentos si lo que nece\u00adsita el pobre, adem\u00e1s de la absoluci\u00f3n, es comida, vestido, habi\u00adtaci\u00f3n, salud, educaci\u00f3n, o que se defiendan sus derechos<\/p>\n<p>Teniendo en cuenta esta observaci\u00f3n de tipo general veamos qu\u00e9 elementos estaban ya presentes en Ch\u00e1tillon que se han mante\u00adnido hasta hoy en esa visi\u00f3n que conocemos como \u00abespiritualidad vicenciana\u00bb y que deben estar presentes en todas las instituciones que se consideran inspiradas por san Vicente de Pa\u00fal, lleven o no lleven su nombre en el t\u00edtulo.<\/p>\n<p>La clave de esa espiritualidad se expresa escuetamente as\u00ed en el Reglamento de Ch\u00e1tillon, como vimos arriba: <strong>\u00abDarse a Dios para servirle en los pobres para gloria del buen Jes\u00fas\u00bb, <\/strong>dato fundamental sin el cual toda dedicaci\u00f3n a actividades ben\u00e9ficas, por noble que sea y digna de alabanza, no podr\u00e1 calificarse como cristiana (aunque podr\u00eda proceder del Esp\u00edritu de Cristo de una manera impl\u00edcita). Supuesta esa entrega a Dios, la vida entera se convierte en un sacrificio espiritual ofrecido al Dios de Jesucris\u00adto, de manera que incluso la acci\u00f3n m\u00e1s humilde de servicio al pobre y menos apreciada por la opini\u00f3n p\u00fablica se convierte en acto espiritual, tal como lo vio y lo expres\u00f3 con toda claridad Luisa de Marillac, como veremos m\u00e1s adelante. Adem\u00e1s, esta forma de vida, lo dice el Reglamento y Vicente se lo dijo a\u00f1os m\u00e1s tarde muchas veces a las Hijas de la Caridad, garantiza el ingreso en la vida eterna: <em>\u00abVenid, benditos de mi Padre&#8230;, por\u00adque me disteis de comer&#8230;\u00bb <\/em>Todo ello debe ir basado en lo que se podr\u00eda calificar como una <strong>vida cristiana profesada d\u00eda a d\u00eda, <\/strong>vida de oraci\u00f3n personal y en grupo, de sacramentos, de un com\u00adportamiento digno de quien cree en Jesucristo.<\/p>\n<p>El trabajo por los pobres no es, dec\u00edamos, una mera actividad social, sino estrictamente <strong>una actividad evangelizadora, <\/strong>que se lleva a cabo a trav\u00e9s de palabras y de acciones en el <strong>aspecto `espiritual&#8217; y en el material. <\/strong>Las mujeres de la Cofrad\u00eda conti\u00adn\u00faan en su servicio a los enfermos pobres lo que comenz\u00f3 Nues\u00adtro Se\u00f1or Jesucristo, pues no de otra manera anunci\u00f3 el Se\u00f1or su Buena Noticia a los pobres de Galilea durante su vida terrena. Hacer eso es servir a los pobres, ser <strong>sirvientes de los pobres. <\/strong>Aunque no se encuentra a\u00fan en el reglamento de Ch\u00e1tillon, Vicente extraer\u00e1 la conclusi\u00f3n l\u00f3gica de esa expresi\u00f3n a\u00f1os des\u00adpu\u00e9s para ofrecerla a todas las gentes que se dejaron inspirar por su visi\u00f3n: <em>\u00ablos pobres son nuestros amos y se\u00f1ores\u00bb. <\/em>Se les sirve, por tanto, como a se\u00f1ores, con un <strong>servicio personalizado y cercano. <\/strong>Ni la Cofrad\u00eda de Ch\u00e1tillon ni las posteriores funda\u00adciones deber\u00e1n ser jam\u00e1s meras instituciones de beneficencia que reparten dinero y bienestar social desde burocracias aparta\u00addas de la vida de los pobres a los que sirven.<\/p>\n<p>El servicio personal a los pobres es ciertamente una <em>\u00abmarca infalible de los verdaderos hijos de Dios\u00bb. <\/em>Pero no cualquier acci\u00f3n por los pobres puede calificarse sin m\u00e1s de vicenciana. Para que lo sea, la acci\u00f3n caritativo-evangelizadora debe hacer\u00adse en colaboraci\u00f3n con otros creyentes en <strong>un grupo bien orga\u00adnizado, <\/strong>animado y unido por un verdadero afecto mutuo. Esto es fundamental para entender el verdadero esp\u00edritu vicenciano. Se\u00f1alamos arriba c\u00f3mo la capacidad de organizaci\u00f3n que mostr\u00f3 Vicente de Pa\u00fal a los 37 a\u00f1os al fundar la Cofrad\u00eda de Ch\u00e1tillon es una marca muy personal suya, una cualidad que se expres\u00f3 posteriormente en otras organizaciones mucho m\u00e1s complejas; advertimos tambi\u00e9n que es este aspecto el que ha impresionado a estudiosos e historiadores posteriores como muy t\u00edpico suyo. Mencionamos a Porschnev, pero podr\u00edamos a\u00f1adir a Henry Kamen, Daniel Rops&#8230; El que el trabajo por los pobres deba ser personalizado, como dijimos en el p\u00e1rrafo anterior, no quiere decir en modo alguno que deba ser individualista, llevado a cabo como acto puramente personal. La atenci\u00f3n personalizada al pobre se hace como miembro de, y con la ayuda de, un grupo organizado y cuidadosamente estructurado.<\/p>\n<p>As\u00ed como la primera fundaci\u00f3n de Vicente de Pa\u00fal se declara a s\u00ed misma en el Reglamento <em>\u00abenteramente sumisa al arzobispo\u00bb, <\/em>en este caso el de Lyon, sin duda por sugerencia de Vicente mismo, todas sus fundaciones posteriores mantendr\u00e1n expresa\u00admente la misma actitud de filial sumisi\u00f3n hacia la jerarqu\u00eda de la Iglesia Cat\u00f3lica, lo que incluye, por supuesto, una fidelidad a\u00fan m\u00e1s fundamental a los dogmas y ense\u00f1anzas de la Iglesia Cat\u00f3\u00adlica. Ahora bien, todo ello se confiesa desde una visi\u00f3n de su <strong>vocaci\u00f3n como realidad secular, <\/strong>en ning\u00fan caso religiosa en el sentido can\u00f3nico de esta palabra. Todas las instituciones de Vicente de Pa\u00fal son, sin excepci\u00f3n, de car\u00e1cter netamente secu\u00adlar, lo que quiere decir por de pronto que sus miembros, todos ellos, deben tratar de vivir las exigencias de la fe cristiana y de su camino hacia la santidad en el mundo, no al margen de \u00e9l, y m\u00e1s en concreto en el mundo de los pobres.<\/p>\n<p>Fieles a la fe de la Iglesia, fieles a la jerarqu\u00eda, las institucio\u00adnes vicencianas gozan sin embargo de <strong>autonom\u00eda en su funcio\u00adnamiento interno, <\/strong>en la administraci\u00f3n de sus recursos, en la elecci\u00f3n de sus actividades, en el nombramiento de los respon\u00adsables, como aparece ya, seg\u00fan se coment\u00f3 en su momento, en el reglamento de Ch\u00e1tillon. Es \u00e9ste un aspecto en el que se da entre las diferentes instituciones vicencianas cierta variedad de grados de autonom\u00eda (entendida en este caso como relativa inde\u00adpendencia en relaci\u00f3n a la jerarqu\u00eda). El caso m\u00e1s claro de una tal autonom\u00eda es el de la Sociedad de San Vicente de Pa\u00fal. Ozanam fue sin duda un fiel int\u00e9rprete del esp\u00edritu de Vicente de Pa\u00fal cuando quer\u00eda para la Sociedad, de la que fue uno de los princi\u00adpales fundadores, que fuera <em>\u00abplenamente laica, sin dejar de ser cat\u00f3lica\u00bb. <\/em>La palabra \u00ablaica\u00bb en el contexto de la frase de Oza-nam se refiere a la vez a la naturaleza radicalmente secular y aut\u00f3noma de la Sociedad de San Vicente de Pa\u00fal.<\/p>\n<p>A estas notas de toda verdadera vocaci\u00f3n vicenciana, que estaban ya presentes en el reglamento de Ch\u00e1tillon, dos institu\u00adciones posteriores, la Congregaci\u00f3n de la Misi\u00f3n y la Compa\u00f1\u00eda de las Hijas de la Caridad, a\u00f1aden elementos que ya no son comunes a todas las instituciones vicencianas, sino propios: el sacerdocio en el caso de algunos miembros de la Congregaci\u00f3n de la Misi\u00f3n, y la vida de comunidad y los votos no p\u00fablicos en el caso de ambas instituciones. Los tres elementos (sacerdocio, vida com\u00fan, votos) deben sin embargo estar orientados a la idea fundamental de evangelizaci\u00f3n-redenci\u00f3n-servicio de los pobres. Si no se hiciere as\u00ed, alguno de esos elementos, o los tres, no contribuir\u00eda en nada a hacer del pa\u00fal o de la hija de la caridad almas de car\u00e1cter netamente vicenciano. Y si, por ejemplo, hubiere alguna instituci\u00f3n que, aun llevando en el t\u00edtulo el nom\u00adbre de San Vicente de Pa\u00fal, pusiera como m\u00e1s fundamental que su dedicaci\u00f3n a la evangelizaci\u00f3n de los pobres alg\u00fan otro ele\u00admento (por ejemplo, los votos p\u00fablicos, que convertir\u00edan a la instituci\u00f3n en religiosa en sentido can\u00f3nico), entonces el t\u00edtulo de la instituci\u00f3n no bastar\u00eda para hacer de ella una instituci\u00f3n vicenciana, ser\u00eda vicenciana s\u00f3lo de nombre.<\/p>\n<p>En resumen, estos son los elementos de la espiritualidad vicenciana que hemos destacado como ya presentes en el Regla\u00admento de la Cofrad\u00eda de Ch\u00e1tillon:<\/p>\n<p>Darse a Dios para servirle en los pobres, para gloria de Jesucristo<\/p>\n<p>Vida cristiana profesada d\u00eda a d\u00eda<\/p>\n<p>Evangelizar de palabra y de obra<\/p>\n<p>Con obras de car\u00e1cter espiritual y de car\u00e1cter material<\/p>\n<p>Ser sirvientes de los pobres<\/p>\n<p>Servicio directo de contacto con los pobres<\/p>\n<p>Espiritualidad secular, vivida en el mundo<\/p>\n<p>Pertenencia a una instituci\u00f3n de car\u00e1cter vicenciano<\/p>\n<p>Autonom\u00eda organizativa de la instituci\u00f3n<\/p>\n<p>La lista no es en manera alguna exhaustiva para definir el ver\u00addadero esp\u00edritu vicenciano en toda su amplitud. Habr\u00eda que a\u00f1a\u00addir otros varios temas, como por ejemplo, el de las virtudes caracter\u00edsticas, o tambi\u00e9n una visi\u00f3n de la vida de oraci\u00f3n mucho m\u00e1s amplia que lo que aparece en el Reglamento de la Cofrad\u00eda, una visi\u00f3n mucho m\u00e1s amplia tambi\u00e9n de la figura de Jesucristo, y varios otros temas de importancia. La lista s\u00f3lo intenta enume\u00adrar los elementos que hemos podido extraer del Reglamento de la Cofrad\u00eda de Ch\u00e1tillon con la intenci\u00f3n de mostrar una vez m\u00e1s que en ese Reglamento se encuentran ya en ra\u00edz muchos de los aspectos que, en la historia posterior a Ch\u00e1tillon, llegar\u00edan a ser elementos esenciales de lo que conocemos hoy como espirituali\u00addad vicenciana, espiritualidad que acabar\u00eda tomando su forma definitiva en a\u00f1os posteriores, en buena parte por influencia de las experiencias de Luisa de Marillac, de las Hijas de la Caridad y tambi\u00e9n, aunque en menor grado, de las Damas de la Caridad.<\/p>\n<p>Jaime Corera<\/p>\n<p>CEME, 2008<\/p>\n<p>&nbsp;<\/p>\n","protected":false},"excerpt":{"rendered":"<p>ELEMENTOS DEL ESP\u00cdRITU VICENCIANO EN EL REGLAMENTO DE CH\u00c1TILLON La fechas hist\u00f3ricas del origen de la espiritualidad vicenciana se conocen con precisi\u00f3n: el 25 de enero, d\u00eda del \u00abprimer ser\u00adm\u00f3n de la Misi\u00f3n\u00bb en Folleville, &#8230; <a href=\"http:\/\/vincentians.com\/es\/vicente-de-paul-en-chatillon-iv\/\" class=\"more-link\">Read More<\/a><\/p>\n","protected":false},"author":5,"featured_media":402733,"comment_status":"open","ping_status":"open","sticky":false,"template":"","format":"standard","meta":{"jetpack_post_was_ever_published":false,"_jetpack_newsletter_access":"","_jetpack_dont_email_post_to_subs":false,"_jetpack_newsletter_tier_id":0,"_jetpack_memberships_contains_paywalled_content":false,"_jetpack_memberships_contains_paid_content":false,"footnotes":"","jetpack_publicize_message":"","jetpack_publicize_feature_enabled":true,"jetpack_social_post_already_shared":true,"jetpack_social_options":{"image_generator_settings":{"template":"highway","default_image_id":0,"font":"","enabled":false},"version":2}},"categories":[17],"tags":[],"class_list":["post-403584","post","type-post","status-publish","format-standard","has-post-thumbnail","hentry","category-en-tiempos-de-vicente-de-paul"],"yoast_head":"<!-- This site is optimized with the Yoast SEO plugin v26.3 - https:\/\/yoast.com\/wordpress\/plugins\/seo\/ -->\n<title>VICENTE DE PA\u00daL EN CHATILLON (IV) - Somos Vicencianos<\/title>\n<meta name=\"robots\" content=\"index, follow, max-snippet:-1, max-image-preview:large, max-video-preview:-1\" \/>\n<link rel=\"canonical\" href=\"https:\/\/vincentians.com\/es\/vicente-de-paul-en-chatillon-iv\/\" \/>\n<meta property=\"og:locale\" content=\"es_ES\" \/>\n<meta property=\"og:type\" content=\"article\" \/>\n<meta property=\"og:title\" content=\"VICENTE DE PA\u00daL EN CHATILLON (IV) - Somos Vicencianos\" \/>\n<meta property=\"og:description\" content=\"ELEMENTOS DEL ESP\u00cdRITU VICENCIANO EN EL REGLAMENTO DE CH\u00c1TILLON La fechas hist\u00f3ricas del origen de la espiritualidad vicenciana se conocen con precisi\u00f3n: el 25 de enero, d\u00eda del \u00abprimer ser\u00adm\u00f3n de la Misi\u00f3n\u00bb en Folleville, ... Read More\" \/>\n<meta property=\"og:url\" content=\"https:\/\/vincentians.com\/es\/vicente-de-paul-en-chatillon-iv\/\" \/>\n<meta property=\"og:site_name\" content=\"Somos Vicencianos\" \/>\n<meta property=\"article:publisher\" content=\"https:\/\/www.facebook.com\/WeAreVincentians\/\" \/>\n<meta property=\"article:published_time\" content=\"2021-07-02T06:15:22+00:00\" \/>\n<meta property=\"og:image\" content=\"https:\/\/i0.wp.com\/vincentians.com\/es\/wp-content\/uploads\/sites\/11\/2015\/02\/St_Vincent_De_Paul_-bible-1.jpg?fit=1200%2C630&ssl=1\" \/>\n\t<meta property=\"og:image:width\" content=\"1200\" \/>\n\t<meta property=\"og:image:height\" content=\"630\" \/>\n\t<meta property=\"og:image:type\" content=\"image\/jpeg\" \/>\n<meta name=\"author\" content=\"Mitxel Olabu\u00e9naga\" \/>\n<meta name=\"twitter:card\" content=\"summary_large_image\" \/>\n<meta name=\"twitter:creator\" content=\"@WeVincentians\" \/>\n<meta name=\"twitter:site\" content=\"@WeVincentians\" \/>\n<meta name=\"twitter:label1\" content=\"Escrito por\" \/>\n\t<meta name=\"twitter:data1\" content=\"Mitxel Olabu\u00e9naga\" \/>\n\t<meta name=\"twitter:label2\" content=\"Tiempo de lectura\" \/>\n\t<meta name=\"twitter:data2\" content=\"10 minutos\" \/>\n<script type=\"application\/ld+json\" class=\"yoast-schema-graph\">{\"@context\":\"https:\/\/schema.org\",\"@graph\":[{\"@type\":\"Article\",\"@id\":\"https:\/\/vincentians.com\/es\/vicente-de-paul-en-chatillon-iv\/#article\",\"isPartOf\":{\"@id\":\"https:\/\/vincentians.com\/es\/vicente-de-paul-en-chatillon-iv\/\"},\"author\":{\"name\":\"Mitxel Olabu\u00e9naga\",\"@id\":\"http:\/\/vincentians.com\/es\/#\/schema\/person\/7c2670b4445a7ca9d164ea6acdb31859\"},\"headline\":\"VICENTE DE PA\u00daL EN CHATILLON (IV)\",\"datePublished\":\"2021-07-02T06:15:22+00:00\",\"mainEntityOfPage\":{\"@id\":\"https:\/\/vincentians.com\/es\/vicente-de-paul-en-chatillon-iv\/\"},\"wordCount\":2093,\"commentCount\":0,\"publisher\":{\"@id\":\"http:\/\/vincentians.com\/es\/#organization\"},\"image\":{\"@id\":\"https:\/\/vincentians.com\/es\/vicente-de-paul-en-chatillon-iv\/#primaryimage\"},\"thumbnailUrl\":\"https:\/\/i0.wp.com\/vincentians.com\/es\/wp-content\/uploads\/sites\/11\/2015\/02\/St_Vincent_De_Paul_-bible-1.jpg?fit=1200%2C630\",\"articleSection\":[\"En tiempos de Vicente de Pa\u00fal\"],\"inLanguage\":\"es\",\"potentialAction\":[{\"@type\":\"CommentAction\",\"name\":\"Comment\",\"target\":[\"https:\/\/vincentians.com\/es\/vicente-de-paul-en-chatillon-iv\/#respond\"]}]},{\"@type\":\"WebPage\",\"@id\":\"https:\/\/vincentians.com\/es\/vicente-de-paul-en-chatillon-iv\/\",\"url\":\"https:\/\/vincentians.com\/es\/vicente-de-paul-en-chatillon-iv\/\",\"name\":\"VICENTE DE PA\u00daL EN CHATILLON (IV) - Somos Vicencianos\",\"isPartOf\":{\"@id\":\"http:\/\/vincentians.com\/es\/#website\"},\"primaryImageOfPage\":{\"@id\":\"https:\/\/vincentians.com\/es\/vicente-de-paul-en-chatillon-iv\/#primaryimage\"},\"image\":{\"@id\":\"https:\/\/vincentians.com\/es\/vicente-de-paul-en-chatillon-iv\/#primaryimage\"},\"thumbnailUrl\":\"https:\/\/i0.wp.com\/vincentians.com\/es\/wp-content\/uploads\/sites\/11\/2015\/02\/St_Vincent_De_Paul_-bible-1.jpg?fit=1200%2C630\",\"datePublished\":\"2021-07-02T06:15:22+00:00\",\"breadcrumb\":{\"@id\":\"https:\/\/vincentians.com\/es\/vicente-de-paul-en-chatillon-iv\/#breadcrumb\"},\"inLanguage\":\"es\",\"potentialAction\":[{\"@type\":\"ReadAction\",\"target\":[\"https:\/\/vincentians.com\/es\/vicente-de-paul-en-chatillon-iv\/\"]}]},{\"@type\":\"ImageObject\",\"inLanguage\":\"es\",\"@id\":\"https:\/\/vincentians.com\/es\/vicente-de-paul-en-chatillon-iv\/#primaryimage\",\"url\":\"https:\/\/i0.wp.com\/vincentians.com\/es\/wp-content\/uploads\/sites\/11\/2015\/02\/St_Vincent_De_Paul_-bible-1.jpg?fit=1200%2C630\",\"contentUrl\":\"https:\/\/i0.wp.com\/vincentians.com\/es\/wp-content\/uploads\/sites\/11\/2015\/02\/St_Vincent_De_Paul_-bible-1.jpg?fit=1200%2C630\",\"width\":1200,\"height\":630},{\"@type\":\"BreadcrumbList\",\"@id\":\"https:\/\/vincentians.com\/es\/vicente-de-paul-en-chatillon-iv\/#breadcrumb\",\"itemListElement\":[{\"@type\":\"ListItem\",\"position\":1,\"name\":\"Portada\",\"item\":\"http:\/\/vincentians.com\/es\/\"},{\"@type\":\"ListItem\",\"position\":2,\"name\":\"VICENTE DE PA\u00daL EN CHATILLON (IV)\"}]},{\"@type\":\"WebSite\",\"@id\":\"http:\/\/vincentians.com\/es\/#website\",\"url\":\"http:\/\/vincentians.com\/es\/\",\"name\":\"Somos Vicencianos\",\"description\":\"Know more to serve more\",\"publisher\":{\"@id\":\"http:\/\/vincentians.com\/es\/#organization\"},\"potentialAction\":[{\"@type\":\"SearchAction\",\"target\":{\"@type\":\"EntryPoint\",\"urlTemplate\":\"http:\/\/vincentians.com\/es\/?s={search_term_string}\"},\"query-input\":{\"@type\":\"PropertyValueSpecification\",\"valueRequired\":true,\"valueName\":\"search_term_string\"}}],\"inLanguage\":\"es\"},{\"@type\":\"Organization\",\"@id\":\"http:\/\/vincentians.com\/es\/#organization\",\"name\":\"The Vincentian Network\",\"url\":\"http:\/\/vincentians.com\/es\/\",\"logo\":{\"@type\":\"ImageObject\",\"inLanguage\":\"es\",\"@id\":\"http:\/\/vincentians.com\/es\/#\/schema\/logo\/image\/\",\"url\":\"https:\/\/i1.wp.com\/vincentians.com\/es\/wp-content\/uploads\/sites\/11\/2016\/06\/Vincentian-Network-logo-big.png?fit=778%2C778\",\"contentUrl\":\"https:\/\/i1.wp.com\/vincentians.com\/es\/wp-content\/uploads\/sites\/11\/2016\/06\/Vincentian-Network-logo-big.png?fit=778%2C778\",\"width\":778,\"height\":778,\"caption\":\"The Vincentian Network\"},\"image\":{\"@id\":\"http:\/\/vincentians.com\/es\/#\/schema\/logo\/image\/\"},\"sameAs\":[\"https:\/\/www.facebook.com\/WeAreVincentians\/\",\"https:\/\/x.com\/WeVincentians\"]},{\"@type\":\"Person\",\"@id\":\"http:\/\/vincentians.com\/es\/#\/schema\/person\/7c2670b4445a7ca9d164ea6acdb31859\",\"name\":\"Mitxel Olabu\u00e9naga\",\"image\":{\"@type\":\"ImageObject\",\"inLanguage\":\"es\",\"@id\":\"http:\/\/vincentians.com\/es\/#\/schema\/person\/image\/\",\"url\":\"https:\/\/secure.gravatar.com\/avatar\/34137ec2e2b8939cbbed975731e71f3f4f1defc7266ded337a5ce0f925426877?s=96&d=mm&r=g\",\"contentUrl\":\"https:\/\/secure.gravatar.com\/avatar\/34137ec2e2b8939cbbed975731e71f3f4f1defc7266ded337a5ce0f925426877?s=96&d=mm&r=g\",\"caption\":\"Mitxel Olabu\u00e9naga\"},\"url\":\"http:\/\/vincentians.com\/es\/author\/mitxel\/\"}]}<\/script>\n<!-- \/ Yoast SEO plugin. -->","yoast_head_json":{"title":"VICENTE DE PA\u00daL EN CHATILLON (IV) - Somos Vicencianos","robots":{"index":"index","follow":"follow","max-snippet":"max-snippet:-1","max-image-preview":"max-image-preview:large","max-video-preview":"max-video-preview:-1"},"canonical":"https:\/\/vincentians.com\/es\/vicente-de-paul-en-chatillon-iv\/","og_locale":"es_ES","og_type":"article","og_title":"VICENTE DE PA\u00daL EN CHATILLON (IV) - Somos Vicencianos","og_description":"ELEMENTOS DEL ESP\u00cdRITU VICENCIANO EN EL REGLAMENTO DE CH\u00c1TILLON La fechas hist\u00f3ricas del origen de la espiritualidad vicenciana se conocen con precisi\u00f3n: el 25 de enero, d\u00eda del \u00abprimer ser\u00adm\u00f3n de la Misi\u00f3n\u00bb en Folleville, ... Read More","og_url":"https:\/\/vincentians.com\/es\/vicente-de-paul-en-chatillon-iv\/","og_site_name":"Somos Vicencianos","article_publisher":"https:\/\/www.facebook.com\/WeAreVincentians\/","article_published_time":"2021-07-02T06:15:22+00:00","og_image":[{"width":1200,"height":630,"url":"https:\/\/i0.wp.com\/vincentians.com\/es\/wp-content\/uploads\/sites\/11\/2015\/02\/St_Vincent_De_Paul_-bible-1.jpg?fit=1200%2C630&ssl=1","type":"image\/jpeg"}],"author":"Mitxel Olabu\u00e9naga","twitter_card":"summary_large_image","twitter_creator":"@WeVincentians","twitter_site":"@WeVincentians","twitter_misc":{"Escrito por":"Mitxel Olabu\u00e9naga","Tiempo de lectura":"10 minutos"},"schema":{"@context":"https:\/\/schema.org","@graph":[{"@type":"Article","@id":"https:\/\/vincentians.com\/es\/vicente-de-paul-en-chatillon-iv\/#article","isPartOf":{"@id":"https:\/\/vincentians.com\/es\/vicente-de-paul-en-chatillon-iv\/"},"author":{"name":"Mitxel Olabu\u00e9naga","@id":"http:\/\/vincentians.com\/es\/#\/schema\/person\/7c2670b4445a7ca9d164ea6acdb31859"},"headline":"VICENTE DE PA\u00daL EN CHATILLON (IV)","datePublished":"2021-07-02T06:15:22+00:00","mainEntityOfPage":{"@id":"https:\/\/vincentians.com\/es\/vicente-de-paul-en-chatillon-iv\/"},"wordCount":2093,"commentCount":0,"publisher":{"@id":"http:\/\/vincentians.com\/es\/#organization"},"image":{"@id":"https:\/\/vincentians.com\/es\/vicente-de-paul-en-chatillon-iv\/#primaryimage"},"thumbnailUrl":"https:\/\/i0.wp.com\/vincentians.com\/es\/wp-content\/uploads\/sites\/11\/2015\/02\/St_Vincent_De_Paul_-bible-1.jpg?fit=1200%2C630","articleSection":["En tiempos de Vicente de Pa\u00fal"],"inLanguage":"es","potentialAction":[{"@type":"CommentAction","name":"Comment","target":["https:\/\/vincentians.com\/es\/vicente-de-paul-en-chatillon-iv\/#respond"]}]},{"@type":"WebPage","@id":"https:\/\/vincentians.com\/es\/vicente-de-paul-en-chatillon-iv\/","url":"https:\/\/vincentians.com\/es\/vicente-de-paul-en-chatillon-iv\/","name":"VICENTE DE PA\u00daL EN CHATILLON (IV) - Somos Vicencianos","isPartOf":{"@id":"http:\/\/vincentians.com\/es\/#website"},"primaryImageOfPage":{"@id":"https:\/\/vincentians.com\/es\/vicente-de-paul-en-chatillon-iv\/#primaryimage"},"image":{"@id":"https:\/\/vincentians.com\/es\/vicente-de-paul-en-chatillon-iv\/#primaryimage"},"thumbnailUrl":"https:\/\/i0.wp.com\/vincentians.com\/es\/wp-content\/uploads\/sites\/11\/2015\/02\/St_Vincent_De_Paul_-bible-1.jpg?fit=1200%2C630","datePublished":"2021-07-02T06:15:22+00:00","breadcrumb":{"@id":"https:\/\/vincentians.com\/es\/vicente-de-paul-en-chatillon-iv\/#breadcrumb"},"inLanguage":"es","potentialAction":[{"@type":"ReadAction","target":["https:\/\/vincentians.com\/es\/vicente-de-paul-en-chatillon-iv\/"]}]},{"@type":"ImageObject","inLanguage":"es","@id":"https:\/\/vincentians.com\/es\/vicente-de-paul-en-chatillon-iv\/#primaryimage","url":"https:\/\/i0.wp.com\/vincentians.com\/es\/wp-content\/uploads\/sites\/11\/2015\/02\/St_Vincent_De_Paul_-bible-1.jpg?fit=1200%2C630","contentUrl":"https:\/\/i0.wp.com\/vincentians.com\/es\/wp-content\/uploads\/sites\/11\/2015\/02\/St_Vincent_De_Paul_-bible-1.jpg?fit=1200%2C630","width":1200,"height":630},{"@type":"BreadcrumbList","@id":"https:\/\/vincentians.com\/es\/vicente-de-paul-en-chatillon-iv\/#breadcrumb","itemListElement":[{"@type":"ListItem","position":1,"name":"Portada","item":"http:\/\/vincentians.com\/es\/"},{"@type":"ListItem","position":2,"name":"VICENTE DE PA\u00daL EN CHATILLON (IV)"}]},{"@type":"WebSite","@id":"http:\/\/vincentians.com\/es\/#website","url":"http:\/\/vincentians.com\/es\/","name":"Somos Vicencianos","description":"Know more to serve more","publisher":{"@id":"http:\/\/vincentians.com\/es\/#organization"},"potentialAction":[{"@type":"SearchAction","target":{"@type":"EntryPoint","urlTemplate":"http:\/\/vincentians.com\/es\/?s={search_term_string}"},"query-input":{"@type":"PropertyValueSpecification","valueRequired":true,"valueName":"search_term_string"}}],"inLanguage":"es"},{"@type":"Organization","@id":"http:\/\/vincentians.com\/es\/#organization","name":"The Vincentian Network","url":"http:\/\/vincentians.com\/es\/","logo":{"@type":"ImageObject","inLanguage":"es","@id":"http:\/\/vincentians.com\/es\/#\/schema\/logo\/image\/","url":"https:\/\/i1.wp.com\/vincentians.com\/es\/wp-content\/uploads\/sites\/11\/2016\/06\/Vincentian-Network-logo-big.png?fit=778%2C778","contentUrl":"https:\/\/i1.wp.com\/vincentians.com\/es\/wp-content\/uploads\/sites\/11\/2016\/06\/Vincentian-Network-logo-big.png?fit=778%2C778","width":778,"height":778,"caption":"The Vincentian Network"},"image":{"@id":"http:\/\/vincentians.com\/es\/#\/schema\/logo\/image\/"},"sameAs":["https:\/\/www.facebook.com\/WeAreVincentians\/","https:\/\/x.com\/WeVincentians"]},{"@type":"Person","@id":"http:\/\/vincentians.com\/es\/#\/schema\/person\/7c2670b4445a7ca9d164ea6acdb31859","name":"Mitxel Olabu\u00e9naga","image":{"@type":"ImageObject","inLanguage":"es","@id":"http:\/\/vincentians.com\/es\/#\/schema\/person\/image\/","url":"https:\/\/secure.gravatar.com\/avatar\/34137ec2e2b8939cbbed975731e71f3f4f1defc7266ded337a5ce0f925426877?s=96&d=mm&r=g","contentUrl":"https:\/\/secure.gravatar.com\/avatar\/34137ec2e2b8939cbbed975731e71f3f4f1defc7266ded337a5ce0f925426877?s=96&d=mm&r=g","caption":"Mitxel Olabu\u00e9naga"},"url":"http:\/\/vincentians.com\/es\/author\/mitxel\/"}]}},"jetpack_publicize_connections":[],"jetpack_featured_media_url":"https:\/\/i0.wp.com\/vincentians.com\/es\/wp-content\/uploads\/sites\/11\/2015\/02\/St_Vincent_De_Paul_-bible-1.jpg?fit=1200%2C630","jetpack_sharing_enabled":true,"jetpack_shortlink":"https:\/\/wp.me\/p7ETMF-1GZq","jetpack-related-posts":[{"id":399679,"url":"http:\/\/vincentians.com\/es\/origen-las-cofradias-asociaciones-caridad\/","url_meta":{"origin":403584,"position":0},"title":"El origen de las Cofrad\u00edas o Asociaciones de Caridad","author":"Francisco Javier Fern\u00e1ndez Chento","date":"21\/08\/2016","format":false,"excerpt":"En agosto de 1617, Vicente de Pa\u00fal, con unos 37 a\u00f1os de edad, inici\u00f3 todo un movimiento que llega hasta nuestros d\u00edas. Habiendo sido nombrado p\u00e1rroco de Chatillon les Dombes (actualmente Chatillon sur Chalaronne) el 1\u00ba de agosto de este a\u00f1o, llega a su nueva parroquia que cuenta con 2.000\u2026","rel":"","context":"En \u00abEn tiempos de Vicente de Pa\u00fal\u00bb","block_context":{"text":"En tiempos de Vicente de Pa\u00fal","link":"http:\/\/vincentians.com\/es\/category\/historia-de-la-familia-vicenciana\/en-tiempos-de-vicente-de-paul\/"},"img":{"alt_text":"","src":"https:\/\/i0.wp.com\/vincentians.com\/es\/wp-content\/uploads\/sites\/11\/2016\/08\/cofradias-de-caridad.jpg?fit=1200%2C630&resize=350%2C200","width":350,"height":200,"srcset":"https:\/\/i0.wp.com\/vincentians.com\/es\/wp-content\/uploads\/sites\/11\/2016\/08\/cofradias-de-caridad.jpg?fit=1200%2C630&resize=350%2C200 1x, https:\/\/i0.wp.com\/vincentians.com\/es\/wp-content\/uploads\/sites\/11\/2016\/08\/cofradias-de-caridad.jpg?fit=1200%2C630&resize=525%2C300 1.5x, https:\/\/i0.wp.com\/vincentians.com\/es\/wp-content\/uploads\/sites\/11\/2016\/08\/cofradias-de-caridad.jpg?fit=1200%2C630&resize=700%2C400 2x, https:\/\/i0.wp.com\/vincentians.com\/es\/wp-content\/uploads\/sites\/11\/2016\/08\/cofradias-de-caridad.jpg?fit=1200%2C630&resize=1050%2C600 3x"},"classes":[]},{"id":134886,"url":"http:\/\/vincentians.com\/es\/de-las-caridades-a-las-hijas-de-la-caridad\/","url_meta":{"origin":403584,"position":1},"title":"De las \u00abCaridades\u00bb a las \u00abHijas de la Caridad\u00bb","author":"Francisco Javier Fern\u00e1ndez Chento","date":"27\/08\/2016","format":false,"excerpt":"Estamos en 1617. Dos experiencias particularmente significativas marcan la vida de Vicente de Pa\u00fal, y est\u00e1n en el origen de sus dos realizaciones revolucionarias: la experiencia de Gannes Folleville y la de Ch\u00e1tillon-les-Dombes. Nacido el 24 de abril de 1581 en Pouy (hoy San Vicente de Pa\u00fal) en las cercan\u00edas\u2026","rel":"","context":"En \u00abHijas de la Caridad\u00bb","block_context":{"text":"Hijas de la Caridad","link":"http:\/\/vincentians.com\/es\/category\/la-familia-vicenciana\/ramas\/hijas-de-la-caridad\/"},"img":{"alt_text":"","src":"https:\/\/i0.wp.com\/vincentians.com\/es\/wp-content\/uploads\/sites\/11\/2016\/08\/hijas-caridad.jpg?fit=1200%2C630&resize=350%2C200","width":350,"height":200,"srcset":"https:\/\/i0.wp.com\/vincentians.com\/es\/wp-content\/uploads\/sites\/11\/2016\/08\/hijas-caridad.jpg?fit=1200%2C630&resize=350%2C200 1x, https:\/\/i0.wp.com\/vincentians.com\/es\/wp-content\/uploads\/sites\/11\/2016\/08\/hijas-caridad.jpg?fit=1200%2C630&resize=525%2C300 1.5x, https:\/\/i0.wp.com\/vincentians.com\/es\/wp-content\/uploads\/sites\/11\/2016\/08\/hijas-caridad.jpg?fit=1200%2C630&resize=700%2C400 2x, https:\/\/i0.wp.com\/vincentians.com\/es\/wp-content\/uploads\/sites\/11\/2016\/08\/hijas-caridad.jpg?fit=1200%2C630&resize=1050%2C600 3x"},"classes":[]},{"id":122934,"url":"http:\/\/vincentians.com\/es\/introduccion-a-la-espiritualidad-vicenciana-laical\/","url_meta":{"origin":403584,"position":2},"title":"Introducci\u00f3n a la espiritualidad vicenciana laical","author":"Francisco Javier Fern\u00e1ndez Chento","date":"24\/06\/2015","format":false,"excerpt":"1. Lo que pretendo De momento, en este trabajo, no pretendo ofre\u00adcer un tratado perfecto y acabado de la espiritua\u00adlidad vicenciana laical, sino m\u00e1s bien asentar unos principios a modo de introducci\u00f3n. El pro\u00adyecto es ofrecer algunos criterios que puedan ayudar al laico vicenciano a vivir su condici\u00f3n de cristiano,\u2026","rel":"","context":"En \u00abEspiritualidad vicenciana\u00bb","block_context":{"text":"Espiritualidad vicenciana","link":"http:\/\/vincentians.com\/es\/category\/espiritualidad\/espiritualidad-vicenciana\/"},"img":{"alt_text":"sanvi_famvi","src":"https:\/\/i0.wp.com\/vicencianos.org\/wp-content\/2010\/12\/sanvi_famvi-300x296.jpg?resize=350%2C200","width":350,"height":200},"classes":[]},{"id":136100,"url":"http:\/\/vincentians.com\/es\/actualidad-del-carisma-vicenciano-en-nuestro-tiempo\/","url_meta":{"origin":403584,"position":3},"title":"Actualidad del carisma vicenciano en nuestro tiempo","author":"Francisco Javier Fern\u00e1ndez Chento","date":"17\/01\/2015","format":false,"excerpt":"Introducci\u00f3n Pr\u00f3ximos a la fiesta de la Fundaci\u00f3n de la Congregaci\u00f3n de la Misi\u00f3n o Misioneros Pa\u00fales, que tuvo lugar el d\u00eda 25 de Enero de 1617, d\u00eda de la Conversi\u00f3n de San Pablo; teniendo en cuenta que estamos celebrando en la Iglesia el a\u00f1o dedicado a la vida consagrada,\u2026","rel":"","context":"En \u00abFormaci\u00f3n Vicenciana\u00bb","block_context":{"text":"Formaci\u00f3n Vicenciana","link":"http:\/\/vincentians.com\/es\/category\/formacion-vicenciana\/"},"img":{"alt_text":"sataluisaysanvicente","src":"https:\/\/i0.wp.com\/vicencianos.org\/wp-content\/2015\/01\/sataluisaysanvicente-300x169.jpg?resize=350%2C200","width":350,"height":200},"classes":[]},{"id":398639,"url":"http:\/\/vincentians.com\/es\/aportacion-del-carisma-vicenciano-la-mision-la-iglesia-3\/","url_meta":{"origin":403584,"position":4},"title":"Aportaci\u00f3n del carisma vicenciano a la Misi\u00f3n de la Iglesia (3)","author":"Francisco Javier Fern\u00e1ndez Chento","date":"06\/08\/2016","format":false,"excerpt":"3.- La participaci\u00f3n de los laicos, y particularmente de la mujer, en la Misi\u00f3n de los ap\u00f3stoles. Los bi\u00f3grafos de San Vicente de Pa\u00fal y de Santa Luisa de Marillac destacan su importante contribuci\u00f3n a la promoci\u00f3n de los laicos, y particularmente de la mujer, al apostolado en la Iglesia.\u2026","rel":"","context":"En \u00abFormaci\u00f3n Vicenciana\u00bb","block_context":{"text":"Formaci\u00f3n Vicenciana","link":"http:\/\/vincentians.com\/es\/category\/formacion-vicenciana\/"},"img":{"alt_text":"","src":"https:\/\/i0.wp.com\/vincentians.com\/es\/wp-content\/uploads\/sites\/11\/2016\/06\/contributions-charism.jpg?fit=1200%2C630&resize=350%2C200","width":350,"height":200,"srcset":"https:\/\/i0.wp.com\/vincentians.com\/es\/wp-content\/uploads\/sites\/11\/2016\/06\/contributions-charism.jpg?fit=1200%2C630&resize=350%2C200 1x, https:\/\/i0.wp.com\/vincentians.com\/es\/wp-content\/uploads\/sites\/11\/2016\/06\/contributions-charism.jpg?fit=1200%2C630&resize=525%2C300 1.5x, https:\/\/i0.wp.com\/vincentians.com\/es\/wp-content\/uploads\/sites\/11\/2016\/06\/contributions-charism.jpg?fit=1200%2C630&resize=700%2C400 2x, https:\/\/i0.wp.com\/vincentians.com\/es\/wp-content\/uploads\/sites\/11\/2016\/06\/contributions-charism.jpg?fit=1200%2C630&resize=1050%2C600 3x"},"classes":[]},{"id":117063,"url":"http:\/\/vincentians.com\/es\/hace-350-anos-san-vicente-encontro-su-vocacion-y-la-nuestra\/","url_meta":{"origin":403584,"position":5},"title":"Hace 350 a\u00f1os San Vicente encontr\u00f3 su vocaci\u00f3n y la nuestra","author":"Francisco Javier Fern\u00e1ndez Chento","date":"26\/02\/2013","format":false,"excerpt":"No parece conveniente que pase en silencio la fecha clave de 1617 en la vida de San Vicente y de su Misi\u00f3n en la Iglesia y el mundo. Enero de 1917. \"Dios env\u00eda al Sr. Vicente una se\u00f1al de su vo\u00adcaci\u00f3n\". Un anciano colono de los Sres. de Gond\u00ed se\u2026","rel":"","context":"En \u00abEn tiempos de Vicente de Pa\u00fal\u00bb","block_context":{"text":"En tiempos de Vicente de Pa\u00fal","link":"http:\/\/vincentians.com\/es\/category\/historia-de-la-familia-vicenciana\/en-tiempos-de-vicente-de-paul\/"},"img":{"alt_text":"coraz\u00f3n","src":"https:\/\/i0.wp.com\/vicencianos.org\/wp-content\/2012\/09\/coraz%C3%B3n.jpg?resize=350%2C200","width":350,"height":200},"classes":[]}],"_links":{"self":[{"href":"http:\/\/vincentians.com\/es\/wp-json\/wp\/v2\/posts\/403584","targetHints":{"allow":["GET"]}}],"collection":[{"href":"http:\/\/vincentians.com\/es\/wp-json\/wp\/v2\/posts"}],"about":[{"href":"http:\/\/vincentians.com\/es\/wp-json\/wp\/v2\/types\/post"}],"author":[{"embeddable":true,"href":"http:\/\/vincentians.com\/es\/wp-json\/wp\/v2\/users\/5"}],"replies":[{"embeddable":true,"href":"http:\/\/vincentians.com\/es\/wp-json\/wp\/v2\/comments?post=403584"}],"version-history":[{"count":1,"href":"http:\/\/vincentians.com\/es\/wp-json\/wp\/v2\/posts\/403584\/revisions"}],"predecessor-version":[{"id":403585,"href":"http:\/\/vincentians.com\/es\/wp-json\/wp\/v2\/posts\/403584\/revisions\/403585"}],"wp:featuredmedia":[{"embeddable":true,"href":"http:\/\/vincentians.com\/es\/wp-json\/wp\/v2\/media\/402733"}],"wp:attachment":[{"href":"http:\/\/vincentians.com\/es\/wp-json\/wp\/v2\/media?parent=403584"}],"wp:term":[{"taxonomy":"category","embeddable":true,"href":"http:\/\/vincentians.com\/es\/wp-json\/wp\/v2\/categories?post=403584"},{"taxonomy":"post_tag","embeddable":true,"href":"http:\/\/vincentians.com\/es\/wp-json\/wp\/v2\/tags?post=403584"}],"curies":[{"name":"wp","href":"https:\/\/api.w.org\/{rel}","templated":true}]}}