{"id":403580,"date":"2021-06-28T08:12:49","date_gmt":"2021-06-28T06:12:49","guid":{"rendered":"http:\/\/vincentians.com\/es\/?p=403580"},"modified":"2021-05-15T18:14:02","modified_gmt":"2021-05-15T16:14:02","slug":"vicente-de-paul-en-chatillon-ii","status":"publish","type":"post","link":"http:\/\/vincentians.com\/es\/vicente-de-paul-en-chatillon-ii\/","title":{"rendered":"VICENTE DE PA\u00daL EN CHATILLON (II)"},"content":{"rendered":"<p>LA SITUACI\u00d3N RELIGIOSA Y SOCIAL DE CH\u00c1TILLON A LA LLEGADA DE VICENTE<\/p>\n<p>A la llegada del nuevo p\u00e1rroco en 1617 Ch\u00e1tillon contaba con unas 200 familias, alrededor de 1.200 habitantes, bautizados la mayor parte y practicantes en la Iglesia Cat\u00f3lica. Hab\u00eda tambi\u00e9n un peque\u00f1o grupo de 28 familias de confesi\u00f3n reformada, unas 160 personas. Vicente de Pa\u00fal consigui\u00f3 en su breve estancia en Ch\u00e1tillon la conversi\u00f3n al catolicismo de algunas de esas personas, pero con toda seguridad no la de Jean Beynier, en cuya casa se hosped\u00f3 Vicente por un corto tiempo antes de poner su residencia en la casa parroquial, adherida a la de Beynier y necesitada de alguna repara\u00adci\u00f3n cuando lleg\u00f3 a Ch\u00e1tillon. Pero no estaba de ninguna manera en minas la casa parroquial, ni tampoco el templo parroquial, como se lee en muchas biograf\u00edas y lo describe tan gr\u00e1ficamente, y con tan poca fidelidad a la historia, el film <em>\u00abMonsieur Vincent\u00bb.<\/em><\/p>\n<p>Dec\u00edamos que no hay que contar la conversi\u00f3n de Beynier al catolicismo como obra de Vicente por la sencilla raz\u00f3n de que el presunto converso fue bautizado en la Iglesia Cat\u00f3lica, como consta en los libros de bautismos existentes en Ch\u00e1tillon desde 1573, y de que nunca abandon\u00f3 la Iglesia. Beynier es adem\u00e1s uno de los testigos firmantes de la toma de posesi\u00f3n de la parro\u00adquia por parte de Vicente (X, 51), un hecho que en aquellos tiem\u00adpos dif\u00edcilmente se hubiera permitido a un no cat\u00f3lico.<\/p>\n<p>La parroquia de Ch\u00e1tillon contaba ordinariamente con los ser\u00advicios de un p\u00e1rroco ayudado por un vicario. El informe de los vecinos de 1664 nos dice que al llegar Vicente la parroquia esta\u00adba vacante por defunci\u00f3n del p\u00e1rroco anterior, el se\u00f1or Soyront (X, 52). Este es el primer error de ese informe, pero no el \u00faltimo; consta por documento oficial (X, 47) que el p\u00e1rroco anterior, Jean Lourdelot hab\u00eda resignado su cargo en manos del arzobispo de Lyon, posiblemente por sugerencia del mismo arzobispo, con la idea de dejar el puesto libre al sacerdote recomendado por B\u00e9rulle. El documento, que no especifica a favor de qui\u00e9n se hace la renuncia, est\u00e1 firmado en la casa de los oratorianos de Lyon el 19 de abril de 1617 (X, 48 \u2014CEME\u2014 dice por doble error de imprenta \u00abdiez de abril de 1017\u00bb).<\/p>\n<p>Hab\u00eda tambi\u00e9n en la villa un peque\u00f1o n\u00famero de sacerdotes conocidos como \u00absocietarios\u00bb. Estos no ten\u00edan competencias pastorales concretas en la parroquia, aunque a veces tambi\u00e9n bau\u00adtizaban, pero estaban obligados al rezo en coro y a decir las misas de fundaci\u00f3n en las diversas capillas de la iglesia parroquial. Lejos de ser estos sacerdotes escandalosamente indignos, tal como los suelen describir las biograf\u00edas, consta por testimonio de alabanza del arzobispo en su visita pastoral habida en 1614, s\u00f3lo tres a\u00f1os antes de la llegada de Vicente, que cumpl\u00edan fielmente sus obliga\u00adciones y llevaban vidas dignas de cl\u00e9rigos. Y no se piense que el dicho arzobispo lo ver\u00eda as\u00ed porque tal vez el mismo ser\u00eda a su vez un alto cl\u00e9rigo de \u00abmanga ancha\u00bb y costumbres dudosas, cosa no del todo extra\u00f1a en aquel tiempo. Al contrario, era de \u00e1nimo refor\u00admador, y fue adem\u00e1s el mismo arzobispo que, aunque amigo per\u00adsonal de san Francisco de Sales, le oblig\u00f3 a que encerrara en clau\u00adsura estricta a las monjas de la orden de la Visitaci\u00f3n que el santo hab\u00eda fundado poco antes con una forma de vida algo menos exi\u00adgente que la clausura femenina com\u00fan en aquel tiempo.<\/p>\n<p>El estado religioso del pueblo recibe tambi\u00e9n en el informe de la visita pastoral un juicio positivo que se compara ventajosa\u00admente con el estado religioso de pueblos cercanos. La poblaci\u00f3n de Ch\u00e1tillon estaba formada en su conjunto por una feligres\u00eda de cristiandad, en la que pr\u00e1cticamente todos recib\u00edan el bautismo al poco de nacer, acud\u00edan regularmente a misa los domingos y recib\u00edan los dem\u00e1s sacramentos a su debido tiempo. En Ch\u00e1tillon la presencia y la influencia de los reformados fue mucho menor que en las localidades vecinas. No se dieron apenas en Ch\u00e1tillon de manera tan aguda las rivalidades religiosas que tanto da\u00f1o hicieron a la Iglesia y a la paz social en otros muchos lugares de Francia en aquel tiempo.<\/p>\n<p>La comuna cuidaba de manera regular, con repercusi\u00f3n sobre los presupuestos municipales, de los casos extremos de pobreza y abandono social, tal como el de los ni\u00f1os sin familia. Mante\u00adn\u00eda a sus expensas un peque\u00f1o hospital dentro de las murallas de la poblaci\u00f3n, y otro fuera de ellas para los afectados por enfer\u00admedades contagiosas.<\/p>\n<p>\u00c9ste es a grandes rasgos el panorama religioso y social que se encontr\u00f3 Vicente a su llegada a Ch\u00e1tillon en cuaresma o en julio de 1617. La m\u00e1s temprana descripci\u00f3n de la actuaci\u00f3n de Vicen\u00adte en los nueve o los cinco meses en que estuvo all\u00ed se la debe\u00admos a su primer bi\u00f3grafo, Abelly. Lo que dice en ella se parece muy poco a la descripci\u00f3n de la misma actuaci\u00f3n dada por los vecinos, ni tampoco a lo que dicen la mayor parte de las biogra\u00adf\u00edas posteriores, comenzando, como se dijo arriba, por la segun\u00adda edici\u00f3n de la biograf\u00eda del mismo Abelly.<\/p>\n<p>Asi resume Abelly en la primera edici\u00f3n la actuaci\u00f3n de Vicente en Ch\u00e1tillon: <em>\u00abMarch\u00f3 a ese lugar de Ch\u00e1tillon, y habiendo llegado all\u00ed, una de las cosas primeras que hizo fue animar a cinco o seis eclesi\u00e1sticos que encontr\u00f3 all\u00ed a vivir jun\u00adtos en una especie de comunidad, para de este modo darse con mayor perfecci\u00f3n al servicio de Dios y de su Iglesia. Eso hicie\u00adron convencidos por \u00e9l, <\/em>y <em>han seguido haci\u00e9ndolo durante mucho tiempo despu\u00e9s, con gran edificaci\u00f3n de toda la parro\u00adquia. Se dedic\u00f3 tambi\u00e9n a trabajar con su celo acostumbrado en la instrucci\u00f3n de la poblaci\u00f3n y la conversi\u00f3n de los pecadores, por medio de la catequesis y exhortaciones p\u00fablicas y privadas, lo cual hizo con un gran fruto. No se olvid\u00f3 de los pobres y de los enfermos, y les procuraba todo tipo de consuelo y de asisten\u00adcia, y se dedic\u00f3 con gran bendici\u00f3n a la conversi\u00f3n de algunos herejes, como diremos m\u00e1s adelante\u00bb.<\/em><\/p>\n<p>As\u00ed se expresa Abelly en el cap\u00edtulo 9 del primer libro de su obra. Tal como lo anticipa al final de ese resumen que acabamos de citar, dedica el cap\u00edtulo 11 al tema de los herejes convertidos por su acci\u00f3n, de los que nombra dos casos. El primero es el del ya mencionado se\u00f1or Jean Beynier, del que dice Abelly que era <em>\u00abnacido de padres herejes que lo hab\u00edan instruido con el mayor esmero en sus errores\u00bb. <\/em>Pues bien, las investigaciones en los ar\u00adchivos de Ch\u00e1tillon no dejan lugar a dudas de que entre los muchos Beynier de esa localidad no hubo jam\u00e1s uno solo que no estuviera bautizado en la Iglesia Cat\u00f3lica y no permaneciera fiel a ella. En cuanto al Beynier mencionado por Abelly, ya dijimos arriba que hizo de testigo en la toma de posesi\u00f3n de la parroquia por parte de Vicente. Los otros reformados mencionados por Abelly como convertidos por influencia de Vicente lo fueron efectivamente, tal como uno de ellos lo atestigua en carta escri\u00adta a Vicente de Pa\u00fal cuarenta a\u00f1os despu\u00e9s (III, 31). Se trataba nada menos que de siete hermanos de la familia Garron. En cuanto al padre, lejos de dejarse convertir, denunci\u00f3 a Vicente ante los tribunales y muri\u00f3 de pesar al ver los nuevos rumbos religiosos de sus hijos.<\/p>\n<p>Otro tema que menciona Abelly es el de la atenci\u00f3n a enfer\u00admos y a pobres por parte de Vicente. Lo menciona como de paso en el cap\u00edtulo 9, pero luego le dedicar\u00e1 todo un cap\u00edtulo, el 10. En este \u00faltimo se narran las circunstancias de la creaci\u00f3n de la pri\u00admera Cofrad\u00eda de Caridad parroquial. A este tema de la acci\u00f3n de Vicente de Pa\u00fal en Ch\u00e1tillon dedicamos las p\u00e1ginas que siguen.<\/p>\n<p>Jaime Corera<\/p>\n<p>CEME, 2008<\/p>\n<p>&nbsp;<\/p>\n","protected":false},"excerpt":{"rendered":"<p>LA SITUACI\u00d3N RELIGIOSA Y SOCIAL DE CH\u00c1TILLON A LA LLEGADA DE VICENTE A la llegada del nuevo p\u00e1rroco en 1617 Ch\u00e1tillon contaba con unas 200 familias, alrededor de 1.200 habitantes, bautizados la mayor parte y &#8230; <a href=\"http:\/\/vincentians.com\/es\/vicente-de-paul-en-chatillon-ii\/\" class=\"more-link\">Read More<\/a><\/p>\n","protected":false},"author":5,"featured_media":402733,"comment_status":"open","ping_status":"open","sticky":false,"template":"","format":"standard","meta":{"jetpack_post_was_ever_published":false,"_jetpack_newsletter_access":"","_jetpack_dont_email_post_to_subs":false,"_jetpack_newsletter_tier_id":0,"_jetpack_memberships_contains_paywalled_content":false,"_jetpack_memberships_contains_paid_content":false,"footnotes":"","jetpack_publicize_message":"","jetpack_publicize_feature_enabled":true,"jetpack_social_post_already_shared":true,"jetpack_social_options":{"image_generator_settings":{"template":"highway","default_image_id":0,"font":"","enabled":false},"version":2}},"categories":[17],"tags":[],"class_list":["post-403580","post","type-post","status-publish","format-standard","has-post-thumbnail","hentry","category-en-tiempos-de-vicente-de-paul"],"yoast_head":"<!-- This site is optimized with the Yoast SEO plugin v26.3 - https:\/\/yoast.com\/wordpress\/plugins\/seo\/ -->\n<title>VICENTE DE PA\u00daL EN CHATILLON (II) - Somos Vicencianos<\/title>\n<meta name=\"robots\" content=\"index, follow, max-snippet:-1, max-image-preview:large, max-video-preview:-1\" \/>\n<link rel=\"canonical\" href=\"http:\/\/vincentians.com\/es\/vicente-de-paul-en-chatillon-ii\/\" \/>\n<meta property=\"og:locale\" content=\"es_ES\" \/>\n<meta property=\"og:type\" content=\"article\" \/>\n<meta property=\"og:title\" content=\"VICENTE DE PA\u00daL EN CHATILLON (II) - Somos Vicencianos\" \/>\n<meta property=\"og:description\" content=\"LA SITUACI\u00d3N RELIGIOSA Y SOCIAL DE CH\u00c1TILLON A LA LLEGADA DE VICENTE A la llegada del nuevo p\u00e1rroco en 1617 Ch\u00e1tillon contaba con unas 200 familias, alrededor de 1.200 habitantes, bautizados la mayor parte y ... Read More\" \/>\n<meta property=\"og:url\" content=\"http:\/\/vincentians.com\/es\/vicente-de-paul-en-chatillon-ii\/\" \/>\n<meta property=\"og:site_name\" content=\"Somos Vicencianos\" \/>\n<meta property=\"article:publisher\" content=\"https:\/\/www.facebook.com\/WeAreVincentians\/\" \/>\n<meta property=\"article:published_time\" content=\"2021-06-28T06:12:49+00:00\" \/>\n<meta property=\"og:image\" content=\"https:\/\/i0.wp.com\/vincentians.com\/es\/wp-content\/uploads\/sites\/11\/2015\/02\/St_Vincent_De_Paul_-bible-1.jpg?fit=1200%2C630\" \/>\n\t<meta property=\"og:image:width\" content=\"1200\" \/>\n\t<meta property=\"og:image:height\" content=\"630\" \/>\n\t<meta property=\"og:image:type\" content=\"image\/jpeg\" \/>\n<meta name=\"author\" content=\"Mitxel Olabu\u00e9naga\" \/>\n<meta name=\"twitter:card\" content=\"summary_large_image\" \/>\n<meta name=\"twitter:creator\" content=\"@WeVincentians\" \/>\n<meta name=\"twitter:site\" content=\"@WeVincentians\" \/>\n<meta name=\"twitter:label1\" content=\"Escrito por\" \/>\n\t<meta name=\"twitter:data1\" content=\"Mitxel Olabu\u00e9naga\" \/>\n\t<meta name=\"twitter:label2\" content=\"Tiempo de lectura\" \/>\n\t<meta name=\"twitter:data2\" content=\"7 minutos\" \/>\n<script type=\"application\/ld+json\" class=\"yoast-schema-graph\">{\"@context\":\"https:\/\/schema.org\",\"@graph\":[{\"@type\":\"Article\",\"@id\":\"http:\/\/vincentians.com\/es\/vicente-de-paul-en-chatillon-ii\/#article\",\"isPartOf\":{\"@id\":\"http:\/\/vincentians.com\/es\/vicente-de-paul-en-chatillon-ii\/\"},\"author\":{\"name\":\"Mitxel Olabu\u00e9naga\",\"@id\":\"http:\/\/vincentians.com\/es\/#\/schema\/person\/7c2670b4445a7ca9d164ea6acdb31859\"},\"headline\":\"VICENTE DE PA\u00daL EN CHATILLON (II)\",\"datePublished\":\"2021-06-28T06:12:49+00:00\",\"mainEntityOfPage\":{\"@id\":\"http:\/\/vincentians.com\/es\/vicente-de-paul-en-chatillon-ii\/\"},\"wordCount\":1433,\"commentCount\":0,\"publisher\":{\"@id\":\"http:\/\/vincentians.com\/es\/#organization\"},\"image\":{\"@id\":\"http:\/\/vincentians.com\/es\/vicente-de-paul-en-chatillon-ii\/#primaryimage\"},\"thumbnailUrl\":\"https:\/\/i0.wp.com\/vincentians.com\/es\/wp-content\/uploads\/sites\/11\/2015\/02\/St_Vincent_De_Paul_-bible-1.jpg?fit=1200%2C630\",\"articleSection\":[\"En tiempos de Vicente de Pa\u00fal\"],\"inLanguage\":\"es\",\"potentialAction\":[{\"@type\":\"CommentAction\",\"name\":\"Comment\",\"target\":[\"http:\/\/vincentians.com\/es\/vicente-de-paul-en-chatillon-ii\/#respond\"]}]},{\"@type\":\"WebPage\",\"@id\":\"http:\/\/vincentians.com\/es\/vicente-de-paul-en-chatillon-ii\/\",\"url\":\"http:\/\/vincentians.com\/es\/vicente-de-paul-en-chatillon-ii\/\",\"name\":\"VICENTE DE PA\u00daL EN CHATILLON (II) - Somos Vicencianos\",\"isPartOf\":{\"@id\":\"http:\/\/vincentians.com\/es\/#website\"},\"primaryImageOfPage\":{\"@id\":\"http:\/\/vincentians.com\/es\/vicente-de-paul-en-chatillon-ii\/#primaryimage\"},\"image\":{\"@id\":\"http:\/\/vincentians.com\/es\/vicente-de-paul-en-chatillon-ii\/#primaryimage\"},\"thumbnailUrl\":\"https:\/\/i0.wp.com\/vincentians.com\/es\/wp-content\/uploads\/sites\/11\/2015\/02\/St_Vincent_De_Paul_-bible-1.jpg?fit=1200%2C630\",\"datePublished\":\"2021-06-28T06:12:49+00:00\",\"breadcrumb\":{\"@id\":\"http:\/\/vincentians.com\/es\/vicente-de-paul-en-chatillon-ii\/#breadcrumb\"},\"inLanguage\":\"es\",\"potentialAction\":[{\"@type\":\"ReadAction\",\"target\":[\"http:\/\/vincentians.com\/es\/vicente-de-paul-en-chatillon-ii\/\"]}]},{\"@type\":\"ImageObject\",\"inLanguage\":\"es\",\"@id\":\"http:\/\/vincentians.com\/es\/vicente-de-paul-en-chatillon-ii\/#primaryimage\",\"url\":\"https:\/\/i0.wp.com\/vincentians.com\/es\/wp-content\/uploads\/sites\/11\/2015\/02\/St_Vincent_De_Paul_-bible-1.jpg?fit=1200%2C630\",\"contentUrl\":\"https:\/\/i0.wp.com\/vincentians.com\/es\/wp-content\/uploads\/sites\/11\/2015\/02\/St_Vincent_De_Paul_-bible-1.jpg?fit=1200%2C630\",\"width\":1200,\"height\":630},{\"@type\":\"BreadcrumbList\",\"@id\":\"http:\/\/vincentians.com\/es\/vicente-de-paul-en-chatillon-ii\/#breadcrumb\",\"itemListElement\":[{\"@type\":\"ListItem\",\"position\":1,\"name\":\"Portada\",\"item\":\"http:\/\/vincentians.com\/es\/\"},{\"@type\":\"ListItem\",\"position\":2,\"name\":\"VICENTE DE PA\u00daL EN CHATILLON (II)\"}]},{\"@type\":\"WebSite\",\"@id\":\"http:\/\/vincentians.com\/es\/#website\",\"url\":\"http:\/\/vincentians.com\/es\/\",\"name\":\"Somos Vicencianos\",\"description\":\"Know more to serve more\",\"publisher\":{\"@id\":\"http:\/\/vincentians.com\/es\/#organization\"},\"potentialAction\":[{\"@type\":\"SearchAction\",\"target\":{\"@type\":\"EntryPoint\",\"urlTemplate\":\"http:\/\/vincentians.com\/es\/?s={search_term_string}\"},\"query-input\":{\"@type\":\"PropertyValueSpecification\",\"valueRequired\":true,\"valueName\":\"search_term_string\"}}],\"inLanguage\":\"es\"},{\"@type\":\"Organization\",\"@id\":\"http:\/\/vincentians.com\/es\/#organization\",\"name\":\"The Vincentian Network\",\"url\":\"http:\/\/vincentians.com\/es\/\",\"logo\":{\"@type\":\"ImageObject\",\"inLanguage\":\"es\",\"@id\":\"http:\/\/vincentians.com\/es\/#\/schema\/logo\/image\/\",\"url\":\"https:\/\/i1.wp.com\/vincentians.com\/es\/wp-content\/uploads\/sites\/11\/2016\/06\/Vincentian-Network-logo-big.png?fit=778%2C778\",\"contentUrl\":\"https:\/\/i1.wp.com\/vincentians.com\/es\/wp-content\/uploads\/sites\/11\/2016\/06\/Vincentian-Network-logo-big.png?fit=778%2C778\",\"width\":778,\"height\":778,\"caption\":\"The Vincentian Network\"},\"image\":{\"@id\":\"http:\/\/vincentians.com\/es\/#\/schema\/logo\/image\/\"},\"sameAs\":[\"https:\/\/www.facebook.com\/WeAreVincentians\/\",\"https:\/\/x.com\/WeVincentians\"]},{\"@type\":\"Person\",\"@id\":\"http:\/\/vincentians.com\/es\/#\/schema\/person\/7c2670b4445a7ca9d164ea6acdb31859\",\"name\":\"Mitxel Olabu\u00e9naga\",\"image\":{\"@type\":\"ImageObject\",\"inLanguage\":\"es\",\"@id\":\"http:\/\/vincentians.com\/es\/#\/schema\/person\/image\/\",\"url\":\"https:\/\/secure.gravatar.com\/avatar\/34137ec2e2b8939cbbed975731e71f3f4f1defc7266ded337a5ce0f925426877?s=96&d=mm&r=g\",\"contentUrl\":\"https:\/\/secure.gravatar.com\/avatar\/34137ec2e2b8939cbbed975731e71f3f4f1defc7266ded337a5ce0f925426877?s=96&d=mm&r=g\",\"caption\":\"Mitxel Olabu\u00e9naga\"},\"url\":\"http:\/\/vincentians.com\/es\/author\/mitxel\/\"}]}<\/script>\n<!-- \/ Yoast SEO plugin. -->","yoast_head_json":{"title":"VICENTE DE PA\u00daL EN CHATILLON (II) - Somos Vicencianos","robots":{"index":"index","follow":"follow","max-snippet":"max-snippet:-1","max-image-preview":"max-image-preview:large","max-video-preview":"max-video-preview:-1"},"canonical":"http:\/\/vincentians.com\/es\/vicente-de-paul-en-chatillon-ii\/","og_locale":"es_ES","og_type":"article","og_title":"VICENTE DE PA\u00daL EN CHATILLON (II) - Somos Vicencianos","og_description":"LA SITUACI\u00d3N RELIGIOSA Y SOCIAL DE CH\u00c1TILLON A LA LLEGADA DE VICENTE A la llegada del nuevo p\u00e1rroco en 1617 Ch\u00e1tillon contaba con unas 200 familias, alrededor de 1.200 habitantes, bautizados la mayor parte y ... Read More","og_url":"http:\/\/vincentians.com\/es\/vicente-de-paul-en-chatillon-ii\/","og_site_name":"Somos Vicencianos","article_publisher":"https:\/\/www.facebook.com\/WeAreVincentians\/","article_published_time":"2021-06-28T06:12:49+00:00","og_image":[{"width":1200,"height":630,"url":"https:\/\/i0.wp.com\/vincentians.com\/es\/wp-content\/uploads\/sites\/11\/2015\/02\/St_Vincent_De_Paul_-bible-1.jpg?fit=1200%2C630","type":"image\/jpeg"}],"author":"Mitxel Olabu\u00e9naga","twitter_card":"summary_large_image","twitter_creator":"@WeVincentians","twitter_site":"@WeVincentians","twitter_misc":{"Escrito por":"Mitxel Olabu\u00e9naga","Tiempo de lectura":"7 minutos"},"schema":{"@context":"https:\/\/schema.org","@graph":[{"@type":"Article","@id":"http:\/\/vincentians.com\/es\/vicente-de-paul-en-chatillon-ii\/#article","isPartOf":{"@id":"http:\/\/vincentians.com\/es\/vicente-de-paul-en-chatillon-ii\/"},"author":{"name":"Mitxel Olabu\u00e9naga","@id":"http:\/\/vincentians.com\/es\/#\/schema\/person\/7c2670b4445a7ca9d164ea6acdb31859"},"headline":"VICENTE DE PA\u00daL EN CHATILLON (II)","datePublished":"2021-06-28T06:12:49+00:00","mainEntityOfPage":{"@id":"http:\/\/vincentians.com\/es\/vicente-de-paul-en-chatillon-ii\/"},"wordCount":1433,"commentCount":0,"publisher":{"@id":"http:\/\/vincentians.com\/es\/#organization"},"image":{"@id":"http:\/\/vincentians.com\/es\/vicente-de-paul-en-chatillon-ii\/#primaryimage"},"thumbnailUrl":"https:\/\/i0.wp.com\/vincentians.com\/es\/wp-content\/uploads\/sites\/11\/2015\/02\/St_Vincent_De_Paul_-bible-1.jpg?fit=1200%2C630","articleSection":["En tiempos de Vicente de Pa\u00fal"],"inLanguage":"es","potentialAction":[{"@type":"CommentAction","name":"Comment","target":["http:\/\/vincentians.com\/es\/vicente-de-paul-en-chatillon-ii\/#respond"]}]},{"@type":"WebPage","@id":"http:\/\/vincentians.com\/es\/vicente-de-paul-en-chatillon-ii\/","url":"http:\/\/vincentians.com\/es\/vicente-de-paul-en-chatillon-ii\/","name":"VICENTE DE PA\u00daL EN CHATILLON (II) - Somos Vicencianos","isPartOf":{"@id":"http:\/\/vincentians.com\/es\/#website"},"primaryImageOfPage":{"@id":"http:\/\/vincentians.com\/es\/vicente-de-paul-en-chatillon-ii\/#primaryimage"},"image":{"@id":"http:\/\/vincentians.com\/es\/vicente-de-paul-en-chatillon-ii\/#primaryimage"},"thumbnailUrl":"https:\/\/i0.wp.com\/vincentians.com\/es\/wp-content\/uploads\/sites\/11\/2015\/02\/St_Vincent_De_Paul_-bible-1.jpg?fit=1200%2C630","datePublished":"2021-06-28T06:12:49+00:00","breadcrumb":{"@id":"http:\/\/vincentians.com\/es\/vicente-de-paul-en-chatillon-ii\/#breadcrumb"},"inLanguage":"es","potentialAction":[{"@type":"ReadAction","target":["http:\/\/vincentians.com\/es\/vicente-de-paul-en-chatillon-ii\/"]}]},{"@type":"ImageObject","inLanguage":"es","@id":"http:\/\/vincentians.com\/es\/vicente-de-paul-en-chatillon-ii\/#primaryimage","url":"https:\/\/i0.wp.com\/vincentians.com\/es\/wp-content\/uploads\/sites\/11\/2015\/02\/St_Vincent_De_Paul_-bible-1.jpg?fit=1200%2C630","contentUrl":"https:\/\/i0.wp.com\/vincentians.com\/es\/wp-content\/uploads\/sites\/11\/2015\/02\/St_Vincent_De_Paul_-bible-1.jpg?fit=1200%2C630","width":1200,"height":630},{"@type":"BreadcrumbList","@id":"http:\/\/vincentians.com\/es\/vicente-de-paul-en-chatillon-ii\/#breadcrumb","itemListElement":[{"@type":"ListItem","position":1,"name":"Portada","item":"http:\/\/vincentians.com\/es\/"},{"@type":"ListItem","position":2,"name":"VICENTE DE PA\u00daL EN CHATILLON (II)"}]},{"@type":"WebSite","@id":"http:\/\/vincentians.com\/es\/#website","url":"http:\/\/vincentians.com\/es\/","name":"Somos Vicencianos","description":"Know more to serve more","publisher":{"@id":"http:\/\/vincentians.com\/es\/#organization"},"potentialAction":[{"@type":"SearchAction","target":{"@type":"EntryPoint","urlTemplate":"http:\/\/vincentians.com\/es\/?s={search_term_string}"},"query-input":{"@type":"PropertyValueSpecification","valueRequired":true,"valueName":"search_term_string"}}],"inLanguage":"es"},{"@type":"Organization","@id":"http:\/\/vincentians.com\/es\/#organization","name":"The Vincentian Network","url":"http:\/\/vincentians.com\/es\/","logo":{"@type":"ImageObject","inLanguage":"es","@id":"http:\/\/vincentians.com\/es\/#\/schema\/logo\/image\/","url":"https:\/\/i1.wp.com\/vincentians.com\/es\/wp-content\/uploads\/sites\/11\/2016\/06\/Vincentian-Network-logo-big.png?fit=778%2C778","contentUrl":"https:\/\/i1.wp.com\/vincentians.com\/es\/wp-content\/uploads\/sites\/11\/2016\/06\/Vincentian-Network-logo-big.png?fit=778%2C778","width":778,"height":778,"caption":"The Vincentian Network"},"image":{"@id":"http:\/\/vincentians.com\/es\/#\/schema\/logo\/image\/"},"sameAs":["https:\/\/www.facebook.com\/WeAreVincentians\/","https:\/\/x.com\/WeVincentians"]},{"@type":"Person","@id":"http:\/\/vincentians.com\/es\/#\/schema\/person\/7c2670b4445a7ca9d164ea6acdb31859","name":"Mitxel Olabu\u00e9naga","image":{"@type":"ImageObject","inLanguage":"es","@id":"http:\/\/vincentians.com\/es\/#\/schema\/person\/image\/","url":"https:\/\/secure.gravatar.com\/avatar\/34137ec2e2b8939cbbed975731e71f3f4f1defc7266ded337a5ce0f925426877?s=96&d=mm&r=g","contentUrl":"https:\/\/secure.gravatar.com\/avatar\/34137ec2e2b8939cbbed975731e71f3f4f1defc7266ded337a5ce0f925426877?s=96&d=mm&r=g","caption":"Mitxel Olabu\u00e9naga"},"url":"http:\/\/vincentians.com\/es\/author\/mitxel\/"}]}},"jetpack_publicize_connections":[],"jetpack_featured_media_url":"https:\/\/i0.wp.com\/vincentians.com\/es\/wp-content\/uploads\/sites\/11\/2015\/02\/St_Vincent_De_Paul_-bible-1.jpg?fit=1200%2C630","jetpack_sharing_enabled":true,"jetpack_shortlink":"https:\/\/wp.me\/p7ETMF-1GZm","jetpack-related-posts":[{"id":3662,"url":"http:\/\/vincentians.com\/es\/vicente-de-paul-documento-024-relacion-de-carlos-demia-sobre-la-estancia-de-san-vicente-en-chatillon-les-dombes\/","url_meta":{"origin":403580,"position":0},"title":"Vicente de Pa\u00fal, Documento 024: Relaci\u00f3n De Carlos Demia Sobre La Estancia De San Vicente En Chatillon-Les-Dombes","author":"Francisco Javier Fern\u00e1ndez Chento","date":"01\/01\/2010","format":false,"excerpt":"El se\u00f1or Carlos Demia, sacerdote, doctor en decretales por la universidad de Par\u00eds, residente en el seminario de la Misi\u00f3n de Bons-Enfants y de san Sulpicio de Par\u00eds, ha recogido sucintamente de las charlas que ha mantenido con los habitantes principales y m\u00e1s antiguos de Ch\u00e2tillon todo lo que sigue,\u2026","rel":"","context":"En \u00abEscritos de Vicente de Pa\u00fal\u00bb","block_context":{"text":"Escritos de Vicente de Pa\u00fal","link":"http:\/\/vincentians.com\/es\/category\/escritos\/escritos-de-vicente-de-paul\/"},"img":{"alt_text":"","src":"https:\/\/i0.wp.com\/vincentians.com\/es\/wp-content\/uploads\/sites\/11\/2016\/07\/escritos-vicente-de-paul.jpg?fit=1200%2C630&resize=350%2C200","width":350,"height":200,"srcset":"https:\/\/i0.wp.com\/vincentians.com\/es\/wp-content\/uploads\/sites\/11\/2016\/07\/escritos-vicente-de-paul.jpg?fit=1200%2C630&resize=350%2C200 1x, https:\/\/i0.wp.com\/vincentians.com\/es\/wp-content\/uploads\/sites\/11\/2016\/07\/escritos-vicente-de-paul.jpg?fit=1200%2C630&resize=525%2C300 1.5x, https:\/\/i0.wp.com\/vincentians.com\/es\/wp-content\/uploads\/sites\/11\/2016\/07\/escritos-vicente-de-paul.jpg?fit=1200%2C630&resize=700%2C400 2x, https:\/\/i0.wp.com\/vincentians.com\/es\/wp-content\/uploads\/sites\/11\/2016\/07\/escritos-vicente-de-paul.jpg?fit=1200%2C630&resize=1050%2C600 3x"},"classes":[]},{"id":400145,"url":"http:\/\/vincentians.com\/es\/vicente-paul-chatillon-nacimiento-una-nueva-vision-espiritual\/","url_meta":{"origin":403580,"position":1},"title":"Vicente de Pa\u00fal en Ch\u00e2tillon: el nacimiento de una nueva visi\u00f3n espiritual","author":"Francisco Javier Fern\u00e1ndez Chento","date":"24\/10\/2016","format":false,"excerpt":"P\u00e1rroco de Ch\u00e2tillon El 1 de agosto del a\u00f1o 1617 tomaba posesi\u00f3n de la parroquia de San Mart\u00edn en el poblado de Buenens y, a continuaci\u00f3n, de la iglesia adjunta de San Andr\u00e9s en el poblado de Ch\u00e1tillon-les-Dombes, Vicente de Pa\u00fal, un sacerdote de 37 a\u00f1os venido de Par\u00eds,. La\u2026","rel":"","context":"En \u00abFormaci\u00f3n Vicenciana\u00bb","block_context":{"text":"Formaci\u00f3n Vicenciana","link":"http:\/\/vincentians.com\/es\/category\/formacion-vicenciana\/"},"img":{"alt_text":"","src":"https:\/\/i0.wp.com\/vincentians.com\/es\/wp-content\/uploads\/sites\/11\/2016\/10\/chatillon_sur_chalaronne.jpg?fit=1200%2C630&resize=350%2C200","width":350,"height":200,"srcset":"https:\/\/i0.wp.com\/vincentians.com\/es\/wp-content\/uploads\/sites\/11\/2016\/10\/chatillon_sur_chalaronne.jpg?fit=1200%2C630&resize=350%2C200 1x, https:\/\/i0.wp.com\/vincentians.com\/es\/wp-content\/uploads\/sites\/11\/2016\/10\/chatillon_sur_chalaronne.jpg?fit=1200%2C630&resize=525%2C300 1.5x, https:\/\/i0.wp.com\/vincentians.com\/es\/wp-content\/uploads\/sites\/11\/2016\/10\/chatillon_sur_chalaronne.jpg?fit=1200%2C630&resize=700%2C400 2x, https:\/\/i0.wp.com\/vincentians.com\/es\/wp-content\/uploads\/sites\/11\/2016\/10\/chatillon_sur_chalaronne.jpg?fit=1200%2C630&resize=1050%2C600 3x"},"classes":[]},{"id":3661,"url":"http:\/\/vincentians.com\/es\/vicente-de-paul-documento-023-acta-de-toma-de-posesion-de-la-parroquia-de-chatillon-les-dombes\/","url_meta":{"origin":403580,"position":2},"title":"Vicente de Pa\u00fal, Documento 023: Acta De Toma De Posesi\u00f3n De La Parroquia De Chatillon-Les-Dombes","author":"Francisco Javier Fern\u00e1ndez Chento","date":"31\/12\/2009","format":false,"excerpt":"1 agosto 1617 Sea universalmente notorio que el d\u00eda primero de agosto de 1617, por la tarde, ante m\u00ed el abajo firmante, notario real, y en presencia de los testigos que abajo firman, se present\u00f3 ante la puerta mayor de la iglesia parroquial de Buenens, dedicada a san Mart\u00edn, el\u2026","rel":"","context":"En \u00abEscritos de Vicente de Pa\u00fal\u00bb","block_context":{"text":"Escritos de Vicente de Pa\u00fal","link":"http:\/\/vincentians.com\/es\/category\/escritos\/escritos-de-vicente-de-paul\/"},"img":{"alt_text":"","src":"https:\/\/i0.wp.com\/vincentians.com\/es\/wp-content\/uploads\/sites\/11\/2016\/07\/escritos-vicente-de-paul.jpg?fit=1200%2C630&resize=350%2C200","width":350,"height":200,"srcset":"https:\/\/i0.wp.com\/vincentians.com\/es\/wp-content\/uploads\/sites\/11\/2016\/07\/escritos-vicente-de-paul.jpg?fit=1200%2C630&resize=350%2C200 1x, https:\/\/i0.wp.com\/vincentians.com\/es\/wp-content\/uploads\/sites\/11\/2016\/07\/escritos-vicente-de-paul.jpg?fit=1200%2C630&resize=525%2C300 1.5x, https:\/\/i0.wp.com\/vincentians.com\/es\/wp-content\/uploads\/sites\/11\/2016\/07\/escritos-vicente-de-paul.jpg?fit=1200%2C630&resize=700%2C400 2x, https:\/\/i0.wp.com\/vincentians.com\/es\/wp-content\/uploads\/sites\/11\/2016\/07\/escritos-vicente-de-paul.jpg?fit=1200%2C630&resize=1050%2C600 3x"},"classes":[]},{"id":29876,"url":"http:\/\/vincentians.com\/es\/vida-de-san-vicente-de-paul-libro-primero-capitulo-11\/","url_meta":{"origin":403580,"position":3},"title":"Vida de san Vicente de Pa\u00fal: Libro Primero, Cap\u00edtulo 11","author":"Francisco Javier Fern\u00e1ndez Chento","date":"16\/02\/2020","format":false,"excerpt":"Cuando estuvo en Ch\u00e2tillon, Dios se sirvi\u00f3 de su celo y de su prudencia, para desenga\u00f1ar a algunos esp\u00edritus inficionados de herej\u00eda, y para ponerlos en el camino de la verdad Aqu\u00ed s\u00f3lo relataremos lo que sucedi\u00f3 en la conversi\u00f3n de dos de esos herejes, entre otros muchos, que, despu\u00e9s\u2026","rel":"","context":"En \u00abEscritos de Luis Abelly\u00bb","block_context":{"text":"Escritos de Luis Abelly","link":"http:\/\/vincentians.com\/es\/category\/escritos\/escritos-de-luis-abelly\/"},"img":{"alt_text":"","src":"https:\/\/i0.wp.com\/vincentians.com\/es\/wp-content\/uploads\/sites\/11\/2016\/07\/abelly-feat.jpg?fit=1200%2C630&resize=350%2C200","width":350,"height":200,"srcset":"https:\/\/i0.wp.com\/vincentians.com\/es\/wp-content\/uploads\/sites\/11\/2016\/07\/abelly-feat.jpg?fit=1200%2C630&resize=350%2C200 1x, https:\/\/i0.wp.com\/vincentians.com\/es\/wp-content\/uploads\/sites\/11\/2016\/07\/abelly-feat.jpg?fit=1200%2C630&resize=525%2C300 1.5x, https:\/\/i0.wp.com\/vincentians.com\/es\/wp-content\/uploads\/sites\/11\/2016\/07\/abelly-feat.jpg?fit=1200%2C630&resize=700%2C400 2x, https:\/\/i0.wp.com\/vincentians.com\/es\/wp-content\/uploads\/sites\/11\/2016\/07\/abelly-feat.jpg?fit=1200%2C630&resize=1050%2C600 3x"},"classes":[]},{"id":80382,"url":"http:\/\/vincentians.com\/es\/vicente-de-paul-carta-0884-juan-garron-a-san-vicente\/","url_meta":{"origin":403580,"position":4},"title":"Vicente de Pa\u00fal, Carta 0884: Juan Garron A San Vicente","author":"Francisco Javier Fern\u00e1ndez Chento","date":"02\/05\/2012","format":false,"excerpt":"27 agosto 1646. Soy uno de sus hijos en Jesucristo, que recurre a su bondad paternal, despu\u00e9s de haber experimentado ya varias veces sus efectos cuando, renaciendo para la Iglesia por la absoluci\u00f3n de la herej\u00eda que le administr\u00f3 su caridad p\u00fablicamente en la iglesia de Ch\u00e2tillon-les-Dombes en 1617, aprendi\u00f3\u2026","rel":"","context":"En \u00abEscritos de Vicente de Pa\u00fal\u00bb","block_context":{"text":"Escritos de Vicente de Pa\u00fal","link":"http:\/\/vincentians.com\/es\/category\/escritos\/escritos-de-vicente-de-paul\/"},"img":{"alt_text":"","src":"https:\/\/i0.wp.com\/vincentians.com\/es\/wp-content\/uploads\/sites\/11\/2016\/07\/escritos-vicente-de-paul.jpg?fit=1200%2C630&resize=350%2C200","width":350,"height":200,"srcset":"https:\/\/i0.wp.com\/vincentians.com\/es\/wp-content\/uploads\/sites\/11\/2016\/07\/escritos-vicente-de-paul.jpg?fit=1200%2C630&resize=350%2C200 1x, https:\/\/i0.wp.com\/vincentians.com\/es\/wp-content\/uploads\/sites\/11\/2016\/07\/escritos-vicente-de-paul.jpg?fit=1200%2C630&resize=525%2C300 1.5x, https:\/\/i0.wp.com\/vincentians.com\/es\/wp-content\/uploads\/sites\/11\/2016\/07\/escritos-vicente-de-paul.jpg?fit=1200%2C630&resize=700%2C400 2x, https:\/\/i0.wp.com\/vincentians.com\/es\/wp-content\/uploads\/sites\/11\/2016\/07\/escritos-vicente-de-paul.jpg?fit=1200%2C630&resize=1050%2C600 3x"},"classes":[]},{"id":25736,"url":"http:\/\/vincentians.com\/es\/guion-de-la-pelicula-monsieur-vincent\/","url_meta":{"origin":403580,"position":5},"title":"Gui\u00f3n de la pel\u00edcula &quot;Monsieur Vincent&quot;","author":"Francisco Javier Fern\u00e1ndez Chento","date":"01\/12\/2013","format":false,"excerpt":"LLEGADA A CH\u00c2TILLON Carretero: \u00a1So! Ah\u00ed est\u00e1 Ch\u00e2tillon, por ese camino. Se\u00f1or Vicente: \u00a1Eh! \u00a1Buena mujer! \u00a1Eh! Mujer: \u00bfQu\u00e9 busc\u00e1is? Se\u00f1or Vicente: Soy vuestro nuevo cura. Mujer: \u00bfC\u00f3mo? Se\u00f1or Vicente: Soy vuestro nuevo cura. Mujer: No hay cura desde hace mucho tiempo en Ch\u00e2tillon, ni lo habr\u00e1 por ahora. Se\u00f1or\u2026","rel":"","context":"En \u00abVicente de Pa\u00fal\u00bb","block_context":{"text":"Vicente de Pa\u00fal","link":"http:\/\/vincentians.com\/es\/category\/la-familia-vicenciana\/fundadores\/vicente-de-paul\/"},"img":{"alt_text":"Monsieur Vincent","src":"https:\/\/i0.wp.com\/vicencianos.org\/wp-content\/2010\/12\/monsieur_vincent_03-300x224.jpg?resize=350%2C200","width":350,"height":200},"classes":[]}],"_links":{"self":[{"href":"http:\/\/vincentians.com\/es\/wp-json\/wp\/v2\/posts\/403580","targetHints":{"allow":["GET"]}}],"collection":[{"href":"http:\/\/vincentians.com\/es\/wp-json\/wp\/v2\/posts"}],"about":[{"href":"http:\/\/vincentians.com\/es\/wp-json\/wp\/v2\/types\/post"}],"author":[{"embeddable":true,"href":"http:\/\/vincentians.com\/es\/wp-json\/wp\/v2\/users\/5"}],"replies":[{"embeddable":true,"href":"http:\/\/vincentians.com\/es\/wp-json\/wp\/v2\/comments?post=403580"}],"version-history":[{"count":1,"href":"http:\/\/vincentians.com\/es\/wp-json\/wp\/v2\/posts\/403580\/revisions"}],"predecessor-version":[{"id":403581,"href":"http:\/\/vincentians.com\/es\/wp-json\/wp\/v2\/posts\/403580\/revisions\/403581"}],"wp:featuredmedia":[{"embeddable":true,"href":"http:\/\/vincentians.com\/es\/wp-json\/wp\/v2\/media\/402733"}],"wp:attachment":[{"href":"http:\/\/vincentians.com\/es\/wp-json\/wp\/v2\/media?parent=403580"}],"wp:term":[{"taxonomy":"category","embeddable":true,"href":"http:\/\/vincentians.com\/es\/wp-json\/wp\/v2\/categories?post=403580"},{"taxonomy":"post_tag","embeddable":true,"href":"http:\/\/vincentians.com\/es\/wp-json\/wp\/v2\/tags?post=403580"}],"curies":[{"name":"wp","href":"https:\/\/api.w.org\/{rel}","templated":true}]}}