{"id":403578,"date":"2021-06-26T08:10:39","date_gmt":"2021-06-26T06:10:39","guid":{"rendered":"http:\/\/vincentians.com\/es\/?p=403578"},"modified":"2021-05-15T18:12:44","modified_gmt":"2021-05-15T16:12:44","slug":"vicente-de-paul-en-chatillon-i","status":"publish","type":"post","link":"http:\/\/vincentians.com\/es\/vicente-de-paul-en-chatillon-i\/","title":{"rendered":"VICENTE DE PA\u00daL EN CHATILLON (I)"},"content":{"rendered":"<p>P\u00c1RROCO DE CH\u00c1TILLON<\/p>\n<p>El 1 de agosto del a\u00f1o 1617 tomaba posesi\u00f3n de la parroquia de San Mart\u00edn en el poblado de Buenens y, a continuaci\u00f3n, de la iglesia adjunta de San Andr\u00e9s en el poblado de Ch\u00e1tillon-les-Dombes, Vicente de Pa\u00fal, un sacerdote de 37 a\u00f1os venido de Par\u00eds,. La parroquia se encontraba en la Bresse, regi\u00f3n antes per\u00adteneciente a Saboya, anexionada al reino de Francia diecis\u00e9is a\u00f1os atr\u00e1s. Desde los tiempos de la revoluci\u00f3n francesa el segun\u00addo poblado es conocido como Ch\u00e1tillon-sur-Chalaronne, por el nombre del r\u00edo que recorre sus tierras.<\/p>\n<p>M\u00e1s que simplemente venido de Par\u00eds habr\u00eda que decir que el nuevo p\u00e1rroco ven\u00eda huyendo de Par\u00eds. Pero no huyendo perse\u00adguido por nadie por mal comportamiento, sino todo lo contrario. A los cuatro a\u00f1os de entrar en el palacio de los Gondi hab\u00eda empezado a sentir que el horizonte de su sacerdocio estaba sien\u00addo peligrosamente empeque\u00f1ecido precisamente por personas que ten\u00edan de \u00e9l un alto aprecio. Tras una breve experiencia como p\u00e1rroco en la parroquia de Clichy, por entonces una aldea en las afueras de Par\u00eds, a partir de 1613 Vicente hab\u00eda aceptado convertirse en preceptor de los hijos de los Gondi por indicaci\u00f3n de B\u00e9rulle, que era desde unos tres a\u00f1os antes su director espiri\u00adtual y consejero. Alrededor de un a\u00f1o despu\u00e9s de entrar en aque\u00adlla noble casa se convirti\u00f3 tambi\u00e9n en director de conciencia de la se\u00f1ora por petici\u00f3n expresa de \u00e9sta.<\/p>\n<p>en enero del mismo a\u00f1o 1617 hab\u00eda tenido lugar en Gannes, una peque\u00f1a localidad perteneciente a los dominios de la se\u00f1ora de Gondi, el incidente bien conocido de la confesi\u00f3n del campe\u00adsino moribundo. La experiencia del \u00e9xito del serm\u00f3n subsiguien\u00adte y de las numerosas confesiones el d\u00eda 25 de enero en Follevi-lle hizo que Vicente de Pa\u00fal comenzara a preguntarse si era justo que su sacerdocio estuviera absorbido casi del todo por tres per\u00adsonas de una familia noble, cuando s\u00f3lo en las tierras mismas de la se\u00f1ora hab\u00eda unos 8.000 campesinos necesitados de sacramen\u00adtos y de catecismo.<\/p>\n<p>A partir de esa experiencia de Folleville Vicente de Pa\u00fal empez\u00f3 a darse cuenta de que su verdadera vocaci\u00f3n era otra, la de volver de alg\u00fan modo a sus ra\u00edces campesinas, de las que hab\u00eda estado huyendo desde los 15 a\u00f1os, y dedicar sus energ\u00edas sacerdotales y personales a la poblaci\u00f3n del mundo rural. \u00c9sta, que formaba alrededor del noventa por ciento de la poblaci\u00f3n total de Francia, se encontraba muy descuidada por las fuerzas m\u00e1s vivas de la Iglesia y muy explotada por la buena sociedad.<\/p>\n<p>Habl\u00f3 con B\u00e9rulle del estado de su esp\u00edritu y de sus ganas de dar un rumbo nuevo a su vida sacerdotal. Aunque hab\u00eda sido \u00e9l mismo quien dirigiera a Vicente a la casa de los Gondi, a B\u00e9rulle no le pare\u00adci\u00f3 mal la propuesta de Vicente. Adem\u00e1s se encarg\u00f3 \u00e9l mismo de indicarle un lugar que, a la vez que se encontrara suficientemente lejos de Par\u00eds, pudiera dar satisfacci\u00f3n a las aspiraciones de Vicen\u00adte. Este lugar era la parroquia de Buenens-Ch\u00e1tillon. Si al hablar de este tema en la vida de Vicente se suele mencionar s\u00f3lo a Ch\u00e1tillon, y as\u00ed lo haremos tambi\u00e9n aqu\u00ed, el hecho se debe a que Vicente puso en Ch\u00e1tillon su residencia desde un primer momento, y porque en Ch\u00e1tillon tuvieron lugar los hechos que narraremos m\u00e1s adelante. Pero en realidad la iglesia de Ch\u00e1tillon era una iglesia adjunta a la iglesia parroquial principal, la de Buenens.<\/p>\n<p>Tres a\u00f1os antes de la llegada de Vicente el arzobispo de Lyon hab\u00eda pasado visita pastoral a la poblaci\u00f3n de Ch\u00e1tillon, a la que encontr\u00f3 en un estado religioso bastante aceptable, seg\u00fan consta en los libros de visita que a\u00fan se conservan. Despu\u00e9s de la visi\u00adta y como resultado de ella el arzobispo tuvo la idea de hacer de Ch\u00e1tillon un lugar de irradiaci\u00f3n religiosa cat\u00f3lica, una especie de centro misionero para la zona, para lo cual necesitaba un sacerdote de calidad. Acudi\u00f3 para conseguirlo a los oratorianos de Lyon, quienes a su vez acudieron a B\u00e9rulle, su fundador. \u00c9ste crey\u00f3 que Vicente de Pa\u00fal, un hombre influido por la espirituali\u00addad del Oratorio aunque no miembro de \u00e9l, ser\u00eda el sacerdote adecuado para llevar a cabo el plan del arzobispo.<\/p>\n<p>\u00c9sas fueron, narradas de manera condensada, las circunstan\u00adcias hist\u00f3ricas que llevaron a Vicente a Ch\u00e1tillon y \u00e9sos fueron los caminos de que se vali\u00f3 la Providencia para que el se\u00f1or Vicente Depaul, sacerdote de la di\u00f3cesis de Dax y bachiller en teolog\u00eda, cambiara de rumbo en su vida sacerdotal y comenzara un camino nuevo a los 37 a\u00f1os.<\/p>\n<p>Aunque la toma de posesi\u00f3n de la parroquia por parte de Vicen\u00adte tuvo lugar el d\u00eda 1 de agosto, como dec\u00edamos al principio, es posi\u00adble que Vicente se hubiera presentado en ella y hubiera empezado a actuar unos meses antes, en tiempo de cuaresma. As\u00ed nos lo ase\u00adgura una investigaci\u00f3n entre los vecinos hecha en 1664 por Charles Demia, p\u00e1rroco en esa fecha, con vistas a un posible proceso de canonizaci\u00f3n, cuatro a\u00f1os despu\u00e9s de fallecido Vicente, y casi cin\u00adcuenta a\u00f1os despu\u00e9s de los sucesos. Sin embargo en el mismo a\u00f1o de esa investigaci\u00f3n, en la biograf\u00eda m\u00e1s temprana de Vicente de Pa\u00fal, su autor, Louis Abelly, aseguraba que la salida-huida de Par\u00eds tuvo lugar en el mes de julio, lo que excluye naturalmente una lle\u00adgada a Ch\u00e1tillon en cuaresma. La discrepancia no tiene importancia mayor, y tampoco se puede aclarar de modo definitivo. La ventaja de preferir la opini\u00f3n de los vecinos a la de Abelly es que a\u00f1ade tres o cuatro meses m\u00e1s para que pudiera llevar a cabo las muchas cosas que los vecinos dicen que hizo Vicente de Pa\u00fal desde su llegada a Ch\u00e1tillon hasta su vuelta a Par\u00eds a finales del mismo a\u00f1o 1617.<\/p>\n<p>De hecho lo que dicen los vecinos que hizo Vicente de Pa\u00fal en los, a lo m\u00e1s, nueve meses de estancia en Ch\u00e1tillon es de tal importancia que se creen obligados a advertir al lector que ser\u00eda dif\u00edcil creerlo si ellos mismos no lo hubieran visto y o\u00eddo. A\u00f1a\u00adden adem\u00e1s que creen que hay suficientes motivos para canoni\u00adzarle solamente por lo que hizo en Ch\u00e1tillon, y que hablan de \u00e9l como si fuera santo. Todo lo cual sugiere a cualquier lector, con s\u00f3lo que sea un poco cauto, que los seis vecinos firmantes de la investigaci\u00f3n no pudieron disimular que se hab\u00edan dejado llevar en su testimonio por un entusiasmo que les arrastr\u00f3 a exagerar los trazos negros en su descripci\u00f3n del estado lastimoso de la parro\u00adquia de Ch\u00e1tillon a la llegada de Vicente, para as\u00ed poner m\u00e1s f\u00e1cil\u00admente de relieve los m\u00e9ritos de la actuaci\u00f3n del nuevo p\u00e1rroco.<\/p>\n<p>La primera v\u00edctima de ese entusiasmo fue el mismo Abelly en su segunda edici\u00f3n en 1667 de la biograf\u00eda de Vicente de Pa\u00fal. En esa segunda edici\u00f3n el paisaje moral y religioso de la villa a la llegada de Vicente, paisaje que en la primera edici\u00f3n aparece como completamente &#8216;normal&#8217;, se ha ennegrecido de manera muy notable por influencia del testimonio de los seis vecinos de Ch\u00e1tillon, testimonio que sin duda Abelly tuvo en sus manos para preparar la segunda edici\u00f3n. Abelly fue la primera v\u00edctima, pero no la \u00faltima. Todas las biograf\u00edas de san Vicente de Pa\u00fal de alguna importancia, sin excluir la de Coste (aunque \u00e9ste muestra alguna reserva) y las que se inspiran en \u00e9l, han tomado el docu\u00admento de los vecinos como del todo digno de fe y han descrito un estado religioso y social tan negro de la villa de Ch\u00e1tillon a la llegada de Vicente de Pa\u00fal que, como se tem\u00edan los vecinos, hace casi incre\u00edble que Vicente, ni nadie, fuera capaz de hacer en tan poco tiempo tantas cosas como dicen las biograf\u00edas.<\/p>\n<p>Jaime Corera<\/p>\n<p>CEME, 2008<\/p>\n<p>&nbsp;<\/p>\n<p>&nbsp;<\/p>\n<p>&nbsp;<\/p>\n<p>&nbsp;<\/p>\n<p>&nbsp;<\/p>\n","protected":false},"excerpt":{"rendered":"<p>P\u00c1RROCO DE CH\u00c1TILLON El 1 de agosto del a\u00f1o 1617 tomaba posesi\u00f3n de la parroquia de San Mart\u00edn en el poblado de Buenens y, a continuaci\u00f3n, de la iglesia adjunta de San Andr\u00e9s en el &#8230; <a href=\"http:\/\/vincentians.com\/es\/vicente-de-paul-en-chatillon-i\/\" class=\"more-link\">Read More<\/a><\/p>\n","protected":false},"author":5,"featured_media":402733,"comment_status":"open","ping_status":"open","sticky":false,"template":"","format":"standard","meta":{"jetpack_post_was_ever_published":false,"_jetpack_newsletter_access":"","_jetpack_dont_email_post_to_subs":false,"_jetpack_newsletter_tier_id":0,"_jetpack_memberships_contains_paywalled_content":false,"_jetpack_memberships_contains_paid_content":false,"footnotes":"","jetpack_publicize_message":"","jetpack_publicize_feature_enabled":true,"jetpack_social_post_already_shared":true,"jetpack_social_options":{"image_generator_settings":{"template":"highway","default_image_id":0,"font":"","enabled":false},"version":2}},"categories":[17],"tags":[],"class_list":["post-403578","post","type-post","status-publish","format-standard","has-post-thumbnail","hentry","category-en-tiempos-de-vicente-de-paul"],"yoast_head":"<!-- This site is optimized with the Yoast SEO plugin v26.3 - https:\/\/yoast.com\/wordpress\/plugins\/seo\/ -->\n<title>VICENTE DE PA\u00daL EN CHATILLON (I) - Somos Vicencianos<\/title>\n<meta name=\"robots\" content=\"index, follow, max-snippet:-1, max-image-preview:large, max-video-preview:-1\" \/>\n<link rel=\"canonical\" href=\"http:\/\/vincentians.com\/es\/vicente-de-paul-en-chatillon-i\/\" \/>\n<meta property=\"og:locale\" content=\"es_ES\" \/>\n<meta property=\"og:type\" content=\"article\" \/>\n<meta property=\"og:title\" content=\"VICENTE DE PA\u00daL EN CHATILLON (I) - Somos Vicencianos\" \/>\n<meta property=\"og:description\" content=\"P\u00c1RROCO DE CH\u00c1TILLON El 1 de agosto del a\u00f1o 1617 tomaba posesi\u00f3n de la parroquia de San Mart\u00edn en el poblado de Buenens y, a continuaci\u00f3n, de la iglesia adjunta de San Andr\u00e9s en el ... Read More\" \/>\n<meta property=\"og:url\" content=\"http:\/\/vincentians.com\/es\/vicente-de-paul-en-chatillon-i\/\" \/>\n<meta property=\"og:site_name\" content=\"Somos Vicencianos\" \/>\n<meta property=\"article:publisher\" content=\"https:\/\/www.facebook.com\/WeAreVincentians\/\" \/>\n<meta property=\"article:published_time\" content=\"2021-06-26T06:10:39+00:00\" \/>\n<meta property=\"og:image\" content=\"https:\/\/i0.wp.com\/vincentians.com\/es\/wp-content\/uploads\/sites\/11\/2015\/02\/St_Vincent_De_Paul_-bible-1.jpg?fit=1200%2C630\" \/>\n\t<meta property=\"og:image:width\" content=\"1200\" \/>\n\t<meta property=\"og:image:height\" content=\"630\" \/>\n\t<meta property=\"og:image:type\" content=\"image\/jpeg\" \/>\n<meta name=\"author\" content=\"Mitxel Olabu\u00e9naga\" \/>\n<meta name=\"twitter:card\" content=\"summary_large_image\" \/>\n<meta name=\"twitter:creator\" content=\"@WeVincentians\" \/>\n<meta name=\"twitter:site\" content=\"@WeVincentians\" \/>\n<meta name=\"twitter:label1\" content=\"Escrito por\" \/>\n\t<meta name=\"twitter:data1\" content=\"Mitxel Olabu\u00e9naga\" \/>\n\t<meta name=\"twitter:label2\" content=\"Tiempo de lectura\" \/>\n\t<meta name=\"twitter:data2\" content=\"7 minutos\" \/>\n<script type=\"application\/ld+json\" class=\"yoast-schema-graph\">{\"@context\":\"https:\/\/schema.org\",\"@graph\":[{\"@type\":\"Article\",\"@id\":\"http:\/\/vincentians.com\/es\/vicente-de-paul-en-chatillon-i\/#article\",\"isPartOf\":{\"@id\":\"http:\/\/vincentians.com\/es\/vicente-de-paul-en-chatillon-i\/\"},\"author\":{\"name\":\"Mitxel Olabu\u00e9naga\",\"@id\":\"http:\/\/vincentians.com\/es\/#\/schema\/person\/7c2670b4445a7ca9d164ea6acdb31859\"},\"headline\":\"VICENTE DE PA\u00daL EN CHATILLON (I)\",\"datePublished\":\"2021-06-26T06:10:39+00:00\",\"mainEntityOfPage\":{\"@id\":\"http:\/\/vincentians.com\/es\/vicente-de-paul-en-chatillon-i\/\"},\"wordCount\":1467,\"commentCount\":0,\"publisher\":{\"@id\":\"http:\/\/vincentians.com\/es\/#organization\"},\"image\":{\"@id\":\"http:\/\/vincentians.com\/es\/vicente-de-paul-en-chatillon-i\/#primaryimage\"},\"thumbnailUrl\":\"https:\/\/i0.wp.com\/vincentians.com\/es\/wp-content\/uploads\/sites\/11\/2015\/02\/St_Vincent_De_Paul_-bible-1.jpg?fit=1200%2C630\",\"articleSection\":[\"En tiempos de Vicente de Pa\u00fal\"],\"inLanguage\":\"es\",\"potentialAction\":[{\"@type\":\"CommentAction\",\"name\":\"Comment\",\"target\":[\"http:\/\/vincentians.com\/es\/vicente-de-paul-en-chatillon-i\/#respond\"]}]},{\"@type\":\"WebPage\",\"@id\":\"http:\/\/vincentians.com\/es\/vicente-de-paul-en-chatillon-i\/\",\"url\":\"http:\/\/vincentians.com\/es\/vicente-de-paul-en-chatillon-i\/\",\"name\":\"VICENTE DE PA\u00daL EN CHATILLON (I) - Somos Vicencianos\",\"isPartOf\":{\"@id\":\"http:\/\/vincentians.com\/es\/#website\"},\"primaryImageOfPage\":{\"@id\":\"http:\/\/vincentians.com\/es\/vicente-de-paul-en-chatillon-i\/#primaryimage\"},\"image\":{\"@id\":\"http:\/\/vincentians.com\/es\/vicente-de-paul-en-chatillon-i\/#primaryimage\"},\"thumbnailUrl\":\"https:\/\/i0.wp.com\/vincentians.com\/es\/wp-content\/uploads\/sites\/11\/2015\/02\/St_Vincent_De_Paul_-bible-1.jpg?fit=1200%2C630\",\"datePublished\":\"2021-06-26T06:10:39+00:00\",\"breadcrumb\":{\"@id\":\"http:\/\/vincentians.com\/es\/vicente-de-paul-en-chatillon-i\/#breadcrumb\"},\"inLanguage\":\"es\",\"potentialAction\":[{\"@type\":\"ReadAction\",\"target\":[\"http:\/\/vincentians.com\/es\/vicente-de-paul-en-chatillon-i\/\"]}]},{\"@type\":\"ImageObject\",\"inLanguage\":\"es\",\"@id\":\"http:\/\/vincentians.com\/es\/vicente-de-paul-en-chatillon-i\/#primaryimage\",\"url\":\"https:\/\/i0.wp.com\/vincentians.com\/es\/wp-content\/uploads\/sites\/11\/2015\/02\/St_Vincent_De_Paul_-bible-1.jpg?fit=1200%2C630\",\"contentUrl\":\"https:\/\/i0.wp.com\/vincentians.com\/es\/wp-content\/uploads\/sites\/11\/2015\/02\/St_Vincent_De_Paul_-bible-1.jpg?fit=1200%2C630\",\"width\":1200,\"height\":630},{\"@type\":\"BreadcrumbList\",\"@id\":\"http:\/\/vincentians.com\/es\/vicente-de-paul-en-chatillon-i\/#breadcrumb\",\"itemListElement\":[{\"@type\":\"ListItem\",\"position\":1,\"name\":\"Portada\",\"item\":\"http:\/\/vincentians.com\/es\/\"},{\"@type\":\"ListItem\",\"position\":2,\"name\":\"VICENTE DE PA\u00daL EN CHATILLON (I)\"}]},{\"@type\":\"WebSite\",\"@id\":\"http:\/\/vincentians.com\/es\/#website\",\"url\":\"http:\/\/vincentians.com\/es\/\",\"name\":\"Somos Vicencianos\",\"description\":\"Know more to serve more\",\"publisher\":{\"@id\":\"http:\/\/vincentians.com\/es\/#organization\"},\"potentialAction\":[{\"@type\":\"SearchAction\",\"target\":{\"@type\":\"EntryPoint\",\"urlTemplate\":\"http:\/\/vincentians.com\/es\/?s={search_term_string}\"},\"query-input\":{\"@type\":\"PropertyValueSpecification\",\"valueRequired\":true,\"valueName\":\"search_term_string\"}}],\"inLanguage\":\"es\"},{\"@type\":\"Organization\",\"@id\":\"http:\/\/vincentians.com\/es\/#organization\",\"name\":\"The Vincentian Network\",\"url\":\"http:\/\/vincentians.com\/es\/\",\"logo\":{\"@type\":\"ImageObject\",\"inLanguage\":\"es\",\"@id\":\"http:\/\/vincentians.com\/es\/#\/schema\/logo\/image\/\",\"url\":\"https:\/\/i1.wp.com\/vincentians.com\/es\/wp-content\/uploads\/sites\/11\/2016\/06\/Vincentian-Network-logo-big.png?fit=778%2C778\",\"contentUrl\":\"https:\/\/i1.wp.com\/vincentians.com\/es\/wp-content\/uploads\/sites\/11\/2016\/06\/Vincentian-Network-logo-big.png?fit=778%2C778\",\"width\":778,\"height\":778,\"caption\":\"The Vincentian Network\"},\"image\":{\"@id\":\"http:\/\/vincentians.com\/es\/#\/schema\/logo\/image\/\"},\"sameAs\":[\"https:\/\/www.facebook.com\/WeAreVincentians\/\",\"https:\/\/x.com\/WeVincentians\"]},{\"@type\":\"Person\",\"@id\":\"http:\/\/vincentians.com\/es\/#\/schema\/person\/7c2670b4445a7ca9d164ea6acdb31859\",\"name\":\"Mitxel Olabu\u00e9naga\",\"image\":{\"@type\":\"ImageObject\",\"inLanguage\":\"es\",\"@id\":\"http:\/\/vincentians.com\/es\/#\/schema\/person\/image\/\",\"url\":\"https:\/\/secure.gravatar.com\/avatar\/34137ec2e2b8939cbbed975731e71f3f4f1defc7266ded337a5ce0f925426877?s=96&d=mm&r=g\",\"contentUrl\":\"https:\/\/secure.gravatar.com\/avatar\/34137ec2e2b8939cbbed975731e71f3f4f1defc7266ded337a5ce0f925426877?s=96&d=mm&r=g\",\"caption\":\"Mitxel Olabu\u00e9naga\"},\"url\":\"http:\/\/vincentians.com\/es\/author\/mitxel\/\"}]}<\/script>\n<!-- \/ Yoast SEO plugin. -->","yoast_head_json":{"title":"VICENTE DE PA\u00daL EN CHATILLON (I) - Somos Vicencianos","robots":{"index":"index","follow":"follow","max-snippet":"max-snippet:-1","max-image-preview":"max-image-preview:large","max-video-preview":"max-video-preview:-1"},"canonical":"http:\/\/vincentians.com\/es\/vicente-de-paul-en-chatillon-i\/","og_locale":"es_ES","og_type":"article","og_title":"VICENTE DE PA\u00daL EN CHATILLON (I) - Somos Vicencianos","og_description":"P\u00c1RROCO DE CH\u00c1TILLON El 1 de agosto del a\u00f1o 1617 tomaba posesi\u00f3n de la parroquia de San Mart\u00edn en el poblado de Buenens y, a continuaci\u00f3n, de la iglesia adjunta de San Andr\u00e9s en el ... Read More","og_url":"http:\/\/vincentians.com\/es\/vicente-de-paul-en-chatillon-i\/","og_site_name":"Somos Vicencianos","article_publisher":"https:\/\/www.facebook.com\/WeAreVincentians\/","article_published_time":"2021-06-26T06:10:39+00:00","og_image":[{"width":1200,"height":630,"url":"https:\/\/i0.wp.com\/vincentians.com\/es\/wp-content\/uploads\/sites\/11\/2015\/02\/St_Vincent_De_Paul_-bible-1.jpg?fit=1200%2C630","type":"image\/jpeg"}],"author":"Mitxel Olabu\u00e9naga","twitter_card":"summary_large_image","twitter_creator":"@WeVincentians","twitter_site":"@WeVincentians","twitter_misc":{"Escrito por":"Mitxel Olabu\u00e9naga","Tiempo de lectura":"7 minutos"},"schema":{"@context":"https:\/\/schema.org","@graph":[{"@type":"Article","@id":"http:\/\/vincentians.com\/es\/vicente-de-paul-en-chatillon-i\/#article","isPartOf":{"@id":"http:\/\/vincentians.com\/es\/vicente-de-paul-en-chatillon-i\/"},"author":{"name":"Mitxel Olabu\u00e9naga","@id":"http:\/\/vincentians.com\/es\/#\/schema\/person\/7c2670b4445a7ca9d164ea6acdb31859"},"headline":"VICENTE DE PA\u00daL EN CHATILLON (I)","datePublished":"2021-06-26T06:10:39+00:00","mainEntityOfPage":{"@id":"http:\/\/vincentians.com\/es\/vicente-de-paul-en-chatillon-i\/"},"wordCount":1467,"commentCount":0,"publisher":{"@id":"http:\/\/vincentians.com\/es\/#organization"},"image":{"@id":"http:\/\/vincentians.com\/es\/vicente-de-paul-en-chatillon-i\/#primaryimage"},"thumbnailUrl":"https:\/\/i0.wp.com\/vincentians.com\/es\/wp-content\/uploads\/sites\/11\/2015\/02\/St_Vincent_De_Paul_-bible-1.jpg?fit=1200%2C630","articleSection":["En tiempos de Vicente de Pa\u00fal"],"inLanguage":"es","potentialAction":[{"@type":"CommentAction","name":"Comment","target":["http:\/\/vincentians.com\/es\/vicente-de-paul-en-chatillon-i\/#respond"]}]},{"@type":"WebPage","@id":"http:\/\/vincentians.com\/es\/vicente-de-paul-en-chatillon-i\/","url":"http:\/\/vincentians.com\/es\/vicente-de-paul-en-chatillon-i\/","name":"VICENTE DE PA\u00daL EN CHATILLON (I) - Somos Vicencianos","isPartOf":{"@id":"http:\/\/vincentians.com\/es\/#website"},"primaryImageOfPage":{"@id":"http:\/\/vincentians.com\/es\/vicente-de-paul-en-chatillon-i\/#primaryimage"},"image":{"@id":"http:\/\/vincentians.com\/es\/vicente-de-paul-en-chatillon-i\/#primaryimage"},"thumbnailUrl":"https:\/\/i0.wp.com\/vincentians.com\/es\/wp-content\/uploads\/sites\/11\/2015\/02\/St_Vincent_De_Paul_-bible-1.jpg?fit=1200%2C630","datePublished":"2021-06-26T06:10:39+00:00","breadcrumb":{"@id":"http:\/\/vincentians.com\/es\/vicente-de-paul-en-chatillon-i\/#breadcrumb"},"inLanguage":"es","potentialAction":[{"@type":"ReadAction","target":["http:\/\/vincentians.com\/es\/vicente-de-paul-en-chatillon-i\/"]}]},{"@type":"ImageObject","inLanguage":"es","@id":"http:\/\/vincentians.com\/es\/vicente-de-paul-en-chatillon-i\/#primaryimage","url":"https:\/\/i0.wp.com\/vincentians.com\/es\/wp-content\/uploads\/sites\/11\/2015\/02\/St_Vincent_De_Paul_-bible-1.jpg?fit=1200%2C630","contentUrl":"https:\/\/i0.wp.com\/vincentians.com\/es\/wp-content\/uploads\/sites\/11\/2015\/02\/St_Vincent_De_Paul_-bible-1.jpg?fit=1200%2C630","width":1200,"height":630},{"@type":"BreadcrumbList","@id":"http:\/\/vincentians.com\/es\/vicente-de-paul-en-chatillon-i\/#breadcrumb","itemListElement":[{"@type":"ListItem","position":1,"name":"Portada","item":"http:\/\/vincentians.com\/es\/"},{"@type":"ListItem","position":2,"name":"VICENTE DE PA\u00daL EN CHATILLON (I)"}]},{"@type":"WebSite","@id":"http:\/\/vincentians.com\/es\/#website","url":"http:\/\/vincentians.com\/es\/","name":"Somos Vicencianos","description":"Know more to serve more","publisher":{"@id":"http:\/\/vincentians.com\/es\/#organization"},"potentialAction":[{"@type":"SearchAction","target":{"@type":"EntryPoint","urlTemplate":"http:\/\/vincentians.com\/es\/?s={search_term_string}"},"query-input":{"@type":"PropertyValueSpecification","valueRequired":true,"valueName":"search_term_string"}}],"inLanguage":"es"},{"@type":"Organization","@id":"http:\/\/vincentians.com\/es\/#organization","name":"The Vincentian Network","url":"http:\/\/vincentians.com\/es\/","logo":{"@type":"ImageObject","inLanguage":"es","@id":"http:\/\/vincentians.com\/es\/#\/schema\/logo\/image\/","url":"https:\/\/i1.wp.com\/vincentians.com\/es\/wp-content\/uploads\/sites\/11\/2016\/06\/Vincentian-Network-logo-big.png?fit=778%2C778","contentUrl":"https:\/\/i1.wp.com\/vincentians.com\/es\/wp-content\/uploads\/sites\/11\/2016\/06\/Vincentian-Network-logo-big.png?fit=778%2C778","width":778,"height":778,"caption":"The Vincentian Network"},"image":{"@id":"http:\/\/vincentians.com\/es\/#\/schema\/logo\/image\/"},"sameAs":["https:\/\/www.facebook.com\/WeAreVincentians\/","https:\/\/x.com\/WeVincentians"]},{"@type":"Person","@id":"http:\/\/vincentians.com\/es\/#\/schema\/person\/7c2670b4445a7ca9d164ea6acdb31859","name":"Mitxel Olabu\u00e9naga","image":{"@type":"ImageObject","inLanguage":"es","@id":"http:\/\/vincentians.com\/es\/#\/schema\/person\/image\/","url":"https:\/\/secure.gravatar.com\/avatar\/34137ec2e2b8939cbbed975731e71f3f4f1defc7266ded337a5ce0f925426877?s=96&d=mm&r=g","contentUrl":"https:\/\/secure.gravatar.com\/avatar\/34137ec2e2b8939cbbed975731e71f3f4f1defc7266ded337a5ce0f925426877?s=96&d=mm&r=g","caption":"Mitxel Olabu\u00e9naga"},"url":"http:\/\/vincentians.com\/es\/author\/mitxel\/"}]}},"jetpack_publicize_connections":[],"jetpack_featured_media_url":"https:\/\/i0.wp.com\/vincentians.com\/es\/wp-content\/uploads\/sites\/11\/2015\/02\/St_Vincent_De_Paul_-bible-1.jpg?fit=1200%2C630","jetpack_sharing_enabled":true,"jetpack_shortlink":"https:\/\/wp.me\/p7ETMF-1GZk","jetpack-related-posts":[{"id":400145,"url":"http:\/\/vincentians.com\/es\/vicente-paul-chatillon-nacimiento-una-nueva-vision-espiritual\/","url_meta":{"origin":403578,"position":0},"title":"Vicente de Pa\u00fal en Ch\u00e2tillon: el nacimiento de una nueva visi\u00f3n espiritual","author":"Francisco Javier Fern\u00e1ndez Chento","date":"24\/10\/2016","format":false,"excerpt":"P\u00e1rroco de Ch\u00e2tillon El 1 de agosto del a\u00f1o 1617 tomaba posesi\u00f3n de la parroquia de San Mart\u00edn en el poblado de Buenens y, a continuaci\u00f3n, de la iglesia adjunta de San Andr\u00e9s en el poblado de Ch\u00e1tillon-les-Dombes, Vicente de Pa\u00fal, un sacerdote de 37 a\u00f1os venido de Par\u00eds,. La\u2026","rel":"","context":"En \u00abFormaci\u00f3n Vicenciana\u00bb","block_context":{"text":"Formaci\u00f3n Vicenciana","link":"http:\/\/vincentians.com\/es\/category\/formacion-vicenciana\/"},"img":{"alt_text":"","src":"https:\/\/i0.wp.com\/vincentians.com\/es\/wp-content\/uploads\/sites\/11\/2016\/10\/chatillon_sur_chalaronne.jpg?fit=1200%2C630&resize=350%2C200","width":350,"height":200,"srcset":"https:\/\/i0.wp.com\/vincentians.com\/es\/wp-content\/uploads\/sites\/11\/2016\/10\/chatillon_sur_chalaronne.jpg?fit=1200%2C630&resize=350%2C200 1x, https:\/\/i0.wp.com\/vincentians.com\/es\/wp-content\/uploads\/sites\/11\/2016\/10\/chatillon_sur_chalaronne.jpg?fit=1200%2C630&resize=525%2C300 1.5x, https:\/\/i0.wp.com\/vincentians.com\/es\/wp-content\/uploads\/sites\/11\/2016\/10\/chatillon_sur_chalaronne.jpg?fit=1200%2C630&resize=700%2C400 2x, https:\/\/i0.wp.com\/vincentians.com\/es\/wp-content\/uploads\/sites\/11\/2016\/10\/chatillon_sur_chalaronne.jpg?fit=1200%2C630&resize=1050%2C600 3x"},"classes":[]},{"id":101423,"url":"http:\/\/vincentians.com\/es\/vida-del-senor-vicente-de-paul-capitulo-3-2\/","url_meta":{"origin":403578,"position":1},"title":"Vida del Se\u00f1or Vicente de Pa\u00fal: Cap\u00edtulo 3","author":"Francisco Javier Fern\u00e1ndez Chento","date":"14\/05\/2015","format":false,"excerpt":"3 No sepult\u00f3 su vida para siempre en Chatillon el se\u00f1or Vicente. Esa era su intenci\u00f3n, pero con frecuencia el hombre propone y la mujer dispone. Vicente debi\u00f3 de llegar a Chatillon en marzo o abril de 1617. Para Navidad del mismo a\u00f1o estaba de vuelta en casa de los\u2026","rel":"","context":"En \u00abVicente de Pa\u00fal\u00bb","block_context":{"text":"Vicente de Pa\u00fal","link":"http:\/\/vincentians.com\/es\/category\/la-familia-vicenciana\/fundadores\/vicente-de-paul\/"},"img":{"alt_text":"sanvibiblia","src":"https:\/\/i0.wp.com\/vicencianos.org\/wp-content\/2012\/08\/sanvibiblia-300x300.png?resize=350%2C200","width":350,"height":200},"classes":[]},{"id":399679,"url":"http:\/\/vincentians.com\/es\/origen-las-cofradias-asociaciones-caridad\/","url_meta":{"origin":403578,"position":2},"title":"El origen de las Cofrad\u00edas o Asociaciones de Caridad","author":"Francisco Javier Fern\u00e1ndez Chento","date":"21\/08\/2016","format":false,"excerpt":"En agosto de 1617, Vicente de Pa\u00fal, con unos 37 a\u00f1os de edad, inici\u00f3 todo un movimiento que llega hasta nuestros d\u00edas. Habiendo sido nombrado p\u00e1rroco de Chatillon les Dombes (actualmente Chatillon sur Chalaronne) el 1\u00ba de agosto de este a\u00f1o, llega a su nueva parroquia que cuenta con 2.000\u2026","rel":"","context":"En \u00abEn tiempos de Vicente de Pa\u00fal\u00bb","block_context":{"text":"En tiempos de Vicente de Pa\u00fal","link":"http:\/\/vincentians.com\/es\/category\/historia-de-la-familia-vicenciana\/en-tiempos-de-vicente-de-paul\/"},"img":{"alt_text":"","src":"https:\/\/i0.wp.com\/vincentians.com\/es\/wp-content\/uploads\/sites\/11\/2016\/08\/cofradias-de-caridad.jpg?fit=1200%2C630&resize=350%2C200","width":350,"height":200,"srcset":"https:\/\/i0.wp.com\/vincentians.com\/es\/wp-content\/uploads\/sites\/11\/2016\/08\/cofradias-de-caridad.jpg?fit=1200%2C630&resize=350%2C200 1x, https:\/\/i0.wp.com\/vincentians.com\/es\/wp-content\/uploads\/sites\/11\/2016\/08\/cofradias-de-caridad.jpg?fit=1200%2C630&resize=525%2C300 1.5x, https:\/\/i0.wp.com\/vincentians.com\/es\/wp-content\/uploads\/sites\/11\/2016\/08\/cofradias-de-caridad.jpg?fit=1200%2C630&resize=700%2C400 2x, https:\/\/i0.wp.com\/vincentians.com\/es\/wp-content\/uploads\/sites\/11\/2016\/08\/cofradias-de-caridad.jpg?fit=1200%2C630&resize=1050%2C600 3x"},"classes":[]},{"id":124193,"url":"http:\/\/vincentians.com\/es\/vicente-de-paul-la-fe-del-hombre-maduro\/","url_meta":{"origin":403578,"position":3},"title":"Vicente de Pa\u00fal: La Fe de un hombre maduro","author":"Francisco Javier Fern\u00e1ndez Chento","date":"23\/02\/2023","format":false,"excerpt":"UN NOVICIADO Cuando Vicente lleg\u00f3 a Par\u00eds empez\u00f3 a ocuparse de su vida espiritual. Comprendi\u00f3 que aunque no hab\u00eda sido malo, hab\u00eda v\u00edvido su vida a lo mundano prestando poca atenci\u00f3n a su fe. Al iniciar su peregrinaci\u00f3n a Roma, un a\u00f1o despu\u00e9s de su ordenaci\u00f3n, se hab\u00eda dado cuenta\u2026","rel":"","context":"En \u00abVicente de Pa\u00fal\u00bb","block_context":{"text":"Vicente de Pa\u00fal","link":"http:\/\/vincentians.com\/es\/category\/la-familia-vicenciana\/fundadores\/vicente-de-paul\/"},"img":{"alt_text":"","src":"https:\/\/i0.wp.com\/vincentians.com\/es\/wp-content\/uploads\/sites\/11\/2015\/02\/St_Vincent_De_Paul_-bible-1.jpg?fit=1200%2C630&resize=350%2C200","width":350,"height":200,"srcset":"https:\/\/i0.wp.com\/vincentians.com\/es\/wp-content\/uploads\/sites\/11\/2015\/02\/St_Vincent_De_Paul_-bible-1.jpg?fit=1200%2C630&resize=350%2C200 1x, https:\/\/i0.wp.com\/vincentians.com\/es\/wp-content\/uploads\/sites\/11\/2015\/02\/St_Vincent_De_Paul_-bible-1.jpg?fit=1200%2C630&resize=525%2C300 1.5x, https:\/\/i0.wp.com\/vincentians.com\/es\/wp-content\/uploads\/sites\/11\/2015\/02\/St_Vincent_De_Paul_-bible-1.jpg?fit=1200%2C630&resize=700%2C400 2x, https:\/\/i0.wp.com\/vincentians.com\/es\/wp-content\/uploads\/sites\/11\/2015\/02\/St_Vincent_De_Paul_-bible-1.jpg?fit=1200%2C630&resize=1050%2C600 3x"},"classes":[]},{"id":3663,"url":"http:\/\/vincentians.com\/es\/vicente-de-paul-documento-025-toma-de-posesion-de-la-parroquia-de-chatillon-por-luis-girard\/","url_meta":{"origin":403578,"position":4},"title":"Vicente de Pa\u00fal, Documento 025: Toma De Posesi\u00f3n De La Parroquia De Chatillon Por Luis Girard","author":"Francisco Javier Fern\u00e1ndez Chento","date":"02\/01\/2010","format":false,"excerpt":"18 julio 1618 Sea p\u00fablico para todos que el dieciocho de julio por la ma\u00f1ana del a\u00f1o 1618, ante mi el abajo firmante, notario real, y en presencia de los testigos que abajo firman, se present\u00f3 ante la puerta mayor de la iglesia parroquial de Buenens, fundada bajo la advocaci\u00f3n\u2026","rel":"","context":"En \u00abEscritos de Vicente de Pa\u00fal\u00bb","block_context":{"text":"Escritos de Vicente de Pa\u00fal","link":"http:\/\/vincentians.com\/es\/category\/escritos\/escritos-de-vicente-de-paul\/"},"img":{"alt_text":"","src":"https:\/\/i0.wp.com\/vincentians.com\/es\/wp-content\/uploads\/sites\/11\/2016\/07\/escritos-vicente-de-paul.jpg?fit=1200%2C630&resize=350%2C200","width":350,"height":200,"srcset":"https:\/\/i0.wp.com\/vincentians.com\/es\/wp-content\/uploads\/sites\/11\/2016\/07\/escritos-vicente-de-paul.jpg?fit=1200%2C630&resize=350%2C200 1x, https:\/\/i0.wp.com\/vincentians.com\/es\/wp-content\/uploads\/sites\/11\/2016\/07\/escritos-vicente-de-paul.jpg?fit=1200%2C630&resize=525%2C300 1.5x, https:\/\/i0.wp.com\/vincentians.com\/es\/wp-content\/uploads\/sites\/11\/2016\/07\/escritos-vicente-de-paul.jpg?fit=1200%2C630&resize=700%2C400 2x, https:\/\/i0.wp.com\/vincentians.com\/es\/wp-content\/uploads\/sites\/11\/2016\/07\/escritos-vicente-de-paul.jpg?fit=1200%2C630&resize=1050%2C600 3x"},"classes":[]},{"id":387854,"url":"http:\/\/vincentians.com\/es\/san-vicente-amigo-de-los-pobres-anos-de-busqueda-1613-1617\/","url_meta":{"origin":403578,"position":5},"title":"San Vicente: Amigo de los pobres: a\u00f1os de b\u00fasqueda (1613-1617)","author":"Mitxel Olabu\u00e9naga","date":"12\/10\/2016","format":false,"excerpt":"El se\u00f1or Vicente abandona Clichy El pueblo de Clichy guard\u00f3 siempre un grato recuerdo del mejor de sus p\u00e1rrocos. Pero, cuando m\u00e1s entusiasmado estaba \u00e9ste en sus proyectos, le lleg\u00f3 una carta de Berulle: Deb\u00eda cam\u00adbiar sus actividades. El director espiritual le ped\u00eda que volviera a Par\u00eds. Argumenta\u00adba que ser\u00eda\u2026","rel":"","context":"En \u00abFormaci\u00f3n Vicenciana\u00bb","block_context":{"text":"Formaci\u00f3n Vicenciana","link":"http:\/\/vincentians.com\/es\/category\/formacion-vicenciana\/"},"img":{"alt_text":"","src":"https:\/\/i0.wp.com\/vincentians.com\/es\/wp-content\/uploads\/sites\/11\/2016\/07\/st-vincent-de-paul.jpg?fit=1200%2C630&resize=350%2C200","width":350,"height":200,"srcset":"https:\/\/i0.wp.com\/vincentians.com\/es\/wp-content\/uploads\/sites\/11\/2016\/07\/st-vincent-de-paul.jpg?fit=1200%2C630&resize=350%2C200 1x, https:\/\/i0.wp.com\/vincentians.com\/es\/wp-content\/uploads\/sites\/11\/2016\/07\/st-vincent-de-paul.jpg?fit=1200%2C630&resize=525%2C300 1.5x, https:\/\/i0.wp.com\/vincentians.com\/es\/wp-content\/uploads\/sites\/11\/2016\/07\/st-vincent-de-paul.jpg?fit=1200%2C630&resize=700%2C400 2x, https:\/\/i0.wp.com\/vincentians.com\/es\/wp-content\/uploads\/sites\/11\/2016\/07\/st-vincent-de-paul.jpg?fit=1200%2C630&resize=1050%2C600 3x"},"classes":[]}],"_links":{"self":[{"href":"http:\/\/vincentians.com\/es\/wp-json\/wp\/v2\/posts\/403578","targetHints":{"allow":["GET"]}}],"collection":[{"href":"http:\/\/vincentians.com\/es\/wp-json\/wp\/v2\/posts"}],"about":[{"href":"http:\/\/vincentians.com\/es\/wp-json\/wp\/v2\/types\/post"}],"author":[{"embeddable":true,"href":"http:\/\/vincentians.com\/es\/wp-json\/wp\/v2\/users\/5"}],"replies":[{"embeddable":true,"href":"http:\/\/vincentians.com\/es\/wp-json\/wp\/v2\/comments?post=403578"}],"version-history":[{"count":1,"href":"http:\/\/vincentians.com\/es\/wp-json\/wp\/v2\/posts\/403578\/revisions"}],"predecessor-version":[{"id":403579,"href":"http:\/\/vincentians.com\/es\/wp-json\/wp\/v2\/posts\/403578\/revisions\/403579"}],"wp:featuredmedia":[{"embeddable":true,"href":"http:\/\/vincentians.com\/es\/wp-json\/wp\/v2\/media\/402733"}],"wp:attachment":[{"href":"http:\/\/vincentians.com\/es\/wp-json\/wp\/v2\/media?parent=403578"}],"wp:term":[{"taxonomy":"category","embeddable":true,"href":"http:\/\/vincentians.com\/es\/wp-json\/wp\/v2\/categories?post=403578"},{"taxonomy":"post_tag","embeddable":true,"href":"http:\/\/vincentians.com\/es\/wp-json\/wp\/v2\/tags?post=403578"}],"curies":[{"name":"wp","href":"https:\/\/api.w.org\/{rel}","templated":true}]}}