{"id":403560,"date":"2021-06-07T07:57:41","date_gmt":"2021-06-07T05:57:41","guid":{"rendered":"http:\/\/vincentians.com\/es\/?p=403560"},"modified":"2021-05-15T17:58:46","modified_gmt":"2021-05-15T15:58:46","slug":"la-cofradia-de-la-caridad-xii","status":"publish","type":"post","link":"http:\/\/vincentians.com\/es\/la-cofradia-de-la-caridad-xii\/","title":{"rendered":"LA COFRAD\u00cdA DE LA CARIDAD (XII)"},"content":{"rendered":"<p>LA FORMACI\u00d3N PERMANENTE: LECTURA DE BUENOS LIBROS ESPIRITUALES Y DE AH\u00cd TAMBI\u00c9N LA IMPORTANCIA DE LA FORMACI\u00d3N<\/p>\n<p>El Reglamento prev\u00e9 una reuni\u00f3n mensual y, para las que saben leer, lectura espiritual diaria. \u00bfPor qu\u00e9? \u00a1Para que est\u00e9n en situaci\u00f3n de instruir a los pobres! Quien no percibe esta plenitud dimensional de san Vicente, infiere a \u00e9ste una grave mutilaci\u00f3n, y le relega a la placa de los \u00abBienhechores de la Humanidad\u00bb.<\/p>\n<p>\u00abLas que sepan leer leer\u00e1n todos los d\u00edas pausada y atenta\u00admente un cap\u00edtulo del libro del se\u00f1or obispo de Ginebra titulado <em>Introducci\u00f3n a la vida devota <\/em>y elevar\u00e1n de vez en cuando su esp\u00edritu a Dios, antes de esta lectura implorar\u00e1n su gran miseri\u00adcordia para sacar fruto de su amor en este devoto ejercicio\u00bb<sup>59<\/sup>.<\/p>\n<p>\u00bfNo encontramos aqu\u00ed una semilla, aunque min\u00fascula, de lo que hoy llamamos formaci\u00f3n permanente?<\/p>\n<p>Jos\u00e9 Manuel S\u00e1nchez Mallo<\/p>\n<p>CEME, 2008<\/p>\n<p>&nbsp;<\/p>\n","protected":false},"excerpt":{"rendered":"<p>LA FORMACI\u00d3N PERMANENTE: LECTURA DE BUENOS LIBROS ESPIRITUALES Y DE AH\u00cd TAMBI\u00c9N LA IMPORTANCIA DE LA FORMACI\u00d3N El Reglamento prev\u00e9 una reuni\u00f3n mensual y, para las que saben leer, lectura espiritual diaria. \u00bfPor qu\u00e9? \u00a1Para &#8230; <a href=\"http:\/\/vincentians.com\/es\/la-cofradia-de-la-caridad-xii\/\" class=\"more-link\">Read More<\/a><\/p>\n","protected":false},"author":5,"featured_media":399748,"comment_status":"open","ping_status":"open","sticky":false,"template":"","format":"standard","meta":{"jetpack_post_was_ever_published":false,"_jetpack_newsletter_access":"","_jetpack_dont_email_post_to_subs":false,"_jetpack_newsletter_tier_id":0,"_jetpack_memberships_contains_paywalled_content":false,"_jetpack_memberships_contains_paid_content":false,"footnotes":"","jetpack_publicize_message":"","jetpack_publicize_feature_enabled":true,"jetpack_social_post_already_shared":true,"jetpack_social_options":{"image_generator_settings":{"template":"highway","default_image_id":0,"font":"","enabled":false},"version":2}},"categories":[307],"tags":[],"class_list":["post-403560","post","type-post","status-publish","format-standard","has-post-thumbnail","hentry","category-formacion-vicenciana-sin-categorizar"],"yoast_head":"<!-- This site is optimized with the Yoast SEO plugin v26.3 - https:\/\/yoast.com\/wordpress\/plugins\/seo\/ -->\n<title>LA COFRAD\u00cdA DE LA CARIDAD (XII) - Somos Vicencianos<\/title>\n<meta name=\"robots\" content=\"index, follow, max-snippet:-1, max-image-preview:large, max-video-preview:-1\" \/>\n<link rel=\"canonical\" href=\"https:\/\/vincentians.com\/es\/la-cofradia-de-la-caridad-xii\/\" \/>\n<meta property=\"og:locale\" content=\"es_ES\" \/>\n<meta property=\"og:type\" content=\"article\" \/>\n<meta property=\"og:title\" content=\"LA COFRAD\u00cdA DE LA CARIDAD (XII) - Somos Vicencianos\" \/>\n<meta property=\"og:description\" content=\"LA FORMACI\u00d3N PERMANENTE: LECTURA DE BUENOS LIBROS ESPIRITUALES Y DE AH\u00cd TAMBI\u00c9N LA IMPORTANCIA DE LA FORMACI\u00d3N El Reglamento prev\u00e9 una reuni\u00f3n mensual y, para las que saben leer, lectura espiritual diaria. \u00bfPor qu\u00e9? \u00a1Para ... Read More\" \/>\n<meta property=\"og:url\" content=\"https:\/\/vincentians.com\/es\/la-cofradia-de-la-caridad-xii\/\" \/>\n<meta property=\"og:site_name\" content=\"Somos Vicencianos\" \/>\n<meta property=\"article:publisher\" content=\"https:\/\/www.facebook.com\/WeAreVincentians\/\" \/>\n<meta property=\"article:published_time\" content=\"2021-06-07T05:57:41+00:00\" \/>\n<meta property=\"og:image\" content=\"https:\/\/i0.wp.com\/vincentians.com\/es\/wp-content\/uploads\/sites\/11\/2016\/08\/con-damas-de-la-caridad.jpg?fit=1200%2C630&ssl=1\" \/>\n\t<meta property=\"og:image:width\" content=\"1200\" \/>\n\t<meta property=\"og:image:height\" content=\"630\" \/>\n\t<meta property=\"og:image:type\" content=\"image\/jpeg\" \/>\n<meta name=\"author\" content=\"Mitxel Olabu\u00e9naga\" \/>\n<meta name=\"twitter:card\" content=\"summary_large_image\" \/>\n<meta name=\"twitter:creator\" content=\"@WeVincentians\" \/>\n<meta name=\"twitter:site\" content=\"@WeVincentians\" \/>\n<meta name=\"twitter:label1\" content=\"Escrito por\" \/>\n\t<meta name=\"twitter:data1\" content=\"Mitxel Olabu\u00e9naga\" \/>\n\t<meta name=\"twitter:label2\" content=\"Tiempo de lectura\" \/>\n\t<meta name=\"twitter:data2\" content=\"1 minuto\" \/>\n<script type=\"application\/ld+json\" class=\"yoast-schema-graph\">{\"@context\":\"https:\/\/schema.org\",\"@graph\":[{\"@type\":\"Article\",\"@id\":\"https:\/\/vincentians.com\/es\/la-cofradia-de-la-caridad-xii\/#article\",\"isPartOf\":{\"@id\":\"https:\/\/vincentians.com\/es\/la-cofradia-de-la-caridad-xii\/\"},\"author\":{\"name\":\"Mitxel Olabu\u00e9naga\",\"@id\":\"http:\/\/vincentians.com\/es\/#\/schema\/person\/7c2670b4445a7ca9d164ea6acdb31859\"},\"headline\":\"LA COFRAD\u00cdA DE LA CARIDAD (XII)\",\"datePublished\":\"2021-06-07T05:57:41+00:00\",\"mainEntityOfPage\":{\"@id\":\"https:\/\/vincentians.com\/es\/la-cofradia-de-la-caridad-xii\/\"},\"wordCount\":172,\"commentCount\":0,\"publisher\":{\"@id\":\"http:\/\/vincentians.com\/es\/#organization\"},\"image\":{\"@id\":\"https:\/\/vincentians.com\/es\/la-cofradia-de-la-caridad-xii\/#primaryimage\"},\"thumbnailUrl\":\"https:\/\/i0.wp.com\/vincentians.com\/es\/wp-content\/uploads\/sites\/11\/2016\/08\/con-damas-de-la-caridad.jpg?fit=1200%2C630\",\"articleSection\":[\"Formaci\u00f3n Vicenciana sin categorizar\"],\"inLanguage\":\"es\",\"potentialAction\":[{\"@type\":\"CommentAction\",\"name\":\"Comment\",\"target\":[\"https:\/\/vincentians.com\/es\/la-cofradia-de-la-caridad-xii\/#respond\"]}]},{\"@type\":\"WebPage\",\"@id\":\"https:\/\/vincentians.com\/es\/la-cofradia-de-la-caridad-xii\/\",\"url\":\"https:\/\/vincentians.com\/es\/la-cofradia-de-la-caridad-xii\/\",\"name\":\"LA COFRAD\u00cdA DE LA CARIDAD (XII) - Somos Vicencianos\",\"isPartOf\":{\"@id\":\"http:\/\/vincentians.com\/es\/#website\"},\"primaryImageOfPage\":{\"@id\":\"https:\/\/vincentians.com\/es\/la-cofradia-de-la-caridad-xii\/#primaryimage\"},\"image\":{\"@id\":\"https:\/\/vincentians.com\/es\/la-cofradia-de-la-caridad-xii\/#primaryimage\"},\"thumbnailUrl\":\"https:\/\/i0.wp.com\/vincentians.com\/es\/wp-content\/uploads\/sites\/11\/2016\/08\/con-damas-de-la-caridad.jpg?fit=1200%2C630\",\"datePublished\":\"2021-06-07T05:57:41+00:00\",\"breadcrumb\":{\"@id\":\"https:\/\/vincentians.com\/es\/la-cofradia-de-la-caridad-xii\/#breadcrumb\"},\"inLanguage\":\"es\",\"potentialAction\":[{\"@type\":\"ReadAction\",\"target\":[\"https:\/\/vincentians.com\/es\/la-cofradia-de-la-caridad-xii\/\"]}]},{\"@type\":\"ImageObject\",\"inLanguage\":\"es\",\"@id\":\"https:\/\/vincentians.com\/es\/la-cofradia-de-la-caridad-xii\/#primaryimage\",\"url\":\"https:\/\/i0.wp.com\/vincentians.com\/es\/wp-content\/uploads\/sites\/11\/2016\/08\/con-damas-de-la-caridad.jpg?fit=1200%2C630\",\"contentUrl\":\"https:\/\/i0.wp.com\/vincentians.com\/es\/wp-content\/uploads\/sites\/11\/2016\/08\/con-damas-de-la-caridad.jpg?fit=1200%2C630\",\"width\":1200,\"height\":630},{\"@type\":\"BreadcrumbList\",\"@id\":\"https:\/\/vincentians.com\/es\/la-cofradia-de-la-caridad-xii\/#breadcrumb\",\"itemListElement\":[{\"@type\":\"ListItem\",\"position\":1,\"name\":\"Portada\",\"item\":\"http:\/\/vincentians.com\/es\/\"},{\"@type\":\"ListItem\",\"position\":2,\"name\":\"LA COFRAD\u00cdA DE LA CARIDAD (XII)\"}]},{\"@type\":\"WebSite\",\"@id\":\"http:\/\/vincentians.com\/es\/#website\",\"url\":\"http:\/\/vincentians.com\/es\/\",\"name\":\"Somos Vicencianos\",\"description\":\"Know more to serve more\",\"publisher\":{\"@id\":\"http:\/\/vincentians.com\/es\/#organization\"},\"potentialAction\":[{\"@type\":\"SearchAction\",\"target\":{\"@type\":\"EntryPoint\",\"urlTemplate\":\"http:\/\/vincentians.com\/es\/?s={search_term_string}\"},\"query-input\":{\"@type\":\"PropertyValueSpecification\",\"valueRequired\":true,\"valueName\":\"search_term_string\"}}],\"inLanguage\":\"es\"},{\"@type\":\"Organization\",\"@id\":\"http:\/\/vincentians.com\/es\/#organization\",\"name\":\"The Vincentian Network\",\"url\":\"http:\/\/vincentians.com\/es\/\",\"logo\":{\"@type\":\"ImageObject\",\"inLanguage\":\"es\",\"@id\":\"http:\/\/vincentians.com\/es\/#\/schema\/logo\/image\/\",\"url\":\"https:\/\/i1.wp.com\/vincentians.com\/es\/wp-content\/uploads\/sites\/11\/2016\/06\/Vincentian-Network-logo-big.png?fit=778%2C778\",\"contentUrl\":\"https:\/\/i1.wp.com\/vincentians.com\/es\/wp-content\/uploads\/sites\/11\/2016\/06\/Vincentian-Network-logo-big.png?fit=778%2C778\",\"width\":778,\"height\":778,\"caption\":\"The Vincentian Network\"},\"image\":{\"@id\":\"http:\/\/vincentians.com\/es\/#\/schema\/logo\/image\/\"},\"sameAs\":[\"https:\/\/www.facebook.com\/WeAreVincentians\/\",\"https:\/\/x.com\/WeVincentians\"]},{\"@type\":\"Person\",\"@id\":\"http:\/\/vincentians.com\/es\/#\/schema\/person\/7c2670b4445a7ca9d164ea6acdb31859\",\"name\":\"Mitxel Olabu\u00e9naga\",\"image\":{\"@type\":\"ImageObject\",\"inLanguage\":\"es\",\"@id\":\"http:\/\/vincentians.com\/es\/#\/schema\/person\/image\/\",\"url\":\"https:\/\/secure.gravatar.com\/avatar\/34137ec2e2b8939cbbed975731e71f3f4f1defc7266ded337a5ce0f925426877?s=96&d=mm&r=g\",\"contentUrl\":\"https:\/\/secure.gravatar.com\/avatar\/34137ec2e2b8939cbbed975731e71f3f4f1defc7266ded337a5ce0f925426877?s=96&d=mm&r=g\",\"caption\":\"Mitxel Olabu\u00e9naga\"},\"url\":\"http:\/\/vincentians.com\/es\/author\/mitxel\/\"}]}<\/script>\n<!-- \/ Yoast SEO plugin. -->","yoast_head_json":{"title":"LA COFRAD\u00cdA DE LA CARIDAD (XII) - Somos Vicencianos","robots":{"index":"index","follow":"follow","max-snippet":"max-snippet:-1","max-image-preview":"max-image-preview:large","max-video-preview":"max-video-preview:-1"},"canonical":"https:\/\/vincentians.com\/es\/la-cofradia-de-la-caridad-xii\/","og_locale":"es_ES","og_type":"article","og_title":"LA COFRAD\u00cdA DE LA CARIDAD (XII) - Somos Vicencianos","og_description":"LA FORMACI\u00d3N PERMANENTE: LECTURA DE BUENOS LIBROS ESPIRITUALES Y DE AH\u00cd TAMBI\u00c9N LA IMPORTANCIA DE LA FORMACI\u00d3N El Reglamento prev\u00e9 una reuni\u00f3n mensual y, para las que saben leer, lectura espiritual diaria. \u00bfPor qu\u00e9? \u00a1Para ... Read More","og_url":"https:\/\/vincentians.com\/es\/la-cofradia-de-la-caridad-xii\/","og_site_name":"Somos Vicencianos","article_publisher":"https:\/\/www.facebook.com\/WeAreVincentians\/","article_published_time":"2021-06-07T05:57:41+00:00","og_image":[{"width":1200,"height":630,"url":"https:\/\/i0.wp.com\/vincentians.com\/es\/wp-content\/uploads\/sites\/11\/2016\/08\/con-damas-de-la-caridad.jpg?fit=1200%2C630&ssl=1","type":"image\/jpeg"}],"author":"Mitxel Olabu\u00e9naga","twitter_card":"summary_large_image","twitter_creator":"@WeVincentians","twitter_site":"@WeVincentians","twitter_misc":{"Escrito por":"Mitxel Olabu\u00e9naga","Tiempo de lectura":"1 minuto"},"schema":{"@context":"https:\/\/schema.org","@graph":[{"@type":"Article","@id":"https:\/\/vincentians.com\/es\/la-cofradia-de-la-caridad-xii\/#article","isPartOf":{"@id":"https:\/\/vincentians.com\/es\/la-cofradia-de-la-caridad-xii\/"},"author":{"name":"Mitxel Olabu\u00e9naga","@id":"http:\/\/vincentians.com\/es\/#\/schema\/person\/7c2670b4445a7ca9d164ea6acdb31859"},"headline":"LA COFRAD\u00cdA DE LA CARIDAD (XII)","datePublished":"2021-06-07T05:57:41+00:00","mainEntityOfPage":{"@id":"https:\/\/vincentians.com\/es\/la-cofradia-de-la-caridad-xii\/"},"wordCount":172,"commentCount":0,"publisher":{"@id":"http:\/\/vincentians.com\/es\/#organization"},"image":{"@id":"https:\/\/vincentians.com\/es\/la-cofradia-de-la-caridad-xii\/#primaryimage"},"thumbnailUrl":"https:\/\/i0.wp.com\/vincentians.com\/es\/wp-content\/uploads\/sites\/11\/2016\/08\/con-damas-de-la-caridad.jpg?fit=1200%2C630","articleSection":["Formaci\u00f3n Vicenciana sin categorizar"],"inLanguage":"es","potentialAction":[{"@type":"CommentAction","name":"Comment","target":["https:\/\/vincentians.com\/es\/la-cofradia-de-la-caridad-xii\/#respond"]}]},{"@type":"WebPage","@id":"https:\/\/vincentians.com\/es\/la-cofradia-de-la-caridad-xii\/","url":"https:\/\/vincentians.com\/es\/la-cofradia-de-la-caridad-xii\/","name":"LA COFRAD\u00cdA DE LA CARIDAD (XII) - Somos Vicencianos","isPartOf":{"@id":"http:\/\/vincentians.com\/es\/#website"},"primaryImageOfPage":{"@id":"https:\/\/vincentians.com\/es\/la-cofradia-de-la-caridad-xii\/#primaryimage"},"image":{"@id":"https:\/\/vincentians.com\/es\/la-cofradia-de-la-caridad-xii\/#primaryimage"},"thumbnailUrl":"https:\/\/i0.wp.com\/vincentians.com\/es\/wp-content\/uploads\/sites\/11\/2016\/08\/con-damas-de-la-caridad.jpg?fit=1200%2C630","datePublished":"2021-06-07T05:57:41+00:00","breadcrumb":{"@id":"https:\/\/vincentians.com\/es\/la-cofradia-de-la-caridad-xii\/#breadcrumb"},"inLanguage":"es","potentialAction":[{"@type":"ReadAction","target":["https:\/\/vincentians.com\/es\/la-cofradia-de-la-caridad-xii\/"]}]},{"@type":"ImageObject","inLanguage":"es","@id":"https:\/\/vincentians.com\/es\/la-cofradia-de-la-caridad-xii\/#primaryimage","url":"https:\/\/i0.wp.com\/vincentians.com\/es\/wp-content\/uploads\/sites\/11\/2016\/08\/con-damas-de-la-caridad.jpg?fit=1200%2C630","contentUrl":"https:\/\/i0.wp.com\/vincentians.com\/es\/wp-content\/uploads\/sites\/11\/2016\/08\/con-damas-de-la-caridad.jpg?fit=1200%2C630","width":1200,"height":630},{"@type":"BreadcrumbList","@id":"https:\/\/vincentians.com\/es\/la-cofradia-de-la-caridad-xii\/#breadcrumb","itemListElement":[{"@type":"ListItem","position":1,"name":"Portada","item":"http:\/\/vincentians.com\/es\/"},{"@type":"ListItem","position":2,"name":"LA COFRAD\u00cdA DE LA CARIDAD (XII)"}]},{"@type":"WebSite","@id":"http:\/\/vincentians.com\/es\/#website","url":"http:\/\/vincentians.com\/es\/","name":"Somos Vicencianos","description":"Know more to serve more","publisher":{"@id":"http:\/\/vincentians.com\/es\/#organization"},"potentialAction":[{"@type":"SearchAction","target":{"@type":"EntryPoint","urlTemplate":"http:\/\/vincentians.com\/es\/?s={search_term_string}"},"query-input":{"@type":"PropertyValueSpecification","valueRequired":true,"valueName":"search_term_string"}}],"inLanguage":"es"},{"@type":"Organization","@id":"http:\/\/vincentians.com\/es\/#organization","name":"The Vincentian Network","url":"http:\/\/vincentians.com\/es\/","logo":{"@type":"ImageObject","inLanguage":"es","@id":"http:\/\/vincentians.com\/es\/#\/schema\/logo\/image\/","url":"https:\/\/i1.wp.com\/vincentians.com\/es\/wp-content\/uploads\/sites\/11\/2016\/06\/Vincentian-Network-logo-big.png?fit=778%2C778","contentUrl":"https:\/\/i1.wp.com\/vincentians.com\/es\/wp-content\/uploads\/sites\/11\/2016\/06\/Vincentian-Network-logo-big.png?fit=778%2C778","width":778,"height":778,"caption":"The Vincentian Network"},"image":{"@id":"http:\/\/vincentians.com\/es\/#\/schema\/logo\/image\/"},"sameAs":["https:\/\/www.facebook.com\/WeAreVincentians\/","https:\/\/x.com\/WeVincentians"]},{"@type":"Person","@id":"http:\/\/vincentians.com\/es\/#\/schema\/person\/7c2670b4445a7ca9d164ea6acdb31859","name":"Mitxel Olabu\u00e9naga","image":{"@type":"ImageObject","inLanguage":"es","@id":"http:\/\/vincentians.com\/es\/#\/schema\/person\/image\/","url":"https:\/\/secure.gravatar.com\/avatar\/34137ec2e2b8939cbbed975731e71f3f4f1defc7266ded337a5ce0f925426877?s=96&d=mm&r=g","contentUrl":"https:\/\/secure.gravatar.com\/avatar\/34137ec2e2b8939cbbed975731e71f3f4f1defc7266ded337a5ce0f925426877?s=96&d=mm&r=g","caption":"Mitxel Olabu\u00e9naga"},"url":"http:\/\/vincentians.com\/es\/author\/mitxel\/"}]}},"jetpack_publicize_connections":[],"jetpack_featured_media_url":"https:\/\/i0.wp.com\/vincentians.com\/es\/wp-content\/uploads\/sites\/11\/2016\/08\/con-damas-de-la-caridad.jpg?fit=1200%2C630","jetpack_sharing_enabled":true,"jetpack_shortlink":"https:\/\/wp.me\/p7ETMF-1GZ2","jetpack-related-posts":[{"id":403991,"url":"http:\/\/vincentians.com\/es\/formacion-humana-y-cristiana-de-luisa-de-marillac-xi\/","url_meta":{"origin":403560,"position":0},"title":"Formaci\u00f3n humana y cristiana de Luisa de Marillac (XI)","author":"Mitxel Olabu\u00e9naga","date":"22\/01\/2022","format":false,"excerpt":"III. LAS LECTURAS Afirma el primer bi\u00f3grafo de santa Luisa que pose\u00eda \"tal afi\u00adci\u00f3n por la lectura que la hac\u00eda la m\u00e1s ordinaria de sus ocupaciones\". Para completar nuestra aproximaci\u00f3n a la formaci\u00f3n humana y cristiana de Luisa de Marillac parece necesario tratar de conocer cu\u00e1les fueron sus libros de\u2026","rel":"","context":"En \u00abFormaci\u00f3n Vicenciana\u00bb","block_context":{"text":"Formaci\u00f3n Vicenciana","link":"http:\/\/vincentians.com\/es\/category\/formacion-vicenciana\/"},"img":{"alt_text":"","src":"https:\/\/i0.wp.com\/vincentians.com\/es\/wp-content\/uploads\/sites\/11\/2021\/12\/a-2.png?fit=1200%2C675&resize=350%2C200","width":350,"height":200,"srcset":"https:\/\/i0.wp.com\/vincentians.com\/es\/wp-content\/uploads\/sites\/11\/2021\/12\/a-2.png?fit=1200%2C675&resize=350%2C200 1x, https:\/\/i0.wp.com\/vincentians.com\/es\/wp-content\/uploads\/sites\/11\/2021\/12\/a-2.png?fit=1200%2C675&resize=525%2C300 1.5x, https:\/\/i0.wp.com\/vincentians.com\/es\/wp-content\/uploads\/sites\/11\/2021\/12\/a-2.png?fit=1200%2C675&resize=700%2C400 2x, https:\/\/i0.wp.com\/vincentians.com\/es\/wp-content\/uploads\/sites\/11\/2021\/12\/a-2.png?fit=1200%2C675&resize=1050%2C600 3x"},"classes":[]},{"id":403974,"url":"http:\/\/vincentians.com\/es\/formacion-humana-y-cristiana-de-luisa-de-marillac-iii\/","url_meta":{"origin":403560,"position":1},"title":"Formaci\u00f3n humana y cristiana de Luisa de Marillac (III)","author":"Mitxel Olabu\u00e9naga","date":"06\/01\/2022","format":false,"excerpt":"LA FORMACI\u00d3N EN LA PENSI\u00d3N DE LA SE\u00d1ORITA POBRE (UNA SE\u00d1ORITA DEVOTA) Hemos recordado m\u00e1s arriba la imprecisi\u00f3n del primer bi\u00f3\u00adgrafo: su padre \"la retir\u00f3 alg\u00fan tiempo despu\u00e9s y la puso en Par\u00eds en manos de una due\u00f1a h\u00e1bil y virtuosa, para que le ense\u00ad\u00f1ara a hacer cosas convenientes a\u2026","rel":"","context":"En \u00abFormaci\u00f3n Vicenciana\u00bb","block_context":{"text":"Formaci\u00f3n Vicenciana","link":"http:\/\/vincentians.com\/es\/category\/formacion-vicenciana\/"},"img":{"alt_text":"","src":"https:\/\/i0.wp.com\/vincentians.com\/es\/wp-content\/uploads\/sites\/11\/2021\/12\/a-2.png?fit=1200%2C675&resize=350%2C200","width":350,"height":200,"srcset":"https:\/\/i0.wp.com\/vincentians.com\/es\/wp-content\/uploads\/sites\/11\/2021\/12\/a-2.png?fit=1200%2C675&resize=350%2C200 1x, https:\/\/i0.wp.com\/vincentians.com\/es\/wp-content\/uploads\/sites\/11\/2021\/12\/a-2.png?fit=1200%2C675&resize=525%2C300 1.5x, https:\/\/i0.wp.com\/vincentians.com\/es\/wp-content\/uploads\/sites\/11\/2021\/12\/a-2.png?fit=1200%2C675&resize=700%2C400 2x, https:\/\/i0.wp.com\/vincentians.com\/es\/wp-content\/uploads\/sites\/11\/2021\/12\/a-2.png?fit=1200%2C675&resize=1050%2C600 3x"},"classes":[]},{"id":403977,"url":"http:\/\/vincentians.com\/es\/formacion-humana-y-cristiana-de-luisa-de-marillac-iv\/","url_meta":{"origin":403560,"position":2},"title":"Formaci\u00f3n humana y cristiana de Luisa de Marillac (IV)","author":"Mitxel Olabu\u00e9naga","date":"08\/01\/2022","format":false,"excerpt":"LA FORMACI\u00d3N EN EL MATRIMONIO Y EN LA MATERNIDAD El matrimonio con Antonio Le Gras el 6 de febrero de 1613 y el nacimiento de su hijo Miguel Antonio no interrumpen el camino de formaci\u00f3n humana y cristiana de Luisa de Marillac. As\u00ed nos lo dan a entender la correspondencia\u2026","rel":"","context":"En \u00abFormaci\u00f3n Vicenciana\u00bb","block_context":{"text":"Formaci\u00f3n Vicenciana","link":"http:\/\/vincentians.com\/es\/category\/formacion-vicenciana\/"},"img":{"alt_text":"","src":"https:\/\/i0.wp.com\/vincentians.com\/es\/wp-content\/uploads\/sites\/11\/2021\/12\/a-2.png?fit=1200%2C675&resize=350%2C200","width":350,"height":200,"srcset":"https:\/\/i0.wp.com\/vincentians.com\/es\/wp-content\/uploads\/sites\/11\/2021\/12\/a-2.png?fit=1200%2C675&resize=350%2C200 1x, https:\/\/i0.wp.com\/vincentians.com\/es\/wp-content\/uploads\/sites\/11\/2021\/12\/a-2.png?fit=1200%2C675&resize=525%2C300 1.5x, https:\/\/i0.wp.com\/vincentians.com\/es\/wp-content\/uploads\/sites\/11\/2021\/12\/a-2.png?fit=1200%2C675&resize=700%2C400 2x, https:\/\/i0.wp.com\/vincentians.com\/es\/wp-content\/uploads\/sites\/11\/2021\/12\/a-2.png?fit=1200%2C675&resize=1050%2C600 3x"},"classes":[]},{"id":124753,"url":"http:\/\/vincentians.com\/es\/la-formacion-luisa-marillac\/","url_meta":{"origin":403560,"position":3},"title":"La formaci\u00f3n de Luisa de Marillac","author":"Francisco Javier Fern\u00e1ndez Chento","date":"17\/11\/2023","format":false,"excerpt":"Cuando leemos los escritos de Luisa, igual que a Gobillon, nos parecen \"tan s\u00f3lidos\" que quedamos admirados. La profundidad de sus pensamientos nos da la sensaci\u00f3n de le\u00ader a una mujer que sabe de filosof\u00eda y que conoce la teolog\u00eda y la espiritualidad. No nos extra\u00f1a que se iniciara en\u2026","rel":"","context":"En \u00abLuisa de Marillac\u00bb","block_context":{"text":"Luisa de Marillac","link":"http:\/\/vincentians.com\/es\/category\/la-familia-vicenciana\/fundadores\/luisa-de-marillac\/"},"img":{"alt_text":"","src":"https:\/\/i0.wp.com\/vincentians.com\/es\/wp-content\/uploads\/sites\/11\/2013\/04\/n-1.jpg?fit=823%2C564&resize=350%2C200","width":350,"height":200,"srcset":"https:\/\/i0.wp.com\/vincentians.com\/es\/wp-content\/uploads\/sites\/11\/2013\/04\/n-1.jpg?fit=823%2C564&resize=350%2C200 1x, https:\/\/i0.wp.com\/vincentians.com\/es\/wp-content\/uploads\/sites\/11\/2013\/04\/n-1.jpg?fit=823%2C564&resize=525%2C300 1.5x, https:\/\/i0.wp.com\/vincentians.com\/es\/wp-content\/uploads\/sites\/11\/2013\/04\/n-1.jpg?fit=823%2C564&resize=700%2C400 2x"},"classes":[]},{"id":403993,"url":"http:\/\/vincentians.com\/es\/formacion-humana-y-cristiana-de-luisa-de-marillac-xii\/","url_meta":{"origin":403560,"position":4},"title":"Formaci\u00f3n humana y cristiana de Luisa de Marillac (XII)","author":"Mitxel Olabu\u00e9naga","date":"24\/01\/2022","format":false,"excerpt":"LA INTRODUCCI\u00d3N A LA VIDA DEVOTA Y EL TRATADO DEL AMOR DE DIOS DE SAN FRANCISCO DE SALES Nos hemos referido antes a san Francisco de Sales como per\u00adsona a la que Dios puso en el camino para guiar a Luisa de Marillac. Adem\u00e1s de los encuentros personales, los escritos\u2026","rel":"","context":"En \u00abFormaci\u00f3n Vicenciana\u00bb","block_context":{"text":"Formaci\u00f3n Vicenciana","link":"http:\/\/vincentians.com\/es\/category\/formacion-vicenciana\/"},"img":{"alt_text":"","src":"https:\/\/i0.wp.com\/vincentians.com\/es\/wp-content\/uploads\/sites\/11\/2021\/12\/a-2.png?fit=1200%2C675&resize=350%2C200","width":350,"height":200,"srcset":"https:\/\/i0.wp.com\/vincentians.com\/es\/wp-content\/uploads\/sites\/11\/2021\/12\/a-2.png?fit=1200%2C675&resize=350%2C200 1x, https:\/\/i0.wp.com\/vincentians.com\/es\/wp-content\/uploads\/sites\/11\/2021\/12\/a-2.png?fit=1200%2C675&resize=525%2C300 1.5x, https:\/\/i0.wp.com\/vincentians.com\/es\/wp-content\/uploads\/sites\/11\/2021\/12\/a-2.png?fit=1200%2C675&resize=700%2C400 2x, https:\/\/i0.wp.com\/vincentians.com\/es\/wp-content\/uploads\/sites\/11\/2021\/12\/a-2.png?fit=1200%2C675&resize=1050%2C600 3x"},"classes":[]},{"id":400535,"url":"http:\/\/vincentians.com\/es\/san-vicente-las-grandes-corrientes-espirituales\/","url_meta":{"origin":403560,"position":5},"title":"San Vicente: Las grandes corrientes espirituales","author":"Mitxel Olabu\u00e9naga","date":"19\/04\/2017","format":false,"excerpt":"Llevado de la mano de amigos y maestros, nuestro mi\u00adsionero se introduce y participa de los ambientes espirituales que se crearon en Francia, a partir de las \u00faltimas d\u00e9cadas del siglo xvi, y que dieron como resultado una asombrosa produc\u00adci\u00f3n literaria y apost\u00f3lica en el siglo siguiente. Los diecis\u00e9is a\u00f1os\u2026","rel":"","context":"En \u00abVicente de Pa\u00fal\u00bb","block_context":{"text":"Vicente de Pa\u00fal","link":"http:\/\/vincentians.com\/es\/category\/la-familia-vicenciana\/fundadores\/vicente-de-paul\/"},"img":{"alt_text":"","src":"https:\/\/i0.wp.com\/vincentians.com\/es\/wp-content\/uploads\/sites\/11\/2016\/09\/revolucion-francesa.jpg?fit=1200%2C630&resize=350%2C200","width":350,"height":200,"srcset":"https:\/\/i0.wp.com\/vincentians.com\/es\/wp-content\/uploads\/sites\/11\/2016\/09\/revolucion-francesa.jpg?fit=1200%2C630&resize=350%2C200 1x, https:\/\/i0.wp.com\/vincentians.com\/es\/wp-content\/uploads\/sites\/11\/2016\/09\/revolucion-francesa.jpg?fit=1200%2C630&resize=525%2C300 1.5x, https:\/\/i0.wp.com\/vincentians.com\/es\/wp-content\/uploads\/sites\/11\/2016\/09\/revolucion-francesa.jpg?fit=1200%2C630&resize=700%2C400 2x, https:\/\/i0.wp.com\/vincentians.com\/es\/wp-content\/uploads\/sites\/11\/2016\/09\/revolucion-francesa.jpg?fit=1200%2C630&resize=1050%2C600 3x"},"classes":[]}],"_links":{"self":[{"href":"http:\/\/vincentians.com\/es\/wp-json\/wp\/v2\/posts\/403560","targetHints":{"allow":["GET"]}}],"collection":[{"href":"http:\/\/vincentians.com\/es\/wp-json\/wp\/v2\/posts"}],"about":[{"href":"http:\/\/vincentians.com\/es\/wp-json\/wp\/v2\/types\/post"}],"author":[{"embeddable":true,"href":"http:\/\/vincentians.com\/es\/wp-json\/wp\/v2\/users\/5"}],"replies":[{"embeddable":true,"href":"http:\/\/vincentians.com\/es\/wp-json\/wp\/v2\/comments?post=403560"}],"version-history":[{"count":1,"href":"http:\/\/vincentians.com\/es\/wp-json\/wp\/v2\/posts\/403560\/revisions"}],"predecessor-version":[{"id":403561,"href":"http:\/\/vincentians.com\/es\/wp-json\/wp\/v2\/posts\/403560\/revisions\/403561"}],"wp:featuredmedia":[{"embeddable":true,"href":"http:\/\/vincentians.com\/es\/wp-json\/wp\/v2\/media\/399748"}],"wp:attachment":[{"href":"http:\/\/vincentians.com\/es\/wp-json\/wp\/v2\/media?parent=403560"}],"wp:term":[{"taxonomy":"category","embeddable":true,"href":"http:\/\/vincentians.com\/es\/wp-json\/wp\/v2\/categories?post=403560"},{"taxonomy":"post_tag","embeddable":true,"href":"http:\/\/vincentians.com\/es\/wp-json\/wp\/v2\/tags?post=403560"}],"curies":[{"name":"wp","href":"https:\/\/api.w.org\/{rel}","templated":true}]}}