{"id":403101,"date":"2020-10-11T08:29:00","date_gmt":"2020-10-11T06:29:00","guid":{"rendered":"http:\/\/vincentians.com\/es\/?p=403101"},"modified":"2020-10-04T12:30:42","modified_gmt":"2020-10-04T10:30:42","slug":"santiago-masarnau-3","status":"publish","type":"post","link":"http:\/\/vincentians.com\/es\/santiago-masarnau-3\/","title":{"rendered":"Santiago Masarnau (3)"},"content":{"rendered":"<ol start=\"3\">\n<li>DE NUEVO EN ESPA\u00d1A<\/li>\n<\/ol>\n<p>La etapa de Quadrado que comprende entre 1829, fecha de su regreso a Espa\u00f1a, y la segunda emigraci\u00f3n en 1837, dista mucho de ser uniforme: en el intermedio de estos ocho a\u00f1os hay que anotar un viaje de casi dos a\u00f1os a Par\u00eds y Londres.<\/p>\n<p><strong>Cuatro a\u00f1os desorientados<\/strong><\/p>\n<p>Llegado a Madrid a la casa familiar de la calle de la Encomienda, sometido a los sol\u00edcitos cuida\u00addos de su padre y de la fiel Dominga, a Masarnau no le fue f\u00e1cil adaptarse de nuevo \u2014si es que antes de 1825 lo hab\u00eda estado\u2014 al ambiente madrile\u00f1o. Despu\u00e9s de esos a\u00f1os en Par\u00eds y Londres, tocando, componiendo, asistiendo a conciertos y \u00f3peras, disfrutando de la amistad de m\u00fasicos como Rossini, Chopin, Bellini, Cramer, Meyerbeer, Gomis, Schlessinger, Mendelsohn, y en continuo trato con ellos, Madrid, sin cultura ni afici\u00f3n musical, sin apenas conciertos y sin \u00f3pera, desvinculado de antiguas amistades \u2014excepto, probablemente, de los Madrazo\u2014, no solamente no contribuy\u00f3 a le\u00advantarle el \u00e1nimo, sino que le dej\u00f3 sumido en una especie de apat\u00eda que le imped\u00eda tomarse inter\u00e9s por las cosas o personas, de modo que las visitas obligadas a los familiares fueron m\u00e1s una penosa obligaci\u00f3n que una distracci\u00f3n.<\/p>\n<p>Contribuy\u00f3 a agravar este enfermizo estado de \u00e1nimo el fallecimiento de su padre, a los 56 a\u00f1os. En un dietario o cuaderno de apuntes que llevaba desde su estancia en Londres anot\u00f3 al poco tiempo de llegar a Madrid: \u00abmejor\u00eda de salud, poco de diversi\u00f3n y nada de trabajo\u00bb. Durante la breve enfermedad de don Santiago apenas se separ\u00f3 de la cabecera de su lecho los once d\u00edas que dur\u00f3 la mortal dolencia. El laconismo de sus apuntes nos informa de que \u00abel 4 de noviembre, a las ocho y media de la noche, expir\u00f3 mi adorado padre\u00bb, indicando los apuntes de los d\u00edas sucesivos que en la tarde siguiente se llevaron el cad\u00e1ver, que el 6 se celebraron las misas y el entierro, y el 11 \u00abcabo de octava\u00bb, el funeral. Avisado su hermano Vicen\u00adte, lleg\u00f3 de R\u00edo Tinto con amplio permiso el 19.<\/p>\n<p>No se dej\u00f3 llevar demasiado tiempo en llorar lo irremediable, y aunque el recuerdo de su padre nunca dej\u00f3 de estar presente en su memoria, al cabo de un mes hab\u00eda reanudado su vida habitual; en su dietario aparece la distribuci\u00f3n que hac\u00eda de su tiempo: \u00abtocaba el piano \u2014escribi\u00f3 Quadrado\u2014y hasta compon\u00eda alg\u00fan rato; jugaba al ajedrez con Vicente, y a las cartas con los vecinos a segunda noche; visitas a parientes, algunos paseos&#8230;\u00bb. Es l\u00e1stima que Quadrado no d\u00e9 pormenores de un hecho de gran inter\u00e9s y sobre el que pasa de largo sin darle mayor importancia, pues al hablar de sus amistades \u2014dice\u2014 \u00abempiezan a sonar las de Ochoa, Lobo y Madrazo\u00bb.<\/p>\n<p>Tuvo ocasi\u00f3n de contemplar la llegada de la princesa Mar\u00eda Cristina de Borb\u00f3n y los festejos que se hicieron en su honor; \u00abdos meses m\u00e1s tarde fue recibido por Fernando VII para obtener por v\u00eda de orfandad, hasta llegar a la edad de 25 a\u00f1os, un tercio de la pensi\u00f3n que percib\u00eda su padre del Montep\u00edo\u00bb&#8217;. Pero nuevamente su salud se resinti\u00f3 aquel invierno: insomnio, temores absurdos, neu\u00adralgias.<\/p>\n<p>El 13 de febrero, terminado su permiso y arre\u00adglados los asuntos familiares, Vicente se volvi\u00f3 a R\u00edo Tinto, con lo que la soledad y la melancol\u00eda de<\/p>\n<p>&nbsp;<\/p>\n<p>Santiago aumentaron, hasta el punto de hac\u00e9rsele dif\u00edcil la vida en la casa que hab\u00edan llenado el padre con los tres hermanos y la fiel Dominga, y en la que ahora el vac\u00edo le era insoportable con tanto recuerdo como llenaba su mente.<\/p>\n<p>A juzgar por el dietario de 1830 \u2014prosigue diciendo Quadrado\u2014, y por una que otra memo\u00adria biogr\u00e1fica de aquel a\u00f1o, parece que el viejo Masarnau se llev\u00f3 a la tumba toda la actividad de Santiago, o hab\u00e9rsele pegado al car\u00e1cter de \u00e9ste el contagio de la sociedad madrile\u00f1a. El piano, en vez de estudiarlo o divertirle a solas, no le serv\u00eda m\u00e1s que para entretener las tertu\u00adlias, prolongadas hasta muy tarde de la noche.<\/p>\n<p>Algo alivi\u00f3 esta desidia el trato con unos ingle\u00adses (hab\u00eda llegado a dominar perfectamente esta lengua) y con la familia del Embajador de los Es\u00adtados Unidos, a cuya hija menor, Cornelia Van Ness, dedic\u00f3 una fantas\u00eda escrita para ella. Seg\u00fan Quadrado, conoci\u00f3 a Quintana, que influy\u00f3 en sus lecturas, pero no aclara ni cu\u00e1les fueron (aunque s\u00ed dice que \u00abno todas bajo un aspecto religioso irreprensible\u00bb, ni d\u00f3nde le trat\u00f3, aunque por en\u00adtonces y desde un a\u00f1o antes el vate resid\u00eda de nuevo en Madrid y ten\u00eda en su casa una tertulia literaria.<\/p>\n<p>A fines de 1830, en noviembre, su hermano \u00a0Vicente dej\u00f3 las minas de R\u00edo Tinto para desem\u00adpe\u00f1ar en la Universidad de Madrid la c\u00e1tedra de Qu\u00edmica, \u00abping\u00fcemente dotada\u00bb; tomaron casa \u2014abandonando la que Santiago ocupaba en la calle de la Reina\u2014 en la calle de Hortaleza \u00abesquina a la del Colmillo\u00bb, donde vivieron con m\u00e1s amplitud y comodidad. Durante el verano, y por tanto antes de la venida de Vicente, hab\u00eda pasado algo m\u00e1s de quince d\u00edas en Aranjuez, \u00abpara disfrutar la tempo\u00adrada\u00bb, entre el 24 de mayo y el 11 de junio. Al a\u00f1o siguiente la temporada la pas\u00f3 en La Granja de San Ildefonso durante la segunda quincena de ju\u00adlio. Manten\u00eda durante estas ausencias frecuente correspondencia con su hermano. Hac\u00eda alguna excursi\u00f3n, trataba a poca gente y le\u00eda a Byron. Viaj\u00f3 desde La Granja, hasta fines de agosto, por Valladolid, Burgos, Vitoria y Bilbao, \u00abrecogiendo de donde quiera amigables obsequios, vivos aplau\u00adsos por sus complacencias musicales y variadas y grat\u00edsimas impresiones\u00bb.<\/p>\n<p>Fue para Masarnau motivo de alegr\u00eda y anima\u00adci\u00f3n el volver a estar con Rossini, que hab\u00eda sido tra\u00eddo a Espa\u00f1a por su amigo el banquero Alejan\u00addro Aguado (febrero de 1833), en cuya finca de Petit Bourg hab\u00eda escrito no pocos pasajes del <em>Guillermo Tell. <\/em>Dice Quadrado que \u00abel examen de las obras del pianista ocup\u00f3 la atenci\u00f3n del inmortal maestro el espacio de una larga visita\u00bb. Desde su regreso a Espa\u00f1a Masarnau hab\u00eda escrito tres piezas con el t\u00edtulo de <em>Cantos de las Dr\u00edadas, <\/em>\u00abde cada una de las cuales hab\u00eda tirado tres ediciones, igualmente que una segunda de las anteriores <em>La Ricordanza, Il Rondino y L&#8217;Innocente, <\/em>cuyo despa\u00adcho en las librer\u00edas de Madrid, sin el gran n\u00famero de ejemplares regalados a los amigos, import\u00f3 en un a\u00f1o (1831-1832) cerca de 2.700 reales\u00bb.<\/p>\n<p>Lejos de entibiar la ausencia su amistad con Gomis, la acrecent\u00f3. Esperanza y Sola menciona que el 21 de enero de 1831 se estren\u00f3 en el teatro Ventadour de Par\u00eds, la \u00f3pera <em>Le Diable a Sevilla, <\/em>de la que dice que \u00aba pesar que lo disparatado del asunto envolvi\u00f3 a la partitura en el naufragio, el compositor aludido sinti\u00f3 la para \u00e9l nueva y siem\u00adpre profunda emoci\u00f3n de los aplausos\u00bb. Masarnau tuvo conocimiento del fracaso, pero al menos Gomis ya hab\u00eda conseguido que se representara una \u00f3pera suya, g\u00e9nero que m\u00e1s le atra\u00eda y en cuya m\u00fasica le hab\u00eda ayudado alguna vez Masarnau con comentarios a las consultas que le hac\u00eda\u00bb.<\/p>\n<p>Durante el a\u00f1o 1832 sigui\u00f3 cursos de matem\u00e1\u00adticas en la c\u00e1tedra de don Antonio Guti\u00e9rrez, al tiempo que por las ma\u00f1anas dedicaba unas horas a componer un <em>M\u00e9todo.<\/em><\/p>\n<p>Hubo, tambi\u00e9n, un repetido intento de recupe\u00adrar lo que en 1823 le hab\u00eda sido arrebatado. Es quiz\u00e1s muy sintom\u00e1tico que el memorial de San\u00adtiago Masarnau fuera presentado al Rey <em>despu\u00e9s <\/em>de los sucesos de La Granja (1832), cuando un nuevo gobierno con declarada tendencia pro-libe\u00adral (al menos en algunos de sus miembros) hab\u00eda tomado las riendas de Estado con Mar\u00eda Cristina al frente del despacho de los negocios. Dec\u00eda as\u00ed:<\/p>\n<p>Se\u00f1ora:<\/p>\n<p>Don Santiago de Masarnau, hijo de don San\u00adtiago de Masarnau y Torres, que fue secretario de la Mayordom\u00eda Mayor por espacio de ocho a\u00f1os, ante V.M. con el m\u00e1s profundo respeto hace presente:<\/p>\n<p>Que habiendo sido envuelto en la desgracia de su difunto padre en 1823, en fuerza de la cual lograron los enemigos de aqu\u00e9l fuera privado de sus destinos y sueldos en el \u00faltimo tercio de su vida, y despu\u00e9s de haber sacrificado la mayor parte de ella en el desempe\u00f1o m\u00e1s completo y honrado de sus deberes, fue tambi\u00e9n privado al exponente de una plaza supernumeraria de Gentilhombre de la Real Casa que disfrutaba desde 1819, igualmente que de la pensi\u00f3n vita\u00adlicia de 300 ducados que S.M. le hab\u00eda concedido espont\u00e1neamente en 1817, sin m\u00e1s delito que ser hijo de un hombre virtuoso pero desgra\u00adciado.<\/p>\n<p>El exponente, Se\u00f1ora, no quiere molestar la soberana atenci\u00f3n de V.M. llam\u00e1ndola hacia lo imposible que le era haber delinquido en la \u00e9po\u00adca de su separaci\u00f3n cuando s\u00f3lo contaba 17 a\u00f1os de edad, dedicados casi totalmente a su instrucci\u00f3n, como es notorio; pero las circuns\u00adtancias le obligaron a callar, igualmente que a su pobre padre, y a acogerse a los consuelos que la Religi\u00f3n y la filosof\u00eda suministran siempre, pero con particularidad cuando el testimonio \u00edntimo de nuestra conciencia no ten\u00eda qu\u00e9 echarnos en cara. Pero las circunstancias han variado. Los gemidos de los inocentes pueden llegar a los soberanos o\u00eddos de V.M., conocida la intenci\u00f3n de los que tanto inter\u00e9s ten\u00edan en evitarlo, y el exponente, por lo tanto, lleno de inexplicable placer y confianza, a V.M. humildemente supli\u00adca se sirva mandar por efecto de su soberana bondad y en atenci\u00f3n a la injusticia con que fue separado de su plaza de Gentilhombre de la Real Casa y privado de su pensi\u00f3n, se le vuelva al goce de una y otra con la antig\u00fcedad que le corresponda en la primera, por cuyo favor pe\u00addir\u00e9 al Cielo mientras viva colme de felicidades los interesant\u00edsimos d\u00edas de V.M.\u2014Madrid, 26 de noviembre de 1832.\u2014Se\u00f1ora: a sus R.P., San\u00adtiago Masarnau&#8217;.<\/p>\n<p>La petici\u00f3n no fue atendida, si es que lleg\u00f3 a ser examinada. Pocos datos m\u00e1s se tienen de 1832 con relaci\u00f3n a Masarnau. Le pesaba el ambiente, tan poco propicio a sus gustos y aspiraciones, y echa\u00adba de menos los a\u00f1os de Par\u00eds y sobre todo, los de Londres. El 9 de abril de 1833, cuatro d\u00edas despu\u00e9s de haber asistido al estreno del <em>Stabat Mater <\/em>de Rossini en San Felipe el Real, abandon\u00f3 Madrid, y por Burgos y Vergara se dirigi\u00f3, v\u00eda Burdeos, a Par\u00eds. Probablemente fue all\u00ed, de nuevo con Rossini, donde tuvo lugar la cr\u00edtica a la que se refiri\u00f3 Esperanza: \u00abnuestro artista fue el primero que dijo a Rossini lo bueno y lo malo que hab\u00eda en su <em>Stabat, <\/em>dedicado al Comisario de la Cruzada, Varela, y la jugarreta que sospechaba hab\u00eda hecho a los espa\u00f1oles\u2014 y que aqu\u00e9l no tuvo otro remedio que confesar\u2014 escribiendo m\u00e1s tarde los trozos que hab\u00eda incluido como suyos y eran obra de su amigote Tardolini\u00bb. As\u00ed fue, en efecto, tal como Masarnau dijo. Al ocuparse del <em>Stabat <\/em>en su citado libro, Esperanza y Sola relata las vicisitudes que por esta falsedad pas\u00f3 la edici\u00f3n de la partitura:<\/p>\n<p>Rossini pidi\u00f3 a los tribunales y a la polic\u00eda que impidiera ejecutar una obra \u00aben la cual <em>no hay m\u00e1s que seis n\u00fameros de mi composici\u00f3n\u00bb, <\/em>pues por enfermedad encarg\u00f3 a otro compositor los de\u00adm\u00e1s.<\/p>\n<p>Par\u00e9ntesis en Par\u00eds y Londres<\/p>\n<p>No cabe duda de que, de tener disponible la documentaci\u00f3n que conoci\u00f3 Quadrado, hubiera sido posible, quiz\u00e1, ser m\u00e1s precisos en no pocos tramos de su vida, pero no con relaci\u00f3n a las razones que tuvo para abandonar Espa\u00f1a: \u00abLo que de dichos apuntes <em>(los que llevaba Masarnau) <\/em>ni de otro dato se deduce \u2014escribi\u00f3 Quadrado\u2014 cu\u00e1les son las causas determinantes que sin precedente decidieron de pronto en 1833 su segundo viaje a Francia e Inglaterra, despu\u00e9s de tres a\u00f1os y medio de aclimatado contra todas sus inclinaciones y pre\u00adferencias en el nativo suelo\u00bb.<\/p>\n<p>El 24 de abril de 1833 estaba de nuevo en Par\u00eds, donde se puede decir que estuvo de paso, pues el 6 de mayo transitaba por las calles de Londres en compa\u00f1\u00eda de Trueba y Cos\u00edo, que hab\u00eda decidido acompa\u00f1arle. Con todo, en Par\u00eds \u00abdiez d\u00edas apenas le bastaron para renovar all\u00ed sus entrevistas e intimidades con Viardot, Rossini, Aguado y Telesforo Trueba, y especialmente con su inolvidable Gomis\u00bb. En Londres se encontr\u00f3 de nuevo con sus viejos amigos Schelinger, Drugonetti, la familia Latorre, sus antiguos disc\u00edpulos, y por supuesto madame Laborde. Volvi\u00f3 al tenor de vida de su anterior estancia: asistencia a conciertos (especial\u00admente de Cramer, Paganini y Nicholson), visita a exposiciones, comidas o cenas con aquellas cele\u00adbridades musicales, audiciones de \u00f3peras tanto ita\u00adlianas como alemanas. (Precisamente Pedro Madrazo, en la semblanza citada, especifica una ter\u00adcera \u00e9poca en la m\u00fasica de Masarnau de clara influencia alemana); le\u00eda a Shakespeare y a Gibbon, daba paseos en bote por el T\u00e1mesis y se relacionaba con los m\u00e1s selectos c\u00edrculos de la sociedad londinenses. Hab\u00eda conocido en Londres en su anterior viaje a una familia con la que con cierta frecuencia se relacionaba, una de cuyas hi\u00adjas, de nombre Gracia, hab\u00eda despertado en Masarnau una incipiente pasi\u00f3n o enamoramiento. Al reanudar en este viaje la relaci\u00f3n con la familia, se aviv\u00f3 el fuego. En una de sus cartas describi\u00f3 \u2014seg\u00fan dice Quadrado\u2014 la reuni\u00f3n brillante de unas doscientas personas y la deliciosa pradera donde se tuvo el baile,\u00a0\u00a0 y los bosques que la rodeaban con sus tortuosas y sombr\u00edas sendas por donde pasearon solos, y se sentaron y se le escap\u00f3 la declaraci\u00f3n m\u00e1s in\u00adcondicional y calurosa que jam\u00e1s sali\u00f3 de sus labios. A esta inolvidable entrevista (era el 13 de julio) siguieron otras y otras en <em>soir\u00e9es <\/em>y en secreto, donde creci\u00f3 tanto con honestos favo\u00adres la llama, a despecho de un rival de m\u00e1s ventajosas condiciones, que sinti\u00f3 la necesidad de dejar cuanto antes Inglaterra si no quer\u00eda quedar en ella prendido con lazos inquebran\u00adtables\u00bb.<\/p>\n<p>Por entonces su hermano Vicente estaba en Pa\u00adr\u00eds con otro profesor de matem\u00e1ticas, Antonio Gu\u00adti\u00e9rrez, a cuya c\u00e1tedra hab\u00eda asistido Santiago. \u00c9ste, en carta del 12 de agosto, le brind\u00f3 a su hermano extender el viaje a Londres, \u00abantes de que se ausentara irrevocablemente, aunque con m\u00e1s pena que nunca, de su pa\u00eds favorecido\u00bb. Tres semanas permanecieron juntos los hermanos en Inglaterra, regresando ambos a Par\u00eds el 15 de sep\u00adtiembre del mismo 1833.<\/p>\n<p>Vicente se volvi\u00f3 a Espa\u00f1a, pero Santiago per\u00admaneci\u00f3 en Par\u00eds el resto del a\u00f1o y gran parte del siguiente. Econ\u00f3micamente se defend\u00eda bien dan\u00addo lecciones de piano, pero su curiosidad por el saber le llev\u00f3 a las clases de F\u00edsica de Pouillet, a la par que segu\u00eda componiendo y cultivando antiguas y nuevas amistades, y no s\u00f3lo en los medios musi\u00adcales. \u00abHe visto hoy \u2014escrib\u00eda\u2014 en el espacio de doce horas escribir a Rossini, conversar a Bellini, al bar\u00f3n de Taylor con sus literatos, a La Place pensando en su viaje alrededor del mundo, a Du-mas llevado en triunfo por el \u00e9xito de su <em>Angela, <\/em>a Pouillet, de ciencia tan luminosa como de expansi\u00advo car\u00e1cter, a Alkan escribiendo y tocando su m\u00fa\u00adsica, a Gomis lleno de esperanzas en el pr\u00f3ximo estreno de su <em>Revenant, <\/em>y a Mir\u00f3 y a Esain quema\u00addos de emulaci\u00f3n&#8230; \u00bfNo se dir\u00e1, pues, con verdad que Par\u00eds da la fiebre, aunque sea a un le\u00f1o?\u00bb.<\/p>\n<p>El regreso a Espa\u00f1a<\/p>\n<p>No todos los d\u00edas eran as\u00ed. Pasaba, dado su car\u00e1cter, temporadas de pesimismo por falta de porvenir; viv\u00eda con gran frugalidad, y no siempre las clases eran para \u00e9l motivo de gozo. Pens\u00f3 ir a Italia en primavera, pero all\u00ed no ve\u00eda tampoco gran porvenir o aprovechamiento para su m\u00fasica, pues \u2014dec\u00eda\u2014 \u00abno sirve sino para aquel g\u00e9nero suyo d\u00e9bil, que si tanto por moda ha brillado, decae continuamente\u00bb. Por otra parte, y despu\u00e9s de la muerte de Fernando VII, Espa\u00f1a hab\u00eda cambiado. A Santiago no le atra\u00eda gran cosa la pol\u00edtica, pero no as\u00ed a su hermano, que le escrib\u00eda con entusias\u00admo del nuevo orden, de la vuelta de los emigrados, de la Milicia Nacional (a la que se envanec\u00eda de pertenecer), anim\u00e1ndole a regresar a la patria en vista de las nuevas circunstancias, que juzgaba m\u00e1s prometedoras por m\u00e1s libres.<\/p>\n<p>Quiz\u00e1 con el fin de animarle, o por encargo del propio Santiago, Vicente se dirigi\u00f3 de nuevo a la Reina Gobernadora exponiendo la injusticia de que hab\u00eda sido objeto su hermano en 1823, pero cambiado el texto de la primera representaci\u00f3n y acomod\u00e1ndola a la nueva situaci\u00f3n y con distintos argumentos:<\/p>\n<p>\u00abEn el d\u00eda, Se\u00f1ora, en que se oye y se juzga por delito el que verdaderamente lo es, se puede hablar en t\u00e9rminos tan claros, y de los mismos hubiera usado el padre del exponente si las cir\u00adcunstancias de aquella \u00e9poca no le hubieran obligado a callar; as\u00ed, pues, ped\u00eda de nuevo \u00abcon particularidad de su innata bondad y en aten\u00adci\u00f3n a la justicia que asiste al exponente, se le vuelve a la plaza supernumeraria de Gentilhom\u00adbre con la antig\u00fcedad que le corresponde, del mismo modo que han vuelto a las suyas los Gentilhombres de Casa y Boca, Mayordomos de Semana y Ayudas de C\u00e1mara separados en la misma \u00e9poca.\u00bb<\/p>\n<p>Firmaba la representaci\u00f3n en Madrid el 4 de febrero de 1834 (Era presidente del gobierno Mar\u00adt\u00ednez de la Rosa, para cuyo <em>Aben Humeya <\/em>hab\u00eda escrito la m\u00fasica Gomis, y al que quiz\u00e1 Santiago hubiera conocido en Par\u00eds), por poder de Santia\u00adgo, su hermano Vicente Santiago de Masarnau\u00bb. Pero este nuevo memorial, como el otro del mismo Santiago, tuvieron el mismo silencio que si no se hubieran escrito. En este aspecto los liberales no mejoraron la resoluci\u00f3n que firm\u00f3 Fernando VII.<\/p>\n<p>Al fin, Santiago Masarnau se decidi\u00f3. Seg\u00fan constata Quadrado su pasi\u00f3n por la mujer que \u00abdurante ocho a\u00f1os ocupaba su alma\u00bb le impel\u00eda a quedarse en Inglaterra. La disyuntiva era: \u00abpara ir a Espa\u00f1a, dec\u00eda, hay que pensar en el empleo; para ir a Inglaterra, en el matrimonio\u00bb. De momento regres\u00f3 a Par\u00eds. No pod\u00eda ofrecer a Gracia una posici\u00f3n, por lo que resisti\u00f3 los requerimientos perseverantes de dos de sus muchos buenos ami\u00adgos de Londres, Esa\u00edn y Field, para volver a Lon\u00addres. En Par\u00eds reanud\u00f3 sus estudios con Pouillet y asisti\u00f3 a las clases de astronom\u00eda de Arango. Vis\u00adlumbr\u00f3 con la publicaci\u00f3n del Estatuto un comien\u00adzo de estabilidad en el nuevo r\u00e9gimen implantado en Espa\u00f1a, pero si ello le hizo sentirse atra\u00eddo, siquiera levemente, por las cuestiones pol\u00edticas, la noticia de la brutal matanza de frailes en junio de 1834 con el acompa\u00f1amiento de los sacrilegios que conjuntamente se cometieron enfriaron su pri\u00admera decisi\u00f3n de emprender el viaje. Al fin, y por la insistencia de su hermano coincidiendo con la extensi\u00f3n del c\u00f3lera por Europa, el 9 de agosto emprendi\u00f3 el camino de regreso a la patria.<\/p>\n<p>Federico Su\u00e1rez<\/p>\n","protected":false},"excerpt":{"rendered":"<p>DE NUEVO EN ESPA\u00d1A La etapa de Quadrado que comprende entre 1829, fecha de su regreso a Espa\u00f1a, y la segunda emigraci\u00f3n en 1837, dista mucho de ser uniforme: en el intermedio de estos ocho &#8230; <a href=\"http:\/\/vincentians.com\/es\/santiago-masarnau-3\/\" class=\"more-link\">Read More<\/a><\/p>\n","protected":false},"author":5,"featured_media":398538,"comment_status":"open","ping_status":"open","sticky":false,"template":"","format":"standard","meta":{"jetpack_post_was_ever_published":false,"_jetpack_newsletter_access":"","_jetpack_dont_email_post_to_subs":false,"_jetpack_newsletter_tier_id":0,"_jetpack_memberships_contains_paywalled_content":false,"_jetpack_memberships_contains_paid_content":false,"footnotes":"","jetpack_publicize_message":"","jetpack_publicize_feature_enabled":true,"jetpack_social_post_already_shared":true,"jetpack_social_options":{"image_generator_settings":{"template":"highway","default_image_id":0,"font":"","enabled":false},"version":2}},"categories":[342],"tags":[],"class_list":["post-403101","post","type-post","status-publish","format-standard","has-post-thumbnail","hentry","category-santiago-masarnau"],"yoast_head":"<!-- This site is optimized with the Yoast SEO plugin v26.3 - https:\/\/yoast.com\/wordpress\/plugins\/seo\/ -->\n<title>Santiago Masarnau (3) - Somos Vicencianos<\/title>\n<meta name=\"robots\" content=\"index, follow, max-snippet:-1, max-image-preview:large, max-video-preview:-1\" \/>\n<link rel=\"canonical\" href=\"http:\/\/vincentians.com\/es\/santiago-masarnau-3\/\" \/>\n<meta property=\"og:locale\" content=\"es_ES\" \/>\n<meta property=\"og:type\" content=\"article\" \/>\n<meta property=\"og:title\" content=\"Santiago Masarnau (3) - Somos Vicencianos\" \/>\n<meta property=\"og:description\" content=\"DE NUEVO EN ESPA\u00d1A La etapa de Quadrado que comprende entre 1829, fecha de su regreso a Espa\u00f1a, y la segunda emigraci\u00f3n en 1837, dista mucho de ser uniforme: en el intermedio de estos ocho ... Read More\" \/>\n<meta property=\"og:url\" content=\"http:\/\/vincentians.com\/es\/santiago-masarnau-3\/\" \/>\n<meta property=\"og:site_name\" content=\"Somos Vicencianos\" \/>\n<meta property=\"article:publisher\" content=\"https:\/\/www.facebook.com\/WeAreVincentians\/\" \/>\n<meta property=\"article:published_time\" content=\"2020-10-11T06:29:00+00:00\" \/>\n<meta property=\"og:image\" content=\"https:\/\/i0.wp.com\/vincentians.com\/es\/wp-content\/uploads\/sites\/11\/2016\/07\/escritos-felix-de-andreis.jpg?fit=1200%2C630\" \/>\n\t<meta property=\"og:image:width\" content=\"1200\" \/>\n\t<meta property=\"og:image:height\" content=\"630\" \/>\n\t<meta property=\"og:image:type\" content=\"image\/jpeg\" \/>\n<meta name=\"author\" content=\"Mitxel Olabu\u00e9naga\" \/>\n<meta name=\"twitter:card\" content=\"summary_large_image\" \/>\n<meta name=\"twitter:creator\" content=\"@WeVincentians\" \/>\n<meta name=\"twitter:site\" content=\"@WeVincentians\" \/>\n<meta name=\"twitter:label1\" content=\"Escrito por\" \/>\n\t<meta name=\"twitter:data1\" content=\"Mitxel Olabu\u00e9naga\" \/>\n\t<meta name=\"twitter:label2\" content=\"Tiempo de lectura\" \/>\n\t<meta name=\"twitter:data2\" content=\"17 minutos\" \/>\n<script type=\"application\/ld+json\" class=\"yoast-schema-graph\">{\"@context\":\"https:\/\/schema.org\",\"@graph\":[{\"@type\":\"Article\",\"@id\":\"http:\/\/vincentians.com\/es\/santiago-masarnau-3\/#article\",\"isPartOf\":{\"@id\":\"http:\/\/vincentians.com\/es\/santiago-masarnau-3\/\"},\"author\":{\"name\":\"Mitxel Olabu\u00e9naga\",\"@id\":\"http:\/\/vincentians.com\/es\/#\/schema\/person\/7c2670b4445a7ca9d164ea6acdb31859\"},\"headline\":\"Santiago Masarnau (3)\",\"datePublished\":\"2020-10-11T06:29:00+00:00\",\"mainEntityOfPage\":{\"@id\":\"http:\/\/vincentians.com\/es\/santiago-masarnau-3\/\"},\"wordCount\":3413,\"commentCount\":0,\"publisher\":{\"@id\":\"http:\/\/vincentians.com\/es\/#organization\"},\"image\":{\"@id\":\"http:\/\/vincentians.com\/es\/santiago-masarnau-3\/#primaryimage\"},\"thumbnailUrl\":\"https:\/\/i0.wp.com\/vincentians.com\/es\/wp-content\/uploads\/sites\/11\/2016\/07\/escritos-felix-de-andreis.jpg?fit=1200%2C630\",\"articleSection\":[\"Santiago Masarnau\"],\"inLanguage\":\"es\",\"potentialAction\":[{\"@type\":\"CommentAction\",\"name\":\"Comment\",\"target\":[\"http:\/\/vincentians.com\/es\/santiago-masarnau-3\/#respond\"]}]},{\"@type\":\"WebPage\",\"@id\":\"http:\/\/vincentians.com\/es\/santiago-masarnau-3\/\",\"url\":\"http:\/\/vincentians.com\/es\/santiago-masarnau-3\/\",\"name\":\"Santiago Masarnau (3) - Somos Vicencianos\",\"isPartOf\":{\"@id\":\"http:\/\/vincentians.com\/es\/#website\"},\"primaryImageOfPage\":{\"@id\":\"http:\/\/vincentians.com\/es\/santiago-masarnau-3\/#primaryimage\"},\"image\":{\"@id\":\"http:\/\/vincentians.com\/es\/santiago-masarnau-3\/#primaryimage\"},\"thumbnailUrl\":\"https:\/\/i0.wp.com\/vincentians.com\/es\/wp-content\/uploads\/sites\/11\/2016\/07\/escritos-felix-de-andreis.jpg?fit=1200%2C630\",\"datePublished\":\"2020-10-11T06:29:00+00:00\",\"breadcrumb\":{\"@id\":\"http:\/\/vincentians.com\/es\/santiago-masarnau-3\/#breadcrumb\"},\"inLanguage\":\"es\",\"potentialAction\":[{\"@type\":\"ReadAction\",\"target\":[\"http:\/\/vincentians.com\/es\/santiago-masarnau-3\/\"]}]},{\"@type\":\"ImageObject\",\"inLanguage\":\"es\",\"@id\":\"http:\/\/vincentians.com\/es\/santiago-masarnau-3\/#primaryimage\",\"url\":\"https:\/\/i0.wp.com\/vincentians.com\/es\/wp-content\/uploads\/sites\/11\/2016\/07\/escritos-felix-de-andreis.jpg?fit=1200%2C630\",\"contentUrl\":\"https:\/\/i0.wp.com\/vincentians.com\/es\/wp-content\/uploads\/sites\/11\/2016\/07\/escritos-felix-de-andreis.jpg?fit=1200%2C630\",\"width\":1200,\"height\":630},{\"@type\":\"BreadcrumbList\",\"@id\":\"http:\/\/vincentians.com\/es\/santiago-masarnau-3\/#breadcrumb\",\"itemListElement\":[{\"@type\":\"ListItem\",\"position\":1,\"name\":\"Portada\",\"item\":\"http:\/\/vincentians.com\/es\/\"},{\"@type\":\"ListItem\",\"position\":2,\"name\":\"Santiago Masarnau (3)\"}]},{\"@type\":\"WebSite\",\"@id\":\"http:\/\/vincentians.com\/es\/#website\",\"url\":\"http:\/\/vincentians.com\/es\/\",\"name\":\"Somos Vicencianos\",\"description\":\"Know more to serve more\",\"publisher\":{\"@id\":\"http:\/\/vincentians.com\/es\/#organization\"},\"potentialAction\":[{\"@type\":\"SearchAction\",\"target\":{\"@type\":\"EntryPoint\",\"urlTemplate\":\"http:\/\/vincentians.com\/es\/?s={search_term_string}\"},\"query-input\":{\"@type\":\"PropertyValueSpecification\",\"valueRequired\":true,\"valueName\":\"search_term_string\"}}],\"inLanguage\":\"es\"},{\"@type\":\"Organization\",\"@id\":\"http:\/\/vincentians.com\/es\/#organization\",\"name\":\"The Vincentian Network\",\"url\":\"http:\/\/vincentians.com\/es\/\",\"logo\":{\"@type\":\"ImageObject\",\"inLanguage\":\"es\",\"@id\":\"http:\/\/vincentians.com\/es\/#\/schema\/logo\/image\/\",\"url\":\"https:\/\/i1.wp.com\/vincentians.com\/es\/wp-content\/uploads\/sites\/11\/2016\/06\/Vincentian-Network-logo-big.png?fit=778%2C778\",\"contentUrl\":\"https:\/\/i1.wp.com\/vincentians.com\/es\/wp-content\/uploads\/sites\/11\/2016\/06\/Vincentian-Network-logo-big.png?fit=778%2C778\",\"width\":778,\"height\":778,\"caption\":\"The Vincentian Network\"},\"image\":{\"@id\":\"http:\/\/vincentians.com\/es\/#\/schema\/logo\/image\/\"},\"sameAs\":[\"https:\/\/www.facebook.com\/WeAreVincentians\/\",\"https:\/\/x.com\/WeVincentians\"]},{\"@type\":\"Person\",\"@id\":\"http:\/\/vincentians.com\/es\/#\/schema\/person\/7c2670b4445a7ca9d164ea6acdb31859\",\"name\":\"Mitxel Olabu\u00e9naga\",\"image\":{\"@type\":\"ImageObject\",\"inLanguage\":\"es\",\"@id\":\"http:\/\/vincentians.com\/es\/#\/schema\/person\/image\/\",\"url\":\"https:\/\/secure.gravatar.com\/avatar\/34137ec2e2b8939cbbed975731e71f3f4f1defc7266ded337a5ce0f925426877?s=96&d=mm&r=g\",\"contentUrl\":\"https:\/\/secure.gravatar.com\/avatar\/34137ec2e2b8939cbbed975731e71f3f4f1defc7266ded337a5ce0f925426877?s=96&d=mm&r=g\",\"caption\":\"Mitxel Olabu\u00e9naga\"},\"url\":\"http:\/\/vincentians.com\/es\/author\/mitxel\/\"}]}<\/script>\n<!-- \/ Yoast SEO plugin. -->","yoast_head_json":{"title":"Santiago Masarnau (3) - Somos Vicencianos","robots":{"index":"index","follow":"follow","max-snippet":"max-snippet:-1","max-image-preview":"max-image-preview:large","max-video-preview":"max-video-preview:-1"},"canonical":"http:\/\/vincentians.com\/es\/santiago-masarnau-3\/","og_locale":"es_ES","og_type":"article","og_title":"Santiago Masarnau (3) - Somos Vicencianos","og_description":"DE NUEVO EN ESPA\u00d1A La etapa de Quadrado que comprende entre 1829, fecha de su regreso a Espa\u00f1a, y la segunda emigraci\u00f3n en 1837, dista mucho de ser uniforme: en el intermedio de estos ocho ... Read More","og_url":"http:\/\/vincentians.com\/es\/santiago-masarnau-3\/","og_site_name":"Somos Vicencianos","article_publisher":"https:\/\/www.facebook.com\/WeAreVincentians\/","article_published_time":"2020-10-11T06:29:00+00:00","og_image":[{"width":1200,"height":630,"url":"https:\/\/i0.wp.com\/vincentians.com\/es\/wp-content\/uploads\/sites\/11\/2016\/07\/escritos-felix-de-andreis.jpg?fit=1200%2C630","type":"image\/jpeg"}],"author":"Mitxel Olabu\u00e9naga","twitter_card":"summary_large_image","twitter_creator":"@WeVincentians","twitter_site":"@WeVincentians","twitter_misc":{"Escrito por":"Mitxel Olabu\u00e9naga","Tiempo de lectura":"17 minutos"},"schema":{"@context":"https:\/\/schema.org","@graph":[{"@type":"Article","@id":"http:\/\/vincentians.com\/es\/santiago-masarnau-3\/#article","isPartOf":{"@id":"http:\/\/vincentians.com\/es\/santiago-masarnau-3\/"},"author":{"name":"Mitxel Olabu\u00e9naga","@id":"http:\/\/vincentians.com\/es\/#\/schema\/person\/7c2670b4445a7ca9d164ea6acdb31859"},"headline":"Santiago Masarnau (3)","datePublished":"2020-10-11T06:29:00+00:00","mainEntityOfPage":{"@id":"http:\/\/vincentians.com\/es\/santiago-masarnau-3\/"},"wordCount":3413,"commentCount":0,"publisher":{"@id":"http:\/\/vincentians.com\/es\/#organization"},"image":{"@id":"http:\/\/vincentians.com\/es\/santiago-masarnau-3\/#primaryimage"},"thumbnailUrl":"https:\/\/i0.wp.com\/vincentians.com\/es\/wp-content\/uploads\/sites\/11\/2016\/07\/escritos-felix-de-andreis.jpg?fit=1200%2C630","articleSection":["Santiago Masarnau"],"inLanguage":"es","potentialAction":[{"@type":"CommentAction","name":"Comment","target":["http:\/\/vincentians.com\/es\/santiago-masarnau-3\/#respond"]}]},{"@type":"WebPage","@id":"http:\/\/vincentians.com\/es\/santiago-masarnau-3\/","url":"http:\/\/vincentians.com\/es\/santiago-masarnau-3\/","name":"Santiago Masarnau (3) - Somos Vicencianos","isPartOf":{"@id":"http:\/\/vincentians.com\/es\/#website"},"primaryImageOfPage":{"@id":"http:\/\/vincentians.com\/es\/santiago-masarnau-3\/#primaryimage"},"image":{"@id":"http:\/\/vincentians.com\/es\/santiago-masarnau-3\/#primaryimage"},"thumbnailUrl":"https:\/\/i0.wp.com\/vincentians.com\/es\/wp-content\/uploads\/sites\/11\/2016\/07\/escritos-felix-de-andreis.jpg?fit=1200%2C630","datePublished":"2020-10-11T06:29:00+00:00","breadcrumb":{"@id":"http:\/\/vincentians.com\/es\/santiago-masarnau-3\/#breadcrumb"},"inLanguage":"es","potentialAction":[{"@type":"ReadAction","target":["http:\/\/vincentians.com\/es\/santiago-masarnau-3\/"]}]},{"@type":"ImageObject","inLanguage":"es","@id":"http:\/\/vincentians.com\/es\/santiago-masarnau-3\/#primaryimage","url":"https:\/\/i0.wp.com\/vincentians.com\/es\/wp-content\/uploads\/sites\/11\/2016\/07\/escritos-felix-de-andreis.jpg?fit=1200%2C630","contentUrl":"https:\/\/i0.wp.com\/vincentians.com\/es\/wp-content\/uploads\/sites\/11\/2016\/07\/escritos-felix-de-andreis.jpg?fit=1200%2C630","width":1200,"height":630},{"@type":"BreadcrumbList","@id":"http:\/\/vincentians.com\/es\/santiago-masarnau-3\/#breadcrumb","itemListElement":[{"@type":"ListItem","position":1,"name":"Portada","item":"http:\/\/vincentians.com\/es\/"},{"@type":"ListItem","position":2,"name":"Santiago Masarnau (3)"}]},{"@type":"WebSite","@id":"http:\/\/vincentians.com\/es\/#website","url":"http:\/\/vincentians.com\/es\/","name":"Somos Vicencianos","description":"Know more to serve more","publisher":{"@id":"http:\/\/vincentians.com\/es\/#organization"},"potentialAction":[{"@type":"SearchAction","target":{"@type":"EntryPoint","urlTemplate":"http:\/\/vincentians.com\/es\/?s={search_term_string}"},"query-input":{"@type":"PropertyValueSpecification","valueRequired":true,"valueName":"search_term_string"}}],"inLanguage":"es"},{"@type":"Organization","@id":"http:\/\/vincentians.com\/es\/#organization","name":"The Vincentian Network","url":"http:\/\/vincentians.com\/es\/","logo":{"@type":"ImageObject","inLanguage":"es","@id":"http:\/\/vincentians.com\/es\/#\/schema\/logo\/image\/","url":"https:\/\/i1.wp.com\/vincentians.com\/es\/wp-content\/uploads\/sites\/11\/2016\/06\/Vincentian-Network-logo-big.png?fit=778%2C778","contentUrl":"https:\/\/i1.wp.com\/vincentians.com\/es\/wp-content\/uploads\/sites\/11\/2016\/06\/Vincentian-Network-logo-big.png?fit=778%2C778","width":778,"height":778,"caption":"The Vincentian Network"},"image":{"@id":"http:\/\/vincentians.com\/es\/#\/schema\/logo\/image\/"},"sameAs":["https:\/\/www.facebook.com\/WeAreVincentians\/","https:\/\/x.com\/WeVincentians"]},{"@type":"Person","@id":"http:\/\/vincentians.com\/es\/#\/schema\/person\/7c2670b4445a7ca9d164ea6acdb31859","name":"Mitxel Olabu\u00e9naga","image":{"@type":"ImageObject","inLanguage":"es","@id":"http:\/\/vincentians.com\/es\/#\/schema\/person\/image\/","url":"https:\/\/secure.gravatar.com\/avatar\/34137ec2e2b8939cbbed975731e71f3f4f1defc7266ded337a5ce0f925426877?s=96&d=mm&r=g","contentUrl":"https:\/\/secure.gravatar.com\/avatar\/34137ec2e2b8939cbbed975731e71f3f4f1defc7266ded337a5ce0f925426877?s=96&d=mm&r=g","caption":"Mitxel Olabu\u00e9naga"},"url":"http:\/\/vincentians.com\/es\/author\/mitxel\/"}]}},"jetpack_publicize_connections":[],"jetpack_featured_media_url":"https:\/\/i0.wp.com\/vincentians.com\/es\/wp-content\/uploads\/sites\/11\/2016\/07\/escritos-felix-de-andreis.jpg?fit=1200%2C630","jetpack_sharing_enabled":true,"jetpack_shortlink":"https:\/\/wp.me\/p7ETMF-1GRD","jetpack-related-posts":[{"id":403099,"url":"http:\/\/vincentians.com\/es\/santiago-masarnau-2\/","url_meta":{"origin":403101,"position":0},"title":"Santiago Masarnau (2)","author":"Mitxel Olabu\u00e9naga","date":"09\/10\/2020","format":false,"excerpt":"LA PRIMERA ESTANCIA EN EL EXTRANJERO Ya se vio en el cap\u00edtulo anterior c\u00f3mo la familia Masarnau vivi\u00f3 pac\u00edficamente y sin ser molestada al menos hasta agosto de 1825 en el que el segundo hijo var\u00f3n, Santiago, emprendi\u00f3 viaje a Par\u00eds en agosto. No hay fuentes conocidas ni el menor\u2026","rel":"","context":"En \u00abSantiago Masarnau\u00bb","block_context":{"text":"Santiago Masarnau","link":"http:\/\/vincentians.com\/es\/category\/la-familia-vicenciana\/la-familia-vicenciana-en-los-altares\/venerables-y-siervos-de-dios\/santiago-masarnau\/"},"img":{"alt_text":"","src":"https:\/\/i0.wp.com\/vincentians.com\/es\/wp-content\/uploads\/sites\/11\/2016\/07\/escritos-regis-clet.jpg?fit=1200%2C630&resize=350%2C200","width":350,"height":200,"srcset":"https:\/\/i0.wp.com\/vincentians.com\/es\/wp-content\/uploads\/sites\/11\/2016\/07\/escritos-regis-clet.jpg?fit=1200%2C630&resize=350%2C200 1x, https:\/\/i0.wp.com\/vincentians.com\/es\/wp-content\/uploads\/sites\/11\/2016\/07\/escritos-regis-clet.jpg?fit=1200%2C630&resize=525%2C300 1.5x, https:\/\/i0.wp.com\/vincentians.com\/es\/wp-content\/uploads\/sites\/11\/2016\/07\/escritos-regis-clet.jpg?fit=1200%2C630&resize=700%2C400 2x, https:\/\/i0.wp.com\/vincentians.com\/es\/wp-content\/uploads\/sites\/11\/2016\/07\/escritos-regis-clet.jpg?fit=1200%2C630&resize=1050%2C600 3x"},"classes":[]},{"id":405480,"url":"http:\/\/vincentians.com\/es\/la-sociedad-de-san-vicente-de-paul-organiza-un-concierto-homenaje-a-santiago-de-masarnau-en-madrid\/","url_meta":{"origin":403101,"position":1},"title":"La Sociedad de San Vicente de Pa\u00fal organiza un concierto homenaje a Santiago de Masarnau en Madrid","author":"Mitxel Olabu\u00e9naga","date":"11\/03\/2024","format":false,"excerpt":"En Espa\u00f1a, la Sociedad de San Vicente de Pa\u00fal cumple 175 a\u00f1os desde su fundaci\u00f3n por Santiago de Masarnau, en Madrid El pr\u00f3ximo 22 de marzo a las 20:00 h, la Sociedad de San Vicente de Pa\u00fal (SSVP) ofrecer\u00e1 un recital de piano en Madrid, como parte de un ciclo\u2026","rel":"","context":"En \u00abEfem\u00e9rides Vicencianas\u00bb","block_context":{"text":"Efem\u00e9rides Vicencianas","link":"http:\/\/vincentians.com\/es\/category\/historia-de-la-familia-vicenciana\/efemerides-vicencianas\/"},"img":{"alt_text":"","src":"https:\/\/i0.wp.com\/vincentians.com\/es\/wp-content\/uploads\/sites\/11\/2024\/03\/Concierto_2650544968_16993386_660x371.jpg?fit=660%2C371&resize=350%2C200","width":350,"height":200,"srcset":"https:\/\/i0.wp.com\/vincentians.com\/es\/wp-content\/uploads\/sites\/11\/2024\/03\/Concierto_2650544968_16993386_660x371.jpg?fit=660%2C371&resize=350%2C200 1x, https:\/\/i0.wp.com\/vincentians.com\/es\/wp-content\/uploads\/sites\/11\/2024\/03\/Concierto_2650544968_16993386_660x371.jpg?fit=660%2C371&resize=525%2C300 1.5x"},"classes":[]},{"id":45531,"url":"http:\/\/vincentians.com\/es\/santiago-masarnau-primera-parte\/","url_meta":{"origin":403101,"position":2},"title":"Santiago Masarnau (Primera parte)","author":"Francisco Javier Fern\u00e1ndez Chento","date":"06\/07\/2011","format":false,"excerpt":"I.- Or\u00edgenes familiares y a\u00f1os de juventud Santiago Masarnau Fern\u00e1ndez naci\u00f3 en Madrid el 10 de diciembre de 1805. Fueron sus padres D. Santia\u00adgo Masarnau Torres natural de Co\u00adpons (Barcelona), obispado de Vic, donde hab\u00eda nacido en 1774; mientras que su madre, Beatriz Fern\u00e1ndez Ca\u00adrredano, nacida en 1772, era de\u2026","rel":"","context":"En \u00abSantiago Masarnau\u00bb","block_context":{"text":"Santiago Masarnau","link":"http:\/\/vincentians.com\/es\/category\/la-familia-vicenciana\/la-familia-vicenciana-en-los-altares\/venerables-y-siervos-de-dios\/santiago-masarnau\/"},"img":{"alt_text":"","src":"https:\/\/i0.wp.com\/vicencianos.org\/wp-content\/2011\/07\/images.jpg?resize=350%2C200","width":350,"height":200},"classes":[]},{"id":403109,"url":"http:\/\/vincentians.com\/es\/santiago-masarnau-5a\/","url_meta":{"origin":403101,"position":3},"title":"Santiago Masarnau (5A)","author":"Mitxel Olabu\u00e9naga","date":"19\/10\/2020","format":false,"excerpt":"SEGUNDA ESTANCIA EN EL EXTRANJERO En realidad fue \u00e9ste el tercer viaje y estancia de Masarnau, pues \u2014como se vio antes\u2014 estuvo algo m\u00e1s de un a\u00f1o fuera desde su regreso a Espa\u00f1a en 1829. No obstante, esta vez fueron casi seis a\u00f1os, y aun hubieran podido ser m\u00e1s de\u2026","rel":"","context":"En \u00abSantiago Masarnau\u00bb","block_context":{"text":"Santiago Masarnau","link":"http:\/\/vincentians.com\/es\/category\/la-familia-vicenciana\/la-familia-vicenciana-en-los-altares\/venerables-y-siervos-de-dios\/santiago-masarnau\/"},"img":{"alt_text":"","src":"https:\/\/i0.wp.com\/vincentians.com\/es\/wp-content\/uploads\/sites\/11\/2016\/09\/identidad.jpg?fit=1200%2C630&resize=350%2C200","width":350,"height":200,"srcset":"https:\/\/i0.wp.com\/vincentians.com\/es\/wp-content\/uploads\/sites\/11\/2016\/09\/identidad.jpg?fit=1200%2C630&resize=350%2C200 1x, https:\/\/i0.wp.com\/vincentians.com\/es\/wp-content\/uploads\/sites\/11\/2016\/09\/identidad.jpg?fit=1200%2C630&resize=525%2C300 1.5x, https:\/\/i0.wp.com\/vincentians.com\/es\/wp-content\/uploads\/sites\/11\/2016\/09\/identidad.jpg?fit=1200%2C630&resize=700%2C400 2x, https:\/\/i0.wp.com\/vincentians.com\/es\/wp-content\/uploads\/sites\/11\/2016\/09\/identidad.jpg?fit=1200%2C630&resize=1050%2C600 3x"},"classes":[]},{"id":405036,"url":"http:\/\/vincentians.com\/es\/santiago-masarnau-testimonios-de-su-fama-de-santidad-i\/","url_meta":{"origin":403101,"position":4},"title":"SANTIAGO MASARNAU: TESTIMONIOS DE SU FAMA DE SANTIDAD (I)","author":"Mitxel Olabu\u00e9naga","date":"02\/12\/2023","format":false,"excerpt":"SANTIAGO MASARNAU: SU PERSONALIDAD Es importante, en estos momentos en que la Sociedad de San Vicente de Pa\u00fal en Espa\u00f1a acaba de celebrar el 150 Aniversario de su fundaci\u00f3n, se reflexione sobre la biograf\u00eda de SANTIAGO MASARNAU FERN\u00c1NDEZ, y no s\u00f3lo porque a \u00e9l se debe la fundaci\u00f3n en Espa\u00f1a,\u2026","rel":"","context":"En \u00abFormaci\u00f3n Vicenciana\u00bb","block_context":{"text":"Formaci\u00f3n Vicenciana","link":"http:\/\/vincentians.com\/es\/category\/formacion-vicenciana\/"},"img":{"alt_text":"","src":"https:\/\/i0.wp.com\/vincentians.com\/es\/wp-content\/uploads\/sites\/11\/2021\/11\/Masarnau-4.jpg?fit=1200%2C630&resize=350%2C200","width":350,"height":200,"srcset":"https:\/\/i0.wp.com\/vincentians.com\/es\/wp-content\/uploads\/sites\/11\/2021\/11\/Masarnau-4.jpg?fit=1200%2C630&resize=350%2C200 1x, https:\/\/i0.wp.com\/vincentians.com\/es\/wp-content\/uploads\/sites\/11\/2021\/11\/Masarnau-4.jpg?fit=1200%2C630&resize=525%2C300 1.5x, https:\/\/i0.wp.com\/vincentians.com\/es\/wp-content\/uploads\/sites\/11\/2021\/11\/Masarnau-4.jpg?fit=1200%2C630&resize=700%2C400 2x, https:\/\/i0.wp.com\/vincentians.com\/es\/wp-content\/uploads\/sites\/11\/2021\/11\/Masarnau-4.jpg?fit=1200%2C630&resize=1050%2C600 3x"},"classes":[]},{"id":11814,"url":"http:\/\/vincentians.com\/es\/santiago-masarnau-breve-biografia-1805-1882\/","url_meta":{"origin":403101,"position":5},"title":"Santiago Masarnau, Breve Biograf\u00eda (1805-1882)","author":"Francisco Javier Fern\u00e1ndez Chento","date":"02\/02\/2012","format":false,"excerpt":"Es importante, en estos momentos en que, la Sociedad de San Vicente de Pa\u00fal ha cumplido ya m\u00e1s de 200 a\u00f1os del nacimiento de su fundador, se reflexione sobre la biograf\u00eda de SANTIAGO MASARNAU FERN\u00c1NDEZ como Primer Presidente de esta Sociedad en Espa\u00f1a. Y no solamente porque a \u00e9l se\u2026","rel":"","context":"En \u00abSantiago Masarnau\u00bb","block_context":{"text":"Santiago Masarnau","link":"http:\/\/vincentians.com\/es\/category\/la-familia-vicenciana\/la-familia-vicenciana-en-los-altares\/venerables-y-siervos-de-dios\/santiago-masarnau\/"},"img":{"alt_text":"","src":"https:\/\/i0.wp.com\/vicencianos.org\/wp-content\/2010\/02\/masarnau-192x300.png?resize=350%2C200","width":350,"height":200},"classes":[]}],"_links":{"self":[{"href":"http:\/\/vincentians.com\/es\/wp-json\/wp\/v2\/posts\/403101","targetHints":{"allow":["GET"]}}],"collection":[{"href":"http:\/\/vincentians.com\/es\/wp-json\/wp\/v2\/posts"}],"about":[{"href":"http:\/\/vincentians.com\/es\/wp-json\/wp\/v2\/types\/post"}],"author":[{"embeddable":true,"href":"http:\/\/vincentians.com\/es\/wp-json\/wp\/v2\/users\/5"}],"replies":[{"embeddable":true,"href":"http:\/\/vincentians.com\/es\/wp-json\/wp\/v2\/comments?post=403101"}],"version-history":[{"count":1,"href":"http:\/\/vincentians.com\/es\/wp-json\/wp\/v2\/posts\/403101\/revisions"}],"predecessor-version":[{"id":403102,"href":"http:\/\/vincentians.com\/es\/wp-json\/wp\/v2\/posts\/403101\/revisions\/403102"}],"wp:featuredmedia":[{"embeddable":true,"href":"http:\/\/vincentians.com\/es\/wp-json\/wp\/v2\/media\/398538"}],"wp:attachment":[{"href":"http:\/\/vincentians.com\/es\/wp-json\/wp\/v2\/media?parent=403101"}],"wp:term":[{"taxonomy":"category","embeddable":true,"href":"http:\/\/vincentians.com\/es\/wp-json\/wp\/v2\/categories?post=403101"},{"taxonomy":"post_tag","embeddable":true,"href":"http:\/\/vincentians.com\/es\/wp-json\/wp\/v2\/tags?post=403101"}],"curies":[{"name":"wp","href":"https:\/\/api.w.org\/{rel}","templated":true}]}}