{"id":40256,"date":"2018-11-08T08:25:00","date_gmt":"2018-11-08T07:25:00","guid":{"rendered":"http:\/\/somos.vicencianos.org\/?p=40256"},"modified":"2018-10-17T17:43:43","modified_gmt":"2018-10-17T15:43:43","slug":"la-organizacion-y-el-espiritu-de-la-vida-comun-segun-san-vicente-de-paul","status":"publish","type":"post","link":"http:\/\/vincentians.com\/es\/la-organizacion-y-el-espiritu-de-la-vida-comun-segun-san-vicente-de-paul\/","title":{"rendered":"La organizaci\u00f3n y el esp\u00edritu de la vida com\u00fan, seg\u00fan San Vicente de Pa\u00fal"},"content":{"rendered":"<h2>Introducci\u00f3n: un gu\u00eda clarividente<\/h2>\n<p>En el recorrido que vamos a emprender, perm\u00edtanme la utilizaci\u00f3n de un gu\u00eda. Y no se extra\u00f1en ante mi proposi\u00adci\u00f3n: elegimos para esta misi\u00f3n a un gu\u00eda que es ciego: he nombrado al P. Pouget, nacido en Morsanges, el 14 de octubre de 1847. Ingres\u00f3 en la Congregaci\u00f3n de la Misi\u00f3n, el 7 de octubre de 1867, en Par\u00eds. Despu\u00e9s de pronunciar los votos privados \u2014de uso en la Congregaci\u00f3n\u2014 fue ordenado sacerdote el 25 de mayo de 1872, falleciendo despu\u00e9s de 61 a\u00f1os de vida sacerdotal en Par\u00eds, el 24 de febrero de 1933.<\/p>\n<p>Tranquil\u00edcense; este ciego est\u00e1 dotado de una clarivi\u00addencia que proyecta luz sobre lo invisible, es decir, sobre aquello que sostiene y explica todo lo visible.<\/p>\n<p>Recientemente, el Papa Pablo VI, refiri\u00e9ndose a este hijo de san Vicente: \u00abese extraordinario sacerdote, ese maestro de espiritualidad, ese fin\u00edsimo pensador\u00bb (Audien\u00adcia General de 3 de abril de 1974. Documentation Catho\u00adlique, n. 1653, 5 de mayo de 1974, p. 40, 4).<\/p>\n<p>Interrogado un d\u00eda, por Jean Guitton sobre el itinerario que le hab\u00eda llevado a la Congregaci\u00f3n de la Misi\u00f3n, el P. Guillermo Pouget respondi\u00f3: \u00abTuve primero la idea de hacerme jesuita para encontrar mayores facilidades para el estudio. Pero, en realidad vine a San L\u00e1zaro: lo que me atra\u00eda en los lazaristas, era <em>la buena convivencia <\/em>que exist\u00eda entre ellos&#8230; Por Pascua de Resurrecci\u00f3n, rezando ante una imagen de san Vicente, me vino a la mente: \u2014\u00bfY si entrase en la Congregaci\u00f3n de este santo? Esta idea se que\u00add\u00f3 grabada en m\u00ed. Lo que me decidi\u00f3 fue <em>la humildad. <\/em>Re\u00adnunci\u00e9 a ser extraordinario. Ser\u00eda uno del mont\u00f3n. Si fuera jesuita me sentir\u00eda m\u00e1s expuesto a querer brillar&#8230; Vale m\u00e1s que me dirija hacia los lazaristas\u00bb (JEAN GUITTON, <em>Oeuvres compl\u00e9tes, <\/em>Par\u00eds, Descl\u00e9e de Brouver, t. I., pp. 43-44).<\/p>\n<p><em>Buena convivencia, humildad: <\/em>dos palabras, doble nube luminosa que va a guiar nuestro deseo de caracterizar la originalidad y al mismo tiempo reconocer el valor trans\u00adhist\u00f3rico del vivir vicenciano.<\/p>\n<p>Fijaremos, para nuestro caminar, tres etapas:<\/p>\n<ol>\n<li>La tarea vicenciana<sup>:<\/sup> ambientaci\u00f3n, elementos ins\u00adpiradores.<\/li>\n<li>C\u00f3mo se logr\u00f3 esta tarea de agrupar a las personas, durante 35 a\u00f1os y a\u00fan quiz\u00e1s durante 43 a\u00f1os, si contamos desde 1617 hasta 1660.<\/li>\n<li>El resultado de este esfuerzo, es decir, el retrato es\u00adpiritual del vicenciano en su vivir comunitario.<\/li>\n<\/ol>\n<h3><em>1. La tarea vicenciana.<\/em><\/h3>\n<p><strong>a) \u00bfCu\u00e1l es la intenci\u00f3n que mueve a san Vicente?<\/strong><\/p>\n<p>\u2014\u00bbContinuar la misi\u00f3n de Cristo definida ante todo por la evangelizaci\u00f3n de los pobres y la formaci\u00f3n de Ap\u00f3stoles\u00bb.<\/p>\n<p>Notemos aqu\u00ed que la palabra \u00abcontinuar\u00bb nos viene enri\u00adquecida con una doble significaci\u00f3n:<\/p>\n<p style=\"padding-left: 30px\">1) La continuidad significa en primer lugar la ausencia de ruptura. Es inconcebible una continuidad a base de al\u00adternativas: una continuidad discontinua carece de todo sentido.<\/p>\n<p style=\"padding-left: 30px\">2) La continuidad, en la mente de san Vicente, no con\u00adsiste s\u00f3lo en la mera oposici\u00f3n con la ruptura, remedio con\u00adtra lo versatil de la naturaleza humana, \u00e9sta tiende siempre de por s\u00ed hacia el cambio:<span id='easy-footnote-1-40256' class='easy-footnote-margin-adjust'><\/span><span class='easy-footnote'><a href='http:\/\/vincentians.com\/es\/la-organizacion-y-el-espiritu-de-la-vida-comun-segun-san-vicente-de-paul\/#easy-footnote-bottom-1-40256' title='La naturaleza tiende hacia el cambio: S. Vicente, IV. 163, 252, 276, 279, 359, 407, 452, 480. V 317, 446, 614, 617, 634. VI 54, 123, 429, 535. VII 454, 588.'><sup>1<\/sup><\/a><\/span> consiste en una continua referencia, en un ajuste permanente al continuo obrar de Dios y de Cristo en el mundo (S.V.IX. 489-491-492).<\/p>\n<p><strong>b) \u00bfCu\u00e1les son los m\u00e9todos empleados?<\/strong><\/p>\n<p>Para lograr esta continuidad y dominar la versatilidad natural, pueden seguirse dos caminos:<\/p>\n<p style=\"padding-left: 30px\">1) El primero consistir\u00eda en vincular a las personas. As\u00ed sujetaba el ej\u00e9rcito romano a sus reclutas mediante la impresi\u00f3n de un \u00abcar\u00e1cter\u00bb material y visible. Del mismo modo, Pacomio matriculaba a sus monjes, en espera de que llegase el abad Schnoudi ideando la emisi\u00f3n de votos. Bajo el antiguo r\u00e9gimen, el valor de los votos no se limitaba al orden moral. Reconocidos por la sociedad civil, \u00e9sta, incapacitaba jur\u00eddicamente para los actos que le fueran contrarios.<\/p>\n<p style=\"padding-left: 30px\">Dos razones, dos motivaciones van a apartar a san Vi\u00adcente de querer atar a sus colaboradores mediante el v\u00edn\u00adculo de votos emitidos en el fuero externo:<\/p>\n<p style=\"padding-left: 30px\">\u2014Ni la Santa Sede, ni los notables, ni el clero, ni los dem\u00e1s \u00abregulares\u00bb deseaban ver nacer y desarrollarse una nueva \u00abreligi\u00f3n\u00bb.<span id='easy-footnote-2-40256' class='easy-footnote-margin-adjust'><\/span><span class='easy-footnote'><a href='http:\/\/vincentians.com\/es\/la-organizacion-y-el-espiritu-de-la-vida-comun-segun-san-vicente-de-paul\/#easy-footnote-bottom-2-40256' title='Oposici\u00f3n ante una nueva \u00abreligi\u00f3n\u00bb:&lt;\/p&gt;\n&lt;p style=&quot;padding-left: 30px&quot;&gt;a) Oposici\u00f3n de los p\u00e1rrocos de Par\u00eds: S.V. XIII, 229-230.&lt;\/p&gt;\n&lt;p style=&quot;padding-left: 30px&quot;&gt;b) Oposici\u00f3n de la Sagrada Congregaci\u00f3n de la propagaci\u00f3n de la fe: S.V. XIII. 222 &amp;#8211; 225. 28 de agosto de 1628.&lt;\/p&gt;\n&lt;p style=&quot;padding-left: 30px&quot;&gt;c) Oposici\u00f3n de los Can\u00f3nigos de S. V\u00edctor: A.N.M. 212, fajo 4\u00ba.&lt;\/p&gt;\n&lt;p style=&quot;padding-left: 30px&quot;&gt;d) Oposici\u00f3n de los benedictinos de St. M\u00e9en: S.V. II, 569; A.N.S. 6, 711.&lt;\/p&gt;\n&lt;p style=&quot;padding-left: 30px&quot;&gt;c) Oposici\u00f3n de los Oratorianos: Pierre de Berulle, correspondencia, t. III, pp. 434-435.'><sup>2<\/sup><\/a><\/span>\n<p style=\"padding-left: 30px\">\u2014 En s\u00ed mismos, los votos emitidos en el futuro externo en esas fronteras de lo visible en las almas, podr\u00edamos de\u00adcir, pod\u00edan bastar. El m\u00e1s ligero balance de un esbozo de lo que era la vida religiosa y los votos, a principios del siglo xvii bastaba para no convidar a adentrarse por ese camino: benedictinos, cistercienses, carmelitas, capuchi\u00adnos y franciscanos \u2014por ce\u00f1irnos s\u00f3lo a los m\u00e1s conoci\u00addos\u2014 ofrec\u00edan en el teatro de este mundo, un circo grotesco que, visto desde m\u00e1s cerca, se convert\u00eda en tr\u00e1gico espec\u00adt\u00e1culo.<\/p>\n<p style=\"padding-left: 30px\">2) El segundo camino llega a imponerse poco a poco. Convida a buscar el compromiso dentro de lo m\u00e1s hondo que pueda haber en la experiencia religiosa: intenta lograr algo que bien pudiera esquematizarse en esta doble orien\u00adtaci\u00f3n:<\/p>\n<p style=\"padding-left: 30px\">\u2014 En primer lugar, mantener y llevar a cabo las varia\u00addas pero constantes intenciones de las primeras funda\u00adciones.<\/p>\n<p style=\"padding-left: 30px\">\u2014 Luego, inventar las disposiciones exigidas por la evoluci\u00f3n de la vida social, afirmando siempre con la mayor fuerza y con mayor hondura las exigencias de Dios sobre su creatura.<\/p>\n<p><strong>c) \u00bfCu\u00e1les son las cualidades del itinerario vicenciano?<\/strong><\/p>\n<p>Para que un m\u00e9todo sea realista, eficaz, debe conseguir una doble meta:<\/p>\n<ul>\n<li>Conservar lo adquirido por la experiencia de los tiempos pasados.<\/li>\n<li>Convalidar esta herencia recibida, de tal modo, que sirva para preparar, afianzar y encauzar los tiempos ve\u00adnideros.<\/li>\n<\/ul>\n<p>As\u00ed llegamos a la formulaci\u00f3n del doble interrogante al cual hemos de responder:<\/p>\n<ul>\n<li>\u00bfCu\u00e1les eran las adquisiciones que ser\u00eda preciso conservar y hacer fructificar?<\/li>\n<li>\u00bfC\u00f3mo supo san Vicente heredar de estas riquezas, explot\u00e1ndolas, convalid\u00e1ndolas, dot\u00e1ndolas de un valor renovado distinto del que ya pose\u00edan para sus contempor\u00e1\u00adneos?<\/li>\n<\/ul>\n<p>1) Las adquisiciones del pasado.<\/p>\n<p>Para facilitar el inventario, me contentar\u00e9 con fijarme en tres palabras que bastar\u00e1n para catalogarlas:<\/p>\n<p style=\"padding-left: 30px\">a) La estabilidad de la vida mon\u00e1stica:<\/p>\n<p style=\"padding-left: 30px\">\u00bfQu\u00e9 es lo que Pacomio, Benito, Columbano, Bernardo, hab\u00edan intuido, reconocido y adquirido al filo de su propia experiencia religiosa?<\/p>\n<p style=\"padding-left: 30px\">\u2014 Sin duda alguna, lo complejo que es la entrega de s\u00ed mismo a Dios.<\/p>\n<p style=\"padding-left: 30px\">Se sent\u00edan responsables de una instituci\u00f3n que no pod\u00eda identificarse ni con la Iglesia, ni con la Sociedad Civil. Diferente, sin duda alguna, pero que no pod\u00eda subsistir sin vinculaci\u00f3n con la Iglesia jer\u00e1rquica y sin tener en cuenta el terreno social sobre el cual se fundaba.<\/p>\n<p style=\"padding-left: 30px\">Esta tarea era \u00e1rdua y compleja y nos interesa aqu\u00ed de\u00adfinirla \u2022 exig\u00eda tres condiciones previas:<\/p>\n<p style=\"padding-left: 30px\">\u2014 en primer lugar, permanecer en uni\u00f3n con la Iglesia jer\u00e1rquica de quien le vienen la verdad y la gracia de Cristo.<\/p>\n<p style=\"padding-left: 30px\">\u2014 En segundo lugar, utilizar la estructura y econom\u00eda de la sociedad de donde le viene la subsistencia requerida por su existencia terrestre.<\/p>\n<p style=\"padding-left: 30px\">\u2014 Finalmente, preparar a los hombres de la nueva so\u00adciedad a la acogida del misterio creador y redentor de Dios que va uniendo progresivamente a la humanidad con la divinidad. Esta adaptaci\u00f3n, que supone \u2014en negativo\u2014 la neutralizaci\u00f3n de los aspectos excesivos que hay en el hom\u00adbre, va guiada por la b\u00fasqueda de una integraci\u00f3n cada vez m\u00e1s lograda de la din\u00e1mica de todo crecer humano: ansias de vivir m\u00e1s y mejor en una creaci\u00f3n marcada por la acci\u00f3n \u00abdivinizante\u00bb de Dios.<\/p>\n<p style=\"padding-left: 30px\">Ahora bien, en los mismos albores de la vida mon\u00e1stica, nos es f\u00e1cil reconocer en esta vocaci\u00f3n, una afirmaci\u00f3n de ruptura y al mismo tiempo unas ansias de superaci\u00f3n y de conquista din\u00e1mica.<\/p>\n<p style=\"padding-left: 30px\">San Benito escribir\u00e1 en la redacci\u00f3n definitiva de su Regla: \u00abVamos a constituir una escuela de servicio al Se\u00f1or (Pr\u00f3logo). \u00abPerseverando fieles a su doctrina en el monas\u00adterio y hasta la muerte, participamos mediante la pacien\u00adcia, de los sufrimientos de Cristo&#8230; Los cenobitas viven en un monasterio que milita bajo una Regla y un abad&#8230;\u00bb. Habla de la muy fuerte raza de los cenobitas&#8230;\u00bb (cap. I).<\/p>\n<p style=\"padding-left: 30px\">La funci\u00f3n de complementariedad, equilibrio: una cierta invariabilidad del alma. Esta estabilidad indispensable se afirma mediante la estabilidad en la vida mon\u00e1stica.<\/p>\n<p style=\"padding-left: 30px\">Geogr\u00e1ficamente, el monje encuentra su identidad y su ambiente vital en el cercado del monasterio. El abad es el Se\u00f1or y el monje es el siervo feudal: esto significa que para \u00e9l, la subsistencia material y espiritual se logra mediante una relaci\u00f3n directa y personal con el abad. Su vida y con\u00adciencia reposan en la vida y conciencia del abad y en esta oblaci\u00f3n se encuentra el vivir en este mundo y ese m\u00e1s alto vivir que polariza la existencia en torno a la voluntad de Dios.<\/p>\n<p style=\"padding-left: 30px\">La estabilidad constituye al monje, elevando su existir a las dimensiones de lo eterno.<\/p>\n<p style=\"padding-left: 30px\">La vida del monasterio es imagen y s\u00edmbolo de un vivir en el cielo. Poco importa si la teolog\u00eda mon\u00e1stica hubiese podido ceder ante la tentaci\u00f3n de una imagen de cielo a se\u00admejanza de un coro de monjes cantando o bien un cielo pa\u00adrecido a un batall\u00f3n de paracaidistas ocupando y asegu\u00adrando el dominio de Dios sobre este mundo.<\/p>\n<p style=\"padding-left: 30px\">b) El profetismo de los mendicantes.<\/p>\n<p style=\"padding-left: 30px\">Las dos \u00f3rdenes religiosas fundadas en el siglo mil se refer\u00edan y se inspiraban en la \u00abvida apost\u00f3lica\u00bb, el vivir evangelizador e itinerante de los primeros ap\u00f3stoles. Cristo env\u00eda, dirige hacia los dem\u00e1s (1 Cor 1.17; Mt 28.19).<\/p>\n<p style=\"padding-left: 30px\">Nac\u00edan estas familias religiosas de los \u00abEspirituales\u00bb marcados por una intensa teolog\u00eda del Esp\u00edritu Santo y muy atentos al car\u00e1cter prof\u00e9tico de la Iglesia. Los mendicantes mantienen, en m\u00e1s evidente apertura, la tensi\u00f3n de las pers\u00adpectivas escatol\u00f3gicas.<\/p>\n<p style=\"padding-left: 30px\">Contrariamente a los benedictinos, estos se instalan en pleno coraz\u00f3n del mundo, junto a las masas para proclamar, iniciar y fomentar los avances hacia el Reino dentro de un ambiente de movilidad.<\/p>\n<p style=\"padding-left: 30px\">Permaneciendo en la l\u00f3gica de nuestra imagen de \u00abpa\u00adracaidismo\u00bb, estos militantes de lo eterno, no intentan ocu\u00adpar terrenos sino <em>inquietar <\/em>y movilizar personas para el Reino.<\/p>\n<p style=\"padding-left: 30px\">c) La Contemplaci\u00f3n activa.<\/p>\n<p style=\"padding-left: 30px\">Esta contemplaci\u00f3n activa que preconiza y propone san Ignacio de Loyola abre una nueva etapa en la experien\u00adcia de la vida religiosa.<\/p>\n<p style=\"padding-left: 30px\">El retrato espiritual del jesuita no se identifica ni se superpone con el del monje ni con el del \u00abmendicante\u00bb.<\/p>\n<p style=\"padding-left: 30px\">M\u00e1s en\u00e9rgicos que en los principios, con el correr de los tiempos los nuevos adeptos acusar\u00e1n mejor las diferen\u00adcias.<\/p>\n<p style=\"padding-left: 30px\">Los cambios se advierten en la variedad de ocupaciones y en la orientaci\u00f3n original de su prudencia.<\/p>\n<p style=\"padding-left: 30px\">Ciertamente, el equilibrio interior de los ignacianos es muy distinto del que nos ofrecen los religiosos del siglo mi&#8217;.<\/p>\n<p>Tres notas caracter\u00edsticas saltan a primera vista:<\/p>\n<ul>\n<li>En primer lugar, su <em>vinculaci\u00f3n <\/em>directa con la Santa Sede. Adem\u00e1s de los cl\u00e1sicos votos, se quieren liberados de toda observancia mon\u00e1stica, preparados para cualquier forma de acci\u00f3n, en continua disponibilidad para lanzarse a cualquier misi\u00f3n que piense confiarles el Romano Pon\u00adt\u00edfice.<\/li>\n<li>En segundo lugar, <em>la diversidad de ocupaciones. <\/em>Uno se interroga, escribe maliciosamente Frossard\u00bf Ante quien nos encontramos? \u00bfAnte un estilo misionero como los de\u00adm\u00e1s, ante una sencilla congregaci\u00f3n religiosa, ante un ej\u00e9r\u00adcito secreto, ante un instrumento de universal dominio forjado a la sombra del Papado, ante un partido pol\u00edtico? \u00bfQu\u00e9 quieren? Sojuzgar las mentes, recuperar el poder tem\u00adporal de la Iglesia? \u00bfQu\u00e9 resorte los mueve? \u00bfLa ambici\u00f3n, el fanatismo? \u00bfQui\u00e9n es su verdadero jefe? \u00bfEl Papa con quien est\u00e1n vinculados mediante el cuarto voto &#8230;o su propio general que dispone de suficiente poder, dentro y fuera de la Iglesia, para conducir su propia pol\u00edtica? (A. <strong>FROSSARD, <\/strong><em>Le sel de la terre. <\/em>Par\u00eds, A. Fayard, 1954, pp. 134-135).<\/li>\n<li><em>Finalmente, el culto de la obediencia. <\/em>Sin caracterizar a los jesuitas con los locos excesos que afirma Alejandro Dumas en el retrato del Vizconde de Bragelonne, resulta sin embargo evidente que la obediencia constituye la pieza clave de la psicolog\u00eda espiritual propia de los hijos de san Ignacio. A. Dumas, solo exagera los rasgos. \u00abEl jesuita, resume A. Frossard, no pertenece ni al pasado ni al pre\u00adsente. No es persona, es un bloque fijo de obediencia mono\u00adl\u00edtica. Donde el general pasa, el soldado ha de pasar o mo\u00adrir\u00bb (A. <strong>FROSSARD, <\/strong><em>Le sel de la Terre, <\/em>p. 134).<\/li>\n<\/ul>\n<p>Esta modificaci\u00f3n de las mentes, modifica tambi\u00e9n la relaci\u00f3n de las personas con el mundo que las rodea.<\/p>\n<p>El <em>mundo <\/em>no aparece ya como algo extra\u00f1o. Se hace cercano y familiar: es amistoso y evangelizable. Por voca\u00adci\u00f3n propia, el jesuita es ciudadano del universo.<\/p>\n<p>Los palacios y los tugurios de infieles, las Academias y el trabajo de los Colegios, constituyen para \u00e9l, lugares propios para actividades apost\u00f3licas.<\/p>\n<p>El jesuita no act\u00faa nunca en nombre propio: es el lu\u00adgarteniente de un superior. De este modo, ninguna activi\u00addad logra enajenarlo. Tiene un apoyo en la Orden y act\u00faa en funci\u00f3n de una misi\u00f3n que le ha sido confiada: es repre\u00adsentante y ejecutante fiel. Los que, como \u00e9l, se han compro\u00admetido bajo la bandera de Cristo, son hermanos entre s\u00ed, ciertamente, pero son ante todo compa\u00f1eros de combate que nunca se traicionan. En todo momento, se ayudar\u00e1n mutuamente. Al igual que la Iglesia, la sociedad ignaciana, ella tambi\u00e9n cat\u00f3lica, afirma su originalidad mediante una inquebrantable solidaridad: cada miembro de la Compa\u00f1\u00eda es hermano en la lucha, es compa\u00f1ero de combate.<\/p>\n<p>Para evitar todo riesgo de exteriorizaci\u00f3n secularista, este nuevo estilo de presencia en el mundo y esta solida\u00adridad requieren como contrapeso, <em>una interiorizaci\u00f3n <\/em>per\u00adsonal y religiosa que invada hasta lo m\u00e1s hondo del indi\u00adviduo.<\/p>\n<p>En su acci\u00f3n y en su oraci\u00f3n, el religioso tiende hacia el logro arduo del querer de Cristo. En todo momento y lugar es actualizaci\u00f3n de Dios, y, en cierto modo, viviente entrega redentora.<span id='easy-footnote-3-40256' class='easy-footnote-margin-adjust'><\/span><span class='easy-footnote'><a href='http:\/\/vincentians.com\/es\/la-organizacion-y-el-espiritu-de-la-vida-comun-segun-san-vicente-de-paul\/#easy-footnote-bottom-3-40256' title='Conducta de los jesuitas: Visita de las clases: S.V. VII, 427. M\u00e9todo de ense\u00f1anza: S.V. II, 234, 240. Avisos: S.V. IX, 296; Coloquios, 784. Avisos para el refectorio: S.V. XIII, 654. Lectura p\u00fablica de penitencias impuestas a los delincuentes: Coloquios, 476. Castigo impuesto a los que entran en las habitaciones: Coloquios, 830, 831. Aislamiento del Noviciado: Coloquios, 760. Dispensa del Coro para los que estudian. Invitar raras veces a los de fuera en sus comidas, y siempre con razones serias: Coloquios, 292. En cada casa existe un inspector o invitador: Coloquios, 459. Devuelven ordinariamente los postulantes a sus provincias de origen: S.V. VII, 525. A los que van de viaje, se les da por escrito el reglamento durante el viaje: XIII, 631. Necesitan permiso para consultar al m\u00e9dico: S.V. X, 345. El correo pasa abierto plr manos del superior: X, 405. Pueden disponer generalmente de sus intenciones de Misa: S.V. VI, 28.&lt;\/p&gt;\n&lt;p&gt;&amp;#8230;y conducta de los Oratorianos: Tienen una regla: S.V. IX, 114. No tienen ni votos: S.V. XIII, 336. ni locutorio, Coloquios, 122. Pueden heredar: S.V. V, 493. No dan nada a los que se van: S.V. III, 381. El Sr. Gilles juzga severamente a los oratorianos por no tener Votos: S.V. XIII, 342.'><sup>3<\/sup><\/a><\/span>\n<p>Que Ignacio haya sido soldado y artillero de fortaleza, que haya enrolado voluntarios bajo las banderas de Cristo, que su familia religiosa aparezca como compa\u00f1\u00eda que milita dentro de la multiforme variedad de sus miembros: todo ello constituye una evidencia que nadie puede poner en duda.<\/p>\n<p>2) La acci\u00f3n de san Vicente.<\/p>\n<p>\u00bfCu\u00e1l va a ser? Lo m\u00e1s lamentable hubiese sido el dejar caer en el olvido las riquezas del pasado o bien sumar sin discernimiento la estabilidad mon\u00e1stica, el profetismo apos\u00adt\u00f3lico, la contemplaci\u00f3n activa (Digamos aqu\u00ed, de paso, que ser\u00eda preciso situar en su propio ambiente el verdadero sentido de la c\u00e9lebre afirmaci\u00f3n que se convirti\u00f3 para no\u00adsotros en consigna: \u00abcartujos dentro de casa y misioneros fuera (Abelly, I, 16; Entretiens, p. 991). No se trataba de superponer dos estructuras armonizadas y vividas en con\u00addiciones sociales y ante finalidades religiosas clar\u00edsima-mente definidas).<\/p>\n<p>Lo que conven\u00eda pues era utilizar lo conseguido por la tradici\u00f3n religiosa; avanzar evolucionando y enriquecer lo adquirido con una fidelidad m\u00e1s profunda y m\u00e1s total al Esp\u00edritu de Dios. Era preciso saber heredar, orientar, pro\u00adyectando luces que consiguieran esclarecer el oscuro por\u00advenir.<\/p>\n<h2><strong>II. Elementos positivos de la acci\u00f3n de San Vicente<\/strong><\/h2>\n<p>Para mayor claridad, presentar\u00e9 las caracter\u00edsticas de esta acci\u00f3n en tres palabras:<\/p>\n<ol>\n<li><em>Integraci\u00f3n <\/em>progresiva de los individuos en la co\u00admunidad.<\/li>\n<li><em>Disociaci\u00f3n <\/em>entre el terreno jur\u00eddico y el moral.<\/li>\n<li><em>Transposici\u00f3n <\/em>de la triple herencia recibida del pa\u00adsado en cuanto a la experiencia religiosa de la vida com\u00fan.<\/li>\n<\/ol>\n<h3><em>1. Integraci\u00f3n progresiva.<\/em><\/h3>\n<p>a) Al principio, la vinculaci\u00f3n de las personas dentro de cofrad\u00edas de caridad era muy tenue. Vemos ya una ad\u00adhesi\u00f3n en la cual podemos notar ya dos ideas que han de constituir como el elemento medular, el germen de toda constituci\u00f3n del cuerpo:<\/p>\n<p style=\"padding-left: 30px\">\u2014 <em>Nuestro Se\u00f1or <\/em>es el verdadero Se\u00f1or de la cofrad\u00eda de Caridad: el Jes\u00fas de las Bienaventuranzas, especialmen\u00adte el de la misericordia.<\/p>\n<p style=\"padding-left: 30px\">\u2014 Las personas en la cofrad\u00eda han de quererse m\u00fatua\u00admente como seres que Dios ha unido y vinculado con su amor: as\u00ed, han de procurar hacer visible esta uni\u00f3n y este v\u00ednculo: \u00abse visitar\u00e1n y consolar\u00e1n en sus penas y enfer\u00admedades; asistir\u00e1n personalmente a los entierros de las que fallezcan&#8230;\u00bb.<\/p>\n<p>b) Las actas de fundaci\u00f3n (17 de abril de 1625, cf. XIII, 197) y de asociaci\u00f3n (4 de septiembre de 1625, cf. XIII, 203) precisar\u00e1n el car\u00e1cter de vinculaci\u00f3n entre los vicencianos que \u00abhan de vivir <em>en com\u00fan y en obediencia <\/em>al Se\u00f1or de Pa\u00fal (cf. XIII, 200).<\/p>\n<p>c) Siete a\u00f1os m\u00e1s tarde, la cohesi\u00f3n se sienta sobre pilares:<\/p>\n<p style=\"padding-left: 30px\">\u2014 Vocaci\u00f3n com\u00fan: evangelizar a los pobres.<\/p>\n<p style=\"padding-left: 30px\">\u2014 Vivir en com\u00fan dentro de una gran caridad y cordia\u00adlidad.<\/p>\n<p style=\"padding-left: 30px\">\u2014 Participaci\u00f3n com\u00fan al trabajo de todos: los herma\u00adnos viven esto mediante la uni\u00f3n \u00edntima con los sacerdotes; los sacerdotes confiesan, predican, evangelizan.<\/p>\n<p style=\"padding-left: 30px\">Al mismo tiempo y paralelamente, san Vicente estudia el ajuste de una formulaci\u00f3n que exprese la reglamentaci\u00f3n de esta uni\u00f3n. Es curioso ir notando las vacilaciones en sus afirmaciones entre 1628 y 1655 es decir durante 27 a\u00f1os.<\/p>\n<p style=\"padding-left: 30px\">As\u00ed encontramos al principio, la pr\u00e1ctica de los cuatro votos, con car\u00e1cter privado (V, 457-458).<\/p>\n<p style=\"padding-left: 30px\">San Vicente, intenta siempre centrar todo en torno al voto de estabilidad, particularmente entre los a\u00f1os 1640 y 1655 (II, 28; XIII, 380).<\/p>\n<p style=\"padding-left: 30px\">Al final san Vicente propone una nueva formulaci\u00f3n: votos simples y privados pero privilegiados (XIII, 380).<\/p>\n<p style=\"padding-left: 30px\">Mas para lograr esto, era preciso dar un paso hacia ade\u00adlante: la disociaci\u00f3n.<\/p>\n<h3>2. <em>Disociaci\u00f3n entre lo jur\u00eddico externo y lo moral privado.<\/em><\/h3>\n<p>El Breve Pontificio \u00abEx commissa nobis\u00bb del 22 de sep\u00adtiembre de 1655, que reconoce y autoriza en la Congrega\u00adci\u00f3n de la Misi\u00f3n los votos privados en el fuero interno, es notorio por dos razones:<\/p>\n<p>En primer lugar, ilumina, da por hecho y admite solem\u00adnemente la distinci\u00f3n y la disociaci\u00f3n entre los actos ex\u00adternos socializados, jur\u00eddicamente convalidados y recono\u00adcidos y el misterio complejo del ser humano, de sus inten\u00adciones, de la din\u00e1mica de su ser. Lo que somos y queremos ser no puede ser catalogado, sabido ni descifrado. Lo que separa este mundo, cada d\u00eda m\u00e1s desacralizado y profana\u00addo, y el alma cada d\u00eda m\u00e1s consciente de las progresistas exigencias de Dios, esta separaci\u00f3n ser\u00e1 cada d\u00eda m\u00e1s evi\u00addente y dram\u00e1tica.<\/p>\n<p><em>En segundo lugar, <\/em>el Breve que nos interesa, ilumina y orienta hacia el porvenir. Cada vez m\u00e1s, la aut\u00e9ntica con\u00adducta moral se alejar\u00e1 de la moral aparente y jur\u00eddica. La verdadera moral, la del juicio y del coraz\u00f3n, dir\u00e1 Pascal, la que es adaptable y r\u00edgida a la vez y a la vez exigente, a\u00f1adir\u00e1 Peguy, la moral abierta y que responde a la lla\u00admada, declarar\u00e1 Bergson en las \u00abDeux sources\u00bb (1932), esa es la moral que debe caracterizar la vida religiosa. Esta vida religiosa supone una personalidad que s\u00f3lo puede sa\u00adciar su sed en las fuentes m\u00edsticas. Partiendo de estas exi\u00adgencias s\u00f3lo es posible captar la verdadera intuici\u00f3n del pensamiento vicenciano. \u00abSe dice de los religiosos que se encuentran en un estado de perfecci\u00f3n: nosotros podemos afirmar que estamos en este estado puesto que continua\u00admente nos dedicamos a la pr\u00e1ctica verdadera de la caridad o nos mantenemos disponibles para esta pr\u00e1ctica\u00bb (Colo\u00adquio del 30 de mayo de 1659, p. 694).<\/p>\n<h3>3. <em>Trasposici\u00f3n y espiritualizaci\u00f3n de la triple herencia <\/em><em>de la vida religiosa comunitaria.<\/em><\/h3>\n<p>La disociaci\u00f3n entre lo jur\u00eddico y lo moral, nos lleva a descubrir tranquilamente la evoluci\u00f3n espiritual realizada por Vicente de Pa\u00fal, en continua fidelidad al progresivo actuar de Dios.<\/p>\n<p>a) El elemento fundamental, la estabilidad, que impide que el religioso se convierta en \u00abgirovago\u00bb en permanente \u00abinestabilidad\u00bb, esto no se logra con mediaciones mate\u00adriales \u00bfC\u00f3mo conseguir que el hombre cese de dar vueltas llamando vitalidad y acci\u00f3n a lo que s\u00f3lo es agitaci\u00f3n y ligereza de esp\u00edritu?<\/p>\n<p>Pacomio colgaba un l\u00e1tigo ante las puertas del monas\u00adterio Tabennessi y sin duda alguna que el mencionado objeto no respond\u00eda a motivaciones de decorado.<\/p>\n<p>Los responsables del monasterio pueden lograr vincu\u00adlar algunos monjes con los alicientes del refectorio. Todos estos procederes pueden convencer, pero no fijan los co\u00adrazones.<\/p>\n<p>La fidelidad es creaci\u00f3n continua del alma, es fuego y llama que invade toda la vida sin consumirla:<\/p>\n<p>S\u00f3lo se da en corazones \u00fanicamente vinculados por el coraz\u00f3n de Cristo.<\/p>\n<p>No ser\u00e1n pues votos <em>jur\u00eddicos <\/em>los que afiancen al vi\u00adcenciano en su vocaci\u00f3n. S\u00f3lo el coraz\u00f3n de Cristo haciendo palpitar el coraz\u00f3n humano lograr\u00e1 superar los desfalle\u00adcimientos. Fidelidad, s\u00f3lo hay una, la de Jes\u00fas.<\/p>\n<p>b) El profetismo misionero que caracteriza a los ap\u00f3s\u00adtoles de los siglos xii y xiii, interesa a san Vicente: lo adop\u00adta pero sane\u00e1ndolo de posibles ilusiones, d\u00e1ndoles las ra\u00ed\u00adces que precisa y ofreci\u00e9ndole posibilidades de despliegue.<\/p>\n<p>As\u00ed como san Pablo hab\u00eda logrado recuperar los \u00abca\u00adrismas en la gracia\u00bb y la gracia en Cristo (cf. 1 Cor XII), san Vicente integra el profetismo en la caridad. La evan\u00adgelizaci\u00f3n no puede reducirse a una palabra, a una procla\u00admaci\u00f3n, ni siquiera al fuego artificial de un \u00abverbo\u00bb la evangelizaci\u00f3n es ante todo expansi\u00f3n, difusi\u00f3n, profun\u00addidad continua y silenciosa de un Amor.<\/p>\n<p>c) La acci\u00f3n no consiste en el despliegue visible, exu\u00adberancia natural y realizaci\u00f3n humana. La acci\u00f3n verda\u00addera es revelaci\u00f3n, afirmaci\u00f3n y expresi\u00f3n del amor de. Dios en el hombre. En uni\u00f3n con san Pablo que afirmaba \u00abno soy yo quien vive, es Cristo quien vive en m\u00ed\u00bb, san Vicente declara: \u00abHay que santificar estas ocupaciones, buscando en ellas a Dios, y hacerlas para encontrarle, m\u00e1s que por verlas hechas\u00bb (Coloquios, p. 548, 21 de febrero de 1659). \u00abNuestro Se\u00f1or es comuni\u00f3n continua para aquellos que se unen a su querer y no querer\u00bb (san Vicente, I. 233). \u00abAun cuando alguien no diga palabra alguna, si est\u00e1 lleno de Dios, mover\u00e1 los corazones con su sola presencia\u00bb <strong>(ABELLY, <\/strong><em>La vie du v\u00e9n\u00e9rable serviteur de Dieu M. Vincent de Paul, <\/em>Paris, 1644, II, p. 297).<\/p>\n<h2>III. Fisonom\u00eda espiritual del vicenciano \u00aben comunidad\u00bb.<\/h2>\n<p>\u00bfC\u00f3mo lograr, en algunos rasgos, trazar un boceto que no fuera ni quimera ni caricatura, ni retrato estereotipado?<\/p>\n<div id=\"attachment_40262\" style=\"width: 310px\" class=\"wp-caption alignright\"><a href=\"https:\/\/i0.wp.com\/vicencianos.org\/wp-content\/2011\/05\/los_padres_paules.jpg\"><img data-recalc-dims=\"1\" loading=\"lazy\" decoding=\"async\" aria-describedby=\"caption-attachment-40262\" class=\"size-medium wp-image-40262\" title=\"En esta foto de \u00e9poca se puede ver a los padres Pa\u00fales que se hicieron cargo del convento de Capuchinos (And\u00fajar).\" src=\"https:\/\/i0.wp.com\/vicencianos.org\/wp-content\/2011\/05\/los_padres_paules-300x194.jpg?resize=300%2C194\" alt=\"En esta foto de \u00e9poca se puede ver a los padres Pa\u00fales que se hicieron cargo del convento de Capuchinos (And\u00fajar).\" width=\"300\" height=\"194\" \/><\/a><p id=\"caption-attachment-40262\" class=\"wp-caption-text\">En esta foto de \u00e9poca se puede ver a los padres Pa\u00fales que se hicieron cargo del convento de Capuchinos (And\u00fajar).<\/p><\/div>\n<p>Reconozcamos que en nuestro intento, s\u00f3lo puede guiar\u00adnos la fisonom\u00eda de un ideal, ansiado desde lo m\u00e1s \u00edntimo del alma. Semejante ideal, s\u00f3lo en parte realizado por nues\u00adtras vidas, aun cuando no le somos fieles, proyecta luz sobre nuestras miserias y tonifica nuestras avergonzadas anemias.<\/p>\n<p>Para no ceder al enga\u00f1o en esta empresa, digamos que los rasgos de nuestro boceto intentar\u00e1n:<\/p>\n<ul>\n<li>presentar una fisonom\u00eda interior;<\/li>\n<li>expresar una din\u00e1mica;<\/li>\n<li>dejar adivinar un secreto, una intimidad y un esplen\u00addor oculto.<\/li>\n<\/ul>\n<p>Correr\u00e9 pues el riesgo clarificando lo desmedidamente complejo de mi proyecto con luces que arranquen desde cinco enfoques distintos:<\/p>\n<h3><em>1) La referencia a Jes\u00fas.<\/em><\/h3>\n<p>Lo que mejor puede y debe existir en la vida com\u00fan de los vicencianos es lo que nos ofrece la referencia mere\u00adcedora y moldeante que san Vicente de Pa\u00fal se\u00f1ala: lo que el vicenciano sue\u00f1a con realizar en su vivir con los dem\u00e1s es la restituci\u00f3n y prolongaci\u00f3n del ambiente sobre\u00adnatural que Cristo nos trajo para que se realizasen, la Encarnaci\u00f3n y la Redenci\u00f3n. Sin duda no olvida el santo que Cristo se fue al desierto para luchar contra el demonio, ni tampoco omite la experiencia de vida com\u00fan en la Igle\u00adsia de Jerusal\u00e9n, sabe lo que debe recordar el misionero del andar peregrino de los Ap\u00f3stoles. Mas san Vicente encuentra en todo ello su centro generador: nunca pierde de vista <em>el clima que engendra la presencia del Amor Encarnado. <\/em>As\u00ed afirma: \u00abhay que honrar la vida com\u00fan que Cristo quiso vivir con sus ap\u00f3stoles\u00bb (Reglas com. VIII, 1). La verdadera luz, el fuego animador es Cristo Jes\u00fas. \u00abJe\u00adsucristo es la regla de la Misi\u00f3n\u00bb (Coloquios, p. 547). Una persona reveladora del Padre, que nos abre al misterio del otro revel\u00e1ndose en los dem\u00e1s y en nosotros mismos ah\u00ed se encuentra el aut\u00e9ntico creador y renovador de toda ver\u00addadera vida de comunidad.<\/p>\n<h3>2) <em>Los fundamentos dogm\u00e1ticos.<\/em><\/h3>\n<p>La vida com\u00fan puede organizarse f\u00e1cilmente y con ra\u00adpidez utilizando los modelos y elementos que ofrecen las asociaciones ya existentes. As\u00ed Pacomio utiliz\u00f3 mucho del genio organizador de las milicias romanas. Para organi\u00adzar sus empresas y ofrecerles garant\u00edas de duraci\u00f3n, los fundadores disponen de una doble fuente de inspiraci\u00f3n: la organizaci\u00f3n pol\u00edtica de la sociedad, la organizaci\u00f3n ecle\u00adsi\u00e1stica de la cristiandad. Es indudable que las l\u00edneas fun\u00addamentales del Estado moderno reforzado por Richelieu entre 1624 y 1642, el estilo de una obediencia militante, la visi\u00f3n de las exigencias de la vida econ\u00f3mica ofrecieron a san Vicente algunos elementos indispensables para el logro de la cohesi\u00f3n externa en la Congregaci\u00f3n de la Misi\u00f3n. No dej\u00f3 de informarse sobre los m\u00e9todos propios de Jesuitas y Oratorianos para verificar sus experiencias.<\/p>\n<p>Mas para san Vicente de Pa\u00fal las apariencias visibles y las estructuras se subordinan al tesoro misterioso que tiende a proteger y que solamente las justifica: a saber, el dogma cristiano en su doble faceta, transcendente e inmanente.<\/p>\n<p>La transcendente revela y afirma que la vida comuni\u00adtaria s\u00f3lo tiene sentido y consistencia si se tiende a fun\u00addarse en el surgir del amor del Dios Trinidad mediante Cristo presente entre los hombres. Este amor tiene su es\u00adtancia y su punto de arranque en la Iglesia que se cons\u00adtruye y se reconoce a s\u00ed misma en la eucarist\u00eda, sacrificio a la par que sacramento.<\/p>\n<p><em>La faceta inmanente <\/em>que san Vicente va a recordar con tal fuerza que nunca ya podr\u00e1 olvidar la Iglesia de occi\u00addente:<\/p>\n<p>Consiste en afirmar que la correcta comprensi\u00f3n de la revelaci\u00f3n debe centrarse \u2014mientras dura esta etapa terrestre\u2014 en la doctrina del Cuerpo M\u00edstico de Cristo. Redimiendo un olvido multisecular, san Vicente nos in\u00adculca esta verdad fundamental: estamos vinculados unos y otros y seg\u00fan afirmaci\u00f3n, ciento ochenta y cuatro veces repetida por san Pablo, s\u00f3lo existimos <em>en Cristo.<\/em><\/p>\n<p>Nuestra verdadera vida no est\u00e1 en lo visible sino en lo invisible donde se revela nuestro ser profundo, su sub\u00adsistir y su t\u00e9rmino final. \u00abNada me place sino en Cristo\u00bb, afirma san Vicente <strong>(ABELLY, <\/strong><em>Vida <\/em>I, p. 78). La comuni\u00f3n con los dem\u00e1s y la compasi\u00f3n son reveladoras de lo que somos y m\u00e1s a\u00fan, de lo que estamos llamados a ser. La clave, la cifra de nuestra vida no est\u00e1 s\u00f3lo en nosotros sino \u00aben los otros y en nosotros\u00bb \u2014es decir, en quien es comuni\u00f3n con unos y otros: El Cristo de ayer, de hoy y de siempre.<\/p>\n<h3>3) <em>Tensiones antin\u00f3micas.<\/em><\/h3>\n<p>El signo de vitalidad, la palpitaci\u00f3n se encuentran en el paso r\u00e1pido de un extremo .a otro.<\/p>\n<p>a) El vicenciano sabe que Dios se da a \u00e9l, es decir, que en El se encuentra su paz. Pero sabe tambi\u00e9n y, toda su conducta lo debe demostrar, que su vida es de Dios, que es pose\u00eddo por Dios, que le pertenece sin condiciones.<\/p>\n<p>b) El vicenciano sabe tambi\u00e9n, y dolorosamente lo siente as\u00ed como ans\u00eda vivirlo, que est\u00e1 en manos de Dios y que todo lo recibe de su Providencia. Todo es gracia. Pero tambi\u00e9n recuerda que s\u00f3lo existe en la medida de su entrega a Dios. Hay que darse a Dios, repite, sin cansancio: san Vicente. En resumen, la verdadera existencia reside en el cruce de esta donaci\u00f3n rec\u00edproca: la de Dios al hombre y la del hombre a Dios.<span id='easy-footnote-4-40256' class='easy-footnote-margin-adjust'><\/span><span class='easy-footnote'><a href='http:\/\/vincentians.com\/es\/la-organizacion-y-el-espiritu-de-la-vida-comun-segun-san-vicente-de-paul\/#easy-footnote-bottom-4-40256' title='El cristiano est\u00e1 revestido de Jesucristo; G\u00e1l 3, 26, 27; mas debe comprometerse, Rom 6, 12 y vaciarse de s\u00ed mismo para que llegue as\u00ed a revestirse de Cristo. G\u00e1l 3, 27; Rom 13, 14; Ef 4, 22.'><sup>4<\/sup><\/a><\/span>\n<p>c) La vida del vicenciano se afianza e intensifica en la b\u00fasqueda del Reino de Dios y de su justicia. La esencia y el evangelio de su vida son la sencillez que tiende inmediata y directamente hacia Dios.<\/p>\n<p>Pero el pr\u00f3jimo es mediador indispensable. \u00abDebemos despegarnos de todo lo que no es Dios y unirnos al pr\u00f3jimo, por la caridad, para unirnos a Dios mismo en Cristo\u00bb <em>(Co\u00ad<\/em><em>loquios, <\/em>p. 544, 14 de febrero de 1659).<\/p>\n<p>El camino de Dios pasa por los hombres, el camino hacia Dios lleva hacia los hombres.<\/p>\n<p>c) El vicenciano se fuerza por ser humilde, es decir, por seguir el camino de Cristo humilde que nos ama como ama al Padre, por v\u00edas de anonadamiento y de obediencia. El verdadero amor, es decir, el amor sobrenatural, no tiene m\u00e1s que un estilo: el de Jes\u00fas. La caridad, es hija de la humildad. \u00abSi os interrogan sobre vuestra condici\u00f3n, que pod\u00e1is responder: la humildad. Que sea vuestra virtud. Si nos dicen, \u00bfqui\u00e9n va? \u2014La humildad, que sea esta pa\u00adlabra vuestra voz de paso\u00bb <em>(Coloquios, <\/em>p. 623, 18 de abril de 1659).<\/p>\n<p>Pero al mismo tiempo, el vicenciano debe mostrarse libre y de coraz\u00f3n magn\u00e1nimo. \u00abLos hijos de Dios gozan de perfecta libertad: \u00e9sta, s\u00f3lo se encuentra en el amor de Dios. Estas son las \u00fanicas personas hermanos m\u00edos, que van de derecha a izquierda, de un solo golpe, sin pararse, las que nunca se sienten esclavas ni del demonio ni de sus pasiones. Oh, feliz libertad de los hijos de Dios\u00bb <em>(Coloquios, <\/em>p. 721, 22 de agosto de 1659).<\/p>\n<p>Corazones dilatados que deben ensancharse hasta las dimensiones del mundo. El celo es un fuego que nada pue\u00adda parar.<\/p>\n<p>En una palabra, el vicenciano es el que permanece siem\u00adpre en actitud y ofrenda de siervo que ama, pero nunca se muestra servil ni pedig\u00fce\u00f1o envilecido por el orgullo de los que explota y desprecia.<\/p>\n<h3><em>4) <\/em><em>El programa so\u00f1ado: El ideal.<\/em><\/h3>\n<p>Para nosotros, san Vicente describe las caracter\u00edsticas ideales del vicenciano, en su conferencia del 22 de agosto de 1659 (cf. pp. 718-731). Esta conferencia nos la ofrece fielmente el hermano Bertrand Ducournau. Cinco virtudes, cinco elementos din\u00e1micos, cinco componentes constitu\u00adyen esta fisonom\u00eda ideal: si nos fijamos en ella detenida\u00admente, notamos, sin embargo, que la <em>sencillez <\/em>constituye el elemento orientador, la luz y la transparencia de toda esta vida. La humildad y la mortificaci\u00f3n preparan la acogida de Cristo en esta vida y facilitan una colaboraci\u00f3n exenta de ilusiones en la tarea redentora. Finalmente la manse\u00addumbre y el celo apost\u00f3lico enfocan y dirigen todo hacia el pr\u00f3jimo en quien se encuentra, el Dios que nos espera y hacia quien hemos de avanzar.<\/p>\n<p>Boceto sencillo y fuertemente marcado. Las cinco vir\u00adtudes son como las facultades esenciales de la Peque\u00f1a Compa\u00f1\u00eda <em>(Coloquios, <\/em>p. 729). Recordemos la palabra reve\u00adladora, la clave: cohesi\u00f3n proviene de un alma com\u00fan, es decir, del Esp\u00edritu de Dios viviente y vivificador que transfigura.<\/p>\n<h3><em>5) <\/em><em>La cortes\u00eda vicenciana.<\/em><\/h3>\n<p>No cabe duda que cuando san Vicente deduce las conclusiones pr\u00e1cticas sobre la uniformidad que moldea, sobre los detalles de esa pol\u00edtica de convivencia entre los cohermanos que nosotros llamamos cortes\u00eda, nos puede parecer rigorista, excesivamente detallista. El mismo vestir, el mismo estilo de predicaci\u00f3n, la misma manera de ense\u00f1ar. Mas para comprender su doctrina y serle fieles, hemos de ver que esta uniformidad se sit\u00faa entre una inspiraci\u00f3n y una conducta real.<\/p>\n<p>De esta manera, teniendo en cuenta la doctrina y la intenci\u00f3n, notamos que la uniformidad s\u00f3lo tiende hacia una disposici\u00f3n vital y muy honda: el esfuerzo por la adap\u00adtaci\u00f3n en el vivir de unos con otros. La preocupaci\u00f3n por la uniformidad en san Vicente refleja el modo de evange\u00adlizar la mundana cortes\u00eda, el modo de lograr la concreta y \u00e1gil mutua benevolencia; as\u00ed se afianza la delicada em\u00adpresa que busca la compenetraci\u00f3n de los corazones de unos y otros, la del coraz\u00f3n de Cristo en el de todos.<\/p>\n<p>Nunca san Vicente se ve\u00eda como la sombra y la copia de cualquiera de sus cohermanos. Procuraba ser ejemplo ins\u00adpirador, como el verdadero pastor que logra m\u00e1s con su ejemplo que con sus palabras.<\/p>\n<p>Concluiremos, en resumen, afirmando que san Vicente, al heredar de la sabidur\u00eda de quince siglos de vida religiosa, funda la estabilidad, la inspiraci\u00f3n y la acci\u00f3n de esta vida religiosa, no en referencia a un tipo social, sino en su in\u00adserci\u00f3n en el misterio de Dios, transcendente e inmanente.<\/p>\n<p>S\u00f3lo en Cristo puede existir la uni\u00f3n, y nosotros s\u00f3lo existiremos en la firmeza de este eterno misterio.<\/p>\n","protected":false},"excerpt":{"rendered":"<p>Introducci\u00f3n: un gu\u00eda clarividente En el recorrido que vamos a emprender, perm\u00edtanme la utilizaci\u00f3n de un gu\u00eda. Y no se extra\u00f1en ante mi proposi\u00adci\u00f3n: elegimos para esta misi\u00f3n a un gu\u00eda que es ciego: he &#8230; <a href=\"http:\/\/vincentians.com\/es\/la-organizacion-y-el-espiritu-de-la-vida-comun-segun-san-vicente-de-paul\/\" class=\"more-link\">Read More<\/a><\/p>\n","protected":false},"author":4,"featured_media":400013,"comment_status":"open","ping_status":"open","sticky":false,"template":"","format":"standard","meta":{"jetpack_post_was_ever_published":false,"_jetpack_newsletter_access":"","_jetpack_dont_email_post_to_subs":false,"_jetpack_newsletter_tier_id":0,"_jetpack_memberships_contains_paywalled_content":false,"_jetpack_memberships_contains_paid_content":false,"footnotes":"","jetpack_publicize_message":"","jetpack_publicize_feature_enabled":true,"jetpack_social_post_already_shared":true,"jetpack_social_options":{"image_generator_settings":{"template":"highway","default_image_id":0,"font":"","enabled":false},"version":2}},"categories":[28],"tags":[218,224,261,139,143],"class_list":["post-40256","post","type-post","status-publish","format-standard","has-post-thumbnail","hentry","category-formacion-vicenciana","tag-abelly","tag-berulle","tag-jean-guitton","tag-san-benito","tag-san-lazaro"],"yoast_head":"<!-- This site is optimized with the Yoast SEO plugin v26.3 - https:\/\/yoast.com\/wordpress\/plugins\/seo\/ -->\n<title>La organizaci\u00f3n y el esp\u00edritu de la vida com\u00fan, seg\u00fan San Vicente de Pa\u00fal - Somos Vicencianos<\/title>\n<meta name=\"robots\" content=\"index, follow, max-snippet:-1, max-image-preview:large, max-video-preview:-1\" \/>\n<link rel=\"canonical\" href=\"http:\/\/vincentians.com\/es\/la-organizacion-y-el-espiritu-de-la-vida-comun-segun-san-vicente-de-paul\/\" \/>\n<meta property=\"og:locale\" content=\"es_ES\" \/>\n<meta property=\"og:type\" content=\"article\" \/>\n<meta property=\"og:title\" content=\"La organizaci\u00f3n y el esp\u00edritu de la vida com\u00fan, seg\u00fan San Vicente de Pa\u00fal - Somos Vicencianos\" \/>\n<meta property=\"og:description\" content=\"Introducci\u00f3n: un gu\u00eda clarividente En el recorrido que vamos a emprender, perm\u00edtanme la utilizaci\u00f3n de un gu\u00eda. Y no se extra\u00f1en ante mi proposi\u00adci\u00f3n: elegimos para esta misi\u00f3n a un gu\u00eda que es ciego: he ... Read More\" \/>\n<meta property=\"og:url\" content=\"http:\/\/vincentians.com\/es\/la-organizacion-y-el-espiritu-de-la-vida-comun-segun-san-vicente-de-paul\/\" \/>\n<meta property=\"og:site_name\" content=\"Somos Vicencianos\" \/>\n<meta property=\"article:publisher\" content=\"https:\/\/www.facebook.com\/WeAreVincentians\/\" \/>\n<meta property=\"article:author\" content=\"https:\/\/www.facebook.com\/JavierChento\" \/>\n<meta property=\"article:published_time\" content=\"2018-11-08T07:25:00+00:00\" \/>\n<meta property=\"og:image\" content=\"https:\/\/i0.wp.com\/vincentians.com\/es\/wp-content\/uploads\/sites\/11\/2015\/04\/tres-descubrimientos-de-Vicente-de-Paul.jpg?fit=1200%2C630\" \/>\n\t<meta property=\"og:image:width\" content=\"1200\" \/>\n\t<meta property=\"og:image:height\" content=\"630\" \/>\n\t<meta property=\"og:image:type\" content=\"image\/jpeg\" \/>\n<meta name=\"author\" content=\"Francisco Javier Fern\u00e1ndez Chento\" \/>\n<meta name=\"twitter:card\" content=\"summary_large_image\" \/>\n<meta name=\"twitter:creator\" content=\"@https:\/\/twitter.com\/javierchento\" \/>\n<meta name=\"twitter:site\" content=\"@WeVincentians\" \/>\n<meta name=\"twitter:label1\" content=\"Escrito por\" \/>\n\t<meta name=\"twitter:data1\" content=\"Francisco Javier Fern\u00e1ndez Chento\" \/>\n\t<meta name=\"twitter:label2\" content=\"Tiempo de lectura\" \/>\n\t<meta name=\"twitter:data2\" content=\"30 minutos\" \/>\n<script type=\"application\/ld+json\" class=\"yoast-schema-graph\">{\"@context\":\"https:\/\/schema.org\",\"@graph\":[{\"@type\":\"Article\",\"@id\":\"http:\/\/vincentians.com\/es\/la-organizacion-y-el-espiritu-de-la-vida-comun-segun-san-vicente-de-paul\/#article\",\"isPartOf\":{\"@id\":\"http:\/\/vincentians.com\/es\/la-organizacion-y-el-espiritu-de-la-vida-comun-segun-san-vicente-de-paul\/\"},\"author\":{\"name\":\"Francisco Javier Fern\u00e1ndez Chento\",\"@id\":\"http:\/\/vincentians.com\/es\/#\/schema\/person\/9623ef4d9aa3b2dfb8c061f1499288f2\"},\"headline\":\"La organizaci\u00f3n y el esp\u00edritu de la vida com\u00fan, seg\u00fan San Vicente de Pa\u00fal\",\"datePublished\":\"2018-11-08T07:25:00+00:00\",\"mainEntityOfPage\":{\"@id\":\"http:\/\/vincentians.com\/es\/la-organizacion-y-el-espiritu-de-la-vida-comun-segun-san-vicente-de-paul\/\"},\"wordCount\":6011,\"commentCount\":0,\"publisher\":{\"@id\":\"http:\/\/vincentians.com\/es\/#organization\"},\"image\":{\"@id\":\"http:\/\/vincentians.com\/es\/la-organizacion-y-el-espiritu-de-la-vida-comun-segun-san-vicente-de-paul\/#primaryimage\"},\"thumbnailUrl\":\"https:\/\/i0.wp.com\/vincentians.com\/es\/wp-content\/uploads\/sites\/11\/2015\/04\/tres-descubrimientos-de-Vicente-de-Paul.jpg?fit=1200%2C630\",\"keywords\":[\"Abelly\",\"Berulle\",\"Jean Guitton\",\"San Benito\",\"San L\u00e1zaro\"],\"articleSection\":[\"Formaci\u00f3n Vicenciana\"],\"inLanguage\":\"es\",\"potentialAction\":[{\"@type\":\"CommentAction\",\"name\":\"Comment\",\"target\":[\"http:\/\/vincentians.com\/es\/la-organizacion-y-el-espiritu-de-la-vida-comun-segun-san-vicente-de-paul\/#respond\"]}]},{\"@type\":\"WebPage\",\"@id\":\"http:\/\/vincentians.com\/es\/la-organizacion-y-el-espiritu-de-la-vida-comun-segun-san-vicente-de-paul\/\",\"url\":\"http:\/\/vincentians.com\/es\/la-organizacion-y-el-espiritu-de-la-vida-comun-segun-san-vicente-de-paul\/\",\"name\":\"La organizaci\u00f3n y el esp\u00edritu de la vida com\u00fan, seg\u00fan San Vicente de Pa\u00fal - Somos Vicencianos\",\"isPartOf\":{\"@id\":\"http:\/\/vincentians.com\/es\/#website\"},\"primaryImageOfPage\":{\"@id\":\"http:\/\/vincentians.com\/es\/la-organizacion-y-el-espiritu-de-la-vida-comun-segun-san-vicente-de-paul\/#primaryimage\"},\"image\":{\"@id\":\"http:\/\/vincentians.com\/es\/la-organizacion-y-el-espiritu-de-la-vida-comun-segun-san-vicente-de-paul\/#primaryimage\"},\"thumbnailUrl\":\"https:\/\/i0.wp.com\/vincentians.com\/es\/wp-content\/uploads\/sites\/11\/2015\/04\/tres-descubrimientos-de-Vicente-de-Paul.jpg?fit=1200%2C630\",\"datePublished\":\"2018-11-08T07:25:00+00:00\",\"breadcrumb\":{\"@id\":\"http:\/\/vincentians.com\/es\/la-organizacion-y-el-espiritu-de-la-vida-comun-segun-san-vicente-de-paul\/#breadcrumb\"},\"inLanguage\":\"es\",\"potentialAction\":[{\"@type\":\"ReadAction\",\"target\":[\"http:\/\/vincentians.com\/es\/la-organizacion-y-el-espiritu-de-la-vida-comun-segun-san-vicente-de-paul\/\"]}]},{\"@type\":\"ImageObject\",\"inLanguage\":\"es\",\"@id\":\"http:\/\/vincentians.com\/es\/la-organizacion-y-el-espiritu-de-la-vida-comun-segun-san-vicente-de-paul\/#primaryimage\",\"url\":\"https:\/\/i0.wp.com\/vincentians.com\/es\/wp-content\/uploads\/sites\/11\/2015\/04\/tres-descubrimientos-de-Vicente-de-Paul.jpg?fit=1200%2C630\",\"contentUrl\":\"https:\/\/i0.wp.com\/vincentians.com\/es\/wp-content\/uploads\/sites\/11\/2015\/04\/tres-descubrimientos-de-Vicente-de-Paul.jpg?fit=1200%2C630\",\"width\":1200,\"height\":630},{\"@type\":\"BreadcrumbList\",\"@id\":\"http:\/\/vincentians.com\/es\/la-organizacion-y-el-espiritu-de-la-vida-comun-segun-san-vicente-de-paul\/#breadcrumb\",\"itemListElement\":[{\"@type\":\"ListItem\",\"position\":1,\"name\":\"Portada\",\"item\":\"http:\/\/vincentians.com\/es\/\"},{\"@type\":\"ListItem\",\"position\":2,\"name\":\"La organizaci\u00f3n y el esp\u00edritu de la vida com\u00fan, seg\u00fan San Vicente de Pa\u00fal\"}]},{\"@type\":\"WebSite\",\"@id\":\"http:\/\/vincentians.com\/es\/#website\",\"url\":\"http:\/\/vincentians.com\/es\/\",\"name\":\"Somos Vicencianos\",\"description\":\"Know more to serve more\",\"publisher\":{\"@id\":\"http:\/\/vincentians.com\/es\/#organization\"},\"potentialAction\":[{\"@type\":\"SearchAction\",\"target\":{\"@type\":\"EntryPoint\",\"urlTemplate\":\"http:\/\/vincentians.com\/es\/?s={search_term_string}\"},\"query-input\":{\"@type\":\"PropertyValueSpecification\",\"valueRequired\":true,\"valueName\":\"search_term_string\"}}],\"inLanguage\":\"es\"},{\"@type\":\"Organization\",\"@id\":\"http:\/\/vincentians.com\/es\/#organization\",\"name\":\"The Vincentian Network\",\"url\":\"http:\/\/vincentians.com\/es\/\",\"logo\":{\"@type\":\"ImageObject\",\"inLanguage\":\"es\",\"@id\":\"http:\/\/vincentians.com\/es\/#\/schema\/logo\/image\/\",\"url\":\"https:\/\/i1.wp.com\/vincentians.com\/es\/wp-content\/uploads\/sites\/11\/2016\/06\/Vincentian-Network-logo-big.png?fit=778%2C778\",\"contentUrl\":\"https:\/\/i1.wp.com\/vincentians.com\/es\/wp-content\/uploads\/sites\/11\/2016\/06\/Vincentian-Network-logo-big.png?fit=778%2C778\",\"width\":778,\"height\":778,\"caption\":\"The Vincentian Network\"},\"image\":{\"@id\":\"http:\/\/vincentians.com\/es\/#\/schema\/logo\/image\/\"},\"sameAs\":[\"https:\/\/www.facebook.com\/WeAreVincentians\/\",\"https:\/\/x.com\/WeVincentians\"]},{\"@type\":\"Person\",\"@id\":\"http:\/\/vincentians.com\/es\/#\/schema\/person\/9623ef4d9aa3b2dfb8c061f1499288f2\",\"name\":\"Francisco Javier Fern\u00e1ndez Chento\",\"image\":{\"@type\":\"ImageObject\",\"inLanguage\":\"es\",\"@id\":\"http:\/\/vincentians.com\/es\/#\/schema\/person\/image\/\",\"url\":\"https:\/\/secure.gravatar.com\/avatar\/497d5cde87b4c3d097d0315953521681ba2cd523ee66e5077c3711f7021e65de?s=96&d=mm&r=g\",\"contentUrl\":\"https:\/\/secure.gravatar.com\/avatar\/497d5cde87b4c3d097d0315953521681ba2cd523ee66e5077c3711f7021e65de?s=96&d=mm&r=g\",\"caption\":\"Francisco Javier Fern\u00e1ndez Chento\"},\"description\":\"Director General y cofundador de La Red de Formaci\u00f3n Vicenciana. Javier es laico vicenciano, afiliado a la Congregaci\u00f3n de la Misi\u00f3n y miembro del Equipo de Misiones Populares de la provincia can\u00f3nica de Zaragoza (Espa\u00f1a) de la Congregaci\u00f3n de la Misi\u00f3n. Graduado en la Universidad Oberta de Catalunya con cuatro grados (Asistente de direcci\u00f3n, Gesti\u00f3n Administrativa, Recursos Humanos y Contabilidad Avanzada). Bil\u00edng\u00fce Espa\u00f1ol\/Ingl\u00e9s. gestiona y mantiene varias p\u00e1ginas web cristianas y vicencianas, incluida including La Red de Formaci\u00f3n Vicenciana, de la que es cofundador. Actualmente es responsable del \u00e1rea de Espa\u00f1ol de .famvin, la Red de Noticias de la Familia Vicenciana. Tambi\u00e9n es m\u00fasico cat\u00f3lico y ha editado varios discos. Es Director General y cofundador de Trovador, una reconocida compa\u00f1\u00eda discogr\u00e1fica critiana de Espa\u00f1a. Trabaja en las Tecnolog\u00edas de la Informaci\u00f3n, ofreciendo servicios de alojamiento, dise\u00f1o y mantenimiento Web, as\u00ed como asesoramiento, formaci\u00f3n y soluciones inform\u00e1ticas, gesti\u00f3n documental y digitalizaci\u00f3n de textos, edici\u00f3n y maquetaci\u00f3n de libros, revistas, flyers, etc.\",\"sameAs\":[\"http:\/\/chento.org\",\"https:\/\/www.facebook.com\/JavierChento\",\"https:\/\/x.com\/https:\/\/twitter.com\/javierchento\"],\"url\":\"http:\/\/vincentians.com\/es\/author\/chento\/\"}]}<\/script>\n<!-- \/ Yoast SEO plugin. -->","yoast_head_json":{"title":"La organizaci\u00f3n y el esp\u00edritu de la vida com\u00fan, seg\u00fan San Vicente de Pa\u00fal - Somos Vicencianos","robots":{"index":"index","follow":"follow","max-snippet":"max-snippet:-1","max-image-preview":"max-image-preview:large","max-video-preview":"max-video-preview:-1"},"canonical":"http:\/\/vincentians.com\/es\/la-organizacion-y-el-espiritu-de-la-vida-comun-segun-san-vicente-de-paul\/","og_locale":"es_ES","og_type":"article","og_title":"La organizaci\u00f3n y el esp\u00edritu de la vida com\u00fan, seg\u00fan San Vicente de Pa\u00fal - Somos Vicencianos","og_description":"Introducci\u00f3n: un gu\u00eda clarividente En el recorrido que vamos a emprender, perm\u00edtanme la utilizaci\u00f3n de un gu\u00eda. Y no se extra\u00f1en ante mi proposi\u00adci\u00f3n: elegimos para esta misi\u00f3n a un gu\u00eda que es ciego: he ... Read More","og_url":"http:\/\/vincentians.com\/es\/la-organizacion-y-el-espiritu-de-la-vida-comun-segun-san-vicente-de-paul\/","og_site_name":"Somos Vicencianos","article_publisher":"https:\/\/www.facebook.com\/WeAreVincentians\/","article_author":"https:\/\/www.facebook.com\/JavierChento","article_published_time":"2018-11-08T07:25:00+00:00","og_image":[{"width":1200,"height":630,"url":"https:\/\/i0.wp.com\/vincentians.com\/es\/wp-content\/uploads\/sites\/11\/2015\/04\/tres-descubrimientos-de-Vicente-de-Paul.jpg?fit=1200%2C630","type":"image\/jpeg"}],"author":"Francisco Javier Fern\u00e1ndez Chento","twitter_card":"summary_large_image","twitter_creator":"@https:\/\/twitter.com\/javierchento","twitter_site":"@WeVincentians","twitter_misc":{"Escrito por":"Francisco Javier Fern\u00e1ndez Chento","Tiempo de lectura":"30 minutos"},"schema":{"@context":"https:\/\/schema.org","@graph":[{"@type":"Article","@id":"http:\/\/vincentians.com\/es\/la-organizacion-y-el-espiritu-de-la-vida-comun-segun-san-vicente-de-paul\/#article","isPartOf":{"@id":"http:\/\/vincentians.com\/es\/la-organizacion-y-el-espiritu-de-la-vida-comun-segun-san-vicente-de-paul\/"},"author":{"name":"Francisco Javier Fern\u00e1ndez Chento","@id":"http:\/\/vincentians.com\/es\/#\/schema\/person\/9623ef4d9aa3b2dfb8c061f1499288f2"},"headline":"La organizaci\u00f3n y el esp\u00edritu de la vida com\u00fan, seg\u00fan San Vicente de Pa\u00fal","datePublished":"2018-11-08T07:25:00+00:00","mainEntityOfPage":{"@id":"http:\/\/vincentians.com\/es\/la-organizacion-y-el-espiritu-de-la-vida-comun-segun-san-vicente-de-paul\/"},"wordCount":6011,"commentCount":0,"publisher":{"@id":"http:\/\/vincentians.com\/es\/#organization"},"image":{"@id":"http:\/\/vincentians.com\/es\/la-organizacion-y-el-espiritu-de-la-vida-comun-segun-san-vicente-de-paul\/#primaryimage"},"thumbnailUrl":"https:\/\/i0.wp.com\/vincentians.com\/es\/wp-content\/uploads\/sites\/11\/2015\/04\/tres-descubrimientos-de-Vicente-de-Paul.jpg?fit=1200%2C630","keywords":["Abelly","Berulle","Jean Guitton","San Benito","San L\u00e1zaro"],"articleSection":["Formaci\u00f3n Vicenciana"],"inLanguage":"es","potentialAction":[{"@type":"CommentAction","name":"Comment","target":["http:\/\/vincentians.com\/es\/la-organizacion-y-el-espiritu-de-la-vida-comun-segun-san-vicente-de-paul\/#respond"]}]},{"@type":"WebPage","@id":"http:\/\/vincentians.com\/es\/la-organizacion-y-el-espiritu-de-la-vida-comun-segun-san-vicente-de-paul\/","url":"http:\/\/vincentians.com\/es\/la-organizacion-y-el-espiritu-de-la-vida-comun-segun-san-vicente-de-paul\/","name":"La organizaci\u00f3n y el esp\u00edritu de la vida com\u00fan, seg\u00fan San Vicente de Pa\u00fal - Somos Vicencianos","isPartOf":{"@id":"http:\/\/vincentians.com\/es\/#website"},"primaryImageOfPage":{"@id":"http:\/\/vincentians.com\/es\/la-organizacion-y-el-espiritu-de-la-vida-comun-segun-san-vicente-de-paul\/#primaryimage"},"image":{"@id":"http:\/\/vincentians.com\/es\/la-organizacion-y-el-espiritu-de-la-vida-comun-segun-san-vicente-de-paul\/#primaryimage"},"thumbnailUrl":"https:\/\/i0.wp.com\/vincentians.com\/es\/wp-content\/uploads\/sites\/11\/2015\/04\/tres-descubrimientos-de-Vicente-de-Paul.jpg?fit=1200%2C630","datePublished":"2018-11-08T07:25:00+00:00","breadcrumb":{"@id":"http:\/\/vincentians.com\/es\/la-organizacion-y-el-espiritu-de-la-vida-comun-segun-san-vicente-de-paul\/#breadcrumb"},"inLanguage":"es","potentialAction":[{"@type":"ReadAction","target":["http:\/\/vincentians.com\/es\/la-organizacion-y-el-espiritu-de-la-vida-comun-segun-san-vicente-de-paul\/"]}]},{"@type":"ImageObject","inLanguage":"es","@id":"http:\/\/vincentians.com\/es\/la-organizacion-y-el-espiritu-de-la-vida-comun-segun-san-vicente-de-paul\/#primaryimage","url":"https:\/\/i0.wp.com\/vincentians.com\/es\/wp-content\/uploads\/sites\/11\/2015\/04\/tres-descubrimientos-de-Vicente-de-Paul.jpg?fit=1200%2C630","contentUrl":"https:\/\/i0.wp.com\/vincentians.com\/es\/wp-content\/uploads\/sites\/11\/2015\/04\/tres-descubrimientos-de-Vicente-de-Paul.jpg?fit=1200%2C630","width":1200,"height":630},{"@type":"BreadcrumbList","@id":"http:\/\/vincentians.com\/es\/la-organizacion-y-el-espiritu-de-la-vida-comun-segun-san-vicente-de-paul\/#breadcrumb","itemListElement":[{"@type":"ListItem","position":1,"name":"Portada","item":"http:\/\/vincentians.com\/es\/"},{"@type":"ListItem","position":2,"name":"La organizaci\u00f3n y el esp\u00edritu de la vida com\u00fan, seg\u00fan San Vicente de Pa\u00fal"}]},{"@type":"WebSite","@id":"http:\/\/vincentians.com\/es\/#website","url":"http:\/\/vincentians.com\/es\/","name":"Somos Vicencianos","description":"Know more to serve more","publisher":{"@id":"http:\/\/vincentians.com\/es\/#organization"},"potentialAction":[{"@type":"SearchAction","target":{"@type":"EntryPoint","urlTemplate":"http:\/\/vincentians.com\/es\/?s={search_term_string}"},"query-input":{"@type":"PropertyValueSpecification","valueRequired":true,"valueName":"search_term_string"}}],"inLanguage":"es"},{"@type":"Organization","@id":"http:\/\/vincentians.com\/es\/#organization","name":"The Vincentian Network","url":"http:\/\/vincentians.com\/es\/","logo":{"@type":"ImageObject","inLanguage":"es","@id":"http:\/\/vincentians.com\/es\/#\/schema\/logo\/image\/","url":"https:\/\/i1.wp.com\/vincentians.com\/es\/wp-content\/uploads\/sites\/11\/2016\/06\/Vincentian-Network-logo-big.png?fit=778%2C778","contentUrl":"https:\/\/i1.wp.com\/vincentians.com\/es\/wp-content\/uploads\/sites\/11\/2016\/06\/Vincentian-Network-logo-big.png?fit=778%2C778","width":778,"height":778,"caption":"The Vincentian Network"},"image":{"@id":"http:\/\/vincentians.com\/es\/#\/schema\/logo\/image\/"},"sameAs":["https:\/\/www.facebook.com\/WeAreVincentians\/","https:\/\/x.com\/WeVincentians"]},{"@type":"Person","@id":"http:\/\/vincentians.com\/es\/#\/schema\/person\/9623ef4d9aa3b2dfb8c061f1499288f2","name":"Francisco Javier Fern\u00e1ndez Chento","image":{"@type":"ImageObject","inLanguage":"es","@id":"http:\/\/vincentians.com\/es\/#\/schema\/person\/image\/","url":"https:\/\/secure.gravatar.com\/avatar\/497d5cde87b4c3d097d0315953521681ba2cd523ee66e5077c3711f7021e65de?s=96&d=mm&r=g","contentUrl":"https:\/\/secure.gravatar.com\/avatar\/497d5cde87b4c3d097d0315953521681ba2cd523ee66e5077c3711f7021e65de?s=96&d=mm&r=g","caption":"Francisco Javier Fern\u00e1ndez Chento"},"description":"Director General y cofundador de La Red de Formaci\u00f3n Vicenciana. Javier es laico vicenciano, afiliado a la Congregaci\u00f3n de la Misi\u00f3n y miembro del Equipo de Misiones Populares de la provincia can\u00f3nica de Zaragoza (Espa\u00f1a) de la Congregaci\u00f3n de la Misi\u00f3n. Graduado en la Universidad Oberta de Catalunya con cuatro grados (Asistente de direcci\u00f3n, Gesti\u00f3n Administrativa, Recursos Humanos y Contabilidad Avanzada). Bil\u00edng\u00fce Espa\u00f1ol\/Ingl\u00e9s. gestiona y mantiene varias p\u00e1ginas web cristianas y vicencianas, incluida including La Red de Formaci\u00f3n Vicenciana, de la que es cofundador. Actualmente es responsable del \u00e1rea de Espa\u00f1ol de .famvin, la Red de Noticias de la Familia Vicenciana. Tambi\u00e9n es m\u00fasico cat\u00f3lico y ha editado varios discos. Es Director General y cofundador de Trovador, una reconocida compa\u00f1\u00eda discogr\u00e1fica critiana de Espa\u00f1a. Trabaja en las Tecnolog\u00edas de la Informaci\u00f3n, ofreciendo servicios de alojamiento, dise\u00f1o y mantenimiento Web, as\u00ed como asesoramiento, formaci\u00f3n y soluciones inform\u00e1ticas, gesti\u00f3n documental y digitalizaci\u00f3n de textos, edici\u00f3n y maquetaci\u00f3n de libros, revistas, flyers, etc.","sameAs":["http:\/\/chento.org","https:\/\/www.facebook.com\/JavierChento","https:\/\/x.com\/https:\/\/twitter.com\/javierchento"],"url":"http:\/\/vincentians.com\/es\/author\/chento\/"}]}},"jetpack_publicize_connections":[],"jetpack_featured_media_url":"https:\/\/i0.wp.com\/vincentians.com\/es\/wp-content\/uploads\/sites\/11\/2015\/04\/tres-descubrimientos-de-Vicente-de-Paul.jpg?fit=1200%2C630","jetpack_sharing_enabled":true,"jetpack_shortlink":"https:\/\/wp.me\/p7ETMF-ati","jetpack-related-posts":[{"id":115258,"url":"http:\/\/vincentians.com\/es\/casas-de-la-congregacion-de-la-mision-en-paris-en-tiempos-de-san-vicente-i\/","url_meta":{"origin":40256,"position":0},"title":"Casas de la Congregaci\u00f3n de la Misi\u00f3n en Par\u00eds en tiempos de San Vicente (I)","author":"Francisco Javier Fern\u00e1ndez Chento","date":"04\/10\/2018","format":false,"excerpt":"Bons-Enfants (En la calle des Ecoles n2 2-4) Hacia 1250 ya exist\u00eda la casa con el nombre de Colegio de Bons-Enfants. Era un Colegio Menor fundado por el Rey San Luis que le dej\u00f3 unas \u00f3n0 libras de renta. La finca ten\u00eda unos 4.000 m 2 y los edificios ocupaban\u2026","rel":"","context":"En \u00abEn tiempos de Vicente de Pa\u00fal\u00bb","block_context":{"text":"En tiempos de Vicente de Pa\u00fal","link":"http:\/\/vincentians.com\/es\/category\/historia-de-la-familia-vicenciana\/en-tiempos-de-vicente-de-paul\/"},"img":{"alt_text":"","src":"https:\/\/i0.wp.com\/vincentians.com\/es\/wp-content\/uploads\/sites\/11\/2015\/04\/tres-descubrimientos-de-Vicente-de-Paul.jpg?fit=1200%2C630&resize=350%2C200","width":350,"height":200,"srcset":"https:\/\/i0.wp.com\/vincentians.com\/es\/wp-content\/uploads\/sites\/11\/2015\/04\/tres-descubrimientos-de-Vicente-de-Paul.jpg?fit=1200%2C630&resize=350%2C200 1x, https:\/\/i0.wp.com\/vincentians.com\/es\/wp-content\/uploads\/sites\/11\/2015\/04\/tres-descubrimientos-de-Vicente-de-Paul.jpg?fit=1200%2C630&resize=525%2C300 1.5x, https:\/\/i0.wp.com\/vincentians.com\/es\/wp-content\/uploads\/sites\/11\/2015\/04\/tres-descubrimientos-de-Vicente-de-Paul.jpg?fit=1200%2C630&resize=700%2C400 2x, https:\/\/i0.wp.com\/vincentians.com\/es\/wp-content\/uploads\/sites\/11\/2015\/04\/tres-descubrimientos-de-Vicente-de-Paul.jpg?fit=1200%2C630&resize=1050%2C600 3x"},"classes":[]},{"id":109321,"url":"http:\/\/vincentians.com\/es\/la-congregacion-de-la-mision-secular-o-religiosa\/","url_meta":{"origin":40256,"position":1},"title":"La Congregaci\u00f3n de la Misi\u00f3n \u00bfSecular o Religiosa?","author":"Francisco Javier Fern\u00e1ndez Chento","date":"02\/06\/2021","format":false,"excerpt":"Nuestra Compa\u00f1\u00eda \u00bfes secular o regular? Dicho de otro modo: nosotros \u00bfsomos seculares o religiosos? Pensar\u00e1n algunos que aqu\u00ed se trata s\u00f3lo de una pol\u00e9mica de palabras. Falso. La respuesta que demos a la cuesti\u00f3n condicionar\u00e1 m\u00e1s de una de las opciones que adoptemos en vistas al futuro de la\u2026","rel":"","context":"En \u00abFormaci\u00f3n Vicenciana\u00bb","block_context":{"text":"Formaci\u00f3n Vicenciana","link":"http:\/\/vincentians.com\/es\/category\/formacion-vicenciana\/"},"img":{"alt_text":"","src":"https:\/\/i0.wp.com\/vincentians.com\/es\/wp-content\/uploads\/sites\/11\/2016\/09\/espiritu-de-jesus.jpg?fit=1200%2C630&resize=350%2C200","width":350,"height":200,"srcset":"https:\/\/i0.wp.com\/vincentians.com\/es\/wp-content\/uploads\/sites\/11\/2016\/09\/espiritu-de-jesus.jpg?fit=1200%2C630&resize=350%2C200 1x, https:\/\/i0.wp.com\/vincentians.com\/es\/wp-content\/uploads\/sites\/11\/2016\/09\/espiritu-de-jesus.jpg?fit=1200%2C630&resize=525%2C300 1.5x, https:\/\/i0.wp.com\/vincentians.com\/es\/wp-content\/uploads\/sites\/11\/2016\/09\/espiritu-de-jesus.jpg?fit=1200%2C630&resize=700%2C400 2x, https:\/\/i0.wp.com\/vincentians.com\/es\/wp-content\/uploads\/sites\/11\/2016\/09\/espiritu-de-jesus.jpg?fit=1200%2C630&resize=1050%2C600 3x"},"classes":[]},{"id":16068,"url":"http:\/\/vincentians.com\/es\/tal-dia-como-hoy-28-de-abril\/","url_meta":{"origin":40256,"position":2},"title":"Tal d\u00eda como hoy: 28 de abril","author":"Francisco Javier Fern\u00e1ndez Chento","date":"28\/04\/2017","format":false,"excerpt":"1656. Conferencia de Vicente de Pa\u00fal en San L\u00e1zaro sobre los viajes. Es continuaci\u00f3n de la iniciada el 21 de abril. 1830. El superior general de la Congregaci\u00f3n de la Misi\u00f3n, P. Domingo Salhorgne, rodeado de la comunidad, recibe a la duquesa de Berry, nuera del rey Carlos X, que\u2026","rel":"","context":"En \u00abEfem\u00e9rides Vicencianas\u00bb","block_context":{"text":"Efem\u00e9rides Vicencianas","link":"http:\/\/vincentians.com\/es\/category\/historia-de-la-familia-vicenciana\/efemerides-vicencianas\/"},"img":{"alt_text":"","src":"https:\/\/i0.wp.com\/vincentians.com\/es\/wp-content\/uploads\/sites\/11\/2016\/07\/ephemerides-fb.jpg?fit=1200%2C630&resize=350%2C200","width":350,"height":200,"srcset":"https:\/\/i0.wp.com\/vincentians.com\/es\/wp-content\/uploads\/sites\/11\/2016\/07\/ephemerides-fb.jpg?fit=1200%2C630&resize=350%2C200 1x, https:\/\/i0.wp.com\/vincentians.com\/es\/wp-content\/uploads\/sites\/11\/2016\/07\/ephemerides-fb.jpg?fit=1200%2C630&resize=525%2C300 1.5x, https:\/\/i0.wp.com\/vincentians.com\/es\/wp-content\/uploads\/sites\/11\/2016\/07\/ephemerides-fb.jpg?fit=1200%2C630&resize=700%2C400 2x, https:\/\/i0.wp.com\/vincentians.com\/es\/wp-content\/uploads\/sites\/11\/2016\/07\/ephemerides-fb.jpg?fit=1200%2C630&resize=1050%2C600 3x"},"classes":[]},{"id":130846,"url":"http:\/\/vincentians.com\/es\/la-congregacion-de-la-mision-en-austria-ii\/","url_meta":{"origin":40256,"position":3},"title":"La Congregaci\u00f3n de la Misi\u00f3n en Austria (II)","author":"Mitxel Olabu\u00e9naga","date":"05\/07\/2014","format":false,"excerpt":"CASA DE SALZBURGO. 1883 Esta casita de la Congregaci\u00f3n fund\u00f3se casi exclusivamente para ocuparse en Salzburgo de la direcci\u00f3n de las Hijas de la Caridad. Dio a ello motivo la uni\u00f3n de las Hijas de la Caridad de la Archidi\u00f3cesis de Salzburgo con las de la Casa Madre de Par\u00eds.\u2026","rel":"","context":"En \u00abHistoria de la Congregaci\u00f3n de la Misi\u00f3n\u00bb","block_context":{"text":"Historia de la Congregaci\u00f3n de la Misi\u00f3n","link":"http:\/\/vincentians.com\/es\/category\/historia-de-la-familia-vicenciana\/historia-de-la-congregacion-de-la-mision\/"},"img":{"alt_text":"austria","src":"https:\/\/i0.wp.com\/vicencianos.org\/wp-content\/2014\/07\/austria.gif?resize=350%2C200","width":350,"height":200},"classes":[]},{"id":131139,"url":"http:\/\/vincentians.com\/es\/los-pobres-son-evangelizados\/","url_meta":{"origin":40256,"position":4},"title":"Los pobres son evangelizados","author":"Francisco Javier Fern\u00e1ndez Chento","date":"03\/09\/2014","format":false,"excerpt":"Id y contadle a Juan lo que hab\u00e9is visto y o\u00eddo: los ciegos ven, los cojos andan, los leprosos quedan limpios y los sordos oyen, los muertos resucitan, a los pobres se les Anuncia la buena noticia\". (Lc. 7,22) \"El fin de la Congregaci\u00f3n de la Misi\u00f3n es seguir a\u2026","rel":"","context":"En \u00abEspiritualidad vicenciana\u00bb","block_context":{"text":"Espiritualidad vicenciana","link":"http:\/\/vincentians.com\/es\/category\/espiritualidad\/espiritualidad-vicenciana\/"},"img":{"alt_text":"espiritualidad","src":"https:\/\/i0.wp.com\/vicencianos.org\/wp-content\/2014\/07\/espiritualidad.jpg?resize=350%2C200","width":350,"height":200},"classes":[]},{"id":128112,"url":"http:\/\/vincentians.com\/es\/fundacion-de-la-congregacion-de-la-mision-en-mexico\/","url_meta":{"origin":40256,"position":5},"title":"Fundaci\u00f3n de la Congregaci\u00f3n de la Misi\u00f3n en M\u00e9xico","author":"Mitxel Olabu\u00e9naga","date":"27\/05\/2024","format":false,"excerpt":"De hecho la Congregaci\u00f3n de la Misi\u00f3n apareci\u00f3 en M\u00e9xico por causa de las Hijas de la Caridad. Por eso era obligado y agradecido comenzar por la narraci\u00f3n la fundaci\u00f3n de las Hermanas. Hasta que los Padres llegaron a la Rep\u00fablica no w ning\u00fan testimonio de que alguien hubiera pensado\u2026","rel":"","context":"En \u00abHistoria de la Congregaci\u00f3n de la Misi\u00f3n\u00bb","block_context":{"text":"Historia de la Congregaci\u00f3n de la Misi\u00f3n","link":"http:\/\/vincentians.com\/es\/category\/historia-de-la-familia-vicenciana\/historia-de-la-congregacion-de-la-mision\/"},"img":{"alt_text":"","src":"https:\/\/i0.wp.com\/vincentians.com\/es\/wp-content\/uploads\/sites\/11\/2013\/04\/f-4-scaled.jpg?fit=1200%2C570&resize=350%2C200","width":350,"height":200,"srcset":"https:\/\/i0.wp.com\/vincentians.com\/es\/wp-content\/uploads\/sites\/11\/2013\/04\/f-4-scaled.jpg?fit=1200%2C570&resize=350%2C200 1x, https:\/\/i0.wp.com\/vincentians.com\/es\/wp-content\/uploads\/sites\/11\/2013\/04\/f-4-scaled.jpg?fit=1200%2C570&resize=525%2C300 1.5x, https:\/\/i0.wp.com\/vincentians.com\/es\/wp-content\/uploads\/sites\/11\/2013\/04\/f-4-scaled.jpg?fit=1200%2C570&resize=700%2C400 2x, https:\/\/i0.wp.com\/vincentians.com\/es\/wp-content\/uploads\/sites\/11\/2013\/04\/f-4-scaled.jpg?fit=1200%2C570&resize=1050%2C600 3x"},"classes":[]}],"_links":{"self":[{"href":"http:\/\/vincentians.com\/es\/wp-json\/wp\/v2\/posts\/40256","targetHints":{"allow":["GET"]}}],"collection":[{"href":"http:\/\/vincentians.com\/es\/wp-json\/wp\/v2\/posts"}],"about":[{"href":"http:\/\/vincentians.com\/es\/wp-json\/wp\/v2\/types\/post"}],"author":[{"embeddable":true,"href":"http:\/\/vincentians.com\/es\/wp-json\/wp\/v2\/users\/4"}],"replies":[{"embeddable":true,"href":"http:\/\/vincentians.com\/es\/wp-json\/wp\/v2\/comments?post=40256"}],"version-history":[{"count":1,"href":"http:\/\/vincentians.com\/es\/wp-json\/wp\/v2\/posts\/40256\/revisions"}],"predecessor-version":[{"id":401963,"href":"http:\/\/vincentians.com\/es\/wp-json\/wp\/v2\/posts\/40256\/revisions\/401963"}],"wp:featuredmedia":[{"embeddable":true,"href":"http:\/\/vincentians.com\/es\/wp-json\/wp\/v2\/media\/400013"}],"wp:attachment":[{"href":"http:\/\/vincentians.com\/es\/wp-json\/wp\/v2\/media?parent=40256"}],"wp:term":[{"taxonomy":"category","embeddable":true,"href":"http:\/\/vincentians.com\/es\/wp-json\/wp\/v2\/categories?post=40256"},{"taxonomy":"post_tag","embeddable":true,"href":"http:\/\/vincentians.com\/es\/wp-json\/wp\/v2\/tags?post=40256"}],"curies":[{"name":"wp","href":"https:\/\/api.w.org\/{rel}","templated":true}]}}