{"id":402306,"date":"2019-05-23T08:07:02","date_gmt":"2019-05-23T06:07:02","guid":{"rendered":"http:\/\/vincentians.com\/es\/?p=402306"},"modified":"2019-05-22T17:58:39","modified_gmt":"2019-05-22T15:58:39","slug":"un-heroe-de-la-caridad-san-vicente-de-paul-1581-1660-1","status":"publish","type":"post","link":"http:\/\/vincentians.com\/es\/un-heroe-de-la-caridad-san-vicente-de-paul-1581-1660-1\/","title":{"rendered":"Un h\u00e9roe de la Caridad: San Vicente de Pa\u00fal (1581-1660) (1)"},"content":{"rendered":"<p>\u00bfQui\u00e9n es ese hombre excepcional que ha traspasado todas las fronteras por su amor a Cristo en los m\u00e1s necesitados? \u00c9l promovi\u00f3 la santidad en su entorno sacerdotal dej\u00e1ndose lle\u00advar humilde y sabiamente donde el Esp\u00edritu guiaba. Por m\u00e1s de tres siglos han seguido sus huellas ej\u00e9rcitos de caridad que contrapesan tantas guerras y discordias. Hoy son m\u00e1s de 300.000 las se\u00f1oras comprometidas en ver a Cristo presente en cada persona, especialmente en el pobre. Forman la <em>asocia\u00adci\u00f3n <\/em>organizada por Vicente de Pa\u00fal en Ch\u00e1tillon-les-Dom-bes, muy cerca de Ly\u00f3n, el a\u00f1o 1617. Ahora prefieren identi\u00adficarse con el nombre de <em>Voluntarias de la caridad. <\/em>Vicente ha mostrado ser un gran talento organizador adaptando y crean\u00addo reglamentos para grupos distintos seg\u00fan las circunstancias lo requer\u00edan. As\u00ed, por ejemplo, las \u00abHermanas de la Caridad\u00bb (Clement August, en M\u00fcnster, Alemania). Son diferentes ra\u00admas de la misma ra\u00edz plantada por el santo. En mayor pleni\u00adtud de entrega a Dios est\u00e1 la asociaci\u00f3n de las <em>Hijas de la cari\u00addad, <\/em>que Vicente cultivaba con especial esmero en Par\u00eds. \u00c9stas llegaron a ser en el a\u00f1o 1950 unas 47.287 tanto m\u00e1s divinas cuanto m\u00e1s humanas. Actualmente su n\u00famero se aproxima a las 30.000, a pesar de las crisis vocacionales. Viven en esp\u00edri\u00adtu como las religiosas y como seculares en realidad, fieles al santo fundador que les dej\u00f3 el testamento siguiente:<\/p>\n<p>\u00abPor monasterio tendr\u00e9is la casa de los enfermos,<\/p>\n<p>por capilla la iglesia parroquial,<\/p>\n<p>por claustro las calles de la ciudad y salas de los hospitales,<\/p>\n<p>por clausura la obediencia,<\/p>\n<p>por rejas el temor de Dios y por velo la santa modestia.<\/p>\n<p>En fuerza de estas reflexiones, llevar\u00e1n vida tan virtuosa como si fueran religiosas profesas\u00bb.<\/p>\n<p>El historiador franc\u00e9s Federico Ozanam (1815-1853), con otros compa\u00f1eros, a\u00f1adieron a estas formas de caridad las <em>Conferencias de San Vicente de Pa\u00fal. <\/em>Hace no m\u00e1s de quince a\u00f1os se ha creado la <em>Asociaci\u00f3n Internacional de la Caridad <\/em>(A.I.C.), al modo de las \u00abDamas de la caridad\u00bb, fundada por el mismo San Vicente.<\/p>\n<p>Con el fin de renovar el fervor del clero en Francia y, concretamente, de los sacerdotes de Par\u00eds, le fue concedido a Vicente el priorato de San L\u00e1zaro. Son terrenos situados, entonces, en las afueras de Par\u00eds, al borde del camino que lleva al santuario catedralicio de San Dionisio el Areopagita. Des de su fundaci\u00f3n, el priorato hab\u00eda servido como hospital de leprosos. Desde el siglo XII reyes y pont\u00edfices lo hab\u00edan enriquecido con donativos y privilegios. Esto vino a ser el cuartel general de San Vicente. All\u00ed se reun\u00edan m\u00e1s de doscientos cincuenta sacerdotes todos los martes, para escuchar y dialogar con el conferenciante Vicente de Pa\u00fal. Uno de los asistentes era el famoso predicador y cortesano Santiago B. Bossuet. Sali\u00f3 de all\u00ed una pl\u00e9yade de nuevos obispos, designados por Richelieu, quien se aconsejaba de Vicente en estos casos para su presentaci\u00f3n. Muchos tambi\u00e9n eran cooperadores de Vicente en la predicaci\u00f3n a campesinos. Cantera de piedras edificantes para formar la <em>Congregaci\u00f3n de la Misi\u00f3n. <\/em>Los llaman al ahora \u00ablazaristas\u00bb, en Francia; \u00abvicencians\u00bb, en Estados Unidos, \u00abvicentinos\u00bb, en la Am\u00e9rica hispana; y \u00abpaules\u00bb, en Espa\u00f1a. Hoy d\u00eda son en total unos cuatro mil misioneros.<\/p>\n<ol start=\"2\">\n<li><strong> Natural de Pouy<\/strong><\/li>\n<\/ol>\n<p>Desde Hendaya, a pocas horas de camino, bordeando Ias orillas del Cant\u00e1brico, llegamos a Pouy, la aldea donde naci\u00f3 Vicente y pas\u00f3 los primeros quince a\u00f1os de su vida. Pero ya no es Pouy. Desde el siglo XIX el pueblo se llama San Paul, en honor de su hijo m\u00e1s ilustre. Es ahora un elegante pueblecito de veraneantes y jubilados, de calles asfaltadas, lindos chalets, bellos jardines y modernos edificios p\u00fablicos. Cuatro siglos atr\u00e1s, Pouy era una m\u00edsera aldehuela compues\u00adta de caser\u00edos diseminados por los pantanosos terrenos de las landas. En uno de ellos \u2014Ranquine\u2014 viv\u00edan Juan de Pa\u00fal y Reltrana de Moras, los padres de Vicente. Ranquine se dice ahora \u00abLe berceau de Saint Vincent\u00bb \u2014la cuna de San Vicen\u00adte\u2014. A dos kil\u00f3metros en derredor las reliquias del paisaje: encinas, casta\u00f1os, manzanos, setos y, como buenos amigos, vacas, ovejas, cerdos y gallinas. Podr\u00edamos imaginar a Vicente encaramado en sus zancos.<\/p>\n<p>Familias de campesinos, parcelas de pastos y labor, casa, granjas, variedad de animales. Dentro de la casa, en el hogar, honradez, bondad, amistad. Entre los escritos aqu\u00ed seleccio\u00adnados, Vicente elogiar\u00e1 luego a las j\u00f3venes campesinas que pasan su formaci\u00f3n como aspirantes novicias. Dos siglos des\u00adpu\u00e9s de San Vicente, Dios ha regalado un espejo de formaci\u00f3n en Santa Catalina Labour\u00e9, quien para ser santa nunca dej\u00f3 de ser campesina. Cuando todo el mundo elogiaba la caridad sin par de Vicente, \u00e9l respond\u00eda con humildad y devoci\u00f3n: \u00abYo he guardado animales\u00bb. Familia de fe elemental y robusta, crecidos entre herramientas de trabajo y pobreza honrada. Personas de bien en quienes florecen f\u00e1cilmente las vii ludes naturales.<\/p>\n<p>Cuentan que una vez Vicente volv\u00eda del molino y top\u00f3 con un mendigo. Abri\u00f3 la maquila y alarg\u00f3 un buen pu\u00f1ado de harina al hambriento. Sabemos con certeza que el joven Vicente, ya de 15 a\u00f1os, destacaba por su esp\u00edritu despierto, vivo, inteligente. Su padre estaba convencido de que su hijo iba a ser hombre de gran talento. Que haga carrera \u2014dec\u00eda\u2014 y refuerce luego los escasos ahorros de la familia. Ya tiene edad para tomar resoluciones de gran importancia.<\/p>\n<p>En Dax, la ciudad m\u00e1s pr\u00f3xima a Pouy, a corta distancia del mar, una comunidad de franciscanos regenta un internado pan a estudiantes de segunda ense\u00f1anza. Matr\u00edcula para todo el a\u00f1o escolar: sesenta y tres libras. Econ\u00f3mico, pero resulta ser costoso gravamen para la familia de aquel labrador land\u00e9s. Confianza en Dios y adelante. Dos a\u00f1os bajo la tutela de frailes y en compa\u00f1\u00eda de hijos de comerciantes, abogados de la provincia, de rango social m\u00e1s elevado. Tanto que, como lo cuenta el mismo Vicente con dolor despu\u00e9s de varios a\u00f1os, se neg\u00f3 a recibir la visita de su padre \u00abpobre campesino, cojo y no bien trajeado\u00bb. Falto de humildad en juventud y fortaleza devota cuando maduro. As\u00ed fue Vicente y as\u00ed su padre. Si yo fuera rico&#8230; pensaba este joven en presencia de aquellos pre\u00adsuntuosos colegiales.<\/p>\n<p>Inicia sus estudios superiores, se aconseja, principalmente, del cardenal Pierre de B\u00e9rulle y sigue abriendo su propio ca\u00admino. Un curso en la Universidad de Zaragoza, que hubo de interrumpir por la muerte de su padre, y luego contin\u00faa siete a\u00f1os en la Universidad de Toulouse. \u00bfEra Vicente nacido en Espa\u00f1a? Alguien lo afirmaba hace pocos a\u00f1os. Ahora coinci\u00adden los historiadores en decir que Francia es su pa\u00eds de naci\u00admiento. Ya pod\u00eda \u00abcolocarse\u00bb como cl\u00e9rigo pensionado, dis\u00adfrutando para bien de su familia y propia holganza, como tantos otros cl\u00e9rigos y obispos cortesanos en Par\u00eds. Pero ten\u00eda Dios otros planes m\u00e1s altos, m\u00e1s gloriosos para Vicente adon\u00adde \u00e9l suavemente le guiaba.<\/p>\n<ol start=\"3\">\n<li><strong> Despierta, Francia, revive.<\/strong><\/li>\n<\/ol>\n<p>En el siglo XVI, mientras Espa\u00f1a maduraba en santidad, Francia desangraba en guerras de religi\u00f3n. El rey Enrique IV (cat\u00f3lico converso del protestantismo) lograba la paz con el Edicto de Nantes (1598). Desde entonces, los no cat\u00f3licos en Francia han gozado del Estatuto de tolerancia. En Francia, atenazada por la Casa de Austria \u2014Espa\u00f1a, Pa\u00edses Bajos, Franco Condado, Alemania, Austria y Hungr\u00eda\u2014, nunca se hab\u00eda conocido tanta miseria. \u00abNing\u00fan lugar de provincias recordaba haber sufrido semejante pobreza. Par\u00eds y alrededo\u00adres eran lo m\u00e1s castigado\u00bb. Dos grandes hombres surgieron entonces como esperanza del pueblo: San Vicente de Pa\u00fal, por la caridad, y Richelieu, por su pol\u00edtica de econom\u00eda en fa\u00advor de la naci\u00f3n. Ordenado obispo y designado primer minis\u00adtro del rey Luis XIII, Richelieu se propuso este lema: \u00abEl Esta\u00addo sirve al Reino de Dios, que es objeto de fe y realidad temporal que la raz\u00f3n ha de guiar\u00bb. Efectivamente, para \u00e9l fue la raz\u00f3n de Estado, Francia. Y su valor supremo la econo\u00adm\u00eda, aunque para conseguirlo fuera preciso militar contra el catolicismo de la Casa de Austria. La Asamblea del clero en el parlamento de Par\u00eds no admiti\u00f3 los decretos del concilio de Trento: hasta el a\u00f1o 1615, es decir, cincuenta y dos a\u00f1os des\u00adpu\u00e9s de haberse concluido el concilio. Un siglo antes el pue\u00adblo clamaba por la Reforma de la Iglesia. A la vista de todos estaba la falta de vocaci\u00f3n en la mayor\u00eda de cl\u00e9rigos y religio\u00adsos. Recibida la tonsura, disfrutaban de beneficios eclesi\u00e1sti\u00adcos, que les permit\u00edan llevar vida de holganza. Otros ejerc\u00edan profesiones lucrativas, no precisamente por motivaci\u00f3n apos\u00adt\u00f3lica, como hab\u00eda trabajado San Pablo.<\/p>\n<p>Numerosos sacerdotes, incluso algunos obispos, se opo\u00adn\u00edan tenazmente a toda reforma que les privara de ciertos re\u00adcursos econ\u00f3micos. Discurr\u00edan as\u00ed:<\/p>\n<p>\u00abSi la vida privada y aun depravada del hombre no afecta a la validad de los sacramentos que administra, \u00bfpor qu\u00e9 exigir del presb\u00edtero una conducta intachable? Para bautizar, cele\u00adbrar la misa, bendecir, etc., es m\u00e1s importante conocer el ri\u00adtual y recibir el poder necesario que vivir como un monje\u00bb.<\/p>\n<p>Obispos que no resid\u00edan en la propia di\u00f3cesis y pasaban el tiempo en la corte absorbidos en ocupaciones temporales. Cl\u00e9rigos por lo general ignorantes, perezosos, viciosos y en busca de dinero. Pocos a\u00f1os despu\u00e9s dir\u00eda San Vicente de Pa\u00fal: \u00abResulta que la Iglesia no tiene peores enemigos que los mismos sacerdotes\u00bb.<\/p>\n<p>Teodoro H. Martin BAC<\/p>\n","protected":false},"excerpt":{"rendered":"<p>\u00bfQui\u00e9n es ese hombre excepcional que ha traspasado todas las fronteras por su amor a Cristo en los m\u00e1s necesitados? \u00c9l promovi\u00f3 la santidad en su entorno sacerdotal dej\u00e1ndose lle\u00advar humilde y sabiamente donde el &#8230; <a href=\"http:\/\/vincentians.com\/es\/un-heroe-de-la-caridad-san-vicente-de-paul-1581-1660-1\/\" class=\"more-link\">Read More<\/a><\/p>\n","protected":false},"author":5,"featured_media":401289,"comment_status":"open","ping_status":"open","sticky":false,"template":"","format":"standard","meta":{"jetpack_post_was_ever_published":false,"_jetpack_newsletter_access":"","_jetpack_dont_email_post_to_subs":false,"_jetpack_newsletter_tier_id":0,"_jetpack_memberships_contains_paywalled_content":false,"_jetpack_memberships_contains_paid_content":false,"footnotes":"","jetpack_publicize_message":"","jetpack_publicize_feature_enabled":true,"jetpack_social_post_already_shared":true,"jetpack_social_options":{"image_generator_settings":{"template":"highway","default_image_id":0,"font":"","enabled":false},"version":2}},"categories":[5],"tags":[],"class_list":["post-402306","post","type-post","status-publish","format-standard","has-post-thumbnail","hentry","category-vicente-de-paul"],"yoast_head":"<!-- This site is optimized with the Yoast SEO plugin v26.3 - https:\/\/yoast.com\/wordpress\/plugins\/seo\/ -->\n<title>Un h\u00e9roe de la Caridad: San Vicente de Pa\u00fal (1581-1660) (1) - Somos Vicencianos<\/title>\n<meta name=\"robots\" content=\"index, follow, max-snippet:-1, max-image-preview:large, max-video-preview:-1\" \/>\n<link rel=\"canonical\" href=\"https:\/\/vincentians.com\/es\/un-heroe-de-la-caridad-san-vicente-de-paul-1581-1660-1\/\" \/>\n<meta property=\"og:locale\" content=\"es_ES\" \/>\n<meta property=\"og:type\" content=\"article\" \/>\n<meta property=\"og:title\" content=\"Un h\u00e9roe de la Caridad: San Vicente de Pa\u00fal (1581-1660) (1) - Somos Vicencianos\" \/>\n<meta property=\"og:description\" content=\"\u00bfQui\u00e9n es ese hombre excepcional que ha traspasado todas las fronteras por su amor a Cristo en los m\u00e1s necesitados? \u00c9l promovi\u00f3 la santidad en su entorno sacerdotal dej\u00e1ndose lle\u00advar humilde y sabiamente donde el ... Read More\" \/>\n<meta property=\"og:url\" content=\"https:\/\/vincentians.com\/es\/un-heroe-de-la-caridad-san-vicente-de-paul-1581-1660-1\/\" \/>\n<meta property=\"og:site_name\" content=\"Somos Vicencianos\" \/>\n<meta property=\"article:publisher\" content=\"https:\/\/www.facebook.com\/WeAreVincentians\/\" \/>\n<meta property=\"article:published_time\" content=\"2019-05-23T06:07:02+00:00\" \/>\n<meta property=\"og:image\" content=\"https:\/\/i0.wp.com\/vincentians.com\/es\/wp-content\/uploads\/sites\/11\/2017\/09\/San-Vicente-9.jpg?fit=900%2C500&ssl=1\" \/>\n\t<meta property=\"og:image:width\" content=\"900\" \/>\n\t<meta property=\"og:image:height\" content=\"500\" \/>\n\t<meta property=\"og:image:type\" content=\"image\/jpeg\" \/>\n<meta name=\"author\" content=\"Mitxel Olabu\u00e9naga\" \/>\n<meta name=\"twitter:card\" content=\"summary_large_image\" \/>\n<meta name=\"twitter:creator\" content=\"@WeVincentians\" \/>\n<meta name=\"twitter:site\" content=\"@WeVincentians\" \/>\n<meta name=\"twitter:label1\" content=\"Escrito por\" \/>\n\t<meta name=\"twitter:data1\" content=\"Mitxel Olabu\u00e9naga\" \/>\n\t<meta name=\"twitter:label2\" content=\"Tiempo de lectura\" \/>\n\t<meta name=\"twitter:data2\" content=\"8 minutos\" \/>\n<script type=\"application\/ld+json\" class=\"yoast-schema-graph\">{\"@context\":\"https:\/\/schema.org\",\"@graph\":[{\"@type\":\"Article\",\"@id\":\"https:\/\/vincentians.com\/es\/un-heroe-de-la-caridad-san-vicente-de-paul-1581-1660-1\/#article\",\"isPartOf\":{\"@id\":\"https:\/\/vincentians.com\/es\/un-heroe-de-la-caridad-san-vicente-de-paul-1581-1660-1\/\"},\"author\":{\"name\":\"Mitxel Olabu\u00e9naga\",\"@id\":\"https:\/\/vincentians.com\/es\/#\/schema\/person\/7c2670b4445a7ca9d164ea6acdb31859\"},\"headline\":\"Un h\u00e9roe de la Caridad: San Vicente de Pa\u00fal (1581-1660) (1)\",\"datePublished\":\"2019-05-23T06:07:02+00:00\",\"mainEntityOfPage\":{\"@id\":\"https:\/\/vincentians.com\/es\/un-heroe-de-la-caridad-san-vicente-de-paul-1581-1660-1\/\"},\"wordCount\":1694,\"commentCount\":1,\"publisher\":{\"@id\":\"https:\/\/vincentians.com\/es\/#organization\"},\"image\":{\"@id\":\"https:\/\/vincentians.com\/es\/un-heroe-de-la-caridad-san-vicente-de-paul-1581-1660-1\/#primaryimage\"},\"thumbnailUrl\":\"https:\/\/i0.wp.com\/vincentians.com\/es\/wp-content\/uploads\/sites\/11\/2017\/09\/San-Vicente-9.jpg?fit=900%2C500\",\"articleSection\":[\"Vicente de Pa\u00fal\"],\"inLanguage\":\"es\",\"potentialAction\":[{\"@type\":\"CommentAction\",\"name\":\"Comment\",\"target\":[\"https:\/\/vincentians.com\/es\/un-heroe-de-la-caridad-san-vicente-de-paul-1581-1660-1\/#respond\"]}]},{\"@type\":\"WebPage\",\"@id\":\"https:\/\/vincentians.com\/es\/un-heroe-de-la-caridad-san-vicente-de-paul-1581-1660-1\/\",\"url\":\"https:\/\/vincentians.com\/es\/un-heroe-de-la-caridad-san-vicente-de-paul-1581-1660-1\/\",\"name\":\"Un h\u00e9roe de la Caridad: San Vicente de Pa\u00fal (1581-1660) (1) - Somos Vicencianos\",\"isPartOf\":{\"@id\":\"https:\/\/vincentians.com\/es\/#website\"},\"primaryImageOfPage\":{\"@id\":\"https:\/\/vincentians.com\/es\/un-heroe-de-la-caridad-san-vicente-de-paul-1581-1660-1\/#primaryimage\"},\"image\":{\"@id\":\"https:\/\/vincentians.com\/es\/un-heroe-de-la-caridad-san-vicente-de-paul-1581-1660-1\/#primaryimage\"},\"thumbnailUrl\":\"https:\/\/i0.wp.com\/vincentians.com\/es\/wp-content\/uploads\/sites\/11\/2017\/09\/San-Vicente-9.jpg?fit=900%2C500\",\"datePublished\":\"2019-05-23T06:07:02+00:00\",\"breadcrumb\":{\"@id\":\"https:\/\/vincentians.com\/es\/un-heroe-de-la-caridad-san-vicente-de-paul-1581-1660-1\/#breadcrumb\"},\"inLanguage\":\"es\",\"potentialAction\":[{\"@type\":\"ReadAction\",\"target\":[\"https:\/\/vincentians.com\/es\/un-heroe-de-la-caridad-san-vicente-de-paul-1581-1660-1\/\"]}]},{\"@type\":\"ImageObject\",\"inLanguage\":\"es\",\"@id\":\"https:\/\/vincentians.com\/es\/un-heroe-de-la-caridad-san-vicente-de-paul-1581-1660-1\/#primaryimage\",\"url\":\"https:\/\/i0.wp.com\/vincentians.com\/es\/wp-content\/uploads\/sites\/11\/2017\/09\/San-Vicente-9.jpg?fit=900%2C500\",\"contentUrl\":\"https:\/\/i0.wp.com\/vincentians.com\/es\/wp-content\/uploads\/sites\/11\/2017\/09\/San-Vicente-9.jpg?fit=900%2C500\",\"width\":900,\"height\":500},{\"@type\":\"BreadcrumbList\",\"@id\":\"https:\/\/vincentians.com\/es\/un-heroe-de-la-caridad-san-vicente-de-paul-1581-1660-1\/#breadcrumb\",\"itemListElement\":[{\"@type\":\"ListItem\",\"position\":1,\"name\":\"Portada\",\"item\":\"https:\/\/vincentians.com\/es\/\"},{\"@type\":\"ListItem\",\"position\":2,\"name\":\"Un h\u00e9roe de la Caridad: San Vicente de Pa\u00fal (1581-1660) (1)\"}]},{\"@type\":\"WebSite\",\"@id\":\"https:\/\/vincentians.com\/es\/#website\",\"url\":\"https:\/\/vincentians.com\/es\/\",\"name\":\"Somos Vicencianos\",\"description\":\"Know more to serve more\",\"publisher\":{\"@id\":\"https:\/\/vincentians.com\/es\/#organization\"},\"potentialAction\":[{\"@type\":\"SearchAction\",\"target\":{\"@type\":\"EntryPoint\",\"urlTemplate\":\"https:\/\/vincentians.com\/es\/?s={search_term_string}\"},\"query-input\":{\"@type\":\"PropertyValueSpecification\",\"valueRequired\":true,\"valueName\":\"search_term_string\"}}],\"inLanguage\":\"es\"},{\"@type\":\"Organization\",\"@id\":\"https:\/\/vincentians.com\/es\/#organization\",\"name\":\"The Vincentian Network\",\"url\":\"https:\/\/vincentians.com\/es\/\",\"logo\":{\"@type\":\"ImageObject\",\"inLanguage\":\"es\",\"@id\":\"https:\/\/vincentians.com\/es\/#\/schema\/logo\/image\/\",\"url\":\"https:\/\/i1.wp.com\/vincentians.com\/es\/wp-content\/uploads\/sites\/11\/2016\/06\/Vincentian-Network-logo-big.png?fit=778%2C778\",\"contentUrl\":\"https:\/\/i1.wp.com\/vincentians.com\/es\/wp-content\/uploads\/sites\/11\/2016\/06\/Vincentian-Network-logo-big.png?fit=778%2C778\",\"width\":778,\"height\":778,\"caption\":\"The Vincentian Network\"},\"image\":{\"@id\":\"https:\/\/vincentians.com\/es\/#\/schema\/logo\/image\/\"},\"sameAs\":[\"https:\/\/www.facebook.com\/WeAreVincentians\/\",\"https:\/\/x.com\/WeVincentians\"]},{\"@type\":\"Person\",\"@id\":\"https:\/\/vincentians.com\/es\/#\/schema\/person\/7c2670b4445a7ca9d164ea6acdb31859\",\"name\":\"Mitxel Olabu\u00e9naga\",\"image\":{\"@type\":\"ImageObject\",\"inLanguage\":\"es\",\"@id\":\"https:\/\/vincentians.com\/es\/#\/schema\/person\/image\/\",\"url\":\"https:\/\/secure.gravatar.com\/avatar\/34137ec2e2b8939cbbed975731e71f3f4f1defc7266ded337a5ce0f925426877?s=96&d=mm&r=g\",\"contentUrl\":\"https:\/\/secure.gravatar.com\/avatar\/34137ec2e2b8939cbbed975731e71f3f4f1defc7266ded337a5ce0f925426877?s=96&d=mm&r=g\",\"caption\":\"Mitxel Olabu\u00e9naga\"},\"url\":\"http:\/\/vincentians.com\/es\/author\/mitxel\/\"}]}<\/script>\n<!-- \/ Yoast SEO plugin. -->","yoast_head_json":{"title":"Un h\u00e9roe de la Caridad: San Vicente de Pa\u00fal (1581-1660) (1) - Somos Vicencianos","robots":{"index":"index","follow":"follow","max-snippet":"max-snippet:-1","max-image-preview":"max-image-preview:large","max-video-preview":"max-video-preview:-1"},"canonical":"https:\/\/vincentians.com\/es\/un-heroe-de-la-caridad-san-vicente-de-paul-1581-1660-1\/","og_locale":"es_ES","og_type":"article","og_title":"Un h\u00e9roe de la Caridad: San Vicente de Pa\u00fal (1581-1660) (1) - Somos Vicencianos","og_description":"\u00bfQui\u00e9n es ese hombre excepcional que ha traspasado todas las fronteras por su amor a Cristo en los m\u00e1s necesitados? \u00c9l promovi\u00f3 la santidad en su entorno sacerdotal dej\u00e1ndose lle\u00advar humilde y sabiamente donde el ... Read More","og_url":"https:\/\/vincentians.com\/es\/un-heroe-de-la-caridad-san-vicente-de-paul-1581-1660-1\/","og_site_name":"Somos Vicencianos","article_publisher":"https:\/\/www.facebook.com\/WeAreVincentians\/","article_published_time":"2019-05-23T06:07:02+00:00","og_image":[{"width":900,"height":500,"url":"https:\/\/i0.wp.com\/vincentians.com\/es\/wp-content\/uploads\/sites\/11\/2017\/09\/San-Vicente-9.jpg?fit=900%2C500&ssl=1","type":"image\/jpeg"}],"author":"Mitxel Olabu\u00e9naga","twitter_card":"summary_large_image","twitter_creator":"@WeVincentians","twitter_site":"@WeVincentians","twitter_misc":{"Escrito por":"Mitxel Olabu\u00e9naga","Tiempo de lectura":"8 minutos"},"schema":{"@context":"https:\/\/schema.org","@graph":[{"@type":"Article","@id":"https:\/\/vincentians.com\/es\/un-heroe-de-la-caridad-san-vicente-de-paul-1581-1660-1\/#article","isPartOf":{"@id":"https:\/\/vincentians.com\/es\/un-heroe-de-la-caridad-san-vicente-de-paul-1581-1660-1\/"},"author":{"name":"Mitxel Olabu\u00e9naga","@id":"https:\/\/vincentians.com\/es\/#\/schema\/person\/7c2670b4445a7ca9d164ea6acdb31859"},"headline":"Un h\u00e9roe de la Caridad: San Vicente de Pa\u00fal (1581-1660) (1)","datePublished":"2019-05-23T06:07:02+00:00","mainEntityOfPage":{"@id":"https:\/\/vincentians.com\/es\/un-heroe-de-la-caridad-san-vicente-de-paul-1581-1660-1\/"},"wordCount":1694,"commentCount":1,"publisher":{"@id":"https:\/\/vincentians.com\/es\/#organization"},"image":{"@id":"https:\/\/vincentians.com\/es\/un-heroe-de-la-caridad-san-vicente-de-paul-1581-1660-1\/#primaryimage"},"thumbnailUrl":"https:\/\/i0.wp.com\/vincentians.com\/es\/wp-content\/uploads\/sites\/11\/2017\/09\/San-Vicente-9.jpg?fit=900%2C500","articleSection":["Vicente de Pa\u00fal"],"inLanguage":"es","potentialAction":[{"@type":"CommentAction","name":"Comment","target":["https:\/\/vincentians.com\/es\/un-heroe-de-la-caridad-san-vicente-de-paul-1581-1660-1\/#respond"]}]},{"@type":"WebPage","@id":"https:\/\/vincentians.com\/es\/un-heroe-de-la-caridad-san-vicente-de-paul-1581-1660-1\/","url":"https:\/\/vincentians.com\/es\/un-heroe-de-la-caridad-san-vicente-de-paul-1581-1660-1\/","name":"Un h\u00e9roe de la Caridad: San Vicente de Pa\u00fal (1581-1660) (1) - Somos Vicencianos","isPartOf":{"@id":"https:\/\/vincentians.com\/es\/#website"},"primaryImageOfPage":{"@id":"https:\/\/vincentians.com\/es\/un-heroe-de-la-caridad-san-vicente-de-paul-1581-1660-1\/#primaryimage"},"image":{"@id":"https:\/\/vincentians.com\/es\/un-heroe-de-la-caridad-san-vicente-de-paul-1581-1660-1\/#primaryimage"},"thumbnailUrl":"https:\/\/i0.wp.com\/vincentians.com\/es\/wp-content\/uploads\/sites\/11\/2017\/09\/San-Vicente-9.jpg?fit=900%2C500","datePublished":"2019-05-23T06:07:02+00:00","breadcrumb":{"@id":"https:\/\/vincentians.com\/es\/un-heroe-de-la-caridad-san-vicente-de-paul-1581-1660-1\/#breadcrumb"},"inLanguage":"es","potentialAction":[{"@type":"ReadAction","target":["https:\/\/vincentians.com\/es\/un-heroe-de-la-caridad-san-vicente-de-paul-1581-1660-1\/"]}]},{"@type":"ImageObject","inLanguage":"es","@id":"https:\/\/vincentians.com\/es\/un-heroe-de-la-caridad-san-vicente-de-paul-1581-1660-1\/#primaryimage","url":"https:\/\/i0.wp.com\/vincentians.com\/es\/wp-content\/uploads\/sites\/11\/2017\/09\/San-Vicente-9.jpg?fit=900%2C500","contentUrl":"https:\/\/i0.wp.com\/vincentians.com\/es\/wp-content\/uploads\/sites\/11\/2017\/09\/San-Vicente-9.jpg?fit=900%2C500","width":900,"height":500},{"@type":"BreadcrumbList","@id":"https:\/\/vincentians.com\/es\/un-heroe-de-la-caridad-san-vicente-de-paul-1581-1660-1\/#breadcrumb","itemListElement":[{"@type":"ListItem","position":1,"name":"Portada","item":"https:\/\/vincentians.com\/es\/"},{"@type":"ListItem","position":2,"name":"Un h\u00e9roe de la Caridad: San Vicente de Pa\u00fal (1581-1660) (1)"}]},{"@type":"WebSite","@id":"https:\/\/vincentians.com\/es\/#website","url":"https:\/\/vincentians.com\/es\/","name":"Somos Vicencianos","description":"Know more to serve more","publisher":{"@id":"https:\/\/vincentians.com\/es\/#organization"},"potentialAction":[{"@type":"SearchAction","target":{"@type":"EntryPoint","urlTemplate":"https:\/\/vincentians.com\/es\/?s={search_term_string}"},"query-input":{"@type":"PropertyValueSpecification","valueRequired":true,"valueName":"search_term_string"}}],"inLanguage":"es"},{"@type":"Organization","@id":"https:\/\/vincentians.com\/es\/#organization","name":"The Vincentian Network","url":"https:\/\/vincentians.com\/es\/","logo":{"@type":"ImageObject","inLanguage":"es","@id":"https:\/\/vincentians.com\/es\/#\/schema\/logo\/image\/","url":"https:\/\/i1.wp.com\/vincentians.com\/es\/wp-content\/uploads\/sites\/11\/2016\/06\/Vincentian-Network-logo-big.png?fit=778%2C778","contentUrl":"https:\/\/i1.wp.com\/vincentians.com\/es\/wp-content\/uploads\/sites\/11\/2016\/06\/Vincentian-Network-logo-big.png?fit=778%2C778","width":778,"height":778,"caption":"The Vincentian Network"},"image":{"@id":"https:\/\/vincentians.com\/es\/#\/schema\/logo\/image\/"},"sameAs":["https:\/\/www.facebook.com\/WeAreVincentians\/","https:\/\/x.com\/WeVincentians"]},{"@type":"Person","@id":"https:\/\/vincentians.com\/es\/#\/schema\/person\/7c2670b4445a7ca9d164ea6acdb31859","name":"Mitxel Olabu\u00e9naga","image":{"@type":"ImageObject","inLanguage":"es","@id":"https:\/\/vincentians.com\/es\/#\/schema\/person\/image\/","url":"https:\/\/secure.gravatar.com\/avatar\/34137ec2e2b8939cbbed975731e71f3f4f1defc7266ded337a5ce0f925426877?s=96&d=mm&r=g","contentUrl":"https:\/\/secure.gravatar.com\/avatar\/34137ec2e2b8939cbbed975731e71f3f4f1defc7266ded337a5ce0f925426877?s=96&d=mm&r=g","caption":"Mitxel Olabu\u00e9naga"},"url":"http:\/\/vincentians.com\/es\/author\/mitxel\/"}]}},"jetpack_publicize_connections":[],"jetpack_featured_media_url":"https:\/\/i0.wp.com\/vincentians.com\/es\/wp-content\/uploads\/sites\/11\/2017\/09\/San-Vicente-9.jpg?fit=900%2C500","jetpack_sharing_enabled":true,"jetpack_shortlink":"https:\/\/wp.me\/p7ETMF-1GEO","jetpack-related-posts":[{"id":136100,"url":"http:\/\/vincentians.com\/es\/actualidad-del-carisma-vicenciano-en-nuestro-tiempo\/","url_meta":{"origin":402306,"position":0},"title":"Actualidad del carisma vicenciano en nuestro tiempo","author":"Francisco Javier Fern\u00e1ndez Chento","date":"17\/01\/2015","format":false,"excerpt":"Introducci\u00f3n Pr\u00f3ximos a la fiesta de la Fundaci\u00f3n de la Congregaci\u00f3n de la Misi\u00f3n o Misioneros Pa\u00fales, que tuvo lugar el d\u00eda 25 de Enero de 1617, d\u00eda de la Conversi\u00f3n de San Pablo; teniendo en cuenta que estamos celebrando en la Iglesia el a\u00f1o dedicado a la vida consagrada,\u2026","rel":"","context":"En \u00abFormaci\u00f3n Vicenciana\u00bb","block_context":{"text":"Formaci\u00f3n Vicenciana","link":"http:\/\/vincentians.com\/es\/category\/formacion-vicenciana\/"},"img":{"alt_text":"sataluisaysanvicente","src":"https:\/\/i0.wp.com\/vicencianos.org\/wp-content\/2015\/01\/sataluisaysanvicente-300x169.jpg?resize=350%2C200","width":350,"height":200},"classes":[]},{"id":116700,"url":"http:\/\/vincentians.com\/es\/caridad-en-san-vicente-de-paul\/","url_meta":{"origin":402306,"position":1},"title":"Caridad en San Vicente de Pa\u00fal","author":"Francisco Javier Fern\u00e1ndez Chento","date":"26\/10\/2018","format":false,"excerpt":"Introducci\u00f3n Hablar de la caridad en Vicente de Pa\u00fal en esta semana de Estudios Vicencianos significa hacer una \"relectura\" de la misma. Esta relectura implica no una simple exposici\u00f3n de lo que dijo e hizo Vicente de Pa\u00fal referente a la caridad, sino un volver a leer su ense\u00f1anza y\u2026","rel":"","context":"En \u00abFormaci\u00f3n Vicenciana\u00bb","block_context":{"text":"Formaci\u00f3n Vicenciana","link":"http:\/\/vincentians.com\/es\/category\/formacion-vicenciana\/"},"img":{"alt_text":"","src":"https:\/\/i0.wp.com\/vincentians.com\/es\/wp-content\/uploads\/sites\/11\/2017\/07\/San-Vicente-7.jpg?fit=600%2C416&resize=350%2C200","width":350,"height":200,"srcset":"https:\/\/i0.wp.com\/vincentians.com\/es\/wp-content\/uploads\/sites\/11\/2017\/07\/San-Vicente-7.jpg?fit=600%2C416&resize=350%2C200 1x, https:\/\/i0.wp.com\/vincentians.com\/es\/wp-content\/uploads\/sites\/11\/2017\/07\/San-Vicente-7.jpg?fit=600%2C416&resize=525%2C300 1.5x"},"classes":[]},{"id":130259,"url":"http:\/\/vincentians.com\/es\/un-perfil-heroico-santa-luisa-de-marillac-06\/","url_meta":{"origin":402306,"position":2},"title":"Un perfil heroico: santa Luisa de Marillac (06)","author":"Francisco Javier Fern\u00e1ndez Chento","date":"28\/02\/2015","format":false,"excerpt":"ESOS que est\u00e1n cubiertos de blancas vestiduras, \u00bfqui\u00e9nes son y de d\u00f3nde han venido? (Apocalipsis, VII.) VICENTE de Pa\u00fal ha sido uno de los mayores dones que la ca\u00adridad y la misericordiosa de Dios han concedido al mundo. Su santidad personal es tan atrayente, tan humana, tan digna de imitaci\u00f3n\u2026","rel":"","context":"En \u00abLuisa de Marillac\u00bb","block_context":{"text":"Luisa de Marillac","link":"http:\/\/vincentians.com\/es\/category\/la-familia-vicenciana\/fundadores\/luisa-de-marillac\/"},"img":{"alt_text":"OLYMPUS DIGITAL CAMERA","src":"https:\/\/i0.wp.com\/vicencianos.org\/wp-content\/2014\/04\/louise-marillac-300x248.jpg?resize=350%2C200","width":350,"height":200},"classes":[]},{"id":127119,"url":"http:\/\/vincentians.com\/es\/san-vicente-de-paul-presbitero-1581-1660\/","url_meta":{"origin":402306,"position":3},"title":"San Vicente de Pa\u00fal, presb\u00edtero (1581-1660)","author":"Francisco Javier Fern\u00e1ndez Chento","date":"27\/06\/2024","format":false,"excerpt":"1. Nota hist\u00f3rico-lit\u00fargica La memoria obligatoria de san Vicente de Pa\u00fal, muerto en Par\u00eds el 27 de septiembre de 1660 y canonizado en 1737, ha sido trasladada a su dies natalis de la fecha anterior del 19 de julio (elegida para permitir a los seminaristas dirigidos por los Padres Lazaristas\u2026","rel":"","context":"En \u00abVicente de Pa\u00fal\u00bb","block_context":{"text":"Vicente de Pa\u00fal","link":"http:\/\/vincentians.com\/es\/category\/la-familia-vicenciana\/fundadores\/vicente-de-paul\/"},"img":{"alt_text":"","src":"https:\/\/i0.wp.com\/vincentians.com\/es\/wp-content\/uploads\/sites\/11\/2013\/04\/e-3.jpg?fit=976%2C570&resize=350%2C200","width":350,"height":200,"srcset":"https:\/\/i0.wp.com\/vincentians.com\/es\/wp-content\/uploads\/sites\/11\/2013\/04\/e-3.jpg?fit=976%2C570&resize=350%2C200 1x, https:\/\/i0.wp.com\/vincentians.com\/es\/wp-content\/uploads\/sites\/11\/2013\/04\/e-3.jpg?fit=976%2C570&resize=525%2C300 1.5x, https:\/\/i0.wp.com\/vincentians.com\/es\/wp-content\/uploads\/sites\/11\/2013\/04\/e-3.jpg?fit=976%2C570&resize=700%2C400 2x"},"classes":[]},{"id":130675,"url":"http:\/\/vincentians.com\/es\/el-cristo-de-vicente-de-paul-i\/","url_meta":{"origin":402306,"position":4},"title":"El Cristo de Vicente de Pa\u00fal (I)","author":"Francisco Javier Fern\u00e1ndez Chento","date":"12\/06\/2014","format":false,"excerpt":"Caminemos con confianza por este camino real en el que Jesucristo ser\u00e1 nuestro mentor y nuestro gu\u00eda. (Abelly, BI, 248). En la producci\u00f3n teol\u00f3gica reciente existe una corriente s\u00f3lida que destaca la importancia de los santos como fuente de teolog\u00eda'. Esta corriente se\u00f1ala con fuerza que los santos liberan a\u2026","rel":"","context":"En \u00abFormaci\u00f3n Vicenciana\u00bb","block_context":{"text":"Formaci\u00f3n Vicenciana","link":"http:\/\/vincentians.com\/es\/category\/formacion-vicenciana\/"},"img":{"alt_text":"dibujo-diaconado","src":"https:\/\/i0.wp.com\/vicencianos.org\/wp-content\/2013\/11\/dibujo-diaconado.jpg?resize=350%2C200","width":350,"height":200},"classes":[]},{"id":122934,"url":"http:\/\/vincentians.com\/es\/introduccion-a-la-espiritualidad-vicenciana-laical\/","url_meta":{"origin":402306,"position":5},"title":"Introducci\u00f3n a la espiritualidad vicenciana laical","author":"Francisco Javier Fern\u00e1ndez Chento","date":"24\/06\/2015","format":false,"excerpt":"1. Lo que pretendo De momento, en este trabajo, no pretendo ofre\u00adcer un tratado perfecto y acabado de la espiritua\u00adlidad vicenciana laical, sino m\u00e1s bien asentar unos principios a modo de introducci\u00f3n. El pro\u00adyecto es ofrecer algunos criterios que puedan ayudar al laico vicenciano a vivir su condici\u00f3n de cristiano,\u2026","rel":"","context":"En \u00abEspiritualidad vicenciana\u00bb","block_context":{"text":"Espiritualidad vicenciana","link":"http:\/\/vincentians.com\/es\/category\/espiritualidad\/espiritualidad-vicenciana\/"},"img":{"alt_text":"sanvi_famvi","src":"https:\/\/i0.wp.com\/vicencianos.org\/wp-content\/2010\/12\/sanvi_famvi-300x296.jpg?resize=350%2C200","width":350,"height":200},"classes":[]}],"_links":{"self":[{"href":"http:\/\/vincentians.com\/es\/wp-json\/wp\/v2\/posts\/402306","targetHints":{"allow":["GET"]}}],"collection":[{"href":"http:\/\/vincentians.com\/es\/wp-json\/wp\/v2\/posts"}],"about":[{"href":"http:\/\/vincentians.com\/es\/wp-json\/wp\/v2\/types\/post"}],"author":[{"embeddable":true,"href":"http:\/\/vincentians.com\/es\/wp-json\/wp\/v2\/users\/5"}],"replies":[{"embeddable":true,"href":"http:\/\/vincentians.com\/es\/wp-json\/wp\/v2\/comments?post=402306"}],"version-history":[{"count":1,"href":"http:\/\/vincentians.com\/es\/wp-json\/wp\/v2\/posts\/402306\/revisions"}],"predecessor-version":[{"id":402307,"href":"http:\/\/vincentians.com\/es\/wp-json\/wp\/v2\/posts\/402306\/revisions\/402307"}],"wp:featuredmedia":[{"embeddable":true,"href":"http:\/\/vincentians.com\/es\/wp-json\/wp\/v2\/media\/401289"}],"wp:attachment":[{"href":"http:\/\/vincentians.com\/es\/wp-json\/wp\/v2\/media?parent=402306"}],"wp:term":[{"taxonomy":"category","embeddable":true,"href":"http:\/\/vincentians.com\/es\/wp-json\/wp\/v2\/categories?post=402306"},{"taxonomy":"post_tag","embeddable":true,"href":"http:\/\/vincentians.com\/es\/wp-json\/wp\/v2\/tags?post=402306"}],"curies":[{"name":"wp","href":"https:\/\/api.w.org\/{rel}","templated":true}]}}