{"id":402250,"date":"2019-04-02T06:00:39","date_gmt":"2019-04-02T04:00:39","guid":{"rendered":"http:\/\/vincentians.com\/es\/?p=402250"},"modified":"2019-04-01T19:18:24","modified_gmt":"2019-04-01T17:18:24","slug":"declaracion-de-la-familia-vicenciana-en-solidaridad-con-el-pueblo-de-venezuela","status":"publish","type":"post","link":"http:\/\/vincentians.com\/es\/declaracion-de-la-familia-vicenciana-en-solidaridad-con-el-pueblo-de-venezuela\/","title":{"rendered":"Declaraci\u00f3n de la Familia Vicenciana en Solidaridad con el Pueblo de Venezuela"},"content":{"rendered":"<p><em>A todos los miembros de la Familia Vicenciana (FV) en el mundo, y especialmente a nuestros hermanos y hermanas en Venezuela, expresamos nuestra preocupaci\u00f3n y nuestra solidaridad ante la dram\u00e1tica situaci\u00f3n que los venezolanos experimentan en estos momentos en su pa\u00eds.<\/em><\/p>\n<p>&nbsp;<\/p>\n<div style=\"padding: 2px 6px 4px 6px; color: #555555; background-color: #eeeeee; border: #dddddd 2px solid;\">\n<p>Somos conscientes de la dolorosa situaci\u00f3n de injusticia y sufrimiento que vive el pueblo venezolano, debido a la escasez de lo m\u00e1s necesario para poder vivir una existencia digna y productiva, y de su indefensi\u00f3n ante la creciente injusticia. Rezamos para que el pueblo venezolano conserve la esperanza mientras busca un cambio socio-pol\u00edtico y econ\u00f3mico pac\u00edfico y transparente. Tambi\u00e9n rezamos que este cambio conduzca al pa\u00eds a recuperar su plena democracia, a restablecer el Estado de Derecho, a la reconstrucci\u00f3n del tejido social, la producci\u00f3n econ\u00f3mica libre y a la reconciliaci\u00f3n nacional de esta naci\u00f3n siempre pac\u00edfica.<\/p>\n<p>En estos tiempos conflictivos, hacemos un llamamiento para que se respeten los derechos individuales y colectivos, protegidos por la constituci\u00f3n nacional y que se respeten los protocolos internacionales. Nos sentimos muy conmovidos por la insoportable situaci\u00f3n de los pobres: la creciente hambruna, la imposibilidad de acceso a medicamentos, los salarios minorados por la incontrolable inflaci\u00f3n, la inseguridad y la violencia generalizada, la falta de acceso a puestos de trabajo y vivienda adecuada, etc. Ante esta crisis humanitaria, la Familia Vicenciana desea hacerse presente no solo manifestando nuestra solidaridad con nuestra oraci\u00f3n y acompa\u00f1amiento espiritual, sino tambi\u00e9n ofreciendo ayuda que alivie una parte del sufrimiento de los m\u00e1s abandonados.<\/p>\n<p>Como personas de fe, hermanos y hermanas en nuestro com\u00fan carisma, queremos acompa\u00f1ar estrechamente al pueblo de Venezuela en este largo y doloroso camino de la cruz, hacia la plenitud de la Vida (Jn 10, 10). Nos gustar\u00eda ayudarles a sentirse cerca del Dios de la vida, a trav\u00e9s de nuestro abrazo compasivo, nuestra oraci\u00f3n continua y una campa\u00f1a vicenciana internacional de ayuda en favor de los m\u00e1s pobres del pa\u00eds, as\u00ed como en favor de los programas que nuestra Familia Vicenciana tiene en Venezuela.<\/p>\n<p>Mostramos nuestro reconocimiento hacia todos los miembros de la Familia Vicenciana que desarrollan su vida y su misi\u00f3n en el pa\u00eds. Sabemos que esta realidad les ha obligado a incrementar al m\u00e1ximo su creatividad al servicio del carisma. Queremos, con humildad, unirnos a las muchas redes de solidaridad y compasi\u00f3n que est\u00e1n centradas en el dolor creciente del pueblo venezolano.<\/p>\n<p>En este momento crucial en la historia de este pa\u00eds hermano, invitamos a todos los miembros de la Familia Vicenciana a unirse a nosotros en este gesto de comuni\u00f3n y solidaridad, dentro de las propias posibilidades y \u00e1reas de experiencia de cada uno.<\/p>\n<p>Invitamos tambi\u00e9n a nuestras redes de la Familia Vicenciana a que den la bienvenida, protejan y apoyen a todos los venezolanos que han migrado a diferentes partes del mundo. Cerca de 5 millones de venezolanos hoy son refugiados que experimentan condiciones muy dram\u00e1ticas en Colombia, Per\u00fa, Ecuador, Brasil, as\u00ed como en otros pa\u00edses, especialmente en Am\u00e9rica y Europa.<\/p>\n<p>Nos unimos al deseo y el llamamiento que el papa Francisco ha hecho para que se produzca una transformaci\u00f3n en el pa\u00eds sin derramamiento de sangre, y que conduzca a una total reconciliaci\u00f3n del pa\u00eds y la sanaci\u00f3n de los tejidos rotos de la sociedad, desde la promoci\u00f3n de oportunidades para desarrollo humano integral y la reactivaci\u00f3n de los valores de paz y justicia.<\/p>\n<p>Confiamos en el Dios de la historia. \u00c9l es el Dios de la salvaci\u00f3n y el Jes\u00fas liberador que nos dice: \u00abNo temas, yo estar\u00e9 con vosotros todos los d\u00edas hasta el fin del mundo\u00bb (Mt 28, 20). \u00a1Que Mar\u00eda de Coromoto, patrona de la naci\u00f3n, proteja a Venezuela siempre, mientras expresamos nuestra m\u00e1s sincera cercan\u00eda! San Vicente de Pa\u00fal y todos los santos y beatos de la Familia Vicenciana, \u00a1rogad por nosotros!<\/p>\n<\/div>\n<p>&nbsp;<\/p>\n<h2>Mensaje del padre Toma\u017e Mavri\u010d, presidente del Comit\u00e9 Ejecutivo de la Familia Vicenciana:<\/h2>\n<div class=\"x-embed x-is-unknown x-is-unknown\"><span class=\"embed-youtube\" style=\"text-align:center; display: block;\"><iframe loading=\"lazy\" class=\"youtube-player\" width=\"846\" height=\"476\" src=\"https:\/\/www.youtube.com\/embed\/5L3oqy21WWk?version=3&#038;rel=1&#038;showsearch=0&#038;showinfo=1&#038;iv_load_policy=1&#038;fs=1&#038;hl=es-ES&#038;autohide=2&#038;cc_load_policy=1&#038;cc_lang_pref=es&#038;wmode=transparent\" allowfullscreen=\"true\" style=\"border:0;\" sandbox=\"allow-scripts allow-same-origin allow-popups allow-presentation allow-popups-to-escape-sandbox\"><\/iframe><\/span><\/div>\n<blockquote><p><em>Venezuela est\u00e1 pasando por una situaci\u00f3n de crisis humanitaria de extraordinarias dimensiones. El pueblo venezolano est\u00e1 sufriendo, y no podemos quedar impasibles ante tanto dolor. Los miembros de la Familia Vicenciana, m\u00e1s de dos millones de cristianos que sirven a los pobres a ejemplo de san Vicente de Pa\u00fal, les pedimos que se unan a nosotros y colaboren de todas las maneras posibles para conseguir que ning\u00fan venezolano pase hambre o necesidad. Por favor, ay\u00fadenos a ayudarles.\u00a0<\/em><\/p><\/blockquote>\n<div style=\"padding: 2px 6px 4px 6px; color: #555555; background-color: #eeeeee; border: #dddddd 2px solid;\">\n<h2>Algunas sugerencias para la acci\u00f3n<\/h2>\n<ol>\n<li><strong>Corre la voz<\/strong>: Comparte la declaraci\u00f3n en tus redes sociales, impr\u00edmela y distrib\u00fayela, etc\u2026<\/li>\n<li><strong>Reza por Venezuela<\/strong>: en privado y en comunidad.<\/li>\n<li><strong>Contribuye con un donativo<\/strong>: personal o comunitario (de tu grupo, rama, colegio, parroquia\u2026).<\/li>\n<\/ol>\n<h3><strong>Cuentas a las que enviar donativos (puede usar cualquiera de las dos):<\/strong><\/h3>\n<h3>Titular de la cuenta: CONGREGACI\u00d3N DE LA MISI\u00d3N &#8211; PADRES VICENTINOS<br \/>\nBanco: BANCOLOMBIA<br \/>\nSucursal n\u00ba 219, Calle 26 #32-61, Bogot\u00e1 (Colombia)<br \/>\nN\u00famero de cuenta: 219-000127-25<br \/>\nSWIFT: COLOCOBM<br \/>\nMoneda de la cuenta: pesos colombianos<br \/>\nTipo de transacci\u00f3n: OUR o SHA<\/h3>\n<h3>Titular de la cuenta: HIJAS DE LA CARIDAD DE SAN VICENTE DE PA\u00daL<br \/>\nBanco: BANCOLOMBIA<br \/>\nSucursal n\u00ba 219, Calle 26 #32-61, Bogot\u00e1 (Colombia)<br \/>\nN\u00famero de cuenta: 219-000126-82<br \/>\nSWIFT: COLOCOBM<br \/>\nMoneda de la cuenta: pesos colombianos<br \/>\nTipo de transacci\u00f3n: OUR o SHA<\/h3>\n<h3><strong>Todos los ingresos en estas cuentas, que gestiona la Familia Vicenciana de Colombia, se har\u00e1n llegar a nuestros hermanos de Venezuela.<\/strong><\/h3>\n<\/div>\n<p>&nbsp;<\/p>\n<div style=\"padding: 2px 6px 4px 6px; color: #555555; background-color: #eeeeee; border: #dddddd 2px solid;\">\n<h3>Descarga esta declaraci\u00f3n en formato PDF:<\/h3>\n<table>\n<colgroup>\n<col \/>\n<col \/><\/colgroup>\n<tbody>\n<tr>\n<td><strong>Folder<\/strong><\/td>\n<td><a href=\"https:\/\/famv.in\/VENEZUELA\" target=\"_blank\" rel=\"noopener noreferrer\" data-saferedirecturl=\"https:\/\/www.google.com\/url?q=https:\/\/famv.in\/VENEZUELA&amp;source=gmail&amp;ust=1553844238805000&amp;usg=AFQjCNEVLaOuEJ5dg2KWw6Ln5lsc7LoLFw\">https:\/\/famv.in\/VENEZUELA<\/a><\/td>\n<\/tr>\n<tr>\n<td><strong>English<\/strong><\/td>\n<td><a href=\"https:\/\/famv.in\/Venezuela_EN\" target=\"_blank\" rel=\"noopener noreferrer\" data-saferedirecturl=\"https:\/\/www.google.com\/url?q=https:\/\/famv.in\/Venezuela_EN&amp;source=gmail&amp;ust=1553844238805000&amp;usg=AFQjCNEl56uA1XqxMTF6w-PqgErEEbmMTA\">https:\/\/famv.in\/Venezuela_EN<\/a><\/td>\n<\/tr>\n<tr>\n<td><strong>Fran\u00e7ais<\/strong><\/td>\n<td><a href=\"https:\/\/famv.in\/Venezuela_FR\" target=\"_blank\" rel=\"noopener noreferrer\" data-saferedirecturl=\"https:\/\/www.google.com\/url?q=https:\/\/famv.in\/Venezuela_FR&amp;source=gmail&amp;ust=1553844238805000&amp;usg=AFQjCNGtX-aS6yHwenrVJ0zF7eAi8PpO9A\">https:\/\/famv.in\/Venezuela_FR<\/a><\/td>\n<\/tr>\n<tr>\n<td><strong>Espa\u00f1ol<\/strong><\/td>\n<td><a href=\"https:\/\/famv.in\/Venezuela_ES\" target=\"_blank\" rel=\"noopener noreferrer\" data-saferedirecturl=\"https:\/\/www.google.com\/url?q=https:\/\/famv.in\/Venezuela_ES&amp;source=gmail&amp;ust=1553844238805000&amp;usg=AFQjCNFKKSe6zH8gq6yzCS-SRsiVxgJtkw\">https:\/\/famv.in\/Venezuela_ES<\/a><\/td>\n<\/tr>\n<tr>\n<td><strong>Polski<\/strong><\/td>\n<td><a href=\"https:\/\/famv.in\/Venezuela_PL\" target=\"_blank\" rel=\"noopener noreferrer\" data-saferedirecturl=\"https:\/\/www.google.com\/url?q=https:\/\/famv.in\/Venezuela_PL&amp;source=gmail&amp;ust=1553844238805000&amp;usg=AFQjCNGd1GXFbSmuopQzG9eF8DmuAxuLlQ\">https:\/\/famv.in\/Venezuela_PL<\/a><\/td>\n<\/tr>\n<tr>\n<td><strong>Portugu\u00eas<\/strong><\/td>\n<td><a href=\"https:\/\/famv.in\/Venezuela_PT\" target=\"_blank\" rel=\"noopener noreferrer\" data-saferedirecturl=\"https:\/\/www.google.com\/url?q=https:\/\/famv.in\/Venezuela_PT&amp;source=gmail&amp;ust=1553844238805000&amp;usg=AFQjCNHqnDtC3BCDAigi9y-Mpa10uQdwJQ\">https:\/\/famv.in\/Venezuela_PT<\/a><\/td>\n<\/tr>\n<tr>\n<td><strong>Italiano<\/strong><\/td>\n<td><a href=\"https:\/\/famv.in\/Venezuela_IT\" target=\"_blank\" rel=\"noopener noreferrer\" data-saferedirecturl=\"https:\/\/www.google.com\/url?q=https:\/\/famv.in\/Venezuela_IT&amp;source=gmail&amp;ust=1553844238805000&amp;usg=AFQjCNFGwrSfJ4vsIGXaAb9MIfDgm2XpMQ\">https:\/\/famv.in\/Venezuela_IT<\/a><\/td>\n<\/tr>\n<\/tbody>\n<\/table>\n<\/div>\n","protected":false},"excerpt":{"rendered":"<p>A todos los miembros de la Familia Vicenciana (FV) en el mundo, y especialmente a nuestros hermanos y hermanas en Venezuela, expresamos nuestra preocupaci\u00f3n y nuestra solidaridad ante la dram\u00e1tica situaci\u00f3n que los venezolanos experimentan &#8230; <a href=\"http:\/\/vincentians.com\/es\/declaracion-de-la-familia-vicenciana-en-solidaridad-con-el-pueblo-de-venezuela\/\" class=\"more-link\">Read More<\/a><\/p>\n","protected":false},"author":4,"featured_media":402251,"comment_status":"open","ping_status":"open","sticky":false,"template":"","format":"standard","meta":{"jetpack_post_was_ever_published":false,"_jetpack_newsletter_access":"","_jetpack_dont_email_post_to_subs":false,"_jetpack_newsletter_tier_id":0,"_jetpack_memberships_contains_paywalled_content":false,"_jetpack_memberships_contains_paid_content":false,"footnotes":"","jetpack_publicize_message":"","jetpack_publicize_feature_enabled":true,"jetpack_social_post_already_shared":true,"jetpack_social_options":{"image_generator_settings":{"template":"highway","default_image_id":0,"font":"","enabled":false},"version":2}},"categories":[86],"tags":[],"class_list":["post-402250","post","type-post","status-publish","format-standard","has-post-thumbnail","hentry","category-la-familia-vicenciana"],"yoast_head":"<!-- This site is optimized with the Yoast SEO plugin v26.3 - https:\/\/yoast.com\/wordpress\/plugins\/seo\/ -->\n<title>Declaraci\u00f3n de la Familia Vicenciana en Solidaridad con el Pueblo de Venezuela - Somos Vicencianos<\/title>\n<meta name=\"robots\" content=\"index, follow, max-snippet:-1, max-image-preview:large, max-video-preview:-1\" \/>\n<link rel=\"canonical\" href=\"http:\/\/vincentians.com\/es\/declaracion-de-la-familia-vicenciana-en-solidaridad-con-el-pueblo-de-venezuela\/\" \/>\n<meta property=\"og:locale\" content=\"es_ES\" \/>\n<meta property=\"og:type\" content=\"article\" \/>\n<meta property=\"og:title\" content=\"Declaraci\u00f3n de la Familia Vicenciana en Solidaridad con el Pueblo de Venezuela - Somos Vicencianos\" \/>\n<meta property=\"og:description\" content=\"A todos los miembros de la Familia Vicenciana (FV) en el mundo, y especialmente a nuestros hermanos y hermanas en Venezuela, expresamos nuestra preocupaci\u00f3n y nuestra solidaridad ante la dram\u00e1tica situaci\u00f3n que los venezolanos experimentan ... Read More\" \/>\n<meta property=\"og:url\" content=\"http:\/\/vincentians.com\/es\/declaracion-de-la-familia-vicenciana-en-solidaridad-con-el-pueblo-de-venezuela\/\" \/>\n<meta property=\"og:site_name\" content=\"Somos Vicencianos\" \/>\n<meta property=\"article:publisher\" content=\"https:\/\/www.facebook.com\/WeAreVincentians\/\" \/>\n<meta property=\"article:author\" content=\"https:\/\/www.facebook.com\/JavierChento\" \/>\n<meta property=\"article:published_time\" content=\"2019-04-02T04:00:39+00:00\" \/>\n<meta property=\"og:image\" content=\"https:\/\/i0.wp.com\/vincentians.com\/es\/wp-content\/uploads\/sites\/11\/2019\/04\/VF-venezuela-statement.jpg?fit=1200%2C630\" \/>\n\t<meta property=\"og:image:width\" content=\"1200\" \/>\n\t<meta property=\"og:image:height\" content=\"630\" \/>\n\t<meta property=\"og:image:type\" content=\"image\/jpeg\" \/>\n<meta name=\"author\" content=\"Francisco Javier Fern\u00e1ndez Chento\" \/>\n<meta name=\"twitter:card\" content=\"summary_large_image\" \/>\n<meta name=\"twitter:creator\" content=\"@https:\/\/twitter.com\/javierchento\" \/>\n<meta name=\"twitter:site\" content=\"@WeVincentians\" \/>\n<meta name=\"twitter:label1\" content=\"Escrito por\" \/>\n\t<meta name=\"twitter:data1\" content=\"Francisco Javier Fern\u00e1ndez Chento\" \/>\n\t<meta name=\"twitter:label2\" content=\"Tiempo de lectura\" \/>\n\t<meta name=\"twitter:data2\" content=\"5 minutos\" \/>\n<script type=\"application\/ld+json\" class=\"yoast-schema-graph\">{\"@context\":\"https:\/\/schema.org\",\"@graph\":[{\"@type\":\"Article\",\"@id\":\"http:\/\/vincentians.com\/es\/declaracion-de-la-familia-vicenciana-en-solidaridad-con-el-pueblo-de-venezuela\/#article\",\"isPartOf\":{\"@id\":\"http:\/\/vincentians.com\/es\/declaracion-de-la-familia-vicenciana-en-solidaridad-con-el-pueblo-de-venezuela\/\"},\"author\":{\"name\":\"Francisco Javier Fern\u00e1ndez Chento\",\"@id\":\"http:\/\/vincentians.com\/es\/#\/schema\/person\/9623ef4d9aa3b2dfb8c061f1499288f2\"},\"headline\":\"Declaraci\u00f3n de la Familia Vicenciana en Solidaridad con el Pueblo de Venezuela\",\"datePublished\":\"2019-04-02T04:00:39+00:00\",\"mainEntityOfPage\":{\"@id\":\"http:\/\/vincentians.com\/es\/declaracion-de-la-familia-vicenciana-en-solidaridad-con-el-pueblo-de-venezuela\/\"},\"wordCount\":1028,\"commentCount\":0,\"publisher\":{\"@id\":\"http:\/\/vincentians.com\/es\/#organization\"},\"image\":{\"@id\":\"http:\/\/vincentians.com\/es\/declaracion-de-la-familia-vicenciana-en-solidaridad-con-el-pueblo-de-venezuela\/#primaryimage\"},\"thumbnailUrl\":\"https:\/\/i0.wp.com\/vincentians.com\/es\/wp-content\/uploads\/sites\/11\/2019\/04\/VF-venezuela-statement.jpg?fit=1200%2C630\",\"articleSection\":[\"La Familia Vicenciana\"],\"inLanguage\":\"es\",\"potentialAction\":[{\"@type\":\"CommentAction\",\"name\":\"Comment\",\"target\":[\"http:\/\/vincentians.com\/es\/declaracion-de-la-familia-vicenciana-en-solidaridad-con-el-pueblo-de-venezuela\/#respond\"]}]},{\"@type\":\"WebPage\",\"@id\":\"http:\/\/vincentians.com\/es\/declaracion-de-la-familia-vicenciana-en-solidaridad-con-el-pueblo-de-venezuela\/\",\"url\":\"http:\/\/vincentians.com\/es\/declaracion-de-la-familia-vicenciana-en-solidaridad-con-el-pueblo-de-venezuela\/\",\"name\":\"Declaraci\u00f3n de la Familia Vicenciana en Solidaridad con el Pueblo de Venezuela - Somos Vicencianos\",\"isPartOf\":{\"@id\":\"http:\/\/vincentians.com\/es\/#website\"},\"primaryImageOfPage\":{\"@id\":\"http:\/\/vincentians.com\/es\/declaracion-de-la-familia-vicenciana-en-solidaridad-con-el-pueblo-de-venezuela\/#primaryimage\"},\"image\":{\"@id\":\"http:\/\/vincentians.com\/es\/declaracion-de-la-familia-vicenciana-en-solidaridad-con-el-pueblo-de-venezuela\/#primaryimage\"},\"thumbnailUrl\":\"https:\/\/i0.wp.com\/vincentians.com\/es\/wp-content\/uploads\/sites\/11\/2019\/04\/VF-venezuela-statement.jpg?fit=1200%2C630\",\"datePublished\":\"2019-04-02T04:00:39+00:00\",\"breadcrumb\":{\"@id\":\"http:\/\/vincentians.com\/es\/declaracion-de-la-familia-vicenciana-en-solidaridad-con-el-pueblo-de-venezuela\/#breadcrumb\"},\"inLanguage\":\"es\",\"potentialAction\":[{\"@type\":\"ReadAction\",\"target\":[\"http:\/\/vincentians.com\/es\/declaracion-de-la-familia-vicenciana-en-solidaridad-con-el-pueblo-de-venezuela\/\"]}]},{\"@type\":\"ImageObject\",\"inLanguage\":\"es\",\"@id\":\"http:\/\/vincentians.com\/es\/declaracion-de-la-familia-vicenciana-en-solidaridad-con-el-pueblo-de-venezuela\/#primaryimage\",\"url\":\"https:\/\/i0.wp.com\/vincentians.com\/es\/wp-content\/uploads\/sites\/11\/2019\/04\/VF-venezuela-statement.jpg?fit=1200%2C630\",\"contentUrl\":\"https:\/\/i0.wp.com\/vincentians.com\/es\/wp-content\/uploads\/sites\/11\/2019\/04\/VF-venezuela-statement.jpg?fit=1200%2C630\",\"width\":1200,\"height\":630},{\"@type\":\"BreadcrumbList\",\"@id\":\"http:\/\/vincentians.com\/es\/declaracion-de-la-familia-vicenciana-en-solidaridad-con-el-pueblo-de-venezuela\/#breadcrumb\",\"itemListElement\":[{\"@type\":\"ListItem\",\"position\":1,\"name\":\"Portada\",\"item\":\"http:\/\/vincentians.com\/es\/\"},{\"@type\":\"ListItem\",\"position\":2,\"name\":\"Declaraci\u00f3n de la Familia Vicenciana en Solidaridad con el Pueblo de Venezuela\"}]},{\"@type\":\"WebSite\",\"@id\":\"http:\/\/vincentians.com\/es\/#website\",\"url\":\"http:\/\/vincentians.com\/es\/\",\"name\":\"Somos Vicencianos\",\"description\":\"Know more to serve more\",\"publisher\":{\"@id\":\"http:\/\/vincentians.com\/es\/#organization\"},\"potentialAction\":[{\"@type\":\"SearchAction\",\"target\":{\"@type\":\"EntryPoint\",\"urlTemplate\":\"http:\/\/vincentians.com\/es\/?s={search_term_string}\"},\"query-input\":{\"@type\":\"PropertyValueSpecification\",\"valueRequired\":true,\"valueName\":\"search_term_string\"}}],\"inLanguage\":\"es\"},{\"@type\":\"Organization\",\"@id\":\"http:\/\/vincentians.com\/es\/#organization\",\"name\":\"The Vincentian Network\",\"url\":\"http:\/\/vincentians.com\/es\/\",\"logo\":{\"@type\":\"ImageObject\",\"inLanguage\":\"es\",\"@id\":\"http:\/\/vincentians.com\/es\/#\/schema\/logo\/image\/\",\"url\":\"https:\/\/i1.wp.com\/vincentians.com\/es\/wp-content\/uploads\/sites\/11\/2016\/06\/Vincentian-Network-logo-big.png?fit=778%2C778\",\"contentUrl\":\"https:\/\/i1.wp.com\/vincentians.com\/es\/wp-content\/uploads\/sites\/11\/2016\/06\/Vincentian-Network-logo-big.png?fit=778%2C778\",\"width\":778,\"height\":778,\"caption\":\"The Vincentian Network\"},\"image\":{\"@id\":\"http:\/\/vincentians.com\/es\/#\/schema\/logo\/image\/\"},\"sameAs\":[\"https:\/\/www.facebook.com\/WeAreVincentians\/\",\"https:\/\/x.com\/WeVincentians\"]},{\"@type\":\"Person\",\"@id\":\"http:\/\/vincentians.com\/es\/#\/schema\/person\/9623ef4d9aa3b2dfb8c061f1499288f2\",\"name\":\"Francisco Javier Fern\u00e1ndez Chento\",\"image\":{\"@type\":\"ImageObject\",\"inLanguage\":\"es\",\"@id\":\"http:\/\/vincentians.com\/es\/#\/schema\/person\/image\/\",\"url\":\"https:\/\/secure.gravatar.com\/avatar\/497d5cde87b4c3d097d0315953521681ba2cd523ee66e5077c3711f7021e65de?s=96&d=mm&r=g\",\"contentUrl\":\"https:\/\/secure.gravatar.com\/avatar\/497d5cde87b4c3d097d0315953521681ba2cd523ee66e5077c3711f7021e65de?s=96&d=mm&r=g\",\"caption\":\"Francisco Javier Fern\u00e1ndez Chento\"},\"description\":\"Director General y cofundador de La Red de Formaci\u00f3n Vicenciana. Javier es laico vicenciano, afiliado a la Congregaci\u00f3n de la Misi\u00f3n y miembro del Equipo de Misiones Populares de la provincia can\u00f3nica de Zaragoza (Espa\u00f1a) de la Congregaci\u00f3n de la Misi\u00f3n. Graduado en la Universidad Oberta de Catalunya con cuatro grados (Asistente de direcci\u00f3n, Gesti\u00f3n Administrativa, Recursos Humanos y Contabilidad Avanzada). Bil\u00edng\u00fce Espa\u00f1ol\/Ingl\u00e9s. gestiona y mantiene varias p\u00e1ginas web cristianas y vicencianas, incluida including La Red de Formaci\u00f3n Vicenciana, de la que es cofundador. Actualmente es responsable del \u00e1rea de Espa\u00f1ol de .famvin, la Red de Noticias de la Familia Vicenciana. Tambi\u00e9n es m\u00fasico cat\u00f3lico y ha editado varios discos. Es Director General y cofundador de Trovador, una reconocida compa\u00f1\u00eda discogr\u00e1fica critiana de Espa\u00f1a. Trabaja en las Tecnolog\u00edas de la Informaci\u00f3n, ofreciendo servicios de alojamiento, dise\u00f1o y mantenimiento Web, as\u00ed como asesoramiento, formaci\u00f3n y soluciones inform\u00e1ticas, gesti\u00f3n documental y digitalizaci\u00f3n de textos, edici\u00f3n y maquetaci\u00f3n de libros, revistas, flyers, etc.\",\"sameAs\":[\"http:\/\/chento.org\",\"https:\/\/www.facebook.com\/JavierChento\",\"https:\/\/x.com\/https:\/\/twitter.com\/javierchento\"],\"url\":\"http:\/\/vincentians.com\/es\/author\/chento\/\"}]}<\/script>\n<!-- \/ Yoast SEO plugin. -->","yoast_head_json":{"title":"Declaraci\u00f3n de la Familia Vicenciana en Solidaridad con el Pueblo de Venezuela - Somos Vicencianos","robots":{"index":"index","follow":"follow","max-snippet":"max-snippet:-1","max-image-preview":"max-image-preview:large","max-video-preview":"max-video-preview:-1"},"canonical":"http:\/\/vincentians.com\/es\/declaracion-de-la-familia-vicenciana-en-solidaridad-con-el-pueblo-de-venezuela\/","og_locale":"es_ES","og_type":"article","og_title":"Declaraci\u00f3n de la Familia Vicenciana en Solidaridad con el Pueblo de Venezuela - Somos Vicencianos","og_description":"A todos los miembros de la Familia Vicenciana (FV) en el mundo, y especialmente a nuestros hermanos y hermanas en Venezuela, expresamos nuestra preocupaci\u00f3n y nuestra solidaridad ante la dram\u00e1tica situaci\u00f3n que los venezolanos experimentan ... Read More","og_url":"http:\/\/vincentians.com\/es\/declaracion-de-la-familia-vicenciana-en-solidaridad-con-el-pueblo-de-venezuela\/","og_site_name":"Somos Vicencianos","article_publisher":"https:\/\/www.facebook.com\/WeAreVincentians\/","article_author":"https:\/\/www.facebook.com\/JavierChento","article_published_time":"2019-04-02T04:00:39+00:00","og_image":[{"width":1200,"height":630,"url":"https:\/\/i0.wp.com\/vincentians.com\/es\/wp-content\/uploads\/sites\/11\/2019\/04\/VF-venezuela-statement.jpg?fit=1200%2C630","type":"image\/jpeg"}],"author":"Francisco Javier Fern\u00e1ndez Chento","twitter_card":"summary_large_image","twitter_creator":"@https:\/\/twitter.com\/javierchento","twitter_site":"@WeVincentians","twitter_misc":{"Escrito por":"Francisco Javier Fern\u00e1ndez Chento","Tiempo de lectura":"5 minutos"},"schema":{"@context":"https:\/\/schema.org","@graph":[{"@type":"Article","@id":"http:\/\/vincentians.com\/es\/declaracion-de-la-familia-vicenciana-en-solidaridad-con-el-pueblo-de-venezuela\/#article","isPartOf":{"@id":"http:\/\/vincentians.com\/es\/declaracion-de-la-familia-vicenciana-en-solidaridad-con-el-pueblo-de-venezuela\/"},"author":{"name":"Francisco Javier Fern\u00e1ndez Chento","@id":"http:\/\/vincentians.com\/es\/#\/schema\/person\/9623ef4d9aa3b2dfb8c061f1499288f2"},"headline":"Declaraci\u00f3n de la Familia Vicenciana en Solidaridad con el Pueblo de Venezuela","datePublished":"2019-04-02T04:00:39+00:00","mainEntityOfPage":{"@id":"http:\/\/vincentians.com\/es\/declaracion-de-la-familia-vicenciana-en-solidaridad-con-el-pueblo-de-venezuela\/"},"wordCount":1028,"commentCount":0,"publisher":{"@id":"http:\/\/vincentians.com\/es\/#organization"},"image":{"@id":"http:\/\/vincentians.com\/es\/declaracion-de-la-familia-vicenciana-en-solidaridad-con-el-pueblo-de-venezuela\/#primaryimage"},"thumbnailUrl":"https:\/\/i0.wp.com\/vincentians.com\/es\/wp-content\/uploads\/sites\/11\/2019\/04\/VF-venezuela-statement.jpg?fit=1200%2C630","articleSection":["La Familia Vicenciana"],"inLanguage":"es","potentialAction":[{"@type":"CommentAction","name":"Comment","target":["http:\/\/vincentians.com\/es\/declaracion-de-la-familia-vicenciana-en-solidaridad-con-el-pueblo-de-venezuela\/#respond"]}]},{"@type":"WebPage","@id":"http:\/\/vincentians.com\/es\/declaracion-de-la-familia-vicenciana-en-solidaridad-con-el-pueblo-de-venezuela\/","url":"http:\/\/vincentians.com\/es\/declaracion-de-la-familia-vicenciana-en-solidaridad-con-el-pueblo-de-venezuela\/","name":"Declaraci\u00f3n de la Familia Vicenciana en Solidaridad con el Pueblo de Venezuela - Somos Vicencianos","isPartOf":{"@id":"http:\/\/vincentians.com\/es\/#website"},"primaryImageOfPage":{"@id":"http:\/\/vincentians.com\/es\/declaracion-de-la-familia-vicenciana-en-solidaridad-con-el-pueblo-de-venezuela\/#primaryimage"},"image":{"@id":"http:\/\/vincentians.com\/es\/declaracion-de-la-familia-vicenciana-en-solidaridad-con-el-pueblo-de-venezuela\/#primaryimage"},"thumbnailUrl":"https:\/\/i0.wp.com\/vincentians.com\/es\/wp-content\/uploads\/sites\/11\/2019\/04\/VF-venezuela-statement.jpg?fit=1200%2C630","datePublished":"2019-04-02T04:00:39+00:00","breadcrumb":{"@id":"http:\/\/vincentians.com\/es\/declaracion-de-la-familia-vicenciana-en-solidaridad-con-el-pueblo-de-venezuela\/#breadcrumb"},"inLanguage":"es","potentialAction":[{"@type":"ReadAction","target":["http:\/\/vincentians.com\/es\/declaracion-de-la-familia-vicenciana-en-solidaridad-con-el-pueblo-de-venezuela\/"]}]},{"@type":"ImageObject","inLanguage":"es","@id":"http:\/\/vincentians.com\/es\/declaracion-de-la-familia-vicenciana-en-solidaridad-con-el-pueblo-de-venezuela\/#primaryimage","url":"https:\/\/i0.wp.com\/vincentians.com\/es\/wp-content\/uploads\/sites\/11\/2019\/04\/VF-venezuela-statement.jpg?fit=1200%2C630","contentUrl":"https:\/\/i0.wp.com\/vincentians.com\/es\/wp-content\/uploads\/sites\/11\/2019\/04\/VF-venezuela-statement.jpg?fit=1200%2C630","width":1200,"height":630},{"@type":"BreadcrumbList","@id":"http:\/\/vincentians.com\/es\/declaracion-de-la-familia-vicenciana-en-solidaridad-con-el-pueblo-de-venezuela\/#breadcrumb","itemListElement":[{"@type":"ListItem","position":1,"name":"Portada","item":"http:\/\/vincentians.com\/es\/"},{"@type":"ListItem","position":2,"name":"Declaraci\u00f3n de la Familia Vicenciana en Solidaridad con el Pueblo de Venezuela"}]},{"@type":"WebSite","@id":"http:\/\/vincentians.com\/es\/#website","url":"http:\/\/vincentians.com\/es\/","name":"Somos Vicencianos","description":"Know more to serve more","publisher":{"@id":"http:\/\/vincentians.com\/es\/#organization"},"potentialAction":[{"@type":"SearchAction","target":{"@type":"EntryPoint","urlTemplate":"http:\/\/vincentians.com\/es\/?s={search_term_string}"},"query-input":{"@type":"PropertyValueSpecification","valueRequired":true,"valueName":"search_term_string"}}],"inLanguage":"es"},{"@type":"Organization","@id":"http:\/\/vincentians.com\/es\/#organization","name":"The Vincentian Network","url":"http:\/\/vincentians.com\/es\/","logo":{"@type":"ImageObject","inLanguage":"es","@id":"http:\/\/vincentians.com\/es\/#\/schema\/logo\/image\/","url":"https:\/\/i1.wp.com\/vincentians.com\/es\/wp-content\/uploads\/sites\/11\/2016\/06\/Vincentian-Network-logo-big.png?fit=778%2C778","contentUrl":"https:\/\/i1.wp.com\/vincentians.com\/es\/wp-content\/uploads\/sites\/11\/2016\/06\/Vincentian-Network-logo-big.png?fit=778%2C778","width":778,"height":778,"caption":"The Vincentian Network"},"image":{"@id":"http:\/\/vincentians.com\/es\/#\/schema\/logo\/image\/"},"sameAs":["https:\/\/www.facebook.com\/WeAreVincentians\/","https:\/\/x.com\/WeVincentians"]},{"@type":"Person","@id":"http:\/\/vincentians.com\/es\/#\/schema\/person\/9623ef4d9aa3b2dfb8c061f1499288f2","name":"Francisco Javier Fern\u00e1ndez Chento","image":{"@type":"ImageObject","inLanguage":"es","@id":"http:\/\/vincentians.com\/es\/#\/schema\/person\/image\/","url":"https:\/\/secure.gravatar.com\/avatar\/497d5cde87b4c3d097d0315953521681ba2cd523ee66e5077c3711f7021e65de?s=96&d=mm&r=g","contentUrl":"https:\/\/secure.gravatar.com\/avatar\/497d5cde87b4c3d097d0315953521681ba2cd523ee66e5077c3711f7021e65de?s=96&d=mm&r=g","caption":"Francisco Javier Fern\u00e1ndez Chento"},"description":"Director General y cofundador de La Red de Formaci\u00f3n Vicenciana. Javier es laico vicenciano, afiliado a la Congregaci\u00f3n de la Misi\u00f3n y miembro del Equipo de Misiones Populares de la provincia can\u00f3nica de Zaragoza (Espa\u00f1a) de la Congregaci\u00f3n de la Misi\u00f3n. Graduado en la Universidad Oberta de Catalunya con cuatro grados (Asistente de direcci\u00f3n, Gesti\u00f3n Administrativa, Recursos Humanos y Contabilidad Avanzada). Bil\u00edng\u00fce Espa\u00f1ol\/Ingl\u00e9s. gestiona y mantiene varias p\u00e1ginas web cristianas y vicencianas, incluida including La Red de Formaci\u00f3n Vicenciana, de la que es cofundador. Actualmente es responsable del \u00e1rea de Espa\u00f1ol de .famvin, la Red de Noticias de la Familia Vicenciana. Tambi\u00e9n es m\u00fasico cat\u00f3lico y ha editado varios discos. Es Director General y cofundador de Trovador, una reconocida compa\u00f1\u00eda discogr\u00e1fica critiana de Espa\u00f1a. Trabaja en las Tecnolog\u00edas de la Informaci\u00f3n, ofreciendo servicios de alojamiento, dise\u00f1o y mantenimiento Web, as\u00ed como asesoramiento, formaci\u00f3n y soluciones inform\u00e1ticas, gesti\u00f3n documental y digitalizaci\u00f3n de textos, edici\u00f3n y maquetaci\u00f3n de libros, revistas, flyers, etc.","sameAs":["http:\/\/chento.org","https:\/\/www.facebook.com\/JavierChento","https:\/\/x.com\/https:\/\/twitter.com\/javierchento"],"url":"http:\/\/vincentians.com\/es\/author\/chento\/"}]}},"jetpack_publicize_connections":[],"jetpack_featured_media_url":"https:\/\/i0.wp.com\/vincentians.com\/es\/wp-content\/uploads\/sites\/11\/2019\/04\/VF-venezuela-statement.jpg?fit=1200%2C630","jetpack_sharing_enabled":true,"jetpack_shortlink":"https:\/\/wp.me\/p7ETMF-1GDU","jetpack-related-posts":[{"id":120176,"url":"http:\/\/vincentians.com\/es\/el-sentido-de-justicia-y-solidaridad-en-la-mision-de-los-laicos-vicencianos\/","url_meta":{"origin":402250,"position":0},"title":"El sentido de justicia y solidaridad en la misi\u00f3n de los laicos vicencianos","author":"Francisco Javier Fern\u00e1ndez Chento","date":"27\/01\/2016","format":false,"excerpt":"Supongo que resultar\u00eda una broma de mal gusto si yo em\u00adpezara diciendo que esta conferencia sobra. Porque me temo que todo lo que pueda decir, ya ha ido saliendo durante los tres d\u00edas anteriores. Es m\u00e1s, casi he tenido la tentaci\u00f3n de ejercer de amanuense sol\u00edcito y presentar un resumen\u2026","rel":"","context":"En \u00abFormaci\u00f3n Vicenciana\u00bb","block_context":{"text":"Formaci\u00f3n Vicenciana","link":"http:\/\/vincentians.com\/es\/category\/formacion-vicenciana\/"},"img":{"alt_text":"pobreza","src":"https:\/\/i0.wp.com\/vicencianos.org\/wp-content\/uploads\/2015\/02\/pobreza-1024x759.jpg?resize=350%2C200","width":350,"height":200,"srcset":"https:\/\/i0.wp.com\/vicencianos.org\/wp-content\/uploads\/2015\/02\/pobreza-1024x759.jpg?resize=350%2C200 1x, https:\/\/i0.wp.com\/vicencianos.org\/wp-content\/uploads\/2015\/02\/pobreza-1024x759.jpg?resize=525%2C300 1.5x, https:\/\/i0.wp.com\/vicencianos.org\/wp-content\/uploads\/2015\/02\/pobreza-1024x759.jpg?resize=700%2C400 2x"},"classes":[]},{"id":122921,"url":"http:\/\/vincentians.com\/es\/animacion-espiritual\/","url_meta":{"origin":402250,"position":1},"title":"Animaci\u00f3n espiritual","author":"Francisco Javier Fern\u00e1ndez Chento","date":"23\/09\/2022","format":false,"excerpt":"Voy a intentar presentar la preciosa misi\u00f3n de la animaci\u00f3n espiritual, de una forma sencilla y experiencial que es lo que me parece que proce\u00adde en una comunicaci\u00f3n. A lo largo de ella intentar\u00e9 responder a dos cuestiones Qui\u00e9n anima A qu\u00e9 y para qu\u00e9 la animaci\u00f3n 1. Qui\u00e9n anima\u2026","rel":"","context":"En \u00abEspiritualidad vicenciana\u00bb","block_context":{"text":"Espiritualidad vicenciana","link":"http:\/\/vincentians.com\/es\/category\/espiritualidad\/espiritualidad-vicenciana\/"},"img":{"alt_text":"","src":"https:\/\/i0.wp.com\/vincentians.com\/es\/wp-content\/uploads\/sites\/11\/2013\/04\/hijas-caridaqd.jpg?fit=1200%2C675&resize=350%2C200","width":350,"height":200,"srcset":"https:\/\/i0.wp.com\/vincentians.com\/es\/wp-content\/uploads\/sites\/11\/2013\/04\/hijas-caridaqd.jpg?fit=1200%2C675&resize=350%2C200 1x, https:\/\/i0.wp.com\/vincentians.com\/es\/wp-content\/uploads\/sites\/11\/2013\/04\/hijas-caridaqd.jpg?fit=1200%2C675&resize=525%2C300 1.5x, https:\/\/i0.wp.com\/vincentians.com\/es\/wp-content\/uploads\/sites\/11\/2013\/04\/hijas-caridaqd.jpg?fit=1200%2C675&resize=700%2C400 2x, https:\/\/i0.wp.com\/vincentians.com\/es\/wp-content\/uploads\/sites\/11\/2013\/04\/hijas-caridaqd.jpg?fit=1200%2C675&resize=1050%2C600 3x"},"classes":[]},{"id":140331,"url":"http:\/\/vincentians.com\/es\/cuaresma-2015-en-marcha-hacia-el-camino-de-la-reconciliacion-de-la-paz-y-la-humildad\/","url_meta":{"origin":402250,"position":2},"title":"Cuaresma 2015, en marcha hacia el camino de la reconciliaci\u00f3n, de la paz y la humildad","author":"Francisco Javier Fern\u00e1ndez Chento","date":"19\/02\/2015","format":false,"excerpt":"Roma, 18 de febrero de 2015 Mi\u00e9rcoles de Ceniza Queridos hermanos y hermanas de la Familia vicenciana, \u00a1Que la gracia y la paz de Nuestro Se\u00f1or Jesucristo est\u00e9n siempre en nuestros corazones! El tiempo de Cuaresma es un tiempo propicio para la meditaci\u00f3n de los misterios de nuestra fe. De\u2026","rel":"","context":"En \u00abEspiritualidad vicenciana\u00bb","block_context":{"text":"Espiritualidad vicenciana","link":"http:\/\/vincentians.com\/es\/category\/espiritualidad\/espiritualidad-vicenciana\/"},"img":{"alt_text":"footsteps","src":"https:\/\/i0.wp.com\/vicencianos.org\/wp-content\/2015\/02\/footsteps-200x300.jpg?resize=350%2C200","width":350,"height":200},"classes":[]},{"id":140030,"url":"http:\/\/vincentians.com\/es\/multiculturalismo-solidaridad-y-colaboracion\/","url_meta":{"origin":402250,"position":3},"title":"Multiculturalismo, Solidaridad, y Colaboraci\u00f3n","author":"Francisco Javier Fern\u00e1ndez Chento","date":"22\/02\/2015","format":false,"excerpt":"I. Introducci\u00f3n \u201cDej\u00e9monos renovar por la vitalidad misionera de nuestra vocaci\u00f3n Vicenciana\u201d (Lema de la AG 2016. Cf Marzo 25, 2014 Carta de la Comisi\u00f3n Preparatoria a los Visitadores) Los temas relevantes de la AG 2016 no son f\u00e1ciles de explorar. Hablan de una cuesti\u00f3n importante para nosotros como Misioneros\u2026","rel":"","context":"En \u00abEspiritualidad vicenciana\u00bb","block_context":{"text":"Espiritualidad vicenciana","link":"http:\/\/vincentians.com\/es\/category\/espiritualidad\/espiritualidad-vicenciana\/"},"img":{"alt_text":"multiculturalismo","src":"https:\/\/i0.wp.com\/vicencianos.org\/wp-content\/2015\/02\/multiculturalismo-300x201.jpg?resize=350%2C200","width":350,"height":200},"classes":[]},{"id":387700,"url":"http:\/\/vincentians.com\/es\/la-iglesia-de-jesus\/","url_meta":{"origin":402250,"position":4},"title":"La Iglesia de Jes\u00fas","author":"Mitxel Olabu\u00e9naga","date":"23\/08\/2016","format":false,"excerpt":"Grandes y profundos cambios cient\u00edfico-t\u00e9cnicos, pol\u00edticos, econ\u00f3micos, sociales y religiosos se han producido desde el siglo XVII hasta nuestros d\u00edas, cambios semejantes y a\u00fan mayores que los originados por el paso de la Edad Media a la Moderna. Sin embargo, entre las nuevas orientaciones doctrinales y las vividas ya entonces\u2026","rel":"","context":"En \u00abEspiritualidad\u00bb","block_context":{"text":"Espiritualidad","link":"http:\/\/vincentians.com\/es\/category\/espiritualidad\/"},"img":{"alt_text":"","src":"https:\/\/i0.wp.com\/vincentians.com\/es\/wp-content\/uploads\/sites\/11\/2016\/08\/iglesia-de-los-pobres.jpg?fit=1200%2C630&resize=350%2C200","width":350,"height":200,"srcset":"https:\/\/i0.wp.com\/vincentians.com\/es\/wp-content\/uploads\/sites\/11\/2016\/08\/iglesia-de-los-pobres.jpg?fit=1200%2C630&resize=350%2C200 1x, https:\/\/i0.wp.com\/vincentians.com\/es\/wp-content\/uploads\/sites\/11\/2016\/08\/iglesia-de-los-pobres.jpg?fit=1200%2C630&resize=525%2C300 1.5x, https:\/\/i0.wp.com\/vincentians.com\/es\/wp-content\/uploads\/sites\/11\/2016\/08\/iglesia-de-los-pobres.jpg?fit=1200%2C630&resize=700%2C400 2x, https:\/\/i0.wp.com\/vincentians.com\/es\/wp-content\/uploads\/sites\/11\/2016\/08\/iglesia-de-los-pobres.jpg?fit=1200%2C630&resize=1050%2C600 3x"},"classes":[]},{"id":143745,"url":"http:\/\/vincentians.com\/es\/espiritualidad-de-misevi\/","url_meta":{"origin":402250,"position":5},"title":"Espiritualidad de MISEVI","author":"Francisco Javier Fern\u00e1ndez Chento","date":"22\/04\/2015","format":false,"excerpt":"1.- Esta es nuestra historia y nuestra vida Introducci\u00f3n La animaci\u00f3n misionera realizada por JMV, desde 1984, ha facilitado que los j\u00f3venes de JMV-Espa\u00f1a realizasen experiencias misioneras \"Ad Gentes\" durante los meses de vacaciones, un promedio de treinta por temporada. Tres a\u00f1os m\u00e1s tarde, en 1987, algunos de estos j\u00f3venes\u2026","rel":"","context":"En \u00abMisevi\u00bb","block_context":{"text":"Misevi","link":"http:\/\/vincentians.com\/es\/category\/la-familia-vicenciana\/ramas\/misevi\/"},"img":{"alt_text":"documento_de_espiritualidad-1","src":"https:\/\/i0.wp.com\/vicencianos.org\/wp-content\/2015\/04\/documento_de_espiritualidad-1-300x287.jpg?resize=350%2C200","width":350,"height":200},"classes":[]}],"_links":{"self":[{"href":"http:\/\/vincentians.com\/es\/wp-json\/wp\/v2\/posts\/402250","targetHints":{"allow":["GET"]}}],"collection":[{"href":"http:\/\/vincentians.com\/es\/wp-json\/wp\/v2\/posts"}],"about":[{"href":"http:\/\/vincentians.com\/es\/wp-json\/wp\/v2\/types\/post"}],"author":[{"embeddable":true,"href":"http:\/\/vincentians.com\/es\/wp-json\/wp\/v2\/users\/4"}],"replies":[{"embeddable":true,"href":"http:\/\/vincentians.com\/es\/wp-json\/wp\/v2\/comments?post=402250"}],"version-history":[{"count":2,"href":"http:\/\/vincentians.com\/es\/wp-json\/wp\/v2\/posts\/402250\/revisions"}],"predecessor-version":[{"id":402261,"href":"http:\/\/vincentians.com\/es\/wp-json\/wp\/v2\/posts\/402250\/revisions\/402261"}],"wp:featuredmedia":[{"embeddable":true,"href":"http:\/\/vincentians.com\/es\/wp-json\/wp\/v2\/media\/402251"}],"wp:attachment":[{"href":"http:\/\/vincentians.com\/es\/wp-json\/wp\/v2\/media?parent=402250"}],"wp:term":[{"taxonomy":"category","embeddable":true,"href":"http:\/\/vincentians.com\/es\/wp-json\/wp\/v2\/categories?post=402250"},{"taxonomy":"post_tag","embeddable":true,"href":"http:\/\/vincentians.com\/es\/wp-json\/wp\/v2\/tags?post=402250"}],"curies":[{"name":"wp","href":"https:\/\/api.w.org\/{rel}","templated":true}]}}