{"id":400998,"date":"2017-07-04T20:00:20","date_gmt":"2017-07-04T18:00:20","guid":{"rendered":"http:\/\/vincentians.com\/es\/?p=400998"},"modified":"2017-07-05T05:59:36","modified_gmt":"2017-07-05T03:59:36","slug":"14o-domingo-to-rdizonreyes-imagen","status":"publish","type":"post","link":"http:\/\/vincentians.com\/es\/14o-domingo-to-rdizonreyes-imagen\/","title":{"rendered":"14\u00ba Domingo de T.O. (reflexi\u00f3n de Rosalino Dizon Reyes)"},"content":{"rendered":"<p><em>Imagen del Dios invisible e inaccesible<\/em><\/p>\n<h3><strong>Jes\u00fas es impronta del ser de Dios.\u00a0 De palabra y obra, nos ense\u00f1a lo que significa reflejar fielmente a Dios que nos cre\u00f3 a su imagen.<\/strong><\/h3>\n<p>Ning\u00fan hombre ha visto jam\u00e1s a Dios.\u00a0 Tampoco podemos penetrar en la luz donde Dios habita.\u00a0 Pero este invisible, inacessible y \u00fanico Soberano se ha hecho visible y accessible mediante Jes\u00fas, su imagen exacta.<\/p>\n<p>Es que el Verbo se ha hecho carne en la persona de Jes\u00fas.\u00a0 \u00c9ste Unig\u00e9nito, que es Dios y vive en union \u00edntima con el Padre, es quien nos lo ha revelado.\u00a0 De verdad, \u00abnadie conoce al Padre sino el Hijo, y aquel a quien el Hijo se lo quiera revelar\u00bb.<\/p>\n<p>As\u00ed\u00ad que el Rey justo y salvador que viene cabalgando en un asno es imagen perfecta de Dios.\u00a0 Y este Rey humilde que proclama paz a las naciones no es otro sino Jes\u00fas.\u00a0 \u00c9l es manso y humilde de coraz\u00f3n.\u00a0 Refleja, pues, al Dios compasivo y misericordioso, lento a la ira y rico en clemencia y lealtad.<\/p>\n<p>Y ciertamente, el amigo de publicanos y pecadores es imagen del Dios que no abandona al pueblo de dura cerviz.\u00a0 Por eso, quien ve a Jes\u00fas ve al Padre que nos perdona y nos toma como heredad suya.\u00a0 Con raz\u00f3n nos alegramos y cantamos:\u00a0 \u00ab\u00a1Hosanna al Hijo de David!\u00a0 \u00a1Bendito el que viene en nombre del Se\u00f1or!\u00bb.<\/p>\n<h4><strong><em>Huelga decir que para reflejar al que nos cre\u00f3 a su imagen, nos basta con reflejar a Jes\u00fas. <\/em><\/strong><\/h4>\n<p>\u00bfSomos im\u00e1genes verdaderas de Jes\u00fas?\u00a0 O, \u00bfno ser\u00e1 que reflejemos no al Tentado, sino al tentador?\u00a0 El primero renuncia toda presunci\u00f3n, vanidad e idolatr\u00eda.\u00a0 El \u00faltimo, en cambio, codicia los reinos mundanos y nos quiere arrodillados ante el poder, la riqueza y la grandeza.<\/p>\n<p>\u00bfSencillos, humildes, mansos, mortificados y celosos, reconocemos nosotros en oraci\u00f3n (<a href=\"http:\/\/via.library.depaul.edu\/cgi\/viewcontent.cgi?article=1008&amp;context=coste_sp\">SV.ES IX:332-333<\/a>) la imprescindibilidad de la gracia?\u00a0 \u00bfReflejos somos del que es imagen del Dios invisible y primog\u00e9nito de los muertos?\u00a0 Es decir, \u00bfnos descubrimos resucitados con Cristo, viviendo ahora seg\u00fan la carne, no seg\u00fan el Esp\u00ed\u00adritu?<\/p>\n<p>Adem\u00e1s, \u00bfseguimos nosotros el ejemplo que nos dio Jes\u00fas?\u00a0 Entreg\u00f3 su cuerpo y derram\u00f3 su sangre por nosotros.<\/p>\n<h4><em>Se\u00f1or Jes\u00fas, unidos a ti y orando tambi\u00e9n con san Vicente de Pa\u00fal (<\/em><em><a href=\"http:\/\/via.library.depaul.edu\/cgi\/viewcontent.cgi?article=1011&amp;context=coste_sp\">SV.ES XI:461-462<\/a>), damos gracias al Padre que revela los misterios del reino a la gente sencilla.\u00a0 Haz que seamos como t\u00fa, mansos y humildes de coraz\u00f3n, compasivos para con los tan d\u00e9biles, cansados y agobiados como nosotros.<\/em><\/h4>\n<p>9 Julio 2017<br \/>\n14\u00ba Domingo de T.O. (A)<br \/>\nZac 9, 9-10; Rom 8, 9. 11-13; Mt 11, 25-30<\/p>\n","protected":false},"excerpt":{"rendered":"<p>Imagen del Dios invisible e inaccesible Jes\u00fas es impronta del ser de Dios.\u00a0 De palabra y obra, nos ense\u00f1a lo que significa reflejar fielmente a Dios que nos cre\u00f3 a su imagen. Ning\u00fan hombre ha &#8230; <a href=\"http:\/\/vincentians.com\/es\/14o-domingo-to-rdizonreyes-imagen\/\" class=\"more-link\">Read More<\/a><\/p>\n","protected":false},"author":3,"featured_media":388397,"comment_status":"open","ping_status":"open","sticky":false,"template":"","format":"standard","meta":{"jetpack_post_was_ever_published":false,"_jetpack_newsletter_access":"","_jetpack_dont_email_post_to_subs":false,"_jetpack_newsletter_tier_id":0,"_jetpack_memberships_contains_paywalled_content":false,"_jetpack_memberships_contains_paid_content":false,"footnotes":"","jetpack_publicize_message":"","jetpack_publicize_feature_enabled":true,"jetpack_social_post_already_shared":true,"jetpack_social_options":{"image_generator_settings":{"template":"highway","default_image_id":0,"font":"","enabled":false},"version":2}},"categories":[95],"tags":[],"class_list":["post-400998","post","type-post","status-publish","format-standard","has-post-thumbnail","hentry","category-homilias-y-reflexiones-ano-a"],"yoast_head":"<!-- This site is optimized with the Yoast SEO plugin v26.3 - https:\/\/yoast.com\/wordpress\/plugins\/seo\/ -->\n<title>14\u00ba Domingo de T.O. (reflexi\u00f3n de Rosalino Dizon Reyes) - Somos Vicencianos<\/title>\n<meta name=\"description\" content=\"A los creados a imagen de Dios nos ense\u00f1a Jes\u00fas, de palabra y de obra, lo que quiere decir de verdad ser fieles im\u00e1genes del Creador.\" \/>\n<meta name=\"robots\" content=\"index, follow, max-snippet:-1, max-image-preview:large, max-video-preview:-1\" \/>\n<link rel=\"canonical\" href=\"http:\/\/vincentians.com\/es\/14o-domingo-to-rdizonreyes-imagen\/\" \/>\n<meta property=\"og:locale\" content=\"es_ES\" \/>\n<meta property=\"og:type\" content=\"article\" \/>\n<meta property=\"og:title\" content=\"14\u00ba Domingo de T.O. (reflexi\u00f3n de Rosalino Dizon Reyes) - Somos Vicencianos\" \/>\n<meta property=\"og:description\" content=\"A los creados a imagen de Dios nos ense\u00f1a Jes\u00fas, de palabra y de obra, lo que quiere decir de verdad ser fieles im\u00e1genes del Creador.\" \/>\n<meta property=\"og:url\" content=\"http:\/\/vincentians.com\/es\/14o-domingo-to-rdizonreyes-imagen\/\" \/>\n<meta property=\"og:site_name\" content=\"Somos Vicencianos\" \/>\n<meta property=\"article:publisher\" content=\"https:\/\/www.facebook.com\/WeAreVincentians\/\" \/>\n<meta property=\"article:published_time\" content=\"2017-07-04T18:00:20+00:00\" \/>\n<meta property=\"article:modified_time\" content=\"2017-07-05T03:59:36+00:00\" \/>\n<meta property=\"og:image\" content=\"https:\/\/i0.wp.com\/vincentians.com\/es\/wp-content\/uploads\/sites\/11\/2016\/07\/reflexiones-ross.jpg?fit=1200%2C630\" \/>\n\t<meta property=\"og:image:width\" content=\"1200\" \/>\n\t<meta property=\"og:image:height\" content=\"630\" \/>\n\t<meta property=\"og:image:type\" content=\"image\/jpeg\" \/>\n<meta name=\"author\" content=\"Ross Reyes Dizon\" \/>\n<meta name=\"twitter:card\" content=\"summary_large_image\" \/>\n<meta name=\"twitter:creator\" content=\"@WeVincentians\" \/>\n<meta name=\"twitter:site\" content=\"@WeVincentians\" \/>\n<meta name=\"twitter:label1\" content=\"Escrito por\" \/>\n\t<meta name=\"twitter:data1\" content=\"Ross Reyes Dizon\" \/>\n\t<meta name=\"twitter:label2\" content=\"Tiempo de lectura\" \/>\n\t<meta name=\"twitter:data2\" content=\"2 minutos\" \/>\n<script type=\"application\/ld+json\" class=\"yoast-schema-graph\">{\"@context\":\"https:\/\/schema.org\",\"@graph\":[{\"@type\":\"Article\",\"@id\":\"http:\/\/vincentians.com\/es\/14o-domingo-to-rdizonreyes-imagen\/#article\",\"isPartOf\":{\"@id\":\"http:\/\/vincentians.com\/es\/14o-domingo-to-rdizonreyes-imagen\/\"},\"author\":{\"name\":\"Ross Reyes Dizon\",\"@id\":\"http:\/\/vincentians.com\/es\/#\/schema\/person\/6b250b52a52e7af2128e08c36145865d\"},\"headline\":\"14\u00ba Domingo de T.O. (reflexi\u00f3n de Rosalino Dizon Reyes)\",\"datePublished\":\"2017-07-04T18:00:20+00:00\",\"dateModified\":\"2017-07-05T03:59:36+00:00\",\"mainEntityOfPage\":{\"@id\":\"http:\/\/vincentians.com\/es\/14o-domingo-to-rdizonreyes-imagen\/\"},\"wordCount\":464,\"commentCount\":0,\"publisher\":{\"@id\":\"http:\/\/vincentians.com\/es\/#organization\"},\"image\":{\"@id\":\"http:\/\/vincentians.com\/es\/14o-domingo-to-rdizonreyes-imagen\/#primaryimage\"},\"thumbnailUrl\":\"https:\/\/i0.wp.com\/vincentians.com\/es\/wp-content\/uploads\/sites\/11\/2016\/07\/reflexiones-ross.jpg?fit=1200%2C630\",\"articleSection\":[\"Homil\u00edas y reflexiones, A\u00f1o A\"],\"inLanguage\":\"es\",\"potentialAction\":[{\"@type\":\"CommentAction\",\"name\":\"Comment\",\"target\":[\"http:\/\/vincentians.com\/es\/14o-domingo-to-rdizonreyes-imagen\/#respond\"]}]},{\"@type\":\"WebPage\",\"@id\":\"http:\/\/vincentians.com\/es\/14o-domingo-to-rdizonreyes-imagen\/\",\"url\":\"http:\/\/vincentians.com\/es\/14o-domingo-to-rdizonreyes-imagen\/\",\"name\":\"14\u00ba Domingo de T.O. (reflexi\u00f3n de Rosalino Dizon Reyes) - Somos Vicencianos\",\"isPartOf\":{\"@id\":\"http:\/\/vincentians.com\/es\/#website\"},\"primaryImageOfPage\":{\"@id\":\"http:\/\/vincentians.com\/es\/14o-domingo-to-rdizonreyes-imagen\/#primaryimage\"},\"image\":{\"@id\":\"http:\/\/vincentians.com\/es\/14o-domingo-to-rdizonreyes-imagen\/#primaryimage\"},\"thumbnailUrl\":\"https:\/\/i0.wp.com\/vincentians.com\/es\/wp-content\/uploads\/sites\/11\/2016\/07\/reflexiones-ross.jpg?fit=1200%2C630\",\"datePublished\":\"2017-07-04T18:00:20+00:00\",\"dateModified\":\"2017-07-05T03:59:36+00:00\",\"description\":\"A los creados a imagen de Dios nos ense\u00f1a Jes\u00fas, de palabra y de obra, lo que quiere decir de verdad ser fieles im\u00e1genes del Creador.\",\"breadcrumb\":{\"@id\":\"http:\/\/vincentians.com\/es\/14o-domingo-to-rdizonreyes-imagen\/#breadcrumb\"},\"inLanguage\":\"es\",\"potentialAction\":[{\"@type\":\"ReadAction\",\"target\":[\"http:\/\/vincentians.com\/es\/14o-domingo-to-rdizonreyes-imagen\/\"]}]},{\"@type\":\"ImageObject\",\"inLanguage\":\"es\",\"@id\":\"http:\/\/vincentians.com\/es\/14o-domingo-to-rdizonreyes-imagen\/#primaryimage\",\"url\":\"https:\/\/i0.wp.com\/vincentians.com\/es\/wp-content\/uploads\/sites\/11\/2016\/07\/reflexiones-ross.jpg?fit=1200%2C630\",\"contentUrl\":\"https:\/\/i0.wp.com\/vincentians.com\/es\/wp-content\/uploads\/sites\/11\/2016\/07\/reflexiones-ross.jpg?fit=1200%2C630\",\"width\":1200,\"height\":630},{\"@type\":\"BreadcrumbList\",\"@id\":\"http:\/\/vincentians.com\/es\/14o-domingo-to-rdizonreyes-imagen\/#breadcrumb\",\"itemListElement\":[{\"@type\":\"ListItem\",\"position\":1,\"name\":\"Portada\",\"item\":\"http:\/\/vincentians.com\/es\/\"},{\"@type\":\"ListItem\",\"position\":2,\"name\":\"14\u00ba Domingo de T.O. (reflexi\u00f3n de Rosalino Dizon Reyes)\"}]},{\"@type\":\"WebSite\",\"@id\":\"http:\/\/vincentians.com\/es\/#website\",\"url\":\"http:\/\/vincentians.com\/es\/\",\"name\":\"Somos Vicencianos\",\"description\":\"Know more to serve more\",\"publisher\":{\"@id\":\"http:\/\/vincentians.com\/es\/#organization\"},\"potentialAction\":[{\"@type\":\"SearchAction\",\"target\":{\"@type\":\"EntryPoint\",\"urlTemplate\":\"http:\/\/vincentians.com\/es\/?s={search_term_string}\"},\"query-input\":{\"@type\":\"PropertyValueSpecification\",\"valueRequired\":true,\"valueName\":\"search_term_string\"}}],\"inLanguage\":\"es\"},{\"@type\":\"Organization\",\"@id\":\"http:\/\/vincentians.com\/es\/#organization\",\"name\":\"The Vincentian Network\",\"url\":\"http:\/\/vincentians.com\/es\/\",\"logo\":{\"@type\":\"ImageObject\",\"inLanguage\":\"es\",\"@id\":\"http:\/\/vincentians.com\/es\/#\/schema\/logo\/image\/\",\"url\":\"https:\/\/i1.wp.com\/vincentians.com\/es\/wp-content\/uploads\/sites\/11\/2016\/06\/Vincentian-Network-logo-big.png?fit=778%2C778\",\"contentUrl\":\"https:\/\/i1.wp.com\/vincentians.com\/es\/wp-content\/uploads\/sites\/11\/2016\/06\/Vincentian-Network-logo-big.png?fit=778%2C778\",\"width\":778,\"height\":778,\"caption\":\"The Vincentian Network\"},\"image\":{\"@id\":\"http:\/\/vincentians.com\/es\/#\/schema\/logo\/image\/\"},\"sameAs\":[\"https:\/\/www.facebook.com\/WeAreVincentians\/\",\"https:\/\/x.com\/WeVincentians\"]},{\"@type\":\"Person\",\"@id\":\"http:\/\/vincentians.com\/es\/#\/schema\/person\/6b250b52a52e7af2128e08c36145865d\",\"name\":\"Ross Reyes Dizon\",\"image\":{\"@type\":\"ImageObject\",\"inLanguage\":\"es\",\"@id\":\"http:\/\/vincentians.com\/es\/#\/schema\/person\/image\/\",\"url\":\"https:\/\/secure.gravatar.com\/avatar\/84437f3208f798bde5b9b066b0f340b70134675aa8c7b7ec4464b9808a05c195?s=96&d=mm&r=g\",\"contentUrl\":\"https:\/\/secure.gravatar.com\/avatar\/84437f3208f798bde5b9b066b0f340b70134675aa8c7b7ec4464b9808a05c195?s=96&d=mm&r=g\",\"caption\":\"Ross Reyes Dizon\"},\"description\":\"Ross owes his formation to Filipino, Spanish and U.S. Vincentian missionaries. A native of the Philippines, he now lives in Vallejo, California, with his wife Melody. They have two grown-up sons, Vincent and Justin, and are full-time babysitters to grandchildren, Maximilian Fr\u00e9d\u00e9ric and Vivianna Louise. Ross volunteers at Margaret Todd Senior Center, Novato, California, teaching a free weekly citizenship class for mostly Spanish-speakers.\",\"url\":\"http:\/\/vincentians.com\/es\/author\/rosalino\/\"}]}<\/script>\n<!-- \/ Yoast SEO plugin. -->","yoast_head_json":{"title":"14\u00ba Domingo de T.O. (reflexi\u00f3n de Rosalino Dizon Reyes) - Somos Vicencianos","description":"A los creados a imagen de Dios nos ense\u00f1a Jes\u00fas, de palabra y de obra, lo que quiere decir de verdad ser fieles im\u00e1genes del Creador.","robots":{"index":"index","follow":"follow","max-snippet":"max-snippet:-1","max-image-preview":"max-image-preview:large","max-video-preview":"max-video-preview:-1"},"canonical":"http:\/\/vincentians.com\/es\/14o-domingo-to-rdizonreyes-imagen\/","og_locale":"es_ES","og_type":"article","og_title":"14\u00ba Domingo de T.O. (reflexi\u00f3n de Rosalino Dizon Reyes) - Somos Vicencianos","og_description":"A los creados a imagen de Dios nos ense\u00f1a Jes\u00fas, de palabra y de obra, lo que quiere decir de verdad ser fieles im\u00e1genes del Creador.","og_url":"http:\/\/vincentians.com\/es\/14o-domingo-to-rdizonreyes-imagen\/","og_site_name":"Somos Vicencianos","article_publisher":"https:\/\/www.facebook.com\/WeAreVincentians\/","article_published_time":"2017-07-04T18:00:20+00:00","article_modified_time":"2017-07-05T03:59:36+00:00","og_image":[{"width":1200,"height":630,"url":"https:\/\/i0.wp.com\/vincentians.com\/es\/wp-content\/uploads\/sites\/11\/2016\/07\/reflexiones-ross.jpg?fit=1200%2C630","type":"image\/jpeg"}],"author":"Ross Reyes Dizon","twitter_card":"summary_large_image","twitter_creator":"@WeVincentians","twitter_site":"@WeVincentians","twitter_misc":{"Escrito por":"Ross Reyes Dizon","Tiempo de lectura":"2 minutos"},"schema":{"@context":"https:\/\/schema.org","@graph":[{"@type":"Article","@id":"http:\/\/vincentians.com\/es\/14o-domingo-to-rdizonreyes-imagen\/#article","isPartOf":{"@id":"http:\/\/vincentians.com\/es\/14o-domingo-to-rdizonreyes-imagen\/"},"author":{"name":"Ross Reyes Dizon","@id":"http:\/\/vincentians.com\/es\/#\/schema\/person\/6b250b52a52e7af2128e08c36145865d"},"headline":"14\u00ba Domingo de T.O. (reflexi\u00f3n de Rosalino Dizon Reyes)","datePublished":"2017-07-04T18:00:20+00:00","dateModified":"2017-07-05T03:59:36+00:00","mainEntityOfPage":{"@id":"http:\/\/vincentians.com\/es\/14o-domingo-to-rdizonreyes-imagen\/"},"wordCount":464,"commentCount":0,"publisher":{"@id":"http:\/\/vincentians.com\/es\/#organization"},"image":{"@id":"http:\/\/vincentians.com\/es\/14o-domingo-to-rdizonreyes-imagen\/#primaryimage"},"thumbnailUrl":"https:\/\/i0.wp.com\/vincentians.com\/es\/wp-content\/uploads\/sites\/11\/2016\/07\/reflexiones-ross.jpg?fit=1200%2C630","articleSection":["Homil\u00edas y reflexiones, A\u00f1o A"],"inLanguage":"es","potentialAction":[{"@type":"CommentAction","name":"Comment","target":["http:\/\/vincentians.com\/es\/14o-domingo-to-rdizonreyes-imagen\/#respond"]}]},{"@type":"WebPage","@id":"http:\/\/vincentians.com\/es\/14o-domingo-to-rdizonreyes-imagen\/","url":"http:\/\/vincentians.com\/es\/14o-domingo-to-rdizonreyes-imagen\/","name":"14\u00ba Domingo de T.O. (reflexi\u00f3n de Rosalino Dizon Reyes) - Somos Vicencianos","isPartOf":{"@id":"http:\/\/vincentians.com\/es\/#website"},"primaryImageOfPage":{"@id":"http:\/\/vincentians.com\/es\/14o-domingo-to-rdizonreyes-imagen\/#primaryimage"},"image":{"@id":"http:\/\/vincentians.com\/es\/14o-domingo-to-rdizonreyes-imagen\/#primaryimage"},"thumbnailUrl":"https:\/\/i0.wp.com\/vincentians.com\/es\/wp-content\/uploads\/sites\/11\/2016\/07\/reflexiones-ross.jpg?fit=1200%2C630","datePublished":"2017-07-04T18:00:20+00:00","dateModified":"2017-07-05T03:59:36+00:00","description":"A los creados a imagen de Dios nos ense\u00f1a Jes\u00fas, de palabra y de obra, lo que quiere decir de verdad ser fieles im\u00e1genes del Creador.","breadcrumb":{"@id":"http:\/\/vincentians.com\/es\/14o-domingo-to-rdizonreyes-imagen\/#breadcrumb"},"inLanguage":"es","potentialAction":[{"@type":"ReadAction","target":["http:\/\/vincentians.com\/es\/14o-domingo-to-rdizonreyes-imagen\/"]}]},{"@type":"ImageObject","inLanguage":"es","@id":"http:\/\/vincentians.com\/es\/14o-domingo-to-rdizonreyes-imagen\/#primaryimage","url":"https:\/\/i0.wp.com\/vincentians.com\/es\/wp-content\/uploads\/sites\/11\/2016\/07\/reflexiones-ross.jpg?fit=1200%2C630","contentUrl":"https:\/\/i0.wp.com\/vincentians.com\/es\/wp-content\/uploads\/sites\/11\/2016\/07\/reflexiones-ross.jpg?fit=1200%2C630","width":1200,"height":630},{"@type":"BreadcrumbList","@id":"http:\/\/vincentians.com\/es\/14o-domingo-to-rdizonreyes-imagen\/#breadcrumb","itemListElement":[{"@type":"ListItem","position":1,"name":"Portada","item":"http:\/\/vincentians.com\/es\/"},{"@type":"ListItem","position":2,"name":"14\u00ba Domingo de T.O. (reflexi\u00f3n de Rosalino Dizon Reyes)"}]},{"@type":"WebSite","@id":"http:\/\/vincentians.com\/es\/#website","url":"http:\/\/vincentians.com\/es\/","name":"Somos Vicencianos","description":"Know more to serve more","publisher":{"@id":"http:\/\/vincentians.com\/es\/#organization"},"potentialAction":[{"@type":"SearchAction","target":{"@type":"EntryPoint","urlTemplate":"http:\/\/vincentians.com\/es\/?s={search_term_string}"},"query-input":{"@type":"PropertyValueSpecification","valueRequired":true,"valueName":"search_term_string"}}],"inLanguage":"es"},{"@type":"Organization","@id":"http:\/\/vincentians.com\/es\/#organization","name":"The Vincentian Network","url":"http:\/\/vincentians.com\/es\/","logo":{"@type":"ImageObject","inLanguage":"es","@id":"http:\/\/vincentians.com\/es\/#\/schema\/logo\/image\/","url":"https:\/\/i1.wp.com\/vincentians.com\/es\/wp-content\/uploads\/sites\/11\/2016\/06\/Vincentian-Network-logo-big.png?fit=778%2C778","contentUrl":"https:\/\/i1.wp.com\/vincentians.com\/es\/wp-content\/uploads\/sites\/11\/2016\/06\/Vincentian-Network-logo-big.png?fit=778%2C778","width":778,"height":778,"caption":"The Vincentian Network"},"image":{"@id":"http:\/\/vincentians.com\/es\/#\/schema\/logo\/image\/"},"sameAs":["https:\/\/www.facebook.com\/WeAreVincentians\/","https:\/\/x.com\/WeVincentians"]},{"@type":"Person","@id":"http:\/\/vincentians.com\/es\/#\/schema\/person\/6b250b52a52e7af2128e08c36145865d","name":"Ross Reyes Dizon","image":{"@type":"ImageObject","inLanguage":"es","@id":"http:\/\/vincentians.com\/es\/#\/schema\/person\/image\/","url":"https:\/\/secure.gravatar.com\/avatar\/84437f3208f798bde5b9b066b0f340b70134675aa8c7b7ec4464b9808a05c195?s=96&d=mm&r=g","contentUrl":"https:\/\/secure.gravatar.com\/avatar\/84437f3208f798bde5b9b066b0f340b70134675aa8c7b7ec4464b9808a05c195?s=96&d=mm&r=g","caption":"Ross Reyes Dizon"},"description":"Ross owes his formation to Filipino, Spanish and U.S. Vincentian missionaries. A native of the Philippines, he now lives in Vallejo, California, with his wife Melody. They have two grown-up sons, Vincent and Justin, and are full-time babysitters to grandchildren, Maximilian Fr\u00e9d\u00e9ric and Vivianna Louise. Ross volunteers at Margaret Todd Senior Center, Novato, California, teaching a free weekly citizenship class for mostly Spanish-speakers.","url":"http:\/\/vincentians.com\/es\/author\/rosalino\/"}]}},"jetpack_publicize_connections":[],"jetpack_featured_media_url":"https:\/\/i0.wp.com\/vincentians.com\/es\/wp-content\/uploads\/sites\/11\/2016\/07\/reflexiones-ross.jpg?fit=1200%2C630","jetpack_sharing_enabled":true,"jetpack_shortlink":"https:\/\/wp.me\/p7ETMF-1GjI","jetpack-related-posts":[{"id":133506,"url":"http:\/\/vincentians.com\/es\/ciclo-a-el-bautismo-del-senor-reflexion-de-jose-roman-flecha\/","url_meta":{"origin":400998,"position":0},"title":"Ciclo A, el Bautismo del Se\u00f1or (reflexi\u00f3n de Jos\u00e9 Rom\u00e1n Flecha)","author":"Francisco Javier Fern\u00e1ndez Chento","date":"03\/01\/2011","format":false,"excerpt":"EL CIELO Y LA PALOMA Fiesta del Bautismo del Se\u00f1or 9 de enero de 2011 Quebrar la ca\u00f1a cascada y apagar el p\u00e1bilo vacilante de un cirio. Son dos acciones sencillas, casi instintivas, pero en un momento concreto podr\u00edan estar cargadas de significado. Las gentes del pueblo se llenaban de\u2026","rel":"","context":"En \u00abHomil\u00edas y reflexiones, A\u00f1o A\u00bb","block_context":{"text":"Homil\u00edas y reflexiones, A\u00f1o A","link":"http:\/\/vincentians.com\/es\/category\/homilias-y-reflexiones-a-la-palabra-de-dios\/homilias-y-reflexiones-ano-a\/"},"img":{"alt_text":"","src":"","width":0,"height":0},"classes":[]},{"id":142062,"url":"http:\/\/vincentians.com\/es\/lectio-para-domingo-de-ramos-preparada-por-chuno-chavez-alva-c-m\/","url_meta":{"origin":400998,"position":1},"title":"Lectio para Domingo de Ramos (preparada por Chuno Ch\u00e1vez Alva, C.M.)","author":"Francisco Javier Fern\u00e1ndez Chento","date":"24\/03\/2015","format":false,"excerpt":"Porque se humill\u00f3, Dios lo exalt\u00f3 LA PALABRA HOY: Marcos 11,1-10; Isa\u00edas 50,4-7; Salmo 21; Filipenses 2,6-11; Marcos 14,1-15,47 Ambientaci\u00f3n: Una cruz desnuda, adornada con palmas o ramos de olivo, y sobre ella un cartel: \u201c\u00a1Hosanna!\u201d Cantos sugeridos: Hosanna al rey de los cielos; T\u00fa reinar\u00e1s Ambientaci\u00f3n Este d\u00eda acompa\u00f1amos\u2026","rel":"","context":"En \u00abHomil\u00edas y reflexiones, A\u00f1o B\u00bb","block_context":{"text":"Homil\u00edas y reflexiones, A\u00f1o B","link":"http:\/\/vincentians.com\/es\/category\/homilias-y-reflexiones-a-la-palabra-de-dios\/homilias-y-reflexiones-ano-b\/"},"img":{"alt_text":"","src":"https:\/\/i0.wp.com\/vincentians.com\/es\/wp-content\/uploads\/sites\/11\/2016\/07\/reflexiones-palabra-de-dios.jpg?fit=1200%2C630&resize=350%2C200","width":350,"height":200,"srcset":"https:\/\/i0.wp.com\/vincentians.com\/es\/wp-content\/uploads\/sites\/11\/2016\/07\/reflexiones-palabra-de-dios.jpg?fit=1200%2C630&resize=350%2C200 1x, https:\/\/i0.wp.com\/vincentians.com\/es\/wp-content\/uploads\/sites\/11\/2016\/07\/reflexiones-palabra-de-dios.jpg?fit=1200%2C630&resize=525%2C300 1.5x, https:\/\/i0.wp.com\/vincentians.com\/es\/wp-content\/uploads\/sites\/11\/2016\/07\/reflexiones-palabra-de-dios.jpg?fit=1200%2C630&resize=700%2C400 2x, https:\/\/i0.wp.com\/vincentians.com\/es\/wp-content\/uploads\/sites\/11\/2016\/07\/reflexiones-palabra-de-dios.jpg?fit=1200%2C630&resize=1050%2C600 3x"},"classes":[]},{"id":132423,"url":"http:\/\/vincentians.com\/es\/bautismo-del-senor-reflexion-de-jose-roman-flecha-2\/","url_meta":{"origin":400998,"position":2},"title":"Bautismo del Se\u00f1or (reflexi\u00f3n de Jos\u00e9 Rom\u00e1n Flecha)","author":"Francisco Javier Fern\u00e1ndez Chento","date":"06\/01\/2012","format":false,"excerpt":"LA VOZ SOBRE LAS AGUAS Fiesta del Bautismo del Se\u00f1or.B Domingo 8 de enero de 2012 En el rezo del Rosario, sol\u00edamos meditar los misterios gozosos, dolorosos y gloriosos de la vida de Jes\u00fas. Como sabemos, el Papa Juan Pablo II introdujo en esa devoci\u00f3n tradicional los \"misterios luminosos\". Entre\u2026","rel":"","context":"En \u00abHomil\u00edas y reflexiones, A\u00f1o B\u00bb","block_context":{"text":"Homil\u00edas y reflexiones, A\u00f1o B","link":"http:\/\/vincentians.com\/es\/category\/homilias-y-reflexiones-a-la-palabra-de-dios\/homilias-y-reflexiones-ano-b\/"},"img":{"alt_text":"","src":"https:\/\/i0.wp.com\/vincentians.com\/es\/wp-content\/uploads\/sites\/11\/2016\/07\/reflexiones-palabra-de-dios.jpg?fit=1200%2C630&resize=350%2C200","width":350,"height":200,"srcset":"https:\/\/i0.wp.com\/vincentians.com\/es\/wp-content\/uploads\/sites\/11\/2016\/07\/reflexiones-palabra-de-dios.jpg?fit=1200%2C630&resize=350%2C200 1x, https:\/\/i0.wp.com\/vincentians.com\/es\/wp-content\/uploads\/sites\/11\/2016\/07\/reflexiones-palabra-de-dios.jpg?fit=1200%2C630&resize=525%2C300 1.5x, https:\/\/i0.wp.com\/vincentians.com\/es\/wp-content\/uploads\/sites\/11\/2016\/07\/reflexiones-palabra-de-dios.jpg?fit=1200%2C630&resize=700%2C400 2x, https:\/\/i0.wp.com\/vincentians.com\/es\/wp-content\/uploads\/sites\/11\/2016\/07\/reflexiones-palabra-de-dios.jpg?fit=1200%2C630&resize=1050%2C600 3x"},"classes":[]},{"id":133513,"url":"http:\/\/vincentians.com\/es\/lectio-divina-para-la-sagrada-familia-preparada-por-el-p-chuno-c-m-2\/","url_meta":{"origin":400998,"position":3},"title":"Lectio Divina para La Epifan\u00eda del Se\u00f1or (preparada por Chuno Ch\u00e1vez Alva, C.M.)","author":"Francisco Javier Fern\u00e1ndez Chento","date":"02\/01\/2013","format":false,"excerpt":"LA PALABRA HOY: Isa\u00edas 60, 1-6; Salmo 71; Efesios 3, 2-3.5-6; Mateo 2, 1-12 Ambientaci\u00f3n: Imagen del Ni\u00f1o Jes\u00fas, delante cajas envueltas en papel de regalo. Tambi\u00e9n se pueden colocar las im\u00e1genes de los Magos. Cantos sugeridos: Esa estrella que ha nacido; Tres magos llegan de Oriente Ambientaci\u00f3n En la\u2026","rel":"","context":"En \u00abHomil\u00edas y reflexiones, A\u00f1o C\u00bb","block_context":{"text":"Homil\u00edas y reflexiones, A\u00f1o C","link":"http:\/\/vincentians.com\/es\/category\/homilias-y-reflexiones-a-la-palabra-de-dios\/homilias-y-reflexiones-ano-c\/"},"img":{"alt_text":"","src":"https:\/\/i0.wp.com\/vincentians.com\/es\/wp-content\/uploads\/sites\/11\/2016\/07\/reflexiones-palabra-de-dios.jpg?fit=1200%2C630&resize=350%2C200","width":350,"height":200,"srcset":"https:\/\/i0.wp.com\/vincentians.com\/es\/wp-content\/uploads\/sites\/11\/2016\/07\/reflexiones-palabra-de-dios.jpg?fit=1200%2C630&resize=350%2C200 1x, https:\/\/i0.wp.com\/vincentians.com\/es\/wp-content\/uploads\/sites\/11\/2016\/07\/reflexiones-palabra-de-dios.jpg?fit=1200%2C630&resize=525%2C300 1.5x, https:\/\/i0.wp.com\/vincentians.com\/es\/wp-content\/uploads\/sites\/11\/2016\/07\/reflexiones-palabra-de-dios.jpg?fit=1200%2C630&resize=700%2C400 2x, https:\/\/i0.wp.com\/vincentians.com\/es\/wp-content\/uploads\/sites\/11\/2016\/07\/reflexiones-palabra-de-dios.jpg?fit=1200%2C630&resize=1050%2C600 3x"},"classes":[]},{"id":132868,"url":"http:\/\/vincentians.com\/es\/domingo-4o-de-adviento-reflexion-de-jose-roman-flecha\/","url_meta":{"origin":400998,"position":4},"title":"Domingo 4\u00ba de Adviento (reflexi\u00f3n de Jos\u00e9 Rom\u00e1n Flecha)","author":"Francisco Javier Fern\u00e1ndez Chento","date":"16\/12\/2014","format":false,"excerpt":"EL REY Y LA SIERVA Domingo 4\u00ba de Adviento. B 21 de diciembre de 2014 \"Afirmar\u00e9 despu\u00e9s de ti la descendencia que saldr\u00e1 de tus entra\u00f1as y consolidar\u00e9 el trono de su realeza. Yo ser\u00e9 para \u00e9l un padre y \u00e9l ser\u00e1 para m\u00ed un hijo\". Esa es la promesa\u2026","rel":"","context":"En \u00abHomil\u00edas y reflexiones, A\u00f1o B\u00bb","block_context":{"text":"Homil\u00edas y reflexiones, A\u00f1o B","link":"http:\/\/vincentians.com\/es\/category\/homilias-y-reflexiones-a-la-palabra-de-dios\/homilias-y-reflexiones-ano-b\/"},"img":{"alt_text":"","src":"https:\/\/i0.wp.com\/vincentians.com\/es\/wp-content\/uploads\/sites\/11\/2016\/07\/reflexiones-palabra-de-dios.jpg?fit=1200%2C630&resize=350%2C200","width":350,"height":200,"srcset":"https:\/\/i0.wp.com\/vincentians.com\/es\/wp-content\/uploads\/sites\/11\/2016\/07\/reflexiones-palabra-de-dios.jpg?fit=1200%2C630&resize=350%2C200 1x, https:\/\/i0.wp.com\/vincentians.com\/es\/wp-content\/uploads\/sites\/11\/2016\/07\/reflexiones-palabra-de-dios.jpg?fit=1200%2C630&resize=525%2C300 1.5x, https:\/\/i0.wp.com\/vincentians.com\/es\/wp-content\/uploads\/sites\/11\/2016\/07\/reflexiones-palabra-de-dios.jpg?fit=1200%2C630&resize=700%2C400 2x, https:\/\/i0.wp.com\/vincentians.com\/es\/wp-content\/uploads\/sites\/11\/2016\/07\/reflexiones-palabra-de-dios.jpg?fit=1200%2C630&resize=1050%2C600 3x"},"classes":[]},{"id":121931,"url":"http:\/\/vincentians.com\/es\/el-credo-en-el-ano-de-la-fe\/","url_meta":{"origin":400998,"position":5},"title":"El Credo en el A\u00f1o de la fe","author":"Francisco Javier Fern\u00e1ndez Chento","date":"02\/05\/2013","format":false,"excerpt":"En la carta de convocatoria del A\u00f1o de la Fe, \"Porta fidei\", Benedicto XVI invitaba a \"las comunidades religiosas, as\u00ed como a las parroquiales, y a todas las realidades eclesiales antiguas y nuevas (...) a profesar p\u00fablicamente el Credo. Deseamos \u2013dice\u2013 que este A\u00f1o suscite en todo creyente la aspiraci\u00f3n\u2026","rel":"","context":"En \u00abFormaci\u00f3n Cristiana\u00bb","block_context":{"text":"Formaci\u00f3n Cristiana","link":"http:\/\/vincentians.com\/es\/category\/formacion-cristiana\/"},"img":{"alt_text":"credo","src":"https:\/\/i0.wp.com\/vicencianos.org\/wp-content\/2013\/05\/credo-240x300.jpg?resize=350%2C200","width":350,"height":200},"classes":[]}],"_links":{"self":[{"href":"http:\/\/vincentians.com\/es\/wp-json\/wp\/v2\/posts\/400998","targetHints":{"allow":["GET"]}}],"collection":[{"href":"http:\/\/vincentians.com\/es\/wp-json\/wp\/v2\/posts"}],"about":[{"href":"http:\/\/vincentians.com\/es\/wp-json\/wp\/v2\/types\/post"}],"author":[{"embeddable":true,"href":"http:\/\/vincentians.com\/es\/wp-json\/wp\/v2\/users\/3"}],"replies":[{"embeddable":true,"href":"http:\/\/vincentians.com\/es\/wp-json\/wp\/v2\/comments?post=400998"}],"version-history":[{"count":13,"href":"http:\/\/vincentians.com\/es\/wp-json\/wp\/v2\/posts\/400998\/revisions"}],"predecessor-version":[{"id":401014,"href":"http:\/\/vincentians.com\/es\/wp-json\/wp\/v2\/posts\/400998\/revisions\/401014"}],"wp:featuredmedia":[{"embeddable":true,"href":"http:\/\/vincentians.com\/es\/wp-json\/wp\/v2\/media\/388397"}],"wp:attachment":[{"href":"http:\/\/vincentians.com\/es\/wp-json\/wp\/v2\/media?parent=400998"}],"wp:term":[{"taxonomy":"category","embeddable":true,"href":"http:\/\/vincentians.com\/es\/wp-json\/wp\/v2\/categories?post=400998"},{"taxonomy":"post_tag","embeddable":true,"href":"http:\/\/vincentians.com\/es\/wp-json\/wp\/v2\/tags?post=400998"}],"curies":[{"name":"wp","href":"https:\/\/api.w.org\/{rel}","templated":true}]}}