{"id":400830,"date":"2017-05-16T20:00:27","date_gmt":"2017-05-16T18:00:27","guid":{"rendered":"http:\/\/vincentians.com\/es\/?p=400830"},"modified":"2017-05-15T19:07:43","modified_gmt":"2017-05-15T17:07:43","slug":"6o-domingo-pascua-rdizonreyes-espiritu","status":"publish","type":"post","link":"http:\/\/vincentians.com\/es\/6o-domingo-pascua-rdizonreyes-espiritu\/","title":{"rendered":"6\u00ba Domingo de Pascua (Rosalino Dizon Reyes)"},"content":{"rendered":"<p><em>Esp\u00edritu de signos, vida y verdad<\/em><\/p>\n<h3>A petici\u00f3n de Jes\u00fas, Dios da el Esp\u00edritu Santo a los que aman a Jes\u00fas.<\/h3>\n<p>En primer lugar, ese Esp\u00edritu permanece en cuantos se acreditan amantes de Jes\u00fas por guardar sus mandamientos.\u00a0 Como presencia del Subido al cielo y constituido Dador de dones, el Esp\u00edritu capacita a los creyentes para mayores obras.<\/p>\n<p>S\u00ed, los revestidos del Esp\u00edritu hacen signos que provocan admiraci\u00f3n.\u00a0 Maravilladas por los signos que ven, las gentes aceptan la palabra de Dios.\u00a0 Luego, reciben ellas el Esp\u00edritu, mediante la imposici\u00f3n de las manos en oraci\u00f3n, haci\u00e9ndose, a su vez, testigos de Jes\u00fas.<\/p>\n<p>El Esp\u00edritu Santo, en segundo lugar, devuelve la vida a los muertos al pecado.\u00a0 Lo reciben ellos para que resuciten con el que muri\u00f3 por los pecados.<\/p>\n<p>En tercer lugar, el Esp\u00edritu es el defensor que gu\u00eda a los disc\u00edpulos hasta la verdad plena.\u00a0 \u00c9l les ense\u00f1a a dar raz\u00f3n de su esperanza a los de buena voluntad.\u00a0 Igualmente, instruye \u00e9l a los perseguidos a causa de su fe.\u00a0 Confort\u00e1ndoles \u00e9l, no se preocupan de antemano por lo que van a decir o hacer.<\/p>\n<h4>De verdad, as\u00ed es el Esp\u00edritu, y as\u00ed son los revestidos de \u00e9l, lo cual plantea unas preguntas.<\/h4>\n<p>\u00bfManifiestan nuestras palabras y obras el Esp\u00edritu Santo?\u00a0 \u00bfSe\u00f1alamos a Jes\u00fas, fij\u00e1ndonos en \u00e9l, inhalando y exhalando su aliento?<\/p>\n<p>As\u00ed era san Vicente de Pa\u00fal.\u00a0 Su cristocentrismo se nota en su consejos.\u00a0 Record\u00f3 al Padre Portail:\u00a0 \u00abVivimos en Jesucristo por la muerte de Jesucristo \u2026\u00bb (<a href=\"http:\/\/via.library.depaul.edu\/cgi\/viewcontent.cgi?article=1000&amp;context=coste_sp\">SV.ES I:320<\/a>).\u00a0 Al Padre Durand le dijo:\u00a0 \u00abDebe vaciarse de s\u00ed mismo para revestirse de Jesucristo\u00bb (<a href=\"http:\/\/via.library.depaul.edu\/cgi\/viewcontent.cgi?article=1011&amp;context=coste_sp\">SV.ES XI:236<\/a>).\u00a0 Sobre todo, es patente su fe firme y admirable.\u00a0 Hablaba con Dios, con Jes\u00fas, continuamente.\u00a0 Aun conversando con otras personas, iba insertando:\u00a0 \u00ab\u00a1Oh, Dios m\u00edo!\u00bb; \u00ab\u00a1Oh, Salvador!\u00bb; \u00ab\u00a1Bendito sea Dios!\u00bb.\u00a0 Esto lo hac\u00eda sin artificio; solo expresaba la espontaneidad de un coraz\u00f3n lleno de amor y fe (v\u00e9ase Delarue).\u00a0 Con la luz de la fe, adem\u00e1s, ve\u00eda san Vicente a Cristo en los pobres.<\/p>\n<p>\u00bfAmbientamos as\u00ed la escena de modo que <a href=\"http:\/\/famvin.org\/en\/2017\/05\/10\/framing-the-scene\/\">resulte muy abarcadora y penetrante<\/a>?\u00a0 \u00bfAcaso somos como Felipe?\u00a0 \u00c9l no se dej\u00f3 llevar por los viejos prejuicios por los que se apartaban los jud\u00edos y los samaritanos unos de otros.\u00a0 Tampoco lo detuvo el c\u00f3modo criterio del \u00absiempre se ha hecho as\u00ed\u00bb (<a href=\"http:\/\/w2.vatican.va\/content\/francesco\/es\/apost_exhortations\/documents\/papa-francesco_esortazione-ap_20131124_evangelii-gaudium.html\"><em>EG<\/em><\/a> 33).<\/p>\n<p>Y, \u00bfser\u00e1 que, por concentrarnos en la doctrina ortodoxa y la pr\u00e1ctica religiosa rigurosa, no reconozcamos las ocasiones de la visita divina?<\/p>\n<p>\u00bfInventivos somos los part\u00edcipes de la Cena del Se\u00f1or, comulgando con su amor infinitamente inventivo? (v\u00e9ase <a href=\"http:\/\/via.library.depaul.edu\/cgi\/viewcontent.cgi?article=1011&amp;context=coste_sp\">SV.ES XI:65<\/a>).<\/p>\n<p>21\u00a0Mayo 2017<br \/>\n6\u00ba Domingo de Pascua (A)<br \/>\nHech 8, 5-8. 14-17; 1 Pt 3, 15-18; Jn 14, 15-21<\/p>\n","protected":false},"excerpt":{"rendered":"<p>Esp\u00edritu de signos, vida y verdad A petici\u00f3n de Jes\u00fas, Dios da el Esp\u00edritu Santo a los que aman a Jes\u00fas. En primer lugar, ese Esp\u00edritu permanece en cuantos se acreditan amantes de Jes\u00fas por &#8230; <a href=\"http:\/\/vincentians.com\/es\/6o-domingo-pascua-rdizonreyes-espiritu\/\" class=\"more-link\">Read More<\/a><\/p>\n","protected":false},"author":3,"featured_media":388397,"comment_status":"open","ping_status":"open","sticky":false,"template":"","format":"standard","meta":{"jetpack_post_was_ever_published":false,"_jetpack_newsletter_access":"","_jetpack_dont_email_post_to_subs":false,"_jetpack_newsletter_tier_id":0,"_jetpack_memberships_contains_paywalled_content":false,"_jetpack_memberships_contains_paid_content":false,"footnotes":"","jetpack_publicize_message":"","jetpack_publicize_feature_enabled":true,"jetpack_social_post_already_shared":true,"jetpack_social_options":{"image_generator_settings":{"template":"highway","default_image_id":0,"font":"","enabled":false},"version":2}},"categories":[95],"tags":[],"class_list":["post-400830","post","type-post","status-publish","format-standard","has-post-thumbnail","hentry","category-homilias-y-reflexiones-ano-a"],"yoast_head":"<!-- This site is optimized with the Yoast SEO plugin v26.3 - https:\/\/yoast.com\/wordpress\/plugins\/seo\/ -->\n<title>6\u00ba Domingo de Pascua (Rosalino Dizon Reyes) - Somos Vicencianos<\/title>\n<meta name=\"description\" content=\"A petici\u00f3n de Jes\u00fas, Dios da el Esp\u00edritu Santo a los que aman a Jes\u00fas. \u00c9stos se acreditan amantes suyos por guardar sus mandamientos.\" \/>\n<meta name=\"robots\" content=\"index, follow, max-snippet:-1, max-image-preview:large, max-video-preview:-1\" \/>\n<link rel=\"canonical\" href=\"http:\/\/vincentians.com\/es\/6o-domingo-pascua-rdizonreyes-espiritu\/\" \/>\n<meta property=\"og:locale\" content=\"es_ES\" \/>\n<meta property=\"og:type\" content=\"article\" \/>\n<meta property=\"og:title\" content=\"6\u00ba Domingo de Pascua (Rosalino Dizon Reyes) - Somos Vicencianos\" \/>\n<meta property=\"og:description\" content=\"A petici\u00f3n de Jes\u00fas, Dios da el Esp\u00edritu Santo a los que aman a Jes\u00fas. \u00c9stos se acreditan amantes suyos por guardar sus mandamientos.\" \/>\n<meta property=\"og:url\" content=\"http:\/\/vincentians.com\/es\/6o-domingo-pascua-rdizonreyes-espiritu\/\" \/>\n<meta property=\"og:site_name\" content=\"Somos Vicencianos\" \/>\n<meta property=\"article:publisher\" content=\"https:\/\/www.facebook.com\/WeAreVincentians\/\" \/>\n<meta property=\"article:published_time\" content=\"2017-05-16T18:00:27+00:00\" \/>\n<meta property=\"og:image\" content=\"https:\/\/i0.wp.com\/vincentians.com\/es\/wp-content\/uploads\/sites\/11\/2016\/07\/reflexiones-ross.jpg?fit=1200%2C630\" \/>\n\t<meta property=\"og:image:width\" content=\"1200\" \/>\n\t<meta property=\"og:image:height\" content=\"630\" \/>\n\t<meta property=\"og:image:type\" content=\"image\/jpeg\" \/>\n<meta name=\"author\" content=\"Ross Reyes Dizon\" \/>\n<meta name=\"twitter:card\" content=\"summary_large_image\" \/>\n<meta name=\"twitter:creator\" content=\"@WeVincentians\" \/>\n<meta name=\"twitter:site\" content=\"@WeVincentians\" \/>\n<meta name=\"twitter:label1\" content=\"Escrito por\" \/>\n\t<meta name=\"twitter:data1\" content=\"Ross Reyes Dizon\" \/>\n\t<meta name=\"twitter:label2\" content=\"Tiempo de lectura\" \/>\n\t<meta name=\"twitter:data2\" content=\"2 minutos\" \/>\n<script type=\"application\/ld+json\" class=\"yoast-schema-graph\">{\"@context\":\"https:\/\/schema.org\",\"@graph\":[{\"@type\":\"Article\",\"@id\":\"http:\/\/vincentians.com\/es\/6o-domingo-pascua-rdizonreyes-espiritu\/#article\",\"isPartOf\":{\"@id\":\"http:\/\/vincentians.com\/es\/6o-domingo-pascua-rdizonreyes-espiritu\/\"},\"author\":{\"name\":\"Ross Reyes Dizon\",\"@id\":\"http:\/\/vincentians.com\/es\/#\/schema\/person\/6b250b52a52e7af2128e08c36145865d\"},\"headline\":\"6\u00ba Domingo de Pascua (Rosalino Dizon Reyes)\",\"datePublished\":\"2017-05-16T18:00:27+00:00\",\"mainEntityOfPage\":{\"@id\":\"http:\/\/vincentians.com\/es\/6o-domingo-pascua-rdizonreyes-espiritu\/\"},\"wordCount\":482,\"commentCount\":0,\"publisher\":{\"@id\":\"http:\/\/vincentians.com\/es\/#organization\"},\"image\":{\"@id\":\"http:\/\/vincentians.com\/es\/6o-domingo-pascua-rdizonreyes-espiritu\/#primaryimage\"},\"thumbnailUrl\":\"https:\/\/i0.wp.com\/vincentians.com\/es\/wp-content\/uploads\/sites\/11\/2016\/07\/reflexiones-ross.jpg?fit=1200%2C630\",\"articleSection\":[\"Homil\u00edas y reflexiones, A\u00f1o A\"],\"inLanguage\":\"es\",\"potentialAction\":[{\"@type\":\"CommentAction\",\"name\":\"Comment\",\"target\":[\"http:\/\/vincentians.com\/es\/6o-domingo-pascua-rdizonreyes-espiritu\/#respond\"]}]},{\"@type\":\"WebPage\",\"@id\":\"http:\/\/vincentians.com\/es\/6o-domingo-pascua-rdizonreyes-espiritu\/\",\"url\":\"http:\/\/vincentians.com\/es\/6o-domingo-pascua-rdizonreyes-espiritu\/\",\"name\":\"6\u00ba Domingo de Pascua (Rosalino Dizon Reyes) - Somos Vicencianos\",\"isPartOf\":{\"@id\":\"http:\/\/vincentians.com\/es\/#website\"},\"primaryImageOfPage\":{\"@id\":\"http:\/\/vincentians.com\/es\/6o-domingo-pascua-rdizonreyes-espiritu\/#primaryimage\"},\"image\":{\"@id\":\"http:\/\/vincentians.com\/es\/6o-domingo-pascua-rdizonreyes-espiritu\/#primaryimage\"},\"thumbnailUrl\":\"https:\/\/i0.wp.com\/vincentians.com\/es\/wp-content\/uploads\/sites\/11\/2016\/07\/reflexiones-ross.jpg?fit=1200%2C630\",\"datePublished\":\"2017-05-16T18:00:27+00:00\",\"description\":\"A petici\u00f3n de Jes\u00fas, Dios da el Esp\u00edritu Santo a los que aman a Jes\u00fas. \u00c9stos se acreditan amantes suyos por guardar sus mandamientos.\",\"breadcrumb\":{\"@id\":\"http:\/\/vincentians.com\/es\/6o-domingo-pascua-rdizonreyes-espiritu\/#breadcrumb\"},\"inLanguage\":\"es\",\"potentialAction\":[{\"@type\":\"ReadAction\",\"target\":[\"http:\/\/vincentians.com\/es\/6o-domingo-pascua-rdizonreyes-espiritu\/\"]}]},{\"@type\":\"ImageObject\",\"inLanguage\":\"es\",\"@id\":\"http:\/\/vincentians.com\/es\/6o-domingo-pascua-rdizonreyes-espiritu\/#primaryimage\",\"url\":\"https:\/\/i0.wp.com\/vincentians.com\/es\/wp-content\/uploads\/sites\/11\/2016\/07\/reflexiones-ross.jpg?fit=1200%2C630\",\"contentUrl\":\"https:\/\/i0.wp.com\/vincentians.com\/es\/wp-content\/uploads\/sites\/11\/2016\/07\/reflexiones-ross.jpg?fit=1200%2C630\",\"width\":1200,\"height\":630},{\"@type\":\"BreadcrumbList\",\"@id\":\"http:\/\/vincentians.com\/es\/6o-domingo-pascua-rdizonreyes-espiritu\/#breadcrumb\",\"itemListElement\":[{\"@type\":\"ListItem\",\"position\":1,\"name\":\"Portada\",\"item\":\"http:\/\/vincentians.com\/es\/\"},{\"@type\":\"ListItem\",\"position\":2,\"name\":\"6\u00ba Domingo de Pascua (Rosalino Dizon Reyes)\"}]},{\"@type\":\"WebSite\",\"@id\":\"http:\/\/vincentians.com\/es\/#website\",\"url\":\"http:\/\/vincentians.com\/es\/\",\"name\":\"Somos Vicencianos\",\"description\":\"Know more to serve more\",\"publisher\":{\"@id\":\"http:\/\/vincentians.com\/es\/#organization\"},\"potentialAction\":[{\"@type\":\"SearchAction\",\"target\":{\"@type\":\"EntryPoint\",\"urlTemplate\":\"http:\/\/vincentians.com\/es\/?s={search_term_string}\"},\"query-input\":{\"@type\":\"PropertyValueSpecification\",\"valueRequired\":true,\"valueName\":\"search_term_string\"}}],\"inLanguage\":\"es\"},{\"@type\":\"Organization\",\"@id\":\"http:\/\/vincentians.com\/es\/#organization\",\"name\":\"The Vincentian Network\",\"url\":\"http:\/\/vincentians.com\/es\/\",\"logo\":{\"@type\":\"ImageObject\",\"inLanguage\":\"es\",\"@id\":\"http:\/\/vincentians.com\/es\/#\/schema\/logo\/image\/\",\"url\":\"https:\/\/i1.wp.com\/vincentians.com\/es\/wp-content\/uploads\/sites\/11\/2016\/06\/Vincentian-Network-logo-big.png?fit=778%2C778\",\"contentUrl\":\"https:\/\/i1.wp.com\/vincentians.com\/es\/wp-content\/uploads\/sites\/11\/2016\/06\/Vincentian-Network-logo-big.png?fit=778%2C778\",\"width\":778,\"height\":778,\"caption\":\"The Vincentian Network\"},\"image\":{\"@id\":\"http:\/\/vincentians.com\/es\/#\/schema\/logo\/image\/\"},\"sameAs\":[\"https:\/\/www.facebook.com\/WeAreVincentians\/\",\"https:\/\/x.com\/WeVincentians\"]},{\"@type\":\"Person\",\"@id\":\"http:\/\/vincentians.com\/es\/#\/schema\/person\/6b250b52a52e7af2128e08c36145865d\",\"name\":\"Ross Reyes Dizon\",\"image\":{\"@type\":\"ImageObject\",\"inLanguage\":\"es\",\"@id\":\"http:\/\/vincentians.com\/es\/#\/schema\/person\/image\/\",\"url\":\"https:\/\/secure.gravatar.com\/avatar\/84437f3208f798bde5b9b066b0f340b70134675aa8c7b7ec4464b9808a05c195?s=96&d=mm&r=g\",\"contentUrl\":\"https:\/\/secure.gravatar.com\/avatar\/84437f3208f798bde5b9b066b0f340b70134675aa8c7b7ec4464b9808a05c195?s=96&d=mm&r=g\",\"caption\":\"Ross Reyes Dizon\"},\"description\":\"Ross owes his formation to Filipino, Spanish and U.S. Vincentian missionaries. A native of the Philippines, he now lives in Vallejo, California, with his wife Melody. They have two grown-up sons, Vincent and Justin, and are full-time babysitters to grandchildren, Maximilian Fr\u00e9d\u00e9ric and Vivianna Louise. Ross volunteers at Margaret Todd Senior Center, Novato, California, teaching a free weekly citizenship class for mostly Spanish-speakers.\",\"url\":\"http:\/\/vincentians.com\/es\/author\/rosalino\/\"}]}<\/script>\n<!-- \/ Yoast SEO plugin. -->","yoast_head_json":{"title":"6\u00ba Domingo de Pascua (Rosalino Dizon Reyes) - Somos Vicencianos","description":"A petici\u00f3n de Jes\u00fas, Dios da el Esp\u00edritu Santo a los que aman a Jes\u00fas. \u00c9stos se acreditan amantes suyos por guardar sus mandamientos.","robots":{"index":"index","follow":"follow","max-snippet":"max-snippet:-1","max-image-preview":"max-image-preview:large","max-video-preview":"max-video-preview:-1"},"canonical":"http:\/\/vincentians.com\/es\/6o-domingo-pascua-rdizonreyes-espiritu\/","og_locale":"es_ES","og_type":"article","og_title":"6\u00ba Domingo de Pascua (Rosalino Dizon Reyes) - Somos Vicencianos","og_description":"A petici\u00f3n de Jes\u00fas, Dios da el Esp\u00edritu Santo a los que aman a Jes\u00fas. \u00c9stos se acreditan amantes suyos por guardar sus mandamientos.","og_url":"http:\/\/vincentians.com\/es\/6o-domingo-pascua-rdizonreyes-espiritu\/","og_site_name":"Somos Vicencianos","article_publisher":"https:\/\/www.facebook.com\/WeAreVincentians\/","article_published_time":"2017-05-16T18:00:27+00:00","og_image":[{"width":1200,"height":630,"url":"https:\/\/i0.wp.com\/vincentians.com\/es\/wp-content\/uploads\/sites\/11\/2016\/07\/reflexiones-ross.jpg?fit=1200%2C630","type":"image\/jpeg"}],"author":"Ross Reyes Dizon","twitter_card":"summary_large_image","twitter_creator":"@WeVincentians","twitter_site":"@WeVincentians","twitter_misc":{"Escrito por":"Ross Reyes Dizon","Tiempo de lectura":"2 minutos"},"schema":{"@context":"https:\/\/schema.org","@graph":[{"@type":"Article","@id":"http:\/\/vincentians.com\/es\/6o-domingo-pascua-rdizonreyes-espiritu\/#article","isPartOf":{"@id":"http:\/\/vincentians.com\/es\/6o-domingo-pascua-rdizonreyes-espiritu\/"},"author":{"name":"Ross Reyes Dizon","@id":"http:\/\/vincentians.com\/es\/#\/schema\/person\/6b250b52a52e7af2128e08c36145865d"},"headline":"6\u00ba Domingo de Pascua (Rosalino Dizon Reyes)","datePublished":"2017-05-16T18:00:27+00:00","mainEntityOfPage":{"@id":"http:\/\/vincentians.com\/es\/6o-domingo-pascua-rdizonreyes-espiritu\/"},"wordCount":482,"commentCount":0,"publisher":{"@id":"http:\/\/vincentians.com\/es\/#organization"},"image":{"@id":"http:\/\/vincentians.com\/es\/6o-domingo-pascua-rdizonreyes-espiritu\/#primaryimage"},"thumbnailUrl":"https:\/\/i0.wp.com\/vincentians.com\/es\/wp-content\/uploads\/sites\/11\/2016\/07\/reflexiones-ross.jpg?fit=1200%2C630","articleSection":["Homil\u00edas y reflexiones, A\u00f1o A"],"inLanguage":"es","potentialAction":[{"@type":"CommentAction","name":"Comment","target":["http:\/\/vincentians.com\/es\/6o-domingo-pascua-rdizonreyes-espiritu\/#respond"]}]},{"@type":"WebPage","@id":"http:\/\/vincentians.com\/es\/6o-domingo-pascua-rdizonreyes-espiritu\/","url":"http:\/\/vincentians.com\/es\/6o-domingo-pascua-rdizonreyes-espiritu\/","name":"6\u00ba Domingo de Pascua (Rosalino Dizon Reyes) - Somos Vicencianos","isPartOf":{"@id":"http:\/\/vincentians.com\/es\/#website"},"primaryImageOfPage":{"@id":"http:\/\/vincentians.com\/es\/6o-domingo-pascua-rdizonreyes-espiritu\/#primaryimage"},"image":{"@id":"http:\/\/vincentians.com\/es\/6o-domingo-pascua-rdizonreyes-espiritu\/#primaryimage"},"thumbnailUrl":"https:\/\/i0.wp.com\/vincentians.com\/es\/wp-content\/uploads\/sites\/11\/2016\/07\/reflexiones-ross.jpg?fit=1200%2C630","datePublished":"2017-05-16T18:00:27+00:00","description":"A petici\u00f3n de Jes\u00fas, Dios da el Esp\u00edritu Santo a los que aman a Jes\u00fas. \u00c9stos se acreditan amantes suyos por guardar sus mandamientos.","breadcrumb":{"@id":"http:\/\/vincentians.com\/es\/6o-domingo-pascua-rdizonreyes-espiritu\/#breadcrumb"},"inLanguage":"es","potentialAction":[{"@type":"ReadAction","target":["http:\/\/vincentians.com\/es\/6o-domingo-pascua-rdizonreyes-espiritu\/"]}]},{"@type":"ImageObject","inLanguage":"es","@id":"http:\/\/vincentians.com\/es\/6o-domingo-pascua-rdizonreyes-espiritu\/#primaryimage","url":"https:\/\/i0.wp.com\/vincentians.com\/es\/wp-content\/uploads\/sites\/11\/2016\/07\/reflexiones-ross.jpg?fit=1200%2C630","contentUrl":"https:\/\/i0.wp.com\/vincentians.com\/es\/wp-content\/uploads\/sites\/11\/2016\/07\/reflexiones-ross.jpg?fit=1200%2C630","width":1200,"height":630},{"@type":"BreadcrumbList","@id":"http:\/\/vincentians.com\/es\/6o-domingo-pascua-rdizonreyes-espiritu\/#breadcrumb","itemListElement":[{"@type":"ListItem","position":1,"name":"Portada","item":"http:\/\/vincentians.com\/es\/"},{"@type":"ListItem","position":2,"name":"6\u00ba Domingo de Pascua (Rosalino Dizon Reyes)"}]},{"@type":"WebSite","@id":"http:\/\/vincentians.com\/es\/#website","url":"http:\/\/vincentians.com\/es\/","name":"Somos Vicencianos","description":"Know more to serve more","publisher":{"@id":"http:\/\/vincentians.com\/es\/#organization"},"potentialAction":[{"@type":"SearchAction","target":{"@type":"EntryPoint","urlTemplate":"http:\/\/vincentians.com\/es\/?s={search_term_string}"},"query-input":{"@type":"PropertyValueSpecification","valueRequired":true,"valueName":"search_term_string"}}],"inLanguage":"es"},{"@type":"Organization","@id":"http:\/\/vincentians.com\/es\/#organization","name":"The Vincentian Network","url":"http:\/\/vincentians.com\/es\/","logo":{"@type":"ImageObject","inLanguage":"es","@id":"http:\/\/vincentians.com\/es\/#\/schema\/logo\/image\/","url":"https:\/\/i1.wp.com\/vincentians.com\/es\/wp-content\/uploads\/sites\/11\/2016\/06\/Vincentian-Network-logo-big.png?fit=778%2C778","contentUrl":"https:\/\/i1.wp.com\/vincentians.com\/es\/wp-content\/uploads\/sites\/11\/2016\/06\/Vincentian-Network-logo-big.png?fit=778%2C778","width":778,"height":778,"caption":"The Vincentian Network"},"image":{"@id":"http:\/\/vincentians.com\/es\/#\/schema\/logo\/image\/"},"sameAs":["https:\/\/www.facebook.com\/WeAreVincentians\/","https:\/\/x.com\/WeVincentians"]},{"@type":"Person","@id":"http:\/\/vincentians.com\/es\/#\/schema\/person\/6b250b52a52e7af2128e08c36145865d","name":"Ross Reyes Dizon","image":{"@type":"ImageObject","inLanguage":"es","@id":"http:\/\/vincentians.com\/es\/#\/schema\/person\/image\/","url":"https:\/\/secure.gravatar.com\/avatar\/84437f3208f798bde5b9b066b0f340b70134675aa8c7b7ec4464b9808a05c195?s=96&d=mm&r=g","contentUrl":"https:\/\/secure.gravatar.com\/avatar\/84437f3208f798bde5b9b066b0f340b70134675aa8c7b7ec4464b9808a05c195?s=96&d=mm&r=g","caption":"Ross Reyes Dizon"},"description":"Ross owes his formation to Filipino, Spanish and U.S. Vincentian missionaries. A native of the Philippines, he now lives in Vallejo, California, with his wife Melody. They have two grown-up sons, Vincent and Justin, and are full-time babysitters to grandchildren, Maximilian Fr\u00e9d\u00e9ric and Vivianna Louise. Ross volunteers at Margaret Todd Senior Center, Novato, California, teaching a free weekly citizenship class for mostly Spanish-speakers.","url":"http:\/\/vincentians.com\/es\/author\/rosalino\/"}]}},"jetpack_publicize_connections":[],"jetpack_featured_media_url":"https:\/\/i0.wp.com\/vincentians.com\/es\/wp-content\/uploads\/sites\/11\/2016\/07\/reflexiones-ross.jpg?fit=1200%2C630","jetpack_sharing_enabled":true,"jetpack_shortlink":"https:\/\/wp.me\/p7ETMF-1Gh0","jetpack-related-posts":[{"id":135854,"url":"http:\/\/vincentians.com\/es\/2o-domingo-de-pascua-reflexion-de-jose-cervantes-gabarron\/","url_meta":{"origin":400830,"position":0},"title":"2\u00ba Domingo de Pascua (reflexi\u00f3n de Jos\u00e9 Cervantes Gabarr\u00f3n)","author":"Francisco Javier Fern\u00e1ndez Chento","date":"06\/04\/2013","format":false,"excerpt":"El Esp\u00edritu del Crucificado en el Resucitado Jos\u00e9 Cervantes Gabarr\u00f3n, sacerdote misionero y profesor de Sagrada Escritura.El primer domingo de pascua nos brindaba el relato del sepulcro abierto sin el cuerpo de Jes\u00fas y con el mensaje pascual que anunciaba el acontecimiento de que la resurrecci\u00f3n de Cristo ya ha\u2026","rel":"","context":"En \u00abHomil\u00edas y reflexiones, A\u00f1o C\u00bb","block_context":{"text":"Homil\u00edas y reflexiones, A\u00f1o C","link":"http:\/\/vincentians.com\/es\/category\/homilias-y-reflexiones-a-la-palabra-de-dios\/homilias-y-reflexiones-ano-c\/"},"img":{"alt_text":"","src":"https:\/\/i0.wp.com\/vincentians.com\/es\/wp-content\/uploads\/sites\/11\/2016\/07\/reflexiones-palabra-de-dios.jpg?fit=1200%2C630&resize=350%2C200","width":350,"height":200,"srcset":"https:\/\/i0.wp.com\/vincentians.com\/es\/wp-content\/uploads\/sites\/11\/2016\/07\/reflexiones-palabra-de-dios.jpg?fit=1200%2C630&resize=350%2C200 1x, https:\/\/i0.wp.com\/vincentians.com\/es\/wp-content\/uploads\/sites\/11\/2016\/07\/reflexiones-palabra-de-dios.jpg?fit=1200%2C630&resize=525%2C300 1.5x, https:\/\/i0.wp.com\/vincentians.com\/es\/wp-content\/uploads\/sites\/11\/2016\/07\/reflexiones-palabra-de-dios.jpg?fit=1200%2C630&resize=700%2C400 2x, https:\/\/i0.wp.com\/vincentians.com\/es\/wp-content\/uploads\/sites\/11\/2016\/07\/reflexiones-palabra-de-dios.jpg?fit=1200%2C630&resize=1050%2C600 3x"},"classes":[]},{"id":146403,"url":"http:\/\/vincentians.com\/es\/pentecostes-reflexion-de-jose-roman-flecha-2\/","url_meta":{"origin":400830,"position":1},"title":"Pentecost\u00e9s (reflexi\u00f3n de Jos\u00e9 Rom\u00e1n Flecha)","author":"Francisco Javier Fern\u00e1ndez Chento","date":"18\/05\/2015","format":false,"excerpt":"FUEGO Y AUDACIA Solemnidad de Pentecost\u00e9s. B. 24 de mayo de 2015 \u201cSe llenaron todos de Esp\u00edritu Santo y empezaron a hablar en lenguas extranjeras, cada uno en la lengua que el Esp\u00edritu Santo le suger\u00eda\u201d. En esta fiesta de Pentecost\u00e9s celebramos la presencia del Esp\u00edritu de Dios en la\u2026","rel":"","context":"En \u00abHomil\u00edas y reflexiones, A\u00f1o B\u00bb","block_context":{"text":"Homil\u00edas y reflexiones, A\u00f1o B","link":"http:\/\/vincentians.com\/es\/category\/homilias-y-reflexiones-a-la-palabra-de-dios\/homilias-y-reflexiones-ano-b\/"},"img":{"alt_text":"","src":"https:\/\/i0.wp.com\/vincentians.com\/es\/wp-content\/uploads\/sites\/11\/2016\/07\/reflexiones-palabra-de-dios.jpg?fit=1200%2C630&resize=350%2C200","width":350,"height":200,"srcset":"https:\/\/i0.wp.com\/vincentians.com\/es\/wp-content\/uploads\/sites\/11\/2016\/07\/reflexiones-palabra-de-dios.jpg?fit=1200%2C630&resize=350%2C200 1x, https:\/\/i0.wp.com\/vincentians.com\/es\/wp-content\/uploads\/sites\/11\/2016\/07\/reflexiones-palabra-de-dios.jpg?fit=1200%2C630&resize=525%2C300 1.5x, https:\/\/i0.wp.com\/vincentians.com\/es\/wp-content\/uploads\/sites\/11\/2016\/07\/reflexiones-palabra-de-dios.jpg?fit=1200%2C630&resize=700%2C400 2x, https:\/\/i0.wp.com\/vincentians.com\/es\/wp-content\/uploads\/sites\/11\/2016\/07\/reflexiones-palabra-de-dios.jpg?fit=1200%2C630&resize=1050%2C600 3x"},"classes":[]},{"id":121931,"url":"http:\/\/vincentians.com\/es\/el-credo-en-el-ano-de-la-fe\/","url_meta":{"origin":400830,"position":2},"title":"El Credo en el A\u00f1o de la fe","author":"Francisco Javier Fern\u00e1ndez Chento","date":"02\/05\/2013","format":false,"excerpt":"En la carta de convocatoria del A\u00f1o de la Fe, \"Porta fidei\", Benedicto XVI invitaba a \"las comunidades religiosas, as\u00ed como a las parroquiales, y a todas las realidades eclesiales antiguas y nuevas (...) a profesar p\u00fablicamente el Credo. Deseamos \u2013dice\u2013 que este A\u00f1o suscite en todo creyente la aspiraci\u00f3n\u2026","rel":"","context":"En \u00abFormaci\u00f3n Cristiana\u00bb","block_context":{"text":"Formaci\u00f3n Cristiana","link":"http:\/\/vincentians.com\/es\/category\/formacion-cristiana\/"},"img":{"alt_text":"credo","src":"https:\/\/i0.wp.com\/vicencianos.org\/wp-content\/2013\/05\/credo-240x300.jpg?resize=350%2C200","width":350,"height":200},"classes":[]},{"id":142933,"url":"http:\/\/vincentians.com\/es\/2o-domingo-de-pascua-reflexion-de-jose-cervantes-gabarron-3\/","url_meta":{"origin":400830,"position":3},"title":"2\u00ba Domingo de Pascua (reflexi\u00f3n de Jos\u00e9 Cervantes Gabarr\u00f3n)","author":"Francisco Javier Fern\u00e1ndez Chento","date":"11\/04\/2015","format":false,"excerpt":"La gran alegr\u00eda de Cristo Resucitado En estas fiestas de Pascua la Iglesia celebra la gran alegr\u00eda de la resurrecci\u00f3n de Jesucristo. El evangelio de Juan en la liturgia dominical anuncia la presencia de\u00a0Cristo Resucitado\u00a0en la vida humana y el mensaje se centra en la\u00a0doble aparici\u00f3n del resucitado a los\u2026","rel":"","context":"En \u00abHomil\u00edas y reflexiones, A\u00f1o B\u00bb","block_context":{"text":"Homil\u00edas y reflexiones, A\u00f1o B","link":"http:\/\/vincentians.com\/es\/category\/homilias-y-reflexiones-a-la-palabra-de-dios\/homilias-y-reflexiones-ano-b\/"},"img":{"alt_text":"","src":"https:\/\/i0.wp.com\/vincentians.com\/es\/wp-content\/uploads\/sites\/11\/2016\/07\/reflexiones-palabra-de-dios.jpg?fit=1200%2C630&resize=350%2C200","width":350,"height":200,"srcset":"https:\/\/i0.wp.com\/vincentians.com\/es\/wp-content\/uploads\/sites\/11\/2016\/07\/reflexiones-palabra-de-dios.jpg?fit=1200%2C630&resize=350%2C200 1x, https:\/\/i0.wp.com\/vincentians.com\/es\/wp-content\/uploads\/sites\/11\/2016\/07\/reflexiones-palabra-de-dios.jpg?fit=1200%2C630&resize=525%2C300 1.5x, https:\/\/i0.wp.com\/vincentians.com\/es\/wp-content\/uploads\/sites\/11\/2016\/07\/reflexiones-palabra-de-dios.jpg?fit=1200%2C630&resize=700%2C400 2x, https:\/\/i0.wp.com\/vincentians.com\/es\/wp-content\/uploads\/sites\/11\/2016\/07\/reflexiones-palabra-de-dios.jpg?fit=1200%2C630&resize=1050%2C600 3x"},"classes":[]},{"id":387341,"url":"http:\/\/vincentians.com\/es\/pentecostes-reflexion-de-jose-cervantes-gabarron-2\/","url_meta":{"origin":400830,"position":4},"title":"Pentecost\u00e9s (reflexi\u00f3n de Jos\u00e9 Cervantes Gabarr\u00f3n)","author":"Francisco Javier Fern\u00e1ndez Chento","date":"23\/05\/2015","format":false,"excerpt":"Oscar Romero, beatificado, testigo del Esp\u00edritu Santo Este s\u00e1bado, d\u00eda 23 de Mayo, se ha celebrado en la ciudad de San Salvador la beatificaci\u00f3n de Monse\u00f1or Oscar Romero. A los treinta y cinco a\u00f1os de su asesinato en El Salvador, la Iglesia universal proclama oficialmente lo que ha sido una\u2026","rel":"","context":"En \u00abHomil\u00edas y reflexiones, A\u00f1o B\u00bb","block_context":{"text":"Homil\u00edas y reflexiones, A\u00f1o B","link":"http:\/\/vincentians.com\/es\/category\/homilias-y-reflexiones-a-la-palabra-de-dios\/homilias-y-reflexiones-ano-b\/"},"img":{"alt_text":"","src":"https:\/\/i0.wp.com\/vincentians.com\/es\/wp-content\/uploads\/sites\/11\/2016\/07\/reflexiones-palabra-de-dios.jpg?fit=1200%2C630&resize=350%2C200","width":350,"height":200,"srcset":"https:\/\/i0.wp.com\/vincentians.com\/es\/wp-content\/uploads\/sites\/11\/2016\/07\/reflexiones-palabra-de-dios.jpg?fit=1200%2C630&resize=350%2C200 1x, https:\/\/i0.wp.com\/vincentians.com\/es\/wp-content\/uploads\/sites\/11\/2016\/07\/reflexiones-palabra-de-dios.jpg?fit=1200%2C630&resize=525%2C300 1.5x, https:\/\/i0.wp.com\/vincentians.com\/es\/wp-content\/uploads\/sites\/11\/2016\/07\/reflexiones-palabra-de-dios.jpg?fit=1200%2C630&resize=700%2C400 2x, https:\/\/i0.wp.com\/vincentians.com\/es\/wp-content\/uploads\/sites\/11\/2016\/07\/reflexiones-palabra-de-dios.jpg?fit=1200%2C630&resize=1050%2C600 3x"},"classes":[]},{"id":386805,"url":"http:\/\/vincentians.com\/es\/5o-domingo-de-t-o-reflexion-de-la-s-s-v-p-en-estados-unidos\/","url_meta":{"origin":400830,"position":5},"title":"5\u00ba Domingo de T.O. (reflexi\u00f3n de la S.S.V.P. en Estados Unidos)","author":"Francisco Javier Fern\u00e1ndez Chento","date":"06\/02\/2016","format":false,"excerpt":"Evangelio: (San Lucas 5: 1-11) Cuando termin\u00f3 de hablar, Jes\u00fas dijo a Sim\u00f3n, \u201cLleva la barca mar adentro y echen las redes para pescar.\u201d Sim\u00f3n respondi\u00f3: \u201cMaestro, por mas que lo hicimos durante toda la noche, no pescamos nada, pero si t\u00fa lo dices, echar\u00e9 las redes.\u201d As\u00ed lo hicieron,\u2026","rel":"","context":"En \u00abHomil\u00edas y reflexiones, A\u00f1o C\u00bb","block_context":{"text":"Homil\u00edas y reflexiones, A\u00f1o C","link":"http:\/\/vincentians.com\/es\/category\/homilias-y-reflexiones-a-la-palabra-de-dios\/homilias-y-reflexiones-ano-c\/"},"img":{"alt_text":"","src":"https:\/\/i0.wp.com\/vincentians.com\/es\/wp-content\/uploads\/sites\/11\/2016\/07\/reflexiones-palabra-de-dios.jpg?fit=1200%2C630&resize=350%2C200","width":350,"height":200,"srcset":"https:\/\/i0.wp.com\/vincentians.com\/es\/wp-content\/uploads\/sites\/11\/2016\/07\/reflexiones-palabra-de-dios.jpg?fit=1200%2C630&resize=350%2C200 1x, https:\/\/i0.wp.com\/vincentians.com\/es\/wp-content\/uploads\/sites\/11\/2016\/07\/reflexiones-palabra-de-dios.jpg?fit=1200%2C630&resize=525%2C300 1.5x, https:\/\/i0.wp.com\/vincentians.com\/es\/wp-content\/uploads\/sites\/11\/2016\/07\/reflexiones-palabra-de-dios.jpg?fit=1200%2C630&resize=700%2C400 2x, https:\/\/i0.wp.com\/vincentians.com\/es\/wp-content\/uploads\/sites\/11\/2016\/07\/reflexiones-palabra-de-dios.jpg?fit=1200%2C630&resize=1050%2C600 3x"},"classes":[]}],"_links":{"self":[{"href":"http:\/\/vincentians.com\/es\/wp-json\/wp\/v2\/posts\/400830","targetHints":{"allow":["GET"]}}],"collection":[{"href":"http:\/\/vincentians.com\/es\/wp-json\/wp\/v2\/posts"}],"about":[{"href":"http:\/\/vincentians.com\/es\/wp-json\/wp\/v2\/types\/post"}],"author":[{"embeddable":true,"href":"http:\/\/vincentians.com\/es\/wp-json\/wp\/v2\/users\/3"}],"replies":[{"embeddable":true,"href":"http:\/\/vincentians.com\/es\/wp-json\/wp\/v2\/comments?post=400830"}],"version-history":[{"count":3,"href":"http:\/\/vincentians.com\/es\/wp-json\/wp\/v2\/posts\/400830\/revisions"}],"predecessor-version":[{"id":400834,"href":"http:\/\/vincentians.com\/es\/wp-json\/wp\/v2\/posts\/400830\/revisions\/400834"}],"wp:featuredmedia":[{"embeddable":true,"href":"http:\/\/vincentians.com\/es\/wp-json\/wp\/v2\/media\/388397"}],"wp:attachment":[{"href":"http:\/\/vincentians.com\/es\/wp-json\/wp\/v2\/media?parent=400830"}],"wp:term":[{"taxonomy":"category","embeddable":true,"href":"http:\/\/vincentians.com\/es\/wp-json\/wp\/v2\/categories?post=400830"},{"taxonomy":"post_tag","embeddable":true,"href":"http:\/\/vincentians.com\/es\/wp-json\/wp\/v2\/tags?post=400830"}],"curies":[{"name":"wp","href":"https:\/\/api.w.org\/{rel}","templated":true}]}}