{"id":399679,"date":"2016-08-21T18:00:44","date_gmt":"2016-08-21T16:00:44","guid":{"rendered":"http:\/\/vincentians.com\/es\/?p=399679"},"modified":"2016-08-21T07:48:30","modified_gmt":"2016-08-21T05:48:30","slug":"origen-las-cofradias-asociaciones-caridad","status":"publish","type":"post","link":"http:\/\/vincentians.com\/es\/origen-las-cofradias-asociaciones-caridad\/","title":{"rendered":"El origen de las Cofrad\u00edas o Asociaciones de Caridad"},"content":{"rendered":"<p>En agosto de 1617, Vicente de Pa\u00fal, con unos 37 a\u00f1os de edad, inici\u00f3 todo un movimiento que llega hasta nuestros d\u00edas.<\/p>\n<p>Habiendo sido nombrado p\u00e1rroco de Chatillon les Dombes (actualmente Chatillon sur Chalaronne) el 1\u00ba de agosto de este a\u00f1o, llega a su nueva parroquia que cuenta con 2.000 habitantes.<\/p>\n<p>Hasta poco tiempo antes, Chatillon hab\u00eda sido una regi\u00f3n de guerra y en 1617 bastantes edificios estaban destruidos; adem\u00e1s, muchas personas se hab\u00edan convertido al protestantismo<\/p>\n<p>Vicente, siendo p\u00e1rroco hizo una gran labor con los feligreses. Su serm\u00f3n principal era siempre el de la Caridad. Con este m\u00e9todo novedoso de ense\u00f1ar e invitar a la Caridad conduc\u00eda hacia Dios hasta los corazones m\u00e1s endurecidos.<\/p>\n<p>Al poco tiempo de haber llegado a Chatillon (el 20 de agosto), se le acercan unas personas avis\u00e1ndole de una fuerte necesidad que ten\u00eda una familia y esto propici\u00f3 un cambio fuerte tanto en su vida como en las personas que lo rodeaban.<\/p>\n<p>Dejemos que \u00e9l mismo nos lo cuente:<\/p>\n<p style=\"padding-left: 30px;\"><em>Esto me toc\u00f3 sensiblemente el coraz\u00f3n<\/em>.<\/p>\n<p style=\"padding-left: 30px;\"><em>\u201cSepan, pues, que, estando cerca de Lyon en una peque\u00f1a ciudad en donde la Providencia me hab\u00eda llevado para ser p\u00e1rroco, un domingo, como me estuviese preparando para celebrar la santa misa, vinieron a decirme que en una casa separada de las dem\u00e1s, a un cuarto de hora de all\u00ed, estaba todo el mundo enfermo, sin que quedase ni una sola persona para asistir a las otras, y todas en una necesidad que es imposible expresar. Esto me toc\u00f3 sensiblemente el coraz\u00f3n; no dej\u00e9 de decirlo en el serm\u00f3n con gran sentimiento, y Dios, tocando el coraz\u00f3n de los que me escuchaban, hizo que se sintieran todos movidos de compasi\u00f3n por aquellos pobres afligidos\u201d. <\/em>(Coste IX, 232).<\/p>\n<p>Por la tarde, Vicente, fue a visitar a aquellos enfermos y con sorpresa encontr\u00f3 por el camino multitud de mujeres que iban o ven\u00edan de visitar y de llevarles v\u00edveres. Como hac\u00eda calor, mucha gente se sentaba a lo largo de los senderos para descansar y refrescarse un poco. Aquello parec\u00eda una romer\u00eda. Vicente lleg\u00f3 y comprob\u00f3 por s\u00ed mismo la extrema necesidad de aquella pobre gente. Administr\u00f3 los sacramentos a los m\u00e1s graves. Vio tambi\u00e9n la cantidad de ayudas que los feligreses hab\u00edan aportado y reflexion\u00f3: <em>\u00abEstos pobres enfermos han recibido hoy de golpe, provisiones de sobra. Parte de ellas se les estropear\u00e1n, y ma\u00f1ana se encontrar\u00e1n en su primitivo estado. Esta caridad no est\u00e1 bien ordenada\u00bb<\/em><span id='easy-footnote-1-399679' class='easy-footnote-margin-adjust'><\/span><span class='easy-footnote'><a href='http:\/\/vincentians.com\/es\/origen-las-cofradias-asociaciones-caridad\/#easy-footnote-bottom-1-399679' title='ABELLY, LUIS, obispo de Rodez: &lt;em&gt;Vida de san Vicente de Paul, &lt;\/em&gt;Traducci\u00f3n del original franc\u00e9s en Ed. CEME, Salamanca 1994, L.1 c.10, p. 65'><sup>1<\/sup><\/a><\/span>. \u00a1Es necesario organizar la Caridad!<\/p>\n<p>Esa misma tarde Vicente pon\u00eda en marcha su proyecto; Tres d\u00edas despu\u00e9s, el mi\u00e9rcoles 23 de agosto, organizaba el primer grupo de mujeres piadosas del pueblo, que tocadas por la compasi\u00f3n las anim\u00f3 a crear una asociaci\u00f3n encarg\u00e1ndoles de ocuparse de los enfermos en sus casas<span id='easy-footnote-2-399679' class='easy-footnote-margin-adjust'><\/span><span class='easy-footnote'><a href='http:\/\/vincentians.com\/es\/origen-las-cofradias-asociaciones-caridad\/#easy-footnote-bottom-2-399679' title='SVP, X, 567.'><sup>2<\/sup><\/a><\/span>, entre ellas Francisca Baschet y se\u00f1ora de Chassaigne y Carlota de Brie, se\u00f1ora de Brunand.<\/p>\n<p>Vicente les regal\u00f3 un Reglamento provisional de la Asociaci\u00f3n {197 (XIV,125-126)} que hab\u00eda redactado \u00e9l mismo, con un objetivo claramente definido <strong>\u201cAsistir espiritual y corporalmente a los Pobres\u201d. <\/strong>Y se indica la raz\u00f3n: \u201cLa Caridad es la marca infalible de los verdaderos hijos de Dios\u201d. Al d\u00eda siguiente se compromet\u00edan a empezar la buena obra, realizando el servicio cada d\u00eda, una por orden de inscripci\u00f3n.<\/p>\n<p>El Reglamento provisional de agosto recog\u00eda tres elementos esenciales:<\/p>\n<ol>\n<li>Organizaci\u00f3n del servicio a realizar,<\/li>\n<li>Ayuda (en cuerpo y alma) a los enfermos en sus domicilios,<\/li>\n<li>Espiritualidad evang\u00e9lica fuerte y competencia profesional realizando el servicio con cuidado y ternura.<\/li>\n<\/ol>\n<p>Hab\u00eda nacido la primera Asociaci\u00f3n de Caridad, gracias a un toque de compasi\u00f3n en cadena alrededor de la Eucarist\u00eda: una mujer piadosa, el p\u00e1rroco y los feligreses&#8230;<\/p>\n<p>El hecho pone de relieve que la Eucarist\u00eda es fuente de caridad. Bien podemos afirmar que la Asociaci\u00f3n Internacional de Caridades ha nacido de la Eucarist\u00eda. En ella y por ella fue posible su organizaci\u00f3n para servir a los pobres.<\/p>\n<p>Con el obsequio del Reglamento oficial (m\u00e1s grande que el primero) hecho por San Vicente a las Damas de la Caridad de Chatillon, el Arzobispo de Lyon reconoce oficialmente la primera Caridad el 24 de noviembre de 1617, y se proclama el 8 de diciembre de 1617.<\/p>\n<h2><strong>Primer Reglamento del 23 de agosto de 1617 de las Cofrad\u00edas de la Caridad:<\/strong><\/h2>\n<p>Documento 197. Este documento que relata los <strong>comienzos de la Caridad de Chatill\u00f3n <\/strong>fue descubierto en la alcald\u00eda de Chatill\u00f3n en 1839. Vol X: Document #197 p. 567-568 (SV:X:567-568)<\/p>\n<blockquote><p>Jes\u00fas, Mar\u00eda.<\/p>\n<p>En el nombre del Padre, del Hijo y del Esp\u00edritu Santo. En el d\u00eda de hoy, 23 de agosto de 1617, las se\u00f1oras abajo mencionadas, se han asociado caritativamente para asistir a los pobres enfermos de la presente villa de Chatill\u00f3n, por turno, habiendo resuelto de com\u00fan acuerdo que una de ellas se har\u00e1 cargo, durante todo un d\u00eda solamente, de todos aquellos que hayan avisado; y conjuntamente, tener cuidado de prestarles ayuda. Se proponen dos fines, a saber: ayudar al cuerpo y al alma; al cuerpo dando alimentos, cuid\u00e1ndolos y al alma disponi\u00e9ndoles a bien morir a los que est\u00e1n para ello o a vivir cristianamente si se curan. Y porque <strong>la Madre de Dios es invocada y tomada como patrona para las cosas importantes, y todo resulte y redunde para gloria del buen Jes\u00fas, su Hijo, las dichas damas la toman como patrona y protectora de la obra <\/strong>y la piden humildemente que las proteja muy especialmente, como tambi\u00e9n a S. Mart\u00edn y S. Andr\u00e9s, verdaderos ejemplos de caridad, patronos de Chatill\u00f3n y comenzar\u00e1n, Dios mediante, a trabajar en esta buena obra, ma\u00f1ana, d\u00eda de la festividad de S. Bartolom\u00e9, seg\u00fan el orden en el que ellas est\u00e1n inscritas.<\/p>\n<p>En primer lugar, la Se\u00f1ora del Castillo, en su turno. La Se\u00f1orita de Brie, en el suyo. La Se\u00f1ora Philiberta, esposa del Se\u00f1or de los Hugonieres. Benita, la hija del Se\u00f1or Ennem\u00f3ndo Prost. La Se\u00f1ora Dionisia Beynier, esposa del Se\u00f1or Claudio Bouchour. Una de las hijas de la Se\u00f1ora Perra. La Se\u00f1ora Coleta. Finalmente la Se\u00f1orita de la Chassaigne. Despu\u00e9s de \u00e9sta la Se\u00f1ora del Castillo comenzar\u00e1 de nuevo los cuidados para otro turno y as\u00ed las otras, altern\u00e1ndose, seg\u00fan el orden establecido, teniendo en cuenta que, cuando una no pueda, por cualquier causa justa, darse a esta santa obra en su turno, lo dir\u00e1 y advertir\u00e1 el d\u00eda antes a la que le sigue, de esta su imposibilidad, con el fin de que la sustituya, encarg\u00e1ndose del servicio a los pobres en ese d\u00eda; lo que no se negar\u00e1 hacer, si puede, y haci\u00e9ndolo, ella quedar\u00e1 libre al d\u00eda siguiente en el que le corresponder\u00eda seg\u00fan el orden establecido. Es necesario pedir al buen Jes\u00fas que se mantenga dicho orden y que colme de bendiciones divinas a todos aquellos y aquellas que trabajan con sus manos o contribuyen con sus bienes para que se mantenga; como, sin duda, \u00c9l lo har\u00e1, porque \u00c9l mismo nos lo asegura por su propia boca en el terrible d\u00eda del juicio cuando oigan su voz dulce y agradable: c\u00f3mo ser\u00e1n aquellos que ayudan a los pobres: Venid benditos de mi Padre y poseed el reino que os tiene preparado desde los comienzos del mundo; o al contrario, aquellos que no se han preocupado, ser\u00e1n rechazados por \u00c9l con otras duras y temibles palabras: Malditos, apartaos de m\u00ed, id al fuego eterno que est\u00e1 preparado para el diablo y sus \u00e1ngeles. Al Dios Padre, Hijo y Esp\u00edritu Santo todo honor y gloria por los siglos de los siglos, Am\u00e9n.<\/p><\/blockquote>\n","protected":false},"excerpt":{"rendered":"<p>En agosto de 1617, Vicente de Pa\u00fal, con unos 37 a\u00f1os de edad, inici\u00f3 todo un movimiento que llega hasta nuestros d\u00edas. Habiendo sido nombrado p\u00e1rroco de Chatillon les Dombes (actualmente Chatillon sur Chalaronne) el &#8230; <a href=\"http:\/\/vincentians.com\/es\/origen-las-cofradias-asociaciones-caridad\/\" class=\"more-link\">Read More<\/a><\/p>\n","protected":false},"author":4,"featured_media":399680,"comment_status":"open","ping_status":"open","sticky":false,"template":"","format":"standard","meta":{"jetpack_post_was_ever_published":false,"_jetpack_newsletter_access":"","_jetpack_dont_email_post_to_subs":false,"_jetpack_newsletter_tier_id":0,"_jetpack_memberships_contains_paywalled_content":false,"_jetpack_memberships_contains_paid_content":false,"footnotes":"","jetpack_publicize_message":"","jetpack_publicize_feature_enabled":true,"jetpack_social_post_already_shared":true,"jetpack_social_options":{"image_generator_settings":{"template":"highway","default_image_id":0,"font":"","enabled":false},"version":2}},"categories":[17,401],"tags":[],"class_list":["post-399679","post","type-post","status-publish","format-standard","has-post-thumbnail","hentry","category-en-tiempos-de-vicente-de-paul","category-historia-de-la-asociacion-internacional-de-caridades"],"yoast_head":"<!-- This site is optimized with the Yoast SEO plugin v26.3 - https:\/\/yoast.com\/wordpress\/plugins\/seo\/ -->\n<title>El origen de las Cofrad\u00edas o Asociaciones de Caridad - Somos Vicencianos<\/title>\n<meta name=\"robots\" content=\"index, follow, max-snippet:-1, max-image-preview:large, max-video-preview:-1\" \/>\n<link rel=\"canonical\" href=\"http:\/\/vincentians.com\/es\/origen-las-cofradias-asociaciones-caridad\/\" \/>\n<meta property=\"og:locale\" content=\"es_ES\" \/>\n<meta property=\"og:type\" content=\"article\" \/>\n<meta property=\"og:title\" content=\"El origen de las Cofrad\u00edas o Asociaciones de Caridad - Somos Vicencianos\" \/>\n<meta property=\"og:description\" content=\"En agosto de 1617, Vicente de Pa\u00fal, con unos 37 a\u00f1os de edad, inici\u00f3 todo un movimiento que llega hasta nuestros d\u00edas. Habiendo sido nombrado p\u00e1rroco de Chatillon les Dombes (actualmente Chatillon sur Chalaronne) el ... Read More\" \/>\n<meta property=\"og:url\" content=\"http:\/\/vincentians.com\/es\/origen-las-cofradias-asociaciones-caridad\/\" \/>\n<meta property=\"og:site_name\" content=\"Somos Vicencianos\" \/>\n<meta property=\"article:publisher\" content=\"https:\/\/www.facebook.com\/WeAreVincentians\/\" \/>\n<meta property=\"article:author\" content=\"https:\/\/www.facebook.com\/JavierChento\" \/>\n<meta property=\"article:published_time\" content=\"2016-08-21T16:00:44+00:00\" \/>\n<meta property=\"og:image\" content=\"https:\/\/i0.wp.com\/vincentians.com\/es\/wp-content\/uploads\/sites\/11\/2016\/08\/cofradias-de-caridad.jpg?fit=1200%2C630\" \/>\n\t<meta property=\"og:image:width\" content=\"1200\" \/>\n\t<meta property=\"og:image:height\" content=\"630\" \/>\n\t<meta property=\"og:image:type\" content=\"image\/jpeg\" \/>\n<meta name=\"author\" content=\"Francisco Javier Fern\u00e1ndez Chento\" \/>\n<meta name=\"twitter:card\" content=\"summary_large_image\" \/>\n<meta name=\"twitter:creator\" content=\"@https:\/\/twitter.com\/javierchento\" \/>\n<meta name=\"twitter:site\" content=\"@WeVincentians\" \/>\n<meta name=\"twitter:label1\" content=\"Escrito por\" \/>\n\t<meta name=\"twitter:data1\" content=\"Francisco Javier Fern\u00e1ndez Chento\" \/>\n\t<meta name=\"twitter:label2\" content=\"Tiempo de lectura\" \/>\n\t<meta name=\"twitter:data2\" content=\"7 minutos\" \/>\n<script type=\"application\/ld+json\" class=\"yoast-schema-graph\">{\"@context\":\"https:\/\/schema.org\",\"@graph\":[{\"@type\":\"Article\",\"@id\":\"http:\/\/vincentians.com\/es\/origen-las-cofradias-asociaciones-caridad\/#article\",\"isPartOf\":{\"@id\":\"http:\/\/vincentians.com\/es\/origen-las-cofradias-asociaciones-caridad\/\"},\"author\":{\"name\":\"Francisco Javier Fern\u00e1ndez Chento\",\"@id\":\"https:\/\/vincentians.com\/es\/#\/schema\/person\/9623ef4d9aa3b2dfb8c061f1499288f2\"},\"headline\":\"El origen de las Cofrad\u00edas o Asociaciones de Caridad\",\"datePublished\":\"2016-08-21T16:00:44+00:00\",\"mainEntityOfPage\":{\"@id\":\"http:\/\/vincentians.com\/es\/origen-las-cofradias-asociaciones-caridad\/\"},\"wordCount\":1383,\"commentCount\":0,\"publisher\":{\"@id\":\"https:\/\/vincentians.com\/es\/#organization\"},\"image\":{\"@id\":\"http:\/\/vincentians.com\/es\/origen-las-cofradias-asociaciones-caridad\/#primaryimage\"},\"thumbnailUrl\":\"https:\/\/i0.wp.com\/vincentians.com\/es\/wp-content\/uploads\/sites\/11\/2016\/08\/cofradias-de-caridad.jpg?fit=1200%2C630\",\"articleSection\":[\"En tiempos de Vicente de Pa\u00fal\",\"Historia de la Asociaci\u00f3n Internacional de Caridades\"],\"inLanguage\":\"es\",\"potentialAction\":[{\"@type\":\"CommentAction\",\"name\":\"Comment\",\"target\":[\"http:\/\/vincentians.com\/es\/origen-las-cofradias-asociaciones-caridad\/#respond\"]}]},{\"@type\":\"WebPage\",\"@id\":\"http:\/\/vincentians.com\/es\/origen-las-cofradias-asociaciones-caridad\/\",\"url\":\"http:\/\/vincentians.com\/es\/origen-las-cofradias-asociaciones-caridad\/\",\"name\":\"El origen de las Cofrad\u00edas o Asociaciones de Caridad - Somos Vicencianos\",\"isPartOf\":{\"@id\":\"https:\/\/vincentians.com\/es\/#website\"},\"primaryImageOfPage\":{\"@id\":\"http:\/\/vincentians.com\/es\/origen-las-cofradias-asociaciones-caridad\/#primaryimage\"},\"image\":{\"@id\":\"http:\/\/vincentians.com\/es\/origen-las-cofradias-asociaciones-caridad\/#primaryimage\"},\"thumbnailUrl\":\"https:\/\/i0.wp.com\/vincentians.com\/es\/wp-content\/uploads\/sites\/11\/2016\/08\/cofradias-de-caridad.jpg?fit=1200%2C630\",\"datePublished\":\"2016-08-21T16:00:44+00:00\",\"breadcrumb\":{\"@id\":\"http:\/\/vincentians.com\/es\/origen-las-cofradias-asociaciones-caridad\/#breadcrumb\"},\"inLanguage\":\"es\",\"potentialAction\":[{\"@type\":\"ReadAction\",\"target\":[\"http:\/\/vincentians.com\/es\/origen-las-cofradias-asociaciones-caridad\/\"]}]},{\"@type\":\"ImageObject\",\"inLanguage\":\"es\",\"@id\":\"http:\/\/vincentians.com\/es\/origen-las-cofradias-asociaciones-caridad\/#primaryimage\",\"url\":\"https:\/\/i0.wp.com\/vincentians.com\/es\/wp-content\/uploads\/sites\/11\/2016\/08\/cofradias-de-caridad.jpg?fit=1200%2C630\",\"contentUrl\":\"https:\/\/i0.wp.com\/vincentians.com\/es\/wp-content\/uploads\/sites\/11\/2016\/08\/cofradias-de-caridad.jpg?fit=1200%2C630\",\"width\":1200,\"height\":630},{\"@type\":\"BreadcrumbList\",\"@id\":\"http:\/\/vincentians.com\/es\/origen-las-cofradias-asociaciones-caridad\/#breadcrumb\",\"itemListElement\":[{\"@type\":\"ListItem\",\"position\":1,\"name\":\"Portada\",\"item\":\"https:\/\/vincentians.com\/es\/\"},{\"@type\":\"ListItem\",\"position\":2,\"name\":\"El origen de las Cofrad\u00edas o Asociaciones de Caridad\"}]},{\"@type\":\"WebSite\",\"@id\":\"https:\/\/vincentians.com\/es\/#website\",\"url\":\"https:\/\/vincentians.com\/es\/\",\"name\":\"Somos Vicencianos\",\"description\":\"Know more to serve more\",\"publisher\":{\"@id\":\"https:\/\/vincentians.com\/es\/#organization\"},\"potentialAction\":[{\"@type\":\"SearchAction\",\"target\":{\"@type\":\"EntryPoint\",\"urlTemplate\":\"https:\/\/vincentians.com\/es\/?s={search_term_string}\"},\"query-input\":{\"@type\":\"PropertyValueSpecification\",\"valueRequired\":true,\"valueName\":\"search_term_string\"}}],\"inLanguage\":\"es\"},{\"@type\":\"Organization\",\"@id\":\"https:\/\/vincentians.com\/es\/#organization\",\"name\":\"The Vincentian Network\",\"url\":\"https:\/\/vincentians.com\/es\/\",\"logo\":{\"@type\":\"ImageObject\",\"inLanguage\":\"es\",\"@id\":\"https:\/\/vincentians.com\/es\/#\/schema\/logo\/image\/\",\"url\":\"https:\/\/i1.wp.com\/vincentians.com\/es\/wp-content\/uploads\/sites\/11\/2016\/06\/Vincentian-Network-logo-big.png?fit=778%2C778\",\"contentUrl\":\"https:\/\/i1.wp.com\/vincentians.com\/es\/wp-content\/uploads\/sites\/11\/2016\/06\/Vincentian-Network-logo-big.png?fit=778%2C778\",\"width\":778,\"height\":778,\"caption\":\"The Vincentian Network\"},\"image\":{\"@id\":\"https:\/\/vincentians.com\/es\/#\/schema\/logo\/image\/\"},\"sameAs\":[\"https:\/\/www.facebook.com\/WeAreVincentians\/\",\"https:\/\/x.com\/WeVincentians\"]},{\"@type\":\"Person\",\"@id\":\"https:\/\/vincentians.com\/es\/#\/schema\/person\/9623ef4d9aa3b2dfb8c061f1499288f2\",\"name\":\"Francisco Javier Fern\u00e1ndez Chento\",\"image\":{\"@type\":\"ImageObject\",\"inLanguage\":\"es\",\"@id\":\"https:\/\/vincentians.com\/es\/#\/schema\/person\/image\/\",\"url\":\"https:\/\/secure.gravatar.com\/avatar\/497d5cde87b4c3d097d0315953521681ba2cd523ee66e5077c3711f7021e65de?s=96&d=mm&r=g\",\"contentUrl\":\"https:\/\/secure.gravatar.com\/avatar\/497d5cde87b4c3d097d0315953521681ba2cd523ee66e5077c3711f7021e65de?s=96&d=mm&r=g\",\"caption\":\"Francisco Javier Fern\u00e1ndez Chento\"},\"description\":\"Director General y cofundador de La Red de Formaci\u00f3n Vicenciana. Javier es laico vicenciano, afiliado a la Congregaci\u00f3n de la Misi\u00f3n y miembro del Equipo de Misiones Populares de la provincia can\u00f3nica de Zaragoza (Espa\u00f1a) de la Congregaci\u00f3n de la Misi\u00f3n. Graduado en la Universidad Oberta de Catalunya con cuatro grados (Asistente de direcci\u00f3n, Gesti\u00f3n Administrativa, Recursos Humanos y Contabilidad Avanzada). Bil\u00edng\u00fce Espa\u00f1ol\/Ingl\u00e9s. gestiona y mantiene varias p\u00e1ginas web cristianas y vicencianas, incluida including La Red de Formaci\u00f3n Vicenciana, de la que es cofundador. Actualmente es responsable del \u00e1rea de Espa\u00f1ol de .famvin, la Red de Noticias de la Familia Vicenciana. Tambi\u00e9n es m\u00fasico cat\u00f3lico y ha editado varios discos. Es Director General y cofundador de Trovador, una reconocida compa\u00f1\u00eda discogr\u00e1fica critiana de Espa\u00f1a. Trabaja en las Tecnolog\u00edas de la Informaci\u00f3n, ofreciendo servicios de alojamiento, dise\u00f1o y mantenimiento Web, as\u00ed como asesoramiento, formaci\u00f3n y soluciones inform\u00e1ticas, gesti\u00f3n documental y digitalizaci\u00f3n de textos, edici\u00f3n y maquetaci\u00f3n de libros, revistas, flyers, etc.\",\"sameAs\":[\"http:\/\/chento.org\",\"https:\/\/www.facebook.com\/JavierChento\",\"https:\/\/x.com\/https:\/\/twitter.com\/javierchento\"],\"url\":\"http:\/\/vincentians.com\/es\/author\/chento\/\"}]}<\/script>\n<!-- \/ Yoast SEO plugin. -->","yoast_head_json":{"title":"El origen de las Cofrad\u00edas o Asociaciones de Caridad - Somos Vicencianos","robots":{"index":"index","follow":"follow","max-snippet":"max-snippet:-1","max-image-preview":"max-image-preview:large","max-video-preview":"max-video-preview:-1"},"canonical":"http:\/\/vincentians.com\/es\/origen-las-cofradias-asociaciones-caridad\/","og_locale":"es_ES","og_type":"article","og_title":"El origen de las Cofrad\u00edas o Asociaciones de Caridad - Somos Vicencianos","og_description":"En agosto de 1617, Vicente de Pa\u00fal, con unos 37 a\u00f1os de edad, inici\u00f3 todo un movimiento que llega hasta nuestros d\u00edas. Habiendo sido nombrado p\u00e1rroco de Chatillon les Dombes (actualmente Chatillon sur Chalaronne) el ... Read More","og_url":"http:\/\/vincentians.com\/es\/origen-las-cofradias-asociaciones-caridad\/","og_site_name":"Somos Vicencianos","article_publisher":"https:\/\/www.facebook.com\/WeAreVincentians\/","article_author":"https:\/\/www.facebook.com\/JavierChento","article_published_time":"2016-08-21T16:00:44+00:00","og_image":[{"width":1200,"height":630,"url":"https:\/\/i0.wp.com\/vincentians.com\/es\/wp-content\/uploads\/sites\/11\/2016\/08\/cofradias-de-caridad.jpg?fit=1200%2C630","type":"image\/jpeg"}],"author":"Francisco Javier Fern\u00e1ndez Chento","twitter_card":"summary_large_image","twitter_creator":"@https:\/\/twitter.com\/javierchento","twitter_site":"@WeVincentians","twitter_misc":{"Escrito por":"Francisco Javier Fern\u00e1ndez Chento","Tiempo de lectura":"7 minutos"},"schema":{"@context":"https:\/\/schema.org","@graph":[{"@type":"Article","@id":"http:\/\/vincentians.com\/es\/origen-las-cofradias-asociaciones-caridad\/#article","isPartOf":{"@id":"http:\/\/vincentians.com\/es\/origen-las-cofradias-asociaciones-caridad\/"},"author":{"name":"Francisco Javier Fern\u00e1ndez Chento","@id":"https:\/\/vincentians.com\/es\/#\/schema\/person\/9623ef4d9aa3b2dfb8c061f1499288f2"},"headline":"El origen de las Cofrad\u00edas o Asociaciones de Caridad","datePublished":"2016-08-21T16:00:44+00:00","mainEntityOfPage":{"@id":"http:\/\/vincentians.com\/es\/origen-las-cofradias-asociaciones-caridad\/"},"wordCount":1383,"commentCount":0,"publisher":{"@id":"https:\/\/vincentians.com\/es\/#organization"},"image":{"@id":"http:\/\/vincentians.com\/es\/origen-las-cofradias-asociaciones-caridad\/#primaryimage"},"thumbnailUrl":"https:\/\/i0.wp.com\/vincentians.com\/es\/wp-content\/uploads\/sites\/11\/2016\/08\/cofradias-de-caridad.jpg?fit=1200%2C630","articleSection":["En tiempos de Vicente de Pa\u00fal","Historia de la Asociaci\u00f3n Internacional de Caridades"],"inLanguage":"es","potentialAction":[{"@type":"CommentAction","name":"Comment","target":["http:\/\/vincentians.com\/es\/origen-las-cofradias-asociaciones-caridad\/#respond"]}]},{"@type":"WebPage","@id":"http:\/\/vincentians.com\/es\/origen-las-cofradias-asociaciones-caridad\/","url":"http:\/\/vincentians.com\/es\/origen-las-cofradias-asociaciones-caridad\/","name":"El origen de las Cofrad\u00edas o Asociaciones de Caridad - Somos Vicencianos","isPartOf":{"@id":"https:\/\/vincentians.com\/es\/#website"},"primaryImageOfPage":{"@id":"http:\/\/vincentians.com\/es\/origen-las-cofradias-asociaciones-caridad\/#primaryimage"},"image":{"@id":"http:\/\/vincentians.com\/es\/origen-las-cofradias-asociaciones-caridad\/#primaryimage"},"thumbnailUrl":"https:\/\/i0.wp.com\/vincentians.com\/es\/wp-content\/uploads\/sites\/11\/2016\/08\/cofradias-de-caridad.jpg?fit=1200%2C630","datePublished":"2016-08-21T16:00:44+00:00","breadcrumb":{"@id":"http:\/\/vincentians.com\/es\/origen-las-cofradias-asociaciones-caridad\/#breadcrumb"},"inLanguage":"es","potentialAction":[{"@type":"ReadAction","target":["http:\/\/vincentians.com\/es\/origen-las-cofradias-asociaciones-caridad\/"]}]},{"@type":"ImageObject","inLanguage":"es","@id":"http:\/\/vincentians.com\/es\/origen-las-cofradias-asociaciones-caridad\/#primaryimage","url":"https:\/\/i0.wp.com\/vincentians.com\/es\/wp-content\/uploads\/sites\/11\/2016\/08\/cofradias-de-caridad.jpg?fit=1200%2C630","contentUrl":"https:\/\/i0.wp.com\/vincentians.com\/es\/wp-content\/uploads\/sites\/11\/2016\/08\/cofradias-de-caridad.jpg?fit=1200%2C630","width":1200,"height":630},{"@type":"BreadcrumbList","@id":"http:\/\/vincentians.com\/es\/origen-las-cofradias-asociaciones-caridad\/#breadcrumb","itemListElement":[{"@type":"ListItem","position":1,"name":"Portada","item":"https:\/\/vincentians.com\/es\/"},{"@type":"ListItem","position":2,"name":"El origen de las Cofrad\u00edas o Asociaciones de Caridad"}]},{"@type":"WebSite","@id":"https:\/\/vincentians.com\/es\/#website","url":"https:\/\/vincentians.com\/es\/","name":"Somos Vicencianos","description":"Know more to serve more","publisher":{"@id":"https:\/\/vincentians.com\/es\/#organization"},"potentialAction":[{"@type":"SearchAction","target":{"@type":"EntryPoint","urlTemplate":"https:\/\/vincentians.com\/es\/?s={search_term_string}"},"query-input":{"@type":"PropertyValueSpecification","valueRequired":true,"valueName":"search_term_string"}}],"inLanguage":"es"},{"@type":"Organization","@id":"https:\/\/vincentians.com\/es\/#organization","name":"The Vincentian Network","url":"https:\/\/vincentians.com\/es\/","logo":{"@type":"ImageObject","inLanguage":"es","@id":"https:\/\/vincentians.com\/es\/#\/schema\/logo\/image\/","url":"https:\/\/i1.wp.com\/vincentians.com\/es\/wp-content\/uploads\/sites\/11\/2016\/06\/Vincentian-Network-logo-big.png?fit=778%2C778","contentUrl":"https:\/\/i1.wp.com\/vincentians.com\/es\/wp-content\/uploads\/sites\/11\/2016\/06\/Vincentian-Network-logo-big.png?fit=778%2C778","width":778,"height":778,"caption":"The Vincentian Network"},"image":{"@id":"https:\/\/vincentians.com\/es\/#\/schema\/logo\/image\/"},"sameAs":["https:\/\/www.facebook.com\/WeAreVincentians\/","https:\/\/x.com\/WeVincentians"]},{"@type":"Person","@id":"https:\/\/vincentians.com\/es\/#\/schema\/person\/9623ef4d9aa3b2dfb8c061f1499288f2","name":"Francisco Javier Fern\u00e1ndez Chento","image":{"@type":"ImageObject","inLanguage":"es","@id":"https:\/\/vincentians.com\/es\/#\/schema\/person\/image\/","url":"https:\/\/secure.gravatar.com\/avatar\/497d5cde87b4c3d097d0315953521681ba2cd523ee66e5077c3711f7021e65de?s=96&d=mm&r=g","contentUrl":"https:\/\/secure.gravatar.com\/avatar\/497d5cde87b4c3d097d0315953521681ba2cd523ee66e5077c3711f7021e65de?s=96&d=mm&r=g","caption":"Francisco Javier Fern\u00e1ndez Chento"},"description":"Director General y cofundador de La Red de Formaci\u00f3n Vicenciana. Javier es laico vicenciano, afiliado a la Congregaci\u00f3n de la Misi\u00f3n y miembro del Equipo de Misiones Populares de la provincia can\u00f3nica de Zaragoza (Espa\u00f1a) de la Congregaci\u00f3n de la Misi\u00f3n. Graduado en la Universidad Oberta de Catalunya con cuatro grados (Asistente de direcci\u00f3n, Gesti\u00f3n Administrativa, Recursos Humanos y Contabilidad Avanzada). Bil\u00edng\u00fce Espa\u00f1ol\/Ingl\u00e9s. gestiona y mantiene varias p\u00e1ginas web cristianas y vicencianas, incluida including La Red de Formaci\u00f3n Vicenciana, de la que es cofundador. Actualmente es responsable del \u00e1rea de Espa\u00f1ol de .famvin, la Red de Noticias de la Familia Vicenciana. Tambi\u00e9n es m\u00fasico cat\u00f3lico y ha editado varios discos. Es Director General y cofundador de Trovador, una reconocida compa\u00f1\u00eda discogr\u00e1fica critiana de Espa\u00f1a. Trabaja en las Tecnolog\u00edas de la Informaci\u00f3n, ofreciendo servicios de alojamiento, dise\u00f1o y mantenimiento Web, as\u00ed como asesoramiento, formaci\u00f3n y soluciones inform\u00e1ticas, gesti\u00f3n documental y digitalizaci\u00f3n de textos, edici\u00f3n y maquetaci\u00f3n de libros, revistas, flyers, etc.","sameAs":["http:\/\/chento.org","https:\/\/www.facebook.com\/JavierChento","https:\/\/x.com\/https:\/\/twitter.com\/javierchento"],"url":"http:\/\/vincentians.com\/es\/author\/chento\/"}]}},"jetpack_publicize_connections":[],"jetpack_featured_media_url":"https:\/\/i0.wp.com\/vincentians.com\/es\/wp-content\/uploads\/sites\/11\/2016\/08\/cofradias-de-caridad.jpg?fit=1200%2C630","jetpack_sharing_enabled":true,"jetpack_shortlink":"https:\/\/wp.me\/p7ETMF-1FYr","jetpack-related-posts":[{"id":117063,"url":"http:\/\/vincentians.com\/es\/hace-350-anos-san-vicente-encontro-su-vocacion-y-la-nuestra\/","url_meta":{"origin":399679,"position":0},"title":"Hace 350 a\u00f1os San Vicente encontr\u00f3 su vocaci\u00f3n y la nuestra","author":"Francisco Javier Fern\u00e1ndez Chento","date":"26\/02\/2013","format":false,"excerpt":"No parece conveniente que pase en silencio la fecha clave de 1617 en la vida de San Vicente y de su Misi\u00f3n en la Iglesia y el mundo. Enero de 1917. \"Dios env\u00eda al Sr. Vicente una se\u00f1al de su vo\u00adcaci\u00f3n\". Un anciano colono de los Sres. de Gond\u00ed se\u2026","rel":"","context":"En \u00abEn tiempos de Vicente de Pa\u00fal\u00bb","block_context":{"text":"En tiempos de Vicente de Pa\u00fal","link":"http:\/\/vincentians.com\/es\/category\/historia-de-la-familia-vicenciana\/en-tiempos-de-vicente-de-paul\/"},"img":{"alt_text":"coraz\u00f3n","src":"https:\/\/i0.wp.com\/vicencianos.org\/wp-content\/2012\/09\/coraz%C3%B3n.jpg?resize=350%2C200","width":350,"height":200},"classes":[]},{"id":119707,"url":"http:\/\/vincentians.com\/es\/el-senor-vicente-relee-su-vida-chatillon\/","url_meta":{"origin":399679,"position":1},"title":"El Se\u00f1or Vicente relee su vida: Ch\u00e2tillon","author":"Francisco Javier Fern\u00e1ndez Chento","date":"25\/03\/2022","format":false,"excerpt":"En los mismos inicios de 1617, yo quer\u00eda darme plenamente a la evangelizaci\u00f3n, ahora bien era dif\u00edcil de llevar al mismo tiempo el cargo de preceptor, de capell\u00e1n personal de la Se\u00f1ora de Gondi y el de pastor. El Padre de B\u00e9rulle me propon\u00eda este curato de Buenens y Ch\u00e2tillon.\u2026","rel":"","context":"En \u00abVicente de Pa\u00fal\u00bb","block_context":{"text":"Vicente de Pa\u00fal","link":"http:\/\/vincentians.com\/es\/category\/la-familia-vicenciana\/fundadores\/vicente-de-paul\/"},"img":{"alt_text":"","src":"https:\/\/i0.wp.com\/vincentians.com\/es\/wp-content\/uploads\/sites\/11\/2013\/04\/e-4.jpg?fit=976%2C570&resize=350%2C200","width":350,"height":200,"srcset":"https:\/\/i0.wp.com\/vincentians.com\/es\/wp-content\/uploads\/sites\/11\/2013\/04\/e-4.jpg?fit=976%2C570&resize=350%2C200 1x, https:\/\/i0.wp.com\/vincentians.com\/es\/wp-content\/uploads\/sites\/11\/2013\/04\/e-4.jpg?fit=976%2C570&resize=525%2C300 1.5x, https:\/\/i0.wp.com\/vincentians.com\/es\/wp-content\/uploads\/sites\/11\/2013\/04\/e-4.jpg?fit=976%2C570&resize=700%2C400 2x"},"classes":[]},{"id":101423,"url":"http:\/\/vincentians.com\/es\/vida-del-senor-vicente-de-paul-capitulo-3-2\/","url_meta":{"origin":399679,"position":2},"title":"Vida del Se\u00f1or Vicente de Pa\u00fal: Cap\u00edtulo 3","author":"Francisco Javier Fern\u00e1ndez Chento","date":"14\/05\/2015","format":false,"excerpt":"3 No sepult\u00f3 su vida para siempre en Chatillon el se\u00f1or Vicente. Esa era su intenci\u00f3n, pero con frecuencia el hombre propone y la mujer dispone. Vicente debi\u00f3 de llegar a Chatillon en marzo o abril de 1617. Para Navidad del mismo a\u00f1o estaba de vuelta en casa de los\u2026","rel":"","context":"En \u00abVicente de Pa\u00fal\u00bb","block_context":{"text":"Vicente de Pa\u00fal","link":"http:\/\/vincentians.com\/es\/category\/la-familia-vicenciana\/fundadores\/vicente-de-paul\/"},"img":{"alt_text":"sanvibiblia","src":"https:\/\/i0.wp.com\/vicencianos.org\/wp-content\/2012\/08\/sanvibiblia-300x300.png?resize=350%2C200","width":350,"height":200},"classes":[]},{"id":387854,"url":"http:\/\/vincentians.com\/es\/san-vicente-amigo-de-los-pobres-anos-de-busqueda-1613-1617\/","url_meta":{"origin":399679,"position":3},"title":"San Vicente: Amigo de los pobres: a\u00f1os de b\u00fasqueda (1613-1617)","author":"Mitxel Olabu\u00e9naga","date":"12\/10\/2016","format":false,"excerpt":"El se\u00f1or Vicente abandona Clichy El pueblo de Clichy guard\u00f3 siempre un grato recuerdo del mejor de sus p\u00e1rrocos. Pero, cuando m\u00e1s entusiasmado estaba \u00e9ste en sus proyectos, le lleg\u00f3 una carta de Berulle: Deb\u00eda cam\u00adbiar sus actividades. El director espiritual le ped\u00eda que volviera a Par\u00eds. Argumenta\u00adba que ser\u00eda\u2026","rel":"","context":"En \u00abFormaci\u00f3n Vicenciana\u00bb","block_context":{"text":"Formaci\u00f3n Vicenciana","link":"http:\/\/vincentians.com\/es\/category\/formacion-vicenciana\/"},"img":{"alt_text":"","src":"https:\/\/i0.wp.com\/vincentians.com\/es\/wp-content\/uploads\/sites\/11\/2016\/07\/st-vincent-de-paul.jpg?fit=1200%2C630&resize=350%2C200","width":350,"height":200,"srcset":"https:\/\/i0.wp.com\/vincentians.com\/es\/wp-content\/uploads\/sites\/11\/2016\/07\/st-vincent-de-paul.jpg?fit=1200%2C630&resize=350%2C200 1x, https:\/\/i0.wp.com\/vincentians.com\/es\/wp-content\/uploads\/sites\/11\/2016\/07\/st-vincent-de-paul.jpg?fit=1200%2C630&resize=525%2C300 1.5x, https:\/\/i0.wp.com\/vincentians.com\/es\/wp-content\/uploads\/sites\/11\/2016\/07\/st-vincent-de-paul.jpg?fit=1200%2C630&resize=700%2C400 2x, https:\/\/i0.wp.com\/vincentians.com\/es\/wp-content\/uploads\/sites\/11\/2016\/07\/st-vincent-de-paul.jpg?fit=1200%2C630&resize=1050%2C600 3x"},"classes":[]},{"id":125618,"url":"http:\/\/vincentians.com\/es\/san-vicente-de-paul-siervo-de-los-pobres-03\/","url_meta":{"origin":399679,"position":4},"title":"San Vicente de Pa\u00fal, siervo de los pobres (03)","author":"Francisco Javier Fern\u00e1ndez Chento","date":"28\/11\/2013","format":false,"excerpt":"III. Las Confraternidades de la Caridad P\u00e1rroco en Ch\u00e1tillon (1617) B\u00e9rolle asign\u00f3 a Vicente una parroquia bastante m\u00e1s importante: Ch\u00e1tillon-les-Dombes, una ciudad de 2000 almas, atravesada por el r\u00edo Chalaronne, sobre Li\u00f3n, en el l\u00edmite con la Savoya, entre bosques espesos y valles f\u00e9rtiles. All\u00ed la asistencia eclesi\u00e1stica estaba a\u2026","rel":"","context":"En \u00abVicente de Pa\u00fal\u00bb","block_context":{"text":"Vicente de Pa\u00fal","link":"http:\/\/vincentians.com\/es\/category\/la-familia-vicenciana\/fundadores\/vicente-de-paul\/"},"img":{"alt_text":"","src":"","width":0,"height":0},"classes":[]},{"id":134886,"url":"http:\/\/vincentians.com\/es\/de-las-caridades-a-las-hijas-de-la-caridad\/","url_meta":{"origin":399679,"position":5},"title":"De las \u00abCaridades\u00bb a las \u00abHijas de la Caridad\u00bb","author":"Francisco Javier Fern\u00e1ndez Chento","date":"27\/08\/2016","format":false,"excerpt":"Estamos en 1617. Dos experiencias particularmente significativas marcan la vida de Vicente de Pa\u00fal, y est\u00e1n en el origen de sus dos realizaciones revolucionarias: la experiencia de Gannes Folleville y la de Ch\u00e1tillon-les-Dombes. Nacido el 24 de abril de 1581 en Pouy (hoy San Vicente de Pa\u00fal) en las cercan\u00edas\u2026","rel":"","context":"En \u00abHijas de la Caridad\u00bb","block_context":{"text":"Hijas de la Caridad","link":"http:\/\/vincentians.com\/es\/category\/la-familia-vicenciana\/ramas\/hijas-de-la-caridad\/"},"img":{"alt_text":"","src":"https:\/\/i0.wp.com\/vincentians.com\/es\/wp-content\/uploads\/sites\/11\/2016\/08\/hijas-caridad.jpg?fit=1200%2C630&resize=350%2C200","width":350,"height":200,"srcset":"https:\/\/i0.wp.com\/vincentians.com\/es\/wp-content\/uploads\/sites\/11\/2016\/08\/hijas-caridad.jpg?fit=1200%2C630&resize=350%2C200 1x, https:\/\/i0.wp.com\/vincentians.com\/es\/wp-content\/uploads\/sites\/11\/2016\/08\/hijas-caridad.jpg?fit=1200%2C630&resize=525%2C300 1.5x, https:\/\/i0.wp.com\/vincentians.com\/es\/wp-content\/uploads\/sites\/11\/2016\/08\/hijas-caridad.jpg?fit=1200%2C630&resize=700%2C400 2x, https:\/\/i0.wp.com\/vincentians.com\/es\/wp-content\/uploads\/sites\/11\/2016\/08\/hijas-caridad.jpg?fit=1200%2C630&resize=1050%2C600 3x"},"classes":[]}],"_links":{"self":[{"href":"http:\/\/vincentians.com\/es\/wp-json\/wp\/v2\/posts\/399679","targetHints":{"allow":["GET"]}}],"collection":[{"href":"http:\/\/vincentians.com\/es\/wp-json\/wp\/v2\/posts"}],"about":[{"href":"http:\/\/vincentians.com\/es\/wp-json\/wp\/v2\/types\/post"}],"author":[{"embeddable":true,"href":"http:\/\/vincentians.com\/es\/wp-json\/wp\/v2\/users\/4"}],"replies":[{"embeddable":true,"href":"http:\/\/vincentians.com\/es\/wp-json\/wp\/v2\/comments?post=399679"}],"version-history":[{"count":0,"href":"http:\/\/vincentians.com\/es\/wp-json\/wp\/v2\/posts\/399679\/revisions"}],"wp:featuredmedia":[{"embeddable":true,"href":"http:\/\/vincentians.com\/es\/wp-json\/wp\/v2\/media\/399680"}],"wp:attachment":[{"href":"http:\/\/vincentians.com\/es\/wp-json\/wp\/v2\/media?parent=399679"}],"wp:term":[{"taxonomy":"category","embeddable":true,"href":"http:\/\/vincentians.com\/es\/wp-json\/wp\/v2\/categories?post=399679"},{"taxonomy":"post_tag","embeddable":true,"href":"http:\/\/vincentians.com\/es\/wp-json\/wp\/v2\/tags?post=399679"}],"curies":[{"name":"wp","href":"https:\/\/api.w.org\/{rel}","templated":true}]}}