{"id":399064,"date":"2016-10-04T04:00:05","date_gmt":"2016-10-04T02:00:05","guid":{"rendered":"http:\/\/vincentians.com\/es\/?p=399064"},"modified":"2016-08-11T10:45:55","modified_gmt":"2016-08-11T08:45:55","slug":"federico-ozanam-carta-0024-ernest-falconnet","status":"publish","type":"post","link":"http:\/\/vincentians.com\/es\/federico-ozanam-carta-0024-ernest-falconnet\/","title":{"rendered":"Federico Ozanam, Carta 0024: A Ernest Falconnet"},"content":{"rendered":"<p><em>Importancia de los conocimientos literarios y filos\u00f3ficos, cualquiera que sea la carrera que se adopte.<\/em><\/p>\n<p>Lyon, 24 de agosto de 1830.<\/p>\n<p>Se\u00f1or Ernest Falconnet,<\/p>\n<p>Pronto ser\u00e1n las diez, he desayunado bien, el est\u00f3mago est\u00e1 satisfecho, no tengo ning\u00fan mal, no tengo ninguna clase de necesidad, a mi alrededor todo est\u00e1 muy tranquilo, el esp\u00edritu est\u00e1 por ello tan libre como le es posible, tan libre como se necesita para escribir al alt\u00edsimo y poderoso se\u00f1or Claude Marie Ernest Falconnet, futuro bachiller.<\/p>\n<p>Y he aqu\u00ed que, en este momento, mi se\u00f1or gato se ha subido a mi hombro y, fijando el ojo sobre lo que estoy escribiendo, recibe una lecci\u00f3n de estilo epistolar.<\/p>\n<p>Pues bien, se\u00f1or m\u00edo, \u00bfc\u00f3mo est\u00e1 su preciosa salud? \u00bfQu\u00e9 ha sido de los dolores de cabeza? \u00bfC\u00f3mo se encuentra su ilustr\u00edsimo esp\u00edritu y su genio engendrador? \u00bfEs alegre, moroso, gozoso, triste? \u00bfEs la fantas\u00eda sombr\u00eda, rodeada de espesas nubes, o bien se inspira en las rientes campi\u00f1as de M\u00e2connais<a href=\"#_ftn1\" name=\"_ftnref1\"><sup><sup>[1]<\/sup><\/sup><\/a>? \u00bfLees algo al amigo Descartes? Sobre todo, \u00bflo meditas? \u00bfEmpiezas a convertirte en fil\u00f3sofo y a preguntarte por el porqu\u00e9 de las cosas? Ha llegado el momento de prepararse para el gran viaje de la vida, \u00e1nimo. En cuanto a m\u00ed, estoy lejos de saber qu\u00e9 carrera tendr\u00e9 que recorrer. He querido ser abogado y he tenido siempre la intenci\u00f3n de cultivar las letras y la filosof\u00eda. Pero hoy, cuando los sucesos est\u00e1n tan embrollados, \u00bfse puede saber qu\u00e9 suceder\u00e1? \u00bfQui\u00e9n me dice que, una de estas cuatro ma\u00f1anas, no me encontrar\u00e9, como mi se\u00f1or padre, en el puente de Arcole o en Lodi<a href=\"#_ftn2\" name=\"_ftnref2\"><sup><sup>[2]<\/sup><\/sup><\/a>, o tal vez en Londres, en Viena con el sable en la mano y la mochila a la espalda? Se habla tanto de guerras que, probablemente, acabar\u00e1n haci\u00e9ndola; creo, incluso, que es la \u00fanica salvaci\u00f3n de la patria, porque los esp\u00edritus est\u00e1n tan divididos, los partidos tan opuestos, las facciones tan distintas que va a hacer falta una guerra contra el extranjero para reunir los esp\u00edritus e impedir la guerra civil.<\/p>\n<p>En todo caso, venga lo que venga, yo no dejar\u00e9 por eso de seguir con mis estudios, porque, si alg\u00fan d\u00eda tengo que convertirme en un joven capit\u00e1n, no me ser\u00e1n in\u00fatiles. Todo el que contempla la filosof\u00eda con seriedad, y no la ve como un objeto de lujo, se da cuenta bien pronto de que la filosof\u00eda es \u00fatil en todos los estados, al soldado como al sacerdote.<\/p>\n<p>\u00bfQu\u00e9 hay m\u00e1s \u00fatil para el militar que el estudio de las lenguas? \u00bfNo estar\u00eda muy contento de saber alem\u00e1n e italiano si alguna vez me tocara guerrear en Italia o en Alemania? Por otro lado, nada m\u00e1s necesario a un militar que la religi\u00f3n y, en consecuencia, los estudios religiosos.<\/p>\n<p>Hasta la poes\u00eda tiene su utilidad para distraerse algunas veces, incluso en lo m\u00e1s duro de la guerra; la guerra es un hermoso tema de inspiraci\u00f3n; [David]<a href=\"#_ftn3\" name=\"_ftnref3\"><sup><sup>[3]<\/sup><\/sup><\/a> compon\u00eda sus cantos sublimes yendo a caballo y llevando las armas en la mano.<\/p>\n<p>As\u00ed que, como quiera que sea, yo sigo con mis estudios como de costumbre. He terminado mi idilio de Juana de Arco en Vaucouleurs, leo a mi Her\u00f3doto y mis mon\u00f3logos de [\u2026]<a href=\"#_ftn4\" name=\"_ftnref4\"><sup><sup>[4]<\/sup><\/sup><\/a> y, al mismo tiempo, la historia literaria de Italia de Ginguen\u00e9<a href=\"#_ftn5\" name=\"_ftnref5\"><sup><sup>[5]<\/sup><\/sup><\/a>, historia, en mi opini\u00f3n, llena de erudici\u00f3n, pero tambi\u00e9n superficial.<\/p>\n<p>Sigo, a la vez, con mis trabajos para nuestra obra futura. He encontrado cosas muy curiosas acerca de las creencias de los t\u00e1rtaros, sobre la Trinidad de la India, sobre la Trinidad egipcia: todo prueba hasta ahora a favor nuestro.<\/p>\n<p>Estoy tratando de adquirir algunos conocimientos preliminares sobre el s\u00e1nscrito que, ciertamente, tendremos que estudiar para poder llevar a cabo nuestro plan. Por lo que he visto hasta el presente, se parece mucho al griego, al alem\u00e1n, al lat\u00edn [\u2026]<a href=\"#_ftn6\" name=\"_ftnref6\"><sup><sup>[6]<\/sup><\/sup><\/a> de una veintena de palabras que he visto esas son las semejanzas que he encontrado, y encontrar\u00e9 sin duda muchas otras m\u00e1s adelante, pero todo eso es solo muy preliminar.<\/p>\n<p>Adi\u00f3s, mi querido amigo, quiere siempre a tu camarada.<\/p>\n<p>A.-F. Ozanam.<\/p>\n<p>Tengo que ponerme a estudiar esa terrible mitolog\u00eda hind\u00fa, que es extremadamente confusa. Trabaja firme sobre los celtas.<\/p>\n<p><em>Fuente: Archives Soci\u00e9t\u00e9 de Saint Vincent de Paul (copia). \u2022 Edici\u00f3n: LFO1, carta 20.<\/em><\/p>\n<p><a href=\"#_ftnref1\" name=\"_ftn1\"><sup><sup>[1]<\/sup><\/sup><\/a><sup>*<\/sup>\u00a0\u00a0\u00a0 Distrito situado al sur de la regi\u00f3n vitivin\u00edcola de Borgo\u00f1a, en Francia. Su nombre proviene de M\u00e2con<em>.<\/em><\/p>\n<p><a href=\"#_ftnref2\" name=\"_ftn2\"><sup><sup>[2]<\/sup><\/sup><\/a><sup>*<\/sup>\u00a0\u00a0\u00a0 Referencia a la participaci\u00f3n del padre de Federico, Jean-Antoine Ozanam, en las batallas del puente de Arcole (del 15 al 18 de noviembre de 1796) y del puente de Lodi (10 de mayo de 1796), que consolidaron el poder de Napole\u00f3n en Italia.<\/p>\n<p><a href=\"#_ftnref3\" name=\"_ftn3\"><sup><sup>[3]<\/sup><\/sup><\/a>\u00a0\u00a0\u00a0\u00a0\u00a0 Falta el nombre en la copia.<\/p>\n<p><a href=\"#_ftnref4\" name=\"_ftn4\"><sup><sup>[4]<\/sup><\/sup><\/a>\u00a0\u00a0\u00a0\u00a0\u00a0 Falta el nombre en la copia.<\/p>\n<p><a href=\"#_ftnref5\" name=\"_ftn5\"><sup><sup>[5]<\/sup><\/sup><\/a>\u00a0\u00a0\u00a0\u00a0\u00a0 <em>L\u2019Histoire litt\u00e9raire de l\u2019Italie<\/em> (La historia literaria de Italia) apareci\u00f3 de 1811 a 1835, en catorce vol\u00famenes. Pierre-Louis Ginguen\u00e9 (1748-1815) es el autor de los tomos del 1 al 12, los otros se deben a Franco Salfi (1759-1832).<\/p>\n<p><a href=\"#_ftnref6\" name=\"_ftn6\"><sup><sup>[6]<\/sup><\/sup><\/a>\u00a0\u00a0\u00a0\u00a0\u00a0 Laguna en la copia.<\/p>\n","protected":false},"excerpt":{"rendered":"<p>Importancia de los conocimientos literarios y filos\u00f3ficos, cualquiera que sea la carrera que se adopte. Lyon, 24 de agosto de 1830. Se\u00f1or Ernest Falconnet, Pronto ser\u00e1n las diez, he desayunado bien, el est\u00f3mago est\u00e1 satisfecho, &#8230; <a href=\"http:\/\/vincentians.com\/es\/federico-ozanam-carta-0024-ernest-falconnet\/\" class=\"more-link\">Read More<\/a><\/p>\n","protected":false},"author":4,"featured_media":393746,"comment_status":"open","ping_status":"open","sticky":false,"template":"","format":"standard","meta":{"jetpack_post_was_ever_published":false,"_jetpack_newsletter_access":"","_jetpack_dont_email_post_to_subs":false,"_jetpack_newsletter_tier_id":0,"_jetpack_memberships_contains_paywalled_content":false,"_jetpack_memberships_contains_paid_content":false,"footnotes":"","jetpack_publicize_message":"","jetpack_publicize_feature_enabled":true,"jetpack_social_post_already_shared":true,"jetpack_social_options":{"image_generator_settings":{"template":"highway","default_image_id":0,"font":"","enabled":false},"version":2}},"categories":[61],"tags":[],"class_list":["post-399064","post","type-post","status-publish","format-standard","has-post-thumbnail","hentry","category-escritos-de-federico-ozanam"],"yoast_head":"<!-- This site is optimized with the Yoast SEO plugin v26.3 - https:\/\/yoast.com\/wordpress\/plugins\/seo\/ -->\n<title>Federico Ozanam, Carta 0024: A Ernest Falconnet - Somos Vicencianos<\/title>\n<meta name=\"robots\" content=\"index, follow, max-snippet:-1, max-image-preview:large, max-video-preview:-1\" \/>\n<link rel=\"canonical\" href=\"https:\/\/vincentians.com\/es\/federico-ozanam-carta-0024-ernest-falconnet\/\" \/>\n<meta property=\"og:locale\" content=\"es_ES\" \/>\n<meta property=\"og:type\" content=\"article\" \/>\n<meta property=\"og:title\" content=\"Federico Ozanam, Carta 0024: A Ernest Falconnet - Somos Vicencianos\" \/>\n<meta property=\"og:description\" content=\"Importancia de los conocimientos literarios y filos\u00f3ficos, cualquiera que sea la carrera que se adopte. Lyon, 24 de agosto de 1830. Se\u00f1or Ernest Falconnet, Pronto ser\u00e1n las diez, he desayunado bien, el est\u00f3mago est\u00e1 satisfecho, ... Read More\" \/>\n<meta property=\"og:url\" content=\"https:\/\/vincentians.com\/es\/federico-ozanam-carta-0024-ernest-falconnet\/\" \/>\n<meta property=\"og:site_name\" content=\"Somos Vicencianos\" \/>\n<meta property=\"article:publisher\" content=\"https:\/\/www.facebook.com\/WeAreVincentians\/\" \/>\n<meta property=\"article:author\" content=\"https:\/\/www.facebook.com\/JavierChento\" \/>\n<meta property=\"article:published_time\" content=\"2016-10-04T02:00:05+00:00\" \/>\n<meta property=\"og:image\" content=\"https:\/\/i0.wp.com\/vincentians.com\/es\/wp-content\/uploads\/sites\/11\/2016\/07\/escritos-federico-ozanam.jpg?fit=1200%2C630&ssl=1\" \/>\n\t<meta property=\"og:image:width\" content=\"1200\" \/>\n\t<meta property=\"og:image:height\" content=\"630\" \/>\n\t<meta property=\"og:image:type\" content=\"image\/jpeg\" \/>\n<meta name=\"author\" content=\"Francisco Javier Fern\u00e1ndez Chento\" \/>\n<meta name=\"twitter:card\" content=\"summary_large_image\" \/>\n<meta name=\"twitter:creator\" content=\"@https:\/\/twitter.com\/javierchento\" \/>\n<meta name=\"twitter:site\" content=\"@WeVincentians\" \/>\n<meta name=\"twitter:label1\" content=\"Escrito por\" \/>\n\t<meta name=\"twitter:data1\" content=\"Francisco Javier Fern\u00e1ndez Chento\" \/>\n\t<meta name=\"twitter:label2\" content=\"Tiempo de lectura\" \/>\n\t<meta name=\"twitter:data2\" content=\"4 minutos\" \/>\n<script type=\"application\/ld+json\" class=\"yoast-schema-graph\">{\"@context\":\"https:\/\/schema.org\",\"@graph\":[{\"@type\":\"Article\",\"@id\":\"https:\/\/vincentians.com\/es\/federico-ozanam-carta-0024-ernest-falconnet\/#article\",\"isPartOf\":{\"@id\":\"https:\/\/vincentians.com\/es\/federico-ozanam-carta-0024-ernest-falconnet\/\"},\"author\":{\"name\":\"Francisco Javier Fern\u00e1ndez Chento\",\"@id\":\"http:\/\/vincentians.com\/es\/#\/schema\/person\/9623ef4d9aa3b2dfb8c061f1499288f2\"},\"headline\":\"Federico Ozanam, Carta 0024: A Ernest Falconnet\",\"datePublished\":\"2016-10-04T02:00:05+00:00\",\"mainEntityOfPage\":{\"@id\":\"https:\/\/vincentians.com\/es\/federico-ozanam-carta-0024-ernest-falconnet\/\"},\"wordCount\":884,\"commentCount\":0,\"publisher\":{\"@id\":\"http:\/\/vincentians.com\/es\/#organization\"},\"image\":{\"@id\":\"https:\/\/vincentians.com\/es\/federico-ozanam-carta-0024-ernest-falconnet\/#primaryimage\"},\"thumbnailUrl\":\"https:\/\/i0.wp.com\/vincentians.com\/es\/wp-content\/uploads\/sites\/11\/2016\/07\/escritos-federico-ozanam.jpg?fit=1200%2C630\",\"articleSection\":[\"Escritos de Federico Ozanam\"],\"inLanguage\":\"es\",\"potentialAction\":[{\"@type\":\"CommentAction\",\"name\":\"Comment\",\"target\":[\"https:\/\/vincentians.com\/es\/federico-ozanam-carta-0024-ernest-falconnet\/#respond\"]}]},{\"@type\":\"WebPage\",\"@id\":\"https:\/\/vincentians.com\/es\/federico-ozanam-carta-0024-ernest-falconnet\/\",\"url\":\"https:\/\/vincentians.com\/es\/federico-ozanam-carta-0024-ernest-falconnet\/\",\"name\":\"Federico Ozanam, Carta 0024: A Ernest Falconnet - Somos Vicencianos\",\"isPartOf\":{\"@id\":\"http:\/\/vincentians.com\/es\/#website\"},\"primaryImageOfPage\":{\"@id\":\"https:\/\/vincentians.com\/es\/federico-ozanam-carta-0024-ernest-falconnet\/#primaryimage\"},\"image\":{\"@id\":\"https:\/\/vincentians.com\/es\/federico-ozanam-carta-0024-ernest-falconnet\/#primaryimage\"},\"thumbnailUrl\":\"https:\/\/i0.wp.com\/vincentians.com\/es\/wp-content\/uploads\/sites\/11\/2016\/07\/escritos-federico-ozanam.jpg?fit=1200%2C630\",\"datePublished\":\"2016-10-04T02:00:05+00:00\",\"breadcrumb\":{\"@id\":\"https:\/\/vincentians.com\/es\/federico-ozanam-carta-0024-ernest-falconnet\/#breadcrumb\"},\"inLanguage\":\"es\",\"potentialAction\":[{\"@type\":\"ReadAction\",\"target\":[\"https:\/\/vincentians.com\/es\/federico-ozanam-carta-0024-ernest-falconnet\/\"]}]},{\"@type\":\"ImageObject\",\"inLanguage\":\"es\",\"@id\":\"https:\/\/vincentians.com\/es\/federico-ozanam-carta-0024-ernest-falconnet\/#primaryimage\",\"url\":\"https:\/\/i0.wp.com\/vincentians.com\/es\/wp-content\/uploads\/sites\/11\/2016\/07\/escritos-federico-ozanam.jpg?fit=1200%2C630\",\"contentUrl\":\"https:\/\/i0.wp.com\/vincentians.com\/es\/wp-content\/uploads\/sites\/11\/2016\/07\/escritos-federico-ozanam.jpg?fit=1200%2C630\",\"width\":1200,\"height\":630},{\"@type\":\"BreadcrumbList\",\"@id\":\"https:\/\/vincentians.com\/es\/federico-ozanam-carta-0024-ernest-falconnet\/#breadcrumb\",\"itemListElement\":[{\"@type\":\"ListItem\",\"position\":1,\"name\":\"Portada\",\"item\":\"http:\/\/vincentians.com\/es\/\"},{\"@type\":\"ListItem\",\"position\":2,\"name\":\"Federico Ozanam, Carta 0024: A Ernest Falconnet\"}]},{\"@type\":\"WebSite\",\"@id\":\"http:\/\/vincentians.com\/es\/#website\",\"url\":\"http:\/\/vincentians.com\/es\/\",\"name\":\"Somos Vicencianos\",\"description\":\"Know more to serve more\",\"publisher\":{\"@id\":\"http:\/\/vincentians.com\/es\/#organization\"},\"potentialAction\":[{\"@type\":\"SearchAction\",\"target\":{\"@type\":\"EntryPoint\",\"urlTemplate\":\"http:\/\/vincentians.com\/es\/?s={search_term_string}\"},\"query-input\":{\"@type\":\"PropertyValueSpecification\",\"valueRequired\":true,\"valueName\":\"search_term_string\"}}],\"inLanguage\":\"es\"},{\"@type\":\"Organization\",\"@id\":\"http:\/\/vincentians.com\/es\/#organization\",\"name\":\"The Vincentian Network\",\"url\":\"http:\/\/vincentians.com\/es\/\",\"logo\":{\"@type\":\"ImageObject\",\"inLanguage\":\"es\",\"@id\":\"http:\/\/vincentians.com\/es\/#\/schema\/logo\/image\/\",\"url\":\"https:\/\/i1.wp.com\/vincentians.com\/es\/wp-content\/uploads\/sites\/11\/2016\/06\/Vincentian-Network-logo-big.png?fit=778%2C778\",\"contentUrl\":\"https:\/\/i1.wp.com\/vincentians.com\/es\/wp-content\/uploads\/sites\/11\/2016\/06\/Vincentian-Network-logo-big.png?fit=778%2C778\",\"width\":778,\"height\":778,\"caption\":\"The Vincentian Network\"},\"image\":{\"@id\":\"http:\/\/vincentians.com\/es\/#\/schema\/logo\/image\/\"},\"sameAs\":[\"https:\/\/www.facebook.com\/WeAreVincentians\/\",\"https:\/\/x.com\/WeVincentians\"]},{\"@type\":\"Person\",\"@id\":\"http:\/\/vincentians.com\/es\/#\/schema\/person\/9623ef4d9aa3b2dfb8c061f1499288f2\",\"name\":\"Francisco Javier Fern\u00e1ndez Chento\",\"image\":{\"@type\":\"ImageObject\",\"inLanguage\":\"es\",\"@id\":\"http:\/\/vincentians.com\/es\/#\/schema\/person\/image\/\",\"url\":\"https:\/\/secure.gravatar.com\/avatar\/497d5cde87b4c3d097d0315953521681ba2cd523ee66e5077c3711f7021e65de?s=96&d=mm&r=g\",\"contentUrl\":\"https:\/\/secure.gravatar.com\/avatar\/497d5cde87b4c3d097d0315953521681ba2cd523ee66e5077c3711f7021e65de?s=96&d=mm&r=g\",\"caption\":\"Francisco Javier Fern\u00e1ndez Chento\"},\"description\":\"Director General y cofundador de La Red de Formaci\u00f3n Vicenciana. Javier es laico vicenciano, afiliado a la Congregaci\u00f3n de la Misi\u00f3n y miembro del Equipo de Misiones Populares de la provincia can\u00f3nica de Zaragoza (Espa\u00f1a) de la Congregaci\u00f3n de la Misi\u00f3n. Graduado en la Universidad Oberta de Catalunya con cuatro grados (Asistente de direcci\u00f3n, Gesti\u00f3n Administrativa, Recursos Humanos y Contabilidad Avanzada). Bil\u00edng\u00fce Espa\u00f1ol\/Ingl\u00e9s. gestiona y mantiene varias p\u00e1ginas web cristianas y vicencianas, incluida including La Red de Formaci\u00f3n Vicenciana, de la que es cofundador. Actualmente es responsable del \u00e1rea de Espa\u00f1ol de .famvin, la Red de Noticias de la Familia Vicenciana. Tambi\u00e9n es m\u00fasico cat\u00f3lico y ha editado varios discos. Es Director General y cofundador de Trovador, una reconocida compa\u00f1\u00eda discogr\u00e1fica critiana de Espa\u00f1a. Trabaja en las Tecnolog\u00edas de la Informaci\u00f3n, ofreciendo servicios de alojamiento, dise\u00f1o y mantenimiento Web, as\u00ed como asesoramiento, formaci\u00f3n y soluciones inform\u00e1ticas, gesti\u00f3n documental y digitalizaci\u00f3n de textos, edici\u00f3n y maquetaci\u00f3n de libros, revistas, flyers, etc.\",\"sameAs\":[\"http:\/\/chento.org\",\"https:\/\/www.facebook.com\/JavierChento\",\"https:\/\/x.com\/https:\/\/twitter.com\/javierchento\"],\"url\":\"http:\/\/vincentians.com\/es\/author\/chento\/\"}]}<\/script>\n<!-- \/ Yoast SEO plugin. -->","yoast_head_json":{"title":"Federico Ozanam, Carta 0024: A Ernest Falconnet - Somos Vicencianos","robots":{"index":"index","follow":"follow","max-snippet":"max-snippet:-1","max-image-preview":"max-image-preview:large","max-video-preview":"max-video-preview:-1"},"canonical":"https:\/\/vincentians.com\/es\/federico-ozanam-carta-0024-ernest-falconnet\/","og_locale":"es_ES","og_type":"article","og_title":"Federico Ozanam, Carta 0024: A Ernest Falconnet - Somos Vicencianos","og_description":"Importancia de los conocimientos literarios y filos\u00f3ficos, cualquiera que sea la carrera que se adopte. Lyon, 24 de agosto de 1830. Se\u00f1or Ernest Falconnet, Pronto ser\u00e1n las diez, he desayunado bien, el est\u00f3mago est\u00e1 satisfecho, ... Read More","og_url":"https:\/\/vincentians.com\/es\/federico-ozanam-carta-0024-ernest-falconnet\/","og_site_name":"Somos Vicencianos","article_publisher":"https:\/\/www.facebook.com\/WeAreVincentians\/","article_author":"https:\/\/www.facebook.com\/JavierChento","article_published_time":"2016-10-04T02:00:05+00:00","og_image":[{"width":1200,"height":630,"url":"https:\/\/i0.wp.com\/vincentians.com\/es\/wp-content\/uploads\/sites\/11\/2016\/07\/escritos-federico-ozanam.jpg?fit=1200%2C630&ssl=1","type":"image\/jpeg"}],"author":"Francisco Javier Fern\u00e1ndez Chento","twitter_card":"summary_large_image","twitter_creator":"@https:\/\/twitter.com\/javierchento","twitter_site":"@WeVincentians","twitter_misc":{"Escrito por":"Francisco Javier Fern\u00e1ndez Chento","Tiempo de lectura":"4 minutos"},"schema":{"@context":"https:\/\/schema.org","@graph":[{"@type":"Article","@id":"https:\/\/vincentians.com\/es\/federico-ozanam-carta-0024-ernest-falconnet\/#article","isPartOf":{"@id":"https:\/\/vincentians.com\/es\/federico-ozanam-carta-0024-ernest-falconnet\/"},"author":{"name":"Francisco Javier Fern\u00e1ndez Chento","@id":"http:\/\/vincentians.com\/es\/#\/schema\/person\/9623ef4d9aa3b2dfb8c061f1499288f2"},"headline":"Federico Ozanam, Carta 0024: A Ernest Falconnet","datePublished":"2016-10-04T02:00:05+00:00","mainEntityOfPage":{"@id":"https:\/\/vincentians.com\/es\/federico-ozanam-carta-0024-ernest-falconnet\/"},"wordCount":884,"commentCount":0,"publisher":{"@id":"http:\/\/vincentians.com\/es\/#organization"},"image":{"@id":"https:\/\/vincentians.com\/es\/federico-ozanam-carta-0024-ernest-falconnet\/#primaryimage"},"thumbnailUrl":"https:\/\/i0.wp.com\/vincentians.com\/es\/wp-content\/uploads\/sites\/11\/2016\/07\/escritos-federico-ozanam.jpg?fit=1200%2C630","articleSection":["Escritos de Federico Ozanam"],"inLanguage":"es","potentialAction":[{"@type":"CommentAction","name":"Comment","target":["https:\/\/vincentians.com\/es\/federico-ozanam-carta-0024-ernest-falconnet\/#respond"]}]},{"@type":"WebPage","@id":"https:\/\/vincentians.com\/es\/federico-ozanam-carta-0024-ernest-falconnet\/","url":"https:\/\/vincentians.com\/es\/federico-ozanam-carta-0024-ernest-falconnet\/","name":"Federico Ozanam, Carta 0024: A Ernest Falconnet - Somos Vicencianos","isPartOf":{"@id":"http:\/\/vincentians.com\/es\/#website"},"primaryImageOfPage":{"@id":"https:\/\/vincentians.com\/es\/federico-ozanam-carta-0024-ernest-falconnet\/#primaryimage"},"image":{"@id":"https:\/\/vincentians.com\/es\/federico-ozanam-carta-0024-ernest-falconnet\/#primaryimage"},"thumbnailUrl":"https:\/\/i0.wp.com\/vincentians.com\/es\/wp-content\/uploads\/sites\/11\/2016\/07\/escritos-federico-ozanam.jpg?fit=1200%2C630","datePublished":"2016-10-04T02:00:05+00:00","breadcrumb":{"@id":"https:\/\/vincentians.com\/es\/federico-ozanam-carta-0024-ernest-falconnet\/#breadcrumb"},"inLanguage":"es","potentialAction":[{"@type":"ReadAction","target":["https:\/\/vincentians.com\/es\/federico-ozanam-carta-0024-ernest-falconnet\/"]}]},{"@type":"ImageObject","inLanguage":"es","@id":"https:\/\/vincentians.com\/es\/federico-ozanam-carta-0024-ernest-falconnet\/#primaryimage","url":"https:\/\/i0.wp.com\/vincentians.com\/es\/wp-content\/uploads\/sites\/11\/2016\/07\/escritos-federico-ozanam.jpg?fit=1200%2C630","contentUrl":"https:\/\/i0.wp.com\/vincentians.com\/es\/wp-content\/uploads\/sites\/11\/2016\/07\/escritos-federico-ozanam.jpg?fit=1200%2C630","width":1200,"height":630},{"@type":"BreadcrumbList","@id":"https:\/\/vincentians.com\/es\/federico-ozanam-carta-0024-ernest-falconnet\/#breadcrumb","itemListElement":[{"@type":"ListItem","position":1,"name":"Portada","item":"http:\/\/vincentians.com\/es\/"},{"@type":"ListItem","position":2,"name":"Federico Ozanam, Carta 0024: A Ernest Falconnet"}]},{"@type":"WebSite","@id":"http:\/\/vincentians.com\/es\/#website","url":"http:\/\/vincentians.com\/es\/","name":"Somos Vicencianos","description":"Know more to serve more","publisher":{"@id":"http:\/\/vincentians.com\/es\/#organization"},"potentialAction":[{"@type":"SearchAction","target":{"@type":"EntryPoint","urlTemplate":"http:\/\/vincentians.com\/es\/?s={search_term_string}"},"query-input":{"@type":"PropertyValueSpecification","valueRequired":true,"valueName":"search_term_string"}}],"inLanguage":"es"},{"@type":"Organization","@id":"http:\/\/vincentians.com\/es\/#organization","name":"The Vincentian Network","url":"http:\/\/vincentians.com\/es\/","logo":{"@type":"ImageObject","inLanguage":"es","@id":"http:\/\/vincentians.com\/es\/#\/schema\/logo\/image\/","url":"https:\/\/i1.wp.com\/vincentians.com\/es\/wp-content\/uploads\/sites\/11\/2016\/06\/Vincentian-Network-logo-big.png?fit=778%2C778","contentUrl":"https:\/\/i1.wp.com\/vincentians.com\/es\/wp-content\/uploads\/sites\/11\/2016\/06\/Vincentian-Network-logo-big.png?fit=778%2C778","width":778,"height":778,"caption":"The Vincentian Network"},"image":{"@id":"http:\/\/vincentians.com\/es\/#\/schema\/logo\/image\/"},"sameAs":["https:\/\/www.facebook.com\/WeAreVincentians\/","https:\/\/x.com\/WeVincentians"]},{"@type":"Person","@id":"http:\/\/vincentians.com\/es\/#\/schema\/person\/9623ef4d9aa3b2dfb8c061f1499288f2","name":"Francisco Javier Fern\u00e1ndez Chento","image":{"@type":"ImageObject","inLanguage":"es","@id":"http:\/\/vincentians.com\/es\/#\/schema\/person\/image\/","url":"https:\/\/secure.gravatar.com\/avatar\/497d5cde87b4c3d097d0315953521681ba2cd523ee66e5077c3711f7021e65de?s=96&d=mm&r=g","contentUrl":"https:\/\/secure.gravatar.com\/avatar\/497d5cde87b4c3d097d0315953521681ba2cd523ee66e5077c3711f7021e65de?s=96&d=mm&r=g","caption":"Francisco Javier Fern\u00e1ndez Chento"},"description":"Director General y cofundador de La Red de Formaci\u00f3n Vicenciana. Javier es laico vicenciano, afiliado a la Congregaci\u00f3n de la Misi\u00f3n y miembro del Equipo de Misiones Populares de la provincia can\u00f3nica de Zaragoza (Espa\u00f1a) de la Congregaci\u00f3n de la Misi\u00f3n. Graduado en la Universidad Oberta de Catalunya con cuatro grados (Asistente de direcci\u00f3n, Gesti\u00f3n Administrativa, Recursos Humanos y Contabilidad Avanzada). Bil\u00edng\u00fce Espa\u00f1ol\/Ingl\u00e9s. gestiona y mantiene varias p\u00e1ginas web cristianas y vicencianas, incluida including La Red de Formaci\u00f3n Vicenciana, de la que es cofundador. Actualmente es responsable del \u00e1rea de Espa\u00f1ol de .famvin, la Red de Noticias de la Familia Vicenciana. Tambi\u00e9n es m\u00fasico cat\u00f3lico y ha editado varios discos. Es Director General y cofundador de Trovador, una reconocida compa\u00f1\u00eda discogr\u00e1fica critiana de Espa\u00f1a. Trabaja en las Tecnolog\u00edas de la Informaci\u00f3n, ofreciendo servicios de alojamiento, dise\u00f1o y mantenimiento Web, as\u00ed como asesoramiento, formaci\u00f3n y soluciones inform\u00e1ticas, gesti\u00f3n documental y digitalizaci\u00f3n de textos, edici\u00f3n y maquetaci\u00f3n de libros, revistas, flyers, etc.","sameAs":["http:\/\/chento.org","https:\/\/www.facebook.com\/JavierChento","https:\/\/x.com\/https:\/\/twitter.com\/javierchento"],"url":"http:\/\/vincentians.com\/es\/author\/chento\/"}]}},"jetpack_publicize_connections":[],"jetpack_featured_media_url":"https:\/\/i0.wp.com\/vincentians.com\/es\/wp-content\/uploads\/sites\/11\/2016\/07\/escritos-federico-ozanam.jpg?fit=1200%2C630","jetpack_sharing_enabled":true,"jetpack_shortlink":"https:\/\/wp.me\/p7ETMF-1FOw","jetpack-related-posts":[{"id":399082,"url":"http:\/\/vincentians.com\/es\/federico-ozanam-carta-0050-ernest-falconnet\/","url_meta":{"origin":399064,"position":0},"title":"Federico Ozanam, Carta 0050: A Ernest Falconnet","author":"Francisco Javier Fern\u00e1ndez Chento","date":"02\/12\/2016","format":false,"excerpt":"Intervenciones de estudiantes cat\u00f3licos en la Sorbona. Primeras lecciones del sacerdote Gerbet. Consideraciones sobre la necesidad de la monarqu\u00eda en Francia. Par\u00eds, 10 de febrero de 1832. No me reprendas, mi buen amigo, por lo mucho que me demoro en responderte; sobre todo, no pienses que se da ninguna especie\u2026","rel":"","context":"En \u00abEscritos de Federico Ozanam\u00bb","block_context":{"text":"Escritos de Federico Ozanam","link":"http:\/\/vincentians.com\/es\/category\/escritos\/escritos-de-federico-ozanam\/"},"img":{"alt_text":"","src":"https:\/\/i0.wp.com\/vincentians.com\/es\/wp-content\/uploads\/sites\/11\/2016\/07\/escritos-federico-ozanam.jpg?fit=1200%2C630&resize=350%2C200","width":350,"height":200,"srcset":"https:\/\/i0.wp.com\/vincentians.com\/es\/wp-content\/uploads\/sites\/11\/2016\/07\/escritos-federico-ozanam.jpg?fit=1200%2C630&resize=350%2C200 1x, https:\/\/i0.wp.com\/vincentians.com\/es\/wp-content\/uploads\/sites\/11\/2016\/07\/escritos-federico-ozanam.jpg?fit=1200%2C630&resize=525%2C300 1.5x, https:\/\/i0.wp.com\/vincentians.com\/es\/wp-content\/uploads\/sites\/11\/2016\/07\/escritos-federico-ozanam.jpg?fit=1200%2C630&resize=700%2C400 2x, https:\/\/i0.wp.com\/vincentians.com\/es\/wp-content\/uploads\/sites\/11\/2016\/07\/escritos-federico-ozanam.jpg?fit=1200%2C630&resize=1050%2C600 3x"},"classes":[]},{"id":399071,"url":"http:\/\/vincentians.com\/es\/federico-ozanam-carta-0045-ernest-falconnet\/","url_meta":{"origin":399064,"position":1},"title":"Federico Ozanam, Carta 0045: A Ernest Falconnet","author":"Francisco Javier Fern\u00e1ndez Chento","date":"22\/11\/2016","format":false,"excerpt":"Testimonios de amistad y an\u00e1lisis de las diferencias entre el pensamiento religioso de una sociedad patriarcal y de una sociedad teos\u00f3fica. Par\u00eds, 20 de noviembre de 1831. Mi querido Falconnet: Dice mam\u00e1 que, cuando estabas oyendo leer mi carta, te parec\u00edas a un hermano que oye leer una carta de\u2026","rel":"","context":"En \u00abEscritos de Federico Ozanam\u00bb","block_context":{"text":"Escritos de Federico Ozanam","link":"http:\/\/vincentians.com\/es\/category\/escritos\/escritos-de-federico-ozanam\/"},"img":{"alt_text":"","src":"https:\/\/i0.wp.com\/vincentians.com\/es\/wp-content\/uploads\/sites\/11\/2016\/07\/escritos-federico-ozanam.jpg?fit=1200%2C630&resize=350%2C200","width":350,"height":200,"srcset":"https:\/\/i0.wp.com\/vincentians.com\/es\/wp-content\/uploads\/sites\/11\/2016\/07\/escritos-federico-ozanam.jpg?fit=1200%2C630&resize=350%2C200 1x, https:\/\/i0.wp.com\/vincentians.com\/es\/wp-content\/uploads\/sites\/11\/2016\/07\/escritos-federico-ozanam.jpg?fit=1200%2C630&resize=525%2C300 1.5x, https:\/\/i0.wp.com\/vincentians.com\/es\/wp-content\/uploads\/sites\/11\/2016\/07\/escritos-federico-ozanam.jpg?fit=1200%2C630&resize=700%2C400 2x, https:\/\/i0.wp.com\/vincentians.com\/es\/wp-content\/uploads\/sites\/11\/2016\/07\/escritos-federico-ozanam.jpg?fit=1200%2C630&resize=1050%2C600 3x"},"classes":[]},{"id":399077,"url":"http:\/\/vincentians.com\/es\/federico-ozanam-carta-023-ernest-falconnet\/","url_meta":{"origin":399064,"position":2},"title":"Federico Ozanam, Carta 023: A Ernest Falconnet","author":"Francisco Javier Fern\u00e1ndez Chento","date":"30\/09\/2016","format":false,"excerpt":"Consejos a Falconnet para su salud, sus estudios y sus investigaciones hist\u00f3ricas comunes. Lyon, 28 de julio de 1830. Mi querido Falconnet: He recibido tu carta, que me ha agradado mucho. Lo \u00fanico que no me ha gustado es que tu salud no haya mejorado de una manera decisiva. Me\u2026","rel":"","context":"En \u00abEscritos de Federico Ozanam\u00bb","block_context":{"text":"Escritos de Federico Ozanam","link":"http:\/\/vincentians.com\/es\/category\/escritos\/escritos-de-federico-ozanam\/"},"img":{"alt_text":"","src":"https:\/\/i0.wp.com\/vincentians.com\/es\/wp-content\/uploads\/sites\/11\/2016\/07\/escritos-federico-ozanam.jpg?fit=1200%2C630&resize=350%2C200","width":350,"height":200,"srcset":"https:\/\/i0.wp.com\/vincentians.com\/es\/wp-content\/uploads\/sites\/11\/2016\/07\/escritos-federico-ozanam.jpg?fit=1200%2C630&resize=350%2C200 1x, https:\/\/i0.wp.com\/vincentians.com\/es\/wp-content\/uploads\/sites\/11\/2016\/07\/escritos-federico-ozanam.jpg?fit=1200%2C630&resize=525%2C300 1.5x, https:\/\/i0.wp.com\/vincentians.com\/es\/wp-content\/uploads\/sites\/11\/2016\/07\/escritos-federico-ozanam.jpg?fit=1200%2C630&resize=700%2C400 2x, https:\/\/i0.wp.com\/vincentians.com\/es\/wp-content\/uploads\/sites\/11\/2016\/07\/escritos-federico-ozanam.jpg?fit=1200%2C630&resize=1050%2C600 3x"},"classes":[]},{"id":399089,"url":"http:\/\/vincentians.com\/es\/federico-ozanam-carta-0026-ernest-falconnet\/","url_meta":{"origin":399064,"position":3},"title":"Federico Ozanam, Carta 0026: A Ernest Falconnet","author":"Francisco Javier Fern\u00e1ndez Chento","date":"07\/10\/2016","format":false,"excerpt":"Narraci\u00f3n del env\u00edo de una petici\u00f3n para mantener al abate Noirot en el colegio de Lyon. Reflexiones sobre la precariedad del nuevo r\u00e9gimen. Lyon, 19 de septiembre de 1830. Mi querido camarada: T\u00fa te quejas, sin duda, de mi negligencia y de mi pereza. Pero puede que no tengas raz\u00f3n.\u2026","rel":"","context":"En \u00abEscritos de Federico Ozanam\u00bb","block_context":{"text":"Escritos de Federico Ozanam","link":"http:\/\/vincentians.com\/es\/category\/escritos\/escritos-de-federico-ozanam\/"},"img":{"alt_text":"","src":"https:\/\/i0.wp.com\/vincentians.com\/es\/wp-content\/uploads\/sites\/11\/2016\/07\/escritos-federico-ozanam.jpg?fit=1200%2C630&resize=350%2C200","width":350,"height":200,"srcset":"https:\/\/i0.wp.com\/vincentians.com\/es\/wp-content\/uploads\/sites\/11\/2016\/07\/escritos-federico-ozanam.jpg?fit=1200%2C630&resize=350%2C200 1x, https:\/\/i0.wp.com\/vincentians.com\/es\/wp-content\/uploads\/sites\/11\/2016\/07\/escritos-federico-ozanam.jpg?fit=1200%2C630&resize=525%2C300 1.5x, https:\/\/i0.wp.com\/vincentians.com\/es\/wp-content\/uploads\/sites\/11\/2016\/07\/escritos-federico-ozanam.jpg?fit=1200%2C630&resize=700%2C400 2x, https:\/\/i0.wp.com\/vincentians.com\/es\/wp-content\/uploads\/sites\/11\/2016\/07\/escritos-federico-ozanam.jpg?fit=1200%2C630&resize=1050%2C600 3x"},"classes":[]},{"id":399095,"url":"http:\/\/vincentians.com\/es\/federico-ozanam-carta-0051-ernest-falconnet\/","url_meta":{"origin":399064,"position":4},"title":"Federico Ozanam, Carta 0051: A Ernest Falconnet","author":"Francisco Javier Fern\u00e1ndez Chento","date":"06\/12\/2016","format":false,"excerpt":"Reacci\u00f3n de los estudiantes cat\u00f3licos en el curso de Jouffroy. Vacuidad de los ataques contra el papado. Par\u00eds, 25 de marzo de 1832. Mi querido Falconnet: Soy muy culpable por hacerte esperar noticias m\u00edas tanto tiempo. Lo s\u00e9, lo confieso y estoy seguro de que me perdonar\u00e1s, pues estoy arrepentido\u2026","rel":"","context":"En \u00abEscritos de Federico Ozanam\u00bb","block_context":{"text":"Escritos de Federico Ozanam","link":"http:\/\/vincentians.com\/es\/category\/escritos\/escritos-de-federico-ozanam\/"},"img":{"alt_text":"","src":"https:\/\/i0.wp.com\/vincentians.com\/es\/wp-content\/uploads\/sites\/11\/2016\/07\/escritos-federico-ozanam.jpg?fit=1200%2C630&resize=350%2C200","width":350,"height":200,"srcset":"https:\/\/i0.wp.com\/vincentians.com\/es\/wp-content\/uploads\/sites\/11\/2016\/07\/escritos-federico-ozanam.jpg?fit=1200%2C630&resize=350%2C200 1x, https:\/\/i0.wp.com\/vincentians.com\/es\/wp-content\/uploads\/sites\/11\/2016\/07\/escritos-federico-ozanam.jpg?fit=1200%2C630&resize=525%2C300 1.5x, https:\/\/i0.wp.com\/vincentians.com\/es\/wp-content\/uploads\/sites\/11\/2016\/07\/escritos-federico-ozanam.jpg?fit=1200%2C630&resize=700%2C400 2x, https:\/\/i0.wp.com\/vincentians.com\/es\/wp-content\/uploads\/sites\/11\/2016\/07\/escritos-federico-ozanam.jpg?fit=1200%2C630&resize=1050%2C600 3x"},"classes":[]},{"id":399060,"url":"http:\/\/vincentians.com\/es\/federico-ozanam-carta-0061-ernest-falconnet\/","url_meta":{"origin":399064,"position":5},"title":"Federico Ozanam, Carta 0061: A Ernest Falconnet","author":"Francisco Javier Fern\u00e1ndez Chento","date":"30\/12\/2016","format":false,"excerpt":"Significado de la fiesta de los Reyes Magos. Remedio que proporciona el catolicismo a las incertidumbres de la juventud. Conferencias de Derecho y de Historia. Veladas en casa de Montalembert. [Par\u00eds,] 5[-8] de enero de 1833. Mi querido Falconnet: Te escribo un s\u00e1bado por la noche, son las doce y\u2026","rel":"","context":"En \u00abEscritos de Federico Ozanam\u00bb","block_context":{"text":"Escritos de Federico Ozanam","link":"http:\/\/vincentians.com\/es\/category\/escritos\/escritos-de-federico-ozanam\/"},"img":{"alt_text":"","src":"https:\/\/i0.wp.com\/vincentians.com\/es\/wp-content\/uploads\/sites\/11\/2016\/07\/escritos-federico-ozanam.jpg?fit=1200%2C630&resize=350%2C200","width":350,"height":200,"srcset":"https:\/\/i0.wp.com\/vincentians.com\/es\/wp-content\/uploads\/sites\/11\/2016\/07\/escritos-federico-ozanam.jpg?fit=1200%2C630&resize=350%2C200 1x, https:\/\/i0.wp.com\/vincentians.com\/es\/wp-content\/uploads\/sites\/11\/2016\/07\/escritos-federico-ozanam.jpg?fit=1200%2C630&resize=525%2C300 1.5x, https:\/\/i0.wp.com\/vincentians.com\/es\/wp-content\/uploads\/sites\/11\/2016\/07\/escritos-federico-ozanam.jpg?fit=1200%2C630&resize=700%2C400 2x, https:\/\/i0.wp.com\/vincentians.com\/es\/wp-content\/uploads\/sites\/11\/2016\/07\/escritos-federico-ozanam.jpg?fit=1200%2C630&resize=1050%2C600 3x"},"classes":[]}],"_links":{"self":[{"href":"http:\/\/vincentians.com\/es\/wp-json\/wp\/v2\/posts\/399064","targetHints":{"allow":["GET"]}}],"collection":[{"href":"http:\/\/vincentians.com\/es\/wp-json\/wp\/v2\/posts"}],"about":[{"href":"http:\/\/vincentians.com\/es\/wp-json\/wp\/v2\/types\/post"}],"author":[{"embeddable":true,"href":"http:\/\/vincentians.com\/es\/wp-json\/wp\/v2\/users\/4"}],"replies":[{"embeddable":true,"href":"http:\/\/vincentians.com\/es\/wp-json\/wp\/v2\/comments?post=399064"}],"version-history":[{"count":0,"href":"http:\/\/vincentians.com\/es\/wp-json\/wp\/v2\/posts\/399064\/revisions"}],"wp:featuredmedia":[{"embeddable":true,"href":"http:\/\/vincentians.com\/es\/wp-json\/wp\/v2\/media\/393746"}],"wp:attachment":[{"href":"http:\/\/vincentians.com\/es\/wp-json\/wp\/v2\/media?parent=399064"}],"wp:term":[{"taxonomy":"category","embeddable":true,"href":"http:\/\/vincentians.com\/es\/wp-json\/wp\/v2\/categories?post=399064"},{"taxonomy":"post_tag","embeddable":true,"href":"http:\/\/vincentians.com\/es\/wp-json\/wp\/v2\/tags?post=399064"}],"curies":[{"name":"wp","href":"https:\/\/api.w.org\/{rel}","templated":true}]}}