{"id":398643,"date":"2016-08-10T06:00:49","date_gmt":"2016-08-10T04:00:49","guid":{"rendered":"http:\/\/vincentians.com\/es\/?p=398643"},"modified":"2016-08-04T18:22:33","modified_gmt":"2016-08-04T16:22:33","slug":"aportacion-del-carisma-vicenciano-la-mision-la-iglesia-7","status":"publish","type":"post","link":"http:\/\/vincentians.com\/es\/aportacion-del-carisma-vicenciano-la-mision-la-iglesia-7\/","title":{"rendered":"Aportaci\u00f3n del carisma vicenciano a la Misi\u00f3n de la Iglesia (7)"},"content":{"rendered":"<p><strong>7.- Los pobres, protagonistas, y no s\u00f3lo destinatarios de la Misi\u00f3n de la Iglesia.<\/strong><\/p>\n<p>Hemos recordado antes que \u201c<em>l<\/em><em>a salvaci\u00f3n de los pobres constituye el centro de la Misi\u00f3n de la Iglesia<\/em>\u201d. Queremos ahora subrayar otra importante aportaci\u00f3n del carisma vicenciano: los pobres, <strong>protagonistas<\/strong>, y no s\u00f3lo destinatarios de la Misi\u00f3n de la Iglesia.<\/p>\n<p>J. Anouih ha dado forma literaria a esta aportaci\u00f3n del carisma vicenciano poniendo en labios de Monsieur Vincent la tantas veces reiterada expresi\u00f3n: \u00ab<em>s\u00f3lo con los pobres podr\u00e9 salvar a los pobres<\/em>\u00ab<span id='easy-footnote-1-398643' class='easy-footnote-margin-adjust'><\/span><span class='easy-footnote'><a href='http:\/\/vincentians.com\/es\/aportacion-del-carisma-vicenciano-la-mision-la-iglesia-7\/#easy-footnote-bottom-1-398643' title='J. Anouih. &lt;em&gt;Monsieur Vincent&lt;\/em&gt;: gui\u00f3n literario. Ediciones Fe y Vida, Teruel 1993. La pel\u00edcula, dirigida por M. Cloche en 1947, fue interpretada por P. Fresnay.'><sup>1<\/sup><\/a><\/span>.<\/p>\n<p>Las Hijas de la Caridad han sido escogidas por Dios en su mayor\u00eda de entre las pobres para servirle en la persona de los pobres:<\/p>\n<p style=\"padding-left: 30px;\">El esp\u00edritu de la Compa\u00f1\u00eda consiste en entregarse a Dios para amar a nuestro Se\u00f1or y servirle en la persona de los pobres corporal y espiritualmente, en sus casas o en otras partes, para instruir a las j\u00f3venes pobres, a los ni\u00f1os y en general a todos los que la Providencia os env\u00eda. Fijaos, mis queridas hermanas, esta Compa\u00f1\u00eda de Hijas de la Caridad se compone en su mayor\u00eda de j\u00f3venes pobres. \u00a1Qu\u00e9 excelente es esa cualidad de j\u00f3venes pobres, pobres en sus vestidos, pobres en su alimento!<span id='easy-footnote-2-398643' class='easy-footnote-margin-adjust'><\/span><span class='easy-footnote'><a href='http:\/\/vincentians.com\/es\/aportacion-del-carisma-vicenciano-la-mision-la-iglesia-7\/#easy-footnote-bottom-2-398643' title='SVP IX 533.'><sup>2<\/sup><\/a><\/span>.<\/p>\n<p>Estas <strong>j\u00f3venes pobres<\/strong> resultan ser los mejores <em>agentes de evangelizaci\u00f3n de los pobres<\/em>:<\/p>\n<p style=\"padding-left: 30px;\">Sabed, hijas m\u00edas, que me he enterado que esas pobres gentes est\u00e1n muy agradecidas a la gracia que Dios les ha hecho y, al ver que van a asistirlos y que esas Hermanas no tienen m\u00e1s inter\u00e9s en ello que el amor de Dios, dicen que se dan cuenta entonces de que Dios es el protector de los pobres. \u00a1Ved qu\u00e9 hermoso es ayudar a esas pobres gentes a reconocer la bondad de Dios! Pues comprenden perfectamente que es \u00c9l el que las mueve a hacer ese servicio. Y entonces conciben elevados sentimientos de piedad y dicen: &#8216;Dios m\u00edo, ahora nos damos cuenta de que es cierto lo que tantas veces hemos o\u00eddo predicar, que te acuerdas de todos los que necesitan socorro y que no abandonas nunca a una persona que est\u00e1 en peligro, puesto que cuidas de unos pobres miserables que han ofendido tanto a tu bondad&#8217;. He sabido, incluso por medio de personas que fueron atendidas por nuestras hermanas, y por medio de otras muchas, que se sent\u00edan muy edificados al ver c\u00f3mo esas Hermanas se preocupaban de visitarles, reconociendo en ello la divina bondad y vi\u00e9ndose obligados a alabarle y darle gracias<span id='easy-footnote-3-398643' class='easy-footnote-margin-adjust'><\/span><span class='easy-footnote'><a href='http:\/\/vincentians.com\/es\/aportacion-del-carisma-vicenciano-la-mision-la-iglesia-7\/#easy-footnote-bottom-3-398643' title='SVP IX 1057-1058.'><sup>3<\/sup><\/a><\/span>.<\/p>\n<p>Los pobres no pueden ser destinatarios pasivos de la acci\u00f3n evangelizadora; han de intervenir activamente la medida de sus posibilidades y de sus fuerzas:<\/p>\n<p style=\"padding-left: 30px;\">No hay que asistir m\u00e1s que aquellos que no puedan trabajar ni buscar su sustento, y que estar\u00edan en peligro de morir de hambre si no se les socorre. En efecto, apenas tenga uno fuerzas para trabajar, habr\u00e1 que comprarle algunos utensilios conformes con su profesi\u00f3n, pero sin darle nada m\u00e1s. Las limosnas no son para los que pueden trabajar&#8230; sino para los pobres enfermos, los hu\u00e9rfanos o los ancianos<span id='easy-footnote-4-398643' class='easy-footnote-margin-adjust'><\/span><span class='easy-footnote'><a href='http:\/\/vincentians.com\/es\/aportacion-del-carisma-vicenciano-la-mision-la-iglesia-7\/#easy-footnote-bottom-4-398643' title='SVP IV 180.'><sup>4<\/sup><\/a><\/span>.<\/p>\n<p>Una expresi\u00f3n concreta de este planteamiento la encontramos en la organizaci\u00f3n del <em>Asilo del Nombre de Jes\u00fas<\/em>. Una persona de buena posici\u00f3n hizo un donativo a San Vicente para una buena obra a su elecci\u00f3n. Con este dinero compr\u00f3 una casa llamada del <em>Nombre de Jes\u00fas<\/em> en el barrio de San Lorenzo \u00ab<em>para alojar, alimentar y vestir a cuarenta personas de uno y otro sexo, y ense\u00f1arles las cosas necesarias para la salvaci\u00f3n, tratando de hacerlos vivir en el temor y amor a Dios, como tambi\u00e9n emplearlos en alg\u00fan trabajo y as\u00ed evitar la mendicidad y la ociosidad que son la madre de todos los vicios<\/em>\u00ab<span id='easy-footnote-5-398643' class='easy-footnote-margin-adjust'><\/span><span class='easy-footnote'><a href='http:\/\/vincentians.com\/es\/aportacion-del-carisma-vicenciano-la-mision-la-iglesia-7\/#easy-footnote-bottom-5-398643' title='M.Flinton. &lt;em&gt;Santa Luisa de Marillac. El aspecto social de su obra&lt;\/em&gt;. Ceme, Salamanca 1974 202.'><sup>5<\/sup><\/a><\/span>.<\/p>\n<p>Para la apertura de este Asilo, prepar\u00f3 Santa Luisa el proyecto en 1653 y lo puso en marcha con las Hermanas:<\/p>\n<p style=\"padding-left: 30px;\">\u2026 Otro de sus fines es que las personas que se retiren a este lugar se ver\u00e1n ayudadas tanto por las instrucciones que reciban como por el buen empleo que hagan del tiempo, a participar en el m\u00e9rito de la vida y muerte de Jesucristo para su salvaci\u00f3n eterna.<\/p>\n<p style=\"padding-left: 30px;\">\u2026 Siendo el trabajo uno de los mayores bienes que presenta esta obra, es necesario proporcionarles un trabajo \u00fatil y que pueda tener salida, como ser\u00eda: un tejedor de seda o lana, un tejedor de lienzo corriente, otro de sarga; estos oficios, adem\u00e1s de poder dar salida a la producci\u00f3n, en parte para uso de la casa y en parte para otros lugares, aunque no requieren muchos pertrechos, ocupan a varias personas. Zapateros o remendones, pueden ser muy \u00fatiles. Botoneros, obreros que trabajen el estambre, que lo sepan bien, y preparar el material hasta dejarlo apto para servir. Encajeras, costureras de guantes o de lencer\u00eda que pueden recibir labor de las lenceras del mercado o de otras, artesanos de alfileres.<\/p>\n<p style=\"padding-left: 30px;\">Como es necesario tener buen n\u00famero de obreros que pongan el trabajo en marcha y ayuden a que contin\u00fae, no hay que mirar el gasto que haya que hacer tanto para proveer de herramientas o pertrechos como en material, ni arredrarse ante las dificultades para encontrar direcciones y lugares donde comprar a mejor precio y con facilidad: la divina Providencia no nos ha de faltar y la experiencia nos har\u00e1 dar con las direcciones que nos convengan.<\/p>\n<p style=\"padding-left: 30px;\">Hay que dar por descontado que el primer a\u00f1o reportar\u00e1 muy poca ganancia.<\/p>\n<p>El <em>Asilo<\/em> funcion\u00f3 tan bien que de muchos otros lugares pidieron a Santa Luisa y San Vicente que se responsabilizaran de organizar establecimientos similares para personas solas, sin hogar, sin recursos<span id='easy-footnote-6-398643' class='easy-footnote-margin-adjust'><\/span><span class='easy-footnote'><a href='http:\/\/vincentians.com\/es\/aportacion-del-carisma-vicenciano-la-mision-la-iglesia-7\/#easy-footnote-bottom-6-398643' title='Santa Luisa logr\u00f3 crear un verdadero clima de familia. Y sabemos que el propio San Vicente fue alguna vez a ense\u00f1ar el catecismo a los ancianos.'><sup>6<\/sup><\/a><\/span>.<\/p>\n<p>Al hablar del protagonismo de los pobres en la Misi\u00f3n de la Iglesia, no podemos pasar de largo ante la afirmaci\u00f3n vicenciana: \u00ab<em>Entre los pobres se encuentra la verdadera religi\u00f3n, una fe viva<\/em>\u00ab<span id='easy-footnote-7-398643' class='easy-footnote-margin-adjust'><\/span><span class='easy-footnote'><a href='http:\/\/vincentians.com\/es\/aportacion-del-carisma-vicenciano-la-mision-la-iglesia-7\/#easy-footnote-bottom-7-398643' title='SVP XI 120.'><sup>7<\/sup><\/a><\/span><a href=\"#_ftn7\" name=\"_ftnref7\"><\/a>. Ha escrito J. Corera: \u201cLos pobres son para san Vicente el lugar de la fe: s\u00f3lo en ellos encuentra a Jesucristo y en Jesucristo al Dios vivo\u00bb<span id='easy-footnote-8-398643' class='easy-footnote-margin-adjust'><\/span><span class='easy-footnote'><a href='http:\/\/vincentians.com\/es\/aportacion-del-carisma-vicenciano-la-mision-la-iglesia-7\/#easy-footnote-bottom-8-398643' title='J. Corera. &lt;em&gt;Diez estudios vicencianos&lt;\/em&gt;. Ceme, Salamanca 1983, 39.'><sup>8<\/sup><\/a><\/span>. Casi al final de su vida, confiesa san Vicente a sus compa\u00f1eros:<\/p>\n<p style=\"padding-left: 30px;\">Los pobres nos disputar\u00e1n alg\u00fan d\u00eda el para\u00edso y nos lo arrebatar\u00e1n, porque existe una gran diferencia entre su manera de amar a Dios y la nuestra. Su amor se manifiesta en el sufrimiento, en las humillaciones, en el trabajo y en la conformidad con la voluntad de Dios. Y el nuestro, si es que tenemos alguno, \u00bfen qu\u00e9 se da a conocer?<span id='easy-footnote-9-398643' class='easy-footnote-margin-adjust'><\/span><span class='easy-footnote'><a href='http:\/\/vincentians.com\/es\/aportacion-del-carisma-vicenciano-la-mision-la-iglesia-7\/#easy-footnote-bottom-9-398643' title='SVP XI, 404-405.'><sup>9<\/sup><\/a><\/span>.<\/p>\n<p>Vicente de Pa\u00fal (y los miembros de la Familia Vicenciana) ha vivido la experiencia de ser evangelizado por los pobres; a trav\u00e9s de ellos ha aprendido el verdadero evangelio, la verdadera fe. No tiene mayor seguridad en su vida que la dedicaci\u00f3n a los pobres; y a trav\u00e9s de ellos espera su propia salvaci\u00f3n definitiva<span id='easy-footnote-10-398643' class='easy-footnote-margin-adjust'><\/span><span class='easy-footnote'><a href='http:\/\/vincentians.com\/es\/aportacion-del-carisma-vicenciano-la-mision-la-iglesia-7\/#easy-footnote-bottom-10-398643' title='Cf. SVP IX, 241.'><sup>10<\/sup><\/a><\/span>:<\/p>\n<p style=\"padding-left: 30px;\">No hay mejor manera de asegurar nuestra felicidad eterna que vivir y morir en el servicio de los pobres<span id='easy-footnote-11-398643' class='easy-footnote-margin-adjust'><\/span><span class='easy-footnote'><a href='http:\/\/vincentians.com\/es\/aportacion-del-carisma-vicenciano-la-mision-la-iglesia-7\/#easy-footnote-bottom-11-398643' title='SVP III, 359.'><sup>11<\/sup><\/a><\/span>.<\/p>\n<p>Citando a Pablo VI, nos recuerda el papa Francisco que \u201c<em>la piedad popular refleja una sed de Dios que solamente los po\u00adbres y sencillos pueden conocer y que hace capaz de generosidad y sacrificio hasta el hero\u00eds\u00admo, cuando se trata de manifestar la fe<\/em>\u201d<span id='easy-footnote-12-398643' class='easy-footnote-margin-adjust'><\/span><span class='easy-footnote'><a href='http:\/\/vincentians.com\/es\/aportacion-del-carisma-vicenciano-la-mision-la-iglesia-7\/#easy-footnote-bottom-12-398643' title='Francisco. &lt;em&gt;Evangelii Gaudium&lt;\/em&gt;, &lt;em&gt;o.c&lt;\/em&gt;., 123. Cf. Pablo VI. &lt;em&gt;Evangelii Nuntiandi&lt;\/em&gt;, 48.'><sup>12<\/sup><\/a><\/span><a href=\"#_ftn12\" name=\"_ftnref12\"><\/a>. Y a\u00f1ade: \u201c<em>Por eso quiero una Iglesia pobre para los pobres. Ellos tienen mucho que ense\u00f1arnos. Adem\u00e1s de participar del sensus fidei, en sus propios dolores conocen al Cristo sufriente. Es necesario que todos nos dejemos evangelizar por ellos. La nueva evangelizaci\u00f3n es una invitaci\u00f3n a reconocer la fuerza salv\u00edfica de sus vidas y a ponerlos en el centro del camino de la Iglesia. Estamos llamados a descubrir a Cristo en ellos, a prestarles nuestra voz en sus causas, pero tambi\u00e9n a ser sus amigos, a escucharlos, a interpretarlos y a recoger la misteriosa sabidur\u00eda que Dios quiere comunicarnos a trav\u00e9s de ellos<\/em>\u201d<span id='easy-footnote-13-398643' class='easy-footnote-margin-adjust'><\/span><span class='easy-footnote'><a href='http:\/\/vincentians.com\/es\/aportacion-del-carisma-vicenciano-la-mision-la-iglesia-7\/#easy-footnote-bottom-13-398643' title='Id. 198.'><sup>13<\/sup><\/a><\/span>.<\/p>\n<p>Y es que la Misi\u00f3n llegar\u00e1 a ser verdaderamente<strong> universal, <\/strong>cuando los m\u00e1s pobres sean los protagonistas, part\u00edcipes de la plena comuni\u00f3n de los bienes del Reino<span id='easy-footnote-14-398643' class='easy-footnote-margin-adjust'><\/span><span class='easy-footnote'><a href='http:\/\/vincentians.com\/es\/aportacion-del-carisma-vicenciano-la-mision-la-iglesia-7\/#easy-footnote-bottom-14-398643' title='\u201cUno de los objetivos centrales de la misi\u00f3n es reunir al pueblo para la escucha del Evangelio, en la comuni\u00f3n fraterna, en la oraci\u00f3n y la Eucarist\u00eda. Vivir la \u2018comuni\u00f3n fraterna\u2019 significa tener un solo coraz\u00f3n y una sola alma, instaurando una comuni\u00f3n bajo todos los aspectos: humano, espiritual y material. De hecho, la verdadera comunidad cristiana se compromete tambi\u00e9n a distribuir los bienes terrenos para que no haya indigentes y todos puedan tener acceso a los bienes seg\u00fan su necesidad\u201d. Juan Pablo II. &lt;em&gt;Redemptoris Missio&lt;\/em&gt;, 26.'><sup>14<\/sup><\/a><\/span>.<\/p>\n<h3><strong><em>Descarga el art\u00edculo completo:<\/em><br \/>\n<\/strong><\/h3>\n[wpfilebase tag=file id=144 \/]\n","protected":false},"excerpt":{"rendered":"<p>7.- Los pobres, protagonistas, y no s\u00f3lo destinatarios de la Misi\u00f3n de la Iglesia. Hemos recordado antes que \u201cla salvaci\u00f3n de los pobres constituye el centro de la Misi\u00f3n de la Iglesia\u201d. Queremos ahora subrayar &#8230; <a href=\"http:\/\/vincentians.com\/es\/aportacion-del-carisma-vicenciano-la-mision-la-iglesia-7\/\" class=\"more-link\">Read More<\/a><\/p>\n","protected":false},"author":4,"featured_media":148885,"comment_status":"open","ping_status":"open","sticky":false,"template":"","format":"standard","meta":{"jetpack_post_was_ever_published":false,"_jetpack_newsletter_access":"","_jetpack_dont_email_post_to_subs":false,"_jetpack_newsletter_tier_id":0,"_jetpack_memberships_contains_paywalled_content":false,"_jetpack_memberships_contains_paid_content":false,"footnotes":"","jetpack_publicize_message":"","jetpack_publicize_feature_enabled":true,"jetpack_social_post_already_shared":true,"jetpack_social_options":{"image_generator_settings":{"template":"highway","default_image_id":0,"font":"","enabled":false},"version":2}},"categories":[28],"tags":[],"class_list":["post-398643","post","type-post","status-publish","format-standard","has-post-thumbnail","hentry","category-formacion-vicenciana"],"yoast_head":"<!-- This site is optimized with the Yoast SEO plugin v26.3 - https:\/\/yoast.com\/wordpress\/plugins\/seo\/ -->\n<title>Aportaci\u00f3n del carisma vicenciano a la Misi\u00f3n de la Iglesia (7) - Somos Vicencianos<\/title>\n<meta name=\"robots\" content=\"index, follow, max-snippet:-1, max-image-preview:large, max-video-preview:-1\" \/>\n<link rel=\"canonical\" href=\"http:\/\/vincentians.com\/es\/aportacion-del-carisma-vicenciano-la-mision-la-iglesia-7\/\" \/>\n<meta property=\"og:locale\" content=\"es_ES\" \/>\n<meta property=\"og:type\" content=\"article\" \/>\n<meta property=\"og:title\" content=\"Aportaci\u00f3n del carisma vicenciano a la Misi\u00f3n de la Iglesia (7) - Somos Vicencianos\" \/>\n<meta property=\"og:description\" content=\"7.- Los pobres, protagonistas, y no s\u00f3lo destinatarios de la Misi\u00f3n de la Iglesia. Hemos recordado antes que \u201cla salvaci\u00f3n de los pobres constituye el centro de la Misi\u00f3n de la Iglesia\u201d. Queremos ahora subrayar ... Read More\" \/>\n<meta property=\"og:url\" content=\"http:\/\/vincentians.com\/es\/aportacion-del-carisma-vicenciano-la-mision-la-iglesia-7\/\" \/>\n<meta property=\"og:site_name\" content=\"Somos Vicencianos\" \/>\n<meta property=\"article:publisher\" content=\"https:\/\/www.facebook.com\/WeAreVincentians\/\" \/>\n<meta property=\"article:author\" content=\"https:\/\/www.facebook.com\/JavierChento\" \/>\n<meta property=\"article:published_time\" content=\"2016-08-10T04:00:49+00:00\" \/>\n<meta property=\"og:image\" content=\"https:\/\/i0.wp.com\/vincentians.com\/es\/wp-content\/uploads\/sites\/11\/2016\/06\/contributions-charism.jpg?fit=1200%2C630\" \/>\n\t<meta property=\"og:image:width\" content=\"1200\" \/>\n\t<meta property=\"og:image:height\" content=\"630\" \/>\n\t<meta property=\"og:image:type\" content=\"image\/jpeg\" \/>\n<meta name=\"author\" content=\"Francisco Javier Fern\u00e1ndez Chento\" \/>\n<meta name=\"twitter:card\" content=\"summary_large_image\" \/>\n<meta name=\"twitter:creator\" content=\"@https:\/\/twitter.com\/javierchento\" \/>\n<meta name=\"twitter:site\" content=\"@WeVincentians\" \/>\n<meta name=\"twitter:label1\" content=\"Escrito por\" \/>\n\t<meta name=\"twitter:data1\" content=\"Francisco Javier Fern\u00e1ndez Chento\" \/>\n\t<meta name=\"twitter:label2\" content=\"Tiempo de lectura\" \/>\n\t<meta name=\"twitter:data2\" content=\"8 minutos\" \/>\n<script type=\"application\/ld+json\" class=\"yoast-schema-graph\">{\"@context\":\"https:\/\/schema.org\",\"@graph\":[{\"@type\":\"Article\",\"@id\":\"http:\/\/vincentians.com\/es\/aportacion-del-carisma-vicenciano-la-mision-la-iglesia-7\/#article\",\"isPartOf\":{\"@id\":\"http:\/\/vincentians.com\/es\/aportacion-del-carisma-vicenciano-la-mision-la-iglesia-7\/\"},\"author\":{\"name\":\"Francisco Javier Fern\u00e1ndez Chento\",\"@id\":\"http:\/\/vincentians.com\/es\/#\/schema\/person\/9623ef4d9aa3b2dfb8c061f1499288f2\"},\"headline\":\"Aportaci\u00f3n del carisma vicenciano a la Misi\u00f3n de la Iglesia (7)\",\"datePublished\":\"2016-08-10T04:00:49+00:00\",\"mainEntityOfPage\":{\"@id\":\"http:\/\/vincentians.com\/es\/aportacion-del-carisma-vicenciano-la-mision-la-iglesia-7\/\"},\"wordCount\":1634,\"commentCount\":0,\"publisher\":{\"@id\":\"http:\/\/vincentians.com\/es\/#organization\"},\"image\":{\"@id\":\"http:\/\/vincentians.com\/es\/aportacion-del-carisma-vicenciano-la-mision-la-iglesia-7\/#primaryimage\"},\"thumbnailUrl\":\"https:\/\/i0.wp.com\/vincentians.com\/es\/wp-content\/uploads\/sites\/11\/2016\/06\/contributions-charism.jpg?fit=1200%2C630\",\"articleSection\":[\"Formaci\u00f3n Vicenciana\"],\"inLanguage\":\"es\",\"potentialAction\":[{\"@type\":\"CommentAction\",\"name\":\"Comment\",\"target\":[\"http:\/\/vincentians.com\/es\/aportacion-del-carisma-vicenciano-la-mision-la-iglesia-7\/#respond\"]}]},{\"@type\":\"WebPage\",\"@id\":\"http:\/\/vincentians.com\/es\/aportacion-del-carisma-vicenciano-la-mision-la-iglesia-7\/\",\"url\":\"http:\/\/vincentians.com\/es\/aportacion-del-carisma-vicenciano-la-mision-la-iglesia-7\/\",\"name\":\"Aportaci\u00f3n del carisma vicenciano a la Misi\u00f3n de la Iglesia (7) - Somos Vicencianos\",\"isPartOf\":{\"@id\":\"http:\/\/vincentians.com\/es\/#website\"},\"primaryImageOfPage\":{\"@id\":\"http:\/\/vincentians.com\/es\/aportacion-del-carisma-vicenciano-la-mision-la-iglesia-7\/#primaryimage\"},\"image\":{\"@id\":\"http:\/\/vincentians.com\/es\/aportacion-del-carisma-vicenciano-la-mision-la-iglesia-7\/#primaryimage\"},\"thumbnailUrl\":\"https:\/\/i0.wp.com\/vincentians.com\/es\/wp-content\/uploads\/sites\/11\/2016\/06\/contributions-charism.jpg?fit=1200%2C630\",\"datePublished\":\"2016-08-10T04:00:49+00:00\",\"breadcrumb\":{\"@id\":\"http:\/\/vincentians.com\/es\/aportacion-del-carisma-vicenciano-la-mision-la-iglesia-7\/#breadcrumb\"},\"inLanguage\":\"es\",\"potentialAction\":[{\"@type\":\"ReadAction\",\"target\":[\"http:\/\/vincentians.com\/es\/aportacion-del-carisma-vicenciano-la-mision-la-iglesia-7\/\"]}]},{\"@type\":\"ImageObject\",\"inLanguage\":\"es\",\"@id\":\"http:\/\/vincentians.com\/es\/aportacion-del-carisma-vicenciano-la-mision-la-iglesia-7\/#primaryimage\",\"url\":\"https:\/\/i0.wp.com\/vincentians.com\/es\/wp-content\/uploads\/sites\/11\/2016\/06\/contributions-charism.jpg?fit=1200%2C630\",\"contentUrl\":\"https:\/\/i0.wp.com\/vincentians.com\/es\/wp-content\/uploads\/sites\/11\/2016\/06\/contributions-charism.jpg?fit=1200%2C630\",\"width\":1200,\"height\":630},{\"@type\":\"BreadcrumbList\",\"@id\":\"http:\/\/vincentians.com\/es\/aportacion-del-carisma-vicenciano-la-mision-la-iglesia-7\/#breadcrumb\",\"itemListElement\":[{\"@type\":\"ListItem\",\"position\":1,\"name\":\"Portada\",\"item\":\"http:\/\/vincentians.com\/es\/\"},{\"@type\":\"ListItem\",\"position\":2,\"name\":\"Aportaci\u00f3n del carisma vicenciano a la Misi\u00f3n de la Iglesia (7)\"}]},{\"@type\":\"WebSite\",\"@id\":\"http:\/\/vincentians.com\/es\/#website\",\"url\":\"http:\/\/vincentians.com\/es\/\",\"name\":\"Somos Vicencianos\",\"description\":\"Know more to serve more\",\"publisher\":{\"@id\":\"http:\/\/vincentians.com\/es\/#organization\"},\"potentialAction\":[{\"@type\":\"SearchAction\",\"target\":{\"@type\":\"EntryPoint\",\"urlTemplate\":\"http:\/\/vincentians.com\/es\/?s={search_term_string}\"},\"query-input\":{\"@type\":\"PropertyValueSpecification\",\"valueRequired\":true,\"valueName\":\"search_term_string\"}}],\"inLanguage\":\"es\"},{\"@type\":\"Organization\",\"@id\":\"http:\/\/vincentians.com\/es\/#organization\",\"name\":\"The Vincentian Network\",\"url\":\"http:\/\/vincentians.com\/es\/\",\"logo\":{\"@type\":\"ImageObject\",\"inLanguage\":\"es\",\"@id\":\"http:\/\/vincentians.com\/es\/#\/schema\/logo\/image\/\",\"url\":\"https:\/\/i1.wp.com\/vincentians.com\/es\/wp-content\/uploads\/sites\/11\/2016\/06\/Vincentian-Network-logo-big.png?fit=778%2C778\",\"contentUrl\":\"https:\/\/i1.wp.com\/vincentians.com\/es\/wp-content\/uploads\/sites\/11\/2016\/06\/Vincentian-Network-logo-big.png?fit=778%2C778\",\"width\":778,\"height\":778,\"caption\":\"The Vincentian Network\"},\"image\":{\"@id\":\"http:\/\/vincentians.com\/es\/#\/schema\/logo\/image\/\"},\"sameAs\":[\"https:\/\/www.facebook.com\/WeAreVincentians\/\",\"https:\/\/x.com\/WeVincentians\"]},{\"@type\":\"Person\",\"@id\":\"http:\/\/vincentians.com\/es\/#\/schema\/person\/9623ef4d9aa3b2dfb8c061f1499288f2\",\"name\":\"Francisco Javier Fern\u00e1ndez Chento\",\"image\":{\"@type\":\"ImageObject\",\"inLanguage\":\"es\",\"@id\":\"http:\/\/vincentians.com\/es\/#\/schema\/person\/image\/\",\"url\":\"https:\/\/secure.gravatar.com\/avatar\/497d5cde87b4c3d097d0315953521681ba2cd523ee66e5077c3711f7021e65de?s=96&d=mm&r=g\",\"contentUrl\":\"https:\/\/secure.gravatar.com\/avatar\/497d5cde87b4c3d097d0315953521681ba2cd523ee66e5077c3711f7021e65de?s=96&d=mm&r=g\",\"caption\":\"Francisco Javier Fern\u00e1ndez Chento\"},\"description\":\"Director General y cofundador de La Red de Formaci\u00f3n Vicenciana. Javier es laico vicenciano, afiliado a la Congregaci\u00f3n de la Misi\u00f3n y miembro del Equipo de Misiones Populares de la provincia can\u00f3nica de Zaragoza (Espa\u00f1a) de la Congregaci\u00f3n de la Misi\u00f3n. Graduado en la Universidad Oberta de Catalunya con cuatro grados (Asistente de direcci\u00f3n, Gesti\u00f3n Administrativa, Recursos Humanos y Contabilidad Avanzada). Bil\u00edng\u00fce Espa\u00f1ol\/Ingl\u00e9s. gestiona y mantiene varias p\u00e1ginas web cristianas y vicencianas, incluida including La Red de Formaci\u00f3n Vicenciana, de la que es cofundador. Actualmente es responsable del \u00e1rea de Espa\u00f1ol de .famvin, la Red de Noticias de la Familia Vicenciana. Tambi\u00e9n es m\u00fasico cat\u00f3lico y ha editado varios discos. Es Director General y cofundador de Trovador, una reconocida compa\u00f1\u00eda discogr\u00e1fica critiana de Espa\u00f1a. Trabaja en las Tecnolog\u00edas de la Informaci\u00f3n, ofreciendo servicios de alojamiento, dise\u00f1o y mantenimiento Web, as\u00ed como asesoramiento, formaci\u00f3n y soluciones inform\u00e1ticas, gesti\u00f3n documental y digitalizaci\u00f3n de textos, edici\u00f3n y maquetaci\u00f3n de libros, revistas, flyers, etc.\",\"sameAs\":[\"http:\/\/chento.org\",\"https:\/\/www.facebook.com\/JavierChento\",\"https:\/\/x.com\/https:\/\/twitter.com\/javierchento\"],\"url\":\"http:\/\/vincentians.com\/es\/author\/chento\/\"}]}<\/script>\n<!-- \/ Yoast SEO plugin. -->","yoast_head_json":{"title":"Aportaci\u00f3n del carisma vicenciano a la Misi\u00f3n de la Iglesia (7) - Somos Vicencianos","robots":{"index":"index","follow":"follow","max-snippet":"max-snippet:-1","max-image-preview":"max-image-preview:large","max-video-preview":"max-video-preview:-1"},"canonical":"http:\/\/vincentians.com\/es\/aportacion-del-carisma-vicenciano-la-mision-la-iglesia-7\/","og_locale":"es_ES","og_type":"article","og_title":"Aportaci\u00f3n del carisma vicenciano a la Misi\u00f3n de la Iglesia (7) - Somos Vicencianos","og_description":"7.- Los pobres, protagonistas, y no s\u00f3lo destinatarios de la Misi\u00f3n de la Iglesia. Hemos recordado antes que \u201cla salvaci\u00f3n de los pobres constituye el centro de la Misi\u00f3n de la Iglesia\u201d. Queremos ahora subrayar ... Read More","og_url":"http:\/\/vincentians.com\/es\/aportacion-del-carisma-vicenciano-la-mision-la-iglesia-7\/","og_site_name":"Somos Vicencianos","article_publisher":"https:\/\/www.facebook.com\/WeAreVincentians\/","article_author":"https:\/\/www.facebook.com\/JavierChento","article_published_time":"2016-08-10T04:00:49+00:00","og_image":[{"width":1200,"height":630,"url":"https:\/\/i0.wp.com\/vincentians.com\/es\/wp-content\/uploads\/sites\/11\/2016\/06\/contributions-charism.jpg?fit=1200%2C630","type":"image\/jpeg"}],"author":"Francisco Javier Fern\u00e1ndez Chento","twitter_card":"summary_large_image","twitter_creator":"@https:\/\/twitter.com\/javierchento","twitter_site":"@WeVincentians","twitter_misc":{"Escrito por":"Francisco Javier Fern\u00e1ndez Chento","Tiempo de lectura":"8 minutos"},"schema":{"@context":"https:\/\/schema.org","@graph":[{"@type":"Article","@id":"http:\/\/vincentians.com\/es\/aportacion-del-carisma-vicenciano-la-mision-la-iglesia-7\/#article","isPartOf":{"@id":"http:\/\/vincentians.com\/es\/aportacion-del-carisma-vicenciano-la-mision-la-iglesia-7\/"},"author":{"name":"Francisco Javier Fern\u00e1ndez Chento","@id":"http:\/\/vincentians.com\/es\/#\/schema\/person\/9623ef4d9aa3b2dfb8c061f1499288f2"},"headline":"Aportaci\u00f3n del carisma vicenciano a la Misi\u00f3n de la Iglesia (7)","datePublished":"2016-08-10T04:00:49+00:00","mainEntityOfPage":{"@id":"http:\/\/vincentians.com\/es\/aportacion-del-carisma-vicenciano-la-mision-la-iglesia-7\/"},"wordCount":1634,"commentCount":0,"publisher":{"@id":"http:\/\/vincentians.com\/es\/#organization"},"image":{"@id":"http:\/\/vincentians.com\/es\/aportacion-del-carisma-vicenciano-la-mision-la-iglesia-7\/#primaryimage"},"thumbnailUrl":"https:\/\/i0.wp.com\/vincentians.com\/es\/wp-content\/uploads\/sites\/11\/2016\/06\/contributions-charism.jpg?fit=1200%2C630","articleSection":["Formaci\u00f3n Vicenciana"],"inLanguage":"es","potentialAction":[{"@type":"CommentAction","name":"Comment","target":["http:\/\/vincentians.com\/es\/aportacion-del-carisma-vicenciano-la-mision-la-iglesia-7\/#respond"]}]},{"@type":"WebPage","@id":"http:\/\/vincentians.com\/es\/aportacion-del-carisma-vicenciano-la-mision-la-iglesia-7\/","url":"http:\/\/vincentians.com\/es\/aportacion-del-carisma-vicenciano-la-mision-la-iglesia-7\/","name":"Aportaci\u00f3n del carisma vicenciano a la Misi\u00f3n de la Iglesia (7) - Somos Vicencianos","isPartOf":{"@id":"http:\/\/vincentians.com\/es\/#website"},"primaryImageOfPage":{"@id":"http:\/\/vincentians.com\/es\/aportacion-del-carisma-vicenciano-la-mision-la-iglesia-7\/#primaryimage"},"image":{"@id":"http:\/\/vincentians.com\/es\/aportacion-del-carisma-vicenciano-la-mision-la-iglesia-7\/#primaryimage"},"thumbnailUrl":"https:\/\/i0.wp.com\/vincentians.com\/es\/wp-content\/uploads\/sites\/11\/2016\/06\/contributions-charism.jpg?fit=1200%2C630","datePublished":"2016-08-10T04:00:49+00:00","breadcrumb":{"@id":"http:\/\/vincentians.com\/es\/aportacion-del-carisma-vicenciano-la-mision-la-iglesia-7\/#breadcrumb"},"inLanguage":"es","potentialAction":[{"@type":"ReadAction","target":["http:\/\/vincentians.com\/es\/aportacion-del-carisma-vicenciano-la-mision-la-iglesia-7\/"]}]},{"@type":"ImageObject","inLanguage":"es","@id":"http:\/\/vincentians.com\/es\/aportacion-del-carisma-vicenciano-la-mision-la-iglesia-7\/#primaryimage","url":"https:\/\/i0.wp.com\/vincentians.com\/es\/wp-content\/uploads\/sites\/11\/2016\/06\/contributions-charism.jpg?fit=1200%2C630","contentUrl":"https:\/\/i0.wp.com\/vincentians.com\/es\/wp-content\/uploads\/sites\/11\/2016\/06\/contributions-charism.jpg?fit=1200%2C630","width":1200,"height":630},{"@type":"BreadcrumbList","@id":"http:\/\/vincentians.com\/es\/aportacion-del-carisma-vicenciano-la-mision-la-iglesia-7\/#breadcrumb","itemListElement":[{"@type":"ListItem","position":1,"name":"Portada","item":"http:\/\/vincentians.com\/es\/"},{"@type":"ListItem","position":2,"name":"Aportaci\u00f3n del carisma vicenciano a la Misi\u00f3n de la Iglesia (7)"}]},{"@type":"WebSite","@id":"http:\/\/vincentians.com\/es\/#website","url":"http:\/\/vincentians.com\/es\/","name":"Somos Vicencianos","description":"Know more to serve more","publisher":{"@id":"http:\/\/vincentians.com\/es\/#organization"},"potentialAction":[{"@type":"SearchAction","target":{"@type":"EntryPoint","urlTemplate":"http:\/\/vincentians.com\/es\/?s={search_term_string}"},"query-input":{"@type":"PropertyValueSpecification","valueRequired":true,"valueName":"search_term_string"}}],"inLanguage":"es"},{"@type":"Organization","@id":"http:\/\/vincentians.com\/es\/#organization","name":"The Vincentian Network","url":"http:\/\/vincentians.com\/es\/","logo":{"@type":"ImageObject","inLanguage":"es","@id":"http:\/\/vincentians.com\/es\/#\/schema\/logo\/image\/","url":"https:\/\/i1.wp.com\/vincentians.com\/es\/wp-content\/uploads\/sites\/11\/2016\/06\/Vincentian-Network-logo-big.png?fit=778%2C778","contentUrl":"https:\/\/i1.wp.com\/vincentians.com\/es\/wp-content\/uploads\/sites\/11\/2016\/06\/Vincentian-Network-logo-big.png?fit=778%2C778","width":778,"height":778,"caption":"The Vincentian Network"},"image":{"@id":"http:\/\/vincentians.com\/es\/#\/schema\/logo\/image\/"},"sameAs":["https:\/\/www.facebook.com\/WeAreVincentians\/","https:\/\/x.com\/WeVincentians"]},{"@type":"Person","@id":"http:\/\/vincentians.com\/es\/#\/schema\/person\/9623ef4d9aa3b2dfb8c061f1499288f2","name":"Francisco Javier Fern\u00e1ndez Chento","image":{"@type":"ImageObject","inLanguage":"es","@id":"http:\/\/vincentians.com\/es\/#\/schema\/person\/image\/","url":"https:\/\/secure.gravatar.com\/avatar\/497d5cde87b4c3d097d0315953521681ba2cd523ee66e5077c3711f7021e65de?s=96&d=mm&r=g","contentUrl":"https:\/\/secure.gravatar.com\/avatar\/497d5cde87b4c3d097d0315953521681ba2cd523ee66e5077c3711f7021e65de?s=96&d=mm&r=g","caption":"Francisco Javier Fern\u00e1ndez Chento"},"description":"Director General y cofundador de La Red de Formaci\u00f3n Vicenciana. Javier es laico vicenciano, afiliado a la Congregaci\u00f3n de la Misi\u00f3n y miembro del Equipo de Misiones Populares de la provincia can\u00f3nica de Zaragoza (Espa\u00f1a) de la Congregaci\u00f3n de la Misi\u00f3n. Graduado en la Universidad Oberta de Catalunya con cuatro grados (Asistente de direcci\u00f3n, Gesti\u00f3n Administrativa, Recursos Humanos y Contabilidad Avanzada). Bil\u00edng\u00fce Espa\u00f1ol\/Ingl\u00e9s. gestiona y mantiene varias p\u00e1ginas web cristianas y vicencianas, incluida including La Red de Formaci\u00f3n Vicenciana, de la que es cofundador. Actualmente es responsable del \u00e1rea de Espa\u00f1ol de .famvin, la Red de Noticias de la Familia Vicenciana. Tambi\u00e9n es m\u00fasico cat\u00f3lico y ha editado varios discos. Es Director General y cofundador de Trovador, una reconocida compa\u00f1\u00eda discogr\u00e1fica critiana de Espa\u00f1a. Trabaja en las Tecnolog\u00edas de la Informaci\u00f3n, ofreciendo servicios de alojamiento, dise\u00f1o y mantenimiento Web, as\u00ed como asesoramiento, formaci\u00f3n y soluciones inform\u00e1ticas, gesti\u00f3n documental y digitalizaci\u00f3n de textos, edici\u00f3n y maquetaci\u00f3n de libros, revistas, flyers, etc.","sameAs":["http:\/\/chento.org","https:\/\/www.facebook.com\/JavierChento","https:\/\/x.com\/https:\/\/twitter.com\/javierchento"],"url":"http:\/\/vincentians.com\/es\/author\/chento\/"}]}},"jetpack_publicize_connections":[],"jetpack_featured_media_url":"https:\/\/i0.wp.com\/vincentians.com\/es\/wp-content\/uploads\/sites\/11\/2016\/06\/contributions-charism.jpg?fit=1200%2C630","jetpack_sharing_enabled":true,"jetpack_shortlink":"https:\/\/wp.me\/p7ETMF-1FHJ","jetpack-related-posts":[{"id":398641,"url":"http:\/\/vincentians.com\/es\/aportacion-del-carisma-vicenciano-la-mision-la-iglesia-4\/","url_meta":{"origin":398643,"position":0},"title":"Aportaci\u00f3n del carisma vicenciano a la Misi\u00f3n de la Iglesia (4)","author":"Francisco Javier Fern\u00e1ndez Chento","date":"07\/08\/2016","format":false,"excerpt":"4.- La salvaci\u00f3n de los pobres en el centro de la Misi\u00f3n de la Iglesia. San Vicente de Pa\u00fal y Santa Luisa de Marillac compartieron la misma experiencia: los pobres son los miembros de Cristo y, por tanto, de la Iglesia. En la Iglesia, Cuerpo de Cristo, los pobres ocupan\u2026","rel":"","context":"En \u00abFormaci\u00f3n Vicenciana\u00bb","block_context":{"text":"Formaci\u00f3n Vicenciana","link":"http:\/\/vincentians.com\/es\/category\/formacion-vicenciana\/"},"img":{"alt_text":"","src":"https:\/\/i0.wp.com\/vincentians.com\/es\/wp-content\/uploads\/sites\/11\/2016\/06\/contributions-charism.jpg?fit=1200%2C630&resize=350%2C200","width":350,"height":200,"srcset":"https:\/\/i0.wp.com\/vincentians.com\/es\/wp-content\/uploads\/sites\/11\/2016\/06\/contributions-charism.jpg?fit=1200%2C630&resize=350%2C200 1x, https:\/\/i0.wp.com\/vincentians.com\/es\/wp-content\/uploads\/sites\/11\/2016\/06\/contributions-charism.jpg?fit=1200%2C630&resize=525%2C300 1.5x, https:\/\/i0.wp.com\/vincentians.com\/es\/wp-content\/uploads\/sites\/11\/2016\/06\/contributions-charism.jpg?fit=1200%2C630&resize=700%2C400 2x, https:\/\/i0.wp.com\/vincentians.com\/es\/wp-content\/uploads\/sites\/11\/2016\/06\/contributions-charism.jpg?fit=1200%2C630&resize=1050%2C600 3x"},"classes":[]},{"id":398646,"url":"http:\/\/vincentians.com\/es\/aportacion-del-carisma-vicenciano-la-mision-la-iglesia-10-fin\/","url_meta":{"origin":398643,"position":1},"title":"Aportaci\u00f3n del carisma vicenciano a la Misi\u00f3n de la Iglesia (10 &#8211; Fin)","author":"Francisco Javier Fern\u00e1ndez Chento","date":"13\/08\/2016","format":false,"excerpt":"10.- La circularidad vicenciana: de Cristo a los pobres, de los pobres a Cristo. Para concluir esta reflexi\u00f3n sobre la aportaci\u00f3n del carisma vicenciano a la Misi\u00f3n de la Iglesia, me parece oportuno referirme a la \u201ccircularidad\u201d vicenciana: de Cristo a los pobres, de los pobres a Cristo. \u201cAmemos al\u2026","rel":"","context":"En \u00abFormaci\u00f3n Vicenciana\u00bb","block_context":{"text":"Formaci\u00f3n Vicenciana","link":"http:\/\/vincentians.com\/es\/category\/formacion-vicenciana\/"},"img":{"alt_text":"","src":"https:\/\/i0.wp.com\/vincentians.com\/es\/wp-content\/uploads\/sites\/11\/2016\/06\/contributions-charism.jpg?fit=1200%2C630&resize=350%2C200","width":350,"height":200,"srcset":"https:\/\/i0.wp.com\/vincentians.com\/es\/wp-content\/uploads\/sites\/11\/2016\/06\/contributions-charism.jpg?fit=1200%2C630&resize=350%2C200 1x, https:\/\/i0.wp.com\/vincentians.com\/es\/wp-content\/uploads\/sites\/11\/2016\/06\/contributions-charism.jpg?fit=1200%2C630&resize=525%2C300 1.5x, https:\/\/i0.wp.com\/vincentians.com\/es\/wp-content\/uploads\/sites\/11\/2016\/06\/contributions-charism.jpg?fit=1200%2C630&resize=700%2C400 2x, https:\/\/i0.wp.com\/vincentians.com\/es\/wp-content\/uploads\/sites\/11\/2016\/06\/contributions-charism.jpg?fit=1200%2C630&resize=1050%2C600 3x"},"classes":[]},{"id":398639,"url":"http:\/\/vincentians.com\/es\/aportacion-del-carisma-vicenciano-la-mision-la-iglesia-3\/","url_meta":{"origin":398643,"position":2},"title":"Aportaci\u00f3n del carisma vicenciano a la Misi\u00f3n de la Iglesia (3)","author":"Francisco Javier Fern\u00e1ndez Chento","date":"06\/08\/2016","format":false,"excerpt":"3.- La participaci\u00f3n de los laicos, y particularmente de la mujer, en la Misi\u00f3n de los ap\u00f3stoles. Los bi\u00f3grafos de San Vicente de Pa\u00fal y de Santa Luisa de Marillac destacan su importante contribuci\u00f3n a la promoci\u00f3n de los laicos, y particularmente de la mujer, al apostolado en la Iglesia.\u2026","rel":"","context":"En \u00abFormaci\u00f3n Vicenciana\u00bb","block_context":{"text":"Formaci\u00f3n Vicenciana","link":"http:\/\/vincentians.com\/es\/category\/formacion-vicenciana\/"},"img":{"alt_text":"","src":"https:\/\/i0.wp.com\/vincentians.com\/es\/wp-content\/uploads\/sites\/11\/2016\/06\/contributions-charism.jpg?fit=1200%2C630&resize=350%2C200","width":350,"height":200,"srcset":"https:\/\/i0.wp.com\/vincentians.com\/es\/wp-content\/uploads\/sites\/11\/2016\/06\/contributions-charism.jpg?fit=1200%2C630&resize=350%2C200 1x, https:\/\/i0.wp.com\/vincentians.com\/es\/wp-content\/uploads\/sites\/11\/2016\/06\/contributions-charism.jpg?fit=1200%2C630&resize=525%2C300 1.5x, https:\/\/i0.wp.com\/vincentians.com\/es\/wp-content\/uploads\/sites\/11\/2016\/06\/contributions-charism.jpg?fit=1200%2C630&resize=700%2C400 2x, https:\/\/i0.wp.com\/vincentians.com\/es\/wp-content\/uploads\/sites\/11\/2016\/06\/contributions-charism.jpg?fit=1200%2C630&resize=1050%2C600 3x"},"classes":[]},{"id":398640,"url":"http:\/\/vincentians.com\/es\/aportacion-del-carisma-vicenciano-la-mision-la-iglesia-5\/","url_meta":{"origin":398643,"position":3},"title":"Aportaci\u00f3n del carisma vicenciano a la Misi\u00f3n de la Iglesia (5)","author":"Francisco Javier Fern\u00e1ndez Chento","date":"08\/08\/2016","format":false,"excerpt":"5.- El mundo, tal como Dios lo ve y quiere, \u00e1mbito de la Misi\u00f3n de la Iglesia. Para describir la visi\u00f3n vicenciana del mundo y de la historia,\u00a0 el P. Morin ha utilizado el s\u00edmil de la mirada, describiendo la trayectoria espiritual de Vicente de Pa\u00fal como la historia de\u2026","rel":"","context":"En \u00abFormaci\u00f3n Vicenciana\u00bb","block_context":{"text":"Formaci\u00f3n Vicenciana","link":"http:\/\/vincentians.com\/es\/category\/formacion-vicenciana\/"},"img":{"alt_text":"","src":"https:\/\/i0.wp.com\/vincentians.com\/es\/wp-content\/uploads\/sites\/11\/2016\/06\/contributions-charism.jpg?fit=1200%2C630&resize=350%2C200","width":350,"height":200,"srcset":"https:\/\/i0.wp.com\/vincentians.com\/es\/wp-content\/uploads\/sites\/11\/2016\/06\/contributions-charism.jpg?fit=1200%2C630&resize=350%2C200 1x, https:\/\/i0.wp.com\/vincentians.com\/es\/wp-content\/uploads\/sites\/11\/2016\/06\/contributions-charism.jpg?fit=1200%2C630&resize=525%2C300 1.5x, https:\/\/i0.wp.com\/vincentians.com\/es\/wp-content\/uploads\/sites\/11\/2016\/06\/contributions-charism.jpg?fit=1200%2C630&resize=700%2C400 2x, https:\/\/i0.wp.com\/vincentians.com\/es\/wp-content\/uploads\/sites\/11\/2016\/06\/contributions-charism.jpg?fit=1200%2C630&resize=1050%2C600 3x"},"classes":[]},{"id":398645,"url":"http:\/\/vincentians.com\/es\/aportacion-del-carisma-vicenciano-la-mision-la-iglesia-9\/","url_meta":{"origin":398643,"position":4},"title":"Aportaci\u00f3n del carisma vicenciano a la Misi\u00f3n de la Iglesia (9)","author":"Francisco Javier Fern\u00e1ndez Chento","date":"12\/08\/2016","format":false,"excerpt":"9.- La creatividad Hemos recordado m\u00e1s arriba que para San Vicente de Pa\u00fal \u201cel acontecimiento es el signo de Dios y, de manera privilegiada, cuando concierne directamente a los pobres. El acontecimiento le indica la voluntad de Dios\u201d. La creatividad, aportaci\u00f3n del carisma vicenciano a la Misi\u00f3n de la Iglesia,\u2026","rel":"","context":"En \u00abFormaci\u00f3n Vicenciana\u00bb","block_context":{"text":"Formaci\u00f3n Vicenciana","link":"http:\/\/vincentians.com\/es\/category\/formacion-vicenciana\/"},"img":{"alt_text":"","src":"https:\/\/i0.wp.com\/vincentians.com\/es\/wp-content\/uploads\/sites\/11\/2016\/06\/contributions-charism.jpg?fit=1200%2C630&resize=350%2C200","width":350,"height":200,"srcset":"https:\/\/i0.wp.com\/vincentians.com\/es\/wp-content\/uploads\/sites\/11\/2016\/06\/contributions-charism.jpg?fit=1200%2C630&resize=350%2C200 1x, https:\/\/i0.wp.com\/vincentians.com\/es\/wp-content\/uploads\/sites\/11\/2016\/06\/contributions-charism.jpg?fit=1200%2C630&resize=525%2C300 1.5x, https:\/\/i0.wp.com\/vincentians.com\/es\/wp-content\/uploads\/sites\/11\/2016\/06\/contributions-charism.jpg?fit=1200%2C630&resize=700%2C400 2x, https:\/\/i0.wp.com\/vincentians.com\/es\/wp-content\/uploads\/sites\/11\/2016\/06\/contributions-charism.jpg?fit=1200%2C630&resize=1050%2C600 3x"},"classes":[]},{"id":398642,"url":"http:\/\/vincentians.com\/es\/aportacion-del-carisma-vicenciano-la-mision-la-iglesia-6\/","url_meta":{"origin":398643,"position":5},"title":"Aportaci\u00f3n del carisma vicenciano a la Misi\u00f3n de la Iglesia (6)","author":"Francisco Javier Fern\u00e1ndez Chento","date":"09\/08\/2016","format":false,"excerpt":"6.- La Misi\u00f3n de la Iglesia y los obreros del Evangelio. El Papa Francisco, al proponer la urgencia de la misi\u00f3n evangelizadora de la Iglesia en el mundo de hoy, exclama: \u201c\u00a1C\u00f3mo quisiera encontrar las palabras para alen\u00adtar una etapa evangelizadora m\u00e1s fervorosa, ale\u00adgre, generosa, audaz, llena de amor hasta\u2026","rel":"","context":"En \u00abFormaci\u00f3n Vicenciana\u00bb","block_context":{"text":"Formaci\u00f3n Vicenciana","link":"http:\/\/vincentians.com\/es\/category\/formacion-vicenciana\/"},"img":{"alt_text":"","src":"https:\/\/i0.wp.com\/vincentians.com\/es\/wp-content\/uploads\/sites\/11\/2016\/06\/contributions-charism.jpg?fit=1200%2C630&resize=350%2C200","width":350,"height":200,"srcset":"https:\/\/i0.wp.com\/vincentians.com\/es\/wp-content\/uploads\/sites\/11\/2016\/06\/contributions-charism.jpg?fit=1200%2C630&resize=350%2C200 1x, https:\/\/i0.wp.com\/vincentians.com\/es\/wp-content\/uploads\/sites\/11\/2016\/06\/contributions-charism.jpg?fit=1200%2C630&resize=525%2C300 1.5x, https:\/\/i0.wp.com\/vincentians.com\/es\/wp-content\/uploads\/sites\/11\/2016\/06\/contributions-charism.jpg?fit=1200%2C630&resize=700%2C400 2x, https:\/\/i0.wp.com\/vincentians.com\/es\/wp-content\/uploads\/sites\/11\/2016\/06\/contributions-charism.jpg?fit=1200%2C630&resize=1050%2C600 3x"},"classes":[]}],"_links":{"self":[{"href":"http:\/\/vincentians.com\/es\/wp-json\/wp\/v2\/posts\/398643","targetHints":{"allow":["GET"]}}],"collection":[{"href":"http:\/\/vincentians.com\/es\/wp-json\/wp\/v2\/posts"}],"about":[{"href":"http:\/\/vincentians.com\/es\/wp-json\/wp\/v2\/types\/post"}],"author":[{"embeddable":true,"href":"http:\/\/vincentians.com\/es\/wp-json\/wp\/v2\/users\/4"}],"replies":[{"embeddable":true,"href":"http:\/\/vincentians.com\/es\/wp-json\/wp\/v2\/comments?post=398643"}],"version-history":[{"count":0,"href":"http:\/\/vincentians.com\/es\/wp-json\/wp\/v2\/posts\/398643\/revisions"}],"wp:featuredmedia":[{"embeddable":true,"href":"http:\/\/vincentians.com\/es\/wp-json\/wp\/v2\/media\/148885"}],"wp:attachment":[{"href":"http:\/\/vincentians.com\/es\/wp-json\/wp\/v2\/media?parent=398643"}],"wp:term":[{"taxonomy":"category","embeddable":true,"href":"http:\/\/vincentians.com\/es\/wp-json\/wp\/v2\/categories?post=398643"},{"taxonomy":"post_tag","embeddable":true,"href":"http:\/\/vincentians.com\/es\/wp-json\/wp\/v2\/tags?post=398643"}],"curies":[{"name":"wp","href":"https:\/\/api.w.org\/{rel}","templated":true}]}}