{"id":398640,"date":"2016-08-08T06:00:54","date_gmt":"2016-08-08T04:00:54","guid":{"rendered":"http:\/\/vincentians.com\/es\/?p=398640"},"modified":"2016-08-04T18:12:18","modified_gmt":"2016-08-04T16:12:18","slug":"aportacion-del-carisma-vicenciano-la-mision-la-iglesia-5","status":"publish","type":"post","link":"http:\/\/vincentians.com\/es\/aportacion-del-carisma-vicenciano-la-mision-la-iglesia-5\/","title":{"rendered":"Aportaci\u00f3n del carisma vicenciano a la Misi\u00f3n de la Iglesia (5)"},"content":{"rendered":"<h2><strong>5.- El mundo, tal como Dios lo ve y quiere, \u00e1mbito de la Misi\u00f3n de la Iglesia.<\/strong><\/h2>\n<p>Para describir la visi\u00f3n vicenciana del mundo y de la historia,\u00a0 el P. Morin ha utilizado el s\u00edmil de <em>la mirada<\/em>, describiendo la trayectoria espiritual de Vicente de Pa\u00fal como la <em>historia de una mirada sobre el pobre<\/em>: una mirada que se ensancha desde el encuentro con el pobre hasta el descubrimiento de todos los pobres; una mirada que se universaliza desde la peque\u00f1a parroquia de Ch\u00e2tillon\u2026 hasta Madagascar; una mirada que se profundiza: del pobre a Jesucristo, de Jesucristo al pobre<span id='easy-footnote-1-398640' class='easy-footnote-margin-adjust'><\/span><span class='easy-footnote'><a href='http:\/\/vincentians.com\/es\/aportacion-del-carisma-vicenciano-la-mision-la-iglesia-5\/#easy-footnote-bottom-1-398640' title='J. Morin. Historia de una mirada sobre el pobre: &lt;em&gt;En tiempos de San Vicente de Pa\u00fal y hoy&lt;\/em&gt;. Ceme, Salamanca 1997, vol. I 377-401.'><sup>1<\/sup><\/a><\/span>.<\/p>\n<p>Queriendo ver el mundo, tal como Dios lo ve y quiere, ha entendido Vicente de Pa\u00fal cada una de sus obras y fundaciones, no como propias, sino como <em>fundadas y establecidas por Dios<\/em>.<\/p>\n<p style=\"padding-left: 30px;\">El bien que Dios quiere se realiza casi\u2026 sin que se piense en ello; as\u00ed es como naci\u00f3 nuestra congregaci\u00f3n, como empezaron los ejercicios de las misiones y de los ordenandos, como se fund\u00f3 la compa\u00f1\u00eda de las hijas de la Caridad, como se estableci\u00f3 la de las damas para la asistencia de los pobres del hospital de Par\u00eds y de los enfermos de las parroquias, como se emprendi\u00f3 el cuidado de los ni\u00f1os exp\u00f3sitos, y en fin como empezaron todas las obras que actualmente llevamos entre manos. Ninguna de esas obras se emprendieron por nuestra cuenta y siguiendo nuestros planes, sino que Dios, que deseaba ser servido en esas ocasiones, las suscit\u00f3 \u00e9l mismo casi sin darnos cuenta y se sirvi\u00f3 de nosotros, sin que supi\u00e9ramos hasta d\u00f3nde \u00edbamos a llegar<span id='easy-footnote-2-398640' class='easy-footnote-margin-adjust'><\/span><span class='easy-footnote'><a href='http:\/\/vincentians.com\/es\/aportacion-del-carisma-vicenciano-la-mision-la-iglesia-5\/#easy-footnote-bottom-2-398640' title='SVP IV 499.'><sup>2<\/sup><\/a><\/span>.<\/p>\n<p>Es frecuente encontrar en los escritos prof\u00e9ticos la expresi\u00f3n <em>\u201c\u00bfqu\u00e9 ves?\u201d<\/em><span id='easy-footnote-3-398640' class='easy-footnote-margin-adjust'><\/span><span class='easy-footnote'><a href='http:\/\/vincentians.com\/es\/aportacion-del-carisma-vicenciano-la-mision-la-iglesia-5\/#easy-footnote-bottom-3-398640' title='Cf. Am 8,1; Jer 1, 11; passim.'><sup>3<\/sup><\/a><\/span><a href=\"#_ftn3\" name=\"_ftnref3\"><\/a>; y a continuaci\u00f3n: <em>\u201cesto me mostr\u00f3 el Se\u00f1or\u201d<\/em>. Y as\u00ed la vasija de barro en manos del alfarero o la vi\u00f1a de uvas amargas o el almendro, etc. La realidad se transforma para la mirada del profeta en lugar de revelaci\u00f3n, en par\u00e1bola viva de lo que el Se\u00f1or quiere; y le permite ver el mundo y la historia, no como la ven sus contempor\u00e1neos, sino <em>como los ve y los quiere Dios.<\/em> El P. J-P Renouard asegura que para Vicente de Pa\u00fal <em>\u201cel acontecimiento es el signo de Dios y, de manera privilegiada, cuando concierne directamente a los pobres. El acontecimiento es, para \u00e9l, portador de Dios; le indica su voluntad\u201d<\/em><span id='easy-footnote-4-398640' class='easy-footnote-margin-adjust'><\/span><span class='easy-footnote'><a href='http:\/\/vincentians.com\/es\/aportacion-del-carisma-vicenciano-la-mision-la-iglesia-5\/#easy-footnote-bottom-4-398640' title='J-P. Renouard. La atenci\u00f3n a los acontecimientos: &lt;em&gt;En tiempos de San Vicente de Pa\u00fal y hoy, o.c&lt;\/em&gt;., vol. II 395.'><sup>4<\/sup><\/a><\/span>.<\/p>\n<p>Esta capacidad de ver el mundo, tal como Dios lo ve y quiere, llevar\u00e1 a confesar a Vicente de Pa\u00fal: \u00ab<em>Los pobres, que no saben a d\u00f3nde ir, ni qu\u00e9 hacer, que sufren y que se multiplican todos los d\u00edas, constituyen mi peso y mi dolor<\/em>\u00ab<span id='easy-footnote-5-398640' class='easy-footnote-margin-adjust'><\/span><span class='easy-footnote'><a href='http:\/\/vincentians.com\/es\/aportacion-del-carisma-vicenciano-la-mision-la-iglesia-5\/#easy-footnote-bottom-5-398640' title='Carta de Vicente de Pa\u00fal al P. Alm\u00e9ras, el 8 de octubre de 1649. Cf. P. Collet&lt;em&gt;. La vie de saint Vincent de Paul, o.c.&lt;\/em&gt;, vol. I 479.'><sup>5<\/sup><\/a><\/span><a href=\"#_ftn5\" name=\"_ftnref5\"><\/a>.\u00a0 Y a denunciar, al mismo tiempo que \u00ab<em>los grandes s\u00f3lo piensan en honores y riquezas<\/em>\u00ab<span id='easy-footnote-6-398640' class='easy-footnote-margin-adjust'><\/span><span class='easy-footnote'><a href='http:\/\/vincentians.com\/es\/aportacion-del-carisma-vicenciano-la-mision-la-iglesia-5\/#easy-footnote-bottom-6-398640' title='SVP XI 25.'><sup>6<\/sup><\/a><\/span><a href=\"#_ftn6\" name=\"_ftnref6\"><\/a>. Empe\u00f1ar\u00e1 todas sus fuerzas en la liberaci\u00f3n y salvaci\u00f3n de los pobres, porque \u00ab<em>no es suficiente ser salvados, hay que ser salvadores con Cristo<\/em>\u00ab<span id='easy-footnote-7-398640' class='easy-footnote-margin-adjust'><\/span><span class='easy-footnote'><a href='http:\/\/vincentians.com\/es\/aportacion-del-carisma-vicenciano-la-mision-la-iglesia-5\/#easy-footnote-bottom-7-398640' title='SVP XI 415.'><sup>7<\/sup><\/a><\/span><a href=\"#_ftn7\" name=\"_ftnref7\"><\/a>. Convencido como est\u00e1 de que \u00ab<em>no me basta con amar a Dios, si mi pr\u00f3jimo no le ama<\/em>\u00ab<span id='easy-footnote-8-398640' class='easy-footnote-margin-adjust'><\/span><span class='easy-footnote'><a href='http:\/\/vincentians.com\/es\/aportacion-del-carisma-vicenciano-la-mision-la-iglesia-5\/#easy-footnote-bottom-8-398640' title='SVP XI 553.'><sup>8<\/sup><\/a><\/span>.<\/p>\n<p>Vicente de Pa\u00fal advierte de que hay que ver las cosas como las ve Dios, \u00ab<em>como son en Dios, y no como aparecen al margen de \u00c9l, porque, si no es as\u00ed, podr\u00edamos enga\u00f1arnos, y obrar de manera distinta de la que \u00c9l quiere<\/em>\u00ab<span id='easy-footnote-9-398640' class='easy-footnote-margin-adjust'><\/span><span class='easy-footnote'><a href='http:\/\/vincentians.com\/es\/aportacion-del-carisma-vicenciano-la-mision-la-iglesia-5\/#easy-footnote-bottom-9-398640' title='SVP VII 331.'><sup>9<\/sup><\/a><\/span>:<\/p>\n<p style=\"padding-left: 30px;\">Ateng\u00e1monos al juicio que Dios tiene de las cosas&#8230; Ajustemos nuestro juicio, lo mismo que nuestro Se\u00f1or, al juicio de Dios, tal como lo conocemos en las Sagradas Escrituras&#8230; Entonces, en el nombre del Se\u00f1or, podemos formar nuestro razonamiento seg\u00fan el sentido m\u00e1s conforme con el esp\u00edritu del Evangelio<span id='easy-footnote-10-398640' class='easy-footnote-margin-adjust'><\/span><span class='easy-footnote'><a href='http:\/\/vincentians.com\/es\/aportacion-del-carisma-vicenciano-la-mision-la-iglesia-5\/#easy-footnote-bottom-10-398640' title='SVP XI 513.'><sup>10<\/sup><\/a><\/span>.<\/p>\n<p>Ante los misioneros, en la conferencia del 27 de abril de 1657, argumenta:<\/p>\n<p style=\"padding-left: 30px;\">No hemos de considerar a un pobre campesino o a una pobre mujer seg\u00fan su aspecto exterior, ni seg\u00fan la impresi\u00f3n de su esp\u00edritu, dado que con frecuencia no tienen ni la figura ni el esp\u00edritu de las personas educadas, pues son vulgares y groseros. Pero dadle la vuelta a la medalla y ver\u00e9is con las luces de la fe que son \u00e9sos los que nos representan al Hijo de Dios&#8230; \u00a1Qu\u00e9 hermoso ser\u00eda ver a los pobres, consider\u00e1ndolos en Dios y en el aprecio en que los tuvo Jesucristo! Pero, si los miramos con los sentimientos de la carne y del esp\u00edritu mundano, nos parecer\u00e1n despreciables<span id='easy-footnote-11-398640' class='easy-footnote-margin-adjust'><\/span><span class='easy-footnote'><a href='http:\/\/vincentians.com\/es\/aportacion-del-carisma-vicenciano-la-mision-la-iglesia-5\/#easy-footnote-bottom-11-398640' title='SVP XI 725.'><sup>11<\/sup><\/a><\/span>.<\/p>\n<p>Es esta mirada al mundo, tal como Dios lo ve y quiere, la que explica el compromiso vicenciano en la causa de los pobres, porque <em>viendo las cosas en Dios<\/em> los pobres nos representan a Jesucristo, son sus miembros sufrientes.<\/p>\n<p>Son muchas y muy ricas las expresiones que encontramos en los escritos de Santa Luisa para describir a los pobres, tal como Dios los ve y quiere: los miembros de Jes\u00fas<span id='easy-footnote-12-398640' class='easy-footnote-margin-adjust'><\/span><span class='easy-footnote'><a href='http:\/\/vincentians.com\/es\/aportacion-del-carisma-vicenciano-la-mision-la-iglesia-5\/#easy-footnote-bottom-12-398640' title='C. 3.'><sup>12<\/sup><\/a><\/span>; nuestros amos<span id='easy-footnote-13-398640' class='easy-footnote-margin-adjust'><\/span><span class='easy-footnote'><a href='http:\/\/vincentians.com\/es\/aportacion-del-carisma-vicenciano-la-mision-la-iglesia-5\/#easy-footnote-bottom-13-398640' title='C. 7.'><sup>13<\/sup><\/a><\/span><a href=\"#_ftn13\" name=\"_ftnref13\"><\/a>; pobres criaturas a las que Dios quiere considerar como miembros suyos<span id='easy-footnote-14-398640' class='easy-footnote-margin-adjust'><\/span><span class='easy-footnote'><a href='http:\/\/vincentians.com\/es\/aportacion-del-carisma-vicenciano-la-mision-la-iglesia-5\/#easy-footnote-bottom-14-398640' title='C. 14.'><sup>14<\/sup><\/a><\/span><a href=\"#_ftn14\" name=\"_ftnref14\"><\/a>; nuestros amados amos<span id='easy-footnote-15-398640' class='easy-footnote-margin-adjust'><\/span><span class='easy-footnote'><a href='http:\/\/vincentians.com\/es\/aportacion-del-carisma-vicenciano-la-mision-la-iglesia-5\/#easy-footnote-bottom-15-398640' title='C. 33.'><sup>15<\/sup><\/a><\/span><a href=\"#_ftn15\" name=\"_ftnref15\"><\/a>; almas rescatadas con la sangre del Hijo de Dios<span id='easy-footnote-16-398640' class='easy-footnote-margin-adjust'><\/span><span class='easy-footnote'><a href='http:\/\/vincentians.com\/es\/aportacion-del-carisma-vicenciano-la-mision-la-iglesia-5\/#easy-footnote-bottom-16-398640' title='C. 48.'><sup>16<\/sup><\/a><\/span><a href=\"#_ftn16\" name=\"_ftnref16\"><\/a>; nuestros amos, los miembros queridos del Se\u00f1or<span id='easy-footnote-17-398640' class='easy-footnote-margin-adjust'><\/span><span class='easy-footnote'><a href='http:\/\/vincentians.com\/es\/aportacion-del-carisma-vicenciano-la-mision-la-iglesia-5\/#easy-footnote-bottom-17-398640' title='C. 78.'><sup>17<\/sup><\/a><\/span><a href=\"#_ftn17\" name=\"_ftnref17\"><\/a>; nuestros queridos amos, los miembros de Jesucristo<span id='easy-footnote-18-398640' class='easy-footnote-margin-adjust'><\/span><span class='easy-footnote'><a href='http:\/\/vincentians.com\/es\/aportacion-del-carisma-vicenciano-la-mision-la-iglesia-5\/#easy-footnote-bottom-18-398640' title='C. 115.'><sup>18<\/sup><\/a><\/span><a href=\"#_ftn18\" name=\"_ftnref18\"><\/a>; miembros de Jesucristo<span id='easy-footnote-19-398640' class='easy-footnote-margin-adjust'><\/span><span class='easy-footnote'><a href='http:\/\/vincentians.com\/es\/aportacion-del-carisma-vicenciano-la-mision-la-iglesia-5\/#easy-footnote-bottom-19-398640' title='C. 423.'><sup>19<\/sup><\/a><\/span><a href=\"#_ftn19\" name=\"_ftnref19\"><\/a>; criaturas rescatadas con la sangre del Hijo de Dios<span id='easy-footnote-20-398640' class='easy-footnote-margin-adjust'><\/span><span class='easy-footnote'><a href='http:\/\/vincentians.com\/es\/aportacion-del-carisma-vicenciano-la-mision-la-iglesia-5\/#easy-footnote-bottom-20-398640' title='C. 434.'><sup>20<\/sup><\/a><\/span><a href=\"#_ftn20\" name=\"_ftnref20\"><\/a>; miembros de Jesucristo y nuestros amos<span id='easy-footnote-21-398640' class='easy-footnote-margin-adjust'><\/span><span class='easy-footnote'><a href='http:\/\/vincentians.com\/es\/aportacion-del-carisma-vicenciano-la-mision-la-iglesia-5\/#easy-footnote-bottom-21-398640' title='C. 487.'><sup>21<\/sup><\/a><\/span>.<\/p>\n<p>El mundo, tal como Dios lo ve y quiere, es as\u00ed el \u00e1mbito de la Misi\u00f3n de la Iglesia, de modo que si el servicio al pobre lo requiriera, habr\u00e1 que dejar la oraci\u00f3n e incluso la eucarist\u00eda: obrar as\u00ed no ser\u00e1 descuidar los deberes de la religi\u00f3n, sino <em>dejar a Dios por Dios.<\/em> Dice San Vicente:<\/p>\n<p style=\"padding-left: 30px;\">Si fuera voluntad de Dios que tuvieseis que asistir a un enfermo en domingo, en vez de ir a o\u00edr misa, aunque fuera obligaci\u00f3n, habr\u00eda que hacerlo. A eso se le llama dejar a Dios por Dios<span id='easy-footnote-22-398640' class='easy-footnote-margin-adjust'><\/span><span class='easy-footnote'><a href='http:\/\/vincentians.com\/es\/aportacion-del-carisma-vicenciano-la-mision-la-iglesia-5\/#easy-footnote-bottom-22-398640' title='SVP IX 725.'><sup>22<\/sup><\/a><\/span>.<\/p>\n<p>Y, por su parte, Santa Luisa:<\/p>\n<p style=\"padding-left: 30px;\">Dejar los ejercicios de piedad para asistir a su Hermana o para servir a los pobres por amor de Dios es dejar a Dios por Dios<span id='easy-footnote-23-398640' class='easy-footnote-margin-adjust'><\/span><span class='easy-footnote'><a href='http:\/\/vincentians.com\/es\/aportacion-del-carisma-vicenciano-la-mision-la-iglesia-5\/#easy-footnote-bottom-23-398640' title='C. 556.'><sup>23<\/sup><\/a><\/span>.<\/p>\n<p>Y es que acudir a servir al pobre es acudir al encuentro con Dios:<\/p>\n<p style=\"padding-left: 30px;\">Id a ver a los pobres condenados a cadena perpetua, y en ellos encontrar\u00e9is a Dios; servid a esos ni\u00f1os y en ellos encontrar\u00e9is a Dios. \u00a1Hijas m\u00edas, cu\u00e1n admirable es esto&#8230; Vais a unas casas muy pobres, pero all\u00ed encontr\u00e1is a Dios&#8230;<span id='easy-footnote-24-398640' class='easy-footnote-margin-adjust'><\/span><span class='easy-footnote'><a href='http:\/\/vincentians.com\/es\/aportacion-del-carisma-vicenciano-la-mision-la-iglesia-5\/#easy-footnote-bottom-24-398640' title='SVP IX 240.'><sup>24<\/sup><\/a><\/span>.<\/p>\n<p>El carisma vicenciano ha contribuido a que en su Misi\u00f3n los seguidores de Jesucristo estemos atentos al mundo, particularmente al mundo de los pobres y, vi\u00e9ndolo tal como Dios lo ve y quiere, comprometerse en su transformaci\u00f3n.<\/p>\n<h3><strong><em>Descarga el art\u00edculo completo:<\/em><br \/>\n<\/strong><\/h3>\n[wpfilebase tag=file id=144 \/]\n","protected":false},"excerpt":{"rendered":"<p>5.- El mundo, tal como Dios lo ve y quiere, \u00e1mbito de la Misi\u00f3n de la Iglesia. Para describir la visi\u00f3n vicenciana del mundo y de la historia,\u00a0 el P. Morin ha utilizado el s\u00edmil &#8230; <a href=\"http:\/\/vincentians.com\/es\/aportacion-del-carisma-vicenciano-la-mision-la-iglesia-5\/\" class=\"more-link\">Read More<\/a><\/p>\n","protected":false},"author":4,"featured_media":148885,"comment_status":"open","ping_status":"open","sticky":false,"template":"","format":"standard","meta":{"jetpack_post_was_ever_published":false,"_jetpack_newsletter_access":"","_jetpack_dont_email_post_to_subs":false,"_jetpack_newsletter_tier_id":0,"_jetpack_memberships_contains_paywalled_content":false,"_jetpack_memberships_contains_paid_content":false,"footnotes":"","jetpack_publicize_message":"","jetpack_publicize_feature_enabled":true,"jetpack_social_post_already_shared":true,"jetpack_social_options":{"image_generator_settings":{"template":"highway","default_image_id":0,"font":"","enabled":false},"version":2}},"categories":[28],"tags":[],"class_list":["post-398640","post","type-post","status-publish","format-standard","has-post-thumbnail","hentry","category-formacion-vicenciana"],"yoast_head":"<!-- This site is optimized with the Yoast SEO plugin v26.3 - https:\/\/yoast.com\/wordpress\/plugins\/seo\/ -->\n<title>Aportaci\u00f3n del carisma vicenciano a la Misi\u00f3n de la Iglesia (5) - Somos Vicencianos<\/title>\n<meta name=\"robots\" content=\"index, follow, max-snippet:-1, max-image-preview:large, max-video-preview:-1\" \/>\n<link rel=\"canonical\" href=\"https:\/\/vincentians.com\/es\/aportacion-del-carisma-vicenciano-la-mision-la-iglesia-5\/\" \/>\n<meta property=\"og:locale\" content=\"es_ES\" \/>\n<meta property=\"og:type\" content=\"article\" \/>\n<meta property=\"og:title\" content=\"Aportaci\u00f3n del carisma vicenciano a la Misi\u00f3n de la Iglesia (5) - Somos Vicencianos\" \/>\n<meta property=\"og:description\" content=\"5.- El mundo, tal como Dios lo ve y quiere, \u00e1mbito de la Misi\u00f3n de la Iglesia. Para describir la visi\u00f3n vicenciana del mundo y de la historia,\u00a0 el P. Morin ha utilizado el s\u00edmil ... Read More\" \/>\n<meta property=\"og:url\" content=\"https:\/\/vincentians.com\/es\/aportacion-del-carisma-vicenciano-la-mision-la-iglesia-5\/\" \/>\n<meta property=\"og:site_name\" content=\"Somos Vicencianos\" \/>\n<meta property=\"article:publisher\" content=\"https:\/\/www.facebook.com\/WeAreVincentians\/\" \/>\n<meta property=\"article:author\" content=\"https:\/\/www.facebook.com\/JavierChento\" \/>\n<meta property=\"article:published_time\" content=\"2016-08-08T04:00:54+00:00\" \/>\n<meta property=\"og:image\" content=\"https:\/\/i0.wp.com\/vincentians.com\/es\/wp-content\/uploads\/sites\/11\/2016\/06\/contributions-charism.jpg?fit=1200%2C630&ssl=1\" \/>\n\t<meta property=\"og:image:width\" content=\"1200\" \/>\n\t<meta property=\"og:image:height\" content=\"630\" \/>\n\t<meta property=\"og:image:type\" content=\"image\/jpeg\" \/>\n<meta name=\"author\" content=\"Francisco Javier Fern\u00e1ndez Chento\" \/>\n<meta name=\"twitter:card\" content=\"summary_large_image\" \/>\n<meta name=\"twitter:creator\" content=\"@https:\/\/twitter.com\/javierchento\" \/>\n<meta name=\"twitter:site\" content=\"@WeVincentians\" \/>\n<meta name=\"twitter:label1\" content=\"Escrito por\" \/>\n\t<meta name=\"twitter:data1\" content=\"Francisco Javier Fern\u00e1ndez Chento\" \/>\n\t<meta name=\"twitter:label2\" content=\"Tiempo de lectura\" \/>\n\t<meta name=\"twitter:data2\" content=\"6 minutos\" \/>\n<script type=\"application\/ld+json\" class=\"yoast-schema-graph\">{\"@context\":\"https:\/\/schema.org\",\"@graph\":[{\"@type\":\"Article\",\"@id\":\"https:\/\/vincentians.com\/es\/aportacion-del-carisma-vicenciano-la-mision-la-iglesia-5\/#article\",\"isPartOf\":{\"@id\":\"https:\/\/vincentians.com\/es\/aportacion-del-carisma-vicenciano-la-mision-la-iglesia-5\/\"},\"author\":{\"name\":\"Francisco Javier Fern\u00e1ndez Chento\",\"@id\":\"http:\/\/vincentians.com\/es\/#\/schema\/person\/9623ef4d9aa3b2dfb8c061f1499288f2\"},\"headline\":\"Aportaci\u00f3n del carisma vicenciano a la Misi\u00f3n de la Iglesia (5)\",\"datePublished\":\"2016-08-08T04:00:54+00:00\",\"mainEntityOfPage\":{\"@id\":\"https:\/\/vincentians.com\/es\/aportacion-del-carisma-vicenciano-la-mision-la-iglesia-5\/\"},\"wordCount\":1294,\"commentCount\":0,\"publisher\":{\"@id\":\"http:\/\/vincentians.com\/es\/#organization\"},\"image\":{\"@id\":\"https:\/\/vincentians.com\/es\/aportacion-del-carisma-vicenciano-la-mision-la-iglesia-5\/#primaryimage\"},\"thumbnailUrl\":\"https:\/\/i0.wp.com\/vincentians.com\/es\/wp-content\/uploads\/sites\/11\/2016\/06\/contributions-charism.jpg?fit=1200%2C630\",\"articleSection\":[\"Formaci\u00f3n Vicenciana\"],\"inLanguage\":\"es\",\"potentialAction\":[{\"@type\":\"CommentAction\",\"name\":\"Comment\",\"target\":[\"https:\/\/vincentians.com\/es\/aportacion-del-carisma-vicenciano-la-mision-la-iglesia-5\/#respond\"]}]},{\"@type\":\"WebPage\",\"@id\":\"https:\/\/vincentians.com\/es\/aportacion-del-carisma-vicenciano-la-mision-la-iglesia-5\/\",\"url\":\"https:\/\/vincentians.com\/es\/aportacion-del-carisma-vicenciano-la-mision-la-iglesia-5\/\",\"name\":\"Aportaci\u00f3n del carisma vicenciano a la Misi\u00f3n de la Iglesia (5) - Somos Vicencianos\",\"isPartOf\":{\"@id\":\"http:\/\/vincentians.com\/es\/#website\"},\"primaryImageOfPage\":{\"@id\":\"https:\/\/vincentians.com\/es\/aportacion-del-carisma-vicenciano-la-mision-la-iglesia-5\/#primaryimage\"},\"image\":{\"@id\":\"https:\/\/vincentians.com\/es\/aportacion-del-carisma-vicenciano-la-mision-la-iglesia-5\/#primaryimage\"},\"thumbnailUrl\":\"https:\/\/i0.wp.com\/vincentians.com\/es\/wp-content\/uploads\/sites\/11\/2016\/06\/contributions-charism.jpg?fit=1200%2C630\",\"datePublished\":\"2016-08-08T04:00:54+00:00\",\"breadcrumb\":{\"@id\":\"https:\/\/vincentians.com\/es\/aportacion-del-carisma-vicenciano-la-mision-la-iglesia-5\/#breadcrumb\"},\"inLanguage\":\"es\",\"potentialAction\":[{\"@type\":\"ReadAction\",\"target\":[\"https:\/\/vincentians.com\/es\/aportacion-del-carisma-vicenciano-la-mision-la-iglesia-5\/\"]}]},{\"@type\":\"ImageObject\",\"inLanguage\":\"es\",\"@id\":\"https:\/\/vincentians.com\/es\/aportacion-del-carisma-vicenciano-la-mision-la-iglesia-5\/#primaryimage\",\"url\":\"https:\/\/i0.wp.com\/vincentians.com\/es\/wp-content\/uploads\/sites\/11\/2016\/06\/contributions-charism.jpg?fit=1200%2C630\",\"contentUrl\":\"https:\/\/i0.wp.com\/vincentians.com\/es\/wp-content\/uploads\/sites\/11\/2016\/06\/contributions-charism.jpg?fit=1200%2C630\",\"width\":1200,\"height\":630},{\"@type\":\"BreadcrumbList\",\"@id\":\"https:\/\/vincentians.com\/es\/aportacion-del-carisma-vicenciano-la-mision-la-iglesia-5\/#breadcrumb\",\"itemListElement\":[{\"@type\":\"ListItem\",\"position\":1,\"name\":\"Portada\",\"item\":\"http:\/\/vincentians.com\/es\/\"},{\"@type\":\"ListItem\",\"position\":2,\"name\":\"Aportaci\u00f3n del carisma vicenciano a la Misi\u00f3n de la Iglesia (5)\"}]},{\"@type\":\"WebSite\",\"@id\":\"http:\/\/vincentians.com\/es\/#website\",\"url\":\"http:\/\/vincentians.com\/es\/\",\"name\":\"Somos Vicencianos\",\"description\":\"Know more to serve more\",\"publisher\":{\"@id\":\"http:\/\/vincentians.com\/es\/#organization\"},\"potentialAction\":[{\"@type\":\"SearchAction\",\"target\":{\"@type\":\"EntryPoint\",\"urlTemplate\":\"http:\/\/vincentians.com\/es\/?s={search_term_string}\"},\"query-input\":{\"@type\":\"PropertyValueSpecification\",\"valueRequired\":true,\"valueName\":\"search_term_string\"}}],\"inLanguage\":\"es\"},{\"@type\":\"Organization\",\"@id\":\"http:\/\/vincentians.com\/es\/#organization\",\"name\":\"The Vincentian Network\",\"url\":\"http:\/\/vincentians.com\/es\/\",\"logo\":{\"@type\":\"ImageObject\",\"inLanguage\":\"es\",\"@id\":\"http:\/\/vincentians.com\/es\/#\/schema\/logo\/image\/\",\"url\":\"https:\/\/i1.wp.com\/vincentians.com\/es\/wp-content\/uploads\/sites\/11\/2016\/06\/Vincentian-Network-logo-big.png?fit=778%2C778\",\"contentUrl\":\"https:\/\/i1.wp.com\/vincentians.com\/es\/wp-content\/uploads\/sites\/11\/2016\/06\/Vincentian-Network-logo-big.png?fit=778%2C778\",\"width\":778,\"height\":778,\"caption\":\"The Vincentian Network\"},\"image\":{\"@id\":\"http:\/\/vincentians.com\/es\/#\/schema\/logo\/image\/\"},\"sameAs\":[\"https:\/\/www.facebook.com\/WeAreVincentians\/\",\"https:\/\/x.com\/WeVincentians\"]},{\"@type\":\"Person\",\"@id\":\"http:\/\/vincentians.com\/es\/#\/schema\/person\/9623ef4d9aa3b2dfb8c061f1499288f2\",\"name\":\"Francisco Javier Fern\u00e1ndez Chento\",\"image\":{\"@type\":\"ImageObject\",\"inLanguage\":\"es\",\"@id\":\"http:\/\/vincentians.com\/es\/#\/schema\/person\/image\/\",\"url\":\"https:\/\/secure.gravatar.com\/avatar\/497d5cde87b4c3d097d0315953521681ba2cd523ee66e5077c3711f7021e65de?s=96&d=mm&r=g\",\"contentUrl\":\"https:\/\/secure.gravatar.com\/avatar\/497d5cde87b4c3d097d0315953521681ba2cd523ee66e5077c3711f7021e65de?s=96&d=mm&r=g\",\"caption\":\"Francisco Javier Fern\u00e1ndez Chento\"},\"description\":\"Director General y cofundador de La Red de Formaci\u00f3n Vicenciana. Javier es laico vicenciano, afiliado a la Congregaci\u00f3n de la Misi\u00f3n y miembro del Equipo de Misiones Populares de la provincia can\u00f3nica de Zaragoza (Espa\u00f1a) de la Congregaci\u00f3n de la Misi\u00f3n. Graduado en la Universidad Oberta de Catalunya con cuatro grados (Asistente de direcci\u00f3n, Gesti\u00f3n Administrativa, Recursos Humanos y Contabilidad Avanzada). Bil\u00edng\u00fce Espa\u00f1ol\/Ingl\u00e9s. gestiona y mantiene varias p\u00e1ginas web cristianas y vicencianas, incluida including La Red de Formaci\u00f3n Vicenciana, de la que es cofundador. Actualmente es responsable del \u00e1rea de Espa\u00f1ol de .famvin, la Red de Noticias de la Familia Vicenciana. Tambi\u00e9n es m\u00fasico cat\u00f3lico y ha editado varios discos. Es Director General y cofundador de Trovador, una reconocida compa\u00f1\u00eda discogr\u00e1fica critiana de Espa\u00f1a. Trabaja en las Tecnolog\u00edas de la Informaci\u00f3n, ofreciendo servicios de alojamiento, dise\u00f1o y mantenimiento Web, as\u00ed como asesoramiento, formaci\u00f3n y soluciones inform\u00e1ticas, gesti\u00f3n documental y digitalizaci\u00f3n de textos, edici\u00f3n y maquetaci\u00f3n de libros, revistas, flyers, etc.\",\"sameAs\":[\"http:\/\/chento.org\",\"https:\/\/www.facebook.com\/JavierChento\",\"https:\/\/x.com\/https:\/\/twitter.com\/javierchento\"],\"url\":\"http:\/\/vincentians.com\/es\/author\/chento\/\"}]}<\/script>\n<!-- \/ Yoast SEO plugin. -->","yoast_head_json":{"title":"Aportaci\u00f3n del carisma vicenciano a la Misi\u00f3n de la Iglesia (5) - Somos Vicencianos","robots":{"index":"index","follow":"follow","max-snippet":"max-snippet:-1","max-image-preview":"max-image-preview:large","max-video-preview":"max-video-preview:-1"},"canonical":"https:\/\/vincentians.com\/es\/aportacion-del-carisma-vicenciano-la-mision-la-iglesia-5\/","og_locale":"es_ES","og_type":"article","og_title":"Aportaci\u00f3n del carisma vicenciano a la Misi\u00f3n de la Iglesia (5) - Somos Vicencianos","og_description":"5.- El mundo, tal como Dios lo ve y quiere, \u00e1mbito de la Misi\u00f3n de la Iglesia. Para describir la visi\u00f3n vicenciana del mundo y de la historia,\u00a0 el P. Morin ha utilizado el s\u00edmil ... Read More","og_url":"https:\/\/vincentians.com\/es\/aportacion-del-carisma-vicenciano-la-mision-la-iglesia-5\/","og_site_name":"Somos Vicencianos","article_publisher":"https:\/\/www.facebook.com\/WeAreVincentians\/","article_author":"https:\/\/www.facebook.com\/JavierChento","article_published_time":"2016-08-08T04:00:54+00:00","og_image":[{"width":1200,"height":630,"url":"https:\/\/i0.wp.com\/vincentians.com\/es\/wp-content\/uploads\/sites\/11\/2016\/06\/contributions-charism.jpg?fit=1200%2C630&ssl=1","type":"image\/jpeg"}],"author":"Francisco Javier Fern\u00e1ndez Chento","twitter_card":"summary_large_image","twitter_creator":"@https:\/\/twitter.com\/javierchento","twitter_site":"@WeVincentians","twitter_misc":{"Escrito por":"Francisco Javier Fern\u00e1ndez Chento","Tiempo de lectura":"6 minutos"},"schema":{"@context":"https:\/\/schema.org","@graph":[{"@type":"Article","@id":"https:\/\/vincentians.com\/es\/aportacion-del-carisma-vicenciano-la-mision-la-iglesia-5\/#article","isPartOf":{"@id":"https:\/\/vincentians.com\/es\/aportacion-del-carisma-vicenciano-la-mision-la-iglesia-5\/"},"author":{"name":"Francisco Javier Fern\u00e1ndez Chento","@id":"http:\/\/vincentians.com\/es\/#\/schema\/person\/9623ef4d9aa3b2dfb8c061f1499288f2"},"headline":"Aportaci\u00f3n del carisma vicenciano a la Misi\u00f3n de la Iglesia (5)","datePublished":"2016-08-08T04:00:54+00:00","mainEntityOfPage":{"@id":"https:\/\/vincentians.com\/es\/aportacion-del-carisma-vicenciano-la-mision-la-iglesia-5\/"},"wordCount":1294,"commentCount":0,"publisher":{"@id":"http:\/\/vincentians.com\/es\/#organization"},"image":{"@id":"https:\/\/vincentians.com\/es\/aportacion-del-carisma-vicenciano-la-mision-la-iglesia-5\/#primaryimage"},"thumbnailUrl":"https:\/\/i0.wp.com\/vincentians.com\/es\/wp-content\/uploads\/sites\/11\/2016\/06\/contributions-charism.jpg?fit=1200%2C630","articleSection":["Formaci\u00f3n Vicenciana"],"inLanguage":"es","potentialAction":[{"@type":"CommentAction","name":"Comment","target":["https:\/\/vincentians.com\/es\/aportacion-del-carisma-vicenciano-la-mision-la-iglesia-5\/#respond"]}]},{"@type":"WebPage","@id":"https:\/\/vincentians.com\/es\/aportacion-del-carisma-vicenciano-la-mision-la-iglesia-5\/","url":"https:\/\/vincentians.com\/es\/aportacion-del-carisma-vicenciano-la-mision-la-iglesia-5\/","name":"Aportaci\u00f3n del carisma vicenciano a la Misi\u00f3n de la Iglesia (5) - Somos Vicencianos","isPartOf":{"@id":"http:\/\/vincentians.com\/es\/#website"},"primaryImageOfPage":{"@id":"https:\/\/vincentians.com\/es\/aportacion-del-carisma-vicenciano-la-mision-la-iglesia-5\/#primaryimage"},"image":{"@id":"https:\/\/vincentians.com\/es\/aportacion-del-carisma-vicenciano-la-mision-la-iglesia-5\/#primaryimage"},"thumbnailUrl":"https:\/\/i0.wp.com\/vincentians.com\/es\/wp-content\/uploads\/sites\/11\/2016\/06\/contributions-charism.jpg?fit=1200%2C630","datePublished":"2016-08-08T04:00:54+00:00","breadcrumb":{"@id":"https:\/\/vincentians.com\/es\/aportacion-del-carisma-vicenciano-la-mision-la-iglesia-5\/#breadcrumb"},"inLanguage":"es","potentialAction":[{"@type":"ReadAction","target":["https:\/\/vincentians.com\/es\/aportacion-del-carisma-vicenciano-la-mision-la-iglesia-5\/"]}]},{"@type":"ImageObject","inLanguage":"es","@id":"https:\/\/vincentians.com\/es\/aportacion-del-carisma-vicenciano-la-mision-la-iglesia-5\/#primaryimage","url":"https:\/\/i0.wp.com\/vincentians.com\/es\/wp-content\/uploads\/sites\/11\/2016\/06\/contributions-charism.jpg?fit=1200%2C630","contentUrl":"https:\/\/i0.wp.com\/vincentians.com\/es\/wp-content\/uploads\/sites\/11\/2016\/06\/contributions-charism.jpg?fit=1200%2C630","width":1200,"height":630},{"@type":"BreadcrumbList","@id":"https:\/\/vincentians.com\/es\/aportacion-del-carisma-vicenciano-la-mision-la-iglesia-5\/#breadcrumb","itemListElement":[{"@type":"ListItem","position":1,"name":"Portada","item":"http:\/\/vincentians.com\/es\/"},{"@type":"ListItem","position":2,"name":"Aportaci\u00f3n del carisma vicenciano a la Misi\u00f3n de la Iglesia (5)"}]},{"@type":"WebSite","@id":"http:\/\/vincentians.com\/es\/#website","url":"http:\/\/vincentians.com\/es\/","name":"Somos Vicencianos","description":"Know more to serve more","publisher":{"@id":"http:\/\/vincentians.com\/es\/#organization"},"potentialAction":[{"@type":"SearchAction","target":{"@type":"EntryPoint","urlTemplate":"http:\/\/vincentians.com\/es\/?s={search_term_string}"},"query-input":{"@type":"PropertyValueSpecification","valueRequired":true,"valueName":"search_term_string"}}],"inLanguage":"es"},{"@type":"Organization","@id":"http:\/\/vincentians.com\/es\/#organization","name":"The Vincentian Network","url":"http:\/\/vincentians.com\/es\/","logo":{"@type":"ImageObject","inLanguage":"es","@id":"http:\/\/vincentians.com\/es\/#\/schema\/logo\/image\/","url":"https:\/\/i1.wp.com\/vincentians.com\/es\/wp-content\/uploads\/sites\/11\/2016\/06\/Vincentian-Network-logo-big.png?fit=778%2C778","contentUrl":"https:\/\/i1.wp.com\/vincentians.com\/es\/wp-content\/uploads\/sites\/11\/2016\/06\/Vincentian-Network-logo-big.png?fit=778%2C778","width":778,"height":778,"caption":"The Vincentian Network"},"image":{"@id":"http:\/\/vincentians.com\/es\/#\/schema\/logo\/image\/"},"sameAs":["https:\/\/www.facebook.com\/WeAreVincentians\/","https:\/\/x.com\/WeVincentians"]},{"@type":"Person","@id":"http:\/\/vincentians.com\/es\/#\/schema\/person\/9623ef4d9aa3b2dfb8c061f1499288f2","name":"Francisco Javier Fern\u00e1ndez Chento","image":{"@type":"ImageObject","inLanguage":"es","@id":"http:\/\/vincentians.com\/es\/#\/schema\/person\/image\/","url":"https:\/\/secure.gravatar.com\/avatar\/497d5cde87b4c3d097d0315953521681ba2cd523ee66e5077c3711f7021e65de?s=96&d=mm&r=g","contentUrl":"https:\/\/secure.gravatar.com\/avatar\/497d5cde87b4c3d097d0315953521681ba2cd523ee66e5077c3711f7021e65de?s=96&d=mm&r=g","caption":"Francisco Javier Fern\u00e1ndez Chento"},"description":"Director General y cofundador de La Red de Formaci\u00f3n Vicenciana. Javier es laico vicenciano, afiliado a la Congregaci\u00f3n de la Misi\u00f3n y miembro del Equipo de Misiones Populares de la provincia can\u00f3nica de Zaragoza (Espa\u00f1a) de la Congregaci\u00f3n de la Misi\u00f3n. Graduado en la Universidad Oberta de Catalunya con cuatro grados (Asistente de direcci\u00f3n, Gesti\u00f3n Administrativa, Recursos Humanos y Contabilidad Avanzada). Bil\u00edng\u00fce Espa\u00f1ol\/Ingl\u00e9s. gestiona y mantiene varias p\u00e1ginas web cristianas y vicencianas, incluida including La Red de Formaci\u00f3n Vicenciana, de la que es cofundador. Actualmente es responsable del \u00e1rea de Espa\u00f1ol de .famvin, la Red de Noticias de la Familia Vicenciana. Tambi\u00e9n es m\u00fasico cat\u00f3lico y ha editado varios discos. Es Director General y cofundador de Trovador, una reconocida compa\u00f1\u00eda discogr\u00e1fica critiana de Espa\u00f1a. Trabaja en las Tecnolog\u00edas de la Informaci\u00f3n, ofreciendo servicios de alojamiento, dise\u00f1o y mantenimiento Web, as\u00ed como asesoramiento, formaci\u00f3n y soluciones inform\u00e1ticas, gesti\u00f3n documental y digitalizaci\u00f3n de textos, edici\u00f3n y maquetaci\u00f3n de libros, revistas, flyers, etc.","sameAs":["http:\/\/chento.org","https:\/\/www.facebook.com\/JavierChento","https:\/\/x.com\/https:\/\/twitter.com\/javierchento"],"url":"http:\/\/vincentians.com\/es\/author\/chento\/"}]}},"jetpack_publicize_connections":[],"jetpack_featured_media_url":"https:\/\/i0.wp.com\/vincentians.com\/es\/wp-content\/uploads\/sites\/11\/2016\/06\/contributions-charism.jpg?fit=1200%2C630","jetpack_sharing_enabled":true,"jetpack_shortlink":"https:\/\/wp.me\/p7ETMF-1FHG","jetpack-related-posts":[{"id":117335,"url":"http:\/\/vincentians.com\/es\/evangelizar-siguiendo-a-san-vicente\/","url_meta":{"origin":398640,"position":0},"title":"Evangelizar siguiendo a san Vicente","author":"Francisco Javier Fern\u00e1ndez Chento","date":"14\/11\/2018","format":false,"excerpt":"Una de las opciones en Misiones Populares, tal y como lo hacemos los vicencianos, es el trabajo en equipo, que se compone de Consagrados (Pa\u00fales, Hijas de la Caridad, sacerdotes diocesanos\u2026) y Seglares Vicencianos. No lo hacemos as\u00ed por \"moda\", sino que es una de las urgencias en nuestra sociedad\u2026","rel":"","context":"En \u00abFormaci\u00f3n Vicenciana\u00bb","block_context":{"text":"Formaci\u00f3n Vicenciana","link":"http:\/\/vincentians.com\/es\/category\/formacion-vicenciana\/"},"img":{"alt_text":"","src":"https:\/\/i0.wp.com\/vincentians.com\/es\/wp-content\/uploads\/sites\/11\/2016\/09\/sencillos-como-palomas.jpg?fit=1200%2C630&resize=350%2C200","width":350,"height":200,"srcset":"https:\/\/i0.wp.com\/vincentians.com\/es\/wp-content\/uploads\/sites\/11\/2016\/09\/sencillos-como-palomas.jpg?fit=1200%2C630&resize=350%2C200 1x, https:\/\/i0.wp.com\/vincentians.com\/es\/wp-content\/uploads\/sites\/11\/2016\/09\/sencillos-como-palomas.jpg?fit=1200%2C630&resize=525%2C300 1.5x, https:\/\/i0.wp.com\/vincentians.com\/es\/wp-content\/uploads\/sites\/11\/2016\/09\/sencillos-como-palomas.jpg?fit=1200%2C630&resize=700%2C400 2x, https:\/\/i0.wp.com\/vincentians.com\/es\/wp-content\/uploads\/sites\/11\/2016\/09\/sencillos-como-palomas.jpg?fit=1200%2C630&resize=1050%2C600 3x"},"classes":[]},{"id":398646,"url":"http:\/\/vincentians.com\/es\/aportacion-del-carisma-vicenciano-la-mision-la-iglesia-10-fin\/","url_meta":{"origin":398640,"position":1},"title":"Aportaci\u00f3n del carisma vicenciano a la Misi\u00f3n de la Iglesia (10 &#8211; Fin)","author":"Francisco Javier Fern\u00e1ndez Chento","date":"13\/08\/2016","format":false,"excerpt":"10.- La circularidad vicenciana: de Cristo a los pobres, de los pobres a Cristo. Para concluir esta reflexi\u00f3n sobre la aportaci\u00f3n del carisma vicenciano a la Misi\u00f3n de la Iglesia, me parece oportuno referirme a la \u201ccircularidad\u201d vicenciana: de Cristo a los pobres, de los pobres a Cristo. \u201cAmemos al\u2026","rel":"","context":"En \u00abFormaci\u00f3n Vicenciana\u00bb","block_context":{"text":"Formaci\u00f3n Vicenciana","link":"http:\/\/vincentians.com\/es\/category\/formacion-vicenciana\/"},"img":{"alt_text":"","src":"https:\/\/i0.wp.com\/vincentians.com\/es\/wp-content\/uploads\/sites\/11\/2016\/06\/contributions-charism.jpg?fit=1200%2C630&resize=350%2C200","width":350,"height":200,"srcset":"https:\/\/i0.wp.com\/vincentians.com\/es\/wp-content\/uploads\/sites\/11\/2016\/06\/contributions-charism.jpg?fit=1200%2C630&resize=350%2C200 1x, https:\/\/i0.wp.com\/vincentians.com\/es\/wp-content\/uploads\/sites\/11\/2016\/06\/contributions-charism.jpg?fit=1200%2C630&resize=525%2C300 1.5x, https:\/\/i0.wp.com\/vincentians.com\/es\/wp-content\/uploads\/sites\/11\/2016\/06\/contributions-charism.jpg?fit=1200%2C630&resize=700%2C400 2x, https:\/\/i0.wp.com\/vincentians.com\/es\/wp-content\/uploads\/sites\/11\/2016\/06\/contributions-charism.jpg?fit=1200%2C630&resize=1050%2C600 3x"},"classes":[]},{"id":399992,"url":"http:\/\/vincentians.com\/es\/carisma-vicenciano-la-nueva-evangelizacion-algunas-claves-vicencianas-la-evangelizacion-actual\/","url_meta":{"origin":398640,"position":2},"title":"El Carisma Vicenciano y la Nueva Evangelizaci\u00f3n: algunas claves vicencianas para la evangelizaci\u00f3n actual","author":"Francisco Javier Fern\u00e1ndez Chento","date":"16\/09\/2016","format":false,"excerpt":"Punto de partida: Confrontaci\u00f3n entre el Ser y el Quehacer Con frecuencia, en nuestros encuentros, convivencias, reuniones, asambleas... nos planteamos dos cuestiones relativas al ser y al quehacer vicencianos. Partimos de dos percepciones: por un lado, todos estamos de acuerdo en que el carisma, el ser, la identidad, el sello\u2026","rel":"","context":"En \u00abFormaci\u00f3n Vicenciana\u00bb","block_context":{"text":"Formaci\u00f3n Vicenciana","link":"http:\/\/vincentians.com\/es\/category\/formacion-vicenciana\/"},"img":{"alt_text":"","src":"https:\/\/i0.wp.com\/vincentians.com\/es\/wp-content\/uploads\/sites\/11\/2016\/09\/enviados-evangelizar-pobres.jpg?fit=1200%2C630&resize=350%2C200","width":350,"height":200,"srcset":"https:\/\/i0.wp.com\/vincentians.com\/es\/wp-content\/uploads\/sites\/11\/2016\/09\/enviados-evangelizar-pobres.jpg?fit=1200%2C630&resize=350%2C200 1x, https:\/\/i0.wp.com\/vincentians.com\/es\/wp-content\/uploads\/sites\/11\/2016\/09\/enviados-evangelizar-pobres.jpg?fit=1200%2C630&resize=525%2C300 1.5x, https:\/\/i0.wp.com\/vincentians.com\/es\/wp-content\/uploads\/sites\/11\/2016\/09\/enviados-evangelizar-pobres.jpg?fit=1200%2C630&resize=700%2C400 2x, https:\/\/i0.wp.com\/vincentians.com\/es\/wp-content\/uploads\/sites\/11\/2016\/09\/enviados-evangelizar-pobres.jpg?fit=1200%2C630&resize=1050%2C600 3x"},"classes":[]},{"id":398641,"url":"http:\/\/vincentians.com\/es\/aportacion-del-carisma-vicenciano-la-mision-la-iglesia-4\/","url_meta":{"origin":398640,"position":3},"title":"Aportaci\u00f3n del carisma vicenciano a la Misi\u00f3n de la Iglesia (4)","author":"Francisco Javier Fern\u00e1ndez Chento","date":"07\/08\/2016","format":false,"excerpt":"4.- La salvaci\u00f3n de los pobres en el centro de la Misi\u00f3n de la Iglesia. San Vicente de Pa\u00fal y Santa Luisa de Marillac compartieron la misma experiencia: los pobres son los miembros de Cristo y, por tanto, de la Iglesia. En la Iglesia, Cuerpo de Cristo, los pobres ocupan\u2026","rel":"","context":"En \u00abFormaci\u00f3n Vicenciana\u00bb","block_context":{"text":"Formaci\u00f3n Vicenciana","link":"http:\/\/vincentians.com\/es\/category\/formacion-vicenciana\/"},"img":{"alt_text":"","src":"https:\/\/i0.wp.com\/vincentians.com\/es\/wp-content\/uploads\/sites\/11\/2016\/06\/contributions-charism.jpg?fit=1200%2C630&resize=350%2C200","width":350,"height":200,"srcset":"https:\/\/i0.wp.com\/vincentians.com\/es\/wp-content\/uploads\/sites\/11\/2016\/06\/contributions-charism.jpg?fit=1200%2C630&resize=350%2C200 1x, https:\/\/i0.wp.com\/vincentians.com\/es\/wp-content\/uploads\/sites\/11\/2016\/06\/contributions-charism.jpg?fit=1200%2C630&resize=525%2C300 1.5x, https:\/\/i0.wp.com\/vincentians.com\/es\/wp-content\/uploads\/sites\/11\/2016\/06\/contributions-charism.jpg?fit=1200%2C630&resize=700%2C400 2x, https:\/\/i0.wp.com\/vincentians.com\/es\/wp-content\/uploads\/sites\/11\/2016\/06\/contributions-charism.jpg?fit=1200%2C630&resize=1050%2C600 3x"},"classes":[]},{"id":398642,"url":"http:\/\/vincentians.com\/es\/aportacion-del-carisma-vicenciano-la-mision-la-iglesia-6\/","url_meta":{"origin":398640,"position":4},"title":"Aportaci\u00f3n del carisma vicenciano a la Misi\u00f3n de la Iglesia (6)","author":"Francisco Javier Fern\u00e1ndez Chento","date":"09\/08\/2016","format":false,"excerpt":"6.- La Misi\u00f3n de la Iglesia y los obreros del Evangelio. El Papa Francisco, al proponer la urgencia de la misi\u00f3n evangelizadora de la Iglesia en el mundo de hoy, exclama: \u201c\u00a1C\u00f3mo quisiera encontrar las palabras para alen\u00adtar una etapa evangelizadora m\u00e1s fervorosa, ale\u00adgre, generosa, audaz, llena de amor hasta\u2026","rel":"","context":"En \u00abFormaci\u00f3n Vicenciana\u00bb","block_context":{"text":"Formaci\u00f3n Vicenciana","link":"http:\/\/vincentians.com\/es\/category\/formacion-vicenciana\/"},"img":{"alt_text":"","src":"https:\/\/i0.wp.com\/vincentians.com\/es\/wp-content\/uploads\/sites\/11\/2016\/06\/contributions-charism.jpg?fit=1200%2C630&resize=350%2C200","width":350,"height":200,"srcset":"https:\/\/i0.wp.com\/vincentians.com\/es\/wp-content\/uploads\/sites\/11\/2016\/06\/contributions-charism.jpg?fit=1200%2C630&resize=350%2C200 1x, https:\/\/i0.wp.com\/vincentians.com\/es\/wp-content\/uploads\/sites\/11\/2016\/06\/contributions-charism.jpg?fit=1200%2C630&resize=525%2C300 1.5x, https:\/\/i0.wp.com\/vincentians.com\/es\/wp-content\/uploads\/sites\/11\/2016\/06\/contributions-charism.jpg?fit=1200%2C630&resize=700%2C400 2x, https:\/\/i0.wp.com\/vincentians.com\/es\/wp-content\/uploads\/sites\/11\/2016\/06\/contributions-charism.jpg?fit=1200%2C630&resize=1050%2C600 3x"},"classes":[]},{"id":398638,"url":"http:\/\/vincentians.com\/es\/aportacion-del-carisma-vicenciano-la-mision-la-iglesia-2\/","url_meta":{"origin":398640,"position":5},"title":"Aportaci\u00f3n del carisma vicenciano a la Misi\u00f3n de la Iglesia (2)","author":"Francisco Javier Fern\u00e1ndez Chento","date":"05\/08\/2016","format":false,"excerpt":"2.- La vida cristiana a partir de la Teolog\u00eda de la Misi\u00f3n: continuadores de la Misi\u00f3n del Hijo. Acabo de hacer referencia a la teolog\u00eda de la Misi\u00f3n como punto de partida para las nuevas formas de vida en la Iglesia de las que la Congregaci\u00f3n de la Misi\u00f3n y\u2026","rel":"","context":"En \u00abFormaci\u00f3n Vicenciana\u00bb","block_context":{"text":"Formaci\u00f3n Vicenciana","link":"http:\/\/vincentians.com\/es\/category\/formacion-vicenciana\/"},"img":{"alt_text":"","src":"https:\/\/i0.wp.com\/vincentians.com\/es\/wp-content\/uploads\/sites\/11\/2016\/06\/contributions-charism.jpg?fit=1200%2C630&resize=350%2C200","width":350,"height":200,"srcset":"https:\/\/i0.wp.com\/vincentians.com\/es\/wp-content\/uploads\/sites\/11\/2016\/06\/contributions-charism.jpg?fit=1200%2C630&resize=350%2C200 1x, https:\/\/i0.wp.com\/vincentians.com\/es\/wp-content\/uploads\/sites\/11\/2016\/06\/contributions-charism.jpg?fit=1200%2C630&resize=525%2C300 1.5x, https:\/\/i0.wp.com\/vincentians.com\/es\/wp-content\/uploads\/sites\/11\/2016\/06\/contributions-charism.jpg?fit=1200%2C630&resize=700%2C400 2x, https:\/\/i0.wp.com\/vincentians.com\/es\/wp-content\/uploads\/sites\/11\/2016\/06\/contributions-charism.jpg?fit=1200%2C630&resize=1050%2C600 3x"},"classes":[]}],"_links":{"self":[{"href":"http:\/\/vincentians.com\/es\/wp-json\/wp\/v2\/posts\/398640","targetHints":{"allow":["GET"]}}],"collection":[{"href":"http:\/\/vincentians.com\/es\/wp-json\/wp\/v2\/posts"}],"about":[{"href":"http:\/\/vincentians.com\/es\/wp-json\/wp\/v2\/types\/post"}],"author":[{"embeddable":true,"href":"http:\/\/vincentians.com\/es\/wp-json\/wp\/v2\/users\/4"}],"replies":[{"embeddable":true,"href":"http:\/\/vincentians.com\/es\/wp-json\/wp\/v2\/comments?post=398640"}],"version-history":[{"count":0,"href":"http:\/\/vincentians.com\/es\/wp-json\/wp\/v2\/posts\/398640\/revisions"}],"wp:featuredmedia":[{"embeddable":true,"href":"http:\/\/vincentians.com\/es\/wp-json\/wp\/v2\/media\/148885"}],"wp:attachment":[{"href":"http:\/\/vincentians.com\/es\/wp-json\/wp\/v2\/media?parent=398640"}],"wp:term":[{"taxonomy":"category","embeddable":true,"href":"http:\/\/vincentians.com\/es\/wp-json\/wp\/v2\/categories?post=398640"},{"taxonomy":"post_tag","embeddable":true,"href":"http:\/\/vincentians.com\/es\/wp-json\/wp\/v2\/tags?post=398640"}],"curies":[{"name":"wp","href":"https:\/\/api.w.org\/{rel}","templated":true}]}}