{"id":39680,"date":"2014-12-16T06:29:46","date_gmt":"2014-12-16T05:29:46","guid":{"rendered":"http:\/\/somos.vicencianos.org\/blog\/2011\/06\/misiones-populares-en-espana-1975-2000-2000\/"},"modified":"2014-12-16T06:29:46","modified_gmt":"2014-12-16T05:29:46","slug":"misiones-populares-en-espana-1975-2000-2000","status":"publish","type":"post","link":"http:\/\/vincentians.com\/es\/misiones-populares-en-espana-1975-2000-2000\/","title":{"rendered":"Misiones populares en Espa\u00f1a, 1975-2000: 2000"},"content":{"rendered":"<h2><strong>2000<\/strong><\/h2>\n<p><strong>1.- PARROQUIAS DE SAN BARTOLOM\u00c9, SANTA MAR\u00cdA y SAN PEDRO <\/strong>(Benicarl\u00f3, Tarragona): 15 enero-5 febrero. PP. Jos\u00e9 Vicente Nacher, Jos\u00e9 Mulet, Amador \u00a0Bauza, Pedro G\u00f3mez, Miguel Garc\u00eda, Jos\u00e9 Luis L\u00f3pez, Jos\u00e9 Miguel S\u00e1nchez y \u00c1ngel Sola. (An.2000 y BPB).<\/p>\n<p style=\"padding-left: 30px\"><em>Junto a HH. de la C. y j\u00f3venes de JMV y LAMPI.<\/em><\/p>\n<p>&nbsp;<\/p>\n<p><strong>2.- LA POBLA DE VALLBONA<\/strong> (Valencia): Enero-13 Febrero. PP. Luis M\u00aa Mnez. Sanju\u00e1n, Javier Mnez. Sanju\u00e1n, Jes\u00fas Mnez. Sanju\u00e1n, Jos\u00e9 Luis Crespo y Jes\u00fas Arellano. (An. 2000 y BPZ).<\/p>\n<p style=\"padding-left: 30px\"><em>Junto con HH. de la C. y seglares.<\/em><\/p>\n<p>&nbsp;<\/p>\n<p><strong>3.- TOLEDO<\/strong>: 5-27 febrero: PP. Antonio Molina, Rafael Quevedo, Pedro Pascual, Jos\u00e9 Manuel L\u00f3pez\u00a0 Maside, Juan de la Rosa, Antonio Villar, Juan Manuel Ruz, Rosendo Palacios, Joaqu\u00edn Gonz\u00e1lez, Fernando del Castillo, Fabriciano Prado, Juan Velasco, Angel Pereda, Santiago Barquin y Juli\u00e1n Perez Puente. (An.2000).<\/p>\n<p style=\"padding-left: 30px\"><em>Junto con HH. de la C.<\/em><\/p>\n<p><strong>4.- SANTA EULARIA DES RIU<\/strong> (Ibiza): 12 febrero-5 marzo. Jos\u00e9 Miguel S\u00e1nchez, Amador Bauza, Jos\u00e9 Vicente Nacer y \u00c1ngel Sola. (An.2000).<\/p>\n<p style=\"padding-left: 30px\"><em>Junto a HH. de la C.<\/em><\/p>\n<p>&nbsp;<\/p>\n<p><strong>5.- PARROQUIA DE SAN JUAN BOSCO<\/strong> (Cieza, Murcia): 20 Febrero-19 Marzo. Tres Pa\u00fales (PP. Luis M\u00aa Mnez. Sanju\u00e1n, Javier Mnez. Sanju\u00e1n y Jos\u00e9 Luis Crespo. (An.2000).<\/p>\n<p style=\"padding-left: 30px\"><em>Junto con HH. de la C. y seglares.<\/em><\/p>\n<p><strong>6.- HUETE<\/strong> (Cuenca): 20 Febrero \u201319 Marzo. PP. Pablo Dom\u00ednguez, Jes\u00fas Arellano, Jos\u00e9 M\u00aa Ibero y F\u00e9lix Villafranca. (An.2000).<\/p>\n<p style=\"padding-left: 30px\"><em>Junto con HH. de la C. y seglares.<\/em><\/p>\n<p>&nbsp;<\/p>\n<p><strong>7.- TOLEDO:<\/strong> 15 marzo-2 abril. PP. Joaqu\u00edn Gonz\u00e1lez, Antonio Molina, Manuel Freire, Rosendo Palacios, Jose M\u00aa Nieto, Jos\u00e9 Mazuelas, Fabriciano Prado, Juan Miguel Ruz, Antonio Villar, Jos\u00e9 Rodr\u00edguez, \u00c1ngel Pereda y Rafael Quevedo. (An.2000).<\/p>\n<p style=\"padding-left: 30px\"><em>Junto a HH. de la C<\/em><\/p>\n<p><strong>8.- PARROQUIAS DE SAN ROQUE y EL SALVADOR <\/strong>(Alcoy, Alicante): 18 de marzo-8 abril. PP. Jos\u00e9 Vicente Nacher, Amador Bauza, Esteban P\u00e9rez, Jos\u00e9 Miguel Sanchez y Jos\u00e9 Ignacio Caama\u00f1o. (An.2000 y BPB).<\/p>\n<p style=\"padding-left: 30px\"><em>Junto a HH. de la C. y j\u00f3venes<\/em><\/p>\n<p>&nbsp;<\/p>\n<p><strong>9.- FEREZ <\/strong>(Albacete): 26 Marzo. PP. Luis M\u00aa Mnez. Sanju\u00e1n y Jaime Corera. (An. 2000 y BPZ).<\/p>\n<p style=\"padding-left: 30px\"><em>Junto con HH. de la C. y seglares.<\/em><\/p>\n<p><strong>10.- VILLALBA DEL REY y CA\u00d1AVERUELAS<\/strong> (Cuenca): 26 Marzo. PP. Javier Mnez. Sanju\u00e1n, Jos\u00e9 Luis Crespo y Jes\u00fas Arellano. (An.2000). Tres Pa\u00fales.<\/p>\n<p style=\"padding-left: 30px\"><em>Junto con HH. de la C. y seglares.<\/em><\/p>\n<p><strong>11.- ZONA DE AGACHE<\/strong> (Tenerife): Mayo. PP. Jos\u00e9 Luis Crespo, Javier Mnez. Sanju\u00e1n y Luis M\u00aa Mnez. Sanjuan. (An. 2000 y BPZ).<\/p>\n<p style=\"padding-left: 30px\"><em>Junto con HH. de la C. y seglares.<\/em><\/p>\n<p>&nbsp;<\/p>\n<p><strong>12.- BENEIXIDA<\/strong> (Valencia): 30 septiembre-14 octubre. P. Amador Bauz\u00e1. (An.2002).<\/p>\n<p style=\"padding-left: 30px\"><em>Junto con una HH. de la C. y un seglar.<\/em><\/p>\n<p>&nbsp;<\/p>\n<p><strong>13.- ISLA DEL HIERRO<\/strong> (Canarias): 6 octubre. P. Luis M\u00aa Mnez. Sanju\u00e1n\u2026 (An.2001).<\/p>\n<p><strong>14.- ALC\u00c1NTARA DE X\u00daQUER<\/strong> (Valencia): 1-15 octubre. PP. Miguel Garc\u00eda, Jos\u00e9 Miguel S\u00e1nchez y Jaime Ruiz (Hno). (An. 2002).<\/p>\n<p style=\"padding-left: 30px\"><em>Junto con HH. de la C. y seglares LAMVI y otros.<\/em><\/p>\n<p><strong>15.- POZO ALCON<\/strong> (Ja\u00e9n): 11-29 Octubre. PP. \u00c1ngel Pereda y Rafael Quevedo. (An.2001).<\/p>\n<p style=\"padding-left: 30px\"><em>Junto con HH. de la C.<\/em><\/p>\n<p>&nbsp;<\/p>\n<p><strong>16.- CARBALLI\u00d1O, ARCOS, SE\u00d1ORIN y PARTOVIS<\/strong> (Orense): 12-29 Octubre. PP. Andr\u00e9s Pato, Pedro Pascual, Antonio Villar, Jose Rodr\u00edguez, Juan Miguel Ruz y Francisco Guti\u00e9rrez. (An.2001 y BPS).<\/p>\n<p style=\"padding-left: 30px\"><em>Junto con HH. de la C.<\/em><\/p>\n<p>&nbsp;<\/p>\n<p><strong>17.- FONTANAR <\/strong>(Ja\u00e9n): 15-22 Octubre. P. Antonio Molina. (An.2001).<\/p>\n<p style=\"padding-left: 30px\"><em>Junto con HH. de la C.<\/em><\/p>\n<p>&nbsp;<\/p>\n<p><strong>18.- HINOJARES<\/strong> (Ja\u00e9n): 22-20 Octubre. P. Antonio Molina. (An.2001).<\/p>\n<p style=\"padding-left: 30px\"><em>Junto con HH. de la C.<\/em><\/p>\n<p><strong>19.- PARROQUIA NUESTRA SE\u00d1ORA DEL BUEN CONSEJO<\/strong> (Madrid): 15-29 Octubre. PP. Julio Herrero y \u00a0Joaqu\u00edn Gonz\u00e1lez. (An.2001).<\/p>\n<p style=\"padding-left: 30px\"><em>Junto con HH. de la C.<\/em><\/p>\n<p><strong>20.- SANTA FE<\/strong> (Granada): 6-26 Noviembre. PP. Joaqu\u00edn Gonz\u00e1lez, Rafael Quevedo, Antonio Molina, Rosendo Palacios y \u00c1ngel Pereda. (An.2001).<\/p>\n<p style=\"padding-left: 30px\"><em>Junto con HH. de la C.<\/em><\/p>\n<p><strong>21.- ZONA DE VALDEORRAS <\/strong>(Le\u00f3n): Larouco, Seadur, Portomourisco, Chandoiro, Otar de Pregos, O Bolo, Lentellais, Fornelos, As Ermitas y Santa Cruz: 8-19 noviembre. PP. Pedro Pascual, Fabriciano Prado, Jose Rodr\u00edguez L\u00f3pez, Segundo Pe\u00f1a y Francisco Guti\u00e9rrez. (An.2001 y BPS).<\/p>\n<p style=\"padding-left: 30px\"><em>Junto con HH. de la C.<\/em><\/p>\n<p>&nbsp;<\/p>\n<p><strong>22.- G\u00dcIMAR <\/strong>(Tenerife): 11 noviembre. (An.2001). P. Luis M\u00aa Mnez. Sanju\u00e1n\u2026<\/p>\n<p style=\"padding-left: 30px\"><em>Junto con HH. de la C.<\/em><\/p>\n<p>&nbsp;<\/p>\n<p><strong>23.- FASNIA y LA ZARZA<\/strong> (Tenerife): diciembre. (An.2001).<\/p>\n","protected":false},"excerpt":{"rendered":"<p>2000 1.- PARROQUIAS DE SAN BARTOLOM\u00c9, SANTA MAR\u00cdA y SAN PEDRO (Benicarl\u00f3, Tarragona): 15 enero-5 febrero. PP. Jos\u00e9 Vicente Nacher, Jos\u00e9 Mulet, Amador \u00a0Bauza, Pedro G\u00f3mez, Miguel Garc\u00eda, Jos\u00e9 Luis L\u00f3pez, Jos\u00e9 Miguel S\u00e1nchez y &#8230; <a href=\"http:\/\/vincentians.com\/es\/misiones-populares-en-espana-1975-2000-2000\/\" class=\"more-link\">Read More<\/a><\/p>\n","protected":false},"author":4,"featured_media":39438,"comment_status":"open","ping_status":"open","sticky":false,"template":"","format":"standard","meta":{"jetpack_post_was_ever_published":false,"_jetpack_newsletter_access":"","_jetpack_dont_email_post_to_subs":false,"_jetpack_newsletter_tier_id":0,"_jetpack_memberships_contains_paywalled_content":false,"_jetpack_memberships_contains_paid_content":false,"footnotes":"","jetpack_publicize_message":"","jetpack_publicize_feature_enabled":true,"jetpack_social_post_already_shared":true,"jetpack_social_options":{"image_generator_settings":{"template":"highway","default_image_id":0,"font":"","enabled":false},"version":2}},"categories":[201],"tags":[176],"class_list":["post-39680","post","type-post","status-publish","format-standard","has-post-thumbnail","hentry","category-misiones-ad-gentes","tag-misiones-populares"],"yoast_head":"<!-- This site is optimized with the Yoast SEO plugin v26.3 - https:\/\/yoast.com\/wordpress\/plugins\/seo\/ -->\n<title>Misiones populares en Espa\u00f1a, 1975-2000: 2000 - Somos Vicencianos<\/title>\n<meta name=\"robots\" content=\"index, follow, max-snippet:-1, max-image-preview:large, max-video-preview:-1\" \/>\n<link rel=\"canonical\" href=\"http:\/\/vincentians.com\/es\/misiones-populares-en-espana-1975-2000-2000\/\" \/>\n<meta property=\"og:locale\" content=\"es_ES\" \/>\n<meta property=\"og:type\" content=\"article\" \/>\n<meta property=\"og:title\" content=\"Misiones populares en Espa\u00f1a, 1975-2000: 2000 - Somos Vicencianos\" \/>\n<meta property=\"og:description\" content=\"2000 1.- PARROQUIAS DE SAN BARTOLOM\u00c9, SANTA MAR\u00cdA y SAN PEDRO (Benicarl\u00f3, Tarragona): 15 enero-5 febrero. PP. Jos\u00e9 Vicente Nacher, Jos\u00e9 Mulet, Amador \u00a0Bauza, Pedro G\u00f3mez, Miguel Garc\u00eda, Jos\u00e9 Luis L\u00f3pez, Jos\u00e9 Miguel S\u00e1nchez y ... Read More\" \/>\n<meta property=\"og:url\" content=\"http:\/\/vincentians.com\/es\/misiones-populares-en-espana-1975-2000-2000\/\" \/>\n<meta property=\"og:site_name\" content=\"Somos Vicencianos\" \/>\n<meta property=\"article:publisher\" content=\"https:\/\/www.facebook.com\/WeAreVincentians\/\" \/>\n<meta property=\"article:author\" content=\"https:\/\/www.facebook.com\/JavierChento\" \/>\n<meta property=\"article:published_time\" content=\"2014-12-16T05:29:46+00:00\" \/>\n<meta name=\"author\" content=\"Francisco Javier Fern\u00e1ndez Chento\" \/>\n<meta name=\"twitter:card\" content=\"summary_large_image\" \/>\n<meta name=\"twitter:creator\" content=\"@https:\/\/twitter.com\/javierchento\" \/>\n<meta name=\"twitter:site\" content=\"@WeVincentians\" \/>\n<meta name=\"twitter:label1\" content=\"Escrito por\" \/>\n\t<meta name=\"twitter:data1\" content=\"Francisco Javier Fern\u00e1ndez Chento\" \/>\n\t<meta name=\"twitter:label2\" content=\"Tiempo de lectura\" \/>\n\t<meta name=\"twitter:data2\" content=\"4 minutos\" \/>\n<script type=\"application\/ld+json\" class=\"yoast-schema-graph\">{\"@context\":\"https:\/\/schema.org\",\"@graph\":[{\"@type\":\"Article\",\"@id\":\"http:\/\/vincentians.com\/es\/misiones-populares-en-espana-1975-2000-2000\/#article\",\"isPartOf\":{\"@id\":\"http:\/\/vincentians.com\/es\/misiones-populares-en-espana-1975-2000-2000\/\"},\"author\":{\"name\":\"Francisco Javier Fern\u00e1ndez Chento\",\"@id\":\"https:\/\/vincentians.com\/es\/#\/schema\/person\/9623ef4d9aa3b2dfb8c061f1499288f2\"},\"headline\":\"Misiones populares en Espa\u00f1a, 1975-2000: 2000\",\"datePublished\":\"2014-12-16T05:29:46+00:00\",\"mainEntityOfPage\":{\"@id\":\"http:\/\/vincentians.com\/es\/misiones-populares-en-espana-1975-2000-2000\/\"},\"wordCount\":715,\"commentCount\":0,\"publisher\":{\"@id\":\"https:\/\/vincentians.com\/es\/#organization\"},\"image\":{\"@id\":\"http:\/\/vincentians.com\/es\/misiones-populares-en-espana-1975-2000-2000\/#primaryimage\"},\"thumbnailUrl\":\"\",\"keywords\":[\"Misiones Populares\"],\"articleSection\":[\"Misiones \u00abAd gentes\u00bb\"],\"inLanguage\":\"es\",\"potentialAction\":[{\"@type\":\"CommentAction\",\"name\":\"Comment\",\"target\":[\"http:\/\/vincentians.com\/es\/misiones-populares-en-espana-1975-2000-2000\/#respond\"]}]},{\"@type\":\"WebPage\",\"@id\":\"http:\/\/vincentians.com\/es\/misiones-populares-en-espana-1975-2000-2000\/\",\"url\":\"http:\/\/vincentians.com\/es\/misiones-populares-en-espana-1975-2000-2000\/\",\"name\":\"Misiones populares en Espa\u00f1a, 1975-2000: 2000 - Somos Vicencianos\",\"isPartOf\":{\"@id\":\"https:\/\/vincentians.com\/es\/#website\"},\"primaryImageOfPage\":{\"@id\":\"http:\/\/vincentians.com\/es\/misiones-populares-en-espana-1975-2000-2000\/#primaryimage\"},\"image\":{\"@id\":\"http:\/\/vincentians.com\/es\/misiones-populares-en-espana-1975-2000-2000\/#primaryimage\"},\"thumbnailUrl\":\"\",\"datePublished\":\"2014-12-16T05:29:46+00:00\",\"breadcrumb\":{\"@id\":\"http:\/\/vincentians.com\/es\/misiones-populares-en-espana-1975-2000-2000\/#breadcrumb\"},\"inLanguage\":\"es\",\"potentialAction\":[{\"@type\":\"ReadAction\",\"target\":[\"http:\/\/vincentians.com\/es\/misiones-populares-en-espana-1975-2000-2000\/\"]}]},{\"@type\":\"ImageObject\",\"inLanguage\":\"es\",\"@id\":\"http:\/\/vincentians.com\/es\/misiones-populares-en-espana-1975-2000-2000\/#primaryimage\",\"url\":\"\",\"contentUrl\":\"\"},{\"@type\":\"BreadcrumbList\",\"@id\":\"http:\/\/vincentians.com\/es\/misiones-populares-en-espana-1975-2000-2000\/#breadcrumb\",\"itemListElement\":[{\"@type\":\"ListItem\",\"position\":1,\"name\":\"Portada\",\"item\":\"https:\/\/vincentians.com\/es\/\"},{\"@type\":\"ListItem\",\"position\":2,\"name\":\"Misiones populares en Espa\u00f1a, 1975-2000: 2000\"}]},{\"@type\":\"WebSite\",\"@id\":\"https:\/\/vincentians.com\/es\/#website\",\"url\":\"https:\/\/vincentians.com\/es\/\",\"name\":\"Somos Vicencianos\",\"description\":\"Know more to serve more\",\"publisher\":{\"@id\":\"https:\/\/vincentians.com\/es\/#organization\"},\"potentialAction\":[{\"@type\":\"SearchAction\",\"target\":{\"@type\":\"EntryPoint\",\"urlTemplate\":\"https:\/\/vincentians.com\/es\/?s={search_term_string}\"},\"query-input\":{\"@type\":\"PropertyValueSpecification\",\"valueRequired\":true,\"valueName\":\"search_term_string\"}}],\"inLanguage\":\"es\"},{\"@type\":\"Organization\",\"@id\":\"https:\/\/vincentians.com\/es\/#organization\",\"name\":\"The Vincentian Network\",\"url\":\"https:\/\/vincentians.com\/es\/\",\"logo\":{\"@type\":\"ImageObject\",\"inLanguage\":\"es\",\"@id\":\"https:\/\/vincentians.com\/es\/#\/schema\/logo\/image\/\",\"url\":\"https:\/\/i1.wp.com\/vincentians.com\/es\/wp-content\/uploads\/sites\/11\/2016\/06\/Vincentian-Network-logo-big.png?fit=778%2C778\",\"contentUrl\":\"https:\/\/i1.wp.com\/vincentians.com\/es\/wp-content\/uploads\/sites\/11\/2016\/06\/Vincentian-Network-logo-big.png?fit=778%2C778\",\"width\":778,\"height\":778,\"caption\":\"The Vincentian Network\"},\"image\":{\"@id\":\"https:\/\/vincentians.com\/es\/#\/schema\/logo\/image\/\"},\"sameAs\":[\"https:\/\/www.facebook.com\/WeAreVincentians\/\",\"https:\/\/x.com\/WeVincentians\"]},{\"@type\":\"Person\",\"@id\":\"https:\/\/vincentians.com\/es\/#\/schema\/person\/9623ef4d9aa3b2dfb8c061f1499288f2\",\"name\":\"Francisco Javier Fern\u00e1ndez Chento\",\"image\":{\"@type\":\"ImageObject\",\"inLanguage\":\"es\",\"@id\":\"https:\/\/vincentians.com\/es\/#\/schema\/person\/image\/\",\"url\":\"https:\/\/secure.gravatar.com\/avatar\/497d5cde87b4c3d097d0315953521681ba2cd523ee66e5077c3711f7021e65de?s=96&d=mm&r=g\",\"contentUrl\":\"https:\/\/secure.gravatar.com\/avatar\/497d5cde87b4c3d097d0315953521681ba2cd523ee66e5077c3711f7021e65de?s=96&d=mm&r=g\",\"caption\":\"Francisco Javier Fern\u00e1ndez Chento\"},\"description\":\"Director General y cofundador de La Red de Formaci\u00f3n Vicenciana. Javier es laico vicenciano, afiliado a la Congregaci\u00f3n de la Misi\u00f3n y miembro del Equipo de Misiones Populares de la provincia can\u00f3nica de Zaragoza (Espa\u00f1a) de la Congregaci\u00f3n de la Misi\u00f3n. Graduado en la Universidad Oberta de Catalunya con cuatro grados (Asistente de direcci\u00f3n, Gesti\u00f3n Administrativa, Recursos Humanos y Contabilidad Avanzada). Bil\u00edng\u00fce Espa\u00f1ol\/Ingl\u00e9s. gestiona y mantiene varias p\u00e1ginas web cristianas y vicencianas, incluida including La Red de Formaci\u00f3n Vicenciana, de la que es cofundador. Actualmente es responsable del \u00e1rea de Espa\u00f1ol de .famvin, la Red de Noticias de la Familia Vicenciana. Tambi\u00e9n es m\u00fasico cat\u00f3lico y ha editado varios discos. Es Director General y cofundador de Trovador, una reconocida compa\u00f1\u00eda discogr\u00e1fica critiana de Espa\u00f1a. Trabaja en las Tecnolog\u00edas de la Informaci\u00f3n, ofreciendo servicios de alojamiento, dise\u00f1o y mantenimiento Web, as\u00ed como asesoramiento, formaci\u00f3n y soluciones inform\u00e1ticas, gesti\u00f3n documental y digitalizaci\u00f3n de textos, edici\u00f3n y maquetaci\u00f3n de libros, revistas, flyers, etc.\",\"sameAs\":[\"http:\/\/chento.org\",\"https:\/\/www.facebook.com\/JavierChento\",\"https:\/\/x.com\/https:\/\/twitter.com\/javierchento\"],\"url\":\"http:\/\/vincentians.com\/es\/author\/chento\/\"}]}<\/script>\n<!-- \/ Yoast SEO plugin. -->","yoast_head_json":{"title":"Misiones populares en Espa\u00f1a, 1975-2000: 2000 - Somos Vicencianos","robots":{"index":"index","follow":"follow","max-snippet":"max-snippet:-1","max-image-preview":"max-image-preview:large","max-video-preview":"max-video-preview:-1"},"canonical":"http:\/\/vincentians.com\/es\/misiones-populares-en-espana-1975-2000-2000\/","og_locale":"es_ES","og_type":"article","og_title":"Misiones populares en Espa\u00f1a, 1975-2000: 2000 - Somos Vicencianos","og_description":"2000 1.- PARROQUIAS DE SAN BARTOLOM\u00c9, SANTA MAR\u00cdA y SAN PEDRO (Benicarl\u00f3, Tarragona): 15 enero-5 febrero. PP. Jos\u00e9 Vicente Nacher, Jos\u00e9 Mulet, Amador \u00a0Bauza, Pedro G\u00f3mez, Miguel Garc\u00eda, Jos\u00e9 Luis L\u00f3pez, Jos\u00e9 Miguel S\u00e1nchez y ... Read More","og_url":"http:\/\/vincentians.com\/es\/misiones-populares-en-espana-1975-2000-2000\/","og_site_name":"Somos Vicencianos","article_publisher":"https:\/\/www.facebook.com\/WeAreVincentians\/","article_author":"https:\/\/www.facebook.com\/JavierChento","article_published_time":"2014-12-16T05:29:46+00:00","author":"Francisco Javier Fern\u00e1ndez Chento","twitter_card":"summary_large_image","twitter_creator":"@https:\/\/twitter.com\/javierchento","twitter_site":"@WeVincentians","twitter_misc":{"Escrito por":"Francisco Javier Fern\u00e1ndez Chento","Tiempo de lectura":"4 minutos"},"schema":{"@context":"https:\/\/schema.org","@graph":[{"@type":"Article","@id":"http:\/\/vincentians.com\/es\/misiones-populares-en-espana-1975-2000-2000\/#article","isPartOf":{"@id":"http:\/\/vincentians.com\/es\/misiones-populares-en-espana-1975-2000-2000\/"},"author":{"name":"Francisco Javier Fern\u00e1ndez Chento","@id":"https:\/\/vincentians.com\/es\/#\/schema\/person\/9623ef4d9aa3b2dfb8c061f1499288f2"},"headline":"Misiones populares en Espa\u00f1a, 1975-2000: 2000","datePublished":"2014-12-16T05:29:46+00:00","mainEntityOfPage":{"@id":"http:\/\/vincentians.com\/es\/misiones-populares-en-espana-1975-2000-2000\/"},"wordCount":715,"commentCount":0,"publisher":{"@id":"https:\/\/vincentians.com\/es\/#organization"},"image":{"@id":"http:\/\/vincentians.com\/es\/misiones-populares-en-espana-1975-2000-2000\/#primaryimage"},"thumbnailUrl":"","keywords":["Misiones Populares"],"articleSection":["Misiones \u00abAd gentes\u00bb"],"inLanguage":"es","potentialAction":[{"@type":"CommentAction","name":"Comment","target":["http:\/\/vincentians.com\/es\/misiones-populares-en-espana-1975-2000-2000\/#respond"]}]},{"@type":"WebPage","@id":"http:\/\/vincentians.com\/es\/misiones-populares-en-espana-1975-2000-2000\/","url":"http:\/\/vincentians.com\/es\/misiones-populares-en-espana-1975-2000-2000\/","name":"Misiones populares en Espa\u00f1a, 1975-2000: 2000 - Somos Vicencianos","isPartOf":{"@id":"https:\/\/vincentians.com\/es\/#website"},"primaryImageOfPage":{"@id":"http:\/\/vincentians.com\/es\/misiones-populares-en-espana-1975-2000-2000\/#primaryimage"},"image":{"@id":"http:\/\/vincentians.com\/es\/misiones-populares-en-espana-1975-2000-2000\/#primaryimage"},"thumbnailUrl":"","datePublished":"2014-12-16T05:29:46+00:00","breadcrumb":{"@id":"http:\/\/vincentians.com\/es\/misiones-populares-en-espana-1975-2000-2000\/#breadcrumb"},"inLanguage":"es","potentialAction":[{"@type":"ReadAction","target":["http:\/\/vincentians.com\/es\/misiones-populares-en-espana-1975-2000-2000\/"]}]},{"@type":"ImageObject","inLanguage":"es","@id":"http:\/\/vincentians.com\/es\/misiones-populares-en-espana-1975-2000-2000\/#primaryimage","url":"","contentUrl":""},{"@type":"BreadcrumbList","@id":"http:\/\/vincentians.com\/es\/misiones-populares-en-espana-1975-2000-2000\/#breadcrumb","itemListElement":[{"@type":"ListItem","position":1,"name":"Portada","item":"https:\/\/vincentians.com\/es\/"},{"@type":"ListItem","position":2,"name":"Misiones populares en Espa\u00f1a, 1975-2000: 2000"}]},{"@type":"WebSite","@id":"https:\/\/vincentians.com\/es\/#website","url":"https:\/\/vincentians.com\/es\/","name":"Somos Vicencianos","description":"Know more to serve more","publisher":{"@id":"https:\/\/vincentians.com\/es\/#organization"},"potentialAction":[{"@type":"SearchAction","target":{"@type":"EntryPoint","urlTemplate":"https:\/\/vincentians.com\/es\/?s={search_term_string}"},"query-input":{"@type":"PropertyValueSpecification","valueRequired":true,"valueName":"search_term_string"}}],"inLanguage":"es"},{"@type":"Organization","@id":"https:\/\/vincentians.com\/es\/#organization","name":"The Vincentian Network","url":"https:\/\/vincentians.com\/es\/","logo":{"@type":"ImageObject","inLanguage":"es","@id":"https:\/\/vincentians.com\/es\/#\/schema\/logo\/image\/","url":"https:\/\/i1.wp.com\/vincentians.com\/es\/wp-content\/uploads\/sites\/11\/2016\/06\/Vincentian-Network-logo-big.png?fit=778%2C778","contentUrl":"https:\/\/i1.wp.com\/vincentians.com\/es\/wp-content\/uploads\/sites\/11\/2016\/06\/Vincentian-Network-logo-big.png?fit=778%2C778","width":778,"height":778,"caption":"The Vincentian Network"},"image":{"@id":"https:\/\/vincentians.com\/es\/#\/schema\/logo\/image\/"},"sameAs":["https:\/\/www.facebook.com\/WeAreVincentians\/","https:\/\/x.com\/WeVincentians"]},{"@type":"Person","@id":"https:\/\/vincentians.com\/es\/#\/schema\/person\/9623ef4d9aa3b2dfb8c061f1499288f2","name":"Francisco Javier Fern\u00e1ndez Chento","image":{"@type":"ImageObject","inLanguage":"es","@id":"https:\/\/vincentians.com\/es\/#\/schema\/person\/image\/","url":"https:\/\/secure.gravatar.com\/avatar\/497d5cde87b4c3d097d0315953521681ba2cd523ee66e5077c3711f7021e65de?s=96&d=mm&r=g","contentUrl":"https:\/\/secure.gravatar.com\/avatar\/497d5cde87b4c3d097d0315953521681ba2cd523ee66e5077c3711f7021e65de?s=96&d=mm&r=g","caption":"Francisco Javier Fern\u00e1ndez Chento"},"description":"Director General y cofundador de La Red de Formaci\u00f3n Vicenciana. Javier es laico vicenciano, afiliado a la Congregaci\u00f3n de la Misi\u00f3n y miembro del Equipo de Misiones Populares de la provincia can\u00f3nica de Zaragoza (Espa\u00f1a) de la Congregaci\u00f3n de la Misi\u00f3n. Graduado en la Universidad Oberta de Catalunya con cuatro grados (Asistente de direcci\u00f3n, Gesti\u00f3n Administrativa, Recursos Humanos y Contabilidad Avanzada). Bil\u00edng\u00fce Espa\u00f1ol\/Ingl\u00e9s. gestiona y mantiene varias p\u00e1ginas web cristianas y vicencianas, incluida including La Red de Formaci\u00f3n Vicenciana, de la que es cofundador. Actualmente es responsable del \u00e1rea de Espa\u00f1ol de .famvin, la Red de Noticias de la Familia Vicenciana. Tambi\u00e9n es m\u00fasico cat\u00f3lico y ha editado varios discos. Es Director General y cofundador de Trovador, una reconocida compa\u00f1\u00eda discogr\u00e1fica critiana de Espa\u00f1a. Trabaja en las Tecnolog\u00edas de la Informaci\u00f3n, ofreciendo servicios de alojamiento, dise\u00f1o y mantenimiento Web, as\u00ed como asesoramiento, formaci\u00f3n y soluciones inform\u00e1ticas, gesti\u00f3n documental y digitalizaci\u00f3n de textos, edici\u00f3n y maquetaci\u00f3n de libros, revistas, flyers, etc.","sameAs":["http:\/\/chento.org","https:\/\/www.facebook.com\/JavierChento","https:\/\/x.com\/https:\/\/twitter.com\/javierchento"],"url":"http:\/\/vincentians.com\/es\/author\/chento\/"}]}},"jetpack_publicize_connections":[],"jetpack_featured_media_url":"","jetpack_sharing_enabled":true,"jetpack_shortlink":"https:\/\/wp.me\/p7ETMF-ak0","jetpack-related-posts":[{"id":39679,"url":"http:\/\/vincentians.com\/es\/misiones-populares-en-espana-1975-2000-1999\/","url_meta":{"origin":39680,"position":0},"title":"Misiones populares en Espa\u00f1a, 1975-2000: 1999","author":"Francisco Javier Fern\u00e1ndez Chento","date":"10\/12\/2014","format":false,"excerpt":"1999 \u00a0 \u00a0 1.- SISANTE y TEATINOS (Cuenca): 17 enero ... PP. Javier Mnez. Sanjuan, Jos\u00e9 Luis Crespo, Bienvenido Gonz\u00e1lez, Luis M\u00aa Mnez. Sanjuan, Jes\u00fas M\u00aa Egues y Jes\u00fas Arellano. (An.1999 y BPZ). Junto con HH. de la C. y seglares. \u00a0 2.- PARROQUIA DE LA FUENSANTA (C\u00f3rdoba): 21 enero-7\u2026","rel":"","context":"En \u00abMisiones \u00abAd gentes\u00bb\u00bb","block_context":{"text":"Misiones \u00abAd gentes\u00bb","link":"http:\/\/vincentians.com\/es\/category\/servicios-y-ministerios\/misiones-ad-gentes\/"},"img":{"alt_text":"","src":"","width":0,"height":0},"classes":[]},{"id":39678,"url":"http:\/\/vincentians.com\/es\/misiones-populares-en-espana-1975-2000-1998\/","url_meta":{"origin":39680,"position":1},"title":"Misiones populares en Espa\u00f1a, 1975-2000: 1998","author":"Francisco Javier Fern\u00e1ndez Chento","date":"06\/12\/2014","format":false,"excerpt":"1998 \u00a0 1.- PUNTA DEL MORAL (Huelva):15-25 enero.\u00a0 PP. Pedro Pascual\u00a0 y Felipe Ortiz. (An.1998 y BPS). Junto con HH. de la C. \u00a0 2.- ZONA DE SAN CLEMENTE (Cuenca): 18 enero-8 febrero. Vara del Rey, Pozo Amargo, Casas de Ben\u00edtez, Casas de Guijarro, .PP. \u00c1ngel Pereda, Jes\u00fas M\u00aa Eg\u00fc\u00e9s,\u2026","rel":"","context":"En \u00abMisiones \u00abAd gentes\u00bb\u00bb","block_context":{"text":"Misiones \u00abAd gentes\u00bb","link":"http:\/\/vincentians.com\/es\/category\/servicios-y-ministerios\/misiones-ad-gentes\/"},"img":{"alt_text":"","src":"","width":0,"height":0},"classes":[]},{"id":39677,"url":"http:\/\/vincentians.com\/es\/misiones-populares-en-espana-1975-2000-1997\/","url_meta":{"origin":39680,"position":2},"title":"Misiones populares en Espa\u00f1a, 1975-2000: 1997","author":"Francisco Javier Fern\u00e1ndez Chento","date":"04\/12\/2014","format":false,"excerpt":"1997 1.- SESMA (Navarra): 12 Enero-2 Febrero. PP. Javier Mnez. Sanju\u00e1n, y Jos\u00e9 M\u00aa Ibero. (An.1997 y BPZ). Junto con varias HH. de la C. y seglares \u00a0 2.- PARROQUIA DE CASABLANCA (Zaragoza): 12 Enero-9 Febrero. PP. Pablo Dom\u00ednguez, Javier Artaso, Jes\u00fas M\u00aa Egues y Marino Marco. (An.1997 y BPZ).\u2026","rel":"","context":"En \u00abMisiones \u00abAd gentes\u00bb\u00bb","block_context":{"text":"Misiones \u00abAd gentes\u00bb","link":"http:\/\/vincentians.com\/es\/category\/servicios-y-ministerios\/misiones-ad-gentes\/"},"img":{"alt_text":"","src":"","width":0,"height":0},"classes":[]},{"id":39664,"url":"http:\/\/vincentians.com\/es\/misiones-populares-en-espana-1975-2000-1984\/","url_meta":{"origin":39680,"position":3},"title":"Misiones populares en Espa\u00f1a, 1975-2000: 1984","author":"Francisco Javier Fern\u00e1ndez Chento","date":"17\/10\/2014","format":false,"excerpt":"1984 1.- LA PINILLA y LOS CAMPILLOS (Murcia): 8-22 enero. PP. Luis Mnez. San Juan y \u00c1ngel Aoiz. (An.1984 y BPZ). Utilizamos el temario que hizo el P. Jaime Corera hace unos a\u00f1os. HHCC. Junto a tres HH. de la C. 2.- ZONA DE GRANADA: 22 enero-5 febrero. La R\u00e1bita,\u2026","rel":"","context":"En \u00abMisiones \u00abAd gentes\u00bb\u00bb","block_context":{"text":"Misiones \u00abAd gentes\u00bb","link":"http:\/\/vincentians.com\/es\/category\/servicios-y-ministerios\/misiones-ad-gentes\/"},"img":{"alt_text":"Las Quintanillas","src":"https:\/\/i0.wp.com\/vicencianos.org\/wp-content\/2011\/05\/Quintanillas-300x201.jpg?resize=350%2C200","width":350,"height":200},"classes":[]},{"id":39665,"url":"http:\/\/vincentians.com\/es\/misiones-populares-en-espana-1975-2000-1985\/","url_meta":{"origin":39680,"position":4},"title":"Misiones populares en Espa\u00f1a, 1975-2000: 1985","author":"Francisco Javier Fern\u00e1ndez Chento","date":"18\/10\/2014","format":false,"excerpt":"1985 1.- EL HOYO y B\u00c9LMEZ (C\u00f3rdoba): 20 enero-3 febrero. PP. Juli\u00e1n Tobar, Amador S\u00e1ez, Jes\u00fas Lusarreta y Jos\u00e9 Luis Jim\u00e9nez. (An. 1985 y BPM). 2.- ALFARRAS-ANDANI (L\u00e9rida): 23 febrero-10 marzo: PP. Joan Amengual, Jos\u00e9 M\u00aa Biosca y Miguel Garc\u00eda. (An. 1985 y BPB). Junto a varias HH. de la\u2026","rel":"","context":"En \u00abMisiones \u00abAd gentes\u00bb\u00bb","block_context":{"text":"Misiones \u00abAd gentes\u00bb","link":"http:\/\/vincentians.com\/es\/category\/servicios-y-ministerios\/misiones-ad-gentes\/"},"img":{"alt_text":"Castillo de Olite","src":"https:\/\/i0.wp.com\/vicencianos.org\/wp-content\/2011\/05\/Olite-300x240.jpg?resize=350%2C200","width":350,"height":200},"classes":[]},{"id":39666,"url":"http:\/\/vincentians.com\/es\/misiones-populares-en-espana-1975-2000-1986\/","url_meta":{"origin":39680,"position":5},"title":"Misiones populares en Espa\u00f1a, 1975-2000: 1986","author":"Francisco Javier Fern\u00e1ndez Chento","date":"25\/10\/2014","format":false,"excerpt":"1986 1.- BERDILLO (La Coru\u00f1a): 26 enero-2 febrero. PP. \u00c1ngel Aller y Pedro Pascual. (An. 1986). \u00a0 2.- LODOSA (Navarra): 23 febrero-16 marzo. PP. Generoso Guembe, Luis Mnez. Sanju\u00e1n, F\u00e9lix Villafranca y Pablo Dom\u00ednguez. (An. 1986 y BPZ). Varias HH. de la C. y j\u00f3venes seglares \u00a0 3.- CIUDAD RODRIGO:\u2026","rel":"","context":"En \u00abMisiones \u00abAd gentes\u00bb\u00bb","block_context":{"text":"Misiones \u00abAd gentes\u00bb","link":"http:\/\/vincentians.com\/es\/category\/servicios-y-ministerios\/misiones-ad-gentes\/"},"img":{"alt_text":"Granadella","src":"https:\/\/i0.wp.com\/vicencianos.org\/wp-content\/2011\/05\/Granadella-300x300.jpg?resize=350%2C200","width":350,"height":200},"classes":[]}],"_links":{"self":[{"href":"http:\/\/vincentians.com\/es\/wp-json\/wp\/v2\/posts\/39680","targetHints":{"allow":["GET"]}}],"collection":[{"href":"http:\/\/vincentians.com\/es\/wp-json\/wp\/v2\/posts"}],"about":[{"href":"http:\/\/vincentians.com\/es\/wp-json\/wp\/v2\/types\/post"}],"author":[{"embeddable":true,"href":"http:\/\/vincentians.com\/es\/wp-json\/wp\/v2\/users\/4"}],"replies":[{"embeddable":true,"href":"http:\/\/vincentians.com\/es\/wp-json\/wp\/v2\/comments?post=39680"}],"version-history":[{"count":0,"href":"http:\/\/vincentians.com\/es\/wp-json\/wp\/v2\/posts\/39680\/revisions"}],"wp:featuredmedia":[{"embeddable":true,"href":"http:\/\/vincentians.com\/es\/wp-json\/"}],"wp:attachment":[{"href":"http:\/\/vincentians.com\/es\/wp-json\/wp\/v2\/media?parent=39680"}],"wp:term":[{"taxonomy":"category","embeddable":true,"href":"http:\/\/vincentians.com\/es\/wp-json\/wp\/v2\/categories?post=39680"},{"taxonomy":"post_tag","embeddable":true,"href":"http:\/\/vincentians.com\/es\/wp-json\/wp\/v2\/tags?post=39680"}],"curies":[{"name":"wp","href":"https:\/\/api.w.org\/{rel}","templated":true}]}}