{"id":39679,"date":"2014-12-10T08:29:46","date_gmt":"2014-12-10T07:29:46","guid":{"rendered":"http:\/\/somos.vicencianos.org\/blog\/2011\/06\/misiones-populares-en-espana-1975-2000-1999\/"},"modified":"2014-12-10T08:29:46","modified_gmt":"2014-12-10T07:29:46","slug":"misiones-populares-en-espana-1975-2000-1999","status":"publish","type":"post","link":"http:\/\/vincentians.com\/es\/misiones-populares-en-espana-1975-2000-1999\/","title":{"rendered":"Misiones populares en Espa\u00f1a, 1975-2000: 1999"},"content":{"rendered":"<h2><strong>1999<\/strong><\/h2>\n<p>&nbsp;<\/p>\n<p>&nbsp;<\/p>\n<p><strong>1.- SISANTE y TEATINOS<\/strong> (Cuenca): 17 enero &#8230; PP. Javier Mnez. Sanjuan, Jos\u00e9 Luis Crespo, Bienvenido Gonz\u00e1lez, Luis M\u00aa Mnez. Sanjuan, Jes\u00fas M\u00aa Egues y Jes\u00fas Arellano. (An.1999 y BPZ).<\/p>\n<p style=\"padding-left: 30px\"><em>Junto con HH. de la C. y seglares.<\/em><\/p>\n<p>&nbsp;<\/p>\n<p><strong>2.- PARROQUIA DE LA FUENSANTA<\/strong> (C\u00f3rdoba): 21 enero-7 febrero. PP. Juan Miguel Ruz, Juan Velasco y Fabriciano Prado.\u00a0 (An.1999).<\/p>\n<p style=\"padding-left: 30px\"><em>Junto con HH. de la C. y j\u00f3venes.<\/em><\/p>\n<p>&nbsp;<\/p>\n<p><strong>3.- PARROQUIA DEL CORPUS CHRISTI<\/strong> (Alicante): 17 febrero-6 marzo. PP. Jos\u00e9 Vicente Nacher, Amador Bauz\u00e1 y Jos\u00e9 M\u00aa Mondejar. (An.1999 y BPB).<\/p>\n<p style=\"padding-left: 30px\"><em>Junto con HH. de la C. y seglares.<\/em><\/p>\n<p>&nbsp;<\/p>\n<p><strong>4.- BENISAN\u00d3<\/strong> (Valencia): 21 de febrero. PP. Luis M\u00aa Mnez. Sanju\u00e1n y Jos\u00e9 Luis Crespo. (An.1999).<\/p>\n<p style=\"padding-left: 30px\"><em>Junto con HH. de la C. y seglares.<\/em><\/p>\n<p>&nbsp;<\/p>\n<p><strong>5.- HORCAJO DE SANTIAGO<\/strong> (Cuenca): 21 de febrero. Javier Mnez. Sanju\u00e1n, Jes\u00fas Mnez. Sanju\u00e1n, F\u00e9lix Villafrancay\u00a0 Bienvenido Gonz\u00e1lez. (An.1999 y BPZ).<\/p>\n<p style=\"padding-left: 30px\"><em>Junto con HH. de la C. y seglares.<\/em><\/p>\n<p><strong>6.- VILLAFRANCA DEL BIERZO<\/strong> (Le\u00f3n): 25 febrero-14 marzo. PP. Manuel Freire y Jos\u00e9 Rodr\u00edguez Lopez. (An.1999 y BPS).<\/p>\n<p style=\"padding-left: 30px\"><em>Junto con HH. de la C<\/em>.<\/p>\n<p><strong>7.- JINAMAR<\/strong> (Gran Canaria): 27 de febrero. PP. Jes\u00fas M\u00aa Egues, Pablo Dom\u00ednguez y Wilson Sitchon. (An.1999).<\/p>\n<p style=\"padding-left: 30px\"><em>Junto con HH. de la C. y seglares.<\/em><\/p>\n<p>&nbsp;<\/p>\n<p><strong>8.- LA CUESTA<\/strong> (Tenerife): Marzo-Abril. PP. Javier Mnez. Sanjuan, Jos\u00e9 Luis Crespo, Luis M\u00aa Mnez. SAnjuan, Jes\u00fas Arellano y Bienvenido Gonz\u00e1lez.. (An.1999).<\/p>\n<p style=\"padding-left: 30px\"><em>Junto con HH. de la C. y seglares.<\/em><\/p>\n<p>&nbsp;<\/p>\n<p><strong>9.- ZONA DE JA\u00c9N:<\/strong> Orcera, Segura de La Sierra, Torres de Albanchez, Hornos de Segura, Hornos el Viejo, La Platera, El Carrascal, Capellan\u00eda, El Tovar, El Majal, Guadrabaz, Ca\u00f1ada Morales y El Tranco: 15 Abril-1 Mayo. PP. Julio Herrero, Joaqu\u00edn Gonzalez, Jose Mar\u00eda Mondejar, Florentino Villanueva, Jose Vicente Nacer y Angel Pereda . (An.1999 y BPM).<\/p>\n<p style=\"padding-left: 30px\"><em>Junto con HH. de la C.<\/em><\/p>\n<p>&nbsp;<\/p>\n<p><strong>10.- TUR\u00cdS <\/strong>(Valencia): 24 septiembre-2 octubre y 7-12 diciembre. PP. Jos\u00e9 Vicente Nacher, Pedro Gomez y Jos\u00e9 Miguel S\u00e1nchez. (An.2000).<\/p>\n<p style=\"padding-left: 30px\"><em>Junto con HH. de la C. y estudiantes P\u00e1ules.<\/em><\/p>\n<p>&nbsp;<\/p>\n<p><strong>11.- C\u00c1RCER y COTES<\/strong> (Valencia): 8-24 Octubre. PP. Jos\u00e9 Vicente Nacher, Amador Bauz\u00e1 y Jos\u00e9 Miguel Sanchez. HHCC. (An.2000).<\/p>\n<p style=\"padding-left: 30px\"><em>Junto con HH. de la C.<\/em><\/p>\n<p>&nbsp;<\/p>\n<p><strong>12.- XINZO DE LIMIA<\/strong> (Orense): 14-31 Octubre. PP. Juan Miguel Ruz, Fabriciano Prado, Jos\u00e9 Rodr\u00edguez Lopez y Manuel Freire. (An.2000 y BPS).<\/p>\n<p style=\"padding-left: 30px\"><em>Junto con HH. de la C.<\/em><\/p>\n<p>&nbsp;<\/p>\n<p><strong>13.- LA PUERTA DE SEGURA y CORTIJOS NUEVOS<\/strong> y doce aldeas (Ja\u00e9n): 14-31 Octubre. PP. \u00c1ngel Pereda, Rafael Quevedo, Antonio Molina, Jes\u00fas Rdez, Rico y Jos\u00e9 M\u00aa Mondejar. (An.2000 y BPM).<\/p>\n<p style=\"padding-left: 30px\"><em>Junto con HH. de la C.<\/em><\/p>\n<p>&nbsp;<\/p>\n<p><strong>14.- PARROQUIA REINA DE LOS APOSTOLES<\/strong> (Santurtzi, Bizkaia): 17 Octubre-14 Noviembre. PP. Luis M\u00aa Mnez. Sanju\u00e1n, Jos\u00e9 Luis Crespo, Jos\u00e9 M\u00aa Ibero, F\u00e9lix Villafranca y Jes\u00fas Mnez. Sanju\u00e1n. (An.2000 y BPZ).<\/p>\n<p style=\"padding-left: 30px\"><em>Junto con HH. de la C. y seglares.<\/em><\/p>\n<p><strong>15.- PARROQUIA DE. NUESTRA SE\u00d1ORA DE LOS \u00c1NGELES<\/strong> (Alicante): 29 octubre-14 noviembre.\u00a0 PP. Jos\u00e9 Vicente Nacher y Jos\u00e9 Miguel S\u00e1nchez. (An.2000).<\/p>\n<p style=\"padding-left: 30px\"><em>Junto con HH. de la C<\/em><\/p>\n<p style=\"padding-left: 30px\"><em>Tuvimos que cambiar el esquema: primero predicaci\u00f3nn y luego comunidades familiares.<\/em><\/p>\n<p>&nbsp;<\/p>\n<p><strong>16.- TOLEDO:<\/strong> 4-21 Noviembre. PP. Antonio Molina, Rosendo Palacios, Florentino Villanueva, Rafael Quevedo, Jes\u00fas Arellano, Eugenio L\u00f3pez Rojo, Te\u00f3filo Ordo\u00f1ez, Felix Alvarez, Angel Pereda, Julio Herrero, Andr\u00e9s Pato y Jos\u00e9 S\u00e1nchez Mallo. (An.2000 y BPM).<\/p>\n<p style=\"padding-left: 30px\"><em>Junto con HH. de la C.<\/em><\/p>\n<p style=\"padding-left: 30px\"><em>Objetivos:<\/em><\/p>\n<p style=\"padding-left: 30px\"><em>Primero: despertar la conciencia misionera de la Comunidad Parroquial y potenciar el fortalecimiento en la fe y la comuni\u00f3n eclesial de los grupos parroquiales existentes y la creaci\u00f3n de peque\u00f1as comunidades cristianas.<\/em><\/p>\n<p style=\"padding-left: 30px\"><em>Segundo: Ofertar el anuncio gozoso del Evangelio a los cercanos y a los alejados.<\/em><\/p>\n<p style=\"padding-left: 30px\"><em>Tercero: Promover la corresponsabilidad laical, ayud\u00e1ndoles a descubrir la importancia de la familia \u00abcomo un espacio donde el Evangelio es transmitido y desde donde \u00e9ste se irradie\u00bb.<\/em><\/p>\n<p><strong>17.- PARROQUIA DE SAN MIGUEL<\/strong> (C\u00f3rdoba): 4 noviembre. PP. Fabriciano Prado, Pedro Pascual, Segundo Pe\u00f1a, Juan Velasco y Juan Miguel Ruz. (An.2000 y BPS).<\/p>\n<p style=\"padding-left: 30px\"><em>Junto con HH. de la C. y j\u00f3venes.<\/em><\/p>\n<p style=\"padding-left: 30px\"><em>Objetivos:<\/em><\/p>\n<p style=\"padding-left: 30px\"><em>Primero: Ofertar el anuncio gozoso del Evangelio a los alejados.<\/em><\/p>\n<p style=\"padding-left: 30px\"><em>Segundo: Potenciar un proceso de formaci\u00f3n, mediante la creaci\u00f3n de peque\u00f1as comunidades cristianas.<\/em><\/p>\n<p style=\"padding-left: 30px\"><em>Tercero: Promover la corresponsabilidad laical, de manera especial, ayudando a los matrimonios a que descubran la importancia de la familia como un espacio donde el Evangelio es transmitido y desde donde \u00e9ste se irradia.<\/em><\/p>\n<p>&nbsp;<\/p>\n<p>&nbsp;<\/p>\n<p><strong>18.- TALAYUELAS<\/strong> (Cuenca): 28 Noviembre-19 Diciembre. PP. Jos\u00e9 Luis Crespo, Jes\u00fas Arellano y Pablo Dom\u00ednguez. (An.2000 y BPZ).<\/p>\n<p style=\"padding-left: 30px\"><em>Junto con HH. de la C. y seglares.<\/em><\/p>\n<p><strong>19.- ALMONTE<\/strong> (Huelva): (\u00bf????). PP. Andr\u00e9s Pato, Segundo Pe\u00f1a, Pedro Pascual y Juan Miguel Ruz. \u00a0(An.1999).<\/p>\n<p style=\"padding-left: 30px\"><em>Junto con HH. de la C. y j\u00f3venes.<\/em><\/p>\n","protected":false},"excerpt":{"rendered":"<p>1999 &nbsp; &nbsp; 1.- SISANTE y TEATINOS (Cuenca): 17 enero &#8230; PP. Javier Mnez. Sanjuan, Jos\u00e9 Luis Crespo, Bienvenido Gonz\u00e1lez, Luis M\u00aa Mnez. Sanjuan, Jes\u00fas M\u00aa Egues y Jes\u00fas Arellano. (An.1999 y BPZ). Junto con &#8230; <a href=\"http:\/\/vincentians.com\/es\/misiones-populares-en-espana-1975-2000-1999\/\" class=\"more-link\">Read More<\/a><\/p>\n","protected":false},"author":4,"featured_media":39438,"comment_status":"open","ping_status":"open","sticky":false,"template":"","format":"standard","meta":{"jetpack_post_was_ever_published":false,"_jetpack_newsletter_access":"","_jetpack_dont_email_post_to_subs":false,"_jetpack_newsletter_tier_id":0,"_jetpack_memberships_contains_paywalled_content":false,"_jetpack_memberships_contains_paid_content":false,"footnotes":"","jetpack_publicize_message":"","jetpack_publicize_feature_enabled":true,"jetpack_social_post_already_shared":true,"jetpack_social_options":{"image_generator_settings":{"template":"highway","default_image_id":0,"font":"","enabled":false},"version":2}},"categories":[201],"tags":[176],"class_list":["post-39679","post","type-post","status-publish","format-standard","has-post-thumbnail","hentry","category-misiones-ad-gentes","tag-misiones-populares"],"yoast_head":"<!-- This site is optimized with the Yoast SEO plugin v26.3 - https:\/\/yoast.com\/wordpress\/plugins\/seo\/ -->\n<title>Misiones populares en Espa\u00f1a, 1975-2000: 1999 - Somos Vicencianos<\/title>\n<meta name=\"robots\" content=\"index, follow, max-snippet:-1, max-image-preview:large, max-video-preview:-1\" \/>\n<link rel=\"canonical\" href=\"https:\/\/vincentians.com\/es\/misiones-populares-en-espana-1975-2000-1999\/\" \/>\n<meta property=\"og:locale\" content=\"es_ES\" \/>\n<meta property=\"og:type\" content=\"article\" \/>\n<meta property=\"og:title\" content=\"Misiones populares en Espa\u00f1a, 1975-2000: 1999 - Somos Vicencianos\" \/>\n<meta property=\"og:description\" content=\"1999 &nbsp; &nbsp; 1.- SISANTE y TEATINOS (Cuenca): 17 enero &#8230; PP. Javier Mnez. Sanjuan, Jos\u00e9 Luis Crespo, Bienvenido Gonz\u00e1lez, Luis M\u00aa Mnez. Sanjuan, Jes\u00fas M\u00aa Egues y Jes\u00fas Arellano. (An.1999 y BPZ). Junto con ... Read More\" \/>\n<meta property=\"og:url\" content=\"https:\/\/vincentians.com\/es\/misiones-populares-en-espana-1975-2000-1999\/\" \/>\n<meta property=\"og:site_name\" content=\"Somos Vicencianos\" \/>\n<meta property=\"article:publisher\" content=\"https:\/\/www.facebook.com\/WeAreVincentians\/\" \/>\n<meta property=\"article:author\" content=\"https:\/\/www.facebook.com\/JavierChento\" \/>\n<meta property=\"article:published_time\" content=\"2014-12-10T07:29:46+00:00\" \/>\n<meta name=\"author\" content=\"Francisco Javier Fern\u00e1ndez Chento\" \/>\n<meta name=\"twitter:card\" content=\"summary_large_image\" \/>\n<meta name=\"twitter:creator\" content=\"@https:\/\/twitter.com\/javierchento\" \/>\n<meta name=\"twitter:site\" content=\"@WeVincentians\" \/>\n<meta name=\"twitter:label1\" content=\"Escrito por\" \/>\n\t<meta name=\"twitter:data1\" content=\"Francisco Javier Fern\u00e1ndez Chento\" \/>\n\t<meta name=\"twitter:label2\" content=\"Tiempo de lectura\" \/>\n\t<meta name=\"twitter:data2\" content=\"4 minutos\" \/>\n<script type=\"application\/ld+json\" class=\"yoast-schema-graph\">{\"@context\":\"https:\/\/schema.org\",\"@graph\":[{\"@type\":\"Article\",\"@id\":\"https:\/\/vincentians.com\/es\/misiones-populares-en-espana-1975-2000-1999\/#article\",\"isPartOf\":{\"@id\":\"https:\/\/vincentians.com\/es\/misiones-populares-en-espana-1975-2000-1999\/\"},\"author\":{\"name\":\"Francisco Javier Fern\u00e1ndez Chento\",\"@id\":\"https:\/\/vincentians.com\/es\/#\/schema\/person\/9623ef4d9aa3b2dfb8c061f1499288f2\"},\"headline\":\"Misiones populares en Espa\u00f1a, 1975-2000: 1999\",\"datePublished\":\"2014-12-10T07:29:46+00:00\",\"mainEntityOfPage\":{\"@id\":\"https:\/\/vincentians.com\/es\/misiones-populares-en-espana-1975-2000-1999\/\"},\"wordCount\":803,\"commentCount\":0,\"publisher\":{\"@id\":\"https:\/\/vincentians.com\/es\/#organization\"},\"image\":{\"@id\":\"https:\/\/vincentians.com\/es\/misiones-populares-en-espana-1975-2000-1999\/#primaryimage\"},\"thumbnailUrl\":\"\",\"keywords\":[\"Misiones Populares\"],\"articleSection\":[\"Misiones \u00abAd gentes\u00bb\"],\"inLanguage\":\"es\",\"potentialAction\":[{\"@type\":\"CommentAction\",\"name\":\"Comment\",\"target\":[\"https:\/\/vincentians.com\/es\/misiones-populares-en-espana-1975-2000-1999\/#respond\"]}]},{\"@type\":\"WebPage\",\"@id\":\"https:\/\/vincentians.com\/es\/misiones-populares-en-espana-1975-2000-1999\/\",\"url\":\"https:\/\/vincentians.com\/es\/misiones-populares-en-espana-1975-2000-1999\/\",\"name\":\"Misiones populares en Espa\u00f1a, 1975-2000: 1999 - Somos Vicencianos\",\"isPartOf\":{\"@id\":\"https:\/\/vincentians.com\/es\/#website\"},\"primaryImageOfPage\":{\"@id\":\"https:\/\/vincentians.com\/es\/misiones-populares-en-espana-1975-2000-1999\/#primaryimage\"},\"image\":{\"@id\":\"https:\/\/vincentians.com\/es\/misiones-populares-en-espana-1975-2000-1999\/#primaryimage\"},\"thumbnailUrl\":\"\",\"datePublished\":\"2014-12-10T07:29:46+00:00\",\"breadcrumb\":{\"@id\":\"https:\/\/vincentians.com\/es\/misiones-populares-en-espana-1975-2000-1999\/#breadcrumb\"},\"inLanguage\":\"es\",\"potentialAction\":[{\"@type\":\"ReadAction\",\"target\":[\"https:\/\/vincentians.com\/es\/misiones-populares-en-espana-1975-2000-1999\/\"]}]},{\"@type\":\"ImageObject\",\"inLanguage\":\"es\",\"@id\":\"https:\/\/vincentians.com\/es\/misiones-populares-en-espana-1975-2000-1999\/#primaryimage\",\"url\":\"\",\"contentUrl\":\"\"},{\"@type\":\"BreadcrumbList\",\"@id\":\"https:\/\/vincentians.com\/es\/misiones-populares-en-espana-1975-2000-1999\/#breadcrumb\",\"itemListElement\":[{\"@type\":\"ListItem\",\"position\":1,\"name\":\"Portada\",\"item\":\"https:\/\/vincentians.com\/es\/\"},{\"@type\":\"ListItem\",\"position\":2,\"name\":\"Misiones populares en Espa\u00f1a, 1975-2000: 1999\"}]},{\"@type\":\"WebSite\",\"@id\":\"https:\/\/vincentians.com\/es\/#website\",\"url\":\"https:\/\/vincentians.com\/es\/\",\"name\":\"Somos Vicencianos\",\"description\":\"Know more to serve more\",\"publisher\":{\"@id\":\"https:\/\/vincentians.com\/es\/#organization\"},\"potentialAction\":[{\"@type\":\"SearchAction\",\"target\":{\"@type\":\"EntryPoint\",\"urlTemplate\":\"https:\/\/vincentians.com\/es\/?s={search_term_string}\"},\"query-input\":{\"@type\":\"PropertyValueSpecification\",\"valueRequired\":true,\"valueName\":\"search_term_string\"}}],\"inLanguage\":\"es\"},{\"@type\":\"Organization\",\"@id\":\"https:\/\/vincentians.com\/es\/#organization\",\"name\":\"The Vincentian Network\",\"url\":\"https:\/\/vincentians.com\/es\/\",\"logo\":{\"@type\":\"ImageObject\",\"inLanguage\":\"es\",\"@id\":\"https:\/\/vincentians.com\/es\/#\/schema\/logo\/image\/\",\"url\":\"https:\/\/i1.wp.com\/vincentians.com\/es\/wp-content\/uploads\/sites\/11\/2016\/06\/Vincentian-Network-logo-big.png?fit=778%2C778\",\"contentUrl\":\"https:\/\/i1.wp.com\/vincentians.com\/es\/wp-content\/uploads\/sites\/11\/2016\/06\/Vincentian-Network-logo-big.png?fit=778%2C778\",\"width\":778,\"height\":778,\"caption\":\"The Vincentian Network\"},\"image\":{\"@id\":\"https:\/\/vincentians.com\/es\/#\/schema\/logo\/image\/\"},\"sameAs\":[\"https:\/\/www.facebook.com\/WeAreVincentians\/\",\"https:\/\/x.com\/WeVincentians\"]},{\"@type\":\"Person\",\"@id\":\"https:\/\/vincentians.com\/es\/#\/schema\/person\/9623ef4d9aa3b2dfb8c061f1499288f2\",\"name\":\"Francisco Javier Fern\u00e1ndez Chento\",\"image\":{\"@type\":\"ImageObject\",\"inLanguage\":\"es\",\"@id\":\"https:\/\/vincentians.com\/es\/#\/schema\/person\/image\/\",\"url\":\"https:\/\/secure.gravatar.com\/avatar\/497d5cde87b4c3d097d0315953521681ba2cd523ee66e5077c3711f7021e65de?s=96&d=mm&r=g\",\"contentUrl\":\"https:\/\/secure.gravatar.com\/avatar\/497d5cde87b4c3d097d0315953521681ba2cd523ee66e5077c3711f7021e65de?s=96&d=mm&r=g\",\"caption\":\"Francisco Javier Fern\u00e1ndez Chento\"},\"description\":\"Director General y cofundador de La Red de Formaci\u00f3n Vicenciana. Javier es laico vicenciano, afiliado a la Congregaci\u00f3n de la Misi\u00f3n y miembro del Equipo de Misiones Populares de la provincia can\u00f3nica de Zaragoza (Espa\u00f1a) de la Congregaci\u00f3n de la Misi\u00f3n. Graduado en la Universidad Oberta de Catalunya con cuatro grados (Asistente de direcci\u00f3n, Gesti\u00f3n Administrativa, Recursos Humanos y Contabilidad Avanzada). Bil\u00edng\u00fce Espa\u00f1ol\/Ingl\u00e9s. gestiona y mantiene varias p\u00e1ginas web cristianas y vicencianas, incluida including La Red de Formaci\u00f3n Vicenciana, de la que es cofundador. Actualmente es responsable del \u00e1rea de Espa\u00f1ol de .famvin, la Red de Noticias de la Familia Vicenciana. Tambi\u00e9n es m\u00fasico cat\u00f3lico y ha editado varios discos. Es Director General y cofundador de Trovador, una reconocida compa\u00f1\u00eda discogr\u00e1fica critiana de Espa\u00f1a. Trabaja en las Tecnolog\u00edas de la Informaci\u00f3n, ofreciendo servicios de alojamiento, dise\u00f1o y mantenimiento Web, as\u00ed como asesoramiento, formaci\u00f3n y soluciones inform\u00e1ticas, gesti\u00f3n documental y digitalizaci\u00f3n de textos, edici\u00f3n y maquetaci\u00f3n de libros, revistas, flyers, etc.\",\"sameAs\":[\"http:\/\/chento.org\",\"https:\/\/www.facebook.com\/JavierChento\",\"https:\/\/x.com\/https:\/\/twitter.com\/javierchento\"],\"url\":\"http:\/\/vincentians.com\/es\/author\/chento\/\"}]}<\/script>\n<!-- \/ Yoast SEO plugin. -->","yoast_head_json":{"title":"Misiones populares en Espa\u00f1a, 1975-2000: 1999 - Somos Vicencianos","robots":{"index":"index","follow":"follow","max-snippet":"max-snippet:-1","max-image-preview":"max-image-preview:large","max-video-preview":"max-video-preview:-1"},"canonical":"https:\/\/vincentians.com\/es\/misiones-populares-en-espana-1975-2000-1999\/","og_locale":"es_ES","og_type":"article","og_title":"Misiones populares en Espa\u00f1a, 1975-2000: 1999 - Somos Vicencianos","og_description":"1999 &nbsp; &nbsp; 1.- SISANTE y TEATINOS (Cuenca): 17 enero &#8230; PP. Javier Mnez. Sanjuan, Jos\u00e9 Luis Crespo, Bienvenido Gonz\u00e1lez, Luis M\u00aa Mnez. Sanjuan, Jes\u00fas M\u00aa Egues y Jes\u00fas Arellano. (An.1999 y BPZ). Junto con ... Read More","og_url":"https:\/\/vincentians.com\/es\/misiones-populares-en-espana-1975-2000-1999\/","og_site_name":"Somos Vicencianos","article_publisher":"https:\/\/www.facebook.com\/WeAreVincentians\/","article_author":"https:\/\/www.facebook.com\/JavierChento","article_published_time":"2014-12-10T07:29:46+00:00","author":"Francisco Javier Fern\u00e1ndez Chento","twitter_card":"summary_large_image","twitter_creator":"@https:\/\/twitter.com\/javierchento","twitter_site":"@WeVincentians","twitter_misc":{"Escrito por":"Francisco Javier Fern\u00e1ndez Chento","Tiempo de lectura":"4 minutos"},"schema":{"@context":"https:\/\/schema.org","@graph":[{"@type":"Article","@id":"https:\/\/vincentians.com\/es\/misiones-populares-en-espana-1975-2000-1999\/#article","isPartOf":{"@id":"https:\/\/vincentians.com\/es\/misiones-populares-en-espana-1975-2000-1999\/"},"author":{"name":"Francisco Javier Fern\u00e1ndez Chento","@id":"https:\/\/vincentians.com\/es\/#\/schema\/person\/9623ef4d9aa3b2dfb8c061f1499288f2"},"headline":"Misiones populares en Espa\u00f1a, 1975-2000: 1999","datePublished":"2014-12-10T07:29:46+00:00","mainEntityOfPage":{"@id":"https:\/\/vincentians.com\/es\/misiones-populares-en-espana-1975-2000-1999\/"},"wordCount":803,"commentCount":0,"publisher":{"@id":"https:\/\/vincentians.com\/es\/#organization"},"image":{"@id":"https:\/\/vincentians.com\/es\/misiones-populares-en-espana-1975-2000-1999\/#primaryimage"},"thumbnailUrl":"","keywords":["Misiones Populares"],"articleSection":["Misiones \u00abAd gentes\u00bb"],"inLanguage":"es","potentialAction":[{"@type":"CommentAction","name":"Comment","target":["https:\/\/vincentians.com\/es\/misiones-populares-en-espana-1975-2000-1999\/#respond"]}]},{"@type":"WebPage","@id":"https:\/\/vincentians.com\/es\/misiones-populares-en-espana-1975-2000-1999\/","url":"https:\/\/vincentians.com\/es\/misiones-populares-en-espana-1975-2000-1999\/","name":"Misiones populares en Espa\u00f1a, 1975-2000: 1999 - Somos Vicencianos","isPartOf":{"@id":"https:\/\/vincentians.com\/es\/#website"},"primaryImageOfPage":{"@id":"https:\/\/vincentians.com\/es\/misiones-populares-en-espana-1975-2000-1999\/#primaryimage"},"image":{"@id":"https:\/\/vincentians.com\/es\/misiones-populares-en-espana-1975-2000-1999\/#primaryimage"},"thumbnailUrl":"","datePublished":"2014-12-10T07:29:46+00:00","breadcrumb":{"@id":"https:\/\/vincentians.com\/es\/misiones-populares-en-espana-1975-2000-1999\/#breadcrumb"},"inLanguage":"es","potentialAction":[{"@type":"ReadAction","target":["https:\/\/vincentians.com\/es\/misiones-populares-en-espana-1975-2000-1999\/"]}]},{"@type":"ImageObject","inLanguage":"es","@id":"https:\/\/vincentians.com\/es\/misiones-populares-en-espana-1975-2000-1999\/#primaryimage","url":"","contentUrl":""},{"@type":"BreadcrumbList","@id":"https:\/\/vincentians.com\/es\/misiones-populares-en-espana-1975-2000-1999\/#breadcrumb","itemListElement":[{"@type":"ListItem","position":1,"name":"Portada","item":"https:\/\/vincentians.com\/es\/"},{"@type":"ListItem","position":2,"name":"Misiones populares en Espa\u00f1a, 1975-2000: 1999"}]},{"@type":"WebSite","@id":"https:\/\/vincentians.com\/es\/#website","url":"https:\/\/vincentians.com\/es\/","name":"Somos Vicencianos","description":"Know more to serve more","publisher":{"@id":"https:\/\/vincentians.com\/es\/#organization"},"potentialAction":[{"@type":"SearchAction","target":{"@type":"EntryPoint","urlTemplate":"https:\/\/vincentians.com\/es\/?s={search_term_string}"},"query-input":{"@type":"PropertyValueSpecification","valueRequired":true,"valueName":"search_term_string"}}],"inLanguage":"es"},{"@type":"Organization","@id":"https:\/\/vincentians.com\/es\/#organization","name":"The Vincentian Network","url":"https:\/\/vincentians.com\/es\/","logo":{"@type":"ImageObject","inLanguage":"es","@id":"https:\/\/vincentians.com\/es\/#\/schema\/logo\/image\/","url":"https:\/\/i1.wp.com\/vincentians.com\/es\/wp-content\/uploads\/sites\/11\/2016\/06\/Vincentian-Network-logo-big.png?fit=778%2C778","contentUrl":"https:\/\/i1.wp.com\/vincentians.com\/es\/wp-content\/uploads\/sites\/11\/2016\/06\/Vincentian-Network-logo-big.png?fit=778%2C778","width":778,"height":778,"caption":"The Vincentian Network"},"image":{"@id":"https:\/\/vincentians.com\/es\/#\/schema\/logo\/image\/"},"sameAs":["https:\/\/www.facebook.com\/WeAreVincentians\/","https:\/\/x.com\/WeVincentians"]},{"@type":"Person","@id":"https:\/\/vincentians.com\/es\/#\/schema\/person\/9623ef4d9aa3b2dfb8c061f1499288f2","name":"Francisco Javier Fern\u00e1ndez Chento","image":{"@type":"ImageObject","inLanguage":"es","@id":"https:\/\/vincentians.com\/es\/#\/schema\/person\/image\/","url":"https:\/\/secure.gravatar.com\/avatar\/497d5cde87b4c3d097d0315953521681ba2cd523ee66e5077c3711f7021e65de?s=96&d=mm&r=g","contentUrl":"https:\/\/secure.gravatar.com\/avatar\/497d5cde87b4c3d097d0315953521681ba2cd523ee66e5077c3711f7021e65de?s=96&d=mm&r=g","caption":"Francisco Javier Fern\u00e1ndez Chento"},"description":"Director General y cofundador de La Red de Formaci\u00f3n Vicenciana. Javier es laico vicenciano, afiliado a la Congregaci\u00f3n de la Misi\u00f3n y miembro del Equipo de Misiones Populares de la provincia can\u00f3nica de Zaragoza (Espa\u00f1a) de la Congregaci\u00f3n de la Misi\u00f3n. Graduado en la Universidad Oberta de Catalunya con cuatro grados (Asistente de direcci\u00f3n, Gesti\u00f3n Administrativa, Recursos Humanos y Contabilidad Avanzada). Bil\u00edng\u00fce Espa\u00f1ol\/Ingl\u00e9s. gestiona y mantiene varias p\u00e1ginas web cristianas y vicencianas, incluida including La Red de Formaci\u00f3n Vicenciana, de la que es cofundador. Actualmente es responsable del \u00e1rea de Espa\u00f1ol de .famvin, la Red de Noticias de la Familia Vicenciana. Tambi\u00e9n es m\u00fasico cat\u00f3lico y ha editado varios discos. Es Director General y cofundador de Trovador, una reconocida compa\u00f1\u00eda discogr\u00e1fica critiana de Espa\u00f1a. Trabaja en las Tecnolog\u00edas de la Informaci\u00f3n, ofreciendo servicios de alojamiento, dise\u00f1o y mantenimiento Web, as\u00ed como asesoramiento, formaci\u00f3n y soluciones inform\u00e1ticas, gesti\u00f3n documental y digitalizaci\u00f3n de textos, edici\u00f3n y maquetaci\u00f3n de libros, revistas, flyers, etc.","sameAs":["http:\/\/chento.org","https:\/\/www.facebook.com\/JavierChento","https:\/\/x.com\/https:\/\/twitter.com\/javierchento"],"url":"http:\/\/vincentians.com\/es\/author\/chento\/"}]}},"jetpack_publicize_connections":[],"jetpack_featured_media_url":"","jetpack_sharing_enabled":true,"jetpack_shortlink":"https:\/\/wp.me\/p7ETMF-ajZ","jetpack-related-posts":[{"id":39678,"url":"http:\/\/vincentians.com\/es\/misiones-populares-en-espana-1975-2000-1998\/","url_meta":{"origin":39679,"position":0},"title":"Misiones populares en Espa\u00f1a, 1975-2000: 1998","author":"Francisco Javier Fern\u00e1ndez Chento","date":"06\/12\/2014","format":false,"excerpt":"1998 \u00a0 1.- PUNTA DEL MORAL (Huelva):15-25 enero.\u00a0 PP. Pedro Pascual\u00a0 y Felipe Ortiz. (An.1998 y BPS). Junto con HH. de la C. \u00a0 2.- ZONA DE SAN CLEMENTE (Cuenca): 18 enero-8 febrero. Vara del Rey, Pozo Amargo, Casas de Ben\u00edtez, Casas de Guijarro, .PP. \u00c1ngel Pereda, Jes\u00fas M\u00aa Eg\u00fc\u00e9s,\u2026","rel":"","context":"En \u00abMisiones \u00abAd gentes\u00bb\u00bb","block_context":{"text":"Misiones \u00abAd gentes\u00bb","link":"http:\/\/vincentians.com\/es\/category\/servicios-y-ministerios\/misiones-ad-gentes\/"},"img":{"alt_text":"","src":"","width":0,"height":0},"classes":[]},{"id":39680,"url":"http:\/\/vincentians.com\/es\/misiones-populares-en-espana-1975-2000-2000\/","url_meta":{"origin":39679,"position":1},"title":"Misiones populares en Espa\u00f1a, 1975-2000: 2000","author":"Francisco Javier Fern\u00e1ndez Chento","date":"16\/12\/2014","format":false,"excerpt":"2000 1.- PARROQUIAS DE SAN BARTOLOM\u00c9, SANTA MAR\u00cdA y SAN PEDRO (Benicarl\u00f3, Tarragona): 15 enero-5 febrero. PP. Jos\u00e9 Vicente Nacher, Jos\u00e9 Mulet, Amador \u00a0Bauza, Pedro G\u00f3mez, Miguel Garc\u00eda, Jos\u00e9 Luis L\u00f3pez, Jos\u00e9 Miguel S\u00e1nchez y \u00c1ngel Sola. (An.2000 y BPB). Junto a HH. de la C. y j\u00f3venes de JMV\u2026","rel":"","context":"En \u00abMisiones \u00abAd gentes\u00bb\u00bb","block_context":{"text":"Misiones \u00abAd gentes\u00bb","link":"http:\/\/vincentians.com\/es\/category\/servicios-y-ministerios\/misiones-ad-gentes\/"},"img":{"alt_text":"","src":"","width":0,"height":0},"classes":[]},{"id":39677,"url":"http:\/\/vincentians.com\/es\/misiones-populares-en-espana-1975-2000-1997\/","url_meta":{"origin":39679,"position":2},"title":"Misiones populares en Espa\u00f1a, 1975-2000: 1997","author":"Francisco Javier Fern\u00e1ndez Chento","date":"04\/12\/2014","format":false,"excerpt":"1997 1.- SESMA (Navarra): 12 Enero-2 Febrero. PP. Javier Mnez. Sanju\u00e1n, y Jos\u00e9 M\u00aa Ibero. (An.1997 y BPZ). Junto con varias HH. de la C. y seglares \u00a0 2.- PARROQUIA DE CASABLANCA (Zaragoza): 12 Enero-9 Febrero. PP. Pablo Dom\u00ednguez, Javier Artaso, Jes\u00fas M\u00aa Egues y Marino Marco. (An.1997 y BPZ).\u2026","rel":"","context":"En \u00abMisiones \u00abAd gentes\u00bb\u00bb","block_context":{"text":"Misiones \u00abAd gentes\u00bb","link":"http:\/\/vincentians.com\/es\/category\/servicios-y-ministerios\/misiones-ad-gentes\/"},"img":{"alt_text":"","src":"","width":0,"height":0},"classes":[]},{"id":39674,"url":"http:\/\/vincentians.com\/es\/misiones-populares-en-espana-1975-2000-1994\/","url_meta":{"origin":39679,"position":3},"title":"Misiones populares en Espa\u00f1a, 1975-2000: 1994","author":"Francisco Javier Fern\u00e1ndez Chento","date":"01\/12\/2014","format":false,"excerpt":"1994 1.- CINTRUENIGO (Navarra): 9 Enero-6 Febrero. PP. Ander Arregui, Javier Artaso, Jes\u00fas M\u00aa Egues, Luis M\u00aa Mnez. San Juan y Pablo Dom\u00ednguez. (An. 1994 y BPZ). Junto con varias HH. de la C. y seglares. 2.- PARROQUIA DE SAN ANTONIO ABAD (Burgos): 20 enero-5 febrero. PP. Florentino Villanueva, Jos\u00e9\u2026","rel":"","context":"En \u00abMisiones \u00abAd gentes\u00bb\u00bb","block_context":{"text":"Misiones \u00abAd gentes\u00bb","link":"http:\/\/vincentians.com\/es\/category\/servicios-y-ministerios\/misiones-ad-gentes\/"},"img":{"alt_text":"","src":"","width":0,"height":0},"classes":[]},{"id":39666,"url":"http:\/\/vincentians.com\/es\/misiones-populares-en-espana-1975-2000-1986\/","url_meta":{"origin":39679,"position":4},"title":"Misiones populares en Espa\u00f1a, 1975-2000: 1986","author":"Francisco Javier Fern\u00e1ndez Chento","date":"25\/10\/2014","format":false,"excerpt":"1986 1.- BERDILLO (La Coru\u00f1a): 26 enero-2 febrero. PP. \u00c1ngel Aller y Pedro Pascual. (An. 1986). \u00a0 2.- LODOSA (Navarra): 23 febrero-16 marzo. PP. Generoso Guembe, Luis Mnez. Sanju\u00e1n, F\u00e9lix Villafranca y Pablo Dom\u00ednguez. (An. 1986 y BPZ). Varias HH. de la C. y j\u00f3venes seglares \u00a0 3.- CIUDAD RODRIGO:\u2026","rel":"","context":"En \u00abMisiones \u00abAd gentes\u00bb\u00bb","block_context":{"text":"Misiones \u00abAd gentes\u00bb","link":"http:\/\/vincentians.com\/es\/category\/servicios-y-ministerios\/misiones-ad-gentes\/"},"img":{"alt_text":"Granadella","src":"https:\/\/i0.wp.com\/vicencianos.org\/wp-content\/2011\/05\/Granadella-300x300.jpg?resize=350%2C200","width":350,"height":200},"classes":[]},{"id":39667,"url":"http:\/\/vincentians.com\/es\/misiones-populares-en-espana-1975-2000-1987\/","url_meta":{"origin":39679,"position":5},"title":"Misiones populares en Espa\u00f1a, 1975-2000: 1987","author":"Francisco Javier Fern\u00e1ndez Chento","date":"29\/10\/2014","format":false,"excerpt":"1987 \u00a0 1.- COLINDRES y LIMPIAS (Cantabria): 18 enero-1 febrero. PP. Jos\u00e9 Luis Cort\u00e1zar, Celestino Fern\u00e1ndez, Florentino Villanueva y Eugenio G. Espinosa. (An. 1987 y BPM). Junto con varias HH. de la C. 2.- RIBAFORADA (Navarra): Febrero: PP. Generoso Guembe, Ander Arregui, Pablo Dom\u00ednguez y Luis M\u00aa Mnez. San Juan.\u2026","rel":"","context":"En \u00abMisiones \u00abAd gentes\u00bb\u00bb","block_context":{"text":"Misiones \u00abAd gentes\u00bb","link":"http:\/\/vincentians.com\/es\/category\/servicios-y-ministerios\/misiones-ad-gentes\/"},"img":{"alt_text":"","src":"","width":0,"height":0},"classes":[]}],"_links":{"self":[{"href":"http:\/\/vincentians.com\/es\/wp-json\/wp\/v2\/posts\/39679","targetHints":{"allow":["GET"]}}],"collection":[{"href":"http:\/\/vincentians.com\/es\/wp-json\/wp\/v2\/posts"}],"about":[{"href":"http:\/\/vincentians.com\/es\/wp-json\/wp\/v2\/types\/post"}],"author":[{"embeddable":true,"href":"http:\/\/vincentians.com\/es\/wp-json\/wp\/v2\/users\/4"}],"replies":[{"embeddable":true,"href":"http:\/\/vincentians.com\/es\/wp-json\/wp\/v2\/comments?post=39679"}],"version-history":[{"count":0,"href":"http:\/\/vincentians.com\/es\/wp-json\/wp\/v2\/posts\/39679\/revisions"}],"wp:featuredmedia":[{"embeddable":true,"href":"http:\/\/vincentians.com\/es\/wp-json\/"}],"wp:attachment":[{"href":"http:\/\/vincentians.com\/es\/wp-json\/wp\/v2\/media?parent=39679"}],"wp:term":[{"taxonomy":"category","embeddable":true,"href":"http:\/\/vincentians.com\/es\/wp-json\/wp\/v2\/categories?post=39679"},{"taxonomy":"post_tag","embeddable":true,"href":"http:\/\/vincentians.com\/es\/wp-json\/wp\/v2\/tags?post=39679"}],"curies":[{"name":"wp","href":"https:\/\/api.w.org\/{rel}","templated":true}]}}