{"id":39677,"date":"2014-12-04T04:20:46","date_gmt":"2014-12-04T03:20:46","guid":{"rendered":"http:\/\/somos.vicencianos.org\/blog\/2011\/06\/misiones-populares-en-espana-1975-2000-1997\/"},"modified":"2014-12-04T04:20:46","modified_gmt":"2014-12-04T03:20:46","slug":"misiones-populares-en-espana-1975-2000-1997","status":"publish","type":"post","link":"http:\/\/vincentians.com\/es\/misiones-populares-en-espana-1975-2000-1997\/","title":{"rendered":"Misiones populares en Espa\u00f1a, 1975-2000: 1997"},"content":{"rendered":"<h2><strong>1997<\/strong><\/h2>\n<p><strong>1.- SESMA<\/strong> (Navarra): 12 Enero-2 Febrero. PP. Javier Mnez. Sanju\u00e1n, y Jos\u00e9 M\u00aa Ibero. (An.1997 y BPZ).<\/p>\n<p style=\"padding-left: 30px\"><em>Junto con varias HH. de la C. y seglares<\/em><\/p>\n<p>&nbsp;<\/p>\n<p><strong>2.- PARROQUIA DE CASABLANCA<\/strong> (Zaragoza): 12 Enero-9 Febrero. PP. Pablo Dom\u00ednguez, Javier Artaso, Jes\u00fas M\u00aa Egues y Marino Marco. (An.1997 y BPZ).<\/p>\n<p style=\"padding-left: 30px\"><em>Junto con varias HH. de la C. y seglares<\/em><\/p>\n<p>&nbsp;<\/p>\n<p><strong>3.- LUMBIER<\/strong> (Navarra): 3-23\u00a0 febrero. PP. Luis M\u00aa Mnez Sanju\u00e1n y Jos\u00e9 M\u00aa Ibero\u00a0 (An.1997 y BPZ).<\/p>\n<p style=\"padding-left: 30px\"><em>Junto con varias HH. de la C. y seglares<\/em><\/p>\n<p><strong>4.- PARROQUIA DE SAN JUAN Y TODOS LOS SANTOS<\/strong> (C\u00f3rdoba). 13 febrero-2 marzo. David Fern\u00e1ndez, Juan Velasco, Pedro Pascual y Fabriciano Prado. (An.1997 y BPS).<\/p>\n<p style=\"padding-left: 30px\"><em>Junto con varias HH. de la C.<\/em><\/p>\n<p style=\"padding-left: 30px\"><em>La posmisi\u00f3n sirve para: continuar las Asambleas Familiares Cristianas, celebrar la Eucarist\u00eda y dem\u00e1s sacramentos de modo vivo y participativo, tener una buena catequesis parroquial para todas las edades, animar la pastoral de enfermos, orientar catecumenalmente la pastoral juvenil, potenciar los grupos de matrimonios.<\/em><\/p>\n<p>&nbsp;<\/p>\n<p><strong>5.- LARVA<\/strong> (Ja\u00e9n): 12-21 marzo. P. Jos\u00e9 M\u00aa Mond\u00e9jar. (An.1997).<\/p>\n<p style=\"padding-left: 30px\"><em>Junto con varias HH. de la C.<\/em><\/p>\n<p>&nbsp;<\/p>\n<p><strong>6.- MURGU\u00cdA<\/strong> (\u00c1laba): 5-27 abril. Javier Mnez. Sanju\u00e1n, Luis Mnez. Sanju\u00e1n y Marino Marco. (An.1997 y BPZ).<\/p>\n<p style=\"padding-left: 30px\"><em>Junto con varias HH. de la C. y seglares<\/em><\/p>\n<p>&nbsp;<\/p>\n<p><strong>7.- PARROQUIA. DE SANTO TOM\u00c1S DE VILLANUEVA<\/strong> (Portugalete, Bizkaia). 6 abril- 4 mayo. PP. Pablo Dom\u00ednguez, Javier Artaso, Jes\u00fas M\u00aa\u00a0 Egues y Jos\u00e9 M\u00aa Ibero. (An.1997y BPZ).<\/p>\n<p style=\"padding-left: 30px\"><em>Junto con varias HH. de la C. y seglares<\/em><\/p>\n<p><strong>8.- CABRA DEL SANTO CRISTO<\/strong> (Ja\u00e9n): 10-27 abril. Florentino Villanueva, Jos\u00e9 M\u00aa Mond\u00e9jar y Diego Pla. (An.1997).<\/p>\n<p style=\"padding-left: 30px\"><em>Junto con varias HH. de la C.<\/em><\/p>\n<p><strong>9.- VALLADA<\/strong> (Valencia): 8-26 octubre. PP. Jos\u00e9 Vicente Nacher, Jose Miguel S\u00e1nchez y Joseph Font. (An. 1998 y BPB).<\/p>\n<p style=\"padding-left: 30px\"><em>Junto con HH. de la C., seglares JMV y LAMPI.<\/em><\/p>\n<p>&nbsp;<\/p>\n<p><strong>10.- LA ALBERCA DE Z\u00c1NCARA<\/strong> (Cuenca) (23 Octubre). P. Pablo Dom\u00ednguez, Jes\u00fas M\u00aa Egues y Jos\u00e9 M\u00aa Ibero. (An.1998).<\/p>\n<p style=\"padding-left: 30px\"><em>Junto con varias HH. de la C. y seglares<\/em><\/p>\n<p>&nbsp;<\/p>\n<p><strong>11.- HONRUBIA<\/strong> (Cuenca): 23 octubre-16 noviembre. PP. Javier Mnez. Sanju\u00e1n, Javier Artaso y Bienvenido Gonz\u00e1lez. (An.1998).<\/p>\n<p style=\"padding-left: 30px\"><em>Junto con varias HH. de la C. y seglares<\/em><\/p>\n<p><strong>12.- PARROQUIA DE SAN FELIPE<\/strong> <strong>NERI <\/strong>(Sevilla): 29 octubre-16 noviembre.\u00a0 PP. Fabriciano Prado, Juan Velasco, Andr\u00e9s Pato, David Fern\u00e1ndez, Antonio Villar y Juan de la Rosa. HHCC: (An.1998 y BPS).<\/p>\n<p style=\"padding-left: 30px\"><em>Junto con HH. de la C.<\/em><\/p>\n<p>&nbsp;<\/p>\n<p><strong>13.- PARROQUIA DE SAN MARTIN<\/strong> (Valencia): 30 noviembre-13 diciembre.\u00a0 PP. Jos\u00e9 Vicente Nacher, Miguel Garc\u00eda y Jose Miguel Sanchez. (An.1998 y BPB).<\/p>\n<p style=\"padding-left: 30px\"><em>Junto con HH. de la C., seglares JMV \u00a0y LAMPI.<\/em><\/p>\n<p><strong>14.- PINAREJO<\/strong> (Cuenca): 30 noviembre-21 diciembre.\u00a0 PP. Jes\u00fas M\u00aa Egues y Jos\u00e9 M\u00aa Ibero. (An.1998).<\/p>\n<p style=\"padding-left: 30px\"><em>Junto con HH. de la C.,<\/em><\/p>\n<p><strong>15.- SANTA MAR\u00cdA DE CAMPO RUS<\/strong> (Cuenca): 30 noviembre-21 diciembre. PP. Bienvenido Gonz\u00e1lez y Javier Artaso. (An.1998).<\/p>\n<p style=\"padding-left: 30px\"><em>Junto con varias HH. de la C. y seglares<\/em><\/p>\n","protected":false},"excerpt":{"rendered":"<p>1997 1.- SESMA (Navarra): 12 Enero-2 Febrero. PP. Javier Mnez. Sanju\u00e1n, y Jos\u00e9 M\u00aa Ibero. (An.1997 y BPZ). Junto con varias HH. de la C. y seglares &nbsp; 2.- PARROQUIA DE CASABLANCA (Zaragoza): 12 Enero-9 &#8230; <a href=\"http:\/\/vincentians.com\/es\/misiones-populares-en-espana-1975-2000-1997\/\" class=\"more-link\">Read More<\/a><\/p>\n","protected":false},"author":4,"featured_media":39438,"comment_status":"open","ping_status":"open","sticky":false,"template":"","format":"standard","meta":{"jetpack_post_was_ever_published":false,"_jetpack_newsletter_access":"","_jetpack_dont_email_post_to_subs":false,"_jetpack_newsletter_tier_id":0,"_jetpack_memberships_contains_paywalled_content":false,"_jetpack_memberships_contains_paid_content":false,"footnotes":"","jetpack_publicize_message":"","jetpack_publicize_feature_enabled":true,"jetpack_social_post_already_shared":true,"jetpack_social_options":{"image_generator_settings":{"template":"highway","default_image_id":0,"font":"","enabled":false},"version":2}},"categories":[201],"tags":[176],"class_list":["post-39677","post","type-post","status-publish","format-standard","has-post-thumbnail","hentry","category-misiones-ad-gentes","tag-misiones-populares"],"yoast_head":"<!-- This site is optimized with the Yoast SEO plugin v26.3 - https:\/\/yoast.com\/wordpress\/plugins\/seo\/ -->\n<title>Misiones populares en Espa\u00f1a, 1975-2000: 1997 - Somos Vicencianos<\/title>\n<meta name=\"robots\" content=\"index, follow, max-snippet:-1, max-image-preview:large, max-video-preview:-1\" \/>\n<link rel=\"canonical\" href=\"http:\/\/vincentians.com\/es\/misiones-populares-en-espana-1975-2000-1997\/\" \/>\n<meta property=\"og:locale\" content=\"es_ES\" \/>\n<meta property=\"og:type\" content=\"article\" \/>\n<meta property=\"og:title\" content=\"Misiones populares en Espa\u00f1a, 1975-2000: 1997 - Somos Vicencianos\" \/>\n<meta property=\"og:description\" content=\"1997 1.- SESMA (Navarra): 12 Enero-2 Febrero. PP. Javier Mnez. Sanju\u00e1n, y Jos\u00e9 M\u00aa Ibero. (An.1997 y BPZ). Junto con varias HH. de la C. y seglares &nbsp; 2.- PARROQUIA DE CASABLANCA (Zaragoza): 12 Enero-9 ... Read More\" \/>\n<meta property=\"og:url\" content=\"http:\/\/vincentians.com\/es\/misiones-populares-en-espana-1975-2000-1997\/\" \/>\n<meta property=\"og:site_name\" content=\"Somos Vicencianos\" \/>\n<meta property=\"article:publisher\" content=\"https:\/\/www.facebook.com\/WeAreVincentians\/\" \/>\n<meta property=\"article:author\" content=\"https:\/\/www.facebook.com\/JavierChento\" \/>\n<meta property=\"article:published_time\" content=\"2014-12-04T03:20:46+00:00\" \/>\n<meta name=\"author\" content=\"Francisco Javier Fern\u00e1ndez Chento\" \/>\n<meta name=\"twitter:card\" content=\"summary_large_image\" \/>\n<meta name=\"twitter:creator\" content=\"@https:\/\/twitter.com\/javierchento\" \/>\n<meta name=\"twitter:site\" content=\"@WeVincentians\" \/>\n<meta name=\"twitter:label1\" content=\"Escrito por\" \/>\n\t<meta name=\"twitter:data1\" content=\"Francisco Javier Fern\u00e1ndez Chento\" \/>\n\t<meta name=\"twitter:label2\" content=\"Tiempo de lectura\" \/>\n\t<meta name=\"twitter:data2\" content=\"2 minutos\" \/>\n<script type=\"application\/ld+json\" class=\"yoast-schema-graph\">{\"@context\":\"https:\/\/schema.org\",\"@graph\":[{\"@type\":\"Article\",\"@id\":\"http:\/\/vincentians.com\/es\/misiones-populares-en-espana-1975-2000-1997\/#article\",\"isPartOf\":{\"@id\":\"http:\/\/vincentians.com\/es\/misiones-populares-en-espana-1975-2000-1997\/\"},\"author\":{\"name\":\"Francisco Javier Fern\u00e1ndez Chento\",\"@id\":\"https:\/\/vincentians.com\/es\/#\/schema\/person\/9623ef4d9aa3b2dfb8c061f1499288f2\"},\"headline\":\"Misiones populares en Espa\u00f1a, 1975-2000: 1997\",\"datePublished\":\"2014-12-04T03:20:46+00:00\",\"mainEntityOfPage\":{\"@id\":\"http:\/\/vincentians.com\/es\/misiones-populares-en-espana-1975-2000-1997\/\"},\"wordCount\":493,\"commentCount\":0,\"publisher\":{\"@id\":\"https:\/\/vincentians.com\/es\/#organization\"},\"image\":{\"@id\":\"http:\/\/vincentians.com\/es\/misiones-populares-en-espana-1975-2000-1997\/#primaryimage\"},\"thumbnailUrl\":\"\",\"keywords\":[\"Misiones Populares\"],\"articleSection\":[\"Misiones \u00abAd gentes\u00bb\"],\"inLanguage\":\"es\",\"potentialAction\":[{\"@type\":\"CommentAction\",\"name\":\"Comment\",\"target\":[\"http:\/\/vincentians.com\/es\/misiones-populares-en-espana-1975-2000-1997\/#respond\"]}]},{\"@type\":\"WebPage\",\"@id\":\"http:\/\/vincentians.com\/es\/misiones-populares-en-espana-1975-2000-1997\/\",\"url\":\"http:\/\/vincentians.com\/es\/misiones-populares-en-espana-1975-2000-1997\/\",\"name\":\"Misiones populares en Espa\u00f1a, 1975-2000: 1997 - Somos Vicencianos\",\"isPartOf\":{\"@id\":\"https:\/\/vincentians.com\/es\/#website\"},\"primaryImageOfPage\":{\"@id\":\"http:\/\/vincentians.com\/es\/misiones-populares-en-espana-1975-2000-1997\/#primaryimage\"},\"image\":{\"@id\":\"http:\/\/vincentians.com\/es\/misiones-populares-en-espana-1975-2000-1997\/#primaryimage\"},\"thumbnailUrl\":\"\",\"datePublished\":\"2014-12-04T03:20:46+00:00\",\"breadcrumb\":{\"@id\":\"http:\/\/vincentians.com\/es\/misiones-populares-en-espana-1975-2000-1997\/#breadcrumb\"},\"inLanguage\":\"es\",\"potentialAction\":[{\"@type\":\"ReadAction\",\"target\":[\"http:\/\/vincentians.com\/es\/misiones-populares-en-espana-1975-2000-1997\/\"]}]},{\"@type\":\"ImageObject\",\"inLanguage\":\"es\",\"@id\":\"http:\/\/vincentians.com\/es\/misiones-populares-en-espana-1975-2000-1997\/#primaryimage\",\"url\":\"\",\"contentUrl\":\"\"},{\"@type\":\"BreadcrumbList\",\"@id\":\"http:\/\/vincentians.com\/es\/misiones-populares-en-espana-1975-2000-1997\/#breadcrumb\",\"itemListElement\":[{\"@type\":\"ListItem\",\"position\":1,\"name\":\"Portada\",\"item\":\"https:\/\/vincentians.com\/es\/\"},{\"@type\":\"ListItem\",\"position\":2,\"name\":\"Misiones populares en Espa\u00f1a, 1975-2000: 1997\"}]},{\"@type\":\"WebSite\",\"@id\":\"https:\/\/vincentians.com\/es\/#website\",\"url\":\"https:\/\/vincentians.com\/es\/\",\"name\":\"Somos Vicencianos\",\"description\":\"Know more to serve more\",\"publisher\":{\"@id\":\"https:\/\/vincentians.com\/es\/#organization\"},\"potentialAction\":[{\"@type\":\"SearchAction\",\"target\":{\"@type\":\"EntryPoint\",\"urlTemplate\":\"https:\/\/vincentians.com\/es\/?s={search_term_string}\"},\"query-input\":{\"@type\":\"PropertyValueSpecification\",\"valueRequired\":true,\"valueName\":\"search_term_string\"}}],\"inLanguage\":\"es\"},{\"@type\":\"Organization\",\"@id\":\"https:\/\/vincentians.com\/es\/#organization\",\"name\":\"The Vincentian Network\",\"url\":\"https:\/\/vincentians.com\/es\/\",\"logo\":{\"@type\":\"ImageObject\",\"inLanguage\":\"es\",\"@id\":\"https:\/\/vincentians.com\/es\/#\/schema\/logo\/image\/\",\"url\":\"https:\/\/i1.wp.com\/vincentians.com\/es\/wp-content\/uploads\/sites\/11\/2016\/06\/Vincentian-Network-logo-big.png?fit=778%2C778\",\"contentUrl\":\"https:\/\/i1.wp.com\/vincentians.com\/es\/wp-content\/uploads\/sites\/11\/2016\/06\/Vincentian-Network-logo-big.png?fit=778%2C778\",\"width\":778,\"height\":778,\"caption\":\"The Vincentian Network\"},\"image\":{\"@id\":\"https:\/\/vincentians.com\/es\/#\/schema\/logo\/image\/\"},\"sameAs\":[\"https:\/\/www.facebook.com\/WeAreVincentians\/\",\"https:\/\/x.com\/WeVincentians\"]},{\"@type\":\"Person\",\"@id\":\"https:\/\/vincentians.com\/es\/#\/schema\/person\/9623ef4d9aa3b2dfb8c061f1499288f2\",\"name\":\"Francisco Javier Fern\u00e1ndez Chento\",\"image\":{\"@type\":\"ImageObject\",\"inLanguage\":\"es\",\"@id\":\"https:\/\/vincentians.com\/es\/#\/schema\/person\/image\/\",\"url\":\"https:\/\/secure.gravatar.com\/avatar\/497d5cde87b4c3d097d0315953521681ba2cd523ee66e5077c3711f7021e65de?s=96&d=mm&r=g\",\"contentUrl\":\"https:\/\/secure.gravatar.com\/avatar\/497d5cde87b4c3d097d0315953521681ba2cd523ee66e5077c3711f7021e65de?s=96&d=mm&r=g\",\"caption\":\"Francisco Javier Fern\u00e1ndez Chento\"},\"description\":\"Director General y cofundador de La Red de Formaci\u00f3n Vicenciana. Javier es laico vicenciano, afiliado a la Congregaci\u00f3n de la Misi\u00f3n y miembro del Equipo de Misiones Populares de la provincia can\u00f3nica de Zaragoza (Espa\u00f1a) de la Congregaci\u00f3n de la Misi\u00f3n. Graduado en la Universidad Oberta de Catalunya con cuatro grados (Asistente de direcci\u00f3n, Gesti\u00f3n Administrativa, Recursos Humanos y Contabilidad Avanzada). Bil\u00edng\u00fce Espa\u00f1ol\/Ingl\u00e9s. gestiona y mantiene varias p\u00e1ginas web cristianas y vicencianas, incluida including La Red de Formaci\u00f3n Vicenciana, de la que es cofundador. Actualmente es responsable del \u00e1rea de Espa\u00f1ol de .famvin, la Red de Noticias de la Familia Vicenciana. Tambi\u00e9n es m\u00fasico cat\u00f3lico y ha editado varios discos. Es Director General y cofundador de Trovador, una reconocida compa\u00f1\u00eda discogr\u00e1fica critiana de Espa\u00f1a. Trabaja en las Tecnolog\u00edas de la Informaci\u00f3n, ofreciendo servicios de alojamiento, dise\u00f1o y mantenimiento Web, as\u00ed como asesoramiento, formaci\u00f3n y soluciones inform\u00e1ticas, gesti\u00f3n documental y digitalizaci\u00f3n de textos, edici\u00f3n y maquetaci\u00f3n de libros, revistas, flyers, etc.\",\"sameAs\":[\"http:\/\/chento.org\",\"https:\/\/www.facebook.com\/JavierChento\",\"https:\/\/x.com\/https:\/\/twitter.com\/javierchento\"],\"url\":\"http:\/\/vincentians.com\/es\/author\/chento\/\"}]}<\/script>\n<!-- \/ Yoast SEO plugin. -->","yoast_head_json":{"title":"Misiones populares en Espa\u00f1a, 1975-2000: 1997 - Somos Vicencianos","robots":{"index":"index","follow":"follow","max-snippet":"max-snippet:-1","max-image-preview":"max-image-preview:large","max-video-preview":"max-video-preview:-1"},"canonical":"http:\/\/vincentians.com\/es\/misiones-populares-en-espana-1975-2000-1997\/","og_locale":"es_ES","og_type":"article","og_title":"Misiones populares en Espa\u00f1a, 1975-2000: 1997 - Somos Vicencianos","og_description":"1997 1.- SESMA (Navarra): 12 Enero-2 Febrero. PP. Javier Mnez. Sanju\u00e1n, y Jos\u00e9 M\u00aa Ibero. (An.1997 y BPZ). Junto con varias HH. de la C. y seglares &nbsp; 2.- PARROQUIA DE CASABLANCA (Zaragoza): 12 Enero-9 ... Read More","og_url":"http:\/\/vincentians.com\/es\/misiones-populares-en-espana-1975-2000-1997\/","og_site_name":"Somos Vicencianos","article_publisher":"https:\/\/www.facebook.com\/WeAreVincentians\/","article_author":"https:\/\/www.facebook.com\/JavierChento","article_published_time":"2014-12-04T03:20:46+00:00","author":"Francisco Javier Fern\u00e1ndez Chento","twitter_card":"summary_large_image","twitter_creator":"@https:\/\/twitter.com\/javierchento","twitter_site":"@WeVincentians","twitter_misc":{"Escrito por":"Francisco Javier Fern\u00e1ndez Chento","Tiempo de lectura":"2 minutos"},"schema":{"@context":"https:\/\/schema.org","@graph":[{"@type":"Article","@id":"http:\/\/vincentians.com\/es\/misiones-populares-en-espana-1975-2000-1997\/#article","isPartOf":{"@id":"http:\/\/vincentians.com\/es\/misiones-populares-en-espana-1975-2000-1997\/"},"author":{"name":"Francisco Javier Fern\u00e1ndez Chento","@id":"https:\/\/vincentians.com\/es\/#\/schema\/person\/9623ef4d9aa3b2dfb8c061f1499288f2"},"headline":"Misiones populares en Espa\u00f1a, 1975-2000: 1997","datePublished":"2014-12-04T03:20:46+00:00","mainEntityOfPage":{"@id":"http:\/\/vincentians.com\/es\/misiones-populares-en-espana-1975-2000-1997\/"},"wordCount":493,"commentCount":0,"publisher":{"@id":"https:\/\/vincentians.com\/es\/#organization"},"image":{"@id":"http:\/\/vincentians.com\/es\/misiones-populares-en-espana-1975-2000-1997\/#primaryimage"},"thumbnailUrl":"","keywords":["Misiones Populares"],"articleSection":["Misiones \u00abAd gentes\u00bb"],"inLanguage":"es","potentialAction":[{"@type":"CommentAction","name":"Comment","target":["http:\/\/vincentians.com\/es\/misiones-populares-en-espana-1975-2000-1997\/#respond"]}]},{"@type":"WebPage","@id":"http:\/\/vincentians.com\/es\/misiones-populares-en-espana-1975-2000-1997\/","url":"http:\/\/vincentians.com\/es\/misiones-populares-en-espana-1975-2000-1997\/","name":"Misiones populares en Espa\u00f1a, 1975-2000: 1997 - Somos Vicencianos","isPartOf":{"@id":"https:\/\/vincentians.com\/es\/#website"},"primaryImageOfPage":{"@id":"http:\/\/vincentians.com\/es\/misiones-populares-en-espana-1975-2000-1997\/#primaryimage"},"image":{"@id":"http:\/\/vincentians.com\/es\/misiones-populares-en-espana-1975-2000-1997\/#primaryimage"},"thumbnailUrl":"","datePublished":"2014-12-04T03:20:46+00:00","breadcrumb":{"@id":"http:\/\/vincentians.com\/es\/misiones-populares-en-espana-1975-2000-1997\/#breadcrumb"},"inLanguage":"es","potentialAction":[{"@type":"ReadAction","target":["http:\/\/vincentians.com\/es\/misiones-populares-en-espana-1975-2000-1997\/"]}]},{"@type":"ImageObject","inLanguage":"es","@id":"http:\/\/vincentians.com\/es\/misiones-populares-en-espana-1975-2000-1997\/#primaryimage","url":"","contentUrl":""},{"@type":"BreadcrumbList","@id":"http:\/\/vincentians.com\/es\/misiones-populares-en-espana-1975-2000-1997\/#breadcrumb","itemListElement":[{"@type":"ListItem","position":1,"name":"Portada","item":"https:\/\/vincentians.com\/es\/"},{"@type":"ListItem","position":2,"name":"Misiones populares en Espa\u00f1a, 1975-2000: 1997"}]},{"@type":"WebSite","@id":"https:\/\/vincentians.com\/es\/#website","url":"https:\/\/vincentians.com\/es\/","name":"Somos Vicencianos","description":"Know more to serve more","publisher":{"@id":"https:\/\/vincentians.com\/es\/#organization"},"potentialAction":[{"@type":"SearchAction","target":{"@type":"EntryPoint","urlTemplate":"https:\/\/vincentians.com\/es\/?s={search_term_string}"},"query-input":{"@type":"PropertyValueSpecification","valueRequired":true,"valueName":"search_term_string"}}],"inLanguage":"es"},{"@type":"Organization","@id":"https:\/\/vincentians.com\/es\/#organization","name":"The Vincentian Network","url":"https:\/\/vincentians.com\/es\/","logo":{"@type":"ImageObject","inLanguage":"es","@id":"https:\/\/vincentians.com\/es\/#\/schema\/logo\/image\/","url":"https:\/\/i1.wp.com\/vincentians.com\/es\/wp-content\/uploads\/sites\/11\/2016\/06\/Vincentian-Network-logo-big.png?fit=778%2C778","contentUrl":"https:\/\/i1.wp.com\/vincentians.com\/es\/wp-content\/uploads\/sites\/11\/2016\/06\/Vincentian-Network-logo-big.png?fit=778%2C778","width":778,"height":778,"caption":"The Vincentian Network"},"image":{"@id":"https:\/\/vincentians.com\/es\/#\/schema\/logo\/image\/"},"sameAs":["https:\/\/www.facebook.com\/WeAreVincentians\/","https:\/\/x.com\/WeVincentians"]},{"@type":"Person","@id":"https:\/\/vincentians.com\/es\/#\/schema\/person\/9623ef4d9aa3b2dfb8c061f1499288f2","name":"Francisco Javier Fern\u00e1ndez Chento","image":{"@type":"ImageObject","inLanguage":"es","@id":"https:\/\/vincentians.com\/es\/#\/schema\/person\/image\/","url":"https:\/\/secure.gravatar.com\/avatar\/497d5cde87b4c3d097d0315953521681ba2cd523ee66e5077c3711f7021e65de?s=96&d=mm&r=g","contentUrl":"https:\/\/secure.gravatar.com\/avatar\/497d5cde87b4c3d097d0315953521681ba2cd523ee66e5077c3711f7021e65de?s=96&d=mm&r=g","caption":"Francisco Javier Fern\u00e1ndez Chento"},"description":"Director General y cofundador de La Red de Formaci\u00f3n Vicenciana. Javier es laico vicenciano, afiliado a la Congregaci\u00f3n de la Misi\u00f3n y miembro del Equipo de Misiones Populares de la provincia can\u00f3nica de Zaragoza (Espa\u00f1a) de la Congregaci\u00f3n de la Misi\u00f3n. Graduado en la Universidad Oberta de Catalunya con cuatro grados (Asistente de direcci\u00f3n, Gesti\u00f3n Administrativa, Recursos Humanos y Contabilidad Avanzada). Bil\u00edng\u00fce Espa\u00f1ol\/Ingl\u00e9s. gestiona y mantiene varias p\u00e1ginas web cristianas y vicencianas, incluida including La Red de Formaci\u00f3n Vicenciana, de la que es cofundador. Actualmente es responsable del \u00e1rea de Espa\u00f1ol de .famvin, la Red de Noticias de la Familia Vicenciana. Tambi\u00e9n es m\u00fasico cat\u00f3lico y ha editado varios discos. Es Director General y cofundador de Trovador, una reconocida compa\u00f1\u00eda discogr\u00e1fica critiana de Espa\u00f1a. Trabaja en las Tecnolog\u00edas de la Informaci\u00f3n, ofreciendo servicios de alojamiento, dise\u00f1o y mantenimiento Web, as\u00ed como asesoramiento, formaci\u00f3n y soluciones inform\u00e1ticas, gesti\u00f3n documental y digitalizaci\u00f3n de textos, edici\u00f3n y maquetaci\u00f3n de libros, revistas, flyers, etc.","sameAs":["http:\/\/chento.org","https:\/\/www.facebook.com\/JavierChento","https:\/\/x.com\/https:\/\/twitter.com\/javierchento"],"url":"http:\/\/vincentians.com\/es\/author\/chento\/"}]}},"jetpack_publicize_connections":[],"jetpack_featured_media_url":"","jetpack_sharing_enabled":true,"jetpack_shortlink":"https:\/\/wp.me\/p7ETMF-ajX","jetpack-related-posts":[{"id":39680,"url":"http:\/\/vincentians.com\/es\/misiones-populares-en-espana-1975-2000-2000\/","url_meta":{"origin":39677,"position":0},"title":"Misiones populares en Espa\u00f1a, 1975-2000: 2000","author":"Francisco Javier Fern\u00e1ndez Chento","date":"16\/12\/2014","format":false,"excerpt":"2000 1.- PARROQUIAS DE SAN BARTOLOM\u00c9, SANTA MAR\u00cdA y SAN PEDRO (Benicarl\u00f3, Tarragona): 15 enero-5 febrero. PP. Jos\u00e9 Vicente Nacher, Jos\u00e9 Mulet, Amador \u00a0Bauza, Pedro G\u00f3mez, Miguel Garc\u00eda, Jos\u00e9 Luis L\u00f3pez, Jos\u00e9 Miguel S\u00e1nchez y \u00c1ngel Sola. (An.2000 y BPB). Junto a HH. de la C. y j\u00f3venes de JMV\u2026","rel":"","context":"En \u00abMisiones \u00abAd gentes\u00bb\u00bb","block_context":{"text":"Misiones \u00abAd gentes\u00bb","link":"http:\/\/vincentians.com\/es\/category\/servicios-y-ministerios\/misiones-ad-gentes\/"},"img":{"alt_text":"","src":"","width":0,"height":0},"classes":[]},{"id":39679,"url":"http:\/\/vincentians.com\/es\/misiones-populares-en-espana-1975-2000-1999\/","url_meta":{"origin":39677,"position":1},"title":"Misiones populares en Espa\u00f1a, 1975-2000: 1999","author":"Francisco Javier Fern\u00e1ndez Chento","date":"10\/12\/2014","format":false,"excerpt":"1999 \u00a0 \u00a0 1.- SISANTE y TEATINOS (Cuenca): 17 enero ... PP. Javier Mnez. Sanjuan, Jos\u00e9 Luis Crespo, Bienvenido Gonz\u00e1lez, Luis M\u00aa Mnez. Sanjuan, Jes\u00fas M\u00aa Egues y Jes\u00fas Arellano. (An.1999 y BPZ). Junto con HH. de la C. y seglares. \u00a0 2.- PARROQUIA DE LA FUENSANTA (C\u00f3rdoba): 21 enero-7\u2026","rel":"","context":"En \u00abMisiones \u00abAd gentes\u00bb\u00bb","block_context":{"text":"Misiones \u00abAd gentes\u00bb","link":"http:\/\/vincentians.com\/es\/category\/servicios-y-ministerios\/misiones-ad-gentes\/"},"img":{"alt_text":"","src":"","width":0,"height":0},"classes":[]},{"id":39676,"url":"http:\/\/vincentians.com\/es\/misiones-populares-en-espana-1975-2000-1996\/","url_meta":{"origin":39677,"position":2},"title":"Misiones populares en Espa\u00f1a, 1975-2000: 1996","author":"Francisco Javier Fern\u00e1ndez Chento","date":"03\/12\/2014","format":false,"excerpt":"1996 1.- LODOSA (Navarra): 15 enero-11 febrero. PP. \u00c1ngel Pereda, Jes\u00fas M\u00aa Eg\u00fc\u00e9s, Marino Marco\u00a0 y Luis M\u00aa Mnez. San Juan. (An. 1996 y BPM) Junto con varias HH. de la C. y seglares 2.- TABERNA y BOLULLA (Alicante): 21 enero-4 febrero. PP. Juan Amengual y Vicente Natzer. (An. 1996\u2026","rel":"","context":"En \u00abMisiones \u00abAd gentes\u00bb\u00bb","block_context":{"text":"Misiones \u00abAd gentes\u00bb","link":"http:\/\/vincentians.com\/es\/category\/servicios-y-ministerios\/misiones-ad-gentes\/"},"img":{"alt_text":"","src":"","width":0,"height":0},"classes":[]},{"id":39674,"url":"http:\/\/vincentians.com\/es\/misiones-populares-en-espana-1975-2000-1994\/","url_meta":{"origin":39677,"position":3},"title":"Misiones populares en Espa\u00f1a, 1975-2000: 1994","author":"Francisco Javier Fern\u00e1ndez Chento","date":"01\/12\/2014","format":false,"excerpt":"1994 1.- CINTRUENIGO (Navarra): 9 Enero-6 Febrero. PP. Ander Arregui, Javier Artaso, Jes\u00fas M\u00aa Egues, Luis M\u00aa Mnez. San Juan y Pablo Dom\u00ednguez. (An. 1994 y BPZ). Junto con varias HH. de la C. y seglares. 2.- PARROQUIA DE SAN ANTONIO ABAD (Burgos): 20 enero-5 febrero. PP. Florentino Villanueva, Jos\u00e9\u2026","rel":"","context":"En \u00abMisiones \u00abAd gentes\u00bb\u00bb","block_context":{"text":"Misiones \u00abAd gentes\u00bb","link":"http:\/\/vincentians.com\/es\/category\/servicios-y-ministerios\/misiones-ad-gentes\/"},"img":{"alt_text":"","src":"","width":0,"height":0},"classes":[]},{"id":39678,"url":"http:\/\/vincentians.com\/es\/misiones-populares-en-espana-1975-2000-1998\/","url_meta":{"origin":39677,"position":4},"title":"Misiones populares en Espa\u00f1a, 1975-2000: 1998","author":"Francisco Javier Fern\u00e1ndez Chento","date":"06\/12\/2014","format":false,"excerpt":"1998 \u00a0 1.- PUNTA DEL MORAL (Huelva):15-25 enero.\u00a0 PP. Pedro Pascual\u00a0 y Felipe Ortiz. (An.1998 y BPS). Junto con HH. de la C. \u00a0 2.- ZONA DE SAN CLEMENTE (Cuenca): 18 enero-8 febrero. Vara del Rey, Pozo Amargo, Casas de Ben\u00edtez, Casas de Guijarro, .PP. \u00c1ngel Pereda, Jes\u00fas M\u00aa Eg\u00fc\u00e9s,\u2026","rel":"","context":"En \u00abMisiones \u00abAd gentes\u00bb\u00bb","block_context":{"text":"Misiones \u00abAd gentes\u00bb","link":"http:\/\/vincentians.com\/es\/category\/servicios-y-ministerios\/misiones-ad-gentes\/"},"img":{"alt_text":"","src":"","width":0,"height":0},"classes":[]},{"id":39671,"url":"http:\/\/vincentians.com\/es\/misiones-populares-en-espana-1975-2000-1991\/","url_meta":{"origin":39677,"position":5},"title":"Misiones populares en Espa\u00f1a, 1975-2000: 1991","author":"Francisco Javier Fern\u00e1ndez Chento","date":"13\/11\/2014","format":false,"excerpt":"1991 1.- TRES PARROQUIAS (Huelva): 10-26 enero. PP. Julio Herrero, Jes\u00fas Rdez. Rico, Te\u00f3filo Ordo\u00f1ez, Eutiquio Garc\u00eda, Jos\u00e9 Gonzalo, Manuel Freire, Fabriciano Prado, Andr\u00e9s Pato, Rafael Carracedo, Jos\u00e9 Capitas, Pedro Pascual, Juan Velasco, \u00c1ngel Oyanguren, \u00c1ngel Aoiz y Baltasar Indurain. (An. 1991, BPZ,\u00a0 BPM y BPS). Junto con varias HH.\u2026","rel":"","context":"En \u00abMisiones \u00abAd gentes\u00bb\u00bb","block_context":{"text":"Misiones \u00abAd gentes\u00bb","link":"http:\/\/vincentians.com\/es\/category\/servicios-y-ministerios\/misiones-ad-gentes\/"},"img":{"alt_text":"Horche","src":"https:\/\/i0.wp.com\/vicencianos.org\/wp-content\/2011\/05\/Horche-300x204.jpg?resize=350%2C200","width":350,"height":200},"classes":[]}],"_links":{"self":[{"href":"http:\/\/vincentians.com\/es\/wp-json\/wp\/v2\/posts\/39677","targetHints":{"allow":["GET"]}}],"collection":[{"href":"http:\/\/vincentians.com\/es\/wp-json\/wp\/v2\/posts"}],"about":[{"href":"http:\/\/vincentians.com\/es\/wp-json\/wp\/v2\/types\/post"}],"author":[{"embeddable":true,"href":"http:\/\/vincentians.com\/es\/wp-json\/wp\/v2\/users\/4"}],"replies":[{"embeddable":true,"href":"http:\/\/vincentians.com\/es\/wp-json\/wp\/v2\/comments?post=39677"}],"version-history":[{"count":0,"href":"http:\/\/vincentians.com\/es\/wp-json\/wp\/v2\/posts\/39677\/revisions"}],"wp:featuredmedia":[{"embeddable":true,"href":"http:\/\/vincentians.com\/es\/wp-json\/"}],"wp:attachment":[{"href":"http:\/\/vincentians.com\/es\/wp-json\/wp\/v2\/media?parent=39677"}],"wp:term":[{"taxonomy":"category","embeddable":true,"href":"http:\/\/vincentians.com\/es\/wp-json\/wp\/v2\/categories?post=39677"},{"taxonomy":"post_tag","embeddable":true,"href":"http:\/\/vincentians.com\/es\/wp-json\/wp\/v2\/tags?post=39677"}],"curies":[{"name":"wp","href":"https:\/\/api.w.org\/{rel}","templated":true}]}}