{"id":39676,"date":"2014-12-03T03:29:46","date_gmt":"2014-12-03T02:29:46","guid":{"rendered":"http:\/\/somos.vicencianos.org\/blog\/2011\/06\/misiones-populares-en-espana-1975-2000-1996\/"},"modified":"2014-12-03T03:29:46","modified_gmt":"2014-12-03T02:29:46","slug":"misiones-populares-en-espana-1975-2000-1996","status":"publish","type":"post","link":"http:\/\/vincentians.com\/es\/misiones-populares-en-espana-1975-2000-1996\/","title":{"rendered":"Misiones populares en Espa\u00f1a, 1975-2000: 1996"},"content":{"rendered":"<h2><strong>1996<\/strong><\/h2>\n<p><strong> <\/strong><\/p>\n<p><strong>1.- LODOSA<\/strong> (Navarra): 15 enero-11 febrero. PP. \u00c1ngel Pereda, Jes\u00fas M\u00aa Eg\u00fc\u00e9s, Marino Marco\u00a0 y Luis M\u00aa Mnez. San Juan. (An. 1996 y BPM)<\/p>\n<p style=\"padding-left: 30px\"><em>Junto con varias HH. de la C. y seglares<\/em><\/p>\n<p><strong>2.- TABERNA y BOLULLA<\/strong> (Alicante): 21 enero-4 febrero. PP. Juan Amengual y Vicente Natzer. (An. 1996 y BPB)<\/p>\n<p style=\"padding-left: 30px\"><em>Junto con Hijas de la C. y j\u00f3venes JMV<\/em><\/p>\n<p><strong> <\/strong><\/p>\n<p><strong>3.- PARROQUIA DE SAN ANTON<\/strong> (Cartagena-Murcia). 25 enero-11 febrero. PP. Jos\u00e9 M\u00aa Mondejar, Juli\u00e1n Soriano, Javier Artaso y Pablo Dom\u00ednguez. (An. 1996, BPM \u00a0y BPZ).<\/p>\n<p style=\"padding-left: 30px\"><em>Junto con varias HH. de la C. y seglares<\/em><\/p>\n<p><strong>4.- OLIVA<\/strong> (Valencia). 18 febrero- 10 marzo. PP. Jos\u00e9 Luis L\u00f3pez, Jos\u00e9 M\u00aa Mondejar, Jos\u00e9 M\u00aa Nieto, Diego Pla, Florentino Villanueva y Joaqu\u00edn Gonz\u00e1lez. (An. 1996, BPM y BPB).<\/p>\n<p><strong>5.- ARCIPRESTAZGO DE CELANOVA<\/strong> (Orense): Morillones, Sampayo, Ansemil, San Martin, Veita, Sorga, Podentes, Pardavedra, Soutomel, Bobadela, Leirado y Moci\u00f1os. 29 febrero-10 marzo. PP. Jos\u00e9 Rodr\u00edguez, Manuel Freire, Pedro Pascual, Antonio Villar, Fabriciano Prado y Jose Alonso. (An. 1996 y BPS)<\/p>\n<p style=\"padding-left: 30px\"><em>Junto con HH. de la C.<\/em><\/p>\n<p><em> <\/em><\/p>\n<p><strong>6.- ARCIPRESTAZGO DE CELANOVA<\/strong> (Orense): Celanova, Vilanova, Ca\u00f1\u00f3n, Sangu\u00f1edo, Pitelos, Berredo, Froy\u00e1s, Fechas, Orga y R\u00edo Molinos Quintela: 14-24 marzo. PP. Manuel Freire, Pedro Pascual, Antonio Villar, Fabriciano Prado, Jos\u00e9 Alonso, Florentino Meneses y David Fern\u00e1ndez. (An. 1996 y BPS).<\/p>\n<p style=\"padding-left: 30px\"><em>Junto con HH. de la C.<\/em><\/p>\n<p><strong> <\/strong><\/p>\n<p><strong>7.- JINAMAR<\/strong> (Gran Canaria): 3-31 de marzo. PP. Jes\u00fas M\u00aa Egues, Luis M\u00aa Mnez San Juan, Juli\u00e1n Soriano, Marino Marco y Pablo Dom\u00ednguez. (An. 1996)<\/p>\n<p style=\"padding-left: 30px\"><em>Junto con varias HH. de la C. y seglares<\/em><\/p>\n<p><strong>8.- PARROQUIAS DE LA INMACULADA y JES\u00daS OBRERO<\/strong> (Reus-Tarragona): Marzo. PP. Pedro G\u00f3mez, Miguel G\u00f3mez, Jose Ignacio Caama\u00f1o \u2013di\u00e1cono- Jose Vicente Martinez \u2013di\u00e1cono- y Fausto Leonardo. (An. 1996 y BPB).<\/p>\n<p style=\"padding-left: 30px\"><em>Se misiona toda la ciudad, dirigido por los PP. Claretianos.<\/em><\/p>\n<p><strong>9.- LA GUARDIA, CARCHALEJO, C\u00c1RCHEL<\/strong> (Ja\u00e9n). 14-31 Marzo. PP. Jos\u00e9 M\u00aa Nieto, \u00c1ngel Pereda, Florentino Villanueva, Diego Pla y Joaqu\u00edn Gonz\u00e1lez. \u00a0(An. 1996 BPM)<\/p>\n<p><strong>10.- ARCIPRESTAZGO DE CELANOVA<\/strong> (Orense): Verea, Orille, Gont\u00e1n, Portela, Viveiro, Freixo, Casardeita, Acevedo, Amoroz, Castromao, Milmanda, Alc\u00e1zar, Albos, Cexo, Santa Mar\u00eda, Bangueses y Xacebans: (11-21 abril). PP. Pedro Pascual, Antonio Villar, Fabriciano Prado, Jos\u00e9 Rodr\u00edguez, Manuel Prado y Andr\u00e9s Pato. (An. 1996, BPM y BPS)<\/p>\n<p style=\"padding-left: 30px\"><em>Junto con HH. de la C.<\/em><\/p>\n<p><strong>11.- ZONA DE MOMBUEY<\/strong> (Zamora): Mombuey, Otero, Sejas, Manzanal de los Infantes, Cernadilla, Valdemerilla, Fresno, Sand\u00edn, Manzanal de Arriba, Sagallos, Codesal, Folgoso, Pedroso, Molezuelas, Cubo, Rionegro del Puente, Vellluengo y Valparaiso. 25 abril-5 mayo. PP. Pedro Pascual, Juan de la Rosa, Segundo Pe\u00f1a, Antonio Villar, Manuel Blanco, Manuel Prado y Fabriciano Prado. (An. 1996 y BPS)<\/p>\n<p style=\"padding-left: 30px\"><em>Junto con HH. de la C<\/em><\/p>\n<p><em> <\/em><\/p>\n<p><strong>12.- LAROA-LA LIMIA<\/strong> (Orense): 23 mayo-2 junio. PP. Antonio Villar y Jos\u00e9 Rodr\u00edguez. (An. 1996).<\/p>\n<p><strong>13.- TARANCON<\/strong> <strong>y FUENTE de PEDRO NAHARRO<\/strong> (Cuenca): 20 Octubre-17 noviembre. P. \u00c1ngel  Pereda\u2026 (An.1997).<\/p>\n<p><strong>14.- ALGINET<\/strong> (Valencia): 27 Octubre-17 noviembre. PP. Jos\u00e9 Vicente Natzer, Juan Amengual y Jos\u00e9 Miguel S\u00e1nchez.(An.1997 y BPB).<\/p>\n<p style=\"padding-left: 30px\"><em>Junto con HH. de la C y j\u00f3venes de JMV.<\/em><\/p>\n<p style=\"padding-left: 30px\"><em>Colaboran algunos otros misioneros en actos puntuales.<\/em><\/p>\n<p><strong> <\/strong><\/p>\n<p><strong>15.- ARCIPRESTAZGO DE ISORA<\/strong> (Tenerife): 19 noviembre-18 diciembre: Alcal\u00e1, Gu\u00eda de Isora. Tehina, Vera de Erque. PP. Antonio Ulibarrena, Jes\u00fas M\u00aa Egues, F\u00e9lix Villafranca, Luis M\u00aa Mnez. San Juan, Juli\u00e1n Soriano, Marino Marco y Pablo Dom\u00ednguez. (An. 1996 y BPZ)<\/p>\n<p style=\"padding-left: 30px\"><em>Junto con varias HH. de la C. y seglares<\/em><\/p>\n<p><em> <\/em><\/p>\n<p><strong>16.- ARCIPRESTAZGO DE TARANC\u00d3N<\/strong> (Cuenca): 22 noviembre-22 diciembre. Belinchon, Zarza de Tajo, El Acebron, Torrubia, Almendros, Villarrubio, Villar de Ca\u00f1as y Zafra de Z\u00e1ncara. (An.1997).<\/p>\n<p><strong> <\/strong><\/p>\n<p><strong>17.- LAS ARENAS<\/strong> (Bizkaia): 24 noviembre-15 diciembre. (An.1997).<\/p>\n<p><strong>18.- CORBERA<\/strong> (Valencia). 1-15 Diciembre. PP. Jos\u00e9 Vicente Natzer, Juan Amengual y Jos\u00e9 Miguel S\u00e1nchez. (An.1997 y BPB).<\/p>\n<p style=\"padding-left: 30px\"><em>Junto con HH. de la C y j\u00f3venes de JMV.<\/em><\/p>\n","protected":false},"excerpt":{"rendered":"<p>1996 1.- LODOSA (Navarra): 15 enero-11 febrero. PP. \u00c1ngel Pereda, Jes\u00fas M\u00aa Eg\u00fc\u00e9s, Marino Marco\u00a0 y Luis M\u00aa Mnez. San Juan. (An. 1996 y BPM) Junto con varias HH. de la C. y seglares 2.- &#8230; <a href=\"http:\/\/vincentians.com\/es\/misiones-populares-en-espana-1975-2000-1996\/\" class=\"more-link\">Read More<\/a><\/p>\n","protected":false},"author":4,"featured_media":39438,"comment_status":"open","ping_status":"open","sticky":false,"template":"","format":"standard","meta":{"jetpack_post_was_ever_published":false,"_jetpack_newsletter_access":"","_jetpack_dont_email_post_to_subs":false,"_jetpack_newsletter_tier_id":0,"_jetpack_memberships_contains_paywalled_content":false,"_jetpack_memberships_contains_paid_content":false,"footnotes":"","jetpack_publicize_message":"","jetpack_publicize_feature_enabled":true,"jetpack_social_post_already_shared":true,"jetpack_social_options":{"image_generator_settings":{"template":"highway","default_image_id":0,"font":"","enabled":false},"version":2}},"categories":[201],"tags":[176],"class_list":["post-39676","post","type-post","status-publish","format-standard","has-post-thumbnail","hentry","category-misiones-ad-gentes","tag-misiones-populares"],"yoast_head":"<!-- This site is optimized with the Yoast SEO plugin v26.3 - https:\/\/yoast.com\/wordpress\/plugins\/seo\/ -->\n<title>Misiones populares en Espa\u00f1a, 1975-2000: 1996 - Somos Vicencianos<\/title>\n<meta name=\"robots\" content=\"index, follow, max-snippet:-1, max-image-preview:large, max-video-preview:-1\" \/>\n<link rel=\"canonical\" href=\"http:\/\/vincentians.com\/es\/misiones-populares-en-espana-1975-2000-1996\/\" \/>\n<meta property=\"og:locale\" content=\"es_ES\" \/>\n<meta property=\"og:type\" content=\"article\" \/>\n<meta property=\"og:title\" content=\"Misiones populares en Espa\u00f1a, 1975-2000: 1996 - Somos Vicencianos\" \/>\n<meta property=\"og:description\" content=\"1996 1.- LODOSA (Navarra): 15 enero-11 febrero. PP. \u00c1ngel Pereda, Jes\u00fas M\u00aa Eg\u00fc\u00e9s, Marino Marco\u00a0 y Luis M\u00aa Mnez. San Juan. (An. 1996 y BPM) Junto con varias HH. de la C. y seglares 2.- ... Read More\" \/>\n<meta property=\"og:url\" content=\"http:\/\/vincentians.com\/es\/misiones-populares-en-espana-1975-2000-1996\/\" \/>\n<meta property=\"og:site_name\" content=\"Somos Vicencianos\" \/>\n<meta property=\"article:publisher\" content=\"https:\/\/www.facebook.com\/WeAreVincentians\/\" \/>\n<meta property=\"article:author\" content=\"https:\/\/www.facebook.com\/JavierChento\" \/>\n<meta property=\"article:published_time\" content=\"2014-12-03T02:29:46+00:00\" \/>\n<meta name=\"author\" content=\"Francisco Javier Fern\u00e1ndez Chento\" \/>\n<meta name=\"twitter:card\" content=\"summary_large_image\" \/>\n<meta name=\"twitter:creator\" content=\"@https:\/\/twitter.com\/javierchento\" \/>\n<meta name=\"twitter:site\" content=\"@WeVincentians\" \/>\n<meta name=\"twitter:label1\" content=\"Escrito por\" \/>\n\t<meta name=\"twitter:data1\" content=\"Francisco Javier Fern\u00e1ndez Chento\" \/>\n\t<meta name=\"twitter:label2\" content=\"Tiempo de lectura\" \/>\n\t<meta name=\"twitter:data2\" content=\"3 minutos\" \/>\n<script type=\"application\/ld+json\" class=\"yoast-schema-graph\">{\"@context\":\"https:\/\/schema.org\",\"@graph\":[{\"@type\":\"Article\",\"@id\":\"http:\/\/vincentians.com\/es\/misiones-populares-en-espana-1975-2000-1996\/#article\",\"isPartOf\":{\"@id\":\"http:\/\/vincentians.com\/es\/misiones-populares-en-espana-1975-2000-1996\/\"},\"author\":{\"name\":\"Francisco Javier Fern\u00e1ndez Chento\",\"@id\":\"https:\/\/vincentians.com\/es\/#\/schema\/person\/9623ef4d9aa3b2dfb8c061f1499288f2\"},\"headline\":\"Misiones populares en Espa\u00f1a, 1975-2000: 1996\",\"datePublished\":\"2014-12-03T02:29:46+00:00\",\"mainEntityOfPage\":{\"@id\":\"http:\/\/vincentians.com\/es\/misiones-populares-en-espana-1975-2000-1996\/\"},\"wordCount\":630,\"commentCount\":0,\"publisher\":{\"@id\":\"https:\/\/vincentians.com\/es\/#organization\"},\"image\":{\"@id\":\"http:\/\/vincentians.com\/es\/misiones-populares-en-espana-1975-2000-1996\/#primaryimage\"},\"thumbnailUrl\":\"\",\"keywords\":[\"Misiones Populares\"],\"articleSection\":[\"Misiones \u00abAd gentes\u00bb\"],\"inLanguage\":\"es\",\"potentialAction\":[{\"@type\":\"CommentAction\",\"name\":\"Comment\",\"target\":[\"http:\/\/vincentians.com\/es\/misiones-populares-en-espana-1975-2000-1996\/#respond\"]}]},{\"@type\":\"WebPage\",\"@id\":\"http:\/\/vincentians.com\/es\/misiones-populares-en-espana-1975-2000-1996\/\",\"url\":\"http:\/\/vincentians.com\/es\/misiones-populares-en-espana-1975-2000-1996\/\",\"name\":\"Misiones populares en Espa\u00f1a, 1975-2000: 1996 - Somos Vicencianos\",\"isPartOf\":{\"@id\":\"https:\/\/vincentians.com\/es\/#website\"},\"primaryImageOfPage\":{\"@id\":\"http:\/\/vincentians.com\/es\/misiones-populares-en-espana-1975-2000-1996\/#primaryimage\"},\"image\":{\"@id\":\"http:\/\/vincentians.com\/es\/misiones-populares-en-espana-1975-2000-1996\/#primaryimage\"},\"thumbnailUrl\":\"\",\"datePublished\":\"2014-12-03T02:29:46+00:00\",\"breadcrumb\":{\"@id\":\"http:\/\/vincentians.com\/es\/misiones-populares-en-espana-1975-2000-1996\/#breadcrumb\"},\"inLanguage\":\"es\",\"potentialAction\":[{\"@type\":\"ReadAction\",\"target\":[\"http:\/\/vincentians.com\/es\/misiones-populares-en-espana-1975-2000-1996\/\"]}]},{\"@type\":\"ImageObject\",\"inLanguage\":\"es\",\"@id\":\"http:\/\/vincentians.com\/es\/misiones-populares-en-espana-1975-2000-1996\/#primaryimage\",\"url\":\"\",\"contentUrl\":\"\"},{\"@type\":\"BreadcrumbList\",\"@id\":\"http:\/\/vincentians.com\/es\/misiones-populares-en-espana-1975-2000-1996\/#breadcrumb\",\"itemListElement\":[{\"@type\":\"ListItem\",\"position\":1,\"name\":\"Portada\",\"item\":\"https:\/\/vincentians.com\/es\/\"},{\"@type\":\"ListItem\",\"position\":2,\"name\":\"Misiones populares en Espa\u00f1a, 1975-2000: 1996\"}]},{\"@type\":\"WebSite\",\"@id\":\"https:\/\/vincentians.com\/es\/#website\",\"url\":\"https:\/\/vincentians.com\/es\/\",\"name\":\"Somos Vicencianos\",\"description\":\"Know more to serve more\",\"publisher\":{\"@id\":\"https:\/\/vincentians.com\/es\/#organization\"},\"potentialAction\":[{\"@type\":\"SearchAction\",\"target\":{\"@type\":\"EntryPoint\",\"urlTemplate\":\"https:\/\/vincentians.com\/es\/?s={search_term_string}\"},\"query-input\":{\"@type\":\"PropertyValueSpecification\",\"valueRequired\":true,\"valueName\":\"search_term_string\"}}],\"inLanguage\":\"es\"},{\"@type\":\"Organization\",\"@id\":\"https:\/\/vincentians.com\/es\/#organization\",\"name\":\"The Vincentian Network\",\"url\":\"https:\/\/vincentians.com\/es\/\",\"logo\":{\"@type\":\"ImageObject\",\"inLanguage\":\"es\",\"@id\":\"https:\/\/vincentians.com\/es\/#\/schema\/logo\/image\/\",\"url\":\"https:\/\/i1.wp.com\/vincentians.com\/es\/wp-content\/uploads\/sites\/11\/2016\/06\/Vincentian-Network-logo-big.png?fit=778%2C778\",\"contentUrl\":\"https:\/\/i1.wp.com\/vincentians.com\/es\/wp-content\/uploads\/sites\/11\/2016\/06\/Vincentian-Network-logo-big.png?fit=778%2C778\",\"width\":778,\"height\":778,\"caption\":\"The Vincentian Network\"},\"image\":{\"@id\":\"https:\/\/vincentians.com\/es\/#\/schema\/logo\/image\/\"},\"sameAs\":[\"https:\/\/www.facebook.com\/WeAreVincentians\/\",\"https:\/\/x.com\/WeVincentians\"]},{\"@type\":\"Person\",\"@id\":\"https:\/\/vincentians.com\/es\/#\/schema\/person\/9623ef4d9aa3b2dfb8c061f1499288f2\",\"name\":\"Francisco Javier Fern\u00e1ndez Chento\",\"image\":{\"@type\":\"ImageObject\",\"inLanguage\":\"es\",\"@id\":\"https:\/\/vincentians.com\/es\/#\/schema\/person\/image\/\",\"url\":\"https:\/\/secure.gravatar.com\/avatar\/497d5cde87b4c3d097d0315953521681ba2cd523ee66e5077c3711f7021e65de?s=96&d=mm&r=g\",\"contentUrl\":\"https:\/\/secure.gravatar.com\/avatar\/497d5cde87b4c3d097d0315953521681ba2cd523ee66e5077c3711f7021e65de?s=96&d=mm&r=g\",\"caption\":\"Francisco Javier Fern\u00e1ndez Chento\"},\"description\":\"Director General y cofundador de La Red de Formaci\u00f3n Vicenciana. Javier es laico vicenciano, afiliado a la Congregaci\u00f3n de la Misi\u00f3n y miembro del Equipo de Misiones Populares de la provincia can\u00f3nica de Zaragoza (Espa\u00f1a) de la Congregaci\u00f3n de la Misi\u00f3n. Graduado en la Universidad Oberta de Catalunya con cuatro grados (Asistente de direcci\u00f3n, Gesti\u00f3n Administrativa, Recursos Humanos y Contabilidad Avanzada). Bil\u00edng\u00fce Espa\u00f1ol\/Ingl\u00e9s. gestiona y mantiene varias p\u00e1ginas web cristianas y vicencianas, incluida including La Red de Formaci\u00f3n Vicenciana, de la que es cofundador. Actualmente es responsable del \u00e1rea de Espa\u00f1ol de .famvin, la Red de Noticias de la Familia Vicenciana. Tambi\u00e9n es m\u00fasico cat\u00f3lico y ha editado varios discos. Es Director General y cofundador de Trovador, una reconocida compa\u00f1\u00eda discogr\u00e1fica critiana de Espa\u00f1a. Trabaja en las Tecnolog\u00edas de la Informaci\u00f3n, ofreciendo servicios de alojamiento, dise\u00f1o y mantenimiento Web, as\u00ed como asesoramiento, formaci\u00f3n y soluciones inform\u00e1ticas, gesti\u00f3n documental y digitalizaci\u00f3n de textos, edici\u00f3n y maquetaci\u00f3n de libros, revistas, flyers, etc.\",\"sameAs\":[\"http:\/\/chento.org\",\"https:\/\/www.facebook.com\/JavierChento\",\"https:\/\/x.com\/https:\/\/twitter.com\/javierchento\"],\"url\":\"http:\/\/vincentians.com\/es\/author\/chento\/\"}]}<\/script>\n<!-- \/ Yoast SEO plugin. -->","yoast_head_json":{"title":"Misiones populares en Espa\u00f1a, 1975-2000: 1996 - Somos Vicencianos","robots":{"index":"index","follow":"follow","max-snippet":"max-snippet:-1","max-image-preview":"max-image-preview:large","max-video-preview":"max-video-preview:-1"},"canonical":"http:\/\/vincentians.com\/es\/misiones-populares-en-espana-1975-2000-1996\/","og_locale":"es_ES","og_type":"article","og_title":"Misiones populares en Espa\u00f1a, 1975-2000: 1996 - Somos Vicencianos","og_description":"1996 1.- LODOSA (Navarra): 15 enero-11 febrero. PP. \u00c1ngel Pereda, Jes\u00fas M\u00aa Eg\u00fc\u00e9s, Marino Marco\u00a0 y Luis M\u00aa Mnez. San Juan. (An. 1996 y BPM) Junto con varias HH. de la C. y seglares 2.- ... Read More","og_url":"http:\/\/vincentians.com\/es\/misiones-populares-en-espana-1975-2000-1996\/","og_site_name":"Somos Vicencianos","article_publisher":"https:\/\/www.facebook.com\/WeAreVincentians\/","article_author":"https:\/\/www.facebook.com\/JavierChento","article_published_time":"2014-12-03T02:29:46+00:00","author":"Francisco Javier Fern\u00e1ndez Chento","twitter_card":"summary_large_image","twitter_creator":"@https:\/\/twitter.com\/javierchento","twitter_site":"@WeVincentians","twitter_misc":{"Escrito por":"Francisco Javier Fern\u00e1ndez Chento","Tiempo de lectura":"3 minutos"},"schema":{"@context":"https:\/\/schema.org","@graph":[{"@type":"Article","@id":"http:\/\/vincentians.com\/es\/misiones-populares-en-espana-1975-2000-1996\/#article","isPartOf":{"@id":"http:\/\/vincentians.com\/es\/misiones-populares-en-espana-1975-2000-1996\/"},"author":{"name":"Francisco Javier Fern\u00e1ndez Chento","@id":"https:\/\/vincentians.com\/es\/#\/schema\/person\/9623ef4d9aa3b2dfb8c061f1499288f2"},"headline":"Misiones populares en Espa\u00f1a, 1975-2000: 1996","datePublished":"2014-12-03T02:29:46+00:00","mainEntityOfPage":{"@id":"http:\/\/vincentians.com\/es\/misiones-populares-en-espana-1975-2000-1996\/"},"wordCount":630,"commentCount":0,"publisher":{"@id":"https:\/\/vincentians.com\/es\/#organization"},"image":{"@id":"http:\/\/vincentians.com\/es\/misiones-populares-en-espana-1975-2000-1996\/#primaryimage"},"thumbnailUrl":"","keywords":["Misiones Populares"],"articleSection":["Misiones \u00abAd gentes\u00bb"],"inLanguage":"es","potentialAction":[{"@type":"CommentAction","name":"Comment","target":["http:\/\/vincentians.com\/es\/misiones-populares-en-espana-1975-2000-1996\/#respond"]}]},{"@type":"WebPage","@id":"http:\/\/vincentians.com\/es\/misiones-populares-en-espana-1975-2000-1996\/","url":"http:\/\/vincentians.com\/es\/misiones-populares-en-espana-1975-2000-1996\/","name":"Misiones populares en Espa\u00f1a, 1975-2000: 1996 - Somos Vicencianos","isPartOf":{"@id":"https:\/\/vincentians.com\/es\/#website"},"primaryImageOfPage":{"@id":"http:\/\/vincentians.com\/es\/misiones-populares-en-espana-1975-2000-1996\/#primaryimage"},"image":{"@id":"http:\/\/vincentians.com\/es\/misiones-populares-en-espana-1975-2000-1996\/#primaryimage"},"thumbnailUrl":"","datePublished":"2014-12-03T02:29:46+00:00","breadcrumb":{"@id":"http:\/\/vincentians.com\/es\/misiones-populares-en-espana-1975-2000-1996\/#breadcrumb"},"inLanguage":"es","potentialAction":[{"@type":"ReadAction","target":["http:\/\/vincentians.com\/es\/misiones-populares-en-espana-1975-2000-1996\/"]}]},{"@type":"ImageObject","inLanguage":"es","@id":"http:\/\/vincentians.com\/es\/misiones-populares-en-espana-1975-2000-1996\/#primaryimage","url":"","contentUrl":""},{"@type":"BreadcrumbList","@id":"http:\/\/vincentians.com\/es\/misiones-populares-en-espana-1975-2000-1996\/#breadcrumb","itemListElement":[{"@type":"ListItem","position":1,"name":"Portada","item":"https:\/\/vincentians.com\/es\/"},{"@type":"ListItem","position":2,"name":"Misiones populares en Espa\u00f1a, 1975-2000: 1996"}]},{"@type":"WebSite","@id":"https:\/\/vincentians.com\/es\/#website","url":"https:\/\/vincentians.com\/es\/","name":"Somos Vicencianos","description":"Know more to serve more","publisher":{"@id":"https:\/\/vincentians.com\/es\/#organization"},"potentialAction":[{"@type":"SearchAction","target":{"@type":"EntryPoint","urlTemplate":"https:\/\/vincentians.com\/es\/?s={search_term_string}"},"query-input":{"@type":"PropertyValueSpecification","valueRequired":true,"valueName":"search_term_string"}}],"inLanguage":"es"},{"@type":"Organization","@id":"https:\/\/vincentians.com\/es\/#organization","name":"The Vincentian Network","url":"https:\/\/vincentians.com\/es\/","logo":{"@type":"ImageObject","inLanguage":"es","@id":"https:\/\/vincentians.com\/es\/#\/schema\/logo\/image\/","url":"https:\/\/i1.wp.com\/vincentians.com\/es\/wp-content\/uploads\/sites\/11\/2016\/06\/Vincentian-Network-logo-big.png?fit=778%2C778","contentUrl":"https:\/\/i1.wp.com\/vincentians.com\/es\/wp-content\/uploads\/sites\/11\/2016\/06\/Vincentian-Network-logo-big.png?fit=778%2C778","width":778,"height":778,"caption":"The Vincentian Network"},"image":{"@id":"https:\/\/vincentians.com\/es\/#\/schema\/logo\/image\/"},"sameAs":["https:\/\/www.facebook.com\/WeAreVincentians\/","https:\/\/x.com\/WeVincentians"]},{"@type":"Person","@id":"https:\/\/vincentians.com\/es\/#\/schema\/person\/9623ef4d9aa3b2dfb8c061f1499288f2","name":"Francisco Javier Fern\u00e1ndez Chento","image":{"@type":"ImageObject","inLanguage":"es","@id":"https:\/\/vincentians.com\/es\/#\/schema\/person\/image\/","url":"https:\/\/secure.gravatar.com\/avatar\/497d5cde87b4c3d097d0315953521681ba2cd523ee66e5077c3711f7021e65de?s=96&d=mm&r=g","contentUrl":"https:\/\/secure.gravatar.com\/avatar\/497d5cde87b4c3d097d0315953521681ba2cd523ee66e5077c3711f7021e65de?s=96&d=mm&r=g","caption":"Francisco Javier Fern\u00e1ndez Chento"},"description":"Director General y cofundador de La Red de Formaci\u00f3n Vicenciana. Javier es laico vicenciano, afiliado a la Congregaci\u00f3n de la Misi\u00f3n y miembro del Equipo de Misiones Populares de la provincia can\u00f3nica de Zaragoza (Espa\u00f1a) de la Congregaci\u00f3n de la Misi\u00f3n. Graduado en la Universidad Oberta de Catalunya con cuatro grados (Asistente de direcci\u00f3n, Gesti\u00f3n Administrativa, Recursos Humanos y Contabilidad Avanzada). Bil\u00edng\u00fce Espa\u00f1ol\/Ingl\u00e9s. gestiona y mantiene varias p\u00e1ginas web cristianas y vicencianas, incluida including La Red de Formaci\u00f3n Vicenciana, de la que es cofundador. Actualmente es responsable del \u00e1rea de Espa\u00f1ol de .famvin, la Red de Noticias de la Familia Vicenciana. Tambi\u00e9n es m\u00fasico cat\u00f3lico y ha editado varios discos. Es Director General y cofundador de Trovador, una reconocida compa\u00f1\u00eda discogr\u00e1fica critiana de Espa\u00f1a. Trabaja en las Tecnolog\u00edas de la Informaci\u00f3n, ofreciendo servicios de alojamiento, dise\u00f1o y mantenimiento Web, as\u00ed como asesoramiento, formaci\u00f3n y soluciones inform\u00e1ticas, gesti\u00f3n documental y digitalizaci\u00f3n de textos, edici\u00f3n y maquetaci\u00f3n de libros, revistas, flyers, etc.","sameAs":["http:\/\/chento.org","https:\/\/www.facebook.com\/JavierChento","https:\/\/x.com\/https:\/\/twitter.com\/javierchento"],"url":"http:\/\/vincentians.com\/es\/author\/chento\/"}]}},"jetpack_publicize_connections":[],"jetpack_featured_media_url":"","jetpack_sharing_enabled":true,"jetpack_shortlink":"https:\/\/wp.me\/p7ETMF-ajW","jetpack-related-posts":[{"id":39674,"url":"http:\/\/vincentians.com\/es\/misiones-populares-en-espana-1975-2000-1994\/","url_meta":{"origin":39676,"position":0},"title":"Misiones populares en Espa\u00f1a, 1975-2000: 1994","author":"Francisco Javier Fern\u00e1ndez Chento","date":"01\/12\/2014","format":false,"excerpt":"1994 1.- CINTRUENIGO (Navarra): 9 Enero-6 Febrero. PP. Ander Arregui, Javier Artaso, Jes\u00fas M\u00aa Egues, Luis M\u00aa Mnez. San Juan y Pablo Dom\u00ednguez. (An. 1994 y BPZ). Junto con varias HH. de la C. y seglares. 2.- PARROQUIA DE SAN ANTONIO ABAD (Burgos): 20 enero-5 febrero. PP. Florentino Villanueva, Jos\u00e9\u2026","rel":"","context":"En \u00abMisiones \u00abAd gentes\u00bb\u00bb","block_context":{"text":"Misiones \u00abAd gentes\u00bb","link":"http:\/\/vincentians.com\/es\/category\/servicios-y-ministerios\/misiones-ad-gentes\/"},"img":{"alt_text":"","src":"","width":0,"height":0},"classes":[]},{"id":39675,"url":"http:\/\/vincentians.com\/es\/misiones-populares-en-espana-1975-2000-1995\/","url_meta":{"origin":39676,"position":1},"title":"Misiones populares en Espa\u00f1a, 1975-2000: 1995","author":"Francisco Javier Fern\u00e1ndez Chento","date":"02\/12\/2014","format":false,"excerpt":"1995 1.- PARROQUIA. DE SANTA ANA (Cuenca): 15 Enero-12 Febrero. PP. Pablo Dom\u00ednguez, Juli\u00e1n Soriano, Marino Marco, Jes\u00fas M\u00aa Egues y Luis M\u00aa Mnez. San Juan. (An. 1996) Junto con varias HH. de la C. y seglares 2.- ARCIPRESTAZGO DE GRAUS (Huesca): Graus, Capella, Puebla de Castro, Puebla de Fantova,\u2026","rel":"","context":"En \u00abMisiones \u00abAd gentes\u00bb\u00bb","block_context":{"text":"Misiones \u00abAd gentes\u00bb","link":"http:\/\/vincentians.com\/es\/category\/servicios-y-ministerios\/misiones-ad-gentes\/"},"img":{"alt_text":"","src":"","width":0,"height":0},"classes":[]},{"id":39673,"url":"http:\/\/vincentians.com\/es\/misiones-populares-en-espana-1975-2000-1993\/","url_meta":{"origin":39676,"position":2},"title":"Misiones populares en Espa\u00f1a, 1975-2000: 1993","author":"Francisco Javier Fern\u00e1ndez Chento","date":"29\/11\/2014","format":false,"excerpt":"1993 \u00a0 \u00a0 1.- ZONA DEL CAMPO DE GIBRALTAR (C\u00e1diz): 14-30 enero: Tahivilla, Facinas y Bolonia. PP. Juan Juan Velasco, Jes\u00fas Lusarreta, Miguel \u00c1ngel Renes, Tom\u00e1s Garc\u00eda Cano y Teodoro Mart\u00edn. (An. 1993, BPM y BPS). Junto con varias HH. de la C. y seglares. Objetivos (marcados por el propio\u2026","rel":"","context":"En \u00abMisiones \u00abAd gentes\u00bb\u00bb","block_context":{"text":"Misiones \u00abAd gentes\u00bb","link":"http:\/\/vincentians.com\/es\/category\/servicios-y-ministerios\/misiones-ad-gentes\/"},"img":{"alt_text":"Iglesia de Landete","src":"https:\/\/i0.wp.com\/vicencianos.org\/wp-content\/2011\/05\/Landete-253x300.jpg?resize=350%2C200","width":350,"height":200},"classes":[]},{"id":39668,"url":"http:\/\/vincentians.com\/es\/misiones-populares-en-espana-1975-2000-1988\/","url_meta":{"origin":39676,"position":3},"title":"Misiones populares en Espa\u00f1a, 1975-2000: 1988","author":"Francisco Javier Fern\u00e1ndez Chento","date":"02\/11\/2014","format":false,"excerpt":"1988 1.- MASPALOMAS (Las Palmas): enero (An.1988). 2.- ZONA DEL AND\u00c9VALO (Huelva): Las Minas de Tharsis, El Granado, Valverde del Camino, Perrunal y La Zarza. 14-31 enero. PP. Rafael Carracedo, Fabriciano Prado, Pedro Pascual, Manuel Freire, Juan Velasco, \u00c1ngel Aoiz, Jes\u00fas Arellano, Jes\u00fas Lusarreta, Florentino Villanueva, Amador S\u00e1ez, Javier del\u2026","rel":"","context":"En \u00abMisiones \u00abAd gentes\u00bb\u00bb","block_context":{"text":"Misiones \u00abAd gentes\u00bb","link":"http:\/\/vincentians.com\/es\/category\/servicios-y-ministerios\/misiones-ad-gentes\/"},"img":{"alt_text":"Ribaforada","src":"https:\/\/i0.wp.com\/vicencianos.org\/wp-content\/2011\/05\/ribaforada-300x144.jpg?resize=350%2C200","width":350,"height":200},"classes":[]},{"id":39667,"url":"http:\/\/vincentians.com\/es\/misiones-populares-en-espana-1975-2000-1987\/","url_meta":{"origin":39676,"position":4},"title":"Misiones populares en Espa\u00f1a, 1975-2000: 1987","author":"Francisco Javier Fern\u00e1ndez Chento","date":"29\/10\/2014","format":false,"excerpt":"1987 \u00a0 1.- COLINDRES y LIMPIAS (Cantabria): 18 enero-1 febrero. PP. Jos\u00e9 Luis Cort\u00e1zar, Celestino Fern\u00e1ndez, Florentino Villanueva y Eugenio G. Espinosa. (An. 1987 y BPM). Junto con varias HH. de la C. 2.- RIBAFORADA (Navarra): Febrero: PP. Generoso Guembe, Ander Arregui, Pablo Dom\u00ednguez y Luis M\u00aa Mnez. San Juan.\u2026","rel":"","context":"En \u00abMisiones \u00abAd gentes\u00bb\u00bb","block_context":{"text":"Misiones \u00abAd gentes\u00bb","link":"http:\/\/vincentians.com\/es\/category\/servicios-y-ministerios\/misiones-ad-gentes\/"},"img":{"alt_text":"","src":"","width":0,"height":0},"classes":[]},{"id":39670,"url":"http:\/\/vincentians.com\/es\/misiones-populares-en-espana-1975-2000-1990\/","url_meta":{"origin":39676,"position":5},"title":"Misiones populares en Espa\u00f1a, 1975-2000: 1990","author":"Francisco Javier Fern\u00e1ndez Chento","date":"10\/11\/2014","format":false,"excerpt":"1990 \u00a0 1.- ZONA DEL CONDADO (Huelva): 11-28 enero. Moguer, Bonares, Niebla, Rociana, San Juan Del Puerto, Lucena. PP. Manuel Canal, Juan Velasco, \u00c1ngel Oyanguren, Baltasar Indurain, Manuel Freire, Andr\u00e9s Pato, Pedro Pascual, Jos\u00e9 Capitas, Florentino Villanueva, Miguel Sanchez, Angel Sol\u00e1, Eutiquio Garc\u00eda, Javier Alvarez, Antonino Orcajo y Jos\u00e9 M\u00aa.\u2026","rel":"","context":"En \u00abMisiones \u00abAd gentes\u00bb\u00bb","block_context":{"text":"Misiones \u00abAd gentes\u00bb","link":"http:\/\/vincentians.com\/es\/category\/servicios-y-ministerios\/misiones-ad-gentes\/"},"img":{"alt_text":"Colegiata de Daroca","src":"https:\/\/i0.wp.com\/vicencianos.org\/wp-content\/2011\/05\/daroca-300x194.jpg?resize=350%2C200","width":350,"height":200},"classes":[]}],"_links":{"self":[{"href":"http:\/\/vincentians.com\/es\/wp-json\/wp\/v2\/posts\/39676","targetHints":{"allow":["GET"]}}],"collection":[{"href":"http:\/\/vincentians.com\/es\/wp-json\/wp\/v2\/posts"}],"about":[{"href":"http:\/\/vincentians.com\/es\/wp-json\/wp\/v2\/types\/post"}],"author":[{"embeddable":true,"href":"http:\/\/vincentians.com\/es\/wp-json\/wp\/v2\/users\/4"}],"replies":[{"embeddable":true,"href":"http:\/\/vincentians.com\/es\/wp-json\/wp\/v2\/comments?post=39676"}],"version-history":[{"count":0,"href":"http:\/\/vincentians.com\/es\/wp-json\/wp\/v2\/posts\/39676\/revisions"}],"wp:featuredmedia":[{"embeddable":true,"href":"http:\/\/vincentians.com\/es\/wp-json\/"}],"wp:attachment":[{"href":"http:\/\/vincentians.com\/es\/wp-json\/wp\/v2\/media?parent=39676"}],"wp:term":[{"taxonomy":"category","embeddable":true,"href":"http:\/\/vincentians.com\/es\/wp-json\/wp\/v2\/categories?post=39676"},{"taxonomy":"post_tag","embeddable":true,"href":"http:\/\/vincentians.com\/es\/wp-json\/wp\/v2\/tags?post=39676"}],"curies":[{"name":"wp","href":"https:\/\/api.w.org\/{rel}","templated":true}]}}