{"id":39673,"date":"2014-11-29T08:29:46","date_gmt":"2014-11-29T07:29:46","guid":{"rendered":"http:\/\/somos.vicencianos.org\/blog\/2011\/06\/misiones-populares-en-espana-1975-2000-1993\/"},"modified":"2014-11-29T08:29:46","modified_gmt":"2014-11-29T07:29:46","slug":"misiones-populares-en-espana-1975-2000-1993","status":"publish","type":"post","link":"http:\/\/vincentians.com\/es\/misiones-populares-en-espana-1975-2000-1993\/","title":{"rendered":"Misiones populares en Espa\u00f1a, 1975-2000: 1993"},"content":{"rendered":"<h2><strong>1993<\/strong><\/h2>\n<p>&nbsp;<\/p>\n<p>&nbsp;<\/p>\n<p><strong>1.- ZONA DEL CAMPO DE GIBRALTAR<\/strong> (C\u00e1diz): 14-30 enero: Tahivilla, Facinas y Bolonia. PP. Juan Juan Velasco, Jes\u00fas Lusarreta, Miguel \u00c1ngel Renes, Tom\u00e1s Garc\u00eda Cano y Teodoro Mart\u00edn. (An. 1993, BPM y BPS).<\/p>\n<p style=\"padding-left: 30px\"><em>Junto con varias HH. de la C. y seglares.<\/em><\/p>\n<p style=\"padding-left: 30px\"><em>Objetivos (marcados por el propio p\u00e1rroco):<\/em><\/p>\n<p style=\"padding-left: 30px\"><em>&#8211; <\/em><em>Que el mensaje evang\u00e9lico llegue de forma sencilla a todos los habitantes de las parroquias.<\/em><\/p>\n<p style=\"padding-left: 30px\"><em>&#8211; <\/em><em>Que se llegue a formar comunidades familiares de caridad.<\/em><\/p>\n<p style=\"padding-left: 30px\"><em>&#8211; <\/em><em>Que se visite a todos los enfermos, se dialogue con ellos y se les acerque el evangelio.<\/em><\/p>\n<p style=\"padding-left: 30px\"><em> &#8211; Que se promocione la pastoral juvenil y se organicen algunos grupos.<\/em><\/p>\n<p>&nbsp;<\/p>\n<p><strong>2.- LA PATERNA<\/strong> (Las Palmas): 16 enero-13 febrero. PP. Javier Artaso, Juli\u00e1n Soriano, Ander Arregui y Pablo Dom\u00ednguez. (An. 1993).<\/p>\n<p style=\"padding-left: 30px\"><em>Junto con varias HH. de la C. y seglares.<\/em><\/p>\n<p><strong>3.- PARROQUIA. DEL SAGRADO CORAZ\u00d3N<\/strong> (Zaragoza). 7 enero-10 febrero. PP. Luis M\u00aa Mnez. San Juan, Jes\u00fas M\u00aa Eg\u00fc\u00e9s, Corpus Delgado&#8230; (7 padres). (An. 1993 y BPZ).<\/p>\n<p style=\"padding-left: 30px\"><em>Junto con varias HH. de la C. y seglares.<\/em><\/p>\n<p><strong>4.- ZONA DE SOBRARBE<\/strong> (Huesca). 28 Febrero- 21 marzo: Ainsa, Guaso, Banaston, Latorrecilla, Labuerda, San Vicente, El Pueyo, La Pardina, El Soto, Puyarruego, Bestue,\u00a0 Tierrantona, Samper, La Cabezonada, Arro, Fosado, Morillo, Humo del Muro, Fuendecampo, San Juan, Formigales, Palo, Charo, Ra\u00f1in, Humo de Ar\u00f1in, Buetas y Solipueyo . PP. Ander Arregui, Javier Artaso, Pablo Dom\u00ednguez, Jes\u00fas M\u00aa Egues, Luis M\u00aa Mnez. San Juan, Corpus Delgado y Javier Mnez. San Juan. (An. 1993 y BPZ).<\/p>\n<p style=\"padding-left: 30px\"><em>Junto con varias HH. de la C. y seglares.<\/em><\/p>\n<p><strong>5.- ZONA DE FIGUERAS <\/strong>(Gerona): El Far, Siurana y Tonya<strong>. <\/strong>6-14 de marzo. P. Miguel Garc\u00eda (BPB).<\/p>\n<p style=\"padding-left: 30px\"><em>Junto con Hijas de la C., j\u00f3venes de JMV y seminaristas.<\/em><\/p>\n<p>&nbsp;<\/p>\n<p><strong>6.- CAMP DE MIRRA<\/strong> (Alicante): 6-14 marzo. PP. Pedro G\u00f3mez y Jos\u00e9 Vicente Natcher, (An. 1993 y BPB).<\/p>\n<p style=\"padding-left: 30px\"><em>Junto con varias HH. de la C. y j\u00f3venes de JMV.<\/em><\/p>\n<p><strong>7.- PUNTA UMBR\u00cdA<\/strong> (Huelva): 10-21 marzo. PP. Jes\u00fas Lusarreta, Jos\u00e9 Gonzalo y Jos\u00e9 M\u00aa Mond\u00e9jar. (An. 1993 y BPM).<\/p>\n<p style=\"padding-left: 30px\"><em>Junto con HH. de la C.<\/em><\/p>\n<p style=\"padding-left: 30px\"><em>Renovaci\u00f3n de la Misi\u00f3n<\/em><\/p>\n<p>&nbsp;<\/p>\n<p>&nbsp;<\/p>\n<div id=\"attachment_39716\" style=\"width: 263px\" class=\"wp-caption alignright\"><a href=\"https:\/\/i0.wp.com\/vicencianos.org\/wp-content\/2011\/05\/Landete.jpg\"><img data-recalc-dims=\"1\" loading=\"lazy\" decoding=\"async\" aria-describedby=\"caption-attachment-39716\" class=\"size-medium wp-image-39716\" title=\"Iglesia de Landete\" src=\"https:\/\/i0.wp.com\/vicencianos.org\/wp-content\/2011\/05\/Landete-253x300.jpg?resize=253%2C300\" alt=\"Iglesia de Landete\" width=\"253\" height=\"300\" \/><\/a><p id=\"caption-attachment-39716\" class=\"wp-caption-text\">Iglesia de Landete<\/p><\/div>\n<p>8.- ARCIPRESTAZGO DE LANDETE (Cuenca): Landete, Los Huertos, Santo Domingo, El Arrabal, Pedro Izquierdo, Garcimolina: 18 abril-9 mayo. PP. Ander Arregui. Pablo Dom\u00ednguez, Luis M\u00aa Mnez. San Juan, Juli\u00e1n Soriano y Javier Artaso. (An. 1993 y BPZ).<\/p>\n<p style=\"padding-left: 30px\"><em>Junto con varias HH. de la C. y seglares.<\/em><\/p>\n<p style=\"padding-left: 30px\"><em>Objetivos: conseguir la participaci\u00f3n en los actos de la mision; lograr al menos un grupo de 100 personas que quieran seguir; crear un ambiente de participaci\u00f3n y de compromiso en la vida de la parroquia; romper la pasividad e los j\u00f3venes. <\/em><\/p>\n<p><strong>9.- ARCIPRESTAZGO DE LARACHA<\/strong> (La Coru\u00f1a): San Rom\u00e1n de Cabovila\u00f1o, Noicela, Cai\u00f3n, Soandres, Coiro, Erboedo, Santa Olalla de Cham\u00edn, Sorrizo, Monteagud y Arment\u00f3n. 16 abril-2 mayo. PP. Pedro Pascual, Andr\u00e9s Pato, Jos\u00e9 Rodr\u00edguez Lopez, Fabriciano Prado, Manuel Blanco y Manuel Freire, (An. 1993 y BPS).<\/p>\n<p style=\"padding-left: 30px\"><em>Junto con varias HH. de la C.<\/em><\/p>\n<p>&nbsp;<\/p>\n<p><strong>10.- ARCIPRESTAZGO DE LARACHA<\/strong> (La Coru\u00f1a): Arteixo, Mor\u00e1s, San Salvador de Orro, Santa Cecilia, Loureda, Santiso de Oseiro, Barrag\u00e1n y La\u00f1as. 7-22 mayo. PP. Pedro Pascual, Manuel Blanco, Andr\u00e9s Pato, Juli\u00e1n Soriano, Juan Velasco y Manuel Freire. (An. 1993 y BPS).<\/p>\n<p style=\"padding-left: 30px\"><em>Junto con varias HH. de la C.<\/em><\/p>\n<p><strong>11.- ARCIPRESTAZGO DE CIFUENTES<\/strong> (Guadalajara): Trillo, Cifuentes, Morfanchel, G\u00e1rgoles de Abajo, G\u00e1rgoles de Arriba, Gualda, Henche, Soladillos de Extremo, Aza\u00f1\u00f3n, Morillejo, Cogollor, Alamitos, Almadrones, Mirabueno, Masegoso, Valderrebollo, Barriopedro, Las Inviernas, El Sotillo, Canredonde, Esplegares, Torrecuadradilla, Sacecorbo, Acentejo, Canales del Ducado, Ruguilla, Sotoca, Huetos, Val de San Garc\u00eda, Oter, Carrascosa de Tajo, Ab\u00e1nades, Torrecuadrada de los Valles, Renales y Laranueva. 18 abril-18 mayo. PP. V\u00edctor Landeras, Javier Alvarez, Florentino Villanueva, Jos\u00e9 M\u00aa Nieto, Teodoro Mart\u00edn, Jos\u00e9 M\u00aa Mondejar, Victorino Tobar y Tom\u00e1s Garc\u00eda Cano. (An. 1993 y BPM).<\/p>\n<p style=\"padding-left: 30px\"><em>Junto con varias HH. de la C. y j\u00f3venes.<\/em><\/p>\n<p>&nbsp;<\/p>\n<p><strong>12.- ZONA DE SOBRARBE<\/strong> (Huesca): Escalona, Belsierre, Laspu\u00f1a, Lafortunada, Badain, Salinas De Sin Hospital, Serveto, Sin, Saravillo, Ceresa, Araguas, Tella, Plan, San Juan De Plan, Gistain, Parzan, Chisag\u00fces, Bielsa, Javierre Y Espierba. 12 octubre-1 noviembre. PP. Javier Artaso, Luis M\u00aa Mnez. San Juan, Jes\u00fas M\u00aa Egues y Pablo Dom\u00ednguez. (An. 1993 y BPZ).<\/p>\n<p style=\"padding-left: 30px\"><em>Junto con varias HH. de la C. y seglares.<\/em><\/p>\n<p>&nbsp;<\/p>\n<p><strong>13.- TALAVERA DE LA REINA<\/strong> (Toledo): 28 Octubre-20 Noviembre. PP. Teodoro Mart\u00edn, Jos\u00e9 Luis Cortazar, Te\u00f3filo Ordo\u00f1ez, Hilario Saiz, Jos\u00e9 M\u00aa Biosca, \u00c1ngel Sol\u00e1, Jos\u00e9 Vicente Nacher, Jes\u00fas Lusarreta, Jes\u00fas Romon Vita, Julio Herrero, Juan Jos\u00e9 Gonzalez, Jose M\u00aaNieto, Fernando Quintano, Felipe Nieto, Javier \u00c1lvarez, Jos\u00e9 M\u00aa Mond\u00e9jar, Tom\u00e1s Garc\u00eda Cano, Jose Mazuelas, Eutiquio Garc\u00eda, V\u00edctor Landeras, Jos\u00e9 Rdez. Rico, Javier Calvo, Pedro Pascual, Antonio Villar, \u00c1ngel Oyanguren, Eugenio Garc\u00eda Espinosa, Juli\u00e1n Soriano, Pedro Sanz, Jes\u00fas Arellano, Manuel Freire, Andr\u00e9s Pato, Juan de la Rosa y Jos\u00e9 L. Calvo (diacono). (An. 1994, BPS, BPM y BPB).<\/p>\n<p style=\"padding-left: 30px\"><em>Junto con 20 HH. de la C.<\/em><\/p>\n<p style=\"padding-left: 30px\"><em>Semana primera: Todos invitados. Visita a las familias<\/em><\/p>\n<p style=\"padding-left: 30px\"><em>Semana segunda: En comunidades familiares. Reuniones en las casas<\/em><\/p>\n<p style=\"padding-left: 30px\"><em>Semana tercera: anuncio del evangelio. Anuncio del Evangelio.<\/em><\/p>\n<p><strong>14.- VILLANUEVA DEL SEGURA y ULEA<\/strong> (Murcia). 28 noviembre- 19 diciembre. PP. Luis M\u00aa Mnez. San Juan, Pedro Sanz, Javier Artaso, Jos\u00e9 Fdez. Riol y Jes\u00fas M\u00aa Egues. (An. 1993 y BPZ).<\/p>\n<p><strong>15.- CARCAR<\/strong><span id='easy-footnote-1-39673' class='easy-footnote-margin-adjust'><\/span><span class='easy-footnote'><a href='http:\/\/vincentians.com\/es\/misiones-populares-en-espana-1975-2000-1993\/#easy-footnote-bottom-1-39673' title=''><sup>1<\/sup><\/a><\/span>Navarra). 28 noviembre-19 diciembre. PP. Pablo Dom\u00ednguez, Ander Arregui y Juan Jos\u00e9\u00a0 Murillo. (An. 1993 y BPZ)..<\/p>\n","protected":false},"excerpt":{"rendered":"<p>1993 &nbsp; &nbsp; 1.- ZONA DEL CAMPO DE GIBRALTAR (C\u00e1diz): 14-30 enero: Tahivilla, Facinas y Bolonia. PP. Juan Juan Velasco, Jes\u00fas Lusarreta, Miguel \u00c1ngel Renes, Tom\u00e1s Garc\u00eda Cano y Teodoro Mart\u00edn. (An. 1993, BPM y &#8230; <a href=\"http:\/\/vincentians.com\/es\/misiones-populares-en-espana-1975-2000-1993\/\" class=\"more-link\">Read More<\/a><\/p>\n","protected":false},"author":4,"featured_media":39438,"comment_status":"open","ping_status":"open","sticky":false,"template":"","format":"standard","meta":{"jetpack_post_was_ever_published":false,"_jetpack_newsletter_access":"","_jetpack_dont_email_post_to_subs":false,"_jetpack_newsletter_tier_id":0,"_jetpack_memberships_contains_paywalled_content":false,"_jetpack_memberships_contains_paid_content":false,"footnotes":"","jetpack_publicize_message":"","jetpack_publicize_feature_enabled":true,"jetpack_social_post_already_shared":true,"jetpack_social_options":{"image_generator_settings":{"template":"highway","default_image_id":0,"font":"","enabled":false},"version":2}},"categories":[201],"tags":[176,147],"class_list":["post-39673","post","type-post","status-publish","format-standard","has-post-thumbnail","hentry","category-misiones-ad-gentes","tag-misiones-populares","tag-santo-domingo"],"yoast_head":"<!-- This site is optimized with the Yoast SEO plugin v26.3 - https:\/\/yoast.com\/wordpress\/plugins\/seo\/ -->\n<title>Misiones populares en Espa\u00f1a, 1975-2000: 1993 - Somos Vicencianos<\/title>\n<meta name=\"robots\" content=\"index, follow, max-snippet:-1, max-image-preview:large, max-video-preview:-1\" \/>\n<link rel=\"canonical\" href=\"http:\/\/vincentians.com\/es\/misiones-populares-en-espana-1975-2000-1993\/\" \/>\n<meta property=\"og:locale\" content=\"es_ES\" \/>\n<meta property=\"og:type\" content=\"article\" \/>\n<meta property=\"og:title\" content=\"Misiones populares en Espa\u00f1a, 1975-2000: 1993 - Somos Vicencianos\" \/>\n<meta property=\"og:description\" content=\"1993 &nbsp; &nbsp; 1.- ZONA DEL CAMPO DE GIBRALTAR (C\u00e1diz): 14-30 enero: Tahivilla, Facinas y Bolonia. PP. Juan Juan Velasco, Jes\u00fas Lusarreta, Miguel \u00c1ngel Renes, Tom\u00e1s Garc\u00eda Cano y Teodoro Mart\u00edn. (An. 1993, BPM y ... Read More\" \/>\n<meta property=\"og:url\" content=\"http:\/\/vincentians.com\/es\/misiones-populares-en-espana-1975-2000-1993\/\" \/>\n<meta property=\"og:site_name\" content=\"Somos Vicencianos\" \/>\n<meta property=\"article:publisher\" content=\"https:\/\/www.facebook.com\/WeAreVincentians\/\" \/>\n<meta property=\"article:author\" content=\"https:\/\/www.facebook.com\/JavierChento\" \/>\n<meta property=\"article:published_time\" content=\"2014-11-29T07:29:46+00:00\" \/>\n<meta name=\"author\" content=\"Francisco Javier Fern\u00e1ndez Chento\" \/>\n<meta name=\"twitter:card\" content=\"summary_large_image\" \/>\n<meta name=\"twitter:creator\" content=\"@https:\/\/twitter.com\/javierchento\" \/>\n<meta name=\"twitter:site\" content=\"@WeVincentians\" \/>\n<meta name=\"twitter:label1\" content=\"Escrito por\" \/>\n\t<meta name=\"twitter:data1\" content=\"Francisco Javier Fern\u00e1ndez Chento\" \/>\n\t<meta name=\"twitter:label2\" content=\"Tiempo de lectura\" \/>\n\t<meta name=\"twitter:data2\" content=\"5 minutos\" \/>\n<script type=\"application\/ld+json\" class=\"yoast-schema-graph\">{\"@context\":\"https:\/\/schema.org\",\"@graph\":[{\"@type\":\"Article\",\"@id\":\"http:\/\/vincentians.com\/es\/misiones-populares-en-espana-1975-2000-1993\/#article\",\"isPartOf\":{\"@id\":\"http:\/\/vincentians.com\/es\/misiones-populares-en-espana-1975-2000-1993\/\"},\"author\":{\"name\":\"Francisco Javier Fern\u00e1ndez Chento\",\"@id\":\"https:\/\/vincentians.com\/es\/#\/schema\/person\/9623ef4d9aa3b2dfb8c061f1499288f2\"},\"headline\":\"Misiones populares en Espa\u00f1a, 1975-2000: 1993\",\"datePublished\":\"2014-11-29T07:29:46+00:00\",\"mainEntityOfPage\":{\"@id\":\"http:\/\/vincentians.com\/es\/misiones-populares-en-espana-1975-2000-1993\/\"},\"wordCount\":932,\"commentCount\":0,\"publisher\":{\"@id\":\"https:\/\/vincentians.com\/es\/#organization\"},\"image\":{\"@id\":\"http:\/\/vincentians.com\/es\/misiones-populares-en-espana-1975-2000-1993\/#primaryimage\"},\"thumbnailUrl\":\"\",\"keywords\":[\"Misiones Populares\",\"Santo Domingo\"],\"articleSection\":[\"Misiones \u00abAd gentes\u00bb\"],\"inLanguage\":\"es\",\"potentialAction\":[{\"@type\":\"CommentAction\",\"name\":\"Comment\",\"target\":[\"http:\/\/vincentians.com\/es\/misiones-populares-en-espana-1975-2000-1993\/#respond\"]}]},{\"@type\":\"WebPage\",\"@id\":\"http:\/\/vincentians.com\/es\/misiones-populares-en-espana-1975-2000-1993\/\",\"url\":\"http:\/\/vincentians.com\/es\/misiones-populares-en-espana-1975-2000-1993\/\",\"name\":\"Misiones populares en Espa\u00f1a, 1975-2000: 1993 - Somos Vicencianos\",\"isPartOf\":{\"@id\":\"https:\/\/vincentians.com\/es\/#website\"},\"primaryImageOfPage\":{\"@id\":\"http:\/\/vincentians.com\/es\/misiones-populares-en-espana-1975-2000-1993\/#primaryimage\"},\"image\":{\"@id\":\"http:\/\/vincentians.com\/es\/misiones-populares-en-espana-1975-2000-1993\/#primaryimage\"},\"thumbnailUrl\":\"\",\"datePublished\":\"2014-11-29T07:29:46+00:00\",\"breadcrumb\":{\"@id\":\"http:\/\/vincentians.com\/es\/misiones-populares-en-espana-1975-2000-1993\/#breadcrumb\"},\"inLanguage\":\"es\",\"potentialAction\":[{\"@type\":\"ReadAction\",\"target\":[\"http:\/\/vincentians.com\/es\/misiones-populares-en-espana-1975-2000-1993\/\"]}]},{\"@type\":\"ImageObject\",\"inLanguage\":\"es\",\"@id\":\"http:\/\/vincentians.com\/es\/misiones-populares-en-espana-1975-2000-1993\/#primaryimage\",\"url\":\"\",\"contentUrl\":\"\"},{\"@type\":\"BreadcrumbList\",\"@id\":\"http:\/\/vincentians.com\/es\/misiones-populares-en-espana-1975-2000-1993\/#breadcrumb\",\"itemListElement\":[{\"@type\":\"ListItem\",\"position\":1,\"name\":\"Portada\",\"item\":\"https:\/\/vincentians.com\/es\/\"},{\"@type\":\"ListItem\",\"position\":2,\"name\":\"Misiones populares en Espa\u00f1a, 1975-2000: 1993\"}]},{\"@type\":\"WebSite\",\"@id\":\"https:\/\/vincentians.com\/es\/#website\",\"url\":\"https:\/\/vincentians.com\/es\/\",\"name\":\"Somos Vicencianos\",\"description\":\"Know more to serve more\",\"publisher\":{\"@id\":\"https:\/\/vincentians.com\/es\/#organization\"},\"potentialAction\":[{\"@type\":\"SearchAction\",\"target\":{\"@type\":\"EntryPoint\",\"urlTemplate\":\"https:\/\/vincentians.com\/es\/?s={search_term_string}\"},\"query-input\":{\"@type\":\"PropertyValueSpecification\",\"valueRequired\":true,\"valueName\":\"search_term_string\"}}],\"inLanguage\":\"es\"},{\"@type\":\"Organization\",\"@id\":\"https:\/\/vincentians.com\/es\/#organization\",\"name\":\"The Vincentian Network\",\"url\":\"https:\/\/vincentians.com\/es\/\",\"logo\":{\"@type\":\"ImageObject\",\"inLanguage\":\"es\",\"@id\":\"https:\/\/vincentians.com\/es\/#\/schema\/logo\/image\/\",\"url\":\"https:\/\/i1.wp.com\/vincentians.com\/es\/wp-content\/uploads\/sites\/11\/2016\/06\/Vincentian-Network-logo-big.png?fit=778%2C778\",\"contentUrl\":\"https:\/\/i1.wp.com\/vincentians.com\/es\/wp-content\/uploads\/sites\/11\/2016\/06\/Vincentian-Network-logo-big.png?fit=778%2C778\",\"width\":778,\"height\":778,\"caption\":\"The Vincentian Network\"},\"image\":{\"@id\":\"https:\/\/vincentians.com\/es\/#\/schema\/logo\/image\/\"},\"sameAs\":[\"https:\/\/www.facebook.com\/WeAreVincentians\/\",\"https:\/\/x.com\/WeVincentians\"]},{\"@type\":\"Person\",\"@id\":\"https:\/\/vincentians.com\/es\/#\/schema\/person\/9623ef4d9aa3b2dfb8c061f1499288f2\",\"name\":\"Francisco Javier Fern\u00e1ndez Chento\",\"image\":{\"@type\":\"ImageObject\",\"inLanguage\":\"es\",\"@id\":\"https:\/\/vincentians.com\/es\/#\/schema\/person\/image\/\",\"url\":\"https:\/\/secure.gravatar.com\/avatar\/497d5cde87b4c3d097d0315953521681ba2cd523ee66e5077c3711f7021e65de?s=96&d=mm&r=g\",\"contentUrl\":\"https:\/\/secure.gravatar.com\/avatar\/497d5cde87b4c3d097d0315953521681ba2cd523ee66e5077c3711f7021e65de?s=96&d=mm&r=g\",\"caption\":\"Francisco Javier Fern\u00e1ndez Chento\"},\"description\":\"Director General y cofundador de La Red de Formaci\u00f3n Vicenciana. Javier es laico vicenciano, afiliado a la Congregaci\u00f3n de la Misi\u00f3n y miembro del Equipo de Misiones Populares de la provincia can\u00f3nica de Zaragoza (Espa\u00f1a) de la Congregaci\u00f3n de la Misi\u00f3n. Graduado en la Universidad Oberta de Catalunya con cuatro grados (Asistente de direcci\u00f3n, Gesti\u00f3n Administrativa, Recursos Humanos y Contabilidad Avanzada). Bil\u00edng\u00fce Espa\u00f1ol\/Ingl\u00e9s. gestiona y mantiene varias p\u00e1ginas web cristianas y vicencianas, incluida including La Red de Formaci\u00f3n Vicenciana, de la que es cofundador. Actualmente es responsable del \u00e1rea de Espa\u00f1ol de .famvin, la Red de Noticias de la Familia Vicenciana. Tambi\u00e9n es m\u00fasico cat\u00f3lico y ha editado varios discos. Es Director General y cofundador de Trovador, una reconocida compa\u00f1\u00eda discogr\u00e1fica critiana de Espa\u00f1a. Trabaja en las Tecnolog\u00edas de la Informaci\u00f3n, ofreciendo servicios de alojamiento, dise\u00f1o y mantenimiento Web, as\u00ed como asesoramiento, formaci\u00f3n y soluciones inform\u00e1ticas, gesti\u00f3n documental y digitalizaci\u00f3n de textos, edici\u00f3n y maquetaci\u00f3n de libros, revistas, flyers, etc.\",\"sameAs\":[\"http:\/\/chento.org\",\"https:\/\/www.facebook.com\/JavierChento\",\"https:\/\/x.com\/https:\/\/twitter.com\/javierchento\"],\"url\":\"http:\/\/vincentians.com\/es\/author\/chento\/\"}]}<\/script>\n<!-- \/ Yoast SEO plugin. -->","yoast_head_json":{"title":"Misiones populares en Espa\u00f1a, 1975-2000: 1993 - Somos Vicencianos","robots":{"index":"index","follow":"follow","max-snippet":"max-snippet:-1","max-image-preview":"max-image-preview:large","max-video-preview":"max-video-preview:-1"},"canonical":"http:\/\/vincentians.com\/es\/misiones-populares-en-espana-1975-2000-1993\/","og_locale":"es_ES","og_type":"article","og_title":"Misiones populares en Espa\u00f1a, 1975-2000: 1993 - Somos Vicencianos","og_description":"1993 &nbsp; &nbsp; 1.- ZONA DEL CAMPO DE GIBRALTAR (C\u00e1diz): 14-30 enero: Tahivilla, Facinas y Bolonia. PP. Juan Juan Velasco, Jes\u00fas Lusarreta, Miguel \u00c1ngel Renes, Tom\u00e1s Garc\u00eda Cano y Teodoro Mart\u00edn. (An. 1993, BPM y ... Read More","og_url":"http:\/\/vincentians.com\/es\/misiones-populares-en-espana-1975-2000-1993\/","og_site_name":"Somos Vicencianos","article_publisher":"https:\/\/www.facebook.com\/WeAreVincentians\/","article_author":"https:\/\/www.facebook.com\/JavierChento","article_published_time":"2014-11-29T07:29:46+00:00","author":"Francisco Javier Fern\u00e1ndez Chento","twitter_card":"summary_large_image","twitter_creator":"@https:\/\/twitter.com\/javierchento","twitter_site":"@WeVincentians","twitter_misc":{"Escrito por":"Francisco Javier Fern\u00e1ndez Chento","Tiempo de lectura":"5 minutos"},"schema":{"@context":"https:\/\/schema.org","@graph":[{"@type":"Article","@id":"http:\/\/vincentians.com\/es\/misiones-populares-en-espana-1975-2000-1993\/#article","isPartOf":{"@id":"http:\/\/vincentians.com\/es\/misiones-populares-en-espana-1975-2000-1993\/"},"author":{"name":"Francisco Javier Fern\u00e1ndez Chento","@id":"https:\/\/vincentians.com\/es\/#\/schema\/person\/9623ef4d9aa3b2dfb8c061f1499288f2"},"headline":"Misiones populares en Espa\u00f1a, 1975-2000: 1993","datePublished":"2014-11-29T07:29:46+00:00","mainEntityOfPage":{"@id":"http:\/\/vincentians.com\/es\/misiones-populares-en-espana-1975-2000-1993\/"},"wordCount":932,"commentCount":0,"publisher":{"@id":"https:\/\/vincentians.com\/es\/#organization"},"image":{"@id":"http:\/\/vincentians.com\/es\/misiones-populares-en-espana-1975-2000-1993\/#primaryimage"},"thumbnailUrl":"","keywords":["Misiones Populares","Santo Domingo"],"articleSection":["Misiones \u00abAd gentes\u00bb"],"inLanguage":"es","potentialAction":[{"@type":"CommentAction","name":"Comment","target":["http:\/\/vincentians.com\/es\/misiones-populares-en-espana-1975-2000-1993\/#respond"]}]},{"@type":"WebPage","@id":"http:\/\/vincentians.com\/es\/misiones-populares-en-espana-1975-2000-1993\/","url":"http:\/\/vincentians.com\/es\/misiones-populares-en-espana-1975-2000-1993\/","name":"Misiones populares en Espa\u00f1a, 1975-2000: 1993 - Somos Vicencianos","isPartOf":{"@id":"https:\/\/vincentians.com\/es\/#website"},"primaryImageOfPage":{"@id":"http:\/\/vincentians.com\/es\/misiones-populares-en-espana-1975-2000-1993\/#primaryimage"},"image":{"@id":"http:\/\/vincentians.com\/es\/misiones-populares-en-espana-1975-2000-1993\/#primaryimage"},"thumbnailUrl":"","datePublished":"2014-11-29T07:29:46+00:00","breadcrumb":{"@id":"http:\/\/vincentians.com\/es\/misiones-populares-en-espana-1975-2000-1993\/#breadcrumb"},"inLanguage":"es","potentialAction":[{"@type":"ReadAction","target":["http:\/\/vincentians.com\/es\/misiones-populares-en-espana-1975-2000-1993\/"]}]},{"@type":"ImageObject","inLanguage":"es","@id":"http:\/\/vincentians.com\/es\/misiones-populares-en-espana-1975-2000-1993\/#primaryimage","url":"","contentUrl":""},{"@type":"BreadcrumbList","@id":"http:\/\/vincentians.com\/es\/misiones-populares-en-espana-1975-2000-1993\/#breadcrumb","itemListElement":[{"@type":"ListItem","position":1,"name":"Portada","item":"https:\/\/vincentians.com\/es\/"},{"@type":"ListItem","position":2,"name":"Misiones populares en Espa\u00f1a, 1975-2000: 1993"}]},{"@type":"WebSite","@id":"https:\/\/vincentians.com\/es\/#website","url":"https:\/\/vincentians.com\/es\/","name":"Somos Vicencianos","description":"Know more to serve more","publisher":{"@id":"https:\/\/vincentians.com\/es\/#organization"},"potentialAction":[{"@type":"SearchAction","target":{"@type":"EntryPoint","urlTemplate":"https:\/\/vincentians.com\/es\/?s={search_term_string}"},"query-input":{"@type":"PropertyValueSpecification","valueRequired":true,"valueName":"search_term_string"}}],"inLanguage":"es"},{"@type":"Organization","@id":"https:\/\/vincentians.com\/es\/#organization","name":"The Vincentian Network","url":"https:\/\/vincentians.com\/es\/","logo":{"@type":"ImageObject","inLanguage":"es","@id":"https:\/\/vincentians.com\/es\/#\/schema\/logo\/image\/","url":"https:\/\/i1.wp.com\/vincentians.com\/es\/wp-content\/uploads\/sites\/11\/2016\/06\/Vincentian-Network-logo-big.png?fit=778%2C778","contentUrl":"https:\/\/i1.wp.com\/vincentians.com\/es\/wp-content\/uploads\/sites\/11\/2016\/06\/Vincentian-Network-logo-big.png?fit=778%2C778","width":778,"height":778,"caption":"The Vincentian Network"},"image":{"@id":"https:\/\/vincentians.com\/es\/#\/schema\/logo\/image\/"},"sameAs":["https:\/\/www.facebook.com\/WeAreVincentians\/","https:\/\/x.com\/WeVincentians"]},{"@type":"Person","@id":"https:\/\/vincentians.com\/es\/#\/schema\/person\/9623ef4d9aa3b2dfb8c061f1499288f2","name":"Francisco Javier Fern\u00e1ndez Chento","image":{"@type":"ImageObject","inLanguage":"es","@id":"https:\/\/vincentians.com\/es\/#\/schema\/person\/image\/","url":"https:\/\/secure.gravatar.com\/avatar\/497d5cde87b4c3d097d0315953521681ba2cd523ee66e5077c3711f7021e65de?s=96&d=mm&r=g","contentUrl":"https:\/\/secure.gravatar.com\/avatar\/497d5cde87b4c3d097d0315953521681ba2cd523ee66e5077c3711f7021e65de?s=96&d=mm&r=g","caption":"Francisco Javier Fern\u00e1ndez Chento"},"description":"Director General y cofundador de La Red de Formaci\u00f3n Vicenciana. Javier es laico vicenciano, afiliado a la Congregaci\u00f3n de la Misi\u00f3n y miembro del Equipo de Misiones Populares de la provincia can\u00f3nica de Zaragoza (Espa\u00f1a) de la Congregaci\u00f3n de la Misi\u00f3n. Graduado en la Universidad Oberta de Catalunya con cuatro grados (Asistente de direcci\u00f3n, Gesti\u00f3n Administrativa, Recursos Humanos y Contabilidad Avanzada). Bil\u00edng\u00fce Espa\u00f1ol\/Ingl\u00e9s. gestiona y mantiene varias p\u00e1ginas web cristianas y vicencianas, incluida including La Red de Formaci\u00f3n Vicenciana, de la que es cofundador. Actualmente es responsable del \u00e1rea de Espa\u00f1ol de .famvin, la Red de Noticias de la Familia Vicenciana. Tambi\u00e9n es m\u00fasico cat\u00f3lico y ha editado varios discos. Es Director General y cofundador de Trovador, una reconocida compa\u00f1\u00eda discogr\u00e1fica critiana de Espa\u00f1a. Trabaja en las Tecnolog\u00edas de la Informaci\u00f3n, ofreciendo servicios de alojamiento, dise\u00f1o y mantenimiento Web, as\u00ed como asesoramiento, formaci\u00f3n y soluciones inform\u00e1ticas, gesti\u00f3n documental y digitalizaci\u00f3n de textos, edici\u00f3n y maquetaci\u00f3n de libros, revistas, flyers, etc.","sameAs":["http:\/\/chento.org","https:\/\/www.facebook.com\/JavierChento","https:\/\/x.com\/https:\/\/twitter.com\/javierchento"],"url":"http:\/\/vincentians.com\/es\/author\/chento\/"}]}},"jetpack_publicize_connections":[],"jetpack_featured_media_url":"","jetpack_sharing_enabled":true,"jetpack_shortlink":"https:\/\/wp.me\/p7ETMF-ajT","jetpack-related-posts":[{"id":39672,"url":"http:\/\/vincentians.com\/es\/misiones-populares-en-espana-1975-2000-1992\/","url_meta":{"origin":39673,"position":0},"title":"Misiones populares en Espa\u00f1a, 1975-2000: 1992","author":"Francisco Javier Fern\u00e1ndez Chento","date":"22\/11\/2014","format":false,"excerpt":"1992 \u00a0 1.- ZONA DE GRAN CANARIA: Lomo Apolinario, Carmen Quintana, Azafata Delgado, Lugarejo, Capellan\u00eda, Albiturria, Lomo La Cruz, Casablanca y Los Tarajales. 2-29 Febrero. PP. Luis M\u00aa Mnez, San Juan, Jes\u00fas M\u00aa Egues, Ander Arregui, Pedro Sanz, Juli\u00e1n Arana, Tom\u00e1s Chocarro, Pablo Dom\u00ednguez y Javier Artaso. (An. 1992 y\u2026","rel":"","context":"En \u00abMisiones \u00abAd gentes\u00bb\u00bb","block_context":{"text":"Misiones \u00abAd gentes\u00bb","link":"http:\/\/vincentians.com\/es\/category\/servicios-y-ministerios\/misiones-ad-gentes\/"},"img":{"alt_text":"Iglesia de San Felipe de Brihuega","src":"https:\/\/i0.wp.com\/vicencianos.org\/wp-content\/2011\/05\/Brihuega-300x224.jpg?resize=350%2C200","width":350,"height":200},"classes":[]},{"id":949,"url":"http:\/\/vincentians.com\/es\/bibliografia-sobre-la-congregacion-de-la-mision-en-espana\/","url_meta":{"origin":39673,"position":1},"title":"Bibliograf\u00eda sobre la Congregaci\u00f3n de la Misi\u00f3n en Espa\u00f1a","author":"Francisco Javier Fern\u00e1ndez Chento","date":"15\/11\/2022","format":false,"excerpt":"ABAD, N.: \"Ayamonte. Una parroquia m\u00e1s a cargo de la Congregaci\u00f3n\". En Anales Madrid, 1946, pp. 238-242. ABAITUA, M.: \"Fundaciones de Ayer. 1774-1974. El pasado de la Provincia de Zaragoza\". En Anales Madrid, 1975, pp. 747-765. ABAITUA, M.: \"Los PP. Pa\u00fales en el Seminario de San Pablo (Cuenca)\". En Bolet\u00edn\u2026","rel":"","context":"En \u00abCongregaci\u00f3n de la Misi\u00f3n\u00bb","block_context":{"text":"Congregaci\u00f3n de la Misi\u00f3n","link":"http:\/\/vincentians.com\/es\/category\/la-familia-vicenciana\/ramas\/congregacion-de-la-mision\/"},"img":{"alt_text":"","src":"","width":0,"height":0},"classes":[]},{"id":309,"url":"http:\/\/vincentians.com\/es\/pedro-ballaz\/","url_meta":{"origin":39673,"position":2},"title":"Pedro Ballaz","author":"Mitxel Olabu\u00e9naga","date":"18\/11\/2009","format":false,"excerpt":"41 P. Pedro Ballaz 28-06-93 Pamplona Anales 1993 Sep.569 Homil\u00eda del P. Visitador en la Misa Exequial. Pamplona, Iglesia de la Milagrosa, 28 de junio 1993 El P. Pedro Ballaz, C.M. falleci\u00f3 la madrugada del 27 de junio de 1993 en la Residencia de los PP. Pa\u00fales de Pamplona. Hab\u00eda\u2026","rel":"","context":"En \u00abBiograf\u00edas de Misioneros Pa\u00fales\u00bb","block_context":{"text":"Biograf\u00edas de Misioneros Pa\u00fales","link":"http:\/\/vincentians.com\/es\/category\/la-familia-vicenciana\/biografias-vicencianas\/biografias-de-misioneros-paules\/"},"img":{"alt_text":"","src":"https:\/\/i0.wp.com\/vincentians.com\/es\/wp-content\/uploads\/sites\/11\/2016\/07\/bio-cm.jpg?fit=1200%2C630&resize=350%2C200","width":350,"height":200,"srcset":"https:\/\/i0.wp.com\/vincentians.com\/es\/wp-content\/uploads\/sites\/11\/2016\/07\/bio-cm.jpg?fit=1200%2C630&resize=350%2C200 1x, https:\/\/i0.wp.com\/vincentians.com\/es\/wp-content\/uploads\/sites\/11\/2016\/07\/bio-cm.jpg?fit=1200%2C630&resize=525%2C300 1.5x, https:\/\/i0.wp.com\/vincentians.com\/es\/wp-content\/uploads\/sites\/11\/2016\/07\/bio-cm.jpg?fit=1200%2C630&resize=700%2C400 2x, https:\/\/i0.wp.com\/vincentians.com\/es\/wp-content\/uploads\/sites\/11\/2016\/07\/bio-cm.jpg?fit=1200%2C630&resize=1050%2C600 3x"},"classes":[]},{"id":11786,"url":"http:\/\/vincentians.com\/es\/misiones-populares-de-la-c-m-en-espana-1704-1975-parte-3\/","url_meta":{"origin":39673,"position":3},"title":"Misiones populares de la C.M. en Espa\u00f1a (1704-1975). Parte 3","author":"Mitxel Olabu\u00e9naga","date":"05\/07\/2011","format":false,"excerpt":"Bibliograf\u00eda 1. Relativa a la C.M., HH. de la C., y Asociaciones Laicales Vicencianas ABAITUA, M.: \"Fundaciones de Ayer. 1774-1974. El pasado de la Provincia de Zaragoza\". En Anales Madrid (1975), pp. 747-765; (1990), pp. 68-73. ABELLY, L.: La vie du v\u00e9n\u00e9rable serviteur de Dieu Vincent de Paul, instituteur et\u2026","rel":"","context":"En \u00abHistoria de la Congregaci\u00f3n de la Misi\u00f3n en Espa\u00f1a\u00bb","block_context":{"text":"Historia de la Congregaci\u00f3n de la Misi\u00f3n en Espa\u00f1a","link":"http:\/\/vincentians.com\/es\/category\/historia-de-la-familia-vicenciana\/historia-de-la-congregacion-de-la-mision-en-espana\/"},"img":{"alt_text":"","src":"https:\/\/i0.wp.com\/vicencianos.org\/wp-content\/2011\/07\/ESCUDOCM-237x300.jpg?resize=350%2C200","width":350,"height":200},"classes":[]},{"id":39669,"url":"http:\/\/vincentians.com\/es\/misiones-populares-en-espana-1975-2000-1989\/","url_meta":{"origin":39673,"position":4},"title":"Misiones populares en Espa\u00f1a, 1975-2000: 1989","author":"Francisco Javier Fern\u00e1ndez Chento","date":"03\/11\/2014","format":false,"excerpt":"1989 \u00a0 1.- AYAMONTE, ISLA CANELA y PUNTA DEL MORAL (Huelva): 7 de Enero. PP. Pedro Pascual, Andr\u00e9s Pato, Manuel Canal, Manuel Freire, Francisco Salinero, Rafael Carracedo, Juan Velasco, Jes\u00fas Arellano y Baltasar Indurain. (An.1989 y BPS). Junto con varias HH. de la C. y seminaristas. \u00a0 2.- PUNTA UMBR\u00cdA\u2026","rel":"","context":"En \u00abMisiones \u00abAd gentes\u00bb\u00bb","block_context":{"text":"Misiones \u00abAd gentes\u00bb","link":"http:\/\/vincentians.com\/es\/category\/servicios-y-ministerios\/misiones-ad-gentes\/"},"img":{"alt_text":"Catedral de Sig\u00fcenza","src":"https:\/\/i0.wp.com\/vicencianos.org\/wp-content\/2011\/05\/siguenza-300x195.jpg?resize=350%2C200","width":350,"height":200},"classes":[]},{"id":39660,"url":"http:\/\/vincentians.com\/es\/misiones-populares-en-espana-1975-2000-1980\/","url_meta":{"origin":39673,"position":5},"title":"Misiones populares en Espa\u00f1a, 1975-2000: 1980","author":"Francisco Javier Fern\u00e1ndez Chento","date":"02\/10\/2014","format":false,"excerpt":"1980 1.- ZONA DE LERMA (Burgos): 31 enero-10 febrero. Cilleruelo de Abajo, Quintanilla de la Mata y Caba\u00f1as de Esgueva. \u00a0PP. Veremundo Pardo, Luis Tobar y Jos\u00e9 Villasana. (An. 1980 y BPM). Junto con \u00a04 pasionistas, 3 dominicos y un capuchino. Se usa el contenido de Ortega por primera vez.\u2026","rel":"","context":"En \u00abMisiones \u00abAd gentes\u00bb\u00bb","block_context":{"text":"Misiones \u00abAd gentes\u00bb","link":"http:\/\/vincentians.com\/es\/category\/servicios-y-ministerios\/misiones-ad-gentes\/"},"img":{"alt_text":"Quintanilla de la Mata","src":"https:\/\/i0.wp.com\/vicencianos.org\/wp-content\/2011\/05\/Quintanilla-300x197.jpg?resize=350%2C200","width":350,"height":200},"classes":[]}],"_links":{"self":[{"href":"http:\/\/vincentians.com\/es\/wp-json\/wp\/v2\/posts\/39673","targetHints":{"allow":["GET"]}}],"collection":[{"href":"http:\/\/vincentians.com\/es\/wp-json\/wp\/v2\/posts"}],"about":[{"href":"http:\/\/vincentians.com\/es\/wp-json\/wp\/v2\/types\/post"}],"author":[{"embeddable":true,"href":"http:\/\/vincentians.com\/es\/wp-json\/wp\/v2\/users\/4"}],"replies":[{"embeddable":true,"href":"http:\/\/vincentians.com\/es\/wp-json\/wp\/v2\/comments?post=39673"}],"version-history":[{"count":0,"href":"http:\/\/vincentians.com\/es\/wp-json\/wp\/v2\/posts\/39673\/revisions"}],"wp:featuredmedia":[{"embeddable":true,"href":"http:\/\/vincentians.com\/es\/wp-json\/"}],"wp:attachment":[{"href":"http:\/\/vincentians.com\/es\/wp-json\/wp\/v2\/media?parent=39673"}],"wp:term":[{"taxonomy":"category","embeddable":true,"href":"http:\/\/vincentians.com\/es\/wp-json\/wp\/v2\/categories?post=39673"},{"taxonomy":"post_tag","embeddable":true,"href":"http:\/\/vincentians.com\/es\/wp-json\/wp\/v2\/tags?post=39673"}],"curies":[{"name":"wp","href":"https:\/\/api.w.org\/{rel}","templated":true}]}}