{"id":39672,"date":"2014-11-22T08:29:46","date_gmt":"2014-11-22T07:29:46","guid":{"rendered":"http:\/\/somos.vicencianos.org\/blog\/2011\/06\/misiones-populares-en-espana-1975-2000-1992\/"},"modified":"2014-11-22T08:29:46","modified_gmt":"2014-11-22T07:29:46","slug":"misiones-populares-en-espana-1975-2000-1992","status":"publish","type":"post","link":"http:\/\/vincentians.com\/es\/misiones-populares-en-espana-1975-2000-1992\/","title":{"rendered":"Misiones populares en Espa\u00f1a, 1975-2000: 1992"},"content":{"rendered":"<h2><strong>1992<\/strong><\/h2>\n<p>&nbsp;<\/p>\n<p><strong>1.- ZONA DE GRAN CANARIA<\/strong>: Lomo Apolinario, Carmen Quintana, Azafata Delgado, Lugarejo, Capellan\u00eda, Albiturria, Lomo La Cruz, Casablanca y Los Tarajales. 2-29 Febrero. PP. Luis M\u00aa Mnez, San Juan, Jes\u00fas M\u00aa Egues, Ander Arregui, Pedro Sanz, Juli\u00e1n Arana, Tom\u00e1s Chocarro, Pablo Dom\u00ednguez y Javier Artaso. (An. 1992 y BPZ).<\/p>\n<p style=\"padding-left: 30px\"><em>Junto con varias HH. de la C. y seglares<\/em><\/p>\n<p style=\"padding-left: 30px\"><em>Objetivos: atraer a la gente alejada, profundizar en el sentido comunitario de la parroquia, borrar cr\u00edticas, envidias y egoismos, alentar al compromiso cristiano hacia los dem\u00e1s, sobre todo a hacia los m\u00e1s necesitados.<\/em><\/p>\n<p>&nbsp;<\/p>\n<p><strong>2.- ARCIPRESTAZGOS DE OCA\u00d1A y BELV\u00cdS DE JARA <\/strong>(Toledo): Ont\u00edgola, Ciruelos, Villanueva de Santiago, Aldeanueva de Barbarroja, Belv\u00eds de Jara, Villasequilla, Topares, Buenasbodas, La Nava de Ricomalillo, Las Herencias, El Membrillo, Sevilleja de la Jara, Gargantilla, La Mina de Santa Quiteria, Puerto Rey, Alcaudete de la Jara, Robledo del Mazo, Las Hunfr\u00edas, Navaltoril, Robledillo y Piedraescrita. 13 febrero-10 mayo. PP. Pedro Pascual, Rafael Carracedo, Juli\u00e1n Soriano, F\u00e9lix \u00c1lvarez, Enrique Velayos, Miguel \u00c1ngel Renes, Florentino Villanueva, Javier \u00c1lvarez y V\u00edctor Landeras. \u00a0(BPS y BPM).<\/p>\n<p style=\"padding-left: 30px\"><em>Junto con HH. de la C.<\/em><\/p>\n<p>&nbsp;<\/p>\n<p><strong>3.- BOLTA\u00d1A, SIESTE Y MARGURGUED<\/strong> (Huesca). 22 marzo-12 abril. PP. Javier Artaso y \u00a0Pablo Dom\u00ednguez. (An. 1992 y BPZ).<\/p>\n<p style=\"padding-left: 30px\"><em>Junto con varias HH. de la C. y seglares<\/em><\/p>\n<p style=\"padding-left: 30px\"><em>Objetivos: crear una verdadera comunidad en las parroquias; instituir el catecumenado de adultos, erigir c\u00e1ritas a favor de los ancianos y enfermos, crear el consejo parroquial, renovar la vida cristiana personal y comunitaria.<\/em><\/p>\n<p>&nbsp;<\/p>\n<p><strong>4.- COMARCA DE VELEZ BLANCO<\/strong> (Almer\u00eda): Chiribel, Topares, Cerricos, El Contador, Mar\u00eda y Ca\u00f1adas de Ca\u00f1epla. 26 marzo-12 abril. PP. Jes\u00fas Lusarreta, Juan Jos\u00e9 Gonz\u00e1lez, Rafael Carracedo, Eugenio Garc\u00eda Espinosa, Teodoro Mart\u00edn, Jos\u00e9 M\u00aa Mond\u00e9jar y F\u00e9lix \u00c1lvarez. (BPM).<\/p>\n<p style=\"padding-left: 30px\"><em>Junto con varias HH. de la C.<\/em><\/p>\n<p><strong>5.- CA\u00d1ETE <\/strong>(Cuenca): 22 marzo-12 abril. PP. Jes\u00fas M\u00aa Egues y Luis M\u00aa Mnez. San Juan. (An. 1992).<\/p>\n<p style=\"padding-left: 30px\"><em>Junto con varias HH. de la C. y seglares<\/em><\/p>\n<p><strong>6.- ZONA DE BOLTA\u00d1A<\/strong> (10 pueblos) (Huesca). 6-17 Mayo. PP. Rafael Sainz, Jes\u00fas Martinez Sanju\u00e1n y Javier Artaso. (An. 1992 y BPZ).<\/p>\n<p style=\"padding-left: 30px\"><em>Junto con varios seglares<\/em><\/p>\n<p><strong>7.- ZONA DE LA CA\u00d1ADA DE ALMER\u00cdA<\/strong> (Almer\u00eda): El Alqui\u00e1n, Los Llanos, Barriada de San Vicente y La Milagrosa. Mayo. PP. Jos\u00e9 M\u00aa Nieto, Fernando Casado, Miguel \u00c1ngel Renes, Jes\u00fas Rodr\u00edguez Rico, Teodoro Mart\u00edn y Jes\u00fas Lusarreta. (BPM)<\/p>\n<p style=\"padding-left: 30px\"><em>Junto con varias HH. de la C.<\/em><\/p>\n<p>&nbsp;<\/p>\n<p>&nbsp;<\/p>\n<div id=\"attachment_39713\" style=\"width: 310px\" class=\"wp-caption alignright\"><a href=\"https:\/\/i0.wp.com\/vicencianos.org\/wp-content\/2011\/05\/Brihuega.jpg\"><img data-recalc-dims=\"1\" loading=\"lazy\" decoding=\"async\" aria-describedby=\"caption-attachment-39713\" class=\"size-medium wp-image-39713\" title=\"Iglesia de San Felipe de Brihuega\" src=\"https:\/\/i0.wp.com\/vicencianos.org\/wp-content\/2011\/05\/Brihuega-300x224.jpg?resize=300%2C224\" alt=\"Iglesia de San Felipe de Brihuega\" width=\"300\" height=\"224\" \/><\/a><p id=\"caption-attachment-39713\" class=\"wp-caption-text\">Iglesia de San Felipe de Brihuega<\/p><\/div>\n<p>8.- BRIHUEGA (Guadalajara): 31 de mayo-14 de junio. PP. Florentino Villanueva y\u00a0 Teodoro Mart\u00edn. (BPM).<\/p>\n<p style=\"padding-left: 30px\"><em>Junto con una Hija de la C.<\/em><\/p>\n<p>&nbsp;<\/p>\n<p>&nbsp;<\/p>\n<p><strong>9.- LA LAGUNA<\/strong> (Tenerife): 11 Octubre-13 Diciembre. PP. Luis M\u00aa Mnez. San Juan, Jes\u00fas M\u00aa Eg\u00fc\u00e9s, Pedro Sanz\u00a0 y Tom\u00e1s Chocarro. (An. 1992 y BPZ).<\/p>\n<p><strong>10.- ARCIPRESTAZGO DEL SAZ<\/strong> (Cuenca): 22 Octubre-8 diciembre. Altarejos, Fresneda, La Mota de Altarejos, Poveda de la Obispalia, Villar se Olalla,\u00a0 San Lorenzo de la Parrilla, Belmontejo, Villarejo Seco, Valdeganga y Tortola. PP. Javier Artaso, Ander Arregui, Juli\u00e1n Soriano, Pablo Dom\u00ednguez y F\u00e9lix Villafranca. (An. 1993 y BPZ).<\/p>\n<p style=\"padding-left: 30px\"><em>Junto con varias HH. de la C. y seglares<\/em><\/p>\n<p>&nbsp;<\/p>\n<div id=\"attachment_39714\" style=\"width: 310px\" class=\"wp-caption alignright\"><a href=\"https:\/\/i0.wp.com\/vicencianos.org\/wp-content\/2011\/05\/Rabe.jpg\"><img data-recalc-dims=\"1\" loading=\"lazy\" decoding=\"async\" aria-describedby=\"caption-attachment-39714\" class=\"size-medium wp-image-39714\" title=\"Rab\u00e9 de las Calzadas\" src=\"https:\/\/i0.wp.com\/vicencianos.org\/wp-content\/2011\/05\/Rabe-300x225.jpg?resize=300%2C225\" alt=\"Rab\u00e9 de las Calzadas\" width=\"300\" height=\"225\" \/><\/a><p id=\"caption-attachment-39714\" class=\"wp-caption-text\">Rab\u00e9 de las Calzadas<\/p><\/div>\n<p>11.- ZONA DE BURGOS (Burgos): Tardajos, Rab\u00e9 de las Calzadas, Villarmentero, Santiba\u00f1ez Zarzaguda, Mansilla De Burgos, Mi\u00f1on de Santiba\u00f1ez, Rebolledas, Las Quintanillas de Burgos, Santa Mar\u00eda Tajadura, Pedrosa de R\u00edo Urbel, Lodoso, Zumel, La Nuez de Abajo, Hu\u00e9rmeces, Ruyales del P\u00e1ramo, Quintanilla Pedro Abarca, San Pantale\u00f3n del P\u00e1ramo, Villalvilla de Burgos, San Mam\u00e9s de Burgos, Quintanilla de las Carretas, Arroyal de Vivar, Marmellar de Abajo, Marmellar de Arriba, Palacios de Benaver, Ca\u00f1izar de Arga\u00f1o, Villorejo, Isar, Hormaza, Hornillos del Campo, Villaguti\u00e9rrez, Pedrosa del P\u00e1ramo, Manciles, Susinos del P\u00e1ramo, Tobar, Est\u00e9par, Medianilla de la Dehesa, Vilviestre de Mu\u00f1o, Buniel, Celada del Camino, Quintanadue\u00f1as, Villagonzalo, Arenas, Villanueva de Arga\u00f1o y P\u00e1ramo de Arroyo. 29 octubre-15 noviembre. PP. Florentino Villanueva, Jes\u00fas Lusarreta, Miguel S\u00e1nchez Alba, Teodoro Mart\u00edn, Teodoro Barqu\u00edn, Victorino Tobar, Tom\u00e1s Garc\u00eda Cano, Jose M\u00aa Mond\u00e9jar, Te\u00f3filo Ord\u00f3\u00f1ez y Quint\u00edn Pe\u00f1a. (An. 1993 y BPM).<\/p>\n<p style=\"padding-left: 30px\"><em>Junto con varias HH. de la C., seminaristas \u00a0y seglares<\/em><\/p>\n<p>&nbsp;<\/p>\n<p>&nbsp;<\/p>\n<p>&nbsp;<\/p>\n<p><strong>12.- CARI\u00d1O\u00a0 y PEDRA<\/strong> (La Coru\u00f1a): 6-22 noviembre. PP. Antonio Villar, Jose C. Peleteiro y Pedro Pascual. (An. 1993 y BPS).<\/p>\n<p><strong>13.- LA COMA<\/strong> (Valencia): 3-17 de mayo. PP. Jos\u00e9 Mulet, Jos\u00e9 Vicente Natcher y Jes\u00fas Arellano. (An. 1992 y BPB).<\/p>\n<p style=\"padding-left: 30px\"><em>Junto con varias HH. de la C. y j\u00f3venes. Objetivos: conciencia de comunidad y posibilidad de trabajar en la parroquia.<\/em><\/p>\n<p>&nbsp;<\/p>\n<p><strong>14.- PARROQUIA DE NUESTRA SE\u00d1ORA DE LOS DESAMPARADOS <\/strong>(Barrio de Nazaret-Valencia): 22 noviembre-13 diciembre. PP. \u00c1ngel Sol\u00e1, Balduino Mart\u00ednez, Jos\u00e9 Vicente Natzer y Jos\u00e9 Luis L\u00f3pez. (BPB).<\/p>\n<p style=\"padding-left: 30px\"><em>Junto con HH. de la C. y seglares.<\/em><\/p>\n<p style=\"padding-left: 30px\"><em>Objetivo: que la celebraci\u00f3n del 50\u00ba aniversario de la Parroquia sirva para \u00e9sta desarrolle m\u00e1s plenamente su funci\u00f3n de anuncio y servicio del Evangelio.<\/em><\/p>\n<p>&nbsp;<\/p>\n<p><strong>15.- ARCIPRESTAZGO DE LLEMENA<\/strong> (Girona): Sant Esteve, Sant Mart\u00ed, Sant Aniol, Granollers de Rocacorba, Les Encies, La Barroca, Adri, Canet d\u2019Adri, Monacal, Sant Gregori, Cartell\u00e1 y St. Medir. 6-31 diciembre y 18 de marzo-12 abril. PP. Jos\u00e9 Vicente Natzer, Jos\u00e9 Barcel\u00f3, Jos\u00e9 Mulet, Jos\u00e9 M\u00aa Biosca, Miguel Garc\u00eda y \u00c1ngel Sol\u00e1. (BPB).<\/p>\n<p style=\"padding-left: 30px\"><em>Junto con HH. de la C. y Seminaristas<\/em><\/p>\n<p style=\"padding-left: 30px\"><em>Con motivo del Centenario de la Casa de Tardajos<\/em>.<\/p>\n","protected":false},"excerpt":{"rendered":"<p>1992 &nbsp; 1.- ZONA DE GRAN CANARIA: Lomo Apolinario, Carmen Quintana, Azafata Delgado, Lugarejo, Capellan\u00eda, Albiturria, Lomo La Cruz, Casablanca y Los Tarajales. 2-29 Febrero. PP. Luis M\u00aa Mnez, San Juan, Jes\u00fas M\u00aa Egues, Ander &#8230; <a href=\"http:\/\/vincentians.com\/es\/misiones-populares-en-espana-1975-2000-1992\/\" class=\"more-link\">Read More<\/a><\/p>\n","protected":false},"author":4,"featured_media":39438,"comment_status":"open","ping_status":"open","sticky":false,"template":"","format":"standard","meta":{"jetpack_post_was_ever_published":false,"_jetpack_newsletter_access":"","_jetpack_dont_email_post_to_subs":false,"_jetpack_newsletter_tier_id":0,"_jetpack_memberships_contains_paywalled_content":false,"_jetpack_memberships_contains_paid_content":false,"footnotes":"","jetpack_publicize_message":"","jetpack_publicize_feature_enabled":true,"jetpack_social_post_already_shared":true,"jetpack_social_options":{"image_generator_settings":{"template":"highway","default_image_id":0,"font":"","enabled":false},"version":2}},"categories":[201],"tags":[176],"class_list":["post-39672","post","type-post","status-publish","format-standard","has-post-thumbnail","hentry","category-misiones-ad-gentes","tag-misiones-populares"],"yoast_head":"<!-- This site is optimized with the Yoast SEO plugin v26.3 - https:\/\/yoast.com\/wordpress\/plugins\/seo\/ -->\n<title>Misiones populares en Espa\u00f1a, 1975-2000: 1992 - Somos Vicencianos<\/title>\n<meta name=\"robots\" content=\"index, follow, max-snippet:-1, max-image-preview:large, max-video-preview:-1\" \/>\n<link rel=\"canonical\" href=\"https:\/\/vincentians.com\/es\/misiones-populares-en-espana-1975-2000-1992\/\" \/>\n<meta property=\"og:locale\" content=\"es_ES\" \/>\n<meta property=\"og:type\" content=\"article\" \/>\n<meta property=\"og:title\" content=\"Misiones populares en Espa\u00f1a, 1975-2000: 1992 - Somos Vicencianos\" \/>\n<meta property=\"og:description\" content=\"1992 &nbsp; 1.- ZONA DE GRAN CANARIA: Lomo Apolinario, Carmen Quintana, Azafata Delgado, Lugarejo, Capellan\u00eda, Albiturria, Lomo La Cruz, Casablanca y Los Tarajales. 2-29 Febrero. PP. Luis M\u00aa Mnez, San Juan, Jes\u00fas M\u00aa Egues, Ander ... Read More\" \/>\n<meta property=\"og:url\" content=\"https:\/\/vincentians.com\/es\/misiones-populares-en-espana-1975-2000-1992\/\" \/>\n<meta property=\"og:site_name\" content=\"Somos Vicencianos\" \/>\n<meta property=\"article:publisher\" content=\"https:\/\/www.facebook.com\/WeAreVincentians\/\" \/>\n<meta property=\"article:author\" content=\"https:\/\/www.facebook.com\/JavierChento\" \/>\n<meta property=\"article:published_time\" content=\"2014-11-22T07:29:46+00:00\" \/>\n<meta name=\"author\" content=\"Francisco Javier Fern\u00e1ndez Chento\" \/>\n<meta name=\"twitter:card\" content=\"summary_large_image\" \/>\n<meta name=\"twitter:creator\" content=\"@https:\/\/twitter.com\/javierchento\" \/>\n<meta name=\"twitter:site\" content=\"@WeVincentians\" \/>\n<meta name=\"twitter:label1\" content=\"Escrito por\" \/>\n\t<meta name=\"twitter:data1\" content=\"Francisco Javier Fern\u00e1ndez Chento\" \/>\n\t<meta name=\"twitter:label2\" content=\"Tiempo de lectura\" \/>\n\t<meta name=\"twitter:data2\" content=\"5 minutos\" \/>\n<script type=\"application\/ld+json\" class=\"yoast-schema-graph\">{\"@context\":\"https:\/\/schema.org\",\"@graph\":[{\"@type\":\"Article\",\"@id\":\"https:\/\/vincentians.com\/es\/misiones-populares-en-espana-1975-2000-1992\/#article\",\"isPartOf\":{\"@id\":\"https:\/\/vincentians.com\/es\/misiones-populares-en-espana-1975-2000-1992\/\"},\"author\":{\"name\":\"Francisco Javier Fern\u00e1ndez Chento\",\"@id\":\"https:\/\/vincentians.com\/es\/#\/schema\/person\/9623ef4d9aa3b2dfb8c061f1499288f2\"},\"headline\":\"Misiones populares en Espa\u00f1a, 1975-2000: 1992\",\"datePublished\":\"2014-11-22T07:29:46+00:00\",\"mainEntityOfPage\":{\"@id\":\"https:\/\/vincentians.com\/es\/misiones-populares-en-espana-1975-2000-1992\/\"},\"wordCount\":946,\"commentCount\":0,\"publisher\":{\"@id\":\"https:\/\/vincentians.com\/es\/#organization\"},\"image\":{\"@id\":\"https:\/\/vincentians.com\/es\/misiones-populares-en-espana-1975-2000-1992\/#primaryimage\"},\"thumbnailUrl\":\"\",\"keywords\":[\"Misiones Populares\"],\"articleSection\":[\"Misiones \u00abAd gentes\u00bb\"],\"inLanguage\":\"es\",\"potentialAction\":[{\"@type\":\"CommentAction\",\"name\":\"Comment\",\"target\":[\"https:\/\/vincentians.com\/es\/misiones-populares-en-espana-1975-2000-1992\/#respond\"]}]},{\"@type\":\"WebPage\",\"@id\":\"https:\/\/vincentians.com\/es\/misiones-populares-en-espana-1975-2000-1992\/\",\"url\":\"https:\/\/vincentians.com\/es\/misiones-populares-en-espana-1975-2000-1992\/\",\"name\":\"Misiones populares en Espa\u00f1a, 1975-2000: 1992 - Somos Vicencianos\",\"isPartOf\":{\"@id\":\"https:\/\/vincentians.com\/es\/#website\"},\"primaryImageOfPage\":{\"@id\":\"https:\/\/vincentians.com\/es\/misiones-populares-en-espana-1975-2000-1992\/#primaryimage\"},\"image\":{\"@id\":\"https:\/\/vincentians.com\/es\/misiones-populares-en-espana-1975-2000-1992\/#primaryimage\"},\"thumbnailUrl\":\"\",\"datePublished\":\"2014-11-22T07:29:46+00:00\",\"breadcrumb\":{\"@id\":\"https:\/\/vincentians.com\/es\/misiones-populares-en-espana-1975-2000-1992\/#breadcrumb\"},\"inLanguage\":\"es\",\"potentialAction\":[{\"@type\":\"ReadAction\",\"target\":[\"https:\/\/vincentians.com\/es\/misiones-populares-en-espana-1975-2000-1992\/\"]}]},{\"@type\":\"ImageObject\",\"inLanguage\":\"es\",\"@id\":\"https:\/\/vincentians.com\/es\/misiones-populares-en-espana-1975-2000-1992\/#primaryimage\",\"url\":\"\",\"contentUrl\":\"\"},{\"@type\":\"BreadcrumbList\",\"@id\":\"https:\/\/vincentians.com\/es\/misiones-populares-en-espana-1975-2000-1992\/#breadcrumb\",\"itemListElement\":[{\"@type\":\"ListItem\",\"position\":1,\"name\":\"Portada\",\"item\":\"https:\/\/vincentians.com\/es\/\"},{\"@type\":\"ListItem\",\"position\":2,\"name\":\"Misiones populares en Espa\u00f1a, 1975-2000: 1992\"}]},{\"@type\":\"WebSite\",\"@id\":\"https:\/\/vincentians.com\/es\/#website\",\"url\":\"https:\/\/vincentians.com\/es\/\",\"name\":\"Somos Vicencianos\",\"description\":\"Know more to serve more\",\"publisher\":{\"@id\":\"https:\/\/vincentians.com\/es\/#organization\"},\"potentialAction\":[{\"@type\":\"SearchAction\",\"target\":{\"@type\":\"EntryPoint\",\"urlTemplate\":\"https:\/\/vincentians.com\/es\/?s={search_term_string}\"},\"query-input\":{\"@type\":\"PropertyValueSpecification\",\"valueRequired\":true,\"valueName\":\"search_term_string\"}}],\"inLanguage\":\"es\"},{\"@type\":\"Organization\",\"@id\":\"https:\/\/vincentians.com\/es\/#organization\",\"name\":\"The Vincentian Network\",\"url\":\"https:\/\/vincentians.com\/es\/\",\"logo\":{\"@type\":\"ImageObject\",\"inLanguage\":\"es\",\"@id\":\"https:\/\/vincentians.com\/es\/#\/schema\/logo\/image\/\",\"url\":\"https:\/\/i1.wp.com\/vincentians.com\/es\/wp-content\/uploads\/sites\/11\/2016\/06\/Vincentian-Network-logo-big.png?fit=778%2C778\",\"contentUrl\":\"https:\/\/i1.wp.com\/vincentians.com\/es\/wp-content\/uploads\/sites\/11\/2016\/06\/Vincentian-Network-logo-big.png?fit=778%2C778\",\"width\":778,\"height\":778,\"caption\":\"The Vincentian Network\"},\"image\":{\"@id\":\"https:\/\/vincentians.com\/es\/#\/schema\/logo\/image\/\"},\"sameAs\":[\"https:\/\/www.facebook.com\/WeAreVincentians\/\",\"https:\/\/x.com\/WeVincentians\"]},{\"@type\":\"Person\",\"@id\":\"https:\/\/vincentians.com\/es\/#\/schema\/person\/9623ef4d9aa3b2dfb8c061f1499288f2\",\"name\":\"Francisco Javier Fern\u00e1ndez Chento\",\"image\":{\"@type\":\"ImageObject\",\"inLanguage\":\"es\",\"@id\":\"https:\/\/vincentians.com\/es\/#\/schema\/person\/image\/\",\"url\":\"https:\/\/secure.gravatar.com\/avatar\/497d5cde87b4c3d097d0315953521681ba2cd523ee66e5077c3711f7021e65de?s=96&d=mm&r=g\",\"contentUrl\":\"https:\/\/secure.gravatar.com\/avatar\/497d5cde87b4c3d097d0315953521681ba2cd523ee66e5077c3711f7021e65de?s=96&d=mm&r=g\",\"caption\":\"Francisco Javier Fern\u00e1ndez Chento\"},\"description\":\"Director General y cofundador de La Red de Formaci\u00f3n Vicenciana. Javier es laico vicenciano, afiliado a la Congregaci\u00f3n de la Misi\u00f3n y miembro del Equipo de Misiones Populares de la provincia can\u00f3nica de Zaragoza (Espa\u00f1a) de la Congregaci\u00f3n de la Misi\u00f3n. Graduado en la Universidad Oberta de Catalunya con cuatro grados (Asistente de direcci\u00f3n, Gesti\u00f3n Administrativa, Recursos Humanos y Contabilidad Avanzada). Bil\u00edng\u00fce Espa\u00f1ol\/Ingl\u00e9s. gestiona y mantiene varias p\u00e1ginas web cristianas y vicencianas, incluida including La Red de Formaci\u00f3n Vicenciana, de la que es cofundador. Actualmente es responsable del \u00e1rea de Espa\u00f1ol de .famvin, la Red de Noticias de la Familia Vicenciana. Tambi\u00e9n es m\u00fasico cat\u00f3lico y ha editado varios discos. Es Director General y cofundador de Trovador, una reconocida compa\u00f1\u00eda discogr\u00e1fica critiana de Espa\u00f1a. Trabaja en las Tecnolog\u00edas de la Informaci\u00f3n, ofreciendo servicios de alojamiento, dise\u00f1o y mantenimiento Web, as\u00ed como asesoramiento, formaci\u00f3n y soluciones inform\u00e1ticas, gesti\u00f3n documental y digitalizaci\u00f3n de textos, edici\u00f3n y maquetaci\u00f3n de libros, revistas, flyers, etc.\",\"sameAs\":[\"http:\/\/chento.org\",\"https:\/\/www.facebook.com\/JavierChento\",\"https:\/\/x.com\/https:\/\/twitter.com\/javierchento\"],\"url\":\"http:\/\/vincentians.com\/es\/author\/chento\/\"}]}<\/script>\n<!-- \/ Yoast SEO plugin. -->","yoast_head_json":{"title":"Misiones populares en Espa\u00f1a, 1975-2000: 1992 - Somos Vicencianos","robots":{"index":"index","follow":"follow","max-snippet":"max-snippet:-1","max-image-preview":"max-image-preview:large","max-video-preview":"max-video-preview:-1"},"canonical":"https:\/\/vincentians.com\/es\/misiones-populares-en-espana-1975-2000-1992\/","og_locale":"es_ES","og_type":"article","og_title":"Misiones populares en Espa\u00f1a, 1975-2000: 1992 - Somos Vicencianos","og_description":"1992 &nbsp; 1.- ZONA DE GRAN CANARIA: Lomo Apolinario, Carmen Quintana, Azafata Delgado, Lugarejo, Capellan\u00eda, Albiturria, Lomo La Cruz, Casablanca y Los Tarajales. 2-29 Febrero. PP. Luis M\u00aa Mnez, San Juan, Jes\u00fas M\u00aa Egues, Ander ... Read More","og_url":"https:\/\/vincentians.com\/es\/misiones-populares-en-espana-1975-2000-1992\/","og_site_name":"Somos Vicencianos","article_publisher":"https:\/\/www.facebook.com\/WeAreVincentians\/","article_author":"https:\/\/www.facebook.com\/JavierChento","article_published_time":"2014-11-22T07:29:46+00:00","author":"Francisco Javier Fern\u00e1ndez Chento","twitter_card":"summary_large_image","twitter_creator":"@https:\/\/twitter.com\/javierchento","twitter_site":"@WeVincentians","twitter_misc":{"Escrito por":"Francisco Javier Fern\u00e1ndez Chento","Tiempo de lectura":"5 minutos"},"schema":{"@context":"https:\/\/schema.org","@graph":[{"@type":"Article","@id":"https:\/\/vincentians.com\/es\/misiones-populares-en-espana-1975-2000-1992\/#article","isPartOf":{"@id":"https:\/\/vincentians.com\/es\/misiones-populares-en-espana-1975-2000-1992\/"},"author":{"name":"Francisco Javier Fern\u00e1ndez Chento","@id":"https:\/\/vincentians.com\/es\/#\/schema\/person\/9623ef4d9aa3b2dfb8c061f1499288f2"},"headline":"Misiones populares en Espa\u00f1a, 1975-2000: 1992","datePublished":"2014-11-22T07:29:46+00:00","mainEntityOfPage":{"@id":"https:\/\/vincentians.com\/es\/misiones-populares-en-espana-1975-2000-1992\/"},"wordCount":946,"commentCount":0,"publisher":{"@id":"https:\/\/vincentians.com\/es\/#organization"},"image":{"@id":"https:\/\/vincentians.com\/es\/misiones-populares-en-espana-1975-2000-1992\/#primaryimage"},"thumbnailUrl":"","keywords":["Misiones Populares"],"articleSection":["Misiones \u00abAd gentes\u00bb"],"inLanguage":"es","potentialAction":[{"@type":"CommentAction","name":"Comment","target":["https:\/\/vincentians.com\/es\/misiones-populares-en-espana-1975-2000-1992\/#respond"]}]},{"@type":"WebPage","@id":"https:\/\/vincentians.com\/es\/misiones-populares-en-espana-1975-2000-1992\/","url":"https:\/\/vincentians.com\/es\/misiones-populares-en-espana-1975-2000-1992\/","name":"Misiones populares en Espa\u00f1a, 1975-2000: 1992 - Somos Vicencianos","isPartOf":{"@id":"https:\/\/vincentians.com\/es\/#website"},"primaryImageOfPage":{"@id":"https:\/\/vincentians.com\/es\/misiones-populares-en-espana-1975-2000-1992\/#primaryimage"},"image":{"@id":"https:\/\/vincentians.com\/es\/misiones-populares-en-espana-1975-2000-1992\/#primaryimage"},"thumbnailUrl":"","datePublished":"2014-11-22T07:29:46+00:00","breadcrumb":{"@id":"https:\/\/vincentians.com\/es\/misiones-populares-en-espana-1975-2000-1992\/#breadcrumb"},"inLanguage":"es","potentialAction":[{"@type":"ReadAction","target":["https:\/\/vincentians.com\/es\/misiones-populares-en-espana-1975-2000-1992\/"]}]},{"@type":"ImageObject","inLanguage":"es","@id":"https:\/\/vincentians.com\/es\/misiones-populares-en-espana-1975-2000-1992\/#primaryimage","url":"","contentUrl":""},{"@type":"BreadcrumbList","@id":"https:\/\/vincentians.com\/es\/misiones-populares-en-espana-1975-2000-1992\/#breadcrumb","itemListElement":[{"@type":"ListItem","position":1,"name":"Portada","item":"https:\/\/vincentians.com\/es\/"},{"@type":"ListItem","position":2,"name":"Misiones populares en Espa\u00f1a, 1975-2000: 1992"}]},{"@type":"WebSite","@id":"https:\/\/vincentians.com\/es\/#website","url":"https:\/\/vincentians.com\/es\/","name":"Somos Vicencianos","description":"Know more to serve more","publisher":{"@id":"https:\/\/vincentians.com\/es\/#organization"},"potentialAction":[{"@type":"SearchAction","target":{"@type":"EntryPoint","urlTemplate":"https:\/\/vincentians.com\/es\/?s={search_term_string}"},"query-input":{"@type":"PropertyValueSpecification","valueRequired":true,"valueName":"search_term_string"}}],"inLanguage":"es"},{"@type":"Organization","@id":"https:\/\/vincentians.com\/es\/#organization","name":"The Vincentian Network","url":"https:\/\/vincentians.com\/es\/","logo":{"@type":"ImageObject","inLanguage":"es","@id":"https:\/\/vincentians.com\/es\/#\/schema\/logo\/image\/","url":"https:\/\/i1.wp.com\/vincentians.com\/es\/wp-content\/uploads\/sites\/11\/2016\/06\/Vincentian-Network-logo-big.png?fit=778%2C778","contentUrl":"https:\/\/i1.wp.com\/vincentians.com\/es\/wp-content\/uploads\/sites\/11\/2016\/06\/Vincentian-Network-logo-big.png?fit=778%2C778","width":778,"height":778,"caption":"The Vincentian Network"},"image":{"@id":"https:\/\/vincentians.com\/es\/#\/schema\/logo\/image\/"},"sameAs":["https:\/\/www.facebook.com\/WeAreVincentians\/","https:\/\/x.com\/WeVincentians"]},{"@type":"Person","@id":"https:\/\/vincentians.com\/es\/#\/schema\/person\/9623ef4d9aa3b2dfb8c061f1499288f2","name":"Francisco Javier Fern\u00e1ndez Chento","image":{"@type":"ImageObject","inLanguage":"es","@id":"https:\/\/vincentians.com\/es\/#\/schema\/person\/image\/","url":"https:\/\/secure.gravatar.com\/avatar\/497d5cde87b4c3d097d0315953521681ba2cd523ee66e5077c3711f7021e65de?s=96&d=mm&r=g","contentUrl":"https:\/\/secure.gravatar.com\/avatar\/497d5cde87b4c3d097d0315953521681ba2cd523ee66e5077c3711f7021e65de?s=96&d=mm&r=g","caption":"Francisco Javier Fern\u00e1ndez Chento"},"description":"Director General y cofundador de La Red de Formaci\u00f3n Vicenciana. Javier es laico vicenciano, afiliado a la Congregaci\u00f3n de la Misi\u00f3n y miembro del Equipo de Misiones Populares de la provincia can\u00f3nica de Zaragoza (Espa\u00f1a) de la Congregaci\u00f3n de la Misi\u00f3n. Graduado en la Universidad Oberta de Catalunya con cuatro grados (Asistente de direcci\u00f3n, Gesti\u00f3n Administrativa, Recursos Humanos y Contabilidad Avanzada). Bil\u00edng\u00fce Espa\u00f1ol\/Ingl\u00e9s. gestiona y mantiene varias p\u00e1ginas web cristianas y vicencianas, incluida including La Red de Formaci\u00f3n Vicenciana, de la que es cofundador. Actualmente es responsable del \u00e1rea de Espa\u00f1ol de .famvin, la Red de Noticias de la Familia Vicenciana. Tambi\u00e9n es m\u00fasico cat\u00f3lico y ha editado varios discos. Es Director General y cofundador de Trovador, una reconocida compa\u00f1\u00eda discogr\u00e1fica critiana de Espa\u00f1a. Trabaja en las Tecnolog\u00edas de la Informaci\u00f3n, ofreciendo servicios de alojamiento, dise\u00f1o y mantenimiento Web, as\u00ed como asesoramiento, formaci\u00f3n y soluciones inform\u00e1ticas, gesti\u00f3n documental y digitalizaci\u00f3n de textos, edici\u00f3n y maquetaci\u00f3n de libros, revistas, flyers, etc.","sameAs":["http:\/\/chento.org","https:\/\/www.facebook.com\/JavierChento","https:\/\/x.com\/https:\/\/twitter.com\/javierchento"],"url":"http:\/\/vincentians.com\/es\/author\/chento\/"}]}},"jetpack_publicize_connections":[],"jetpack_featured_media_url":"","jetpack_sharing_enabled":true,"jetpack_shortlink":"https:\/\/wp.me\/p7ETMF-ajS","jetpack-related-posts":[{"id":39671,"url":"http:\/\/vincentians.com\/es\/misiones-populares-en-espana-1975-2000-1991\/","url_meta":{"origin":39672,"position":0},"title":"Misiones populares en Espa\u00f1a, 1975-2000: 1991","author":"Francisco Javier Fern\u00e1ndez Chento","date":"13\/11\/2014","format":false,"excerpt":"1991 1.- TRES PARROQUIAS (Huelva): 10-26 enero. PP. Julio Herrero, Jes\u00fas Rdez. Rico, Te\u00f3filo Ordo\u00f1ez, Eutiquio Garc\u00eda, Jos\u00e9 Gonzalo, Manuel Freire, Fabriciano Prado, Andr\u00e9s Pato, Rafael Carracedo, Jos\u00e9 Capitas, Pedro Pascual, Juan Velasco, \u00c1ngel Oyanguren, \u00c1ngel Aoiz y Baltasar Indurain. (An. 1991, BPZ,\u00a0 BPM y BPS). Junto con varias HH.\u2026","rel":"","context":"En \u00abMisiones \u00abAd gentes\u00bb\u00bb","block_context":{"text":"Misiones \u00abAd gentes\u00bb","link":"http:\/\/vincentians.com\/es\/category\/servicios-y-ministerios\/misiones-ad-gentes\/"},"img":{"alt_text":"Horche","src":"https:\/\/i0.wp.com\/vicencianos.org\/wp-content\/2011\/05\/Horche-300x204.jpg?resize=350%2C200","width":350,"height":200},"classes":[]},{"id":39670,"url":"http:\/\/vincentians.com\/es\/misiones-populares-en-espana-1975-2000-1990\/","url_meta":{"origin":39672,"position":1},"title":"Misiones populares en Espa\u00f1a, 1975-2000: 1990","author":"Francisco Javier Fern\u00e1ndez Chento","date":"10\/11\/2014","format":false,"excerpt":"1990 \u00a0 1.- ZONA DEL CONDADO (Huelva): 11-28 enero. Moguer, Bonares, Niebla, Rociana, San Juan Del Puerto, Lucena. PP. Manuel Canal, Juan Velasco, \u00c1ngel Oyanguren, Baltasar Indurain, Manuel Freire, Andr\u00e9s Pato, Pedro Pascual, Jos\u00e9 Capitas, Florentino Villanueva, Miguel Sanchez, Angel Sol\u00e1, Eutiquio Garc\u00eda, Javier Alvarez, Antonino Orcajo y Jos\u00e9 M\u00aa.\u2026","rel":"","context":"En \u00abMisiones \u00abAd gentes\u00bb\u00bb","block_context":{"text":"Misiones \u00abAd gentes\u00bb","link":"http:\/\/vincentians.com\/es\/category\/servicios-y-ministerios\/misiones-ad-gentes\/"},"img":{"alt_text":"Colegiata de Daroca","src":"https:\/\/i0.wp.com\/vicencianos.org\/wp-content\/2011\/05\/daroca-300x194.jpg?resize=350%2C200","width":350,"height":200},"classes":[]},{"id":131429,"url":"http:\/\/vincentians.com\/es\/blazquez-avis-miguel\/","url_meta":{"origin":39672,"position":2},"title":"BLAZQUEZ AVIS, MIGUEL","author":"Mitxel Olabu\u00e9naga","date":"07\/10\/2014","format":false,"excerpt":"Nacimiento: 8.1.1937 en Talavera de la Reina, Toledo \/ Fecha de vocaci\u00f3n: 26.9.1953 en Limpias (\"Este curso 1953-54 fue sin duda el a\u00f1o de mayor poblaci\u00f3n en el Noviciado de toda la historia de la Provincia de Madrid y seguramente de toda la Congregaci\u00f3n. Eramos 219 novicios en dos cursos.\u2026","rel":"","context":"En \u00abBiograf\u00edas de Misioneros Pa\u00fales\u00bb","block_context":{"text":"Biograf\u00edas de Misioneros Pa\u00fales","link":"http:\/\/vincentians.com\/es\/category\/la-familia-vicenciana\/biografias-vicencianas\/biografias-de-misioneros-paules\/"},"img":{"alt_text":"","src":"https:\/\/i0.wp.com\/vincentians.com\/es\/wp-content\/uploads\/sites\/11\/2016\/07\/bio-cm.jpg?fit=1200%2C630&resize=350%2C200","width":350,"height":200,"srcset":"https:\/\/i0.wp.com\/vincentians.com\/es\/wp-content\/uploads\/sites\/11\/2016\/07\/bio-cm.jpg?fit=1200%2C630&resize=350%2C200 1x, https:\/\/i0.wp.com\/vincentians.com\/es\/wp-content\/uploads\/sites\/11\/2016\/07\/bio-cm.jpg?fit=1200%2C630&resize=525%2C300 1.5x, https:\/\/i0.wp.com\/vincentians.com\/es\/wp-content\/uploads\/sites\/11\/2016\/07\/bio-cm.jpg?fit=1200%2C630&resize=700%2C400 2x, https:\/\/i0.wp.com\/vincentians.com\/es\/wp-content\/uploads\/sites\/11\/2016\/07\/bio-cm.jpg?fit=1200%2C630&resize=1050%2C600 3x"},"classes":[]},{"id":11786,"url":"http:\/\/vincentians.com\/es\/misiones-populares-de-la-c-m-en-espana-1704-1975-parte-3\/","url_meta":{"origin":39672,"position":3},"title":"Misiones populares de la C.M. en Espa\u00f1a (1704-1975). Parte 3","author":"Mitxel Olabu\u00e9naga","date":"05\/07\/2011","format":false,"excerpt":"Bibliograf\u00eda 1. Relativa a la C.M., HH. de la C., y Asociaciones Laicales Vicencianas ABAITUA, M.: \"Fundaciones de Ayer. 1774-1974. El pasado de la Provincia de Zaragoza\". En Anales Madrid (1975), pp. 747-765; (1990), pp. 68-73. ABELLY, L.: La vie du v\u00e9n\u00e9rable serviteur de Dieu Vincent de Paul, instituteur et\u2026","rel":"","context":"En \u00abHistoria de la Congregaci\u00f3n de la Misi\u00f3n en Espa\u00f1a\u00bb","block_context":{"text":"Historia de la Congregaci\u00f3n de la Misi\u00f3n en Espa\u00f1a","link":"http:\/\/vincentians.com\/es\/category\/historia-de-la-familia-vicenciana\/historia-de-la-congregacion-de-la-mision-en-espana\/"},"img":{"alt_text":"","src":"https:\/\/i0.wp.com\/vicencianos.org\/wp-content\/2011\/07\/ESCUDOCM-237x300.jpg?resize=350%2C200","width":350,"height":200},"classes":[]},{"id":39656,"url":"http:\/\/vincentians.com\/es\/misiones-populares-en-espana-1975-2000-1977\/","url_meta":{"origin":39672,"position":4},"title":"Misiones populares en Espa\u00f1a, 1975-2000: 1977","author":"Francisco Javier Fern\u00e1ndez Chento","date":"28\/09\/2014","format":false,"excerpt":"1977 1.- SAN MART\u00cdN DEL TESORILLO (C\u00e1diz) y EL SECADERO (M\u00e1laga): 4-13 febrero. PP. Antonio Fern\u00e1ndez Maside, Miguel P\u00e9rez Flores y Alberto L\u00f3pez S\u00e1nchez. Junto con dos HH. de la C. Amplio estudio de Antonio Fern\u00e1ndez Maside sobre las Misiones Populares Hoy. 2.- MALPARTIDA DE C\u00c1CERES (C\u00e1ceres): 23-30 Febrero. PP.\u2026","rel":"","context":"En \u00abMisiones \u00abAd gentes\u00bb\u00bb","block_context":{"text":"Misiones \u00abAd gentes\u00bb","link":"http:\/\/vincentians.com\/es\/category\/servicios-y-ministerios\/misiones-ad-gentes\/"},"img":{"alt_text":"","src":"","width":0,"height":0},"classes":[]},{"id":39675,"url":"http:\/\/vincentians.com\/es\/misiones-populares-en-espana-1975-2000-1995\/","url_meta":{"origin":39672,"position":5},"title":"Misiones populares en Espa\u00f1a, 1975-2000: 1995","author":"Francisco Javier Fern\u00e1ndez Chento","date":"02\/12\/2014","format":false,"excerpt":"1995 1.- PARROQUIA. DE SANTA ANA (Cuenca): 15 Enero-12 Febrero. PP. Pablo Dom\u00ednguez, Juli\u00e1n Soriano, Marino Marco, Jes\u00fas M\u00aa Egues y Luis M\u00aa Mnez. San Juan. (An. 1996) Junto con varias HH. de la C. y seglares 2.- ARCIPRESTAZGO DE GRAUS (Huesca): Graus, Capella, Puebla de Castro, Puebla de Fantova,\u2026","rel":"","context":"En \u00abMisiones \u00abAd gentes\u00bb\u00bb","block_context":{"text":"Misiones \u00abAd gentes\u00bb","link":"http:\/\/vincentians.com\/es\/category\/servicios-y-ministerios\/misiones-ad-gentes\/"},"img":{"alt_text":"","src":"","width":0,"height":0},"classes":[]}],"_links":{"self":[{"href":"http:\/\/vincentians.com\/es\/wp-json\/wp\/v2\/posts\/39672","targetHints":{"allow":["GET"]}}],"collection":[{"href":"http:\/\/vincentians.com\/es\/wp-json\/wp\/v2\/posts"}],"about":[{"href":"http:\/\/vincentians.com\/es\/wp-json\/wp\/v2\/types\/post"}],"author":[{"embeddable":true,"href":"http:\/\/vincentians.com\/es\/wp-json\/wp\/v2\/users\/4"}],"replies":[{"embeddable":true,"href":"http:\/\/vincentians.com\/es\/wp-json\/wp\/v2\/comments?post=39672"}],"version-history":[{"count":0,"href":"http:\/\/vincentians.com\/es\/wp-json\/wp\/v2\/posts\/39672\/revisions"}],"wp:featuredmedia":[{"embeddable":true,"href":"http:\/\/vincentians.com\/es\/wp-json\/"}],"wp:attachment":[{"href":"http:\/\/vincentians.com\/es\/wp-json\/wp\/v2\/media?parent=39672"}],"wp:term":[{"taxonomy":"category","embeddable":true,"href":"http:\/\/vincentians.com\/es\/wp-json\/wp\/v2\/categories?post=39672"},{"taxonomy":"post_tag","embeddable":true,"href":"http:\/\/vincentians.com\/es\/wp-json\/wp\/v2\/tags?post=39672"}],"curies":[{"name":"wp","href":"https:\/\/api.w.org\/{rel}","templated":true}]}}