{"id":39665,"date":"2014-10-18T08:29:46","date_gmt":"2014-10-18T06:29:46","guid":{"rendered":"http:\/\/somos.vicencianos.org\/blog\/2011\/05\/misiones-populares-en-espana-1975-2000-1985\/"},"modified":"2014-10-18T08:29:46","modified_gmt":"2014-10-18T06:29:46","slug":"misiones-populares-en-espana-1975-2000-1985","status":"publish","type":"post","link":"http:\/\/vincentians.com\/es\/misiones-populares-en-espana-1975-2000-1985\/","title":{"rendered":"Misiones populares en Espa\u00f1a, 1975-2000: 1985"},"content":{"rendered":"<h2><strong>1985<\/strong><\/h2>\n<p><strong>1.- EL HOYO y B\u00c9LMEZ<\/strong> (C\u00f3rdoba): 20 enero-3 febrero. PP. Juli\u00e1n Tobar, Amador S\u00e1ez, Jes\u00fas Lusarreta y Jos\u00e9 Luis Jim\u00e9nez. (An. 1985 y BPM).<\/p>\n<p><strong>2.- ALFARRAS-ANDANI<\/strong> (L\u00e9rida): 23 febrero-10 marzo: PP. Joan Amengual, Jos\u00e9 M\u00aa Biosca y Miguel Garc\u00eda. (An. 1985 y BPB).<\/p>\n<p style=\"padding-left: 30px\"><em>Junto a varias HH. de la C.<\/em><\/p>\n<p><strong>3.- ZONA DE LA LIMIA<\/strong> (Orense): 24 febrero-17 marzo: Sabucedo, Porqueira, Forxia, San Lorenzo, Vilar de Santos, Sandianes, Ordes, Congosto, Reiriz de Veiga, Zapeaus, Damil, Parada, Santa Mar\u00eda de Laro\u00e1, San Pedro de Laro\u00e1, Mosteiro, Guntimil, Gudes, Xinzo de Limia. PP. Manuel Freire, Urbano Rodr\u00edguez, Ram\u00f3n Novoa, Andr\u00e9s Pato, Jos\u00e9 Alonso, Marcial G\u00f3mez, Pedro Pascual, Fabriciano Prado, \u00c1ngel Aller. (An. 1985 y BPS).<\/p>\n<p style=\"padding-left: 30px\"><em>Junto con varias HH. de la C.<\/em><\/p>\n<p>&nbsp;<\/p>\n<p><strong>4.- ZONA DEL TIETAR<\/strong> (Avila): 3-17 marzo. Sotillo de la Adrada, Piedralaves, Pedro Bernardo, Casa Vieja, Gavilanes, Mijares, Lanzahita, La Adrada, Fresnedilla, Higueras de Due\u00f1as, Santa Mar\u00eda del Tietar. PP. Florentino Villanueva, Jos\u00e9 Gonzalo, Jes\u00fas Lusarreta, Amador Sa\u00e9z, F\u00e9lix Villafranca, Juli\u00e1n Soriano, C\u00e1stor Casamayor (Hno) , Miguel \u00c1ngel Renes, Jos\u00e9 Luis Nieto, Miguel Rom\u00f3n Vita, Francisco Gisbert, Veremundo Pardo, Jes\u00fas Rico, \u00c1ngel Sola, Antonio Molina, Federico Garc\u00eda y Enrique Velayos. Varias HHCC. (An. 1985, BPM y BPB).<\/p>\n<p style=\"padding-left: 30px\"><em>Junto con varias HH. de la C.<\/em><\/p>\n<p>&nbsp;<\/p>\n<p><a href=\"https:\/\/i0.wp.com\/vicencianos.org\/wp-content\/2011\/05\/Olite.jpg\"><img data-recalc-dims=\"1\" loading=\"lazy\" decoding=\"async\" class=\"size-medium wp-image-39697\" title=\"Castillo de Olite\" src=\"https:\/\/i0.wp.com\/vicencianos.org\/wp-content\/2011\/05\/Olite-300x240.jpg?resize=300%2C240\" alt=\"Castillo de Olite\" width=\"300\" height=\"240\" \/><\/a><\/p>\n<p><strong>5.- OLITE<\/strong> (Navarra): 10-31 marzo. PP. Javier y Luis Mnez. Sanju\u00e1n, Pedro Sanz y Juli\u00e1n D\u00edaz Catalan. (An. 1985).<\/p>\n<p style=\"padding-left: 30px\"><em>Junto con tres HH. de la C.<\/em><\/p>\n<p>&nbsp;<\/p>\n<p>&nbsp;<\/p>\n<p><strong>6.- BELMONTEJO<\/strong> (Cuenca): 20-31 marzo. PP. Jes\u00fas Lusarreta y Francisco \u00a0Gisbert. (An. 1985).<\/p>\n<p style=\"padding-left: 30px\"><em>Junto con dos HH. de la C.<\/em><\/p>\n<p>&nbsp;<\/p>\n<p><strong>7.- JABALOYAS<\/strong> (Teruel): 4-11 abril. P. F\u00e9lix Villafranca. (An. 1985).<\/p>\n<p style=\"padding-left: 30px\"><em>Junto con varias HH. de la C. y j\u00f3venes de El Olivar<\/em>.<\/p>\n<p><strong>8.- ZONA DE GRANADA<\/strong>: 14-28 abril. Algarinejo, Zagra, La Vi\u00f1a, Ventorros de San Jos\u00e9 y Fuentes de Cesna. PP. Jes\u00fas Lusarreta, Pedro Pascual, Eutiquio Garc\u00eda, Jes\u00fas Rdrez. Rico, Celestino Fern\u00e1ndez, Amador Saez y Angel Sol\u00e1. (An. 1985 y BPB).<\/p>\n<p style=\"padding-left: 30px\"><em>Junto con varias HH. de la C.<\/em><\/p>\n<p><strong>9.- ZONA DE LA SERRAN\u00cdA DE ALBARRAC\u00cdN<\/strong> (Teruel): 13-27 octubre. Albarrac\u00edn, Orihuela del Tremedal, Guadalaviar, Griegos, Villar del Cobo, Noguera, Torres, Royuela, Toril, El Villarejo, Arroyofrio, El Vallecillo, Gea, Tramacastilla, Bronchales, Frias de Albarracin, Calomarde, &#8230; PP. Luis Mnez. Sanju\u00e1n, Pablo Dom\u00ednguez, Rafael Sainz, Generoso Guembe, Pedro Sanz, Juan Jos\u00e9 Murillo, F\u00e9lix Villafranca, Juli\u00e1n D\u00edaz Catal\u00e1n, Jes\u00fas M\u00aa Egues, \u00c1ngel Aoiz y Gregorio Ado. (An. 1985).<\/p>\n<p style=\"padding-left: 30px\"><em>Junto con varias HH. de la C. y dos seglares. <\/em><\/p>\n<p style=\"padding-left: 30px\"><em>Se destaca: la misi\u00f3n en equipo, integraci\u00f3n de la pastoral ordinaria y extraordinaria, imprescindible tres semanas (de acuerdo con el plan de misiones de Zaragoza).<\/em><\/p>\n<p><strong>10.- BURGUILLOS y COBISA<\/strong> (Toledo): 8-21 diciembre.\u00a0 PP. Javier Del Olmo y Miguel \u00c1ngel Renes. (An. 1986).<\/p>\n","protected":false},"excerpt":{"rendered":"<p>1985 1.- EL HOYO y B\u00c9LMEZ (C\u00f3rdoba): 20 enero-3 febrero. PP. Juli\u00e1n Tobar, Amador S\u00e1ez, Jes\u00fas Lusarreta y Jos\u00e9 Luis Jim\u00e9nez. (An. 1985 y BPM). 2.- ALFARRAS-ANDANI (L\u00e9rida): 23 febrero-10 marzo: PP. Joan Amengual, Jos\u00e9 &#8230; <a href=\"http:\/\/vincentians.com\/es\/misiones-populares-en-espana-1975-2000-1985\/\" class=\"more-link\">Read More<\/a><\/p>\n","protected":false},"author":4,"featured_media":39438,"comment_status":"open","ping_status":"open","sticky":false,"template":"","format":"standard","meta":{"jetpack_post_was_ever_published":false,"_jetpack_newsletter_access":"","_jetpack_dont_email_post_to_subs":false,"_jetpack_newsletter_tier_id":0,"_jetpack_memberships_contains_paywalled_content":false,"_jetpack_memberships_contains_paid_content":false,"footnotes":"","jetpack_publicize_message":"","jetpack_publicize_feature_enabled":true,"jetpack_social_post_already_shared":true,"jetpack_social_options":{"image_generator_settings":{"template":"highway","default_image_id":0,"font":"","enabled":false},"version":2}},"categories":[201],"tags":[176],"class_list":["post-39665","post","type-post","status-publish","format-standard","has-post-thumbnail","hentry","category-misiones-ad-gentes","tag-misiones-populares"],"yoast_head":"<!-- This site is optimized with the Yoast SEO plugin v26.3 - https:\/\/yoast.com\/wordpress\/plugins\/seo\/ -->\n<title>Misiones populares en Espa\u00f1a, 1975-2000: 1985 - Somos Vicencianos<\/title>\n<meta name=\"robots\" content=\"index, follow, max-snippet:-1, max-image-preview:large, max-video-preview:-1\" \/>\n<link rel=\"canonical\" href=\"http:\/\/vincentians.com\/es\/misiones-populares-en-espana-1975-2000-1985\/\" \/>\n<meta property=\"og:locale\" content=\"es_ES\" \/>\n<meta property=\"og:type\" content=\"article\" \/>\n<meta property=\"og:title\" content=\"Misiones populares en Espa\u00f1a, 1975-2000: 1985 - Somos Vicencianos\" \/>\n<meta property=\"og:description\" content=\"1985 1.- EL HOYO y B\u00c9LMEZ (C\u00f3rdoba): 20 enero-3 febrero. PP. Juli\u00e1n Tobar, Amador S\u00e1ez, Jes\u00fas Lusarreta y Jos\u00e9 Luis Jim\u00e9nez. (An. 1985 y BPM). 2.- ALFARRAS-ANDANI (L\u00e9rida): 23 febrero-10 marzo: PP. Joan Amengual, Jos\u00e9 ... Read More\" \/>\n<meta property=\"og:url\" content=\"http:\/\/vincentians.com\/es\/misiones-populares-en-espana-1975-2000-1985\/\" \/>\n<meta property=\"og:site_name\" content=\"Somos Vicencianos\" \/>\n<meta property=\"article:publisher\" content=\"https:\/\/www.facebook.com\/WeAreVincentians\/\" \/>\n<meta property=\"article:author\" content=\"https:\/\/www.facebook.com\/JavierChento\" \/>\n<meta property=\"article:published_time\" content=\"2014-10-18T06:29:46+00:00\" \/>\n<meta name=\"author\" content=\"Francisco Javier Fern\u00e1ndez Chento\" \/>\n<meta name=\"twitter:card\" content=\"summary_large_image\" \/>\n<meta name=\"twitter:creator\" content=\"@https:\/\/twitter.com\/javierchento\" \/>\n<meta name=\"twitter:site\" content=\"@WeVincentians\" \/>\n<meta name=\"twitter:label1\" content=\"Escrito por\" \/>\n\t<meta name=\"twitter:data1\" content=\"Francisco Javier Fern\u00e1ndez Chento\" \/>\n\t<meta name=\"twitter:label2\" content=\"Tiempo de lectura\" \/>\n\t<meta name=\"twitter:data2\" content=\"2 minutos\" \/>\n<script type=\"application\/ld+json\" class=\"yoast-schema-graph\">{\"@context\":\"https:\/\/schema.org\",\"@graph\":[{\"@type\":\"Article\",\"@id\":\"http:\/\/vincentians.com\/es\/misiones-populares-en-espana-1975-2000-1985\/#article\",\"isPartOf\":{\"@id\":\"http:\/\/vincentians.com\/es\/misiones-populares-en-espana-1975-2000-1985\/\"},\"author\":{\"name\":\"Francisco Javier Fern\u00e1ndez Chento\",\"@id\":\"https:\/\/vincentians.com\/es\/#\/schema\/person\/9623ef4d9aa3b2dfb8c061f1499288f2\"},\"headline\":\"Misiones populares en Espa\u00f1a, 1975-2000: 1985\",\"datePublished\":\"2014-10-18T06:29:46+00:00\",\"mainEntityOfPage\":{\"@id\":\"http:\/\/vincentians.com\/es\/misiones-populares-en-espana-1975-2000-1985\/\"},\"wordCount\":478,\"commentCount\":0,\"publisher\":{\"@id\":\"https:\/\/vincentians.com\/es\/#organization\"},\"image\":{\"@id\":\"http:\/\/vincentians.com\/es\/misiones-populares-en-espana-1975-2000-1985\/#primaryimage\"},\"thumbnailUrl\":\"\",\"keywords\":[\"Misiones Populares\"],\"articleSection\":[\"Misiones \u00abAd gentes\u00bb\"],\"inLanguage\":\"es\",\"potentialAction\":[{\"@type\":\"CommentAction\",\"name\":\"Comment\",\"target\":[\"http:\/\/vincentians.com\/es\/misiones-populares-en-espana-1975-2000-1985\/#respond\"]}]},{\"@type\":\"WebPage\",\"@id\":\"http:\/\/vincentians.com\/es\/misiones-populares-en-espana-1975-2000-1985\/\",\"url\":\"http:\/\/vincentians.com\/es\/misiones-populares-en-espana-1975-2000-1985\/\",\"name\":\"Misiones populares en Espa\u00f1a, 1975-2000: 1985 - Somos Vicencianos\",\"isPartOf\":{\"@id\":\"https:\/\/vincentians.com\/es\/#website\"},\"primaryImageOfPage\":{\"@id\":\"http:\/\/vincentians.com\/es\/misiones-populares-en-espana-1975-2000-1985\/#primaryimage\"},\"image\":{\"@id\":\"http:\/\/vincentians.com\/es\/misiones-populares-en-espana-1975-2000-1985\/#primaryimage\"},\"thumbnailUrl\":\"\",\"datePublished\":\"2014-10-18T06:29:46+00:00\",\"breadcrumb\":{\"@id\":\"http:\/\/vincentians.com\/es\/misiones-populares-en-espana-1975-2000-1985\/#breadcrumb\"},\"inLanguage\":\"es\",\"potentialAction\":[{\"@type\":\"ReadAction\",\"target\":[\"http:\/\/vincentians.com\/es\/misiones-populares-en-espana-1975-2000-1985\/\"]}]},{\"@type\":\"ImageObject\",\"inLanguage\":\"es\",\"@id\":\"http:\/\/vincentians.com\/es\/misiones-populares-en-espana-1975-2000-1985\/#primaryimage\",\"url\":\"\",\"contentUrl\":\"\"},{\"@type\":\"BreadcrumbList\",\"@id\":\"http:\/\/vincentians.com\/es\/misiones-populares-en-espana-1975-2000-1985\/#breadcrumb\",\"itemListElement\":[{\"@type\":\"ListItem\",\"position\":1,\"name\":\"Portada\",\"item\":\"https:\/\/vincentians.com\/es\/\"},{\"@type\":\"ListItem\",\"position\":2,\"name\":\"Misiones populares en Espa\u00f1a, 1975-2000: 1985\"}]},{\"@type\":\"WebSite\",\"@id\":\"https:\/\/vincentians.com\/es\/#website\",\"url\":\"https:\/\/vincentians.com\/es\/\",\"name\":\"Somos Vicencianos\",\"description\":\"Know more to serve more\",\"publisher\":{\"@id\":\"https:\/\/vincentians.com\/es\/#organization\"},\"potentialAction\":[{\"@type\":\"SearchAction\",\"target\":{\"@type\":\"EntryPoint\",\"urlTemplate\":\"https:\/\/vincentians.com\/es\/?s={search_term_string}\"},\"query-input\":{\"@type\":\"PropertyValueSpecification\",\"valueRequired\":true,\"valueName\":\"search_term_string\"}}],\"inLanguage\":\"es\"},{\"@type\":\"Organization\",\"@id\":\"https:\/\/vincentians.com\/es\/#organization\",\"name\":\"The Vincentian Network\",\"url\":\"https:\/\/vincentians.com\/es\/\",\"logo\":{\"@type\":\"ImageObject\",\"inLanguage\":\"es\",\"@id\":\"https:\/\/vincentians.com\/es\/#\/schema\/logo\/image\/\",\"url\":\"https:\/\/i1.wp.com\/vincentians.com\/es\/wp-content\/uploads\/sites\/11\/2016\/06\/Vincentian-Network-logo-big.png?fit=778%2C778\",\"contentUrl\":\"https:\/\/i1.wp.com\/vincentians.com\/es\/wp-content\/uploads\/sites\/11\/2016\/06\/Vincentian-Network-logo-big.png?fit=778%2C778\",\"width\":778,\"height\":778,\"caption\":\"The Vincentian Network\"},\"image\":{\"@id\":\"https:\/\/vincentians.com\/es\/#\/schema\/logo\/image\/\"},\"sameAs\":[\"https:\/\/www.facebook.com\/WeAreVincentians\/\",\"https:\/\/x.com\/WeVincentians\"]},{\"@type\":\"Person\",\"@id\":\"https:\/\/vincentians.com\/es\/#\/schema\/person\/9623ef4d9aa3b2dfb8c061f1499288f2\",\"name\":\"Francisco Javier Fern\u00e1ndez Chento\",\"image\":{\"@type\":\"ImageObject\",\"inLanguage\":\"es\",\"@id\":\"https:\/\/vincentians.com\/es\/#\/schema\/person\/image\/\",\"url\":\"https:\/\/secure.gravatar.com\/avatar\/497d5cde87b4c3d097d0315953521681ba2cd523ee66e5077c3711f7021e65de?s=96&d=mm&r=g\",\"contentUrl\":\"https:\/\/secure.gravatar.com\/avatar\/497d5cde87b4c3d097d0315953521681ba2cd523ee66e5077c3711f7021e65de?s=96&d=mm&r=g\",\"caption\":\"Francisco Javier Fern\u00e1ndez Chento\"},\"description\":\"Director General y cofundador de La Red de Formaci\u00f3n Vicenciana. Javier es laico vicenciano, afiliado a la Congregaci\u00f3n de la Misi\u00f3n y miembro del Equipo de Misiones Populares de la provincia can\u00f3nica de Zaragoza (Espa\u00f1a) de la Congregaci\u00f3n de la Misi\u00f3n. Graduado en la Universidad Oberta de Catalunya con cuatro grados (Asistente de direcci\u00f3n, Gesti\u00f3n Administrativa, Recursos Humanos y Contabilidad Avanzada). Bil\u00edng\u00fce Espa\u00f1ol\/Ingl\u00e9s. gestiona y mantiene varias p\u00e1ginas web cristianas y vicencianas, incluida including La Red de Formaci\u00f3n Vicenciana, de la que es cofundador. Actualmente es responsable del \u00e1rea de Espa\u00f1ol de .famvin, la Red de Noticias de la Familia Vicenciana. Tambi\u00e9n es m\u00fasico cat\u00f3lico y ha editado varios discos. Es Director General y cofundador de Trovador, una reconocida compa\u00f1\u00eda discogr\u00e1fica critiana de Espa\u00f1a. Trabaja en las Tecnolog\u00edas de la Informaci\u00f3n, ofreciendo servicios de alojamiento, dise\u00f1o y mantenimiento Web, as\u00ed como asesoramiento, formaci\u00f3n y soluciones inform\u00e1ticas, gesti\u00f3n documental y digitalizaci\u00f3n de textos, edici\u00f3n y maquetaci\u00f3n de libros, revistas, flyers, etc.\",\"sameAs\":[\"http:\/\/chento.org\",\"https:\/\/www.facebook.com\/JavierChento\",\"https:\/\/x.com\/https:\/\/twitter.com\/javierchento\"],\"url\":\"http:\/\/vincentians.com\/es\/author\/chento\/\"}]}<\/script>\n<!-- \/ Yoast SEO plugin. -->","yoast_head_json":{"title":"Misiones populares en Espa\u00f1a, 1975-2000: 1985 - Somos Vicencianos","robots":{"index":"index","follow":"follow","max-snippet":"max-snippet:-1","max-image-preview":"max-image-preview:large","max-video-preview":"max-video-preview:-1"},"canonical":"http:\/\/vincentians.com\/es\/misiones-populares-en-espana-1975-2000-1985\/","og_locale":"es_ES","og_type":"article","og_title":"Misiones populares en Espa\u00f1a, 1975-2000: 1985 - Somos Vicencianos","og_description":"1985 1.- EL HOYO y B\u00c9LMEZ (C\u00f3rdoba): 20 enero-3 febrero. PP. Juli\u00e1n Tobar, Amador S\u00e1ez, Jes\u00fas Lusarreta y Jos\u00e9 Luis Jim\u00e9nez. (An. 1985 y BPM). 2.- ALFARRAS-ANDANI (L\u00e9rida): 23 febrero-10 marzo: PP. Joan Amengual, Jos\u00e9 ... Read More","og_url":"http:\/\/vincentians.com\/es\/misiones-populares-en-espana-1975-2000-1985\/","og_site_name":"Somos Vicencianos","article_publisher":"https:\/\/www.facebook.com\/WeAreVincentians\/","article_author":"https:\/\/www.facebook.com\/JavierChento","article_published_time":"2014-10-18T06:29:46+00:00","author":"Francisco Javier Fern\u00e1ndez Chento","twitter_card":"summary_large_image","twitter_creator":"@https:\/\/twitter.com\/javierchento","twitter_site":"@WeVincentians","twitter_misc":{"Escrito por":"Francisco Javier Fern\u00e1ndez Chento","Tiempo de lectura":"2 minutos"},"schema":{"@context":"https:\/\/schema.org","@graph":[{"@type":"Article","@id":"http:\/\/vincentians.com\/es\/misiones-populares-en-espana-1975-2000-1985\/#article","isPartOf":{"@id":"http:\/\/vincentians.com\/es\/misiones-populares-en-espana-1975-2000-1985\/"},"author":{"name":"Francisco Javier Fern\u00e1ndez Chento","@id":"https:\/\/vincentians.com\/es\/#\/schema\/person\/9623ef4d9aa3b2dfb8c061f1499288f2"},"headline":"Misiones populares en Espa\u00f1a, 1975-2000: 1985","datePublished":"2014-10-18T06:29:46+00:00","mainEntityOfPage":{"@id":"http:\/\/vincentians.com\/es\/misiones-populares-en-espana-1975-2000-1985\/"},"wordCount":478,"commentCount":0,"publisher":{"@id":"https:\/\/vincentians.com\/es\/#organization"},"image":{"@id":"http:\/\/vincentians.com\/es\/misiones-populares-en-espana-1975-2000-1985\/#primaryimage"},"thumbnailUrl":"","keywords":["Misiones Populares"],"articleSection":["Misiones \u00abAd gentes\u00bb"],"inLanguage":"es","potentialAction":[{"@type":"CommentAction","name":"Comment","target":["http:\/\/vincentians.com\/es\/misiones-populares-en-espana-1975-2000-1985\/#respond"]}]},{"@type":"WebPage","@id":"http:\/\/vincentians.com\/es\/misiones-populares-en-espana-1975-2000-1985\/","url":"http:\/\/vincentians.com\/es\/misiones-populares-en-espana-1975-2000-1985\/","name":"Misiones populares en Espa\u00f1a, 1975-2000: 1985 - Somos Vicencianos","isPartOf":{"@id":"https:\/\/vincentians.com\/es\/#website"},"primaryImageOfPage":{"@id":"http:\/\/vincentians.com\/es\/misiones-populares-en-espana-1975-2000-1985\/#primaryimage"},"image":{"@id":"http:\/\/vincentians.com\/es\/misiones-populares-en-espana-1975-2000-1985\/#primaryimage"},"thumbnailUrl":"","datePublished":"2014-10-18T06:29:46+00:00","breadcrumb":{"@id":"http:\/\/vincentians.com\/es\/misiones-populares-en-espana-1975-2000-1985\/#breadcrumb"},"inLanguage":"es","potentialAction":[{"@type":"ReadAction","target":["http:\/\/vincentians.com\/es\/misiones-populares-en-espana-1975-2000-1985\/"]}]},{"@type":"ImageObject","inLanguage":"es","@id":"http:\/\/vincentians.com\/es\/misiones-populares-en-espana-1975-2000-1985\/#primaryimage","url":"","contentUrl":""},{"@type":"BreadcrumbList","@id":"http:\/\/vincentians.com\/es\/misiones-populares-en-espana-1975-2000-1985\/#breadcrumb","itemListElement":[{"@type":"ListItem","position":1,"name":"Portada","item":"https:\/\/vincentians.com\/es\/"},{"@type":"ListItem","position":2,"name":"Misiones populares en Espa\u00f1a, 1975-2000: 1985"}]},{"@type":"WebSite","@id":"https:\/\/vincentians.com\/es\/#website","url":"https:\/\/vincentians.com\/es\/","name":"Somos Vicencianos","description":"Know more to serve more","publisher":{"@id":"https:\/\/vincentians.com\/es\/#organization"},"potentialAction":[{"@type":"SearchAction","target":{"@type":"EntryPoint","urlTemplate":"https:\/\/vincentians.com\/es\/?s={search_term_string}"},"query-input":{"@type":"PropertyValueSpecification","valueRequired":true,"valueName":"search_term_string"}}],"inLanguage":"es"},{"@type":"Organization","@id":"https:\/\/vincentians.com\/es\/#organization","name":"The Vincentian Network","url":"https:\/\/vincentians.com\/es\/","logo":{"@type":"ImageObject","inLanguage":"es","@id":"https:\/\/vincentians.com\/es\/#\/schema\/logo\/image\/","url":"https:\/\/i1.wp.com\/vincentians.com\/es\/wp-content\/uploads\/sites\/11\/2016\/06\/Vincentian-Network-logo-big.png?fit=778%2C778","contentUrl":"https:\/\/i1.wp.com\/vincentians.com\/es\/wp-content\/uploads\/sites\/11\/2016\/06\/Vincentian-Network-logo-big.png?fit=778%2C778","width":778,"height":778,"caption":"The Vincentian Network"},"image":{"@id":"https:\/\/vincentians.com\/es\/#\/schema\/logo\/image\/"},"sameAs":["https:\/\/www.facebook.com\/WeAreVincentians\/","https:\/\/x.com\/WeVincentians"]},{"@type":"Person","@id":"https:\/\/vincentians.com\/es\/#\/schema\/person\/9623ef4d9aa3b2dfb8c061f1499288f2","name":"Francisco Javier Fern\u00e1ndez Chento","image":{"@type":"ImageObject","inLanguage":"es","@id":"https:\/\/vincentians.com\/es\/#\/schema\/person\/image\/","url":"https:\/\/secure.gravatar.com\/avatar\/497d5cde87b4c3d097d0315953521681ba2cd523ee66e5077c3711f7021e65de?s=96&d=mm&r=g","contentUrl":"https:\/\/secure.gravatar.com\/avatar\/497d5cde87b4c3d097d0315953521681ba2cd523ee66e5077c3711f7021e65de?s=96&d=mm&r=g","caption":"Francisco Javier Fern\u00e1ndez Chento"},"description":"Director General y cofundador de La Red de Formaci\u00f3n Vicenciana. Javier es laico vicenciano, afiliado a la Congregaci\u00f3n de la Misi\u00f3n y miembro del Equipo de Misiones Populares de la provincia can\u00f3nica de Zaragoza (Espa\u00f1a) de la Congregaci\u00f3n de la Misi\u00f3n. Graduado en la Universidad Oberta de Catalunya con cuatro grados (Asistente de direcci\u00f3n, Gesti\u00f3n Administrativa, Recursos Humanos y Contabilidad Avanzada). Bil\u00edng\u00fce Espa\u00f1ol\/Ingl\u00e9s. gestiona y mantiene varias p\u00e1ginas web cristianas y vicencianas, incluida including La Red de Formaci\u00f3n Vicenciana, de la que es cofundador. Actualmente es responsable del \u00e1rea de Espa\u00f1ol de .famvin, la Red de Noticias de la Familia Vicenciana. Tambi\u00e9n es m\u00fasico cat\u00f3lico y ha editado varios discos. Es Director General y cofundador de Trovador, una reconocida compa\u00f1\u00eda discogr\u00e1fica critiana de Espa\u00f1a. Trabaja en las Tecnolog\u00edas de la Informaci\u00f3n, ofreciendo servicios de alojamiento, dise\u00f1o y mantenimiento Web, as\u00ed como asesoramiento, formaci\u00f3n y soluciones inform\u00e1ticas, gesti\u00f3n documental y digitalizaci\u00f3n de textos, edici\u00f3n y maquetaci\u00f3n de libros, revistas, flyers, etc.","sameAs":["http:\/\/chento.org","https:\/\/www.facebook.com\/JavierChento","https:\/\/x.com\/https:\/\/twitter.com\/javierchento"],"url":"http:\/\/vincentians.com\/es\/author\/chento\/"}]}},"jetpack_publicize_connections":[],"jetpack_featured_media_url":"","jetpack_sharing_enabled":true,"jetpack_shortlink":"https:\/\/wp.me\/p7ETMF-ajL","jetpack-related-posts":[{"id":39667,"url":"http:\/\/vincentians.com\/es\/misiones-populares-en-espana-1975-2000-1987\/","url_meta":{"origin":39665,"position":0},"title":"Misiones populares en Espa\u00f1a, 1975-2000: 1987","author":"Francisco Javier Fern\u00e1ndez Chento","date":"29\/10\/2014","format":false,"excerpt":"1987 \u00a0 1.- COLINDRES y LIMPIAS (Cantabria): 18 enero-1 febrero. PP. Jos\u00e9 Luis Cort\u00e1zar, Celestino Fern\u00e1ndez, Florentino Villanueva y Eugenio G. Espinosa. (An. 1987 y BPM). Junto con varias HH. de la C. 2.- RIBAFORADA (Navarra): Febrero: PP. Generoso Guembe, Ander Arregui, Pablo Dom\u00ednguez y Luis M\u00aa Mnez. San Juan.\u2026","rel":"","context":"En \u00abMisiones \u00abAd gentes\u00bb\u00bb","block_context":{"text":"Misiones \u00abAd gentes\u00bb","link":"http:\/\/vincentians.com\/es\/category\/servicios-y-ministerios\/misiones-ad-gentes\/"},"img":{"alt_text":"","src":"","width":0,"height":0},"classes":[]},{"id":39676,"url":"http:\/\/vincentians.com\/es\/misiones-populares-en-espana-1975-2000-1996\/","url_meta":{"origin":39665,"position":1},"title":"Misiones populares en Espa\u00f1a, 1975-2000: 1996","author":"Francisco Javier Fern\u00e1ndez Chento","date":"03\/12\/2014","format":false,"excerpt":"1996 1.- LODOSA (Navarra): 15 enero-11 febrero. PP. \u00c1ngel Pereda, Jes\u00fas M\u00aa Eg\u00fc\u00e9s, Marino Marco\u00a0 y Luis M\u00aa Mnez. San Juan. (An. 1996 y BPM) Junto con varias HH. de la C. y seglares 2.- TABERNA y BOLULLA (Alicante): 21 enero-4 febrero. PP. Juan Amengual y Vicente Natzer. (An. 1996\u2026","rel":"","context":"En \u00abMisiones \u00abAd gentes\u00bb\u00bb","block_context":{"text":"Misiones \u00abAd gentes\u00bb","link":"http:\/\/vincentians.com\/es\/category\/servicios-y-ministerios\/misiones-ad-gentes\/"},"img":{"alt_text":"","src":"","width":0,"height":0},"classes":[]},{"id":39664,"url":"http:\/\/vincentians.com\/es\/misiones-populares-en-espana-1975-2000-1984\/","url_meta":{"origin":39665,"position":2},"title":"Misiones populares en Espa\u00f1a, 1975-2000: 1984","author":"Francisco Javier Fern\u00e1ndez Chento","date":"17\/10\/2014","format":false,"excerpt":"1984 1.- LA PINILLA y LOS CAMPILLOS (Murcia): 8-22 enero. PP. Luis Mnez. San Juan y \u00c1ngel Aoiz. (An.1984 y BPZ). Utilizamos el temario que hizo el P. Jaime Corera hace unos a\u00f1os. HHCC. Junto a tres HH. de la C. 2.- ZONA DE GRANADA: 22 enero-5 febrero. La R\u00e1bita,\u2026","rel":"","context":"En \u00abMisiones \u00abAd gentes\u00bb\u00bb","block_context":{"text":"Misiones \u00abAd gentes\u00bb","link":"http:\/\/vincentians.com\/es\/category\/servicios-y-ministerios\/misiones-ad-gentes\/"},"img":{"alt_text":"Las Quintanillas","src":"https:\/\/i0.wp.com\/vicencianos.org\/wp-content\/2011\/05\/Quintanillas-300x201.jpg?resize=350%2C200","width":350,"height":200},"classes":[]},{"id":39679,"url":"http:\/\/vincentians.com\/es\/misiones-populares-en-espana-1975-2000-1999\/","url_meta":{"origin":39665,"position":3},"title":"Misiones populares en Espa\u00f1a, 1975-2000: 1999","author":"Francisco Javier Fern\u00e1ndez Chento","date":"10\/12\/2014","format":false,"excerpt":"1999 \u00a0 \u00a0 1.- SISANTE y TEATINOS (Cuenca): 17 enero ... PP. Javier Mnez. Sanjuan, Jos\u00e9 Luis Crespo, Bienvenido Gonz\u00e1lez, Luis M\u00aa Mnez. Sanjuan, Jes\u00fas M\u00aa Egues y Jes\u00fas Arellano. (An.1999 y BPZ). Junto con HH. de la C. y seglares. \u00a0 2.- PARROQUIA DE LA FUENSANTA (C\u00f3rdoba): 21 enero-7\u2026","rel":"","context":"En \u00abMisiones \u00abAd gentes\u00bb\u00bb","block_context":{"text":"Misiones \u00abAd gentes\u00bb","link":"http:\/\/vincentians.com\/es\/category\/servicios-y-ministerios\/misiones-ad-gentes\/"},"img":{"alt_text":"","src":"","width":0,"height":0},"classes":[]},{"id":39680,"url":"http:\/\/vincentians.com\/es\/misiones-populares-en-espana-1975-2000-2000\/","url_meta":{"origin":39665,"position":4},"title":"Misiones populares en Espa\u00f1a, 1975-2000: 2000","author":"Francisco Javier Fern\u00e1ndez Chento","date":"16\/12\/2014","format":false,"excerpt":"2000 1.- PARROQUIAS DE SAN BARTOLOM\u00c9, SANTA MAR\u00cdA y SAN PEDRO (Benicarl\u00f3, Tarragona): 15 enero-5 febrero. PP. Jos\u00e9 Vicente Nacher, Jos\u00e9 Mulet, Amador \u00a0Bauza, Pedro G\u00f3mez, Miguel Garc\u00eda, Jos\u00e9 Luis L\u00f3pez, Jos\u00e9 Miguel S\u00e1nchez y \u00c1ngel Sola. (An.2000 y BPB). Junto a HH. de la C. y j\u00f3venes de JMV\u2026","rel":"","context":"En \u00abMisiones \u00abAd gentes\u00bb\u00bb","block_context":{"text":"Misiones \u00abAd gentes\u00bb","link":"http:\/\/vincentians.com\/es\/category\/servicios-y-ministerios\/misiones-ad-gentes\/"},"img":{"alt_text":"","src":"","width":0,"height":0},"classes":[]},{"id":39671,"url":"http:\/\/vincentians.com\/es\/misiones-populares-en-espana-1975-2000-1991\/","url_meta":{"origin":39665,"position":5},"title":"Misiones populares en Espa\u00f1a, 1975-2000: 1991","author":"Francisco Javier Fern\u00e1ndez Chento","date":"13\/11\/2014","format":false,"excerpt":"1991 1.- TRES PARROQUIAS (Huelva): 10-26 enero. PP. Julio Herrero, Jes\u00fas Rdez. Rico, Te\u00f3filo Ordo\u00f1ez, Eutiquio Garc\u00eda, Jos\u00e9 Gonzalo, Manuel Freire, Fabriciano Prado, Andr\u00e9s Pato, Rafael Carracedo, Jos\u00e9 Capitas, Pedro Pascual, Juan Velasco, \u00c1ngel Oyanguren, \u00c1ngel Aoiz y Baltasar Indurain. (An. 1991, BPZ,\u00a0 BPM y BPS). Junto con varias HH.\u2026","rel":"","context":"En \u00abMisiones \u00abAd gentes\u00bb\u00bb","block_context":{"text":"Misiones \u00abAd gentes\u00bb","link":"http:\/\/vincentians.com\/es\/category\/servicios-y-ministerios\/misiones-ad-gentes\/"},"img":{"alt_text":"Horche","src":"https:\/\/i0.wp.com\/vicencianos.org\/wp-content\/2011\/05\/Horche-300x204.jpg?resize=350%2C200","width":350,"height":200},"classes":[]}],"_links":{"self":[{"href":"http:\/\/vincentians.com\/es\/wp-json\/wp\/v2\/posts\/39665","targetHints":{"allow":["GET"]}}],"collection":[{"href":"http:\/\/vincentians.com\/es\/wp-json\/wp\/v2\/posts"}],"about":[{"href":"http:\/\/vincentians.com\/es\/wp-json\/wp\/v2\/types\/post"}],"author":[{"embeddable":true,"href":"http:\/\/vincentians.com\/es\/wp-json\/wp\/v2\/users\/4"}],"replies":[{"embeddable":true,"href":"http:\/\/vincentians.com\/es\/wp-json\/wp\/v2\/comments?post=39665"}],"version-history":[{"count":0,"href":"http:\/\/vincentians.com\/es\/wp-json\/wp\/v2\/posts\/39665\/revisions"}],"wp:featuredmedia":[{"embeddable":true,"href":"http:\/\/vincentians.com\/es\/wp-json\/"}],"wp:attachment":[{"href":"http:\/\/vincentians.com\/es\/wp-json\/wp\/v2\/media?parent=39665"}],"wp:term":[{"taxonomy":"category","embeddable":true,"href":"http:\/\/vincentians.com\/es\/wp-json\/wp\/v2\/categories?post=39665"},{"taxonomy":"post_tag","embeddable":true,"href":"http:\/\/vincentians.com\/es\/wp-json\/wp\/v2\/tags?post=39665"}],"curies":[{"name":"wp","href":"https:\/\/api.w.org\/{rel}","templated":true}]}}